{"id":85,"date":"2012-09-06T15:39:29","date_gmt":"2012-09-06T15:39:29","guid":{"rendered":"http:\/\/www.quotidianopiemontese.it\/volareinpiemonte\/?p=85"},"modified":"2012-09-06T15:40:34","modified_gmt":"2012-09-06T15:40:34","slug":"per-fly-torino-laeroporto-di-caselle-e-stato-condannato-dalla-politica-a-ruolo-di-scalo-regionale","status":"publish","type":"post","link":"https:\/\/web.quotidianopiemontese.it\/volareinpiemonte\/per-fly-torino-laeroporto-di-caselle-e-stato-condannato-dalla-politica-a-ruolo-di-scalo-regionale\/","title":{"rendered":"Per Fly Torino l&#8217;aeroporto di Caselle \u00e8 stato condannato dalla politica a ruolo di scalo regionale"},"content":{"rendered":"<p>L&#8217;associazione <a href=\"http:\/\/www.flytorino.it\/\">Fly Torino<\/a>, lancia un grido d&#8217;allarme per l&#8217;aeroporto torinese: &#8220;L&#8217;aeroporto di Caselle \u00e8 stato condannato dalla politica al ruolo di scalo regionale, non pi\u00f9 in grado di soddisfare appieno nemmeno le esigenze dei viaggiatori business&#8221;.\u00a0\u00a0Fly Torino cita i <a href=\"http:\/\/www.flytorino.it\/ita\/aeroporto\/statistiche_trn.asp\">dati di Assaeroporti<\/a>: &#8220;Caselle a luglio ha avuto una flessione di passeggeri del 4,3% rispetto allo stesso mese del 2011 e nei primi sette mesi dell&#8217;anno solo gennaio ha fatto registrare un saldo positivo, uno striminzito +0,1%&#8221;.\u00a0Per l&#8217;associazione la prospettive a fine anno &#8220;\u00e8 quella di una posizione ancora pi\u00f9 marginale, logica conseguenza della politica di stasi che ha caratterizzato gli ultimi anni&#8221;, pi\u00f9 determinante, secondo Fly Torino anche &#8220;dei fattori esogeni, come il fallimento di Windjet. <!--more-->L&#8217;accessibil\u00e0 turistica di Torino \u00e8 ormai ai minimi &#8211; aggiunge l&#8217;associazione &#8211; tanto che portali turistici di livello mondiale rilevano che, per raggiungere la citt\u00e0, pu\u00f2 essere pi\u00f9 conveniente atterrare a Malpensa. La speranza \u00e8 che i tempi previsti per l&#8217;acquisizione dello scalo non si dilatino oltremodo e che, pertanto, il nuovo azionista delinei in fretta le iniziative da intraprendere&#8221;<\/p>\n","protected":false},"excerpt":{"rendered":"<p>L&#8217;associazione Fly Torino, lancia un grido d&#8217;allarme per l&#8217;aeroporto torinese: &#8220;L&#8217;aeroporto di Caselle \u00e8 stato condannato dalla politica al ruolo di scalo regionale, non pi\u00f9 in grado di soddisfare appieno nemmeno le esigenze dei viaggiatori business&#8221;.\u00a0\u00a0Fly Torino cita i dati di Assaeroporti: &#8220;Caselle a luglio ha avuto una flessione di passeggeri del 4,3% rispetto allo &hellip; <a href=\"https:\/\/web.quotidianopiemontese.it\/volareinpiemonte\/per-fly-torino-laeroporto-di-caselle-e-stato-condannato-dalla-politica-a-ruolo-di-scalo-regionale\/\" class=\"more-link\">Leggi tutto<span class=\"screen-reader-text\"> &#8220;Per Fly Torino l&#8217;aeroporto di Caselle \u00e8 stato condannato dalla politica a ruolo di scalo regionale&#8221;<\/span><\/a><\/p>\n","protected":false},"author":1,"featured_media":0,"comment_status":"open","ping_status":"closed","sticky":false,"template":"","format":"standard","meta":{"footnotes":""},"categories":[1],"tags":[3,20],"class_list":["post-85","post","type-post","status-publish","format-standard","hentry","category-volare-in-piemonte","tag-caselle","tag-torino"],"yoast_head":"<!-- This site is optimized with the Yoast SEO plugin v27.1.1 - https:\/\/yoast.com\/product\/yoast-seo-wordpress\/ -->\n<title>Per Fly Torino l&#039;aeroporto di Caselle \u00e8 stato condannato dalla politica a ruolo di scalo regionale - Volare in Piemonte<\/title>\n<meta name=\"description\" content=\"L&#039;associazione Fly Torino, lancia un grido d&#039;allarme per l&#039;aeroporto torinese: &quot;L&#039;aeroporto di Caselle \u00e8 stato condannato dalla politica al ruolo di scalo\" \/>\n<meta name=\"robots\" content=\"index, follow, max-snippet:-1, max-image-preview:large, max-video-preview:-1\" \/>\n<link rel=\"canonical\" href=\"http:\/\/web.quotidianopiemontese.it\/volareinpiemonte\/per-fly-torino-laeroporto-di-caselle-e-stato-condannato-dalla-politica-a-ruolo-di-scalo-regionale\/\" \/>\n<meta property=\"og:locale\" content=\"it_IT\" \/>\n<meta property=\"og:type\" content=\"article\" \/>\n<meta property=\"og:title\" content=\"Per Fly Torino l&#039;aeroporto di Caselle \u00e8 stato condannato dalla politica a ruolo di scalo regionale - Volare in Piemonte\" \/>\n<meta property=\"og:description\" content=\"L&#039;associazione Fly Torino, lancia un grido d&#039;allarme per l&#039;aeroporto torinese: &quot;L&#039;aeroporto di Caselle \u00e8 stato condannato dalla politica al ruolo di scalo\" \/>\n<meta property=\"og:url\" content=\"http:\/\/web.quotidianopiemontese.it\/volareinpiemonte\/per-fly-torino-laeroporto-di-caselle-e-stato-condannato-dalla-politica-a-ruolo-di-scalo-regionale\/\" \/>\n<meta property=\"og:site_name\" content=\"Volare in Piemonte\" \/>\n<meta property=\"article:publisher\" content=\"https:\/\/www.facebook.com\/quotidianopiemontese?fref=ts\" \/>\n<meta property=\"article:author\" content=\"https:\/\/www.facebook.com\/quotidianopiemontese\" \/>\n<meta property=\"article:published_time\" content=\"2012-09-06T15:39:29+00:00\" \/>\n<meta property=\"article:modified_time\" content=\"2012-09-06T15:40:34+00:00\" \/>\n<meta name=\"author\" content=\"Redazione\" \/>\n<meta name=\"twitter:label1\" content=\"Scritto da\" \/>\n\t<meta name=\"twitter:data1\" content=\"Redazione\" \/>\n\t<meta name=\"twitter:label2\" content=\"Tempo di lettura stimato\" \/>\n\t<meta name=\"twitter:data2\" content=\"1 minuto\" \/>\n<script type=\"application\/ld+json\" class=\"yoast-schema-graph\">{\"@context\":\"https:\/\/schema.org\",\"@graph\":[{\"@type\":\"Article\",\"@id\":\"http:\/\/web.quotidianopiemontese.it\/volareinpiemonte\/per-fly-torino-laeroporto-di-caselle-e-stato-condannato-dalla-politica-a-ruolo-di-scalo-regionale\/#article\",\"isPartOf\":{\"@id\":\"http:\/\/web.quotidianopiemontese.it\/volareinpiemonte\/per-fly-torino-laeroporto-di-caselle-e-stato-condannato-dalla-politica-a-ruolo-di-scalo-regionale\/\"},\"author\":{\"name\":\"Redazione\",\"@id\":\"https:\/\/web.quotidianopiemontese.it\/volareinpiemonte\/#\/schema\/person\/92b86f27cfe3bd649bd878d4f9c88190\"},\"headline\":\"Per Fly Torino l&#8217;aeroporto di Caselle \u00e8 stato condannato dalla politica a ruolo di scalo regionale\",\"datePublished\":\"2012-09-06T15:39:29+00:00\",\"dateModified\":\"2012-09-06T15:40:34+00:00\",\"mainEntityOfPage\":{\"@id\":\"http:\/\/web.quotidianopiemontese.it\/volareinpiemonte\/per-fly-torino-laeroporto-di-caselle-e-stato-condannato-dalla-politica-a-ruolo-di-scalo-regionale\/\"},\"wordCount\":196,\"commentCount\":0,\"keywords\":[\"caselle\",\"torino\"],\"articleSection\":[\"Volare in Piemonte\"],\"inLanguage\":\"it-IT\",\"potentialAction\":[{\"@type\":\"CommentAction\",\"name\":\"Comment\",\"target\":[\"http:\/\/web.quotidianopiemontese.it\/volareinpiemonte\/per-fly-torino-laeroporto-di-caselle-e-stato-condannato-dalla-politica-a-ruolo-di-scalo-regionale\/#respond\"]}]},{\"@type\":\"WebPage\",\"@id\":\"http:\/\/web.quotidianopiemontese.it\/volareinpiemonte\/per-fly-torino-laeroporto-di-caselle-e-stato-condannato-dalla-politica-a-ruolo-di-scalo-regionale\/\",\"url\":\"http:\/\/web.quotidianopiemontese.it\/volareinpiemonte\/per-fly-torino-laeroporto-di-caselle-e-stato-condannato-dalla-politica-a-ruolo-di-scalo-regionale\/\",\"name\":\"Per Fly Torino l'aeroporto di Caselle \u00e8 stato condannato dalla politica a ruolo di scalo regionale - Volare in Piemonte\",\"isPartOf\":{\"@id\":\"https:\/\/web.quotidianopiemontese.it\/volareinpiemonte\/#website\"},\"datePublished\":\"2012-09-06T15:39:29+00:00\",\"dateModified\":\"2012-09-06T15:40:34+00:00\",\"author\":{\"@id\":\"https:\/\/web.quotidianopiemontese.it\/volareinpiemonte\/#\/schema\/person\/92b86f27cfe3bd649bd878d4f9c88190\"},\"description\":\"L'associazione Fly Torino, lancia un grido d'allarme per l'aeroporto torinese: \\\"L'aeroporto di Caselle \u00e8 stato condannato dalla politica al ruolo di scalo\",\"breadcrumb\":{\"@id\":\"http:\/\/web.quotidianopiemontese.it\/volareinpiemonte\/per-fly-torino-laeroporto-di-caselle-e-stato-condannato-dalla-politica-a-ruolo-di-scalo-regionale\/#breadcrumb\"},\"inLanguage\":\"it-IT\",\"potentialAction\":[{\"@type\":\"ReadAction\",\"target\":[\"http:\/\/web.quotidianopiemontese.it\/volareinpiemonte\/per-fly-torino-laeroporto-di-caselle-e-stato-condannato-dalla-politica-a-ruolo-di-scalo-regionale\/\"]}]},{\"@type\":\"BreadcrumbList\",\"@id\":\"http:\/\/web.quotidianopiemontese.it\/volareinpiemonte\/per-fly-torino-laeroporto-di-caselle-e-stato-condannato-dalla-politica-a-ruolo-di-scalo-regionale\/#breadcrumb\",\"itemListElement\":[{\"@type\":\"ListItem\",\"position\":1,\"name\":\"Home\",\"item\":\"https:\/\/web.quotidianopiemontese.it\/volareinpiemonte\/\"},{\"@type\":\"ListItem\",\"position\":2,\"name\":\"Per Fly Torino l&#8217;aeroporto di Caselle \u00e8 stato condannato dalla politica a ruolo di scalo regionale\"}]},{\"@type\":\"WebSite\",\"@id\":\"https:\/\/web.quotidianopiemontese.it\/volareinpiemonte\/#website\",\"url\":\"https:\/\/web.quotidianopiemontese.it\/volareinpiemonte\/\",\"name\":\"Volare in Piemonte\",\"description\":\"Quotidiano Piemontese\",\"potentialAction\":[{\"@type\":\"SearchAction\",\"target\":{\"@type\":\"EntryPoint\",\"urlTemplate\":\"https:\/\/web.quotidianopiemontese.it\/volareinpiemonte\/?s={search_term_string}\"},\"query-input\":{\"@type\":\"PropertyValueSpecification\",\"valueRequired\":true,\"valueName\":\"search_term_string\"}}],\"inLanguage\":\"it-IT\"},{\"@type\":\"Person\",\"@id\":\"https:\/\/web.quotidianopiemontese.it\/volareinpiemonte\/#\/schema\/person\/92b86f27cfe3bd649bd878d4f9c88190\",\"name\":\"Redazione\",\"image\":{\"@type\":\"ImageObject\",\"inLanguage\":\"it-IT\",\"@id\":\"https:\/\/web.quotidianopiemontese.it\/volareinpiemonte\/#\/schema\/person\/image\/\",\"url\":\"https:\/\/secure.gravatar.com\/avatar\/fdce1b5a74767a43870aca54b0800bed88aab98b8098f69ac252d11aec8cdbe7?s=96&d=mm&r=g\",\"contentUrl\":\"https:\/\/secure.gravatar.com\/avatar\/fdce1b5a74767a43870aca54b0800bed88aab98b8098f69ac252d11aec8cdbe7?s=96&d=mm&r=g\",\"caption\":\"Redazione\"},\"description\":\"Quotidiano Piemontese: il sito di informazione pi\u00f9 letto del Piemonte : libero, tempestivo indipendente, social. L'hub sociale e informativo del Piemonte\",\"sameAs\":[\"http:\/\/www.quotidianopiemontese.it\/\",\"https:\/\/www.facebook.com\/quotidianopiemontese\",\"https:\/\/x.com\/quotidianopiem\"],\"url\":\"https:\/\/web.quotidianopiemontese.it\/volareinpiemonte\/author\/administrator\/\"}]}<\/script>\n<!-- \/ Yoast SEO plugin. -->","yoast_head_json":{"title":"Per Fly Torino l'aeroporto di Caselle \u00e8 stato condannato dalla politica a ruolo di scalo regionale - Volare in Piemonte","description":"L'associazione Fly Torino, lancia un grido d'allarme per l'aeroporto torinese: \"L'aeroporto di Caselle \u00e8 stato condannato dalla politica al ruolo di scalo","robots":{"index":"index","follow":"follow","max-snippet":"max-snippet:-1","max-image-preview":"max-image-preview:large","max-video-preview":"max-video-preview:-1"},"canonical":"http:\/\/web.quotidianopiemontese.it\/volareinpiemonte\/per-fly-torino-laeroporto-di-caselle-e-stato-condannato-dalla-politica-a-ruolo-di-scalo-regionale\/","og_locale":"it_IT","og_type":"article","og_title":"Per Fly Torino l'aeroporto di Caselle \u00e8 stato condannato dalla politica a ruolo di scalo regionale - Volare in Piemonte","og_description":"L'associazione Fly Torino, lancia un grido d'allarme per l'aeroporto torinese: \"L'aeroporto di Caselle \u00e8 stato condannato dalla politica al ruolo di scalo","og_url":"http:\/\/web.quotidianopiemontese.it\/volareinpiemonte\/per-fly-torino-laeroporto-di-caselle-e-stato-condannato-dalla-politica-a-ruolo-di-scalo-regionale\/","og_site_name":"Volare in Piemonte","article_publisher":"https:\/\/www.facebook.com\/quotidianopiemontese?fref=ts","article_author":"https:\/\/www.facebook.com\/quotidianopiemontese","article_published_time":"2012-09-06T15:39:29+00:00","article_modified_time":"2012-09-06T15:40:34+00:00","author":"Redazione","twitter_misc":{"Scritto da":"Redazione","Tempo di lettura stimato":"1 minuto"},"schema":{"@context":"https:\/\/schema.org","@graph":[{"@type":"Article","@id":"http:\/\/web.quotidianopiemontese.it\/volareinpiemonte\/per-fly-torino-laeroporto-di-caselle-e-stato-condannato-dalla-politica-a-ruolo-di-scalo-regionale\/#article","isPartOf":{"@id":"http:\/\/web.quotidianopiemontese.it\/volareinpiemonte\/per-fly-torino-laeroporto-di-caselle-e-stato-condannato-dalla-politica-a-ruolo-di-scalo-regionale\/"},"author":{"name":"Redazione","@id":"https:\/\/web.quotidianopiemontese.it\/volareinpiemonte\/#\/schema\/person\/92b86f27cfe3bd649bd878d4f9c88190"},"headline":"Per Fly Torino l&#8217;aeroporto di Caselle \u00e8 stato condannato dalla politica a ruolo di scalo regionale","datePublished":"2012-09-06T15:39:29+00:00","dateModified":"2012-09-06T15:40:34+00:00","mainEntityOfPage":{"@id":"http:\/\/web.quotidianopiemontese.it\/volareinpiemonte\/per-fly-torino-laeroporto-di-caselle-e-stato-condannato-dalla-politica-a-ruolo-di-scalo-regionale\/"},"wordCount":196,"commentCount":0,"keywords":["caselle","torino"],"articleSection":["Volare in Piemonte"],"inLanguage":"it-IT","potentialAction":[{"@type":"CommentAction","name":"Comment","target":["http:\/\/web.quotidianopiemontese.it\/volareinpiemonte\/per-fly-torino-laeroporto-di-caselle-e-stato-condannato-dalla-politica-a-ruolo-di-scalo-regionale\/#respond"]}]},{"@type":"WebPage","@id":"http:\/\/web.quotidianopiemontese.it\/volareinpiemonte\/per-fly-torino-laeroporto-di-caselle-e-stato-condannato-dalla-politica-a-ruolo-di-scalo-regionale\/","url":"http:\/\/web.quotidianopiemontese.it\/volareinpiemonte\/per-fly-torino-laeroporto-di-caselle-e-stato-condannato-dalla-politica-a-ruolo-di-scalo-regionale\/","name":"Per Fly Torino l'aeroporto di Caselle \u00e8 stato condannato dalla politica a ruolo di scalo regionale - Volare in Piemonte","isPartOf":{"@id":"https:\/\/web.quotidianopiemontese.it\/volareinpiemonte\/#website"},"datePublished":"2012-09-06T15:39:29+00:00","dateModified":"2012-09-06T15:40:34+00:00","author":{"@id":"https:\/\/web.quotidianopiemontese.it\/volareinpiemonte\/#\/schema\/person\/92b86f27cfe3bd649bd878d4f9c88190"},"description":"L'associazione Fly Torino, lancia un grido d'allarme per l'aeroporto torinese: \"L'aeroporto di Caselle \u00e8 stato condannato dalla politica al ruolo di scalo","breadcrumb":{"@id":"http:\/\/web.quotidianopiemontese.it\/volareinpiemonte\/per-fly-torino-laeroporto-di-caselle-e-stato-condannato-dalla-politica-a-ruolo-di-scalo-regionale\/#breadcrumb"},"inLanguage":"it-IT","potentialAction":[{"@type":"ReadAction","target":["http:\/\/web.quotidianopiemontese.it\/volareinpiemonte\/per-fly-torino-laeroporto-di-caselle-e-stato-condannato-dalla-politica-a-ruolo-di-scalo-regionale\/"]}]},{"@type":"BreadcrumbList","@id":"http:\/\/web.quotidianopiemontese.it\/volareinpiemonte\/per-fly-torino-laeroporto-di-caselle-e-stato-condannato-dalla-politica-a-ruolo-di-scalo-regionale\/#breadcrumb","itemListElement":[{"@type":"ListItem","position":1,"name":"Home","item":"https:\/\/web.quotidianopiemontese.it\/volareinpiemonte\/"},{"@type":"ListItem","position":2,"name":"Per Fly Torino l&#8217;aeroporto di Caselle \u00e8 stato condannato dalla politica a ruolo di scalo regionale"}]},{"@type":"WebSite","@id":"https:\/\/web.quotidianopiemontese.it\/volareinpiemonte\/#website","url":"https:\/\/web.quotidianopiemontese.it\/volareinpiemonte\/","name":"Volare in Piemonte","description":"Quotidiano Piemontese","potentialAction":[{"@type":"SearchAction","target":{"@type":"EntryPoint","urlTemplate":"https:\/\/web.quotidianopiemontese.it\/volareinpiemonte\/?s={search_term_string}"},"query-input":{"@type":"PropertyValueSpecification","valueRequired":true,"valueName":"search_term_string"}}],"inLanguage":"it-IT"},{"@type":"Person","@id":"https:\/\/web.quotidianopiemontese.it\/volareinpiemonte\/#\/schema\/person\/92b86f27cfe3bd649bd878d4f9c88190","name":"Redazione","image":{"@type":"ImageObject","inLanguage":"it-IT","@id":"https:\/\/web.quotidianopiemontese.it\/volareinpiemonte\/#\/schema\/person\/image\/","url":"https:\/\/secure.gravatar.com\/avatar\/fdce1b5a74767a43870aca54b0800bed88aab98b8098f69ac252d11aec8cdbe7?s=96&d=mm&r=g","contentUrl":"https:\/\/secure.gravatar.com\/avatar\/fdce1b5a74767a43870aca54b0800bed88aab98b8098f69ac252d11aec8cdbe7?s=96&d=mm&r=g","caption":"Redazione"},"description":"Quotidiano Piemontese: il sito di informazione pi\u00f9 letto del Piemonte : libero, tempestivo indipendente, social. L'hub sociale e informativo del Piemonte","sameAs":["http:\/\/www.quotidianopiemontese.it\/","https:\/\/www.facebook.com\/quotidianopiemontese","https:\/\/x.com\/quotidianopiem"],"url":"https:\/\/web.quotidianopiemontese.it\/volareinpiemonte\/author\/administrator\/"}]}},"_links":{"self":[{"href":"https:\/\/web.quotidianopiemontese.it\/volareinpiemonte\/wp-json\/wp\/v2\/posts\/85","targetHints":{"allow":["GET"]}}],"collection":[{"href":"https:\/\/web.quotidianopiemontese.it\/volareinpiemonte\/wp-json\/wp\/v2\/posts"}],"about":[{"href":"https:\/\/web.quotidianopiemontese.it\/volareinpiemonte\/wp-json\/wp\/v2\/types\/post"}],"author":[{"embeddable":true,"href":"https:\/\/web.quotidianopiemontese.it\/volareinpiemonte\/wp-json\/wp\/v2\/users\/1"}],"replies":[{"embeddable":true,"href":"https:\/\/web.quotidianopiemontese.it\/volareinpiemonte\/wp-json\/wp\/v2\/comments?post=85"}],"version-history":[{"count":0,"href":"https:\/\/web.quotidianopiemontese.it\/volareinpiemonte\/wp-json\/wp\/v2\/posts\/85\/revisions"}],"wp:attachment":[{"href":"https:\/\/web.quotidianopiemontese.it\/volareinpiemonte\/wp-json\/wp\/v2\/media?parent=85"}],"wp:term":[{"taxonomy":"category","embeddable":true,"href":"https:\/\/web.quotidianopiemontese.it\/volareinpiemonte\/wp-json\/wp\/v2\/categories?post=85"},{"taxonomy":"post_tag","embeddable":true,"href":"https:\/\/web.quotidianopiemontese.it\/volareinpiemonte\/wp-json\/wp\/v2\/tags?post=85"}],"curies":[{"name":"wp","href":"https:\/\/api.w.org\/{rel}","templated":true}]}}