{"id":40,"date":"2012-04-22T07:40:48","date_gmt":"2012-04-22T07:40:48","guid":{"rendered":"http:\/\/www.quotidianopiemontese.it\/volareinpiemonte\/?p=40"},"modified":"2012-04-22T07:48:10","modified_gmt":"2012-04-22T07:48:10","slug":"la-gestione-di-caselle-criticata-da-una-mail-anonima-a-tutti-i-dipendenti","status":"publish","type":"post","link":"https:\/\/web.quotidianopiemontese.it\/volareinpiemonte\/la-gestione-di-caselle-criticata-da-una-mail-anonima-a-tutti-i-dipendenti\/","title":{"rendered":"La gestione di Caselle criticata da una mail anonima a tutti i dipendenti"},"content":{"rendered":"<div lang=\"x-western\">Parte la ribellione a mezzo email dei dipendenti <a href=\"http:\/\/www.aeroportoditorino.it\/it\/aeroporto_it\/azienda_it\/sagat_it.html\">Sagat<\/a>.\u00a0\u00a0venerd\u00ec 20 aprile verso le 20 i dipendenti dell&#8217;azienda e una serie di giornalisti e politici hanno ricevuto nelle loro mail aziendali una lunga missiva \u00a0da un indirizzo di Gmail che critica diversi aspetti della gestione dell&#8217;azienda che pubblichiamo integralmente. Alla mail \u00a0l&#8217;ufficio stampa Sagat ha risposto in termini stringati e secchi<\/div>\n<div lang=\"x-western\"><\/div>\n<blockquote>\n<div lang=\"x-western\">Venerd\u00ec sera sconosciuti hanno attivato privatamente un account di posta elettronica pressogmail.com\u00a0(il servizio gratuito di posta elettronica di Google) battezzandolo arbitrariamente dipendenti.sagat@gmail.com\u00a0. \u00a0Hanno poi utilizzato regolarmente il server di posta di Google per inviare il messaggio in questione agli indirizzi di posta aziendale e non, a loro noti. \u00a0Da un punto di vista tecnico non vi sono state apparantemente violazioni della sicurezza aziendale. \u00a0La Sagat si riserva comunque approfondimenti su questo tema, mentre trattandosi di una &#8221; lettera &#8221; anonima non ritiene meriti alcun tipo di replica o dibattito.<\/div>\n<\/blockquote>\n<div lang=\"x-western\"><\/div>\n<div lang=\"x-western\">Si tratta comunque di un sintomo di malessere forte che occorrer\u00e0 capire quanto diffuso in azienda. comeoccorre capire quanto i citttadini e i viaggiatori possano condividere la ribellione dei dipendenti di Caselle. Ecco la mail:<\/div>\n<blockquote><p>Chi pensava di lavorare per un\u2019azienda in parte pubblica, e comunque governata da un CDA, ora sa di essersi sbagliato : lavoriamo per un padrone, che fa come gli pare e che non perde occasione per ripeterlo e per dirci che siamo tutti un branco di idioti.<\/p>\n<p>Perch\u00e9 solo dei cretini possono bersi e senza replicare che il costo del personale \u00e8 cresciuto di oltre 300.000\u20ac\u00a0GEN-FEB12 su GEN-FEB11 e che questo potrebbe essere il trend a fine anno : c\u2019\u00e8 stato un rinnovo contrattuale? Abbiamo assunto 120 full time equivalent? Ci hanno aumentato gli stipendi di circa 500\u20ac al mese? Dove sono finiti questi soldi? O dobbiamo tutti partecipare all\u2019impresa, che si ripete uguale ogni anno, di gonfiare vergognosamente il budget del personale per poi raggiungere strepitosi risultati di risparmio e meravigliosi MBO per Responsabile e Direttore del personale.<\/p>\n<p>Solo dei cretini silenziosi, quali noi siamo, possono tacere di fronte ad un\u2019azienda il cui Direttore HR, in carica da oltre dieci anni e in azienda da oltre trenta, nel 2009\/2010\u00a0aumenta gli importi del premio fedelt\u00e0, portandoli da1500-2000-2500\u20ac a 3000-3500-4000\u20ac, a dicembre 2011 si intasca il suo premio e a febbraio 2012 scopre improvvisamente che l\u2019esborso per i premi fedelt\u00e0 nel 2012 sarebbe di circa 190.000\u20ac, per salire nel 2015 a 250.000\u20ac : se un qualsiasi manager pubblico o privato, nel proprio budget, fosse cos\u00ec incapace di prevedere e programmare la spesa, sarebbe da cacciare a calci nel sedere.<\/p>\n<p>Ma il sedere dei Dirigenti sta gi\u00e0 compiendo un enorme sacrificio risparmiando: vi rendete conto che sieder\u00e0, per libera scelta, sul sedile di un\u2019auto da soli 2000 cc e massimo 170 cavalli? Auto che potr\u00e0 comodamente utilizzare quando \u00e8 a Roma, mentre a Torino si accontenter\u00e0 di un\u2019altra auto aziendale, oppure potr\u00e0 lasciarla a moglie e figli, con benzina, manutenzione, pneumatici invernali, danni rimborsati anche se causati, e pratico servizio di riparazione a domicilio.\u00a0Un\u2019auto cos\u00ec modesta per gente che\u00a0se fa il Dirigente\u00a0se l\u2019\u00e8 ben meritato!<\/p>\n<p>Prova ne siano le straordinarie imprese manageriali gi\u00e0 compiute e le idee profondamente innovative per quanto riguarda lo sviluppo e le azioni di risparmio che saranno messe in atto quest\u2019anno:<\/p>\n<p>1.\u00a0\u00a0a Dio piacendo, arriveranno nuovi voli \u2013 a Dio spiacendo, i nuovi voli non opereranno su Torino, malgrado l\u2019impegno ormai quinquennale del Direttore Sviluppo Traffico;<br \/>\n2.\u00a0\u00a0quel 1.700.000\u20ac annui che perdiamo a favore dei parcheggi privati fuori dal sedime, lo recupereremo col cartello becero fatto per quegli zotici di passeggeri che non intendono pagare all\u2019aeroporto di Torino quel che pagano a Linate o Fiumicino \u2013 strano, vero?<br \/>\n3.\u00a0\u00a0con una brillante rilocazione dei negozi airside, al modico costo di 1.500.000\u20ac, la spesa media per passeggero aumenter\u00e0 esponenzialmente e moltiplicando le giornate di sconto nei negozi airside, ogni lavoratore potr\u00e0 reinvestire parte del salario in royalties e MBO;<br \/>\n4.\u00a0\u00a0con circa 2.000.000\u20ac ci saranno nuovi uffici sotto la palazzina, ma poich\u00e8 si \u00e8 risparmiato, saranno odiati da tutti perch\u00e8 puzzolenti e rumorosi(vedi airside per intendere)<br \/>\n5.\u00a0\u00a0Cari vecchi lavoratori pieni di immeritati privilegi, ve li ricordate quei giorni di ferie che nel quesito referendario dovevano esservi \u201crestituiti\u201d? Adesso invece il giorno lo abbiamo \u201crisparmiato\u201d;<br \/>\n6.\u00a0\u00a0Sar\u00e0 svolta solo la formazione obbligatoria per legge o quella finanziata, ma sar\u00e0 venduta come un grande risultato; non dimentichiamo per\u00f2 che i corsi di inglese sono una liberalit\u00e0 aziendale!<br \/>\n7.\u00a0\u00a0E&#8217; stato affidato un ricco incarico di consulenza sull\u2019IT ad un caro amico ex Alitalia, e verr\u00e0 affidato alla sua software house i servizi di fornitura che scaturiranno: peccato che identico incarico fosse gia stato affidato in passato senza grossi risultati;<br \/>\n8.\u00a0\u00a0E&#8217; stato assunto un eccezionale Dirigente, pagato e rimborsato ben di pi\u00f9 di quell\u2019inetto di Colacito(ex Direttore Operativo di S.H. ma non ex Alitalia), che traghetter\u00e0 in soli tre anni l\u2019handling all\u2019estinzione, in favore dell\u2019amica cooperativa \u2013 e con questo speriamo di aver almeno esaurito i vecchi amici Alitalia.<br \/>\n9.\u00a0\u00a0Altro ricco incarico di sviluppo delle risorse umane, in faccia alle quali abbiamo appena sputato togliendo una liberalit\u00e0, \u00e8 stato affidato ad un caro amico e prestigioso docente della Bocconi.<\/p>\n<p>Quindi i Dirigenti, in quanto tali, meritatamente non possono rinunciare al doveroso Team Building tenutosi nel lussuosissimo Hotel 5 stelle Boscareto Resort Spa nelle langhe(pagato coi nostri soldi)mangiando tartufo e bevendo barolo; non possono rinunciare ai 500\u20ac di aumento mensili regalati da Marin\u00f2 uscente. Ma soprattutto i Dirigenti non possono affatto rinunciare al rimborso dell\u2019affitto, delle bollette, dei biglietti aerei, a risparmiare su tutto, ma proprio tutto, usando risorse aziendali, etc. etc., praticando lo stesso nepotismo di sempre ma travestito da politically correct.<\/p>\n<p>E non dimentichiamoci il Presidente che in cinque anni, &#8220;forse anche troppi&#8221;, contro lo strapotere del socio privato non ha mai fatto nulla.\u00a0Ora ci chiediamo : Ma i nostri azionisti sono a conoscenza di tutto ci\u00f2 o lo sapranno da questa nostra lettera?\u00a0Il Comune di Torino, la Provincia e la Regione Piemonte che per fare cassa vendono le aziende partecipate, riducono i servizi essenziali, chiudono o vendono ai privati nidi, materne e ospedali sono totalmente disinformati o fanno finta?\u00a0Ma \u00e8 possibile che nessuno si rende conto che l&#8217;aeroporto si regge solo grazie a gente come tutti noi che Lavora, anche da pi\u00f9 anni, per questa azienda e non dagli amici del gran cianbellano che non fanno proprio nulla?\u00a0E&#8217; solo l&#8217;inizio, ci faremo risentire.<br \/>\nDipendenti.Sagat<\/p><\/blockquote>\n<p><em><br \/>\n<\/em><\/p>\n","protected":false},"excerpt":{"rendered":"<p>Parte la ribellione a mezzo email dei dipendenti Sagat.\u00a0\u00a0venerd\u00ec 20 aprile verso le 20 i dipendenti dell&#8217;azienda e una serie di giornalisti e politici hanno ricevuto nelle loro mail aziendali una lunga missiva \u00a0da un indirizzo di Gmail che critica diversi aspetti della gestione dell&#8217;azienda che pubblichiamo integralmente. Alla mail \u00a0l&#8217;ufficio stampa Sagat ha risposto &hellip; <a href=\"https:\/\/web.quotidianopiemontese.it\/volareinpiemonte\/la-gestione-di-caselle-criticata-da-una-mail-anonima-a-tutti-i-dipendenti\/\" class=\"more-link\">Leggi tutto<span class=\"screen-reader-text\"> &#8220;La gestione di Caselle criticata da una mail anonima a tutti i dipendenti&#8221;<\/span><\/a><\/p>\n","protected":false},"author":1,"featured_media":0,"comment_status":"open","ping_status":"closed","sticky":false,"template":"","format":"standard","meta":{"footnotes":""},"categories":[1],"tags":[3,4],"class_list":["post-40","post","type-post","status-publish","format-standard","hentry","category-volare-in-piemonte","tag-caselle","tag-sagat"],"yoast_head":"<!-- This site is optimized with the Yoast SEO plugin v27.1.1 - https:\/\/yoast.com\/product\/yoast-seo-wordpress\/ -->\n<title>La gestione di Caselle criticata da una mail anonima a tutti i dipendenti - Volare in Piemonte<\/title>\n<meta name=\"description\" content=\"Parte la ribellione a mezzo email dei dipendenti Sagat.\u00a0\u00a0venerd\u00ec 20 aprile verso le 20 i dipendenti dell&#039;azienda e una serie di giornalisti e politici\" \/>\n<meta name=\"robots\" content=\"index, follow, max-snippet:-1, max-image-preview:large, max-video-preview:-1\" \/>\n<link rel=\"canonical\" href=\"https:\/\/web.quotidianopiemontese.it\/volareinpiemonte\/la-gestione-di-caselle-criticata-da-una-mail-anonima-a-tutti-i-dipendenti\/\" \/>\n<meta property=\"og:locale\" content=\"it_IT\" \/>\n<meta property=\"og:type\" content=\"article\" \/>\n<meta property=\"og:title\" content=\"La gestione di Caselle criticata da una mail anonima a tutti i dipendenti - Volare in Piemonte\" \/>\n<meta property=\"og:description\" content=\"Parte la ribellione a mezzo email dei dipendenti Sagat.\u00a0\u00a0venerd\u00ec 20 aprile verso le 20 i dipendenti dell&#039;azienda e una serie di giornalisti e politici\" \/>\n<meta property=\"og:url\" content=\"https:\/\/web.quotidianopiemontese.it\/volareinpiemonte\/la-gestione-di-caselle-criticata-da-una-mail-anonima-a-tutti-i-dipendenti\/\" \/>\n<meta property=\"og:site_name\" content=\"Volare in Piemonte\" \/>\n<meta property=\"article:publisher\" content=\"https:\/\/www.facebook.com\/quotidianopiemontese?fref=ts\" \/>\n<meta property=\"article:author\" content=\"https:\/\/www.facebook.com\/quotidianopiemontese\" \/>\n<meta property=\"article:published_time\" content=\"2012-04-22T07:40:48+00:00\" \/>\n<meta property=\"article:modified_time\" content=\"2012-04-22T07:48:10+00:00\" \/>\n<meta name=\"author\" content=\"Redazione\" \/>\n<meta name=\"twitter:label1\" content=\"Scritto da\" \/>\n\t<meta name=\"twitter:data1\" content=\"Redazione\" \/>\n\t<meta name=\"twitter:label2\" content=\"Tempo di lettura stimato\" \/>\n\t<meta name=\"twitter:data2\" content=\"5 minuti\" \/>\n<script type=\"application\/ld+json\" class=\"yoast-schema-graph\">{\"@context\":\"https:\/\/schema.org\",\"@graph\":[{\"@type\":\"Article\",\"@id\":\"https:\/\/web.quotidianopiemontese.it\/volareinpiemonte\/la-gestione-di-caselle-criticata-da-una-mail-anonima-a-tutti-i-dipendenti\/#article\",\"isPartOf\":{\"@id\":\"https:\/\/web.quotidianopiemontese.it\/volareinpiemonte\/la-gestione-di-caselle-criticata-da-una-mail-anonima-a-tutti-i-dipendenti\/\"},\"author\":{\"name\":\"Redazione\",\"@id\":\"https:\/\/web.quotidianopiemontese.it\/volareinpiemonte\/#\/schema\/person\/92b86f27cfe3bd649bd878d4f9c88190\"},\"headline\":\"La gestione di Caselle criticata da una mail anonima a tutti i dipendenti\",\"datePublished\":\"2012-04-22T07:40:48+00:00\",\"dateModified\":\"2012-04-22T07:48:10+00:00\",\"mainEntityOfPage\":{\"@id\":\"https:\/\/web.quotidianopiemontese.it\/volareinpiemonte\/la-gestione-di-caselle-criticata-da-una-mail-anonima-a-tutti-i-dipendenti\/\"},\"wordCount\":1078,\"commentCount\":0,\"keywords\":[\"caselle\",\"sagat\"],\"articleSection\":[\"Volare in Piemonte\"],\"inLanguage\":\"it-IT\",\"potentialAction\":[{\"@type\":\"CommentAction\",\"name\":\"Comment\",\"target\":[\"https:\/\/web.quotidianopiemontese.it\/volareinpiemonte\/la-gestione-di-caselle-criticata-da-una-mail-anonima-a-tutti-i-dipendenti\/#respond\"]}]},{\"@type\":\"WebPage\",\"@id\":\"https:\/\/web.quotidianopiemontese.it\/volareinpiemonte\/la-gestione-di-caselle-criticata-da-una-mail-anonima-a-tutti-i-dipendenti\/\",\"url\":\"https:\/\/web.quotidianopiemontese.it\/volareinpiemonte\/la-gestione-di-caselle-criticata-da-una-mail-anonima-a-tutti-i-dipendenti\/\",\"name\":\"La gestione di Caselle criticata da una mail anonima a tutti i dipendenti - Volare in Piemonte\",\"isPartOf\":{\"@id\":\"https:\/\/web.quotidianopiemontese.it\/volareinpiemonte\/#website\"},\"datePublished\":\"2012-04-22T07:40:48+00:00\",\"dateModified\":\"2012-04-22T07:48:10+00:00\",\"author\":{\"@id\":\"https:\/\/web.quotidianopiemontese.it\/volareinpiemonte\/#\/schema\/person\/92b86f27cfe3bd649bd878d4f9c88190\"},\"description\":\"Parte la ribellione a mezzo email dei dipendenti Sagat.\u00a0\u00a0venerd\u00ec 20 aprile verso le 20 i dipendenti dell'azienda e una serie di giornalisti e politici\",\"breadcrumb\":{\"@id\":\"https:\/\/web.quotidianopiemontese.it\/volareinpiemonte\/la-gestione-di-caselle-criticata-da-una-mail-anonima-a-tutti-i-dipendenti\/#breadcrumb\"},\"inLanguage\":\"it-IT\",\"potentialAction\":[{\"@type\":\"ReadAction\",\"target\":[\"https:\/\/web.quotidianopiemontese.it\/volareinpiemonte\/la-gestione-di-caselle-criticata-da-una-mail-anonima-a-tutti-i-dipendenti\/\"]}]},{\"@type\":\"BreadcrumbList\",\"@id\":\"https:\/\/web.quotidianopiemontese.it\/volareinpiemonte\/la-gestione-di-caselle-criticata-da-una-mail-anonima-a-tutti-i-dipendenti\/#breadcrumb\",\"itemListElement\":[{\"@type\":\"ListItem\",\"position\":1,\"name\":\"Home\",\"item\":\"https:\/\/web.quotidianopiemontese.it\/volareinpiemonte\/\"},{\"@type\":\"ListItem\",\"position\":2,\"name\":\"La gestione di Caselle criticata da una mail anonima a tutti i dipendenti\"}]},{\"@type\":\"WebSite\",\"@id\":\"https:\/\/web.quotidianopiemontese.it\/volareinpiemonte\/#website\",\"url\":\"https:\/\/web.quotidianopiemontese.it\/volareinpiemonte\/\",\"name\":\"Volare in Piemonte\",\"description\":\"Quotidiano Piemontese\",\"potentialAction\":[{\"@type\":\"SearchAction\",\"target\":{\"@type\":\"EntryPoint\",\"urlTemplate\":\"https:\/\/web.quotidianopiemontese.it\/volareinpiemonte\/?s={search_term_string}\"},\"query-input\":{\"@type\":\"PropertyValueSpecification\",\"valueRequired\":true,\"valueName\":\"search_term_string\"}}],\"inLanguage\":\"it-IT\"},{\"@type\":\"Person\",\"@id\":\"https:\/\/web.quotidianopiemontese.it\/volareinpiemonte\/#\/schema\/person\/92b86f27cfe3bd649bd878d4f9c88190\",\"name\":\"Redazione\",\"image\":{\"@type\":\"ImageObject\",\"inLanguage\":\"it-IT\",\"@id\":\"https:\/\/web.quotidianopiemontese.it\/volareinpiemonte\/#\/schema\/person\/image\/\",\"url\":\"https:\/\/secure.gravatar.com\/avatar\/fdce1b5a74767a43870aca54b0800bed88aab98b8098f69ac252d11aec8cdbe7?s=96&d=mm&r=g\",\"contentUrl\":\"https:\/\/secure.gravatar.com\/avatar\/fdce1b5a74767a43870aca54b0800bed88aab98b8098f69ac252d11aec8cdbe7?s=96&d=mm&r=g\",\"caption\":\"Redazione\"},\"description\":\"Quotidiano Piemontese: il sito di informazione pi\u00f9 letto del Piemonte : libero, tempestivo indipendente, social. L'hub sociale e informativo del Piemonte\",\"sameAs\":[\"http:\/\/www.quotidianopiemontese.it\/\",\"https:\/\/www.facebook.com\/quotidianopiemontese\",\"https:\/\/x.com\/quotidianopiem\"],\"url\":\"https:\/\/web.quotidianopiemontese.it\/volareinpiemonte\/author\/administrator\/\"}]}<\/script>\n<!-- \/ Yoast SEO plugin. -->","yoast_head_json":{"title":"La gestione di Caselle criticata da una mail anonima a tutti i dipendenti - Volare in Piemonte","description":"Parte la ribellione a mezzo email dei dipendenti Sagat.\u00a0\u00a0venerd\u00ec 20 aprile verso le 20 i dipendenti dell'azienda e una serie di giornalisti e politici","robots":{"index":"index","follow":"follow","max-snippet":"max-snippet:-1","max-image-preview":"max-image-preview:large","max-video-preview":"max-video-preview:-1"},"canonical":"https:\/\/web.quotidianopiemontese.it\/volareinpiemonte\/la-gestione-di-caselle-criticata-da-una-mail-anonima-a-tutti-i-dipendenti\/","og_locale":"it_IT","og_type":"article","og_title":"La gestione di Caselle criticata da una mail anonima a tutti i dipendenti - Volare in Piemonte","og_description":"Parte la ribellione a mezzo email dei dipendenti Sagat.\u00a0\u00a0venerd\u00ec 20 aprile verso le 20 i dipendenti dell'azienda e una serie di giornalisti e politici","og_url":"https:\/\/web.quotidianopiemontese.it\/volareinpiemonte\/la-gestione-di-caselle-criticata-da-una-mail-anonima-a-tutti-i-dipendenti\/","og_site_name":"Volare in Piemonte","article_publisher":"https:\/\/www.facebook.com\/quotidianopiemontese?fref=ts","article_author":"https:\/\/www.facebook.com\/quotidianopiemontese","article_published_time":"2012-04-22T07:40:48+00:00","article_modified_time":"2012-04-22T07:48:10+00:00","author":"Redazione","twitter_misc":{"Scritto da":"Redazione","Tempo di lettura stimato":"5 minuti"},"schema":{"@context":"https:\/\/schema.org","@graph":[{"@type":"Article","@id":"https:\/\/web.quotidianopiemontese.it\/volareinpiemonte\/la-gestione-di-caselle-criticata-da-una-mail-anonima-a-tutti-i-dipendenti\/#article","isPartOf":{"@id":"https:\/\/web.quotidianopiemontese.it\/volareinpiemonte\/la-gestione-di-caselle-criticata-da-una-mail-anonima-a-tutti-i-dipendenti\/"},"author":{"name":"Redazione","@id":"https:\/\/web.quotidianopiemontese.it\/volareinpiemonte\/#\/schema\/person\/92b86f27cfe3bd649bd878d4f9c88190"},"headline":"La gestione di Caselle criticata da una mail anonima a tutti i dipendenti","datePublished":"2012-04-22T07:40:48+00:00","dateModified":"2012-04-22T07:48:10+00:00","mainEntityOfPage":{"@id":"https:\/\/web.quotidianopiemontese.it\/volareinpiemonte\/la-gestione-di-caselle-criticata-da-una-mail-anonima-a-tutti-i-dipendenti\/"},"wordCount":1078,"commentCount":0,"keywords":["caselle","sagat"],"articleSection":["Volare in Piemonte"],"inLanguage":"it-IT","potentialAction":[{"@type":"CommentAction","name":"Comment","target":["https:\/\/web.quotidianopiemontese.it\/volareinpiemonte\/la-gestione-di-caselle-criticata-da-una-mail-anonima-a-tutti-i-dipendenti\/#respond"]}]},{"@type":"WebPage","@id":"https:\/\/web.quotidianopiemontese.it\/volareinpiemonte\/la-gestione-di-caselle-criticata-da-una-mail-anonima-a-tutti-i-dipendenti\/","url":"https:\/\/web.quotidianopiemontese.it\/volareinpiemonte\/la-gestione-di-caselle-criticata-da-una-mail-anonima-a-tutti-i-dipendenti\/","name":"La gestione di Caselle criticata da una mail anonima a tutti i dipendenti - Volare in Piemonte","isPartOf":{"@id":"https:\/\/web.quotidianopiemontese.it\/volareinpiemonte\/#website"},"datePublished":"2012-04-22T07:40:48+00:00","dateModified":"2012-04-22T07:48:10+00:00","author":{"@id":"https:\/\/web.quotidianopiemontese.it\/volareinpiemonte\/#\/schema\/person\/92b86f27cfe3bd649bd878d4f9c88190"},"description":"Parte la ribellione a mezzo email dei dipendenti Sagat.\u00a0\u00a0venerd\u00ec 20 aprile verso le 20 i dipendenti dell'azienda e una serie di giornalisti e politici","breadcrumb":{"@id":"https:\/\/web.quotidianopiemontese.it\/volareinpiemonte\/la-gestione-di-caselle-criticata-da-una-mail-anonima-a-tutti-i-dipendenti\/#breadcrumb"},"inLanguage":"it-IT","potentialAction":[{"@type":"ReadAction","target":["https:\/\/web.quotidianopiemontese.it\/volareinpiemonte\/la-gestione-di-caselle-criticata-da-una-mail-anonima-a-tutti-i-dipendenti\/"]}]},{"@type":"BreadcrumbList","@id":"https:\/\/web.quotidianopiemontese.it\/volareinpiemonte\/la-gestione-di-caselle-criticata-da-una-mail-anonima-a-tutti-i-dipendenti\/#breadcrumb","itemListElement":[{"@type":"ListItem","position":1,"name":"Home","item":"https:\/\/web.quotidianopiemontese.it\/volareinpiemonte\/"},{"@type":"ListItem","position":2,"name":"La gestione di Caselle criticata da una mail anonima a tutti i dipendenti"}]},{"@type":"WebSite","@id":"https:\/\/web.quotidianopiemontese.it\/volareinpiemonte\/#website","url":"https:\/\/web.quotidianopiemontese.it\/volareinpiemonte\/","name":"Volare in Piemonte","description":"Quotidiano Piemontese","potentialAction":[{"@type":"SearchAction","target":{"@type":"EntryPoint","urlTemplate":"https:\/\/web.quotidianopiemontese.it\/volareinpiemonte\/?s={search_term_string}"},"query-input":{"@type":"PropertyValueSpecification","valueRequired":true,"valueName":"search_term_string"}}],"inLanguage":"it-IT"},{"@type":"Person","@id":"https:\/\/web.quotidianopiemontese.it\/volareinpiemonte\/#\/schema\/person\/92b86f27cfe3bd649bd878d4f9c88190","name":"Redazione","image":{"@type":"ImageObject","inLanguage":"it-IT","@id":"https:\/\/web.quotidianopiemontese.it\/volareinpiemonte\/#\/schema\/person\/image\/","url":"https:\/\/secure.gravatar.com\/avatar\/fdce1b5a74767a43870aca54b0800bed88aab98b8098f69ac252d11aec8cdbe7?s=96&d=mm&r=g","contentUrl":"https:\/\/secure.gravatar.com\/avatar\/fdce1b5a74767a43870aca54b0800bed88aab98b8098f69ac252d11aec8cdbe7?s=96&d=mm&r=g","caption":"Redazione"},"description":"Quotidiano Piemontese: il sito di informazione pi\u00f9 letto del Piemonte : libero, tempestivo indipendente, social. L'hub sociale e informativo del Piemonte","sameAs":["http:\/\/www.quotidianopiemontese.it\/","https:\/\/www.facebook.com\/quotidianopiemontese","https:\/\/x.com\/quotidianopiem"],"url":"https:\/\/web.quotidianopiemontese.it\/volareinpiemonte\/author\/administrator\/"}]}},"_links":{"self":[{"href":"https:\/\/web.quotidianopiemontese.it\/volareinpiemonte\/wp-json\/wp\/v2\/posts\/40","targetHints":{"allow":["GET"]}}],"collection":[{"href":"https:\/\/web.quotidianopiemontese.it\/volareinpiemonte\/wp-json\/wp\/v2\/posts"}],"about":[{"href":"https:\/\/web.quotidianopiemontese.it\/volareinpiemonte\/wp-json\/wp\/v2\/types\/post"}],"author":[{"embeddable":true,"href":"https:\/\/web.quotidianopiemontese.it\/volareinpiemonte\/wp-json\/wp\/v2\/users\/1"}],"replies":[{"embeddable":true,"href":"https:\/\/web.quotidianopiemontese.it\/volareinpiemonte\/wp-json\/wp\/v2\/comments?post=40"}],"version-history":[{"count":0,"href":"https:\/\/web.quotidianopiemontese.it\/volareinpiemonte\/wp-json\/wp\/v2\/posts\/40\/revisions"}],"wp:attachment":[{"href":"https:\/\/web.quotidianopiemontese.it\/volareinpiemonte\/wp-json\/wp\/v2\/media?parent=40"}],"wp:term":[{"taxonomy":"category","embeddable":true,"href":"https:\/\/web.quotidianopiemontese.it\/volareinpiemonte\/wp-json\/wp\/v2\/categories?post=40"},{"taxonomy":"post_tag","embeddable":true,"href":"https:\/\/web.quotidianopiemontese.it\/volareinpiemonte\/wp-json\/wp\/v2\/tags?post=40"}],"curies":[{"name":"wp","href":"https:\/\/api.w.org\/{rel}","templated":true}]}}