{"id":397,"date":"2016-06-22T09:32:09","date_gmt":"2016-06-22T09:32:09","guid":{"rendered":"http:\/\/www.quotidianopiemontese.it\/volareinpiemonte\/?p=397"},"modified":"2016-06-22T09:32:09","modified_gmt":"2016-06-22T09:32:09","slug":"blue-air-annuncia-un-collegamento-torino-napoli","status":"publish","type":"post","link":"https:\/\/web.quotidianopiemontese.it\/volareinpiemonte\/blue-air-annuncia-un-collegamento-torino-napoli\/","title":{"rendered":"Blue Air annuncia un nuovo collegamento Torino &#8211; Napoli"},"content":{"rendered":"<p>La compagnia aerea Blue Air continua ad investire sullo scalo di Torino ed annuncia l\u2019apertura del collegamento diretto per Napoli a partire dal 1 ottobre 2016.<!--more--><br \/>\nIl volo operer\u00e0 con 12 frequenze settimanali \u2013 due frequenze giornaliere nei giorni feriali e una nel fine settimana &#8211; con il seguente orario:<\/p>\n<p>TORINO \u2013 NAPOLI<br \/>\nluned\u00ec, marted\u00ec, mercoled\u00ec e gioved\u00ec<br \/>\n06:30 \u2013 07:50<br \/>\nluned\u00ec, marted\u00ec, mercoled\u00ec, gioved\u00ec e venerd\u00ec<br \/>\n18:00 \u2013 19:20<br \/>\nvenerd\u00ec<br \/>\n13:40 \u2013 15:00<br \/>\nsabato<br \/>\n07:30 \u2013 08:50<br \/>\ndomenica<br \/>\n19:00 \u2013 20:20<\/p>\n<p>NAPOLI \u2013 TORINO<br \/>\nluned\u00ec, marted\u00ec, mercoled\u00ec e gioved\u00ec<br \/>\n08:35 \u2013 10:00<br \/>\nluned\u00ec, marted\u00ec, mercoled\u00ec, gioved\u00ec e venerd\u00ec<br \/>\n20:05 \u2013 21:30<br \/>\nvenerd\u00ec<br \/>\n15:45 \u2013 17:10<br \/>\nsabato<br \/>\n09:35 \u2013 11:00<br \/>\ndomenica<br \/>\n21:00 \u2013 22:20<\/p>\n<p>Le frequenze sono studiate per incontrare le esigenze dei passeggeri che devono spostarsi per motivi di lavoro, grazie ai voli della prima mattinata e i rientri serali su entrambe le direttrici, cos\u00ec come quelle di coloro che viaggiano per turismo, favorendo gli spostamenti per i fine settimana.<\/p>\n<p>Il collegamento sar\u00e0 operato da Blue Air in code-share con Meridiana, che continua ad essere presente sulla rotta Torino &#8211; Napoli, seppur in forma tecnica diversa, in attesa di una definizione delle proprie scelte industriali di sviluppo.<\/p>\n","protected":false},"excerpt":{"rendered":"<p>La compagnia aerea Blue Air continua ad investire sullo scalo di Torino ed annuncia l\u2019apertura del collegamento diretto per Napoli a partire dal 1 ottobre 2016.<\/p>\n","protected":false},"author":34,"featured_media":302,"comment_status":"open","ping_status":"closed","sticky":false,"template":"","format":"standard","meta":{"footnotes":""},"categories":[1],"tags":[69,45],"class_list":["post-397","post","type-post","status-publish","format-standard","has-post-thumbnail","hentry","category-volare-in-piemonte","tag-blue-air","tag-napoli"],"yoast_head":"<!-- This site is optimized with the Yoast SEO plugin v27.1.1 - https:\/\/yoast.com\/product\/yoast-seo-wordpress\/ -->\n<title>blue air collegamento torino napoli<\/title>\n<meta name=\"description\" content=\"La compagnia aerea Blue Air continua ad investire sullo scalo di Torino ed annuncia l\u2019apertura del collegamento diretto per Napoli a partire dal 1 ottobre 2016.\" \/>\n<meta name=\"robots\" content=\"index, follow, max-snippet:-1, max-image-preview:large, max-video-preview:-1\" \/>\n<link rel=\"canonical\" href=\"https:\/\/web.quotidianopiemontese.it\/volareinpiemonte\/blue-air-annuncia-un-collegamento-torino-napoli\/\" \/>\n<meta property=\"og:locale\" content=\"it_IT\" \/>\n<meta property=\"og:type\" content=\"article\" \/>\n<meta property=\"og:title\" content=\"Blue Air annuncia un nuovo collegamento Torino - Napoli\" \/>\n<meta property=\"og:description\" content=\"La compagnia aerea Blue Air continua ad investire sullo scalo di Torino ed annuncia l\u2019apertura del collegamento diretto per Napoli a partire dal 1 ottobre 2016.\" \/>\n<meta property=\"og:url\" content=\"https:\/\/web.quotidianopiemontese.it\/volareinpiemonte\/blue-air-annuncia-un-collegamento-torino-napoli\/\" \/>\n<meta property=\"og:site_name\" content=\"Volare in Piemonte\" \/>\n<meta property=\"article:publisher\" content=\"https:\/\/www.facebook.com\/quotidianopiemontese?fref=ts\" \/>\n<meta property=\"article:author\" content=\"gabriele.farina\" \/>\n<meta property=\"article:published_time\" content=\"2016-06-22T09:32:09+00:00\" \/>\n<meta name=\"author\" content=\"Gabriele Farina\" \/>\n<meta name=\"twitter:label1\" content=\"Scritto da\" \/>\n\t<meta name=\"twitter:data1\" content=\"Gabriele Farina\" \/>\n\t<meta name=\"twitter:label2\" content=\"Tempo di lettura stimato\" \/>\n\t<meta name=\"twitter:data2\" content=\"1 minuto\" \/>\n<script type=\"application\/ld+json\" class=\"yoast-schema-graph\">{\"@context\":\"https:\/\/schema.org\",\"@graph\":[{\"@type\":\"Article\",\"@id\":\"https:\/\/web.quotidianopiemontese.it\/volareinpiemonte\/blue-air-annuncia-un-collegamento-torino-napoli\/#article\",\"isPartOf\":{\"@id\":\"https:\/\/web.quotidianopiemontese.it\/volareinpiemonte\/blue-air-annuncia-un-collegamento-torino-napoli\/\"},\"author\":{\"name\":\"Gabriele Farina\",\"@id\":\"https:\/\/web.quotidianopiemontese.it\/volareinpiemonte\/#\/schema\/person\/3d4a46ba85e808ba27b5c97af2f74c32\"},\"headline\":\"Blue Air annuncia un nuovo collegamento Torino &#8211; Napoli\",\"datePublished\":\"2016-06-22T09:32:09+00:00\",\"mainEntityOfPage\":{\"@id\":\"https:\/\/web.quotidianopiemontese.it\/volareinpiemonte\/blue-air-annuncia-un-collegamento-torino-napoli\/\"},\"wordCount\":172,\"commentCount\":0,\"image\":{\"@id\":\"https:\/\/web.quotidianopiemontese.it\/volareinpiemonte\/blue-air-annuncia-un-collegamento-torino-napoli\/#primaryimage\"},\"thumbnailUrl\":\"https:\/\/web.quotidianopiemontese.it\/volareinpiemonte\/files\/2014\/09\/blue_air.jpg\",\"keywords\":[\"blue air\",\"napoli\"],\"articleSection\":[\"Volare in Piemonte\"],\"inLanguage\":\"it-IT\",\"potentialAction\":[{\"@type\":\"CommentAction\",\"name\":\"Comment\",\"target\":[\"https:\/\/web.quotidianopiemontese.it\/volareinpiemonte\/blue-air-annuncia-un-collegamento-torino-napoli\/#respond\"]}]},{\"@type\":\"WebPage\",\"@id\":\"https:\/\/web.quotidianopiemontese.it\/volareinpiemonte\/blue-air-annuncia-un-collegamento-torino-napoli\/\",\"url\":\"https:\/\/web.quotidianopiemontese.it\/volareinpiemonte\/blue-air-annuncia-un-collegamento-torino-napoli\/\",\"name\":\"blue air collegamento torino napoli\",\"isPartOf\":{\"@id\":\"https:\/\/web.quotidianopiemontese.it\/volareinpiemonte\/#website\"},\"primaryImageOfPage\":{\"@id\":\"https:\/\/web.quotidianopiemontese.it\/volareinpiemonte\/blue-air-annuncia-un-collegamento-torino-napoli\/#primaryimage\"},\"image\":{\"@id\":\"https:\/\/web.quotidianopiemontese.it\/volareinpiemonte\/blue-air-annuncia-un-collegamento-torino-napoli\/#primaryimage\"},\"thumbnailUrl\":\"https:\/\/web.quotidianopiemontese.it\/volareinpiemonte\/files\/2014\/09\/blue_air.jpg\",\"datePublished\":\"2016-06-22T09:32:09+00:00\",\"author\":{\"@id\":\"https:\/\/web.quotidianopiemontese.it\/volareinpiemonte\/#\/schema\/person\/3d4a46ba85e808ba27b5c97af2f74c32\"},\"description\":\"La compagnia aerea Blue Air continua ad investire sullo scalo di Torino ed annuncia l\u2019apertura del collegamento diretto per Napoli a partire dal 1 ottobre 2016.\",\"breadcrumb\":{\"@id\":\"https:\/\/web.quotidianopiemontese.it\/volareinpiemonte\/blue-air-annuncia-un-collegamento-torino-napoli\/#breadcrumb\"},\"inLanguage\":\"it-IT\",\"potentialAction\":[{\"@type\":\"ReadAction\",\"target\":[\"https:\/\/web.quotidianopiemontese.it\/volareinpiemonte\/blue-air-annuncia-un-collegamento-torino-napoli\/\"]}]},{\"@type\":\"ImageObject\",\"inLanguage\":\"it-IT\",\"@id\":\"https:\/\/web.quotidianopiemontese.it\/volareinpiemonte\/blue-air-annuncia-un-collegamento-torino-napoli\/#primaryimage\",\"url\":\"https:\/\/web.quotidianopiemontese.it\/volareinpiemonte\/files\/2014\/09\/blue_air.jpg\",\"contentUrl\":\"https:\/\/web.quotidianopiemontese.it\/volareinpiemonte\/files\/2014\/09\/blue_air.jpg\",\"width\":835,\"height\":473},{\"@type\":\"BreadcrumbList\",\"@id\":\"https:\/\/web.quotidianopiemontese.it\/volareinpiemonte\/blue-air-annuncia-un-collegamento-torino-napoli\/#breadcrumb\",\"itemListElement\":[{\"@type\":\"ListItem\",\"position\":1,\"name\":\"Home\",\"item\":\"https:\/\/web.quotidianopiemontese.it\/volareinpiemonte\/\"},{\"@type\":\"ListItem\",\"position\":2,\"name\":\"Blue Air annuncia un nuovo collegamento Torino &#8211; Napoli\"}]},{\"@type\":\"WebSite\",\"@id\":\"https:\/\/web.quotidianopiemontese.it\/volareinpiemonte\/#website\",\"url\":\"https:\/\/web.quotidianopiemontese.it\/volareinpiemonte\/\",\"name\":\"Volare in Piemonte\",\"description\":\"Quotidiano Piemontese\",\"potentialAction\":[{\"@type\":\"SearchAction\",\"target\":{\"@type\":\"EntryPoint\",\"urlTemplate\":\"https:\/\/web.quotidianopiemontese.it\/volareinpiemonte\/?s={search_term_string}\"},\"query-input\":{\"@type\":\"PropertyValueSpecification\",\"valueRequired\":true,\"valueName\":\"search_term_string\"}}],\"inLanguage\":\"it-IT\"},{\"@type\":\"Person\",\"@id\":\"https:\/\/web.quotidianopiemontese.it\/volareinpiemonte\/#\/schema\/person\/3d4a46ba85e808ba27b5c97af2f74c32\",\"name\":\"Gabriele Farina\",\"image\":{\"@type\":\"ImageObject\",\"inLanguage\":\"it-IT\",\"@id\":\"https:\/\/web.quotidianopiemontese.it\/volareinpiemonte\/#\/schema\/person\/image\/\",\"url\":\"https:\/\/secure.gravatar.com\/avatar\/17d631b633e16668ca195d50c5134af46a193f4fdaad431b46e8453b6acfd836?s=96&d=mm&r=g\",\"contentUrl\":\"https:\/\/secure.gravatar.com\/avatar\/17d631b633e16668ca195d50c5134af46a193f4fdaad431b46e8453b6acfd836?s=96&d=mm&r=g\",\"caption\":\"Gabriele Farina\"},\"description\":\"Blogger, scrittore, regista, poeta, in fondo narratore di storie. Nel 2005 nasce il suo storico blog Vita di un IO\",\"sameAs\":[\"gabriele.farina\",\"https:\/\/x.com\/solops\"],\"url\":\"https:\/\/web.quotidianopiemontese.it\/volareinpiemonte\/author\/gabriele-farina\/\"}]}<\/script>\n<!-- \/ Yoast SEO plugin. -->","yoast_head_json":{"title":"blue air collegamento torino napoli","description":"La compagnia aerea Blue Air continua ad investire sullo scalo di Torino ed annuncia l\u2019apertura del collegamento diretto per Napoli a partire dal 1 ottobre 2016.","robots":{"index":"index","follow":"follow","max-snippet":"max-snippet:-1","max-image-preview":"max-image-preview:large","max-video-preview":"max-video-preview:-1"},"canonical":"https:\/\/web.quotidianopiemontese.it\/volareinpiemonte\/blue-air-annuncia-un-collegamento-torino-napoli\/","og_locale":"it_IT","og_type":"article","og_title":"Blue Air annuncia un nuovo collegamento Torino - Napoli","og_description":"La compagnia aerea Blue Air continua ad investire sullo scalo di Torino ed annuncia l\u2019apertura del collegamento diretto per Napoli a partire dal 1 ottobre 2016.","og_url":"https:\/\/web.quotidianopiemontese.it\/volareinpiemonte\/blue-air-annuncia-un-collegamento-torino-napoli\/","og_site_name":"Volare in Piemonte","article_publisher":"https:\/\/www.facebook.com\/quotidianopiemontese?fref=ts","article_author":"gabriele.farina","article_published_time":"2016-06-22T09:32:09+00:00","author":"Gabriele Farina","twitter_misc":{"Scritto da":"Gabriele Farina","Tempo di lettura stimato":"1 minuto"},"schema":{"@context":"https:\/\/schema.org","@graph":[{"@type":"Article","@id":"https:\/\/web.quotidianopiemontese.it\/volareinpiemonte\/blue-air-annuncia-un-collegamento-torino-napoli\/#article","isPartOf":{"@id":"https:\/\/web.quotidianopiemontese.it\/volareinpiemonte\/blue-air-annuncia-un-collegamento-torino-napoli\/"},"author":{"name":"Gabriele Farina","@id":"https:\/\/web.quotidianopiemontese.it\/volareinpiemonte\/#\/schema\/person\/3d4a46ba85e808ba27b5c97af2f74c32"},"headline":"Blue Air annuncia un nuovo collegamento Torino &#8211; Napoli","datePublished":"2016-06-22T09:32:09+00:00","mainEntityOfPage":{"@id":"https:\/\/web.quotidianopiemontese.it\/volareinpiemonte\/blue-air-annuncia-un-collegamento-torino-napoli\/"},"wordCount":172,"commentCount":0,"image":{"@id":"https:\/\/web.quotidianopiemontese.it\/volareinpiemonte\/blue-air-annuncia-un-collegamento-torino-napoli\/#primaryimage"},"thumbnailUrl":"https:\/\/web.quotidianopiemontese.it\/volareinpiemonte\/files\/2014\/09\/blue_air.jpg","keywords":["blue air","napoli"],"articleSection":["Volare in Piemonte"],"inLanguage":"it-IT","potentialAction":[{"@type":"CommentAction","name":"Comment","target":["https:\/\/web.quotidianopiemontese.it\/volareinpiemonte\/blue-air-annuncia-un-collegamento-torino-napoli\/#respond"]}]},{"@type":"WebPage","@id":"https:\/\/web.quotidianopiemontese.it\/volareinpiemonte\/blue-air-annuncia-un-collegamento-torino-napoli\/","url":"https:\/\/web.quotidianopiemontese.it\/volareinpiemonte\/blue-air-annuncia-un-collegamento-torino-napoli\/","name":"blue air collegamento torino napoli","isPartOf":{"@id":"https:\/\/web.quotidianopiemontese.it\/volareinpiemonte\/#website"},"primaryImageOfPage":{"@id":"https:\/\/web.quotidianopiemontese.it\/volareinpiemonte\/blue-air-annuncia-un-collegamento-torino-napoli\/#primaryimage"},"image":{"@id":"https:\/\/web.quotidianopiemontese.it\/volareinpiemonte\/blue-air-annuncia-un-collegamento-torino-napoli\/#primaryimage"},"thumbnailUrl":"https:\/\/web.quotidianopiemontese.it\/volareinpiemonte\/files\/2014\/09\/blue_air.jpg","datePublished":"2016-06-22T09:32:09+00:00","author":{"@id":"https:\/\/web.quotidianopiemontese.it\/volareinpiemonte\/#\/schema\/person\/3d4a46ba85e808ba27b5c97af2f74c32"},"description":"La compagnia aerea Blue Air continua ad investire sullo scalo di Torino ed annuncia l\u2019apertura del collegamento diretto per Napoli a partire dal 1 ottobre 2016.","breadcrumb":{"@id":"https:\/\/web.quotidianopiemontese.it\/volareinpiemonte\/blue-air-annuncia-un-collegamento-torino-napoli\/#breadcrumb"},"inLanguage":"it-IT","potentialAction":[{"@type":"ReadAction","target":["https:\/\/web.quotidianopiemontese.it\/volareinpiemonte\/blue-air-annuncia-un-collegamento-torino-napoli\/"]}]},{"@type":"ImageObject","inLanguage":"it-IT","@id":"https:\/\/web.quotidianopiemontese.it\/volareinpiemonte\/blue-air-annuncia-un-collegamento-torino-napoli\/#primaryimage","url":"https:\/\/web.quotidianopiemontese.it\/volareinpiemonte\/files\/2014\/09\/blue_air.jpg","contentUrl":"https:\/\/web.quotidianopiemontese.it\/volareinpiemonte\/files\/2014\/09\/blue_air.jpg","width":835,"height":473},{"@type":"BreadcrumbList","@id":"https:\/\/web.quotidianopiemontese.it\/volareinpiemonte\/blue-air-annuncia-un-collegamento-torino-napoli\/#breadcrumb","itemListElement":[{"@type":"ListItem","position":1,"name":"Home","item":"https:\/\/web.quotidianopiemontese.it\/volareinpiemonte\/"},{"@type":"ListItem","position":2,"name":"Blue Air annuncia un nuovo collegamento Torino &#8211; Napoli"}]},{"@type":"WebSite","@id":"https:\/\/web.quotidianopiemontese.it\/volareinpiemonte\/#website","url":"https:\/\/web.quotidianopiemontese.it\/volareinpiemonte\/","name":"Volare in Piemonte","description":"Quotidiano Piemontese","potentialAction":[{"@type":"SearchAction","target":{"@type":"EntryPoint","urlTemplate":"https:\/\/web.quotidianopiemontese.it\/volareinpiemonte\/?s={search_term_string}"},"query-input":{"@type":"PropertyValueSpecification","valueRequired":true,"valueName":"search_term_string"}}],"inLanguage":"it-IT"},{"@type":"Person","@id":"https:\/\/web.quotidianopiemontese.it\/volareinpiemonte\/#\/schema\/person\/3d4a46ba85e808ba27b5c97af2f74c32","name":"Gabriele Farina","image":{"@type":"ImageObject","inLanguage":"it-IT","@id":"https:\/\/web.quotidianopiemontese.it\/volareinpiemonte\/#\/schema\/person\/image\/","url":"https:\/\/secure.gravatar.com\/avatar\/17d631b633e16668ca195d50c5134af46a193f4fdaad431b46e8453b6acfd836?s=96&d=mm&r=g","contentUrl":"https:\/\/secure.gravatar.com\/avatar\/17d631b633e16668ca195d50c5134af46a193f4fdaad431b46e8453b6acfd836?s=96&d=mm&r=g","caption":"Gabriele Farina"},"description":"Blogger, scrittore, regista, poeta, in fondo narratore di storie. Nel 2005 nasce il suo storico blog Vita di un IO","sameAs":["gabriele.farina","https:\/\/x.com\/solops"],"url":"https:\/\/web.quotidianopiemontese.it\/volareinpiemonte\/author\/gabriele-farina\/"}]}},"_links":{"self":[{"href":"https:\/\/web.quotidianopiemontese.it\/volareinpiemonte\/wp-json\/wp\/v2\/posts\/397","targetHints":{"allow":["GET"]}}],"collection":[{"href":"https:\/\/web.quotidianopiemontese.it\/volareinpiemonte\/wp-json\/wp\/v2\/posts"}],"about":[{"href":"https:\/\/web.quotidianopiemontese.it\/volareinpiemonte\/wp-json\/wp\/v2\/types\/post"}],"author":[{"embeddable":true,"href":"https:\/\/web.quotidianopiemontese.it\/volareinpiemonte\/wp-json\/wp\/v2\/users\/34"}],"replies":[{"embeddable":true,"href":"https:\/\/web.quotidianopiemontese.it\/volareinpiemonte\/wp-json\/wp\/v2\/comments?post=397"}],"version-history":[{"count":0,"href":"https:\/\/web.quotidianopiemontese.it\/volareinpiemonte\/wp-json\/wp\/v2\/posts\/397\/revisions"}],"wp:featuredmedia":[{"embeddable":true,"href":"https:\/\/web.quotidianopiemontese.it\/volareinpiemonte\/wp-json\/wp\/v2\/media\/302"}],"wp:attachment":[{"href":"https:\/\/web.quotidianopiemontese.it\/volareinpiemonte\/wp-json\/wp\/v2\/media?parent=397"}],"wp:term":[{"taxonomy":"category","embeddable":true,"href":"https:\/\/web.quotidianopiemontese.it\/volareinpiemonte\/wp-json\/wp\/v2\/categories?post=397"},{"taxonomy":"post_tag","embeddable":true,"href":"https:\/\/web.quotidianopiemontese.it\/volareinpiemonte\/wp-json\/wp\/v2\/tags?post=397"}],"curies":[{"name":"wp","href":"https:\/\/api.w.org\/{rel}","templated":true}]}}