{"id":387,"date":"2016-03-26T15:17:21","date_gmt":"2016-03-26T15:17:21","guid":{"rendered":"http:\/\/www.quotidianopiemontese.it\/volareinpiemonte\/?p=387"},"modified":"2016-03-26T23:56:47","modified_gmt":"2016-03-26T23:56:47","slug":"attive-due-nuove-rotte-dirette-di-%ef%bb%bfblue-air-da-torino-verso-londra-e-madrid","status":"publish","type":"post","link":"https:\/\/web.quotidianopiemontese.it\/volareinpiemonte\/attive-due-nuove-rotte-dirette-di-%ef%bb%bfblue-air-da-torino-verso-londra-e-madrid\/","title":{"rendered":"Attive due nuove rotte dirette di \ufeffBlue Air da Torino verso Londra e Madrid"},"content":{"rendered":"<p>Partono\u00a0le due nuove rotte dirette di Blue Air\u00a0da Torino verso le capitali europee per Londra Luton e Madrid, due delle sei capitali europee che fanno parte del network di 15 destinazioni della compagnia<\/p>\n<p><!--more-->aerea che sta investendo su Torino.<\/p>\n<p>Blue Air collegher\u00e0 Torino con Berlino (dal 2 maggio) ed Atene (dal 4 giugno) completando il network delle capitali europee raggiungibili da Torino oltre alle rotte gi\u00e0 servite per Roma Fiumicino e Bucarest.<\/p>\n<p>Verranno inoltre avviate a breve le nuove rotte estive per Minorca (dal 2 giugno) e Palma di Maiorca (dal 4 giugno) ol per Ibiza (dal 2 giugno), mentre le mete di vacanza in Italia saranno raggiungibili grazie ai voli nazionali per Alghero (dal 16 maggio) che si aggiungeranno ai collegamenti gi\u00e0 attivi per Bari, Catania e Lamezia Terme.<\/p>\n<p>Torino &#8211; Londra Luton<\/p>\n<table>\n<tbody>\n<tr>\n<td width=\"68\"><em>Partenza<\/em><\/td>\n<td width=\"53\"><em>Arrivo<\/em><\/td>\n<td width=\"132\"><em>Giorno<\/em><\/td>\n<\/tr>\n<tr>\n<td width=\"68\">8.25<\/td>\n<td width=\"53\">9.10<\/td>\n<td width=\"132\">marted\u00ec, gioved\u00ec<\/td>\n<\/tr>\n<tr>\n<td width=\"68\">8.00<\/td>\n<td width=\"53\">8.45<\/td>\n<td width=\"132\">venerd\u00ec, domenica<\/td>\n<\/tr>\n<\/tbody>\n<\/table>\n<p>Londra Luton &#8211; Torino<\/p>\n<table>\n<tbody>\n<tr>\n<td width=\"68\"><em>Partenza<\/em><\/td>\n<td width=\"52\"><em>Arrivo<\/em><\/td>\n<td width=\"133\"><em>Giorno<\/em><\/td>\n<\/tr>\n<tr>\n<td width=\"68\">10.00<\/td>\n<td width=\"52\">12.45<\/td>\n<td width=\"133\">marted\u00ec, gioved\u00ec, venerd\u00ec e domenica<\/td>\n<\/tr>\n<\/tbody>\n<\/table>\n<p>Torino &#8211; Madrid<\/p>\n<table>\n<tbody>\n<tr>\n<td width=\"68\"><em>Partenza<\/em><\/td>\n<td width=\"53\"><em>Arrivo<\/em><\/td>\n<td width=\"132\"><em>Giorno<\/em><\/td>\n<\/tr>\n<tr>\n<td width=\"68\">8.00<\/td>\n<td width=\"53\">9.50<\/td>\n<td width=\"132\">luned\u00ec, mercoled\u00ec<\/td>\n<\/tr>\n<tr>\n<td width=\"68\">18.00<\/td>\n<td width=\"53\">19.50<\/td>\n<td width=\"132\">venerd\u00ec, domenica<\/td>\n<\/tr>\n<\/tbody>\n<\/table>\n<p>Madrid &#8211; Torino<\/p>\n<table>\n<tbody>\n<tr>\n<td width=\"68\"><em>Partenza<\/em><\/td>\n<td width=\"53\"><em>Arrivo<\/em><\/td>\n<td width=\"132\"><em>Giorno<\/em><\/td>\n<\/tr>\n<tr>\n<td width=\"68\">10.40<\/td>\n<td width=\"53\">12.30<\/td>\n<td width=\"132\">luned\u00ec, mercoled\u00ec<\/td>\n<\/tr>\n<tr>\n<td width=\"68\">20.40<\/td>\n<td width=\"53\">22.30<\/td>\n<td width=\"132\">venerd\u00ec, domenica<\/td>\n<\/tr>\n<\/tbody>\n<\/table>\n<p>&nbsp;<\/p>\n<p>&nbsp;<\/p>\n","protected":false},"excerpt":{"rendered":"<p>Partono\u00a0le due nuove rotte dirette di Blue Air\u00a0da Torino verso le capitali europee per Londra Luton e Madrid, due delle sei capitali europee che fanno parte del network di 15 destinazioni della compagnia<\/p>\n","protected":false},"author":1,"featured_media":302,"comment_status":"open","ping_status":"closed","sticky":false,"template":"","format":"standard","meta":{"footnotes":""},"categories":[1],"tags":[69,72,73],"class_list":["post-387","post","type-post","status-publish","format-standard","has-post-thumbnail","hentry","category-volare-in-piemonte","tag-blue-air","tag-londra","tag-madri"],"yoast_head":"<!-- This site is optimized with the Yoast SEO plugin v27.1.1 - https:\/\/yoast.com\/product\/yoast-seo-wordpress\/ -->\n<title>Attive due nuove rotte dirette di \ufeffBlue Air da Torino verso Londra e Madrid - Volare in Piemonte<\/title>\n<meta name=\"description\" content=\"Partono\u00a0le due nuove rotte dirette di Blue Air\u00a0da Torino verso le capitali europee per Londra Luton e Madrid, due delle sei capitali europee che fanno\" \/>\n<meta name=\"robots\" content=\"index, follow, max-snippet:-1, max-image-preview:large, max-video-preview:-1\" \/>\n<link rel=\"canonical\" href=\"http:\/\/web.quotidianopiemontese.it\/volareinpiemonte\/attive-due-nuove-rotte-dirette-di-\ufeffblue-air-da-torino-verso-londra-e-madrid\/\" \/>\n<meta property=\"og:locale\" content=\"it_IT\" \/>\n<meta property=\"og:type\" content=\"article\" \/>\n<meta property=\"og:title\" content=\"Attive due nuove rotte dirette di \ufeffBlue Air da Torino verso Londra e Madrid - Volare in Piemonte\" \/>\n<meta property=\"og:description\" content=\"Partono\u00a0le due nuove rotte dirette di Blue Air\u00a0da Torino verso le capitali europee per Londra Luton e Madrid, due delle sei capitali europee che fanno\" \/>\n<meta property=\"og:url\" content=\"http:\/\/web.quotidianopiemontese.it\/volareinpiemonte\/attive-due-nuove-rotte-dirette-di-\ufeffblue-air-da-torino-verso-londra-e-madrid\/\" \/>\n<meta property=\"og:site_name\" content=\"Volare in Piemonte\" \/>\n<meta property=\"article:publisher\" content=\"https:\/\/www.facebook.com\/quotidianopiemontese?fref=ts\" \/>\n<meta property=\"article:author\" content=\"https:\/\/www.facebook.com\/quotidianopiemontese\" \/>\n<meta property=\"article:published_time\" content=\"2016-03-26T15:17:21+00:00\" \/>\n<meta property=\"article:modified_time\" content=\"2016-03-26T23:56:47+00:00\" \/>\n<meta property=\"og:image\" content=\"http:\/\/web.quotidianopiemontese.it\/volareinpiemonte\/files\/2014\/09\/blue_air.jpg\" \/>\n\t<meta property=\"og:image:width\" content=\"835\" \/>\n\t<meta property=\"og:image:height\" content=\"473\" \/>\n\t<meta property=\"og:image:type\" content=\"image\/jpeg\" \/>\n<meta name=\"author\" content=\"Redazione\" \/>\n<meta name=\"twitter:label1\" content=\"Scritto da\" \/>\n\t<meta name=\"twitter:data1\" content=\"Redazione\" \/>\n\t<meta name=\"twitter:label2\" content=\"Tempo di lettura stimato\" \/>\n\t<meta name=\"twitter:data2\" content=\"1 minuto\" \/>\n<script type=\"application\/ld+json\" class=\"yoast-schema-graph\">{\"@context\":\"https:\/\/schema.org\",\"@graph\":[{\"@type\":\"Article\",\"@id\":\"http:\/\/web.quotidianopiemontese.it\/volareinpiemonte\/attive-due-nuove-rotte-dirette-di-%ef%bb%bfblue-air-da-torino-verso-londra-e-madrid\/#article\",\"isPartOf\":{\"@id\":\"http:\/\/web.quotidianopiemontese.it\/volareinpiemonte\/attive-due-nuove-rotte-dirette-di-%ef%bb%bfblue-air-da-torino-verso-londra-e-madrid\/\"},\"author\":{\"name\":\"Redazione\",\"@id\":\"https:\/\/web.quotidianopiemontese.it\/volareinpiemonte\/#\/schema\/person\/92b86f27cfe3bd649bd878d4f9c88190\"},\"headline\":\"Attive due nuove rotte dirette di \ufeffBlue Air da Torino verso Londra e Madrid\",\"datePublished\":\"2016-03-26T15:17:21+00:00\",\"dateModified\":\"2016-03-26T23:56:47+00:00\",\"mainEntityOfPage\":{\"@id\":\"http:\/\/web.quotidianopiemontese.it\/volareinpiemonte\/attive-due-nuove-rotte-dirette-di-%ef%bb%bfblue-air-da-torino-verso-londra-e-madrid\/\"},\"wordCount\":184,\"commentCount\":0,\"image\":{\"@id\":\"http:\/\/web.quotidianopiemontese.it\/volareinpiemonte\/attive-due-nuove-rotte-dirette-di-%ef%bb%bfblue-air-da-torino-verso-londra-e-madrid\/#primaryimage\"},\"thumbnailUrl\":\"https:\/\/web.quotidianopiemontese.it\/volareinpiemonte\/files\/2014\/09\/blue_air.jpg\",\"keywords\":[\"blue air\",\"londra\",\"madri\"],\"articleSection\":[\"Volare in Piemonte\"],\"inLanguage\":\"it-IT\",\"potentialAction\":[{\"@type\":\"CommentAction\",\"name\":\"Comment\",\"target\":[\"http:\/\/web.quotidianopiemontese.it\/volareinpiemonte\/attive-due-nuove-rotte-dirette-di-%ef%bb%bfblue-air-da-torino-verso-londra-e-madrid\/#respond\"]}]},{\"@type\":\"WebPage\",\"@id\":\"http:\/\/web.quotidianopiemontese.it\/volareinpiemonte\/attive-due-nuove-rotte-dirette-di-%ef%bb%bfblue-air-da-torino-verso-londra-e-madrid\/\",\"url\":\"http:\/\/web.quotidianopiemontese.it\/volareinpiemonte\/attive-due-nuove-rotte-dirette-di-%ef%bb%bfblue-air-da-torino-verso-londra-e-madrid\/\",\"name\":\"Attive due nuove rotte dirette di \ufeffBlue Air da Torino verso Londra e Madrid - Volare in Piemonte\",\"isPartOf\":{\"@id\":\"https:\/\/web.quotidianopiemontese.it\/volareinpiemonte\/#website\"},\"primaryImageOfPage\":{\"@id\":\"http:\/\/web.quotidianopiemontese.it\/volareinpiemonte\/attive-due-nuove-rotte-dirette-di-%ef%bb%bfblue-air-da-torino-verso-londra-e-madrid\/#primaryimage\"},\"image\":{\"@id\":\"http:\/\/web.quotidianopiemontese.it\/volareinpiemonte\/attive-due-nuove-rotte-dirette-di-%ef%bb%bfblue-air-da-torino-verso-londra-e-madrid\/#primaryimage\"},\"thumbnailUrl\":\"https:\/\/web.quotidianopiemontese.it\/volareinpiemonte\/files\/2014\/09\/blue_air.jpg\",\"datePublished\":\"2016-03-26T15:17:21+00:00\",\"dateModified\":\"2016-03-26T23:56:47+00:00\",\"author\":{\"@id\":\"https:\/\/web.quotidianopiemontese.it\/volareinpiemonte\/#\/schema\/person\/92b86f27cfe3bd649bd878d4f9c88190\"},\"description\":\"Partono\u00a0le due nuove rotte dirette di Blue Air\u00a0da Torino verso le capitali europee per Londra Luton e Madrid, due delle sei capitali europee che fanno\",\"breadcrumb\":{\"@id\":\"http:\/\/web.quotidianopiemontese.it\/volareinpiemonte\/attive-due-nuove-rotte-dirette-di-%ef%bb%bfblue-air-da-torino-verso-londra-e-madrid\/#breadcrumb\"},\"inLanguage\":\"it-IT\",\"potentialAction\":[{\"@type\":\"ReadAction\",\"target\":[\"http:\/\/web.quotidianopiemontese.it\/volareinpiemonte\/attive-due-nuove-rotte-dirette-di-%ef%bb%bfblue-air-da-torino-verso-londra-e-madrid\/\"]}]},{\"@type\":\"ImageObject\",\"inLanguage\":\"it-IT\",\"@id\":\"http:\/\/web.quotidianopiemontese.it\/volareinpiemonte\/attive-due-nuove-rotte-dirette-di-%ef%bb%bfblue-air-da-torino-verso-londra-e-madrid\/#primaryimage\",\"url\":\"https:\/\/web.quotidianopiemontese.it\/volareinpiemonte\/files\/2014\/09\/blue_air.jpg\",\"contentUrl\":\"https:\/\/web.quotidianopiemontese.it\/volareinpiemonte\/files\/2014\/09\/blue_air.jpg\",\"width\":835,\"height\":473},{\"@type\":\"BreadcrumbList\",\"@id\":\"http:\/\/web.quotidianopiemontese.it\/volareinpiemonte\/attive-due-nuove-rotte-dirette-di-%ef%bb%bfblue-air-da-torino-verso-londra-e-madrid\/#breadcrumb\",\"itemListElement\":[{\"@type\":\"ListItem\",\"position\":1,\"name\":\"Home\",\"item\":\"https:\/\/web.quotidianopiemontese.it\/volareinpiemonte\/\"},{\"@type\":\"ListItem\",\"position\":2,\"name\":\"Attive due nuove rotte dirette di \ufeffBlue Air da Torino verso Londra e Madrid\"}]},{\"@type\":\"WebSite\",\"@id\":\"https:\/\/web.quotidianopiemontese.it\/volareinpiemonte\/#website\",\"url\":\"https:\/\/web.quotidianopiemontese.it\/volareinpiemonte\/\",\"name\":\"Volare in Piemonte\",\"description\":\"Quotidiano Piemontese\",\"potentialAction\":[{\"@type\":\"SearchAction\",\"target\":{\"@type\":\"EntryPoint\",\"urlTemplate\":\"https:\/\/web.quotidianopiemontese.it\/volareinpiemonte\/?s={search_term_string}\"},\"query-input\":{\"@type\":\"PropertyValueSpecification\",\"valueRequired\":true,\"valueName\":\"search_term_string\"}}],\"inLanguage\":\"it-IT\"},{\"@type\":\"Person\",\"@id\":\"https:\/\/web.quotidianopiemontese.it\/volareinpiemonte\/#\/schema\/person\/92b86f27cfe3bd649bd878d4f9c88190\",\"name\":\"Redazione\",\"image\":{\"@type\":\"ImageObject\",\"inLanguage\":\"it-IT\",\"@id\":\"https:\/\/web.quotidianopiemontese.it\/volareinpiemonte\/#\/schema\/person\/image\/\",\"url\":\"https:\/\/secure.gravatar.com\/avatar\/fdce1b5a74767a43870aca54b0800bed88aab98b8098f69ac252d11aec8cdbe7?s=96&d=mm&r=g\",\"contentUrl\":\"https:\/\/secure.gravatar.com\/avatar\/fdce1b5a74767a43870aca54b0800bed88aab98b8098f69ac252d11aec8cdbe7?s=96&d=mm&r=g\",\"caption\":\"Redazione\"},\"description\":\"Quotidiano Piemontese: il sito di informazione pi\u00f9 letto del Piemonte : libero, tempestivo indipendente, social. L'hub sociale e informativo del Piemonte\",\"sameAs\":[\"http:\/\/www.quotidianopiemontese.it\/\",\"https:\/\/www.facebook.com\/quotidianopiemontese\",\"https:\/\/x.com\/quotidianopiem\"],\"url\":\"https:\/\/web.quotidianopiemontese.it\/volareinpiemonte\/author\/administrator\/\"}]}<\/script>\n<!-- \/ Yoast SEO plugin. -->","yoast_head_json":{"title":"Attive due nuove rotte dirette di \ufeffBlue Air da Torino verso Londra e Madrid - Volare in Piemonte","description":"Partono\u00a0le due nuove rotte dirette di Blue Air\u00a0da Torino verso le capitali europee per Londra Luton e Madrid, due delle sei capitali europee che fanno","robots":{"index":"index","follow":"follow","max-snippet":"max-snippet:-1","max-image-preview":"max-image-preview:large","max-video-preview":"max-video-preview:-1"},"canonical":"http:\/\/web.quotidianopiemontese.it\/volareinpiemonte\/attive-due-nuove-rotte-dirette-di-\ufeffblue-air-da-torino-verso-londra-e-madrid\/","og_locale":"it_IT","og_type":"article","og_title":"Attive due nuove rotte dirette di \ufeffBlue Air da Torino verso Londra e Madrid - Volare in Piemonte","og_description":"Partono\u00a0le due nuove rotte dirette di Blue Air\u00a0da Torino verso le capitali europee per Londra Luton e Madrid, due delle sei capitali europee che fanno","og_url":"http:\/\/web.quotidianopiemontese.it\/volareinpiemonte\/attive-due-nuove-rotte-dirette-di-\ufeffblue-air-da-torino-verso-londra-e-madrid\/","og_site_name":"Volare in Piemonte","article_publisher":"https:\/\/www.facebook.com\/quotidianopiemontese?fref=ts","article_author":"https:\/\/www.facebook.com\/quotidianopiemontese","article_published_time":"2016-03-26T15:17:21+00:00","article_modified_time":"2016-03-26T23:56:47+00:00","og_image":[{"width":835,"height":473,"url":"http:\/\/web.quotidianopiemontese.it\/volareinpiemonte\/files\/2014\/09\/blue_air.jpg","type":"image\/jpeg"}],"author":"Redazione","twitter_misc":{"Scritto da":"Redazione","Tempo di lettura stimato":"1 minuto"},"schema":{"@context":"https:\/\/schema.org","@graph":[{"@type":"Article","@id":"http:\/\/web.quotidianopiemontese.it\/volareinpiemonte\/attive-due-nuove-rotte-dirette-di-%ef%bb%bfblue-air-da-torino-verso-londra-e-madrid\/#article","isPartOf":{"@id":"http:\/\/web.quotidianopiemontese.it\/volareinpiemonte\/attive-due-nuove-rotte-dirette-di-%ef%bb%bfblue-air-da-torino-verso-londra-e-madrid\/"},"author":{"name":"Redazione","@id":"https:\/\/web.quotidianopiemontese.it\/volareinpiemonte\/#\/schema\/person\/92b86f27cfe3bd649bd878d4f9c88190"},"headline":"Attive due nuove rotte dirette di \ufeffBlue Air da Torino verso Londra e Madrid","datePublished":"2016-03-26T15:17:21+00:00","dateModified":"2016-03-26T23:56:47+00:00","mainEntityOfPage":{"@id":"http:\/\/web.quotidianopiemontese.it\/volareinpiemonte\/attive-due-nuove-rotte-dirette-di-%ef%bb%bfblue-air-da-torino-verso-londra-e-madrid\/"},"wordCount":184,"commentCount":0,"image":{"@id":"http:\/\/web.quotidianopiemontese.it\/volareinpiemonte\/attive-due-nuove-rotte-dirette-di-%ef%bb%bfblue-air-da-torino-verso-londra-e-madrid\/#primaryimage"},"thumbnailUrl":"https:\/\/web.quotidianopiemontese.it\/volareinpiemonte\/files\/2014\/09\/blue_air.jpg","keywords":["blue air","londra","madri"],"articleSection":["Volare in Piemonte"],"inLanguage":"it-IT","potentialAction":[{"@type":"CommentAction","name":"Comment","target":["http:\/\/web.quotidianopiemontese.it\/volareinpiemonte\/attive-due-nuove-rotte-dirette-di-%ef%bb%bfblue-air-da-torino-verso-londra-e-madrid\/#respond"]}]},{"@type":"WebPage","@id":"http:\/\/web.quotidianopiemontese.it\/volareinpiemonte\/attive-due-nuove-rotte-dirette-di-%ef%bb%bfblue-air-da-torino-verso-londra-e-madrid\/","url":"http:\/\/web.quotidianopiemontese.it\/volareinpiemonte\/attive-due-nuove-rotte-dirette-di-%ef%bb%bfblue-air-da-torino-verso-londra-e-madrid\/","name":"Attive due nuove rotte dirette di \ufeffBlue Air da Torino verso Londra e Madrid - Volare in Piemonte","isPartOf":{"@id":"https:\/\/web.quotidianopiemontese.it\/volareinpiemonte\/#website"},"primaryImageOfPage":{"@id":"http:\/\/web.quotidianopiemontese.it\/volareinpiemonte\/attive-due-nuove-rotte-dirette-di-%ef%bb%bfblue-air-da-torino-verso-londra-e-madrid\/#primaryimage"},"image":{"@id":"http:\/\/web.quotidianopiemontese.it\/volareinpiemonte\/attive-due-nuove-rotte-dirette-di-%ef%bb%bfblue-air-da-torino-verso-londra-e-madrid\/#primaryimage"},"thumbnailUrl":"https:\/\/web.quotidianopiemontese.it\/volareinpiemonte\/files\/2014\/09\/blue_air.jpg","datePublished":"2016-03-26T15:17:21+00:00","dateModified":"2016-03-26T23:56:47+00:00","author":{"@id":"https:\/\/web.quotidianopiemontese.it\/volareinpiemonte\/#\/schema\/person\/92b86f27cfe3bd649bd878d4f9c88190"},"description":"Partono\u00a0le due nuove rotte dirette di Blue Air\u00a0da Torino verso le capitali europee per Londra Luton e Madrid, due delle sei capitali europee che fanno","breadcrumb":{"@id":"http:\/\/web.quotidianopiemontese.it\/volareinpiemonte\/attive-due-nuove-rotte-dirette-di-%ef%bb%bfblue-air-da-torino-verso-londra-e-madrid\/#breadcrumb"},"inLanguage":"it-IT","potentialAction":[{"@type":"ReadAction","target":["http:\/\/web.quotidianopiemontese.it\/volareinpiemonte\/attive-due-nuove-rotte-dirette-di-%ef%bb%bfblue-air-da-torino-verso-londra-e-madrid\/"]}]},{"@type":"ImageObject","inLanguage":"it-IT","@id":"http:\/\/web.quotidianopiemontese.it\/volareinpiemonte\/attive-due-nuove-rotte-dirette-di-%ef%bb%bfblue-air-da-torino-verso-londra-e-madrid\/#primaryimage","url":"https:\/\/web.quotidianopiemontese.it\/volareinpiemonte\/files\/2014\/09\/blue_air.jpg","contentUrl":"https:\/\/web.quotidianopiemontese.it\/volareinpiemonte\/files\/2014\/09\/blue_air.jpg","width":835,"height":473},{"@type":"BreadcrumbList","@id":"http:\/\/web.quotidianopiemontese.it\/volareinpiemonte\/attive-due-nuove-rotte-dirette-di-%ef%bb%bfblue-air-da-torino-verso-londra-e-madrid\/#breadcrumb","itemListElement":[{"@type":"ListItem","position":1,"name":"Home","item":"https:\/\/web.quotidianopiemontese.it\/volareinpiemonte\/"},{"@type":"ListItem","position":2,"name":"Attive due nuove rotte dirette di \ufeffBlue Air da Torino verso Londra e Madrid"}]},{"@type":"WebSite","@id":"https:\/\/web.quotidianopiemontese.it\/volareinpiemonte\/#website","url":"https:\/\/web.quotidianopiemontese.it\/volareinpiemonte\/","name":"Volare in Piemonte","description":"Quotidiano Piemontese","potentialAction":[{"@type":"SearchAction","target":{"@type":"EntryPoint","urlTemplate":"https:\/\/web.quotidianopiemontese.it\/volareinpiemonte\/?s={search_term_string}"},"query-input":{"@type":"PropertyValueSpecification","valueRequired":true,"valueName":"search_term_string"}}],"inLanguage":"it-IT"},{"@type":"Person","@id":"https:\/\/web.quotidianopiemontese.it\/volareinpiemonte\/#\/schema\/person\/92b86f27cfe3bd649bd878d4f9c88190","name":"Redazione","image":{"@type":"ImageObject","inLanguage":"it-IT","@id":"https:\/\/web.quotidianopiemontese.it\/volareinpiemonte\/#\/schema\/person\/image\/","url":"https:\/\/secure.gravatar.com\/avatar\/fdce1b5a74767a43870aca54b0800bed88aab98b8098f69ac252d11aec8cdbe7?s=96&d=mm&r=g","contentUrl":"https:\/\/secure.gravatar.com\/avatar\/fdce1b5a74767a43870aca54b0800bed88aab98b8098f69ac252d11aec8cdbe7?s=96&d=mm&r=g","caption":"Redazione"},"description":"Quotidiano Piemontese: il sito di informazione pi\u00f9 letto del Piemonte : libero, tempestivo indipendente, social. L'hub sociale e informativo del Piemonte","sameAs":["http:\/\/www.quotidianopiemontese.it\/","https:\/\/www.facebook.com\/quotidianopiemontese","https:\/\/x.com\/quotidianopiem"],"url":"https:\/\/web.quotidianopiemontese.it\/volareinpiemonte\/author\/administrator\/"}]}},"_links":{"self":[{"href":"https:\/\/web.quotidianopiemontese.it\/volareinpiemonte\/wp-json\/wp\/v2\/posts\/387","targetHints":{"allow":["GET"]}}],"collection":[{"href":"https:\/\/web.quotidianopiemontese.it\/volareinpiemonte\/wp-json\/wp\/v2\/posts"}],"about":[{"href":"https:\/\/web.quotidianopiemontese.it\/volareinpiemonte\/wp-json\/wp\/v2\/types\/post"}],"author":[{"embeddable":true,"href":"https:\/\/web.quotidianopiemontese.it\/volareinpiemonte\/wp-json\/wp\/v2\/users\/1"}],"replies":[{"embeddable":true,"href":"https:\/\/web.quotidianopiemontese.it\/volareinpiemonte\/wp-json\/wp\/v2\/comments?post=387"}],"version-history":[{"count":0,"href":"https:\/\/web.quotidianopiemontese.it\/volareinpiemonte\/wp-json\/wp\/v2\/posts\/387\/revisions"}],"wp:featuredmedia":[{"embeddable":true,"href":"https:\/\/web.quotidianopiemontese.it\/volareinpiemonte\/wp-json\/wp\/v2\/media\/302"}],"wp:attachment":[{"href":"https:\/\/web.quotidianopiemontese.it\/volareinpiemonte\/wp-json\/wp\/v2\/media?parent=387"}],"wp:term":[{"taxonomy":"category","embeddable":true,"href":"https:\/\/web.quotidianopiemontese.it\/volareinpiemonte\/wp-json\/wp\/v2\/categories?post=387"},{"taxonomy":"post_tag","embeddable":true,"href":"https:\/\/web.quotidianopiemontese.it\/volareinpiemonte\/wp-json\/wp\/v2\/tags?post=387"}],"curies":[{"name":"wp","href":"https:\/\/api.w.org\/{rel}","templated":true}]}}