{"id":381,"date":"2016-02-04T19:45:56","date_gmt":"2016-02-04T19:45:56","guid":{"rendered":"http:\/\/www.quotidianopiemontese.it\/volareinpiemonte\/?p=381"},"modified":"2016-03-26T15:11:59","modified_gmt":"2016-03-26T15:11:59","slug":"da-torino-si-vola-a-berlino-con-blue-air","status":"publish","type":"post","link":"https:\/\/web.quotidianopiemontese.it\/volareinpiemonte\/da-torino-si-vola-a-berlino-con-blue-air\/","title":{"rendered":"Da Torino si vola a Berlino con Blue Air"},"content":{"rendered":"<p>La compagnia area Blue Air annuncia l\u2019apertura del nuovo collegamento trisettimanale Torino-Berlino\u00a0(Tegel).\u00a0Il nuovo volo, operativo a partire dal 2 maggio, verr\u00e0 effettuato ogni luned\u00ec, <!--more-->mercoled\u00ec e venerd\u00ec, secondo il seguente orario:<\/p>\n<p>TORINO \u2013 BERLINO<br \/>\nluned\u00ec e mercoled\u00ec 19:35 \u2013 21:15<br \/>\nvenerd\u00ec 13:15 \u2013 14:55<br \/>\nBERLINO \u2013 TORINO<br \/>\nluned\u00ec e mercoled\u00ec 22:00 \u2013 23:40<br \/>\nvenerd\u00ec 15:40 \u2013 17:20<\/p>\n<p>Insieme a BERLINO, Blue Air collegher\u00e0 Torino con altri aeroporti:<\/p>\n<p>LONDRA LUTON\u00a0dal 27 marzo:\u00a0marted\u00ec, gioved\u00ec, venerd\u00ec e domenica<br \/>\nMADRID\u00a0dal 27 marzo: \u00a0luned\u00ec, mercoled\u00ec, venerd\u00ec e domenica<br \/>\nATENE\u00a0dal 4 giugno:\u00a0marted\u00ec e sabato<br \/>\nMINORCA\u00a0dal 2 giugno:\u00a0gioved\u00ec e domenica<br \/>\nPALMA DI MAIORCA\u00a0dal 4 giugno: \u00a0marted\u00ec e sabato<\/p>\n","protected":false},"excerpt":{"rendered":"<p>La compagnia area Blue Air annuncia l\u2019apertura del nuovo collegamento trisettimanale Torino-Berlino\u00a0(Tegel).\u00a0Il nuovo volo, operativo a partire dal 2 maggio, verr\u00e0 effettuato ogni luned\u00ec,<\/p>\n","protected":false},"author":1,"featured_media":302,"comment_status":"open","ping_status":"closed","sticky":false,"template":"","format":"standard","meta":{"footnotes":""},"categories":[1],"tags":[57,3],"class_list":["post-381","post","type-post","status-publish","format-standard","has-post-thumbnail","hentry","category-volare-in-piemonte","tag-berlino","tag-caselle"],"yoast_head":"<!-- This site is optimized with the Yoast SEO plugin v27.1.1 - https:\/\/yoast.com\/product\/yoast-seo-wordpress\/ -->\n<title>Da Torino si vola a Berlino con Blue Air - Volare in Piemonte<\/title>\n<meta name=\"description\" content=\"La compagnia area Blue Air annuncia l\u2019apertura del nuovo collegamento trisettimanale Torino-Berlino\u00a0(Tegel).\u00a0Il nuovo volo, operativo a partire dal 2\" \/>\n<meta name=\"robots\" content=\"index, follow, max-snippet:-1, max-image-preview:large, max-video-preview:-1\" \/>\n<link rel=\"canonical\" href=\"https:\/\/web.quotidianopiemontese.it\/volareinpiemonte\/da-torino-si-vola-a-berlino-con-blue-air\/\" \/>\n<meta property=\"og:locale\" content=\"it_IT\" \/>\n<meta property=\"og:type\" content=\"article\" \/>\n<meta property=\"og:title\" content=\"Da Torino si vola a Berlino con Blue Air - Volare in Piemonte\" \/>\n<meta property=\"og:description\" content=\"La compagnia area Blue Air annuncia l\u2019apertura del nuovo collegamento trisettimanale Torino-Berlino\u00a0(Tegel).\u00a0Il nuovo volo, operativo a partire dal 2\" \/>\n<meta property=\"og:url\" content=\"https:\/\/web.quotidianopiemontese.it\/volareinpiemonte\/da-torino-si-vola-a-berlino-con-blue-air\/\" \/>\n<meta property=\"og:site_name\" content=\"Volare in Piemonte\" \/>\n<meta property=\"article:publisher\" content=\"https:\/\/www.facebook.com\/quotidianopiemontese?fref=ts\" \/>\n<meta property=\"article:author\" content=\"https:\/\/www.facebook.com\/quotidianopiemontese\" \/>\n<meta property=\"article:published_time\" content=\"2016-02-04T19:45:56+00:00\" \/>\n<meta property=\"article:modified_time\" content=\"2016-03-26T15:11:59+00:00\" \/>\n<meta property=\"og:image\" content=\"https:\/\/web.quotidianopiemontese.it\/volareinpiemonte\/files\/2014\/09\/blue_air.jpg\" \/>\n\t<meta property=\"og:image:width\" content=\"835\" \/>\n\t<meta property=\"og:image:height\" content=\"473\" \/>\n\t<meta property=\"og:image:type\" content=\"image\/jpeg\" \/>\n<meta name=\"author\" content=\"Redazione\" \/>\n<meta name=\"twitter:label1\" content=\"Scritto da\" \/>\n\t<meta name=\"twitter:data1\" content=\"Redazione\" \/>\n<script type=\"application\/ld+json\" class=\"yoast-schema-graph\">{\"@context\":\"https:\/\/schema.org\",\"@graph\":[{\"@type\":\"Article\",\"@id\":\"https:\/\/web.quotidianopiemontese.it\/volareinpiemonte\/da-torino-si-vola-a-berlino-con-blue-air\/#article\",\"isPartOf\":{\"@id\":\"https:\/\/web.quotidianopiemontese.it\/volareinpiemonte\/da-torino-si-vola-a-berlino-con-blue-air\/\"},\"author\":{\"name\":\"Redazione\",\"@id\":\"https:\/\/web.quotidianopiemontese.it\/volareinpiemonte\/#\/schema\/person\/92b86f27cfe3bd649bd878d4f9c88190\"},\"headline\":\"Da Torino si vola a Berlino con Blue Air\",\"datePublished\":\"2016-02-04T19:45:56+00:00\",\"dateModified\":\"2016-03-26T15:11:59+00:00\",\"mainEntityOfPage\":{\"@id\":\"https:\/\/web.quotidianopiemontese.it\/volareinpiemonte\/da-torino-si-vola-a-berlino-con-blue-air\/\"},\"wordCount\":101,\"commentCount\":0,\"image\":{\"@id\":\"https:\/\/web.quotidianopiemontese.it\/volareinpiemonte\/da-torino-si-vola-a-berlino-con-blue-air\/#primaryimage\"},\"thumbnailUrl\":\"https:\/\/web.quotidianopiemontese.it\/volareinpiemonte\/files\/2014\/09\/blue_air.jpg\",\"keywords\":[\"berlino\",\"caselle\"],\"articleSection\":[\"Volare in Piemonte\"],\"inLanguage\":\"it-IT\",\"potentialAction\":[{\"@type\":\"CommentAction\",\"name\":\"Comment\",\"target\":[\"https:\/\/web.quotidianopiemontese.it\/volareinpiemonte\/da-torino-si-vola-a-berlino-con-blue-air\/#respond\"]}]},{\"@type\":\"WebPage\",\"@id\":\"https:\/\/web.quotidianopiemontese.it\/volareinpiemonte\/da-torino-si-vola-a-berlino-con-blue-air\/\",\"url\":\"https:\/\/web.quotidianopiemontese.it\/volareinpiemonte\/da-torino-si-vola-a-berlino-con-blue-air\/\",\"name\":\"Da Torino si vola a Berlino con Blue Air - Volare in Piemonte\",\"isPartOf\":{\"@id\":\"https:\/\/web.quotidianopiemontese.it\/volareinpiemonte\/#website\"},\"primaryImageOfPage\":{\"@id\":\"https:\/\/web.quotidianopiemontese.it\/volareinpiemonte\/da-torino-si-vola-a-berlino-con-blue-air\/#primaryimage\"},\"image\":{\"@id\":\"https:\/\/web.quotidianopiemontese.it\/volareinpiemonte\/da-torino-si-vola-a-berlino-con-blue-air\/#primaryimage\"},\"thumbnailUrl\":\"https:\/\/web.quotidianopiemontese.it\/volareinpiemonte\/files\/2014\/09\/blue_air.jpg\",\"datePublished\":\"2016-02-04T19:45:56+00:00\",\"dateModified\":\"2016-03-26T15:11:59+00:00\",\"author\":{\"@id\":\"https:\/\/web.quotidianopiemontese.it\/volareinpiemonte\/#\/schema\/person\/92b86f27cfe3bd649bd878d4f9c88190\"},\"description\":\"La compagnia area Blue Air annuncia l\u2019apertura del nuovo collegamento trisettimanale Torino-Berlino\u00a0(Tegel).\u00a0Il nuovo volo, operativo a partire dal 2\",\"breadcrumb\":{\"@id\":\"https:\/\/web.quotidianopiemontese.it\/volareinpiemonte\/da-torino-si-vola-a-berlino-con-blue-air\/#breadcrumb\"},\"inLanguage\":\"it-IT\",\"potentialAction\":[{\"@type\":\"ReadAction\",\"target\":[\"https:\/\/web.quotidianopiemontese.it\/volareinpiemonte\/da-torino-si-vola-a-berlino-con-blue-air\/\"]}]},{\"@type\":\"ImageObject\",\"inLanguage\":\"it-IT\",\"@id\":\"https:\/\/web.quotidianopiemontese.it\/volareinpiemonte\/da-torino-si-vola-a-berlino-con-blue-air\/#primaryimage\",\"url\":\"https:\/\/web.quotidianopiemontese.it\/volareinpiemonte\/files\/2014\/09\/blue_air.jpg\",\"contentUrl\":\"https:\/\/web.quotidianopiemontese.it\/volareinpiemonte\/files\/2014\/09\/blue_air.jpg\",\"width\":835,\"height\":473},{\"@type\":\"BreadcrumbList\",\"@id\":\"https:\/\/web.quotidianopiemontese.it\/volareinpiemonte\/da-torino-si-vola-a-berlino-con-blue-air\/#breadcrumb\",\"itemListElement\":[{\"@type\":\"ListItem\",\"position\":1,\"name\":\"Home\",\"item\":\"https:\/\/web.quotidianopiemontese.it\/volareinpiemonte\/\"},{\"@type\":\"ListItem\",\"position\":2,\"name\":\"Da Torino si vola a Berlino con Blue Air\"}]},{\"@type\":\"WebSite\",\"@id\":\"https:\/\/web.quotidianopiemontese.it\/volareinpiemonte\/#website\",\"url\":\"https:\/\/web.quotidianopiemontese.it\/volareinpiemonte\/\",\"name\":\"Volare in Piemonte\",\"description\":\"Quotidiano Piemontese\",\"potentialAction\":[{\"@type\":\"SearchAction\",\"target\":{\"@type\":\"EntryPoint\",\"urlTemplate\":\"https:\/\/web.quotidianopiemontese.it\/volareinpiemonte\/?s={search_term_string}\"},\"query-input\":{\"@type\":\"PropertyValueSpecification\",\"valueRequired\":true,\"valueName\":\"search_term_string\"}}],\"inLanguage\":\"it-IT\"},{\"@type\":\"Person\",\"@id\":\"https:\/\/web.quotidianopiemontese.it\/volareinpiemonte\/#\/schema\/person\/92b86f27cfe3bd649bd878d4f9c88190\",\"name\":\"Redazione\",\"image\":{\"@type\":\"ImageObject\",\"inLanguage\":\"it-IT\",\"@id\":\"https:\/\/web.quotidianopiemontese.it\/volareinpiemonte\/#\/schema\/person\/image\/\",\"url\":\"https:\/\/secure.gravatar.com\/avatar\/fdce1b5a74767a43870aca54b0800bed88aab98b8098f69ac252d11aec8cdbe7?s=96&d=mm&r=g\",\"contentUrl\":\"https:\/\/secure.gravatar.com\/avatar\/fdce1b5a74767a43870aca54b0800bed88aab98b8098f69ac252d11aec8cdbe7?s=96&d=mm&r=g\",\"caption\":\"Redazione\"},\"description\":\"Quotidiano Piemontese: il sito di informazione pi\u00f9 letto del Piemonte : libero, tempestivo indipendente, social. L'hub sociale e informativo del Piemonte\",\"sameAs\":[\"http:\/\/www.quotidianopiemontese.it\/\",\"https:\/\/www.facebook.com\/quotidianopiemontese\",\"https:\/\/x.com\/quotidianopiem\"],\"url\":\"https:\/\/web.quotidianopiemontese.it\/volareinpiemonte\/author\/administrator\/\"}]}<\/script>\n<!-- \/ Yoast SEO plugin. -->","yoast_head_json":{"title":"Da Torino si vola a Berlino con Blue Air - Volare in Piemonte","description":"La compagnia area Blue Air annuncia l\u2019apertura del nuovo collegamento trisettimanale Torino-Berlino\u00a0(Tegel).\u00a0Il nuovo volo, operativo a partire dal 2","robots":{"index":"index","follow":"follow","max-snippet":"max-snippet:-1","max-image-preview":"max-image-preview:large","max-video-preview":"max-video-preview:-1"},"canonical":"https:\/\/web.quotidianopiemontese.it\/volareinpiemonte\/da-torino-si-vola-a-berlino-con-blue-air\/","og_locale":"it_IT","og_type":"article","og_title":"Da Torino si vola a Berlino con Blue Air - Volare in Piemonte","og_description":"La compagnia area Blue Air annuncia l\u2019apertura del nuovo collegamento trisettimanale Torino-Berlino\u00a0(Tegel).\u00a0Il nuovo volo, operativo a partire dal 2","og_url":"https:\/\/web.quotidianopiemontese.it\/volareinpiemonte\/da-torino-si-vola-a-berlino-con-blue-air\/","og_site_name":"Volare in Piemonte","article_publisher":"https:\/\/www.facebook.com\/quotidianopiemontese?fref=ts","article_author":"https:\/\/www.facebook.com\/quotidianopiemontese","article_published_time":"2016-02-04T19:45:56+00:00","article_modified_time":"2016-03-26T15:11:59+00:00","og_image":[{"width":835,"height":473,"url":"https:\/\/web.quotidianopiemontese.it\/volareinpiemonte\/files\/2014\/09\/blue_air.jpg","type":"image\/jpeg"}],"author":"Redazione","twitter_misc":{"Scritto da":"Redazione"},"schema":{"@context":"https:\/\/schema.org","@graph":[{"@type":"Article","@id":"https:\/\/web.quotidianopiemontese.it\/volareinpiemonte\/da-torino-si-vola-a-berlino-con-blue-air\/#article","isPartOf":{"@id":"https:\/\/web.quotidianopiemontese.it\/volareinpiemonte\/da-torino-si-vola-a-berlino-con-blue-air\/"},"author":{"name":"Redazione","@id":"https:\/\/web.quotidianopiemontese.it\/volareinpiemonte\/#\/schema\/person\/92b86f27cfe3bd649bd878d4f9c88190"},"headline":"Da Torino si vola a Berlino con Blue Air","datePublished":"2016-02-04T19:45:56+00:00","dateModified":"2016-03-26T15:11:59+00:00","mainEntityOfPage":{"@id":"https:\/\/web.quotidianopiemontese.it\/volareinpiemonte\/da-torino-si-vola-a-berlino-con-blue-air\/"},"wordCount":101,"commentCount":0,"image":{"@id":"https:\/\/web.quotidianopiemontese.it\/volareinpiemonte\/da-torino-si-vola-a-berlino-con-blue-air\/#primaryimage"},"thumbnailUrl":"https:\/\/web.quotidianopiemontese.it\/volareinpiemonte\/files\/2014\/09\/blue_air.jpg","keywords":["berlino","caselle"],"articleSection":["Volare in Piemonte"],"inLanguage":"it-IT","potentialAction":[{"@type":"CommentAction","name":"Comment","target":["https:\/\/web.quotidianopiemontese.it\/volareinpiemonte\/da-torino-si-vola-a-berlino-con-blue-air\/#respond"]}]},{"@type":"WebPage","@id":"https:\/\/web.quotidianopiemontese.it\/volareinpiemonte\/da-torino-si-vola-a-berlino-con-blue-air\/","url":"https:\/\/web.quotidianopiemontese.it\/volareinpiemonte\/da-torino-si-vola-a-berlino-con-blue-air\/","name":"Da Torino si vola a Berlino con Blue Air - Volare in Piemonte","isPartOf":{"@id":"https:\/\/web.quotidianopiemontese.it\/volareinpiemonte\/#website"},"primaryImageOfPage":{"@id":"https:\/\/web.quotidianopiemontese.it\/volareinpiemonte\/da-torino-si-vola-a-berlino-con-blue-air\/#primaryimage"},"image":{"@id":"https:\/\/web.quotidianopiemontese.it\/volareinpiemonte\/da-torino-si-vola-a-berlino-con-blue-air\/#primaryimage"},"thumbnailUrl":"https:\/\/web.quotidianopiemontese.it\/volareinpiemonte\/files\/2014\/09\/blue_air.jpg","datePublished":"2016-02-04T19:45:56+00:00","dateModified":"2016-03-26T15:11:59+00:00","author":{"@id":"https:\/\/web.quotidianopiemontese.it\/volareinpiemonte\/#\/schema\/person\/92b86f27cfe3bd649bd878d4f9c88190"},"description":"La compagnia area Blue Air annuncia l\u2019apertura del nuovo collegamento trisettimanale Torino-Berlino\u00a0(Tegel).\u00a0Il nuovo volo, operativo a partire dal 2","breadcrumb":{"@id":"https:\/\/web.quotidianopiemontese.it\/volareinpiemonte\/da-torino-si-vola-a-berlino-con-blue-air\/#breadcrumb"},"inLanguage":"it-IT","potentialAction":[{"@type":"ReadAction","target":["https:\/\/web.quotidianopiemontese.it\/volareinpiemonte\/da-torino-si-vola-a-berlino-con-blue-air\/"]}]},{"@type":"ImageObject","inLanguage":"it-IT","@id":"https:\/\/web.quotidianopiemontese.it\/volareinpiemonte\/da-torino-si-vola-a-berlino-con-blue-air\/#primaryimage","url":"https:\/\/web.quotidianopiemontese.it\/volareinpiemonte\/files\/2014\/09\/blue_air.jpg","contentUrl":"https:\/\/web.quotidianopiemontese.it\/volareinpiemonte\/files\/2014\/09\/blue_air.jpg","width":835,"height":473},{"@type":"BreadcrumbList","@id":"https:\/\/web.quotidianopiemontese.it\/volareinpiemonte\/da-torino-si-vola-a-berlino-con-blue-air\/#breadcrumb","itemListElement":[{"@type":"ListItem","position":1,"name":"Home","item":"https:\/\/web.quotidianopiemontese.it\/volareinpiemonte\/"},{"@type":"ListItem","position":2,"name":"Da Torino si vola a Berlino con Blue Air"}]},{"@type":"WebSite","@id":"https:\/\/web.quotidianopiemontese.it\/volareinpiemonte\/#website","url":"https:\/\/web.quotidianopiemontese.it\/volareinpiemonte\/","name":"Volare in Piemonte","description":"Quotidiano Piemontese","potentialAction":[{"@type":"SearchAction","target":{"@type":"EntryPoint","urlTemplate":"https:\/\/web.quotidianopiemontese.it\/volareinpiemonte\/?s={search_term_string}"},"query-input":{"@type":"PropertyValueSpecification","valueRequired":true,"valueName":"search_term_string"}}],"inLanguage":"it-IT"},{"@type":"Person","@id":"https:\/\/web.quotidianopiemontese.it\/volareinpiemonte\/#\/schema\/person\/92b86f27cfe3bd649bd878d4f9c88190","name":"Redazione","image":{"@type":"ImageObject","inLanguage":"it-IT","@id":"https:\/\/web.quotidianopiemontese.it\/volareinpiemonte\/#\/schema\/person\/image\/","url":"https:\/\/secure.gravatar.com\/avatar\/fdce1b5a74767a43870aca54b0800bed88aab98b8098f69ac252d11aec8cdbe7?s=96&d=mm&r=g","contentUrl":"https:\/\/secure.gravatar.com\/avatar\/fdce1b5a74767a43870aca54b0800bed88aab98b8098f69ac252d11aec8cdbe7?s=96&d=mm&r=g","caption":"Redazione"},"description":"Quotidiano Piemontese: il sito di informazione pi\u00f9 letto del Piemonte : libero, tempestivo indipendente, social. L'hub sociale e informativo del Piemonte","sameAs":["http:\/\/www.quotidianopiemontese.it\/","https:\/\/www.facebook.com\/quotidianopiemontese","https:\/\/x.com\/quotidianopiem"],"url":"https:\/\/web.quotidianopiemontese.it\/volareinpiemonte\/author\/administrator\/"}]}},"_links":{"self":[{"href":"https:\/\/web.quotidianopiemontese.it\/volareinpiemonte\/wp-json\/wp\/v2\/posts\/381","targetHints":{"allow":["GET"]}}],"collection":[{"href":"https:\/\/web.quotidianopiemontese.it\/volareinpiemonte\/wp-json\/wp\/v2\/posts"}],"about":[{"href":"https:\/\/web.quotidianopiemontese.it\/volareinpiemonte\/wp-json\/wp\/v2\/types\/post"}],"author":[{"embeddable":true,"href":"https:\/\/web.quotidianopiemontese.it\/volareinpiemonte\/wp-json\/wp\/v2\/users\/1"}],"replies":[{"embeddable":true,"href":"https:\/\/web.quotidianopiemontese.it\/volareinpiemonte\/wp-json\/wp\/v2\/comments?post=381"}],"version-history":[{"count":0,"href":"https:\/\/web.quotidianopiemontese.it\/volareinpiemonte\/wp-json\/wp\/v2\/posts\/381\/revisions"}],"wp:featuredmedia":[{"embeddable":true,"href":"https:\/\/web.quotidianopiemontese.it\/volareinpiemonte\/wp-json\/wp\/v2\/media\/302"}],"wp:attachment":[{"href":"https:\/\/web.quotidianopiemontese.it\/volareinpiemonte\/wp-json\/wp\/v2\/media?parent=381"}],"wp:term":[{"taxonomy":"category","embeddable":true,"href":"https:\/\/web.quotidianopiemontese.it\/volareinpiemonte\/wp-json\/wp\/v2\/categories?post=381"},{"taxonomy":"post_tag","embeddable":true,"href":"https:\/\/web.quotidianopiemontese.it\/volareinpiemonte\/wp-json\/wp\/v2\/tags?post=381"}],"curies":[{"name":"wp","href":"https:\/\/api.w.org\/{rel}","templated":true}]}}