{"id":321,"date":"2015-01-13T06:55:31","date_gmt":"2015-01-13T06:55:31","guid":{"rendered":"http:\/\/www.quotidianopiemontese.it\/volareinpiemonte\/?p=321"},"modified":"2015-01-13T06:56:35","modified_gmt":"2015-01-13T06:56:35","slug":"forza-italia-chiede-una-strategia-importante-per-rilanciare-caselle","status":"publish","type":"post","link":"https:\/\/web.quotidianopiemontese.it\/volareinpiemonte\/forza-italia-chiede-una-strategia-importante-per-rilanciare-caselle\/","title":{"rendered":"Forza Italia chiede una strategia importante per rilanciare Caselle"},"content":{"rendered":"<p>Gilberto Pichetto, coordinatore regionale e capogruppo in Regione Piemonte per Forza Italia, e il responsabile nazionale Trasporti, Mino Giachino hanno denunciato in una conferenza stampa l\u2019assenza di una strategia forte per l&#8217;aeroporto di Torino: \u201cLa nostra economia ha bisogno di  un aeroporto che dia un contributo forte ai collegamenti commerciali e turistici di Torino e del Piemonte, capace di diventare Hub di sviluppo per le nostre migliori aziende. Cosa che ad oggi Caselle non riesce  ad essere come dimostrano i dati degli ultimi anni .Il 2014 ha segnato la marginalizzazione degli aeroporti del Piemonte rispetto alle traiettorie dei grandi affari, della cultura e del turismo. Insomma i passeggeri saranno pure aumentati, ma l\u2019incremento si registra verso aree a bassa produttivit\u00e0 che non portano sviluppo e crescita per il nostro tessuto produttivo. <!--more--><\/p>\n<p>Emblematica la perdita della tratta Torino-Berlino. Denunciamo quindi con forza la mancanza di un disegno complessivo sia da parte del Governo nazionale, che non ha inserito Torino tra gli scali strategici del Paese, sia del presidente Anci Piero Fassino e del presidente della Conferenza Stato-Regioni Sergio Chiamparino che non hanno saputo in alcun modo difendere il nostro territorio, ritagliando al capoluogo torinese e al suo aeroporto un ruolo strategico in Italia. <\/p>\n<p>Per Mino Giachino: \u201c\u00c8 una situazione vergognosa. Il centrosinistra sta gestendo al ribasso uno scalo storico per il nostro Paese. Inaugurato nel 1953, dall\u2019aeroporto di Torino part\u00ec nel 1954 il primo volo della Compagnia Alitalia, un volo Torino- Roma. Da anni l\u2019Aeroporto di Torino, a causa della miopie delle Giunte Comunali di sinistra, \u00e8 stato gestito senza una adeguata visione strategica e il suo contributo alla economia torinese e piemontese \u00e8 stato molto al di sotto delle sue potenzialit\u00e0. Torino ha sempre avuto una sede operativa della Compagnia aerea nazionale che oggi s\u00ec \u00e8 fatta scippare senza riuscire ad incidere a livello romano. Mentre il Governo Berlusconi finanziava e completava sia la linea 1 della Metro sia la linea Torino-Milano-Napoli-Salerno dell&#8217;AV; l&#8217;aeroporto e la Citt\u00e0 di Torino stavano ferme sul collegamento della rete ad AV con il nostro aeroporto\u201d.<\/p>\n<p>Forza Italia ha ricordato come Torino nel 2002 era 9a nella classifica degli aeroporti nazionali per passeggeri. Nel 2014 \u00e8 al 14mo posto. Le varie gestioni in questi anni hanno magnificato le piccole crescite percentuali perdendo di vista il dato complessivo. Nei primi 10 anni del terzo millennio il sito sabaudo \u00e8 cresciuto del 26% mentre gli aeroporti italiani hanno fatto registrare mediamente un +60%.  Dagli  aeroporti italiani ogni anno partono 144 milioni di passeggeri pari a 2,5 volte gli abitanti del Paese, da Torino partono 3,5 milioni di passeggeri , il 70% dei piemontesi.<\/p>\n<p>Le proposte di Forza Italia sono state proposte in punti<br \/>\n&#8211; ottenere dal Governo l&#8217;inserimento di Torino tra i 12 aeroporti strategici del Paese;<br \/>\n&#8211; definire un piano regionale dei trasporti dove il ruolo del nostro Aeroporto sia ben diverso da quanto previsto dall&#8217;ultimo Piano dei trasporti della Regione (Giunta Bresso);<br \/>\n&#8211; concordare con i privati una gestione coordinata Torino-Malpensa-Napoli- Bologna che inserisca il nostro aeroporto in rotte nazionali e internazionali di maggiore interesse in modo da trarne importanti sinergie e ricadute.<\/p>\n","protected":false},"excerpt":{"rendered":"<p>Gilberto Pichetto, coordinatore regionale e capogruppo in Regione Piemonte per Forza Italia, e il responsabile nazionale Trasporti, Mino Giachino hanno denunciato in una conferenza stampa l\u2019assenza di una strategia forte per l&#8217;aeroporto di Torino: \u201cLa nostra economia ha bisogno di un aeroporto che dia un contributo forte ai collegamenti commerciali e turistici di Torino e &hellip; <a href=\"https:\/\/web.quotidianopiemontese.it\/volareinpiemonte\/forza-italia-chiede-una-strategia-importante-per-rilanciare-caselle\/\" class=\"more-link\">Leggi tutto<span class=\"screen-reader-text\"> &#8220;Forza Italia chiede una strategia importante per rilanciare Caselle&#8221;<\/span><\/a><\/p>\n","protected":false},"author":1,"featured_media":0,"comment_status":"open","ping_status":"closed","sticky":false,"template":"","format":"standard","meta":{"footnotes":""},"categories":[1],"tags":[],"class_list":["post-321","post","type-post","status-publish","format-standard","hentry","category-volare-in-piemonte"],"yoast_head":"<!-- This site is optimized with the Yoast SEO plugin v27.1.1 - https:\/\/yoast.com\/product\/yoast-seo-wordpress\/ -->\n<title>Forza Italia chiede una strategia importante per rilanciare Caselle - Volare in Piemonte<\/title>\n<meta name=\"description\" content=\"Gilberto Pichetto, coordinatore regionale e capogruppo in Regione Piemonte per Forza Italia, e il responsabile nazionale Trasporti, Mino Giachino hanno\" \/>\n<meta name=\"robots\" content=\"index, follow, max-snippet:-1, max-image-preview:large, max-video-preview:-1\" \/>\n<link rel=\"canonical\" href=\"http:\/\/web.quotidianopiemontese.it\/volareinpiemonte\/forza-italia-chiede-una-strategia-importante-per-rilanciare-caselle\/\" \/>\n<meta property=\"og:locale\" content=\"it_IT\" \/>\n<meta property=\"og:type\" content=\"article\" \/>\n<meta property=\"og:title\" content=\"Forza Italia chiede una strategia importante per rilanciare Caselle - Volare in Piemonte\" \/>\n<meta property=\"og:description\" content=\"Gilberto Pichetto, coordinatore regionale e capogruppo in Regione Piemonte per Forza Italia, e il responsabile nazionale Trasporti, Mino Giachino hanno\" \/>\n<meta property=\"og:url\" content=\"http:\/\/web.quotidianopiemontese.it\/volareinpiemonte\/forza-italia-chiede-una-strategia-importante-per-rilanciare-caselle\/\" \/>\n<meta property=\"og:site_name\" content=\"Volare in Piemonte\" \/>\n<meta property=\"article:publisher\" content=\"https:\/\/www.facebook.com\/quotidianopiemontese?fref=ts\" \/>\n<meta property=\"article:author\" content=\"https:\/\/www.facebook.com\/quotidianopiemontese\" \/>\n<meta property=\"article:published_time\" content=\"2015-01-13T06:55:31+00:00\" \/>\n<meta property=\"article:modified_time\" content=\"2015-01-13T06:56:35+00:00\" \/>\n<meta name=\"author\" content=\"Redazione\" \/>\n<meta name=\"twitter:label1\" content=\"Scritto da\" \/>\n\t<meta name=\"twitter:data1\" content=\"Redazione\" \/>\n\t<meta name=\"twitter:label2\" content=\"Tempo di lettura stimato\" \/>\n\t<meta name=\"twitter:data2\" content=\"3 minuti\" \/>\n<script type=\"application\/ld+json\" class=\"yoast-schema-graph\">{\"@context\":\"https:\/\/schema.org\",\"@graph\":[{\"@type\":\"Article\",\"@id\":\"http:\/\/web.quotidianopiemontese.it\/volareinpiemonte\/forza-italia-chiede-una-strategia-importante-per-rilanciare-caselle\/#article\",\"isPartOf\":{\"@id\":\"http:\/\/web.quotidianopiemontese.it\/volareinpiemonte\/forza-italia-chiede-una-strategia-importante-per-rilanciare-caselle\/\"},\"author\":{\"name\":\"Redazione\",\"@id\":\"https:\/\/web.quotidianopiemontese.it\/volareinpiemonte\/#\/schema\/person\/92b86f27cfe3bd649bd878d4f9c88190\"},\"headline\":\"Forza Italia chiede una strategia importante per rilanciare Caselle\",\"datePublished\":\"2015-01-13T06:55:31+00:00\",\"dateModified\":\"2015-01-13T06:56:35+00:00\",\"mainEntityOfPage\":{\"@id\":\"http:\/\/web.quotidianopiemontese.it\/volareinpiemonte\/forza-italia-chiede-una-strategia-importante-per-rilanciare-caselle\/\"},\"wordCount\":515,\"commentCount\":0,\"articleSection\":[\"Volare in Piemonte\"],\"inLanguage\":\"it-IT\",\"potentialAction\":[{\"@type\":\"CommentAction\",\"name\":\"Comment\",\"target\":[\"http:\/\/web.quotidianopiemontese.it\/volareinpiemonte\/forza-italia-chiede-una-strategia-importante-per-rilanciare-caselle\/#respond\"]}]},{\"@type\":\"WebPage\",\"@id\":\"http:\/\/web.quotidianopiemontese.it\/volareinpiemonte\/forza-italia-chiede-una-strategia-importante-per-rilanciare-caselle\/\",\"url\":\"http:\/\/web.quotidianopiemontese.it\/volareinpiemonte\/forza-italia-chiede-una-strategia-importante-per-rilanciare-caselle\/\",\"name\":\"Forza Italia chiede una strategia importante per rilanciare Caselle - Volare in Piemonte\",\"isPartOf\":{\"@id\":\"https:\/\/web.quotidianopiemontese.it\/volareinpiemonte\/#website\"},\"datePublished\":\"2015-01-13T06:55:31+00:00\",\"dateModified\":\"2015-01-13T06:56:35+00:00\",\"author\":{\"@id\":\"https:\/\/web.quotidianopiemontese.it\/volareinpiemonte\/#\/schema\/person\/92b86f27cfe3bd649bd878d4f9c88190\"},\"description\":\"Gilberto Pichetto, coordinatore regionale e capogruppo in Regione Piemonte per Forza Italia, e il responsabile nazionale Trasporti, Mino Giachino hanno\",\"breadcrumb\":{\"@id\":\"http:\/\/web.quotidianopiemontese.it\/volareinpiemonte\/forza-italia-chiede-una-strategia-importante-per-rilanciare-caselle\/#breadcrumb\"},\"inLanguage\":\"it-IT\",\"potentialAction\":[{\"@type\":\"ReadAction\",\"target\":[\"http:\/\/web.quotidianopiemontese.it\/volareinpiemonte\/forza-italia-chiede-una-strategia-importante-per-rilanciare-caselle\/\"]}]},{\"@type\":\"BreadcrumbList\",\"@id\":\"http:\/\/web.quotidianopiemontese.it\/volareinpiemonte\/forza-italia-chiede-una-strategia-importante-per-rilanciare-caselle\/#breadcrumb\",\"itemListElement\":[{\"@type\":\"ListItem\",\"position\":1,\"name\":\"Home\",\"item\":\"https:\/\/web.quotidianopiemontese.it\/volareinpiemonte\/\"},{\"@type\":\"ListItem\",\"position\":2,\"name\":\"Forza Italia chiede una strategia importante per rilanciare Caselle\"}]},{\"@type\":\"WebSite\",\"@id\":\"https:\/\/web.quotidianopiemontese.it\/volareinpiemonte\/#website\",\"url\":\"https:\/\/web.quotidianopiemontese.it\/volareinpiemonte\/\",\"name\":\"Volare in Piemonte\",\"description\":\"Quotidiano Piemontese\",\"potentialAction\":[{\"@type\":\"SearchAction\",\"target\":{\"@type\":\"EntryPoint\",\"urlTemplate\":\"https:\/\/web.quotidianopiemontese.it\/volareinpiemonte\/?s={search_term_string}\"},\"query-input\":{\"@type\":\"PropertyValueSpecification\",\"valueRequired\":true,\"valueName\":\"search_term_string\"}}],\"inLanguage\":\"it-IT\"},{\"@type\":\"Person\",\"@id\":\"https:\/\/web.quotidianopiemontese.it\/volareinpiemonte\/#\/schema\/person\/92b86f27cfe3bd649bd878d4f9c88190\",\"name\":\"Redazione\",\"image\":{\"@type\":\"ImageObject\",\"inLanguage\":\"it-IT\",\"@id\":\"https:\/\/web.quotidianopiemontese.it\/volareinpiemonte\/#\/schema\/person\/image\/\",\"url\":\"https:\/\/secure.gravatar.com\/avatar\/fdce1b5a74767a43870aca54b0800bed88aab98b8098f69ac252d11aec8cdbe7?s=96&d=mm&r=g\",\"contentUrl\":\"https:\/\/secure.gravatar.com\/avatar\/fdce1b5a74767a43870aca54b0800bed88aab98b8098f69ac252d11aec8cdbe7?s=96&d=mm&r=g\",\"caption\":\"Redazione\"},\"description\":\"Quotidiano Piemontese: il sito di informazione pi\u00f9 letto del Piemonte : libero, tempestivo indipendente, social. L'hub sociale e informativo del Piemonte\",\"sameAs\":[\"http:\/\/www.quotidianopiemontese.it\/\",\"https:\/\/www.facebook.com\/quotidianopiemontese\",\"https:\/\/x.com\/quotidianopiem\"],\"url\":\"https:\/\/web.quotidianopiemontese.it\/volareinpiemonte\/author\/administrator\/\"}]}<\/script>\n<!-- \/ Yoast SEO plugin. -->","yoast_head_json":{"title":"Forza Italia chiede una strategia importante per rilanciare Caselle - Volare in Piemonte","description":"Gilberto Pichetto, coordinatore regionale e capogruppo in Regione Piemonte per Forza Italia, e il responsabile nazionale Trasporti, Mino Giachino hanno","robots":{"index":"index","follow":"follow","max-snippet":"max-snippet:-1","max-image-preview":"max-image-preview:large","max-video-preview":"max-video-preview:-1"},"canonical":"http:\/\/web.quotidianopiemontese.it\/volareinpiemonte\/forza-italia-chiede-una-strategia-importante-per-rilanciare-caselle\/","og_locale":"it_IT","og_type":"article","og_title":"Forza Italia chiede una strategia importante per rilanciare Caselle - Volare in Piemonte","og_description":"Gilberto Pichetto, coordinatore regionale e capogruppo in Regione Piemonte per Forza Italia, e il responsabile nazionale Trasporti, Mino Giachino hanno","og_url":"http:\/\/web.quotidianopiemontese.it\/volareinpiemonte\/forza-italia-chiede-una-strategia-importante-per-rilanciare-caselle\/","og_site_name":"Volare in Piemonte","article_publisher":"https:\/\/www.facebook.com\/quotidianopiemontese?fref=ts","article_author":"https:\/\/www.facebook.com\/quotidianopiemontese","article_published_time":"2015-01-13T06:55:31+00:00","article_modified_time":"2015-01-13T06:56:35+00:00","author":"Redazione","twitter_misc":{"Scritto da":"Redazione","Tempo di lettura stimato":"3 minuti"},"schema":{"@context":"https:\/\/schema.org","@graph":[{"@type":"Article","@id":"http:\/\/web.quotidianopiemontese.it\/volareinpiemonte\/forza-italia-chiede-una-strategia-importante-per-rilanciare-caselle\/#article","isPartOf":{"@id":"http:\/\/web.quotidianopiemontese.it\/volareinpiemonte\/forza-italia-chiede-una-strategia-importante-per-rilanciare-caselle\/"},"author":{"name":"Redazione","@id":"https:\/\/web.quotidianopiemontese.it\/volareinpiemonte\/#\/schema\/person\/92b86f27cfe3bd649bd878d4f9c88190"},"headline":"Forza Italia chiede una strategia importante per rilanciare Caselle","datePublished":"2015-01-13T06:55:31+00:00","dateModified":"2015-01-13T06:56:35+00:00","mainEntityOfPage":{"@id":"http:\/\/web.quotidianopiemontese.it\/volareinpiemonte\/forza-italia-chiede-una-strategia-importante-per-rilanciare-caselle\/"},"wordCount":515,"commentCount":0,"articleSection":["Volare in Piemonte"],"inLanguage":"it-IT","potentialAction":[{"@type":"CommentAction","name":"Comment","target":["http:\/\/web.quotidianopiemontese.it\/volareinpiemonte\/forza-italia-chiede-una-strategia-importante-per-rilanciare-caselle\/#respond"]}]},{"@type":"WebPage","@id":"http:\/\/web.quotidianopiemontese.it\/volareinpiemonte\/forza-italia-chiede-una-strategia-importante-per-rilanciare-caselle\/","url":"http:\/\/web.quotidianopiemontese.it\/volareinpiemonte\/forza-italia-chiede-una-strategia-importante-per-rilanciare-caselle\/","name":"Forza Italia chiede una strategia importante per rilanciare Caselle - Volare in Piemonte","isPartOf":{"@id":"https:\/\/web.quotidianopiemontese.it\/volareinpiemonte\/#website"},"datePublished":"2015-01-13T06:55:31+00:00","dateModified":"2015-01-13T06:56:35+00:00","author":{"@id":"https:\/\/web.quotidianopiemontese.it\/volareinpiemonte\/#\/schema\/person\/92b86f27cfe3bd649bd878d4f9c88190"},"description":"Gilberto Pichetto, coordinatore regionale e capogruppo in Regione Piemonte per Forza Italia, e il responsabile nazionale Trasporti, Mino Giachino hanno","breadcrumb":{"@id":"http:\/\/web.quotidianopiemontese.it\/volareinpiemonte\/forza-italia-chiede-una-strategia-importante-per-rilanciare-caselle\/#breadcrumb"},"inLanguage":"it-IT","potentialAction":[{"@type":"ReadAction","target":["http:\/\/web.quotidianopiemontese.it\/volareinpiemonte\/forza-italia-chiede-una-strategia-importante-per-rilanciare-caselle\/"]}]},{"@type":"BreadcrumbList","@id":"http:\/\/web.quotidianopiemontese.it\/volareinpiemonte\/forza-italia-chiede-una-strategia-importante-per-rilanciare-caselle\/#breadcrumb","itemListElement":[{"@type":"ListItem","position":1,"name":"Home","item":"https:\/\/web.quotidianopiemontese.it\/volareinpiemonte\/"},{"@type":"ListItem","position":2,"name":"Forza Italia chiede una strategia importante per rilanciare Caselle"}]},{"@type":"WebSite","@id":"https:\/\/web.quotidianopiemontese.it\/volareinpiemonte\/#website","url":"https:\/\/web.quotidianopiemontese.it\/volareinpiemonte\/","name":"Volare in Piemonte","description":"Quotidiano Piemontese","potentialAction":[{"@type":"SearchAction","target":{"@type":"EntryPoint","urlTemplate":"https:\/\/web.quotidianopiemontese.it\/volareinpiemonte\/?s={search_term_string}"},"query-input":{"@type":"PropertyValueSpecification","valueRequired":true,"valueName":"search_term_string"}}],"inLanguage":"it-IT"},{"@type":"Person","@id":"https:\/\/web.quotidianopiemontese.it\/volareinpiemonte\/#\/schema\/person\/92b86f27cfe3bd649bd878d4f9c88190","name":"Redazione","image":{"@type":"ImageObject","inLanguage":"it-IT","@id":"https:\/\/web.quotidianopiemontese.it\/volareinpiemonte\/#\/schema\/person\/image\/","url":"https:\/\/secure.gravatar.com\/avatar\/fdce1b5a74767a43870aca54b0800bed88aab98b8098f69ac252d11aec8cdbe7?s=96&d=mm&r=g","contentUrl":"https:\/\/secure.gravatar.com\/avatar\/fdce1b5a74767a43870aca54b0800bed88aab98b8098f69ac252d11aec8cdbe7?s=96&d=mm&r=g","caption":"Redazione"},"description":"Quotidiano Piemontese: il sito di informazione pi\u00f9 letto del Piemonte : libero, tempestivo indipendente, social. L'hub sociale e informativo del Piemonte","sameAs":["http:\/\/www.quotidianopiemontese.it\/","https:\/\/www.facebook.com\/quotidianopiemontese","https:\/\/x.com\/quotidianopiem"],"url":"https:\/\/web.quotidianopiemontese.it\/volareinpiemonte\/author\/administrator\/"}]}},"_links":{"self":[{"href":"https:\/\/web.quotidianopiemontese.it\/volareinpiemonte\/wp-json\/wp\/v2\/posts\/321","targetHints":{"allow":["GET"]}}],"collection":[{"href":"https:\/\/web.quotidianopiemontese.it\/volareinpiemonte\/wp-json\/wp\/v2\/posts"}],"about":[{"href":"https:\/\/web.quotidianopiemontese.it\/volareinpiemonte\/wp-json\/wp\/v2\/types\/post"}],"author":[{"embeddable":true,"href":"https:\/\/web.quotidianopiemontese.it\/volareinpiemonte\/wp-json\/wp\/v2\/users\/1"}],"replies":[{"embeddable":true,"href":"https:\/\/web.quotidianopiemontese.it\/volareinpiemonte\/wp-json\/wp\/v2\/comments?post=321"}],"version-history":[{"count":0,"href":"https:\/\/web.quotidianopiemontese.it\/volareinpiemonte\/wp-json\/wp\/v2\/posts\/321\/revisions"}],"wp:attachment":[{"href":"https:\/\/web.quotidianopiemontese.it\/volareinpiemonte\/wp-json\/wp\/v2\/media?parent=321"}],"wp:term":[{"taxonomy":"category","embeddable":true,"href":"https:\/\/web.quotidianopiemontese.it\/volareinpiemonte\/wp-json\/wp\/v2\/categories?post=321"},{"taxonomy":"post_tag","embeddable":true,"href":"https:\/\/web.quotidianopiemontese.it\/volareinpiemonte\/wp-json\/wp\/v2\/tags?post=321"}],"curies":[{"name":"wp","href":"https:\/\/api.w.org\/{rel}","templated":true}]}}