{"id":270,"date":"2014-02-03T07:25:24","date_gmt":"2014-02-03T07:25:24","guid":{"rendered":"http:\/\/www.quotidianopiemontese.it\/volareinpiemonte\/?p=270"},"modified":"2014-02-03T07:26:57","modified_gmt":"2014-02-03T07:26:57","slug":"martedi-25-febbraio-flytorino-incontra-pubblicamente-lad-di-sagat-roberto-barbieri","status":"publish","type":"post","link":"https:\/\/web.quotidianopiemontese.it\/volareinpiemonte\/martedi-25-febbraio-flytorino-incontra-pubblicamente-lad-di-sagat-roberto-barbieri\/","title":{"rendered":"Marted\u00ec 25 febbraio FlyTorino incontra pubblicamente l&#8217;AD di Sagat Roberto Barbieri"},"content":{"rendered":"<p><a href=\"http:\/\/www.quotidianopiemontese.it\/volareinpiemonte\/files\/2014\/02\/roberto-Barbieri.jpg\"><img loading=\"lazy\" decoding=\"async\" class=\"alignright size-thumbnail wp-image-271\" alt=\"roberto-Barbieri\" src=\"http:\/\/www.quotidianopiemontese.it\/volareinpiemonte\/files\/2014\/02\/roberto-Barbieri-150x150.jpg\" width=\"150\" height=\"150\" \/><\/a>Marted\u00ec 25 febbraio alle ore 21 si terr\u00e0 il primo evento del 2014 di <a href=\"http:\/\/www.flytorino.it\/\" target=\"_blank\">FlyTorino<\/a>: una serata che avr\u00e0 come ospite Roberto Barbieri, nuovo AD di Sagat con il tema: \u201c<a href=\"http:\/\/www.flytorino.it\/ita\/notizie\/2014\/Incontro_con_Barbieri.asp\" target=\"_blank\">Quale futuro per l&#8217;aeroporto di Torino? Quali le strategie per il suo rilancio?<\/a>\u201d. L&#8217;incontro si svolger\u00e0 nel salone polifunzionale di Via De Sanctis 12, vicino a Piazza Massaua. \u00a0Si tratter\u00e0 della prima occasione ufficiale per FlyTorino e per i cittadini che seguono le vicende dell&#8217;aeroporto di Caselle, per parlare con la nuova dirigenza dell&#8217;aeroporto: un&#8217;occasione per ascoltare dall&#8217;amministratore delegato stesso quali siano i piani di rilancio<!--more--> <img decoding=\"async\" title=\"Continua...\" alt=\"\" src=\"http:\/\/www.quotidianopiemontese.it\/volareinpiemonte\/wp-includes\/js\/tinymce\/plugins\/wordpress\/img\/trans.gif\" \/>dello scalo torinese e un&#8217;occasione per presentargli le istanze degli utilizzatori di Caselle.<\/p>\n","protected":false},"excerpt":{"rendered":"<p>Marted\u00ec 25 febbraio alle ore 21 si terr\u00e0 il primo evento del 2014 di FlyTorino: una serata che avr\u00e0 come ospite Roberto Barbieri, nuovo AD di Sagat con il tema: \u201cQuale futuro per l&#8217;aeroporto di Torino? Quali le strategie per il suo rilancio?\u201d. L&#8217;incontro si svolger\u00e0 nel salone polifunzionale di Via De Sanctis 12, vicino &hellip; <a href=\"https:\/\/web.quotidianopiemontese.it\/volareinpiemonte\/martedi-25-febbraio-flytorino-incontra-pubblicamente-lad-di-sagat-roberto-barbieri\/\" class=\"more-link\">Leggi tutto<span class=\"screen-reader-text\"> &#8220;Marted\u00ec 25 febbraio FlyTorino incontra pubblicamente l&#8217;AD di Sagat Roberto Barbieri&#8221;<\/span><\/a><\/p>\n","protected":false},"author":1,"featured_media":271,"comment_status":"open","ping_status":"closed","sticky":false,"template":"","format":"standard","meta":{"footnotes":""},"categories":[1],"tags":[3,4],"class_list":["post-270","post","type-post","status-publish","format-standard","has-post-thumbnail","hentry","category-volare-in-piemonte","tag-caselle","tag-sagat"],"yoast_head":"<!-- This site is optimized with the Yoast SEO plugin v27.1.1 - https:\/\/yoast.com\/product\/yoast-seo-wordpress\/ -->\n<title>Marted\u00ec 25 febbraio FlyTorino incontra pubblicamente l&#039;AD di Sagat Roberto Barbieri - Volare in Piemonte<\/title>\n<meta name=\"description\" content=\"Marted\u00ec 25 febbraio alle ore 21 si terr\u00e0 il primo evento del 2014 di FlyTorino: una serata che avr\u00e0 come ospite Roberto Barbieri, nuovo AD di Sagat con il\" \/>\n<meta name=\"robots\" content=\"index, follow, max-snippet:-1, max-image-preview:large, max-video-preview:-1\" \/>\n<link rel=\"canonical\" href=\"https:\/\/web.quotidianopiemontese.it\/volareinpiemonte\/martedi-25-febbraio-flytorino-incontra-pubblicamente-lad-di-sagat-roberto-barbieri\/\" \/>\n<meta property=\"og:locale\" content=\"it_IT\" \/>\n<meta property=\"og:type\" content=\"article\" \/>\n<meta property=\"og:title\" content=\"Marted\u00ec 25 febbraio FlyTorino incontra pubblicamente l&#039;AD di Sagat Roberto Barbieri - Volare in Piemonte\" \/>\n<meta property=\"og:description\" content=\"Marted\u00ec 25 febbraio alle ore 21 si terr\u00e0 il primo evento del 2014 di FlyTorino: una serata che avr\u00e0 come ospite Roberto Barbieri, nuovo AD di Sagat con il\" \/>\n<meta property=\"og:url\" content=\"https:\/\/web.quotidianopiemontese.it\/volareinpiemonte\/martedi-25-febbraio-flytorino-incontra-pubblicamente-lad-di-sagat-roberto-barbieri\/\" \/>\n<meta property=\"og:site_name\" content=\"Volare in Piemonte\" \/>\n<meta property=\"article:publisher\" content=\"https:\/\/www.facebook.com\/quotidianopiemontese?fref=ts\" \/>\n<meta property=\"article:author\" content=\"https:\/\/www.facebook.com\/quotidianopiemontese\" \/>\n<meta property=\"article:published_time\" content=\"2014-02-03T07:25:24+00:00\" \/>\n<meta property=\"article:modified_time\" content=\"2014-02-03T07:26:57+00:00\" \/>\n<meta property=\"og:image\" content=\"https:\/\/web.quotidianopiemontese.it\/volareinpiemonte\/files\/2014\/02\/roberto-Barbieri.jpg\" \/>\n\t<meta property=\"og:image:width\" content=\"655\" \/>\n\t<meta property=\"og:image:height\" content=\"400\" \/>\n\t<meta property=\"og:image:type\" content=\"image\/jpeg\" \/>\n<meta name=\"author\" content=\"Redazione\" \/>\n<meta name=\"twitter:label1\" content=\"Scritto da\" \/>\n\t<meta name=\"twitter:data1\" content=\"Redazione\" \/>\n\t<meta name=\"twitter:label2\" content=\"Tempo di lettura stimato\" \/>\n\t<meta name=\"twitter:data2\" content=\"1 minuto\" \/>\n<script type=\"application\/ld+json\" class=\"yoast-schema-graph\">{\"@context\":\"https:\/\/schema.org\",\"@graph\":[{\"@type\":\"Article\",\"@id\":\"https:\/\/web.quotidianopiemontese.it\/volareinpiemonte\/martedi-25-febbraio-flytorino-incontra-pubblicamente-lad-di-sagat-roberto-barbieri\/#article\",\"isPartOf\":{\"@id\":\"https:\/\/web.quotidianopiemontese.it\/volareinpiemonte\/martedi-25-febbraio-flytorino-incontra-pubblicamente-lad-di-sagat-roberto-barbieri\/\"},\"author\":{\"name\":\"Redazione\",\"@id\":\"https:\/\/web.quotidianopiemontese.it\/volareinpiemonte\/#\/schema\/person\/92b86f27cfe3bd649bd878d4f9c88190\"},\"headline\":\"Marted\u00ec 25 febbraio FlyTorino incontra pubblicamente l&#8217;AD di Sagat Roberto Barbieri\",\"datePublished\":\"2014-02-03T07:25:24+00:00\",\"dateModified\":\"2014-02-03T07:26:57+00:00\",\"mainEntityOfPage\":{\"@id\":\"https:\/\/web.quotidianopiemontese.it\/volareinpiemonte\/martedi-25-febbraio-flytorino-incontra-pubblicamente-lad-di-sagat-roberto-barbieri\/\"},\"wordCount\":123,\"commentCount\":0,\"image\":{\"@id\":\"https:\/\/web.quotidianopiemontese.it\/volareinpiemonte\/martedi-25-febbraio-flytorino-incontra-pubblicamente-lad-di-sagat-roberto-barbieri\/#primaryimage\"},\"thumbnailUrl\":\"https:\/\/web.quotidianopiemontese.it\/volareinpiemonte\/files\/2014\/02\/roberto-Barbieri.jpg\",\"keywords\":[\"caselle\",\"sagat\"],\"articleSection\":[\"Volare in Piemonte\"],\"inLanguage\":\"it-IT\",\"potentialAction\":[{\"@type\":\"CommentAction\",\"name\":\"Comment\",\"target\":[\"https:\/\/web.quotidianopiemontese.it\/volareinpiemonte\/martedi-25-febbraio-flytorino-incontra-pubblicamente-lad-di-sagat-roberto-barbieri\/#respond\"]}]},{\"@type\":\"WebPage\",\"@id\":\"https:\/\/web.quotidianopiemontese.it\/volareinpiemonte\/martedi-25-febbraio-flytorino-incontra-pubblicamente-lad-di-sagat-roberto-barbieri\/\",\"url\":\"https:\/\/web.quotidianopiemontese.it\/volareinpiemonte\/martedi-25-febbraio-flytorino-incontra-pubblicamente-lad-di-sagat-roberto-barbieri\/\",\"name\":\"Marted\u00ec 25 febbraio FlyTorino incontra pubblicamente l'AD di Sagat Roberto Barbieri - Volare in Piemonte\",\"isPartOf\":{\"@id\":\"https:\/\/web.quotidianopiemontese.it\/volareinpiemonte\/#website\"},\"primaryImageOfPage\":{\"@id\":\"https:\/\/web.quotidianopiemontese.it\/volareinpiemonte\/martedi-25-febbraio-flytorino-incontra-pubblicamente-lad-di-sagat-roberto-barbieri\/#primaryimage\"},\"image\":{\"@id\":\"https:\/\/web.quotidianopiemontese.it\/volareinpiemonte\/martedi-25-febbraio-flytorino-incontra-pubblicamente-lad-di-sagat-roberto-barbieri\/#primaryimage\"},\"thumbnailUrl\":\"https:\/\/web.quotidianopiemontese.it\/volareinpiemonte\/files\/2014\/02\/roberto-Barbieri.jpg\",\"datePublished\":\"2014-02-03T07:25:24+00:00\",\"dateModified\":\"2014-02-03T07:26:57+00:00\",\"author\":{\"@id\":\"https:\/\/web.quotidianopiemontese.it\/volareinpiemonte\/#\/schema\/person\/92b86f27cfe3bd649bd878d4f9c88190\"},\"description\":\"Marted\u00ec 25 febbraio alle ore 21 si terr\u00e0 il primo evento del 2014 di FlyTorino: una serata che avr\u00e0 come ospite Roberto Barbieri, nuovo AD di Sagat con il\",\"breadcrumb\":{\"@id\":\"https:\/\/web.quotidianopiemontese.it\/volareinpiemonte\/martedi-25-febbraio-flytorino-incontra-pubblicamente-lad-di-sagat-roberto-barbieri\/#breadcrumb\"},\"inLanguage\":\"it-IT\",\"potentialAction\":[{\"@type\":\"ReadAction\",\"target\":[\"https:\/\/web.quotidianopiemontese.it\/volareinpiemonte\/martedi-25-febbraio-flytorino-incontra-pubblicamente-lad-di-sagat-roberto-barbieri\/\"]}]},{\"@type\":\"ImageObject\",\"inLanguage\":\"it-IT\",\"@id\":\"https:\/\/web.quotidianopiemontese.it\/volareinpiemonte\/martedi-25-febbraio-flytorino-incontra-pubblicamente-lad-di-sagat-roberto-barbieri\/#primaryimage\",\"url\":\"https:\/\/web.quotidianopiemontese.it\/volareinpiemonte\/files\/2014\/02\/roberto-Barbieri.jpg\",\"contentUrl\":\"https:\/\/web.quotidianopiemontese.it\/volareinpiemonte\/files\/2014\/02\/roberto-Barbieri.jpg\",\"width\":655,\"height\":400},{\"@type\":\"BreadcrumbList\",\"@id\":\"https:\/\/web.quotidianopiemontese.it\/volareinpiemonte\/martedi-25-febbraio-flytorino-incontra-pubblicamente-lad-di-sagat-roberto-barbieri\/#breadcrumb\",\"itemListElement\":[{\"@type\":\"ListItem\",\"position\":1,\"name\":\"Home\",\"item\":\"https:\/\/web.quotidianopiemontese.it\/volareinpiemonte\/\"},{\"@type\":\"ListItem\",\"position\":2,\"name\":\"Marted\u00ec 25 febbraio FlyTorino incontra pubblicamente l&#8217;AD di Sagat Roberto Barbieri\"}]},{\"@type\":\"WebSite\",\"@id\":\"https:\/\/web.quotidianopiemontese.it\/volareinpiemonte\/#website\",\"url\":\"https:\/\/web.quotidianopiemontese.it\/volareinpiemonte\/\",\"name\":\"Volare in Piemonte\",\"description\":\"Quotidiano Piemontese\",\"potentialAction\":[{\"@type\":\"SearchAction\",\"target\":{\"@type\":\"EntryPoint\",\"urlTemplate\":\"https:\/\/web.quotidianopiemontese.it\/volareinpiemonte\/?s={search_term_string}\"},\"query-input\":{\"@type\":\"PropertyValueSpecification\",\"valueRequired\":true,\"valueName\":\"search_term_string\"}}],\"inLanguage\":\"it-IT\"},{\"@type\":\"Person\",\"@id\":\"https:\/\/web.quotidianopiemontese.it\/volareinpiemonte\/#\/schema\/person\/92b86f27cfe3bd649bd878d4f9c88190\",\"name\":\"Redazione\",\"image\":{\"@type\":\"ImageObject\",\"inLanguage\":\"it-IT\",\"@id\":\"https:\/\/web.quotidianopiemontese.it\/volareinpiemonte\/#\/schema\/person\/image\/\",\"url\":\"https:\/\/secure.gravatar.com\/avatar\/fdce1b5a74767a43870aca54b0800bed88aab98b8098f69ac252d11aec8cdbe7?s=96&d=mm&r=g\",\"contentUrl\":\"https:\/\/secure.gravatar.com\/avatar\/fdce1b5a74767a43870aca54b0800bed88aab98b8098f69ac252d11aec8cdbe7?s=96&d=mm&r=g\",\"caption\":\"Redazione\"},\"description\":\"Quotidiano Piemontese: il sito di informazione pi\u00f9 letto del Piemonte : libero, tempestivo indipendente, social. L'hub sociale e informativo del Piemonte\",\"sameAs\":[\"http:\/\/www.quotidianopiemontese.it\/\",\"https:\/\/www.facebook.com\/quotidianopiemontese\",\"https:\/\/x.com\/quotidianopiem\"],\"url\":\"https:\/\/web.quotidianopiemontese.it\/volareinpiemonte\/author\/administrator\/\"}]}<\/script>\n<!-- \/ Yoast SEO plugin. -->","yoast_head_json":{"title":"Marted\u00ec 25 febbraio FlyTorino incontra pubblicamente l'AD di Sagat Roberto Barbieri - Volare in Piemonte","description":"Marted\u00ec 25 febbraio alle ore 21 si terr\u00e0 il primo evento del 2014 di FlyTorino: una serata che avr\u00e0 come ospite Roberto Barbieri, nuovo AD di Sagat con il","robots":{"index":"index","follow":"follow","max-snippet":"max-snippet:-1","max-image-preview":"max-image-preview:large","max-video-preview":"max-video-preview:-1"},"canonical":"https:\/\/web.quotidianopiemontese.it\/volareinpiemonte\/martedi-25-febbraio-flytorino-incontra-pubblicamente-lad-di-sagat-roberto-barbieri\/","og_locale":"it_IT","og_type":"article","og_title":"Marted\u00ec 25 febbraio FlyTorino incontra pubblicamente l'AD di Sagat Roberto Barbieri - Volare in Piemonte","og_description":"Marted\u00ec 25 febbraio alle ore 21 si terr\u00e0 il primo evento del 2014 di FlyTorino: una serata che avr\u00e0 come ospite Roberto Barbieri, nuovo AD di Sagat con il","og_url":"https:\/\/web.quotidianopiemontese.it\/volareinpiemonte\/martedi-25-febbraio-flytorino-incontra-pubblicamente-lad-di-sagat-roberto-barbieri\/","og_site_name":"Volare in Piemonte","article_publisher":"https:\/\/www.facebook.com\/quotidianopiemontese?fref=ts","article_author":"https:\/\/www.facebook.com\/quotidianopiemontese","article_published_time":"2014-02-03T07:25:24+00:00","article_modified_time":"2014-02-03T07:26:57+00:00","og_image":[{"width":655,"height":400,"url":"https:\/\/web.quotidianopiemontese.it\/volareinpiemonte\/files\/2014\/02\/roberto-Barbieri.jpg","type":"image\/jpeg"}],"author":"Redazione","twitter_misc":{"Scritto da":"Redazione","Tempo di lettura stimato":"1 minuto"},"schema":{"@context":"https:\/\/schema.org","@graph":[{"@type":"Article","@id":"https:\/\/web.quotidianopiemontese.it\/volareinpiemonte\/martedi-25-febbraio-flytorino-incontra-pubblicamente-lad-di-sagat-roberto-barbieri\/#article","isPartOf":{"@id":"https:\/\/web.quotidianopiemontese.it\/volareinpiemonte\/martedi-25-febbraio-flytorino-incontra-pubblicamente-lad-di-sagat-roberto-barbieri\/"},"author":{"name":"Redazione","@id":"https:\/\/web.quotidianopiemontese.it\/volareinpiemonte\/#\/schema\/person\/92b86f27cfe3bd649bd878d4f9c88190"},"headline":"Marted\u00ec 25 febbraio FlyTorino incontra pubblicamente l&#8217;AD di Sagat Roberto Barbieri","datePublished":"2014-02-03T07:25:24+00:00","dateModified":"2014-02-03T07:26:57+00:00","mainEntityOfPage":{"@id":"https:\/\/web.quotidianopiemontese.it\/volareinpiemonte\/martedi-25-febbraio-flytorino-incontra-pubblicamente-lad-di-sagat-roberto-barbieri\/"},"wordCount":123,"commentCount":0,"image":{"@id":"https:\/\/web.quotidianopiemontese.it\/volareinpiemonte\/martedi-25-febbraio-flytorino-incontra-pubblicamente-lad-di-sagat-roberto-barbieri\/#primaryimage"},"thumbnailUrl":"https:\/\/web.quotidianopiemontese.it\/volareinpiemonte\/files\/2014\/02\/roberto-Barbieri.jpg","keywords":["caselle","sagat"],"articleSection":["Volare in Piemonte"],"inLanguage":"it-IT","potentialAction":[{"@type":"CommentAction","name":"Comment","target":["https:\/\/web.quotidianopiemontese.it\/volareinpiemonte\/martedi-25-febbraio-flytorino-incontra-pubblicamente-lad-di-sagat-roberto-barbieri\/#respond"]}]},{"@type":"WebPage","@id":"https:\/\/web.quotidianopiemontese.it\/volareinpiemonte\/martedi-25-febbraio-flytorino-incontra-pubblicamente-lad-di-sagat-roberto-barbieri\/","url":"https:\/\/web.quotidianopiemontese.it\/volareinpiemonte\/martedi-25-febbraio-flytorino-incontra-pubblicamente-lad-di-sagat-roberto-barbieri\/","name":"Marted\u00ec 25 febbraio FlyTorino incontra pubblicamente l'AD di Sagat Roberto Barbieri - Volare in Piemonte","isPartOf":{"@id":"https:\/\/web.quotidianopiemontese.it\/volareinpiemonte\/#website"},"primaryImageOfPage":{"@id":"https:\/\/web.quotidianopiemontese.it\/volareinpiemonte\/martedi-25-febbraio-flytorino-incontra-pubblicamente-lad-di-sagat-roberto-barbieri\/#primaryimage"},"image":{"@id":"https:\/\/web.quotidianopiemontese.it\/volareinpiemonte\/martedi-25-febbraio-flytorino-incontra-pubblicamente-lad-di-sagat-roberto-barbieri\/#primaryimage"},"thumbnailUrl":"https:\/\/web.quotidianopiemontese.it\/volareinpiemonte\/files\/2014\/02\/roberto-Barbieri.jpg","datePublished":"2014-02-03T07:25:24+00:00","dateModified":"2014-02-03T07:26:57+00:00","author":{"@id":"https:\/\/web.quotidianopiemontese.it\/volareinpiemonte\/#\/schema\/person\/92b86f27cfe3bd649bd878d4f9c88190"},"description":"Marted\u00ec 25 febbraio alle ore 21 si terr\u00e0 il primo evento del 2014 di FlyTorino: una serata che avr\u00e0 come ospite Roberto Barbieri, nuovo AD di Sagat con il","breadcrumb":{"@id":"https:\/\/web.quotidianopiemontese.it\/volareinpiemonte\/martedi-25-febbraio-flytorino-incontra-pubblicamente-lad-di-sagat-roberto-barbieri\/#breadcrumb"},"inLanguage":"it-IT","potentialAction":[{"@type":"ReadAction","target":["https:\/\/web.quotidianopiemontese.it\/volareinpiemonte\/martedi-25-febbraio-flytorino-incontra-pubblicamente-lad-di-sagat-roberto-barbieri\/"]}]},{"@type":"ImageObject","inLanguage":"it-IT","@id":"https:\/\/web.quotidianopiemontese.it\/volareinpiemonte\/martedi-25-febbraio-flytorino-incontra-pubblicamente-lad-di-sagat-roberto-barbieri\/#primaryimage","url":"https:\/\/web.quotidianopiemontese.it\/volareinpiemonte\/files\/2014\/02\/roberto-Barbieri.jpg","contentUrl":"https:\/\/web.quotidianopiemontese.it\/volareinpiemonte\/files\/2014\/02\/roberto-Barbieri.jpg","width":655,"height":400},{"@type":"BreadcrumbList","@id":"https:\/\/web.quotidianopiemontese.it\/volareinpiemonte\/martedi-25-febbraio-flytorino-incontra-pubblicamente-lad-di-sagat-roberto-barbieri\/#breadcrumb","itemListElement":[{"@type":"ListItem","position":1,"name":"Home","item":"https:\/\/web.quotidianopiemontese.it\/volareinpiemonte\/"},{"@type":"ListItem","position":2,"name":"Marted\u00ec 25 febbraio FlyTorino incontra pubblicamente l&#8217;AD di Sagat Roberto Barbieri"}]},{"@type":"WebSite","@id":"https:\/\/web.quotidianopiemontese.it\/volareinpiemonte\/#website","url":"https:\/\/web.quotidianopiemontese.it\/volareinpiemonte\/","name":"Volare in Piemonte","description":"Quotidiano Piemontese","potentialAction":[{"@type":"SearchAction","target":{"@type":"EntryPoint","urlTemplate":"https:\/\/web.quotidianopiemontese.it\/volareinpiemonte\/?s={search_term_string}"},"query-input":{"@type":"PropertyValueSpecification","valueRequired":true,"valueName":"search_term_string"}}],"inLanguage":"it-IT"},{"@type":"Person","@id":"https:\/\/web.quotidianopiemontese.it\/volareinpiemonte\/#\/schema\/person\/92b86f27cfe3bd649bd878d4f9c88190","name":"Redazione","image":{"@type":"ImageObject","inLanguage":"it-IT","@id":"https:\/\/web.quotidianopiemontese.it\/volareinpiemonte\/#\/schema\/person\/image\/","url":"https:\/\/secure.gravatar.com\/avatar\/fdce1b5a74767a43870aca54b0800bed88aab98b8098f69ac252d11aec8cdbe7?s=96&d=mm&r=g","contentUrl":"https:\/\/secure.gravatar.com\/avatar\/fdce1b5a74767a43870aca54b0800bed88aab98b8098f69ac252d11aec8cdbe7?s=96&d=mm&r=g","caption":"Redazione"},"description":"Quotidiano Piemontese: il sito di informazione pi\u00f9 letto del Piemonte : libero, tempestivo indipendente, social. L'hub sociale e informativo del Piemonte","sameAs":["http:\/\/www.quotidianopiemontese.it\/","https:\/\/www.facebook.com\/quotidianopiemontese","https:\/\/x.com\/quotidianopiem"],"url":"https:\/\/web.quotidianopiemontese.it\/volareinpiemonte\/author\/administrator\/"}]}},"_links":{"self":[{"href":"https:\/\/web.quotidianopiemontese.it\/volareinpiemonte\/wp-json\/wp\/v2\/posts\/270","targetHints":{"allow":["GET"]}}],"collection":[{"href":"https:\/\/web.quotidianopiemontese.it\/volareinpiemonte\/wp-json\/wp\/v2\/posts"}],"about":[{"href":"https:\/\/web.quotidianopiemontese.it\/volareinpiemonte\/wp-json\/wp\/v2\/types\/post"}],"author":[{"embeddable":true,"href":"https:\/\/web.quotidianopiemontese.it\/volareinpiemonte\/wp-json\/wp\/v2\/users\/1"}],"replies":[{"embeddable":true,"href":"https:\/\/web.quotidianopiemontese.it\/volareinpiemonte\/wp-json\/wp\/v2\/comments?post=270"}],"version-history":[{"count":0,"href":"https:\/\/web.quotidianopiemontese.it\/volareinpiemonte\/wp-json\/wp\/v2\/posts\/270\/revisions"}],"wp:featuredmedia":[{"embeddable":true,"href":"https:\/\/web.quotidianopiemontese.it\/volareinpiemonte\/wp-json\/wp\/v2\/media\/271"}],"wp:attachment":[{"href":"https:\/\/web.quotidianopiemontese.it\/volareinpiemonte\/wp-json\/wp\/v2\/media?parent=270"}],"wp:term":[{"taxonomy":"category","embeddable":true,"href":"https:\/\/web.quotidianopiemontese.it\/volareinpiemonte\/wp-json\/wp\/v2\/categories?post=270"},{"taxonomy":"post_tag","embeddable":true,"href":"https:\/\/web.quotidianopiemontese.it\/volareinpiemonte\/wp-json\/wp\/v2\/tags?post=270"}],"curies":[{"name":"wp","href":"https:\/\/api.w.org\/{rel}","templated":true}]}}