{"id":24,"date":"2012-04-02T22:03:44","date_gmt":"2012-04-02T22:03:44","guid":{"rendered":"http:\/\/www.quotidianopiemontese.it\/volareinpiemonte\/?p=24"},"modified":"2012-04-02T22:03:44","modified_gmt":"2012-04-02T22:03:44","slug":"levaldigi-guarda-a-caselle-ma-anche-a-nizza","status":"publish","type":"post","link":"https:\/\/web.quotidianopiemontese.it\/volareinpiemonte\/levaldigi-guarda-a-caselle-ma-anche-a-nizza\/","title":{"rendered":"Levaldigi guarda a Caselle, ma anche a Nizza"},"content":{"rendered":"<p><a href=\"http:\/\/www.targatocn.it\/2012\/04\/02\/leggi-notizia\/argomenti\/attualita\/articolo\/levaldigi-guido-botto-risponde-a-cota-siamo-disponibili-a-un-piano-aeroportuale-integrato.html\" target=\"_blank\">In un intervista a TargatoCN<\/a> Guido Botto presidente della <a href=\"http:\/\/www.aeroporto.cuneo.it\/pagine\/ita\/geac\/chi_siamo.lasso\" target=\"_blank\">Geac<\/a>\u00a0ricorda che l&#8217;aeroporto di Levaldigi punta ad integrarsi con Caselle, ma non solo.<\/p>\n<blockquote><p>Integrare l&#8217;aeroporto di Levaldigi con quello di Caselle? Perche&#8217; no?&#8221; Cos\u00ec\u00a0Guido Botto\u00a0&#8211; presidente della societ\u00e0 Geac &#8211; commenta la proposta del governatore del Piemonte Roberto Cota che, alcuni giorni fa, aveva detto: &#8220;Levaldigi si pu\u00f2 salvare solo se si integra con lo scalo torinese&#8221;.<\/p>\n<p>&#8220;Se Caselle \u00e8 d&#8217;accordo\u00a0&#8211; chiarisce il presidente Botto &#8211; noi\u00a0siamo disponibili ad integrarci in un unico sistema aeroportuale&#8221;. Il che significa una sola societ\u00e0 con due piste distinte. E come vedrebbe un&#8217;alleanza con la vicina Nizza, da sempre punto di riferimento economico per tutta la Granda? &#8220;Stiamo valutando anche questa opportunit\u00e0\u00a0&#8211; conclude Botto -,\u00a0ma non ci sono solo Nizza e Caselle. Ci stiamo guardando intorno, perch\u00e9\u00a0\u00e8\u00a0innegabile che un&#8217;alleanza con un&#8217;altra societ\u00e0 privata del settore garantirebbe per Olimpica uno sviluppo ed una crescita pi\u00f9 veloce&#8221;. Per esempio gi\u00e0 diversi anni fa lo scalo di Bergamo &#8211; Orio al \u00a0Serio si era detto disponibile ad una collaborazione con l&#8217;aeroporto cuneese.<\/p><\/blockquote>\n","protected":false},"excerpt":{"rendered":"<p>In un intervista a TargatoCN Guido Botto presidente della Geac\u00a0ricorda che l&#8217;aeroporto di Levaldigi punta ad integrarsi con Caselle, ma non solo. Integrare l&#8217;aeroporto di Levaldigi con quello di Caselle? Perche&#8217; no?&#8221; Cos\u00ec\u00a0Guido Botto\u00a0&#8211; presidente della societ\u00e0 Geac &#8211; commenta la proposta del governatore del Piemonte Roberto Cota che, alcuni giorni fa, aveva detto: &#8220;Levaldigi &hellip; <a href=\"https:\/\/web.quotidianopiemontese.it\/volareinpiemonte\/levaldigi-guarda-a-caselle-ma-anche-a-nizza\/\" class=\"more-link\">Leggi tutto<span class=\"screen-reader-text\"> &#8220;Levaldigi guarda a Caselle, ma anche a Nizza&#8221;<\/span><\/a><\/p>\n","protected":false},"author":1,"featured_media":0,"comment_status":"open","ping_status":"closed","sticky":false,"template":"","format":"standard","meta":{"footnotes":""},"categories":[1],"tags":[3,12,13],"class_list":["post-24","post","type-post","status-publish","format-standard","hentry","category-volare-in-piemonte","tag-caselle","tag-levaldigi","tag-nizza"],"yoast_head":"<!-- This site is optimized with the Yoast SEO plugin v27.1.1 - https:\/\/yoast.com\/product\/yoast-seo-wordpress\/ -->\n<title>Levaldigi guarda a Caselle, ma anche a Nizza - Volare in Piemonte<\/title>\n<meta name=\"description\" content=\"In un intervista a TargatoCN Guido Botto presidente della Geac\u00a0ricorda che l&#039;aeroporto di Levaldigi punta ad integrarsi con Caselle, ma non solo.\" \/>\n<meta name=\"robots\" content=\"index, follow, max-snippet:-1, max-image-preview:large, max-video-preview:-1\" \/>\n<link rel=\"canonical\" href=\"https:\/\/web.quotidianopiemontese.it\/volareinpiemonte\/levaldigi-guarda-a-caselle-ma-anche-a-nizza\/\" \/>\n<meta property=\"og:locale\" content=\"it_IT\" \/>\n<meta property=\"og:type\" content=\"article\" \/>\n<meta property=\"og:title\" content=\"Levaldigi guarda a Caselle, ma anche a Nizza - Volare in Piemonte\" \/>\n<meta property=\"og:description\" content=\"In un intervista a TargatoCN Guido Botto presidente della Geac\u00a0ricorda che l&#039;aeroporto di Levaldigi punta ad integrarsi con Caselle, ma non solo.\" \/>\n<meta property=\"og:url\" content=\"https:\/\/web.quotidianopiemontese.it\/volareinpiemonte\/levaldigi-guarda-a-caselle-ma-anche-a-nizza\/\" \/>\n<meta property=\"og:site_name\" content=\"Volare in Piemonte\" \/>\n<meta property=\"article:publisher\" content=\"https:\/\/www.facebook.com\/quotidianopiemontese?fref=ts\" \/>\n<meta property=\"article:author\" content=\"https:\/\/www.facebook.com\/quotidianopiemontese\" \/>\n<meta property=\"article:published_time\" content=\"2012-04-02T22:03:44+00:00\" \/>\n<meta name=\"author\" content=\"Redazione\" \/>\n<meta name=\"twitter:label1\" content=\"Scritto da\" \/>\n\t<meta name=\"twitter:data1\" content=\"Redazione\" \/>\n\t<meta name=\"twitter:label2\" content=\"Tempo di lettura stimato\" \/>\n\t<meta name=\"twitter:data2\" content=\"1 minuto\" \/>\n<script type=\"application\/ld+json\" class=\"yoast-schema-graph\">{\"@context\":\"https:\/\/schema.org\",\"@graph\":[{\"@type\":\"Article\",\"@id\":\"https:\/\/web.quotidianopiemontese.it\/volareinpiemonte\/levaldigi-guarda-a-caselle-ma-anche-a-nizza\/#article\",\"isPartOf\":{\"@id\":\"https:\/\/web.quotidianopiemontese.it\/volareinpiemonte\/levaldigi-guarda-a-caselle-ma-anche-a-nizza\/\"},\"author\":{\"name\":\"Redazione\",\"@id\":\"https:\/\/web.quotidianopiemontese.it\/volareinpiemonte\/#\/schema\/person\/92b86f27cfe3bd649bd878d4f9c88190\"},\"headline\":\"Levaldigi guarda a Caselle, ma anche a Nizza\",\"datePublished\":\"2012-04-02T22:03:44+00:00\",\"mainEntityOfPage\":{\"@id\":\"https:\/\/web.quotidianopiemontese.it\/volareinpiemonte\/levaldigi-guarda-a-caselle-ma-anche-a-nizza\/\"},\"wordCount\":196,\"commentCount\":0,\"keywords\":[\"caselle\",\"Levaldigi\",\"nizza\"],\"articleSection\":[\"Volare in Piemonte\"],\"inLanguage\":\"it-IT\",\"potentialAction\":[{\"@type\":\"CommentAction\",\"name\":\"Comment\",\"target\":[\"https:\/\/web.quotidianopiemontese.it\/volareinpiemonte\/levaldigi-guarda-a-caselle-ma-anche-a-nizza\/#respond\"]}]},{\"@type\":\"WebPage\",\"@id\":\"https:\/\/web.quotidianopiemontese.it\/volareinpiemonte\/levaldigi-guarda-a-caselle-ma-anche-a-nizza\/\",\"url\":\"https:\/\/web.quotidianopiemontese.it\/volareinpiemonte\/levaldigi-guarda-a-caselle-ma-anche-a-nizza\/\",\"name\":\"Levaldigi guarda a Caselle, ma anche a Nizza - Volare in Piemonte\",\"isPartOf\":{\"@id\":\"https:\/\/web.quotidianopiemontese.it\/volareinpiemonte\/#website\"},\"datePublished\":\"2012-04-02T22:03:44+00:00\",\"author\":{\"@id\":\"https:\/\/web.quotidianopiemontese.it\/volareinpiemonte\/#\/schema\/person\/92b86f27cfe3bd649bd878d4f9c88190\"},\"description\":\"In un intervista a TargatoCN Guido Botto presidente della Geac\u00a0ricorda che l'aeroporto di Levaldigi punta ad integrarsi con Caselle, ma non solo.\",\"breadcrumb\":{\"@id\":\"https:\/\/web.quotidianopiemontese.it\/volareinpiemonte\/levaldigi-guarda-a-caselle-ma-anche-a-nizza\/#breadcrumb\"},\"inLanguage\":\"it-IT\",\"potentialAction\":[{\"@type\":\"ReadAction\",\"target\":[\"https:\/\/web.quotidianopiemontese.it\/volareinpiemonte\/levaldigi-guarda-a-caselle-ma-anche-a-nizza\/\"]}]},{\"@type\":\"BreadcrumbList\",\"@id\":\"https:\/\/web.quotidianopiemontese.it\/volareinpiemonte\/levaldigi-guarda-a-caselle-ma-anche-a-nizza\/#breadcrumb\",\"itemListElement\":[{\"@type\":\"ListItem\",\"position\":1,\"name\":\"Home\",\"item\":\"https:\/\/web.quotidianopiemontese.it\/volareinpiemonte\/\"},{\"@type\":\"ListItem\",\"position\":2,\"name\":\"Levaldigi guarda a Caselle, ma anche a Nizza\"}]},{\"@type\":\"WebSite\",\"@id\":\"https:\/\/web.quotidianopiemontese.it\/volareinpiemonte\/#website\",\"url\":\"https:\/\/web.quotidianopiemontese.it\/volareinpiemonte\/\",\"name\":\"Volare in Piemonte\",\"description\":\"Quotidiano Piemontese\",\"potentialAction\":[{\"@type\":\"SearchAction\",\"target\":{\"@type\":\"EntryPoint\",\"urlTemplate\":\"https:\/\/web.quotidianopiemontese.it\/volareinpiemonte\/?s={search_term_string}\"},\"query-input\":{\"@type\":\"PropertyValueSpecification\",\"valueRequired\":true,\"valueName\":\"search_term_string\"}}],\"inLanguage\":\"it-IT\"},{\"@type\":\"Person\",\"@id\":\"https:\/\/web.quotidianopiemontese.it\/volareinpiemonte\/#\/schema\/person\/92b86f27cfe3bd649bd878d4f9c88190\",\"name\":\"Redazione\",\"image\":{\"@type\":\"ImageObject\",\"inLanguage\":\"it-IT\",\"@id\":\"https:\/\/web.quotidianopiemontese.it\/volareinpiemonte\/#\/schema\/person\/image\/\",\"url\":\"https:\/\/secure.gravatar.com\/avatar\/fdce1b5a74767a43870aca54b0800bed88aab98b8098f69ac252d11aec8cdbe7?s=96&d=mm&r=g\",\"contentUrl\":\"https:\/\/secure.gravatar.com\/avatar\/fdce1b5a74767a43870aca54b0800bed88aab98b8098f69ac252d11aec8cdbe7?s=96&d=mm&r=g\",\"caption\":\"Redazione\"},\"description\":\"Quotidiano Piemontese: il sito di informazione pi\u00f9 letto del Piemonte : libero, tempestivo indipendente, social. L'hub sociale e informativo del Piemonte\",\"sameAs\":[\"http:\/\/www.quotidianopiemontese.it\/\",\"https:\/\/www.facebook.com\/quotidianopiemontese\",\"https:\/\/x.com\/quotidianopiem\"],\"url\":\"https:\/\/web.quotidianopiemontese.it\/volareinpiemonte\/author\/administrator\/\"}]}<\/script>\n<!-- \/ Yoast SEO plugin. -->","yoast_head_json":{"title":"Levaldigi guarda a Caselle, ma anche a Nizza - Volare in Piemonte","description":"In un intervista a TargatoCN Guido Botto presidente della Geac\u00a0ricorda che l'aeroporto di Levaldigi punta ad integrarsi con Caselle, ma non solo.","robots":{"index":"index","follow":"follow","max-snippet":"max-snippet:-1","max-image-preview":"max-image-preview:large","max-video-preview":"max-video-preview:-1"},"canonical":"https:\/\/web.quotidianopiemontese.it\/volareinpiemonte\/levaldigi-guarda-a-caselle-ma-anche-a-nizza\/","og_locale":"it_IT","og_type":"article","og_title":"Levaldigi guarda a Caselle, ma anche a Nizza - Volare in Piemonte","og_description":"In un intervista a TargatoCN Guido Botto presidente della Geac\u00a0ricorda che l'aeroporto di Levaldigi punta ad integrarsi con Caselle, ma non solo.","og_url":"https:\/\/web.quotidianopiemontese.it\/volareinpiemonte\/levaldigi-guarda-a-caselle-ma-anche-a-nizza\/","og_site_name":"Volare in Piemonte","article_publisher":"https:\/\/www.facebook.com\/quotidianopiemontese?fref=ts","article_author":"https:\/\/www.facebook.com\/quotidianopiemontese","article_published_time":"2012-04-02T22:03:44+00:00","author":"Redazione","twitter_misc":{"Scritto da":"Redazione","Tempo di lettura stimato":"1 minuto"},"schema":{"@context":"https:\/\/schema.org","@graph":[{"@type":"Article","@id":"https:\/\/web.quotidianopiemontese.it\/volareinpiemonte\/levaldigi-guarda-a-caselle-ma-anche-a-nizza\/#article","isPartOf":{"@id":"https:\/\/web.quotidianopiemontese.it\/volareinpiemonte\/levaldigi-guarda-a-caselle-ma-anche-a-nizza\/"},"author":{"name":"Redazione","@id":"https:\/\/web.quotidianopiemontese.it\/volareinpiemonte\/#\/schema\/person\/92b86f27cfe3bd649bd878d4f9c88190"},"headline":"Levaldigi guarda a Caselle, ma anche a Nizza","datePublished":"2012-04-02T22:03:44+00:00","mainEntityOfPage":{"@id":"https:\/\/web.quotidianopiemontese.it\/volareinpiemonte\/levaldigi-guarda-a-caselle-ma-anche-a-nizza\/"},"wordCount":196,"commentCount":0,"keywords":["caselle","Levaldigi","nizza"],"articleSection":["Volare in Piemonte"],"inLanguage":"it-IT","potentialAction":[{"@type":"CommentAction","name":"Comment","target":["https:\/\/web.quotidianopiemontese.it\/volareinpiemonte\/levaldigi-guarda-a-caselle-ma-anche-a-nizza\/#respond"]}]},{"@type":"WebPage","@id":"https:\/\/web.quotidianopiemontese.it\/volareinpiemonte\/levaldigi-guarda-a-caselle-ma-anche-a-nizza\/","url":"https:\/\/web.quotidianopiemontese.it\/volareinpiemonte\/levaldigi-guarda-a-caselle-ma-anche-a-nizza\/","name":"Levaldigi guarda a Caselle, ma anche a Nizza - Volare in Piemonte","isPartOf":{"@id":"https:\/\/web.quotidianopiemontese.it\/volareinpiemonte\/#website"},"datePublished":"2012-04-02T22:03:44+00:00","author":{"@id":"https:\/\/web.quotidianopiemontese.it\/volareinpiemonte\/#\/schema\/person\/92b86f27cfe3bd649bd878d4f9c88190"},"description":"In un intervista a TargatoCN Guido Botto presidente della Geac\u00a0ricorda che l'aeroporto di Levaldigi punta ad integrarsi con Caselle, ma non solo.","breadcrumb":{"@id":"https:\/\/web.quotidianopiemontese.it\/volareinpiemonte\/levaldigi-guarda-a-caselle-ma-anche-a-nizza\/#breadcrumb"},"inLanguage":"it-IT","potentialAction":[{"@type":"ReadAction","target":["https:\/\/web.quotidianopiemontese.it\/volareinpiemonte\/levaldigi-guarda-a-caselle-ma-anche-a-nizza\/"]}]},{"@type":"BreadcrumbList","@id":"https:\/\/web.quotidianopiemontese.it\/volareinpiemonte\/levaldigi-guarda-a-caselle-ma-anche-a-nizza\/#breadcrumb","itemListElement":[{"@type":"ListItem","position":1,"name":"Home","item":"https:\/\/web.quotidianopiemontese.it\/volareinpiemonte\/"},{"@type":"ListItem","position":2,"name":"Levaldigi guarda a Caselle, ma anche a Nizza"}]},{"@type":"WebSite","@id":"https:\/\/web.quotidianopiemontese.it\/volareinpiemonte\/#website","url":"https:\/\/web.quotidianopiemontese.it\/volareinpiemonte\/","name":"Volare in Piemonte","description":"Quotidiano Piemontese","potentialAction":[{"@type":"SearchAction","target":{"@type":"EntryPoint","urlTemplate":"https:\/\/web.quotidianopiemontese.it\/volareinpiemonte\/?s={search_term_string}"},"query-input":{"@type":"PropertyValueSpecification","valueRequired":true,"valueName":"search_term_string"}}],"inLanguage":"it-IT"},{"@type":"Person","@id":"https:\/\/web.quotidianopiemontese.it\/volareinpiemonte\/#\/schema\/person\/92b86f27cfe3bd649bd878d4f9c88190","name":"Redazione","image":{"@type":"ImageObject","inLanguage":"it-IT","@id":"https:\/\/web.quotidianopiemontese.it\/volareinpiemonte\/#\/schema\/person\/image\/","url":"https:\/\/secure.gravatar.com\/avatar\/fdce1b5a74767a43870aca54b0800bed88aab98b8098f69ac252d11aec8cdbe7?s=96&d=mm&r=g","contentUrl":"https:\/\/secure.gravatar.com\/avatar\/fdce1b5a74767a43870aca54b0800bed88aab98b8098f69ac252d11aec8cdbe7?s=96&d=mm&r=g","caption":"Redazione"},"description":"Quotidiano Piemontese: il sito di informazione pi\u00f9 letto del Piemonte : libero, tempestivo indipendente, social. L'hub sociale e informativo del Piemonte","sameAs":["http:\/\/www.quotidianopiemontese.it\/","https:\/\/www.facebook.com\/quotidianopiemontese","https:\/\/x.com\/quotidianopiem"],"url":"https:\/\/web.quotidianopiemontese.it\/volareinpiemonte\/author\/administrator\/"}]}},"_links":{"self":[{"href":"https:\/\/web.quotidianopiemontese.it\/volareinpiemonte\/wp-json\/wp\/v2\/posts\/24","targetHints":{"allow":["GET"]}}],"collection":[{"href":"https:\/\/web.quotidianopiemontese.it\/volareinpiemonte\/wp-json\/wp\/v2\/posts"}],"about":[{"href":"https:\/\/web.quotidianopiemontese.it\/volareinpiemonte\/wp-json\/wp\/v2\/types\/post"}],"author":[{"embeddable":true,"href":"https:\/\/web.quotidianopiemontese.it\/volareinpiemonte\/wp-json\/wp\/v2\/users\/1"}],"replies":[{"embeddable":true,"href":"https:\/\/web.quotidianopiemontese.it\/volareinpiemonte\/wp-json\/wp\/v2\/comments?post=24"}],"version-history":[{"count":0,"href":"https:\/\/web.quotidianopiemontese.it\/volareinpiemonte\/wp-json\/wp\/v2\/posts\/24\/revisions"}],"wp:attachment":[{"href":"https:\/\/web.quotidianopiemontese.it\/volareinpiemonte\/wp-json\/wp\/v2\/media?parent=24"}],"wp:term":[{"taxonomy":"category","embeddable":true,"href":"https:\/\/web.quotidianopiemontese.it\/volareinpiemonte\/wp-json\/wp\/v2\/categories?post=24"},{"taxonomy":"post_tag","embeddable":true,"href":"https:\/\/web.quotidianopiemontese.it\/volareinpiemonte\/wp-json\/wp\/v2\/tags?post=24"}],"curies":[{"name":"wp","href":"https:\/\/api.w.org\/{rel}","templated":true}]}}