{"id":238,"date":"2013-11-14T08:48:49","date_gmt":"2013-11-14T08:48:49","guid":{"rendered":"http:\/\/www.quotidianopiemontese.it\/volareinpiemonte\/?p=238"},"modified":"2013-11-14T08:52:48","modified_gmt":"2013-11-14T08:52:48","slug":"nel-nuovo-orario-invernale-di-caselle-ci-sono-delle-interessanti-novita","status":"publish","type":"post","link":"https:\/\/web.quotidianopiemontese.it\/volareinpiemonte\/nel-nuovo-orario-invernale-di-caselle-ci-sono-delle-interessanti-novita\/","title":{"rendered":"Nel nuovo orario invernale di Caselle ci sono delle interessanti novit\u00e0"},"content":{"rendered":"<p><a href=\"http:\/\/www.quotidianopiemontese.it\/volareinpiemonte\/files\/2013\/11\/caselle.jpeg\"><img loading=\"lazy\" decoding=\"async\" class=\"alignright size-thumbnail wp-image-241\" alt=\"caselle\" src=\"http:\/\/www.quotidianopiemontese.it\/volareinpiemonte\/files\/2013\/11\/caselle-150x150.jpeg\" width=\"150\" height=\"150\" \/><\/a>L\u2019orario invernale 2013-2014, entrato in vigore il 28 ottobre, dell\u2019aeroporto di Torino Caselle ha portato e porter\u00e0 diverse novit\u00e0. Il prossimo 28 dicembre debutteranno i voli per Mosca serviti da Livingston, un collegamento che sar\u00e0 operato tutti i sabati da un Airbus A320; da alcune settimane \u00e8 tornato operativo il collegamento Torino-Napoli di Meridiana con 12 frequenze a settimana.\u00a0Fra gli altri voli da Torino Caselle ci saranno quelli per Londra Gatwick di EasyJet che saranno operativi da met\u00e0 dicembre dal venerd\u00ec alla domenica; sempre per la capitale inglese raddoppieranno le frequenze, dal 13 dicembre 2013 al 29 marzo 2014, dei collegamenti di British Airways, mentre per l\u2019aeroporto di Stansted saliranno a 11 collegamenti settimanali i voli di Ryanair nel periodo natalizio.<!--more--><\/p>\n<p>A partire dal 21 dicembre 2013 saranno introdotti i voli per Dublino ogni sabato, poi sono stati confermati i voli per Amsterdam di Transavia e i voli per Istanbul di Turkish Airlines; rafforzato anche il collegamento Torino-Barcellona serviti da Vueling, mentre per Madrid troviamo 9 collegamenti settimanali di Air Nostrum, regional carrier di Iberia.<\/p>\n<p>Conferme anche per Parigi Charles De Gaulle, con 4 collegamenti giornalieri di Air France, mentre Volotea rinnova i collegamenti trisettimanali per Palermo; da Torino troviamo anche i voli per Casablanca di Royal Air Maroc, operati luned\u00ec, venerd\u00ec e sabato, nonch\u00e9 i voli per Francoforte, Monaco di Baviera e Dusseldorf di Lufthansa e i voli per Bruxelles di Brussels Airlines. Riguardo ai collegamenti italiani ci sono Roma, Napoli, Bari, Reggio Calabria, Lamezia Terme, Catania e Palermo di Alitalia.<\/p>\n","protected":false},"excerpt":{"rendered":"<p>L\u2019orario invernale 2013-2014, entrato in vigore il 28 ottobre, dell\u2019aeroporto di Torino Caselle ha portato e porter\u00e0 diverse novit\u00e0. Il prossimo 28 dicembre debutteranno i voli per Mosca serviti da Livingston, un collegamento che sar\u00e0 operato tutti i sabati da un Airbus A320; da alcune settimane \u00e8 tornato operativo il collegamento Torino-Napoli di Meridiana con &hellip; <a href=\"https:\/\/web.quotidianopiemontese.it\/volareinpiemonte\/nel-nuovo-orario-invernale-di-caselle-ci-sono-delle-interessanti-novita\/\" class=\"more-link\">Leggi tutto<span class=\"screen-reader-text\"> &#8220;Nel nuovo orario invernale di Caselle ci sono delle interessanti novit\u00e0&#8221;<\/span><\/a><\/p>\n","protected":false},"author":1,"featured_media":241,"comment_status":"open","ping_status":"closed","sticky":false,"template":"","format":"standard","meta":{"footnotes":""},"categories":[1],"tags":[3],"class_list":["post-238","post","type-post","status-publish","format-standard","has-post-thumbnail","hentry","category-volare-in-piemonte","tag-caselle"],"yoast_head":"<!-- This site is optimized with the Yoast SEO plugin v27.1.1 - https:\/\/yoast.com\/product\/yoast-seo-wordpress\/ -->\n<title>Nel nuovo orario invernale di Caselle ci sono delle interessanti novit\u00e0 - Volare in Piemonte<\/title>\n<meta name=\"description\" content=\"L\u2019orario invernale 2013-2014, entrato in vigore il 28 ottobre, dell\u2019aeroporto di Torino Caselle ha portato e porter\u00e0 diverse novit\u00e0. Il prossimo 28\" \/>\n<meta name=\"robots\" content=\"index, follow, max-snippet:-1, max-image-preview:large, max-video-preview:-1\" \/>\n<link rel=\"canonical\" href=\"http:\/\/web.quotidianopiemontese.it\/volareinpiemonte\/nel-nuovo-orario-invernale-di-caselle-ci-sono-delle-interessanti-novita\/\" \/>\n<meta property=\"og:locale\" content=\"it_IT\" \/>\n<meta property=\"og:type\" content=\"article\" \/>\n<meta property=\"og:title\" content=\"Nel nuovo orario invernale di Caselle ci sono delle interessanti novit\u00e0 - Volare in Piemonte\" \/>\n<meta property=\"og:description\" content=\"L\u2019orario invernale 2013-2014, entrato in vigore il 28 ottobre, dell\u2019aeroporto di Torino Caselle ha portato e porter\u00e0 diverse novit\u00e0. Il prossimo 28\" \/>\n<meta property=\"og:url\" content=\"http:\/\/web.quotidianopiemontese.it\/volareinpiemonte\/nel-nuovo-orario-invernale-di-caselle-ci-sono-delle-interessanti-novita\/\" \/>\n<meta property=\"og:site_name\" content=\"Volare in Piemonte\" \/>\n<meta property=\"article:publisher\" content=\"https:\/\/www.facebook.com\/quotidianopiemontese?fref=ts\" \/>\n<meta property=\"article:author\" content=\"https:\/\/www.facebook.com\/quotidianopiemontese\" \/>\n<meta property=\"article:published_time\" content=\"2013-11-14T08:48:49+00:00\" \/>\n<meta property=\"article:modified_time\" content=\"2013-11-14T08:52:48+00:00\" \/>\n<meta property=\"og:image\" content=\"http:\/\/web.quotidianopiemontese.it\/volareinpiemonte\/files\/2013\/11\/caselle.jpeg\" \/>\n\t<meta property=\"og:image:width\" content=\"170\" \/>\n\t<meta property=\"og:image:height\" content=\"179\" \/>\n\t<meta property=\"og:image:type\" content=\"image\/jpeg\" \/>\n<meta name=\"author\" content=\"Redazione\" \/>\n<meta name=\"twitter:label1\" content=\"Scritto da\" \/>\n\t<meta name=\"twitter:data1\" content=\"Redazione\" \/>\n\t<meta name=\"twitter:label2\" content=\"Tempo di lettura stimato\" \/>\n\t<meta name=\"twitter:data2\" content=\"1 minuto\" \/>\n<script type=\"application\/ld+json\" class=\"yoast-schema-graph\">{\"@context\":\"https:\/\/schema.org\",\"@graph\":[{\"@type\":\"Article\",\"@id\":\"http:\/\/web.quotidianopiemontese.it\/volareinpiemonte\/nel-nuovo-orario-invernale-di-caselle-ci-sono-delle-interessanti-novita\/#article\",\"isPartOf\":{\"@id\":\"http:\/\/web.quotidianopiemontese.it\/volareinpiemonte\/nel-nuovo-orario-invernale-di-caselle-ci-sono-delle-interessanti-novita\/\"},\"author\":{\"name\":\"Redazione\",\"@id\":\"https:\/\/web.quotidianopiemontese.it\/volareinpiemonte\/#\/schema\/person\/92b86f27cfe3bd649bd878d4f9c88190\"},\"headline\":\"Nel nuovo orario invernale di Caselle ci sono delle interessanti novit\u00e0\",\"datePublished\":\"2013-11-14T08:48:49+00:00\",\"dateModified\":\"2013-11-14T08:52:48+00:00\",\"mainEntityOfPage\":{\"@id\":\"http:\/\/web.quotidianopiemontese.it\/volareinpiemonte\/nel-nuovo-orario-invernale-di-caselle-ci-sono-delle-interessanti-novita\/\"},\"wordCount\":254,\"commentCount\":0,\"image\":{\"@id\":\"http:\/\/web.quotidianopiemontese.it\/volareinpiemonte\/nel-nuovo-orario-invernale-di-caselle-ci-sono-delle-interessanti-novita\/#primaryimage\"},\"thumbnailUrl\":\"https:\/\/web.quotidianopiemontese.it\/volareinpiemonte\/files\/2013\/11\/caselle.jpeg\",\"keywords\":[\"caselle\"],\"articleSection\":[\"Volare in Piemonte\"],\"inLanguage\":\"it-IT\",\"potentialAction\":[{\"@type\":\"CommentAction\",\"name\":\"Comment\",\"target\":[\"http:\/\/web.quotidianopiemontese.it\/volareinpiemonte\/nel-nuovo-orario-invernale-di-caselle-ci-sono-delle-interessanti-novita\/#respond\"]}]},{\"@type\":\"WebPage\",\"@id\":\"http:\/\/web.quotidianopiemontese.it\/volareinpiemonte\/nel-nuovo-orario-invernale-di-caselle-ci-sono-delle-interessanti-novita\/\",\"url\":\"http:\/\/web.quotidianopiemontese.it\/volareinpiemonte\/nel-nuovo-orario-invernale-di-caselle-ci-sono-delle-interessanti-novita\/\",\"name\":\"Nel nuovo orario invernale di Caselle ci sono delle interessanti novit\u00e0 - Volare in Piemonte\",\"isPartOf\":{\"@id\":\"https:\/\/web.quotidianopiemontese.it\/volareinpiemonte\/#website\"},\"primaryImageOfPage\":{\"@id\":\"http:\/\/web.quotidianopiemontese.it\/volareinpiemonte\/nel-nuovo-orario-invernale-di-caselle-ci-sono-delle-interessanti-novita\/#primaryimage\"},\"image\":{\"@id\":\"http:\/\/web.quotidianopiemontese.it\/volareinpiemonte\/nel-nuovo-orario-invernale-di-caselle-ci-sono-delle-interessanti-novita\/#primaryimage\"},\"thumbnailUrl\":\"https:\/\/web.quotidianopiemontese.it\/volareinpiemonte\/files\/2013\/11\/caselle.jpeg\",\"datePublished\":\"2013-11-14T08:48:49+00:00\",\"dateModified\":\"2013-11-14T08:52:48+00:00\",\"author\":{\"@id\":\"https:\/\/web.quotidianopiemontese.it\/volareinpiemonte\/#\/schema\/person\/92b86f27cfe3bd649bd878d4f9c88190\"},\"description\":\"L\u2019orario invernale 2013-2014, entrato in vigore il 28 ottobre, dell\u2019aeroporto di Torino Caselle ha portato e porter\u00e0 diverse novit\u00e0. Il prossimo 28\",\"breadcrumb\":{\"@id\":\"http:\/\/web.quotidianopiemontese.it\/volareinpiemonte\/nel-nuovo-orario-invernale-di-caselle-ci-sono-delle-interessanti-novita\/#breadcrumb\"},\"inLanguage\":\"it-IT\",\"potentialAction\":[{\"@type\":\"ReadAction\",\"target\":[\"http:\/\/web.quotidianopiemontese.it\/volareinpiemonte\/nel-nuovo-orario-invernale-di-caselle-ci-sono-delle-interessanti-novita\/\"]}]},{\"@type\":\"ImageObject\",\"inLanguage\":\"it-IT\",\"@id\":\"http:\/\/web.quotidianopiemontese.it\/volareinpiemonte\/nel-nuovo-orario-invernale-di-caselle-ci-sono-delle-interessanti-novita\/#primaryimage\",\"url\":\"https:\/\/web.quotidianopiemontese.it\/volareinpiemonte\/files\/2013\/11\/caselle.jpeg\",\"contentUrl\":\"https:\/\/web.quotidianopiemontese.it\/volareinpiemonte\/files\/2013\/11\/caselle.jpeg\",\"width\":170,\"height\":179},{\"@type\":\"BreadcrumbList\",\"@id\":\"http:\/\/web.quotidianopiemontese.it\/volareinpiemonte\/nel-nuovo-orario-invernale-di-caselle-ci-sono-delle-interessanti-novita\/#breadcrumb\",\"itemListElement\":[{\"@type\":\"ListItem\",\"position\":1,\"name\":\"Home\",\"item\":\"https:\/\/web.quotidianopiemontese.it\/volareinpiemonte\/\"},{\"@type\":\"ListItem\",\"position\":2,\"name\":\"Nel nuovo orario invernale di Caselle ci sono delle interessanti novit\u00e0\"}]},{\"@type\":\"WebSite\",\"@id\":\"https:\/\/web.quotidianopiemontese.it\/volareinpiemonte\/#website\",\"url\":\"https:\/\/web.quotidianopiemontese.it\/volareinpiemonte\/\",\"name\":\"Volare in Piemonte\",\"description\":\"Quotidiano Piemontese\",\"potentialAction\":[{\"@type\":\"SearchAction\",\"target\":{\"@type\":\"EntryPoint\",\"urlTemplate\":\"https:\/\/web.quotidianopiemontese.it\/volareinpiemonte\/?s={search_term_string}\"},\"query-input\":{\"@type\":\"PropertyValueSpecification\",\"valueRequired\":true,\"valueName\":\"search_term_string\"}}],\"inLanguage\":\"it-IT\"},{\"@type\":\"Person\",\"@id\":\"https:\/\/web.quotidianopiemontese.it\/volareinpiemonte\/#\/schema\/person\/92b86f27cfe3bd649bd878d4f9c88190\",\"name\":\"Redazione\",\"image\":{\"@type\":\"ImageObject\",\"inLanguage\":\"it-IT\",\"@id\":\"https:\/\/web.quotidianopiemontese.it\/volareinpiemonte\/#\/schema\/person\/image\/\",\"url\":\"https:\/\/secure.gravatar.com\/avatar\/fdce1b5a74767a43870aca54b0800bed88aab98b8098f69ac252d11aec8cdbe7?s=96&d=mm&r=g\",\"contentUrl\":\"https:\/\/secure.gravatar.com\/avatar\/fdce1b5a74767a43870aca54b0800bed88aab98b8098f69ac252d11aec8cdbe7?s=96&d=mm&r=g\",\"caption\":\"Redazione\"},\"description\":\"Quotidiano Piemontese: il sito di informazione pi\u00f9 letto del Piemonte : libero, tempestivo indipendente, social. L'hub sociale e informativo del Piemonte\",\"sameAs\":[\"http:\/\/www.quotidianopiemontese.it\/\",\"https:\/\/www.facebook.com\/quotidianopiemontese\",\"https:\/\/x.com\/quotidianopiem\"],\"url\":\"https:\/\/web.quotidianopiemontese.it\/volareinpiemonte\/author\/administrator\/\"}]}<\/script>\n<!-- \/ Yoast SEO plugin. -->","yoast_head_json":{"title":"Nel nuovo orario invernale di Caselle ci sono delle interessanti novit\u00e0 - Volare in Piemonte","description":"L\u2019orario invernale 2013-2014, entrato in vigore il 28 ottobre, dell\u2019aeroporto di Torino Caselle ha portato e porter\u00e0 diverse novit\u00e0. Il prossimo 28","robots":{"index":"index","follow":"follow","max-snippet":"max-snippet:-1","max-image-preview":"max-image-preview:large","max-video-preview":"max-video-preview:-1"},"canonical":"http:\/\/web.quotidianopiemontese.it\/volareinpiemonte\/nel-nuovo-orario-invernale-di-caselle-ci-sono-delle-interessanti-novita\/","og_locale":"it_IT","og_type":"article","og_title":"Nel nuovo orario invernale di Caselle ci sono delle interessanti novit\u00e0 - Volare in Piemonte","og_description":"L\u2019orario invernale 2013-2014, entrato in vigore il 28 ottobre, dell\u2019aeroporto di Torino Caselle ha portato e porter\u00e0 diverse novit\u00e0. Il prossimo 28","og_url":"http:\/\/web.quotidianopiemontese.it\/volareinpiemonte\/nel-nuovo-orario-invernale-di-caselle-ci-sono-delle-interessanti-novita\/","og_site_name":"Volare in Piemonte","article_publisher":"https:\/\/www.facebook.com\/quotidianopiemontese?fref=ts","article_author":"https:\/\/www.facebook.com\/quotidianopiemontese","article_published_time":"2013-11-14T08:48:49+00:00","article_modified_time":"2013-11-14T08:52:48+00:00","og_image":[{"width":170,"height":179,"url":"http:\/\/web.quotidianopiemontese.it\/volareinpiemonte\/files\/2013\/11\/caselle.jpeg","type":"image\/jpeg"}],"author":"Redazione","twitter_misc":{"Scritto da":"Redazione","Tempo di lettura stimato":"1 minuto"},"schema":{"@context":"https:\/\/schema.org","@graph":[{"@type":"Article","@id":"http:\/\/web.quotidianopiemontese.it\/volareinpiemonte\/nel-nuovo-orario-invernale-di-caselle-ci-sono-delle-interessanti-novita\/#article","isPartOf":{"@id":"http:\/\/web.quotidianopiemontese.it\/volareinpiemonte\/nel-nuovo-orario-invernale-di-caselle-ci-sono-delle-interessanti-novita\/"},"author":{"name":"Redazione","@id":"https:\/\/web.quotidianopiemontese.it\/volareinpiemonte\/#\/schema\/person\/92b86f27cfe3bd649bd878d4f9c88190"},"headline":"Nel nuovo orario invernale di Caselle ci sono delle interessanti novit\u00e0","datePublished":"2013-11-14T08:48:49+00:00","dateModified":"2013-11-14T08:52:48+00:00","mainEntityOfPage":{"@id":"http:\/\/web.quotidianopiemontese.it\/volareinpiemonte\/nel-nuovo-orario-invernale-di-caselle-ci-sono-delle-interessanti-novita\/"},"wordCount":254,"commentCount":0,"image":{"@id":"http:\/\/web.quotidianopiemontese.it\/volareinpiemonte\/nel-nuovo-orario-invernale-di-caselle-ci-sono-delle-interessanti-novita\/#primaryimage"},"thumbnailUrl":"https:\/\/web.quotidianopiemontese.it\/volareinpiemonte\/files\/2013\/11\/caselle.jpeg","keywords":["caselle"],"articleSection":["Volare in Piemonte"],"inLanguage":"it-IT","potentialAction":[{"@type":"CommentAction","name":"Comment","target":["http:\/\/web.quotidianopiemontese.it\/volareinpiemonte\/nel-nuovo-orario-invernale-di-caselle-ci-sono-delle-interessanti-novita\/#respond"]}]},{"@type":"WebPage","@id":"http:\/\/web.quotidianopiemontese.it\/volareinpiemonte\/nel-nuovo-orario-invernale-di-caselle-ci-sono-delle-interessanti-novita\/","url":"http:\/\/web.quotidianopiemontese.it\/volareinpiemonte\/nel-nuovo-orario-invernale-di-caselle-ci-sono-delle-interessanti-novita\/","name":"Nel nuovo orario invernale di Caselle ci sono delle interessanti novit\u00e0 - Volare in Piemonte","isPartOf":{"@id":"https:\/\/web.quotidianopiemontese.it\/volareinpiemonte\/#website"},"primaryImageOfPage":{"@id":"http:\/\/web.quotidianopiemontese.it\/volareinpiemonte\/nel-nuovo-orario-invernale-di-caselle-ci-sono-delle-interessanti-novita\/#primaryimage"},"image":{"@id":"http:\/\/web.quotidianopiemontese.it\/volareinpiemonte\/nel-nuovo-orario-invernale-di-caselle-ci-sono-delle-interessanti-novita\/#primaryimage"},"thumbnailUrl":"https:\/\/web.quotidianopiemontese.it\/volareinpiemonte\/files\/2013\/11\/caselle.jpeg","datePublished":"2013-11-14T08:48:49+00:00","dateModified":"2013-11-14T08:52:48+00:00","author":{"@id":"https:\/\/web.quotidianopiemontese.it\/volareinpiemonte\/#\/schema\/person\/92b86f27cfe3bd649bd878d4f9c88190"},"description":"L\u2019orario invernale 2013-2014, entrato in vigore il 28 ottobre, dell\u2019aeroporto di Torino Caselle ha portato e porter\u00e0 diverse novit\u00e0. Il prossimo 28","breadcrumb":{"@id":"http:\/\/web.quotidianopiemontese.it\/volareinpiemonte\/nel-nuovo-orario-invernale-di-caselle-ci-sono-delle-interessanti-novita\/#breadcrumb"},"inLanguage":"it-IT","potentialAction":[{"@type":"ReadAction","target":["http:\/\/web.quotidianopiemontese.it\/volareinpiemonte\/nel-nuovo-orario-invernale-di-caselle-ci-sono-delle-interessanti-novita\/"]}]},{"@type":"ImageObject","inLanguage":"it-IT","@id":"http:\/\/web.quotidianopiemontese.it\/volareinpiemonte\/nel-nuovo-orario-invernale-di-caselle-ci-sono-delle-interessanti-novita\/#primaryimage","url":"https:\/\/web.quotidianopiemontese.it\/volareinpiemonte\/files\/2013\/11\/caselle.jpeg","contentUrl":"https:\/\/web.quotidianopiemontese.it\/volareinpiemonte\/files\/2013\/11\/caselle.jpeg","width":170,"height":179},{"@type":"BreadcrumbList","@id":"http:\/\/web.quotidianopiemontese.it\/volareinpiemonte\/nel-nuovo-orario-invernale-di-caselle-ci-sono-delle-interessanti-novita\/#breadcrumb","itemListElement":[{"@type":"ListItem","position":1,"name":"Home","item":"https:\/\/web.quotidianopiemontese.it\/volareinpiemonte\/"},{"@type":"ListItem","position":2,"name":"Nel nuovo orario invernale di Caselle ci sono delle interessanti novit\u00e0"}]},{"@type":"WebSite","@id":"https:\/\/web.quotidianopiemontese.it\/volareinpiemonte\/#website","url":"https:\/\/web.quotidianopiemontese.it\/volareinpiemonte\/","name":"Volare in Piemonte","description":"Quotidiano Piemontese","potentialAction":[{"@type":"SearchAction","target":{"@type":"EntryPoint","urlTemplate":"https:\/\/web.quotidianopiemontese.it\/volareinpiemonte\/?s={search_term_string}"},"query-input":{"@type":"PropertyValueSpecification","valueRequired":true,"valueName":"search_term_string"}}],"inLanguage":"it-IT"},{"@type":"Person","@id":"https:\/\/web.quotidianopiemontese.it\/volareinpiemonte\/#\/schema\/person\/92b86f27cfe3bd649bd878d4f9c88190","name":"Redazione","image":{"@type":"ImageObject","inLanguage":"it-IT","@id":"https:\/\/web.quotidianopiemontese.it\/volareinpiemonte\/#\/schema\/person\/image\/","url":"https:\/\/secure.gravatar.com\/avatar\/fdce1b5a74767a43870aca54b0800bed88aab98b8098f69ac252d11aec8cdbe7?s=96&d=mm&r=g","contentUrl":"https:\/\/secure.gravatar.com\/avatar\/fdce1b5a74767a43870aca54b0800bed88aab98b8098f69ac252d11aec8cdbe7?s=96&d=mm&r=g","caption":"Redazione"},"description":"Quotidiano Piemontese: il sito di informazione pi\u00f9 letto del Piemonte : libero, tempestivo indipendente, social. L'hub sociale e informativo del Piemonte","sameAs":["http:\/\/www.quotidianopiemontese.it\/","https:\/\/www.facebook.com\/quotidianopiemontese","https:\/\/x.com\/quotidianopiem"],"url":"https:\/\/web.quotidianopiemontese.it\/volareinpiemonte\/author\/administrator\/"}]}},"_links":{"self":[{"href":"https:\/\/web.quotidianopiemontese.it\/volareinpiemonte\/wp-json\/wp\/v2\/posts\/238","targetHints":{"allow":["GET"]}}],"collection":[{"href":"https:\/\/web.quotidianopiemontese.it\/volareinpiemonte\/wp-json\/wp\/v2\/posts"}],"about":[{"href":"https:\/\/web.quotidianopiemontese.it\/volareinpiemonte\/wp-json\/wp\/v2\/types\/post"}],"author":[{"embeddable":true,"href":"https:\/\/web.quotidianopiemontese.it\/volareinpiemonte\/wp-json\/wp\/v2\/users\/1"}],"replies":[{"embeddable":true,"href":"https:\/\/web.quotidianopiemontese.it\/volareinpiemonte\/wp-json\/wp\/v2\/comments?post=238"}],"version-history":[{"count":0,"href":"https:\/\/web.quotidianopiemontese.it\/volareinpiemonte\/wp-json\/wp\/v2\/posts\/238\/revisions"}],"wp:featuredmedia":[{"embeddable":true,"href":"https:\/\/web.quotidianopiemontese.it\/volareinpiemonte\/wp-json\/wp\/v2\/media\/241"}],"wp:attachment":[{"href":"https:\/\/web.quotidianopiemontese.it\/volareinpiemonte\/wp-json\/wp\/v2\/media?parent=238"}],"wp:term":[{"taxonomy":"category","embeddable":true,"href":"https:\/\/web.quotidianopiemontese.it\/volareinpiemonte\/wp-json\/wp\/v2\/categories?post=238"},{"taxonomy":"post_tag","embeddable":true,"href":"https:\/\/web.quotidianopiemontese.it\/volareinpiemonte\/wp-json\/wp\/v2\/tags?post=238"}],"curies":[{"name":"wp","href":"https:\/\/api.w.org\/{rel}","templated":true}]}}