{"id":199,"date":"2013-06-27T08:03:38","date_gmt":"2013-06-27T08:03:38","guid":{"rendered":"http:\/\/www.quotidianopiemontese.it\/volareinpiemonte\/?p=199"},"modified":"2013-06-27T08:03:38","modified_gmt":"2013-06-27T08:03:38","slug":"si-e-dimesso-lamministratore-delegato-di-sagat-daniel-winteler","status":"publish","type":"post","link":"https:\/\/web.quotidianopiemontese.it\/volareinpiemonte\/si-e-dimesso-lamministratore-delegato-di-sagat-daniel-winteler\/","title":{"rendered":"Si \u00e8 dimesso l&#8217;amministratore delegato di Sagat Daniel Winteler"},"content":{"rendered":"<p><a href=\"http:\/\/www.quotidianopiemontese.it\/volareinpiemonte\/2013\/02\/06\/daniel-winteler-nuovo-amministratore-delegato-della-sagat\/\" target=\"_blank\">Dopo solo 100 giorni dalla sua nomina<\/a>,\u00a0 Daniel Winteler si \u00e8 dimesso dalla carica di amministratore delegato della Sagat, la societ\u00e0 che gestisce l&#8217;aeroporto di \u00a0Caselle. Winteler ha spiegato la decisione \u00a0con motivi personali, probabilmente un a importante proposta di lavoro, ma evidentemente sulla sua decisione incide la grave crisi dello scalo torinese.<br \/>\nF2I principale azionista della Sagat, la societ\u00e0 che gestisce l&#8217;aeroporto di Torino Caselle, in una nota ringrazia John Daniel Winteler per il lavoro svolto e per l&#8217;impegno e la passione profusa nel suo lavoro. Comprende i motivi che hanno indotto il dottor Winteler a chiedere di poter rimettere il proprio mandato e gli augura soddisfazioni e serenit\u00e0 nei nuovi impegni che andr\u00e0 ad affrontare. Non si sa ancora chi lo sostituir\u00e0.<\/p>\n","protected":false},"excerpt":{"rendered":"<p>Dopo solo 100 giorni dalla sua nomina,\u00a0 Daniel Winteler si \u00e8 dimesso dalla carica di amministratore delegato della Sagat, la societ\u00e0 che gestisce l&#8217;aeroporto di \u00a0Caselle. Winteler ha spiegato la decisione \u00a0con motivi personali, probabilmente un a importante proposta di lavoro, ma evidentemente sulla sua decisione incide la grave crisi dello scalo torinese. F2I principale &hellip; <a href=\"https:\/\/web.quotidianopiemontese.it\/volareinpiemonte\/si-e-dimesso-lamministratore-delegato-di-sagat-daniel-winteler\/\" class=\"more-link\">Leggi tutto<span class=\"screen-reader-text\"> &#8220;Si \u00e8 dimesso l&#8217;amministratore delegato di Sagat Daniel Winteler&#8221;<\/span><\/a><\/p>\n","protected":false},"author":1,"featured_media":0,"comment_status":"open","ping_status":"closed","sticky":false,"template":"","format":"standard","meta":{"footnotes":""},"categories":[1],"tags":[3,4],"class_list":["post-199","post","type-post","status-publish","format-standard","hentry","category-volare-in-piemonte","tag-caselle","tag-sagat"],"yoast_head":"<!-- This site is optimized with the Yoast SEO plugin v27.1.1 - https:\/\/yoast.com\/product\/yoast-seo-wordpress\/ -->\n<title>Si \u00e8 dimesso l&#039;amministratore delegato di Sagat Daniel Winteler - Volare in Piemonte<\/title>\n<meta name=\"description\" content=\"Dopo solo 100 giorni dalla sua nomina,\u00a0 Daniel Winteler si \u00e8 dimesso dalla carica di amministratore delegato della Sagat, la societ\u00e0 che gestisce\" \/>\n<meta name=\"robots\" content=\"index, follow, max-snippet:-1, max-image-preview:large, max-video-preview:-1\" \/>\n<link rel=\"canonical\" href=\"http:\/\/web.quotidianopiemontese.it\/volareinpiemonte\/si-e-dimesso-lamministratore-delegato-di-sagat-daniel-winteler\/\" \/>\n<meta property=\"og:locale\" content=\"it_IT\" \/>\n<meta property=\"og:type\" content=\"article\" \/>\n<meta property=\"og:title\" content=\"Si \u00e8 dimesso l&#039;amministratore delegato di Sagat Daniel Winteler - Volare in Piemonte\" \/>\n<meta property=\"og:description\" content=\"Dopo solo 100 giorni dalla sua nomina,\u00a0 Daniel Winteler si \u00e8 dimesso dalla carica di amministratore delegato della Sagat, la societ\u00e0 che gestisce\" \/>\n<meta property=\"og:url\" content=\"http:\/\/web.quotidianopiemontese.it\/volareinpiemonte\/si-e-dimesso-lamministratore-delegato-di-sagat-daniel-winteler\/\" \/>\n<meta property=\"og:site_name\" content=\"Volare in Piemonte\" \/>\n<meta property=\"article:publisher\" content=\"https:\/\/www.facebook.com\/quotidianopiemontese?fref=ts\" \/>\n<meta property=\"article:author\" content=\"https:\/\/www.facebook.com\/quotidianopiemontese\" \/>\n<meta property=\"article:published_time\" content=\"2013-06-27T08:03:38+00:00\" \/>\n<meta name=\"author\" content=\"Redazione\" \/>\n<meta name=\"twitter:label1\" content=\"Scritto da\" \/>\n\t<meta name=\"twitter:data1\" content=\"Redazione\" \/>\n\t<meta name=\"twitter:label2\" content=\"Tempo di lettura stimato\" \/>\n\t<meta name=\"twitter:data2\" content=\"1 minuto\" \/>\n<script type=\"application\/ld+json\" class=\"yoast-schema-graph\">{\"@context\":\"https:\/\/schema.org\",\"@graph\":[{\"@type\":\"Article\",\"@id\":\"http:\/\/web.quotidianopiemontese.it\/volareinpiemonte\/si-e-dimesso-lamministratore-delegato-di-sagat-daniel-winteler\/#article\",\"isPartOf\":{\"@id\":\"http:\/\/web.quotidianopiemontese.it\/volareinpiemonte\/si-e-dimesso-lamministratore-delegato-di-sagat-daniel-winteler\/\"},\"author\":{\"name\":\"Redazione\",\"@id\":\"https:\/\/web.quotidianopiemontese.it\/volareinpiemonte\/#\/schema\/person\/92b86f27cfe3bd649bd878d4f9c88190\"},\"headline\":\"Si \u00e8 dimesso l&#8217;amministratore delegato di Sagat Daniel Winteler\",\"datePublished\":\"2013-06-27T08:03:38+00:00\",\"mainEntityOfPage\":{\"@id\":\"http:\/\/web.quotidianopiemontese.it\/volareinpiemonte\/si-e-dimesso-lamministratore-delegato-di-sagat-daniel-winteler\/\"},\"wordCount\":135,\"commentCount\":0,\"keywords\":[\"caselle\",\"sagat\"],\"articleSection\":[\"Volare in Piemonte\"],\"inLanguage\":\"it-IT\",\"potentialAction\":[{\"@type\":\"CommentAction\",\"name\":\"Comment\",\"target\":[\"http:\/\/web.quotidianopiemontese.it\/volareinpiemonte\/si-e-dimesso-lamministratore-delegato-di-sagat-daniel-winteler\/#respond\"]}]},{\"@type\":\"WebPage\",\"@id\":\"http:\/\/web.quotidianopiemontese.it\/volareinpiemonte\/si-e-dimesso-lamministratore-delegato-di-sagat-daniel-winteler\/\",\"url\":\"http:\/\/web.quotidianopiemontese.it\/volareinpiemonte\/si-e-dimesso-lamministratore-delegato-di-sagat-daniel-winteler\/\",\"name\":\"Si \u00e8 dimesso l'amministratore delegato di Sagat Daniel Winteler - Volare in Piemonte\",\"isPartOf\":{\"@id\":\"https:\/\/web.quotidianopiemontese.it\/volareinpiemonte\/#website\"},\"datePublished\":\"2013-06-27T08:03:38+00:00\",\"author\":{\"@id\":\"https:\/\/web.quotidianopiemontese.it\/volareinpiemonte\/#\/schema\/person\/92b86f27cfe3bd649bd878d4f9c88190\"},\"description\":\"Dopo solo 100 giorni dalla sua nomina,\u00a0 Daniel Winteler si \u00e8 dimesso dalla carica di amministratore delegato della Sagat, la societ\u00e0 che gestisce\",\"breadcrumb\":{\"@id\":\"http:\/\/web.quotidianopiemontese.it\/volareinpiemonte\/si-e-dimesso-lamministratore-delegato-di-sagat-daniel-winteler\/#breadcrumb\"},\"inLanguage\":\"it-IT\",\"potentialAction\":[{\"@type\":\"ReadAction\",\"target\":[\"http:\/\/web.quotidianopiemontese.it\/volareinpiemonte\/si-e-dimesso-lamministratore-delegato-di-sagat-daniel-winteler\/\"]}]},{\"@type\":\"BreadcrumbList\",\"@id\":\"http:\/\/web.quotidianopiemontese.it\/volareinpiemonte\/si-e-dimesso-lamministratore-delegato-di-sagat-daniel-winteler\/#breadcrumb\",\"itemListElement\":[{\"@type\":\"ListItem\",\"position\":1,\"name\":\"Home\",\"item\":\"https:\/\/web.quotidianopiemontese.it\/volareinpiemonte\/\"},{\"@type\":\"ListItem\",\"position\":2,\"name\":\"Si \u00e8 dimesso l&#8217;amministratore delegato di Sagat Daniel Winteler\"}]},{\"@type\":\"WebSite\",\"@id\":\"https:\/\/web.quotidianopiemontese.it\/volareinpiemonte\/#website\",\"url\":\"https:\/\/web.quotidianopiemontese.it\/volareinpiemonte\/\",\"name\":\"Volare in Piemonte\",\"description\":\"Quotidiano Piemontese\",\"potentialAction\":[{\"@type\":\"SearchAction\",\"target\":{\"@type\":\"EntryPoint\",\"urlTemplate\":\"https:\/\/web.quotidianopiemontese.it\/volareinpiemonte\/?s={search_term_string}\"},\"query-input\":{\"@type\":\"PropertyValueSpecification\",\"valueRequired\":true,\"valueName\":\"search_term_string\"}}],\"inLanguage\":\"it-IT\"},{\"@type\":\"Person\",\"@id\":\"https:\/\/web.quotidianopiemontese.it\/volareinpiemonte\/#\/schema\/person\/92b86f27cfe3bd649bd878d4f9c88190\",\"name\":\"Redazione\",\"image\":{\"@type\":\"ImageObject\",\"inLanguage\":\"it-IT\",\"@id\":\"https:\/\/web.quotidianopiemontese.it\/volareinpiemonte\/#\/schema\/person\/image\/\",\"url\":\"https:\/\/secure.gravatar.com\/avatar\/fdce1b5a74767a43870aca54b0800bed88aab98b8098f69ac252d11aec8cdbe7?s=96&d=mm&r=g\",\"contentUrl\":\"https:\/\/secure.gravatar.com\/avatar\/fdce1b5a74767a43870aca54b0800bed88aab98b8098f69ac252d11aec8cdbe7?s=96&d=mm&r=g\",\"caption\":\"Redazione\"},\"description\":\"Quotidiano Piemontese: il sito di informazione pi\u00f9 letto del Piemonte : libero, tempestivo indipendente, social. L'hub sociale e informativo del Piemonte\",\"sameAs\":[\"http:\/\/www.quotidianopiemontese.it\/\",\"https:\/\/www.facebook.com\/quotidianopiemontese\",\"https:\/\/x.com\/quotidianopiem\"],\"url\":\"https:\/\/web.quotidianopiemontese.it\/volareinpiemonte\/author\/administrator\/\"}]}<\/script>\n<!-- \/ Yoast SEO plugin. -->","yoast_head_json":{"title":"Si \u00e8 dimesso l'amministratore delegato di Sagat Daniel Winteler - Volare in Piemonte","description":"Dopo solo 100 giorni dalla sua nomina,\u00a0 Daniel Winteler si \u00e8 dimesso dalla carica di amministratore delegato della Sagat, la societ\u00e0 che gestisce","robots":{"index":"index","follow":"follow","max-snippet":"max-snippet:-1","max-image-preview":"max-image-preview:large","max-video-preview":"max-video-preview:-1"},"canonical":"http:\/\/web.quotidianopiemontese.it\/volareinpiemonte\/si-e-dimesso-lamministratore-delegato-di-sagat-daniel-winteler\/","og_locale":"it_IT","og_type":"article","og_title":"Si \u00e8 dimesso l'amministratore delegato di Sagat Daniel Winteler - Volare in Piemonte","og_description":"Dopo solo 100 giorni dalla sua nomina,\u00a0 Daniel Winteler si \u00e8 dimesso dalla carica di amministratore delegato della Sagat, la societ\u00e0 che gestisce","og_url":"http:\/\/web.quotidianopiemontese.it\/volareinpiemonte\/si-e-dimesso-lamministratore-delegato-di-sagat-daniel-winteler\/","og_site_name":"Volare in Piemonte","article_publisher":"https:\/\/www.facebook.com\/quotidianopiemontese?fref=ts","article_author":"https:\/\/www.facebook.com\/quotidianopiemontese","article_published_time":"2013-06-27T08:03:38+00:00","author":"Redazione","twitter_misc":{"Scritto da":"Redazione","Tempo di lettura stimato":"1 minuto"},"schema":{"@context":"https:\/\/schema.org","@graph":[{"@type":"Article","@id":"http:\/\/web.quotidianopiemontese.it\/volareinpiemonte\/si-e-dimesso-lamministratore-delegato-di-sagat-daniel-winteler\/#article","isPartOf":{"@id":"http:\/\/web.quotidianopiemontese.it\/volareinpiemonte\/si-e-dimesso-lamministratore-delegato-di-sagat-daniel-winteler\/"},"author":{"name":"Redazione","@id":"https:\/\/web.quotidianopiemontese.it\/volareinpiemonte\/#\/schema\/person\/92b86f27cfe3bd649bd878d4f9c88190"},"headline":"Si \u00e8 dimesso l&#8217;amministratore delegato di Sagat Daniel Winteler","datePublished":"2013-06-27T08:03:38+00:00","mainEntityOfPage":{"@id":"http:\/\/web.quotidianopiemontese.it\/volareinpiemonte\/si-e-dimesso-lamministratore-delegato-di-sagat-daniel-winteler\/"},"wordCount":135,"commentCount":0,"keywords":["caselle","sagat"],"articleSection":["Volare in Piemonte"],"inLanguage":"it-IT","potentialAction":[{"@type":"CommentAction","name":"Comment","target":["http:\/\/web.quotidianopiemontese.it\/volareinpiemonte\/si-e-dimesso-lamministratore-delegato-di-sagat-daniel-winteler\/#respond"]}]},{"@type":"WebPage","@id":"http:\/\/web.quotidianopiemontese.it\/volareinpiemonte\/si-e-dimesso-lamministratore-delegato-di-sagat-daniel-winteler\/","url":"http:\/\/web.quotidianopiemontese.it\/volareinpiemonte\/si-e-dimesso-lamministratore-delegato-di-sagat-daniel-winteler\/","name":"Si \u00e8 dimesso l'amministratore delegato di Sagat Daniel Winteler - Volare in Piemonte","isPartOf":{"@id":"https:\/\/web.quotidianopiemontese.it\/volareinpiemonte\/#website"},"datePublished":"2013-06-27T08:03:38+00:00","author":{"@id":"https:\/\/web.quotidianopiemontese.it\/volareinpiemonte\/#\/schema\/person\/92b86f27cfe3bd649bd878d4f9c88190"},"description":"Dopo solo 100 giorni dalla sua nomina,\u00a0 Daniel Winteler si \u00e8 dimesso dalla carica di amministratore delegato della Sagat, la societ\u00e0 che gestisce","breadcrumb":{"@id":"http:\/\/web.quotidianopiemontese.it\/volareinpiemonte\/si-e-dimesso-lamministratore-delegato-di-sagat-daniel-winteler\/#breadcrumb"},"inLanguage":"it-IT","potentialAction":[{"@type":"ReadAction","target":["http:\/\/web.quotidianopiemontese.it\/volareinpiemonte\/si-e-dimesso-lamministratore-delegato-di-sagat-daniel-winteler\/"]}]},{"@type":"BreadcrumbList","@id":"http:\/\/web.quotidianopiemontese.it\/volareinpiemonte\/si-e-dimesso-lamministratore-delegato-di-sagat-daniel-winteler\/#breadcrumb","itemListElement":[{"@type":"ListItem","position":1,"name":"Home","item":"https:\/\/web.quotidianopiemontese.it\/volareinpiemonte\/"},{"@type":"ListItem","position":2,"name":"Si \u00e8 dimesso l&#8217;amministratore delegato di Sagat Daniel Winteler"}]},{"@type":"WebSite","@id":"https:\/\/web.quotidianopiemontese.it\/volareinpiemonte\/#website","url":"https:\/\/web.quotidianopiemontese.it\/volareinpiemonte\/","name":"Volare in Piemonte","description":"Quotidiano Piemontese","potentialAction":[{"@type":"SearchAction","target":{"@type":"EntryPoint","urlTemplate":"https:\/\/web.quotidianopiemontese.it\/volareinpiemonte\/?s={search_term_string}"},"query-input":{"@type":"PropertyValueSpecification","valueRequired":true,"valueName":"search_term_string"}}],"inLanguage":"it-IT"},{"@type":"Person","@id":"https:\/\/web.quotidianopiemontese.it\/volareinpiemonte\/#\/schema\/person\/92b86f27cfe3bd649bd878d4f9c88190","name":"Redazione","image":{"@type":"ImageObject","inLanguage":"it-IT","@id":"https:\/\/web.quotidianopiemontese.it\/volareinpiemonte\/#\/schema\/person\/image\/","url":"https:\/\/secure.gravatar.com\/avatar\/fdce1b5a74767a43870aca54b0800bed88aab98b8098f69ac252d11aec8cdbe7?s=96&d=mm&r=g","contentUrl":"https:\/\/secure.gravatar.com\/avatar\/fdce1b5a74767a43870aca54b0800bed88aab98b8098f69ac252d11aec8cdbe7?s=96&d=mm&r=g","caption":"Redazione"},"description":"Quotidiano Piemontese: il sito di informazione pi\u00f9 letto del Piemonte : libero, tempestivo indipendente, social. L'hub sociale e informativo del Piemonte","sameAs":["http:\/\/www.quotidianopiemontese.it\/","https:\/\/www.facebook.com\/quotidianopiemontese","https:\/\/x.com\/quotidianopiem"],"url":"https:\/\/web.quotidianopiemontese.it\/volareinpiemonte\/author\/administrator\/"}]}},"_links":{"self":[{"href":"https:\/\/web.quotidianopiemontese.it\/volareinpiemonte\/wp-json\/wp\/v2\/posts\/199","targetHints":{"allow":["GET"]}}],"collection":[{"href":"https:\/\/web.quotidianopiemontese.it\/volareinpiemonte\/wp-json\/wp\/v2\/posts"}],"about":[{"href":"https:\/\/web.quotidianopiemontese.it\/volareinpiemonte\/wp-json\/wp\/v2\/types\/post"}],"author":[{"embeddable":true,"href":"https:\/\/web.quotidianopiemontese.it\/volareinpiemonte\/wp-json\/wp\/v2\/users\/1"}],"replies":[{"embeddable":true,"href":"https:\/\/web.quotidianopiemontese.it\/volareinpiemonte\/wp-json\/wp\/v2\/comments?post=199"}],"version-history":[{"count":0,"href":"https:\/\/web.quotidianopiemontese.it\/volareinpiemonte\/wp-json\/wp\/v2\/posts\/199\/revisions"}],"wp:attachment":[{"href":"https:\/\/web.quotidianopiemontese.it\/volareinpiemonte\/wp-json\/wp\/v2\/media?parent=199"}],"wp:term":[{"taxonomy":"category","embeddable":true,"href":"https:\/\/web.quotidianopiemontese.it\/volareinpiemonte\/wp-json\/wp\/v2\/categories?post=199"},{"taxonomy":"post_tag","embeddable":true,"href":"https:\/\/web.quotidianopiemontese.it\/volareinpiemonte\/wp-json\/wp\/v2\/tags?post=199"}],"curies":[{"name":"wp","href":"https:\/\/api.w.org\/{rel}","templated":true}]}}