{"id":159,"date":"2013-02-23T07:55:44","date_gmt":"2013-02-23T07:55:44","guid":{"rendered":"http:\/\/www.quotidianopiemontese.it\/volareinpiemonte\/?p=159"},"modified":"2013-02-23T07:55:44","modified_gmt":"2013-02-23T07:55:44","slug":"da-fine-aprile-il-nuovo-volo-per-la-romania-torino-iasi","status":"publish","type":"post","link":"https:\/\/web.quotidianopiemontese.it\/volareinpiemonte\/da-fine-aprile-il-nuovo-volo-per-la-romania-torino-iasi\/","title":{"rendered":"Da fine aprile il nuovo volo per la Romania Torino-Iasi"},"content":{"rendered":"<p>Torino e la Romania saranno collegate da una nuova tratta aerea, che entrer\u00e0 in vigore dal prossimo 27 aprile. La Tarom, compagnia di bandiera romena, collegher\u00e0 tre volte alla settimana Torino con Iasi, la seconda citt\u00e0 della Romania. A Torino risiede la seconda comunit\u00e0 romena pi\u00f9 importante d\u2019Italia composta da circa 50 mila persone.<\/p>\n","protected":false},"excerpt":{"rendered":"<p>Torino e la Romania saranno collegate da una nuova tratta aerea, che entrer\u00e0 in vigore dal prossimo 27 aprile. La Tarom, compagnia di bandiera romena, collegher\u00e0 tre volte alla settimana Torino con Iasi, la seconda citt\u00e0 della Romania. A Torino risiede la seconda comunit\u00e0 romena pi\u00f9 importante d\u2019Italia composta da circa 50 mila persone.<\/p>\n","protected":false},"author":1,"featured_media":0,"comment_status":"open","ping_status":"closed","sticky":false,"template":"","format":"standard","meta":{"footnotes":""},"categories":[1],"tags":[3,40],"class_list":["post-159","post","type-post","status-publish","format-standard","hentry","category-volare-in-piemonte","tag-caselle","tag-romani"],"yoast_head":"<!-- This site is optimized with the Yoast SEO plugin v27.1.1 - https:\/\/yoast.com\/product\/yoast-seo-wordpress\/ -->\n<title>Da fine aprile il nuovo volo per la Romania Torino-Iasi - Volare in Piemonte<\/title>\n<meta name=\"description\" content=\"Torino e la Romania saranno collegate da una nuova tratta aerea, che entrer\u00e0 in vigore dal prossimo 27 aprile. La Tarom, compagnia di bandiera romena,\" \/>\n<meta name=\"robots\" content=\"index, follow, max-snippet:-1, max-image-preview:large, max-video-preview:-1\" \/>\n<link rel=\"canonical\" href=\"http:\/\/web.quotidianopiemontese.it\/volareinpiemonte\/da-fine-aprile-il-nuovo-volo-per-la-romania-torino-iasi\/\" \/>\n<meta property=\"og:locale\" content=\"it_IT\" \/>\n<meta property=\"og:type\" content=\"article\" \/>\n<meta property=\"og:title\" content=\"Da fine aprile il nuovo volo per la Romania Torino-Iasi - Volare in Piemonte\" \/>\n<meta property=\"og:description\" content=\"Torino e la Romania saranno collegate da una nuova tratta aerea, che entrer\u00e0 in vigore dal prossimo 27 aprile. La Tarom, compagnia di bandiera romena,\" \/>\n<meta property=\"og:url\" content=\"http:\/\/web.quotidianopiemontese.it\/volareinpiemonte\/da-fine-aprile-il-nuovo-volo-per-la-romania-torino-iasi\/\" \/>\n<meta property=\"og:site_name\" content=\"Volare in Piemonte\" \/>\n<meta property=\"article:publisher\" content=\"https:\/\/www.facebook.com\/quotidianopiemontese?fref=ts\" \/>\n<meta property=\"article:author\" content=\"https:\/\/www.facebook.com\/quotidianopiemontese\" \/>\n<meta property=\"article:published_time\" content=\"2013-02-23T07:55:44+00:00\" \/>\n<meta name=\"author\" content=\"Redazione\" \/>\n<meta name=\"twitter:label1\" content=\"Scritto da\" \/>\n\t<meta name=\"twitter:data1\" content=\"Redazione\" \/>\n<script type=\"application\/ld+json\" class=\"yoast-schema-graph\">{\"@context\":\"https:\/\/schema.org\",\"@graph\":[{\"@type\":\"Article\",\"@id\":\"http:\/\/web.quotidianopiemontese.it\/volareinpiemonte\/da-fine-aprile-il-nuovo-volo-per-la-romania-torino-iasi\/#article\",\"isPartOf\":{\"@id\":\"http:\/\/web.quotidianopiemontese.it\/volareinpiemonte\/da-fine-aprile-il-nuovo-volo-per-la-romania-torino-iasi\/\"},\"author\":{\"name\":\"Redazione\",\"@id\":\"https:\/\/web.quotidianopiemontese.it\/volareinpiemonte\/#\/schema\/person\/92b86f27cfe3bd649bd878d4f9c88190\"},\"headline\":\"Da fine aprile il nuovo volo per la Romania Torino-Iasi\",\"datePublished\":\"2013-02-23T07:55:44+00:00\",\"mainEntityOfPage\":{\"@id\":\"http:\/\/web.quotidianopiemontese.it\/volareinpiemonte\/da-fine-aprile-il-nuovo-volo-per-la-romania-torino-iasi\/\"},\"wordCount\":63,\"commentCount\":0,\"keywords\":[\"caselle\",\"romani\"],\"articleSection\":[\"Volare in Piemonte\"],\"inLanguage\":\"it-IT\",\"potentialAction\":[{\"@type\":\"CommentAction\",\"name\":\"Comment\",\"target\":[\"http:\/\/web.quotidianopiemontese.it\/volareinpiemonte\/da-fine-aprile-il-nuovo-volo-per-la-romania-torino-iasi\/#respond\"]}]},{\"@type\":\"WebPage\",\"@id\":\"http:\/\/web.quotidianopiemontese.it\/volareinpiemonte\/da-fine-aprile-il-nuovo-volo-per-la-romania-torino-iasi\/\",\"url\":\"http:\/\/web.quotidianopiemontese.it\/volareinpiemonte\/da-fine-aprile-il-nuovo-volo-per-la-romania-torino-iasi\/\",\"name\":\"Da fine aprile il nuovo volo per la Romania Torino-Iasi - Volare in Piemonte\",\"isPartOf\":{\"@id\":\"https:\/\/web.quotidianopiemontese.it\/volareinpiemonte\/#website\"},\"datePublished\":\"2013-02-23T07:55:44+00:00\",\"author\":{\"@id\":\"https:\/\/web.quotidianopiemontese.it\/volareinpiemonte\/#\/schema\/person\/92b86f27cfe3bd649bd878d4f9c88190\"},\"description\":\"Torino e la Romania saranno collegate da una nuova tratta aerea, che entrer\u00e0 in vigore dal prossimo 27 aprile. La Tarom, compagnia di bandiera romena,\",\"breadcrumb\":{\"@id\":\"http:\/\/web.quotidianopiemontese.it\/volareinpiemonte\/da-fine-aprile-il-nuovo-volo-per-la-romania-torino-iasi\/#breadcrumb\"},\"inLanguage\":\"it-IT\",\"potentialAction\":[{\"@type\":\"ReadAction\",\"target\":[\"http:\/\/web.quotidianopiemontese.it\/volareinpiemonte\/da-fine-aprile-il-nuovo-volo-per-la-romania-torino-iasi\/\"]}]},{\"@type\":\"BreadcrumbList\",\"@id\":\"http:\/\/web.quotidianopiemontese.it\/volareinpiemonte\/da-fine-aprile-il-nuovo-volo-per-la-romania-torino-iasi\/#breadcrumb\",\"itemListElement\":[{\"@type\":\"ListItem\",\"position\":1,\"name\":\"Home\",\"item\":\"https:\/\/web.quotidianopiemontese.it\/volareinpiemonte\/\"},{\"@type\":\"ListItem\",\"position\":2,\"name\":\"Da fine aprile il nuovo volo per la Romania Torino-Iasi\"}]},{\"@type\":\"WebSite\",\"@id\":\"https:\/\/web.quotidianopiemontese.it\/volareinpiemonte\/#website\",\"url\":\"https:\/\/web.quotidianopiemontese.it\/volareinpiemonte\/\",\"name\":\"Volare in Piemonte\",\"description\":\"Quotidiano Piemontese\",\"potentialAction\":[{\"@type\":\"SearchAction\",\"target\":{\"@type\":\"EntryPoint\",\"urlTemplate\":\"https:\/\/web.quotidianopiemontese.it\/volareinpiemonte\/?s={search_term_string}\"},\"query-input\":{\"@type\":\"PropertyValueSpecification\",\"valueRequired\":true,\"valueName\":\"search_term_string\"}}],\"inLanguage\":\"it-IT\"},{\"@type\":\"Person\",\"@id\":\"https:\/\/web.quotidianopiemontese.it\/volareinpiemonte\/#\/schema\/person\/92b86f27cfe3bd649bd878d4f9c88190\",\"name\":\"Redazione\",\"image\":{\"@type\":\"ImageObject\",\"inLanguage\":\"it-IT\",\"@id\":\"https:\/\/web.quotidianopiemontese.it\/volareinpiemonte\/#\/schema\/person\/image\/\",\"url\":\"https:\/\/secure.gravatar.com\/avatar\/fdce1b5a74767a43870aca54b0800bed88aab98b8098f69ac252d11aec8cdbe7?s=96&d=mm&r=g\",\"contentUrl\":\"https:\/\/secure.gravatar.com\/avatar\/fdce1b5a74767a43870aca54b0800bed88aab98b8098f69ac252d11aec8cdbe7?s=96&d=mm&r=g\",\"caption\":\"Redazione\"},\"description\":\"Quotidiano Piemontese: il sito di informazione pi\u00f9 letto del Piemonte : libero, tempestivo indipendente, social. L'hub sociale e informativo del Piemonte\",\"sameAs\":[\"http:\/\/www.quotidianopiemontese.it\/\",\"https:\/\/www.facebook.com\/quotidianopiemontese\",\"https:\/\/x.com\/quotidianopiem\"],\"url\":\"https:\/\/web.quotidianopiemontese.it\/volareinpiemonte\/author\/administrator\/\"}]}<\/script>\n<!-- \/ Yoast SEO plugin. -->","yoast_head_json":{"title":"Da fine aprile il nuovo volo per la Romania Torino-Iasi - Volare in Piemonte","description":"Torino e la Romania saranno collegate da una nuova tratta aerea, che entrer\u00e0 in vigore dal prossimo 27 aprile. La Tarom, compagnia di bandiera romena,","robots":{"index":"index","follow":"follow","max-snippet":"max-snippet:-1","max-image-preview":"max-image-preview:large","max-video-preview":"max-video-preview:-1"},"canonical":"http:\/\/web.quotidianopiemontese.it\/volareinpiemonte\/da-fine-aprile-il-nuovo-volo-per-la-romania-torino-iasi\/","og_locale":"it_IT","og_type":"article","og_title":"Da fine aprile il nuovo volo per la Romania Torino-Iasi - Volare in Piemonte","og_description":"Torino e la Romania saranno collegate da una nuova tratta aerea, che entrer\u00e0 in vigore dal prossimo 27 aprile. La Tarom, compagnia di bandiera romena,","og_url":"http:\/\/web.quotidianopiemontese.it\/volareinpiemonte\/da-fine-aprile-il-nuovo-volo-per-la-romania-torino-iasi\/","og_site_name":"Volare in Piemonte","article_publisher":"https:\/\/www.facebook.com\/quotidianopiemontese?fref=ts","article_author":"https:\/\/www.facebook.com\/quotidianopiemontese","article_published_time":"2013-02-23T07:55:44+00:00","author":"Redazione","twitter_misc":{"Scritto da":"Redazione"},"schema":{"@context":"https:\/\/schema.org","@graph":[{"@type":"Article","@id":"http:\/\/web.quotidianopiemontese.it\/volareinpiemonte\/da-fine-aprile-il-nuovo-volo-per-la-romania-torino-iasi\/#article","isPartOf":{"@id":"http:\/\/web.quotidianopiemontese.it\/volareinpiemonte\/da-fine-aprile-il-nuovo-volo-per-la-romania-torino-iasi\/"},"author":{"name":"Redazione","@id":"https:\/\/web.quotidianopiemontese.it\/volareinpiemonte\/#\/schema\/person\/92b86f27cfe3bd649bd878d4f9c88190"},"headline":"Da fine aprile il nuovo volo per la Romania Torino-Iasi","datePublished":"2013-02-23T07:55:44+00:00","mainEntityOfPage":{"@id":"http:\/\/web.quotidianopiemontese.it\/volareinpiemonte\/da-fine-aprile-il-nuovo-volo-per-la-romania-torino-iasi\/"},"wordCount":63,"commentCount":0,"keywords":["caselle","romani"],"articleSection":["Volare in Piemonte"],"inLanguage":"it-IT","potentialAction":[{"@type":"CommentAction","name":"Comment","target":["http:\/\/web.quotidianopiemontese.it\/volareinpiemonte\/da-fine-aprile-il-nuovo-volo-per-la-romania-torino-iasi\/#respond"]}]},{"@type":"WebPage","@id":"http:\/\/web.quotidianopiemontese.it\/volareinpiemonte\/da-fine-aprile-il-nuovo-volo-per-la-romania-torino-iasi\/","url":"http:\/\/web.quotidianopiemontese.it\/volareinpiemonte\/da-fine-aprile-il-nuovo-volo-per-la-romania-torino-iasi\/","name":"Da fine aprile il nuovo volo per la Romania Torino-Iasi - Volare in Piemonte","isPartOf":{"@id":"https:\/\/web.quotidianopiemontese.it\/volareinpiemonte\/#website"},"datePublished":"2013-02-23T07:55:44+00:00","author":{"@id":"https:\/\/web.quotidianopiemontese.it\/volareinpiemonte\/#\/schema\/person\/92b86f27cfe3bd649bd878d4f9c88190"},"description":"Torino e la Romania saranno collegate da una nuova tratta aerea, che entrer\u00e0 in vigore dal prossimo 27 aprile. La Tarom, compagnia di bandiera romena,","breadcrumb":{"@id":"http:\/\/web.quotidianopiemontese.it\/volareinpiemonte\/da-fine-aprile-il-nuovo-volo-per-la-romania-torino-iasi\/#breadcrumb"},"inLanguage":"it-IT","potentialAction":[{"@type":"ReadAction","target":["http:\/\/web.quotidianopiemontese.it\/volareinpiemonte\/da-fine-aprile-il-nuovo-volo-per-la-romania-torino-iasi\/"]}]},{"@type":"BreadcrumbList","@id":"http:\/\/web.quotidianopiemontese.it\/volareinpiemonte\/da-fine-aprile-il-nuovo-volo-per-la-romania-torino-iasi\/#breadcrumb","itemListElement":[{"@type":"ListItem","position":1,"name":"Home","item":"https:\/\/web.quotidianopiemontese.it\/volareinpiemonte\/"},{"@type":"ListItem","position":2,"name":"Da fine aprile il nuovo volo per la Romania Torino-Iasi"}]},{"@type":"WebSite","@id":"https:\/\/web.quotidianopiemontese.it\/volareinpiemonte\/#website","url":"https:\/\/web.quotidianopiemontese.it\/volareinpiemonte\/","name":"Volare in Piemonte","description":"Quotidiano Piemontese","potentialAction":[{"@type":"SearchAction","target":{"@type":"EntryPoint","urlTemplate":"https:\/\/web.quotidianopiemontese.it\/volareinpiemonte\/?s={search_term_string}"},"query-input":{"@type":"PropertyValueSpecification","valueRequired":true,"valueName":"search_term_string"}}],"inLanguage":"it-IT"},{"@type":"Person","@id":"https:\/\/web.quotidianopiemontese.it\/volareinpiemonte\/#\/schema\/person\/92b86f27cfe3bd649bd878d4f9c88190","name":"Redazione","image":{"@type":"ImageObject","inLanguage":"it-IT","@id":"https:\/\/web.quotidianopiemontese.it\/volareinpiemonte\/#\/schema\/person\/image\/","url":"https:\/\/secure.gravatar.com\/avatar\/fdce1b5a74767a43870aca54b0800bed88aab98b8098f69ac252d11aec8cdbe7?s=96&d=mm&r=g","contentUrl":"https:\/\/secure.gravatar.com\/avatar\/fdce1b5a74767a43870aca54b0800bed88aab98b8098f69ac252d11aec8cdbe7?s=96&d=mm&r=g","caption":"Redazione"},"description":"Quotidiano Piemontese: il sito di informazione pi\u00f9 letto del Piemonte : libero, tempestivo indipendente, social. L'hub sociale e informativo del Piemonte","sameAs":["http:\/\/www.quotidianopiemontese.it\/","https:\/\/www.facebook.com\/quotidianopiemontese","https:\/\/x.com\/quotidianopiem"],"url":"https:\/\/web.quotidianopiemontese.it\/volareinpiemonte\/author\/administrator\/"}]}},"_links":{"self":[{"href":"https:\/\/web.quotidianopiemontese.it\/volareinpiemonte\/wp-json\/wp\/v2\/posts\/159","targetHints":{"allow":["GET"]}}],"collection":[{"href":"https:\/\/web.quotidianopiemontese.it\/volareinpiemonte\/wp-json\/wp\/v2\/posts"}],"about":[{"href":"https:\/\/web.quotidianopiemontese.it\/volareinpiemonte\/wp-json\/wp\/v2\/types\/post"}],"author":[{"embeddable":true,"href":"https:\/\/web.quotidianopiemontese.it\/volareinpiemonte\/wp-json\/wp\/v2\/users\/1"}],"replies":[{"embeddable":true,"href":"https:\/\/web.quotidianopiemontese.it\/volareinpiemonte\/wp-json\/wp\/v2\/comments?post=159"}],"version-history":[{"count":0,"href":"https:\/\/web.quotidianopiemontese.it\/volareinpiemonte\/wp-json\/wp\/v2\/posts\/159\/revisions"}],"wp:attachment":[{"href":"https:\/\/web.quotidianopiemontese.it\/volareinpiemonte\/wp-json\/wp\/v2\/media?parent=159"}],"wp:term":[{"taxonomy":"category","embeddable":true,"href":"https:\/\/web.quotidianopiemontese.it\/volareinpiemonte\/wp-json\/wp\/v2\/categories?post=159"},{"taxonomy":"post_tag","embeddable":true,"href":"https:\/\/web.quotidianopiemontese.it\/volareinpiemonte\/wp-json\/wp\/v2\/tags?post=159"}],"curies":[{"name":"wp","href":"https:\/\/api.w.org\/{rel}","templated":true}]}}