{"id":134,"date":"2013-01-09T11:15:06","date_gmt":"2013-01-09T11:15:06","guid":{"rendered":"http:\/\/www.quotidianopiemontese.it\/volareinpiemonte\/?p=134"},"modified":"2013-01-09T11:15:06","modified_gmt":"2013-01-09T11:15:06","slug":"gamberale-vogliamo-puntare-a-normalizzare-i-vettori-lowcost","status":"publish","type":"post","link":"https:\/\/web.quotidianopiemontese.it\/volareinpiemonte\/gamberale-vogliamo-puntare-a-normalizzare-i-vettori-lowcost\/","title":{"rendered":"Gamberale: vogliamo puntare a normalizzare i vettori lowcost"},"content":{"rendered":"<p>Prime dichiarazioni all&#8217;Ansa di Vito\u00a0Gamberale sul futuro di Caselle e degli aeroporti che stanno entrando nella sfera di influenza del suo fondo F2i: \u00a0&#8220;Avere un network di aeroporti \u00a0significa puntare alla normalizzazione dei vettori low cost e potere sviluppare sinergie con le istituzioni per valorizzare il meglio di ogni territorio. Per i futuri assetti di Sagat \u00e8 presto per fare nomi, ma sapremo coniugare la continuit\u00e0 con le competenze locali, non \u00e8 nostra politica fare terra bruciata del passato, ma cerchiamo di fertilizzarlo. Per la Sagat abbiamo fatto un&#8217;operazione di sistema con gli enti territoriali come abbiamo fatto a Milano con Sea ed altrove&#8221;.<\/p>\n","protected":false},"excerpt":{"rendered":"<p>Prime dichiarazioni all&#8217;Ansa di Vito\u00a0Gamberale sul futuro di Caselle e degli aeroporti che stanno entrando nella sfera di influenza del suo fondo F2i: \u00a0&#8220;Avere un network di aeroporti \u00a0significa puntare alla normalizzazione dei vettori low cost e potere sviluppare sinergie con le istituzioni per valorizzare il meglio di ogni territorio. Per i futuri assetti di &hellip; <a href=\"https:\/\/web.quotidianopiemontese.it\/volareinpiemonte\/gamberale-vogliamo-puntare-a-normalizzare-i-vettori-lowcost\/\" class=\"more-link\">Leggi tutto<span class=\"screen-reader-text\"> &#8220;Gamberale: vogliamo puntare a normalizzare i vettori lowcost&#8221;<\/span><\/a><\/p>\n","protected":false},"author":1,"featured_media":0,"comment_status":"open","ping_status":"closed","sticky":false,"template":"","format":"standard","meta":{"footnotes":""},"categories":[1],"tags":[3,4],"class_list":["post-134","post","type-post","status-publish","format-standard","hentry","category-volare-in-piemonte","tag-caselle","tag-sagat"],"yoast_head":"<!-- This site is optimized with the Yoast SEO plugin v27.1.1 - https:\/\/yoast.com\/product\/yoast-seo-wordpress\/ -->\n<title>Gamberale: vogliamo puntare a normalizzare i vettori lowcost - Volare in Piemonte<\/title>\n<meta name=\"description\" content=\"Prime dichiarazioni all&#039;Ansa di Vito\u00a0Gamberale sul futuro di Caselle e degli aeroporti che stanno entrando nella sfera di influenza del suo fondo F2i:\" \/>\n<meta name=\"robots\" content=\"index, follow, max-snippet:-1, max-image-preview:large, max-video-preview:-1\" \/>\n<link rel=\"canonical\" href=\"https:\/\/web.quotidianopiemontese.it\/volareinpiemonte\/gamberale-vogliamo-puntare-a-normalizzare-i-vettori-lowcost\/\" \/>\n<meta property=\"og:locale\" content=\"it_IT\" \/>\n<meta property=\"og:type\" content=\"article\" \/>\n<meta property=\"og:title\" content=\"Gamberale: vogliamo puntare a normalizzare i vettori lowcost - Volare in Piemonte\" \/>\n<meta property=\"og:description\" content=\"Prime dichiarazioni all&#039;Ansa di Vito\u00a0Gamberale sul futuro di Caselle e degli aeroporti che stanno entrando nella sfera di influenza del suo fondo F2i:\" \/>\n<meta property=\"og:url\" content=\"https:\/\/web.quotidianopiemontese.it\/volareinpiemonte\/gamberale-vogliamo-puntare-a-normalizzare-i-vettori-lowcost\/\" \/>\n<meta property=\"og:site_name\" content=\"Volare in Piemonte\" \/>\n<meta property=\"article:publisher\" content=\"https:\/\/www.facebook.com\/quotidianopiemontese?fref=ts\" \/>\n<meta property=\"article:author\" content=\"https:\/\/www.facebook.com\/quotidianopiemontese\" \/>\n<meta property=\"article:published_time\" content=\"2013-01-09T11:15:06+00:00\" \/>\n<meta name=\"author\" content=\"Redazione\" \/>\n<meta name=\"twitter:label1\" content=\"Scritto da\" \/>\n\t<meta name=\"twitter:data1\" content=\"Redazione\" \/>\n\t<meta name=\"twitter:label2\" content=\"Tempo di lettura stimato\" \/>\n\t<meta name=\"twitter:data2\" content=\"1 minuto\" \/>\n<script type=\"application\/ld+json\" class=\"yoast-schema-graph\">{\"@context\":\"https:\/\/schema.org\",\"@graph\":[{\"@type\":\"Article\",\"@id\":\"https:\/\/web.quotidianopiemontese.it\/volareinpiemonte\/gamberale-vogliamo-puntare-a-normalizzare-i-vettori-lowcost\/#article\",\"isPartOf\":{\"@id\":\"https:\/\/web.quotidianopiemontese.it\/volareinpiemonte\/gamberale-vogliamo-puntare-a-normalizzare-i-vettori-lowcost\/\"},\"author\":{\"name\":\"Redazione\",\"@id\":\"https:\/\/web.quotidianopiemontese.it\/volareinpiemonte\/#\/schema\/person\/92b86f27cfe3bd649bd878d4f9c88190\"},\"headline\":\"Gamberale: vogliamo puntare a normalizzare i vettori lowcost\",\"datePublished\":\"2013-01-09T11:15:06+00:00\",\"mainEntityOfPage\":{\"@id\":\"https:\/\/web.quotidianopiemontese.it\/volareinpiemonte\/gamberale-vogliamo-puntare-a-normalizzare-i-vettori-lowcost\/\"},\"wordCount\":114,\"commentCount\":0,\"keywords\":[\"caselle\",\"sagat\"],\"articleSection\":[\"Volare in Piemonte\"],\"inLanguage\":\"it-IT\",\"potentialAction\":[{\"@type\":\"CommentAction\",\"name\":\"Comment\",\"target\":[\"https:\/\/web.quotidianopiemontese.it\/volareinpiemonte\/gamberale-vogliamo-puntare-a-normalizzare-i-vettori-lowcost\/#respond\"]}]},{\"@type\":\"WebPage\",\"@id\":\"https:\/\/web.quotidianopiemontese.it\/volareinpiemonte\/gamberale-vogliamo-puntare-a-normalizzare-i-vettori-lowcost\/\",\"url\":\"https:\/\/web.quotidianopiemontese.it\/volareinpiemonte\/gamberale-vogliamo-puntare-a-normalizzare-i-vettori-lowcost\/\",\"name\":\"Gamberale: vogliamo puntare a normalizzare i vettori lowcost - Volare in Piemonte\",\"isPartOf\":{\"@id\":\"https:\/\/web.quotidianopiemontese.it\/volareinpiemonte\/#website\"},\"datePublished\":\"2013-01-09T11:15:06+00:00\",\"author\":{\"@id\":\"https:\/\/web.quotidianopiemontese.it\/volareinpiemonte\/#\/schema\/person\/92b86f27cfe3bd649bd878d4f9c88190\"},\"description\":\"Prime dichiarazioni all'Ansa di Vito\u00a0Gamberale sul futuro di Caselle e degli aeroporti che stanno entrando nella sfera di influenza del suo fondo F2i:\",\"breadcrumb\":{\"@id\":\"https:\/\/web.quotidianopiemontese.it\/volareinpiemonte\/gamberale-vogliamo-puntare-a-normalizzare-i-vettori-lowcost\/#breadcrumb\"},\"inLanguage\":\"it-IT\",\"potentialAction\":[{\"@type\":\"ReadAction\",\"target\":[\"https:\/\/web.quotidianopiemontese.it\/volareinpiemonte\/gamberale-vogliamo-puntare-a-normalizzare-i-vettori-lowcost\/\"]}]},{\"@type\":\"BreadcrumbList\",\"@id\":\"https:\/\/web.quotidianopiemontese.it\/volareinpiemonte\/gamberale-vogliamo-puntare-a-normalizzare-i-vettori-lowcost\/#breadcrumb\",\"itemListElement\":[{\"@type\":\"ListItem\",\"position\":1,\"name\":\"Home\",\"item\":\"https:\/\/web.quotidianopiemontese.it\/volareinpiemonte\/\"},{\"@type\":\"ListItem\",\"position\":2,\"name\":\"Gamberale: vogliamo puntare a normalizzare i vettori lowcost\"}]},{\"@type\":\"WebSite\",\"@id\":\"https:\/\/web.quotidianopiemontese.it\/volareinpiemonte\/#website\",\"url\":\"https:\/\/web.quotidianopiemontese.it\/volareinpiemonte\/\",\"name\":\"Volare in Piemonte\",\"description\":\"Quotidiano Piemontese\",\"potentialAction\":[{\"@type\":\"SearchAction\",\"target\":{\"@type\":\"EntryPoint\",\"urlTemplate\":\"https:\/\/web.quotidianopiemontese.it\/volareinpiemonte\/?s={search_term_string}\"},\"query-input\":{\"@type\":\"PropertyValueSpecification\",\"valueRequired\":true,\"valueName\":\"search_term_string\"}}],\"inLanguage\":\"it-IT\"},{\"@type\":\"Person\",\"@id\":\"https:\/\/web.quotidianopiemontese.it\/volareinpiemonte\/#\/schema\/person\/92b86f27cfe3bd649bd878d4f9c88190\",\"name\":\"Redazione\",\"image\":{\"@type\":\"ImageObject\",\"inLanguage\":\"it-IT\",\"@id\":\"https:\/\/web.quotidianopiemontese.it\/volareinpiemonte\/#\/schema\/person\/image\/\",\"url\":\"https:\/\/secure.gravatar.com\/avatar\/fdce1b5a74767a43870aca54b0800bed88aab98b8098f69ac252d11aec8cdbe7?s=96&d=mm&r=g\",\"contentUrl\":\"https:\/\/secure.gravatar.com\/avatar\/fdce1b5a74767a43870aca54b0800bed88aab98b8098f69ac252d11aec8cdbe7?s=96&d=mm&r=g\",\"caption\":\"Redazione\"},\"description\":\"Quotidiano Piemontese: il sito di informazione pi\u00f9 letto del Piemonte : libero, tempestivo indipendente, social. L'hub sociale e informativo del Piemonte\",\"sameAs\":[\"http:\/\/www.quotidianopiemontese.it\/\",\"https:\/\/www.facebook.com\/quotidianopiemontese\",\"https:\/\/x.com\/quotidianopiem\"],\"url\":\"https:\/\/web.quotidianopiemontese.it\/volareinpiemonte\/author\/administrator\/\"}]}<\/script>\n<!-- \/ Yoast SEO plugin. -->","yoast_head_json":{"title":"Gamberale: vogliamo puntare a normalizzare i vettori lowcost - Volare in Piemonte","description":"Prime dichiarazioni all'Ansa di Vito\u00a0Gamberale sul futuro di Caselle e degli aeroporti che stanno entrando nella sfera di influenza del suo fondo F2i:","robots":{"index":"index","follow":"follow","max-snippet":"max-snippet:-1","max-image-preview":"max-image-preview:large","max-video-preview":"max-video-preview:-1"},"canonical":"https:\/\/web.quotidianopiemontese.it\/volareinpiemonte\/gamberale-vogliamo-puntare-a-normalizzare-i-vettori-lowcost\/","og_locale":"it_IT","og_type":"article","og_title":"Gamberale: vogliamo puntare a normalizzare i vettori lowcost - Volare in Piemonte","og_description":"Prime dichiarazioni all'Ansa di Vito\u00a0Gamberale sul futuro di Caselle e degli aeroporti che stanno entrando nella sfera di influenza del suo fondo F2i:","og_url":"https:\/\/web.quotidianopiemontese.it\/volareinpiemonte\/gamberale-vogliamo-puntare-a-normalizzare-i-vettori-lowcost\/","og_site_name":"Volare in Piemonte","article_publisher":"https:\/\/www.facebook.com\/quotidianopiemontese?fref=ts","article_author":"https:\/\/www.facebook.com\/quotidianopiemontese","article_published_time":"2013-01-09T11:15:06+00:00","author":"Redazione","twitter_misc":{"Scritto da":"Redazione","Tempo di lettura stimato":"1 minuto"},"schema":{"@context":"https:\/\/schema.org","@graph":[{"@type":"Article","@id":"https:\/\/web.quotidianopiemontese.it\/volareinpiemonte\/gamberale-vogliamo-puntare-a-normalizzare-i-vettori-lowcost\/#article","isPartOf":{"@id":"https:\/\/web.quotidianopiemontese.it\/volareinpiemonte\/gamberale-vogliamo-puntare-a-normalizzare-i-vettori-lowcost\/"},"author":{"name":"Redazione","@id":"https:\/\/web.quotidianopiemontese.it\/volareinpiemonte\/#\/schema\/person\/92b86f27cfe3bd649bd878d4f9c88190"},"headline":"Gamberale: vogliamo puntare a normalizzare i vettori lowcost","datePublished":"2013-01-09T11:15:06+00:00","mainEntityOfPage":{"@id":"https:\/\/web.quotidianopiemontese.it\/volareinpiemonte\/gamberale-vogliamo-puntare-a-normalizzare-i-vettori-lowcost\/"},"wordCount":114,"commentCount":0,"keywords":["caselle","sagat"],"articleSection":["Volare in Piemonte"],"inLanguage":"it-IT","potentialAction":[{"@type":"CommentAction","name":"Comment","target":["https:\/\/web.quotidianopiemontese.it\/volareinpiemonte\/gamberale-vogliamo-puntare-a-normalizzare-i-vettori-lowcost\/#respond"]}]},{"@type":"WebPage","@id":"https:\/\/web.quotidianopiemontese.it\/volareinpiemonte\/gamberale-vogliamo-puntare-a-normalizzare-i-vettori-lowcost\/","url":"https:\/\/web.quotidianopiemontese.it\/volareinpiemonte\/gamberale-vogliamo-puntare-a-normalizzare-i-vettori-lowcost\/","name":"Gamberale: vogliamo puntare a normalizzare i vettori lowcost - Volare in Piemonte","isPartOf":{"@id":"https:\/\/web.quotidianopiemontese.it\/volareinpiemonte\/#website"},"datePublished":"2013-01-09T11:15:06+00:00","author":{"@id":"https:\/\/web.quotidianopiemontese.it\/volareinpiemonte\/#\/schema\/person\/92b86f27cfe3bd649bd878d4f9c88190"},"description":"Prime dichiarazioni all'Ansa di Vito\u00a0Gamberale sul futuro di Caselle e degli aeroporti che stanno entrando nella sfera di influenza del suo fondo F2i:","breadcrumb":{"@id":"https:\/\/web.quotidianopiemontese.it\/volareinpiemonte\/gamberale-vogliamo-puntare-a-normalizzare-i-vettori-lowcost\/#breadcrumb"},"inLanguage":"it-IT","potentialAction":[{"@type":"ReadAction","target":["https:\/\/web.quotidianopiemontese.it\/volareinpiemonte\/gamberale-vogliamo-puntare-a-normalizzare-i-vettori-lowcost\/"]}]},{"@type":"BreadcrumbList","@id":"https:\/\/web.quotidianopiemontese.it\/volareinpiemonte\/gamberale-vogliamo-puntare-a-normalizzare-i-vettori-lowcost\/#breadcrumb","itemListElement":[{"@type":"ListItem","position":1,"name":"Home","item":"https:\/\/web.quotidianopiemontese.it\/volareinpiemonte\/"},{"@type":"ListItem","position":2,"name":"Gamberale: vogliamo puntare a normalizzare i vettori lowcost"}]},{"@type":"WebSite","@id":"https:\/\/web.quotidianopiemontese.it\/volareinpiemonte\/#website","url":"https:\/\/web.quotidianopiemontese.it\/volareinpiemonte\/","name":"Volare in Piemonte","description":"Quotidiano Piemontese","potentialAction":[{"@type":"SearchAction","target":{"@type":"EntryPoint","urlTemplate":"https:\/\/web.quotidianopiemontese.it\/volareinpiemonte\/?s={search_term_string}"},"query-input":{"@type":"PropertyValueSpecification","valueRequired":true,"valueName":"search_term_string"}}],"inLanguage":"it-IT"},{"@type":"Person","@id":"https:\/\/web.quotidianopiemontese.it\/volareinpiemonte\/#\/schema\/person\/92b86f27cfe3bd649bd878d4f9c88190","name":"Redazione","image":{"@type":"ImageObject","inLanguage":"it-IT","@id":"https:\/\/web.quotidianopiemontese.it\/volareinpiemonte\/#\/schema\/person\/image\/","url":"https:\/\/secure.gravatar.com\/avatar\/fdce1b5a74767a43870aca54b0800bed88aab98b8098f69ac252d11aec8cdbe7?s=96&d=mm&r=g","contentUrl":"https:\/\/secure.gravatar.com\/avatar\/fdce1b5a74767a43870aca54b0800bed88aab98b8098f69ac252d11aec8cdbe7?s=96&d=mm&r=g","caption":"Redazione"},"description":"Quotidiano Piemontese: il sito di informazione pi\u00f9 letto del Piemonte : libero, tempestivo indipendente, social. L'hub sociale e informativo del Piemonte","sameAs":["http:\/\/www.quotidianopiemontese.it\/","https:\/\/www.facebook.com\/quotidianopiemontese","https:\/\/x.com\/quotidianopiem"],"url":"https:\/\/web.quotidianopiemontese.it\/volareinpiemonte\/author\/administrator\/"}]}},"_links":{"self":[{"href":"https:\/\/web.quotidianopiemontese.it\/volareinpiemonte\/wp-json\/wp\/v2\/posts\/134","targetHints":{"allow":["GET"]}}],"collection":[{"href":"https:\/\/web.quotidianopiemontese.it\/volareinpiemonte\/wp-json\/wp\/v2\/posts"}],"about":[{"href":"https:\/\/web.quotidianopiemontese.it\/volareinpiemonte\/wp-json\/wp\/v2\/types\/post"}],"author":[{"embeddable":true,"href":"https:\/\/web.quotidianopiemontese.it\/volareinpiemonte\/wp-json\/wp\/v2\/users\/1"}],"replies":[{"embeddable":true,"href":"https:\/\/web.quotidianopiemontese.it\/volareinpiemonte\/wp-json\/wp\/v2\/comments?post=134"}],"version-history":[{"count":0,"href":"https:\/\/web.quotidianopiemontese.it\/volareinpiemonte\/wp-json\/wp\/v2\/posts\/134\/revisions"}],"wp:attachment":[{"href":"https:\/\/web.quotidianopiemontese.it\/volareinpiemonte\/wp-json\/wp\/v2\/media?parent=134"}],"wp:term":[{"taxonomy":"category","embeddable":true,"href":"https:\/\/web.quotidianopiemontese.it\/volareinpiemonte\/wp-json\/wp\/v2\/categories?post=134"},{"taxonomy":"post_tag","embeddable":true,"href":"https:\/\/web.quotidianopiemontese.it\/volareinpiemonte\/wp-json\/wp\/v2\/tags?post=134"}],"curies":[{"name":"wp","href":"https:\/\/api.w.org\/{rel}","templated":true}]}}