{"id":123,"date":"2012-12-10T23:47:32","date_gmt":"2012-12-10T23:47:32","guid":{"rendered":"http:\/\/www.quotidianopiemontese.it\/volareinpiemonte\/?p=123"},"modified":"2012-12-10T23:47:32","modified_gmt":"2012-12-10T23:47:32","slug":"flytorino-festeggia-i-suoi-5-anni","status":"publish","type":"post","link":"https:\/\/web.quotidianopiemontese.it\/volareinpiemonte\/flytorino-festeggia-i-suoi-5-anni\/","title":{"rendered":"FlyTorino festeggia i suoi 5 anni"},"content":{"rendered":"<p align=\"justify\">Sabato 15 dicembre 2012\u00a0a partire dalle ore 19.30 si terr\u00e0 la festa per i<a href=\"http:\/\/www.flytorino.it\/ita\/notizie\/2012\/Annuncio_festa_compleanno2012.asp\">l quinto compleanno dell&#8217;associazione FlyTorino<\/a>.<\/p>\n<blockquote>\n<p align=\"justify\">Come tradizione vi sar\u00e0 un ricco buffet, cui seguiranno giochi e la consueta estrazione finale con i ricchi premi messi in palio dai nostri sponsor.<br \/>\nAnche quest&#8217;anno il primo premio sar\u00e0 costituito da\u00a0una settimana all inclusive a Marsa Alam per due persone, offerta da SETTEMARI!<!--more--><\/p>\n<p align=\"justify\">Quest&#8217;anno, in occasione della festa di compleanno, FlyTorino lancia un concorso fotografico dal titolo &#8220;Io volo da Torino&#8221; aperto a tutti i soci che invieranno entro il 12 dicembre una (ed una sola) fotografia all&#8217;indirizzo email\u00a0<a href=\"mailto:info@flytorino.it\">info@flytorino.it<\/a>.<br \/>\nPer essere ammesse al concorso, le foto dovranno essere stata scattate in una qualsiasi localit\u00e0 raggiungibile in aereo direttamente dall&#8217;aeroporto di Torino Caselle. Valgono anche localit\u00e0 che erano collegate direttamente negli anni passati e non lo sono pi\u00f9 oggi.<br \/>\nL&#8217;autore della foto pi\u00f9 bella verr\u00e0 premiato durante la festa con un weekend gratis per due persone offerto da FlyTorino.<\/p>\n<p align=\"justify\">La serata sar\u00e0 allietata dal nostro socio DJ Vittorio Faranna con la sua selezione di musiche. Durante la festa sar\u00e0 inoltre possibile associarsi a FlyTorino o rinnovare la propria iscrizione per l&#8217;anno 2013.<\/p>\n<p align=\"justify\">L\u2019ingresso alla festa\u00a0sar\u00e0 gratuito\u00a0per i soci FlyTorino (incluso chi si iscrive durante la serata); per gli accompagnatori o per chi non \u00e8 socio verr\u00e0 chiesto un contributo di 10\u20ac (sono esentati i bambini fino a\u00a010 anni).<\/p>\n<\/blockquote>\n","protected":false},"excerpt":{"rendered":"<p>Sabato 15 dicembre 2012\u00a0a partire dalle ore 19.30 si terr\u00e0 la festa per il quinto compleanno dell&#8217;associazione FlyTorino. Come tradizione vi sar\u00e0 un ricco buffet, cui seguiranno giochi e la consueta estrazione finale con i ricchi premi messi in palio dai nostri sponsor. Anche quest&#8217;anno il primo premio sar\u00e0 costituito da\u00a0una settimana all inclusive a &hellip; <a href=\"https:\/\/web.quotidianopiemontese.it\/volareinpiemonte\/flytorino-festeggia-i-suoi-5-anni\/\" class=\"more-link\">Leggi tutto<span class=\"screen-reader-text\"> &#8220;FlyTorino festeggia i suoi 5 anni&#8221;<\/span><\/a><\/p>\n","protected":false},"author":1,"featured_media":0,"comment_status":"open","ping_status":"closed","sticky":false,"template":"","format":"standard","meta":{"footnotes":""},"categories":[1],"tags":[5],"class_list":["post-123","post","type-post","status-publish","format-standard","hentry","category-volare-in-piemonte","tag-fly-torino"],"yoast_head":"<!-- This site is optimized with the Yoast SEO plugin v27.1.1 - https:\/\/yoast.com\/product\/yoast-seo-wordpress\/ -->\n<title>FlyTorino festeggia i suoi 5 anni - Volare in Piemonte<\/title>\n<meta name=\"description\" content=\"Sabato 15 dicembre 2012\u00a0a partire dalle ore 19.30 si terr\u00e0 la festa per il quinto compleanno dell&#039;associazione FlyTorino. Come tradizione vi sar\u00e0 un ricco\" \/>\n<meta name=\"robots\" content=\"index, follow, max-snippet:-1, max-image-preview:large, max-video-preview:-1\" \/>\n<link rel=\"canonical\" href=\"https:\/\/web.quotidianopiemontese.it\/volareinpiemonte\/flytorino-festeggia-i-suoi-5-anni\/\" \/>\n<meta property=\"og:locale\" content=\"it_IT\" \/>\n<meta property=\"og:type\" content=\"article\" \/>\n<meta property=\"og:title\" content=\"FlyTorino festeggia i suoi 5 anni - Volare in Piemonte\" \/>\n<meta property=\"og:description\" content=\"Sabato 15 dicembre 2012\u00a0a partire dalle ore 19.30 si terr\u00e0 la festa per il quinto compleanno dell&#039;associazione FlyTorino. Come tradizione vi sar\u00e0 un ricco\" \/>\n<meta property=\"og:url\" content=\"https:\/\/web.quotidianopiemontese.it\/volareinpiemonte\/flytorino-festeggia-i-suoi-5-anni\/\" \/>\n<meta property=\"og:site_name\" content=\"Volare in Piemonte\" \/>\n<meta property=\"article:publisher\" content=\"https:\/\/www.facebook.com\/quotidianopiemontese?fref=ts\" \/>\n<meta property=\"article:author\" content=\"https:\/\/www.facebook.com\/quotidianopiemontese\" \/>\n<meta property=\"article:published_time\" content=\"2012-12-10T23:47:32+00:00\" \/>\n<meta name=\"author\" content=\"Redazione\" \/>\n<meta name=\"twitter:label1\" content=\"Scritto da\" \/>\n\t<meta name=\"twitter:data1\" content=\"Redazione\" \/>\n\t<meta name=\"twitter:label2\" content=\"Tempo di lettura stimato\" \/>\n\t<meta name=\"twitter:data2\" content=\"1 minuto\" \/>\n<script type=\"application\/ld+json\" class=\"yoast-schema-graph\">{\"@context\":\"https:\/\/schema.org\",\"@graph\":[{\"@type\":\"Article\",\"@id\":\"https:\/\/web.quotidianopiemontese.it\/volareinpiemonte\/flytorino-festeggia-i-suoi-5-anni\/#article\",\"isPartOf\":{\"@id\":\"https:\/\/web.quotidianopiemontese.it\/volareinpiemonte\/flytorino-festeggia-i-suoi-5-anni\/\"},\"author\":{\"name\":\"Redazione\",\"@id\":\"https:\/\/web.quotidianopiemontese.it\/volareinpiemonte\/#\/schema\/person\/92b86f27cfe3bd649bd878d4f9c88190\"},\"headline\":\"FlyTorino festeggia i suoi 5 anni\",\"datePublished\":\"2012-12-10T23:47:32+00:00\",\"mainEntityOfPage\":{\"@id\":\"https:\/\/web.quotidianopiemontese.it\/volareinpiemonte\/flytorino-festeggia-i-suoi-5-anni\/\"},\"wordCount\":240,\"commentCount\":0,\"keywords\":[\"fly torino\"],\"articleSection\":[\"Volare in Piemonte\"],\"inLanguage\":\"it-IT\",\"potentialAction\":[{\"@type\":\"CommentAction\",\"name\":\"Comment\",\"target\":[\"https:\/\/web.quotidianopiemontese.it\/volareinpiemonte\/flytorino-festeggia-i-suoi-5-anni\/#respond\"]}]},{\"@type\":\"WebPage\",\"@id\":\"https:\/\/web.quotidianopiemontese.it\/volareinpiemonte\/flytorino-festeggia-i-suoi-5-anni\/\",\"url\":\"https:\/\/web.quotidianopiemontese.it\/volareinpiemonte\/flytorino-festeggia-i-suoi-5-anni\/\",\"name\":\"FlyTorino festeggia i suoi 5 anni - Volare in Piemonte\",\"isPartOf\":{\"@id\":\"https:\/\/web.quotidianopiemontese.it\/volareinpiemonte\/#website\"},\"datePublished\":\"2012-12-10T23:47:32+00:00\",\"author\":{\"@id\":\"https:\/\/web.quotidianopiemontese.it\/volareinpiemonte\/#\/schema\/person\/92b86f27cfe3bd649bd878d4f9c88190\"},\"description\":\"Sabato 15 dicembre 2012\u00a0a partire dalle ore 19.30 si terr\u00e0 la festa per il quinto compleanno dell'associazione FlyTorino. Come tradizione vi sar\u00e0 un ricco\",\"breadcrumb\":{\"@id\":\"https:\/\/web.quotidianopiemontese.it\/volareinpiemonte\/flytorino-festeggia-i-suoi-5-anni\/#breadcrumb\"},\"inLanguage\":\"it-IT\",\"potentialAction\":[{\"@type\":\"ReadAction\",\"target\":[\"https:\/\/web.quotidianopiemontese.it\/volareinpiemonte\/flytorino-festeggia-i-suoi-5-anni\/\"]}]},{\"@type\":\"BreadcrumbList\",\"@id\":\"https:\/\/web.quotidianopiemontese.it\/volareinpiemonte\/flytorino-festeggia-i-suoi-5-anni\/#breadcrumb\",\"itemListElement\":[{\"@type\":\"ListItem\",\"position\":1,\"name\":\"Home\",\"item\":\"https:\/\/web.quotidianopiemontese.it\/volareinpiemonte\/\"},{\"@type\":\"ListItem\",\"position\":2,\"name\":\"FlyTorino festeggia i suoi 5 anni\"}]},{\"@type\":\"WebSite\",\"@id\":\"https:\/\/web.quotidianopiemontese.it\/volareinpiemonte\/#website\",\"url\":\"https:\/\/web.quotidianopiemontese.it\/volareinpiemonte\/\",\"name\":\"Volare in Piemonte\",\"description\":\"Quotidiano Piemontese\",\"potentialAction\":[{\"@type\":\"SearchAction\",\"target\":{\"@type\":\"EntryPoint\",\"urlTemplate\":\"https:\/\/web.quotidianopiemontese.it\/volareinpiemonte\/?s={search_term_string}\"},\"query-input\":{\"@type\":\"PropertyValueSpecification\",\"valueRequired\":true,\"valueName\":\"search_term_string\"}}],\"inLanguage\":\"it-IT\"},{\"@type\":\"Person\",\"@id\":\"https:\/\/web.quotidianopiemontese.it\/volareinpiemonte\/#\/schema\/person\/92b86f27cfe3bd649bd878d4f9c88190\",\"name\":\"Redazione\",\"image\":{\"@type\":\"ImageObject\",\"inLanguage\":\"it-IT\",\"@id\":\"https:\/\/web.quotidianopiemontese.it\/volareinpiemonte\/#\/schema\/person\/image\/\",\"url\":\"https:\/\/secure.gravatar.com\/avatar\/fdce1b5a74767a43870aca54b0800bed88aab98b8098f69ac252d11aec8cdbe7?s=96&d=mm&r=g\",\"contentUrl\":\"https:\/\/secure.gravatar.com\/avatar\/fdce1b5a74767a43870aca54b0800bed88aab98b8098f69ac252d11aec8cdbe7?s=96&d=mm&r=g\",\"caption\":\"Redazione\"},\"description\":\"Quotidiano Piemontese: il sito di informazione pi\u00f9 letto del Piemonte : libero, tempestivo indipendente, social. L'hub sociale e informativo del Piemonte\",\"sameAs\":[\"http:\/\/www.quotidianopiemontese.it\/\",\"https:\/\/www.facebook.com\/quotidianopiemontese\",\"https:\/\/x.com\/quotidianopiem\"],\"url\":\"https:\/\/web.quotidianopiemontese.it\/volareinpiemonte\/author\/administrator\/\"}]}<\/script>\n<!-- \/ Yoast SEO plugin. -->","yoast_head_json":{"title":"FlyTorino festeggia i suoi 5 anni - Volare in Piemonte","description":"Sabato 15 dicembre 2012\u00a0a partire dalle ore 19.30 si terr\u00e0 la festa per il quinto compleanno dell'associazione FlyTorino. Come tradizione vi sar\u00e0 un ricco","robots":{"index":"index","follow":"follow","max-snippet":"max-snippet:-1","max-image-preview":"max-image-preview:large","max-video-preview":"max-video-preview:-1"},"canonical":"https:\/\/web.quotidianopiemontese.it\/volareinpiemonte\/flytorino-festeggia-i-suoi-5-anni\/","og_locale":"it_IT","og_type":"article","og_title":"FlyTorino festeggia i suoi 5 anni - Volare in Piemonte","og_description":"Sabato 15 dicembre 2012\u00a0a partire dalle ore 19.30 si terr\u00e0 la festa per il quinto compleanno dell'associazione FlyTorino. Come tradizione vi sar\u00e0 un ricco","og_url":"https:\/\/web.quotidianopiemontese.it\/volareinpiemonte\/flytorino-festeggia-i-suoi-5-anni\/","og_site_name":"Volare in Piemonte","article_publisher":"https:\/\/www.facebook.com\/quotidianopiemontese?fref=ts","article_author":"https:\/\/www.facebook.com\/quotidianopiemontese","article_published_time":"2012-12-10T23:47:32+00:00","author":"Redazione","twitter_misc":{"Scritto da":"Redazione","Tempo di lettura stimato":"1 minuto"},"schema":{"@context":"https:\/\/schema.org","@graph":[{"@type":"Article","@id":"https:\/\/web.quotidianopiemontese.it\/volareinpiemonte\/flytorino-festeggia-i-suoi-5-anni\/#article","isPartOf":{"@id":"https:\/\/web.quotidianopiemontese.it\/volareinpiemonte\/flytorino-festeggia-i-suoi-5-anni\/"},"author":{"name":"Redazione","@id":"https:\/\/web.quotidianopiemontese.it\/volareinpiemonte\/#\/schema\/person\/92b86f27cfe3bd649bd878d4f9c88190"},"headline":"FlyTorino festeggia i suoi 5 anni","datePublished":"2012-12-10T23:47:32+00:00","mainEntityOfPage":{"@id":"https:\/\/web.quotidianopiemontese.it\/volareinpiemonte\/flytorino-festeggia-i-suoi-5-anni\/"},"wordCount":240,"commentCount":0,"keywords":["fly torino"],"articleSection":["Volare in Piemonte"],"inLanguage":"it-IT","potentialAction":[{"@type":"CommentAction","name":"Comment","target":["https:\/\/web.quotidianopiemontese.it\/volareinpiemonte\/flytorino-festeggia-i-suoi-5-anni\/#respond"]}]},{"@type":"WebPage","@id":"https:\/\/web.quotidianopiemontese.it\/volareinpiemonte\/flytorino-festeggia-i-suoi-5-anni\/","url":"https:\/\/web.quotidianopiemontese.it\/volareinpiemonte\/flytorino-festeggia-i-suoi-5-anni\/","name":"FlyTorino festeggia i suoi 5 anni - Volare in Piemonte","isPartOf":{"@id":"https:\/\/web.quotidianopiemontese.it\/volareinpiemonte\/#website"},"datePublished":"2012-12-10T23:47:32+00:00","author":{"@id":"https:\/\/web.quotidianopiemontese.it\/volareinpiemonte\/#\/schema\/person\/92b86f27cfe3bd649bd878d4f9c88190"},"description":"Sabato 15 dicembre 2012\u00a0a partire dalle ore 19.30 si terr\u00e0 la festa per il quinto compleanno dell'associazione FlyTorino. Come tradizione vi sar\u00e0 un ricco","breadcrumb":{"@id":"https:\/\/web.quotidianopiemontese.it\/volareinpiemonte\/flytorino-festeggia-i-suoi-5-anni\/#breadcrumb"},"inLanguage":"it-IT","potentialAction":[{"@type":"ReadAction","target":["https:\/\/web.quotidianopiemontese.it\/volareinpiemonte\/flytorino-festeggia-i-suoi-5-anni\/"]}]},{"@type":"BreadcrumbList","@id":"https:\/\/web.quotidianopiemontese.it\/volareinpiemonte\/flytorino-festeggia-i-suoi-5-anni\/#breadcrumb","itemListElement":[{"@type":"ListItem","position":1,"name":"Home","item":"https:\/\/web.quotidianopiemontese.it\/volareinpiemonte\/"},{"@type":"ListItem","position":2,"name":"FlyTorino festeggia i suoi 5 anni"}]},{"@type":"WebSite","@id":"https:\/\/web.quotidianopiemontese.it\/volareinpiemonte\/#website","url":"https:\/\/web.quotidianopiemontese.it\/volareinpiemonte\/","name":"Volare in Piemonte","description":"Quotidiano Piemontese","potentialAction":[{"@type":"SearchAction","target":{"@type":"EntryPoint","urlTemplate":"https:\/\/web.quotidianopiemontese.it\/volareinpiemonte\/?s={search_term_string}"},"query-input":{"@type":"PropertyValueSpecification","valueRequired":true,"valueName":"search_term_string"}}],"inLanguage":"it-IT"},{"@type":"Person","@id":"https:\/\/web.quotidianopiemontese.it\/volareinpiemonte\/#\/schema\/person\/92b86f27cfe3bd649bd878d4f9c88190","name":"Redazione","image":{"@type":"ImageObject","inLanguage":"it-IT","@id":"https:\/\/web.quotidianopiemontese.it\/volareinpiemonte\/#\/schema\/person\/image\/","url":"https:\/\/secure.gravatar.com\/avatar\/fdce1b5a74767a43870aca54b0800bed88aab98b8098f69ac252d11aec8cdbe7?s=96&d=mm&r=g","contentUrl":"https:\/\/secure.gravatar.com\/avatar\/fdce1b5a74767a43870aca54b0800bed88aab98b8098f69ac252d11aec8cdbe7?s=96&d=mm&r=g","caption":"Redazione"},"description":"Quotidiano Piemontese: il sito di informazione pi\u00f9 letto del Piemonte : libero, tempestivo indipendente, social. L'hub sociale e informativo del Piemonte","sameAs":["http:\/\/www.quotidianopiemontese.it\/","https:\/\/www.facebook.com\/quotidianopiemontese","https:\/\/x.com\/quotidianopiem"],"url":"https:\/\/web.quotidianopiemontese.it\/volareinpiemonte\/author\/administrator\/"}]}},"_links":{"self":[{"href":"https:\/\/web.quotidianopiemontese.it\/volareinpiemonte\/wp-json\/wp\/v2\/posts\/123","targetHints":{"allow":["GET"]}}],"collection":[{"href":"https:\/\/web.quotidianopiemontese.it\/volareinpiemonte\/wp-json\/wp\/v2\/posts"}],"about":[{"href":"https:\/\/web.quotidianopiemontese.it\/volareinpiemonte\/wp-json\/wp\/v2\/types\/post"}],"author":[{"embeddable":true,"href":"https:\/\/web.quotidianopiemontese.it\/volareinpiemonte\/wp-json\/wp\/v2\/users\/1"}],"replies":[{"embeddable":true,"href":"https:\/\/web.quotidianopiemontese.it\/volareinpiemonte\/wp-json\/wp\/v2\/comments?post=123"}],"version-history":[{"count":0,"href":"https:\/\/web.quotidianopiemontese.it\/volareinpiemonte\/wp-json\/wp\/v2\/posts\/123\/revisions"}],"wp:attachment":[{"href":"https:\/\/web.quotidianopiemontese.it\/volareinpiemonte\/wp-json\/wp\/v2\/media?parent=123"}],"wp:term":[{"taxonomy":"category","embeddable":true,"href":"https:\/\/web.quotidianopiemontese.it\/volareinpiemonte\/wp-json\/wp\/v2\/categories?post=123"},{"taxonomy":"post_tag","embeddable":true,"href":"https:\/\/web.quotidianopiemontese.it\/volareinpiemonte\/wp-json\/wp\/v2\/tags?post=123"}],"curies":[{"name":"wp","href":"https:\/\/api.w.org\/{rel}","templated":true}]}}