{"id":114,"date":"2012-12-09T13:40:16","date_gmt":"2012-12-09T13:40:16","guid":{"rendered":"http:\/\/www.quotidianopiemontese.it\/volareinpiemonte\/?p=114"},"modified":"2012-12-10T06:53:18","modified_gmt":"2012-12-10T06:53:18","slug":"gamberale-verso-laeroporto-di-caselle-con-per-portare-ossigeno","status":"publish","type":"post","link":"https:\/\/web.quotidianopiemontese.it\/volareinpiemonte\/gamberale-verso-laeroporto-di-caselle-con-per-portare-ossigeno\/","title":{"rendered":"Gamberale verso l&#8217;aeroporto di Caselle con per portare ossigeno alla politica"},"content":{"rendered":"<p><a href=\"http:\/\/www.quotidianopiemontese.it\/volareinpiemonte\/files\/2012\/12\/sagat-torino.jpg\"><img loading=\"lazy\" decoding=\"async\" class=\"alignright size-full wp-image-115\" title=\"sagat-torino\" src=\"http:\/\/www.quotidianopiemontese.it\/volareinpiemonte\/files\/2012\/12\/sagat-torino.jpg\" alt=\"\" width=\"120\" height=\"90\" \/><\/a><a href=\"http:\/\/www.linkiesta.it\/sagat-bando-aeroporto-torino-gamberale\" target=\"_blank\">Linkiesta dedica un articolo preciso e dettagliato alla situazione della vendita delle azioni Sagat<\/a>da parte del Comune di Torino<\/p>\n<blockquote><p>Chiss\u00e0 se il 13 dicembre prossimo, festivit\u00e0 di Santa Lucia, regaler\u00e0 un po\u2019 di luce al Comune di Torino, sommerso da 4,5 miliardi di debiti e a rischio di sforare il patto di stabilit\u00e0. Quel giorno infatti scadr\u00e0 il nuovo bando (\u00e8 il terzo) indetto da Palazzo Civico per la vendita del 28% di Sagat, la societ\u00e0 che gestisce l\u2019aeroporto di Caselle. La giunta Fassino ha giudicato irricevibili le offerte presentate la scorsa settimana da Sintonia, la holding della famiglia Benetton che \u00e8 anche il secondo azionista (24%) dello scalo, e dal fondo F2i partecipato dalla Cassa depositi e prestiti e dalle principali banche italiane e guidato da Vito Gamberale. Troppo pochi, nel caso di Sintonia, i 29 milioni messi sul tavolo rispetto alla base d\u2019asta. Troppe, d\u2019altro canto, le pretese sugli assetti di governo avanzate da Gamberale, che da un alto ha offerto 36,4 milioni (pi\u00f9 altri 5 al raggiungimento degli obiettivi di sviluppo) ma chiede ampie prerogative gestionali e un patto parasociale con il Comune, che rimarr\u00e0 socio di maggioranza.<!--more-->Tutto da rifare, dunque, anche se la base d\u2019asta resta invariata (58,8 milioni per il 28%). Vince chi offre il ribasso minore, mentre l\u2019asta dello scorso luglio era al rialzo. Pochi giorni fa Fct, la holding che riunisce tutte le partecipate del capoluogo sabaudo, ha messo online un nuovo bando: siamo al terzo tentativo di trovare un compratore. Quasi certamente sar\u00e0 un compratore italiano: l\u2019attesa \u00e8 che si rifacciano vivi il fondo F2i e forse la Sintonia dei Benetton. Gli stranieri diserteranno: tutta la procedura sembra costruita per tenerli lontani: non c\u2019\u00e8 una versione in inglese del bando di gara, n\u00e9 del materiale messo a disposizione dei partecipanti, e il tempo a disposizione \u00e8 limitato: annunciata il 3 dicembre, l\u2019offerta scade il 13. La platea dei potenziali partecipanti, comunque, si era ristretta gi\u00e0 nel corso della seconda procedura, quella avviata il 19 ottobre con l\u2019invito a presentare manifestazioni di interesse. Il percorso concedeva due settimane di tempo per manifestare l\u2019eventuale interesse, e poi altre due per accedere ai dati e presentare un\u2019offerta. Tempi probabilmente troppo stretti per un investitore istituzionale italiano o estero che non conosce la societ\u00e0, ma sufficienti per chi come Sintonia \u00e8 gi\u00e0 nell\u2019azionariato o per chi all\u2019aeroporto di Caselle guarda da tempo, come Gamberale. Peccato che quando ormai i pi\u00f9 avevano deciso di rinunciare, la scadenza originariamente fissata per il 20 novembre \u00e8 stata poi spostata al 29. Le stranezze non finiscono qui. Il materiale messo disposizione dei partecipanti \u00e8 per lo pi\u00f9 gi\u00e0 pubblico (statuto, bilanci, elenco azionisti etc.): per accedervi occorreva firmare un impegno che impegnava a non reperire altre informazioni, senza possibilit\u00e0 di interloquire con il management n\u00e9 due diligence. Ciliegina finale: un\u2019offerta vincolante e irrevocabile per 180 giorni. Un tempo troppo lungo in un contesto economico fragile ed estremamente variabile. In sintesi: tempo limitato, poche informazioni, per una quota di minoranza e con un\u2019offerta vincolante aperta per 6 mesi. Non deve stupire che alla fine sono rimasti in corsa solo Sintonia e F2i, anche se poi la giunta Fassino ha giudicato irricevibili le offerte. E si arriva cos\u00ec al terzo bando. Ma resta una domanda: se davvero il Comune guidato da Piero Fassino vuole valorizzare la quota in Sagat e lo sviluppo dello scalo perch\u00e9 non strutturare una procedura di vendita idonea ad coinvolgere quanti pi\u00f9 offerenti possibili? Per un altro verso, comunque, i 36,4 milioni offerti da F2i per il 28% di Sagat appaiono piuttosto generosi (ammesso che vengano confermati). Stando al bilancio d\u2019esercizio 2011, la Sagat ha un margine operativo lordo consolidato di 21,9 milioni e debiti netti per 14,4 milioni. Per il 2012 la societ\u00e0 prevede di realizzare un margine lordo rettificato di 13 milioni. Gamberale valorizzerebbe Sagat dunque ad un multiplo di 11,3 volte il margine lordo, considerando i debiti netti pari a 17 milioni di euro. Un valore superiore a Sea, intorno alle 7 volte, e ai maggiori scali europei come Parigi o Francoforte, 7,9 volte. Alle considerazioni pi\u00f9 strettamente finanziarie, per\u00f2, vanno aggiunte quelle strategiche. Come mai F2i \u00e8 interessata a Sagat quando sta trattando per il 14,5% di Sea in mano ad Asam, la holding della Provincia di Milano? Il fondo guidato da Gamberale vuole puntare su Malpensa oppure su Caselle? La risposta potrebbe stare nella creazione di un polo aeroportuale del Nordovest sotto l\u2019egida di F2i. L\u2019obiezione di chi ha confidenza con il settore \u00e8 che il valore finale del polo non sarebbe superiore a quello dei singoli aeroporti, e le economie di scala sarebbero alquanto limitate: giusto sui costi di governance e sui sistemi informatici. Tuttavia, il disegno dietro alle manovre aeroportuali di F2i sembra essere pi\u00f9 politico, orientato a dare ossigeno agli enti locali del Nord-Ovest. A Milano come a Torino guidati dal centrosinistra. Se poi ci sia anche una strategia industriale, \u00e8 da vedere. La domanda interroga gli investitori del fondo che a marzo dovranno rinnovare i vertici e decidere sull\u2019eventuale conferma di Gamberale. Fra le banche le perplessit\u00e0 non mancano. Ma forse con l\u2019appoggio delle fondazioni investitrici, alcune delle quali sono piemontesi e lombarde (fra cui Cariplo, Crt, Compagnia di San Paolo, CariCuneo), Gamberale potrebbe centrare l\u2019obiettivo.<\/p><\/blockquote>\n","protected":false},"excerpt":{"rendered":"<p>Linkiesta dedica un articolo preciso e dettagliato alla situazione della vendita delle azioni Sagatda parte del Comune di Torino Chiss\u00e0 se il 13 dicembre prossimo, festivit\u00e0 di Santa Lucia, regaler\u00e0 un po\u2019 di luce al Comune di Torino, sommerso da 4,5 miliardi di debiti e a rischio di sforare il patto di stabilit\u00e0. Quel giorno &hellip; <a href=\"https:\/\/web.quotidianopiemontese.it\/volareinpiemonte\/gamberale-verso-laeroporto-di-caselle-con-per-portare-ossigeno\/\" class=\"more-link\">Leggi tutto<span class=\"screen-reader-text\"> &#8220;Gamberale verso l&#8217;aeroporto di Caselle con per portare ossigeno alla politica&#8221;<\/span><\/a><\/p>\n","protected":false},"author":1,"featured_media":115,"comment_status":"open","ping_status":"closed","sticky":false,"template":"","format":"standard","meta":{"footnotes":""},"categories":[1],"tags":[3,22,8],"class_list":["post-114","post","type-post","status-publish","format-standard","has-post-thumbnail","hentry","category-volare-in-piemonte","tag-caselle","tag-gamberale","tag-saga"],"yoast_head":"<!-- This site is optimized with the Yoast SEO plugin v27.1.1 - https:\/\/yoast.com\/product\/yoast-seo-wordpress\/ -->\n<title>Gamberale verso l&#039;aeroporto di Caselle con per portare ossigeno alla politica - Volare in Piemonte<\/title>\n<meta name=\"description\" content=\"Linkiesta dedica un articolo preciso e dettagliato alla situazione della vendita delle azioni Sagatda parte del Comune di Torino Chiss\u00e0 se il 13 dicembre\" \/>\n<meta name=\"robots\" content=\"index, follow, max-snippet:-1, max-image-preview:large, max-video-preview:-1\" \/>\n<link rel=\"canonical\" href=\"https:\/\/web.quotidianopiemontese.it\/volareinpiemonte\/gamberale-verso-laeroporto-di-caselle-con-per-portare-ossigeno\/\" \/>\n<meta property=\"og:locale\" content=\"it_IT\" \/>\n<meta property=\"og:type\" content=\"article\" \/>\n<meta property=\"og:title\" content=\"Gamberale verso l&#039;aeroporto di Caselle con per portare ossigeno alla politica - Volare in Piemonte\" \/>\n<meta property=\"og:description\" content=\"Linkiesta dedica un articolo preciso e dettagliato alla situazione della vendita delle azioni Sagatda parte del Comune di Torino Chiss\u00e0 se il 13 dicembre\" \/>\n<meta property=\"og:url\" content=\"https:\/\/web.quotidianopiemontese.it\/volareinpiemonte\/gamberale-verso-laeroporto-di-caselle-con-per-portare-ossigeno\/\" \/>\n<meta property=\"og:site_name\" content=\"Volare in Piemonte\" \/>\n<meta property=\"article:publisher\" content=\"https:\/\/www.facebook.com\/quotidianopiemontese?fref=ts\" \/>\n<meta property=\"article:author\" content=\"https:\/\/www.facebook.com\/quotidianopiemontese\" \/>\n<meta property=\"article:published_time\" content=\"2012-12-09T13:40:16+00:00\" \/>\n<meta property=\"article:modified_time\" content=\"2012-12-10T06:53:18+00:00\" \/>\n<meta property=\"og:image\" content=\"https:\/\/web.quotidianopiemontese.it\/volareinpiemonte\/files\/2012\/12\/sagat-torino.jpg\" \/>\n\t<meta property=\"og:image:width\" content=\"120\" \/>\n\t<meta property=\"og:image:height\" content=\"90\" \/>\n\t<meta property=\"og:image:type\" content=\"image\/jpeg\" \/>\n<meta name=\"author\" content=\"Redazione\" \/>\n<meta name=\"twitter:label1\" content=\"Scritto da\" \/>\n\t<meta name=\"twitter:data1\" content=\"Redazione\" \/>\n\t<meta name=\"twitter:label2\" content=\"Tempo di lettura stimato\" \/>\n\t<meta name=\"twitter:data2\" content=\"4 minuti\" \/>\n<script type=\"application\/ld+json\" class=\"yoast-schema-graph\">{\"@context\":\"https:\/\/schema.org\",\"@graph\":[{\"@type\":\"Article\",\"@id\":\"https:\/\/web.quotidianopiemontese.it\/volareinpiemonte\/gamberale-verso-laeroporto-di-caselle-con-per-portare-ossigeno\/#article\",\"isPartOf\":{\"@id\":\"https:\/\/web.quotidianopiemontese.it\/volareinpiemonte\/gamberale-verso-laeroporto-di-caselle-con-per-portare-ossigeno\/\"},\"author\":{\"name\":\"Redazione\",\"@id\":\"https:\/\/web.quotidianopiemontese.it\/volareinpiemonte\/#\/schema\/person\/92b86f27cfe3bd649bd878d4f9c88190\"},\"headline\":\"Gamberale verso l&#8217;aeroporto di Caselle con per portare ossigeno alla politica\",\"datePublished\":\"2012-12-09T13:40:16+00:00\",\"dateModified\":\"2012-12-10T06:53:18+00:00\",\"mainEntityOfPage\":{\"@id\":\"https:\/\/web.quotidianopiemontese.it\/volareinpiemonte\/gamberale-verso-laeroporto-di-caselle-con-per-portare-ossigeno\/\"},\"wordCount\":879,\"commentCount\":0,\"image\":{\"@id\":\"https:\/\/web.quotidianopiemontese.it\/volareinpiemonte\/gamberale-verso-laeroporto-di-caselle-con-per-portare-ossigeno\/#primaryimage\"},\"thumbnailUrl\":\"https:\/\/web.quotidianopiemontese.it\/volareinpiemonte\/files\/2012\/12\/sagat-torino.jpg\",\"keywords\":[\"caselle\",\"gamberale\",\"saga\"],\"articleSection\":[\"Volare in Piemonte\"],\"inLanguage\":\"it-IT\",\"potentialAction\":[{\"@type\":\"CommentAction\",\"name\":\"Comment\",\"target\":[\"https:\/\/web.quotidianopiemontese.it\/volareinpiemonte\/gamberale-verso-laeroporto-di-caselle-con-per-portare-ossigeno\/#respond\"]}]},{\"@type\":\"WebPage\",\"@id\":\"https:\/\/web.quotidianopiemontese.it\/volareinpiemonte\/gamberale-verso-laeroporto-di-caselle-con-per-portare-ossigeno\/\",\"url\":\"https:\/\/web.quotidianopiemontese.it\/volareinpiemonte\/gamberale-verso-laeroporto-di-caselle-con-per-portare-ossigeno\/\",\"name\":\"Gamberale verso l'aeroporto di Caselle con per portare ossigeno alla politica - Volare in Piemonte\",\"isPartOf\":{\"@id\":\"https:\/\/web.quotidianopiemontese.it\/volareinpiemonte\/#website\"},\"primaryImageOfPage\":{\"@id\":\"https:\/\/web.quotidianopiemontese.it\/volareinpiemonte\/gamberale-verso-laeroporto-di-caselle-con-per-portare-ossigeno\/#primaryimage\"},\"image\":{\"@id\":\"https:\/\/web.quotidianopiemontese.it\/volareinpiemonte\/gamberale-verso-laeroporto-di-caselle-con-per-portare-ossigeno\/#primaryimage\"},\"thumbnailUrl\":\"https:\/\/web.quotidianopiemontese.it\/volareinpiemonte\/files\/2012\/12\/sagat-torino.jpg\",\"datePublished\":\"2012-12-09T13:40:16+00:00\",\"dateModified\":\"2012-12-10T06:53:18+00:00\",\"author\":{\"@id\":\"https:\/\/web.quotidianopiemontese.it\/volareinpiemonte\/#\/schema\/person\/92b86f27cfe3bd649bd878d4f9c88190\"},\"description\":\"Linkiesta dedica un articolo preciso e dettagliato alla situazione della vendita delle azioni Sagatda parte del Comune di Torino Chiss\u00e0 se il 13 dicembre\",\"breadcrumb\":{\"@id\":\"https:\/\/web.quotidianopiemontese.it\/volareinpiemonte\/gamberale-verso-laeroporto-di-caselle-con-per-portare-ossigeno\/#breadcrumb\"},\"inLanguage\":\"it-IT\",\"potentialAction\":[{\"@type\":\"ReadAction\",\"target\":[\"https:\/\/web.quotidianopiemontese.it\/volareinpiemonte\/gamberale-verso-laeroporto-di-caselle-con-per-portare-ossigeno\/\"]}]},{\"@type\":\"ImageObject\",\"inLanguage\":\"it-IT\",\"@id\":\"https:\/\/web.quotidianopiemontese.it\/volareinpiemonte\/gamberale-verso-laeroporto-di-caselle-con-per-portare-ossigeno\/#primaryimage\",\"url\":\"https:\/\/web.quotidianopiemontese.it\/volareinpiemonte\/files\/2012\/12\/sagat-torino.jpg\",\"contentUrl\":\"https:\/\/web.quotidianopiemontese.it\/volareinpiemonte\/files\/2012\/12\/sagat-torino.jpg\",\"width\":\"120\",\"height\":\"90\"},{\"@type\":\"BreadcrumbList\",\"@id\":\"https:\/\/web.quotidianopiemontese.it\/volareinpiemonte\/gamberale-verso-laeroporto-di-caselle-con-per-portare-ossigeno\/#breadcrumb\",\"itemListElement\":[{\"@type\":\"ListItem\",\"position\":1,\"name\":\"Home\",\"item\":\"https:\/\/web.quotidianopiemontese.it\/volareinpiemonte\/\"},{\"@type\":\"ListItem\",\"position\":2,\"name\":\"Gamberale verso l&#8217;aeroporto di Caselle con per portare ossigeno alla politica\"}]},{\"@type\":\"WebSite\",\"@id\":\"https:\/\/web.quotidianopiemontese.it\/volareinpiemonte\/#website\",\"url\":\"https:\/\/web.quotidianopiemontese.it\/volareinpiemonte\/\",\"name\":\"Volare in Piemonte\",\"description\":\"Quotidiano Piemontese\",\"potentialAction\":[{\"@type\":\"SearchAction\",\"target\":{\"@type\":\"EntryPoint\",\"urlTemplate\":\"https:\/\/web.quotidianopiemontese.it\/volareinpiemonte\/?s={search_term_string}\"},\"query-input\":{\"@type\":\"PropertyValueSpecification\",\"valueRequired\":true,\"valueName\":\"search_term_string\"}}],\"inLanguage\":\"it-IT\"},{\"@type\":\"Person\",\"@id\":\"https:\/\/web.quotidianopiemontese.it\/volareinpiemonte\/#\/schema\/person\/92b86f27cfe3bd649bd878d4f9c88190\",\"name\":\"Redazione\",\"image\":{\"@type\":\"ImageObject\",\"inLanguage\":\"it-IT\",\"@id\":\"https:\/\/web.quotidianopiemontese.it\/volareinpiemonte\/#\/schema\/person\/image\/\",\"url\":\"https:\/\/secure.gravatar.com\/avatar\/fdce1b5a74767a43870aca54b0800bed88aab98b8098f69ac252d11aec8cdbe7?s=96&d=mm&r=g\",\"contentUrl\":\"https:\/\/secure.gravatar.com\/avatar\/fdce1b5a74767a43870aca54b0800bed88aab98b8098f69ac252d11aec8cdbe7?s=96&d=mm&r=g\",\"caption\":\"Redazione\"},\"description\":\"Quotidiano Piemontese: il sito di informazione pi\u00f9 letto del Piemonte : libero, tempestivo indipendente, social. L'hub sociale e informativo del Piemonte\",\"sameAs\":[\"http:\/\/www.quotidianopiemontese.it\/\",\"https:\/\/www.facebook.com\/quotidianopiemontese\",\"https:\/\/x.com\/quotidianopiem\"],\"url\":\"https:\/\/web.quotidianopiemontese.it\/volareinpiemonte\/author\/administrator\/\"}]}<\/script>\n<!-- \/ Yoast SEO plugin. -->","yoast_head_json":{"title":"Gamberale verso l'aeroporto di Caselle con per portare ossigeno alla politica - Volare in Piemonte","description":"Linkiesta dedica un articolo preciso e dettagliato alla situazione della vendita delle azioni Sagatda parte del Comune di Torino Chiss\u00e0 se il 13 dicembre","robots":{"index":"index","follow":"follow","max-snippet":"max-snippet:-1","max-image-preview":"max-image-preview:large","max-video-preview":"max-video-preview:-1"},"canonical":"https:\/\/web.quotidianopiemontese.it\/volareinpiemonte\/gamberale-verso-laeroporto-di-caselle-con-per-portare-ossigeno\/","og_locale":"it_IT","og_type":"article","og_title":"Gamberale verso l'aeroporto di Caselle con per portare ossigeno alla politica - Volare in Piemonte","og_description":"Linkiesta dedica un articolo preciso e dettagliato alla situazione della vendita delle azioni Sagatda parte del Comune di Torino Chiss\u00e0 se il 13 dicembre","og_url":"https:\/\/web.quotidianopiemontese.it\/volareinpiemonte\/gamberale-verso-laeroporto-di-caselle-con-per-portare-ossigeno\/","og_site_name":"Volare in Piemonte","article_publisher":"https:\/\/www.facebook.com\/quotidianopiemontese?fref=ts","article_author":"https:\/\/www.facebook.com\/quotidianopiemontese","article_published_time":"2012-12-09T13:40:16+00:00","article_modified_time":"2012-12-10T06:53:18+00:00","og_image":[{"width":120,"height":90,"url":"https:\/\/web.quotidianopiemontese.it\/volareinpiemonte\/files\/2012\/12\/sagat-torino.jpg","type":"image\/jpeg"}],"author":"Redazione","twitter_misc":{"Scritto da":"Redazione","Tempo di lettura stimato":"4 minuti"},"schema":{"@context":"https:\/\/schema.org","@graph":[{"@type":"Article","@id":"https:\/\/web.quotidianopiemontese.it\/volareinpiemonte\/gamberale-verso-laeroporto-di-caselle-con-per-portare-ossigeno\/#article","isPartOf":{"@id":"https:\/\/web.quotidianopiemontese.it\/volareinpiemonte\/gamberale-verso-laeroporto-di-caselle-con-per-portare-ossigeno\/"},"author":{"name":"Redazione","@id":"https:\/\/web.quotidianopiemontese.it\/volareinpiemonte\/#\/schema\/person\/92b86f27cfe3bd649bd878d4f9c88190"},"headline":"Gamberale verso l&#8217;aeroporto di Caselle con per portare ossigeno alla politica","datePublished":"2012-12-09T13:40:16+00:00","dateModified":"2012-12-10T06:53:18+00:00","mainEntityOfPage":{"@id":"https:\/\/web.quotidianopiemontese.it\/volareinpiemonte\/gamberale-verso-laeroporto-di-caselle-con-per-portare-ossigeno\/"},"wordCount":879,"commentCount":0,"image":{"@id":"https:\/\/web.quotidianopiemontese.it\/volareinpiemonte\/gamberale-verso-laeroporto-di-caselle-con-per-portare-ossigeno\/#primaryimage"},"thumbnailUrl":"https:\/\/web.quotidianopiemontese.it\/volareinpiemonte\/files\/2012\/12\/sagat-torino.jpg","keywords":["caselle","gamberale","saga"],"articleSection":["Volare in Piemonte"],"inLanguage":"it-IT","potentialAction":[{"@type":"CommentAction","name":"Comment","target":["https:\/\/web.quotidianopiemontese.it\/volareinpiemonte\/gamberale-verso-laeroporto-di-caselle-con-per-portare-ossigeno\/#respond"]}]},{"@type":"WebPage","@id":"https:\/\/web.quotidianopiemontese.it\/volareinpiemonte\/gamberale-verso-laeroporto-di-caselle-con-per-portare-ossigeno\/","url":"https:\/\/web.quotidianopiemontese.it\/volareinpiemonte\/gamberale-verso-laeroporto-di-caselle-con-per-portare-ossigeno\/","name":"Gamberale verso l'aeroporto di Caselle con per portare ossigeno alla politica - Volare in Piemonte","isPartOf":{"@id":"https:\/\/web.quotidianopiemontese.it\/volareinpiemonte\/#website"},"primaryImageOfPage":{"@id":"https:\/\/web.quotidianopiemontese.it\/volareinpiemonte\/gamberale-verso-laeroporto-di-caselle-con-per-portare-ossigeno\/#primaryimage"},"image":{"@id":"https:\/\/web.quotidianopiemontese.it\/volareinpiemonte\/gamberale-verso-laeroporto-di-caselle-con-per-portare-ossigeno\/#primaryimage"},"thumbnailUrl":"https:\/\/web.quotidianopiemontese.it\/volareinpiemonte\/files\/2012\/12\/sagat-torino.jpg","datePublished":"2012-12-09T13:40:16+00:00","dateModified":"2012-12-10T06:53:18+00:00","author":{"@id":"https:\/\/web.quotidianopiemontese.it\/volareinpiemonte\/#\/schema\/person\/92b86f27cfe3bd649bd878d4f9c88190"},"description":"Linkiesta dedica un articolo preciso e dettagliato alla situazione della vendita delle azioni Sagatda parte del Comune di Torino Chiss\u00e0 se il 13 dicembre","breadcrumb":{"@id":"https:\/\/web.quotidianopiemontese.it\/volareinpiemonte\/gamberale-verso-laeroporto-di-caselle-con-per-portare-ossigeno\/#breadcrumb"},"inLanguage":"it-IT","potentialAction":[{"@type":"ReadAction","target":["https:\/\/web.quotidianopiemontese.it\/volareinpiemonte\/gamberale-verso-laeroporto-di-caselle-con-per-portare-ossigeno\/"]}]},{"@type":"ImageObject","inLanguage":"it-IT","@id":"https:\/\/web.quotidianopiemontese.it\/volareinpiemonte\/gamberale-verso-laeroporto-di-caselle-con-per-portare-ossigeno\/#primaryimage","url":"https:\/\/web.quotidianopiemontese.it\/volareinpiemonte\/files\/2012\/12\/sagat-torino.jpg","contentUrl":"https:\/\/web.quotidianopiemontese.it\/volareinpiemonte\/files\/2012\/12\/sagat-torino.jpg","width":"120","height":"90"},{"@type":"BreadcrumbList","@id":"https:\/\/web.quotidianopiemontese.it\/volareinpiemonte\/gamberale-verso-laeroporto-di-caselle-con-per-portare-ossigeno\/#breadcrumb","itemListElement":[{"@type":"ListItem","position":1,"name":"Home","item":"https:\/\/web.quotidianopiemontese.it\/volareinpiemonte\/"},{"@type":"ListItem","position":2,"name":"Gamberale verso l&#8217;aeroporto di Caselle con per portare ossigeno alla politica"}]},{"@type":"WebSite","@id":"https:\/\/web.quotidianopiemontese.it\/volareinpiemonte\/#website","url":"https:\/\/web.quotidianopiemontese.it\/volareinpiemonte\/","name":"Volare in Piemonte","description":"Quotidiano Piemontese","potentialAction":[{"@type":"SearchAction","target":{"@type":"EntryPoint","urlTemplate":"https:\/\/web.quotidianopiemontese.it\/volareinpiemonte\/?s={search_term_string}"},"query-input":{"@type":"PropertyValueSpecification","valueRequired":true,"valueName":"search_term_string"}}],"inLanguage":"it-IT"},{"@type":"Person","@id":"https:\/\/web.quotidianopiemontese.it\/volareinpiemonte\/#\/schema\/person\/92b86f27cfe3bd649bd878d4f9c88190","name":"Redazione","image":{"@type":"ImageObject","inLanguage":"it-IT","@id":"https:\/\/web.quotidianopiemontese.it\/volareinpiemonte\/#\/schema\/person\/image\/","url":"https:\/\/secure.gravatar.com\/avatar\/fdce1b5a74767a43870aca54b0800bed88aab98b8098f69ac252d11aec8cdbe7?s=96&d=mm&r=g","contentUrl":"https:\/\/secure.gravatar.com\/avatar\/fdce1b5a74767a43870aca54b0800bed88aab98b8098f69ac252d11aec8cdbe7?s=96&d=mm&r=g","caption":"Redazione"},"description":"Quotidiano Piemontese: il sito di informazione pi\u00f9 letto del Piemonte : libero, tempestivo indipendente, social. L'hub sociale e informativo del Piemonte","sameAs":["http:\/\/www.quotidianopiemontese.it\/","https:\/\/www.facebook.com\/quotidianopiemontese","https:\/\/x.com\/quotidianopiem"],"url":"https:\/\/web.quotidianopiemontese.it\/volareinpiemonte\/author\/administrator\/"}]}},"_links":{"self":[{"href":"https:\/\/web.quotidianopiemontese.it\/volareinpiemonte\/wp-json\/wp\/v2\/posts\/114","targetHints":{"allow":["GET"]}}],"collection":[{"href":"https:\/\/web.quotidianopiemontese.it\/volareinpiemonte\/wp-json\/wp\/v2\/posts"}],"about":[{"href":"https:\/\/web.quotidianopiemontese.it\/volareinpiemonte\/wp-json\/wp\/v2\/types\/post"}],"author":[{"embeddable":true,"href":"https:\/\/web.quotidianopiemontese.it\/volareinpiemonte\/wp-json\/wp\/v2\/users\/1"}],"replies":[{"embeddable":true,"href":"https:\/\/web.quotidianopiemontese.it\/volareinpiemonte\/wp-json\/wp\/v2\/comments?post=114"}],"version-history":[{"count":0,"href":"https:\/\/web.quotidianopiemontese.it\/volareinpiemonte\/wp-json\/wp\/v2\/posts\/114\/revisions"}],"wp:featuredmedia":[{"embeddable":true,"href":"https:\/\/web.quotidianopiemontese.it\/volareinpiemonte\/wp-json\/wp\/v2\/media\/115"}],"wp:attachment":[{"href":"https:\/\/web.quotidianopiemontese.it\/volareinpiemonte\/wp-json\/wp\/v2\/media?parent=114"}],"wp:term":[{"taxonomy":"category","embeddable":true,"href":"https:\/\/web.quotidianopiemontese.it\/volareinpiemonte\/wp-json\/wp\/v2\/categories?post=114"},{"taxonomy":"post_tag","embeddable":true,"href":"https:\/\/web.quotidianopiemontese.it\/volareinpiemonte\/wp-json\/wp\/v2\/tags?post=114"}],"curies":[{"name":"wp","href":"https:\/\/api.w.org\/{rel}","templated":true}]}}