{"id":927,"date":"2013-03-22T06:00:04","date_gmt":"2013-03-22T05:00:04","guid":{"rendered":"http:\/\/www.quotidianopiemontese.it\/quattrozampeedintorni\/?p=927"},"modified":"2013-03-22T09:50:50","modified_gmt":"2013-03-22T08:50:50","slug":"la-storia-della-cagnolina-di-nome-nuda-dal-dramma-alla-serenita-ritrovata-in-cerca-di-casa","status":"publish","type":"post","link":"https:\/\/web.quotidianopiemontese.it\/quattrozampeedintorni\/la-storia-della-cagnolina-di-nome-nuda-dal-dramma-alla-serenita-ritrovata-in-cerca-di-casa\/","title":{"rendered":"La storia della cagnolina di nome Nuda, dal dramma alla serenit\u00e0 ritrovata, in cerca di casa"},"content":{"rendered":"<figure id=\"attachment_928\" aria-describedby=\"caption-attachment-928\" style=\"width: 150px\" class=\"wp-caption alignright\"><a href=\"http:\/\/www.quotidianopiemontese.it\/quattrozampeedintorni\/files\/2013\/03\/Nuda.jpg\"><img loading=\"lazy\" decoding=\"async\" class=\"size-thumbnail wp-image-928\" alt=\"La cagnolina di nome Nuda\" src=\"http:\/\/www.quotidianopiemontese.it\/quattrozampeedintorni\/files\/2013\/03\/Nuda-150x150.jpg\" width=\"150\" height=\"150\" srcset=\"https:\/\/web.quotidianopiemontese.it\/quattrozampeedintorni\/files\/2013\/03\/Nuda-150x150.jpg 150w, https:\/\/web.quotidianopiemontese.it\/quattrozampeedintorni\/files\/2013\/03\/Nuda-120x120.jpg 120w\" sizes=\"auto, (max-width: 150px) 85vw, 150px\" \/><\/a><figcaption id=\"caption-attachment-928\" class=\"wp-caption-text\">La cagnolina di nome Nuda<\/figcaption><\/figure>\n<p>Ci sono storie che, per quanto tristi e dolorose, oltre che vergognose per la razza umana, vanno raccontate perch\u00e9 il silenzio non faccia altre vittime. Questa \u00e8 una storia come tante, purtroppo. E\u2019 la storia di Nuda. La storia di una cagnolina il cui nome \u00e8 simbolico e significativo e ora, insieme, scopriamo il motivo. La povera Nuda \u00e8 stata trovata, abbandonata, nelle campagne cuneesi, in Piemonte, quasi completamente rasata, quindi senza pelo a parte sulla testa, molto emaciata, terrorizzata, con evidenti segni di aggressioni, tagli e ferite, vecchi e recenti, sul suo corpo inerme. A mala pena camminava, non mangiava e tremava dalla paura in ogni momento. Vittima di ripetute violenze, forse inflitte per anni. E\u2019 stata accolta dalle volontarie de \u201cIl Rifugio di Fido\u201d, area affido del canile municipale di Pollenzo, frazione di Bra, in provincia di Cuneo dove, con molta pazienza, tempo e dedizione amorevole, Nuda ha iniziato a fidarsi nuovamente delle persone. Il pelo \u00e8 cresciuto poco alla volta, cos\u00ec come la sua salute, in parte, \u00e8 stata recuperata, almeno quella fisica. <!--more--><\/p>\n<figure id=\"attachment_929\" aria-describedby=\"caption-attachment-929\" style=\"width: 150px\" class=\"wp-caption alignleft\"><a href=\"http:\/\/www.quotidianopiemontese.it\/quattrozampeedintorni\/files\/2013\/03\/La-piccola-Nuda.jpg\"><img loading=\"lazy\" decoding=\"async\" class=\"size-thumbnail wp-image-929\" alt=\"Nuda in canile\" src=\"http:\/\/www.quotidianopiemontese.it\/quattrozampeedintorni\/files\/2013\/03\/La-piccola-Nuda-150x150.jpg\" width=\"150\" height=\"150\" srcset=\"https:\/\/web.quotidianopiemontese.it\/quattrozampeedintorni\/files\/2013\/03\/La-piccola-Nuda-150x150.jpg 150w, https:\/\/web.quotidianopiemontese.it\/quattrozampeedintorni\/files\/2013\/03\/La-piccola-Nuda-120x120.jpg 120w\" sizes=\"auto, (max-width: 150px) 85vw, 150px\" \/><\/a><figcaption id=\"caption-attachment-929\" class=\"wp-caption-text\">Nuda in canile<\/figcaption><\/figure>\n<p>Le percosse lasciano ferite anche, e spesso soprattutto, a livello emozionale e mentale. Il fatto che il cane non sia in grado di parlare, forse \u00e8 un bene per gli esseri umani. Nessuno che abbia un cuore che batta davvero, sarebbe capace di ascoltare, senza commozione e senza empatia, quello che un animale ferito potrebbe narrare. Forse, a causa del suo dramma, Nuda, femmina adulta, socievole e docile, ha un problema di salute. Soffre di incontinenza rettale, ragione per cui la sua adozione \u00e8 molto improbabile. Le volontarie della sezione Alba-Bra della Lida (Lega diritti animali) che curano Il Rifugio di Fido, sperano in una cosiddetta \u201cadozione del cuore\u201d, ovvero una persona, una famiglia che, con costanza, si prenda cura di Nuda. Necessita, infatti, di molte attenzioni. Va seguita sempre e ospitata in appartamento, non all\u2019esterno.<\/p>\n<p>Chiunque desideri fare donazioni, anche tramite il versamento del 5 per mille, e\/o ricevere info su possibili adozioni canine \u00e8 pregato di contattare la signora Gianna Gentile, presidente Lida sezione Alba-Bra (Cn), al numero: 335.65.94.325. <a href=\"http:\/\/www.ilrifugiodifido.it\/\" target=\"_blank\" rel=\"nofollow nofollow\">http:\/\/www.ilrifugiodifido.it\/<\/a>; social page Facebook:<a href=\"https:\/\/www.facebook.com\/pages\/Il-rifugio-di-Fido-a-Pollenzo-LIDA-sezione-Alba-Bra\/161465760623462\"> https:\/\/www.facebook.com\/pages\/Il-rifugio-di-Fido-a-Pollenzo-LIDA-sezione-Alba-Bra\/161465760623462 <\/a><\/p>\n<p>Qui di seguito alcune immagini degli ospiti a quattro zampe de &#8220;Il Rifugio di Fido&#8221;, tutti adottabili.<\/p>\n<div id='gallery-1' class='gallery galleryid-927 gallery-columns-3 gallery-size-thumbnail'><figure class='gallery-item'>\n\t\t\t<div class='gallery-icon landscape'>\n\t\t\t\t<a href='https:\/\/web.quotidianopiemontese.it\/quattrozampeedintorni\/la-storia-della-cagnolina-di-nome-nuda-dal-dramma-alla-serenita-ritrovata-in-cerca-di-casa\/nuda\/'><img loading=\"lazy\" decoding=\"async\" width=\"150\" height=\"150\" src=\"https:\/\/web.quotidianopiemontese.it\/quattrozampeedintorni\/files\/2013\/03\/Nuda-150x150.jpg\" class=\"attachment-thumbnail size-thumbnail\" alt=\"\" aria-describedby=\"gallery-1-928\" srcset=\"https:\/\/web.quotidianopiemontese.it\/quattrozampeedintorni\/files\/2013\/03\/Nuda-150x150.jpg 150w, https:\/\/web.quotidianopiemontese.it\/quattrozampeedintorni\/files\/2013\/03\/Nuda-120x120.jpg 120w\" sizes=\"auto, (max-width: 150px) 85vw, 150px\" \/><\/a>\n\t\t\t<\/div>\n\t\t\t\t<figcaption class='wp-caption-text gallery-caption' id='gallery-1-928'>\n\t\t\t\tLa cagnolina di nome Nuda\n\t\t\t\t<\/figcaption><\/figure><figure class='gallery-item'>\n\t\t\t<div class='gallery-icon landscape'>\n\t\t\t\t<a href='https:\/\/web.quotidianopiemontese.it\/quattrozampeedintorni\/la-storia-della-cagnolina-di-nome-nuda-dal-dramma-alla-serenita-ritrovata-in-cerca-di-casa\/la-piccola-nuda\/'><img loading=\"lazy\" decoding=\"async\" width=\"150\" height=\"150\" src=\"https:\/\/web.quotidianopiemontese.it\/quattrozampeedintorni\/files\/2013\/03\/La-piccola-Nuda-150x150.jpg\" class=\"attachment-thumbnail size-thumbnail\" alt=\"\" aria-describedby=\"gallery-1-929\" srcset=\"https:\/\/web.quotidianopiemontese.it\/quattrozampeedintorni\/files\/2013\/03\/La-piccola-Nuda-150x150.jpg 150w, https:\/\/web.quotidianopiemontese.it\/quattrozampeedintorni\/files\/2013\/03\/La-piccola-Nuda-120x120.jpg 120w\" sizes=\"auto, (max-width: 150px) 85vw, 150px\" \/><\/a>\n\t\t\t<\/div>\n\t\t\t\t<figcaption class='wp-caption-text gallery-caption' id='gallery-1-929'>\n\t\t\t\tNuda in canile\n\t\t\t\t<\/figcaption><\/figure><figure class='gallery-item'>\n\t\t\t<div class='gallery-icon landscape'>\n\t\t\t\t<a href='https:\/\/web.quotidianopiemontese.it\/quattrozampeedintorni\/la-storia-della-cagnolina-di-nome-nuda-dal-dramma-alla-serenita-ritrovata-in-cerca-di-casa\/alfredo\/'><img loading=\"lazy\" decoding=\"async\" width=\"150\" height=\"150\" src=\"https:\/\/web.quotidianopiemontese.it\/quattrozampeedintorni\/files\/2013\/03\/Alfredo-150x150.jpg\" class=\"attachment-thumbnail size-thumbnail\" alt=\"\" srcset=\"https:\/\/web.quotidianopiemontese.it\/quattrozampeedintorni\/files\/2013\/03\/Alfredo-150x150.jpg 150w, https:\/\/web.quotidianopiemontese.it\/quattrozampeedintorni\/files\/2013\/03\/Alfredo-120x120.jpg 120w\" sizes=\"auto, (max-width: 150px) 85vw, 150px\" \/><\/a>\n\t\t\t<\/div><\/figure><figure class='gallery-item'>\n\t\t\t<div class='gallery-icon landscape'>\n\t\t\t\t<a href='https:\/\/web.quotidianopiemontese.it\/quattrozampeedintorni\/la-storia-della-cagnolina-di-nome-nuda-dal-dramma-alla-serenita-ritrovata-in-cerca-di-casa\/athena\/'><img loading=\"lazy\" decoding=\"async\" width=\"150\" height=\"150\" src=\"https:\/\/web.quotidianopiemontese.it\/quattrozampeedintorni\/files\/2013\/03\/Athena-150x150.jpg\" class=\"attachment-thumbnail size-thumbnail\" alt=\"\" srcset=\"https:\/\/web.quotidianopiemontese.it\/quattrozampeedintorni\/files\/2013\/03\/Athena-150x150.jpg 150w, https:\/\/web.quotidianopiemontese.it\/quattrozampeedintorni\/files\/2013\/03\/Athena-120x120.jpg 120w\" sizes=\"auto, (max-width: 150px) 85vw, 150px\" \/><\/a>\n\t\t\t<\/div><\/figure><figure class='gallery-item'>\n\t\t\t<div class='gallery-icon landscape'>\n\t\t\t\t<a href='https:\/\/web.quotidianopiemontese.it\/quattrozampeedintorni\/la-storia-della-cagnolina-di-nome-nuda-dal-dramma-alla-serenita-ritrovata-in-cerca-di-casa\/geremia\/'><img loading=\"lazy\" decoding=\"async\" width=\"150\" height=\"150\" src=\"https:\/\/web.quotidianopiemontese.it\/quattrozampeedintorni\/files\/2013\/03\/Geremia-150x150.jpg\" class=\"attachment-thumbnail size-thumbnail\" alt=\"\" srcset=\"https:\/\/web.quotidianopiemontese.it\/quattrozampeedintorni\/files\/2013\/03\/Geremia-150x150.jpg 150w, https:\/\/web.quotidianopiemontese.it\/quattrozampeedintorni\/files\/2013\/03\/Geremia-120x120.jpg 120w\" sizes=\"auto, (max-width: 150px) 85vw, 150px\" \/><\/a>\n\t\t\t<\/div><\/figure><figure class='gallery-item'>\n\t\t\t<div class='gallery-icon landscape'>\n\t\t\t\t<a href='https:\/\/web.quotidianopiemontese.it\/quattrozampeedintorni\/la-storia-della-cagnolina-di-nome-nuda-dal-dramma-alla-serenita-ritrovata-in-cerca-di-casa\/kubabis\/'><img loading=\"lazy\" decoding=\"async\" width=\"150\" height=\"150\" src=\"https:\/\/web.quotidianopiemontese.it\/quattrozampeedintorni\/files\/2013\/03\/Kubabis-150x150.jpg\" class=\"attachment-thumbnail size-thumbnail\" alt=\"\" srcset=\"https:\/\/web.quotidianopiemontese.it\/quattrozampeedintorni\/files\/2013\/03\/Kubabis-150x150.jpg 150w, https:\/\/web.quotidianopiemontese.it\/quattrozampeedintorni\/files\/2013\/03\/Kubabis-120x120.jpg 120w\" sizes=\"auto, (max-width: 150px) 85vw, 150px\" \/><\/a>\n\t\t\t<\/div><\/figure><figure class='gallery-item'>\n\t\t\t<div class='gallery-icon landscape'>\n\t\t\t\t<a href='https:\/\/web.quotidianopiemontese.it\/quattrozampeedintorni\/la-storia-della-cagnolina-di-nome-nuda-dal-dramma-alla-serenita-ritrovata-in-cerca-di-casa\/pepsi\/'><img loading=\"lazy\" decoding=\"async\" width=\"150\" height=\"150\" src=\"https:\/\/web.quotidianopiemontese.it\/quattrozampeedintorni\/files\/2013\/03\/Pepsi-150x150.jpg\" class=\"attachment-thumbnail size-thumbnail\" alt=\"\" srcset=\"https:\/\/web.quotidianopiemontese.it\/quattrozampeedintorni\/files\/2013\/03\/Pepsi-150x150.jpg 150w, https:\/\/web.quotidianopiemontese.it\/quattrozampeedintorni\/files\/2013\/03\/Pepsi-120x120.jpg 120w\" sizes=\"auto, (max-width: 150px) 85vw, 150px\" \/><\/a>\n\t\t\t<\/div><\/figure><figure class='gallery-item'>\n\t\t\t<div class='gallery-icon landscape'>\n\t\t\t\t<a href='https:\/\/web.quotidianopiemontese.it\/quattrozampeedintorni\/la-storia-della-cagnolina-di-nome-nuda-dal-dramma-alla-serenita-ritrovata-in-cerca-di-casa\/roy\/'><img loading=\"lazy\" decoding=\"async\" width=\"150\" height=\"150\" src=\"https:\/\/web.quotidianopiemontese.it\/quattrozampeedintorni\/files\/2013\/03\/Roy-150x150.jpg\" class=\"attachment-thumbnail size-thumbnail\" alt=\"\" srcset=\"https:\/\/web.quotidianopiemontese.it\/quattrozampeedintorni\/files\/2013\/03\/Roy-150x150.jpg 150w, https:\/\/web.quotidianopiemontese.it\/quattrozampeedintorni\/files\/2013\/03\/Roy-120x120.jpg 120w\" sizes=\"auto, (max-width: 150px) 85vw, 150px\" \/><\/a>\n\t\t\t<\/div><\/figure><figure class='gallery-item'>\n\t\t\t<div class='gallery-icon landscape'>\n\t\t\t\t<a href='https:\/\/web.quotidianopiemontese.it\/quattrozampeedintorni\/la-storia-della-cagnolina-di-nome-nuda-dal-dramma-alla-serenita-ritrovata-in-cerca-di-casa\/skipper\/'><img loading=\"lazy\" decoding=\"async\" width=\"150\" height=\"150\" src=\"https:\/\/web.quotidianopiemontese.it\/quattrozampeedintorni\/files\/2013\/03\/Skipper-150x150.jpg\" class=\"attachment-thumbnail size-thumbnail\" alt=\"\" srcset=\"https:\/\/web.quotidianopiemontese.it\/quattrozampeedintorni\/files\/2013\/03\/Skipper-150x150.jpg 150w, https:\/\/web.quotidianopiemontese.it\/quattrozampeedintorni\/files\/2013\/03\/Skipper-120x120.jpg 120w\" sizes=\"auto, (max-width: 150px) 85vw, 150px\" \/><\/a>\n\t\t\t<\/div><\/figure><figure class='gallery-item'>\n\t\t\t<div class='gallery-icon landscape'>\n\t\t\t\t<a href='https:\/\/web.quotidianopiemontese.it\/quattrozampeedintorni\/la-storia-della-cagnolina-di-nome-nuda-dal-dramma-alla-serenita-ritrovata-in-cerca-di-casa\/vespa\/'><img loading=\"lazy\" decoding=\"async\" width=\"150\" height=\"150\" src=\"https:\/\/web.quotidianopiemontese.it\/quattrozampeedintorni\/files\/2013\/03\/Vespa-150x150.jpg\" class=\"attachment-thumbnail size-thumbnail\" alt=\"\" srcset=\"https:\/\/web.quotidianopiemontese.it\/quattrozampeedintorni\/files\/2013\/03\/Vespa-150x150.jpg 150w, https:\/\/web.quotidianopiemontese.it\/quattrozampeedintorni\/files\/2013\/03\/Vespa-120x120.jpg 120w\" sizes=\"auto, (max-width: 150px) 85vw, 150px\" \/><\/a>\n\t\t\t<\/div><\/figure>\n\t\t<\/div>\n\n","protected":false},"excerpt":{"rendered":"<p>Ci sono storie che, per quanto tristi e dolorose, oltre che vergognose per la razza umana, vanno raccontate perch\u00e9 il silenzio non faccia altre vittime. Questa \u00e8 una storia come tante, purtroppo. E\u2019 la storia di Nuda. La storia di una cagnolina il cui nome \u00e8 simbolico e significativo e ora, insieme, scopriamo il motivo. &hellip; <a href=\"https:\/\/web.quotidianopiemontese.it\/quattrozampeedintorni\/la-storia-della-cagnolina-di-nome-nuda-dal-dramma-alla-serenita-ritrovata-in-cerca-di-casa\/\" class=\"more-link\">Leggi tutto<span class=\"screen-reader-text\"> &#8220;La storia della cagnolina di nome Nuda, dal dramma alla serenit\u00e0 ritrovata, in cerca di casa&#8221;<\/span><\/a><\/p>\n","protected":false},"author":46,"featured_media":946,"comment_status":"open","ping_status":"closed","sticky":false,"template":"","format":"standard","meta":{"footnotes":""},"categories":[1],"tags":[277,21,182,22,721,725,118,461,724,119,723,720,726,722],"class_list":["post-927","post","type-post","status-publish","format-standard","has-post-thumbnail","hentry","category-quattro-zampe","tag-animalisti","tag-cani","tag-canili","tag-gatti","tag-gianna-gentile","tag-lega-diritti-animali","tag-lida","tag-lida-alba-bra","tag-nuda","tag-pollenzo","tag-rifugi-cani","tag-rifugio-di-fido","tag-rispetto-animali","tag-volontari-animali"],"yoast_head":"<!-- This site is optimized with the Yoast SEO plugin v27.1.1 - https:\/\/yoast.com\/product\/yoast-seo-wordpress\/ -->\n<title>La storia della cagnolina di nome Nuda, dal dramma alla serenit\u00e0 ritrovata, in cerca di casa - Quattro zampe e dintorni<\/title>\n<meta name=\"description\" content=\"Ci sono storie che, per quanto tristi e dolorose, oltre che vergognose per la razza umana, vanno raccontate perch\u00e9 il silenzio non faccia altre vittime.\" \/>\n<meta name=\"robots\" content=\"index, follow, max-snippet:-1, max-image-preview:large, max-video-preview:-1\" \/>\n<link rel=\"canonical\" href=\"http:\/\/web.quotidianopiemontese.it\/quattrozampeedintorni\/la-storia-della-cagnolina-di-nome-nuda-dal-dramma-alla-serenita-ritrovata-in-cerca-di-casa\/\" \/>\n<meta property=\"og:locale\" content=\"it_IT\" \/>\n<meta property=\"og:type\" content=\"article\" \/>\n<meta property=\"og:title\" content=\"La storia della cagnolina di nome Nuda, dal dramma alla serenit\u00e0 ritrovata, in cerca di casa - Quattro zampe e dintorni\" \/>\n<meta property=\"og:description\" content=\"Ci sono storie che, per quanto tristi e dolorose, oltre che vergognose per la razza umana, vanno raccontate perch\u00e9 il silenzio non faccia altre vittime.\" \/>\n<meta property=\"og:url\" content=\"http:\/\/web.quotidianopiemontese.it\/quattrozampeedintorni\/la-storia-della-cagnolina-di-nome-nuda-dal-dramma-alla-serenita-ritrovata-in-cerca-di-casa\/\" \/>\n<meta property=\"og:site_name\" content=\"Quattro zampe e dintorni\" \/>\n<meta property=\"article:publisher\" content=\"https:\/\/www.facebook.com\/quotidianopiemontese?fref=ts\" \/>\n<meta property=\"article:published_time\" content=\"2013-03-22T05:00:04+00:00\" \/>\n<meta property=\"article:modified_time\" content=\"2013-03-22T08:50:50+00:00\" \/>\n<meta property=\"og:image\" content=\"http:\/\/web.quotidianopiemontese.it\/quattrozampeedintorni\/files\/2013\/03\/Vespa.jpg\" \/>\n\t<meta property=\"og:image:width\" content=\"640\" \/>\n\t<meta property=\"og:image:height\" content=\"424\" \/>\n\t<meta property=\"og:image:type\" content=\"image\/jpeg\" \/>\n<meta name=\"author\" content=\"Monica Genovese\" \/>\n<meta name=\"twitter:label1\" content=\"Scritto da\" \/>\n\t<meta name=\"twitter:data1\" content=\"Monica Genovese\" \/>\n\t<meta name=\"twitter:label2\" content=\"Tempo di lettura stimato\" \/>\n\t<meta name=\"twitter:data2\" content=\"2 minuti\" \/>\n<script type=\"application\/ld+json\" class=\"yoast-schema-graph\">{\"@context\":\"https:\/\/schema.org\",\"@graph\":[{\"@type\":\"Article\",\"@id\":\"http:\/\/web.quotidianopiemontese.it\/quattrozampeedintorni\/la-storia-della-cagnolina-di-nome-nuda-dal-dramma-alla-serenita-ritrovata-in-cerca-di-casa\/#article\",\"isPartOf\":{\"@id\":\"http:\/\/web.quotidianopiemontese.it\/quattrozampeedintorni\/la-storia-della-cagnolina-di-nome-nuda-dal-dramma-alla-serenita-ritrovata-in-cerca-di-casa\/\"},\"author\":{\"name\":\"Monica Genovese\",\"@id\":\"http:\/\/web.quotidianopiemontese.it\/quattrozampeedintorni\/#\/schema\/person\/1f141d61659bc85e6224aa454a674fce\"},\"headline\":\"La storia della cagnolina di nome Nuda, dal dramma alla serenit\u00e0 ritrovata, in cerca di casa\",\"datePublished\":\"2013-03-22T05:00:04+00:00\",\"dateModified\":\"2013-03-22T08:50:50+00:00\",\"mainEntityOfPage\":{\"@id\":\"http:\/\/web.quotidianopiemontese.it\/quattrozampeedintorni\/la-storia-della-cagnolina-di-nome-nuda-dal-dramma-alla-serenita-ritrovata-in-cerca-di-casa\/\"},\"wordCount\":408,\"commentCount\":0,\"image\":{\"@id\":\"http:\/\/web.quotidianopiemontese.it\/quattrozampeedintorni\/la-storia-della-cagnolina-di-nome-nuda-dal-dramma-alla-serenita-ritrovata-in-cerca-di-casa\/#primaryimage\"},\"thumbnailUrl\":\"https:\/\/web.quotidianopiemontese.it\/quattrozampeedintorni\/files\/2013\/03\/Vespa.jpg\",\"keywords\":[\"animalisti\",\"cani\",\"canili\",\"gatti\",\"gianna gentile\",\"lega diritti animali\",\"Lida\",\"lida alba bra\",\"nuda\",\"Pollenzo\",\"rifugi cani\",\"rifugio di fido\",\"rispetto animali\",\"volontari animali\"],\"articleSection\":[\"Quattro zampe\"],\"inLanguage\":\"it-IT\",\"potentialAction\":[{\"@type\":\"CommentAction\",\"name\":\"Comment\",\"target\":[\"http:\/\/web.quotidianopiemontese.it\/quattrozampeedintorni\/la-storia-della-cagnolina-di-nome-nuda-dal-dramma-alla-serenita-ritrovata-in-cerca-di-casa\/#respond\"]}]},{\"@type\":\"WebPage\",\"@id\":\"http:\/\/web.quotidianopiemontese.it\/quattrozampeedintorni\/la-storia-della-cagnolina-di-nome-nuda-dal-dramma-alla-serenita-ritrovata-in-cerca-di-casa\/\",\"url\":\"http:\/\/web.quotidianopiemontese.it\/quattrozampeedintorni\/la-storia-della-cagnolina-di-nome-nuda-dal-dramma-alla-serenita-ritrovata-in-cerca-di-casa\/\",\"name\":\"La storia della cagnolina di nome Nuda, dal dramma alla serenit\u00e0 ritrovata, in cerca di casa - Quattro zampe e dintorni\",\"isPartOf\":{\"@id\":\"http:\/\/web.quotidianopiemontese.it\/quattrozampeedintorni\/#website\"},\"primaryImageOfPage\":{\"@id\":\"http:\/\/web.quotidianopiemontese.it\/quattrozampeedintorni\/la-storia-della-cagnolina-di-nome-nuda-dal-dramma-alla-serenita-ritrovata-in-cerca-di-casa\/#primaryimage\"},\"image\":{\"@id\":\"http:\/\/web.quotidianopiemontese.it\/quattrozampeedintorni\/la-storia-della-cagnolina-di-nome-nuda-dal-dramma-alla-serenita-ritrovata-in-cerca-di-casa\/#primaryimage\"},\"thumbnailUrl\":\"https:\/\/web.quotidianopiemontese.it\/quattrozampeedintorni\/files\/2013\/03\/Vespa.jpg\",\"datePublished\":\"2013-03-22T05:00:04+00:00\",\"dateModified\":\"2013-03-22T08:50:50+00:00\",\"author\":{\"@id\":\"http:\/\/web.quotidianopiemontese.it\/quattrozampeedintorni\/#\/schema\/person\/1f141d61659bc85e6224aa454a674fce\"},\"description\":\"Ci sono storie che, per quanto tristi e dolorose, oltre che vergognose per la razza umana, vanno raccontate perch\u00e9 il silenzio non faccia altre vittime.\",\"breadcrumb\":{\"@id\":\"http:\/\/web.quotidianopiemontese.it\/quattrozampeedintorni\/la-storia-della-cagnolina-di-nome-nuda-dal-dramma-alla-serenita-ritrovata-in-cerca-di-casa\/#breadcrumb\"},\"inLanguage\":\"it-IT\",\"potentialAction\":[{\"@type\":\"ReadAction\",\"target\":[\"http:\/\/web.quotidianopiemontese.it\/quattrozampeedintorni\/la-storia-della-cagnolina-di-nome-nuda-dal-dramma-alla-serenita-ritrovata-in-cerca-di-casa\/\"]}]},{\"@type\":\"ImageObject\",\"inLanguage\":\"it-IT\",\"@id\":\"http:\/\/web.quotidianopiemontese.it\/quattrozampeedintorni\/la-storia-della-cagnolina-di-nome-nuda-dal-dramma-alla-serenita-ritrovata-in-cerca-di-casa\/#primaryimage\",\"url\":\"https:\/\/web.quotidianopiemontese.it\/quattrozampeedintorni\/files\/2013\/03\/Vespa.jpg\",\"contentUrl\":\"https:\/\/web.quotidianopiemontese.it\/quattrozampeedintorni\/files\/2013\/03\/Vespa.jpg\",\"width\":640,\"height\":424},{\"@type\":\"BreadcrumbList\",\"@id\":\"http:\/\/web.quotidianopiemontese.it\/quattrozampeedintorni\/la-storia-della-cagnolina-di-nome-nuda-dal-dramma-alla-serenita-ritrovata-in-cerca-di-casa\/#breadcrumb\",\"itemListElement\":[{\"@type\":\"ListItem\",\"position\":1,\"name\":\"Home\",\"item\":\"http:\/\/web.quotidianopiemontese.it\/quattrozampeedintorni\/\"},{\"@type\":\"ListItem\",\"position\":2,\"name\":\"La storia della cagnolina di nome Nuda, dal dramma alla serenit\u00e0 ritrovata, in cerca di casa\"}]},{\"@type\":\"WebSite\",\"@id\":\"http:\/\/web.quotidianopiemontese.it\/quattrozampeedintorni\/#website\",\"url\":\"http:\/\/web.quotidianopiemontese.it\/quattrozampeedintorni\/\",\"name\":\"Quattro zampe e dintorni\",\"description\":\"Quotidiano Piemontese\",\"potentialAction\":[{\"@type\":\"SearchAction\",\"target\":{\"@type\":\"EntryPoint\",\"urlTemplate\":\"http:\/\/web.quotidianopiemontese.it\/quattrozampeedintorni\/?s={search_term_string}\"},\"query-input\":{\"@type\":\"PropertyValueSpecification\",\"valueRequired\":true,\"valueName\":\"search_term_string\"}}],\"inLanguage\":\"it-IT\"},{\"@type\":\"Person\",\"@id\":\"http:\/\/web.quotidianopiemontese.it\/quattrozampeedintorni\/#\/schema\/person\/1f141d61659bc85e6224aa454a674fce\",\"name\":\"Monica Genovese\",\"image\":{\"@type\":\"ImageObject\",\"inLanguage\":\"it-IT\",\"@id\":\"http:\/\/web.quotidianopiemontese.it\/quattrozampeedintorni\/#\/schema\/person\/image\/\",\"url\":\"https:\/\/secure.gravatar.com\/avatar\/4f761872600586f65aa3bdf1aa468da21a45fc1b4c03a7a41b5684ad9b3fb650?s=96&d=mm&r=g\",\"contentUrl\":\"https:\/\/secure.gravatar.com\/avatar\/4f761872600586f65aa3bdf1aa468da21a45fc1b4c03a7a41b5684ad9b3fb650?s=96&d=mm&r=g\",\"caption\":\"Monica Genovese\"},\"sameAs\":[\"https:\/\/x.com\/Monica_Genovese\"],\"url\":\"https:\/\/web.quotidianopiemontese.it\/quattrozampeedintorni\/author\/monica-genovese\/\"}]}<\/script>\n<!-- \/ Yoast SEO plugin. -->","yoast_head_json":{"title":"La storia della cagnolina di nome Nuda, dal dramma alla serenit\u00e0 ritrovata, in cerca di casa - Quattro zampe e dintorni","description":"Ci sono storie che, per quanto tristi e dolorose, oltre che vergognose per la razza umana, vanno raccontate perch\u00e9 il silenzio non faccia altre vittime.","robots":{"index":"index","follow":"follow","max-snippet":"max-snippet:-1","max-image-preview":"max-image-preview:large","max-video-preview":"max-video-preview:-1"},"canonical":"http:\/\/web.quotidianopiemontese.it\/quattrozampeedintorni\/la-storia-della-cagnolina-di-nome-nuda-dal-dramma-alla-serenita-ritrovata-in-cerca-di-casa\/","og_locale":"it_IT","og_type":"article","og_title":"La storia della cagnolina di nome Nuda, dal dramma alla serenit\u00e0 ritrovata, in cerca di casa - Quattro zampe e dintorni","og_description":"Ci sono storie che, per quanto tristi e dolorose, oltre che vergognose per la razza umana, vanno raccontate perch\u00e9 il silenzio non faccia altre vittime.","og_url":"http:\/\/web.quotidianopiemontese.it\/quattrozampeedintorni\/la-storia-della-cagnolina-di-nome-nuda-dal-dramma-alla-serenita-ritrovata-in-cerca-di-casa\/","og_site_name":"Quattro zampe e dintorni","article_publisher":"https:\/\/www.facebook.com\/quotidianopiemontese?fref=ts","article_published_time":"2013-03-22T05:00:04+00:00","article_modified_time":"2013-03-22T08:50:50+00:00","og_image":[{"width":640,"height":424,"url":"http:\/\/web.quotidianopiemontese.it\/quattrozampeedintorni\/files\/2013\/03\/Vespa.jpg","type":"image\/jpeg"}],"author":"Monica Genovese","twitter_misc":{"Scritto da":"Monica Genovese","Tempo di lettura stimato":"2 minuti"},"schema":{"@context":"https:\/\/schema.org","@graph":[{"@type":"Article","@id":"http:\/\/web.quotidianopiemontese.it\/quattrozampeedintorni\/la-storia-della-cagnolina-di-nome-nuda-dal-dramma-alla-serenita-ritrovata-in-cerca-di-casa\/#article","isPartOf":{"@id":"http:\/\/web.quotidianopiemontese.it\/quattrozampeedintorni\/la-storia-della-cagnolina-di-nome-nuda-dal-dramma-alla-serenita-ritrovata-in-cerca-di-casa\/"},"author":{"name":"Monica Genovese","@id":"http:\/\/web.quotidianopiemontese.it\/quattrozampeedintorni\/#\/schema\/person\/1f141d61659bc85e6224aa454a674fce"},"headline":"La storia della cagnolina di nome Nuda, dal dramma alla serenit\u00e0 ritrovata, in cerca di casa","datePublished":"2013-03-22T05:00:04+00:00","dateModified":"2013-03-22T08:50:50+00:00","mainEntityOfPage":{"@id":"http:\/\/web.quotidianopiemontese.it\/quattrozampeedintorni\/la-storia-della-cagnolina-di-nome-nuda-dal-dramma-alla-serenita-ritrovata-in-cerca-di-casa\/"},"wordCount":408,"commentCount":0,"image":{"@id":"http:\/\/web.quotidianopiemontese.it\/quattrozampeedintorni\/la-storia-della-cagnolina-di-nome-nuda-dal-dramma-alla-serenita-ritrovata-in-cerca-di-casa\/#primaryimage"},"thumbnailUrl":"https:\/\/web.quotidianopiemontese.it\/quattrozampeedintorni\/files\/2013\/03\/Vespa.jpg","keywords":["animalisti","cani","canili","gatti","gianna gentile","lega diritti animali","Lida","lida alba bra","nuda","Pollenzo","rifugi cani","rifugio di fido","rispetto animali","volontari animali"],"articleSection":["Quattro zampe"],"inLanguage":"it-IT","potentialAction":[{"@type":"CommentAction","name":"Comment","target":["http:\/\/web.quotidianopiemontese.it\/quattrozampeedintorni\/la-storia-della-cagnolina-di-nome-nuda-dal-dramma-alla-serenita-ritrovata-in-cerca-di-casa\/#respond"]}]},{"@type":"WebPage","@id":"http:\/\/web.quotidianopiemontese.it\/quattrozampeedintorni\/la-storia-della-cagnolina-di-nome-nuda-dal-dramma-alla-serenita-ritrovata-in-cerca-di-casa\/","url":"http:\/\/web.quotidianopiemontese.it\/quattrozampeedintorni\/la-storia-della-cagnolina-di-nome-nuda-dal-dramma-alla-serenita-ritrovata-in-cerca-di-casa\/","name":"La storia della cagnolina di nome Nuda, dal dramma alla serenit\u00e0 ritrovata, in cerca di casa - Quattro zampe e dintorni","isPartOf":{"@id":"http:\/\/web.quotidianopiemontese.it\/quattrozampeedintorni\/#website"},"primaryImageOfPage":{"@id":"http:\/\/web.quotidianopiemontese.it\/quattrozampeedintorni\/la-storia-della-cagnolina-di-nome-nuda-dal-dramma-alla-serenita-ritrovata-in-cerca-di-casa\/#primaryimage"},"image":{"@id":"http:\/\/web.quotidianopiemontese.it\/quattrozampeedintorni\/la-storia-della-cagnolina-di-nome-nuda-dal-dramma-alla-serenita-ritrovata-in-cerca-di-casa\/#primaryimage"},"thumbnailUrl":"https:\/\/web.quotidianopiemontese.it\/quattrozampeedintorni\/files\/2013\/03\/Vespa.jpg","datePublished":"2013-03-22T05:00:04+00:00","dateModified":"2013-03-22T08:50:50+00:00","author":{"@id":"http:\/\/web.quotidianopiemontese.it\/quattrozampeedintorni\/#\/schema\/person\/1f141d61659bc85e6224aa454a674fce"},"description":"Ci sono storie che, per quanto tristi e dolorose, oltre che vergognose per la razza umana, vanno raccontate perch\u00e9 il silenzio non faccia altre vittime.","breadcrumb":{"@id":"http:\/\/web.quotidianopiemontese.it\/quattrozampeedintorni\/la-storia-della-cagnolina-di-nome-nuda-dal-dramma-alla-serenita-ritrovata-in-cerca-di-casa\/#breadcrumb"},"inLanguage":"it-IT","potentialAction":[{"@type":"ReadAction","target":["http:\/\/web.quotidianopiemontese.it\/quattrozampeedintorni\/la-storia-della-cagnolina-di-nome-nuda-dal-dramma-alla-serenita-ritrovata-in-cerca-di-casa\/"]}]},{"@type":"ImageObject","inLanguage":"it-IT","@id":"http:\/\/web.quotidianopiemontese.it\/quattrozampeedintorni\/la-storia-della-cagnolina-di-nome-nuda-dal-dramma-alla-serenita-ritrovata-in-cerca-di-casa\/#primaryimage","url":"https:\/\/web.quotidianopiemontese.it\/quattrozampeedintorni\/files\/2013\/03\/Vespa.jpg","contentUrl":"https:\/\/web.quotidianopiemontese.it\/quattrozampeedintorni\/files\/2013\/03\/Vespa.jpg","width":640,"height":424},{"@type":"BreadcrumbList","@id":"http:\/\/web.quotidianopiemontese.it\/quattrozampeedintorni\/la-storia-della-cagnolina-di-nome-nuda-dal-dramma-alla-serenita-ritrovata-in-cerca-di-casa\/#breadcrumb","itemListElement":[{"@type":"ListItem","position":1,"name":"Home","item":"http:\/\/web.quotidianopiemontese.it\/quattrozampeedintorni\/"},{"@type":"ListItem","position":2,"name":"La storia della cagnolina di nome Nuda, dal dramma alla serenit\u00e0 ritrovata, in cerca di casa"}]},{"@type":"WebSite","@id":"http:\/\/web.quotidianopiemontese.it\/quattrozampeedintorni\/#website","url":"http:\/\/web.quotidianopiemontese.it\/quattrozampeedintorni\/","name":"Quattro zampe e dintorni","description":"Quotidiano Piemontese","potentialAction":[{"@type":"SearchAction","target":{"@type":"EntryPoint","urlTemplate":"http:\/\/web.quotidianopiemontese.it\/quattrozampeedintorni\/?s={search_term_string}"},"query-input":{"@type":"PropertyValueSpecification","valueRequired":true,"valueName":"search_term_string"}}],"inLanguage":"it-IT"},{"@type":"Person","@id":"http:\/\/web.quotidianopiemontese.it\/quattrozampeedintorni\/#\/schema\/person\/1f141d61659bc85e6224aa454a674fce","name":"Monica Genovese","image":{"@type":"ImageObject","inLanguage":"it-IT","@id":"http:\/\/web.quotidianopiemontese.it\/quattrozampeedintorni\/#\/schema\/person\/image\/","url":"https:\/\/secure.gravatar.com\/avatar\/4f761872600586f65aa3bdf1aa468da21a45fc1b4c03a7a41b5684ad9b3fb650?s=96&d=mm&r=g","contentUrl":"https:\/\/secure.gravatar.com\/avatar\/4f761872600586f65aa3bdf1aa468da21a45fc1b4c03a7a41b5684ad9b3fb650?s=96&d=mm&r=g","caption":"Monica Genovese"},"sameAs":["https:\/\/x.com\/Monica_Genovese"],"url":"https:\/\/web.quotidianopiemontese.it\/quattrozampeedintorni\/author\/monica-genovese\/"}]}},"_links":{"self":[{"href":"https:\/\/web.quotidianopiemontese.it\/quattrozampeedintorni\/wp-json\/wp\/v2\/posts\/927","targetHints":{"allow":["GET"]}}],"collection":[{"href":"https:\/\/web.quotidianopiemontese.it\/quattrozampeedintorni\/wp-json\/wp\/v2\/posts"}],"about":[{"href":"https:\/\/web.quotidianopiemontese.it\/quattrozampeedintorni\/wp-json\/wp\/v2\/types\/post"}],"author":[{"embeddable":true,"href":"https:\/\/web.quotidianopiemontese.it\/quattrozampeedintorni\/wp-json\/wp\/v2\/users\/46"}],"replies":[{"embeddable":true,"href":"https:\/\/web.quotidianopiemontese.it\/quattrozampeedintorni\/wp-json\/wp\/v2\/comments?post=927"}],"version-history":[{"count":0,"href":"https:\/\/web.quotidianopiemontese.it\/quattrozampeedintorni\/wp-json\/wp\/v2\/posts\/927\/revisions"}],"wp:featuredmedia":[{"embeddable":true,"href":"https:\/\/web.quotidianopiemontese.it\/quattrozampeedintorni\/wp-json\/wp\/v2\/media\/946"}],"wp:attachment":[{"href":"https:\/\/web.quotidianopiemontese.it\/quattrozampeedintorni\/wp-json\/wp\/v2\/media?parent=927"}],"wp:term":[{"taxonomy":"category","embeddable":true,"href":"https:\/\/web.quotidianopiemontese.it\/quattrozampeedintorni\/wp-json\/wp\/v2\/categories?post=927"},{"taxonomy":"post_tag","embeddable":true,"href":"https:\/\/web.quotidianopiemontese.it\/quattrozampeedintorni\/wp-json\/wp\/v2\/tags?post=927"}],"curies":[{"name":"wp","href":"https:\/\/api.w.org\/{rel}","templated":true}]}}