{"id":916,"date":"2013-03-20T05:28:38","date_gmt":"2013-03-20T04:28:38","guid":{"rendered":"http:\/\/www.quotidianopiemontese.it\/quattrozampeedintorni\/?p=916"},"modified":"2013-03-20T09:53:25","modified_gmt":"2013-03-20T08:53:25","slug":"allarme-wwf-a-rischio-estinzione-la-tartaruga-italiana","status":"publish","type":"post","link":"https:\/\/web.quotidianopiemontese.it\/quattrozampeedintorni\/allarme-wwf-a-rischio-estinzione-la-tartaruga-italiana\/","title":{"rendered":"Allarme Wwf. A rischio estinzione la &#8220;tartaruga italiana&#8221;"},"content":{"rendered":"<p><a href=\"http:\/\/www.quotidianopiemontese.it\/quattrozampeedintorni\/files\/2013\/03\/tartaruga-caretta.jpg\"><img loading=\"lazy\" decoding=\"async\" class=\"alignright size-thumbnail wp-image-917\" alt=\"tartaruga caretta\" src=\"http:\/\/www.quotidianopiemontese.it\/quattrozampeedintorni\/files\/2013\/03\/tartaruga-caretta-150x150.jpg\" width=\"150\" height=\"150\" srcset=\"https:\/\/web.quotidianopiemontese.it\/quattrozampeedintorni\/files\/2013\/03\/tartaruga-caretta-150x150.jpg 150w, https:\/\/web.quotidianopiemontese.it\/quattrozampeedintorni\/files\/2013\/03\/tartaruga-caretta-120x120.jpg 120w\" sizes=\"auto, (max-width: 150px) 85vw, 150px\" \/><\/a>Si chiama \u201cCaretta caretta\u201d ed \u00e8 la tartaruga marina pi\u00f9 comune e vive in Italia, ma fino a quando potr\u00e0 continuare a vivere nel Bel Paese ancora non si sa. E\u2019, infatti, diventata rara a causa delle minacce che incombono sul suo capo, o meglio sul suo guscio! Tutte le tartarughe italiane sono a rischio estinzione. E\u2019 il riscontro dell\u2019analisi del Wwf che dagli anni Ottanta, in collaborazione con l\u2019universit\u00e0 \u2018La Sapienza\u2019 di Roma, \u00e8 impegnato nella salvaguardia di questi animali attraverso lo studio, la cura nei centri recupero, nelle oasi e la difesa dei nidi. Uno dei problemi pi\u00f9 gravi \u00e8 proprio la nidificazione che, a causa della pesca, della cementificazione, della ingombrante presenza umana e del degrado delle coste italiane, viene preclusa a questi animali.<!--more-->Come se non bastasse, si aggiungono gli attrezzi da pesca, reti a strascico, fisse, ami dei palangari, ovvero cavi con numerosi braccioli ognuno fornito di ami, che rappresentano un pericolo per le tartarughe marine tanto da causare la morte di oltre 40mila esemplari, in media, ogni anno e solo nel Mediterraneo. Un vero eccidio animale. Decine di tartarughe ferite vengono soccorse e accolte nei centri di recupero Wwf dove, una volta curate tornano in libert\u00e0.<\/p>\n<p>\u201c<i>Il pericolo maggiore \u00e8 proprio la pesca <\/i>&#8211; commenta Paolo Casale, responsabile progetto tartarughe Wwf Italia &#8211;<i> anche se esistono attrezzature, gi\u00e0 usate in altri Paesi, che eviterebbero di catturare questi animali, vittime delle reti a strascico. Ci sono, infatti, sistemi alternativi come ami circolari, griglie per pesci piccoli e medi che ridurrebbero la cattura di tartarughe, ma per la loro adozione, al momento non ci sono risorse e, inoltre, la pesca in Italia \u00e8 talmente peculiare da variare di regione in regione. <\/i><\/p>\n<p><i>Ci\u00f2 che \u00e8 utile, attualmente \u00e8 la collaborazione con i pescatori, sempre molto buona. Li informiamo sul comportamento da tenere in caso di cattura ma, ancora di pi\u00f9 serve informare i bagnanti italiani. Spesso, sono i primi a notare una nidiata di tartarughe, visto che le femmine, dopo aver depositato le uova nella sabbia, allontanandosi nel mare, lasciano una traccia molto evidente del loro passaggio. Ricorda un po\u2019 la forma di una ruota di trattore ed \u00e8 anche abbastanza profonda dato il peso di una tartaruga adulta media, 60, 70 chili, circa. Sono proprio gli italiani che vanno al mare, quindi a poter dare una mano alla salvaguardia delle tartarughe<\/i>\u201d.<\/p>\n<p>Le spiagge che questi antichi rettili preferiscono sono quelle di Puglia, Sicilia e, soprattutto Calabria ionica. Per sensibilizzare l\u2019opinione pubblica al problema estinzione, il Wwf ha anche ideato la &#8220;turtle summer&#8221;, mostra itinerante che, poco alla volta, sta facendo tappa in tutto il Paese con giochi on line, esposizioni, rappresentazioni in 3D delle attivit\u00e0 pro tartarughe, coinvolgendo anche i bambini alla scoperta di uno degli animali pi\u00f9 suggestivi del pianeta.<\/p>\n","protected":false},"excerpt":{"rendered":"<p>Si chiama \u201cCaretta caretta\u201d ed \u00e8 la tartaruga marina pi\u00f9 comune e vive in Italia, ma fino a quando potr\u00e0 continuare a vivere nel Bel Paese ancora non si sa. E\u2019, infatti, diventata rara a causa delle minacce che incombono sul suo capo, o meglio sul suo guscio! Tutte le tartarughe italiane sono a rischio &hellip; <a href=\"https:\/\/web.quotidianopiemontese.it\/quattrozampeedintorni\/allarme-wwf-a-rischio-estinzione-la-tartaruga-italiana\/\" class=\"more-link\">Leggi tutto<span class=\"screen-reader-text\"> &#8220;Allarme Wwf. A rischio estinzione la &#8220;tartaruga italiana&#8221;&#8221;<\/span><\/a><\/p>\n","protected":false},"author":46,"featured_media":917,"comment_status":"open","ping_status":"closed","sticky":false,"template":"","format":"standard","meta":{"footnotes":""},"categories":[1],"tags":[705,704,708,706,264,228,707],"class_list":["post-916","post","type-post","status-publish","format-standard","has-post-thumbnail","hentry","category-quattro-zampe","tag-caretta","tag-caretta-caretta","tag-estinzione-animali","tag-paolo-casala","tag-tartaruga","tag-wwf","tag-wwf-italia"],"yoast_head":"<!-- This site is optimized with the Yoast SEO plugin v27.1.1 - https:\/\/yoast.com\/product\/yoast-seo-wordpress\/ -->\n<title>Allarme Wwf. A rischio estinzione la &quot;tartaruga italiana&quot; - Quattro zampe e dintorni<\/title>\n<meta name=\"description\" content=\"Si chiama \u201cCaretta caretta\u201d ed \u00e8 la tartaruga marina pi\u00f9 comune e vive in Italia, ma fino a quando potr\u00e0 continuare a vivere nel Bel Paese ancora non si\" \/>\n<meta name=\"robots\" content=\"index, follow, max-snippet:-1, max-image-preview:large, max-video-preview:-1\" \/>\n<link rel=\"canonical\" href=\"https:\/\/web.quotidianopiemontese.it\/quattrozampeedintorni\/allarme-wwf-a-rischio-estinzione-la-tartaruga-italiana\/\" \/>\n<meta property=\"og:locale\" content=\"it_IT\" \/>\n<meta property=\"og:type\" content=\"article\" \/>\n<meta property=\"og:title\" content=\"Allarme Wwf. A rischio estinzione la &quot;tartaruga italiana&quot; - Quattro zampe e dintorni\" \/>\n<meta property=\"og:description\" content=\"Si chiama \u201cCaretta caretta\u201d ed \u00e8 la tartaruga marina pi\u00f9 comune e vive in Italia, ma fino a quando potr\u00e0 continuare a vivere nel Bel Paese ancora non si\" \/>\n<meta property=\"og:url\" content=\"https:\/\/web.quotidianopiemontese.it\/quattrozampeedintorni\/allarme-wwf-a-rischio-estinzione-la-tartaruga-italiana\/\" \/>\n<meta property=\"og:site_name\" content=\"Quattro zampe e dintorni\" \/>\n<meta property=\"article:publisher\" content=\"https:\/\/www.facebook.com\/quotidianopiemontese?fref=ts\" \/>\n<meta property=\"article:published_time\" content=\"2013-03-20T04:28:38+00:00\" \/>\n<meta property=\"article:modified_time\" content=\"2013-03-20T08:53:25+00:00\" \/>\n<meta property=\"og:image\" content=\"https:\/\/web.quotidianopiemontese.it\/quattrozampeedintorni\/files\/2013\/03\/tartaruga-caretta.jpg\" \/>\n\t<meta property=\"og:image:width\" content=\"662\" \/>\n\t<meta property=\"og:image:height\" content=\"488\" \/>\n\t<meta property=\"og:image:type\" content=\"image\/jpeg\" \/>\n<meta name=\"author\" content=\"Monica Genovese\" \/>\n<meta name=\"twitter:label1\" content=\"Scritto da\" \/>\n\t<meta name=\"twitter:data1\" content=\"Monica Genovese\" \/>\n\t<meta name=\"twitter:label2\" content=\"Tempo di lettura stimato\" \/>\n\t<meta name=\"twitter:data2\" content=\"2 minuti\" \/>\n<script type=\"application\/ld+json\" class=\"yoast-schema-graph\">{\"@context\":\"https:\/\/schema.org\",\"@graph\":[{\"@type\":\"Article\",\"@id\":\"https:\/\/web.quotidianopiemontese.it\/quattrozampeedintorni\/allarme-wwf-a-rischio-estinzione-la-tartaruga-italiana\/#article\",\"isPartOf\":{\"@id\":\"https:\/\/web.quotidianopiemontese.it\/quattrozampeedintorni\/allarme-wwf-a-rischio-estinzione-la-tartaruga-italiana\/\"},\"author\":{\"name\":\"Monica Genovese\",\"@id\":\"http:\/\/web.quotidianopiemontese.it\/quattrozampeedintorni\/#\/schema\/person\/1f141d61659bc85e6224aa454a674fce\"},\"headline\":\"Allarme Wwf. A rischio estinzione la &#8220;tartaruga italiana&#8221;\",\"datePublished\":\"2013-03-20T04:28:38+00:00\",\"dateModified\":\"2013-03-20T08:53:25+00:00\",\"mainEntityOfPage\":{\"@id\":\"https:\/\/web.quotidianopiemontese.it\/quattrozampeedintorni\/allarme-wwf-a-rischio-estinzione-la-tartaruga-italiana\/\"},\"wordCount\":466,\"commentCount\":1,\"image\":{\"@id\":\"https:\/\/web.quotidianopiemontese.it\/quattrozampeedintorni\/allarme-wwf-a-rischio-estinzione-la-tartaruga-italiana\/#primaryimage\"},\"thumbnailUrl\":\"https:\/\/web.quotidianopiemontese.it\/quattrozampeedintorni\/files\/2013\/03\/tartaruga-caretta.jpg\",\"keywords\":[\"caretta\",\"caretta caretta\",\"estinzione animali\",\"paolo casala\",\"tartaruga\",\"Wwf\",\"wwf italia\"],\"articleSection\":[\"Quattro zampe\"],\"inLanguage\":\"it-IT\",\"potentialAction\":[{\"@type\":\"CommentAction\",\"name\":\"Comment\",\"target\":[\"https:\/\/web.quotidianopiemontese.it\/quattrozampeedintorni\/allarme-wwf-a-rischio-estinzione-la-tartaruga-italiana\/#respond\"]}]},{\"@type\":\"WebPage\",\"@id\":\"https:\/\/web.quotidianopiemontese.it\/quattrozampeedintorni\/allarme-wwf-a-rischio-estinzione-la-tartaruga-italiana\/\",\"url\":\"https:\/\/web.quotidianopiemontese.it\/quattrozampeedintorni\/allarme-wwf-a-rischio-estinzione-la-tartaruga-italiana\/\",\"name\":\"Allarme Wwf. A rischio estinzione la \\\"tartaruga italiana\\\" - Quattro zampe e dintorni\",\"isPartOf\":{\"@id\":\"http:\/\/web.quotidianopiemontese.it\/quattrozampeedintorni\/#website\"},\"primaryImageOfPage\":{\"@id\":\"https:\/\/web.quotidianopiemontese.it\/quattrozampeedintorni\/allarme-wwf-a-rischio-estinzione-la-tartaruga-italiana\/#primaryimage\"},\"image\":{\"@id\":\"https:\/\/web.quotidianopiemontese.it\/quattrozampeedintorni\/allarme-wwf-a-rischio-estinzione-la-tartaruga-italiana\/#primaryimage\"},\"thumbnailUrl\":\"https:\/\/web.quotidianopiemontese.it\/quattrozampeedintorni\/files\/2013\/03\/tartaruga-caretta.jpg\",\"datePublished\":\"2013-03-20T04:28:38+00:00\",\"dateModified\":\"2013-03-20T08:53:25+00:00\",\"author\":{\"@id\":\"http:\/\/web.quotidianopiemontese.it\/quattrozampeedintorni\/#\/schema\/person\/1f141d61659bc85e6224aa454a674fce\"},\"description\":\"Si chiama \u201cCaretta caretta\u201d ed \u00e8 la tartaruga marina pi\u00f9 comune e vive in Italia, ma fino a quando potr\u00e0 continuare a vivere nel Bel Paese ancora non si\",\"breadcrumb\":{\"@id\":\"https:\/\/web.quotidianopiemontese.it\/quattrozampeedintorni\/allarme-wwf-a-rischio-estinzione-la-tartaruga-italiana\/#breadcrumb\"},\"inLanguage\":\"it-IT\",\"potentialAction\":[{\"@type\":\"ReadAction\",\"target\":[\"https:\/\/web.quotidianopiemontese.it\/quattrozampeedintorni\/allarme-wwf-a-rischio-estinzione-la-tartaruga-italiana\/\"]}]},{\"@type\":\"ImageObject\",\"inLanguage\":\"it-IT\",\"@id\":\"https:\/\/web.quotidianopiemontese.it\/quattrozampeedintorni\/allarme-wwf-a-rischio-estinzione-la-tartaruga-italiana\/#primaryimage\",\"url\":\"https:\/\/web.quotidianopiemontese.it\/quattrozampeedintorni\/files\/2013\/03\/tartaruga-caretta.jpg\",\"contentUrl\":\"https:\/\/web.quotidianopiemontese.it\/quattrozampeedintorni\/files\/2013\/03\/tartaruga-caretta.jpg\",\"width\":662,\"height\":488},{\"@type\":\"BreadcrumbList\",\"@id\":\"https:\/\/web.quotidianopiemontese.it\/quattrozampeedintorni\/allarme-wwf-a-rischio-estinzione-la-tartaruga-italiana\/#breadcrumb\",\"itemListElement\":[{\"@type\":\"ListItem\",\"position\":1,\"name\":\"Home\",\"item\":\"http:\/\/web.quotidianopiemontese.it\/quattrozampeedintorni\/\"},{\"@type\":\"ListItem\",\"position\":2,\"name\":\"Allarme Wwf. A rischio estinzione la &#8220;tartaruga italiana&#8221;\"}]},{\"@type\":\"WebSite\",\"@id\":\"http:\/\/web.quotidianopiemontese.it\/quattrozampeedintorni\/#website\",\"url\":\"http:\/\/web.quotidianopiemontese.it\/quattrozampeedintorni\/\",\"name\":\"Quattro zampe e dintorni\",\"description\":\"Quotidiano Piemontese\",\"potentialAction\":[{\"@type\":\"SearchAction\",\"target\":{\"@type\":\"EntryPoint\",\"urlTemplate\":\"http:\/\/web.quotidianopiemontese.it\/quattrozampeedintorni\/?s={search_term_string}\"},\"query-input\":{\"@type\":\"PropertyValueSpecification\",\"valueRequired\":true,\"valueName\":\"search_term_string\"}}],\"inLanguage\":\"it-IT\"},{\"@type\":\"Person\",\"@id\":\"http:\/\/web.quotidianopiemontese.it\/quattrozampeedintorni\/#\/schema\/person\/1f141d61659bc85e6224aa454a674fce\",\"name\":\"Monica Genovese\",\"image\":{\"@type\":\"ImageObject\",\"inLanguage\":\"it-IT\",\"@id\":\"http:\/\/web.quotidianopiemontese.it\/quattrozampeedintorni\/#\/schema\/person\/image\/\",\"url\":\"https:\/\/secure.gravatar.com\/avatar\/4f761872600586f65aa3bdf1aa468da21a45fc1b4c03a7a41b5684ad9b3fb650?s=96&d=mm&r=g\",\"contentUrl\":\"https:\/\/secure.gravatar.com\/avatar\/4f761872600586f65aa3bdf1aa468da21a45fc1b4c03a7a41b5684ad9b3fb650?s=96&d=mm&r=g\",\"caption\":\"Monica Genovese\"},\"sameAs\":[\"https:\/\/x.com\/Monica_Genovese\"],\"url\":\"https:\/\/web.quotidianopiemontese.it\/quattrozampeedintorni\/author\/monica-genovese\/\"}]}<\/script>\n<!-- \/ Yoast SEO plugin. -->","yoast_head_json":{"title":"Allarme Wwf. A rischio estinzione la \"tartaruga italiana\" - Quattro zampe e dintorni","description":"Si chiama \u201cCaretta caretta\u201d ed \u00e8 la tartaruga marina pi\u00f9 comune e vive in Italia, ma fino a quando potr\u00e0 continuare a vivere nel Bel Paese ancora non si","robots":{"index":"index","follow":"follow","max-snippet":"max-snippet:-1","max-image-preview":"max-image-preview:large","max-video-preview":"max-video-preview:-1"},"canonical":"https:\/\/web.quotidianopiemontese.it\/quattrozampeedintorni\/allarme-wwf-a-rischio-estinzione-la-tartaruga-italiana\/","og_locale":"it_IT","og_type":"article","og_title":"Allarme Wwf. A rischio estinzione la \"tartaruga italiana\" - Quattro zampe e dintorni","og_description":"Si chiama \u201cCaretta caretta\u201d ed \u00e8 la tartaruga marina pi\u00f9 comune e vive in Italia, ma fino a quando potr\u00e0 continuare a vivere nel Bel Paese ancora non si","og_url":"https:\/\/web.quotidianopiemontese.it\/quattrozampeedintorni\/allarme-wwf-a-rischio-estinzione-la-tartaruga-italiana\/","og_site_name":"Quattro zampe e dintorni","article_publisher":"https:\/\/www.facebook.com\/quotidianopiemontese?fref=ts","article_published_time":"2013-03-20T04:28:38+00:00","article_modified_time":"2013-03-20T08:53:25+00:00","og_image":[{"width":662,"height":488,"url":"https:\/\/web.quotidianopiemontese.it\/quattrozampeedintorni\/files\/2013\/03\/tartaruga-caretta.jpg","type":"image\/jpeg"}],"author":"Monica Genovese","twitter_misc":{"Scritto da":"Monica Genovese","Tempo di lettura stimato":"2 minuti"},"schema":{"@context":"https:\/\/schema.org","@graph":[{"@type":"Article","@id":"https:\/\/web.quotidianopiemontese.it\/quattrozampeedintorni\/allarme-wwf-a-rischio-estinzione-la-tartaruga-italiana\/#article","isPartOf":{"@id":"https:\/\/web.quotidianopiemontese.it\/quattrozampeedintorni\/allarme-wwf-a-rischio-estinzione-la-tartaruga-italiana\/"},"author":{"name":"Monica Genovese","@id":"http:\/\/web.quotidianopiemontese.it\/quattrozampeedintorni\/#\/schema\/person\/1f141d61659bc85e6224aa454a674fce"},"headline":"Allarme Wwf. A rischio estinzione la &#8220;tartaruga italiana&#8221;","datePublished":"2013-03-20T04:28:38+00:00","dateModified":"2013-03-20T08:53:25+00:00","mainEntityOfPage":{"@id":"https:\/\/web.quotidianopiemontese.it\/quattrozampeedintorni\/allarme-wwf-a-rischio-estinzione-la-tartaruga-italiana\/"},"wordCount":466,"commentCount":1,"image":{"@id":"https:\/\/web.quotidianopiemontese.it\/quattrozampeedintorni\/allarme-wwf-a-rischio-estinzione-la-tartaruga-italiana\/#primaryimage"},"thumbnailUrl":"https:\/\/web.quotidianopiemontese.it\/quattrozampeedintorni\/files\/2013\/03\/tartaruga-caretta.jpg","keywords":["caretta","caretta caretta","estinzione animali","paolo casala","tartaruga","Wwf","wwf italia"],"articleSection":["Quattro zampe"],"inLanguage":"it-IT","potentialAction":[{"@type":"CommentAction","name":"Comment","target":["https:\/\/web.quotidianopiemontese.it\/quattrozampeedintorni\/allarme-wwf-a-rischio-estinzione-la-tartaruga-italiana\/#respond"]}]},{"@type":"WebPage","@id":"https:\/\/web.quotidianopiemontese.it\/quattrozampeedintorni\/allarme-wwf-a-rischio-estinzione-la-tartaruga-italiana\/","url":"https:\/\/web.quotidianopiemontese.it\/quattrozampeedintorni\/allarme-wwf-a-rischio-estinzione-la-tartaruga-italiana\/","name":"Allarme Wwf. A rischio estinzione la \"tartaruga italiana\" - Quattro zampe e dintorni","isPartOf":{"@id":"http:\/\/web.quotidianopiemontese.it\/quattrozampeedintorni\/#website"},"primaryImageOfPage":{"@id":"https:\/\/web.quotidianopiemontese.it\/quattrozampeedintorni\/allarme-wwf-a-rischio-estinzione-la-tartaruga-italiana\/#primaryimage"},"image":{"@id":"https:\/\/web.quotidianopiemontese.it\/quattrozampeedintorni\/allarme-wwf-a-rischio-estinzione-la-tartaruga-italiana\/#primaryimage"},"thumbnailUrl":"https:\/\/web.quotidianopiemontese.it\/quattrozampeedintorni\/files\/2013\/03\/tartaruga-caretta.jpg","datePublished":"2013-03-20T04:28:38+00:00","dateModified":"2013-03-20T08:53:25+00:00","author":{"@id":"http:\/\/web.quotidianopiemontese.it\/quattrozampeedintorni\/#\/schema\/person\/1f141d61659bc85e6224aa454a674fce"},"description":"Si chiama \u201cCaretta caretta\u201d ed \u00e8 la tartaruga marina pi\u00f9 comune e vive in Italia, ma fino a quando potr\u00e0 continuare a vivere nel Bel Paese ancora non si","breadcrumb":{"@id":"https:\/\/web.quotidianopiemontese.it\/quattrozampeedintorni\/allarme-wwf-a-rischio-estinzione-la-tartaruga-italiana\/#breadcrumb"},"inLanguage":"it-IT","potentialAction":[{"@type":"ReadAction","target":["https:\/\/web.quotidianopiemontese.it\/quattrozampeedintorni\/allarme-wwf-a-rischio-estinzione-la-tartaruga-italiana\/"]}]},{"@type":"ImageObject","inLanguage":"it-IT","@id":"https:\/\/web.quotidianopiemontese.it\/quattrozampeedintorni\/allarme-wwf-a-rischio-estinzione-la-tartaruga-italiana\/#primaryimage","url":"https:\/\/web.quotidianopiemontese.it\/quattrozampeedintorni\/files\/2013\/03\/tartaruga-caretta.jpg","contentUrl":"https:\/\/web.quotidianopiemontese.it\/quattrozampeedintorni\/files\/2013\/03\/tartaruga-caretta.jpg","width":662,"height":488},{"@type":"BreadcrumbList","@id":"https:\/\/web.quotidianopiemontese.it\/quattrozampeedintorni\/allarme-wwf-a-rischio-estinzione-la-tartaruga-italiana\/#breadcrumb","itemListElement":[{"@type":"ListItem","position":1,"name":"Home","item":"http:\/\/web.quotidianopiemontese.it\/quattrozampeedintorni\/"},{"@type":"ListItem","position":2,"name":"Allarme Wwf. A rischio estinzione la &#8220;tartaruga italiana&#8221;"}]},{"@type":"WebSite","@id":"http:\/\/web.quotidianopiemontese.it\/quattrozampeedintorni\/#website","url":"http:\/\/web.quotidianopiemontese.it\/quattrozampeedintorni\/","name":"Quattro zampe e dintorni","description":"Quotidiano Piemontese","potentialAction":[{"@type":"SearchAction","target":{"@type":"EntryPoint","urlTemplate":"http:\/\/web.quotidianopiemontese.it\/quattrozampeedintorni\/?s={search_term_string}"},"query-input":{"@type":"PropertyValueSpecification","valueRequired":true,"valueName":"search_term_string"}}],"inLanguage":"it-IT"},{"@type":"Person","@id":"http:\/\/web.quotidianopiemontese.it\/quattrozampeedintorni\/#\/schema\/person\/1f141d61659bc85e6224aa454a674fce","name":"Monica Genovese","image":{"@type":"ImageObject","inLanguage":"it-IT","@id":"http:\/\/web.quotidianopiemontese.it\/quattrozampeedintorni\/#\/schema\/person\/image\/","url":"https:\/\/secure.gravatar.com\/avatar\/4f761872600586f65aa3bdf1aa468da21a45fc1b4c03a7a41b5684ad9b3fb650?s=96&d=mm&r=g","contentUrl":"https:\/\/secure.gravatar.com\/avatar\/4f761872600586f65aa3bdf1aa468da21a45fc1b4c03a7a41b5684ad9b3fb650?s=96&d=mm&r=g","caption":"Monica Genovese"},"sameAs":["https:\/\/x.com\/Monica_Genovese"],"url":"https:\/\/web.quotidianopiemontese.it\/quattrozampeedintorni\/author\/monica-genovese\/"}]}},"_links":{"self":[{"href":"https:\/\/web.quotidianopiemontese.it\/quattrozampeedintorni\/wp-json\/wp\/v2\/posts\/916","targetHints":{"allow":["GET"]}}],"collection":[{"href":"https:\/\/web.quotidianopiemontese.it\/quattrozampeedintorni\/wp-json\/wp\/v2\/posts"}],"about":[{"href":"https:\/\/web.quotidianopiemontese.it\/quattrozampeedintorni\/wp-json\/wp\/v2\/types\/post"}],"author":[{"embeddable":true,"href":"https:\/\/web.quotidianopiemontese.it\/quattrozampeedintorni\/wp-json\/wp\/v2\/users\/46"}],"replies":[{"embeddable":true,"href":"https:\/\/web.quotidianopiemontese.it\/quattrozampeedintorni\/wp-json\/wp\/v2\/comments?post=916"}],"version-history":[{"count":0,"href":"https:\/\/web.quotidianopiemontese.it\/quattrozampeedintorni\/wp-json\/wp\/v2\/posts\/916\/revisions"}],"wp:featuredmedia":[{"embeddable":true,"href":"https:\/\/web.quotidianopiemontese.it\/quattrozampeedintorni\/wp-json\/wp\/v2\/media\/917"}],"wp:attachment":[{"href":"https:\/\/web.quotidianopiemontese.it\/quattrozampeedintorni\/wp-json\/wp\/v2\/media?parent=916"}],"wp:term":[{"taxonomy":"category","embeddable":true,"href":"https:\/\/web.quotidianopiemontese.it\/quattrozampeedintorni\/wp-json\/wp\/v2\/categories?post=916"},{"taxonomy":"post_tag","embeddable":true,"href":"https:\/\/web.quotidianopiemontese.it\/quattrozampeedintorni\/wp-json\/wp\/v2\/tags?post=916"}],"curies":[{"name":"wp","href":"https:\/\/api.w.org\/{rel}","templated":true}]}}