{"id":799,"date":"2013-02-06T06:00:03","date_gmt":"2013-02-06T05:00:03","guid":{"rendered":"http:\/\/www.quotidianopiemontese.it\/quattrozampeedintorni\/?p=799"},"modified":"2013-02-06T10:52:44","modified_gmt":"2013-02-06T09:52:44","slug":"shiva-il-collie-diverso-racconto-di-tiziana-boin","status":"publish","type":"post","link":"https:\/\/web.quotidianopiemontese.it\/quattrozampeedintorni\/shiva-il-collie-diverso-racconto-di-tiziana-boin\/","title":{"rendered":"Shiva, il &#8220;collie diverso&#8221;. Racconto di Tiziana Boin"},"content":{"rendered":"<figure id=\"attachment_800\" aria-describedby=\"caption-attachment-800\" style=\"width: 150px\" class=\"wp-caption alignright\"><a href=\"http:\/\/www.quotidianopiemontese.it\/quattrozampeedintorni\/2013\/02\/06\/shiva-il-collie-diverso-racconto-di-tiziana-boin\/shiva\/\" rel=\"attachment wp-att-800\"><img loading=\"lazy\" decoding=\"async\" class=\"size-thumbnail wp-image-800\" alt=\"Shiva e Mela\" src=\"http:\/\/www.quotidianopiemontese.it\/quattrozampeedintorni\/files\/2013\/01\/Shiva-150x150.jpg\" width=\"150\" height=\"150\" srcset=\"https:\/\/web.quotidianopiemontese.it\/quattrozampeedintorni\/files\/2013\/01\/Shiva-150x150.jpg 150w, https:\/\/web.quotidianopiemontese.it\/quattrozampeedintorni\/files\/2013\/01\/Shiva-120x120.jpg 120w\" sizes=\"auto, (max-width: 150px) 85vw, 150px\" \/><\/a><figcaption id=\"caption-attachment-800\" class=\"wp-caption-text\">Shiva e Mela<\/figcaption><\/figure>\n<p>La redazione di &#8220;Quattro zampe e dintorni&#8221; vi propone, con piacere, il racconto, dolce e commovente, di una delle nostre lettrici che ha partecipato al<a href=\"http:\/\/www.quotidianopiemontese.it\/quattrozampeedintorni\/2012\/12\/18\/concorso-per-lettori-raccontateci-di-voi-e-del-vostro-animale-e-verrete-pubblicati\/#.UPprIWcn4UE\"> mini contest<\/a>, concorso per lettori, felici proprietari di animali domestici, lanciato da Quotidiano Piemontese per raccontare il rapporto speciale tra bipedi e quattro zampe. Dopo aver letto tutte le storie pervenute alla nostra mail entro la data stabilita, abbiamo scelto quella di Shiva e della sua proprietaria, autrice di questo racconto, Tiziana Boin di Racconigi, in provincia di Cuneo. Complimenti a Tiziana e grazie da tutti noi, umani e non.<!--more-->La protagonista di questa storia \u00e8 Shiva, una femmina di misto collie che \u00e8 ormai parte della mia famiglia da 11 anni. Ricordo ancora il giorno in cui andai a prenderla in una cascina nelle campagne del mio paese. Era piccola, spaventata e ricoperta di pulci; abbandonata con noncuranza da un signore che sperava di disfarsene presto, perch\u00e9 nata diversa dai suoi fratelli, pi\u00f9 simile a una meticcia.<\/p>\n<p>Nonostante tutte le cure e l\u2019affetto ricevuto, nei primi anni della sua vita Shiva ha sempre mantenuto un\u2019ombra, un carattere docile ma pieno di paura verso qualsiasi rumore o esperienza nuova che la esortasse a mettersi in gioco. Non era l\u2019immagine del cucciolo che va a riprendere la palla o guaisce quando si sente sola; lei ti veniva vicino in silenzio, quasi pensando di non meritare quanto le veniva dato.<\/p>\n<p>Aveva per\u00f2 la sua \u201cmamma\u201d, Sofia, una misto border collie recuperata all\u2019et\u00e0 di 9 anni da un canile della zona. Fu grazie al suo grande istinto materno che Shiva riusc\u00ec a crescere, e a conoscere le gioie ed il valore della compagnia. Furono anni spensierati per le mie due cagnolone. Shiva aveva sempre le sue piccole paure dei temporali, ma finalmente guardandola negli occhi, era ormai difficile scorgere quella timidezza che aveva contraddistinto i primi anni della sua vita. Tutto dur\u00f2 9 lunghi anni, fino al giorno in cui Sofia si spense, all\u2019et\u00e0 di 18 anni. Fu uno dei momenti pi\u00f9 brutti della mia vita, avevo creduto per settimane di essere pronta a perderla, ma davanti alla vita non c\u2019\u00e8 mai modo di essere pronti\u00a0 per davvero. Per Shiva fu una perdita ancora pi\u00f9 grave.\u00a0 Aveva perso la sua \u201cmamma\u201d, la sua compagna di giochi, aveva perso tutto.<\/p>\n<p>In un attimo i suoi occhi\u00a0 si spensero; la vivacit\u00e0 che aveva cos\u00ec faticosamente acquisito, si dissolse e guardarla affrontare la sua perdita, fu qualcosa di straziante per tutta la famiglia. Fu cos\u00ec, che 4 mesi pi\u00f9 tardi, io e mia sorella decidemmo di cercare per lei una compagna. Un proposito difficile, visto che Shiva era diffidente con tutti i suoi simili.<\/p>\n<p>Ma decidemmo ugualmente di cercare. E in una cucciolata, trovammo Mela, uno scricciolino di appena un mese. Quando la portammo a casa, era grossa come una zampa di Shiva ed i primi giorni quest\u2019ultima reag\u00ec con completo disinteresse. L\u2019averla portata a casa ci sembr\u00f2 un errore, finch\u00e9 un giorno, poche settimane pi\u00f9 tardi, non le trovammo insieme nella cuccia, a coccolarsi e a guardarsi con curiosit\u00e0. Inutile dire che Mela scambi\u00f2 Shiva per la mamma, e quest\u2019ultima, pur non avendo mai avuto cuccioli, si fece venire il latte per poterla allattare. Ormai sono passati due anni da quel giorno, due anni di coccole, dispetti e liti, perch\u00e9 chi si vuole bene litiga, ma sa anche far pace.<\/p>\n<p>Shiva non \u00e8 invecchiata di un giorno da allora, anzi, mio padre giura di vederla ringiovanita, e forse \u00e8 davvero cos\u00ec.\u00a0 Affacciandomi alla finestra, le posso vedere prendere il sole insieme. La riconoscenza, l\u2019affetto, tutto tra cane e padrone, passa attraverso quello stretto canale di emozioni\u00a0 che risiede nello sguardo. Si comunica con gli occhi e con il cuore. Ricordate questo, ogni volta che guardate il vostro cane, dedicategli il tempo necessario, prendetevene cura e ci\u00f2 che riceverete in cambio, sar\u00e0 per voi un regalo, non per una stagione, ma per la vita.<\/p>\n","protected":false},"excerpt":{"rendered":"<p>La redazione di &#8220;Quattro zampe e dintorni&#8221; vi propone, con piacere, il racconto, dolce e commovente, di una delle nostre lettrici che ha partecipato al mini contest, concorso per lettori, felici proprietari di animali domestici, lanciato da Quotidiano Piemontese per raccontare il rapporto speciale tra bipedi e quattro zampe. Dopo aver letto tutte le storie &hellip; <a href=\"https:\/\/web.quotidianopiemontese.it\/quattrozampeedintorni\/shiva-il-collie-diverso-racconto-di-tiziana-boin\/\" class=\"more-link\">Leggi tutto<span class=\"screen-reader-text\"> &#8220;Shiva, il &#8220;collie diverso&#8221;. Racconto di Tiziana Boin&#8221;<\/span><\/a><\/p>\n","protected":false},"author":46,"featured_media":800,"comment_status":"open","ping_status":"closed","sticky":false,"template":"","format":"standard","meta":{"footnotes":""},"categories":[1],"tags":[371,623,21,625,22,627,306,626,624],"class_list":["post-799","post","type-post","status-publish","format-standard","has-post-thumbnail","hentry","category-quattro-zampe","tag-abbandono-cani","tag-adozioni-cani","tag-cani","tag-collie","tag-gatti","tag-meticcio","tag-racconigi","tag-shiva","tag-tiziana-boin"],"yoast_head":"<!-- This site is optimized with the Yoast SEO plugin v27.1.1 - https:\/\/yoast.com\/product\/yoast-seo-wordpress\/ -->\n<title>Shiva, il &quot;collie diverso&quot;. Racconto di Tiziana Boin - Quattro zampe e dintorni<\/title>\n<meta name=\"description\" content=\"La redazione di &quot;Quattro zampe e dintorni&quot; vi propone, con piacere, il racconto, dolce e commovente, di una delle nostre lettrici che ha partecipato al\" \/>\n<meta name=\"robots\" content=\"index, follow, max-snippet:-1, max-image-preview:large, max-video-preview:-1\" \/>\n<link rel=\"canonical\" href=\"https:\/\/web.quotidianopiemontese.it\/quattrozampeedintorni\/shiva-il-collie-diverso-racconto-di-tiziana-boin\/\" \/>\n<meta property=\"og:locale\" content=\"it_IT\" \/>\n<meta property=\"og:type\" content=\"article\" \/>\n<meta property=\"og:title\" content=\"Shiva, il &quot;collie diverso&quot;. Racconto di Tiziana Boin - Quattro zampe e dintorni\" \/>\n<meta property=\"og:description\" content=\"La redazione di &quot;Quattro zampe e dintorni&quot; vi propone, con piacere, il racconto, dolce e commovente, di una delle nostre lettrici che ha partecipato al\" \/>\n<meta property=\"og:url\" content=\"https:\/\/web.quotidianopiemontese.it\/quattrozampeedintorni\/shiva-il-collie-diverso-racconto-di-tiziana-boin\/\" \/>\n<meta property=\"og:site_name\" content=\"Quattro zampe e dintorni\" \/>\n<meta property=\"article:publisher\" content=\"https:\/\/www.facebook.com\/quotidianopiemontese?fref=ts\" \/>\n<meta property=\"article:published_time\" content=\"2013-02-06T05:00:03+00:00\" \/>\n<meta property=\"article:modified_time\" content=\"2013-02-06T09:52:44+00:00\" \/>\n<meta property=\"og:image\" content=\"https:\/\/web.quotidianopiemontese.it\/quattrozampeedintorni\/files\/2013\/01\/Shiva.jpg\" \/>\n\t<meta property=\"og:image:width\" content=\"2048\" \/>\n\t<meta property=\"og:image:height\" content=\"1536\" \/>\n\t<meta property=\"og:image:type\" content=\"image\/jpeg\" \/>\n<meta name=\"author\" content=\"Monica Genovese\" \/>\n<meta name=\"twitter:label1\" content=\"Scritto da\" \/>\n\t<meta name=\"twitter:data1\" content=\"Monica Genovese\" \/>\n\t<meta name=\"twitter:label2\" content=\"Tempo di lettura stimato\" \/>\n\t<meta name=\"twitter:data2\" content=\"3 minuti\" \/>\n<script type=\"application\/ld+json\" class=\"yoast-schema-graph\">{\"@context\":\"https:\/\/schema.org\",\"@graph\":[{\"@type\":\"Article\",\"@id\":\"https:\/\/web.quotidianopiemontese.it\/quattrozampeedintorni\/shiva-il-collie-diverso-racconto-di-tiziana-boin\/#article\",\"isPartOf\":{\"@id\":\"https:\/\/web.quotidianopiemontese.it\/quattrozampeedintorni\/shiva-il-collie-diverso-racconto-di-tiziana-boin\/\"},\"author\":{\"name\":\"Monica Genovese\",\"@id\":\"http:\/\/web.quotidianopiemontese.it\/quattrozampeedintorni\/#\/schema\/person\/1f141d61659bc85e6224aa454a674fce\"},\"headline\":\"Shiva, il &#8220;collie diverso&#8221;. Racconto di Tiziana Boin\",\"datePublished\":\"2013-02-06T05:00:03+00:00\",\"dateModified\":\"2013-02-06T09:52:44+00:00\",\"mainEntityOfPage\":{\"@id\":\"https:\/\/web.quotidianopiemontese.it\/quattrozampeedintorni\/shiva-il-collie-diverso-racconto-di-tiziana-boin\/\"},\"wordCount\":671,\"commentCount\":0,\"image\":{\"@id\":\"https:\/\/web.quotidianopiemontese.it\/quattrozampeedintorni\/shiva-il-collie-diverso-racconto-di-tiziana-boin\/#primaryimage\"},\"thumbnailUrl\":\"https:\/\/web.quotidianopiemontese.it\/quattrozampeedintorni\/files\/2013\/01\/Shiva.jpg\",\"keywords\":[\"abbandono cani\",\"adozioni cani\",\"cani\",\"collie\",\"gatti\",\"meticcio\",\"Racconigi\",\"shiva\",\"tiziana boin\"],\"articleSection\":[\"Quattro zampe\"],\"inLanguage\":\"it-IT\",\"potentialAction\":[{\"@type\":\"CommentAction\",\"name\":\"Comment\",\"target\":[\"https:\/\/web.quotidianopiemontese.it\/quattrozampeedintorni\/shiva-il-collie-diverso-racconto-di-tiziana-boin\/#respond\"]}]},{\"@type\":\"WebPage\",\"@id\":\"https:\/\/web.quotidianopiemontese.it\/quattrozampeedintorni\/shiva-il-collie-diverso-racconto-di-tiziana-boin\/\",\"url\":\"https:\/\/web.quotidianopiemontese.it\/quattrozampeedintorni\/shiva-il-collie-diverso-racconto-di-tiziana-boin\/\",\"name\":\"Shiva, il \\\"collie diverso\\\". Racconto di Tiziana Boin - Quattro zampe e dintorni\",\"isPartOf\":{\"@id\":\"http:\/\/web.quotidianopiemontese.it\/quattrozampeedintorni\/#website\"},\"primaryImageOfPage\":{\"@id\":\"https:\/\/web.quotidianopiemontese.it\/quattrozampeedintorni\/shiva-il-collie-diverso-racconto-di-tiziana-boin\/#primaryimage\"},\"image\":{\"@id\":\"https:\/\/web.quotidianopiemontese.it\/quattrozampeedintorni\/shiva-il-collie-diverso-racconto-di-tiziana-boin\/#primaryimage\"},\"thumbnailUrl\":\"https:\/\/web.quotidianopiemontese.it\/quattrozampeedintorni\/files\/2013\/01\/Shiva.jpg\",\"datePublished\":\"2013-02-06T05:00:03+00:00\",\"dateModified\":\"2013-02-06T09:52:44+00:00\",\"author\":{\"@id\":\"http:\/\/web.quotidianopiemontese.it\/quattrozampeedintorni\/#\/schema\/person\/1f141d61659bc85e6224aa454a674fce\"},\"description\":\"La redazione di \\\"Quattro zampe e dintorni\\\" vi propone, con piacere, il racconto, dolce e commovente, di una delle nostre lettrici che ha partecipato al\",\"breadcrumb\":{\"@id\":\"https:\/\/web.quotidianopiemontese.it\/quattrozampeedintorni\/shiva-il-collie-diverso-racconto-di-tiziana-boin\/#breadcrumb\"},\"inLanguage\":\"it-IT\",\"potentialAction\":[{\"@type\":\"ReadAction\",\"target\":[\"https:\/\/web.quotidianopiemontese.it\/quattrozampeedintorni\/shiva-il-collie-diverso-racconto-di-tiziana-boin\/\"]}]},{\"@type\":\"ImageObject\",\"inLanguage\":\"it-IT\",\"@id\":\"https:\/\/web.quotidianopiemontese.it\/quattrozampeedintorni\/shiva-il-collie-diverso-racconto-di-tiziana-boin\/#primaryimage\",\"url\":\"https:\/\/web.quotidianopiemontese.it\/quattrozampeedintorni\/files\/2013\/01\/Shiva.jpg\",\"contentUrl\":\"https:\/\/web.quotidianopiemontese.it\/quattrozampeedintorni\/files\/2013\/01\/Shiva.jpg\",\"width\":2048,\"height\":1536,\"caption\":\"Shiva e Mela\"},{\"@type\":\"BreadcrumbList\",\"@id\":\"https:\/\/web.quotidianopiemontese.it\/quattrozampeedintorni\/shiva-il-collie-diverso-racconto-di-tiziana-boin\/#breadcrumb\",\"itemListElement\":[{\"@type\":\"ListItem\",\"position\":1,\"name\":\"Home\",\"item\":\"http:\/\/web.quotidianopiemontese.it\/quattrozampeedintorni\/\"},{\"@type\":\"ListItem\",\"position\":2,\"name\":\"Shiva, il &#8220;collie diverso&#8221;. Racconto di Tiziana Boin\"}]},{\"@type\":\"WebSite\",\"@id\":\"http:\/\/web.quotidianopiemontese.it\/quattrozampeedintorni\/#website\",\"url\":\"http:\/\/web.quotidianopiemontese.it\/quattrozampeedintorni\/\",\"name\":\"Quattro zampe e dintorni\",\"description\":\"Quotidiano Piemontese\",\"potentialAction\":[{\"@type\":\"SearchAction\",\"target\":{\"@type\":\"EntryPoint\",\"urlTemplate\":\"http:\/\/web.quotidianopiemontese.it\/quattrozampeedintorni\/?s={search_term_string}\"},\"query-input\":{\"@type\":\"PropertyValueSpecification\",\"valueRequired\":true,\"valueName\":\"search_term_string\"}}],\"inLanguage\":\"it-IT\"},{\"@type\":\"Person\",\"@id\":\"http:\/\/web.quotidianopiemontese.it\/quattrozampeedintorni\/#\/schema\/person\/1f141d61659bc85e6224aa454a674fce\",\"name\":\"Monica Genovese\",\"image\":{\"@type\":\"ImageObject\",\"inLanguage\":\"it-IT\",\"@id\":\"http:\/\/web.quotidianopiemontese.it\/quattrozampeedintorni\/#\/schema\/person\/image\/\",\"url\":\"https:\/\/secure.gravatar.com\/avatar\/4f761872600586f65aa3bdf1aa468da21a45fc1b4c03a7a41b5684ad9b3fb650?s=96&d=mm&r=g\",\"contentUrl\":\"https:\/\/secure.gravatar.com\/avatar\/4f761872600586f65aa3bdf1aa468da21a45fc1b4c03a7a41b5684ad9b3fb650?s=96&d=mm&r=g\",\"caption\":\"Monica Genovese\"},\"sameAs\":[\"https:\/\/x.com\/Monica_Genovese\"],\"url\":\"https:\/\/web.quotidianopiemontese.it\/quattrozampeedintorni\/author\/monica-genovese\/\"}]}<\/script>\n<!-- \/ Yoast SEO plugin. -->","yoast_head_json":{"title":"Shiva, il \"collie diverso\". Racconto di Tiziana Boin - Quattro zampe e dintorni","description":"La redazione di \"Quattro zampe e dintorni\" vi propone, con piacere, il racconto, dolce e commovente, di una delle nostre lettrici che ha partecipato al","robots":{"index":"index","follow":"follow","max-snippet":"max-snippet:-1","max-image-preview":"max-image-preview:large","max-video-preview":"max-video-preview:-1"},"canonical":"https:\/\/web.quotidianopiemontese.it\/quattrozampeedintorni\/shiva-il-collie-diverso-racconto-di-tiziana-boin\/","og_locale":"it_IT","og_type":"article","og_title":"Shiva, il \"collie diverso\". Racconto di Tiziana Boin - Quattro zampe e dintorni","og_description":"La redazione di \"Quattro zampe e dintorni\" vi propone, con piacere, il racconto, dolce e commovente, di una delle nostre lettrici che ha partecipato al","og_url":"https:\/\/web.quotidianopiemontese.it\/quattrozampeedintorni\/shiva-il-collie-diverso-racconto-di-tiziana-boin\/","og_site_name":"Quattro zampe e dintorni","article_publisher":"https:\/\/www.facebook.com\/quotidianopiemontese?fref=ts","article_published_time":"2013-02-06T05:00:03+00:00","article_modified_time":"2013-02-06T09:52:44+00:00","og_image":[{"width":2048,"height":1536,"url":"https:\/\/web.quotidianopiemontese.it\/quattrozampeedintorni\/files\/2013\/01\/Shiva.jpg","type":"image\/jpeg"}],"author":"Monica Genovese","twitter_misc":{"Scritto da":"Monica Genovese","Tempo di lettura stimato":"3 minuti"},"schema":{"@context":"https:\/\/schema.org","@graph":[{"@type":"Article","@id":"https:\/\/web.quotidianopiemontese.it\/quattrozampeedintorni\/shiva-il-collie-diverso-racconto-di-tiziana-boin\/#article","isPartOf":{"@id":"https:\/\/web.quotidianopiemontese.it\/quattrozampeedintorni\/shiva-il-collie-diverso-racconto-di-tiziana-boin\/"},"author":{"name":"Monica Genovese","@id":"http:\/\/web.quotidianopiemontese.it\/quattrozampeedintorni\/#\/schema\/person\/1f141d61659bc85e6224aa454a674fce"},"headline":"Shiva, il &#8220;collie diverso&#8221;. Racconto di Tiziana Boin","datePublished":"2013-02-06T05:00:03+00:00","dateModified":"2013-02-06T09:52:44+00:00","mainEntityOfPage":{"@id":"https:\/\/web.quotidianopiemontese.it\/quattrozampeedintorni\/shiva-il-collie-diverso-racconto-di-tiziana-boin\/"},"wordCount":671,"commentCount":0,"image":{"@id":"https:\/\/web.quotidianopiemontese.it\/quattrozampeedintorni\/shiva-il-collie-diverso-racconto-di-tiziana-boin\/#primaryimage"},"thumbnailUrl":"https:\/\/web.quotidianopiemontese.it\/quattrozampeedintorni\/files\/2013\/01\/Shiva.jpg","keywords":["abbandono cani","adozioni cani","cani","collie","gatti","meticcio","Racconigi","shiva","tiziana boin"],"articleSection":["Quattro zampe"],"inLanguage":"it-IT","potentialAction":[{"@type":"CommentAction","name":"Comment","target":["https:\/\/web.quotidianopiemontese.it\/quattrozampeedintorni\/shiva-il-collie-diverso-racconto-di-tiziana-boin\/#respond"]}]},{"@type":"WebPage","@id":"https:\/\/web.quotidianopiemontese.it\/quattrozampeedintorni\/shiva-il-collie-diverso-racconto-di-tiziana-boin\/","url":"https:\/\/web.quotidianopiemontese.it\/quattrozampeedintorni\/shiva-il-collie-diverso-racconto-di-tiziana-boin\/","name":"Shiva, il \"collie diverso\". Racconto di Tiziana Boin - Quattro zampe e dintorni","isPartOf":{"@id":"http:\/\/web.quotidianopiemontese.it\/quattrozampeedintorni\/#website"},"primaryImageOfPage":{"@id":"https:\/\/web.quotidianopiemontese.it\/quattrozampeedintorni\/shiva-il-collie-diverso-racconto-di-tiziana-boin\/#primaryimage"},"image":{"@id":"https:\/\/web.quotidianopiemontese.it\/quattrozampeedintorni\/shiva-il-collie-diverso-racconto-di-tiziana-boin\/#primaryimage"},"thumbnailUrl":"https:\/\/web.quotidianopiemontese.it\/quattrozampeedintorni\/files\/2013\/01\/Shiva.jpg","datePublished":"2013-02-06T05:00:03+00:00","dateModified":"2013-02-06T09:52:44+00:00","author":{"@id":"http:\/\/web.quotidianopiemontese.it\/quattrozampeedintorni\/#\/schema\/person\/1f141d61659bc85e6224aa454a674fce"},"description":"La redazione di \"Quattro zampe e dintorni\" vi propone, con piacere, il racconto, dolce e commovente, di una delle nostre lettrici che ha partecipato al","breadcrumb":{"@id":"https:\/\/web.quotidianopiemontese.it\/quattrozampeedintorni\/shiva-il-collie-diverso-racconto-di-tiziana-boin\/#breadcrumb"},"inLanguage":"it-IT","potentialAction":[{"@type":"ReadAction","target":["https:\/\/web.quotidianopiemontese.it\/quattrozampeedintorni\/shiva-il-collie-diverso-racconto-di-tiziana-boin\/"]}]},{"@type":"ImageObject","inLanguage":"it-IT","@id":"https:\/\/web.quotidianopiemontese.it\/quattrozampeedintorni\/shiva-il-collie-diverso-racconto-di-tiziana-boin\/#primaryimage","url":"https:\/\/web.quotidianopiemontese.it\/quattrozampeedintorni\/files\/2013\/01\/Shiva.jpg","contentUrl":"https:\/\/web.quotidianopiemontese.it\/quattrozampeedintorni\/files\/2013\/01\/Shiva.jpg","width":2048,"height":1536,"caption":"Shiva e Mela"},{"@type":"BreadcrumbList","@id":"https:\/\/web.quotidianopiemontese.it\/quattrozampeedintorni\/shiva-il-collie-diverso-racconto-di-tiziana-boin\/#breadcrumb","itemListElement":[{"@type":"ListItem","position":1,"name":"Home","item":"http:\/\/web.quotidianopiemontese.it\/quattrozampeedintorni\/"},{"@type":"ListItem","position":2,"name":"Shiva, il &#8220;collie diverso&#8221;. Racconto di Tiziana Boin"}]},{"@type":"WebSite","@id":"http:\/\/web.quotidianopiemontese.it\/quattrozampeedintorni\/#website","url":"http:\/\/web.quotidianopiemontese.it\/quattrozampeedintorni\/","name":"Quattro zampe e dintorni","description":"Quotidiano Piemontese","potentialAction":[{"@type":"SearchAction","target":{"@type":"EntryPoint","urlTemplate":"http:\/\/web.quotidianopiemontese.it\/quattrozampeedintorni\/?s={search_term_string}"},"query-input":{"@type":"PropertyValueSpecification","valueRequired":true,"valueName":"search_term_string"}}],"inLanguage":"it-IT"},{"@type":"Person","@id":"http:\/\/web.quotidianopiemontese.it\/quattrozampeedintorni\/#\/schema\/person\/1f141d61659bc85e6224aa454a674fce","name":"Monica Genovese","image":{"@type":"ImageObject","inLanguage":"it-IT","@id":"http:\/\/web.quotidianopiemontese.it\/quattrozampeedintorni\/#\/schema\/person\/image\/","url":"https:\/\/secure.gravatar.com\/avatar\/4f761872600586f65aa3bdf1aa468da21a45fc1b4c03a7a41b5684ad9b3fb650?s=96&d=mm&r=g","contentUrl":"https:\/\/secure.gravatar.com\/avatar\/4f761872600586f65aa3bdf1aa468da21a45fc1b4c03a7a41b5684ad9b3fb650?s=96&d=mm&r=g","caption":"Monica Genovese"},"sameAs":["https:\/\/x.com\/Monica_Genovese"],"url":"https:\/\/web.quotidianopiemontese.it\/quattrozampeedintorni\/author\/monica-genovese\/"}]}},"_links":{"self":[{"href":"https:\/\/web.quotidianopiemontese.it\/quattrozampeedintorni\/wp-json\/wp\/v2\/posts\/799","targetHints":{"allow":["GET"]}}],"collection":[{"href":"https:\/\/web.quotidianopiemontese.it\/quattrozampeedintorni\/wp-json\/wp\/v2\/posts"}],"about":[{"href":"https:\/\/web.quotidianopiemontese.it\/quattrozampeedintorni\/wp-json\/wp\/v2\/types\/post"}],"author":[{"embeddable":true,"href":"https:\/\/web.quotidianopiemontese.it\/quattrozampeedintorni\/wp-json\/wp\/v2\/users\/46"}],"replies":[{"embeddable":true,"href":"https:\/\/web.quotidianopiemontese.it\/quattrozampeedintorni\/wp-json\/wp\/v2\/comments?post=799"}],"version-history":[{"count":0,"href":"https:\/\/web.quotidianopiemontese.it\/quattrozampeedintorni\/wp-json\/wp\/v2\/posts\/799\/revisions"}],"wp:featuredmedia":[{"embeddable":true,"href":"https:\/\/web.quotidianopiemontese.it\/quattrozampeedintorni\/wp-json\/wp\/v2\/media\/800"}],"wp:attachment":[{"href":"https:\/\/web.quotidianopiemontese.it\/quattrozampeedintorni\/wp-json\/wp\/v2\/media?parent=799"}],"wp:term":[{"taxonomy":"category","embeddable":true,"href":"https:\/\/web.quotidianopiemontese.it\/quattrozampeedintorni\/wp-json\/wp\/v2\/categories?post=799"},{"taxonomy":"post_tag","embeddable":true,"href":"https:\/\/web.quotidianopiemontese.it\/quattrozampeedintorni\/wp-json\/wp\/v2\/tags?post=799"}],"curies":[{"name":"wp","href":"https:\/\/api.w.org\/{rel}","templated":true}]}}