{"id":666,"date":"2012-11-29T05:16:16","date_gmt":"2012-11-29T04:16:16","guid":{"rendered":"http:\/\/www.quotidianopiemontese.it\/quattrozampeedintorni\/?p=666"},"modified":"2012-11-28T09:57:58","modified_gmt":"2012-11-28T08:57:58","slug":"il-trofeo-di-caccia-di-carlos-delgado-testicoli-di-cervo-in-testa","status":"publish","type":"post","link":"https:\/\/web.quotidianopiemontese.it\/quattrozampeedintorni\/il-trofeo-di-caccia-di-carlos-delgado-testicoli-di-cervo-in-testa\/","title":{"rendered":"Il trofeo di caccia di Carlos Delgado: testicoli di cervo in testa"},"content":{"rendered":"<figure id=\"attachment_667\" aria-describedby=\"caption-attachment-667\" style=\"width: 300px\" class=\"wp-caption alignright\"><a href=\"http:\/\/www.quotidianopiemontese.it\/quattrozampeedintorni\/files\/2012\/11\/carlos_delgado_testicoli_cervo.jpg\"><img loading=\"lazy\" decoding=\"async\" class=\"size-medium wp-image-667\" src=\"http:\/\/www.quotidianopiemontese.it\/quattrozampeedintorni\/files\/2012\/11\/carlos_delgado_testicoli_cervo-300x169.jpg\" alt=\"\" width=\"300\" height=\"169\" srcset=\"https:\/\/web.quotidianopiemontese.it\/quattrozampeedintorni\/files\/2012\/11\/carlos_delgado_testicoli_cervo-300x169.jpg 300w, https:\/\/web.quotidianopiemontese.it\/quattrozampeedintorni\/files\/2012\/11\/carlos_delgado_testicoli_cervo.jpg 500w\" sizes=\"auto, (max-width: 300px) 85vw, 300px\" \/><\/a><figcaption id=\"caption-attachment-667\" class=\"wp-caption-text\">Carlos Delgado<\/figcaption><\/figure>\n<p>Quando si dice: cosa si \u00e8 messo in testa! E in tal caso la testa \u00e8 quella di Carlos Delgado,\u00a0politico spagnolo, ex sindaco di\u00a0Calvi\u00e0,\u00a0ministro del Turismo per le isole Baleari e gli oggetti &#8211; se tali si possono definire &#8211; sul suo capo, sono i testicoli di un cervo morto. Delgado si \u00e8 bellamente fatto fotografare durante una battuta di caccia a Toledo. Lui, in piedi, fiero, sorridente, armato e il cadavere dell&#8217;animale, appena ucciso, sotto i suoi stivali. In testa, appunto, le palle della bestiola che grondano ancora sangue caldo che gli cola sulla faccia! Un trofeo di dubbio gusto. Sebbene gli scatti risalgano all&#8217;anno scorso, stanno facendo il giro del mondo, anche quello web, solo da pochi giorni, in seguito alla pubblicazione sul quotidiano\u00a0maiorchino <a href=\"http:\/\/ultimahora.es\/mallorca\/noticia\/noticias\/local\/govern-admite-fotografia-delgado-puede-haber-afectado-imagen-del-conseller.html\">\u00daltima Hora<\/a>.<!--more-->Inutile dire che animalisti e attivisti si sono lanciati in una aspra campagna contro Delgado e, altrettanto inutile \u00e8 dire che, al di la&#8217; della ferocia della caccia, sport che tale non \u00e8, a mio avviso, questa vicenda \u00e8 propria amara. Il cacciatore in questione, per arginare le critiche dei media, ha commentato di essere un appassionato di caccia e di altre attivit\u00e0 amate nel suo Paese e che gli scatti sono opera di alcuni suoi amici, estrapolati senza consenso, dall&#8217;album di famiglia e consegnate al giornale. Non si sa ancora chi le abbia consegnate alla redazione ma, a detta di Delgado, sono frutto della sua vita privata e non pubblica, pertanto irrilevanti dal punto di vista politico. E il punto di vista umano? Siamo una razza ancora cos\u00ec involuta?<\/p>\n<p>&nbsp;<\/p>\n<p>&nbsp;<\/p>\n","protected":false},"excerpt":{"rendered":"<p>Quando si dice: cosa si \u00e8 messo in testa! E in tal caso la testa \u00e8 quella di Carlos Delgado,\u00a0politico spagnolo, ex sindaco di\u00a0Calvi\u00e0,\u00a0ministro del Turismo per le isole Baleari e gli oggetti &#8211; se tali si possono definire &#8211; sul suo capo, sono i testicoli di un cervo morto. Delgado si \u00e8 bellamente fatto &hellip; <a href=\"https:\/\/web.quotidianopiemontese.it\/quattrozampeedintorni\/il-trofeo-di-caccia-di-carlos-delgado-testicoli-di-cervo-in-testa\/\" class=\"more-link\">Leggi tutto<span class=\"screen-reader-text\"> &#8220;Il trofeo di caccia di Carlos Delgado: testicoli di cervo in testa&#8221;<\/span><\/a><\/p>\n","protected":false},"author":46,"featured_media":667,"comment_status":"open","ping_status":"closed","sticky":false,"template":"","format":"standard","meta":{"footnotes":""},"categories":[1],"tags":[512,506,510,511,513,507,508,509],"class_list":["post-666","post","type-post","status-publish","format-standard","has-post-thumbnail","hentry","category-quattro-zampe","tag-baleari","tag-carlos-delgado","tag-politico-spagnolo-palle-in-testa","tag-spagna","tag-testicoli","tag-testicoli-di-cervo","tag-ultima-hora","tag-uomo-con-testicoli-in-testa"],"yoast_head":"<!-- This site is optimized with the Yoast SEO plugin v27.1.1 - https:\/\/yoast.com\/product\/yoast-seo-wordpress\/ -->\n<title>Il trofeo di caccia di Carlos Delgado: testicoli di cervo in testa - Quattro zampe e dintorni<\/title>\n<meta name=\"description\" content=\"Quando si dice: cosa si \u00e8 messo in testa! E in tal caso la testa \u00e8 quella di Carlos Delgado,\u00a0politico spagnolo, ex sindaco di\u00a0Calvi\u00e0,\u00a0ministro del Turismo\" \/>\n<meta name=\"robots\" content=\"index, follow, max-snippet:-1, max-image-preview:large, max-video-preview:-1\" \/>\n<link rel=\"canonical\" href=\"https:\/\/web.quotidianopiemontese.it\/quattrozampeedintorni\/il-trofeo-di-caccia-di-carlos-delgado-testicoli-di-cervo-in-testa\/\" \/>\n<meta property=\"og:locale\" content=\"it_IT\" \/>\n<meta property=\"og:type\" content=\"article\" \/>\n<meta property=\"og:title\" content=\"Il trofeo di caccia di Carlos Delgado: testicoli di cervo in testa - Quattro zampe e dintorni\" \/>\n<meta property=\"og:description\" content=\"Quando si dice: cosa si \u00e8 messo in testa! E in tal caso la testa \u00e8 quella di Carlos Delgado,\u00a0politico spagnolo, ex sindaco di\u00a0Calvi\u00e0,\u00a0ministro del Turismo\" \/>\n<meta property=\"og:url\" content=\"https:\/\/web.quotidianopiemontese.it\/quattrozampeedintorni\/il-trofeo-di-caccia-di-carlos-delgado-testicoli-di-cervo-in-testa\/\" \/>\n<meta property=\"og:site_name\" content=\"Quattro zampe e dintorni\" \/>\n<meta property=\"article:publisher\" content=\"https:\/\/www.facebook.com\/quotidianopiemontese?fref=ts\" \/>\n<meta property=\"article:published_time\" content=\"2012-11-29T04:16:16+00:00\" \/>\n<meta property=\"og:image\" content=\"https:\/\/web.quotidianopiemontese.it\/quattrozampeedintorni\/files\/2012\/11\/carlos_delgado_testicoli_cervo.jpg\" \/>\n\t<meta property=\"og:image:width\" content=\"500\" \/>\n\t<meta property=\"og:image:height\" content=\"282\" \/>\n\t<meta property=\"og:image:type\" content=\"image\/jpeg\" \/>\n<meta name=\"author\" content=\"Monica Genovese\" \/>\n<meta name=\"twitter:label1\" content=\"Scritto da\" \/>\n\t<meta name=\"twitter:data1\" content=\"Monica Genovese\" \/>\n\t<meta name=\"twitter:label2\" content=\"Tempo di lettura stimato\" \/>\n\t<meta name=\"twitter:data2\" content=\"1 minuto\" \/>\n<script type=\"application\/ld+json\" class=\"yoast-schema-graph\">{\"@context\":\"https:\/\/schema.org\",\"@graph\":[{\"@type\":\"Article\",\"@id\":\"https:\/\/web.quotidianopiemontese.it\/quattrozampeedintorni\/il-trofeo-di-caccia-di-carlos-delgado-testicoli-di-cervo-in-testa\/#article\",\"isPartOf\":{\"@id\":\"https:\/\/web.quotidianopiemontese.it\/quattrozampeedintorni\/il-trofeo-di-caccia-di-carlos-delgado-testicoli-di-cervo-in-testa\/\"},\"author\":{\"name\":\"Monica Genovese\",\"@id\":\"http:\/\/web.quotidianopiemontese.it\/quattrozampeedintorni\/#\/schema\/person\/1f141d61659bc85e6224aa454a674fce\"},\"headline\":\"Il trofeo di caccia di Carlos Delgado: testicoli di cervo in testa\",\"datePublished\":\"2012-11-29T04:16:16+00:00\",\"mainEntityOfPage\":{\"@id\":\"https:\/\/web.quotidianopiemontese.it\/quattrozampeedintorni\/il-trofeo-di-caccia-di-carlos-delgado-testicoli-di-cervo-in-testa\/\"},\"wordCount\":282,\"commentCount\":2,\"image\":{\"@id\":\"https:\/\/web.quotidianopiemontese.it\/quattrozampeedintorni\/il-trofeo-di-caccia-di-carlos-delgado-testicoli-di-cervo-in-testa\/#primaryimage\"},\"thumbnailUrl\":\"https:\/\/web.quotidianopiemontese.it\/quattrozampeedintorni\/files\/2012\/11\/carlos_delgado_testicoli_cervo.jpg\",\"keywords\":[\"baleari\",\"Carlos Delgado\",\"politico spagnolo palle in testa\",\"spagna\",\"testicoli\",\"testicoli di cervo\",\"\u00daltima Hora\",\"uomo con testicoli in testa\"],\"articleSection\":[\"Quattro zampe\"],\"inLanguage\":\"it-IT\",\"potentialAction\":[{\"@type\":\"CommentAction\",\"name\":\"Comment\",\"target\":[\"https:\/\/web.quotidianopiemontese.it\/quattrozampeedintorni\/il-trofeo-di-caccia-di-carlos-delgado-testicoli-di-cervo-in-testa\/#respond\"]}]},{\"@type\":\"WebPage\",\"@id\":\"https:\/\/web.quotidianopiemontese.it\/quattrozampeedintorni\/il-trofeo-di-caccia-di-carlos-delgado-testicoli-di-cervo-in-testa\/\",\"url\":\"https:\/\/web.quotidianopiemontese.it\/quattrozampeedintorni\/il-trofeo-di-caccia-di-carlos-delgado-testicoli-di-cervo-in-testa\/\",\"name\":\"Il trofeo di caccia di Carlos Delgado: testicoli di cervo in testa - Quattro zampe e dintorni\",\"isPartOf\":{\"@id\":\"http:\/\/web.quotidianopiemontese.it\/quattrozampeedintorni\/#website\"},\"primaryImageOfPage\":{\"@id\":\"https:\/\/web.quotidianopiemontese.it\/quattrozampeedintorni\/il-trofeo-di-caccia-di-carlos-delgado-testicoli-di-cervo-in-testa\/#primaryimage\"},\"image\":{\"@id\":\"https:\/\/web.quotidianopiemontese.it\/quattrozampeedintorni\/il-trofeo-di-caccia-di-carlos-delgado-testicoli-di-cervo-in-testa\/#primaryimage\"},\"thumbnailUrl\":\"https:\/\/web.quotidianopiemontese.it\/quattrozampeedintorni\/files\/2012\/11\/carlos_delgado_testicoli_cervo.jpg\",\"datePublished\":\"2012-11-29T04:16:16+00:00\",\"author\":{\"@id\":\"http:\/\/web.quotidianopiemontese.it\/quattrozampeedintorni\/#\/schema\/person\/1f141d61659bc85e6224aa454a674fce\"},\"description\":\"Quando si dice: cosa si \u00e8 messo in testa! E in tal caso la testa \u00e8 quella di Carlos Delgado,\u00a0politico spagnolo, ex sindaco di\u00a0Calvi\u00e0,\u00a0ministro del Turismo\",\"breadcrumb\":{\"@id\":\"https:\/\/web.quotidianopiemontese.it\/quattrozampeedintorni\/il-trofeo-di-caccia-di-carlos-delgado-testicoli-di-cervo-in-testa\/#breadcrumb\"},\"inLanguage\":\"it-IT\",\"potentialAction\":[{\"@type\":\"ReadAction\",\"target\":[\"https:\/\/web.quotidianopiemontese.it\/quattrozampeedintorni\/il-trofeo-di-caccia-di-carlos-delgado-testicoli-di-cervo-in-testa\/\"]}]},{\"@type\":\"ImageObject\",\"inLanguage\":\"it-IT\",\"@id\":\"https:\/\/web.quotidianopiemontese.it\/quattrozampeedintorni\/il-trofeo-di-caccia-di-carlos-delgado-testicoli-di-cervo-in-testa\/#primaryimage\",\"url\":\"https:\/\/web.quotidianopiemontese.it\/quattrozampeedintorni\/files\/2012\/11\/carlos_delgado_testicoli_cervo.jpg\",\"contentUrl\":\"https:\/\/web.quotidianopiemontese.it\/quattrozampeedintorni\/files\/2012\/11\/carlos_delgado_testicoli_cervo.jpg\",\"width\":\"500\",\"height\":\"282\",\"caption\":\"Carlos Delgado\"},{\"@type\":\"BreadcrumbList\",\"@id\":\"https:\/\/web.quotidianopiemontese.it\/quattrozampeedintorni\/il-trofeo-di-caccia-di-carlos-delgado-testicoli-di-cervo-in-testa\/#breadcrumb\",\"itemListElement\":[{\"@type\":\"ListItem\",\"position\":1,\"name\":\"Home\",\"item\":\"http:\/\/web.quotidianopiemontese.it\/quattrozampeedintorni\/\"},{\"@type\":\"ListItem\",\"position\":2,\"name\":\"Il trofeo di caccia di Carlos Delgado: testicoli di cervo in testa\"}]},{\"@type\":\"WebSite\",\"@id\":\"http:\/\/web.quotidianopiemontese.it\/quattrozampeedintorni\/#website\",\"url\":\"http:\/\/web.quotidianopiemontese.it\/quattrozampeedintorni\/\",\"name\":\"Quattro zampe e dintorni\",\"description\":\"Quotidiano Piemontese\",\"potentialAction\":[{\"@type\":\"SearchAction\",\"target\":{\"@type\":\"EntryPoint\",\"urlTemplate\":\"http:\/\/web.quotidianopiemontese.it\/quattrozampeedintorni\/?s={search_term_string}\"},\"query-input\":{\"@type\":\"PropertyValueSpecification\",\"valueRequired\":true,\"valueName\":\"search_term_string\"}}],\"inLanguage\":\"it-IT\"},{\"@type\":\"Person\",\"@id\":\"http:\/\/web.quotidianopiemontese.it\/quattrozampeedintorni\/#\/schema\/person\/1f141d61659bc85e6224aa454a674fce\",\"name\":\"Monica Genovese\",\"image\":{\"@type\":\"ImageObject\",\"inLanguage\":\"it-IT\",\"@id\":\"http:\/\/web.quotidianopiemontese.it\/quattrozampeedintorni\/#\/schema\/person\/image\/\",\"url\":\"https:\/\/secure.gravatar.com\/avatar\/4f761872600586f65aa3bdf1aa468da21a45fc1b4c03a7a41b5684ad9b3fb650?s=96&d=mm&r=g\",\"contentUrl\":\"https:\/\/secure.gravatar.com\/avatar\/4f761872600586f65aa3bdf1aa468da21a45fc1b4c03a7a41b5684ad9b3fb650?s=96&d=mm&r=g\",\"caption\":\"Monica Genovese\"},\"sameAs\":[\"https:\/\/x.com\/Monica_Genovese\"],\"url\":\"https:\/\/web.quotidianopiemontese.it\/quattrozampeedintorni\/author\/monica-genovese\/\"}]}<\/script>\n<!-- \/ Yoast SEO plugin. -->","yoast_head_json":{"title":"Il trofeo di caccia di Carlos Delgado: testicoli di cervo in testa - Quattro zampe e dintorni","description":"Quando si dice: cosa si \u00e8 messo in testa! E in tal caso la testa \u00e8 quella di Carlos Delgado,\u00a0politico spagnolo, ex sindaco di\u00a0Calvi\u00e0,\u00a0ministro del Turismo","robots":{"index":"index","follow":"follow","max-snippet":"max-snippet:-1","max-image-preview":"max-image-preview:large","max-video-preview":"max-video-preview:-1"},"canonical":"https:\/\/web.quotidianopiemontese.it\/quattrozampeedintorni\/il-trofeo-di-caccia-di-carlos-delgado-testicoli-di-cervo-in-testa\/","og_locale":"it_IT","og_type":"article","og_title":"Il trofeo di caccia di Carlos Delgado: testicoli di cervo in testa - Quattro zampe e dintorni","og_description":"Quando si dice: cosa si \u00e8 messo in testa! E in tal caso la testa \u00e8 quella di Carlos Delgado,\u00a0politico spagnolo, ex sindaco di\u00a0Calvi\u00e0,\u00a0ministro del Turismo","og_url":"https:\/\/web.quotidianopiemontese.it\/quattrozampeedintorni\/il-trofeo-di-caccia-di-carlos-delgado-testicoli-di-cervo-in-testa\/","og_site_name":"Quattro zampe e dintorni","article_publisher":"https:\/\/www.facebook.com\/quotidianopiemontese?fref=ts","article_published_time":"2012-11-29T04:16:16+00:00","og_image":[{"width":500,"height":282,"url":"https:\/\/web.quotidianopiemontese.it\/quattrozampeedintorni\/files\/2012\/11\/carlos_delgado_testicoli_cervo.jpg","type":"image\/jpeg"}],"author":"Monica Genovese","twitter_misc":{"Scritto da":"Monica Genovese","Tempo di lettura stimato":"1 minuto"},"schema":{"@context":"https:\/\/schema.org","@graph":[{"@type":"Article","@id":"https:\/\/web.quotidianopiemontese.it\/quattrozampeedintorni\/il-trofeo-di-caccia-di-carlos-delgado-testicoli-di-cervo-in-testa\/#article","isPartOf":{"@id":"https:\/\/web.quotidianopiemontese.it\/quattrozampeedintorni\/il-trofeo-di-caccia-di-carlos-delgado-testicoli-di-cervo-in-testa\/"},"author":{"name":"Monica Genovese","@id":"http:\/\/web.quotidianopiemontese.it\/quattrozampeedintorni\/#\/schema\/person\/1f141d61659bc85e6224aa454a674fce"},"headline":"Il trofeo di caccia di Carlos Delgado: testicoli di cervo in testa","datePublished":"2012-11-29T04:16:16+00:00","mainEntityOfPage":{"@id":"https:\/\/web.quotidianopiemontese.it\/quattrozampeedintorni\/il-trofeo-di-caccia-di-carlos-delgado-testicoli-di-cervo-in-testa\/"},"wordCount":282,"commentCount":2,"image":{"@id":"https:\/\/web.quotidianopiemontese.it\/quattrozampeedintorni\/il-trofeo-di-caccia-di-carlos-delgado-testicoli-di-cervo-in-testa\/#primaryimage"},"thumbnailUrl":"https:\/\/web.quotidianopiemontese.it\/quattrozampeedintorni\/files\/2012\/11\/carlos_delgado_testicoli_cervo.jpg","keywords":["baleari","Carlos Delgado","politico spagnolo palle in testa","spagna","testicoli","testicoli di cervo","\u00daltima Hora","uomo con testicoli in testa"],"articleSection":["Quattro zampe"],"inLanguage":"it-IT","potentialAction":[{"@type":"CommentAction","name":"Comment","target":["https:\/\/web.quotidianopiemontese.it\/quattrozampeedintorni\/il-trofeo-di-caccia-di-carlos-delgado-testicoli-di-cervo-in-testa\/#respond"]}]},{"@type":"WebPage","@id":"https:\/\/web.quotidianopiemontese.it\/quattrozampeedintorni\/il-trofeo-di-caccia-di-carlos-delgado-testicoli-di-cervo-in-testa\/","url":"https:\/\/web.quotidianopiemontese.it\/quattrozampeedintorni\/il-trofeo-di-caccia-di-carlos-delgado-testicoli-di-cervo-in-testa\/","name":"Il trofeo di caccia di Carlos Delgado: testicoli di cervo in testa - Quattro zampe e dintorni","isPartOf":{"@id":"http:\/\/web.quotidianopiemontese.it\/quattrozampeedintorni\/#website"},"primaryImageOfPage":{"@id":"https:\/\/web.quotidianopiemontese.it\/quattrozampeedintorni\/il-trofeo-di-caccia-di-carlos-delgado-testicoli-di-cervo-in-testa\/#primaryimage"},"image":{"@id":"https:\/\/web.quotidianopiemontese.it\/quattrozampeedintorni\/il-trofeo-di-caccia-di-carlos-delgado-testicoli-di-cervo-in-testa\/#primaryimage"},"thumbnailUrl":"https:\/\/web.quotidianopiemontese.it\/quattrozampeedintorni\/files\/2012\/11\/carlos_delgado_testicoli_cervo.jpg","datePublished":"2012-11-29T04:16:16+00:00","author":{"@id":"http:\/\/web.quotidianopiemontese.it\/quattrozampeedintorni\/#\/schema\/person\/1f141d61659bc85e6224aa454a674fce"},"description":"Quando si dice: cosa si \u00e8 messo in testa! E in tal caso la testa \u00e8 quella di Carlos Delgado,\u00a0politico spagnolo, ex sindaco di\u00a0Calvi\u00e0,\u00a0ministro del Turismo","breadcrumb":{"@id":"https:\/\/web.quotidianopiemontese.it\/quattrozampeedintorni\/il-trofeo-di-caccia-di-carlos-delgado-testicoli-di-cervo-in-testa\/#breadcrumb"},"inLanguage":"it-IT","potentialAction":[{"@type":"ReadAction","target":["https:\/\/web.quotidianopiemontese.it\/quattrozampeedintorni\/il-trofeo-di-caccia-di-carlos-delgado-testicoli-di-cervo-in-testa\/"]}]},{"@type":"ImageObject","inLanguage":"it-IT","@id":"https:\/\/web.quotidianopiemontese.it\/quattrozampeedintorni\/il-trofeo-di-caccia-di-carlos-delgado-testicoli-di-cervo-in-testa\/#primaryimage","url":"https:\/\/web.quotidianopiemontese.it\/quattrozampeedintorni\/files\/2012\/11\/carlos_delgado_testicoli_cervo.jpg","contentUrl":"https:\/\/web.quotidianopiemontese.it\/quattrozampeedintorni\/files\/2012\/11\/carlos_delgado_testicoli_cervo.jpg","width":"500","height":"282","caption":"Carlos Delgado"},{"@type":"BreadcrumbList","@id":"https:\/\/web.quotidianopiemontese.it\/quattrozampeedintorni\/il-trofeo-di-caccia-di-carlos-delgado-testicoli-di-cervo-in-testa\/#breadcrumb","itemListElement":[{"@type":"ListItem","position":1,"name":"Home","item":"http:\/\/web.quotidianopiemontese.it\/quattrozampeedintorni\/"},{"@type":"ListItem","position":2,"name":"Il trofeo di caccia di Carlos Delgado: testicoli di cervo in testa"}]},{"@type":"WebSite","@id":"http:\/\/web.quotidianopiemontese.it\/quattrozampeedintorni\/#website","url":"http:\/\/web.quotidianopiemontese.it\/quattrozampeedintorni\/","name":"Quattro zampe e dintorni","description":"Quotidiano Piemontese","potentialAction":[{"@type":"SearchAction","target":{"@type":"EntryPoint","urlTemplate":"http:\/\/web.quotidianopiemontese.it\/quattrozampeedintorni\/?s={search_term_string}"},"query-input":{"@type":"PropertyValueSpecification","valueRequired":true,"valueName":"search_term_string"}}],"inLanguage":"it-IT"},{"@type":"Person","@id":"http:\/\/web.quotidianopiemontese.it\/quattrozampeedintorni\/#\/schema\/person\/1f141d61659bc85e6224aa454a674fce","name":"Monica Genovese","image":{"@type":"ImageObject","inLanguage":"it-IT","@id":"http:\/\/web.quotidianopiemontese.it\/quattrozampeedintorni\/#\/schema\/person\/image\/","url":"https:\/\/secure.gravatar.com\/avatar\/4f761872600586f65aa3bdf1aa468da21a45fc1b4c03a7a41b5684ad9b3fb650?s=96&d=mm&r=g","contentUrl":"https:\/\/secure.gravatar.com\/avatar\/4f761872600586f65aa3bdf1aa468da21a45fc1b4c03a7a41b5684ad9b3fb650?s=96&d=mm&r=g","caption":"Monica Genovese"},"sameAs":["https:\/\/x.com\/Monica_Genovese"],"url":"https:\/\/web.quotidianopiemontese.it\/quattrozampeedintorni\/author\/monica-genovese\/"}]}},"_links":{"self":[{"href":"https:\/\/web.quotidianopiemontese.it\/quattrozampeedintorni\/wp-json\/wp\/v2\/posts\/666","targetHints":{"allow":["GET"]}}],"collection":[{"href":"https:\/\/web.quotidianopiemontese.it\/quattrozampeedintorni\/wp-json\/wp\/v2\/posts"}],"about":[{"href":"https:\/\/web.quotidianopiemontese.it\/quattrozampeedintorni\/wp-json\/wp\/v2\/types\/post"}],"author":[{"embeddable":true,"href":"https:\/\/web.quotidianopiemontese.it\/quattrozampeedintorni\/wp-json\/wp\/v2\/users\/46"}],"replies":[{"embeddable":true,"href":"https:\/\/web.quotidianopiemontese.it\/quattrozampeedintorni\/wp-json\/wp\/v2\/comments?post=666"}],"version-history":[{"count":0,"href":"https:\/\/web.quotidianopiemontese.it\/quattrozampeedintorni\/wp-json\/wp\/v2\/posts\/666\/revisions"}],"wp:featuredmedia":[{"embeddable":true,"href":"https:\/\/web.quotidianopiemontese.it\/quattrozampeedintorni\/wp-json\/wp\/v2\/media\/667"}],"wp:attachment":[{"href":"https:\/\/web.quotidianopiemontese.it\/quattrozampeedintorni\/wp-json\/wp\/v2\/media?parent=666"}],"wp:term":[{"taxonomy":"category","embeddable":true,"href":"https:\/\/web.quotidianopiemontese.it\/quattrozampeedintorni\/wp-json\/wp\/v2\/categories?post=666"},{"taxonomy":"post_tag","embeddable":true,"href":"https:\/\/web.quotidianopiemontese.it\/quattrozampeedintorni\/wp-json\/wp\/v2\/tags?post=666"}],"curies":[{"name":"wp","href":"https:\/\/api.w.org\/{rel}","templated":true}]}}