{"id":592,"date":"2012-11-06T09:57:25","date_gmt":"2012-11-06T09:57:25","guid":{"rendered":"http:\/\/www.quotidianopiemontese.it\/quattrozampeedintorni\/?p=592"},"modified":"2012-11-06T10:07:56","modified_gmt":"2012-11-06T10:07:56","slug":"artista-belga-lancia-in-aria-dei-gatti-durante-il-suo-spettacolo","status":"publish","type":"post","link":"https:\/\/web.quotidianopiemontese.it\/quattrozampeedintorni\/artista-belga-lancia-in-aria-dei-gatti-durante-il-suo-spettacolo\/","title":{"rendered":"Artista belga lancia in aria dei gatti durante il suo spettacolo"},"content":{"rendered":"<figure id=\"attachment_593\" aria-describedby=\"caption-attachment-593\" style=\"width: 150px\" class=\"wp-caption alignright\"><a href=\"http:\/\/www.quotidianopiemontese.it\/quattrozampeedintorni\/files\/2012\/11\/1.jpg\"><img loading=\"lazy\" decoding=\"async\" class=\"size-thumbnail wp-image-593\" title=\"Jan Fabre\" src=\"http:\/\/www.quotidianopiemontese.it\/quattrozampeedintorni\/files\/2012\/11\/1-150x150.jpg\" alt=\"\" width=\"150\" height=\"150\" srcset=\"https:\/\/web.quotidianopiemontese.it\/quattrozampeedintorni\/files\/2012\/11\/1-150x150.jpg 150w, https:\/\/web.quotidianopiemontese.it\/quattrozampeedintorni\/files\/2012\/11\/1.jpg 300w\" sizes=\"auto, (max-width: 150px) 85vw, 150px\" \/><\/a><figcaption id=\"caption-attachment-593\" class=\"wp-caption-text\">Jan Fabre<\/figcaption><\/figure>\n<p>Che l&#8217;arte sia individuale, concettuale, stravagante lo sappiamo, ma che in nome dell&#8217;arte (?) si debbano lanciare in aria dei poveri gatti indifesi mi pare eccessivo, almeno discutibile. E&#8217; successo nei giorni scorsi ad Anversa, storica citt\u00e0 del Belgio, dove il coreografo e regista belga Jan Fabre, durante una sua performance ha pensato bene di far prendere il volo ad alcuni gatti. Letteralmente. Alcune delle povere bestiole, magari spaventate dal lancio, sono atterrate male al suolo provocondosi danni. In pratica, Fabre sulle scale del municipio della citt\u00e0, mentre era in corso uno spettacolo ha fatto &#8220;decollare&#8221;, insieme ad un gruppo di persone i felini provocando l&#8217;indignazione e l&#8217;ira generale. Atteggiamenti copmrensibili.<!--more-->La situazione \u00e8 poi sfuggita di mano perch\u00e9 Fabre \u00e8 stato aggredito dagli spettatori, al punto che ora si trova sotto la protezione della polizia locale. Inutile dire che alla violenza non si risponde con altrettanta violenza che non \u00e8 risolutiva! Il Comune di Anversa ha ripreso la scena acconsentendo anche ad includerla in una pellicola dedicata alla carriera dell&#8217;artista, ma pare che gli Amministratori cittadini non sapessero dei gatti. Le associazioni animaliste sono, giustamente insorte e Fabre, nel frattempo, pur giustificando il suo gesto come atto provocatorio, si \u00e8 scusato pubblicamente assicurando la buona salute degli animali lanciati in aria. Peccato che, invece pare che non sia cos\u00ec, almeno non per tutti i gattini.<\/p>\n<p><iframe loading=\"lazy\" src=\"http:\/\/www.youtube.com\/embed\/7iZqX4AUJV8\" frameborder=\"0\" width=\"450\" height=\"338\"><\/iframe><\/p>\n<p>Provocare va bene, pu\u00f2 scuotere le coscienze, e Fabre \u00e8 noto in tutto il mondo per la sua arte visiva innovativa e all&#8217;avanguardia, ma perch\u00e9 farlo infliggendo, direttamente o indirettamente, ferite, spaventi, aggressioni? Inoltre, tale provocazione nessuno \u00e8 stato in grado di capirla e, dato il linciaggio mediatico sub\u00ecto dal belga, non \u00e8 stata nemmeno chiarita. Non avrebbe, in ogni caso, rappresentato una scusante.<\/p>\n","protected":false},"excerpt":{"rendered":"<p>Che l&#8217;arte sia individuale, concettuale, stravagante lo sappiamo, ma che in nome dell&#8217;arte (?) si debbano lanciare in aria dei poveri gatti indifesi mi pare eccessivo, almeno discutibile. E&#8217; successo nei giorni scorsi ad Anversa, storica citt\u00e0 del Belgio, dove il coreografo e regista belga Jan Fabre, durante una sua performance ha pensato bene di &hellip; <a href=\"https:\/\/web.quotidianopiemontese.it\/quattrozampeedintorni\/artista-belga-lancia-in-aria-dei-gatti-durante-il-suo-spettacolo\/\" class=\"more-link\">Leggi tutto<span class=\"screen-reader-text\"> &#8220;Artista belga lancia in aria dei gatti durante il suo spettacolo&#8221;<\/span><\/a><\/p>\n","protected":false},"author":46,"featured_media":593,"comment_status":"open","ping_status":"closed","sticky":false,"template":"","format":"standard","meta":{"footnotes":""},"categories":[1],"tags":[444,446,445,22,443,447],"class_list":["post-592","post","type-post","status-publish","format-standard","has-post-thumbnail","hentry","category-quattro-zampe","tag-anversa","tag-belga","tag-belgio","tag-gatti","tag-jan-fabre","tag-lancio-gatti-dal-municipio"],"yoast_head":"<!-- This site is optimized with the Yoast SEO plugin v27.1.1 - https:\/\/yoast.com\/product\/yoast-seo-wordpress\/ -->\n<title>Artista belga lancia in aria dei gatti durante il suo spettacolo - Quattro zampe e dintorni<\/title>\n<meta name=\"description\" content=\"Che l&#039;arte sia individuale, concettuale, stravagante lo sappiamo, ma che in nome dell&#039;arte (?) si debbano lanciare in aria dei poveri gatti indifesi mi\" \/>\n<meta name=\"robots\" content=\"index, follow, max-snippet:-1, max-image-preview:large, max-video-preview:-1\" \/>\n<link rel=\"canonical\" href=\"http:\/\/web.quotidianopiemontese.it\/quattrozampeedintorni\/artista-belga-lancia-in-aria-dei-gatti-durante-il-suo-spettacolo\/\" \/>\n<meta property=\"og:locale\" content=\"it_IT\" \/>\n<meta property=\"og:type\" content=\"article\" \/>\n<meta property=\"og:title\" content=\"Artista belga lancia in aria dei gatti durante il suo spettacolo - Quattro zampe e dintorni\" \/>\n<meta property=\"og:description\" content=\"Che l&#039;arte sia individuale, concettuale, stravagante lo sappiamo, ma che in nome dell&#039;arte (?) si debbano lanciare in aria dei poveri gatti indifesi mi\" \/>\n<meta property=\"og:url\" content=\"http:\/\/web.quotidianopiemontese.it\/quattrozampeedintorni\/artista-belga-lancia-in-aria-dei-gatti-durante-il-suo-spettacolo\/\" \/>\n<meta property=\"og:site_name\" content=\"Quattro zampe e dintorni\" \/>\n<meta property=\"article:publisher\" content=\"https:\/\/www.facebook.com\/quotidianopiemontese?fref=ts\" \/>\n<meta property=\"article:published_time\" content=\"2012-11-06T09:57:25+00:00\" \/>\n<meta property=\"article:modified_time\" content=\"2012-11-06T10:07:56+00:00\" \/>\n<meta property=\"og:image\" content=\"http:\/\/web.quotidianopiemontese.it\/quattrozampeedintorni\/files\/2012\/11\/1.jpg\" \/>\n\t<meta property=\"og:image:width\" content=\"300\" \/>\n\t<meta property=\"og:image:height\" content=\"300\" \/>\n\t<meta property=\"og:image:type\" content=\"image\/jpeg\" \/>\n<meta name=\"author\" content=\"Monica Genovese\" \/>\n<meta name=\"twitter:label1\" content=\"Scritto da\" \/>\n\t<meta name=\"twitter:data1\" content=\"Monica Genovese\" \/>\n\t<meta name=\"twitter:label2\" content=\"Tempo di lettura stimato\" \/>\n\t<meta name=\"twitter:data2\" content=\"1 minuto\" \/>\n<script type=\"application\/ld+json\" class=\"yoast-schema-graph\">{\"@context\":\"https:\/\/schema.org\",\"@graph\":[{\"@type\":\"Article\",\"@id\":\"http:\/\/web.quotidianopiemontese.it\/quattrozampeedintorni\/artista-belga-lancia-in-aria-dei-gatti-durante-il-suo-spettacolo\/#article\",\"isPartOf\":{\"@id\":\"http:\/\/web.quotidianopiemontese.it\/quattrozampeedintorni\/artista-belga-lancia-in-aria-dei-gatti-durante-il-suo-spettacolo\/\"},\"author\":{\"name\":\"Monica Genovese\",\"@id\":\"http:\/\/web.quotidianopiemontese.it\/quattrozampeedintorni\/#\/schema\/person\/1f141d61659bc85e6224aa454a674fce\"},\"headline\":\"Artista belga lancia in aria dei gatti durante il suo spettacolo\",\"datePublished\":\"2012-11-06T09:57:25+00:00\",\"dateModified\":\"2012-11-06T10:07:56+00:00\",\"mainEntityOfPage\":{\"@id\":\"http:\/\/web.quotidianopiemontese.it\/quattrozampeedintorni\/artista-belga-lancia-in-aria-dei-gatti-durante-il-suo-spettacolo\/\"},\"wordCount\":309,\"commentCount\":0,\"image\":{\"@id\":\"http:\/\/web.quotidianopiemontese.it\/quattrozampeedintorni\/artista-belga-lancia-in-aria-dei-gatti-durante-il-suo-spettacolo\/#primaryimage\"},\"thumbnailUrl\":\"https:\/\/web.quotidianopiemontese.it\/quattrozampeedintorni\/files\/2012\/11\/1.jpg\",\"keywords\":[\"anversa\",\"belga\",\"belgio\",\"gatti\",\"Jan Fabre\",\"lancio gatti dal municipio\"],\"articleSection\":[\"Quattro zampe\"],\"inLanguage\":\"it-IT\",\"potentialAction\":[{\"@type\":\"CommentAction\",\"name\":\"Comment\",\"target\":[\"http:\/\/web.quotidianopiemontese.it\/quattrozampeedintorni\/artista-belga-lancia-in-aria-dei-gatti-durante-il-suo-spettacolo\/#respond\"]}]},{\"@type\":\"WebPage\",\"@id\":\"http:\/\/web.quotidianopiemontese.it\/quattrozampeedintorni\/artista-belga-lancia-in-aria-dei-gatti-durante-il-suo-spettacolo\/\",\"url\":\"http:\/\/web.quotidianopiemontese.it\/quattrozampeedintorni\/artista-belga-lancia-in-aria-dei-gatti-durante-il-suo-spettacolo\/\",\"name\":\"Artista belga lancia in aria dei gatti durante il suo spettacolo - Quattro zampe e dintorni\",\"isPartOf\":{\"@id\":\"http:\/\/web.quotidianopiemontese.it\/quattrozampeedintorni\/#website\"},\"primaryImageOfPage\":{\"@id\":\"http:\/\/web.quotidianopiemontese.it\/quattrozampeedintorni\/artista-belga-lancia-in-aria-dei-gatti-durante-il-suo-spettacolo\/#primaryimage\"},\"image\":{\"@id\":\"http:\/\/web.quotidianopiemontese.it\/quattrozampeedintorni\/artista-belga-lancia-in-aria-dei-gatti-durante-il-suo-spettacolo\/#primaryimage\"},\"thumbnailUrl\":\"https:\/\/web.quotidianopiemontese.it\/quattrozampeedintorni\/files\/2012\/11\/1.jpg\",\"datePublished\":\"2012-11-06T09:57:25+00:00\",\"dateModified\":\"2012-11-06T10:07:56+00:00\",\"author\":{\"@id\":\"http:\/\/web.quotidianopiemontese.it\/quattrozampeedintorni\/#\/schema\/person\/1f141d61659bc85e6224aa454a674fce\"},\"description\":\"Che l'arte sia individuale, concettuale, stravagante lo sappiamo, ma che in nome dell'arte (?) si debbano lanciare in aria dei poveri gatti indifesi mi\",\"breadcrumb\":{\"@id\":\"http:\/\/web.quotidianopiemontese.it\/quattrozampeedintorni\/artista-belga-lancia-in-aria-dei-gatti-durante-il-suo-spettacolo\/#breadcrumb\"},\"inLanguage\":\"it-IT\",\"potentialAction\":[{\"@type\":\"ReadAction\",\"target\":[\"http:\/\/web.quotidianopiemontese.it\/quattrozampeedintorni\/artista-belga-lancia-in-aria-dei-gatti-durante-il-suo-spettacolo\/\"]}]},{\"@type\":\"ImageObject\",\"inLanguage\":\"it-IT\",\"@id\":\"http:\/\/web.quotidianopiemontese.it\/quattrozampeedintorni\/artista-belga-lancia-in-aria-dei-gatti-durante-il-suo-spettacolo\/#primaryimage\",\"url\":\"https:\/\/web.quotidianopiemontese.it\/quattrozampeedintorni\/files\/2012\/11\/1.jpg\",\"contentUrl\":\"https:\/\/web.quotidianopiemontese.it\/quattrozampeedintorni\/files\/2012\/11\/1.jpg\",\"width\":\"300\",\"height\":\"300\",\"caption\":\"Jan Fabre\"},{\"@type\":\"BreadcrumbList\",\"@id\":\"http:\/\/web.quotidianopiemontese.it\/quattrozampeedintorni\/artista-belga-lancia-in-aria-dei-gatti-durante-il-suo-spettacolo\/#breadcrumb\",\"itemListElement\":[{\"@type\":\"ListItem\",\"position\":1,\"name\":\"Home\",\"item\":\"http:\/\/web.quotidianopiemontese.it\/quattrozampeedintorni\/\"},{\"@type\":\"ListItem\",\"position\":2,\"name\":\"Artista belga lancia in aria dei gatti durante il suo spettacolo\"}]},{\"@type\":\"WebSite\",\"@id\":\"http:\/\/web.quotidianopiemontese.it\/quattrozampeedintorni\/#website\",\"url\":\"http:\/\/web.quotidianopiemontese.it\/quattrozampeedintorni\/\",\"name\":\"Quattro zampe e dintorni\",\"description\":\"Quotidiano Piemontese\",\"potentialAction\":[{\"@type\":\"SearchAction\",\"target\":{\"@type\":\"EntryPoint\",\"urlTemplate\":\"http:\/\/web.quotidianopiemontese.it\/quattrozampeedintorni\/?s={search_term_string}\"},\"query-input\":{\"@type\":\"PropertyValueSpecification\",\"valueRequired\":true,\"valueName\":\"search_term_string\"}}],\"inLanguage\":\"it-IT\"},{\"@type\":\"Person\",\"@id\":\"http:\/\/web.quotidianopiemontese.it\/quattrozampeedintorni\/#\/schema\/person\/1f141d61659bc85e6224aa454a674fce\",\"name\":\"Monica Genovese\",\"image\":{\"@type\":\"ImageObject\",\"inLanguage\":\"it-IT\",\"@id\":\"http:\/\/web.quotidianopiemontese.it\/quattrozampeedintorni\/#\/schema\/person\/image\/\",\"url\":\"https:\/\/secure.gravatar.com\/avatar\/4f761872600586f65aa3bdf1aa468da21a45fc1b4c03a7a41b5684ad9b3fb650?s=96&d=mm&r=g\",\"contentUrl\":\"https:\/\/secure.gravatar.com\/avatar\/4f761872600586f65aa3bdf1aa468da21a45fc1b4c03a7a41b5684ad9b3fb650?s=96&d=mm&r=g\",\"caption\":\"Monica Genovese\"},\"sameAs\":[\"https:\/\/x.com\/Monica_Genovese\"],\"url\":\"https:\/\/web.quotidianopiemontese.it\/quattrozampeedintorni\/author\/monica-genovese\/\"}]}<\/script>\n<!-- \/ Yoast SEO plugin. -->","yoast_head_json":{"title":"Artista belga lancia in aria dei gatti durante il suo spettacolo - Quattro zampe e dintorni","description":"Che l'arte sia individuale, concettuale, stravagante lo sappiamo, ma che in nome dell'arte (?) si debbano lanciare in aria dei poveri gatti indifesi mi","robots":{"index":"index","follow":"follow","max-snippet":"max-snippet:-1","max-image-preview":"max-image-preview:large","max-video-preview":"max-video-preview:-1"},"canonical":"http:\/\/web.quotidianopiemontese.it\/quattrozampeedintorni\/artista-belga-lancia-in-aria-dei-gatti-durante-il-suo-spettacolo\/","og_locale":"it_IT","og_type":"article","og_title":"Artista belga lancia in aria dei gatti durante il suo spettacolo - Quattro zampe e dintorni","og_description":"Che l'arte sia individuale, concettuale, stravagante lo sappiamo, ma che in nome dell'arte (?) si debbano lanciare in aria dei poveri gatti indifesi mi","og_url":"http:\/\/web.quotidianopiemontese.it\/quattrozampeedintorni\/artista-belga-lancia-in-aria-dei-gatti-durante-il-suo-spettacolo\/","og_site_name":"Quattro zampe e dintorni","article_publisher":"https:\/\/www.facebook.com\/quotidianopiemontese?fref=ts","article_published_time":"2012-11-06T09:57:25+00:00","article_modified_time":"2012-11-06T10:07:56+00:00","og_image":[{"width":300,"height":300,"url":"http:\/\/web.quotidianopiemontese.it\/quattrozampeedintorni\/files\/2012\/11\/1.jpg","type":"image\/jpeg"}],"author":"Monica Genovese","twitter_misc":{"Scritto da":"Monica Genovese","Tempo di lettura stimato":"1 minuto"},"schema":{"@context":"https:\/\/schema.org","@graph":[{"@type":"Article","@id":"http:\/\/web.quotidianopiemontese.it\/quattrozampeedintorni\/artista-belga-lancia-in-aria-dei-gatti-durante-il-suo-spettacolo\/#article","isPartOf":{"@id":"http:\/\/web.quotidianopiemontese.it\/quattrozampeedintorni\/artista-belga-lancia-in-aria-dei-gatti-durante-il-suo-spettacolo\/"},"author":{"name":"Monica Genovese","@id":"http:\/\/web.quotidianopiemontese.it\/quattrozampeedintorni\/#\/schema\/person\/1f141d61659bc85e6224aa454a674fce"},"headline":"Artista belga lancia in aria dei gatti durante il suo spettacolo","datePublished":"2012-11-06T09:57:25+00:00","dateModified":"2012-11-06T10:07:56+00:00","mainEntityOfPage":{"@id":"http:\/\/web.quotidianopiemontese.it\/quattrozampeedintorni\/artista-belga-lancia-in-aria-dei-gatti-durante-il-suo-spettacolo\/"},"wordCount":309,"commentCount":0,"image":{"@id":"http:\/\/web.quotidianopiemontese.it\/quattrozampeedintorni\/artista-belga-lancia-in-aria-dei-gatti-durante-il-suo-spettacolo\/#primaryimage"},"thumbnailUrl":"https:\/\/web.quotidianopiemontese.it\/quattrozampeedintorni\/files\/2012\/11\/1.jpg","keywords":["anversa","belga","belgio","gatti","Jan Fabre","lancio gatti dal municipio"],"articleSection":["Quattro zampe"],"inLanguage":"it-IT","potentialAction":[{"@type":"CommentAction","name":"Comment","target":["http:\/\/web.quotidianopiemontese.it\/quattrozampeedintorni\/artista-belga-lancia-in-aria-dei-gatti-durante-il-suo-spettacolo\/#respond"]}]},{"@type":"WebPage","@id":"http:\/\/web.quotidianopiemontese.it\/quattrozampeedintorni\/artista-belga-lancia-in-aria-dei-gatti-durante-il-suo-spettacolo\/","url":"http:\/\/web.quotidianopiemontese.it\/quattrozampeedintorni\/artista-belga-lancia-in-aria-dei-gatti-durante-il-suo-spettacolo\/","name":"Artista belga lancia in aria dei gatti durante il suo spettacolo - Quattro zampe e dintorni","isPartOf":{"@id":"http:\/\/web.quotidianopiemontese.it\/quattrozampeedintorni\/#website"},"primaryImageOfPage":{"@id":"http:\/\/web.quotidianopiemontese.it\/quattrozampeedintorni\/artista-belga-lancia-in-aria-dei-gatti-durante-il-suo-spettacolo\/#primaryimage"},"image":{"@id":"http:\/\/web.quotidianopiemontese.it\/quattrozampeedintorni\/artista-belga-lancia-in-aria-dei-gatti-durante-il-suo-spettacolo\/#primaryimage"},"thumbnailUrl":"https:\/\/web.quotidianopiemontese.it\/quattrozampeedintorni\/files\/2012\/11\/1.jpg","datePublished":"2012-11-06T09:57:25+00:00","dateModified":"2012-11-06T10:07:56+00:00","author":{"@id":"http:\/\/web.quotidianopiemontese.it\/quattrozampeedintorni\/#\/schema\/person\/1f141d61659bc85e6224aa454a674fce"},"description":"Che l'arte sia individuale, concettuale, stravagante lo sappiamo, ma che in nome dell'arte (?) si debbano lanciare in aria dei poveri gatti indifesi mi","breadcrumb":{"@id":"http:\/\/web.quotidianopiemontese.it\/quattrozampeedintorni\/artista-belga-lancia-in-aria-dei-gatti-durante-il-suo-spettacolo\/#breadcrumb"},"inLanguage":"it-IT","potentialAction":[{"@type":"ReadAction","target":["http:\/\/web.quotidianopiemontese.it\/quattrozampeedintorni\/artista-belga-lancia-in-aria-dei-gatti-durante-il-suo-spettacolo\/"]}]},{"@type":"ImageObject","inLanguage":"it-IT","@id":"http:\/\/web.quotidianopiemontese.it\/quattrozampeedintorni\/artista-belga-lancia-in-aria-dei-gatti-durante-il-suo-spettacolo\/#primaryimage","url":"https:\/\/web.quotidianopiemontese.it\/quattrozampeedintorni\/files\/2012\/11\/1.jpg","contentUrl":"https:\/\/web.quotidianopiemontese.it\/quattrozampeedintorni\/files\/2012\/11\/1.jpg","width":"300","height":"300","caption":"Jan Fabre"},{"@type":"BreadcrumbList","@id":"http:\/\/web.quotidianopiemontese.it\/quattrozampeedintorni\/artista-belga-lancia-in-aria-dei-gatti-durante-il-suo-spettacolo\/#breadcrumb","itemListElement":[{"@type":"ListItem","position":1,"name":"Home","item":"http:\/\/web.quotidianopiemontese.it\/quattrozampeedintorni\/"},{"@type":"ListItem","position":2,"name":"Artista belga lancia in aria dei gatti durante il suo spettacolo"}]},{"@type":"WebSite","@id":"http:\/\/web.quotidianopiemontese.it\/quattrozampeedintorni\/#website","url":"http:\/\/web.quotidianopiemontese.it\/quattrozampeedintorni\/","name":"Quattro zampe e dintorni","description":"Quotidiano Piemontese","potentialAction":[{"@type":"SearchAction","target":{"@type":"EntryPoint","urlTemplate":"http:\/\/web.quotidianopiemontese.it\/quattrozampeedintorni\/?s={search_term_string}"},"query-input":{"@type":"PropertyValueSpecification","valueRequired":true,"valueName":"search_term_string"}}],"inLanguage":"it-IT"},{"@type":"Person","@id":"http:\/\/web.quotidianopiemontese.it\/quattrozampeedintorni\/#\/schema\/person\/1f141d61659bc85e6224aa454a674fce","name":"Monica Genovese","image":{"@type":"ImageObject","inLanguage":"it-IT","@id":"http:\/\/web.quotidianopiemontese.it\/quattrozampeedintorni\/#\/schema\/person\/image\/","url":"https:\/\/secure.gravatar.com\/avatar\/4f761872600586f65aa3bdf1aa468da21a45fc1b4c03a7a41b5684ad9b3fb650?s=96&d=mm&r=g","contentUrl":"https:\/\/secure.gravatar.com\/avatar\/4f761872600586f65aa3bdf1aa468da21a45fc1b4c03a7a41b5684ad9b3fb650?s=96&d=mm&r=g","caption":"Monica Genovese"},"sameAs":["https:\/\/x.com\/Monica_Genovese"],"url":"https:\/\/web.quotidianopiemontese.it\/quattrozampeedintorni\/author\/monica-genovese\/"}]}},"_links":{"self":[{"href":"https:\/\/web.quotidianopiemontese.it\/quattrozampeedintorni\/wp-json\/wp\/v2\/posts\/592","targetHints":{"allow":["GET"]}}],"collection":[{"href":"https:\/\/web.quotidianopiemontese.it\/quattrozampeedintorni\/wp-json\/wp\/v2\/posts"}],"about":[{"href":"https:\/\/web.quotidianopiemontese.it\/quattrozampeedintorni\/wp-json\/wp\/v2\/types\/post"}],"author":[{"embeddable":true,"href":"https:\/\/web.quotidianopiemontese.it\/quattrozampeedintorni\/wp-json\/wp\/v2\/users\/46"}],"replies":[{"embeddable":true,"href":"https:\/\/web.quotidianopiemontese.it\/quattrozampeedintorni\/wp-json\/wp\/v2\/comments?post=592"}],"version-history":[{"count":0,"href":"https:\/\/web.quotidianopiemontese.it\/quattrozampeedintorni\/wp-json\/wp\/v2\/posts\/592\/revisions"}],"wp:featuredmedia":[{"embeddable":true,"href":"https:\/\/web.quotidianopiemontese.it\/quattrozampeedintorni\/wp-json\/wp\/v2\/media\/593"}],"wp:attachment":[{"href":"https:\/\/web.quotidianopiemontese.it\/quattrozampeedintorni\/wp-json\/wp\/v2\/media?parent=592"}],"wp:term":[{"taxonomy":"category","embeddable":true,"href":"https:\/\/web.quotidianopiemontese.it\/quattrozampeedintorni\/wp-json\/wp\/v2\/categories?post=592"},{"taxonomy":"post_tag","embeddable":true,"href":"https:\/\/web.quotidianopiemontese.it\/quattrozampeedintorni\/wp-json\/wp\/v2\/tags?post=592"}],"curies":[{"name":"wp","href":"https:\/\/api.w.org\/{rel}","templated":true}]}}