{"id":1836,"date":"2018-11-29T11:08:16","date_gmt":"2018-11-29T10:08:16","guid":{"rendered":"http:\/\/web.quotidianopiemontese.it\/quattrozampeedintorni\/?p=1836"},"modified":"2018-11-29T11:08:16","modified_gmt":"2018-11-29T10:08:16","slug":"il-video-della-liberazione-del-cervo-impigliato-in-una-rete-di-plastica-a-novalesa","status":"publish","type":"post","link":"https:\/\/web.quotidianopiemontese.it\/quattrozampeedintorni\/il-video-della-liberazione-del-cervo-impigliato-in-una-rete-di-plastica-a-novalesa\/","title":{"rendered":"Il video della liberazione del cervo impigliato in una rete di plastica a Novalesa"},"content":{"rendered":"<p>Un cervo maschio legato a una pianta, immobilizzato da una rete di plastica. \u00c8 l\u2019allarme lanciato da un cittadino verso le 12 di mercoledi 28 novembre, al servizio Tutela fauna e flora della Citt\u00e0 metropolitana di Torino. <!--more-->Gli agenti faunistico ambientali si sono recati immediatamente sul posto, Borgata Santa Maria nel Comune di Novalesa, e si sono subito resi conto che avrebbero dovuto agire d&#8217;urgenza per liberare l&#8217;animale, un esemplare maschio di circa 3 anni in ottimo stato di salute, che dibattendosi forsennatamente per liberarsi avrebbe rischiato la frattura delle vertebre del collo.<\/p>\n<p>Con una robusta corda hanno assicurato la stanga del palco, non impigliata dalla rete, a un albero e dopo aver immobilizzato il cervo hanno provveduto a tagliare la rete, restituendogli cos\u00ec la libert\u00e0. Qui il video della liberazione dell&#8217;animale.<\/p>\n<p><iframe loading=\"lazy\" title=\"Il cervo liberato\" width=\"840\" height=\"473\" src=\"https:\/\/www.youtube.com\/embed\/Y5j7GeZrEZY?feature=oembed\" frameborder=\"0\" allow=\"accelerometer; autoplay; clipboard-write; encrypted-media; gyroscope; picture-in-picture; web-share\" allowfullscreen><\/iframe><\/p>\n<p>La consigliera delegata all\u2019ambiente e vigilanza ambientale, Barbara Azzar\u00e0, ringrazia i cittadini che hanno prontamente allertato gli agenti e ricorda che la fauna selvatica in difficolt\u00e0 pu\u00f2 rappresentare un serio pericolo per l\u2019incolumit\u00e0 dell\u2019uomo.<\/p>\n<p>In caso di necessit\u00e0 occorre dunque avvisare il servizio metropolitano di Tutela fauna e flora telefonando ai numeri 011.8616982, 011.8616987 e 349.4163347, rimanendo possibilmente nelle vicinanze per indicare il luogo preciso in cui intervenire per porre in salvo l\u2019animale.<\/p>\n","protected":false},"excerpt":{"rendered":"<p>Un cervo maschio legato a una pianta, immobilizzato da una rete di plastica. \u00c8 l\u2019allarme lanciato da un cittadino verso le 12 di mercoledi 28 novembre, al servizio Tutela fauna e flora della Citt\u00e0 metropolitana di Torino.<\/p>\n","protected":false},"author":34,"featured_media":1838,"comment_status":"open","ping_status":"closed","sticky":false,"template":"","format":"standard","meta":{"footnotes":""},"categories":[1],"tags":[1163],"class_list":["post-1836","post","type-post","status-publish","format-standard","has-post-thumbnail","hentry","category-quattro-zampe","tag-cervo"],"yoast_head":"<!-- This site is optimized with the Yoast SEO plugin v27.1.1 - https:\/\/yoast.com\/product\/yoast-seo-wordpress\/ -->\n<title>Il video della liberazione del cervo impigliato in una rete di plastica a Novalesa - Quattro zampe e dintorni<\/title>\n<meta name=\"description\" content=\"Un cervo maschio legato a una pianta, immobilizzato da una rete di plastica. \u00c8 l\u2019allarme lanciato da un cittadino verso le 12 di mercoledi 28 novembre, al\" \/>\n<meta name=\"robots\" content=\"index, follow, max-snippet:-1, max-image-preview:large, max-video-preview:-1\" \/>\n<link rel=\"canonical\" href=\"https:\/\/web.quotidianopiemontese.it\/quattrozampeedintorni\/il-video-della-liberazione-del-cervo-impigliato-in-una-rete-di-plastica-a-novalesa\/\" \/>\n<meta property=\"og:locale\" content=\"it_IT\" \/>\n<meta property=\"og:type\" content=\"article\" \/>\n<meta property=\"og:title\" content=\"Il video della liberazione del cervo impigliato in una rete di plastica a Novalesa - Quattro zampe e dintorni\" \/>\n<meta property=\"og:description\" content=\"Un cervo maschio legato a una pianta, immobilizzato da una rete di plastica. \u00c8 l\u2019allarme lanciato da un cittadino verso le 12 di mercoledi 28 novembre, al\" \/>\n<meta property=\"og:url\" content=\"https:\/\/web.quotidianopiemontese.it\/quattrozampeedintorni\/il-video-della-liberazione-del-cervo-impigliato-in-una-rete-di-plastica-a-novalesa\/\" \/>\n<meta property=\"og:site_name\" content=\"Quattro zampe e dintorni\" \/>\n<meta property=\"article:publisher\" content=\"https:\/\/www.facebook.com\/quotidianopiemontese?fref=ts\" \/>\n<meta property=\"article:author\" content=\"gabriele.farina\" \/>\n<meta property=\"article:published_time\" content=\"2018-11-29T10:08:16+00:00\" \/>\n<meta property=\"og:image\" content=\"https:\/\/web.quotidianopiemontese.it\/quattrozampeedintorni\/files\/2018\/11\/video-cervo-rete-plastica.jpg\" \/>\n\t<meta property=\"og:image:width\" content=\"2560\" \/>\n\t<meta property=\"og:image:height\" content=\"1440\" \/>\n\t<meta property=\"og:image:type\" content=\"image\/jpeg\" \/>\n<meta name=\"author\" content=\"Gabriele Farina\" \/>\n<meta name=\"twitter:label1\" content=\"Scritto da\" \/>\n\t<meta name=\"twitter:data1\" content=\"Gabriele Farina\" \/>\n\t<meta name=\"twitter:label2\" content=\"Tempo di lettura stimato\" \/>\n\t<meta name=\"twitter:data2\" content=\"1 minuto\" \/>\n<script type=\"application\/ld+json\" class=\"yoast-schema-graph\">{\"@context\":\"https:\/\/schema.org\",\"@graph\":[{\"@type\":\"Article\",\"@id\":\"https:\/\/web.quotidianopiemontese.it\/quattrozampeedintorni\/il-video-della-liberazione-del-cervo-impigliato-in-una-rete-di-plastica-a-novalesa\/#article\",\"isPartOf\":{\"@id\":\"https:\/\/web.quotidianopiemontese.it\/quattrozampeedintorni\/il-video-della-liberazione-del-cervo-impigliato-in-una-rete-di-plastica-a-novalesa\/\"},\"author\":{\"name\":\"Gabriele Farina\",\"@id\":\"https:\/\/web.quotidianopiemontese.it\/quattrozampeedintorni\/#\/schema\/person\/3d4a46ba85e808ba27b5c97af2f74c32\"},\"headline\":\"Il video della liberazione del cervo impigliato in una rete di plastica a Novalesa\",\"datePublished\":\"2018-11-29T10:08:16+00:00\",\"mainEntityOfPage\":{\"@id\":\"https:\/\/web.quotidianopiemontese.it\/quattrozampeedintorni\/il-video-della-liberazione-del-cervo-impigliato-in-una-rete-di-plastica-a-novalesa\/\"},\"wordCount\":229,\"commentCount\":0,\"image\":{\"@id\":\"https:\/\/web.quotidianopiemontese.it\/quattrozampeedintorni\/il-video-della-liberazione-del-cervo-impigliato-in-una-rete-di-plastica-a-novalesa\/#primaryimage\"},\"thumbnailUrl\":\"https:\/\/web.quotidianopiemontese.it\/quattrozampeedintorni\/files\/2018\/11\/video-cervo-rete-plastica.jpg\",\"keywords\":[\"cervo\"],\"articleSection\":[\"Quattro zampe\"],\"inLanguage\":\"it-IT\",\"potentialAction\":[{\"@type\":\"CommentAction\",\"name\":\"Comment\",\"target\":[\"https:\/\/web.quotidianopiemontese.it\/quattrozampeedintorni\/il-video-della-liberazione-del-cervo-impigliato-in-una-rete-di-plastica-a-novalesa\/#respond\"]}]},{\"@type\":\"WebPage\",\"@id\":\"https:\/\/web.quotidianopiemontese.it\/quattrozampeedintorni\/il-video-della-liberazione-del-cervo-impigliato-in-una-rete-di-plastica-a-novalesa\/\",\"url\":\"https:\/\/web.quotidianopiemontese.it\/quattrozampeedintorni\/il-video-della-liberazione-del-cervo-impigliato-in-una-rete-di-plastica-a-novalesa\/\",\"name\":\"Il video della liberazione del cervo impigliato in una rete di plastica a Novalesa - Quattro zampe e dintorni\",\"isPartOf\":{\"@id\":\"https:\/\/web.quotidianopiemontese.it\/quattrozampeedintorni\/#website\"},\"primaryImageOfPage\":{\"@id\":\"https:\/\/web.quotidianopiemontese.it\/quattrozampeedintorni\/il-video-della-liberazione-del-cervo-impigliato-in-una-rete-di-plastica-a-novalesa\/#primaryimage\"},\"image\":{\"@id\":\"https:\/\/web.quotidianopiemontese.it\/quattrozampeedintorni\/il-video-della-liberazione-del-cervo-impigliato-in-una-rete-di-plastica-a-novalesa\/#primaryimage\"},\"thumbnailUrl\":\"https:\/\/web.quotidianopiemontese.it\/quattrozampeedintorni\/files\/2018\/11\/video-cervo-rete-plastica.jpg\",\"datePublished\":\"2018-11-29T10:08:16+00:00\",\"author\":{\"@id\":\"https:\/\/web.quotidianopiemontese.it\/quattrozampeedintorni\/#\/schema\/person\/3d4a46ba85e808ba27b5c97af2f74c32\"},\"description\":\"Un cervo maschio legato a una pianta, immobilizzato da una rete di plastica. \u00c8 l\u2019allarme lanciato da un cittadino verso le 12 di mercoledi 28 novembre, al\",\"breadcrumb\":{\"@id\":\"https:\/\/web.quotidianopiemontese.it\/quattrozampeedintorni\/il-video-della-liberazione-del-cervo-impigliato-in-una-rete-di-plastica-a-novalesa\/#breadcrumb\"},\"inLanguage\":\"it-IT\",\"potentialAction\":[{\"@type\":\"ReadAction\",\"target\":[\"https:\/\/web.quotidianopiemontese.it\/quattrozampeedintorni\/il-video-della-liberazione-del-cervo-impigliato-in-una-rete-di-plastica-a-novalesa\/\"]}]},{\"@type\":\"ImageObject\",\"inLanguage\":\"it-IT\",\"@id\":\"https:\/\/web.quotidianopiemontese.it\/quattrozampeedintorni\/il-video-della-liberazione-del-cervo-impigliato-in-una-rete-di-plastica-a-novalesa\/#primaryimage\",\"url\":\"https:\/\/web.quotidianopiemontese.it\/quattrozampeedintorni\/files\/2018\/11\/video-cervo-rete-plastica.jpg\",\"contentUrl\":\"https:\/\/web.quotidianopiemontese.it\/quattrozampeedintorni\/files\/2018\/11\/video-cervo-rete-plastica.jpg\",\"width\":2560,\"height\":1440},{\"@type\":\"BreadcrumbList\",\"@id\":\"https:\/\/web.quotidianopiemontese.it\/quattrozampeedintorni\/il-video-della-liberazione-del-cervo-impigliato-in-una-rete-di-plastica-a-novalesa\/#breadcrumb\",\"itemListElement\":[{\"@type\":\"ListItem\",\"position\":1,\"name\":\"Home\",\"item\":\"https:\/\/web.quotidianopiemontese.it\/quattrozampeedintorni\/\"},{\"@type\":\"ListItem\",\"position\":2,\"name\":\"Il video della liberazione del cervo impigliato in una rete di plastica a Novalesa\"}]},{\"@type\":\"WebSite\",\"@id\":\"https:\/\/web.quotidianopiemontese.it\/quattrozampeedintorni\/#website\",\"url\":\"https:\/\/web.quotidianopiemontese.it\/quattrozampeedintorni\/\",\"name\":\"Quattro zampe e dintorni\",\"description\":\"Quotidiano Piemontese\",\"potentialAction\":[{\"@type\":\"SearchAction\",\"target\":{\"@type\":\"EntryPoint\",\"urlTemplate\":\"https:\/\/web.quotidianopiemontese.it\/quattrozampeedintorni\/?s={search_term_string}\"},\"query-input\":{\"@type\":\"PropertyValueSpecification\",\"valueRequired\":true,\"valueName\":\"search_term_string\"}}],\"inLanguage\":\"it-IT\"},{\"@type\":\"Person\",\"@id\":\"https:\/\/web.quotidianopiemontese.it\/quattrozampeedintorni\/#\/schema\/person\/3d4a46ba85e808ba27b5c97af2f74c32\",\"name\":\"Gabriele Farina\",\"image\":{\"@type\":\"ImageObject\",\"inLanguage\":\"it-IT\",\"@id\":\"https:\/\/web.quotidianopiemontese.it\/quattrozampeedintorni\/#\/schema\/person\/image\/\",\"url\":\"https:\/\/secure.gravatar.com\/avatar\/17d631b633e16668ca195d50c5134af46a193f4fdaad431b46e8453b6acfd836?s=96&d=mm&r=g\",\"contentUrl\":\"https:\/\/secure.gravatar.com\/avatar\/17d631b633e16668ca195d50c5134af46a193f4fdaad431b46e8453b6acfd836?s=96&d=mm&r=g\",\"caption\":\"Gabriele Farina\"},\"description\":\"Blogger, scrittore, regista, poeta, in fondo narratore di storie. Nel 2005 nasce il suo storico blog Vita di un IO\",\"sameAs\":[\"gabriele.farina\",\"https:\/\/x.com\/solops\"],\"url\":\"https:\/\/web.quotidianopiemontese.it\/quattrozampeedintorni\/author\/gabriele-farina\/\"}]}<\/script>\n<!-- \/ Yoast SEO plugin. -->","yoast_head_json":{"title":"Il video della liberazione del cervo impigliato in una rete di plastica a Novalesa - Quattro zampe e dintorni","description":"Un cervo maschio legato a una pianta, immobilizzato da una rete di plastica. \u00c8 l\u2019allarme lanciato da un cittadino verso le 12 di mercoledi 28 novembre, al","robots":{"index":"index","follow":"follow","max-snippet":"max-snippet:-1","max-image-preview":"max-image-preview:large","max-video-preview":"max-video-preview:-1"},"canonical":"https:\/\/web.quotidianopiemontese.it\/quattrozampeedintorni\/il-video-della-liberazione-del-cervo-impigliato-in-una-rete-di-plastica-a-novalesa\/","og_locale":"it_IT","og_type":"article","og_title":"Il video della liberazione del cervo impigliato in una rete di plastica a Novalesa - Quattro zampe e dintorni","og_description":"Un cervo maschio legato a una pianta, immobilizzato da una rete di plastica. \u00c8 l\u2019allarme lanciato da un cittadino verso le 12 di mercoledi 28 novembre, al","og_url":"https:\/\/web.quotidianopiemontese.it\/quattrozampeedintorni\/il-video-della-liberazione-del-cervo-impigliato-in-una-rete-di-plastica-a-novalesa\/","og_site_name":"Quattro zampe e dintorni","article_publisher":"https:\/\/www.facebook.com\/quotidianopiemontese?fref=ts","article_author":"gabriele.farina","article_published_time":"2018-11-29T10:08:16+00:00","og_image":[{"width":2560,"height":1440,"url":"https:\/\/web.quotidianopiemontese.it\/quattrozampeedintorni\/files\/2018\/11\/video-cervo-rete-plastica.jpg","type":"image\/jpeg"}],"author":"Gabriele Farina","twitter_misc":{"Scritto da":"Gabriele Farina","Tempo di lettura stimato":"1 minuto"},"schema":{"@context":"https:\/\/schema.org","@graph":[{"@type":"Article","@id":"https:\/\/web.quotidianopiemontese.it\/quattrozampeedintorni\/il-video-della-liberazione-del-cervo-impigliato-in-una-rete-di-plastica-a-novalesa\/#article","isPartOf":{"@id":"https:\/\/web.quotidianopiemontese.it\/quattrozampeedintorni\/il-video-della-liberazione-del-cervo-impigliato-in-una-rete-di-plastica-a-novalesa\/"},"author":{"name":"Gabriele Farina","@id":"https:\/\/web.quotidianopiemontese.it\/quattrozampeedintorni\/#\/schema\/person\/3d4a46ba85e808ba27b5c97af2f74c32"},"headline":"Il video della liberazione del cervo impigliato in una rete di plastica a Novalesa","datePublished":"2018-11-29T10:08:16+00:00","mainEntityOfPage":{"@id":"https:\/\/web.quotidianopiemontese.it\/quattrozampeedintorni\/il-video-della-liberazione-del-cervo-impigliato-in-una-rete-di-plastica-a-novalesa\/"},"wordCount":229,"commentCount":0,"image":{"@id":"https:\/\/web.quotidianopiemontese.it\/quattrozampeedintorni\/il-video-della-liberazione-del-cervo-impigliato-in-una-rete-di-plastica-a-novalesa\/#primaryimage"},"thumbnailUrl":"https:\/\/web.quotidianopiemontese.it\/quattrozampeedintorni\/files\/2018\/11\/video-cervo-rete-plastica.jpg","keywords":["cervo"],"articleSection":["Quattro zampe"],"inLanguage":"it-IT","potentialAction":[{"@type":"CommentAction","name":"Comment","target":["https:\/\/web.quotidianopiemontese.it\/quattrozampeedintorni\/il-video-della-liberazione-del-cervo-impigliato-in-una-rete-di-plastica-a-novalesa\/#respond"]}]},{"@type":"WebPage","@id":"https:\/\/web.quotidianopiemontese.it\/quattrozampeedintorni\/il-video-della-liberazione-del-cervo-impigliato-in-una-rete-di-plastica-a-novalesa\/","url":"https:\/\/web.quotidianopiemontese.it\/quattrozampeedintorni\/il-video-della-liberazione-del-cervo-impigliato-in-una-rete-di-plastica-a-novalesa\/","name":"Il video della liberazione del cervo impigliato in una rete di plastica a Novalesa - Quattro zampe e dintorni","isPartOf":{"@id":"https:\/\/web.quotidianopiemontese.it\/quattrozampeedintorni\/#website"},"primaryImageOfPage":{"@id":"https:\/\/web.quotidianopiemontese.it\/quattrozampeedintorni\/il-video-della-liberazione-del-cervo-impigliato-in-una-rete-di-plastica-a-novalesa\/#primaryimage"},"image":{"@id":"https:\/\/web.quotidianopiemontese.it\/quattrozampeedintorni\/il-video-della-liberazione-del-cervo-impigliato-in-una-rete-di-plastica-a-novalesa\/#primaryimage"},"thumbnailUrl":"https:\/\/web.quotidianopiemontese.it\/quattrozampeedintorni\/files\/2018\/11\/video-cervo-rete-plastica.jpg","datePublished":"2018-11-29T10:08:16+00:00","author":{"@id":"https:\/\/web.quotidianopiemontese.it\/quattrozampeedintorni\/#\/schema\/person\/3d4a46ba85e808ba27b5c97af2f74c32"},"description":"Un cervo maschio legato a una pianta, immobilizzato da una rete di plastica. \u00c8 l\u2019allarme lanciato da un cittadino verso le 12 di mercoledi 28 novembre, al","breadcrumb":{"@id":"https:\/\/web.quotidianopiemontese.it\/quattrozampeedintorni\/il-video-della-liberazione-del-cervo-impigliato-in-una-rete-di-plastica-a-novalesa\/#breadcrumb"},"inLanguage":"it-IT","potentialAction":[{"@type":"ReadAction","target":["https:\/\/web.quotidianopiemontese.it\/quattrozampeedintorni\/il-video-della-liberazione-del-cervo-impigliato-in-una-rete-di-plastica-a-novalesa\/"]}]},{"@type":"ImageObject","inLanguage":"it-IT","@id":"https:\/\/web.quotidianopiemontese.it\/quattrozampeedintorni\/il-video-della-liberazione-del-cervo-impigliato-in-una-rete-di-plastica-a-novalesa\/#primaryimage","url":"https:\/\/web.quotidianopiemontese.it\/quattrozampeedintorni\/files\/2018\/11\/video-cervo-rete-plastica.jpg","contentUrl":"https:\/\/web.quotidianopiemontese.it\/quattrozampeedintorni\/files\/2018\/11\/video-cervo-rete-plastica.jpg","width":2560,"height":1440},{"@type":"BreadcrumbList","@id":"https:\/\/web.quotidianopiemontese.it\/quattrozampeedintorni\/il-video-della-liberazione-del-cervo-impigliato-in-una-rete-di-plastica-a-novalesa\/#breadcrumb","itemListElement":[{"@type":"ListItem","position":1,"name":"Home","item":"https:\/\/web.quotidianopiemontese.it\/quattrozampeedintorni\/"},{"@type":"ListItem","position":2,"name":"Il video della liberazione del cervo impigliato in una rete di plastica a Novalesa"}]},{"@type":"WebSite","@id":"https:\/\/web.quotidianopiemontese.it\/quattrozampeedintorni\/#website","url":"https:\/\/web.quotidianopiemontese.it\/quattrozampeedintorni\/","name":"Quattro zampe e dintorni","description":"Quotidiano Piemontese","potentialAction":[{"@type":"SearchAction","target":{"@type":"EntryPoint","urlTemplate":"https:\/\/web.quotidianopiemontese.it\/quattrozampeedintorni\/?s={search_term_string}"},"query-input":{"@type":"PropertyValueSpecification","valueRequired":true,"valueName":"search_term_string"}}],"inLanguage":"it-IT"},{"@type":"Person","@id":"https:\/\/web.quotidianopiemontese.it\/quattrozampeedintorni\/#\/schema\/person\/3d4a46ba85e808ba27b5c97af2f74c32","name":"Gabriele Farina","image":{"@type":"ImageObject","inLanguage":"it-IT","@id":"https:\/\/web.quotidianopiemontese.it\/quattrozampeedintorni\/#\/schema\/person\/image\/","url":"https:\/\/secure.gravatar.com\/avatar\/17d631b633e16668ca195d50c5134af46a193f4fdaad431b46e8453b6acfd836?s=96&d=mm&r=g","contentUrl":"https:\/\/secure.gravatar.com\/avatar\/17d631b633e16668ca195d50c5134af46a193f4fdaad431b46e8453b6acfd836?s=96&d=mm&r=g","caption":"Gabriele Farina"},"description":"Blogger, scrittore, regista, poeta, in fondo narratore di storie. Nel 2005 nasce il suo storico blog Vita di un IO","sameAs":["gabriele.farina","https:\/\/x.com\/solops"],"url":"https:\/\/web.quotidianopiemontese.it\/quattrozampeedintorni\/author\/gabriele-farina\/"}]}},"_links":{"self":[{"href":"https:\/\/web.quotidianopiemontese.it\/quattrozampeedintorni\/wp-json\/wp\/v2\/posts\/1836","targetHints":{"allow":["GET"]}}],"collection":[{"href":"https:\/\/web.quotidianopiemontese.it\/quattrozampeedintorni\/wp-json\/wp\/v2\/posts"}],"about":[{"href":"https:\/\/web.quotidianopiemontese.it\/quattrozampeedintorni\/wp-json\/wp\/v2\/types\/post"}],"author":[{"embeddable":true,"href":"https:\/\/web.quotidianopiemontese.it\/quattrozampeedintorni\/wp-json\/wp\/v2\/users\/34"}],"replies":[{"embeddable":true,"href":"https:\/\/web.quotidianopiemontese.it\/quattrozampeedintorni\/wp-json\/wp\/v2\/comments?post=1836"}],"version-history":[{"count":0,"href":"https:\/\/web.quotidianopiemontese.it\/quattrozampeedintorni\/wp-json\/wp\/v2\/posts\/1836\/revisions"}],"wp:featuredmedia":[{"embeddable":true,"href":"https:\/\/web.quotidianopiemontese.it\/quattrozampeedintorni\/wp-json\/wp\/v2\/media\/1838"}],"wp:attachment":[{"href":"https:\/\/web.quotidianopiemontese.it\/quattrozampeedintorni\/wp-json\/wp\/v2\/media?parent=1836"}],"wp:term":[{"taxonomy":"category","embeddable":true,"href":"https:\/\/web.quotidianopiemontese.it\/quattrozampeedintorni\/wp-json\/wp\/v2\/categories?post=1836"},{"taxonomy":"post_tag","embeddable":true,"href":"https:\/\/web.quotidianopiemontese.it\/quattrozampeedintorni\/wp-json\/wp\/v2\/tags?post=1836"}],"curies":[{"name":"wp","href":"https:\/\/api.w.org\/{rel}","templated":true}]}}