{"id":1644,"date":"2017-09-05T09:29:59","date_gmt":"2017-09-05T08:29:59","guid":{"rendered":"http:\/\/www.quotidianopiemontese.it\/quattrozampeedintorni\/?p=1644"},"modified":"2017-09-05T10:20:33","modified_gmt":"2017-09-05T09:20:33","slug":"centinaia-bulldog-inglesi-attesi-bardonecchia-15-bulldogday-solidale-del-c-b","status":"publish","type":"post","link":"https:\/\/web.quotidianopiemontese.it\/quattrozampeedintorni\/centinaia-bulldog-inglesi-attesi-bardonecchia-15-bulldogday-solidale-del-c-b\/","title":{"rendered":"Il 10 settembre a Bra la  Giornata dell\u2019Amicizia a 6 Zampe"},"content":{"rendered":"<p>Il 10 Settembre ATA-PC Italia e l\u2019 Art Caf\u00e8, Organizzano a Bandito (BRA) in Via Visconti Venosta una giornata dedicata all\u2019 amico dell\u2019animale per eccellenza, il CANE e alla sua famiglia adottiva.<!--more--><\/p>\n<p>La giornata dell\u2019amicizia a 6 zampe vuole dimostrare che un cane in un ambiente ideale esprime il meglio di se, e la famiglia dedicandosi a lui fa altrettanto.<\/p>\n<p>L\u2019 evento \u00e8 dedicato alle famiglie e al loro amico a 4 zampe, un\u2019occasione per divertirsi, stare insieme ad altri, condividere le proprie esperienze soprattutto, per capire e proteggere al meglio il proprio amico cane.<\/p>\n<p>La giornata dell\u2019amicizia a 6 zampe organizzata dall\u2019 Associazione ATA-PC Italia Onlus, prevede anche un momento goliardico, con una divertentissima sfilata, che prevede la premiazione per il cane e il suo conduttore, di fatto i premi saranno dedicati al cane pi\u00f9 simpatico e vivace, esempio di giusta e opportuna detenzione, quello pi\u00f9 socievole con gli altri animali e umani, ed infine verr\u00e0 premiata la coppia cane detentore pi\u00f9 affiatata.<\/p>\n<p>Una sfilata che vuole mettere in evidenza non la bellezza esteriore del cane, ma quella interiore, l\u2019affiatamento con la famiglia adottiva e non solo, un momento che possa mettere in evidenza non l\u2019aggressivit\u00e0, non la razza, non la bellezza, del cane, ma qualcosa di molto pi\u00f9 importante, il cuore.<\/p>\n<p>La giornata oltre alla sfilata, vedr\u00e0 riunirsi tanti amici e amanti degli animali, che potranno chiedere delucidazioni e informazioni agli esperti presenti, inerenti le normative a tutela degli animali, dubbi e perplessit\u00e0 su come comportarsi e come trattare al meglio il proprio animale.<\/p>\n<p>L\u2019 evento inizier\u00e0 alle ore 15.00 e terminer\u00e0 con un aperitivo alle ore 18.00 presso l\u2019 Art Caf\u00e8, con la partecipazione alla sfilata e, con la consumazione dell\u2019 aperitivo all\u2019 Art Caf\u00e8, i partecipanti aiuteranno molti animali meno fortunati.<\/p>\n<p>Durante l\u2019evento \u00e8 possibile raccogliere anche cibo per animali in difficolt\u00e0.<\/p>\n<p>Il Presidente dell\u2019 ATA-PC Italia Onlus Rossano Maria, esorta la partecipazione di tutti affermando: \u201c \u00e8 un momento di gioia, vogliamo che le persone vengano in massa con i loro animali, ed eventuali figli, vogliamo che possano scambiarsi opinioni, esperienze, e perch\u00e9 no, fare nuove amicizie, e alla fine assaggiare le prelibatezze con un buon aperitivo che non guasta mai, la nostra Associazione \u00e8 da 20 che salva animali sul territorio Cuneese, con questo evento vogliamo anche ringraziare tutte le persone che ci hanno sostenuto, che hanno adottato cani, gatti e tanti altri animali\u201d.<\/p>\n<p>Per informazioni ATA-PC Italia Onlus e-mail info@atapc.it tel 3296020541 www.atapc.it<\/p>\n","protected":false},"excerpt":{"rendered":"<p>Il 10 Settembre ATA-PC Italia e l\u2019 Art Caf\u00e8, Organizzano a Bandito (BRA) in Via Visconti Venosta una giornata dedicata all\u2019 amico dell\u2019animale per eccellenza, il CANE e alla sua famiglia adottiva.<\/p>\n","protected":false},"author":34,"featured_media":1645,"comment_status":"open","ping_status":"closed","sticky":false,"template":"","format":"standard","meta":{"footnotes":""},"categories":[1],"tags":[425],"class_list":["post-1644","post","type-post","status-publish","format-standard","has-post-thumbnail","hentry","category-quattro-zampe","tag-bulldog"],"yoast_head":"<!-- This site is optimized with the Yoast SEO plugin v27.1.1 - https:\/\/yoast.com\/product\/yoast-seo-wordpress\/ -->\n<title>Il 10 settembre a Bra la Giornata dell\u2019Amicizia a 6 Zampe - Quattro zampe e dintorni<\/title>\n<meta name=\"description\" content=\"Il 10 Settembre ATA-PC Italia e l\u2019 Art Caf\u00e8, Organizzano a Bandito (BRA) in Via Visconti Venosta una giornata dedicata all\u2019 amico dell\u2019animale per\" \/>\n<meta name=\"robots\" content=\"index, follow, max-snippet:-1, max-image-preview:large, max-video-preview:-1\" \/>\n<link rel=\"canonical\" href=\"https:\/\/web.quotidianopiemontese.it\/quattrozampeedintorni\/centinaia-bulldog-inglesi-attesi-bardonecchia-15-bulldogday-solidale-del-c-b\/\" \/>\n<meta property=\"og:locale\" content=\"it_IT\" \/>\n<meta property=\"og:type\" content=\"article\" \/>\n<meta property=\"og:title\" content=\"Il 10 settembre a Bra la Giornata dell\u2019Amicizia a 6 Zampe - Quattro zampe e dintorni\" \/>\n<meta property=\"og:description\" content=\"Il 10 Settembre ATA-PC Italia e l\u2019 Art Caf\u00e8, Organizzano a Bandito (BRA) in Via Visconti Venosta una giornata dedicata all\u2019 amico dell\u2019animale per\" \/>\n<meta property=\"og:url\" content=\"https:\/\/web.quotidianopiemontese.it\/quattrozampeedintorni\/centinaia-bulldog-inglesi-attesi-bardonecchia-15-bulldogday-solidale-del-c-b\/\" \/>\n<meta property=\"og:site_name\" content=\"Quattro zampe e dintorni\" \/>\n<meta property=\"article:publisher\" content=\"https:\/\/www.facebook.com\/quotidianopiemontese?fref=ts\" \/>\n<meta property=\"article:author\" content=\"gabriele.farina\" \/>\n<meta property=\"article:published_time\" content=\"2017-09-05T08:29:59+00:00\" \/>\n<meta property=\"article:modified_time\" content=\"2017-09-05T09:20:33+00:00\" \/>\n<meta property=\"og:image\" content=\"https:\/\/web.quotidianopiemontese.it\/quattrozampeedintorni\/files\/2017\/09\/cane-padrone.jpg\" \/>\n\t<meta property=\"og:image:width\" content=\"640\" \/>\n\t<meta property=\"og:image:height\" content=\"436\" \/>\n\t<meta property=\"og:image:type\" content=\"image\/jpeg\" \/>\n<meta name=\"author\" content=\"Gabriele Farina\" \/>\n<meta name=\"twitter:label1\" content=\"Scritto da\" \/>\n\t<meta name=\"twitter:data1\" content=\"Gabriele Farina\" \/>\n\t<meta name=\"twitter:label2\" content=\"Tempo di lettura stimato\" \/>\n\t<meta name=\"twitter:data2\" content=\"2 minuti\" \/>\n<script type=\"application\/ld+json\" class=\"yoast-schema-graph\">{\"@context\":\"https:\/\/schema.org\",\"@graph\":[{\"@type\":\"Article\",\"@id\":\"https:\/\/web.quotidianopiemontese.it\/quattrozampeedintorni\/centinaia-bulldog-inglesi-attesi-bardonecchia-15-bulldogday-solidale-del-c-b\/#article\",\"isPartOf\":{\"@id\":\"https:\/\/web.quotidianopiemontese.it\/quattrozampeedintorni\/centinaia-bulldog-inglesi-attesi-bardonecchia-15-bulldogday-solidale-del-c-b\/\"},\"author\":{\"name\":\"Gabriele Farina\",\"@id\":\"http:\/\/web.quotidianopiemontese.it\/quattrozampeedintorni\/#\/schema\/person\/3d4a46ba85e808ba27b5c97af2f74c32\"},\"headline\":\"Il 10 settembre a Bra la Giornata dell\u2019Amicizia a 6 Zampe\",\"datePublished\":\"2017-09-05T08:29:59+00:00\",\"dateModified\":\"2017-09-05T09:20:33+00:00\",\"mainEntityOfPage\":{\"@id\":\"https:\/\/web.quotidianopiemontese.it\/quattrozampeedintorni\/centinaia-bulldog-inglesi-attesi-bardonecchia-15-bulldogday-solidale-del-c-b\/\"},\"wordCount\":418,\"commentCount\":0,\"image\":{\"@id\":\"https:\/\/web.quotidianopiemontese.it\/quattrozampeedintorni\/centinaia-bulldog-inglesi-attesi-bardonecchia-15-bulldogday-solidale-del-c-b\/#primaryimage\"},\"thumbnailUrl\":\"https:\/\/web.quotidianopiemontese.it\/quattrozampeedintorni\/files\/2017\/09\/cane-padrone.jpg\",\"keywords\":[\"bulldog\"],\"articleSection\":[\"Quattro zampe\"],\"inLanguage\":\"it-IT\",\"potentialAction\":[{\"@type\":\"CommentAction\",\"name\":\"Comment\",\"target\":[\"https:\/\/web.quotidianopiemontese.it\/quattrozampeedintorni\/centinaia-bulldog-inglesi-attesi-bardonecchia-15-bulldogday-solidale-del-c-b\/#respond\"]}]},{\"@type\":\"WebPage\",\"@id\":\"https:\/\/web.quotidianopiemontese.it\/quattrozampeedintorni\/centinaia-bulldog-inglesi-attesi-bardonecchia-15-bulldogday-solidale-del-c-b\/\",\"url\":\"https:\/\/web.quotidianopiemontese.it\/quattrozampeedintorni\/centinaia-bulldog-inglesi-attesi-bardonecchia-15-bulldogday-solidale-del-c-b\/\",\"name\":\"Il 10 settembre a Bra la Giornata dell\u2019Amicizia a 6 Zampe - Quattro zampe e dintorni\",\"isPartOf\":{\"@id\":\"http:\/\/web.quotidianopiemontese.it\/quattrozampeedintorni\/#website\"},\"primaryImageOfPage\":{\"@id\":\"https:\/\/web.quotidianopiemontese.it\/quattrozampeedintorni\/centinaia-bulldog-inglesi-attesi-bardonecchia-15-bulldogday-solidale-del-c-b\/#primaryimage\"},\"image\":{\"@id\":\"https:\/\/web.quotidianopiemontese.it\/quattrozampeedintorni\/centinaia-bulldog-inglesi-attesi-bardonecchia-15-bulldogday-solidale-del-c-b\/#primaryimage\"},\"thumbnailUrl\":\"https:\/\/web.quotidianopiemontese.it\/quattrozampeedintorni\/files\/2017\/09\/cane-padrone.jpg\",\"datePublished\":\"2017-09-05T08:29:59+00:00\",\"dateModified\":\"2017-09-05T09:20:33+00:00\",\"author\":{\"@id\":\"http:\/\/web.quotidianopiemontese.it\/quattrozampeedintorni\/#\/schema\/person\/3d4a46ba85e808ba27b5c97af2f74c32\"},\"description\":\"Il 10 Settembre ATA-PC Italia e l\u2019 Art Caf\u00e8, Organizzano a Bandito (BRA) in Via Visconti Venosta una giornata dedicata all\u2019 amico dell\u2019animale per\",\"breadcrumb\":{\"@id\":\"https:\/\/web.quotidianopiemontese.it\/quattrozampeedintorni\/centinaia-bulldog-inglesi-attesi-bardonecchia-15-bulldogday-solidale-del-c-b\/#breadcrumb\"},\"inLanguage\":\"it-IT\",\"potentialAction\":[{\"@type\":\"ReadAction\",\"target\":[\"https:\/\/web.quotidianopiemontese.it\/quattrozampeedintorni\/centinaia-bulldog-inglesi-attesi-bardonecchia-15-bulldogday-solidale-del-c-b\/\"]}]},{\"@type\":\"ImageObject\",\"inLanguage\":\"it-IT\",\"@id\":\"https:\/\/web.quotidianopiemontese.it\/quattrozampeedintorni\/centinaia-bulldog-inglesi-attesi-bardonecchia-15-bulldogday-solidale-del-c-b\/#primaryimage\",\"url\":\"https:\/\/web.quotidianopiemontese.it\/quattrozampeedintorni\/files\/2017\/09\/cane-padrone.jpg\",\"contentUrl\":\"https:\/\/web.quotidianopiemontese.it\/quattrozampeedintorni\/files\/2017\/09\/cane-padrone.jpg\",\"width\":640,\"height\":436,\"caption\":\"Frame da \\\"La carica dei 101\\\"\"},{\"@type\":\"BreadcrumbList\",\"@id\":\"https:\/\/web.quotidianopiemontese.it\/quattrozampeedintorni\/centinaia-bulldog-inglesi-attesi-bardonecchia-15-bulldogday-solidale-del-c-b\/#breadcrumb\",\"itemListElement\":[{\"@type\":\"ListItem\",\"position\":1,\"name\":\"Home\",\"item\":\"http:\/\/web.quotidianopiemontese.it\/quattrozampeedintorni\/\"},{\"@type\":\"ListItem\",\"position\":2,\"name\":\"Il 10 settembre a Bra la Giornata dell\u2019Amicizia a 6 Zampe\"}]},{\"@type\":\"WebSite\",\"@id\":\"http:\/\/web.quotidianopiemontese.it\/quattrozampeedintorni\/#website\",\"url\":\"http:\/\/web.quotidianopiemontese.it\/quattrozampeedintorni\/\",\"name\":\"Quattro zampe e dintorni\",\"description\":\"Quotidiano Piemontese\",\"potentialAction\":[{\"@type\":\"SearchAction\",\"target\":{\"@type\":\"EntryPoint\",\"urlTemplate\":\"http:\/\/web.quotidianopiemontese.it\/quattrozampeedintorni\/?s={search_term_string}\"},\"query-input\":{\"@type\":\"PropertyValueSpecification\",\"valueRequired\":true,\"valueName\":\"search_term_string\"}}],\"inLanguage\":\"it-IT\"},{\"@type\":\"Person\",\"@id\":\"http:\/\/web.quotidianopiemontese.it\/quattrozampeedintorni\/#\/schema\/person\/3d4a46ba85e808ba27b5c97af2f74c32\",\"name\":\"Gabriele Farina\",\"image\":{\"@type\":\"ImageObject\",\"inLanguage\":\"it-IT\",\"@id\":\"http:\/\/web.quotidianopiemontese.it\/quattrozampeedintorni\/#\/schema\/person\/image\/\",\"url\":\"https:\/\/secure.gravatar.com\/avatar\/17d631b633e16668ca195d50c5134af46a193f4fdaad431b46e8453b6acfd836?s=96&d=mm&r=g\",\"contentUrl\":\"https:\/\/secure.gravatar.com\/avatar\/17d631b633e16668ca195d50c5134af46a193f4fdaad431b46e8453b6acfd836?s=96&d=mm&r=g\",\"caption\":\"Gabriele Farina\"},\"description\":\"Blogger, scrittore, regista, poeta, in fondo narratore di storie. Nel 2005 nasce il suo storico blog Vita di un IO\",\"sameAs\":[\"gabriele.farina\",\"https:\/\/x.com\/solops\"],\"url\":\"https:\/\/web.quotidianopiemontese.it\/quattrozampeedintorni\/author\/gabriele-farina\/\"}]}<\/script>\n<!-- \/ Yoast SEO plugin. -->","yoast_head_json":{"title":"Il 10 settembre a Bra la Giornata dell\u2019Amicizia a 6 Zampe - Quattro zampe e dintorni","description":"Il 10 Settembre ATA-PC Italia e l\u2019 Art Caf\u00e8, Organizzano a Bandito (BRA) in Via Visconti Venosta una giornata dedicata all\u2019 amico dell\u2019animale per","robots":{"index":"index","follow":"follow","max-snippet":"max-snippet:-1","max-image-preview":"max-image-preview:large","max-video-preview":"max-video-preview:-1"},"canonical":"https:\/\/web.quotidianopiemontese.it\/quattrozampeedintorni\/centinaia-bulldog-inglesi-attesi-bardonecchia-15-bulldogday-solidale-del-c-b\/","og_locale":"it_IT","og_type":"article","og_title":"Il 10 settembre a Bra la Giornata dell\u2019Amicizia a 6 Zampe - Quattro zampe e dintorni","og_description":"Il 10 Settembre ATA-PC Italia e l\u2019 Art Caf\u00e8, Organizzano a Bandito (BRA) in Via Visconti Venosta una giornata dedicata all\u2019 amico dell\u2019animale per","og_url":"https:\/\/web.quotidianopiemontese.it\/quattrozampeedintorni\/centinaia-bulldog-inglesi-attesi-bardonecchia-15-bulldogday-solidale-del-c-b\/","og_site_name":"Quattro zampe e dintorni","article_publisher":"https:\/\/www.facebook.com\/quotidianopiemontese?fref=ts","article_author":"gabriele.farina","article_published_time":"2017-09-05T08:29:59+00:00","article_modified_time":"2017-09-05T09:20:33+00:00","og_image":[{"width":640,"height":436,"url":"https:\/\/web.quotidianopiemontese.it\/quattrozampeedintorni\/files\/2017\/09\/cane-padrone.jpg","type":"image\/jpeg"}],"author":"Gabriele Farina","twitter_misc":{"Scritto da":"Gabriele Farina","Tempo di lettura stimato":"2 minuti"},"schema":{"@context":"https:\/\/schema.org","@graph":[{"@type":"Article","@id":"https:\/\/web.quotidianopiemontese.it\/quattrozampeedintorni\/centinaia-bulldog-inglesi-attesi-bardonecchia-15-bulldogday-solidale-del-c-b\/#article","isPartOf":{"@id":"https:\/\/web.quotidianopiemontese.it\/quattrozampeedintorni\/centinaia-bulldog-inglesi-attesi-bardonecchia-15-bulldogday-solidale-del-c-b\/"},"author":{"name":"Gabriele Farina","@id":"http:\/\/web.quotidianopiemontese.it\/quattrozampeedintorni\/#\/schema\/person\/3d4a46ba85e808ba27b5c97af2f74c32"},"headline":"Il 10 settembre a Bra la Giornata dell\u2019Amicizia a 6 Zampe","datePublished":"2017-09-05T08:29:59+00:00","dateModified":"2017-09-05T09:20:33+00:00","mainEntityOfPage":{"@id":"https:\/\/web.quotidianopiemontese.it\/quattrozampeedintorni\/centinaia-bulldog-inglesi-attesi-bardonecchia-15-bulldogday-solidale-del-c-b\/"},"wordCount":418,"commentCount":0,"image":{"@id":"https:\/\/web.quotidianopiemontese.it\/quattrozampeedintorni\/centinaia-bulldog-inglesi-attesi-bardonecchia-15-bulldogday-solidale-del-c-b\/#primaryimage"},"thumbnailUrl":"https:\/\/web.quotidianopiemontese.it\/quattrozampeedintorni\/files\/2017\/09\/cane-padrone.jpg","keywords":["bulldog"],"articleSection":["Quattro zampe"],"inLanguage":"it-IT","potentialAction":[{"@type":"CommentAction","name":"Comment","target":["https:\/\/web.quotidianopiemontese.it\/quattrozampeedintorni\/centinaia-bulldog-inglesi-attesi-bardonecchia-15-bulldogday-solidale-del-c-b\/#respond"]}]},{"@type":"WebPage","@id":"https:\/\/web.quotidianopiemontese.it\/quattrozampeedintorni\/centinaia-bulldog-inglesi-attesi-bardonecchia-15-bulldogday-solidale-del-c-b\/","url":"https:\/\/web.quotidianopiemontese.it\/quattrozampeedintorni\/centinaia-bulldog-inglesi-attesi-bardonecchia-15-bulldogday-solidale-del-c-b\/","name":"Il 10 settembre a Bra la Giornata dell\u2019Amicizia a 6 Zampe - Quattro zampe e dintorni","isPartOf":{"@id":"http:\/\/web.quotidianopiemontese.it\/quattrozampeedintorni\/#website"},"primaryImageOfPage":{"@id":"https:\/\/web.quotidianopiemontese.it\/quattrozampeedintorni\/centinaia-bulldog-inglesi-attesi-bardonecchia-15-bulldogday-solidale-del-c-b\/#primaryimage"},"image":{"@id":"https:\/\/web.quotidianopiemontese.it\/quattrozampeedintorni\/centinaia-bulldog-inglesi-attesi-bardonecchia-15-bulldogday-solidale-del-c-b\/#primaryimage"},"thumbnailUrl":"https:\/\/web.quotidianopiemontese.it\/quattrozampeedintorni\/files\/2017\/09\/cane-padrone.jpg","datePublished":"2017-09-05T08:29:59+00:00","dateModified":"2017-09-05T09:20:33+00:00","author":{"@id":"http:\/\/web.quotidianopiemontese.it\/quattrozampeedintorni\/#\/schema\/person\/3d4a46ba85e808ba27b5c97af2f74c32"},"description":"Il 10 Settembre ATA-PC Italia e l\u2019 Art Caf\u00e8, Organizzano a Bandito (BRA) in Via Visconti Venosta una giornata dedicata all\u2019 amico dell\u2019animale per","breadcrumb":{"@id":"https:\/\/web.quotidianopiemontese.it\/quattrozampeedintorni\/centinaia-bulldog-inglesi-attesi-bardonecchia-15-bulldogday-solidale-del-c-b\/#breadcrumb"},"inLanguage":"it-IT","potentialAction":[{"@type":"ReadAction","target":["https:\/\/web.quotidianopiemontese.it\/quattrozampeedintorni\/centinaia-bulldog-inglesi-attesi-bardonecchia-15-bulldogday-solidale-del-c-b\/"]}]},{"@type":"ImageObject","inLanguage":"it-IT","@id":"https:\/\/web.quotidianopiemontese.it\/quattrozampeedintorni\/centinaia-bulldog-inglesi-attesi-bardonecchia-15-bulldogday-solidale-del-c-b\/#primaryimage","url":"https:\/\/web.quotidianopiemontese.it\/quattrozampeedintorni\/files\/2017\/09\/cane-padrone.jpg","contentUrl":"https:\/\/web.quotidianopiemontese.it\/quattrozampeedintorni\/files\/2017\/09\/cane-padrone.jpg","width":640,"height":436,"caption":"Frame da \"La carica dei 101\""},{"@type":"BreadcrumbList","@id":"https:\/\/web.quotidianopiemontese.it\/quattrozampeedintorni\/centinaia-bulldog-inglesi-attesi-bardonecchia-15-bulldogday-solidale-del-c-b\/#breadcrumb","itemListElement":[{"@type":"ListItem","position":1,"name":"Home","item":"http:\/\/web.quotidianopiemontese.it\/quattrozampeedintorni\/"},{"@type":"ListItem","position":2,"name":"Il 10 settembre a Bra la Giornata dell\u2019Amicizia a 6 Zampe"}]},{"@type":"WebSite","@id":"http:\/\/web.quotidianopiemontese.it\/quattrozampeedintorni\/#website","url":"http:\/\/web.quotidianopiemontese.it\/quattrozampeedintorni\/","name":"Quattro zampe e dintorni","description":"Quotidiano Piemontese","potentialAction":[{"@type":"SearchAction","target":{"@type":"EntryPoint","urlTemplate":"http:\/\/web.quotidianopiemontese.it\/quattrozampeedintorni\/?s={search_term_string}"},"query-input":{"@type":"PropertyValueSpecification","valueRequired":true,"valueName":"search_term_string"}}],"inLanguage":"it-IT"},{"@type":"Person","@id":"http:\/\/web.quotidianopiemontese.it\/quattrozampeedintorni\/#\/schema\/person\/3d4a46ba85e808ba27b5c97af2f74c32","name":"Gabriele Farina","image":{"@type":"ImageObject","inLanguage":"it-IT","@id":"http:\/\/web.quotidianopiemontese.it\/quattrozampeedintorni\/#\/schema\/person\/image\/","url":"https:\/\/secure.gravatar.com\/avatar\/17d631b633e16668ca195d50c5134af46a193f4fdaad431b46e8453b6acfd836?s=96&d=mm&r=g","contentUrl":"https:\/\/secure.gravatar.com\/avatar\/17d631b633e16668ca195d50c5134af46a193f4fdaad431b46e8453b6acfd836?s=96&d=mm&r=g","caption":"Gabriele Farina"},"description":"Blogger, scrittore, regista, poeta, in fondo narratore di storie. Nel 2005 nasce il suo storico blog Vita di un IO","sameAs":["gabriele.farina","https:\/\/x.com\/solops"],"url":"https:\/\/web.quotidianopiemontese.it\/quattrozampeedintorni\/author\/gabriele-farina\/"}]}},"_links":{"self":[{"href":"https:\/\/web.quotidianopiemontese.it\/quattrozampeedintorni\/wp-json\/wp\/v2\/posts\/1644","targetHints":{"allow":["GET"]}}],"collection":[{"href":"https:\/\/web.quotidianopiemontese.it\/quattrozampeedintorni\/wp-json\/wp\/v2\/posts"}],"about":[{"href":"https:\/\/web.quotidianopiemontese.it\/quattrozampeedintorni\/wp-json\/wp\/v2\/types\/post"}],"author":[{"embeddable":true,"href":"https:\/\/web.quotidianopiemontese.it\/quattrozampeedintorni\/wp-json\/wp\/v2\/users\/34"}],"replies":[{"embeddable":true,"href":"https:\/\/web.quotidianopiemontese.it\/quattrozampeedintorni\/wp-json\/wp\/v2\/comments?post=1644"}],"version-history":[{"count":0,"href":"https:\/\/web.quotidianopiemontese.it\/quattrozampeedintorni\/wp-json\/wp\/v2\/posts\/1644\/revisions"}],"wp:featuredmedia":[{"embeddable":true,"href":"https:\/\/web.quotidianopiemontese.it\/quattrozampeedintorni\/wp-json\/wp\/v2\/media\/1645"}],"wp:attachment":[{"href":"https:\/\/web.quotidianopiemontese.it\/quattrozampeedintorni\/wp-json\/wp\/v2\/media?parent=1644"}],"wp:term":[{"taxonomy":"category","embeddable":true,"href":"https:\/\/web.quotidianopiemontese.it\/quattrozampeedintorni\/wp-json\/wp\/v2\/categories?post=1644"},{"taxonomy":"post_tag","embeddable":true,"href":"https:\/\/web.quotidianopiemontese.it\/quattrozampeedintorni\/wp-json\/wp\/v2\/tags?post=1644"}],"curies":[{"name":"wp","href":"https:\/\/api.w.org\/{rel}","templated":true}]}}