{"id":1517,"date":"2015-07-27T16:03:56","date_gmt":"2015-07-27T15:03:56","guid":{"rendered":"http:\/\/www.quotidianopiemontese.it\/quattrozampeedintorni\/?p=1517"},"modified":"2015-07-27T16:03:56","modified_gmt":"2015-07-27T15:03:56","slug":"sequestrato-a-piasco-un-cane-in-condizioni-pietose-dalle-guardie-ecozoofile-a","status":"publish","type":"post","link":"https:\/\/web.quotidianopiemontese.it\/quattrozampeedintorni\/sequestrato-a-piasco-un-cane-in-condizioni-pietose-dalle-guardie-ecozoofile-a\/","title":{"rendered":"Sequestrato a Piasco un cane in condizioni pietose dalle Guardie Ecozoofile a"},"content":{"rendered":"<p>Questo \u00e8 quello che \u00e8 accaduto a Piasco (CN), in un cascinale ci sono 7 cani, di cui uno legato a catena privo di un idoneo ricovero e in condizioni di salute pessime, il cane di soli due anni \u00e8 letteralmente pelle e ossa,\u00a0 nonostante l&#8217; animale fosse a pelo lungo e bianco, il suo stato di magrezza \u00e8 visibile anche da <!--more-->lontano, cos\u00ec le Guardie Ecozoofile Anpana\u00a0intervengono ed eseguono un sequestro penale, convalidato dalla Procura di Cuneo che ha disposto che il cane venga curato presso apposita struttura.<\/p>\n<p>L&#8217; intervento ha visto anche la collaborazione della Polizia Locale, che conoscevano bene il caso, gli altri cani non sono ancora in condizioni da sequestro, ma se non si interviene per fornire loro la giusta alimentazione\u00a0 e cure mediche, si potrebbe arrivare al sequestro anche di questi.<\/p>\n<p>L&#8217;Anpana afferma che sono moltissime le segnalazioni giunte, i cittadini sono sempre pi\u00f9 sensibili a queste tematiche, di fatto tutti si chiedono del perch\u00e9 prendere un animale e poi infliggergli simili maltrattamenti, &#8220;troppo spesso ci poniamo anche noi questa domanda afferma Rossano dell&#8217;Anpana, noi vigileremo e interverremo in ogni caso possibile, presto speriamo di aumentare l&#8217; organico delle nostre Guardie Volontarie, stiamo raccogliendo le iscrizioni per un nuovo corso che partir\u00e0 a Settembre, in modo da essere sempre pi\u00f9 presenti e aiutare tanti animali in difficolt\u00e0.<\/p>\n<p>L&#8217;estate incombe e i maltrattamenti aumentano, molti cani vengono tenuti in condizioni incompatibili legati corti sotto il sole e senza acqua, &#8220;queste sono spesso le segnalazioni che ci vengono fatte afferma il Comandante Provinciale delle Guardie Anpana\u00a0Rossano Maria&#8221;, molti casi sono stati fortunatamente risolti con il buon senso dei proprietari, ma in altri purtroppo siamo costretti a intervenire drasticamente.<\/p>\n","protected":false},"excerpt":{"rendered":"<p>Questo \u00e8 quello che \u00e8 accaduto a Piasco (CN), in un cascinale ci sono 7 cani, di cui uno legato a catena privo di un idoneo ricovero e in condizioni di salute pessime, il cane di soli due anni \u00e8 letteralmente pelle e ossa,\u00a0 nonostante l&#8217; animale fosse a pelo lungo e bianco, il suo &hellip; <a href=\"https:\/\/web.quotidianopiemontese.it\/quattrozampeedintorni\/sequestrato-a-piasco-un-cane-in-condizioni-pietose-dalle-guardie-ecozoofile-a\/\" class=\"more-link\">Leggi tutto<span class=\"screen-reader-text\"> &#8220;Sequestrato a Piasco un cane in condizioni pietose dalle Guardie Ecozoofile a&#8221;<\/span><\/a><\/p>\n","protected":false},"author":1,"featured_media":1519,"comment_status":"open","ping_status":"closed","sticky":false,"template":"","format":"standard","meta":{"footnotes":""},"categories":[1],"tags":[21,1132],"class_list":["post-1517","post","type-post","status-publish","format-standard","has-post-thumbnail","hentry","category-quattro-zampe","tag-cani","tag-maltrattamenti"],"yoast_head":"<!-- This site is optimized with the Yoast SEO plugin v27.1.1 - https:\/\/yoast.com\/product\/yoast-seo-wordpress\/ -->\n<title>Sequestrato a Piasco un cane in condizioni pietose dalle Guardie Ecozoofile a - Quattro zampe e dintorni<\/title>\n<meta name=\"description\" content=\"Questo \u00e8 quello che \u00e8 accaduto a Piasco (CN), in un cascinale ci sono 7 cani, di cui uno legato a catena privo di un idoneo ricovero e in condizioni di\" \/>\n<meta name=\"robots\" content=\"index, follow, max-snippet:-1, max-image-preview:large, max-video-preview:-1\" \/>\n<link rel=\"canonical\" href=\"https:\/\/web.quotidianopiemontese.it\/quattrozampeedintorni\/sequestrato-a-piasco-un-cane-in-condizioni-pietose-dalle-guardie-ecozoofile-a\/\" \/>\n<meta property=\"og:locale\" content=\"it_IT\" \/>\n<meta property=\"og:type\" content=\"article\" \/>\n<meta property=\"og:title\" content=\"Sequestrato a Piasco un cane in condizioni pietose dalle Guardie Ecozoofile a - Quattro zampe e dintorni\" \/>\n<meta property=\"og:description\" content=\"Questo \u00e8 quello che \u00e8 accaduto a Piasco (CN), in un cascinale ci sono 7 cani, di cui uno legato a catena privo di un idoneo ricovero e in condizioni di\" \/>\n<meta property=\"og:url\" content=\"https:\/\/web.quotidianopiemontese.it\/quattrozampeedintorni\/sequestrato-a-piasco-un-cane-in-condizioni-pietose-dalle-guardie-ecozoofile-a\/\" \/>\n<meta property=\"og:site_name\" content=\"Quattro zampe e dintorni\" \/>\n<meta property=\"article:publisher\" content=\"https:\/\/www.facebook.com\/quotidianopiemontese?fref=ts\" \/>\n<meta property=\"article:author\" content=\"https:\/\/www.facebook.com\/quotidianopiemontese\" \/>\n<meta property=\"article:published_time\" content=\"2015-07-27T15:03:56+00:00\" \/>\n<meta property=\"og:image\" content=\"https:\/\/web.quotidianopiemontese.it\/quattrozampeedintorni\/files\/2015\/07\/cane-magrissimo.jpg\" \/>\n\t<meta property=\"og:image:width\" content=\"289\" \/>\n\t<meta property=\"og:image:height\" content=\"514\" \/>\n\t<meta property=\"og:image:type\" content=\"image\/jpeg\" \/>\n<meta name=\"author\" content=\"Redazione\" \/>\n<meta name=\"twitter:label1\" content=\"Scritto da\" \/>\n\t<meta name=\"twitter:data1\" content=\"Redazione\" \/>\n\t<meta name=\"twitter:label2\" content=\"Tempo di lettura stimato\" \/>\n\t<meta name=\"twitter:data2\" content=\"1 minuto\" \/>\n<script type=\"application\/ld+json\" class=\"yoast-schema-graph\">{\"@context\":\"https:\/\/schema.org\",\"@graph\":[{\"@type\":\"Article\",\"@id\":\"https:\/\/web.quotidianopiemontese.it\/quattrozampeedintorni\/sequestrato-a-piasco-un-cane-in-condizioni-pietose-dalle-guardie-ecozoofile-a\/#article\",\"isPartOf\":{\"@id\":\"https:\/\/web.quotidianopiemontese.it\/quattrozampeedintorni\/sequestrato-a-piasco-un-cane-in-condizioni-pietose-dalle-guardie-ecozoofile-a\/\"},\"author\":{\"name\":\"Redazione\",\"@id\":\"http:\/\/web.quotidianopiemontese.it\/quattrozampeedintorni\/#\/schema\/person\/92b86f27cfe3bd649bd878d4f9c88190\"},\"headline\":\"Sequestrato a Piasco un cane in condizioni pietose dalle Guardie Ecozoofile a\",\"datePublished\":\"2015-07-27T15:03:56+00:00\",\"mainEntityOfPage\":{\"@id\":\"https:\/\/web.quotidianopiemontese.it\/quattrozampeedintorni\/sequestrato-a-piasco-un-cane-in-condizioni-pietose-dalle-guardie-ecozoofile-a\/\"},\"wordCount\":293,\"commentCount\":0,\"image\":{\"@id\":\"https:\/\/web.quotidianopiemontese.it\/quattrozampeedintorni\/sequestrato-a-piasco-un-cane-in-condizioni-pietose-dalle-guardie-ecozoofile-a\/#primaryimage\"},\"thumbnailUrl\":\"https:\/\/web.quotidianopiemontese.it\/quattrozampeedintorni\/files\/2015\/07\/cane-magrissimo.jpg\",\"keywords\":[\"cani\",\"maltrattamenti\"],\"articleSection\":[\"Quattro zampe\"],\"inLanguage\":\"it-IT\",\"potentialAction\":[{\"@type\":\"CommentAction\",\"name\":\"Comment\",\"target\":[\"https:\/\/web.quotidianopiemontese.it\/quattrozampeedintorni\/sequestrato-a-piasco-un-cane-in-condizioni-pietose-dalle-guardie-ecozoofile-a\/#respond\"]}]},{\"@type\":\"WebPage\",\"@id\":\"https:\/\/web.quotidianopiemontese.it\/quattrozampeedintorni\/sequestrato-a-piasco-un-cane-in-condizioni-pietose-dalle-guardie-ecozoofile-a\/\",\"url\":\"https:\/\/web.quotidianopiemontese.it\/quattrozampeedintorni\/sequestrato-a-piasco-un-cane-in-condizioni-pietose-dalle-guardie-ecozoofile-a\/\",\"name\":\"Sequestrato a Piasco un cane in condizioni pietose dalle Guardie Ecozoofile a - Quattro zampe e dintorni\",\"isPartOf\":{\"@id\":\"http:\/\/web.quotidianopiemontese.it\/quattrozampeedintorni\/#website\"},\"primaryImageOfPage\":{\"@id\":\"https:\/\/web.quotidianopiemontese.it\/quattrozampeedintorni\/sequestrato-a-piasco-un-cane-in-condizioni-pietose-dalle-guardie-ecozoofile-a\/#primaryimage\"},\"image\":{\"@id\":\"https:\/\/web.quotidianopiemontese.it\/quattrozampeedintorni\/sequestrato-a-piasco-un-cane-in-condizioni-pietose-dalle-guardie-ecozoofile-a\/#primaryimage\"},\"thumbnailUrl\":\"https:\/\/web.quotidianopiemontese.it\/quattrozampeedintorni\/files\/2015\/07\/cane-magrissimo.jpg\",\"datePublished\":\"2015-07-27T15:03:56+00:00\",\"author\":{\"@id\":\"http:\/\/web.quotidianopiemontese.it\/quattrozampeedintorni\/#\/schema\/person\/92b86f27cfe3bd649bd878d4f9c88190\"},\"description\":\"Questo \u00e8 quello che \u00e8 accaduto a Piasco (CN), in un cascinale ci sono 7 cani, di cui uno legato a catena privo di un idoneo ricovero e in condizioni di\",\"breadcrumb\":{\"@id\":\"https:\/\/web.quotidianopiemontese.it\/quattrozampeedintorni\/sequestrato-a-piasco-un-cane-in-condizioni-pietose-dalle-guardie-ecozoofile-a\/#breadcrumb\"},\"inLanguage\":\"it-IT\",\"potentialAction\":[{\"@type\":\"ReadAction\",\"target\":[\"https:\/\/web.quotidianopiemontese.it\/quattrozampeedintorni\/sequestrato-a-piasco-un-cane-in-condizioni-pietose-dalle-guardie-ecozoofile-a\/\"]}]},{\"@type\":\"ImageObject\",\"inLanguage\":\"it-IT\",\"@id\":\"https:\/\/web.quotidianopiemontese.it\/quattrozampeedintorni\/sequestrato-a-piasco-un-cane-in-condizioni-pietose-dalle-guardie-ecozoofile-a\/#primaryimage\",\"url\":\"https:\/\/web.quotidianopiemontese.it\/quattrozampeedintorni\/files\/2015\/07\/cane-magrissimo.jpg\",\"contentUrl\":\"https:\/\/web.quotidianopiemontese.it\/quattrozampeedintorni\/files\/2015\/07\/cane-magrissimo.jpg\",\"width\":289,\"height\":514},{\"@type\":\"BreadcrumbList\",\"@id\":\"https:\/\/web.quotidianopiemontese.it\/quattrozampeedintorni\/sequestrato-a-piasco-un-cane-in-condizioni-pietose-dalle-guardie-ecozoofile-a\/#breadcrumb\",\"itemListElement\":[{\"@type\":\"ListItem\",\"position\":1,\"name\":\"Home\",\"item\":\"http:\/\/web.quotidianopiemontese.it\/quattrozampeedintorni\/\"},{\"@type\":\"ListItem\",\"position\":2,\"name\":\"Sequestrato a Piasco un cane in condizioni pietose dalle Guardie Ecozoofile a\"}]},{\"@type\":\"WebSite\",\"@id\":\"http:\/\/web.quotidianopiemontese.it\/quattrozampeedintorni\/#website\",\"url\":\"http:\/\/web.quotidianopiemontese.it\/quattrozampeedintorni\/\",\"name\":\"Quattro zampe e dintorni\",\"description\":\"Quotidiano Piemontese\",\"potentialAction\":[{\"@type\":\"SearchAction\",\"target\":{\"@type\":\"EntryPoint\",\"urlTemplate\":\"http:\/\/web.quotidianopiemontese.it\/quattrozampeedintorni\/?s={search_term_string}\"},\"query-input\":{\"@type\":\"PropertyValueSpecification\",\"valueRequired\":true,\"valueName\":\"search_term_string\"}}],\"inLanguage\":\"it-IT\"},{\"@type\":\"Person\",\"@id\":\"http:\/\/web.quotidianopiemontese.it\/quattrozampeedintorni\/#\/schema\/person\/92b86f27cfe3bd649bd878d4f9c88190\",\"name\":\"Redazione\",\"image\":{\"@type\":\"ImageObject\",\"inLanguage\":\"it-IT\",\"@id\":\"http:\/\/web.quotidianopiemontese.it\/quattrozampeedintorni\/#\/schema\/person\/image\/\",\"url\":\"https:\/\/secure.gravatar.com\/avatar\/fdce1b5a74767a43870aca54b0800bed88aab98b8098f69ac252d11aec8cdbe7?s=96&d=mm&r=g\",\"contentUrl\":\"https:\/\/secure.gravatar.com\/avatar\/fdce1b5a74767a43870aca54b0800bed88aab98b8098f69ac252d11aec8cdbe7?s=96&d=mm&r=g\",\"caption\":\"Redazione\"},\"description\":\"Quotidiano Piemontese: il sito di informazione pi\u00f9 letto del Piemonte : libero, tempestivo indipendente, social. L'hub sociale e informativo del Piemonte\",\"sameAs\":[\"http:\/\/www.quotidianopiemontese.it\/\",\"https:\/\/www.facebook.com\/quotidianopiemontese\",\"https:\/\/x.com\/quotidianopiem\"],\"url\":\"https:\/\/web.quotidianopiemontese.it\/quattrozampeedintorni\/author\/administrator\/\"}]}<\/script>\n<!-- \/ Yoast SEO plugin. -->","yoast_head_json":{"title":"Sequestrato a Piasco un cane in condizioni pietose dalle Guardie Ecozoofile a - Quattro zampe e dintorni","description":"Questo \u00e8 quello che \u00e8 accaduto a Piasco (CN), in un cascinale ci sono 7 cani, di cui uno legato a catena privo di un idoneo ricovero e in condizioni di","robots":{"index":"index","follow":"follow","max-snippet":"max-snippet:-1","max-image-preview":"max-image-preview:large","max-video-preview":"max-video-preview:-1"},"canonical":"https:\/\/web.quotidianopiemontese.it\/quattrozampeedintorni\/sequestrato-a-piasco-un-cane-in-condizioni-pietose-dalle-guardie-ecozoofile-a\/","og_locale":"it_IT","og_type":"article","og_title":"Sequestrato a Piasco un cane in condizioni pietose dalle Guardie Ecozoofile a - Quattro zampe e dintorni","og_description":"Questo \u00e8 quello che \u00e8 accaduto a Piasco (CN), in un cascinale ci sono 7 cani, di cui uno legato a catena privo di un idoneo ricovero e in condizioni di","og_url":"https:\/\/web.quotidianopiemontese.it\/quattrozampeedintorni\/sequestrato-a-piasco-un-cane-in-condizioni-pietose-dalle-guardie-ecozoofile-a\/","og_site_name":"Quattro zampe e dintorni","article_publisher":"https:\/\/www.facebook.com\/quotidianopiemontese?fref=ts","article_author":"https:\/\/www.facebook.com\/quotidianopiemontese","article_published_time":"2015-07-27T15:03:56+00:00","og_image":[{"width":289,"height":514,"url":"https:\/\/web.quotidianopiemontese.it\/quattrozampeedintorni\/files\/2015\/07\/cane-magrissimo.jpg","type":"image\/jpeg"}],"author":"Redazione","twitter_misc":{"Scritto da":"Redazione","Tempo di lettura stimato":"1 minuto"},"schema":{"@context":"https:\/\/schema.org","@graph":[{"@type":"Article","@id":"https:\/\/web.quotidianopiemontese.it\/quattrozampeedintorni\/sequestrato-a-piasco-un-cane-in-condizioni-pietose-dalle-guardie-ecozoofile-a\/#article","isPartOf":{"@id":"https:\/\/web.quotidianopiemontese.it\/quattrozampeedintorni\/sequestrato-a-piasco-un-cane-in-condizioni-pietose-dalle-guardie-ecozoofile-a\/"},"author":{"name":"Redazione","@id":"http:\/\/web.quotidianopiemontese.it\/quattrozampeedintorni\/#\/schema\/person\/92b86f27cfe3bd649bd878d4f9c88190"},"headline":"Sequestrato a Piasco un cane in condizioni pietose dalle Guardie Ecozoofile a","datePublished":"2015-07-27T15:03:56+00:00","mainEntityOfPage":{"@id":"https:\/\/web.quotidianopiemontese.it\/quattrozampeedintorni\/sequestrato-a-piasco-un-cane-in-condizioni-pietose-dalle-guardie-ecozoofile-a\/"},"wordCount":293,"commentCount":0,"image":{"@id":"https:\/\/web.quotidianopiemontese.it\/quattrozampeedintorni\/sequestrato-a-piasco-un-cane-in-condizioni-pietose-dalle-guardie-ecozoofile-a\/#primaryimage"},"thumbnailUrl":"https:\/\/web.quotidianopiemontese.it\/quattrozampeedintorni\/files\/2015\/07\/cane-magrissimo.jpg","keywords":["cani","maltrattamenti"],"articleSection":["Quattro zampe"],"inLanguage":"it-IT","potentialAction":[{"@type":"CommentAction","name":"Comment","target":["https:\/\/web.quotidianopiemontese.it\/quattrozampeedintorni\/sequestrato-a-piasco-un-cane-in-condizioni-pietose-dalle-guardie-ecozoofile-a\/#respond"]}]},{"@type":"WebPage","@id":"https:\/\/web.quotidianopiemontese.it\/quattrozampeedintorni\/sequestrato-a-piasco-un-cane-in-condizioni-pietose-dalle-guardie-ecozoofile-a\/","url":"https:\/\/web.quotidianopiemontese.it\/quattrozampeedintorni\/sequestrato-a-piasco-un-cane-in-condizioni-pietose-dalle-guardie-ecozoofile-a\/","name":"Sequestrato a Piasco un cane in condizioni pietose dalle Guardie Ecozoofile a - Quattro zampe e dintorni","isPartOf":{"@id":"http:\/\/web.quotidianopiemontese.it\/quattrozampeedintorni\/#website"},"primaryImageOfPage":{"@id":"https:\/\/web.quotidianopiemontese.it\/quattrozampeedintorni\/sequestrato-a-piasco-un-cane-in-condizioni-pietose-dalle-guardie-ecozoofile-a\/#primaryimage"},"image":{"@id":"https:\/\/web.quotidianopiemontese.it\/quattrozampeedintorni\/sequestrato-a-piasco-un-cane-in-condizioni-pietose-dalle-guardie-ecozoofile-a\/#primaryimage"},"thumbnailUrl":"https:\/\/web.quotidianopiemontese.it\/quattrozampeedintorni\/files\/2015\/07\/cane-magrissimo.jpg","datePublished":"2015-07-27T15:03:56+00:00","author":{"@id":"http:\/\/web.quotidianopiemontese.it\/quattrozampeedintorni\/#\/schema\/person\/92b86f27cfe3bd649bd878d4f9c88190"},"description":"Questo \u00e8 quello che \u00e8 accaduto a Piasco (CN), in un cascinale ci sono 7 cani, di cui uno legato a catena privo di un idoneo ricovero e in condizioni di","breadcrumb":{"@id":"https:\/\/web.quotidianopiemontese.it\/quattrozampeedintorni\/sequestrato-a-piasco-un-cane-in-condizioni-pietose-dalle-guardie-ecozoofile-a\/#breadcrumb"},"inLanguage":"it-IT","potentialAction":[{"@type":"ReadAction","target":["https:\/\/web.quotidianopiemontese.it\/quattrozampeedintorni\/sequestrato-a-piasco-un-cane-in-condizioni-pietose-dalle-guardie-ecozoofile-a\/"]}]},{"@type":"ImageObject","inLanguage":"it-IT","@id":"https:\/\/web.quotidianopiemontese.it\/quattrozampeedintorni\/sequestrato-a-piasco-un-cane-in-condizioni-pietose-dalle-guardie-ecozoofile-a\/#primaryimage","url":"https:\/\/web.quotidianopiemontese.it\/quattrozampeedintorni\/files\/2015\/07\/cane-magrissimo.jpg","contentUrl":"https:\/\/web.quotidianopiemontese.it\/quattrozampeedintorni\/files\/2015\/07\/cane-magrissimo.jpg","width":289,"height":514},{"@type":"BreadcrumbList","@id":"https:\/\/web.quotidianopiemontese.it\/quattrozampeedintorni\/sequestrato-a-piasco-un-cane-in-condizioni-pietose-dalle-guardie-ecozoofile-a\/#breadcrumb","itemListElement":[{"@type":"ListItem","position":1,"name":"Home","item":"http:\/\/web.quotidianopiemontese.it\/quattrozampeedintorni\/"},{"@type":"ListItem","position":2,"name":"Sequestrato a Piasco un cane in condizioni pietose dalle Guardie Ecozoofile a"}]},{"@type":"WebSite","@id":"http:\/\/web.quotidianopiemontese.it\/quattrozampeedintorni\/#website","url":"http:\/\/web.quotidianopiemontese.it\/quattrozampeedintorni\/","name":"Quattro zampe e dintorni","description":"Quotidiano Piemontese","potentialAction":[{"@type":"SearchAction","target":{"@type":"EntryPoint","urlTemplate":"http:\/\/web.quotidianopiemontese.it\/quattrozampeedintorni\/?s={search_term_string}"},"query-input":{"@type":"PropertyValueSpecification","valueRequired":true,"valueName":"search_term_string"}}],"inLanguage":"it-IT"},{"@type":"Person","@id":"http:\/\/web.quotidianopiemontese.it\/quattrozampeedintorni\/#\/schema\/person\/92b86f27cfe3bd649bd878d4f9c88190","name":"Redazione","image":{"@type":"ImageObject","inLanguage":"it-IT","@id":"http:\/\/web.quotidianopiemontese.it\/quattrozampeedintorni\/#\/schema\/person\/image\/","url":"https:\/\/secure.gravatar.com\/avatar\/fdce1b5a74767a43870aca54b0800bed88aab98b8098f69ac252d11aec8cdbe7?s=96&d=mm&r=g","contentUrl":"https:\/\/secure.gravatar.com\/avatar\/fdce1b5a74767a43870aca54b0800bed88aab98b8098f69ac252d11aec8cdbe7?s=96&d=mm&r=g","caption":"Redazione"},"description":"Quotidiano Piemontese: il sito di informazione pi\u00f9 letto del Piemonte : libero, tempestivo indipendente, social. L'hub sociale e informativo del Piemonte","sameAs":["http:\/\/www.quotidianopiemontese.it\/","https:\/\/www.facebook.com\/quotidianopiemontese","https:\/\/x.com\/quotidianopiem"],"url":"https:\/\/web.quotidianopiemontese.it\/quattrozampeedintorni\/author\/administrator\/"}]}},"_links":{"self":[{"href":"https:\/\/web.quotidianopiemontese.it\/quattrozampeedintorni\/wp-json\/wp\/v2\/posts\/1517","targetHints":{"allow":["GET"]}}],"collection":[{"href":"https:\/\/web.quotidianopiemontese.it\/quattrozampeedintorni\/wp-json\/wp\/v2\/posts"}],"about":[{"href":"https:\/\/web.quotidianopiemontese.it\/quattrozampeedintorni\/wp-json\/wp\/v2\/types\/post"}],"author":[{"embeddable":true,"href":"https:\/\/web.quotidianopiemontese.it\/quattrozampeedintorni\/wp-json\/wp\/v2\/users\/1"}],"replies":[{"embeddable":true,"href":"https:\/\/web.quotidianopiemontese.it\/quattrozampeedintorni\/wp-json\/wp\/v2\/comments?post=1517"}],"version-history":[{"count":0,"href":"https:\/\/web.quotidianopiemontese.it\/quattrozampeedintorni\/wp-json\/wp\/v2\/posts\/1517\/revisions"}],"wp:featuredmedia":[{"embeddable":true,"href":"https:\/\/web.quotidianopiemontese.it\/quattrozampeedintorni\/wp-json\/wp\/v2\/media\/1519"}],"wp:attachment":[{"href":"https:\/\/web.quotidianopiemontese.it\/quattrozampeedintorni\/wp-json\/wp\/v2\/media?parent=1517"}],"wp:term":[{"taxonomy":"category","embeddable":true,"href":"https:\/\/web.quotidianopiemontese.it\/quattrozampeedintorni\/wp-json\/wp\/v2\/categories?post=1517"},{"taxonomy":"post_tag","embeddable":true,"href":"https:\/\/web.quotidianopiemontese.it\/quattrozampeedintorni\/wp-json\/wp\/v2\/tags?post=1517"}],"curies":[{"name":"wp","href":"https:\/\/api.w.org\/{rel}","templated":true}]}}