{"id":78,"date":"2024-04-02T20:28:55","date_gmt":"2024-04-02T18:28:55","guid":{"rendered":"https:\/\/web.quotidianopiemontese.it\/partigiani-e-resistenza-in-piemonte\/?p=78"},"modified":"2024-04-02T20:28:55","modified_gmt":"2024-04-02T18:28:55","slug":"domenica-7-aprile-2024-la-celebrazione-degli-80-anni-della-strage-della-benedicta","status":"publish","type":"post","link":"https:\/\/web.quotidianopiemontese.it\/partigiani-e-resistenza-in-piemonte\/domenica-7-aprile-2024-la-celebrazione-degli-80-anni-della-strage-della-benedicta\/","title":{"rendered":"Domenica 7 aprile 2024 la celebrazione degli 80 anni della Strage della Benedicta"},"content":{"rendered":"<p>Il 7 aprile 1944 le forze nazifasciste circondarono la Benedicta in localit\u00e0 Capanne di Marcarolo. <a href=\"https:\/\/benedicta.org\/storia-eccidio\/\">154 partigiani vennero fucilati e altri 190 furono deportati a Mauthausen<\/a> e solo 35 di questi tornarono a casa. Alla Benedicta si realizz\u00f2 la pi\u00f9 grande strage di partigiani combattenti della II Guerrra Mondiale. Oggi la Benedicta si trova nel Cuore del<a href=\"https:\/\/www.areeprotetteappenninopiemontese.it\/\"> Parco naturale delle Capanne di Marcarolo<\/a>.<\/p>\n<p><iframe loading=\"lazy\" style=\"border: 0;\" src=\"https:\/\/www.google.com\/maps\/embed?pb=!1m18!1m12!1m3!1d1367.5742542577668!2d8.776731515643574!3d44.56505697970808!2m3!1f0!2f0!3f0!3m2!1i1024!2i768!4f13.1!3m3!1m2!1s0x12d336ec337035c9%3A0xfc75a7945cbb2226!2sSacrario%20della%20Benedicta!5e1!3m2!1sit!2sit!4v1712081338621!5m2!1sit!2sit\" width=\"600\" height=\"450\" allowfullscreen=\"allowfullscreen\"><\/iframe><\/p>\n<p>Il 7 aprile 2024 saranno 80 anni dall&#8217;eccidio della Benedicta, con due appuntamenti il 4 e 7 aprile.<\/p>\n<p>Serata Benedicta\u00a0\u2013\u00a0gioved\u00ec 4 aprile<\/p>\n<p>L\u2019evento avr\u00e0 inizio alle ore\u00a018.30 di gioved\u00ec 4 aprile 2024, presso la sede dell\u2019Associazione Cultura e Sviluppo di Alessandria, in piazza\u00a0Fabrizio De Andr\u00e9 76 ad Alessandria. La serata si aprir\u00e0 con il saluto delle istituzioni e con il discorso del\u00a0Presidente dell\u2019Associazione, sen.\u00a0Daniele Borioli:\u00a0\u00a0nel quale si dar\u00e0 conto delle attivit\u00e0 svolte nel 2023 e le informazioni sul calendario delle iniziative per\u00a0\u00a0l\u2019anno 2024.<\/p>\n<p>Successivamente verr\u00e0 presentato il progetto didattico\u00a0\u201cViaggio a Mauthausen\u201d\u00a0che abbiamo realizzato in collaborazione con l\u2019Anpi di Pontecurone:\u00a0\u00a0un viaggio al campo di concentramento di Mauthausen degli studenti e dei loro insegnanti delle scuole di\u00a0Sale, Pontecurone e Castelnuovo Scrivia, precedentemente formati a cura dell\u2019Associazione, sulla vicenda della Benedicta, e in particolare del peculiare capitolo riguardante la deportazione di centinaia di rastrellati nella settimana Santa del 1944.<\/p>\n<p>L\u2019Associazione in collaborazione con l\u2019Universit\u00e0 degli studi del Piemonte Orientale\u00a0\u201cAmedeo Avogadro\u201d\u00a0ha contribuito alla realizzazione di un dottorato di ricerca dal titolo:\u00a0\u201cLa Benedicta: uno spazio di valorizzazione tra memoria resistenziale e dinamiche storico-ambientali\u201d, un risultato importante che permetter\u00e0 a un giovane studioso di eseguire una ricognizione delle fonti storiche sulla Benedicta, che ancora manca e che fornir\u00e0 un contributo fondamentale, per completare la definizione dei contenuti da inserire nel nuovo\u00a0auditorium ipogeo.<\/p>\n<p>Seguir\u00e0 la presentazione del progetto di allestimento del nuovo\u00a0Auditorium ipogeo\u00a0che si trova collocato al di sotto dei ruderi della Benedicta, e il cui allestimento \u00e8 stato affidato dalla Provincia di Alessandria alla regia dell\u2019architetto\u00a0Luca Dal Pozzolo; insieme al progetto saranno presentati i primi\u00a0trailers dei materiali multimediali, destinati alla fruizione nel realizzando Auditorium, ai quali stanno lavorando il regista\u00a0Maurizio Orlandi\u00a0e lo studio\u00a0Zenith\u00a0di Torino.<\/p>\n<p>Alle ore 21, dopo la consueta pausa buffet, la serata riprender\u00e0 con la proiezione del video animato\u00a0\u201cSei che vai su\u201d, realizzato sul brano omonimo contenuto nel CD\/Libro\u00a0\u201cPartigiani Sempre!\u201d\u00a0La riproduzione del video sar\u00e0 commentata dall\u2019artista,\u00a0Ivano A. Antonazzo\u00a0e dall\u2019autore della canzone,\u00a0Paolo Enrico Archetti Maestri.<\/p>\n<p>Per concludere ci sar\u00e0 il\u00a0concerto musicale, nel corso del quale si esibiranno Paolo Bonfanti\u00a0con\u00a0\u201cSuonare per resistere, musica e parole per non perdere la nostra memoria, essere consapevoli del nostro presente e ritrovare un nostro futuro\u201d; Marco Rovelli &amp; Paolo Monti,\u00a0con\u00a0Paola Rovai, in\u00a0\u201cConcerto d\u2019 amore\u201d.<\/p>\n<p>Celebrazione 80\u00b0 anniversario Strage della Benedicta\u00a0\u2013\u00a0domenica 7 aprile<\/p>\n<p>La cerimonia ufficiale dedicata al ricordo dei martiri della Benedicta si svolger\u00e0 quest\u2019anno nel giorno di\u00a0domenica 7 aprile 2024, data che coincide con il\u00a07 aprile 1944: il giorno pi\u00f9 duro e cruento dell\u2019azione di rastrellamento condotta dai nazifascisti contro le formazioni partigiane insediate in quella porzione di\u00a0Appennino Ligure-Piemontese, nel quale si colloca la\u00a0Benedicta, in localit\u00e0\u00a0Capanne di Marcarolo del Comune di Bosio, in Provincia di Alessandria.<\/p>\n<p>L\u2019inizio della cerimonia \u00e8 previsto per le ore 9,30\u00a0con l\u2019omaggio ai caduti presso la zona del\u00a0Sacrario\/Memoriale, dove sono esposte le lapidi che riportano i nomi dei martiri della Benedicta. Seguir\u00e0, come di consueto,\u00a0il corteo\u00a0accompagnato dalle note della banda, che dopo le tappe alla cappella, presso la quale fu portata a termine la gran parte delle esecuzioni, e alle fosse comuni, raggiunger\u00e0\u00a0il cortile dove si trovano i ruderi della cascina Benedicta.<\/p>\n<p>Alle ore 10, dopo i saluti del\u00a0Sindaco di Bosio, sar\u00e0 celebrata la\u00a0Santa Messa, presieduta quest\u2019anno dal\u00a0Vescovo di Alessandria, Monsignor Guido Gallese, la cui presenza dar\u00e0 particolare rilievo a questo momento.<\/p>\n<p>Dopo la Santa Messa e dopo il saluto introduttivo del\u00a0Presidente dell\u2019Associazione \u201cMemoria della Benedicta\u201d: saranno formulati i saluti delle principali\u00a0istituzioni e associazioni presenti, sar\u00e0\u00a0data lettura dei nomi dei partigiani trucidati\u00a0nei pressi della cascina medesima; \u00e8 previsto inoltre l\u2019intervento di alcuni studenti delle scuole delle due Provincie, di Alessandria e Genova.<\/p>\n<p>Alle ore 11, sar\u00e0 pronunciata l\u2019orazione ufficiale,\u00a0affidata quest\u2019anno a\u00a0Valentina Cuppi, sindaca del Comune martire di Marzabotto, in\u00a0Provincia di Bologna, che fu teatro della pi\u00f9 grande e terrificante strage di civili portata a termine dalle truppe nazifasciste durante i mesi dell\u2019occupazione tedesca del Nord Italia; un\u2019orazione che, oltre agli argomenti che liberamente l\u2019oratrice riterr\u00e0 di trattare, avr\u00e0 comunque in s\u00e9 un alto valore simbolico, in ragione del collegamento morale tra i due luoghi teatro:\u00a0della pi\u00f9 grande strage di civili (Marzabotto), e della\u00a0pi\u00f9 grande strage di partigiani combattenti (Benedicta) condotte a termine nell\u2019Italia occupata.<\/p>\n<p>&nbsp;<\/p>\n","protected":false},"excerpt":{"rendered":"<p>Il 7 aprile 1944 le forze nazifasciste circondarono la Benedicta in localit\u00e0 Capanne di Marcarolo. 154 partigiani vennero fucilati e altri 190 furono deportati a Mauthausen e solo 35 di questi tornarono a casa. Alla Benedicta si realizz\u00f2 la pi\u00f9 grande strage di partigiani combattenti della II Guerrra Mondiale. Oggi la Benedicta si trova nel &hellip; <a href=\"https:\/\/web.quotidianopiemontese.it\/partigiani-e-resistenza-in-piemonte\/domenica-7-aprile-2024-la-celebrazione-degli-80-anni-della-strage-della-benedicta\/\" class=\"more-link\">Leggi tutto<span class=\"screen-reader-text\"> &#8220;Domenica 7 aprile 2024 la celebrazione degli 80 anni della Strage della Benedicta&#8221;<\/span><\/a><\/p>\n","protected":false},"author":1,"featured_media":79,"comment_status":"open","ping_status":"open","sticky":false,"template":"","format":"standard","meta":{"footnotes":""},"categories":[1],"tags":[],"class_list":["post-78","post","type-post","status-publish","format-standard","has-post-thumbnail","hentry","category-partigiani-e-resistenza"],"yoast_head":"<!-- This site is optimized with the Yoast SEO plugin v27.1.1 - https:\/\/yoast.com\/product\/yoast-seo-wordpress\/ -->\n<title>Domenica 7 aprile 2024 la celebrazione degli 80 anni della Strage della Benedicta - Partigiani e Resistenza in Piemonte oggi<\/title>\n<meta name=\"robots\" content=\"index, follow, max-snippet:-1, max-image-preview:large, max-video-preview:-1\" \/>\n<link rel=\"canonical\" href=\"https:\/\/web.quotidianopiemontese.it\/partigiani-e-resistenza-in-piemonte\/domenica-7-aprile-2024-la-celebrazione-degli-80-anni-della-strage-della-benedicta\/\" \/>\n<meta property=\"og:locale\" content=\"it_IT\" \/>\n<meta property=\"og:type\" content=\"article\" \/>\n<meta property=\"og:title\" content=\"Domenica 7 aprile 2024 la celebrazione degli 80 anni della Strage della Benedicta - Partigiani e Resistenza in Piemonte oggi\" \/>\n<meta property=\"og:description\" content=\"Il 7 aprile 1944 le forze nazifasciste circondarono la Benedicta in localit\u00e0 Capanne di Marcarolo. 154 partigiani vennero fucilati e altri 190 furono deportati a Mauthausen e solo 35 di questi tornarono a casa. Alla Benedicta si realizz\u00f2 la pi\u00f9 grande strage di partigiani combattenti della II Guerrra Mondiale. Oggi la Benedicta si trova nel &hellip; Leggi tutto &quot;Domenica 7 aprile 2024 la celebrazione degli 80 anni della Strage della Benedicta&quot;\" \/>\n<meta property=\"og:url\" content=\"https:\/\/web.quotidianopiemontese.it\/partigiani-e-resistenza-in-piemonte\/domenica-7-aprile-2024-la-celebrazione-degli-80-anni-della-strage-della-benedicta\/\" \/>\n<meta property=\"og:site_name\" content=\"Partigiani e Resistenza in Piemonte oggi\" \/>\n<meta property=\"article:publisher\" content=\"https:\/\/www.facebook.com\/quotidianopiemontese\" \/>\n<meta property=\"article:author\" content=\"https:\/\/www.facebook.com\/quotidianopiemontese\" \/>\n<meta property=\"article:published_time\" content=\"2024-04-02T18:28:55+00:00\" \/>\n<meta property=\"og:image\" content=\"https:\/\/web.quotidianopiemontese.it\/partigiani-e-resistenza-in-piemonte\/files\/2024\/04\/benedicta-celebrazioni.jpeg\" \/>\n\t<meta property=\"og:image:width\" content=\"768\" \/>\n\t<meta property=\"og:image:height\" content=\"512\" \/>\n\t<meta property=\"og:image:type\" content=\"image\/jpeg\" \/>\n<meta name=\"author\" content=\"Redazione\" \/>\n<meta name=\"twitter:card\" content=\"summary_large_image\" \/>\n<meta name=\"twitter:creator\" content=\"@quotidianopiem\" \/>\n<meta name=\"twitter:site\" content=\"@quotidianopiem\" \/>\n<meta name=\"twitter:label1\" content=\"Scritto da\" \/>\n\t<meta name=\"twitter:data1\" content=\"Redazione\" \/>\n\t<meta name=\"twitter:label2\" content=\"Tempo di lettura stimato\" \/>\n\t<meta name=\"twitter:data2\" content=\"5 minuti\" \/>\n<script type=\"application\/ld+json\" class=\"yoast-schema-graph\">{\"@context\":\"https:\/\/schema.org\",\"@graph\":[{\"@type\":\"Article\",\"@id\":\"https:\/\/web.quotidianopiemontese.it\/partigiani-e-resistenza-in-piemonte\/domenica-7-aprile-2024-la-celebrazione-degli-80-anni-della-strage-della-benedicta\/#article\",\"isPartOf\":{\"@id\":\"https:\/\/web.quotidianopiemontese.it\/partigiani-e-resistenza-in-piemonte\/domenica-7-aprile-2024-la-celebrazione-degli-80-anni-della-strage-della-benedicta\/\"},\"author\":{\"name\":\"Redazione\",\"@id\":\"https:\/\/web.quotidianopiemontese.it\/partigiani-e-resistenza-in-piemonte\/#\/schema\/person\/92b86f27cfe3bd649bd878d4f9c88190\"},\"headline\":\"Domenica 7 aprile 2024 la celebrazione degli 80 anni della Strage della Benedicta\",\"datePublished\":\"2024-04-02T18:28:55+00:00\",\"mainEntityOfPage\":{\"@id\":\"https:\/\/web.quotidianopiemontese.it\/partigiani-e-resistenza-in-piemonte\/domenica-7-aprile-2024-la-celebrazione-degli-80-anni-della-strage-della-benedicta\/\"},\"wordCount\":807,\"commentCount\":0,\"image\":{\"@id\":\"https:\/\/web.quotidianopiemontese.it\/partigiani-e-resistenza-in-piemonte\/domenica-7-aprile-2024-la-celebrazione-degli-80-anni-della-strage-della-benedicta\/#primaryimage\"},\"thumbnailUrl\":\"https:\/\/web.quotidianopiemontese.it\/partigiani-e-resistenza-in-piemonte\/files\/2024\/04\/benedicta-celebrazioni.jpeg\",\"articleSection\":[\"Partigiani e resistenza\"],\"inLanguage\":\"it-IT\",\"potentialAction\":[{\"@type\":\"CommentAction\",\"name\":\"Comment\",\"target\":[\"https:\/\/web.quotidianopiemontese.it\/partigiani-e-resistenza-in-piemonte\/domenica-7-aprile-2024-la-celebrazione-degli-80-anni-della-strage-della-benedicta\/#respond\"]}]},{\"@type\":\"WebPage\",\"@id\":\"https:\/\/web.quotidianopiemontese.it\/partigiani-e-resistenza-in-piemonte\/domenica-7-aprile-2024-la-celebrazione-degli-80-anni-della-strage-della-benedicta\/\",\"url\":\"https:\/\/web.quotidianopiemontese.it\/partigiani-e-resistenza-in-piemonte\/domenica-7-aprile-2024-la-celebrazione-degli-80-anni-della-strage-della-benedicta\/\",\"name\":\"Domenica 7 aprile 2024 la celebrazione degli 80 anni della Strage della Benedicta - Partigiani e Resistenza in Piemonte oggi\",\"isPartOf\":{\"@id\":\"https:\/\/web.quotidianopiemontese.it\/partigiani-e-resistenza-in-piemonte\/#website\"},\"primaryImageOfPage\":{\"@id\":\"https:\/\/web.quotidianopiemontese.it\/partigiani-e-resistenza-in-piemonte\/domenica-7-aprile-2024-la-celebrazione-degli-80-anni-della-strage-della-benedicta\/#primaryimage\"},\"image\":{\"@id\":\"https:\/\/web.quotidianopiemontese.it\/partigiani-e-resistenza-in-piemonte\/domenica-7-aprile-2024-la-celebrazione-degli-80-anni-della-strage-della-benedicta\/#primaryimage\"},\"thumbnailUrl\":\"https:\/\/web.quotidianopiemontese.it\/partigiani-e-resistenza-in-piemonte\/files\/2024\/04\/benedicta-celebrazioni.jpeg\",\"datePublished\":\"2024-04-02T18:28:55+00:00\",\"author\":{\"@id\":\"https:\/\/web.quotidianopiemontese.it\/partigiani-e-resistenza-in-piemonte\/#\/schema\/person\/92b86f27cfe3bd649bd878d4f9c88190\"},\"breadcrumb\":{\"@id\":\"https:\/\/web.quotidianopiemontese.it\/partigiani-e-resistenza-in-piemonte\/domenica-7-aprile-2024-la-celebrazione-degli-80-anni-della-strage-della-benedicta\/#breadcrumb\"},\"inLanguage\":\"it-IT\",\"potentialAction\":[{\"@type\":\"ReadAction\",\"target\":[\"https:\/\/web.quotidianopiemontese.it\/partigiani-e-resistenza-in-piemonte\/domenica-7-aprile-2024-la-celebrazione-degli-80-anni-della-strage-della-benedicta\/\"]}]},{\"@type\":\"ImageObject\",\"inLanguage\":\"it-IT\",\"@id\":\"https:\/\/web.quotidianopiemontese.it\/partigiani-e-resistenza-in-piemonte\/domenica-7-aprile-2024-la-celebrazione-degli-80-anni-della-strage-della-benedicta\/#primaryimage\",\"url\":\"https:\/\/web.quotidianopiemontese.it\/partigiani-e-resistenza-in-piemonte\/files\/2024\/04\/benedicta-celebrazioni.jpeg\",\"contentUrl\":\"https:\/\/web.quotidianopiemontese.it\/partigiani-e-resistenza-in-piemonte\/files\/2024\/04\/benedicta-celebrazioni.jpeg\",\"width\":768,\"height\":512},{\"@type\":\"BreadcrumbList\",\"@id\":\"https:\/\/web.quotidianopiemontese.it\/partigiani-e-resistenza-in-piemonte\/domenica-7-aprile-2024-la-celebrazione-degli-80-anni-della-strage-della-benedicta\/#breadcrumb\",\"itemListElement\":[{\"@type\":\"ListItem\",\"position\":1,\"name\":\"Home\",\"item\":\"https:\/\/web.quotidianopiemontese.it\/partigiani-e-resistenza-in-piemonte\/\"},{\"@type\":\"ListItem\",\"position\":2,\"name\":\"Domenica 7 aprile 2024 la celebrazione degli 80 anni della Strage della Benedicta\"}]},{\"@type\":\"WebSite\",\"@id\":\"https:\/\/web.quotidianopiemontese.it\/partigiani-e-resistenza-in-piemonte\/#website\",\"url\":\"https:\/\/web.quotidianopiemontese.it\/partigiani-e-resistenza-in-piemonte\/\",\"name\":\"Partigiani e Resistenza in Piemonte oggi\",\"description\":\"Quotidiano Piemontese\",\"potentialAction\":[{\"@type\":\"SearchAction\",\"target\":{\"@type\":\"EntryPoint\",\"urlTemplate\":\"https:\/\/web.quotidianopiemontese.it\/partigiani-e-resistenza-in-piemonte\/?s={search_term_string}\"},\"query-input\":{\"@type\":\"PropertyValueSpecification\",\"valueRequired\":true,\"valueName\":\"search_term_string\"}}],\"inLanguage\":\"it-IT\"},{\"@type\":\"Person\",\"@id\":\"https:\/\/web.quotidianopiemontese.it\/partigiani-e-resistenza-in-piemonte\/#\/schema\/person\/92b86f27cfe3bd649bd878d4f9c88190\",\"name\":\"Redazione\",\"image\":{\"@type\":\"ImageObject\",\"inLanguage\":\"it-IT\",\"@id\":\"https:\/\/web.quotidianopiemontese.it\/partigiani-e-resistenza-in-piemonte\/#\/schema\/person\/image\/\",\"url\":\"https:\/\/secure.gravatar.com\/avatar\/fdce1b5a74767a43870aca54b0800bed88aab98b8098f69ac252d11aec8cdbe7?s=96&d=mm&r=g\",\"contentUrl\":\"https:\/\/secure.gravatar.com\/avatar\/fdce1b5a74767a43870aca54b0800bed88aab98b8098f69ac252d11aec8cdbe7?s=96&d=mm&r=g\",\"caption\":\"Redazione\"},\"description\":\"Quotidiano Piemontese: il sito di informazione pi\u00f9 letto del Piemonte : libero, tempestivo indipendente, social. L'hub sociale e informativo del Piemonte\",\"sameAs\":[\"http:\/\/www.quotidianopiemontese.it\/\",\"https:\/\/www.facebook.com\/quotidianopiemontese\",\"https:\/\/x.com\/quotidianopiem\"],\"url\":\"https:\/\/web.quotidianopiemontese.it\/partigiani-e-resistenza-in-piemonte\/author\/administrator\/\"}]}<\/script>\n<!-- \/ Yoast SEO plugin. -->","yoast_head_json":{"title":"Domenica 7 aprile 2024 la celebrazione degli 80 anni della Strage della Benedicta - Partigiani e Resistenza in Piemonte oggi","robots":{"index":"index","follow":"follow","max-snippet":"max-snippet:-1","max-image-preview":"max-image-preview:large","max-video-preview":"max-video-preview:-1"},"canonical":"https:\/\/web.quotidianopiemontese.it\/partigiani-e-resistenza-in-piemonte\/domenica-7-aprile-2024-la-celebrazione-degli-80-anni-della-strage-della-benedicta\/","og_locale":"it_IT","og_type":"article","og_title":"Domenica 7 aprile 2024 la celebrazione degli 80 anni della Strage della Benedicta - Partigiani e Resistenza in Piemonte oggi","og_description":"Il 7 aprile 1944 le forze nazifasciste circondarono la Benedicta in localit\u00e0 Capanne di Marcarolo. 154 partigiani vennero fucilati e altri 190 furono deportati a Mauthausen e solo 35 di questi tornarono a casa. Alla Benedicta si realizz\u00f2 la pi\u00f9 grande strage di partigiani combattenti della II Guerrra Mondiale. Oggi la Benedicta si trova nel &hellip; Leggi tutto \"Domenica 7 aprile 2024 la celebrazione degli 80 anni della Strage della Benedicta\"","og_url":"https:\/\/web.quotidianopiemontese.it\/partigiani-e-resistenza-in-piemonte\/domenica-7-aprile-2024-la-celebrazione-degli-80-anni-della-strage-della-benedicta\/","og_site_name":"Partigiani e Resistenza in Piemonte oggi","article_publisher":"https:\/\/www.facebook.com\/quotidianopiemontese","article_author":"https:\/\/www.facebook.com\/quotidianopiemontese","article_published_time":"2024-04-02T18:28:55+00:00","og_image":[{"width":768,"height":512,"url":"https:\/\/web.quotidianopiemontese.it\/partigiani-e-resistenza-in-piemonte\/files\/2024\/04\/benedicta-celebrazioni.jpeg","type":"image\/jpeg"}],"author":"Redazione","twitter_card":"summary_large_image","twitter_creator":"@quotidianopiem","twitter_site":"@quotidianopiem","twitter_misc":{"Scritto da":"Redazione","Tempo di lettura stimato":"5 minuti"},"schema":{"@context":"https:\/\/schema.org","@graph":[{"@type":"Article","@id":"https:\/\/web.quotidianopiemontese.it\/partigiani-e-resistenza-in-piemonte\/domenica-7-aprile-2024-la-celebrazione-degli-80-anni-della-strage-della-benedicta\/#article","isPartOf":{"@id":"https:\/\/web.quotidianopiemontese.it\/partigiani-e-resistenza-in-piemonte\/domenica-7-aprile-2024-la-celebrazione-degli-80-anni-della-strage-della-benedicta\/"},"author":{"name":"Redazione","@id":"https:\/\/web.quotidianopiemontese.it\/partigiani-e-resistenza-in-piemonte\/#\/schema\/person\/92b86f27cfe3bd649bd878d4f9c88190"},"headline":"Domenica 7 aprile 2024 la celebrazione degli 80 anni della Strage della Benedicta","datePublished":"2024-04-02T18:28:55+00:00","mainEntityOfPage":{"@id":"https:\/\/web.quotidianopiemontese.it\/partigiani-e-resistenza-in-piemonte\/domenica-7-aprile-2024-la-celebrazione-degli-80-anni-della-strage-della-benedicta\/"},"wordCount":807,"commentCount":0,"image":{"@id":"https:\/\/web.quotidianopiemontese.it\/partigiani-e-resistenza-in-piemonte\/domenica-7-aprile-2024-la-celebrazione-degli-80-anni-della-strage-della-benedicta\/#primaryimage"},"thumbnailUrl":"https:\/\/web.quotidianopiemontese.it\/partigiani-e-resistenza-in-piemonte\/files\/2024\/04\/benedicta-celebrazioni.jpeg","articleSection":["Partigiani e resistenza"],"inLanguage":"it-IT","potentialAction":[{"@type":"CommentAction","name":"Comment","target":["https:\/\/web.quotidianopiemontese.it\/partigiani-e-resistenza-in-piemonte\/domenica-7-aprile-2024-la-celebrazione-degli-80-anni-della-strage-della-benedicta\/#respond"]}]},{"@type":"WebPage","@id":"https:\/\/web.quotidianopiemontese.it\/partigiani-e-resistenza-in-piemonte\/domenica-7-aprile-2024-la-celebrazione-degli-80-anni-della-strage-della-benedicta\/","url":"https:\/\/web.quotidianopiemontese.it\/partigiani-e-resistenza-in-piemonte\/domenica-7-aprile-2024-la-celebrazione-degli-80-anni-della-strage-della-benedicta\/","name":"Domenica 7 aprile 2024 la celebrazione degli 80 anni della Strage della Benedicta - Partigiani e Resistenza in Piemonte oggi","isPartOf":{"@id":"https:\/\/web.quotidianopiemontese.it\/partigiani-e-resistenza-in-piemonte\/#website"},"primaryImageOfPage":{"@id":"https:\/\/web.quotidianopiemontese.it\/partigiani-e-resistenza-in-piemonte\/domenica-7-aprile-2024-la-celebrazione-degli-80-anni-della-strage-della-benedicta\/#primaryimage"},"image":{"@id":"https:\/\/web.quotidianopiemontese.it\/partigiani-e-resistenza-in-piemonte\/domenica-7-aprile-2024-la-celebrazione-degli-80-anni-della-strage-della-benedicta\/#primaryimage"},"thumbnailUrl":"https:\/\/web.quotidianopiemontese.it\/partigiani-e-resistenza-in-piemonte\/files\/2024\/04\/benedicta-celebrazioni.jpeg","datePublished":"2024-04-02T18:28:55+00:00","author":{"@id":"https:\/\/web.quotidianopiemontese.it\/partigiani-e-resistenza-in-piemonte\/#\/schema\/person\/92b86f27cfe3bd649bd878d4f9c88190"},"breadcrumb":{"@id":"https:\/\/web.quotidianopiemontese.it\/partigiani-e-resistenza-in-piemonte\/domenica-7-aprile-2024-la-celebrazione-degli-80-anni-della-strage-della-benedicta\/#breadcrumb"},"inLanguage":"it-IT","potentialAction":[{"@type":"ReadAction","target":["https:\/\/web.quotidianopiemontese.it\/partigiani-e-resistenza-in-piemonte\/domenica-7-aprile-2024-la-celebrazione-degli-80-anni-della-strage-della-benedicta\/"]}]},{"@type":"ImageObject","inLanguage":"it-IT","@id":"https:\/\/web.quotidianopiemontese.it\/partigiani-e-resistenza-in-piemonte\/domenica-7-aprile-2024-la-celebrazione-degli-80-anni-della-strage-della-benedicta\/#primaryimage","url":"https:\/\/web.quotidianopiemontese.it\/partigiani-e-resistenza-in-piemonte\/files\/2024\/04\/benedicta-celebrazioni.jpeg","contentUrl":"https:\/\/web.quotidianopiemontese.it\/partigiani-e-resistenza-in-piemonte\/files\/2024\/04\/benedicta-celebrazioni.jpeg","width":768,"height":512},{"@type":"BreadcrumbList","@id":"https:\/\/web.quotidianopiemontese.it\/partigiani-e-resistenza-in-piemonte\/domenica-7-aprile-2024-la-celebrazione-degli-80-anni-della-strage-della-benedicta\/#breadcrumb","itemListElement":[{"@type":"ListItem","position":1,"name":"Home","item":"https:\/\/web.quotidianopiemontese.it\/partigiani-e-resistenza-in-piemonte\/"},{"@type":"ListItem","position":2,"name":"Domenica 7 aprile 2024 la celebrazione degli 80 anni della Strage della Benedicta"}]},{"@type":"WebSite","@id":"https:\/\/web.quotidianopiemontese.it\/partigiani-e-resistenza-in-piemonte\/#website","url":"https:\/\/web.quotidianopiemontese.it\/partigiani-e-resistenza-in-piemonte\/","name":"Partigiani e Resistenza in Piemonte oggi","description":"Quotidiano Piemontese","potentialAction":[{"@type":"SearchAction","target":{"@type":"EntryPoint","urlTemplate":"https:\/\/web.quotidianopiemontese.it\/partigiani-e-resistenza-in-piemonte\/?s={search_term_string}"},"query-input":{"@type":"PropertyValueSpecification","valueRequired":true,"valueName":"search_term_string"}}],"inLanguage":"it-IT"},{"@type":"Person","@id":"https:\/\/web.quotidianopiemontese.it\/partigiani-e-resistenza-in-piemonte\/#\/schema\/person\/92b86f27cfe3bd649bd878d4f9c88190","name":"Redazione","image":{"@type":"ImageObject","inLanguage":"it-IT","@id":"https:\/\/web.quotidianopiemontese.it\/partigiani-e-resistenza-in-piemonte\/#\/schema\/person\/image\/","url":"https:\/\/secure.gravatar.com\/avatar\/fdce1b5a74767a43870aca54b0800bed88aab98b8098f69ac252d11aec8cdbe7?s=96&d=mm&r=g","contentUrl":"https:\/\/secure.gravatar.com\/avatar\/fdce1b5a74767a43870aca54b0800bed88aab98b8098f69ac252d11aec8cdbe7?s=96&d=mm&r=g","caption":"Redazione"},"description":"Quotidiano Piemontese: il sito di informazione pi\u00f9 letto del Piemonte : libero, tempestivo indipendente, social. L'hub sociale e informativo del Piemonte","sameAs":["http:\/\/www.quotidianopiemontese.it\/","https:\/\/www.facebook.com\/quotidianopiemontese","https:\/\/x.com\/quotidianopiem"],"url":"https:\/\/web.quotidianopiemontese.it\/partigiani-e-resistenza-in-piemonte\/author\/administrator\/"}]}},"_links":{"self":[{"href":"https:\/\/web.quotidianopiemontese.it\/partigiani-e-resistenza-in-piemonte\/wp-json\/wp\/v2\/posts\/78","targetHints":{"allow":["GET"]}}],"collection":[{"href":"https:\/\/web.quotidianopiemontese.it\/partigiani-e-resistenza-in-piemonte\/wp-json\/wp\/v2\/posts"}],"about":[{"href":"https:\/\/web.quotidianopiemontese.it\/partigiani-e-resistenza-in-piemonte\/wp-json\/wp\/v2\/types\/post"}],"author":[{"embeddable":true,"href":"https:\/\/web.quotidianopiemontese.it\/partigiani-e-resistenza-in-piemonte\/wp-json\/wp\/v2\/users\/1"}],"replies":[{"embeddable":true,"href":"https:\/\/web.quotidianopiemontese.it\/partigiani-e-resistenza-in-piemonte\/wp-json\/wp\/v2\/comments?post=78"}],"version-history":[{"count":1,"href":"https:\/\/web.quotidianopiemontese.it\/partigiani-e-resistenza-in-piemonte\/wp-json\/wp\/v2\/posts\/78\/revisions"}],"predecessor-version":[{"id":80,"href":"https:\/\/web.quotidianopiemontese.it\/partigiani-e-resistenza-in-piemonte\/wp-json\/wp\/v2\/posts\/78\/revisions\/80"}],"wp:featuredmedia":[{"embeddable":true,"href":"https:\/\/web.quotidianopiemontese.it\/partigiani-e-resistenza-in-piemonte\/wp-json\/wp\/v2\/media\/79"}],"wp:attachment":[{"href":"https:\/\/web.quotidianopiemontese.it\/partigiani-e-resistenza-in-piemonte\/wp-json\/wp\/v2\/media?parent=78"}],"wp:term":[{"taxonomy":"category","embeddable":true,"href":"https:\/\/web.quotidianopiemontese.it\/partigiani-e-resistenza-in-piemonte\/wp-json\/wp\/v2\/categories?post=78"},{"taxonomy":"post_tag","embeddable":true,"href":"https:\/\/web.quotidianopiemontese.it\/partigiani-e-resistenza-in-piemonte\/wp-json\/wp\/v2\/tags?post=78"}],"curies":[{"name":"wp","href":"https:\/\/api.w.org\/{rel}","templated":true}]}}