{"id":72,"date":"2024-03-14T20:28:11","date_gmt":"2024-03-14T19:28:11","guid":{"rendered":"https:\/\/web.quotidianopiemontese.it\/partigiani-e-resistenza-in-piemonte\/?p=72"},"modified":"2024-03-14T20:28:11","modified_gmt":"2024-03-14T19:28:11","slug":"lanpi-comitato-provinciale-di-torino-celebra-gli-80-anni-della-resistenza-con-un-doppio-concerto","status":"publish","type":"post","link":"https:\/\/web.quotidianopiemontese.it\/partigiani-e-resistenza-in-piemonte\/lanpi-comitato-provinciale-di-torino-celebra-gli-80-anni-della-resistenza-con-un-doppio-concerto\/","title":{"rendered":"L&#8217;Anpi Comitato Provinciale di Torino celebra gli 80 anni della Resistenza con un doppio concerto"},"content":{"rendered":"<p>Il 2024 \u00e8 un anno importante per l\u2019ANPI dato che si ricordano gli 80 anni della Resistenza (8 settembre 1943-25 aprile 1945), dato che sono gli 80 anni dell\u2019ANPI, che \u00e8 nata nel 1944.<\/p>\n<p>L&#8217;evento sar\u00e0 celebrato con due concerti che richiamano il valore della Libert\u00e0 e che si terranno nel mese di marzo a Torino, citt\u00e0 medaglia d\u2019oro della Resistenza, citt\u00e0 coraggiosa protagonista degli scioperi del marzo del 1944, quando 70mila lavoratori incrociarono le braccia.<\/p>\n<p>Il primo appuntamento \u00e8 in programma marted\u00ec 19 marzo, alle ore 20.00, presso la Sala Fortino, in Strada del Fortino 20, a Torino.<\/p>\n<p>La serata, ad ingresso libero, ha come titolo \u201cCanti Resistenti\u201d e vedr\u00e0 protagonisti Mattia Martinengo e gli Psiconauti, Anna Spray, Il Quaderno Rosso e Zyp<\/p>\n<p>\u201cMattia Martinengo e gli Psiconauti\u201d nasce come gruppo nel 2018, inizialmente per reinterpretare canzoni del repertorio cantautorale di Mattia, cercando di dare un senso pi\u00f9 unitario e identitario alle stesse in un ambito di rock (nelle sue molteplici sfumature); esempi di questo lavoro sono i 2 EP \u201cMemorie d\u2019Acquario volume 1 e 2\u201d (2019 e 2020) che definiscono bene il concetto di identit\u00e0 musicale, discorso nettamente diverso dai suoi album passati musicalmente pi\u00f9 frammentati. Nel 2023 esce l\u2019EP \u201cMacerie\u201d (2022) con cui il gruppo viene inserito da Rock Targato Italia fra i 6 candidati del 2023 come rivelazione dell\u2019anno. Nello stesso anno nel format musicale Cerchio Vorticoso (Scatti Vorticosi Records) viene prodotto il video studio\/live della canzone inedita \u201cV.\u201d. Attualmente si aggiungono nuovi pezzi in prospettiva di un futuro lavoro di pi\u00f9 ampio respiro.<\/p>\n<p>AnnA SpraY non \u00e8 una donna, non \u00e8 una madre, non \u00e8 nemmeno cristiana. AnnA SpraY una ragazza emancipata che lotta per la sua libert\u00e0. Atterra sul deserto di Torino alla fine del 2020, e il suo salotto buono \u00e8 Barriera. Ama vestirsi di rabbia morbida e il suo sorriso \u00e8 un trucco. Qualche volta ride di gusto, qualche altra ha gli occhi tristi. Sussurra fortissimo e sa gridare piano. Molto spesso non saluta. Ha una pessima memoria e per questo ha registrato i suoi pensieri nel suo primo EP, omonimo. Venti minuti di parole e musica che racchiudono tutta la confusione e la disillusione, di un\u2019artista che potremmo definire seminale, se solo lo fosse. Anna ha fiducia, nel fondo del cuore.<\/p>\n<p>\u201cIl Quaderno Rosso\u201d nasce con l\u2019intento di reinterpretare canzoni di lotta e brani che negli anni hanno raccontato avvenimenti della storia del nostro paese. Attraverso canti partigiani, canzoni politiche e popolari si affrontano diverse tematiche quali l\u2019impegno per i diritti, la partecipazione civile, la lotta nelle sue diverse forme. Si racconta di battaglie passate, eredit\u00e0 preziosa e necessaria per questo presente. Nel 2023, in collaborazione con la Sezione ANPI Renato Martorelli, esce \u201cCapitoli\u201d, 5 canzoni che vogliono essere la possibile colonna sonora del libro \u201cUna vita dalla parte giusta\u201d di Palmiro Gonzato (partigiano ed ex dirigente del PCI.<\/p>\n<p>ZYP, ovvero Vittorio Campanella (voce), Gabriele Perrero (chitarra\/voce), Lorenzo Bevacqua (basso) e Federico Bevacqua (batteria), si sono conosciuti adolescenti nel 2012, in Barriera di Milano, Torino. Nel 2013 affittano una saletta a Spazio211, club dove sono cresciuti musicalmente e hanno studiato insieme. Nel 2016 esce &#8220;Non Sapevamo Scegliere\u201d, un EP accompagnato dal videoclip de \u201cLe Circostanze\u201d e suonato in giro per l\u2019Italia per tutto il 2017. Nel 2018 gli zYp fondano \u201cLumimic\u201d &#8211; rete internazionale di musicisti e artisti visivi. Nel 2019 inizia la produzione dei nuovi brani, che gli zYp presenteranno live nel 2020. Il 21 febbraio, in occasione del concerto a Off Topic, verr\u00e0 pubblicato il primo singolo, &#8220;Desertica&#8221;, prodotto da Lillo Dadone per Dewrec. A gennaio del 2022 si aggiunge alla formazione la seconda chitarra di Daniele Cimino (zagara) per esigenze sonore e creative. Il sound della band \u00e8 frutto di una commistione di sfoghi, speranze e dolcezza; i testi rispondono all\u2019urgenza di una giovent\u00f9 consapevole e complessa, che guarda all&#8217;ambiente urbano in cui \u00e8 immersa come ad una giungla in cui si sente trib\u00f9<\/p>\n<p>Il secondo appuntamento \u00e8 in programma per venerd\u00ec 22 marzo, alle ore 21.00, quando il Teatro San Secondo, in Via San Secondo 8, a Torino, ospiter\u00e0 il concerto \u201cCanzoni in libert\u00e0. Mille papaveri Rossi\u201d, con protagonista il NuvoleIncanto Quartet (ingresso libero).<\/p>\n<p>Nel corso degli anni Fabrizio Cotto (voce e chitarra), Livia Hagiu (violino), Alberto Palmulli (chitarra), ed Alex Jorio (percussioni), hanno riletto la produzione dei cantautori in diverse chiavi. Nei due CD pubblicati, \u201cNon per un dio\u2026ma nemmeno per gioco\u201d (dedicato interamente a Fabrizio de Andr\u00e8) e \u201cLa 500 gialla\u201d (che ripercorre le canzone d\u2019autore pi\u00f9 significativa dal 1960 al \u201975), il gruppo si \u00e8 cimentato con arrangiamenti che vanno dalla ballata Pop al Blues, alla musica sudamericana e alle atmosfere da bistrot francesi, con lo scopo di dare nuova veste e linfa al contenuto musicale di quei brani.<\/p>\n<p>I due concerti sono realizzati con il sostegno del Comitato Resistenza e Costituzione della Regione Piemonte.<\/p>\n","protected":false},"excerpt":{"rendered":"<p>Il 2024 \u00e8 un anno importante per l\u2019ANPI dato che si ricordano gli 80 anni della Resistenza (8 settembre 1943-25 aprile 1945), dato che sono gli 80 anni dell\u2019ANPI, che \u00e8 nata nel 1944. L&#8217;evento sar\u00e0 celebrato con due concerti che richiamano il valore della Libert\u00e0 e che si terranno nel mese di marzo a &hellip; <a href=\"https:\/\/web.quotidianopiemontese.it\/partigiani-e-resistenza-in-piemonte\/lanpi-comitato-provinciale-di-torino-celebra-gli-80-anni-della-resistenza-con-un-doppio-concerto\/\" class=\"more-link\">Leggi tutto<span class=\"screen-reader-text\"> &#8220;L&#8217;Anpi Comitato Provinciale di Torino celebra gli 80 anni della Resistenza con un doppio concerto&#8221;<\/span><\/a><\/p>\n","protected":false},"author":1,"featured_media":73,"comment_status":"open","ping_status":"open","sticky":false,"template":"","format":"standard","meta":{"footnotes":""},"categories":[1],"tags":[],"class_list":["post-72","post","type-post","status-publish","format-standard","has-post-thumbnail","hentry","category-partigiani-e-resistenza"],"yoast_head":"<!-- This site is optimized with the Yoast SEO plugin v27.1.1 - https:\/\/yoast.com\/product\/yoast-seo-wordpress\/ -->\n<title>L&#039;Anpi Comitato Provinciale di Torino celebra gli 80 anni della Resistenza con un doppio concerto - Partigiani e Resistenza in Piemonte oggi<\/title>\n<meta name=\"robots\" content=\"index, follow, max-snippet:-1, max-image-preview:large, max-video-preview:-1\" \/>\n<link rel=\"canonical\" href=\"https:\/\/web.quotidianopiemontese.it\/partigiani-e-resistenza-in-piemonte\/lanpi-comitato-provinciale-di-torino-celebra-gli-80-anni-della-resistenza-con-un-doppio-concerto\/\" \/>\n<meta property=\"og:locale\" content=\"it_IT\" \/>\n<meta property=\"og:type\" content=\"article\" \/>\n<meta property=\"og:title\" content=\"L&#039;Anpi Comitato Provinciale di Torino celebra gli 80 anni della Resistenza con un doppio concerto - Partigiani e Resistenza in Piemonte oggi\" \/>\n<meta property=\"og:description\" content=\"Il 2024 \u00e8 un anno importante per l\u2019ANPI dato che si ricordano gli 80 anni della Resistenza (8 settembre 1943-25 aprile 1945), dato che sono gli 80 anni dell\u2019ANPI, che \u00e8 nata nel 1944. L&#8217;evento sar\u00e0 celebrato con due concerti che richiamano il valore della Libert\u00e0 e che si terranno nel mese di marzo a &hellip; Leggi tutto &quot;L&#8217;Anpi Comitato Provinciale di Torino celebra gli 80 anni della Resistenza con un doppio concerto&quot;\" \/>\n<meta property=\"og:url\" content=\"https:\/\/web.quotidianopiemontese.it\/partigiani-e-resistenza-in-piemonte\/lanpi-comitato-provinciale-di-torino-celebra-gli-80-anni-della-resistenza-con-un-doppio-concerto\/\" \/>\n<meta property=\"og:site_name\" content=\"Partigiani e Resistenza in Piemonte oggi\" \/>\n<meta property=\"article:publisher\" content=\"https:\/\/www.facebook.com\/quotidianopiemontese\" \/>\n<meta property=\"article:author\" content=\"https:\/\/www.facebook.com\/quotidianopiemontese\" \/>\n<meta property=\"article:published_time\" content=\"2024-03-14T19:28:11+00:00\" \/>\n<meta property=\"og:image\" content=\"https:\/\/web.quotidianopiemontese.it\/partigiani-e-resistenza-in-piemonte\/files\/2024\/03\/cantiresistenti.jpeg\" \/>\n\t<meta property=\"og:image:width\" content=\"360\" \/>\n\t<meta property=\"og:image:height\" content=\"510\" \/>\n\t<meta property=\"og:image:type\" content=\"image\/jpeg\" \/>\n<meta name=\"author\" content=\"Redazione\" \/>\n<meta name=\"twitter:card\" content=\"summary_large_image\" \/>\n<meta name=\"twitter:creator\" content=\"@quotidianopiem\" \/>\n<meta name=\"twitter:site\" content=\"@quotidianopiem\" \/>\n<meta name=\"twitter:label1\" content=\"Scritto da\" \/>\n\t<meta name=\"twitter:data1\" content=\"Redazione\" \/>\n\t<meta name=\"twitter:label2\" content=\"Tempo di lettura stimato\" \/>\n\t<meta name=\"twitter:data2\" content=\"5 minuti\" \/>\n<script type=\"application\/ld+json\" class=\"yoast-schema-graph\">{\"@context\":\"https:\/\/schema.org\",\"@graph\":[{\"@type\":\"Article\",\"@id\":\"https:\/\/web.quotidianopiemontese.it\/partigiani-e-resistenza-in-piemonte\/lanpi-comitato-provinciale-di-torino-celebra-gli-80-anni-della-resistenza-con-un-doppio-concerto\/#article\",\"isPartOf\":{\"@id\":\"https:\/\/web.quotidianopiemontese.it\/partigiani-e-resistenza-in-piemonte\/lanpi-comitato-provinciale-di-torino-celebra-gli-80-anni-della-resistenza-con-un-doppio-concerto\/\"},\"author\":{\"name\":\"Redazione\",\"@id\":\"https:\/\/web.quotidianopiemontese.it\/partigiani-e-resistenza-in-piemonte\/#\/schema\/person\/92b86f27cfe3bd649bd878d4f9c88190\"},\"headline\":\"L&#8217;Anpi Comitato Provinciale di Torino celebra gli 80 anni della Resistenza con un doppio concerto\",\"datePublished\":\"2024-03-14T19:28:11+00:00\",\"mainEntityOfPage\":{\"@id\":\"https:\/\/web.quotidianopiemontese.it\/partigiani-e-resistenza-in-piemonte\/lanpi-comitato-provinciale-di-torino-celebra-gli-80-anni-della-resistenza-con-un-doppio-concerto\/\"},\"wordCount\":793,\"commentCount\":0,\"image\":{\"@id\":\"https:\/\/web.quotidianopiemontese.it\/partigiani-e-resistenza-in-piemonte\/lanpi-comitato-provinciale-di-torino-celebra-gli-80-anni-della-resistenza-con-un-doppio-concerto\/#primaryimage\"},\"thumbnailUrl\":\"https:\/\/web.quotidianopiemontese.it\/partigiani-e-resistenza-in-piemonte\/files\/2024\/03\/cantiresistenti.jpeg\",\"articleSection\":[\"Partigiani e resistenza\"],\"inLanguage\":\"it-IT\",\"potentialAction\":[{\"@type\":\"CommentAction\",\"name\":\"Comment\",\"target\":[\"https:\/\/web.quotidianopiemontese.it\/partigiani-e-resistenza-in-piemonte\/lanpi-comitato-provinciale-di-torino-celebra-gli-80-anni-della-resistenza-con-un-doppio-concerto\/#respond\"]}]},{\"@type\":\"WebPage\",\"@id\":\"https:\/\/web.quotidianopiemontese.it\/partigiani-e-resistenza-in-piemonte\/lanpi-comitato-provinciale-di-torino-celebra-gli-80-anni-della-resistenza-con-un-doppio-concerto\/\",\"url\":\"https:\/\/web.quotidianopiemontese.it\/partigiani-e-resistenza-in-piemonte\/lanpi-comitato-provinciale-di-torino-celebra-gli-80-anni-della-resistenza-con-un-doppio-concerto\/\",\"name\":\"L'Anpi Comitato Provinciale di Torino celebra gli 80 anni della Resistenza con un doppio concerto - Partigiani e Resistenza in Piemonte oggi\",\"isPartOf\":{\"@id\":\"https:\/\/web.quotidianopiemontese.it\/partigiani-e-resistenza-in-piemonte\/#website\"},\"primaryImageOfPage\":{\"@id\":\"https:\/\/web.quotidianopiemontese.it\/partigiani-e-resistenza-in-piemonte\/lanpi-comitato-provinciale-di-torino-celebra-gli-80-anni-della-resistenza-con-un-doppio-concerto\/#primaryimage\"},\"image\":{\"@id\":\"https:\/\/web.quotidianopiemontese.it\/partigiani-e-resistenza-in-piemonte\/lanpi-comitato-provinciale-di-torino-celebra-gli-80-anni-della-resistenza-con-un-doppio-concerto\/#primaryimage\"},\"thumbnailUrl\":\"https:\/\/web.quotidianopiemontese.it\/partigiani-e-resistenza-in-piemonte\/files\/2024\/03\/cantiresistenti.jpeg\",\"datePublished\":\"2024-03-14T19:28:11+00:00\",\"author\":{\"@id\":\"https:\/\/web.quotidianopiemontese.it\/partigiani-e-resistenza-in-piemonte\/#\/schema\/person\/92b86f27cfe3bd649bd878d4f9c88190\"},\"breadcrumb\":{\"@id\":\"https:\/\/web.quotidianopiemontese.it\/partigiani-e-resistenza-in-piemonte\/lanpi-comitato-provinciale-di-torino-celebra-gli-80-anni-della-resistenza-con-un-doppio-concerto\/#breadcrumb\"},\"inLanguage\":\"it-IT\",\"potentialAction\":[{\"@type\":\"ReadAction\",\"target\":[\"https:\/\/web.quotidianopiemontese.it\/partigiani-e-resistenza-in-piemonte\/lanpi-comitato-provinciale-di-torino-celebra-gli-80-anni-della-resistenza-con-un-doppio-concerto\/\"]}]},{\"@type\":\"ImageObject\",\"inLanguage\":\"it-IT\",\"@id\":\"https:\/\/web.quotidianopiemontese.it\/partigiani-e-resistenza-in-piemonte\/lanpi-comitato-provinciale-di-torino-celebra-gli-80-anni-della-resistenza-con-un-doppio-concerto\/#primaryimage\",\"url\":\"https:\/\/web.quotidianopiemontese.it\/partigiani-e-resistenza-in-piemonte\/files\/2024\/03\/cantiresistenti.jpeg\",\"contentUrl\":\"https:\/\/web.quotidianopiemontese.it\/partigiani-e-resistenza-in-piemonte\/files\/2024\/03\/cantiresistenti.jpeg\",\"width\":360,\"height\":510},{\"@type\":\"BreadcrumbList\",\"@id\":\"https:\/\/web.quotidianopiemontese.it\/partigiani-e-resistenza-in-piemonte\/lanpi-comitato-provinciale-di-torino-celebra-gli-80-anni-della-resistenza-con-un-doppio-concerto\/#breadcrumb\",\"itemListElement\":[{\"@type\":\"ListItem\",\"position\":1,\"name\":\"Home\",\"item\":\"https:\/\/web.quotidianopiemontese.it\/partigiani-e-resistenza-in-piemonte\/\"},{\"@type\":\"ListItem\",\"position\":2,\"name\":\"L&#8217;Anpi Comitato Provinciale di Torino celebra gli 80 anni della Resistenza con un doppio concerto\"}]},{\"@type\":\"WebSite\",\"@id\":\"https:\/\/web.quotidianopiemontese.it\/partigiani-e-resistenza-in-piemonte\/#website\",\"url\":\"https:\/\/web.quotidianopiemontese.it\/partigiani-e-resistenza-in-piemonte\/\",\"name\":\"Partigiani e Resistenza in Piemonte oggi\",\"description\":\"Quotidiano Piemontese\",\"potentialAction\":[{\"@type\":\"SearchAction\",\"target\":{\"@type\":\"EntryPoint\",\"urlTemplate\":\"https:\/\/web.quotidianopiemontese.it\/partigiani-e-resistenza-in-piemonte\/?s={search_term_string}\"},\"query-input\":{\"@type\":\"PropertyValueSpecification\",\"valueRequired\":true,\"valueName\":\"search_term_string\"}}],\"inLanguage\":\"it-IT\"},{\"@type\":\"Person\",\"@id\":\"https:\/\/web.quotidianopiemontese.it\/partigiani-e-resistenza-in-piemonte\/#\/schema\/person\/92b86f27cfe3bd649bd878d4f9c88190\",\"name\":\"Redazione\",\"image\":{\"@type\":\"ImageObject\",\"inLanguage\":\"it-IT\",\"@id\":\"https:\/\/web.quotidianopiemontese.it\/partigiani-e-resistenza-in-piemonte\/#\/schema\/person\/image\/\",\"url\":\"https:\/\/secure.gravatar.com\/avatar\/fdce1b5a74767a43870aca54b0800bed88aab98b8098f69ac252d11aec8cdbe7?s=96&d=mm&r=g\",\"contentUrl\":\"https:\/\/secure.gravatar.com\/avatar\/fdce1b5a74767a43870aca54b0800bed88aab98b8098f69ac252d11aec8cdbe7?s=96&d=mm&r=g\",\"caption\":\"Redazione\"},\"description\":\"Quotidiano Piemontese: il sito di informazione pi\u00f9 letto del Piemonte : libero, tempestivo indipendente, social. L'hub sociale e informativo del Piemonte\",\"sameAs\":[\"http:\/\/www.quotidianopiemontese.it\/\",\"https:\/\/www.facebook.com\/quotidianopiemontese\",\"https:\/\/x.com\/quotidianopiem\"],\"url\":\"https:\/\/web.quotidianopiemontese.it\/partigiani-e-resistenza-in-piemonte\/author\/administrator\/\"}]}<\/script>\n<!-- \/ Yoast SEO plugin. -->","yoast_head_json":{"title":"L'Anpi Comitato Provinciale di Torino celebra gli 80 anni della Resistenza con un doppio concerto - Partigiani e Resistenza in Piemonte oggi","robots":{"index":"index","follow":"follow","max-snippet":"max-snippet:-1","max-image-preview":"max-image-preview:large","max-video-preview":"max-video-preview:-1"},"canonical":"https:\/\/web.quotidianopiemontese.it\/partigiani-e-resistenza-in-piemonte\/lanpi-comitato-provinciale-di-torino-celebra-gli-80-anni-della-resistenza-con-un-doppio-concerto\/","og_locale":"it_IT","og_type":"article","og_title":"L'Anpi Comitato Provinciale di Torino celebra gli 80 anni della Resistenza con un doppio concerto - Partigiani e Resistenza in Piemonte oggi","og_description":"Il 2024 \u00e8 un anno importante per l\u2019ANPI dato che si ricordano gli 80 anni della Resistenza (8 settembre 1943-25 aprile 1945), dato che sono gli 80 anni dell\u2019ANPI, che \u00e8 nata nel 1944. L&#8217;evento sar\u00e0 celebrato con due concerti che richiamano il valore della Libert\u00e0 e che si terranno nel mese di marzo a &hellip; Leggi tutto \"L&#8217;Anpi Comitato Provinciale di Torino celebra gli 80 anni della Resistenza con un doppio concerto\"","og_url":"https:\/\/web.quotidianopiemontese.it\/partigiani-e-resistenza-in-piemonte\/lanpi-comitato-provinciale-di-torino-celebra-gli-80-anni-della-resistenza-con-un-doppio-concerto\/","og_site_name":"Partigiani e Resistenza in Piemonte oggi","article_publisher":"https:\/\/www.facebook.com\/quotidianopiemontese","article_author":"https:\/\/www.facebook.com\/quotidianopiemontese","article_published_time":"2024-03-14T19:28:11+00:00","og_image":[{"width":360,"height":510,"url":"https:\/\/web.quotidianopiemontese.it\/partigiani-e-resistenza-in-piemonte\/files\/2024\/03\/cantiresistenti.jpeg","type":"image\/jpeg"}],"author":"Redazione","twitter_card":"summary_large_image","twitter_creator":"@quotidianopiem","twitter_site":"@quotidianopiem","twitter_misc":{"Scritto da":"Redazione","Tempo di lettura stimato":"5 minuti"},"schema":{"@context":"https:\/\/schema.org","@graph":[{"@type":"Article","@id":"https:\/\/web.quotidianopiemontese.it\/partigiani-e-resistenza-in-piemonte\/lanpi-comitato-provinciale-di-torino-celebra-gli-80-anni-della-resistenza-con-un-doppio-concerto\/#article","isPartOf":{"@id":"https:\/\/web.quotidianopiemontese.it\/partigiani-e-resistenza-in-piemonte\/lanpi-comitato-provinciale-di-torino-celebra-gli-80-anni-della-resistenza-con-un-doppio-concerto\/"},"author":{"name":"Redazione","@id":"https:\/\/web.quotidianopiemontese.it\/partigiani-e-resistenza-in-piemonte\/#\/schema\/person\/92b86f27cfe3bd649bd878d4f9c88190"},"headline":"L&#8217;Anpi Comitato Provinciale di Torino celebra gli 80 anni della Resistenza con un doppio concerto","datePublished":"2024-03-14T19:28:11+00:00","mainEntityOfPage":{"@id":"https:\/\/web.quotidianopiemontese.it\/partigiani-e-resistenza-in-piemonte\/lanpi-comitato-provinciale-di-torino-celebra-gli-80-anni-della-resistenza-con-un-doppio-concerto\/"},"wordCount":793,"commentCount":0,"image":{"@id":"https:\/\/web.quotidianopiemontese.it\/partigiani-e-resistenza-in-piemonte\/lanpi-comitato-provinciale-di-torino-celebra-gli-80-anni-della-resistenza-con-un-doppio-concerto\/#primaryimage"},"thumbnailUrl":"https:\/\/web.quotidianopiemontese.it\/partigiani-e-resistenza-in-piemonte\/files\/2024\/03\/cantiresistenti.jpeg","articleSection":["Partigiani e resistenza"],"inLanguage":"it-IT","potentialAction":[{"@type":"CommentAction","name":"Comment","target":["https:\/\/web.quotidianopiemontese.it\/partigiani-e-resistenza-in-piemonte\/lanpi-comitato-provinciale-di-torino-celebra-gli-80-anni-della-resistenza-con-un-doppio-concerto\/#respond"]}]},{"@type":"WebPage","@id":"https:\/\/web.quotidianopiemontese.it\/partigiani-e-resistenza-in-piemonte\/lanpi-comitato-provinciale-di-torino-celebra-gli-80-anni-della-resistenza-con-un-doppio-concerto\/","url":"https:\/\/web.quotidianopiemontese.it\/partigiani-e-resistenza-in-piemonte\/lanpi-comitato-provinciale-di-torino-celebra-gli-80-anni-della-resistenza-con-un-doppio-concerto\/","name":"L'Anpi Comitato Provinciale di Torino celebra gli 80 anni della Resistenza con un doppio concerto - Partigiani e Resistenza in Piemonte oggi","isPartOf":{"@id":"https:\/\/web.quotidianopiemontese.it\/partigiani-e-resistenza-in-piemonte\/#website"},"primaryImageOfPage":{"@id":"https:\/\/web.quotidianopiemontese.it\/partigiani-e-resistenza-in-piemonte\/lanpi-comitato-provinciale-di-torino-celebra-gli-80-anni-della-resistenza-con-un-doppio-concerto\/#primaryimage"},"image":{"@id":"https:\/\/web.quotidianopiemontese.it\/partigiani-e-resistenza-in-piemonte\/lanpi-comitato-provinciale-di-torino-celebra-gli-80-anni-della-resistenza-con-un-doppio-concerto\/#primaryimage"},"thumbnailUrl":"https:\/\/web.quotidianopiemontese.it\/partigiani-e-resistenza-in-piemonte\/files\/2024\/03\/cantiresistenti.jpeg","datePublished":"2024-03-14T19:28:11+00:00","author":{"@id":"https:\/\/web.quotidianopiemontese.it\/partigiani-e-resistenza-in-piemonte\/#\/schema\/person\/92b86f27cfe3bd649bd878d4f9c88190"},"breadcrumb":{"@id":"https:\/\/web.quotidianopiemontese.it\/partigiani-e-resistenza-in-piemonte\/lanpi-comitato-provinciale-di-torino-celebra-gli-80-anni-della-resistenza-con-un-doppio-concerto\/#breadcrumb"},"inLanguage":"it-IT","potentialAction":[{"@type":"ReadAction","target":["https:\/\/web.quotidianopiemontese.it\/partigiani-e-resistenza-in-piemonte\/lanpi-comitato-provinciale-di-torino-celebra-gli-80-anni-della-resistenza-con-un-doppio-concerto\/"]}]},{"@type":"ImageObject","inLanguage":"it-IT","@id":"https:\/\/web.quotidianopiemontese.it\/partigiani-e-resistenza-in-piemonte\/lanpi-comitato-provinciale-di-torino-celebra-gli-80-anni-della-resistenza-con-un-doppio-concerto\/#primaryimage","url":"https:\/\/web.quotidianopiemontese.it\/partigiani-e-resistenza-in-piemonte\/files\/2024\/03\/cantiresistenti.jpeg","contentUrl":"https:\/\/web.quotidianopiemontese.it\/partigiani-e-resistenza-in-piemonte\/files\/2024\/03\/cantiresistenti.jpeg","width":360,"height":510},{"@type":"BreadcrumbList","@id":"https:\/\/web.quotidianopiemontese.it\/partigiani-e-resistenza-in-piemonte\/lanpi-comitato-provinciale-di-torino-celebra-gli-80-anni-della-resistenza-con-un-doppio-concerto\/#breadcrumb","itemListElement":[{"@type":"ListItem","position":1,"name":"Home","item":"https:\/\/web.quotidianopiemontese.it\/partigiani-e-resistenza-in-piemonte\/"},{"@type":"ListItem","position":2,"name":"L&#8217;Anpi Comitato Provinciale di Torino celebra gli 80 anni della Resistenza con un doppio concerto"}]},{"@type":"WebSite","@id":"https:\/\/web.quotidianopiemontese.it\/partigiani-e-resistenza-in-piemonte\/#website","url":"https:\/\/web.quotidianopiemontese.it\/partigiani-e-resistenza-in-piemonte\/","name":"Partigiani e Resistenza in Piemonte oggi","description":"Quotidiano Piemontese","potentialAction":[{"@type":"SearchAction","target":{"@type":"EntryPoint","urlTemplate":"https:\/\/web.quotidianopiemontese.it\/partigiani-e-resistenza-in-piemonte\/?s={search_term_string}"},"query-input":{"@type":"PropertyValueSpecification","valueRequired":true,"valueName":"search_term_string"}}],"inLanguage":"it-IT"},{"@type":"Person","@id":"https:\/\/web.quotidianopiemontese.it\/partigiani-e-resistenza-in-piemonte\/#\/schema\/person\/92b86f27cfe3bd649bd878d4f9c88190","name":"Redazione","image":{"@type":"ImageObject","inLanguage":"it-IT","@id":"https:\/\/web.quotidianopiemontese.it\/partigiani-e-resistenza-in-piemonte\/#\/schema\/person\/image\/","url":"https:\/\/secure.gravatar.com\/avatar\/fdce1b5a74767a43870aca54b0800bed88aab98b8098f69ac252d11aec8cdbe7?s=96&d=mm&r=g","contentUrl":"https:\/\/secure.gravatar.com\/avatar\/fdce1b5a74767a43870aca54b0800bed88aab98b8098f69ac252d11aec8cdbe7?s=96&d=mm&r=g","caption":"Redazione"},"description":"Quotidiano Piemontese: il sito di informazione pi\u00f9 letto del Piemonte : libero, tempestivo indipendente, social. L'hub sociale e informativo del Piemonte","sameAs":["http:\/\/www.quotidianopiemontese.it\/","https:\/\/www.facebook.com\/quotidianopiemontese","https:\/\/x.com\/quotidianopiem"],"url":"https:\/\/web.quotidianopiemontese.it\/partigiani-e-resistenza-in-piemonte\/author\/administrator\/"}]}},"_links":{"self":[{"href":"https:\/\/web.quotidianopiemontese.it\/partigiani-e-resistenza-in-piemonte\/wp-json\/wp\/v2\/posts\/72","targetHints":{"allow":["GET"]}}],"collection":[{"href":"https:\/\/web.quotidianopiemontese.it\/partigiani-e-resistenza-in-piemonte\/wp-json\/wp\/v2\/posts"}],"about":[{"href":"https:\/\/web.quotidianopiemontese.it\/partigiani-e-resistenza-in-piemonte\/wp-json\/wp\/v2\/types\/post"}],"author":[{"embeddable":true,"href":"https:\/\/web.quotidianopiemontese.it\/partigiani-e-resistenza-in-piemonte\/wp-json\/wp\/v2\/users\/1"}],"replies":[{"embeddable":true,"href":"https:\/\/web.quotidianopiemontese.it\/partigiani-e-resistenza-in-piemonte\/wp-json\/wp\/v2\/comments?post=72"}],"version-history":[{"count":1,"href":"https:\/\/web.quotidianopiemontese.it\/partigiani-e-resistenza-in-piemonte\/wp-json\/wp\/v2\/posts\/72\/revisions"}],"predecessor-version":[{"id":74,"href":"https:\/\/web.quotidianopiemontese.it\/partigiani-e-resistenza-in-piemonte\/wp-json\/wp\/v2\/posts\/72\/revisions\/74"}],"wp:featuredmedia":[{"embeddable":true,"href":"https:\/\/web.quotidianopiemontese.it\/partigiani-e-resistenza-in-piemonte\/wp-json\/wp\/v2\/media\/73"}],"wp:attachment":[{"href":"https:\/\/web.quotidianopiemontese.it\/partigiani-e-resistenza-in-piemonte\/wp-json\/wp\/v2\/media?parent=72"}],"wp:term":[{"taxonomy":"category","embeddable":true,"href":"https:\/\/web.quotidianopiemontese.it\/partigiani-e-resistenza-in-piemonte\/wp-json\/wp\/v2\/categories?post=72"},{"taxonomy":"post_tag","embeddable":true,"href":"https:\/\/web.quotidianopiemontese.it\/partigiani-e-resistenza-in-piemonte\/wp-json\/wp\/v2\/tags?post=72"}],"curies":[{"name":"wp","href":"https:\/\/api.w.org\/{rel}","templated":true}]}}