{"id":969,"date":"2022-03-22T11:12:04","date_gmt":"2022-03-22T10:12:04","guid":{"rendered":"http:\/\/web.quotidianopiemontese.it\/cultura-arte-e-spettacolo-a-torino\/?p=969"},"modified":"2022-03-22T11:12:04","modified_gmt":"2022-03-22T10:12:04","slug":"un-grande-abbraccio-al-mondo-ezio-gribaudo-lanima-cosmopolita-della-fiber-art","status":"publish","type":"post","link":"https:\/\/web.quotidianopiemontese.it\/cultura-arte-e-spettacolo-a-torino\/un-grande-abbraccio-al-mondo-ezio-gribaudo-lanima-cosmopolita-della-fiber-art\/","title":{"rendered":"\u00abUn grande Abbraccio al Mondo\u00bb. Ezio Gribaudo e l\u2019anima \u201ccosmopolita\u201d della Fiber Art"},"content":{"rendered":"<p>Quaranta opere di 26 artisti di tutti i continenti per porre l\u2019attenzione sull\u2019aspetto cosmopolita e nomade della Fiber Art, ovvero l\u2019interesse per le culture di tutto il mondo rilette attraverso i patrimoni antichi e contemporanei della tessilit\u00e0 da artisti \u201cviaggiatori\u201d, che si spostano di cultura in cultura, di luogo in luogo, per apprendere nuove tecniche e conoscere nuovi materiali.\u00a0 Un vero e proprio giro del mondo grazie alla duttilit\u00e0 del filo.<!--more--><br \/>\nFino al 15 maggio, l\u2019Imbiancheria del Vajro di Chieri ospita la mostra \u00abUn grande Abbraccio al Mondo\u00bb, terzo appuntamento del progetto \u00abRestART!\u00bb, il cui obiettivo \u00e8 raccontare, attraverso cinque mostre nell\u2019arco di due anni, la preziosa Collezione Civica di Fiber Art del Comune di Chieri, \u201cTrame d\u2019Autore\u201d, oltre 300 opere realizzate da artisti di tutto il mondo, un patrimonio di valore e di rilevanza internazionale.<\/p>\n<figure id=\"attachment_971\" aria-describedby=\"caption-attachment-971\" style=\"width: 300px\" class=\"wp-caption alignnone\"><a href=\"http:\/\/web.quotidianopiemontese.it\/cultura-arte-e-spettacolo-a-torino\/files\/2022\/03\/277217614_10227328996312306_482812350351976222_n.jpg\"><img loading=\"lazy\" decoding=\"async\" class=\"size-medium wp-image-971\" src=\"http:\/\/web.quotidianopiemontese.it\/cultura-arte-e-spettacolo-a-torino\/files\/2022\/03\/277217614_10227328996312306_482812350351976222_n-300x225.jpg\" alt=\"\" width=\"300\" height=\"225\" srcset=\"https:\/\/web.quotidianopiemontese.it\/cultura-arte-e-spettacolo-a-torino\/files\/2022\/03\/277217614_10227328996312306_482812350351976222_n-300x225.jpg 300w, https:\/\/web.quotidianopiemontese.it\/cultura-arte-e-spettacolo-a-torino\/files\/2022\/03\/277217614_10227328996312306_482812350351976222_n-200x150.jpg 200w, https:\/\/web.quotidianopiemontese.it\/cultura-arte-e-spettacolo-a-torino\/files\/2022\/03\/277217614_10227328996312306_482812350351976222_n.jpg 720w\" sizes=\"auto, (max-width: 300px) 85vw, 300px\" \/><\/a><figcaption id=\"caption-attachment-971\" class=\"wp-caption-text\"><em><strong>Vagaram Choudhary (India)<\/strong><\/em><\/figcaption><\/figure>\n<p>L\u2019Imbiancheria del Vajro, uno dei pi\u00f9 antichi edifici industriali di Chieri, risalente al XVI secolo, quando qui si insediarono le prime lavorazioni tessili: recuperata grazie al contributo della Fondazione Compagnia di San Paolo, \u00e8 divenuta sede di un museo \u2018relazionale\u2019 incentrato sul patrimonio della Fiber Art, ospitando mostre temporanee ed eventi collaterali, attivit\u00e0 educative, nonch\u00e9 la rassegna \u201cTramanda\u201d e tutte le iniziative ad essa collegate.<\/p>\n<p>&nbsp;<\/p>\n<figure id=\"attachment_972\" aria-describedby=\"caption-attachment-972\" style=\"width: 300px\" class=\"wp-caption alignnone\"><a href=\"http:\/\/web.quotidianopiemontese.it\/cultura-arte-e-spettacolo-a-torino\/files\/2022\/03\/ImbiancheriadelVajro_CHIERICredits-Maria-Elena-Delia.jpg\"><img loading=\"lazy\" decoding=\"async\" class=\"size-medium wp-image-972\" src=\"http:\/\/web.quotidianopiemontese.it\/cultura-arte-e-spettacolo-a-torino\/files\/2022\/03\/ImbiancheriadelVajro_CHIERICredits-Maria-Elena-Delia-300x225.jpg\" alt=\"\" width=\"300\" height=\"225\" srcset=\"https:\/\/web.quotidianopiemontese.it\/cultura-arte-e-spettacolo-a-torino\/files\/2022\/03\/ImbiancheriadelVajro_CHIERICredits-Maria-Elena-Delia-300x225.jpg 300w, https:\/\/web.quotidianopiemontese.it\/cultura-arte-e-spettacolo-a-torino\/files\/2022\/03\/ImbiancheriadelVajro_CHIERICredits-Maria-Elena-Delia-768x576.jpg 768w, https:\/\/web.quotidianopiemontese.it\/cultura-arte-e-spettacolo-a-torino\/files\/2022\/03\/ImbiancheriadelVajro_CHIERICredits-Maria-Elena-Delia-1024x768.jpg 1024w, https:\/\/web.quotidianopiemontese.it\/cultura-arte-e-spettacolo-a-torino\/files\/2022\/03\/ImbiancheriadelVajro_CHIERICredits-Maria-Elena-Delia-200x150.jpg 200w, https:\/\/web.quotidianopiemontese.it\/cultura-arte-e-spettacolo-a-torino\/files\/2022\/03\/ImbiancheriadelVajro_CHIERICredits-Maria-Elena-Delia.jpg 1824w\" sizes=\"auto, (max-width: 300px) 85vw, 300px\" \/><\/a><figcaption id=\"caption-attachment-972\" class=\"wp-caption-text\"><strong><em>L\u2019Imbiancheria del Vajro (Credits Maria Elena Delia)<\/em><\/strong><\/figcaption><\/figure>\n<p>Spiega Silvana Nota, critica d\u2019arte e direttrice artistica del progetto RestART!: \u00abLa Fiber Art, per sua natura, \u00e8 un grande abbraccio al mondo. Alle origini di questo movimento artistico sviluppatosi negli Anni Sessanta, vi \u00e8, infatti, l\u2019interesse per le culture di ogni luogo e tempo rilette attraverso i patrimoni antichi e contemporanei della tessitura. In essi, gli artisti vi hanno identificato il filo universale che collega popoli e tradizioni, individuando al loro interno i pi\u00f9 svariati percorsi di esplorazione alla ricerca di significati e conoscenze poi elaborate con sensibilit\u00e0, contenuti e modalit\u00e0 personali. In libera adesione allo spirito di questa corrente, che \u00e8 giunta ad oggi ricaricandosi delle incalcolabili esperienze del \u2018900, il cammino dei fiber artist ha incrociato i passi di altri artisti visuali, che su strade parallele hanno dato valore al medium tessile giungendo, con incredibile sintonia, agli stessi elementi fondanti e punti teorici dell\u2019arte della fibra: un nomadismo culturale inclusivo ed etico, attraverso il quale l\u2019enciclopedia delle saggezze perdute, o di abituale consumo, si traduce in opere simili a grandi libri aperti tra le cui pagine trovano valore gli aspetti migliori di civilt\u00e0 del passato e di oggi, al di l\u00e0 di qualsiasi barriera geografica o di pensiero. Un dato che emerge con chiarezza nella Collezione \u201cTrame d\u2019Autore\u201d, chiamata nella sua mission a mettere in dialogo i diversi aspetti di un medesimo linguaggio, forse tra i pochi ad avere una continuit\u00e0 in costante metamorfosi ed espansione contemporanea, pur mantenendo i tratti identitari che la contraddistinguono\u00bb.<\/p>\n<figure id=\"attachment_975\" aria-describedby=\"caption-attachment-975\" style=\"width: 225px\" class=\"wp-caption alignnone\"><a href=\"http:\/\/web.quotidianopiemontese.it\/cultura-arte-e-spettacolo-a-torino\/files\/2022\/03\/277173180_10227329005192528_2783269398699184554_n.jpg\"><img loading=\"lazy\" decoding=\"async\" class=\"size-medium wp-image-975\" src=\"http:\/\/web.quotidianopiemontese.it\/cultura-arte-e-spettacolo-a-torino\/files\/2022\/03\/277173180_10227329005192528_2783269398699184554_n-225x300.jpg\" alt=\"\" width=\"225\" height=\"300\" srcset=\"https:\/\/web.quotidianopiemontese.it\/cultura-arte-e-spettacolo-a-torino\/files\/2022\/03\/277173180_10227329005192528_2783269398699184554_n-225x300.jpg 225w, https:\/\/web.quotidianopiemontese.it\/cultura-arte-e-spettacolo-a-torino\/files\/2022\/03\/277173180_10227329005192528_2783269398699184554_n.jpg 526w\" sizes=\"auto, (max-width: 225px) 85vw, 225px\" \/><\/a><figcaption id=\"caption-attachment-975\" class=\"wp-caption-text\"><strong><em>La curatrice Silvana Nota<\/em><\/strong><\/figcaption><\/figure>\n<p>\u00abTema di questa mostra, che presenta una serie di installazioni-prosegue la curatrice Silvana Nota-\u00e8 l\u2019empatia che unisce esseri viventi, natura e angoli tra i pi\u00f9 famosi o sperduti della Terra, impressi e declinati in opere multiformi per poetiche, materiali e tecniche. Il percorso espositivo richiama una mappa del tutto originale e inconsueta che attraversa i continenti raccontandoli in caleidoscopiche declinazioni, grazie ad artisti liberi da ogni margine: internazionali per professione, cittadini del mondo per vocazione, spesso nati in luogo, vivono in un altro e si spostano ancora altrove per ragioni innumerevoli coniugando l\u2019amore per le proprie radici ad altre molto distanti, ugualmente amate, sognate, vissute nella realt\u00e0 o in dimensioni intellettuali\u00bb.<\/p>\n<p><a href=\"http:\/\/web.quotidianopiemontese.it\/cultura-arte-e-spettacolo-a-torino\/files\/2022\/03\/e41d539d-da0f-4c67-99d2-38c1d3138063.jpg\"><img loading=\"lazy\" decoding=\"async\" class=\"alignnone size-medium wp-image-976\" src=\"http:\/\/web.quotidianopiemontese.it\/cultura-arte-e-spettacolo-a-torino\/files\/2022\/03\/e41d539d-da0f-4c67-99d2-38c1d3138063-300x225.jpg\" alt=\"\" width=\"300\" height=\"225\" srcset=\"https:\/\/web.quotidianopiemontese.it\/cultura-arte-e-spettacolo-a-torino\/files\/2022\/03\/e41d539d-da0f-4c67-99d2-38c1d3138063-300x225.jpg 300w, https:\/\/web.quotidianopiemontese.it\/cultura-arte-e-spettacolo-a-torino\/files\/2022\/03\/e41d539d-da0f-4c67-99d2-38c1d3138063-768x576.jpg 768w, https:\/\/web.quotidianopiemontese.it\/cultura-arte-e-spettacolo-a-torino\/files\/2022\/03\/e41d539d-da0f-4c67-99d2-38c1d3138063-1024x768.jpg 1024w, https:\/\/web.quotidianopiemontese.it\/cultura-arte-e-spettacolo-a-torino\/files\/2022\/03\/e41d539d-da0f-4c67-99d2-38c1d3138063-200x150.jpg 200w, https:\/\/web.quotidianopiemontese.it\/cultura-arte-e-spettacolo-a-torino\/files\/2022\/03\/e41d539d-da0f-4c67-99d2-38c1d3138063.jpg 2000w\" sizes=\"auto, (max-width: 300px) 85vw, 300px\" \/><\/a><br \/>\nOspite d\u2019eccezione della mostra \u00abUn grande Abbraccio al Mondo\u00bb \u00e8 l\u2019artista, editore e collezionista Ezio Gribaudo (Torino, 1929), che ha fatto del viaggio e dell\u2019incontro una filosofia di vita, e che gi\u00e0 a partire dagli Anni Settanta ha utilizzato il tessuto nelle sue opere. Il Maestro Ezio Gribaudo ha accettato di collegarsi con una sua installazione site specific di \u201cmappamondi\u201d all\u2019opera aperta condivisa \u201cL\u2019Arte Moltiplica l\u2019Arte\u201d:<\/p>\n<p><a href=\"http:\/\/web.quotidianopiemontese.it\/cultura-arte-e-spettacolo-a-torino\/files\/2022\/03\/f10856d0-4891-4e77-b663-c05ebf91e3c6.jpg\"><img loading=\"lazy\" decoding=\"async\" class=\"alignnone size-medium wp-image-977\" src=\"http:\/\/web.quotidianopiemontese.it\/cultura-arte-e-spettacolo-a-torino\/files\/2022\/03\/f10856d0-4891-4e77-b663-c05ebf91e3c6-300x225.jpg\" alt=\"\" width=\"300\" height=\"225\" srcset=\"https:\/\/web.quotidianopiemontese.it\/cultura-arte-e-spettacolo-a-torino\/files\/2022\/03\/f10856d0-4891-4e77-b663-c05ebf91e3c6-300x225.jpg 300w, https:\/\/web.quotidianopiemontese.it\/cultura-arte-e-spettacolo-a-torino\/files\/2022\/03\/f10856d0-4891-4e77-b663-c05ebf91e3c6-768x576.jpg 768w, https:\/\/web.quotidianopiemontese.it\/cultura-arte-e-spettacolo-a-torino\/files\/2022\/03\/f10856d0-4891-4e77-b663-c05ebf91e3c6-1024x768.jpg 1024w, https:\/\/web.quotidianopiemontese.it\/cultura-arte-e-spettacolo-a-torino\/files\/2022\/03\/f10856d0-4891-4e77-b663-c05ebf91e3c6-200x150.jpg 200w, https:\/\/web.quotidianopiemontese.it\/cultura-arte-e-spettacolo-a-torino\/files\/2022\/03\/f10856d0-4891-4e77-b663-c05ebf91e3c6.jpg 2048w\" sizes=\"auto, (max-width: 300px) 85vw, 300px\" \/><\/a><\/p>\n<p>\u00abIl mappamondo rappresenta nella mia ricerca l\u2019immagine della bellezza immensa della terra sulla quale viviamo (\u2026). Ho avuto l\u2019opportunit\u00e0 di apprezzare culture diverse e riflettere sul senso dell\u2019esistenza che merita orizzonti aperti. Ad interessarmi \u00e8 stato anche l\u2019ingegno umano, e insieme ad esso l\u2019ambiente dell\u2019officina intesa nel suo pi\u00f9 nobile significato. Un binomio affascinante che mi ha spinto a raccogliere sapienze diverse e sperimentarle nelle mie opere realizzate talvolta con materiali di particolare significato come i flani &#8211; gli stampi dei giornali che venivano buttati dopo il loro uso e sui quali ho costruito scritture e libri d\u2019artista &#8211; e scarti tessili: dalla juta a fili vari, da me utilizzati gi\u00e0 a partire dagli Anni Settanta\u00bb.<\/p>\n<p><a href=\"http:\/\/web.quotidianopiemontese.it\/cultura-arte-e-spettacolo-a-torino\/files\/2022\/03\/0cc61e7f-22f2-42de-85d8-33b0665c29e3.jpg\"><img loading=\"lazy\" decoding=\"async\" class=\"alignnone size-medium wp-image-978\" src=\"http:\/\/web.quotidianopiemontese.it\/cultura-arte-e-spettacolo-a-torino\/files\/2022\/03\/0cc61e7f-22f2-42de-85d8-33b0665c29e3-300x225.jpg\" alt=\"\" width=\"300\" height=\"225\" srcset=\"https:\/\/web.quotidianopiemontese.it\/cultura-arte-e-spettacolo-a-torino\/files\/2022\/03\/0cc61e7f-22f2-42de-85d8-33b0665c29e3-300x225.jpg 300w, https:\/\/web.quotidianopiemontese.it\/cultura-arte-e-spettacolo-a-torino\/files\/2022\/03\/0cc61e7f-22f2-42de-85d8-33b0665c29e3-768x576.jpg 768w, https:\/\/web.quotidianopiemontese.it\/cultura-arte-e-spettacolo-a-torino\/files\/2022\/03\/0cc61e7f-22f2-42de-85d8-33b0665c29e3-1024x768.jpg 1024w, https:\/\/web.quotidianopiemontese.it\/cultura-arte-e-spettacolo-a-torino\/files\/2022\/03\/0cc61e7f-22f2-42de-85d8-33b0665c29e3-200x150.jpg 200w, https:\/\/web.quotidianopiemontese.it\/cultura-arte-e-spettacolo-a-torino\/files\/2022\/03\/0cc61e7f-22f2-42de-85d8-33b0665c29e3.jpg 2000w\" sizes=\"auto, (max-width: 300px) 85vw, 300px\" \/><\/a><br \/>\nPer Ezio Gribaudo questa mostra segna un ritorno a Chieri, dove nel 1967 ha ricevuto il Premio \u201c Navetta d\u2019oro\u201d e successivamente ha collaborato a molti progetti tra i quali, nel 1988, lo storico evento teatrale \u201cI Giovani per i Giovani\u201d. \u00abDa quelle tessiture di arte e cultura sono cos\u00ec nati nuovi intrecci che oggi si espandono e tracciano inedite vie di colori e di Umanesimo\u00bb.<\/p>\n<p><a href=\"http:\/\/web.quotidianopiemontese.it\/cultura-arte-e-spettacolo-a-torino\/files\/2022\/03\/5a0f5d78-1372-4785-be67-2a1d7a726a21.jpg\"><img loading=\"lazy\" decoding=\"async\" class=\"alignnone size-medium wp-image-979\" src=\"http:\/\/web.quotidianopiemontese.it\/cultura-arte-e-spettacolo-a-torino\/files\/2022\/03\/5a0f5d78-1372-4785-be67-2a1d7a726a21-300x225.jpg\" alt=\"\" width=\"300\" height=\"225\" srcset=\"https:\/\/web.quotidianopiemontese.it\/cultura-arte-e-spettacolo-a-torino\/files\/2022\/03\/5a0f5d78-1372-4785-be67-2a1d7a726a21-300x225.jpg 300w, https:\/\/web.quotidianopiemontese.it\/cultura-arte-e-spettacolo-a-torino\/files\/2022\/03\/5a0f5d78-1372-4785-be67-2a1d7a726a21-768x576.jpg 768w, https:\/\/web.quotidianopiemontese.it\/cultura-arte-e-spettacolo-a-torino\/files\/2022\/03\/5a0f5d78-1372-4785-be67-2a1d7a726a21-1024x768.jpg 1024w, https:\/\/web.quotidianopiemontese.it\/cultura-arte-e-spettacolo-a-torino\/files\/2022\/03\/5a0f5d78-1372-4785-be67-2a1d7a726a21-200x150.jpg 200w, https:\/\/web.quotidianopiemontese.it\/cultura-arte-e-spettacolo-a-torino\/files\/2022\/03\/5a0f5d78-1372-4785-be67-2a1d7a726a21.jpg 2048w\" sizes=\"auto, (max-width: 300px) 85vw, 300px\" \/><\/a><br \/>\nIn mostra troviamo i Kimoni realizzati da artiste, che a questo abito giapponese, altamente filosofico nella sua geometrica architettura corporea, hanno dedicato approfondite ricerche e originali interpretazioni. Nell\u2019abito-oggetto di Marialuisa Sponga incontriamo, oltre al Giappone, riferimenti alla cultura afroamericana del quilt, elaborato in trapunte a tre strati; nell\u2019opera realizzata da Tiziana Tateo l\u2019encausto e i suoi rimandi alla storia antica della Grecia e di Roma, si incrociano alle \u201ccerimonie del t\u00e8\u201d attraverso carte tinte con la profumata bevanda rituale; la scultura murale di Rosamarie Reber (Svizzera) interagisce con gli effetti della luce, naturale e artificiale, ed attraverso una tessitura scultorea dai profili irregolari per sottolineare l\u2019equilibrio tra forza e duttilit\u00e0.<\/p>\n<p><a href=\"http:\/\/web.quotidianopiemontese.it\/cultura-arte-e-spettacolo-a-torino\/files\/2022\/03\/894024d2-abb0-4f83-9600-b3ff647c4926.jpg\"><img loading=\"lazy\" decoding=\"async\" class=\"alignnone size-medium wp-image-980\" src=\"http:\/\/web.quotidianopiemontese.it\/cultura-arte-e-spettacolo-a-torino\/files\/2022\/03\/894024d2-abb0-4f83-9600-b3ff647c4926-300x225.jpg\" alt=\"\" width=\"300\" height=\"225\" srcset=\"https:\/\/web.quotidianopiemontese.it\/cultura-arte-e-spettacolo-a-torino\/files\/2022\/03\/894024d2-abb0-4f83-9600-b3ff647c4926-300x225.jpg 300w, https:\/\/web.quotidianopiemontese.it\/cultura-arte-e-spettacolo-a-torino\/files\/2022\/03\/894024d2-abb0-4f83-9600-b3ff647c4926-768x576.jpg 768w, https:\/\/web.quotidianopiemontese.it\/cultura-arte-e-spettacolo-a-torino\/files\/2022\/03\/894024d2-abb0-4f83-9600-b3ff647c4926-1024x768.jpg 1024w, https:\/\/web.quotidianopiemontese.it\/cultura-arte-e-spettacolo-a-torino\/files\/2022\/03\/894024d2-abb0-4f83-9600-b3ff647c4926-200x150.jpg 200w, https:\/\/web.quotidianopiemontese.it\/cultura-arte-e-spettacolo-a-torino\/files\/2022\/03\/894024d2-abb0-4f83-9600-b3ff647c4926.jpg 2000w\" sizes=\"auto, (max-width: 300px) 85vw, 300px\" \/><\/a><\/p>\n<p>Simboli universali di spiritualit\u00e0 percorrono l\u2019intera superficie del Kimono di Gabriela Naftanaila Leventu (Romania), che richiama l\u2019immagine di un paramento sacro sul quale segni, colori e allegorie compongono scritture arcane.<br \/>\nLa capacit\u00e0 della Fiber Art di unire i Continenti, dimostrando la meraviglia derivante dal loro incontro, si espande portando il fascino dei grandi viaggiatori nel suggestivo \u201cKimono geografico\u201d di Elvezia Allari, un connubio di Sud America e Giappone, una tavolozza di colori da cui sgorgano rimandi letterari e poetici, mentre due liriche scarpette, robuste e leggere, invitano al cammino che ognuno potr\u00e0 intraprendere come via di riflessione interiore. Nelle foglie cadute a terra, raccolte da Marie Noelle Fontan (Francia) nel corso di incalcolabili spostamenti, soprattutto tra Parigi e il Guatemala, si imprime l\u2019amore per la natura. Essiccate e tessute con gentilezza grazie ad un telaietto francese appartenuto alla mamma, esprimono la trasformazione del tempo che muta l\u2019aspetto della vita, ma non ne disperde l\u2019essenza, che trascolorandosi, rinascer\u00e0 in altre incantevoli armonie dando scacco all\u2019idea di fragilit\u00e0 e di effimero.<\/p>\n<p><a href=\"http:\/\/web.quotidianopiemontese.it\/cultura-arte-e-spettacolo-a-torino\/files\/2022\/03\/Allestimento_Restart2.jpeg\"><img loading=\"lazy\" decoding=\"async\" class=\"alignnone size-medium wp-image-981\" src=\"http:\/\/web.quotidianopiemontese.it\/cultura-arte-e-spettacolo-a-torino\/files\/2022\/03\/Allestimento_Restart2-300x225.jpeg\" alt=\"\" width=\"300\" height=\"225\" srcset=\"https:\/\/web.quotidianopiemontese.it\/cultura-arte-e-spettacolo-a-torino\/files\/2022\/03\/Allestimento_Restart2-300x225.jpeg 300w, https:\/\/web.quotidianopiemontese.it\/cultura-arte-e-spettacolo-a-torino\/files\/2022\/03\/Allestimento_Restart2-768x576.jpeg 768w, https:\/\/web.quotidianopiemontese.it\/cultura-arte-e-spettacolo-a-torino\/files\/2022\/03\/Allestimento_Restart2.jpeg 1024w, https:\/\/web.quotidianopiemontese.it\/cultura-arte-e-spettacolo-a-torino\/files\/2022\/03\/Allestimento_Restart2-200x150.jpeg 200w\" sizes=\"auto, (max-width: 300px) 85vw, 300px\" \/><\/a><br \/>\nNell\u2019opera di Margareta Bergstrand (Svezia) le geometrie verticali sono rese ancor pi\u00f9 astratte dalla purezza delle linee e da un minimalismo cromatico concettuale che ricorda le strutture di archetipi templi, forse in parte perduti, e la memoria di connessioni misteriose tra materia ed eternit\u00e0. Anche per Gina Morandini la soglia assume la metafora di un elemento capace di proteggere e permettere lo sforamento dell\u2019oscurit\u00e0 verso la luce. La tematica mistica \u00e8 il punto focale dell\u2019installazione murale di Dorthe Herup (Danimarca), che, attraverso morbide frange multicolori, suggerisce resilienza e capacit\u00e0 di trasformazione nel solco di un\u2019arte meditativa e gioiosa.<\/p>\n<p><a href=\"http:\/\/web.quotidianopiemontese.it\/cultura-arte-e-spettacolo-a-torino\/files\/2022\/03\/fe610e68-65cc-43f3-b06b-e440e1c92f8d.jpg\"><img loading=\"lazy\" decoding=\"async\" class=\"alignnone size-medium wp-image-982\" src=\"http:\/\/web.quotidianopiemontese.it\/cultura-arte-e-spettacolo-a-torino\/files\/2022\/03\/fe610e68-65cc-43f3-b06b-e440e1c92f8d-300x225.jpg\" alt=\"\" width=\"300\" height=\"225\" srcset=\"https:\/\/web.quotidianopiemontese.it\/cultura-arte-e-spettacolo-a-torino\/files\/2022\/03\/fe610e68-65cc-43f3-b06b-e440e1c92f8d-300x225.jpg 300w, https:\/\/web.quotidianopiemontese.it\/cultura-arte-e-spettacolo-a-torino\/files\/2022\/03\/fe610e68-65cc-43f3-b06b-e440e1c92f8d-768x576.jpg 768w, https:\/\/web.quotidianopiemontese.it\/cultura-arte-e-spettacolo-a-torino\/files\/2022\/03\/fe610e68-65cc-43f3-b06b-e440e1c92f8d-1024x768.jpg 1024w, https:\/\/web.quotidianopiemontese.it\/cultura-arte-e-spettacolo-a-torino\/files\/2022\/03\/fe610e68-65cc-43f3-b06b-e440e1c92f8d-200x150.jpg 200w, https:\/\/web.quotidianopiemontese.it\/cultura-arte-e-spettacolo-a-torino\/files\/2022\/03\/fe610e68-65cc-43f3-b06b-e440e1c92f8d.jpg 2048w\" sizes=\"auto, (max-width: 300px) 85vw, 300px\" \/><\/a><\/p>\n<p>In \u201cChange\u201d Jurate Petrusckeviciene (Lituania) impiega nel suo lavoro tinture ricavate da piante della sua terra ed utilizzate con la tecnica giapponese dello shibori. Le costanti relazioni di reciproco arricchimento tra Oriente e Occidente sono alla base della ricerca di Chen Li (Cina), vive e lavora in Italia), artista visuale, calligrafa e designer, che rende omaggio alle donne con un tessuto antico di corredo sul quale riporta un testo di Galileo Galilei con la volont\u00e0 di diffondere la cultura italiana nel mondo. La pi\u00f9 classica delle frasi \u201cTutto il mondo \u00e8 casa mia\u201d, sembra perfetta per introdurre l\u2019arte e la figura di Akiko Kotani (Usa), artista di vastissima cultura nata alle Hawaii, studiosa di tessitura Maya: il suo dittico parla di polline in inverno, indicando la possibilit\u00e0 allegorica di germogli in ogni stagione a cui d\u00e0 forma con l\u2019utilizzo di teli dalle molte velature.<\/p>\n<p><a href=\"http:\/\/web.quotidianopiemontese.it\/cultura-arte-e-spettacolo-a-torino\/files\/2022\/03\/f11866d5-6459-4c56-9693-16cf271c869b.jpg\"><img loading=\"lazy\" decoding=\"async\" class=\"alignnone size-medium wp-image-983\" src=\"http:\/\/web.quotidianopiemontese.it\/cultura-arte-e-spettacolo-a-torino\/files\/2022\/03\/f11866d5-6459-4c56-9693-16cf271c869b-300x225.jpg\" alt=\"\" width=\"300\" height=\"225\" srcset=\"https:\/\/web.quotidianopiemontese.it\/cultura-arte-e-spettacolo-a-torino\/files\/2022\/03\/f11866d5-6459-4c56-9693-16cf271c869b-300x225.jpg 300w, https:\/\/web.quotidianopiemontese.it\/cultura-arte-e-spettacolo-a-torino\/files\/2022\/03\/f11866d5-6459-4c56-9693-16cf271c869b-768x576.jpg 768w, https:\/\/web.quotidianopiemontese.it\/cultura-arte-e-spettacolo-a-torino\/files\/2022\/03\/f11866d5-6459-4c56-9693-16cf271c869b-1024x768.jpg 1024w, https:\/\/web.quotidianopiemontese.it\/cultura-arte-e-spettacolo-a-torino\/files\/2022\/03\/f11866d5-6459-4c56-9693-16cf271c869b-200x150.jpg 200w, https:\/\/web.quotidianopiemontese.it\/cultura-arte-e-spettacolo-a-torino\/files\/2022\/03\/f11866d5-6459-4c56-9693-16cf271c869b.jpg 2000w\" sizes=\"auto, (max-width: 300px) 85vw, 300px\" \/><\/a><\/p>\n<p>L\u2019India e i favolosi sari femminili vivono nell\u2019installazione di Vagaram Choudhary (India), artista e art curator la cui poetica trova significato nel racconto delle tradizioni e del tessuto sociale nel quale \u00e8 nato e vive, attraverso elementi compositivi leggeri e di grande fascino visivo. Nelle sue sculture Battistina Casula ricuce stoffe tracciando un ideale ponte di pace tra la natia Sardegna e l\u2019Iran. Dall\u2019Australia proviene invece la suggestiva installazione aerea realizzata con tessitura a mano e tintura all\u2019indaco di Sue Hiley Harris (Australia): elementi pensili come stalattiti, ideati per essere percorsi dall\u2019aria, creano percezioni che cambiano a seconda della luce e dell\u2019aria interagendo con le diverse situazioni spaziali che ne variano gli effetti visivi. Nomadi e i migranti sono protagonisti nelle sculture dell\u2019artista Ecem Tosun (Turchia): nei fiumi e negli alberi, che accolgono i passi di molte genti in marcia, coglie il legame forte di un \u201ctutto\u201d nel quale ogni essere vivente \u00e8 immerso e partecipe.<\/p>\n<figure id=\"attachment_985\" aria-describedby=\"caption-attachment-985\" style=\"width: 225px\" class=\"wp-caption alignnone\"><a href=\"http:\/\/web.quotidianopiemontese.it\/cultura-arte-e-spettacolo-a-torino\/files\/2022\/03\/277174376_10227329044033499_6350414869753416335_n.jpg\"><img loading=\"lazy\" decoding=\"async\" class=\"size-medium wp-image-985\" src=\"http:\/\/web.quotidianopiemontese.it\/cultura-arte-e-spettacolo-a-torino\/files\/2022\/03\/277174376_10227329044033499_6350414869753416335_n-225x300.jpg\" alt=\"\" width=\"225\" height=\"300\" srcset=\"https:\/\/web.quotidianopiemontese.it\/cultura-arte-e-spettacolo-a-torino\/files\/2022\/03\/277174376_10227329044033499_6350414869753416335_n-225x300.jpg 225w, https:\/\/web.quotidianopiemontese.it\/cultura-arte-e-spettacolo-a-torino\/files\/2022\/03\/277174376_10227329044033499_6350414869753416335_n.jpg 526w\" sizes=\"auto, (max-width: 225px) 85vw, 225px\" \/><\/a><figcaption id=\"caption-attachment-985\" class=\"wp-caption-text\"><strong><em>Marie Noelle Fontan (Francia)<\/em><\/strong><\/figcaption><\/figure>\n<p>Il tema dell\u2019esodo \u00e8 sempre stato presente nell\u2019arte di Martha Nieuwenhuijs (Olanda), sia come fenomeno migratorio sia come nomadismo artistico. Antonietta Airoldi (Svizzera), fiber artista di inconfondibile stile, nella sua carriera ha dedicato una particolare ricerca all\u2019artwear, cercando relazioni tra l\u2019elemento vestiario e l\u2019anima di chi lo indossa: il mantello del pellegrino medievale, in marcia sugli antichi tracciati della Via Francigena diretto verso i luoghi della Cristianit\u00e0, rappresenta un affascinante esempio di questo ciclo. Il costume di ballerina classica realizzato da Marie Louise Simons (Olanda), apparentemente morbido e accogliente come i materiali impiegati, \u00e8 in realt\u00e0 una corazza per proteggere corpo ed anima, i cui riferimenti riprendono gli antichi Mandala e le millenarie cerimonie tibetane. L\u2019opera di Pasquale Petrucci si ispira alle tradizioni dei Nativi Americani, a cui guarda ricercando i significati e gli aspetti estetico-formali. Una maschera africana \u00e8 per Jeanne-Marie Cocheril (Francia) un soggetto nel quale la tessitura robusta e scultorea, ascrivibile al linguaggio della fiber art delle origini, incontra l\u2019interesse per l\u2019arte dell\u2019Africa che interpreta stilizzandone ogni aspetto.<\/p>\n<p><a href=\"http:\/\/web.quotidianopiemontese.it\/cultura-arte-e-spettacolo-a-torino\/files\/2022\/03\/277223559_10227329022912971_7414427212914591714_n.jpg\"><img loading=\"lazy\" decoding=\"async\" class=\"alignnone size-medium wp-image-984\" src=\"http:\/\/web.quotidianopiemontese.it\/cultura-arte-e-spettacolo-a-torino\/files\/2022\/03\/277223559_10227329022912971_7414427212914591714_n-251x300.jpg\" alt=\"\" width=\"251\" height=\"300\" srcset=\"https:\/\/web.quotidianopiemontese.it\/cultura-arte-e-spettacolo-a-torino\/files\/2022\/03\/277223559_10227329022912971_7414427212914591714_n-251x300.jpg 251w, https:\/\/web.quotidianopiemontese.it\/cultura-arte-e-spettacolo-a-torino\/files\/2022\/03\/277223559_10227329022912971_7414427212914591714_n.jpg 502w\" sizes=\"auto, (max-width: 251px) 85vw, 251px\" \/><\/a><br \/>\nEzio Gribaudo si collega con l\u2019installazione site specific di mappamondi \u201cMappamondo e farfalle. Il mondo \u00e8 pura bellezza\u201d (2013-2022) all\u2019opera aperta condivisa \u201cL\u2019Arte Moltiplica l\u2019Arte\u201d, frutto dei lavori successivi di tre artiste, Cristina Mariani, Adele Oliva ed Elisa Oliva, dove ogni opera diventa cos\u00ec moltiplicatrice di altre opere. \u00abAccogliere l\u2019invito di collegarmi all\u2019installazione aperta \u201cL\u2019Arte Moltiplica l\u2019Arte\u201d, che di artista in artista esprime le differenti percezioni interiori suscitate dell\u2019abitare in luoghi lontani rispetto al proprio Paese di origine, spinti dal vento delle situazioni che cambiano o da scelte dell\u2019anima, mi \u00e8 sembrato coinvolgente, in sintonia con il mio spirito cosmopolita, il mio amore per la condivisione artistica, e per la convinzione che il futuro sia sempre ricco di promesse\u00bb.<\/p>\n<p><a href=\"http:\/\/www.comune.chieri.to.it\">http:\/\/www.comune.chieri.to.it<\/a><\/p>\n<p>&nbsp;<\/p>\n<p>&nbsp;<\/p>\n","protected":false},"excerpt":{"rendered":"<p>Quaranta opere di 26 artisti di tutti i continenti per porre l\u2019attenzione sull\u2019aspetto cosmopolita e nomade della Fiber Art, ovvero l\u2019interesse per le culture di tutto il mondo rilette attraverso i patrimoni antichi e contemporanei della tessilit\u00e0 da artisti \u201cviaggiatori\u201d, che si spostano di cultura in cultura, di luogo in luogo, per apprendere nuove tecniche &hellip; <a href=\"https:\/\/web.quotidianopiemontese.it\/cultura-arte-e-spettacolo-a-torino\/un-grande-abbraccio-al-mondo-ezio-gribaudo-lanima-cosmopolita-della-fiber-art\/\" class=\"more-link\">Leggi tutto<span class=\"screen-reader-text\"> &#8220;\u00abUn grande Abbraccio al Mondo\u00bb. Ezio Gribaudo e l\u2019anima \u201ccosmopolita\u201d della Fiber Art&#8221;<\/span><\/a><\/p>\n","protected":false},"author":1361,"featured_media":970,"comment_status":"open","ping_status":"open","sticky":false,"template":"","format":"standard","meta":{"footnotes":""},"categories":[1],"tags":[153,207,172],"class_list":["post-969","post","type-post","status-publish","format-standard","has-post-thumbnail","hentry","category-cultura-arte-spettacolo","tag-chieri","tag-fiber-art","tag-restart"],"yoast_head":"<!-- This site is optimized with the Yoast SEO plugin v27.1.1 - https:\/\/yoast.com\/product\/yoast-seo-wordpress\/ -->\n<title>\u00abUn grande Abbraccio al Mondo\u00bb. Ezio Gribaudo e l\u2019anima \u201ccosmopolita\u201d della Fiber Art - 22 Marzo 2022<\/title>\n<meta name=\"description\" content=\"\u00abUn grande Abbraccio al Mondo\u00bb. Ezio Gribaudo e l\u2019anima \u201ccosmopolita\u201d della Fiber Art - Cultura, Arte e Spettacolo a Torino - Quaranta opere di 26 artisti di tutti i continenti per porre l\u2019attenzione sull\u2019aspetto cosmopolita e nomade della Fiber Art, ovvero l\u2019interesse per le - Chieri, Fiber art, Restart\" \/>\n<meta name=\"robots\" content=\"index, follow, max-snippet:-1, max-image-preview:large, max-video-preview:-1\" \/>\n<link rel=\"canonical\" href=\"https:\/\/web.quotidianopiemontese.it\/cultura-arte-e-spettacolo-a-torino\/un-grande-abbraccio-al-mondo-ezio-gribaudo-lanima-cosmopolita-della-fiber-art\/\" \/>\n<meta property=\"og:locale\" content=\"it_IT\" \/>\n<meta property=\"og:type\" content=\"article\" \/>\n<meta property=\"og:title\" content=\"\u00abUn grande Abbraccio al Mondo\u00bb. Ezio Gribaudo e l\u2019anima \u201ccosmopolita\u201d della Fiber Art - 22 Marzo 2022\" \/>\n<meta property=\"og:description\" content=\"\u00abUn grande Abbraccio al Mondo\u00bb. Ezio Gribaudo e l\u2019anima \u201ccosmopolita\u201d della Fiber Art - Cultura, Arte e Spettacolo a Torino - Quaranta opere di 26 artisti di tutti i continenti per porre l\u2019attenzione sull\u2019aspetto cosmopolita e nomade della Fiber Art, ovvero l\u2019interesse per le - Chieri, Fiber art, Restart\" \/>\n<meta property=\"og:url\" content=\"https:\/\/web.quotidianopiemontese.it\/cultura-arte-e-spettacolo-a-torino\/un-grande-abbraccio-al-mondo-ezio-gribaudo-lanima-cosmopolita-della-fiber-art\/\" \/>\n<meta property=\"og:site_name\" content=\"Cultura, Arte e Spettacolo a Torino\" \/>\n<meta property=\"article:publisher\" content=\"https:\/\/www.facebook.com\/quotidianopiemontese?fref=ts\" \/>\n<meta property=\"article:published_time\" content=\"2022-03-22T10:12:04+00:00\" \/>\n<meta property=\"og:image\" content=\"https:\/\/web.quotidianopiemontese.it\/cultura-arte-e-spettacolo-a-torino\/files\/2022\/03\/277164277_10227328993952247_3139275103511423139_n.jpg\" \/>\n\t<meta property=\"og:image:width\" content=\"810\" \/>\n\t<meta property=\"og:image:height\" content=\"540\" \/>\n\t<meta property=\"og:image:type\" content=\"image\/jpeg\" \/>\n<meta name=\"author\" content=\"Emanuele Rebuffini\" \/>\n<meta name=\"twitter:label1\" content=\"Scritto da\" \/>\n\t<meta name=\"twitter:data1\" content=\"Emanuele Rebuffini\" \/>\n\t<meta name=\"twitter:label2\" content=\"Tempo di lettura stimato\" \/>\n\t<meta name=\"twitter:data2\" content=\"9 minuti\" \/>\n<script type=\"application\/ld+json\" class=\"yoast-schema-graph\">{\"@context\":\"https:\/\/schema.org\",\"@graph\":[{\"@type\":\"Article\",\"@id\":\"https:\/\/web.quotidianopiemontese.it\/cultura-arte-e-spettacolo-a-torino\/un-grande-abbraccio-al-mondo-ezio-gribaudo-lanima-cosmopolita-della-fiber-art\/#article\",\"isPartOf\":{\"@id\":\"https:\/\/web.quotidianopiemontese.it\/cultura-arte-e-spettacolo-a-torino\/un-grande-abbraccio-al-mondo-ezio-gribaudo-lanima-cosmopolita-della-fiber-art\/\"},\"author\":{\"name\":\"Emanuele Rebuffini\",\"@id\":\"https:\/\/web.quotidianopiemontese.it\/cultura-arte-e-spettacolo-a-torino\/#\/schema\/person\/b035109a4cc7d3e93911b78d8cebf3a0\"},\"headline\":\"\u00abUn grande Abbraccio al Mondo\u00bb. Ezio Gribaudo e l\u2019anima \u201ccosmopolita\u201d della Fiber Art\",\"datePublished\":\"2022-03-22T10:12:04+00:00\",\"mainEntityOfPage\":{\"@id\":\"https:\/\/web.quotidianopiemontese.it\/cultura-arte-e-spettacolo-a-torino\/un-grande-abbraccio-al-mondo-ezio-gribaudo-lanima-cosmopolita-della-fiber-art\/\"},\"wordCount\":1891,\"commentCount\":0,\"image\":{\"@id\":\"https:\/\/web.quotidianopiemontese.it\/cultura-arte-e-spettacolo-a-torino\/un-grande-abbraccio-al-mondo-ezio-gribaudo-lanima-cosmopolita-della-fiber-art\/#primaryimage\"},\"thumbnailUrl\":\"https:\/\/web.quotidianopiemontese.it\/cultura-arte-e-spettacolo-a-torino\/files\/2022\/03\/277164277_10227328993952247_3139275103511423139_n.jpg\",\"keywords\":[\"Chieri\",\"Fiber art\",\"Restart\"],\"articleSection\":[\"Cultura, arte, spettacolo\"],\"inLanguage\":\"it-IT\",\"potentialAction\":[{\"@type\":\"CommentAction\",\"name\":\"Comment\",\"target\":[\"https:\/\/web.quotidianopiemontese.it\/cultura-arte-e-spettacolo-a-torino\/un-grande-abbraccio-al-mondo-ezio-gribaudo-lanima-cosmopolita-della-fiber-art\/#respond\"]}]},{\"@type\":\"WebPage\",\"@id\":\"https:\/\/web.quotidianopiemontese.it\/cultura-arte-e-spettacolo-a-torino\/un-grande-abbraccio-al-mondo-ezio-gribaudo-lanima-cosmopolita-della-fiber-art\/\",\"url\":\"https:\/\/web.quotidianopiemontese.it\/cultura-arte-e-spettacolo-a-torino\/un-grande-abbraccio-al-mondo-ezio-gribaudo-lanima-cosmopolita-della-fiber-art\/\",\"name\":\"\u00abUn grande Abbraccio al Mondo\u00bb. Ezio Gribaudo e l\u2019anima \u201ccosmopolita\u201d della Fiber Art - 22 Marzo 2022\",\"isPartOf\":{\"@id\":\"https:\/\/web.quotidianopiemontese.it\/cultura-arte-e-spettacolo-a-torino\/#website\"},\"primaryImageOfPage\":{\"@id\":\"https:\/\/web.quotidianopiemontese.it\/cultura-arte-e-spettacolo-a-torino\/un-grande-abbraccio-al-mondo-ezio-gribaudo-lanima-cosmopolita-della-fiber-art\/#primaryimage\"},\"image\":{\"@id\":\"https:\/\/web.quotidianopiemontese.it\/cultura-arte-e-spettacolo-a-torino\/un-grande-abbraccio-al-mondo-ezio-gribaudo-lanima-cosmopolita-della-fiber-art\/#primaryimage\"},\"thumbnailUrl\":\"https:\/\/web.quotidianopiemontese.it\/cultura-arte-e-spettacolo-a-torino\/files\/2022\/03\/277164277_10227328993952247_3139275103511423139_n.jpg\",\"datePublished\":\"2022-03-22T10:12:04+00:00\",\"author\":{\"@id\":\"https:\/\/web.quotidianopiemontese.it\/cultura-arte-e-spettacolo-a-torino\/#\/schema\/person\/b035109a4cc7d3e93911b78d8cebf3a0\"},\"description\":\"\u00abUn grande Abbraccio al Mondo\u00bb. Ezio Gribaudo e l\u2019anima \u201ccosmopolita\u201d della Fiber Art - Cultura, Arte e Spettacolo a Torino - Quaranta opere di 26 artisti di tutti i continenti per porre l\u2019attenzione sull\u2019aspetto cosmopolita e nomade della Fiber Art, ovvero l\u2019interesse per le - Chieri, Fiber art, Restart\",\"inLanguage\":\"it-IT\",\"potentialAction\":[{\"@type\":\"ReadAction\",\"target\":[\"https:\/\/web.quotidianopiemontese.it\/cultura-arte-e-spettacolo-a-torino\/un-grande-abbraccio-al-mondo-ezio-gribaudo-lanima-cosmopolita-della-fiber-art\/\"]}]},{\"@type\":\"ImageObject\",\"inLanguage\":\"it-IT\",\"@id\":\"https:\/\/web.quotidianopiemontese.it\/cultura-arte-e-spettacolo-a-torino\/un-grande-abbraccio-al-mondo-ezio-gribaudo-lanima-cosmopolita-della-fiber-art\/#primaryimage\",\"url\":\"https:\/\/web.quotidianopiemontese.it\/cultura-arte-e-spettacolo-a-torino\/files\/2022\/03\/277164277_10227328993952247_3139275103511423139_n.jpg\",\"contentUrl\":\"https:\/\/web.quotidianopiemontese.it\/cultura-arte-e-spettacolo-a-torino\/files\/2022\/03\/277164277_10227328993952247_3139275103511423139_n.jpg\",\"width\":810,\"height\":540},{\"@type\":\"WebSite\",\"@id\":\"https:\/\/web.quotidianopiemontese.it\/cultura-arte-e-spettacolo-a-torino\/#website\",\"url\":\"https:\/\/web.quotidianopiemontese.it\/cultura-arte-e-spettacolo-a-torino\/\",\"name\":\"Cultura, Arte e Spettacolo a Torino\",\"description\":\"Quotidiano Piemontese\",\"potentialAction\":[{\"@type\":\"SearchAction\",\"target\":{\"@type\":\"EntryPoint\",\"urlTemplate\":\"https:\/\/web.quotidianopiemontese.it\/cultura-arte-e-spettacolo-a-torino\/?s={search_term_string}\"},\"query-input\":{\"@type\":\"PropertyValueSpecification\",\"valueRequired\":true,\"valueName\":\"search_term_string\"}}],\"inLanguage\":\"it-IT\"},{\"@type\":\"Person\",\"@id\":\"https:\/\/web.quotidianopiemontese.it\/cultura-arte-e-spettacolo-a-torino\/#\/schema\/person\/b035109a4cc7d3e93911b78d8cebf3a0\",\"name\":\"Emanuele Rebuffini\",\"image\":{\"@type\":\"ImageObject\",\"inLanguage\":\"it-IT\",\"@id\":\"https:\/\/web.quotidianopiemontese.it\/cultura-arte-e-spettacolo-a-torino\/#\/schema\/person\/image\/\",\"url\":\"https:\/\/secure.gravatar.com\/avatar\/519a0a38be4cbbcf40fb5bc1b1173a85af291a3a8697df454a94ad7e05574628?s=96&d=mm&r=g\",\"contentUrl\":\"https:\/\/secure.gravatar.com\/avatar\/519a0a38be4cbbcf40fb5bc1b1173a85af291a3a8697df454a94ad7e05574628?s=96&d=mm&r=g\",\"caption\":\"Emanuele Rebuffini\"},\"sameAs\":[\"http:\/\/www.quotidianopiemontese.it\/cultura-arte-e-spettacolo-a-torino\/\"],\"url\":\"https:\/\/web.quotidianopiemontese.it\/cultura-arte-e-spettacolo-a-torino\/author\/emanuelerebuffini\/\"}]}<\/script>\n<!-- \/ Yoast SEO plugin. -->","yoast_head_json":{"title":"\u00abUn grande Abbraccio al Mondo\u00bb. Ezio Gribaudo e l\u2019anima \u201ccosmopolita\u201d della Fiber Art - 22 Marzo 2022","description":"\u00abUn grande Abbraccio al Mondo\u00bb. Ezio Gribaudo e l\u2019anima \u201ccosmopolita\u201d della Fiber Art - Cultura, Arte e Spettacolo a Torino - Quaranta opere di 26 artisti di tutti i continenti per porre l\u2019attenzione sull\u2019aspetto cosmopolita e nomade della Fiber Art, ovvero l\u2019interesse per le - Chieri, Fiber art, Restart","robots":{"index":"index","follow":"follow","max-snippet":"max-snippet:-1","max-image-preview":"max-image-preview:large","max-video-preview":"max-video-preview:-1"},"canonical":"https:\/\/web.quotidianopiemontese.it\/cultura-arte-e-spettacolo-a-torino\/un-grande-abbraccio-al-mondo-ezio-gribaudo-lanima-cosmopolita-della-fiber-art\/","og_locale":"it_IT","og_type":"article","og_title":"\u00abUn grande Abbraccio al Mondo\u00bb. Ezio Gribaudo e l\u2019anima \u201ccosmopolita\u201d della Fiber Art - 22 Marzo 2022","og_description":"\u00abUn grande Abbraccio al Mondo\u00bb. Ezio Gribaudo e l\u2019anima \u201ccosmopolita\u201d della Fiber Art - Cultura, Arte e Spettacolo a Torino - Quaranta opere di 26 artisti di tutti i continenti per porre l\u2019attenzione sull\u2019aspetto cosmopolita e nomade della Fiber Art, ovvero l\u2019interesse per le - Chieri, Fiber art, Restart","og_url":"https:\/\/web.quotidianopiemontese.it\/cultura-arte-e-spettacolo-a-torino\/un-grande-abbraccio-al-mondo-ezio-gribaudo-lanima-cosmopolita-della-fiber-art\/","og_site_name":"Cultura, Arte e Spettacolo a Torino","article_publisher":"https:\/\/www.facebook.com\/quotidianopiemontese?fref=ts","article_published_time":"2022-03-22T10:12:04+00:00","og_image":[{"width":810,"height":540,"url":"https:\/\/web.quotidianopiemontese.it\/cultura-arte-e-spettacolo-a-torino\/files\/2022\/03\/277164277_10227328993952247_3139275103511423139_n.jpg","type":"image\/jpeg"}],"author":"Emanuele Rebuffini","twitter_misc":{"Scritto da":"Emanuele Rebuffini","Tempo di lettura stimato":"9 minuti"},"schema":{"@context":"https:\/\/schema.org","@graph":[{"@type":"Article","@id":"https:\/\/web.quotidianopiemontese.it\/cultura-arte-e-spettacolo-a-torino\/un-grande-abbraccio-al-mondo-ezio-gribaudo-lanima-cosmopolita-della-fiber-art\/#article","isPartOf":{"@id":"https:\/\/web.quotidianopiemontese.it\/cultura-arte-e-spettacolo-a-torino\/un-grande-abbraccio-al-mondo-ezio-gribaudo-lanima-cosmopolita-della-fiber-art\/"},"author":{"name":"Emanuele Rebuffini","@id":"https:\/\/web.quotidianopiemontese.it\/cultura-arte-e-spettacolo-a-torino\/#\/schema\/person\/b035109a4cc7d3e93911b78d8cebf3a0"},"headline":"\u00abUn grande Abbraccio al Mondo\u00bb. Ezio Gribaudo e l\u2019anima \u201ccosmopolita\u201d della Fiber Art","datePublished":"2022-03-22T10:12:04+00:00","mainEntityOfPage":{"@id":"https:\/\/web.quotidianopiemontese.it\/cultura-arte-e-spettacolo-a-torino\/un-grande-abbraccio-al-mondo-ezio-gribaudo-lanima-cosmopolita-della-fiber-art\/"},"wordCount":1891,"commentCount":0,"image":{"@id":"https:\/\/web.quotidianopiemontese.it\/cultura-arte-e-spettacolo-a-torino\/un-grande-abbraccio-al-mondo-ezio-gribaudo-lanima-cosmopolita-della-fiber-art\/#primaryimage"},"thumbnailUrl":"https:\/\/web.quotidianopiemontese.it\/cultura-arte-e-spettacolo-a-torino\/files\/2022\/03\/277164277_10227328993952247_3139275103511423139_n.jpg","keywords":["Chieri","Fiber art","Restart"],"articleSection":["Cultura, arte, spettacolo"],"inLanguage":"it-IT","potentialAction":[{"@type":"CommentAction","name":"Comment","target":["https:\/\/web.quotidianopiemontese.it\/cultura-arte-e-spettacolo-a-torino\/un-grande-abbraccio-al-mondo-ezio-gribaudo-lanima-cosmopolita-della-fiber-art\/#respond"]}]},{"@type":"WebPage","@id":"https:\/\/web.quotidianopiemontese.it\/cultura-arte-e-spettacolo-a-torino\/un-grande-abbraccio-al-mondo-ezio-gribaudo-lanima-cosmopolita-della-fiber-art\/","url":"https:\/\/web.quotidianopiemontese.it\/cultura-arte-e-spettacolo-a-torino\/un-grande-abbraccio-al-mondo-ezio-gribaudo-lanima-cosmopolita-della-fiber-art\/","name":"\u00abUn grande Abbraccio al Mondo\u00bb. Ezio Gribaudo e l\u2019anima \u201ccosmopolita\u201d della Fiber Art - 22 Marzo 2022","isPartOf":{"@id":"https:\/\/web.quotidianopiemontese.it\/cultura-arte-e-spettacolo-a-torino\/#website"},"primaryImageOfPage":{"@id":"https:\/\/web.quotidianopiemontese.it\/cultura-arte-e-spettacolo-a-torino\/un-grande-abbraccio-al-mondo-ezio-gribaudo-lanima-cosmopolita-della-fiber-art\/#primaryimage"},"image":{"@id":"https:\/\/web.quotidianopiemontese.it\/cultura-arte-e-spettacolo-a-torino\/un-grande-abbraccio-al-mondo-ezio-gribaudo-lanima-cosmopolita-della-fiber-art\/#primaryimage"},"thumbnailUrl":"https:\/\/web.quotidianopiemontese.it\/cultura-arte-e-spettacolo-a-torino\/files\/2022\/03\/277164277_10227328993952247_3139275103511423139_n.jpg","datePublished":"2022-03-22T10:12:04+00:00","author":{"@id":"https:\/\/web.quotidianopiemontese.it\/cultura-arte-e-spettacolo-a-torino\/#\/schema\/person\/b035109a4cc7d3e93911b78d8cebf3a0"},"description":"\u00abUn grande Abbraccio al Mondo\u00bb. Ezio Gribaudo e l\u2019anima \u201ccosmopolita\u201d della Fiber Art - Cultura, Arte e Spettacolo a Torino - Quaranta opere di 26 artisti di tutti i continenti per porre l\u2019attenzione sull\u2019aspetto cosmopolita e nomade della Fiber Art, ovvero l\u2019interesse per le - Chieri, Fiber art, Restart","inLanguage":"it-IT","potentialAction":[{"@type":"ReadAction","target":["https:\/\/web.quotidianopiemontese.it\/cultura-arte-e-spettacolo-a-torino\/un-grande-abbraccio-al-mondo-ezio-gribaudo-lanima-cosmopolita-della-fiber-art\/"]}]},{"@type":"ImageObject","inLanguage":"it-IT","@id":"https:\/\/web.quotidianopiemontese.it\/cultura-arte-e-spettacolo-a-torino\/un-grande-abbraccio-al-mondo-ezio-gribaudo-lanima-cosmopolita-della-fiber-art\/#primaryimage","url":"https:\/\/web.quotidianopiemontese.it\/cultura-arte-e-spettacolo-a-torino\/files\/2022\/03\/277164277_10227328993952247_3139275103511423139_n.jpg","contentUrl":"https:\/\/web.quotidianopiemontese.it\/cultura-arte-e-spettacolo-a-torino\/files\/2022\/03\/277164277_10227328993952247_3139275103511423139_n.jpg","width":810,"height":540},{"@type":"WebSite","@id":"https:\/\/web.quotidianopiemontese.it\/cultura-arte-e-spettacolo-a-torino\/#website","url":"https:\/\/web.quotidianopiemontese.it\/cultura-arte-e-spettacolo-a-torino\/","name":"Cultura, Arte e Spettacolo a Torino","description":"Quotidiano Piemontese","potentialAction":[{"@type":"SearchAction","target":{"@type":"EntryPoint","urlTemplate":"https:\/\/web.quotidianopiemontese.it\/cultura-arte-e-spettacolo-a-torino\/?s={search_term_string}"},"query-input":{"@type":"PropertyValueSpecification","valueRequired":true,"valueName":"search_term_string"}}],"inLanguage":"it-IT"},{"@type":"Person","@id":"https:\/\/web.quotidianopiemontese.it\/cultura-arte-e-spettacolo-a-torino\/#\/schema\/person\/b035109a4cc7d3e93911b78d8cebf3a0","name":"Emanuele Rebuffini","image":{"@type":"ImageObject","inLanguage":"it-IT","@id":"https:\/\/web.quotidianopiemontese.it\/cultura-arte-e-spettacolo-a-torino\/#\/schema\/person\/image\/","url":"https:\/\/secure.gravatar.com\/avatar\/519a0a38be4cbbcf40fb5bc1b1173a85af291a3a8697df454a94ad7e05574628?s=96&d=mm&r=g","contentUrl":"https:\/\/secure.gravatar.com\/avatar\/519a0a38be4cbbcf40fb5bc1b1173a85af291a3a8697df454a94ad7e05574628?s=96&d=mm&r=g","caption":"Emanuele Rebuffini"},"sameAs":["http:\/\/www.quotidianopiemontese.it\/cultura-arte-e-spettacolo-a-torino\/"],"url":"https:\/\/web.quotidianopiemontese.it\/cultura-arte-e-spettacolo-a-torino\/author\/emanuelerebuffini\/"}]}},"_links":{"self":[{"href":"https:\/\/web.quotidianopiemontese.it\/cultura-arte-e-spettacolo-a-torino\/wp-json\/wp\/v2\/posts\/969","targetHints":{"allow":["GET"]}}],"collection":[{"href":"https:\/\/web.quotidianopiemontese.it\/cultura-arte-e-spettacolo-a-torino\/wp-json\/wp\/v2\/posts"}],"about":[{"href":"https:\/\/web.quotidianopiemontese.it\/cultura-arte-e-spettacolo-a-torino\/wp-json\/wp\/v2\/types\/post"}],"author":[{"embeddable":true,"href":"https:\/\/web.quotidianopiemontese.it\/cultura-arte-e-spettacolo-a-torino\/wp-json\/wp\/v2\/users\/1361"}],"replies":[{"embeddable":true,"href":"https:\/\/web.quotidianopiemontese.it\/cultura-arte-e-spettacolo-a-torino\/wp-json\/wp\/v2\/comments?post=969"}],"version-history":[{"count":0,"href":"https:\/\/web.quotidianopiemontese.it\/cultura-arte-e-spettacolo-a-torino\/wp-json\/wp\/v2\/posts\/969\/revisions"}],"wp:featuredmedia":[{"embeddable":true,"href":"https:\/\/web.quotidianopiemontese.it\/cultura-arte-e-spettacolo-a-torino\/wp-json\/wp\/v2\/media\/970"}],"wp:attachment":[{"href":"https:\/\/web.quotidianopiemontese.it\/cultura-arte-e-spettacolo-a-torino\/wp-json\/wp\/v2\/media?parent=969"}],"wp:term":[{"taxonomy":"category","embeddable":true,"href":"https:\/\/web.quotidianopiemontese.it\/cultura-arte-e-spettacolo-a-torino\/wp-json\/wp\/v2\/categories?post=969"},{"taxonomy":"post_tag","embeddable":true,"href":"https:\/\/web.quotidianopiemontese.it\/cultura-arte-e-spettacolo-a-torino\/wp-json\/wp\/v2\/tags?post=969"}],"curies":[{"name":"wp","href":"https:\/\/api.w.org\/{rel}","templated":true}]}}