{"id":91,"date":"2018-01-11T09:52:02","date_gmt":"2018-01-11T08:52:02","guid":{"rendered":"http:\/\/www.quotidianopiemontese.it\/cultura-arte-e-spettacolo-a-torino\/?p=91"},"modified":"2018-01-11T09:52:02","modified_gmt":"2018-01-11T08:52:02","slug":"cuba-torino-el-palacio-de-las-tres-historias-carlos-garaicoa","status":"publish","type":"post","link":"https:\/\/web.quotidianopiemontese.it\/cultura-arte-e-spettacolo-a-torino\/cuba-torino-el-palacio-de-las-tres-historias-carlos-garaicoa\/","title":{"rendered":"Da Cuba a Torino: \u201cEl Palacio de las Tres Historias\u201d di Carlos Garaicoa"},"content":{"rendered":"<p>\u00ab<strong>Carlos Garaicoa<\/strong> guarda le citt\u00e0, le architetture e i sogni sottesi, quelli dismessi e quelli ancora realizzabili; ne legge le trame, le offese e i ricordi incancellabili e poi con instancabile creativit\u00e0 traccia altre prospettive, innesta vecchio e futuro, disegna nuove linee di fuga e cerca il comune e la moltitudine quali soggetti di un incessante divenire altro.\u00bb Fino al <strong>4 febbraio<\/strong> la <strong>Fondazione Merz<\/strong> ospita <strong>\u201cEl Palacio de las Tres Historias\u201d,<\/strong> la mostra personale dell\u2019artista cubano <strong>Carlos Garaicoa<\/strong> (nato a L\u2019Avana nel 1967, vive e lavora tra Madrid e Cuba). <!--more-->Curata da <strong>Claudia Gioia<\/strong>, la mostra &#8211; attraverso grandi installazioni, fotografie e video &#8211; \u00e8 una riflessione sulla storia contemporanea, l\u2019architettura, la citt\u00e0, le ideologie, le utopie.<\/p>\n<p>Come un archeologo urbano, <strong>Carlos Garaicoa <\/strong>attraversa le citt\u00e0 alla ricerca di trame sociali, fa incontrare futuro e passato, restituisce visibilit\u00e0 alle storie lontane o vicine che abbiamo davanti agli occhi ma che non vediamo pi\u00f9 in quanto assuefatti.<\/p>\n<figure id=\"attachment_94\" aria-describedby=\"caption-attachment-94\" style=\"width: 300px\" class=\"wp-caption alignnone\"><a href=\"http:\/\/www.quotidianopiemontese.it\/cultura-arte-e-spettacolo-a-torino\/files\/2018\/01\/K8A7378.jpg\"><img loading=\"lazy\" decoding=\"async\" class=\"size-medium wp-image-94\" src=\"http:\/\/www.quotidianopiemontese.it\/cultura-arte-e-spettacolo-a-torino\/files\/2018\/01\/K8A7378-300x200.jpg\" alt=\"\" width=\"300\" height=\"200\" srcset=\"https:\/\/web.quotidianopiemontese.it\/cultura-arte-e-spettacolo-a-torino\/files\/2018\/01\/K8A7378-300x200.jpg 300w, https:\/\/web.quotidianopiemontese.it\/cultura-arte-e-spettacolo-a-torino\/files\/2018\/01\/K8A7378-600x400.jpg 600w, https:\/\/web.quotidianopiemontese.it\/cultura-arte-e-spettacolo-a-torino\/files\/2018\/01\/K8A7378.jpg 700w\" sizes=\"auto, (max-width: 300px) 85vw, 300px\" \/><\/a><figcaption id=\"caption-attachment-94\" class=\"wp-caption-text\"><strong>Carlos Garaicoa<\/strong>, <em>El Palacio de las Tres Historias,<\/em> 2017 (Photo Renato Ghiazza)<\/figcaption><\/figure>\n<p>\u00abAl centro della sua poetica c\u2019\u00e8 sempre il rapporto tra la realt\u00e0 e l\u2019architettura &#8211; spiega <strong>Claudia Gioia<\/strong> \u2013 la mostra alla <strong>Fondazione Merz<\/strong> \u00e8 un\u2019evoluzione molto matura del suo lavoro. Come Cuba era stata una palestra per ragionare sulla relazione metaforica tra il potere e l\u2019architettura, cos\u00ec Torino consente di raccontare una grande storia che poi \u00e8 la storia del Novecento, e di ragionare sull\u2019industrialismo, la retorica del potere ma anche sulle possibilit\u00e0 altre di pensare un vivere sociale.\u00bb<\/p>\n<p>Il percorso espositivo si apre con grandi cartelloni rotanti, analoghi a quelli che si vedono sui grattacieli delle metropoli. <strong>Garaicoa<\/strong> vi inserisce disegni che si alternano a parole, gioca con la grafica fascista degli anni Trenta, in particolare quella dei manifesti futuristi di Bakisfigus, e con la fraseologia propagandistica del socialismo caraibico.<\/p>\n<figure id=\"attachment_95\" aria-describedby=\"caption-attachment-95\" style=\"width: 300px\" class=\"wp-caption alignnone\"><a href=\"http:\/\/www.quotidianopiemontese.it\/cultura-arte-e-spettacolo-a-torino\/files\/2018\/01\/K8A7740.jpg\"><img loading=\"lazy\" decoding=\"async\" class=\"size-medium wp-image-95\" src=\"http:\/\/www.quotidianopiemontese.it\/cultura-arte-e-spettacolo-a-torino\/files\/2018\/01\/K8A7740-300x200.jpg\" alt=\"\" width=\"300\" height=\"200\" srcset=\"https:\/\/web.quotidianopiemontese.it\/cultura-arte-e-spettacolo-a-torino\/files\/2018\/01\/K8A7740-300x200.jpg 300w, https:\/\/web.quotidianopiemontese.it\/cultura-arte-e-spettacolo-a-torino\/files\/2018\/01\/K8A7740-600x400.jpg 600w, https:\/\/web.quotidianopiemontese.it\/cultura-arte-e-spettacolo-a-torino\/files\/2018\/01\/K8A7740.jpg 700w\" sizes=\"auto, (max-width: 300px) 85vw, 300px\" \/><\/a><figcaption id=\"caption-attachment-95\" class=\"wp-caption-text\"><strong>Carlos Garaicoa<\/strong>, <em>El Palacio de las Tres Historias, 2017<\/em> (Photo Renato Ghiazza)<\/figcaption><\/figure>\n<p><strong>\u00abEl Palacio de las Tres Historias\u00bb<\/strong> \u00e8 la grande installazione che d\u00e0 il titolo alla mostra: un edificio destrutturato, pensato come uno spazio di passaggio e di osservazione, un punto di incontro della trama sociale. <strong>Carlos Garaicoa <\/strong>realizza un plastico richiamando architetture razionaliste (la torre littoria della Maratona e il grattacielo di piazza Castello, il villaggio operaio Snia, il Palazzo della Civilt\u00e0 dell\u2019Eur, la Casa del Fascio di Como) che poi fa dialogare con fotografie scattate dentro la Cavallerizza Reale. \u00abSi tratta di edifici dall\u2019innegabile bellezza \u2013 commenta <strong>Claudia Gioia<\/strong> \u2013 ma anche simboli della retorica di un potere poi sconfitto. Anche la Cavallerizza Reale \u00e8 uno spazio che ha avuto una sua storia ma che ora ha esaurito la sua funzione e vive come in una sospensione, non \u00e8 ancora certo cosa si far\u00e0, si sperimentano esperienze di autogestione. Un luogo da riscrivere, nel quale l\u2019artista intravede delle possibilit\u00e0 di nuova socialit\u00e0. Le architetture, dunque, quale metafora di utopie, quelle consumate e quelle ancora da immaginare e costruire.\u00bb<\/p>\n<figure id=\"attachment_96\" aria-describedby=\"caption-attachment-96\" style=\"width: 300px\" class=\"wp-caption alignnone\"><a href=\"http:\/\/www.quotidianopiemontese.it\/cultura-arte-e-spettacolo-a-torino\/files\/2018\/01\/K8A7112.jpg\"><img loading=\"lazy\" decoding=\"async\" class=\"size-medium wp-image-96\" src=\"http:\/\/www.quotidianopiemontese.it\/cultura-arte-e-spettacolo-a-torino\/files\/2018\/01\/K8A7112-300x200.jpg\" alt=\"\" width=\"300\" height=\"200\" srcset=\"https:\/\/web.quotidianopiemontese.it\/cultura-arte-e-spettacolo-a-torino\/files\/2018\/01\/K8A7112-300x200.jpg 300w, https:\/\/web.quotidianopiemontese.it\/cultura-arte-e-spettacolo-a-torino\/files\/2018\/01\/K8A7112-600x400.jpg 600w, https:\/\/web.quotidianopiemontese.it\/cultura-arte-e-spettacolo-a-torino\/files\/2018\/01\/K8A7112.jpg 700w\" sizes=\"auto, (max-width: 300px) 85vw, 300px\" \/><\/a><figcaption id=\"caption-attachment-96\" class=\"wp-caption-text\"><strong>Carlos Garaicoa<\/strong>, <em>Campus o la Babel del conocimiento<\/em>, 2002-2004 (Photo Renato Ghiazza)<\/figcaption><\/figure>\n<p>Il percorso espositivo prosegue con un\u2019opera inquietante, \u201c<strong>Campus o la Babel del conocimiento\u201d<\/strong>, un lavoro realizzato tra il 2002 ed il 2004: qui un\u2019architettura del sapere si sviluppa come un <em>Panopticon<\/em>, perch\u00e9 la cultura se diventa indottrinamento finisce per trasformarsi in una forma di controllo, un pensiero privo di ossigeno, uno spazio concentrazionario.<\/p>\n<figure id=\"attachment_97\" aria-describedby=\"caption-attachment-97\" style=\"width: 300px\" class=\"wp-caption alignnone\"><a href=\"http:\/\/www.quotidianopiemontese.it\/cultura-arte-e-spettacolo-a-torino\/files\/2018\/01\/K8A7290.jpg\"><img loading=\"lazy\" decoding=\"async\" class=\"size-medium wp-image-97\" src=\"http:\/\/www.quotidianopiemontese.it\/cultura-arte-e-spettacolo-a-torino\/files\/2018\/01\/K8A7290-300x200.jpg\" alt=\"\" width=\"300\" height=\"200\" srcset=\"https:\/\/web.quotidianopiemontese.it\/cultura-arte-e-spettacolo-a-torino\/files\/2018\/01\/K8A7290-300x200.jpg 300w, https:\/\/web.quotidianopiemontese.it\/cultura-arte-e-spettacolo-a-torino\/files\/2018\/01\/K8A7290-600x400.jpg 600w, https:\/\/web.quotidianopiemontese.it\/cultura-arte-e-spettacolo-a-torino\/files\/2018\/01\/K8A7290.jpg 700w\" sizes=\"auto, (max-width: 300px) 85vw, 300px\" \/><\/a><figcaption id=\"caption-attachment-97\" class=\"wp-caption-text\"><strong>Carlos Garaicoa<\/strong>, <em>Abismo,<\/em> 2017 (Photo Renato Ghiazza)<\/figcaption><\/figure>\n<p>La mostra si conclude con una video di grande impatto, <strong>\u201cAbismo\u201d<\/strong> ispirato al brano musicale <em>Quatuor pour la fin du temps<\/em> composto dal francese <strong>Olivier Messiaen<\/strong> in un campo di concentramento nel 1941. Su uno sfondo lattiginoso due mani rosse si muovono leggiadre come se dirigessero quella triste musica ma ad un\u2019osservazione pi\u00f9 attenta si comprende come siamo di fronte a tutt\u2019altro: sono mani che esprimono arroganza e violenza, sono la mani di Hitler. \u00ab<strong>Abismo <\/strong>\u00e8 una scommessa davvero coraggiosa \u2013 aggiunge <strong>Claudia Gioia<\/strong> \u2013 quelle mani ricalcano perfettamente la gestualit\u00e0 di Hitler durante i comizi, e cos\u00ec si crea un cortocircuito che rimescola le carte della storia e rafforza il messaggio di <strong>Messiaen <\/strong>che l\u2019orrore, per quanto grande, non pu\u00f2 mettere a tacere la forza di un pensiero libero e creativo\u00bb.<\/p>\n<blockquote class=\"wp-embedded-content\" data-secret=\"R3KQLM7c36\"><p><a href=\"https:\/\/www.fondazionemerz.org\/\">Homepage (it)<\/a><\/p><\/blockquote>\n<p><iframe loading=\"lazy\" class=\"wp-embedded-content\" sandbox=\"allow-scripts\" security=\"restricted\" style=\"position: absolute; clip: rect(1px, 1px, 1px, 1px);\" title=\"&#8220;Homepage (it)&#8221; &#8212; Fondazione Merz\" src=\"https:\/\/www.fondazionemerz.org\/embed\/#?secret=bLULn6b0cv#?secret=R3KQLM7c36\" data-secret=\"R3KQLM7c36\" width=\"600\" height=\"338\" frameborder=\"0\" marginwidth=\"0\" marginheight=\"0\" scrolling=\"no\"><\/iframe><\/p>\n<p><a href=\"http:\/\/www.carlosgaraicoa.com\">http:\/\/www.carlosgaraicoa.com<\/a><\/p>\n<h5>Emanuele Rebuffini<\/h5>\n<figure id=\"attachment_98\" aria-describedby=\"caption-attachment-98\" style=\"width: 200px\" class=\"wp-caption alignnone\"><a href=\"http:\/\/www.quotidianopiemontese.it\/cultura-arte-e-spettacolo-a-torino\/files\/2018\/01\/K8A7896.jpg\"><img loading=\"lazy\" decoding=\"async\" class=\"size-medium wp-image-98\" src=\"http:\/\/www.quotidianopiemontese.it\/cultura-arte-e-spettacolo-a-torino\/files\/2018\/01\/K8A7896-200x300.jpg\" alt=\"\" width=\"200\" height=\"300\" srcset=\"https:\/\/web.quotidianopiemontese.it\/cultura-arte-e-spettacolo-a-torino\/files\/2018\/01\/K8A7896-200x300.jpg 200w, https:\/\/web.quotidianopiemontese.it\/cultura-arte-e-spettacolo-a-torino\/files\/2018\/01\/K8A7896.jpg 333w\" sizes=\"auto, (max-width: 200px) 85vw, 200px\" \/><\/a><figcaption id=\"caption-attachment-98\" class=\"wp-caption-text\"><strong>Carlos Garaicoa<\/strong>, <em>El Palacio de las Tres Historias,<\/em> 2017 (Photo Renato Ghiazza)<\/figcaption><\/figure>\n","protected":false},"excerpt":{"rendered":"<p>\u00abCarlos Garaicoa guarda le citt\u00e0, le architetture e i sogni sottesi, quelli dismessi e quelli ancora realizzabili; ne legge le trame, le offese e i ricordi incancellabili e poi con instancabile creativit\u00e0 traccia altre prospettive, innesta vecchio e futuro, disegna nuove linee di fuga e cerca il comune e la moltitudine quali soggetti di un &hellip; <a href=\"https:\/\/web.quotidianopiemontese.it\/cultura-arte-e-spettacolo-a-torino\/cuba-torino-el-palacio-de-las-tres-historias-carlos-garaicoa\/\" class=\"more-link\">Leggi tutto<span class=\"screen-reader-text\"> &#8220;Da Cuba a Torino: \u201cEl Palacio de las Tres Historias\u201d di Carlos Garaicoa&#8221;<\/span><\/a><\/p>\n","protected":false},"author":1361,"featured_media":93,"comment_status":"open","ping_status":"open","sticky":false,"template":"","format":"standard","meta":{"footnotes":""},"categories":[1],"tags":[17,20,19,18],"class_list":["post-91","post","type-post","status-publish","format-standard","has-post-thumbnail","hentry","category-cultura-arte-spettacolo","tag-carlos-garaicoa","tag-claudia-gioia","tag-el-palacio-de-las-tres-historias","tag-fondazione-merz"],"yoast_head":"<!-- This site is optimized with the Yoast SEO plugin v27.1.1 - https:\/\/yoast.com\/product\/yoast-seo-wordpress\/ -->\n<title>Da Cuba a Torino: \u201cEl Palacio de las Tres Historias\u201d di Carlos Garaicoa - 11 Gennaio 2018<\/title>\n<meta name=\"description\" content=\"Da Cuba a Torino: \u201cEl Palacio de las Tres Historias\u201d di Carlos Garaicoa - Cultura, Arte e Spettacolo a Torino - \u00abCarlos Garaicoa guarda le citt\u00e0, le architetture e i sogni sottesi, quelli dismessi e quelli ancora realizzabili; ne legge le trame, le offese e i - Carlos Garaicoa, Claudia Gioia, El Palacio de las Tres Historias, Fondazione Merz\" \/>\n<meta name=\"robots\" content=\"index, follow, max-snippet:-1, max-image-preview:large, max-video-preview:-1\" \/>\n<link rel=\"canonical\" href=\"http:\/\/web.quotidianopiemontese.it\/cultura-arte-e-spettacolo-a-torino\/cuba-torino-el-palacio-de-las-tres-historias-carlos-garaicoa\/\" \/>\n<meta property=\"og:locale\" content=\"it_IT\" \/>\n<meta property=\"og:type\" content=\"article\" \/>\n<meta property=\"og:title\" content=\"Da Cuba a Torino: \u201cEl Palacio de las Tres Historias\u201d di Carlos Garaicoa - 11 Gennaio 2018\" \/>\n<meta property=\"og:description\" content=\"Da Cuba a Torino: \u201cEl Palacio de las Tres Historias\u201d di Carlos Garaicoa - Cultura, Arte e Spettacolo a Torino - \u00abCarlos Garaicoa guarda le citt\u00e0, le architetture e i sogni sottesi, quelli dismessi e quelli ancora realizzabili; ne legge le trame, le offese e i - Carlos Garaicoa, Claudia Gioia, El Palacio de las Tres Historias, Fondazione Merz\" \/>\n<meta property=\"og:url\" content=\"http:\/\/web.quotidianopiemontese.it\/cultura-arte-e-spettacolo-a-torino\/cuba-torino-el-palacio-de-las-tres-historias-carlos-garaicoa\/\" \/>\n<meta property=\"og:site_name\" content=\"Cultura, Arte e Spettacolo a Torino\" \/>\n<meta property=\"article:publisher\" content=\"https:\/\/www.facebook.com\/quotidianopiemontese?fref=ts\" \/>\n<meta property=\"article:published_time\" content=\"2018-01-11T08:52:02+00:00\" \/>\n<meta property=\"og:image\" content=\"http:\/\/web.quotidianopiemontese.it\/cultura-arte-e-spettacolo-a-torino\/files\/2018\/01\/K8A7375.jpg\" \/>\n\t<meta property=\"og:image:width\" content=\"700\" \/>\n\t<meta property=\"og:image:height\" content=\"467\" \/>\n\t<meta property=\"og:image:type\" content=\"image\/jpeg\" \/>\n<meta name=\"author\" content=\"Emanuele Rebuffini\" \/>\n<meta name=\"twitter:label1\" content=\"Scritto da\" \/>\n\t<meta name=\"twitter:data1\" content=\"Emanuele Rebuffini\" \/>\n\t<meta name=\"twitter:label2\" content=\"Tempo di lettura stimato\" \/>\n\t<meta name=\"twitter:data2\" content=\"4 minuti\" \/>\n<script type=\"application\/ld+json\" class=\"yoast-schema-graph\">{\"@context\":\"https:\/\/schema.org\",\"@graph\":[{\"@type\":\"Article\",\"@id\":\"http:\/\/web.quotidianopiemontese.it\/cultura-arte-e-spettacolo-a-torino\/cuba-torino-el-palacio-de-las-tres-historias-carlos-garaicoa\/#article\",\"isPartOf\":{\"@id\":\"http:\/\/web.quotidianopiemontese.it\/cultura-arte-e-spettacolo-a-torino\/cuba-torino-el-palacio-de-las-tres-historias-carlos-garaicoa\/\"},\"author\":{\"name\":\"Emanuele Rebuffini\",\"@id\":\"https:\/\/web.quotidianopiemontese.it\/cultura-arte-e-spettacolo-a-torino\/#\/schema\/person\/b035109a4cc7d3e93911b78d8cebf3a0\"},\"headline\":\"Da Cuba a Torino: \u201cEl Palacio de las Tres Historias\u201d di Carlos Garaicoa\",\"datePublished\":\"2018-01-11T08:52:02+00:00\",\"mainEntityOfPage\":{\"@id\":\"http:\/\/web.quotidianopiemontese.it\/cultura-arte-e-spettacolo-a-torino\/cuba-torino-el-palacio-de-las-tres-historias-carlos-garaicoa\/\"},\"wordCount\":750,\"commentCount\":0,\"image\":{\"@id\":\"http:\/\/web.quotidianopiemontese.it\/cultura-arte-e-spettacolo-a-torino\/cuba-torino-el-palacio-de-las-tres-historias-carlos-garaicoa\/#primaryimage\"},\"thumbnailUrl\":\"https:\/\/web.quotidianopiemontese.it\/cultura-arte-e-spettacolo-a-torino\/files\/2018\/01\/K8A7375.jpg\",\"keywords\":[\"Carlos Garaicoa\",\"Claudia Gioia\",\"El Palacio de las Tres Historias\",\"Fondazione Merz\"],\"articleSection\":[\"Cultura, arte, spettacolo\"],\"inLanguage\":\"it-IT\",\"potentialAction\":[{\"@type\":\"CommentAction\",\"name\":\"Comment\",\"target\":[\"http:\/\/web.quotidianopiemontese.it\/cultura-arte-e-spettacolo-a-torino\/cuba-torino-el-palacio-de-las-tres-historias-carlos-garaicoa\/#respond\"]}]},{\"@type\":\"WebPage\",\"@id\":\"http:\/\/web.quotidianopiemontese.it\/cultura-arte-e-spettacolo-a-torino\/cuba-torino-el-palacio-de-las-tres-historias-carlos-garaicoa\/\",\"url\":\"http:\/\/web.quotidianopiemontese.it\/cultura-arte-e-spettacolo-a-torino\/cuba-torino-el-palacio-de-las-tres-historias-carlos-garaicoa\/\",\"name\":\"Da Cuba a Torino: \u201cEl Palacio de las Tres Historias\u201d di Carlos Garaicoa - 11 Gennaio 2018\",\"isPartOf\":{\"@id\":\"https:\/\/web.quotidianopiemontese.it\/cultura-arte-e-spettacolo-a-torino\/#website\"},\"primaryImageOfPage\":{\"@id\":\"http:\/\/web.quotidianopiemontese.it\/cultura-arte-e-spettacolo-a-torino\/cuba-torino-el-palacio-de-las-tres-historias-carlos-garaicoa\/#primaryimage\"},\"image\":{\"@id\":\"http:\/\/web.quotidianopiemontese.it\/cultura-arte-e-spettacolo-a-torino\/cuba-torino-el-palacio-de-las-tres-historias-carlos-garaicoa\/#primaryimage\"},\"thumbnailUrl\":\"https:\/\/web.quotidianopiemontese.it\/cultura-arte-e-spettacolo-a-torino\/files\/2018\/01\/K8A7375.jpg\",\"datePublished\":\"2018-01-11T08:52:02+00:00\",\"author\":{\"@id\":\"https:\/\/web.quotidianopiemontese.it\/cultura-arte-e-spettacolo-a-torino\/#\/schema\/person\/b035109a4cc7d3e93911b78d8cebf3a0\"},\"description\":\"Da Cuba a Torino: \u201cEl Palacio de las Tres Historias\u201d di Carlos Garaicoa - Cultura, Arte e Spettacolo a Torino - \u00abCarlos Garaicoa guarda le citt\u00e0, le architetture e i sogni sottesi, quelli dismessi e quelli ancora realizzabili; ne legge le trame, le offese e i - Carlos Garaicoa, Claudia Gioia, El Palacio de las Tres Historias, Fondazione Merz\",\"inLanguage\":\"it-IT\",\"potentialAction\":[{\"@type\":\"ReadAction\",\"target\":[\"http:\/\/web.quotidianopiemontese.it\/cultura-arte-e-spettacolo-a-torino\/cuba-torino-el-palacio-de-las-tres-historias-carlos-garaicoa\/\"]}]},{\"@type\":\"ImageObject\",\"inLanguage\":\"it-IT\",\"@id\":\"http:\/\/web.quotidianopiemontese.it\/cultura-arte-e-spettacolo-a-torino\/cuba-torino-el-palacio-de-las-tres-historias-carlos-garaicoa\/#primaryimage\",\"url\":\"https:\/\/web.quotidianopiemontese.it\/cultura-arte-e-spettacolo-a-torino\/files\/2018\/01\/K8A7375.jpg\",\"contentUrl\":\"https:\/\/web.quotidianopiemontese.it\/cultura-arte-e-spettacolo-a-torino\/files\/2018\/01\/K8A7375.jpg\",\"width\":700,\"height\":467},{\"@type\":\"WebSite\",\"@id\":\"https:\/\/web.quotidianopiemontese.it\/cultura-arte-e-spettacolo-a-torino\/#website\",\"url\":\"https:\/\/web.quotidianopiemontese.it\/cultura-arte-e-spettacolo-a-torino\/\",\"name\":\"Cultura, Arte e Spettacolo a Torino\",\"description\":\"Quotidiano Piemontese\",\"potentialAction\":[{\"@type\":\"SearchAction\",\"target\":{\"@type\":\"EntryPoint\",\"urlTemplate\":\"https:\/\/web.quotidianopiemontese.it\/cultura-arte-e-spettacolo-a-torino\/?s={search_term_string}\"},\"query-input\":{\"@type\":\"PropertyValueSpecification\",\"valueRequired\":true,\"valueName\":\"search_term_string\"}}],\"inLanguage\":\"it-IT\"},{\"@type\":\"Person\",\"@id\":\"https:\/\/web.quotidianopiemontese.it\/cultura-arte-e-spettacolo-a-torino\/#\/schema\/person\/b035109a4cc7d3e93911b78d8cebf3a0\",\"name\":\"Emanuele Rebuffini\",\"image\":{\"@type\":\"ImageObject\",\"inLanguage\":\"it-IT\",\"@id\":\"https:\/\/web.quotidianopiemontese.it\/cultura-arte-e-spettacolo-a-torino\/#\/schema\/person\/image\/\",\"url\":\"https:\/\/secure.gravatar.com\/avatar\/519a0a38be4cbbcf40fb5bc1b1173a85af291a3a8697df454a94ad7e05574628?s=96&d=mm&r=g\",\"contentUrl\":\"https:\/\/secure.gravatar.com\/avatar\/519a0a38be4cbbcf40fb5bc1b1173a85af291a3a8697df454a94ad7e05574628?s=96&d=mm&r=g\",\"caption\":\"Emanuele Rebuffini\"},\"sameAs\":[\"http:\/\/www.quotidianopiemontese.it\/cultura-arte-e-spettacolo-a-torino\/\"],\"url\":\"https:\/\/web.quotidianopiemontese.it\/cultura-arte-e-spettacolo-a-torino\/author\/emanuelerebuffini\/\"}]}<\/script>\n<!-- \/ Yoast SEO plugin. -->","yoast_head_json":{"title":"Da Cuba a Torino: \u201cEl Palacio de las Tres Historias\u201d di Carlos Garaicoa - 11 Gennaio 2018","description":"Da Cuba a Torino: \u201cEl Palacio de las Tres Historias\u201d di Carlos Garaicoa - Cultura, Arte e Spettacolo a Torino - \u00abCarlos Garaicoa guarda le citt\u00e0, le architetture e i sogni sottesi, quelli dismessi e quelli ancora realizzabili; ne legge le trame, le offese e i - Carlos Garaicoa, Claudia Gioia, El Palacio de las Tres Historias, Fondazione Merz","robots":{"index":"index","follow":"follow","max-snippet":"max-snippet:-1","max-image-preview":"max-image-preview:large","max-video-preview":"max-video-preview:-1"},"canonical":"http:\/\/web.quotidianopiemontese.it\/cultura-arte-e-spettacolo-a-torino\/cuba-torino-el-palacio-de-las-tres-historias-carlos-garaicoa\/","og_locale":"it_IT","og_type":"article","og_title":"Da Cuba a Torino: \u201cEl Palacio de las Tres Historias\u201d di Carlos Garaicoa - 11 Gennaio 2018","og_description":"Da Cuba a Torino: \u201cEl Palacio de las Tres Historias\u201d di Carlos Garaicoa - Cultura, Arte e Spettacolo a Torino - \u00abCarlos Garaicoa guarda le citt\u00e0, le architetture e i sogni sottesi, quelli dismessi e quelli ancora realizzabili; ne legge le trame, le offese e i - Carlos Garaicoa, Claudia Gioia, El Palacio de las Tres Historias, Fondazione Merz","og_url":"http:\/\/web.quotidianopiemontese.it\/cultura-arte-e-spettacolo-a-torino\/cuba-torino-el-palacio-de-las-tres-historias-carlos-garaicoa\/","og_site_name":"Cultura, Arte e Spettacolo a Torino","article_publisher":"https:\/\/www.facebook.com\/quotidianopiemontese?fref=ts","article_published_time":"2018-01-11T08:52:02+00:00","og_image":[{"width":700,"height":467,"url":"http:\/\/web.quotidianopiemontese.it\/cultura-arte-e-spettacolo-a-torino\/files\/2018\/01\/K8A7375.jpg","type":"image\/jpeg"}],"author":"Emanuele Rebuffini","twitter_misc":{"Scritto da":"Emanuele Rebuffini","Tempo di lettura stimato":"4 minuti"},"schema":{"@context":"https:\/\/schema.org","@graph":[{"@type":"Article","@id":"http:\/\/web.quotidianopiemontese.it\/cultura-arte-e-spettacolo-a-torino\/cuba-torino-el-palacio-de-las-tres-historias-carlos-garaicoa\/#article","isPartOf":{"@id":"http:\/\/web.quotidianopiemontese.it\/cultura-arte-e-spettacolo-a-torino\/cuba-torino-el-palacio-de-las-tres-historias-carlos-garaicoa\/"},"author":{"name":"Emanuele Rebuffini","@id":"https:\/\/web.quotidianopiemontese.it\/cultura-arte-e-spettacolo-a-torino\/#\/schema\/person\/b035109a4cc7d3e93911b78d8cebf3a0"},"headline":"Da Cuba a Torino: \u201cEl Palacio de las Tres Historias\u201d di Carlos Garaicoa","datePublished":"2018-01-11T08:52:02+00:00","mainEntityOfPage":{"@id":"http:\/\/web.quotidianopiemontese.it\/cultura-arte-e-spettacolo-a-torino\/cuba-torino-el-palacio-de-las-tres-historias-carlos-garaicoa\/"},"wordCount":750,"commentCount":0,"image":{"@id":"http:\/\/web.quotidianopiemontese.it\/cultura-arte-e-spettacolo-a-torino\/cuba-torino-el-palacio-de-las-tres-historias-carlos-garaicoa\/#primaryimage"},"thumbnailUrl":"https:\/\/web.quotidianopiemontese.it\/cultura-arte-e-spettacolo-a-torino\/files\/2018\/01\/K8A7375.jpg","keywords":["Carlos Garaicoa","Claudia Gioia","El Palacio de las Tres Historias","Fondazione Merz"],"articleSection":["Cultura, arte, spettacolo"],"inLanguage":"it-IT","potentialAction":[{"@type":"CommentAction","name":"Comment","target":["http:\/\/web.quotidianopiemontese.it\/cultura-arte-e-spettacolo-a-torino\/cuba-torino-el-palacio-de-las-tres-historias-carlos-garaicoa\/#respond"]}]},{"@type":"WebPage","@id":"http:\/\/web.quotidianopiemontese.it\/cultura-arte-e-spettacolo-a-torino\/cuba-torino-el-palacio-de-las-tres-historias-carlos-garaicoa\/","url":"http:\/\/web.quotidianopiemontese.it\/cultura-arte-e-spettacolo-a-torino\/cuba-torino-el-palacio-de-las-tres-historias-carlos-garaicoa\/","name":"Da Cuba a Torino: \u201cEl Palacio de las Tres Historias\u201d di Carlos Garaicoa - 11 Gennaio 2018","isPartOf":{"@id":"https:\/\/web.quotidianopiemontese.it\/cultura-arte-e-spettacolo-a-torino\/#website"},"primaryImageOfPage":{"@id":"http:\/\/web.quotidianopiemontese.it\/cultura-arte-e-spettacolo-a-torino\/cuba-torino-el-palacio-de-las-tres-historias-carlos-garaicoa\/#primaryimage"},"image":{"@id":"http:\/\/web.quotidianopiemontese.it\/cultura-arte-e-spettacolo-a-torino\/cuba-torino-el-palacio-de-las-tres-historias-carlos-garaicoa\/#primaryimage"},"thumbnailUrl":"https:\/\/web.quotidianopiemontese.it\/cultura-arte-e-spettacolo-a-torino\/files\/2018\/01\/K8A7375.jpg","datePublished":"2018-01-11T08:52:02+00:00","author":{"@id":"https:\/\/web.quotidianopiemontese.it\/cultura-arte-e-spettacolo-a-torino\/#\/schema\/person\/b035109a4cc7d3e93911b78d8cebf3a0"},"description":"Da Cuba a Torino: \u201cEl Palacio de las Tres Historias\u201d di Carlos Garaicoa - Cultura, Arte e Spettacolo a Torino - \u00abCarlos Garaicoa guarda le citt\u00e0, le architetture e i sogni sottesi, quelli dismessi e quelli ancora realizzabili; ne legge le trame, le offese e i - Carlos Garaicoa, Claudia Gioia, El Palacio de las Tres Historias, Fondazione Merz","inLanguage":"it-IT","potentialAction":[{"@type":"ReadAction","target":["http:\/\/web.quotidianopiemontese.it\/cultura-arte-e-spettacolo-a-torino\/cuba-torino-el-palacio-de-las-tres-historias-carlos-garaicoa\/"]}]},{"@type":"ImageObject","inLanguage":"it-IT","@id":"http:\/\/web.quotidianopiemontese.it\/cultura-arte-e-spettacolo-a-torino\/cuba-torino-el-palacio-de-las-tres-historias-carlos-garaicoa\/#primaryimage","url":"https:\/\/web.quotidianopiemontese.it\/cultura-arte-e-spettacolo-a-torino\/files\/2018\/01\/K8A7375.jpg","contentUrl":"https:\/\/web.quotidianopiemontese.it\/cultura-arte-e-spettacolo-a-torino\/files\/2018\/01\/K8A7375.jpg","width":700,"height":467},{"@type":"WebSite","@id":"https:\/\/web.quotidianopiemontese.it\/cultura-arte-e-spettacolo-a-torino\/#website","url":"https:\/\/web.quotidianopiemontese.it\/cultura-arte-e-spettacolo-a-torino\/","name":"Cultura, Arte e Spettacolo a Torino","description":"Quotidiano Piemontese","potentialAction":[{"@type":"SearchAction","target":{"@type":"EntryPoint","urlTemplate":"https:\/\/web.quotidianopiemontese.it\/cultura-arte-e-spettacolo-a-torino\/?s={search_term_string}"},"query-input":{"@type":"PropertyValueSpecification","valueRequired":true,"valueName":"search_term_string"}}],"inLanguage":"it-IT"},{"@type":"Person","@id":"https:\/\/web.quotidianopiemontese.it\/cultura-arte-e-spettacolo-a-torino\/#\/schema\/person\/b035109a4cc7d3e93911b78d8cebf3a0","name":"Emanuele Rebuffini","image":{"@type":"ImageObject","inLanguage":"it-IT","@id":"https:\/\/web.quotidianopiemontese.it\/cultura-arte-e-spettacolo-a-torino\/#\/schema\/person\/image\/","url":"https:\/\/secure.gravatar.com\/avatar\/519a0a38be4cbbcf40fb5bc1b1173a85af291a3a8697df454a94ad7e05574628?s=96&d=mm&r=g","contentUrl":"https:\/\/secure.gravatar.com\/avatar\/519a0a38be4cbbcf40fb5bc1b1173a85af291a3a8697df454a94ad7e05574628?s=96&d=mm&r=g","caption":"Emanuele Rebuffini"},"sameAs":["http:\/\/www.quotidianopiemontese.it\/cultura-arte-e-spettacolo-a-torino\/"],"url":"https:\/\/web.quotidianopiemontese.it\/cultura-arte-e-spettacolo-a-torino\/author\/emanuelerebuffini\/"}]}},"_links":{"self":[{"href":"https:\/\/web.quotidianopiemontese.it\/cultura-arte-e-spettacolo-a-torino\/wp-json\/wp\/v2\/posts\/91","targetHints":{"allow":["GET"]}}],"collection":[{"href":"https:\/\/web.quotidianopiemontese.it\/cultura-arte-e-spettacolo-a-torino\/wp-json\/wp\/v2\/posts"}],"about":[{"href":"https:\/\/web.quotidianopiemontese.it\/cultura-arte-e-spettacolo-a-torino\/wp-json\/wp\/v2\/types\/post"}],"author":[{"embeddable":true,"href":"https:\/\/web.quotidianopiemontese.it\/cultura-arte-e-spettacolo-a-torino\/wp-json\/wp\/v2\/users\/1361"}],"replies":[{"embeddable":true,"href":"https:\/\/web.quotidianopiemontese.it\/cultura-arte-e-spettacolo-a-torino\/wp-json\/wp\/v2\/comments?post=91"}],"version-history":[{"count":0,"href":"https:\/\/web.quotidianopiemontese.it\/cultura-arte-e-spettacolo-a-torino\/wp-json\/wp\/v2\/posts\/91\/revisions"}],"wp:featuredmedia":[{"embeddable":true,"href":"https:\/\/web.quotidianopiemontese.it\/cultura-arte-e-spettacolo-a-torino\/wp-json\/wp\/v2\/media\/93"}],"wp:attachment":[{"href":"https:\/\/web.quotidianopiemontese.it\/cultura-arte-e-spettacolo-a-torino\/wp-json\/wp\/v2\/media?parent=91"}],"wp:term":[{"taxonomy":"category","embeddable":true,"href":"https:\/\/web.quotidianopiemontese.it\/cultura-arte-e-spettacolo-a-torino\/wp-json\/wp\/v2\/categories?post=91"},{"taxonomy":"post_tag","embeddable":true,"href":"https:\/\/web.quotidianopiemontese.it\/cultura-arte-e-spettacolo-a-torino\/wp-json\/wp\/v2\/tags?post=91"}],"curies":[{"name":"wp","href":"https:\/\/api.w.org\/{rel}","templated":true}]}}