{"id":887,"date":"2021-12-04T14:56:05","date_gmt":"2021-12-04T13:56:05","guid":{"rendered":"http:\/\/web.quotidianopiemontese.it\/cultura-arte-e-spettacolo-a-torino\/?p=887"},"modified":"2021-12-04T14:56:05","modified_gmt":"2021-12-04T13:56:05","slug":"giulio-paolini-miracolo-della-visione","status":"publish","type":"post","link":"https:\/\/web.quotidianopiemontese.it\/cultura-arte-e-spettacolo-a-torino\/giulio-paolini-miracolo-della-visione\/","title":{"rendered":"Giulio Paolini, il miracolo della visione"},"content":{"rendered":"<p>Un viaggio nello spazio e nel tempo per celebrare il miracolo della visione. Fino al 29 gennaio <strong>Tucci Russo Studio per l\u2019Arte Contemporanea<\/strong> ospita nella sede torinese la mostra <strong>\u00ab<\/strong><strong>QUI (DA LONTANO\u00bb<\/strong>, un corpus di opere inedite di <strong>Giulio Paolini<\/strong>. Tre sculture, un arazzo e una serie di collage in cui riflette sulla figura dell\u2019artista, la vertigine del tempo, prossimit\u00e0 e distanza, familiare e straniero, consueto ed esotico.<!--more--><\/p>\n<p>Nato a Genova nel 1940 ma torinese d\u2019adozione, <strong>Giulio Paolini<\/strong> \u00e8 stato tra i protagonisti dell\u2019Arte Povera, anticipando gli sviluppi concettuali dell\u2019arte a livello internazionale.<\/p>\n<p><a href=\"http:\/\/web.quotidianopiemontese.it\/cultura-arte-e-spettacolo-a-torino\/files\/2021\/12\/Opera-001543.jpg\"><img loading=\"lazy\" decoding=\"async\" class=\"alignnone size-medium wp-image-890\" src=\"http:\/\/web.quotidianopiemontese.it\/cultura-arte-e-spettacolo-a-torino\/files\/2021\/12\/Opera-001543-300x220.jpg\" alt=\"\" width=\"300\" height=\"220\" srcset=\"https:\/\/web.quotidianopiemontese.it\/cultura-arte-e-spettacolo-a-torino\/files\/2021\/12\/Opera-001543-300x220.jpg 300w, https:\/\/web.quotidianopiemontese.it\/cultura-arte-e-spettacolo-a-torino\/files\/2021\/12\/Opera-001543-768x563.jpg 768w, https:\/\/web.quotidianopiemontese.it\/cultura-arte-e-spettacolo-a-torino\/files\/2021\/12\/Opera-001543-1024x751.jpg 1024w, https:\/\/web.quotidianopiemontese.it\/cultura-arte-e-spettacolo-a-torino\/files\/2021\/12\/Opera-001543.jpg 1500w\" sizes=\"auto, (max-width: 300px) 85vw, 300px\" \/><\/a><\/p>\n<p>I collage raffigurano luoghi esotici, siti archeologici mai visitati dall\u2019artista: Jaipur, Persepoli, Isfahan, Tabriz, Meshad, Shiraz, Darab. \u00abL\u2019orizzonte \u00e8 mutevole, sempre diverso: unisce o divide due aree contrapposte. \u00c8 un contatto virtuale utile a raffigurare, ma non a definire, una giustapposizione visiva. Sopra e sotto, qui e oltre avvistiamo superfici che si toccano senza rumore, senza indicare su quale delle due crediamo di abitare. Spazio e Tempo si contendono la misura del Vero, di quanto sembra ospitare la nostra esperienza. Da Jaipur a Darab, Persepoli e Isfahan la distanza da percorrere \u00e8 notevole, ma irrilevante o addirittura inesistente se questi o altri luoghi si traducono in immagini fotografiche, carta da disegno, matita e compasso a disposizione del \u201cviaggiatore\u201d. Il quale sa, per buona regola e vita vissuta, rivelare a se stesso l\u2019esperienza \u2013 se cos\u00ec si pu\u00f2 dire \u2013 di non muovere un passo: restare fermi per accogliere l\u2019istantaneit\u00e0 della visione\u00bb.<\/p>\n<p><a href=\"http:\/\/web.quotidianopiemontese.it\/cultura-arte-e-spettacolo-a-torino\/files\/2021\/12\/Opera-001541.jpg\"><img loading=\"lazy\" decoding=\"async\" class=\"alignnone size-medium wp-image-895\" src=\"http:\/\/web.quotidianopiemontese.it\/cultura-arte-e-spettacolo-a-torino\/files\/2021\/12\/Opera-001541-300x220.jpg\" alt=\"\" width=\"300\" height=\"220\" srcset=\"https:\/\/web.quotidianopiemontese.it\/cultura-arte-e-spettacolo-a-torino\/files\/2021\/12\/Opera-001541-300x220.jpg 300w, https:\/\/web.quotidianopiemontese.it\/cultura-arte-e-spettacolo-a-torino\/files\/2021\/12\/Opera-001541-768x563.jpg 768w, https:\/\/web.quotidianopiemontese.it\/cultura-arte-e-spettacolo-a-torino\/files\/2021\/12\/Opera-001541-1024x751.jpg 1024w, https:\/\/web.quotidianopiemontese.it\/cultura-arte-e-spettacolo-a-torino\/files\/2021\/12\/Opera-001541.jpg 1500w\" sizes=\"auto, (max-width: 300px) 85vw, 300px\" \/><\/a><\/p>\n<p>\u00ab<strong>In orbita\u00bb,<\/strong> \u00e8 una scultura formata da due calchi in gesso di mani femminili, orientate l\u2019una verso il basso e l\u2019altra verso l\u2019alto, posati sulla riproduzione fotografica di una mappa stellare e sormontati da una sfera armillare che trattiene un goniometro: le due mani orientate in senso contrapposto sembrano sostenere nello spazio cosmico gli elementi in equilibrio precario, un contatto fisico tra il soggetto e l\u2019universo.<\/p>\n<p><a href=\"http:\/\/web.quotidianopiemontese.it\/cultura-arte-e-spettacolo-a-torino\/files\/2021\/12\/Opera-001528.jpg\"><img loading=\"lazy\" decoding=\"async\" class=\"alignnone size-medium wp-image-897\" src=\"http:\/\/web.quotidianopiemontese.it\/cultura-arte-e-spettacolo-a-torino\/files\/2021\/12\/Opera-001528-300x220.jpg\" alt=\"\" width=\"300\" height=\"220\" srcset=\"https:\/\/web.quotidianopiemontese.it\/cultura-arte-e-spettacolo-a-torino\/files\/2021\/12\/Opera-001528-300x220.jpg 300w, https:\/\/web.quotidianopiemontese.it\/cultura-arte-e-spettacolo-a-torino\/files\/2021\/12\/Opera-001528-768x563.jpg 768w, https:\/\/web.quotidianopiemontese.it\/cultura-arte-e-spettacolo-a-torino\/files\/2021\/12\/Opera-001528-1024x751.jpg 1024w, https:\/\/web.quotidianopiemontese.it\/cultura-arte-e-spettacolo-a-torino\/files\/2021\/12\/Opera-001528.jpg 1500w\" sizes=\"auto, (max-width: 300px) 85vw, 300px\" \/><\/a><\/p>\n<p>In \u00ab<strong>Caduta libera\u00bb,<\/strong> il calco in gesso di una mano aperta, orientata in verticale, tenta invano di trattenere quattro frammenti lacerati di una riproduzione fotografica del cielo, nell\u2019impraticabile eppur irrinunciabile tentativo di afferrare l\u2019assoluto.<\/p>\n<p><a href=\"http:\/\/web.quotidianopiemontese.it\/cultura-arte-e-spettacolo-a-torino\/files\/2021\/12\/Opera-001535.jpg\"><img loading=\"lazy\" decoding=\"async\" class=\"alignnone size-medium wp-image-900\" src=\"http:\/\/web.quotidianopiemontese.it\/cultura-arte-e-spettacolo-a-torino\/files\/2021\/12\/Opera-001535-300x220.jpg\" alt=\"\" width=\"300\" height=\"220\" srcset=\"https:\/\/web.quotidianopiemontese.it\/cultura-arte-e-spettacolo-a-torino\/files\/2021\/12\/Opera-001535-300x220.jpg 300w, https:\/\/web.quotidianopiemontese.it\/cultura-arte-e-spettacolo-a-torino\/files\/2021\/12\/Opera-001535-768x563.jpg 768w, https:\/\/web.quotidianopiemontese.it\/cultura-arte-e-spettacolo-a-torino\/files\/2021\/12\/Opera-001535-1024x751.jpg 1024w, https:\/\/web.quotidianopiemontese.it\/cultura-arte-e-spettacolo-a-torino\/files\/2021\/12\/Opera-001535.jpg 1500w\" sizes=\"auto, (max-width: 300px) 85vw, 300px\" \/><\/a><\/p>\n<p><strong>\u00ab<\/strong><strong>Habitat\u00bb<\/strong> \u00e8 un\u2019installazione costituita da tre espositori in plexiglas triangolare che fungono da quinte teatrali per la messa in scena di un assieme di oggetti: una pietra pirite, una rosa gialla (citazione di un racconto di Borges), un pennello usato, una boccetta di inchiostro azzurro, frammenti cartacei di appunti autografi dell\u2019artista, una clessidra e un compasso che cinge una lente di ingrandimento. Un compendio di oggetti cari a Paolini, in virt\u00f9 della loro dimensione simbolica: gli strumenti dell\u2019artista nel trascorrere del tempo e nella fisicit\u00e0 dello spazio.<\/p>\n<p><a href=\"http:\/\/web.quotidianopiemontese.it\/cultura-arte-e-spettacolo-a-torino\/files\/2021\/12\/Opera-001530.jpg\"><img loading=\"lazy\" decoding=\"async\" class=\"alignnone size-medium wp-image-904\" src=\"http:\/\/web.quotidianopiemontese.it\/cultura-arte-e-spettacolo-a-torino\/files\/2021\/12\/Opera-001530-300x220.jpg\" alt=\"\" width=\"300\" height=\"220\" srcset=\"https:\/\/web.quotidianopiemontese.it\/cultura-arte-e-spettacolo-a-torino\/files\/2021\/12\/Opera-001530-300x220.jpg 300w, https:\/\/web.quotidianopiemontese.it\/cultura-arte-e-spettacolo-a-torino\/files\/2021\/12\/Opera-001530-768x563.jpg 768w, https:\/\/web.quotidianopiemontese.it\/cultura-arte-e-spettacolo-a-torino\/files\/2021\/12\/Opera-001530-1024x751.jpg 1024w, https:\/\/web.quotidianopiemontese.it\/cultura-arte-e-spettacolo-a-torino\/files\/2021\/12\/Opera-001530.jpg 1500w\" sizes=\"auto, (max-width: 300px) 85vw, 300px\" \/><\/a><\/p>\n<p>Sulla parete \u00e8 esposto un arazzo tessuto a mano dal prestigioso Ateliers Pinton, dal titolo <strong>\u00ab<\/strong><strong>Dopo Tutto\u00bb.<\/strong> Una figura maschile vista di spalle \u00e8 intenta a osservare un quadro, evocato per mezzo di un tracciato lineare, mentre in primo piano l\u2019immagine di una cornice dorata inquadra la scena medesima. In questa successione alterna di inquadrature, lo sguardo del protagonista non vede alcunch\u00e9, dal momento che il \u201cquadro\u201d definito dalla cornice dorata cade alle sue spalle. Nelle parole dell\u2019artista: \u00abLa figura rappresentata, anzich\u00e9 volgersi come di solito verso noi osservatori, occupa la nostra stessa collocazione: \u00e8 rivolta ad un al di l\u00e0, verso qualcosa che non \u00e8 dato vedere<strong>\u00bb<\/strong>. Autore e spettatore vengono a coincidere nella stessa figura, anonima, che, in una sorta di autoritratto rovesciato, sembra interrogare il proprio sguardo tanto quanto la propria identit\u00e0.<\/p>\n<p><a href=\"http:\/\/web.quotidianopiemontese.it\/cultura-arte-e-spettacolo-a-torino\/files\/2021\/12\/Opera-001539.jpg\"><img loading=\"lazy\" decoding=\"async\" class=\"alignnone size-medium wp-image-906\" src=\"http:\/\/web.quotidianopiemontese.it\/cultura-arte-e-spettacolo-a-torino\/files\/2021\/12\/Opera-001539-300x220.jpg\" alt=\"\" width=\"300\" height=\"220\" srcset=\"https:\/\/web.quotidianopiemontese.it\/cultura-arte-e-spettacolo-a-torino\/files\/2021\/12\/Opera-001539-300x220.jpg 300w, https:\/\/web.quotidianopiemontese.it\/cultura-arte-e-spettacolo-a-torino\/files\/2021\/12\/Opera-001539-768x563.jpg 768w, https:\/\/web.quotidianopiemontese.it\/cultura-arte-e-spettacolo-a-torino\/files\/2021\/12\/Opera-001539-1024x751.jpg 1024w, https:\/\/web.quotidianopiemontese.it\/cultura-arte-e-spettacolo-a-torino\/files\/2021\/12\/Opera-001539.jpg 1500w\" sizes=\"auto, (max-width: 300px) 85vw, 300px\" \/><\/a><\/p>\n<p>La parete opposta ospita il collage <strong>\u00ab<\/strong><strong>A perdita d\u2019occhio\u00bb:<\/strong> al centro la fotografia di una nave \u00e8 inscritta in riquadri bianchi e neri, a loro volta applicati su un\u2019immagine del mare al tramonto. La nave \u00e8 diretta frontalmente verso l\u2019osservatore irradiando una scia di tele al recto e al verso, particolari di studi, schizzi e dettagli fotografici. La nave procede dunque verso di noi in un movimento che dalla luce conduce all\u2019oscurit\u00e0. Nelle parole dell\u2019artista: \u00abIl flusso che si deposita ai lati del soggetto centrale, la scia tracciata sull\u2019acqua dal carico di intenzioni e proiezioni che avanza verso di noi si traduce in un intreccio di immagini che evocano altre superfici disperse a perdita d\u2019occhio<strong>\u00bb.<\/strong><\/p>\n<p><strong>\u00a0http:\/\/www.tuccirusso.com\/it\/home<\/strong><\/p>\n<p><strong>\u00a0<\/strong><strong>Emanuele Rebuffini<\/strong><\/p>\n<p>&nbsp;<\/p>\n<p>&nbsp;<\/p>\n","protected":false},"excerpt":{"rendered":"<p>Un viaggio nello spazio e nel tempo per celebrare il miracolo della visione. Fino al 29 gennaio Tucci Russo Studio per l\u2019Arte Contemporanea ospita nella sede torinese la mostra \u00abQUI (DA LONTANO\u00bb, un corpus di opere inedite di Giulio Paolini. Tre sculture, un arazzo e una serie di collage in cui riflette sulla figura dell\u2019artista, &hellip; <a href=\"https:\/\/web.quotidianopiemontese.it\/cultura-arte-e-spettacolo-a-torino\/giulio-paolini-miracolo-della-visione\/\" class=\"more-link\">Leggi tutto<span class=\"screen-reader-text\"> &#8220;Giulio Paolini, il miracolo della visione&#8221;<\/span><\/a><\/p>\n","protected":false},"author":1361,"featured_media":889,"comment_status":"open","ping_status":"open","sticky":false,"template":"","format":"standard","meta":{"footnotes":""},"categories":[1],"tags":[57,151,195],"class_list":["post-887","post","type-post","status-publish","format-standard","has-post-thumbnail","hentry","category-cultura-arte-spettacolo","tag-arte-povera","tag-giulio-paolini","tag-tucci-russo"],"yoast_head":"<!-- This site is optimized with the Yoast SEO plugin v27.1.1 - https:\/\/yoast.com\/product\/yoast-seo-wordpress\/ -->\n<title>Giulio Paolini, il miracolo della visione - 4 Dicembre 2021<\/title>\n<meta name=\"description\" content=\"Giulio Paolini, il miracolo della visione - Cultura, Arte e Spettacolo a Torino - Un viaggio nello spazio e nel tempo per celebrare il miracolo della visione. Fino al 29 gennaio Tucci Russo Studio per l\u2019Arte Contemporanea ospita nella - Arte Povera, Giulio Paolini, Tucci Russo\" \/>\n<meta name=\"robots\" content=\"index, follow, max-snippet:-1, max-image-preview:large, max-video-preview:-1\" \/>\n<link rel=\"canonical\" href=\"https:\/\/web.quotidianopiemontese.it\/cultura-arte-e-spettacolo-a-torino\/giulio-paolini-miracolo-della-visione\/\" \/>\n<meta property=\"og:locale\" content=\"it_IT\" \/>\n<meta property=\"og:type\" content=\"article\" \/>\n<meta property=\"og:title\" content=\"Giulio Paolini, il miracolo della visione - 4 Dicembre 2021\" \/>\n<meta property=\"og:description\" content=\"Giulio Paolini, il miracolo della visione - Cultura, Arte e Spettacolo a Torino - Un viaggio nello spazio e nel tempo per celebrare il miracolo della visione. Fino al 29 gennaio Tucci Russo Studio per l\u2019Arte Contemporanea ospita nella - Arte Povera, Giulio Paolini, Tucci Russo\" \/>\n<meta property=\"og:url\" content=\"https:\/\/web.quotidianopiemontese.it\/cultura-arte-e-spettacolo-a-torino\/giulio-paolini-miracolo-della-visione\/\" \/>\n<meta property=\"og:site_name\" content=\"Cultura, Arte e Spettacolo a Torino\" \/>\n<meta property=\"article:publisher\" content=\"https:\/\/www.facebook.com\/quotidianopiemontese?fref=ts\" \/>\n<meta property=\"article:published_time\" content=\"2021-12-04T13:56:05+00:00\" \/>\n<meta property=\"og:image\" content=\"https:\/\/web.quotidianopiemontese.it\/cultura-arte-e-spettacolo-a-torino\/files\/2021\/12\/Opera-001538-1.jpg\" \/>\n\t<meta property=\"og:image:width\" content=\"1500\" \/>\n\t<meta property=\"og:image:height\" content=\"1100\" \/>\n\t<meta property=\"og:image:type\" content=\"image\/jpeg\" \/>\n<meta name=\"author\" content=\"Emanuele Rebuffini\" \/>\n<meta name=\"twitter:label1\" content=\"Scritto da\" \/>\n\t<meta name=\"twitter:data1\" content=\"Emanuele Rebuffini\" \/>\n\t<meta name=\"twitter:label2\" content=\"Tempo di lettura stimato\" \/>\n\t<meta name=\"twitter:data2\" content=\"4 minuti\" \/>\n<script type=\"application\/ld+json\" class=\"yoast-schema-graph\">{\"@context\":\"https:\/\/schema.org\",\"@graph\":[{\"@type\":\"Article\",\"@id\":\"https:\/\/web.quotidianopiemontese.it\/cultura-arte-e-spettacolo-a-torino\/giulio-paolini-miracolo-della-visione\/#article\",\"isPartOf\":{\"@id\":\"https:\/\/web.quotidianopiemontese.it\/cultura-arte-e-spettacolo-a-torino\/giulio-paolini-miracolo-della-visione\/\"},\"author\":{\"name\":\"Emanuele Rebuffini\",\"@id\":\"https:\/\/web.quotidianopiemontese.it\/cultura-arte-e-spettacolo-a-torino\/#\/schema\/person\/b035109a4cc7d3e93911b78d8cebf3a0\"},\"headline\":\"Giulio Paolini, il miracolo della visione\",\"datePublished\":\"2021-12-04T13:56:05+00:00\",\"mainEntityOfPage\":{\"@id\":\"https:\/\/web.quotidianopiemontese.it\/cultura-arte-e-spettacolo-a-torino\/giulio-paolini-miracolo-della-visione\/\"},\"wordCount\":708,\"commentCount\":0,\"image\":{\"@id\":\"https:\/\/web.quotidianopiemontese.it\/cultura-arte-e-spettacolo-a-torino\/giulio-paolini-miracolo-della-visione\/#primaryimage\"},\"thumbnailUrl\":\"https:\/\/web.quotidianopiemontese.it\/cultura-arte-e-spettacolo-a-torino\/files\/2021\/12\/Opera-001538-1.jpg\",\"keywords\":[\"Arte Povera\",\"Giulio Paolini\",\"Tucci Russo\"],\"articleSection\":[\"Cultura, arte, spettacolo\"],\"inLanguage\":\"it-IT\",\"potentialAction\":[{\"@type\":\"CommentAction\",\"name\":\"Comment\",\"target\":[\"https:\/\/web.quotidianopiemontese.it\/cultura-arte-e-spettacolo-a-torino\/giulio-paolini-miracolo-della-visione\/#respond\"]}]},{\"@type\":\"WebPage\",\"@id\":\"https:\/\/web.quotidianopiemontese.it\/cultura-arte-e-spettacolo-a-torino\/giulio-paolini-miracolo-della-visione\/\",\"url\":\"https:\/\/web.quotidianopiemontese.it\/cultura-arte-e-spettacolo-a-torino\/giulio-paolini-miracolo-della-visione\/\",\"name\":\"Giulio Paolini, il miracolo della visione - 4 Dicembre 2021\",\"isPartOf\":{\"@id\":\"https:\/\/web.quotidianopiemontese.it\/cultura-arte-e-spettacolo-a-torino\/#website\"},\"primaryImageOfPage\":{\"@id\":\"https:\/\/web.quotidianopiemontese.it\/cultura-arte-e-spettacolo-a-torino\/giulio-paolini-miracolo-della-visione\/#primaryimage\"},\"image\":{\"@id\":\"https:\/\/web.quotidianopiemontese.it\/cultura-arte-e-spettacolo-a-torino\/giulio-paolini-miracolo-della-visione\/#primaryimage\"},\"thumbnailUrl\":\"https:\/\/web.quotidianopiemontese.it\/cultura-arte-e-spettacolo-a-torino\/files\/2021\/12\/Opera-001538-1.jpg\",\"datePublished\":\"2021-12-04T13:56:05+00:00\",\"author\":{\"@id\":\"https:\/\/web.quotidianopiemontese.it\/cultura-arte-e-spettacolo-a-torino\/#\/schema\/person\/b035109a4cc7d3e93911b78d8cebf3a0\"},\"description\":\"Giulio Paolini, il miracolo della visione - Cultura, Arte e Spettacolo a Torino - Un viaggio nello spazio e nel tempo per celebrare il miracolo della visione. Fino al 29 gennaio Tucci Russo Studio per l\u2019Arte Contemporanea ospita nella - Arte Povera, Giulio Paolini, Tucci Russo\",\"inLanguage\":\"it-IT\",\"potentialAction\":[{\"@type\":\"ReadAction\",\"target\":[\"https:\/\/web.quotidianopiemontese.it\/cultura-arte-e-spettacolo-a-torino\/giulio-paolini-miracolo-della-visione\/\"]}]},{\"@type\":\"ImageObject\",\"inLanguage\":\"it-IT\",\"@id\":\"https:\/\/web.quotidianopiemontese.it\/cultura-arte-e-spettacolo-a-torino\/giulio-paolini-miracolo-della-visione\/#primaryimage\",\"url\":\"https:\/\/web.quotidianopiemontese.it\/cultura-arte-e-spettacolo-a-torino\/files\/2021\/12\/Opera-001538-1.jpg\",\"contentUrl\":\"https:\/\/web.quotidianopiemontese.it\/cultura-arte-e-spettacolo-a-torino\/files\/2021\/12\/Opera-001538-1.jpg\",\"width\":1500,\"height\":1100},{\"@type\":\"WebSite\",\"@id\":\"https:\/\/web.quotidianopiemontese.it\/cultura-arte-e-spettacolo-a-torino\/#website\",\"url\":\"https:\/\/web.quotidianopiemontese.it\/cultura-arte-e-spettacolo-a-torino\/\",\"name\":\"Cultura, Arte e Spettacolo a Torino\",\"description\":\"Quotidiano Piemontese\",\"potentialAction\":[{\"@type\":\"SearchAction\",\"target\":{\"@type\":\"EntryPoint\",\"urlTemplate\":\"https:\/\/web.quotidianopiemontese.it\/cultura-arte-e-spettacolo-a-torino\/?s={search_term_string}\"},\"query-input\":{\"@type\":\"PropertyValueSpecification\",\"valueRequired\":true,\"valueName\":\"search_term_string\"}}],\"inLanguage\":\"it-IT\"},{\"@type\":\"Person\",\"@id\":\"https:\/\/web.quotidianopiemontese.it\/cultura-arte-e-spettacolo-a-torino\/#\/schema\/person\/b035109a4cc7d3e93911b78d8cebf3a0\",\"name\":\"Emanuele Rebuffini\",\"image\":{\"@type\":\"ImageObject\",\"inLanguage\":\"it-IT\",\"@id\":\"https:\/\/web.quotidianopiemontese.it\/cultura-arte-e-spettacolo-a-torino\/#\/schema\/person\/image\/\",\"url\":\"https:\/\/secure.gravatar.com\/avatar\/519a0a38be4cbbcf40fb5bc1b1173a85af291a3a8697df454a94ad7e05574628?s=96&d=mm&r=g\",\"contentUrl\":\"https:\/\/secure.gravatar.com\/avatar\/519a0a38be4cbbcf40fb5bc1b1173a85af291a3a8697df454a94ad7e05574628?s=96&d=mm&r=g\",\"caption\":\"Emanuele Rebuffini\"},\"sameAs\":[\"http:\/\/www.quotidianopiemontese.it\/cultura-arte-e-spettacolo-a-torino\/\"],\"url\":\"https:\/\/web.quotidianopiemontese.it\/cultura-arte-e-spettacolo-a-torino\/author\/emanuelerebuffini\/\"}]}<\/script>\n<!-- \/ Yoast SEO plugin. -->","yoast_head_json":{"title":"Giulio Paolini, il miracolo della visione - 4 Dicembre 2021","description":"Giulio Paolini, il miracolo della visione - Cultura, Arte e Spettacolo a Torino - Un viaggio nello spazio e nel tempo per celebrare il miracolo della visione. Fino al 29 gennaio Tucci Russo Studio per l\u2019Arte Contemporanea ospita nella - Arte Povera, Giulio Paolini, Tucci Russo","robots":{"index":"index","follow":"follow","max-snippet":"max-snippet:-1","max-image-preview":"max-image-preview:large","max-video-preview":"max-video-preview:-1"},"canonical":"https:\/\/web.quotidianopiemontese.it\/cultura-arte-e-spettacolo-a-torino\/giulio-paolini-miracolo-della-visione\/","og_locale":"it_IT","og_type":"article","og_title":"Giulio Paolini, il miracolo della visione - 4 Dicembre 2021","og_description":"Giulio Paolini, il miracolo della visione - Cultura, Arte e Spettacolo a Torino - Un viaggio nello spazio e nel tempo per celebrare il miracolo della visione. Fino al 29 gennaio Tucci Russo Studio per l\u2019Arte Contemporanea ospita nella - Arte Povera, Giulio Paolini, Tucci Russo","og_url":"https:\/\/web.quotidianopiemontese.it\/cultura-arte-e-spettacolo-a-torino\/giulio-paolini-miracolo-della-visione\/","og_site_name":"Cultura, Arte e Spettacolo a Torino","article_publisher":"https:\/\/www.facebook.com\/quotidianopiemontese?fref=ts","article_published_time":"2021-12-04T13:56:05+00:00","og_image":[{"width":1500,"height":1100,"url":"https:\/\/web.quotidianopiemontese.it\/cultura-arte-e-spettacolo-a-torino\/files\/2021\/12\/Opera-001538-1.jpg","type":"image\/jpeg"}],"author":"Emanuele Rebuffini","twitter_misc":{"Scritto da":"Emanuele Rebuffini","Tempo di lettura stimato":"4 minuti"},"schema":{"@context":"https:\/\/schema.org","@graph":[{"@type":"Article","@id":"https:\/\/web.quotidianopiemontese.it\/cultura-arte-e-spettacolo-a-torino\/giulio-paolini-miracolo-della-visione\/#article","isPartOf":{"@id":"https:\/\/web.quotidianopiemontese.it\/cultura-arte-e-spettacolo-a-torino\/giulio-paolini-miracolo-della-visione\/"},"author":{"name":"Emanuele Rebuffini","@id":"https:\/\/web.quotidianopiemontese.it\/cultura-arte-e-spettacolo-a-torino\/#\/schema\/person\/b035109a4cc7d3e93911b78d8cebf3a0"},"headline":"Giulio Paolini, il miracolo della visione","datePublished":"2021-12-04T13:56:05+00:00","mainEntityOfPage":{"@id":"https:\/\/web.quotidianopiemontese.it\/cultura-arte-e-spettacolo-a-torino\/giulio-paolini-miracolo-della-visione\/"},"wordCount":708,"commentCount":0,"image":{"@id":"https:\/\/web.quotidianopiemontese.it\/cultura-arte-e-spettacolo-a-torino\/giulio-paolini-miracolo-della-visione\/#primaryimage"},"thumbnailUrl":"https:\/\/web.quotidianopiemontese.it\/cultura-arte-e-spettacolo-a-torino\/files\/2021\/12\/Opera-001538-1.jpg","keywords":["Arte Povera","Giulio Paolini","Tucci Russo"],"articleSection":["Cultura, arte, spettacolo"],"inLanguage":"it-IT","potentialAction":[{"@type":"CommentAction","name":"Comment","target":["https:\/\/web.quotidianopiemontese.it\/cultura-arte-e-spettacolo-a-torino\/giulio-paolini-miracolo-della-visione\/#respond"]}]},{"@type":"WebPage","@id":"https:\/\/web.quotidianopiemontese.it\/cultura-arte-e-spettacolo-a-torino\/giulio-paolini-miracolo-della-visione\/","url":"https:\/\/web.quotidianopiemontese.it\/cultura-arte-e-spettacolo-a-torino\/giulio-paolini-miracolo-della-visione\/","name":"Giulio Paolini, il miracolo della visione - 4 Dicembre 2021","isPartOf":{"@id":"https:\/\/web.quotidianopiemontese.it\/cultura-arte-e-spettacolo-a-torino\/#website"},"primaryImageOfPage":{"@id":"https:\/\/web.quotidianopiemontese.it\/cultura-arte-e-spettacolo-a-torino\/giulio-paolini-miracolo-della-visione\/#primaryimage"},"image":{"@id":"https:\/\/web.quotidianopiemontese.it\/cultura-arte-e-spettacolo-a-torino\/giulio-paolini-miracolo-della-visione\/#primaryimage"},"thumbnailUrl":"https:\/\/web.quotidianopiemontese.it\/cultura-arte-e-spettacolo-a-torino\/files\/2021\/12\/Opera-001538-1.jpg","datePublished":"2021-12-04T13:56:05+00:00","author":{"@id":"https:\/\/web.quotidianopiemontese.it\/cultura-arte-e-spettacolo-a-torino\/#\/schema\/person\/b035109a4cc7d3e93911b78d8cebf3a0"},"description":"Giulio Paolini, il miracolo della visione - Cultura, Arte e Spettacolo a Torino - Un viaggio nello spazio e nel tempo per celebrare il miracolo della visione. Fino al 29 gennaio Tucci Russo Studio per l\u2019Arte Contemporanea ospita nella - Arte Povera, Giulio Paolini, Tucci Russo","inLanguage":"it-IT","potentialAction":[{"@type":"ReadAction","target":["https:\/\/web.quotidianopiemontese.it\/cultura-arte-e-spettacolo-a-torino\/giulio-paolini-miracolo-della-visione\/"]}]},{"@type":"ImageObject","inLanguage":"it-IT","@id":"https:\/\/web.quotidianopiemontese.it\/cultura-arte-e-spettacolo-a-torino\/giulio-paolini-miracolo-della-visione\/#primaryimage","url":"https:\/\/web.quotidianopiemontese.it\/cultura-arte-e-spettacolo-a-torino\/files\/2021\/12\/Opera-001538-1.jpg","contentUrl":"https:\/\/web.quotidianopiemontese.it\/cultura-arte-e-spettacolo-a-torino\/files\/2021\/12\/Opera-001538-1.jpg","width":1500,"height":1100},{"@type":"WebSite","@id":"https:\/\/web.quotidianopiemontese.it\/cultura-arte-e-spettacolo-a-torino\/#website","url":"https:\/\/web.quotidianopiemontese.it\/cultura-arte-e-spettacolo-a-torino\/","name":"Cultura, Arte e Spettacolo a Torino","description":"Quotidiano Piemontese","potentialAction":[{"@type":"SearchAction","target":{"@type":"EntryPoint","urlTemplate":"https:\/\/web.quotidianopiemontese.it\/cultura-arte-e-spettacolo-a-torino\/?s={search_term_string}"},"query-input":{"@type":"PropertyValueSpecification","valueRequired":true,"valueName":"search_term_string"}}],"inLanguage":"it-IT"},{"@type":"Person","@id":"https:\/\/web.quotidianopiemontese.it\/cultura-arte-e-spettacolo-a-torino\/#\/schema\/person\/b035109a4cc7d3e93911b78d8cebf3a0","name":"Emanuele Rebuffini","image":{"@type":"ImageObject","inLanguage":"it-IT","@id":"https:\/\/web.quotidianopiemontese.it\/cultura-arte-e-spettacolo-a-torino\/#\/schema\/person\/image\/","url":"https:\/\/secure.gravatar.com\/avatar\/519a0a38be4cbbcf40fb5bc1b1173a85af291a3a8697df454a94ad7e05574628?s=96&d=mm&r=g","contentUrl":"https:\/\/secure.gravatar.com\/avatar\/519a0a38be4cbbcf40fb5bc1b1173a85af291a3a8697df454a94ad7e05574628?s=96&d=mm&r=g","caption":"Emanuele Rebuffini"},"sameAs":["http:\/\/www.quotidianopiemontese.it\/cultura-arte-e-spettacolo-a-torino\/"],"url":"https:\/\/web.quotidianopiemontese.it\/cultura-arte-e-spettacolo-a-torino\/author\/emanuelerebuffini\/"}]}},"_links":{"self":[{"href":"https:\/\/web.quotidianopiemontese.it\/cultura-arte-e-spettacolo-a-torino\/wp-json\/wp\/v2\/posts\/887","targetHints":{"allow":["GET"]}}],"collection":[{"href":"https:\/\/web.quotidianopiemontese.it\/cultura-arte-e-spettacolo-a-torino\/wp-json\/wp\/v2\/posts"}],"about":[{"href":"https:\/\/web.quotidianopiemontese.it\/cultura-arte-e-spettacolo-a-torino\/wp-json\/wp\/v2\/types\/post"}],"author":[{"embeddable":true,"href":"https:\/\/web.quotidianopiemontese.it\/cultura-arte-e-spettacolo-a-torino\/wp-json\/wp\/v2\/users\/1361"}],"replies":[{"embeddable":true,"href":"https:\/\/web.quotidianopiemontese.it\/cultura-arte-e-spettacolo-a-torino\/wp-json\/wp\/v2\/comments?post=887"}],"version-history":[{"count":0,"href":"https:\/\/web.quotidianopiemontese.it\/cultura-arte-e-spettacolo-a-torino\/wp-json\/wp\/v2\/posts\/887\/revisions"}],"wp:featuredmedia":[{"embeddable":true,"href":"https:\/\/web.quotidianopiemontese.it\/cultura-arte-e-spettacolo-a-torino\/wp-json\/wp\/v2\/media\/889"}],"wp:attachment":[{"href":"https:\/\/web.quotidianopiemontese.it\/cultura-arte-e-spettacolo-a-torino\/wp-json\/wp\/v2\/media?parent=887"}],"wp:term":[{"taxonomy":"category","embeddable":true,"href":"https:\/\/web.quotidianopiemontese.it\/cultura-arte-e-spettacolo-a-torino\/wp-json\/wp\/v2\/categories?post=887"},{"taxonomy":"post_tag","embeddable":true,"href":"https:\/\/web.quotidianopiemontese.it\/cultura-arte-e-spettacolo-a-torino\/wp-json\/wp\/v2\/tags?post=887"}],"curies":[{"name":"wp","href":"https:\/\/api.w.org\/{rel}","templated":true}]}}