{"id":856,"date":"2021-10-22T11:59:19","date_gmt":"2021-10-22T09:59:19","guid":{"rendered":"http:\/\/web.quotidianopiemontese.it\/cultura-arte-e-spettacolo-a-torino\/?p=856"},"modified":"2021-10-22T12:06:28","modified_gmt":"2021-10-22T10:06:28","slug":"labcuberealegreen-alla-reggia-venaria-un-compendio-del-bello-del-ben","status":"publish","type":"post","link":"https:\/\/web.quotidianopiemontese.it\/cultura-arte-e-spettacolo-a-torino\/labcuberealegreen-alla-reggia-venaria-un-compendio-del-bello-del-ben\/","title":{"rendered":"LabcubeReale#Green. Alla Reggia di Venaria un compendio del \u201cbello\u201d e del \u201cben fatto\u201d"},"content":{"rendered":"<p>Dieci prototipi realizzati da altrettanti gruppi di lavoro formati da <strong>artigiani<\/strong> e <strong>designer<\/strong>, che si sono cimentati con vari medium espressivi (carta, ceramica, ferro, tessuti, ecc.), dando vita a suggestivi oggetti che interpretano con sguardi differenti il tema del \u201cgreen\u201d.<!--more--><\/p>\n<p><strong>\u00ab<\/strong><strong>LabcubeReale#Green\u00bb<\/strong> \u00e8 una rassegna collettiva,<strong> un compendio del bello e del ben fatto, <\/strong>che nasce dalla collaborazione tra Confartigianato Torino, Camera di commercio di Torino, FabLab Torino, Turn Design Community e la Reggia di Venaria.<\/p>\n<p><a href=\"http:\/\/web.quotidianopiemontese.it\/cultura-arte-e-spettacolo-a-torino\/files\/2021\/10\/V5.jpg\"><img loading=\"lazy\" decoding=\"async\" class=\"alignnone size-medium wp-image-860\" src=\"http:\/\/web.quotidianopiemontese.it\/cultura-arte-e-spettacolo-a-torino\/files\/2021\/10\/V5-300x225.jpg\" alt=\"\" width=\"300\" height=\"225\" srcset=\"https:\/\/web.quotidianopiemontese.it\/cultura-arte-e-spettacolo-a-torino\/files\/2021\/10\/V5-300x225.jpg 300w, https:\/\/web.quotidianopiemontese.it\/cultura-arte-e-spettacolo-a-torino\/files\/2021\/10\/V5-768x576.jpg 768w, https:\/\/web.quotidianopiemontese.it\/cultura-arte-e-spettacolo-a-torino\/files\/2021\/10\/V5-1024x768.jpg 1024w, https:\/\/web.quotidianopiemontese.it\/cultura-arte-e-spettacolo-a-torino\/files\/2021\/10\/V5-200x150.jpg 200w, https:\/\/web.quotidianopiemontese.it\/cultura-arte-e-spettacolo-a-torino\/files\/2021\/10\/V5.jpg 2048w\" sizes=\"auto, (max-width: 300px) 85vw, 300px\" \/><\/a><\/p>\n<p><strong>\u00ab<\/strong><strong>LabcubeReale#Green\u00bb<\/strong> si inserisce nell\u2019ambito della programmazione #<strong><em>LaVenariaGreen,<\/em><\/strong> dedicata al tema del paesaggio, della sostenibilit\u00e0 e dell\u2019ambiente: infatti, fino al <strong>5 dicembre<\/strong> i dieci prototipi saranno esposti presso il <strong>bookshop<\/strong> della Reggia, quasi un corollario alla grande mostra \u00abUna infinita bellezza\u00bb.<\/p>\n<p><a href=\"http:\/\/web.quotidianopiemontese.it\/cultura-arte-e-spettacolo-a-torino\/files\/2021\/10\/V4.jpg\"><img loading=\"lazy\" decoding=\"async\" class=\"alignnone size-medium wp-image-861\" src=\"http:\/\/web.quotidianopiemontese.it\/cultura-arte-e-spettacolo-a-torino\/files\/2021\/10\/V4-300x225.jpg\" alt=\"\" width=\"300\" height=\"225\" srcset=\"https:\/\/web.quotidianopiemontese.it\/cultura-arte-e-spettacolo-a-torino\/files\/2021\/10\/V4-300x225.jpg 300w, https:\/\/web.quotidianopiemontese.it\/cultura-arte-e-spettacolo-a-torino\/files\/2021\/10\/V4-768x576.jpg 768w, https:\/\/web.quotidianopiemontese.it\/cultura-arte-e-spettacolo-a-torino\/files\/2021\/10\/V4-1024x768.jpg 1024w, https:\/\/web.quotidianopiemontese.it\/cultura-arte-e-spettacolo-a-torino\/files\/2021\/10\/V4-200x150.jpg 200w, https:\/\/web.quotidianopiemontese.it\/cultura-arte-e-spettacolo-a-torino\/files\/2021\/10\/V4.jpg 2048w\" sizes=\"auto, (max-width: 300px) 85vw, 300px\" \/><\/a><\/p>\n<p>In equilibrio tra passato e futuro, i dieci oggetti di <strong>\u00ab<\/strong><strong>LabcubeReale#Green\u00bb<\/strong><strong>, <\/strong>innovativi e di forte impatto estetico, coniugano la sapienza e il talento del maestro artigiano, estesa alle potenzialit\u00e0 delle tecnologie legate alla sfera della modellazione tridimensionale reale e virtuale, con la creativit\u00e0 e la capacit\u00e0 progettuale dei designer, unendo il mondo della bellezza, dell\u2019alta manifattura e delle cose realizzate a regola d\u2019arte con la capacit\u00e0 di trasformare creativamente la materia.<\/p>\n<p><a href=\"http:\/\/web.quotidianopiemontese.it\/cultura-arte-e-spettacolo-a-torino\/files\/2021\/10\/NIGHTDAY.jpg\"><img loading=\"lazy\" decoding=\"async\" class=\"alignnone size-medium wp-image-862\" src=\"http:\/\/web.quotidianopiemontese.it\/cultura-arte-e-spettacolo-a-torino\/files\/2021\/10\/NIGHTDAY-225x300.jpg\" alt=\"\" width=\"225\" height=\"300\" srcset=\"https:\/\/web.quotidianopiemontese.it\/cultura-arte-e-spettacolo-a-torino\/files\/2021\/10\/NIGHTDAY-225x300.jpg 225w, https:\/\/web.quotidianopiemontese.it\/cultura-arte-e-spettacolo-a-torino\/files\/2021\/10\/NIGHTDAY-768x1024.jpg 768w, https:\/\/web.quotidianopiemontese.it\/cultura-arte-e-spettacolo-a-torino\/files\/2021\/10\/NIGHTDAY.jpg 1536w\" sizes=\"auto, (max-width: 225px) 85vw, 225px\" \/><\/a><\/p>\n<p><strong>\u00ab<\/strong>Ospitando il progetto <strong>LabCubeReale#Green<\/strong>, la <strong>Reggia di Venaria<\/strong> si propone ancora una volta come vetrina delle eccellenze artigiane del territorio e luogo delle proposte innovative che quest\u2019ultimo esprime-commenta <strong>Guido Curto, <\/strong>Direttore del Consorzio delle residenze Reali Sabaude-Il progetto Labcube negli anni ha visto coinvolti artigiani, designer e maker confrontarsi con la magnificenza della Reggia e dei Giardini di Venaria per elaborare e creare prodotti di merchandising rivolti al grande pubblico dal forte carattere identitario. Gli artisti\/artigiani sono stati chiamati ad interpretare il tema portante che ha sostenuto il programma culturale nel 2021: <strong>#green,<\/strong> un percorso tra arte, storia e natura, orientato alla sostenibilit\u00e0 e alla valorizzazione del rapporto tra l\u2019uomo e l\u2019ambiente<strong>\u00bb.<\/strong><\/p>\n<p><a href=\"http:\/\/web.quotidianopiemontese.it\/cultura-arte-e-spettacolo-a-torino\/files\/2021\/10\/SAVO.jpg\"><img loading=\"lazy\" decoding=\"async\" class=\"alignnone size-medium wp-image-863\" src=\"http:\/\/web.quotidianopiemontese.it\/cultura-arte-e-spettacolo-a-torino\/files\/2021\/10\/SAVO-300x157.jpg\" alt=\"\" width=\"300\" height=\"157\" srcset=\"https:\/\/web.quotidianopiemontese.it\/cultura-arte-e-spettacolo-a-torino\/files\/2021\/10\/SAVO-300x157.jpg 300w, https:\/\/web.quotidianopiemontese.it\/cultura-arte-e-spettacolo-a-torino\/files\/2021\/10\/SAVO.jpg 640w\" sizes=\"auto, (max-width: 300px) 85vw, 300px\" \/><\/a><\/p>\n<p><strong>SAV-<\/strong><strong>\u00d3,<\/strong> di <strong>Laura Malandrino <\/strong>e <strong>Riccardo Vicentini, <\/strong>\u00e8 una <strong>zuppiera in porcellana<\/strong> che ci aiuta a risparmiare acqua, infatti, dopo aver lavato le verdure la stessa acqua \u00e8 riutilizzabile per annaffiare le piante, grazie ad un piccolo foro in uno dei manici che trasforma la zuppiera in un inusuale annaffiatoio; <strong>Pr\u00eat-\u00e0-porter<\/strong> di <strong>Gi\u00f2 Gatto <\/strong>e<strong> Rosa Palumbo, <\/strong>\u00e8 una <strong>bag <\/strong>realizzata con materiali selezionati ecologici e sostenibili (carta, cuoio, ecc.) dalle linee morbide ed avvolgenti, con tasche laterali in ambedue i lati, un vero e proprio contenitore di contenuti<strong>;<\/strong><\/p>\n<p><a href=\"http:\/\/web.quotidianopiemontese.it\/cultura-arte-e-spettacolo-a-torino\/files\/2021\/10\/V1.jpg\"><img loading=\"lazy\" decoding=\"async\" class=\"alignnone size-medium wp-image-864\" src=\"http:\/\/web.quotidianopiemontese.it\/cultura-arte-e-spettacolo-a-torino\/files\/2021\/10\/V1-300x225.jpg\" alt=\"\" width=\"300\" height=\"225\" srcset=\"https:\/\/web.quotidianopiemontese.it\/cultura-arte-e-spettacolo-a-torino\/files\/2021\/10\/V1-300x225.jpg 300w, https:\/\/web.quotidianopiemontese.it\/cultura-arte-e-spettacolo-a-torino\/files\/2021\/10\/V1-768x576.jpg 768w, https:\/\/web.quotidianopiemontese.it\/cultura-arte-e-spettacolo-a-torino\/files\/2021\/10\/V1-1024x768.jpg 1024w, https:\/\/web.quotidianopiemontese.it\/cultura-arte-e-spettacolo-a-torino\/files\/2021\/10\/V1-200x150.jpg 200w, https:\/\/web.quotidianopiemontese.it\/cultura-arte-e-spettacolo-a-torino\/files\/2021\/10\/V1.jpg 2048w\" sizes=\"auto, (max-width: 300px) 85vw, 300px\" \/><\/a><\/p>\n<p><strong>\u201c<\/strong><strong>NO TIME TO WAIT\u201d<\/strong> di <strong>Daniela Cavallo <\/strong>e<strong> Gianluca Macchi, <\/strong>\u00e8 una linea di gioielli ideata per sensibilizzare gli utenti su uno dei 17 <em>Sustainable Development Goals<\/em> individuati dall\u2019ONU, in questo caso si tratta di una <strong>collana<\/strong> con quattro elementi composti principalmente da lenti con filtri colore diverso, attraverso cui ammirare il paesaggio sotto punti di vista diversi; il <strong>Cappello scultura <\/strong>di <strong>Nina Tauro <\/strong>e <strong>Arianna Ricossa, <\/strong>\u00e8 un omaggio ai giardini della Reggia di Venaria, che mostrano un disegno ricco di texture diverse, dai prati all\u2019inglese, alle siepi e ai filari di alberi;<\/p>\n<p><a href=\"http:\/\/web.quotidianopiemontese.it\/cultura-arte-e-spettacolo-a-torino\/files\/2021\/10\/V2.jpg\"><img loading=\"lazy\" decoding=\"async\" class=\"alignnone size-medium wp-image-865\" src=\"http:\/\/web.quotidianopiemontese.it\/cultura-arte-e-spettacolo-a-torino\/files\/2021\/10\/V2-300x225.jpg\" alt=\"\" width=\"300\" height=\"225\" srcset=\"https:\/\/web.quotidianopiemontese.it\/cultura-arte-e-spettacolo-a-torino\/files\/2021\/10\/V2-300x225.jpg 300w, https:\/\/web.quotidianopiemontese.it\/cultura-arte-e-spettacolo-a-torino\/files\/2021\/10\/V2-768x576.jpg 768w, https:\/\/web.quotidianopiemontese.it\/cultura-arte-e-spettacolo-a-torino\/files\/2021\/10\/V2-1024x768.jpg 1024w, https:\/\/web.quotidianopiemontese.it\/cultura-arte-e-spettacolo-a-torino\/files\/2021\/10\/V2-200x150.jpg 200w, https:\/\/web.quotidianopiemontese.it\/cultura-arte-e-spettacolo-a-torino\/files\/2021\/10\/V2.jpg 2048w\" sizes=\"auto, (max-width: 300px) 85vw, 300px\" \/><\/a><\/p>\n<p><strong><em>3V<\/em><\/strong> di <strong>Lisa Fontana<\/strong> e <strong>Monica Oddone,<\/strong> \u00e8 una <strong>fascia di tessuto<\/strong> realizzata tramite un telaio manuale a 4 licci con l\u2019utilizzo di filati naturali e sostenibili, che intende promuovere il recupero delle bottiglie di vetro e plastica e la loro trasformazione in vasi; <strong>L\u2019occhio di <\/strong><strong>Gea, <\/strong>di <strong>Chiara Ferraris <\/strong>e <strong>Andrea Vecera, <\/strong>\u00e8 una <strong>lampada <\/strong>realizzata sfruttando l\u2019espressivit\u00e0 e la trasparenza del vetro attraverso la termofusione dei singoli elementi, schegge di vetro colorate provenienti da scarti di lavorazione;<\/p>\n<p><a href=\"http:\/\/web.quotidianopiemontese.it\/cultura-arte-e-spettacolo-a-torino\/files\/2021\/10\/V6.jpg\"><img loading=\"lazy\" decoding=\"async\" class=\"alignnone size-medium wp-image-866\" src=\"http:\/\/web.quotidianopiemontese.it\/cultura-arte-e-spettacolo-a-torino\/files\/2021\/10\/V6-225x300.jpg\" alt=\"\" width=\"225\" height=\"300\" srcset=\"https:\/\/web.quotidianopiemontese.it\/cultura-arte-e-spettacolo-a-torino\/files\/2021\/10\/V6-225x300.jpg 225w, https:\/\/web.quotidianopiemontese.it\/cultura-arte-e-spettacolo-a-torino\/files\/2021\/10\/V6-768x1024.jpg 768w, https:\/\/web.quotidianopiemontese.it\/cultura-arte-e-spettacolo-a-torino\/files\/2021\/10\/V6.jpg 1536w\" sizes=\"auto, (max-width: 225px) 85vw, 225px\" \/><\/a><\/p>\n<p><strong>Night &amp; Day <\/strong>di <strong>Claudio Rizzolo <\/strong>e<strong> Andrea Scarpellini, <\/strong>\u00e8 un progetto ispirato alle opere di Maurits Cornelis Escher, una <strong>scultura <\/strong>nata per vivere in ambienti interni ed esterni, che si fonde con la natura e la accoglie dentro di s\u00e9 illuminandola e facendola crescere al proprio interno; <strong>SOLL(I)EVAMI<\/strong> di <strong>Nadia Zanconi <\/strong>ed <strong>Ettore Balbo<\/strong>, \u00e8 un <strong>complemento funzionale, <\/strong>posizionato all\u2019ingresso di casa, che pu\u00f2 contenere tutto ci\u00f2 che viene utilizzato all\u2019aria aperta, a cominciare dalle bici;<\/p>\n<p><a href=\"http:\/\/web.quotidianopiemontese.it\/cultura-arte-e-spettacolo-a-torino\/files\/2021\/10\/Occhio-di-Gea.jpg\"><img loading=\"lazy\" decoding=\"async\" class=\"alignnone size-medium wp-image-867\" src=\"http:\/\/web.quotidianopiemontese.it\/cultura-arte-e-spettacolo-a-torino\/files\/2021\/10\/Occhio-di-Gea-225x300.jpg\" alt=\"\" width=\"225\" height=\"300\" srcset=\"https:\/\/web.quotidianopiemontese.it\/cultura-arte-e-spettacolo-a-torino\/files\/2021\/10\/Occhio-di-Gea-225x300.jpg 225w, https:\/\/web.quotidianopiemontese.it\/cultura-arte-e-spettacolo-a-torino\/files\/2021\/10\/Occhio-di-Gea-768x1024.jpg 768w, https:\/\/web.quotidianopiemontese.it\/cultura-arte-e-spettacolo-a-torino\/files\/2021\/10\/Occhio-di-Gea.jpg 1536w\" sizes=\"auto, (max-width: 225px) 85vw, 225px\" \/><\/a><\/p>\n<p>le <strong>scarpe Camaleo,<\/strong> di <strong>Giancarlo Berardinelli <\/strong>e <strong>Francesco Mansueto, <\/strong>offrono la possibilit\u00e0 di produrre e stampare con una propria stampante 3D suole diverse con caratteristiche e colori differenti; infine <strong>Rinascita,<\/strong> di <strong>Roberto Basso, Laura Cerabona <\/strong>e<strong> Roberta Caputi, <\/strong>\u00e8 una <strong>scultura luminosa<\/strong> in cui la particolare \u201cluce artistica\u201d del neon, modellata da un esperto maestro soffiatore, fa da protagonista sensoriale, nonch\u00e9 visiva, la base \u00e8 un ceppo ramoso di fico, simbolo della Vita, e la luce bianca fondendosi con quella rossa danno forma ad un cuore stilizzato che raffigura la Rinascita.<\/p>\n<p>&nbsp;<\/p>\n<blockquote class=\"wp-embedded-content\" data-secret=\"pFdQdOy97z\"><p><a href=\"https:\/\/www.labcube.it\/\">HOME<\/a><\/p><\/blockquote>\n<p><iframe loading=\"lazy\" class=\"wp-embedded-content\" sandbox=\"allow-scripts\" security=\"restricted\" style=\"position: absolute; clip: rect(1px, 1px, 1px, 1px);\" title=\"&#8220;HOME&#8221; &#8212; LABCUBE\" src=\"https:\/\/www.labcube.it\/embed\/#?secret=pFdQdOy97z\" data-secret=\"pFdQdOy97z\" width=\"600\" height=\"338\" frameborder=\"0\" marginwidth=\"0\" marginheight=\"0\" scrolling=\"no\"><\/iframe><\/p>\n<p>http:\/\/www.lavenaria.it\/it\/mostre\/labcube-reale-green<\/p>\n<p><strong>Emanuele Rebuffini<\/strong><\/p>\n<p><em>\u00a0<\/em><\/p>\n<p>&nbsp;<\/p>\n","protected":false},"excerpt":{"rendered":"<p>Dieci prototipi realizzati da altrettanti gruppi di lavoro formati da artigiani e designer, che si sono cimentati con vari medium espressivi (carta, ceramica, ferro, tessuti, ecc.), dando vita a suggestivi oggetti che interpretano con sguardi differenti il tema del \u201cgreen\u201d.<\/p>\n","protected":false},"author":1361,"featured_media":859,"comment_status":"open","ping_status":"open","sticky":false,"template":"","format":"standard","meta":{"footnotes":""},"categories":[1],"tags":[193,192,167],"class_list":["post-856","post","type-post","status-publish","format-standard","has-post-thumbnail","hentry","category-cultura-arte-spettacolo","tag-confartigianato-torino","tag-labcuberealegreen","tag-reggia-di-venaria-reale"],"yoast_head":"<!-- This site is optimized with the Yoast SEO plugin v27.1.1 - https:\/\/yoast.com\/product\/yoast-seo-wordpress\/ -->\n<title>LabcubeReale#Green. Alla Reggia di Venaria un compendio del \u201cbello\u201d e del \u201cben fatto\u201d - 22 Ottobre 2021<\/title>\n<meta name=\"description\" content=\"LabcubeReale#Green. Alla Reggia di Venaria un compendio del \u201cbello\u201d e del \u201cben fatto\u201d - Cultura, Arte e Spettacolo a Torino - Dieci prototipi realizzati da altrettanti gruppi di lavoro formati da artigiani e designer, che si sono cimentati con vari medium espressivi (carta, - Confartigianato Torino, LabcubeReale#Green, Reggia di Venaria Reale\" \/>\n<meta name=\"robots\" content=\"index, follow, max-snippet:-1, max-image-preview:large, max-video-preview:-1\" \/>\n<link rel=\"canonical\" href=\"http:\/\/web.quotidianopiemontese.it\/cultura-arte-e-spettacolo-a-torino\/labcuberealegreen-alla-reggia-venaria-un-compendio-del-bello-del-ben\/\" \/>\n<meta property=\"og:locale\" content=\"it_IT\" \/>\n<meta property=\"og:type\" content=\"article\" \/>\n<meta property=\"og:title\" content=\"LabcubeReale#Green. Alla Reggia di Venaria un compendio del \u201cbello\u201d e del \u201cben fatto\u201d - 22 Ottobre 2021\" \/>\n<meta property=\"og:description\" content=\"LabcubeReale#Green. Alla Reggia di Venaria un compendio del \u201cbello\u201d e del \u201cben fatto\u201d - Cultura, Arte e Spettacolo a Torino - Dieci prototipi realizzati da altrettanti gruppi di lavoro formati da artigiani e designer, che si sono cimentati con vari medium espressivi (carta, - Confartigianato Torino, LabcubeReale#Green, Reggia di Venaria Reale\" \/>\n<meta property=\"og:url\" content=\"http:\/\/web.quotidianopiemontese.it\/cultura-arte-e-spettacolo-a-torino\/labcuberealegreen-alla-reggia-venaria-un-compendio-del-bello-del-ben\/\" \/>\n<meta property=\"og:site_name\" content=\"Cultura, Arte e Spettacolo a Torino\" \/>\n<meta property=\"article:publisher\" content=\"https:\/\/www.facebook.com\/quotidianopiemontese?fref=ts\" \/>\n<meta property=\"article:published_time\" content=\"2021-10-22T09:59:19+00:00\" \/>\n<meta property=\"article:modified_time\" content=\"2021-10-22T10:06:28+00:00\" \/>\n<meta property=\"og:image\" content=\"http:\/\/web.quotidianopiemontese.it\/cultura-arte-e-spettacolo-a-torino\/files\/2021\/10\/CAPPELLO_SCULTURA.jpg\" \/>\n\t<meta property=\"og:image:width\" content=\"2048\" \/>\n\t<meta property=\"og:image:height\" content=\"1536\" \/>\n\t<meta property=\"og:image:type\" content=\"image\/jpeg\" \/>\n<meta name=\"author\" content=\"Emanuele Rebuffini\" \/>\n<meta name=\"twitter:label1\" content=\"Scritto da\" \/>\n\t<meta name=\"twitter:data1\" content=\"Emanuele Rebuffini\" \/>\n\t<meta name=\"twitter:label2\" content=\"Tempo di lettura stimato\" \/>\n\t<meta name=\"twitter:data2\" content=\"4 minuti\" \/>\n<script type=\"application\/ld+json\" class=\"yoast-schema-graph\">{\"@context\":\"https:\/\/schema.org\",\"@graph\":[{\"@type\":\"Article\",\"@id\":\"http:\/\/web.quotidianopiemontese.it\/cultura-arte-e-spettacolo-a-torino\/labcuberealegreen-alla-reggia-venaria-un-compendio-del-bello-del-ben\/#article\",\"isPartOf\":{\"@id\":\"http:\/\/web.quotidianopiemontese.it\/cultura-arte-e-spettacolo-a-torino\/labcuberealegreen-alla-reggia-venaria-un-compendio-del-bello-del-ben\/\"},\"author\":{\"name\":\"Emanuele Rebuffini\",\"@id\":\"https:\/\/web.quotidianopiemontese.it\/cultura-arte-e-spettacolo-a-torino\/#\/schema\/person\/b035109a4cc7d3e93911b78d8cebf3a0\"},\"headline\":\"LabcubeReale#Green. Alla Reggia di Venaria un compendio del \u201cbello\u201d e del \u201cben fatto\u201d\",\"datePublished\":\"2021-10-22T09:59:19+00:00\",\"dateModified\":\"2021-10-22T10:06:28+00:00\",\"mainEntityOfPage\":{\"@id\":\"http:\/\/web.quotidianopiemontese.it\/cultura-arte-e-spettacolo-a-torino\/labcuberealegreen-alla-reggia-venaria-un-compendio-del-bello-del-ben\/\"},\"wordCount\":764,\"commentCount\":0,\"image\":{\"@id\":\"http:\/\/web.quotidianopiemontese.it\/cultura-arte-e-spettacolo-a-torino\/labcuberealegreen-alla-reggia-venaria-un-compendio-del-bello-del-ben\/#primaryimage\"},\"thumbnailUrl\":\"https:\/\/web.quotidianopiemontese.it\/cultura-arte-e-spettacolo-a-torino\/files\/2021\/10\/CAPPELLO_SCULTURA.jpg\",\"keywords\":[\"Confartigianato Torino\",\"LabcubeReale#Green\",\"Reggia di Venaria Reale\"],\"articleSection\":[\"Cultura, arte, spettacolo\"],\"inLanguage\":\"it-IT\",\"potentialAction\":[{\"@type\":\"CommentAction\",\"name\":\"Comment\",\"target\":[\"http:\/\/web.quotidianopiemontese.it\/cultura-arte-e-spettacolo-a-torino\/labcuberealegreen-alla-reggia-venaria-un-compendio-del-bello-del-ben\/#respond\"]}]},{\"@type\":\"WebPage\",\"@id\":\"http:\/\/web.quotidianopiemontese.it\/cultura-arte-e-spettacolo-a-torino\/labcuberealegreen-alla-reggia-venaria-un-compendio-del-bello-del-ben\/\",\"url\":\"http:\/\/web.quotidianopiemontese.it\/cultura-arte-e-spettacolo-a-torino\/labcuberealegreen-alla-reggia-venaria-un-compendio-del-bello-del-ben\/\",\"name\":\"LabcubeReale#Green. Alla Reggia di Venaria un compendio del \u201cbello\u201d e del \u201cben fatto\u201d - 22 Ottobre 2021\",\"isPartOf\":{\"@id\":\"https:\/\/web.quotidianopiemontese.it\/cultura-arte-e-spettacolo-a-torino\/#website\"},\"primaryImageOfPage\":{\"@id\":\"http:\/\/web.quotidianopiemontese.it\/cultura-arte-e-spettacolo-a-torino\/labcuberealegreen-alla-reggia-venaria-un-compendio-del-bello-del-ben\/#primaryimage\"},\"image\":{\"@id\":\"http:\/\/web.quotidianopiemontese.it\/cultura-arte-e-spettacolo-a-torino\/labcuberealegreen-alla-reggia-venaria-un-compendio-del-bello-del-ben\/#primaryimage\"},\"thumbnailUrl\":\"https:\/\/web.quotidianopiemontese.it\/cultura-arte-e-spettacolo-a-torino\/files\/2021\/10\/CAPPELLO_SCULTURA.jpg\",\"datePublished\":\"2021-10-22T09:59:19+00:00\",\"dateModified\":\"2021-10-22T10:06:28+00:00\",\"author\":{\"@id\":\"https:\/\/web.quotidianopiemontese.it\/cultura-arte-e-spettacolo-a-torino\/#\/schema\/person\/b035109a4cc7d3e93911b78d8cebf3a0\"},\"description\":\"LabcubeReale#Green. Alla Reggia di Venaria un compendio del \u201cbello\u201d e del \u201cben fatto\u201d - Cultura, Arte e Spettacolo a Torino - Dieci prototipi realizzati da altrettanti gruppi di lavoro formati da artigiani e designer, che si sono cimentati con vari medium espressivi (carta, - Confartigianato Torino, LabcubeReale#Green, Reggia di Venaria Reale\",\"inLanguage\":\"it-IT\",\"potentialAction\":[{\"@type\":\"ReadAction\",\"target\":[\"http:\/\/web.quotidianopiemontese.it\/cultura-arte-e-spettacolo-a-torino\/labcuberealegreen-alla-reggia-venaria-un-compendio-del-bello-del-ben\/\"]}]},{\"@type\":\"ImageObject\",\"inLanguage\":\"it-IT\",\"@id\":\"http:\/\/web.quotidianopiemontese.it\/cultura-arte-e-spettacolo-a-torino\/labcuberealegreen-alla-reggia-venaria-un-compendio-del-bello-del-ben\/#primaryimage\",\"url\":\"https:\/\/web.quotidianopiemontese.it\/cultura-arte-e-spettacolo-a-torino\/files\/2021\/10\/CAPPELLO_SCULTURA.jpg\",\"contentUrl\":\"https:\/\/web.quotidianopiemontese.it\/cultura-arte-e-spettacolo-a-torino\/files\/2021\/10\/CAPPELLO_SCULTURA.jpg\",\"width\":2048,\"height\":1536},{\"@type\":\"WebSite\",\"@id\":\"https:\/\/web.quotidianopiemontese.it\/cultura-arte-e-spettacolo-a-torino\/#website\",\"url\":\"https:\/\/web.quotidianopiemontese.it\/cultura-arte-e-spettacolo-a-torino\/\",\"name\":\"Cultura, Arte e Spettacolo a Torino\",\"description\":\"Quotidiano Piemontese\",\"potentialAction\":[{\"@type\":\"SearchAction\",\"target\":{\"@type\":\"EntryPoint\",\"urlTemplate\":\"https:\/\/web.quotidianopiemontese.it\/cultura-arte-e-spettacolo-a-torino\/?s={search_term_string}\"},\"query-input\":{\"@type\":\"PropertyValueSpecification\",\"valueRequired\":true,\"valueName\":\"search_term_string\"}}],\"inLanguage\":\"it-IT\"},{\"@type\":\"Person\",\"@id\":\"https:\/\/web.quotidianopiemontese.it\/cultura-arte-e-spettacolo-a-torino\/#\/schema\/person\/b035109a4cc7d3e93911b78d8cebf3a0\",\"name\":\"Emanuele Rebuffini\",\"image\":{\"@type\":\"ImageObject\",\"inLanguage\":\"it-IT\",\"@id\":\"https:\/\/web.quotidianopiemontese.it\/cultura-arte-e-spettacolo-a-torino\/#\/schema\/person\/image\/\",\"url\":\"https:\/\/secure.gravatar.com\/avatar\/519a0a38be4cbbcf40fb5bc1b1173a85af291a3a8697df454a94ad7e05574628?s=96&d=mm&r=g\",\"contentUrl\":\"https:\/\/secure.gravatar.com\/avatar\/519a0a38be4cbbcf40fb5bc1b1173a85af291a3a8697df454a94ad7e05574628?s=96&d=mm&r=g\",\"caption\":\"Emanuele Rebuffini\"},\"sameAs\":[\"http:\/\/www.quotidianopiemontese.it\/cultura-arte-e-spettacolo-a-torino\/\"],\"url\":\"https:\/\/web.quotidianopiemontese.it\/cultura-arte-e-spettacolo-a-torino\/author\/emanuelerebuffini\/\"}]}<\/script>\n<!-- \/ Yoast SEO plugin. -->","yoast_head_json":{"title":"LabcubeReale#Green. Alla Reggia di Venaria un compendio del \u201cbello\u201d e del \u201cben fatto\u201d - 22 Ottobre 2021","description":"LabcubeReale#Green. Alla Reggia di Venaria un compendio del \u201cbello\u201d e del \u201cben fatto\u201d - Cultura, Arte e Spettacolo a Torino - Dieci prototipi realizzati da altrettanti gruppi di lavoro formati da artigiani e designer, che si sono cimentati con vari medium espressivi (carta, - Confartigianato Torino, LabcubeReale#Green, Reggia di Venaria Reale","robots":{"index":"index","follow":"follow","max-snippet":"max-snippet:-1","max-image-preview":"max-image-preview:large","max-video-preview":"max-video-preview:-1"},"canonical":"http:\/\/web.quotidianopiemontese.it\/cultura-arte-e-spettacolo-a-torino\/labcuberealegreen-alla-reggia-venaria-un-compendio-del-bello-del-ben\/","og_locale":"it_IT","og_type":"article","og_title":"LabcubeReale#Green. Alla Reggia di Venaria un compendio del \u201cbello\u201d e del \u201cben fatto\u201d - 22 Ottobre 2021","og_description":"LabcubeReale#Green. Alla Reggia di Venaria un compendio del \u201cbello\u201d e del \u201cben fatto\u201d - Cultura, Arte e Spettacolo a Torino - Dieci prototipi realizzati da altrettanti gruppi di lavoro formati da artigiani e designer, che si sono cimentati con vari medium espressivi (carta, - Confartigianato Torino, LabcubeReale#Green, Reggia di Venaria Reale","og_url":"http:\/\/web.quotidianopiemontese.it\/cultura-arte-e-spettacolo-a-torino\/labcuberealegreen-alla-reggia-venaria-un-compendio-del-bello-del-ben\/","og_site_name":"Cultura, Arte e Spettacolo a Torino","article_publisher":"https:\/\/www.facebook.com\/quotidianopiemontese?fref=ts","article_published_time":"2021-10-22T09:59:19+00:00","article_modified_time":"2021-10-22T10:06:28+00:00","og_image":[{"width":2048,"height":1536,"url":"http:\/\/web.quotidianopiemontese.it\/cultura-arte-e-spettacolo-a-torino\/files\/2021\/10\/CAPPELLO_SCULTURA.jpg","type":"image\/jpeg"}],"author":"Emanuele Rebuffini","twitter_misc":{"Scritto da":"Emanuele Rebuffini","Tempo di lettura stimato":"4 minuti"},"schema":{"@context":"https:\/\/schema.org","@graph":[{"@type":"Article","@id":"http:\/\/web.quotidianopiemontese.it\/cultura-arte-e-spettacolo-a-torino\/labcuberealegreen-alla-reggia-venaria-un-compendio-del-bello-del-ben\/#article","isPartOf":{"@id":"http:\/\/web.quotidianopiemontese.it\/cultura-arte-e-spettacolo-a-torino\/labcuberealegreen-alla-reggia-venaria-un-compendio-del-bello-del-ben\/"},"author":{"name":"Emanuele Rebuffini","@id":"https:\/\/web.quotidianopiemontese.it\/cultura-arte-e-spettacolo-a-torino\/#\/schema\/person\/b035109a4cc7d3e93911b78d8cebf3a0"},"headline":"LabcubeReale#Green. Alla Reggia di Venaria un compendio del \u201cbello\u201d e del \u201cben fatto\u201d","datePublished":"2021-10-22T09:59:19+00:00","dateModified":"2021-10-22T10:06:28+00:00","mainEntityOfPage":{"@id":"http:\/\/web.quotidianopiemontese.it\/cultura-arte-e-spettacolo-a-torino\/labcuberealegreen-alla-reggia-venaria-un-compendio-del-bello-del-ben\/"},"wordCount":764,"commentCount":0,"image":{"@id":"http:\/\/web.quotidianopiemontese.it\/cultura-arte-e-spettacolo-a-torino\/labcuberealegreen-alla-reggia-venaria-un-compendio-del-bello-del-ben\/#primaryimage"},"thumbnailUrl":"https:\/\/web.quotidianopiemontese.it\/cultura-arte-e-spettacolo-a-torino\/files\/2021\/10\/CAPPELLO_SCULTURA.jpg","keywords":["Confartigianato Torino","LabcubeReale#Green","Reggia di Venaria Reale"],"articleSection":["Cultura, arte, spettacolo"],"inLanguage":"it-IT","potentialAction":[{"@type":"CommentAction","name":"Comment","target":["http:\/\/web.quotidianopiemontese.it\/cultura-arte-e-spettacolo-a-torino\/labcuberealegreen-alla-reggia-venaria-un-compendio-del-bello-del-ben\/#respond"]}]},{"@type":"WebPage","@id":"http:\/\/web.quotidianopiemontese.it\/cultura-arte-e-spettacolo-a-torino\/labcuberealegreen-alla-reggia-venaria-un-compendio-del-bello-del-ben\/","url":"http:\/\/web.quotidianopiemontese.it\/cultura-arte-e-spettacolo-a-torino\/labcuberealegreen-alla-reggia-venaria-un-compendio-del-bello-del-ben\/","name":"LabcubeReale#Green. Alla Reggia di Venaria un compendio del \u201cbello\u201d e del \u201cben fatto\u201d - 22 Ottobre 2021","isPartOf":{"@id":"https:\/\/web.quotidianopiemontese.it\/cultura-arte-e-spettacolo-a-torino\/#website"},"primaryImageOfPage":{"@id":"http:\/\/web.quotidianopiemontese.it\/cultura-arte-e-spettacolo-a-torino\/labcuberealegreen-alla-reggia-venaria-un-compendio-del-bello-del-ben\/#primaryimage"},"image":{"@id":"http:\/\/web.quotidianopiemontese.it\/cultura-arte-e-spettacolo-a-torino\/labcuberealegreen-alla-reggia-venaria-un-compendio-del-bello-del-ben\/#primaryimage"},"thumbnailUrl":"https:\/\/web.quotidianopiemontese.it\/cultura-arte-e-spettacolo-a-torino\/files\/2021\/10\/CAPPELLO_SCULTURA.jpg","datePublished":"2021-10-22T09:59:19+00:00","dateModified":"2021-10-22T10:06:28+00:00","author":{"@id":"https:\/\/web.quotidianopiemontese.it\/cultura-arte-e-spettacolo-a-torino\/#\/schema\/person\/b035109a4cc7d3e93911b78d8cebf3a0"},"description":"LabcubeReale#Green. Alla Reggia di Venaria un compendio del \u201cbello\u201d e del \u201cben fatto\u201d - Cultura, Arte e Spettacolo a Torino - Dieci prototipi realizzati da altrettanti gruppi di lavoro formati da artigiani e designer, che si sono cimentati con vari medium espressivi (carta, - Confartigianato Torino, LabcubeReale#Green, Reggia di Venaria Reale","inLanguage":"it-IT","potentialAction":[{"@type":"ReadAction","target":["http:\/\/web.quotidianopiemontese.it\/cultura-arte-e-spettacolo-a-torino\/labcuberealegreen-alla-reggia-venaria-un-compendio-del-bello-del-ben\/"]}]},{"@type":"ImageObject","inLanguage":"it-IT","@id":"http:\/\/web.quotidianopiemontese.it\/cultura-arte-e-spettacolo-a-torino\/labcuberealegreen-alla-reggia-venaria-un-compendio-del-bello-del-ben\/#primaryimage","url":"https:\/\/web.quotidianopiemontese.it\/cultura-arte-e-spettacolo-a-torino\/files\/2021\/10\/CAPPELLO_SCULTURA.jpg","contentUrl":"https:\/\/web.quotidianopiemontese.it\/cultura-arte-e-spettacolo-a-torino\/files\/2021\/10\/CAPPELLO_SCULTURA.jpg","width":2048,"height":1536},{"@type":"WebSite","@id":"https:\/\/web.quotidianopiemontese.it\/cultura-arte-e-spettacolo-a-torino\/#website","url":"https:\/\/web.quotidianopiemontese.it\/cultura-arte-e-spettacolo-a-torino\/","name":"Cultura, Arte e Spettacolo a Torino","description":"Quotidiano Piemontese","potentialAction":[{"@type":"SearchAction","target":{"@type":"EntryPoint","urlTemplate":"https:\/\/web.quotidianopiemontese.it\/cultura-arte-e-spettacolo-a-torino\/?s={search_term_string}"},"query-input":{"@type":"PropertyValueSpecification","valueRequired":true,"valueName":"search_term_string"}}],"inLanguage":"it-IT"},{"@type":"Person","@id":"https:\/\/web.quotidianopiemontese.it\/cultura-arte-e-spettacolo-a-torino\/#\/schema\/person\/b035109a4cc7d3e93911b78d8cebf3a0","name":"Emanuele Rebuffini","image":{"@type":"ImageObject","inLanguage":"it-IT","@id":"https:\/\/web.quotidianopiemontese.it\/cultura-arte-e-spettacolo-a-torino\/#\/schema\/person\/image\/","url":"https:\/\/secure.gravatar.com\/avatar\/519a0a38be4cbbcf40fb5bc1b1173a85af291a3a8697df454a94ad7e05574628?s=96&d=mm&r=g","contentUrl":"https:\/\/secure.gravatar.com\/avatar\/519a0a38be4cbbcf40fb5bc1b1173a85af291a3a8697df454a94ad7e05574628?s=96&d=mm&r=g","caption":"Emanuele Rebuffini"},"sameAs":["http:\/\/www.quotidianopiemontese.it\/cultura-arte-e-spettacolo-a-torino\/"],"url":"https:\/\/web.quotidianopiemontese.it\/cultura-arte-e-spettacolo-a-torino\/author\/emanuelerebuffini\/"}]}},"_links":{"self":[{"href":"https:\/\/web.quotidianopiemontese.it\/cultura-arte-e-spettacolo-a-torino\/wp-json\/wp\/v2\/posts\/856","targetHints":{"allow":["GET"]}}],"collection":[{"href":"https:\/\/web.quotidianopiemontese.it\/cultura-arte-e-spettacolo-a-torino\/wp-json\/wp\/v2\/posts"}],"about":[{"href":"https:\/\/web.quotidianopiemontese.it\/cultura-arte-e-spettacolo-a-torino\/wp-json\/wp\/v2\/types\/post"}],"author":[{"embeddable":true,"href":"https:\/\/web.quotidianopiemontese.it\/cultura-arte-e-spettacolo-a-torino\/wp-json\/wp\/v2\/users\/1361"}],"replies":[{"embeddable":true,"href":"https:\/\/web.quotidianopiemontese.it\/cultura-arte-e-spettacolo-a-torino\/wp-json\/wp\/v2\/comments?post=856"}],"version-history":[{"count":0,"href":"https:\/\/web.quotidianopiemontese.it\/cultura-arte-e-spettacolo-a-torino\/wp-json\/wp\/v2\/posts\/856\/revisions"}],"wp:featuredmedia":[{"embeddable":true,"href":"https:\/\/web.quotidianopiemontese.it\/cultura-arte-e-spettacolo-a-torino\/wp-json\/wp\/v2\/media\/859"}],"wp:attachment":[{"href":"https:\/\/web.quotidianopiemontese.it\/cultura-arte-e-spettacolo-a-torino\/wp-json\/wp\/v2\/media?parent=856"}],"wp:term":[{"taxonomy":"category","embeddable":true,"href":"https:\/\/web.quotidianopiemontese.it\/cultura-arte-e-spettacolo-a-torino\/wp-json\/wp\/v2\/categories?post=856"},{"taxonomy":"post_tag","embeddable":true,"href":"https:\/\/web.quotidianopiemontese.it\/cultura-arte-e-spettacolo-a-torino\/wp-json\/wp\/v2\/tags?post=856"}],"curies":[{"name":"wp","href":"https:\/\/api.w.org\/{rel}","templated":true}]}}