{"id":83,"date":"2018-01-08T13:15:45","date_gmt":"2018-01-08T12:15:45","guid":{"rendered":"http:\/\/www.quotidianopiemontese.it\/cultura-arte-e-spettacolo-a-torino\/?p=83"},"modified":"2018-01-08T13:15:45","modified_gmt":"2018-01-08T12:15:45","slug":"jazz-uri-caine-al-conservatorio-piano-solo","status":"publish","type":"post","link":"https:\/\/web.quotidianopiemontese.it\/cultura-arte-e-spettacolo-a-torino\/jazz-uri-caine-al-conservatorio-piano-solo\/","title":{"rendered":"Jazz: Uri Caine al Conservatorio con \u201cPiano Solo\u201d"},"content":{"rendered":"<p>A due mesi dal concerto al Folkclub, <strong>Uri Caine<\/strong> torna a Torino <strong>sabato 13 gennaio<\/strong>, e questa volta a far da cornice al concerto <strong>\u201cPiano Solo\u201d<\/strong> sar\u00e0 il <strong>Conservatorio Giuseppe Verdi. <\/strong><\/p>\n<p><!--more--><\/p>\n<p>Nato a Philadelphia nel 1956 in una colta famiglia della borghesia ebraica, <strong>Uri Caine<\/strong> \u00e8 uno dei personaggi di maggiore rilievo del jazz contemporaneo, nonch\u00e9 uno tra i pi\u00f9 originali e poliedrici jazzisti in circolazione.<\/p>\n<p>Il pianista, compositore ed arrangiatore americano ha saputo portare alle estreme conseguenze l\u2019estetica meticcia del jazz, intrecciandolo con la musica <em>klezmer<\/em> e l\u2019elettronica ma soprattutto attraverso prodigiose riletture del repertorio classico. La commistione di jazz e classica non \u00e8 certo una novit\u00e0 ma l\u2019approccio di <strong>Uri Caine<\/strong> \u00e8 particolarmente originale: non soltanto la reinterpretazione della musica di grandi compositori del passato quali Mahler, Bach, Beethoven o Vivaldi, ma una vera e propria riscrittura, che attualizza quella musica e la adegua al contesto moderno in cui viene eseguita.<\/p>\n<p><a href=\"http:\/\/www.quotidianopiemontese.it\/cultura-arte-e-spettacolo-a-torino\/files\/2018\/01\/uri_caine_03_torino2015.jpg\"><img loading=\"lazy\" decoding=\"async\" class=\"alignnone size-medium wp-image-85\" src=\"http:\/\/www.quotidianopiemontese.it\/cultura-arte-e-spettacolo-a-torino\/files\/2018\/01\/uri_caine_03_torino2015-225x300.jpg\" alt=\"\" width=\"225\" height=\"300\" srcset=\"https:\/\/web.quotidianopiemontese.it\/cultura-arte-e-spettacolo-a-torino\/files\/2018\/01\/uri_caine_03_torino2015-225x300.jpg 225w, https:\/\/web.quotidianopiemontese.it\/cultura-arte-e-spettacolo-a-torino\/files\/2018\/01\/uri_caine_03_torino2015.jpg 600w\" sizes=\"auto, (max-width: 225px) 85vw, 225px\" \/><\/a><\/p>\n<p>\u00abMolti dei miei interessi nascono dalle tante culture musicali che ho frequentato crescendo a Filadelfia \u2013 racconta <strong>Uri Caine<\/strong> in una recente intervista sul quotidiano <em>La Repubblica<\/em> &#8211; Da piccolo ho iniziato col piano classico, a 12 anni ho scoperto Miles e Coltrane e intanto approfondivo tutti gli aspetti di composizione e improvvisazione, di storia della classica e del jazz. Anche il piano \u00e8 stato decisivo, uno strumento onnipresente che lega le esperienze con cui mi son formato: suonavo jazz e standard con gruppi e big band, ma anche R&amp;B e funk ai party, salsa, musica brasiliana, improvvisazione totale, musica per balletto e spettacoli stile Broadway, con cori classici e gospel. Piano e tastiere elettriche furono il mio passaporto per tutti quei mondi diversi fra loro nei quali riuscivo sempre a farmi accettare. Sono cresciuto in una famiglia in cui, per impararlo, si parlava solo ebraico. Sebbene non fossero religiosi, i miei mi portavano alla sinagoga per sentire i cantori e a casa ascoltavano musiche sefardite e yemenite incise in Israele, di fatto musica araba cantata in ebraico. E cos\u00ec tutto ci\u00f2 \u00e8 entrato nel mio primo DNA musicale\u00bb.<\/p>\n<p><a href=\"http:\/\/www.quotidianopiemontese.it\/cultura-arte-e-spettacolo-a-torino\/files\/2018\/01\/uri_caine_01_torino2015.jpg\"><img loading=\"lazy\" decoding=\"async\" class=\"alignnone size-medium wp-image-86\" src=\"http:\/\/www.quotidianopiemontese.it\/cultura-arte-e-spettacolo-a-torino\/files\/2018\/01\/uri_caine_01_torino2015-225x300.jpg\" alt=\"\" width=\"225\" height=\"300\" srcset=\"https:\/\/web.quotidianopiemontese.it\/cultura-arte-e-spettacolo-a-torino\/files\/2018\/01\/uri_caine_01_torino2015-225x300.jpg 225w, https:\/\/web.quotidianopiemontese.it\/cultura-arte-e-spettacolo-a-torino\/files\/2018\/01\/uri_caine_01_torino2015.jpg 600w\" sizes=\"auto, (max-width: 225px) 85vw, 225px\" \/><\/a><\/p>\n<p>Dal suo trasferimento a New York nel 1985, <strong>Uri Caine<\/strong> ha pubblicato pi\u00f9 di 30 album e collezionato innumerevoli e prestigiose collaborazioni con protagonisti del jazz e della musica classica internazionali, nonch\u00e9 una nomination ai <strong>Grammy<\/strong> nel 2009 con l\u2019album <em>Othello Syndrome. <\/em>Nel 2003 ha diretto la sezione Musica della <strong>Biennale di Venezia<\/strong>. Tra i suoi album pi\u00f9 recenti il disco in duo con il batterista Han Bennink,<em> Sonic Boom<\/em> (2013), uno in sestetto interamente dedicato a George Gershwin <em>Rhapsody in Blue<\/em> (2013), un piano solo, <em>Callithump<\/em> (2014), e i pi\u00f9 recenti <em>Calibrated Tickness<\/em> (2016), in trio con Mark Helias e Clarence Penn e <em>Space Kiss<\/em>, registrato con il Lutoslawski String Quartet.<\/p>\n<div id='gallery-1' class='gallery galleryid-83 gallery-columns-3 gallery-size-thumbnail'><figure class='gallery-item'>\n\t\t\t<div class='gallery-icon portrait'>\n\t\t\t\t<a href='https:\/\/web.quotidianopiemontese.it\/cultura-arte-e-spettacolo-a-torino\/jazz-uri-caine-al-conservatorio-piano-solo\/uri_caine_13-01-20181\/'><img loading=\"lazy\" decoding=\"async\" width=\"150\" height=\"150\" src=\"https:\/\/web.quotidianopiemontese.it\/cultura-arte-e-spettacolo-a-torino\/files\/2018\/01\/Uri_Caine_13.01.20181-150x150.jpg\" class=\"attachment-thumbnail size-thumbnail\" alt=\"\" srcset=\"https:\/\/web.quotidianopiemontese.it\/cultura-arte-e-spettacolo-a-torino\/files\/2018\/01\/Uri_Caine_13.01.20181-150x150.jpg 150w, https:\/\/web.quotidianopiemontese.it\/cultura-arte-e-spettacolo-a-torino\/files\/2018\/01\/Uri_Caine_13.01.20181-200x200.jpg 200w, https:\/\/web.quotidianopiemontese.it\/cultura-arte-e-spettacolo-a-torino\/files\/2018\/01\/Uri_Caine_13.01.20181-100x100.jpg 100w, https:\/\/web.quotidianopiemontese.it\/cultura-arte-e-spettacolo-a-torino\/files\/2018\/01\/Uri_Caine_13.01.20181-80x80.jpg 80w, https:\/\/web.quotidianopiemontese.it\/cultura-arte-e-spettacolo-a-torino\/files\/2018\/01\/Uri_Caine_13.01.20181-400x400.jpg 400w\" sizes=\"auto, (max-width: 150px) 85vw, 150px\" \/><\/a>\n\t\t\t<\/div><\/figure>\n\t\t<\/div>\n\n<p><a href=\"http:\/\/www.erremusica.it\">http:\/\/www.erremusica.it<\/a><\/p>\n<p>http:\/\/www.uricaine.com<\/p>\n<p><strong>Emanuele Rebuffini<\/strong><\/p>\n","protected":false},"excerpt":{"rendered":"<p>A due mesi dal concerto al Folkclub, Uri Caine torna a Torino sabato 13 gennaio, e questa volta a far da cornice al concerto \u201cPiano Solo\u201d sar\u00e0 il Conservatorio Giuseppe Verdi.<\/p>\n","protected":false},"author":1361,"featured_media":84,"comment_status":"open","ping_status":"open","sticky":false,"template":"","format":"standard","meta":{"footnotes":""},"categories":[1],"tags":[16,14,15,13],"class_list":["post-83","post","type-post","status-publish","format-standard","has-post-thumbnail","hentry","category-cultura-arte-spettacolo","tag-conservatorio-giuseppe-verdi","tag-jazz","tag-piano-solo","tag-uri-caine"],"yoast_head":"<!-- This site is optimized with the Yoast SEO plugin v27.1.1 - https:\/\/yoast.com\/product\/yoast-seo-wordpress\/ -->\n<title>Jazz: Uri Caine al Conservatorio con \u201cPiano Solo\u201d - 8 Gennaio 2018<\/title>\n<meta name=\"description\" content=\"Jazz: Uri Caine al Conservatorio con \u201cPiano Solo\u201d - Cultura, Arte e Spettacolo a Torino - A due mesi dal concerto al Folkclub, Uri Caine torna a Torino sabato 13 gennaio, e questa volta a far da cornice al concerto \u201cPiano Solo\u201d sar\u00e0 il - Conservatorio Giuseppe Verdi, jazz, Piano Solo, Uri Caine\" \/>\n<meta name=\"robots\" content=\"index, follow, max-snippet:-1, max-image-preview:large, max-video-preview:-1\" \/>\n<link rel=\"canonical\" href=\"https:\/\/web.quotidianopiemontese.it\/cultura-arte-e-spettacolo-a-torino\/jazz-uri-caine-al-conservatorio-piano-solo\/\" \/>\n<meta property=\"og:locale\" content=\"it_IT\" \/>\n<meta property=\"og:type\" content=\"article\" \/>\n<meta property=\"og:title\" content=\"Jazz: Uri Caine al Conservatorio con \u201cPiano Solo\u201d - 8 Gennaio 2018\" \/>\n<meta property=\"og:description\" content=\"Jazz: Uri Caine al Conservatorio con \u201cPiano Solo\u201d - Cultura, Arte e Spettacolo a Torino - A due mesi dal concerto al Folkclub, Uri Caine torna a Torino sabato 13 gennaio, e questa volta a far da cornice al concerto \u201cPiano Solo\u201d sar\u00e0 il - Conservatorio Giuseppe Verdi, jazz, Piano Solo, Uri Caine\" \/>\n<meta property=\"og:url\" content=\"https:\/\/web.quotidianopiemontese.it\/cultura-arte-e-spettacolo-a-torino\/jazz-uri-caine-al-conservatorio-piano-solo\/\" \/>\n<meta property=\"og:site_name\" content=\"Cultura, Arte e Spettacolo a Torino\" \/>\n<meta property=\"article:publisher\" content=\"https:\/\/www.facebook.com\/quotidianopiemontese?fref=ts\" \/>\n<meta property=\"article:published_time\" content=\"2018-01-08T12:15:45+00:00\" \/>\n<meta property=\"og:image\" content=\"https:\/\/web.quotidianopiemontese.it\/cultura-arte-e-spettacolo-a-torino\/files\/2018\/01\/4effff5398b13b476604d4d8450bedfd_L.jpg\" \/>\n\t<meta property=\"og:image:width\" content=\"746\" \/>\n\t<meta property=\"og:image:height\" content=\"446\" \/>\n\t<meta property=\"og:image:type\" content=\"image\/jpeg\" \/>\n<meta name=\"author\" content=\"Emanuele Rebuffini\" \/>\n<meta name=\"twitter:label1\" content=\"Scritto da\" \/>\n\t<meta name=\"twitter:data1\" content=\"Emanuele Rebuffini\" \/>\n\t<meta name=\"twitter:label2\" content=\"Tempo di lettura stimato\" \/>\n\t<meta name=\"twitter:data2\" content=\"2 minuti\" \/>\n<script type=\"application\/ld+json\" class=\"yoast-schema-graph\">{\"@context\":\"https:\/\/schema.org\",\"@graph\":[{\"@type\":\"Article\",\"@id\":\"https:\/\/web.quotidianopiemontese.it\/cultura-arte-e-spettacolo-a-torino\/jazz-uri-caine-al-conservatorio-piano-solo\/#article\",\"isPartOf\":{\"@id\":\"https:\/\/web.quotidianopiemontese.it\/cultura-arte-e-spettacolo-a-torino\/jazz-uri-caine-al-conservatorio-piano-solo\/\"},\"author\":{\"name\":\"Emanuele Rebuffini\",\"@id\":\"https:\/\/web.quotidianopiemontese.it\/cultura-arte-e-spettacolo-a-torino\/#\/schema\/person\/b035109a4cc7d3e93911b78d8cebf3a0\"},\"headline\":\"Jazz: Uri Caine al Conservatorio con \u201cPiano Solo\u201d\",\"datePublished\":\"2018-01-08T12:15:45+00:00\",\"mainEntityOfPage\":{\"@id\":\"https:\/\/web.quotidianopiemontese.it\/cultura-arte-e-spettacolo-a-torino\/jazz-uri-caine-al-conservatorio-piano-solo\/\"},\"wordCount\":463,\"commentCount\":0,\"image\":{\"@id\":\"https:\/\/web.quotidianopiemontese.it\/cultura-arte-e-spettacolo-a-torino\/jazz-uri-caine-al-conservatorio-piano-solo\/#primaryimage\"},\"thumbnailUrl\":\"https:\/\/web.quotidianopiemontese.it\/cultura-arte-e-spettacolo-a-torino\/files\/2018\/01\/4effff5398b13b476604d4d8450bedfd_L.jpg\",\"keywords\":[\"Conservatorio Giuseppe Verdi\",\"jazz\",\"Piano Solo\",\"Uri Caine\"],\"articleSection\":[\"Cultura, arte, spettacolo\"],\"inLanguage\":\"it-IT\",\"potentialAction\":[{\"@type\":\"CommentAction\",\"name\":\"Comment\",\"target\":[\"https:\/\/web.quotidianopiemontese.it\/cultura-arte-e-spettacolo-a-torino\/jazz-uri-caine-al-conservatorio-piano-solo\/#respond\"]}]},{\"@type\":\"WebPage\",\"@id\":\"https:\/\/web.quotidianopiemontese.it\/cultura-arte-e-spettacolo-a-torino\/jazz-uri-caine-al-conservatorio-piano-solo\/\",\"url\":\"https:\/\/web.quotidianopiemontese.it\/cultura-arte-e-spettacolo-a-torino\/jazz-uri-caine-al-conservatorio-piano-solo\/\",\"name\":\"Jazz: Uri Caine al Conservatorio con \u201cPiano Solo\u201d - 8 Gennaio 2018\",\"isPartOf\":{\"@id\":\"https:\/\/web.quotidianopiemontese.it\/cultura-arte-e-spettacolo-a-torino\/#website\"},\"primaryImageOfPage\":{\"@id\":\"https:\/\/web.quotidianopiemontese.it\/cultura-arte-e-spettacolo-a-torino\/jazz-uri-caine-al-conservatorio-piano-solo\/#primaryimage\"},\"image\":{\"@id\":\"https:\/\/web.quotidianopiemontese.it\/cultura-arte-e-spettacolo-a-torino\/jazz-uri-caine-al-conservatorio-piano-solo\/#primaryimage\"},\"thumbnailUrl\":\"https:\/\/web.quotidianopiemontese.it\/cultura-arte-e-spettacolo-a-torino\/files\/2018\/01\/4effff5398b13b476604d4d8450bedfd_L.jpg\",\"datePublished\":\"2018-01-08T12:15:45+00:00\",\"author\":{\"@id\":\"https:\/\/web.quotidianopiemontese.it\/cultura-arte-e-spettacolo-a-torino\/#\/schema\/person\/b035109a4cc7d3e93911b78d8cebf3a0\"},\"description\":\"Jazz: Uri Caine al Conservatorio con \u201cPiano Solo\u201d - Cultura, Arte e Spettacolo a Torino - A due mesi dal concerto al Folkclub, Uri Caine torna a Torino sabato 13 gennaio, e questa volta a far da cornice al concerto \u201cPiano Solo\u201d sar\u00e0 il - Conservatorio Giuseppe Verdi, jazz, Piano Solo, Uri Caine\",\"inLanguage\":\"it-IT\",\"potentialAction\":[{\"@type\":\"ReadAction\",\"target\":[\"https:\/\/web.quotidianopiemontese.it\/cultura-arte-e-spettacolo-a-torino\/jazz-uri-caine-al-conservatorio-piano-solo\/\"]}]},{\"@type\":\"ImageObject\",\"inLanguage\":\"it-IT\",\"@id\":\"https:\/\/web.quotidianopiemontese.it\/cultura-arte-e-spettacolo-a-torino\/jazz-uri-caine-al-conservatorio-piano-solo\/#primaryimage\",\"url\":\"https:\/\/web.quotidianopiemontese.it\/cultura-arte-e-spettacolo-a-torino\/files\/2018\/01\/4effff5398b13b476604d4d8450bedfd_L.jpg\",\"contentUrl\":\"https:\/\/web.quotidianopiemontese.it\/cultura-arte-e-spettacolo-a-torino\/files\/2018\/01\/4effff5398b13b476604d4d8450bedfd_L.jpg\",\"width\":746,\"height\":446,\"caption\":\"Sabato 13 gennaio il pianista jazz Uri Caine in concerto al Conservatorio di Torino con \\\"Piano Solo\\\"\"},{\"@type\":\"WebSite\",\"@id\":\"https:\/\/web.quotidianopiemontese.it\/cultura-arte-e-spettacolo-a-torino\/#website\",\"url\":\"https:\/\/web.quotidianopiemontese.it\/cultura-arte-e-spettacolo-a-torino\/\",\"name\":\"Cultura, Arte e Spettacolo a Torino\",\"description\":\"Quotidiano Piemontese\",\"potentialAction\":[{\"@type\":\"SearchAction\",\"target\":{\"@type\":\"EntryPoint\",\"urlTemplate\":\"https:\/\/web.quotidianopiemontese.it\/cultura-arte-e-spettacolo-a-torino\/?s={search_term_string}\"},\"query-input\":{\"@type\":\"PropertyValueSpecification\",\"valueRequired\":true,\"valueName\":\"search_term_string\"}}],\"inLanguage\":\"it-IT\"},{\"@type\":\"Person\",\"@id\":\"https:\/\/web.quotidianopiemontese.it\/cultura-arte-e-spettacolo-a-torino\/#\/schema\/person\/b035109a4cc7d3e93911b78d8cebf3a0\",\"name\":\"Emanuele Rebuffini\",\"image\":{\"@type\":\"ImageObject\",\"inLanguage\":\"it-IT\",\"@id\":\"https:\/\/web.quotidianopiemontese.it\/cultura-arte-e-spettacolo-a-torino\/#\/schema\/person\/image\/\",\"url\":\"https:\/\/secure.gravatar.com\/avatar\/519a0a38be4cbbcf40fb5bc1b1173a85af291a3a8697df454a94ad7e05574628?s=96&d=mm&r=g\",\"contentUrl\":\"https:\/\/secure.gravatar.com\/avatar\/519a0a38be4cbbcf40fb5bc1b1173a85af291a3a8697df454a94ad7e05574628?s=96&d=mm&r=g\",\"caption\":\"Emanuele Rebuffini\"},\"sameAs\":[\"http:\/\/www.quotidianopiemontese.it\/cultura-arte-e-spettacolo-a-torino\/\"],\"url\":\"https:\/\/web.quotidianopiemontese.it\/cultura-arte-e-spettacolo-a-torino\/author\/emanuelerebuffini\/\"}]}<\/script>\n<!-- \/ Yoast SEO plugin. -->","yoast_head_json":{"title":"Jazz: Uri Caine al Conservatorio con \u201cPiano Solo\u201d - 8 Gennaio 2018","description":"Jazz: Uri Caine al Conservatorio con \u201cPiano Solo\u201d - Cultura, Arte e Spettacolo a Torino - A due mesi dal concerto al Folkclub, Uri Caine torna a Torino sabato 13 gennaio, e questa volta a far da cornice al concerto \u201cPiano Solo\u201d sar\u00e0 il - Conservatorio Giuseppe Verdi, jazz, Piano Solo, Uri Caine","robots":{"index":"index","follow":"follow","max-snippet":"max-snippet:-1","max-image-preview":"max-image-preview:large","max-video-preview":"max-video-preview:-1"},"canonical":"https:\/\/web.quotidianopiemontese.it\/cultura-arte-e-spettacolo-a-torino\/jazz-uri-caine-al-conservatorio-piano-solo\/","og_locale":"it_IT","og_type":"article","og_title":"Jazz: Uri Caine al Conservatorio con \u201cPiano Solo\u201d - 8 Gennaio 2018","og_description":"Jazz: Uri Caine al Conservatorio con \u201cPiano Solo\u201d - Cultura, Arte e Spettacolo a Torino - A due mesi dal concerto al Folkclub, Uri Caine torna a Torino sabato 13 gennaio, e questa volta a far da cornice al concerto \u201cPiano Solo\u201d sar\u00e0 il - Conservatorio Giuseppe Verdi, jazz, Piano Solo, Uri Caine","og_url":"https:\/\/web.quotidianopiemontese.it\/cultura-arte-e-spettacolo-a-torino\/jazz-uri-caine-al-conservatorio-piano-solo\/","og_site_name":"Cultura, Arte e Spettacolo a Torino","article_publisher":"https:\/\/www.facebook.com\/quotidianopiemontese?fref=ts","article_published_time":"2018-01-08T12:15:45+00:00","og_image":[{"width":746,"height":446,"url":"https:\/\/web.quotidianopiemontese.it\/cultura-arte-e-spettacolo-a-torino\/files\/2018\/01\/4effff5398b13b476604d4d8450bedfd_L.jpg","type":"image\/jpeg"}],"author":"Emanuele Rebuffini","twitter_misc":{"Scritto da":"Emanuele Rebuffini","Tempo di lettura stimato":"2 minuti"},"schema":{"@context":"https:\/\/schema.org","@graph":[{"@type":"Article","@id":"https:\/\/web.quotidianopiemontese.it\/cultura-arte-e-spettacolo-a-torino\/jazz-uri-caine-al-conservatorio-piano-solo\/#article","isPartOf":{"@id":"https:\/\/web.quotidianopiemontese.it\/cultura-arte-e-spettacolo-a-torino\/jazz-uri-caine-al-conservatorio-piano-solo\/"},"author":{"name":"Emanuele Rebuffini","@id":"https:\/\/web.quotidianopiemontese.it\/cultura-arte-e-spettacolo-a-torino\/#\/schema\/person\/b035109a4cc7d3e93911b78d8cebf3a0"},"headline":"Jazz: Uri Caine al Conservatorio con \u201cPiano Solo\u201d","datePublished":"2018-01-08T12:15:45+00:00","mainEntityOfPage":{"@id":"https:\/\/web.quotidianopiemontese.it\/cultura-arte-e-spettacolo-a-torino\/jazz-uri-caine-al-conservatorio-piano-solo\/"},"wordCount":463,"commentCount":0,"image":{"@id":"https:\/\/web.quotidianopiemontese.it\/cultura-arte-e-spettacolo-a-torino\/jazz-uri-caine-al-conservatorio-piano-solo\/#primaryimage"},"thumbnailUrl":"https:\/\/web.quotidianopiemontese.it\/cultura-arte-e-spettacolo-a-torino\/files\/2018\/01\/4effff5398b13b476604d4d8450bedfd_L.jpg","keywords":["Conservatorio Giuseppe Verdi","jazz","Piano Solo","Uri Caine"],"articleSection":["Cultura, arte, spettacolo"],"inLanguage":"it-IT","potentialAction":[{"@type":"CommentAction","name":"Comment","target":["https:\/\/web.quotidianopiemontese.it\/cultura-arte-e-spettacolo-a-torino\/jazz-uri-caine-al-conservatorio-piano-solo\/#respond"]}]},{"@type":"WebPage","@id":"https:\/\/web.quotidianopiemontese.it\/cultura-arte-e-spettacolo-a-torino\/jazz-uri-caine-al-conservatorio-piano-solo\/","url":"https:\/\/web.quotidianopiemontese.it\/cultura-arte-e-spettacolo-a-torino\/jazz-uri-caine-al-conservatorio-piano-solo\/","name":"Jazz: Uri Caine al Conservatorio con \u201cPiano Solo\u201d - 8 Gennaio 2018","isPartOf":{"@id":"https:\/\/web.quotidianopiemontese.it\/cultura-arte-e-spettacolo-a-torino\/#website"},"primaryImageOfPage":{"@id":"https:\/\/web.quotidianopiemontese.it\/cultura-arte-e-spettacolo-a-torino\/jazz-uri-caine-al-conservatorio-piano-solo\/#primaryimage"},"image":{"@id":"https:\/\/web.quotidianopiemontese.it\/cultura-arte-e-spettacolo-a-torino\/jazz-uri-caine-al-conservatorio-piano-solo\/#primaryimage"},"thumbnailUrl":"https:\/\/web.quotidianopiemontese.it\/cultura-arte-e-spettacolo-a-torino\/files\/2018\/01\/4effff5398b13b476604d4d8450bedfd_L.jpg","datePublished":"2018-01-08T12:15:45+00:00","author":{"@id":"https:\/\/web.quotidianopiemontese.it\/cultura-arte-e-spettacolo-a-torino\/#\/schema\/person\/b035109a4cc7d3e93911b78d8cebf3a0"},"description":"Jazz: Uri Caine al Conservatorio con \u201cPiano Solo\u201d - Cultura, Arte e Spettacolo a Torino - A due mesi dal concerto al Folkclub, Uri Caine torna a Torino sabato 13 gennaio, e questa volta a far da cornice al concerto \u201cPiano Solo\u201d sar\u00e0 il - Conservatorio Giuseppe Verdi, jazz, Piano Solo, Uri Caine","inLanguage":"it-IT","potentialAction":[{"@type":"ReadAction","target":["https:\/\/web.quotidianopiemontese.it\/cultura-arte-e-spettacolo-a-torino\/jazz-uri-caine-al-conservatorio-piano-solo\/"]}]},{"@type":"ImageObject","inLanguage":"it-IT","@id":"https:\/\/web.quotidianopiemontese.it\/cultura-arte-e-spettacolo-a-torino\/jazz-uri-caine-al-conservatorio-piano-solo\/#primaryimage","url":"https:\/\/web.quotidianopiemontese.it\/cultura-arte-e-spettacolo-a-torino\/files\/2018\/01\/4effff5398b13b476604d4d8450bedfd_L.jpg","contentUrl":"https:\/\/web.quotidianopiemontese.it\/cultura-arte-e-spettacolo-a-torino\/files\/2018\/01\/4effff5398b13b476604d4d8450bedfd_L.jpg","width":746,"height":446,"caption":"Sabato 13 gennaio il pianista jazz Uri Caine in concerto al Conservatorio di Torino con \"Piano Solo\""},{"@type":"WebSite","@id":"https:\/\/web.quotidianopiemontese.it\/cultura-arte-e-spettacolo-a-torino\/#website","url":"https:\/\/web.quotidianopiemontese.it\/cultura-arte-e-spettacolo-a-torino\/","name":"Cultura, Arte e Spettacolo a Torino","description":"Quotidiano Piemontese","potentialAction":[{"@type":"SearchAction","target":{"@type":"EntryPoint","urlTemplate":"https:\/\/web.quotidianopiemontese.it\/cultura-arte-e-spettacolo-a-torino\/?s={search_term_string}"},"query-input":{"@type":"PropertyValueSpecification","valueRequired":true,"valueName":"search_term_string"}}],"inLanguage":"it-IT"},{"@type":"Person","@id":"https:\/\/web.quotidianopiemontese.it\/cultura-arte-e-spettacolo-a-torino\/#\/schema\/person\/b035109a4cc7d3e93911b78d8cebf3a0","name":"Emanuele Rebuffini","image":{"@type":"ImageObject","inLanguage":"it-IT","@id":"https:\/\/web.quotidianopiemontese.it\/cultura-arte-e-spettacolo-a-torino\/#\/schema\/person\/image\/","url":"https:\/\/secure.gravatar.com\/avatar\/519a0a38be4cbbcf40fb5bc1b1173a85af291a3a8697df454a94ad7e05574628?s=96&d=mm&r=g","contentUrl":"https:\/\/secure.gravatar.com\/avatar\/519a0a38be4cbbcf40fb5bc1b1173a85af291a3a8697df454a94ad7e05574628?s=96&d=mm&r=g","caption":"Emanuele Rebuffini"},"sameAs":["http:\/\/www.quotidianopiemontese.it\/cultura-arte-e-spettacolo-a-torino\/"],"url":"https:\/\/web.quotidianopiemontese.it\/cultura-arte-e-spettacolo-a-torino\/author\/emanuelerebuffini\/"}]}},"_links":{"self":[{"href":"https:\/\/web.quotidianopiemontese.it\/cultura-arte-e-spettacolo-a-torino\/wp-json\/wp\/v2\/posts\/83","targetHints":{"allow":["GET"]}}],"collection":[{"href":"https:\/\/web.quotidianopiemontese.it\/cultura-arte-e-spettacolo-a-torino\/wp-json\/wp\/v2\/posts"}],"about":[{"href":"https:\/\/web.quotidianopiemontese.it\/cultura-arte-e-spettacolo-a-torino\/wp-json\/wp\/v2\/types\/post"}],"author":[{"embeddable":true,"href":"https:\/\/web.quotidianopiemontese.it\/cultura-arte-e-spettacolo-a-torino\/wp-json\/wp\/v2\/users\/1361"}],"replies":[{"embeddable":true,"href":"https:\/\/web.quotidianopiemontese.it\/cultura-arte-e-spettacolo-a-torino\/wp-json\/wp\/v2\/comments?post=83"}],"version-history":[{"count":0,"href":"https:\/\/web.quotidianopiemontese.it\/cultura-arte-e-spettacolo-a-torino\/wp-json\/wp\/v2\/posts\/83\/revisions"}],"wp:featuredmedia":[{"embeddable":true,"href":"https:\/\/web.quotidianopiemontese.it\/cultura-arte-e-spettacolo-a-torino\/wp-json\/wp\/v2\/media\/84"}],"wp:attachment":[{"href":"https:\/\/web.quotidianopiemontese.it\/cultura-arte-e-spettacolo-a-torino\/wp-json\/wp\/v2\/media?parent=83"}],"wp:term":[{"taxonomy":"category","embeddable":true,"href":"https:\/\/web.quotidianopiemontese.it\/cultura-arte-e-spettacolo-a-torino\/wp-json\/wp\/v2\/categories?post=83"},{"taxonomy":"post_tag","embeddable":true,"href":"https:\/\/web.quotidianopiemontese.it\/cultura-arte-e-spettacolo-a-torino\/wp-json\/wp\/v2\/tags?post=83"}],"curies":[{"name":"wp","href":"https:\/\/api.w.org\/{rel}","templated":true}]}}