{"id":825,"date":"2021-10-07T16:22:43","date_gmt":"2021-10-07T14:22:43","guid":{"rendered":"http:\/\/web.quotidianopiemontese.it\/cultura-arte-e-spettacolo-a-torino\/?p=825"},"modified":"2021-10-07T16:23:51","modified_gmt":"2021-10-07T14:23:51","slug":"folk-club-dai-fratelli-mancuso-max-manfredi-al-via-la-xxxiii-stagione","status":"publish","type":"post","link":"https:\/\/web.quotidianopiemontese.it\/cultura-arte-e-spettacolo-a-torino\/folk-club-dai-fratelli-mancuso-max-manfredi-al-via-la-xxxiii-stagione\/","title":{"rendered":"Folk Club: dai Fratelli Mancuso a Max Manfredi al via la XXXIII stagione"},"content":{"rendered":"<p>Il <strong>Folk Club <\/strong>riparte dalla stagione numero <strong>XXXIII,<\/strong> quella mai andata in scena causa pandemia.<\/p>\n<p>Si inizia <strong>venerd\u00ec 8 ottobre<\/strong> quando sul palco dello storico locale di via Perrone saliranno i <strong>Fratelli Mancuso<\/strong>, gli ambasciatori della musica popolare siciliana pi\u00f9 arcaica che presenteranno il loro ultimo lavoro discografico, dato alla luce dopo oltre dieci anni di \u2018gestazione\u2019; un album che ha visto la straordinaria partecipazione, tra gli altri, di Franco Battiato e che rappresenta il culmine di una vena creativa davvero fuori dal comune<em>.<\/em><!--more--><\/p>\n<p>Il programma per ora prevede <strong>14 concerti<\/strong> fino a fine anno. Tra gli appuntamenti da non perdere il <strong>22 ottobre<\/strong> il grande jazz di <strong>Flavio Boltro e Fabio Giachino<\/strong> che presentano il loro progetto discografico <em>Things to Say<\/em> e dopo due spostamenti; il <strong>23 ottobre<\/strong> il barbutissimo collettivo torinese <strong>La Stanza di <\/strong><strong>Greta,<\/strong> Targa Tenco 2017 per la Migliore Opera Prima, con il concerto <em>Macchine Inutili, <\/em>un omaggio al lavoro di Bruno Munari, che nella prima met\u00e0 del secolo scorso svilupp\u00f2 una serie di disegni e sculture dedicati a macchine <em>inutili perch\u00e9 non fabbricano, non eliminano manodopera, non fanno economizzare tempo e denaro, non producono niente di commerciabile<\/em>, mentre il <strong>30<\/strong>\u00a0<strong>ottobre<\/strong>, ecco il cantautore <em>lagh\u00e8<\/em> <strong>Davide Van De Sfroos <\/strong>in un incontro voce, chitarra e parole.<\/p>\n<figure id=\"attachment_827\" aria-describedby=\"caption-attachment-827\" style=\"width: 300px\" class=\"wp-caption alignnone\"><a href=\"http:\/\/web.quotidianopiemontese.it\/cultura-arte-e-spettacolo-a-torino\/files\/2021\/10\/Boltro-Giachino-2-RIDOTTA.jpg\"><img loading=\"lazy\" decoding=\"async\" class=\"size-medium wp-image-827\" src=\"http:\/\/web.quotidianopiemontese.it\/cultura-arte-e-spettacolo-a-torino\/files\/2021\/10\/Boltro-Giachino-2-RIDOTTA-300x240.jpg\" alt=\"\" width=\"300\" height=\"240\" srcset=\"https:\/\/web.quotidianopiemontese.it\/cultura-arte-e-spettacolo-a-torino\/files\/2021\/10\/Boltro-Giachino-2-RIDOTTA-300x240.jpg 300w, https:\/\/web.quotidianopiemontese.it\/cultura-arte-e-spettacolo-a-torino\/files\/2021\/10\/Boltro-Giachino-2-RIDOTTA-768x614.jpg 768w, https:\/\/web.quotidianopiemontese.it\/cultura-arte-e-spettacolo-a-torino\/files\/2021\/10\/Boltro-Giachino-2-RIDOTTA.jpg 1000w\" sizes=\"auto, (max-width: 300px) 85vw, 300px\" \/><\/a><figcaption id=\"caption-attachment-827\" class=\"wp-caption-text\"><strong>Flavio Boltro e Fabio Giachino<\/strong><\/figcaption><\/figure>\n<p>Si annuncia straordinario il concerto del <strong>5 novembre<\/strong> quando <strong>Luigi Cinque e Alexander<\/strong> <strong>Balanescu<\/strong>, si troveranno per la prima volta sul palco del <strong>FolkClub<\/strong> per un progetto visionario che spazia dalla musica classica contemporanea a quella tradizionale etnica, al jazz, al rock, alle nuove espressioni tecnoacustiche, al teatro, alla parola poetica, al <em>cunto<\/em> mediterraneo intitolato <em>Hyperduet<\/em>. Il <strong>12 novembre Paolo Capodacqua<\/strong> con <em>Ferite e Feritorie: <\/em>l\u2019inseparabile \u2018uomo-orchestra\u2019 del grande cantautore bolognese Claudio Lolli, presenta un album che \u00e8 un piccolo, vero miracolo dei nostri tempi: una purissima e rara gemma di bellezza, intensit\u00e0, eleganza, ispirazione, profondit\u00e0, dove la cura, la ricerca, la misura, la poetica, la grazia testimoniano l\u2019indiscutibile, magistrale statura artistica.<\/p>\n<figure id=\"attachment_828\" aria-describedby=\"caption-attachment-828\" style=\"width: 300px\" class=\"wp-caption alignnone\"><a href=\"http:\/\/web.quotidianopiemontese.it\/cultura-arte-e-spettacolo-a-torino\/files\/2021\/10\/Lastanzadigreta_foto@RenzoChiesa.jpg\"><img loading=\"lazy\" decoding=\"async\" class=\"size-medium wp-image-828\" src=\"http:\/\/web.quotidianopiemontese.it\/cultura-arte-e-spettacolo-a-torino\/files\/2021\/10\/Lastanzadigreta_foto@RenzoChiesa-300x200.jpg\" alt=\"\" width=\"300\" height=\"200\" srcset=\"https:\/\/web.quotidianopiemontese.it\/cultura-arte-e-spettacolo-a-torino\/files\/2021\/10\/Lastanzadigreta_foto@RenzoChiesa-300x200.jpg 300w, https:\/\/web.quotidianopiemontese.it\/cultura-arte-e-spettacolo-a-torino\/files\/2021\/10\/Lastanzadigreta_foto@RenzoChiesa-768x513.jpg 768w, https:\/\/web.quotidianopiemontese.it\/cultura-arte-e-spettacolo-a-torino\/files\/2021\/10\/Lastanzadigreta_foto@RenzoChiesa-1024x684.jpg 1024w, https:\/\/web.quotidianopiemontese.it\/cultura-arte-e-spettacolo-a-torino\/files\/2021\/10\/Lastanzadigreta_foto@RenzoChiesa-600x400.jpg 600w, https:\/\/web.quotidianopiemontese.it\/cultura-arte-e-spettacolo-a-torino\/files\/2021\/10\/Lastanzadigreta_foto@RenzoChiesa.jpg 1200w\" sizes=\"auto, (max-width: 300px) 85vw, 300px\" \/><\/a><figcaption id=\"caption-attachment-828\" class=\"wp-caption-text\"><strong>Lastanzadigreta<\/strong><br \/><strong>(foto di Renzo Chiesa)<\/strong><\/figcaption><\/figure>\n<p>\u00c8 ancora un incontro internazionale quello del <strong>13 novembre<\/strong>: <strong>Tamikrest <\/strong>\u00e8 una band frutto dell\u2019incontro di straordinari musicisti Tuareg provenienti da Mali, Niger e Algeria. La loro musica, cantata in lingua tamasheq, fonde le tradizioni musicali del loro popolo con il rock e il blues, creando uno stile musicale unico e immediatamente riconoscibile: il <em>desert blues<\/em>.<\/p>\n<p>Arriva dalla Francia, il <strong>20 novembre<\/strong>, <strong>Pierre Bensusan<\/strong>, uno dei pi\u00f9 grandi chitarristi acustici del mondo, sinonimo di genio chitarristico dell\u2019acustica contemporanea.<\/p>\n<figure id=\"attachment_829\" aria-describedby=\"caption-attachment-829\" style=\"width: 300px\" class=\"wp-caption alignnone\"><a href=\"http:\/\/web.quotidianopiemontese.it\/cultura-arte-e-spettacolo-a-torino\/files\/2021\/10\/Bensusan-3-RIDOTTA.jpg\"><img loading=\"lazy\" decoding=\"async\" class=\"size-medium wp-image-829\" src=\"http:\/\/web.quotidianopiemontese.it\/cultura-arte-e-spettacolo-a-torino\/files\/2021\/10\/Bensusan-3-RIDOTTA-300x201.jpg\" alt=\"\" width=\"300\" height=\"201\" srcset=\"https:\/\/web.quotidianopiemontese.it\/cultura-arte-e-spettacolo-a-torino\/files\/2021\/10\/Bensusan-3-RIDOTTA-300x201.jpg 300w, https:\/\/web.quotidianopiemontese.it\/cultura-arte-e-spettacolo-a-torino\/files\/2021\/10\/Bensusan-3-RIDOTTA-768x514.jpg 768w, https:\/\/web.quotidianopiemontese.it\/cultura-arte-e-spettacolo-a-torino\/files\/2021\/10\/Bensusan-3-RIDOTTA-1024x685.jpg 1024w, https:\/\/web.quotidianopiemontese.it\/cultura-arte-e-spettacolo-a-torino\/files\/2021\/10\/Bensusan-3-RIDOTTA-600x400.jpg 600w, https:\/\/web.quotidianopiemontese.it\/cultura-arte-e-spettacolo-a-torino\/files\/2021\/10\/Bensusan-3-RIDOTTA.jpg 1725w\" sizes=\"auto, (max-width: 300px) 85vw, 300px\" \/><\/a><figcaption id=\"caption-attachment-829\" class=\"wp-caption-text\"><strong>Pierre Bensusan<\/strong><\/figcaption><\/figure>\n<p>Il <strong>27 novembre <\/strong>tocca a<strong> Michele Gazich,<\/strong> che presenta il suo nuovo album, <em>Argon, <\/em>accompagnato dal fedele Marco Lamberti a chitarra e bouzouki e da Giovanna Famulari magistrale violoncello e duttile voce.<\/p>\n<p>Il <strong>3 dicembre Maria Mazzotta<\/strong>, gi\u00e0 solista del Canzoniere Grecanico Salentino, presenta <em>Amoreamaro<\/em>, un&#8217;intensa e appassionata riflessione sui vari volti dell&#8217;amore da un punto di vista prettamente femminile: da quello grande, disperato e tenerissimo a quello malato, possessivo e abusato. <strong>Beppe Gambetta<\/strong>, magistrale chitarrista genovese ormai nel <em>gotha<\/em> mondiale della chitarra acustica, alfiere italiano del <em>flatpicking<\/em>, per la prima volta in veste di chitarrista e cantautore presenta il <strong>10 dicembre <\/strong>il suo ultimo progetto discografico in parte autobiografico, cantato in italiano, inglese e genovese.<\/p>\n<figure id=\"attachment_830\" aria-describedby=\"caption-attachment-830\" style=\"width: 225px\" class=\"wp-caption alignnone\"><a href=\"http:\/\/web.quotidianopiemontese.it\/cultura-arte-e-spettacolo-a-torino\/files\/2021\/10\/Maria-Mazzotta-01-web-ph-Giulio-Rugge.jpg\"><img loading=\"lazy\" decoding=\"async\" class=\"size-medium wp-image-830\" src=\"http:\/\/web.quotidianopiemontese.it\/cultura-arte-e-spettacolo-a-torino\/files\/2021\/10\/Maria-Mazzotta-01-web-ph-Giulio-Rugge-225x300.jpg\" alt=\"\" width=\"225\" height=\"300\" srcset=\"https:\/\/web.quotidianopiemontese.it\/cultura-arte-e-spettacolo-a-torino\/files\/2021\/10\/Maria-Mazzotta-01-web-ph-Giulio-Rugge-225x300.jpg 225w, https:\/\/web.quotidianopiemontese.it\/cultura-arte-e-spettacolo-a-torino\/files\/2021\/10\/Maria-Mazzotta-01-web-ph-Giulio-Rugge-768x1024.jpg 768w\" sizes=\"auto, (max-width: 225px) 85vw, 225px\" \/><\/a><figcaption id=\"caption-attachment-830\" class=\"wp-caption-text\"><strong>Maria Mazzotta (foto Giulio Rugge)<\/strong><\/figcaption><\/figure>\n<p>Il <strong>17 dicembre<\/strong> sar\u00e0 la volta della <strong>Smallable Ensemble<\/strong>, un eclettico quartetto guidato da Alex Gariazzo, gi\u00e0 chitarrista e cantante della Treves Blues Band, con Michele Guaglio (basso, cori, chitarra e footdrum), Roberto Bongianino (fisarmonica, chitarra, sitar e cori) e Marco &#8216;Benz&#8217; Gentile (violino, mandolino e cori) con il progetto <em>Plays Lennon<\/em>. Il repertorio sar\u00e0 interamente composto dalla musica di John Lennon, sia con i Beatles sia da solista, per ricordare, con un anno di ritardo, la grandezza della sua arte nell\u2019anno in cui avrebbe compiuto 80 anni e a 40 anni da quel terribile 8 dicembre 1980.<\/p>\n<figure id=\"attachment_831\" aria-describedby=\"caption-attachment-831\" style=\"width: 300px\" class=\"wp-caption alignnone\"><a href=\"http:\/\/web.quotidianopiemontese.it\/cultura-arte-e-spettacolo-a-torino\/files\/2021\/10\/25394843_10213162200363236_8726615318291030609_o.jpg\"><img loading=\"lazy\" decoding=\"async\" class=\"size-medium wp-image-831\" src=\"http:\/\/web.quotidianopiemontese.it\/cultura-arte-e-spettacolo-a-torino\/files\/2021\/10\/25394843_10213162200363236_8726615318291030609_o-300x200.jpg\" alt=\"\" width=\"300\" height=\"200\" srcset=\"https:\/\/web.quotidianopiemontese.it\/cultura-arte-e-spettacolo-a-torino\/files\/2021\/10\/25394843_10213162200363236_8726615318291030609_o-300x200.jpg 300w, https:\/\/web.quotidianopiemontese.it\/cultura-arte-e-spettacolo-a-torino\/files\/2021\/10\/25394843_10213162200363236_8726615318291030609_o-768x512.jpg 768w, https:\/\/web.quotidianopiemontese.it\/cultura-arte-e-spettacolo-a-torino\/files\/2021\/10\/25394843_10213162200363236_8726615318291030609_o-1024x683.jpg 1024w, https:\/\/web.quotidianopiemontese.it\/cultura-arte-e-spettacolo-a-torino\/files\/2021\/10\/25394843_10213162200363236_8726615318291030609_o-600x400.jpg 600w, https:\/\/web.quotidianopiemontese.it\/cultura-arte-e-spettacolo-a-torino\/files\/2021\/10\/25394843_10213162200363236_8726615318291030609_o.jpg 1800w\" sizes=\"auto, (max-width: 300px) 85vw, 300px\" \/><\/a><figcaption id=\"caption-attachment-831\" class=\"wp-caption-text\"><strong>Beppe Gambetta e Paolo Luc\u00e0<\/strong><\/figcaption><\/figure>\n<p>Ultimo appuntamento del 2021, il <strong>18 dicembre<\/strong>, con <strong>Max Manfredi<\/strong>, amato cantautore genovese, gi\u00e0 Targa Tenco per l\u2019album <em>Luna Persa<\/em> nel 2008, con la presentazione in anteprima il suo nuovissimo <em>Il grido della fata<\/em>, che ha richiesto una \u2018gestazione\u2019 di ben 7 anni dopo il meraviglioso <em>Dremong<\/em>.<\/p>\n<p>www.folkclub.it<\/p>\n<p><strong>Emanuele Rebuffini<\/strong><\/p>\n","protected":false},"excerpt":{"rendered":"<p>Il Folk Club riparte dalla stagione numero XXXIII, quella mai andata in scena causa pandemia. Si inizia venerd\u00ec 8 ottobre quando sul palco dello storico locale di via Perrone saliranno i Fratelli Mancuso, gli ambasciatori della musica popolare siciliana pi\u00f9 arcaica che presenteranno il loro ultimo lavoro discografico, dato alla luce dopo oltre dieci anni &hellip; <a href=\"https:\/\/web.quotidianopiemontese.it\/cultura-arte-e-spettacolo-a-torino\/folk-club-dai-fratelli-mancuso-max-manfredi-al-via-la-xxxiii-stagione\/\" class=\"more-link\">Leggi tutto<span class=\"screen-reader-text\"> &#8220;Folk Club: dai Fratelli Mancuso a Max Manfredi al via la XXXIII stagione&#8221;<\/span><\/a><\/p>\n","protected":false},"author":1361,"featured_media":826,"comment_status":"open","ping_status":"open","sticky":false,"template":"","format":"standard","meta":{"footnotes":""},"categories":[1],"tags":[189],"class_list":["post-825","post","type-post","status-publish","format-standard","has-post-thumbnail","hentry","category-cultura-arte-spettacolo","tag-folk-club"],"yoast_head":"<!-- This site is optimized with the Yoast SEO plugin v27.1.1 - https:\/\/yoast.com\/product\/yoast-seo-wordpress\/ -->\n<title>Folk Club: dai Fratelli Mancuso a Max Manfredi al via la XXXIII stagione - 7 Ottobre 2021<\/title>\n<meta name=\"description\" content=\"Folk Club: dai Fratelli Mancuso a Max Manfredi al via la XXXIII stagione - Cultura, Arte e Spettacolo a Torino - Il Folk Club riparte dalla stagione numero XXXIII, quella mai andata in scena causa pandemia. Si inizia venerd\u00ec 8 ottobre quando sul palco dello storico - Folk Club\" \/>\n<meta name=\"robots\" content=\"index, follow, max-snippet:-1, max-image-preview:large, max-video-preview:-1\" \/>\n<link rel=\"canonical\" href=\"https:\/\/web.quotidianopiemontese.it\/cultura-arte-e-spettacolo-a-torino\/folk-club-dai-fratelli-mancuso-max-manfredi-al-via-la-xxxiii-stagione\/\" \/>\n<meta property=\"og:locale\" content=\"it_IT\" \/>\n<meta property=\"og:type\" content=\"article\" \/>\n<meta property=\"og:title\" content=\"Folk Club: dai Fratelli Mancuso a Max Manfredi al via la XXXIII stagione - 7 Ottobre 2021\" \/>\n<meta property=\"og:description\" content=\"Folk Club: dai Fratelli Mancuso a Max Manfredi al via la XXXIII stagione - Cultura, Arte e Spettacolo a Torino - Il Folk Club riparte dalla stagione numero XXXIII, quella mai andata in scena causa pandemia. Si inizia venerd\u00ec 8 ottobre quando sul palco dello storico - Folk Club\" \/>\n<meta property=\"og:url\" content=\"https:\/\/web.quotidianopiemontese.it\/cultura-arte-e-spettacolo-a-torino\/folk-club-dai-fratelli-mancuso-max-manfredi-al-via-la-xxxiii-stagione\/\" \/>\n<meta property=\"og:site_name\" content=\"Cultura, Arte e Spettacolo a Torino\" \/>\n<meta property=\"article:publisher\" content=\"https:\/\/www.facebook.com\/quotidianopiemontese?fref=ts\" \/>\n<meta property=\"article:published_time\" content=\"2021-10-07T14:22:43+00:00\" \/>\n<meta property=\"article:modified_time\" content=\"2021-10-07T14:23:51+00:00\" \/>\n<meta property=\"og:image\" content=\"https:\/\/web.quotidianopiemontese.it\/cultura-arte-e-spettacolo-a-torino\/files\/2021\/10\/Fratelli-Mancuso-6.jpg\" \/>\n\t<meta property=\"og:image:width\" content=\"1890\" \/>\n\t<meta property=\"og:image:height\" content=\"1260\" \/>\n\t<meta property=\"og:image:type\" content=\"image\/jpeg\" \/>\n<meta name=\"author\" content=\"Emanuele Rebuffini\" \/>\n<meta name=\"twitter:label1\" content=\"Scritto da\" \/>\n\t<meta name=\"twitter:data1\" content=\"Emanuele Rebuffini\" \/>\n\t<meta name=\"twitter:label2\" content=\"Tempo di lettura stimato\" \/>\n\t<meta name=\"twitter:data2\" content=\"4 minuti\" \/>\n<script type=\"application\/ld+json\" class=\"yoast-schema-graph\">{\"@context\":\"https:\/\/schema.org\",\"@graph\":[{\"@type\":\"Article\",\"@id\":\"https:\/\/web.quotidianopiemontese.it\/cultura-arte-e-spettacolo-a-torino\/folk-club-dai-fratelli-mancuso-max-manfredi-al-via-la-xxxiii-stagione\/#article\",\"isPartOf\":{\"@id\":\"https:\/\/web.quotidianopiemontese.it\/cultura-arte-e-spettacolo-a-torino\/folk-club-dai-fratelli-mancuso-max-manfredi-al-via-la-xxxiii-stagione\/\"},\"author\":{\"name\":\"Emanuele Rebuffini\",\"@id\":\"https:\/\/web.quotidianopiemontese.it\/cultura-arte-e-spettacolo-a-torino\/#\/schema\/person\/b035109a4cc7d3e93911b78d8cebf3a0\"},\"headline\":\"Folk Club: dai Fratelli Mancuso a Max Manfredi al via la XXXIII stagione\",\"datePublished\":\"2021-10-07T14:22:43+00:00\",\"dateModified\":\"2021-10-07T14:23:51+00:00\",\"mainEntityOfPage\":{\"@id\":\"https:\/\/web.quotidianopiemontese.it\/cultura-arte-e-spettacolo-a-torino\/folk-club-dai-fratelli-mancuso-max-manfredi-al-via-la-xxxiii-stagione\/\"},\"wordCount\":720,\"commentCount\":0,\"image\":{\"@id\":\"https:\/\/web.quotidianopiemontese.it\/cultura-arte-e-spettacolo-a-torino\/folk-club-dai-fratelli-mancuso-max-manfredi-al-via-la-xxxiii-stagione\/#primaryimage\"},\"thumbnailUrl\":\"https:\/\/web.quotidianopiemontese.it\/cultura-arte-e-spettacolo-a-torino\/files\/2021\/10\/Fratelli-Mancuso-6.jpg\",\"keywords\":[\"Folk Club\"],\"articleSection\":[\"Cultura, arte, spettacolo\"],\"inLanguage\":\"it-IT\",\"potentialAction\":[{\"@type\":\"CommentAction\",\"name\":\"Comment\",\"target\":[\"https:\/\/web.quotidianopiemontese.it\/cultura-arte-e-spettacolo-a-torino\/folk-club-dai-fratelli-mancuso-max-manfredi-al-via-la-xxxiii-stagione\/#respond\"]}]},{\"@type\":\"WebPage\",\"@id\":\"https:\/\/web.quotidianopiemontese.it\/cultura-arte-e-spettacolo-a-torino\/folk-club-dai-fratelli-mancuso-max-manfredi-al-via-la-xxxiii-stagione\/\",\"url\":\"https:\/\/web.quotidianopiemontese.it\/cultura-arte-e-spettacolo-a-torino\/folk-club-dai-fratelli-mancuso-max-manfredi-al-via-la-xxxiii-stagione\/\",\"name\":\"Folk Club: dai Fratelli Mancuso a Max Manfredi al via la XXXIII stagione - 7 Ottobre 2021\",\"isPartOf\":{\"@id\":\"https:\/\/web.quotidianopiemontese.it\/cultura-arte-e-spettacolo-a-torino\/#website\"},\"primaryImageOfPage\":{\"@id\":\"https:\/\/web.quotidianopiemontese.it\/cultura-arte-e-spettacolo-a-torino\/folk-club-dai-fratelli-mancuso-max-manfredi-al-via-la-xxxiii-stagione\/#primaryimage\"},\"image\":{\"@id\":\"https:\/\/web.quotidianopiemontese.it\/cultura-arte-e-spettacolo-a-torino\/folk-club-dai-fratelli-mancuso-max-manfredi-al-via-la-xxxiii-stagione\/#primaryimage\"},\"thumbnailUrl\":\"https:\/\/web.quotidianopiemontese.it\/cultura-arte-e-spettacolo-a-torino\/files\/2021\/10\/Fratelli-Mancuso-6.jpg\",\"datePublished\":\"2021-10-07T14:22:43+00:00\",\"dateModified\":\"2021-10-07T14:23:51+00:00\",\"author\":{\"@id\":\"https:\/\/web.quotidianopiemontese.it\/cultura-arte-e-spettacolo-a-torino\/#\/schema\/person\/b035109a4cc7d3e93911b78d8cebf3a0\"},\"description\":\"Folk Club: dai Fratelli Mancuso a Max Manfredi al via la XXXIII stagione - Cultura, Arte e Spettacolo a Torino - Il Folk Club riparte dalla stagione numero XXXIII, quella mai andata in scena causa pandemia. Si inizia venerd\u00ec 8 ottobre quando sul palco dello storico - Folk Club\",\"inLanguage\":\"it-IT\",\"potentialAction\":[{\"@type\":\"ReadAction\",\"target\":[\"https:\/\/web.quotidianopiemontese.it\/cultura-arte-e-spettacolo-a-torino\/folk-club-dai-fratelli-mancuso-max-manfredi-al-via-la-xxxiii-stagione\/\"]}]},{\"@type\":\"ImageObject\",\"inLanguage\":\"it-IT\",\"@id\":\"https:\/\/web.quotidianopiemontese.it\/cultura-arte-e-spettacolo-a-torino\/folk-club-dai-fratelli-mancuso-max-manfredi-al-via-la-xxxiii-stagione\/#primaryimage\",\"url\":\"https:\/\/web.quotidianopiemontese.it\/cultura-arte-e-spettacolo-a-torino\/files\/2021\/10\/Fratelli-Mancuso-6.jpg\",\"contentUrl\":\"https:\/\/web.quotidianopiemontese.it\/cultura-arte-e-spettacolo-a-torino\/files\/2021\/10\/Fratelli-Mancuso-6.jpg\",\"width\":1890,\"height\":1260},{\"@type\":\"WebSite\",\"@id\":\"https:\/\/web.quotidianopiemontese.it\/cultura-arte-e-spettacolo-a-torino\/#website\",\"url\":\"https:\/\/web.quotidianopiemontese.it\/cultura-arte-e-spettacolo-a-torino\/\",\"name\":\"Cultura, Arte e Spettacolo a Torino\",\"description\":\"Quotidiano Piemontese\",\"potentialAction\":[{\"@type\":\"SearchAction\",\"target\":{\"@type\":\"EntryPoint\",\"urlTemplate\":\"https:\/\/web.quotidianopiemontese.it\/cultura-arte-e-spettacolo-a-torino\/?s={search_term_string}\"},\"query-input\":{\"@type\":\"PropertyValueSpecification\",\"valueRequired\":true,\"valueName\":\"search_term_string\"}}],\"inLanguage\":\"it-IT\"},{\"@type\":\"Person\",\"@id\":\"https:\/\/web.quotidianopiemontese.it\/cultura-arte-e-spettacolo-a-torino\/#\/schema\/person\/b035109a4cc7d3e93911b78d8cebf3a0\",\"name\":\"Emanuele Rebuffini\",\"image\":{\"@type\":\"ImageObject\",\"inLanguage\":\"it-IT\",\"@id\":\"https:\/\/web.quotidianopiemontese.it\/cultura-arte-e-spettacolo-a-torino\/#\/schema\/person\/image\/\",\"url\":\"https:\/\/secure.gravatar.com\/avatar\/519a0a38be4cbbcf40fb5bc1b1173a85af291a3a8697df454a94ad7e05574628?s=96&d=mm&r=g\",\"contentUrl\":\"https:\/\/secure.gravatar.com\/avatar\/519a0a38be4cbbcf40fb5bc1b1173a85af291a3a8697df454a94ad7e05574628?s=96&d=mm&r=g\",\"caption\":\"Emanuele Rebuffini\"},\"sameAs\":[\"http:\/\/www.quotidianopiemontese.it\/cultura-arte-e-spettacolo-a-torino\/\"],\"url\":\"https:\/\/web.quotidianopiemontese.it\/cultura-arte-e-spettacolo-a-torino\/author\/emanuelerebuffini\/\"}]}<\/script>\n<!-- \/ Yoast SEO plugin. -->","yoast_head_json":{"title":"Folk Club: dai Fratelli Mancuso a Max Manfredi al via la XXXIII stagione - 7 Ottobre 2021","description":"Folk Club: dai Fratelli Mancuso a Max Manfredi al via la XXXIII stagione - Cultura, Arte e Spettacolo a Torino - Il Folk Club riparte dalla stagione numero XXXIII, quella mai andata in scena causa pandemia. Si inizia venerd\u00ec 8 ottobre quando sul palco dello storico - Folk Club","robots":{"index":"index","follow":"follow","max-snippet":"max-snippet:-1","max-image-preview":"max-image-preview:large","max-video-preview":"max-video-preview:-1"},"canonical":"https:\/\/web.quotidianopiemontese.it\/cultura-arte-e-spettacolo-a-torino\/folk-club-dai-fratelli-mancuso-max-manfredi-al-via-la-xxxiii-stagione\/","og_locale":"it_IT","og_type":"article","og_title":"Folk Club: dai Fratelli Mancuso a Max Manfredi al via la XXXIII stagione - 7 Ottobre 2021","og_description":"Folk Club: dai Fratelli Mancuso a Max Manfredi al via la XXXIII stagione - Cultura, Arte e Spettacolo a Torino - Il Folk Club riparte dalla stagione numero XXXIII, quella mai andata in scena causa pandemia. Si inizia venerd\u00ec 8 ottobre quando sul palco dello storico - Folk Club","og_url":"https:\/\/web.quotidianopiemontese.it\/cultura-arte-e-spettacolo-a-torino\/folk-club-dai-fratelli-mancuso-max-manfredi-al-via-la-xxxiii-stagione\/","og_site_name":"Cultura, Arte e Spettacolo a Torino","article_publisher":"https:\/\/www.facebook.com\/quotidianopiemontese?fref=ts","article_published_time":"2021-10-07T14:22:43+00:00","article_modified_time":"2021-10-07T14:23:51+00:00","og_image":[{"width":1890,"height":1260,"url":"https:\/\/web.quotidianopiemontese.it\/cultura-arte-e-spettacolo-a-torino\/files\/2021\/10\/Fratelli-Mancuso-6.jpg","type":"image\/jpeg"}],"author":"Emanuele Rebuffini","twitter_misc":{"Scritto da":"Emanuele Rebuffini","Tempo di lettura stimato":"4 minuti"},"schema":{"@context":"https:\/\/schema.org","@graph":[{"@type":"Article","@id":"https:\/\/web.quotidianopiemontese.it\/cultura-arte-e-spettacolo-a-torino\/folk-club-dai-fratelli-mancuso-max-manfredi-al-via-la-xxxiii-stagione\/#article","isPartOf":{"@id":"https:\/\/web.quotidianopiemontese.it\/cultura-arte-e-spettacolo-a-torino\/folk-club-dai-fratelli-mancuso-max-manfredi-al-via-la-xxxiii-stagione\/"},"author":{"name":"Emanuele Rebuffini","@id":"https:\/\/web.quotidianopiemontese.it\/cultura-arte-e-spettacolo-a-torino\/#\/schema\/person\/b035109a4cc7d3e93911b78d8cebf3a0"},"headline":"Folk Club: dai Fratelli Mancuso a Max Manfredi al via la XXXIII stagione","datePublished":"2021-10-07T14:22:43+00:00","dateModified":"2021-10-07T14:23:51+00:00","mainEntityOfPage":{"@id":"https:\/\/web.quotidianopiemontese.it\/cultura-arte-e-spettacolo-a-torino\/folk-club-dai-fratelli-mancuso-max-manfredi-al-via-la-xxxiii-stagione\/"},"wordCount":720,"commentCount":0,"image":{"@id":"https:\/\/web.quotidianopiemontese.it\/cultura-arte-e-spettacolo-a-torino\/folk-club-dai-fratelli-mancuso-max-manfredi-al-via-la-xxxiii-stagione\/#primaryimage"},"thumbnailUrl":"https:\/\/web.quotidianopiemontese.it\/cultura-arte-e-spettacolo-a-torino\/files\/2021\/10\/Fratelli-Mancuso-6.jpg","keywords":["Folk Club"],"articleSection":["Cultura, arte, spettacolo"],"inLanguage":"it-IT","potentialAction":[{"@type":"CommentAction","name":"Comment","target":["https:\/\/web.quotidianopiemontese.it\/cultura-arte-e-spettacolo-a-torino\/folk-club-dai-fratelli-mancuso-max-manfredi-al-via-la-xxxiii-stagione\/#respond"]}]},{"@type":"WebPage","@id":"https:\/\/web.quotidianopiemontese.it\/cultura-arte-e-spettacolo-a-torino\/folk-club-dai-fratelli-mancuso-max-manfredi-al-via-la-xxxiii-stagione\/","url":"https:\/\/web.quotidianopiemontese.it\/cultura-arte-e-spettacolo-a-torino\/folk-club-dai-fratelli-mancuso-max-manfredi-al-via-la-xxxiii-stagione\/","name":"Folk Club: dai Fratelli Mancuso a Max Manfredi al via la XXXIII stagione - 7 Ottobre 2021","isPartOf":{"@id":"https:\/\/web.quotidianopiemontese.it\/cultura-arte-e-spettacolo-a-torino\/#website"},"primaryImageOfPage":{"@id":"https:\/\/web.quotidianopiemontese.it\/cultura-arte-e-spettacolo-a-torino\/folk-club-dai-fratelli-mancuso-max-manfredi-al-via-la-xxxiii-stagione\/#primaryimage"},"image":{"@id":"https:\/\/web.quotidianopiemontese.it\/cultura-arte-e-spettacolo-a-torino\/folk-club-dai-fratelli-mancuso-max-manfredi-al-via-la-xxxiii-stagione\/#primaryimage"},"thumbnailUrl":"https:\/\/web.quotidianopiemontese.it\/cultura-arte-e-spettacolo-a-torino\/files\/2021\/10\/Fratelli-Mancuso-6.jpg","datePublished":"2021-10-07T14:22:43+00:00","dateModified":"2021-10-07T14:23:51+00:00","author":{"@id":"https:\/\/web.quotidianopiemontese.it\/cultura-arte-e-spettacolo-a-torino\/#\/schema\/person\/b035109a4cc7d3e93911b78d8cebf3a0"},"description":"Folk Club: dai Fratelli Mancuso a Max Manfredi al via la XXXIII stagione - Cultura, Arte e Spettacolo a Torino - Il Folk Club riparte dalla stagione numero XXXIII, quella mai andata in scena causa pandemia. Si inizia venerd\u00ec 8 ottobre quando sul palco dello storico - Folk Club","inLanguage":"it-IT","potentialAction":[{"@type":"ReadAction","target":["https:\/\/web.quotidianopiemontese.it\/cultura-arte-e-spettacolo-a-torino\/folk-club-dai-fratelli-mancuso-max-manfredi-al-via-la-xxxiii-stagione\/"]}]},{"@type":"ImageObject","inLanguage":"it-IT","@id":"https:\/\/web.quotidianopiemontese.it\/cultura-arte-e-spettacolo-a-torino\/folk-club-dai-fratelli-mancuso-max-manfredi-al-via-la-xxxiii-stagione\/#primaryimage","url":"https:\/\/web.quotidianopiemontese.it\/cultura-arte-e-spettacolo-a-torino\/files\/2021\/10\/Fratelli-Mancuso-6.jpg","contentUrl":"https:\/\/web.quotidianopiemontese.it\/cultura-arte-e-spettacolo-a-torino\/files\/2021\/10\/Fratelli-Mancuso-6.jpg","width":1890,"height":1260},{"@type":"WebSite","@id":"https:\/\/web.quotidianopiemontese.it\/cultura-arte-e-spettacolo-a-torino\/#website","url":"https:\/\/web.quotidianopiemontese.it\/cultura-arte-e-spettacolo-a-torino\/","name":"Cultura, Arte e Spettacolo a Torino","description":"Quotidiano Piemontese","potentialAction":[{"@type":"SearchAction","target":{"@type":"EntryPoint","urlTemplate":"https:\/\/web.quotidianopiemontese.it\/cultura-arte-e-spettacolo-a-torino\/?s={search_term_string}"},"query-input":{"@type":"PropertyValueSpecification","valueRequired":true,"valueName":"search_term_string"}}],"inLanguage":"it-IT"},{"@type":"Person","@id":"https:\/\/web.quotidianopiemontese.it\/cultura-arte-e-spettacolo-a-torino\/#\/schema\/person\/b035109a4cc7d3e93911b78d8cebf3a0","name":"Emanuele Rebuffini","image":{"@type":"ImageObject","inLanguage":"it-IT","@id":"https:\/\/web.quotidianopiemontese.it\/cultura-arte-e-spettacolo-a-torino\/#\/schema\/person\/image\/","url":"https:\/\/secure.gravatar.com\/avatar\/519a0a38be4cbbcf40fb5bc1b1173a85af291a3a8697df454a94ad7e05574628?s=96&d=mm&r=g","contentUrl":"https:\/\/secure.gravatar.com\/avatar\/519a0a38be4cbbcf40fb5bc1b1173a85af291a3a8697df454a94ad7e05574628?s=96&d=mm&r=g","caption":"Emanuele Rebuffini"},"sameAs":["http:\/\/www.quotidianopiemontese.it\/cultura-arte-e-spettacolo-a-torino\/"],"url":"https:\/\/web.quotidianopiemontese.it\/cultura-arte-e-spettacolo-a-torino\/author\/emanuelerebuffini\/"}]}},"_links":{"self":[{"href":"https:\/\/web.quotidianopiemontese.it\/cultura-arte-e-spettacolo-a-torino\/wp-json\/wp\/v2\/posts\/825","targetHints":{"allow":["GET"]}}],"collection":[{"href":"https:\/\/web.quotidianopiemontese.it\/cultura-arte-e-spettacolo-a-torino\/wp-json\/wp\/v2\/posts"}],"about":[{"href":"https:\/\/web.quotidianopiemontese.it\/cultura-arte-e-spettacolo-a-torino\/wp-json\/wp\/v2\/types\/post"}],"author":[{"embeddable":true,"href":"https:\/\/web.quotidianopiemontese.it\/cultura-arte-e-spettacolo-a-torino\/wp-json\/wp\/v2\/users\/1361"}],"replies":[{"embeddable":true,"href":"https:\/\/web.quotidianopiemontese.it\/cultura-arte-e-spettacolo-a-torino\/wp-json\/wp\/v2\/comments?post=825"}],"version-history":[{"count":0,"href":"https:\/\/web.quotidianopiemontese.it\/cultura-arte-e-spettacolo-a-torino\/wp-json\/wp\/v2\/posts\/825\/revisions"}],"wp:featuredmedia":[{"embeddable":true,"href":"https:\/\/web.quotidianopiemontese.it\/cultura-arte-e-spettacolo-a-torino\/wp-json\/wp\/v2\/media\/826"}],"wp:attachment":[{"href":"https:\/\/web.quotidianopiemontese.it\/cultura-arte-e-spettacolo-a-torino\/wp-json\/wp\/v2\/media?parent=825"}],"wp:term":[{"taxonomy":"category","embeddable":true,"href":"https:\/\/web.quotidianopiemontese.it\/cultura-arte-e-spettacolo-a-torino\/wp-json\/wp\/v2\/categories?post=825"},{"taxonomy":"post_tag","embeddable":true,"href":"https:\/\/web.quotidianopiemontese.it\/cultura-arte-e-spettacolo-a-torino\/wp-json\/wp\/v2\/tags?post=825"}],"curies":[{"name":"wp","href":"https:\/\/api.w.org\/{rel}","templated":true}]}}