{"id":815,"date":"2021-09-06T11:30:16","date_gmt":"2021-09-06T09:30:16","guid":{"rendered":"http:\/\/web.quotidianopiemontese.it\/cultura-arte-e-spettacolo-a-torino\/?p=815"},"modified":"2021-09-06T11:30:16","modified_gmt":"2021-09-06T09:30:16","slug":"jeans-maglietta-le-untold-stories-peter-lindbergh","status":"publish","type":"post","link":"https:\/\/web.quotidianopiemontese.it\/cultura-arte-e-spettacolo-a-torino\/jeans-maglietta-le-untold-stories-peter-lindbergh\/","title":{"rendered":"Jeans e maglietta. Le \u00abUntold Stories\u00bb di Peter Lindbergh"},"content":{"rendered":"<p>Gennaio 1990: sulla copertina di <strong>British Vogue<\/strong> un gruppo di giovani modelle sono ritratte per strada, poco trucco, vestite in jeans e maglietta. Sono Linda Evangelista, Naomi Campbell, Christy Turlington, Tatjana Patitz e Cindy Crawford. <!--more-->Uno scatto che segna l\u2019inizio del fenomeno delle supermodelle, ritratte in quel modo sorprendentemente familiare da <strong>Peter Lindbergh<\/strong> (Leszno, 1944-Parigi, 2019), protagonista assoluto della storia della fotografia, autore di ritratti in\u00a0bianco e nero duri e pastosi divenuti iconici <em>(\u201camo il nero perch\u00e9 per me \u00e8 il colore della felicit\u00e0\u2026soprattutto i ritratti appaiono pi\u00f9 forti, connessi alla verit\u00e0 pi\u00f9 profonda\u201d).<\/em> Ritratti con i quali ha ridefinito i parametri della fotografia di moda e della cultura contemporanea <em>(\u201cla fotografia \u00e8 molto pi\u00f9 grande della moda, fa parte della cultura contemporanea\u201d),<\/em> introducendo una sorta di \u201crealismo\u201d, facendo emergere una bellezza semplice e naturale, affatto artificiosa, privilegiando i tratti caratteriali.<\/p>\n<figure id=\"attachment_818\" aria-describedby=\"caption-attachment-818\" style=\"width: 201px\" class=\"wp-caption alignnone\"><a href=\"http:\/\/web.quotidianopiemontese.it\/cultura-arte-e-spettacolo-a-torino\/files\/2021\/09\/Peter-Lindbergh-_-Linda-Evangelista-Michaela-Bercu-and-Kirsten-Owen-Pont-\u00e0-Mousson-1988-\u00a9-Peter-Lindbergh-courtesy-Peter-Lindbergh-Paris.jpg\"><img loading=\"lazy\" decoding=\"async\" class=\"size-medium wp-image-818\" src=\"http:\/\/web.quotidianopiemontese.it\/cultura-arte-e-spettacolo-a-torino\/files\/2021\/09\/Peter-Lindbergh-_-Linda-Evangelista-Michaela-Bercu-and-Kirsten-Owen-Pont-\u00e0-Mousson-1988-\u00a9-Peter-Lindbergh-courtesy-Peter-Lindbergh-Paris-201x300.jpg\" alt=\"\" width=\"201\" height=\"300\" srcset=\"https:\/\/web.quotidianopiemontese.it\/cultura-arte-e-spettacolo-a-torino\/files\/2021\/09\/Peter-Lindbergh-_-Linda-Evangelista-Michaela-Bercu-and-Kirsten-Owen-Pont-\u00e0-Mousson-1988-\u00a9-Peter-Lindbergh-courtesy-Peter-Lindbergh-Paris-201x300.jpg 201w, https:\/\/web.quotidianopiemontese.it\/cultura-arte-e-spettacolo-a-torino\/files\/2021\/09\/Peter-Lindbergh-_-Linda-Evangelista-Michaela-Bercu-and-Kirsten-Owen-Pont-\u00e0-Mousson-1988-\u00a9-Peter-Lindbergh-courtesy-Peter-Lindbergh-Paris.jpg 670w\" sizes=\"auto, (max-width: 201px) 85vw, 201px\" \/><\/a><figcaption id=\"caption-attachment-818\" class=\"wp-caption-text\"><em>Peter Lindbergh, Linda Evangelista, Michaela Bercu and Kirsten Owen, Pont-\u00e0-Mousson, 1988. \u00a9Peter Lindbergh, courtesy-Peter Lindbergh, Paris<\/em><\/figcaption><\/figure>\n<p>La mostra <strong>\u00abPeter Lindbergh: Untold Stories\u00bb,<\/strong> ospitata fino al 3 ottobre ad <strong>ARTiglieria Con\/temporary Art Center<\/strong>, in via Verdi 5, a Torino, \u00e8 stata curata in prima persona dallo stesso artista prima della sua scomparsa, ed \u00e8 il frutto della collaborazione con il <strong>Kunstpalast <\/strong>di D\u00fcsseldorf e con la <strong>Peter Lindbergh Foundation<\/strong> di Parigi. Un evento con il quale <strong>Paratissima<\/strong> inaugura un ciclo di mostre internazionali dedicate a ritratti di grandi artisti contemporanei.<\/p>\n<figure id=\"attachment_819\" aria-describedby=\"caption-attachment-819\" style=\"width: 300px\" class=\"wp-caption alignnone\"><a href=\"http:\/\/web.quotidianopiemontese.it\/cultura-arte-e-spettacolo-a-torino\/files\/2021\/09\/Peter-Lindbergh-_-Olya-Ivanisevic-Romina-Lanaro-Los-Angeles-2006-\u00a9-Peter-Lindbergh-courtesy-Peter-Lindbergh-Paris.jpg.jpg\"><img loading=\"lazy\" decoding=\"async\" class=\"size-medium wp-image-819\" src=\"http:\/\/web.quotidianopiemontese.it\/cultura-arte-e-spettacolo-a-torino\/files\/2021\/09\/Peter-Lindbergh-_-Olya-Ivanisevic-Romina-Lanaro-Los-Angeles-2006-\u00a9-Peter-Lindbergh-courtesy-Peter-Lindbergh-Paris.jpg-300x199.jpg\" alt=\"\" width=\"300\" height=\"199\" srcset=\"https:\/\/web.quotidianopiemontese.it\/cultura-arte-e-spettacolo-a-torino\/files\/2021\/09\/Peter-Lindbergh-_-Olya-Ivanisevic-Romina-Lanaro-Los-Angeles-2006-\u00a9-Peter-Lindbergh-courtesy-Peter-Lindbergh-Paris.jpg-300x199.jpg 300w, https:\/\/web.quotidianopiemontese.it\/cultura-arte-e-spettacolo-a-torino\/files\/2021\/09\/Peter-Lindbergh-_-Olya-Ivanisevic-Romina-Lanaro-Los-Angeles-2006-\u00a9-Peter-Lindbergh-courtesy-Peter-Lindbergh-Paris.jpg-768x510.jpg 768w, https:\/\/web.quotidianopiemontese.it\/cultura-arte-e-spettacolo-a-torino\/files\/2021\/09\/Peter-Lindbergh-_-Olya-Ivanisevic-Romina-Lanaro-Los-Angeles-2006-\u00a9-Peter-Lindbergh-courtesy-Peter-Lindbergh-Paris.jpg-600x400.jpg 600w, https:\/\/web.quotidianopiemontese.it\/cultura-arte-e-spettacolo-a-torino\/files\/2021\/09\/Peter-Lindbergh-_-Olya-Ivanisevic-Romina-Lanaro-Los-Angeles-2006-\u00a9-Peter-Lindbergh-courtesy-Peter-Lindbergh-Paris.jpg.jpg 1000w\" sizes=\"auto, (max-width: 300px) 85vw, 300px\" \/><\/a><figcaption id=\"caption-attachment-819\" class=\"wp-caption-text\"><em>Peter Lindbergh, Olya Ivanisevic, Romina Lanaro, Los Angeles 2006 \u00a9Peter Lindbergh, courtesy Peter Lindbergh, Paris<\/em><\/figcaption><\/figure>\n<p><strong>\u00abUntold Stories\u00bb <\/strong>\u00e8 un omaggio a<strong> Peter Lindbergh<\/strong> e al tempo stesso un autoritratto, <strong>\u00ab<\/strong>una mostra intima, quasi un testamento inconsapevole<strong>\u00bb <\/strong>(Olga Gambari): <strong>140 fotografie<\/strong> selezionate dall\u2019artista immergendosi negli archivi di quarant\u2019anni di lavoro, alcune famose, altre mai prima esposte, e che ora, tutte insieme, danno vita ad un avvolgente e suggestivo percorso e offrono una visione profonda della sua vasta opera, mostrando lati inaspettati e storie inedite.<\/p>\n<figure id=\"attachment_820\" aria-describedby=\"caption-attachment-820\" style=\"width: 300px\" class=\"wp-caption alignnone\"><a href=\"http:\/\/web.quotidianopiemontese.it\/cultura-arte-e-spettacolo-a-torino\/files\/2021\/09\/Peter-Lindbergh-_-Sabisha-Friedberg-_-Jessica-Stam-Paris-2007-\u00a9-Peter-Lindbergh-courtesy-of-Peter-Lindbergh-Foundation-Paris.jpg\"><img loading=\"lazy\" decoding=\"async\" class=\"size-medium wp-image-820\" src=\"http:\/\/web.quotidianopiemontese.it\/cultura-arte-e-spettacolo-a-torino\/files\/2021\/09\/Peter-Lindbergh-_-Sabisha-Friedberg-_-Jessica-Stam-Paris-2007-\u00a9-Peter-Lindbergh-courtesy-of-Peter-Lindbergh-Foundation-Paris-300x199.jpg\" alt=\"\" width=\"300\" height=\"199\" srcset=\"https:\/\/web.quotidianopiemontese.it\/cultura-arte-e-spettacolo-a-torino\/files\/2021\/09\/Peter-Lindbergh-_-Sabisha-Friedberg-_-Jessica-Stam-Paris-2007-\u00a9-Peter-Lindbergh-courtesy-of-Peter-Lindbergh-Foundation-Paris-300x199.jpg 300w, https:\/\/web.quotidianopiemontese.it\/cultura-arte-e-spettacolo-a-torino\/files\/2021\/09\/Peter-Lindbergh-_-Sabisha-Friedberg-_-Jessica-Stam-Paris-2007-\u00a9-Peter-Lindbergh-courtesy-of-Peter-Lindbergh-Foundation-Paris-768x508.jpg 768w, https:\/\/web.quotidianopiemontese.it\/cultura-arte-e-spettacolo-a-torino\/files\/2021\/09\/Peter-Lindbergh-_-Sabisha-Friedberg-_-Jessica-Stam-Paris-2007-\u00a9-Peter-Lindbergh-courtesy-of-Peter-Lindbergh-Foundation-Paris-600x400.jpg 600w, https:\/\/web.quotidianopiemontese.it\/cultura-arte-e-spettacolo-a-torino\/files\/2021\/09\/Peter-Lindbergh-_-Sabisha-Friedberg-_-Jessica-Stam-Paris-2007-\u00a9-Peter-Lindbergh-courtesy-of-Peter-Lindbergh-Foundation-Paris.jpg 1000w\" sizes=\"auto, (max-width: 300px) 85vw, 300px\" \/><\/a><figcaption id=\"caption-attachment-820\" class=\"wp-caption-text\"><em>Peter Lindbergh, Sabisha Friedberg, Jessica Stam, Paris, 2007 \u00a9Peter Lindbergh, courtesy of Peter-Lindbergh Foundation, Paris<\/em><\/figcaption><\/figure>\n<p>Nato nel 1944 in Polonia, <strong>Peter Lindbergh<\/strong> era di nazionalit\u00e0 tedesca, crebbe a Duisburg per poi trasferirsi a Parigi alla fine degli anni \u201870, dove inizia una carriera che lo vedr\u00e0 immortalare top model e celebrities come Naomi Campbell, Linda Evangelista, Cindy Crawford, Milla Jovovich, Kate Moss, Stephanie Seymour, Kate Winslet, Nastassja Kinski, Eva Herzigova,\u00a0Isabella Rossellini e Monica Bellucci, e collaborare con i brand pi\u00f9 prestigiosi (firmando anche tre edizioni del Calendario Pirelli), le riviste di moda pi\u00f9 importanti, tra cui Vogue,\u00a0Vanity Fair,\u00a0Harper\u2019s Bazaar, Marie Claire, nonch\u00e9 con The New Yorker, Interview, Rolling Stone e Wall Street Journal.<\/p>\n<figure id=\"attachment_821\" aria-describedby=\"caption-attachment-821\" style=\"width: 300px\" class=\"wp-caption alignnone\"><a href=\"http:\/\/web.quotidianopiemontese.it\/cultura-arte-e-spettacolo-a-torino\/files\/2021\/09\/Peter-Lindbergh-_-Mariacarla-Boscono-Paris-2015-\u00a9-Peter-Lindbergh-courtesy-Peter-Lindbergh-Paris.jpg.jpg\"><img loading=\"lazy\" decoding=\"async\" class=\"size-medium wp-image-821\" src=\"http:\/\/web.quotidianopiemontese.it\/cultura-arte-e-spettacolo-a-torino\/files\/2021\/09\/Peter-Lindbergh-_-Mariacarla-Boscono-Paris-2015-\u00a9-Peter-Lindbergh-courtesy-Peter-Lindbergh-Paris.jpg-300x200.jpg\" alt=\"\" width=\"300\" height=\"200\" srcset=\"https:\/\/web.quotidianopiemontese.it\/cultura-arte-e-spettacolo-a-torino\/files\/2021\/09\/Peter-Lindbergh-_-Mariacarla-Boscono-Paris-2015-\u00a9-Peter-Lindbergh-courtesy-Peter-Lindbergh-Paris.jpg-300x200.jpg 300w, https:\/\/web.quotidianopiemontese.it\/cultura-arte-e-spettacolo-a-torino\/files\/2021\/09\/Peter-Lindbergh-_-Mariacarla-Boscono-Paris-2015-\u00a9-Peter-Lindbergh-courtesy-Peter-Lindbergh-Paris.jpg-768x512.jpg 768w, https:\/\/web.quotidianopiemontese.it\/cultura-arte-e-spettacolo-a-torino\/files\/2021\/09\/Peter-Lindbergh-_-Mariacarla-Boscono-Paris-2015-\u00a9-Peter-Lindbergh-courtesy-Peter-Lindbergh-Paris.jpg-600x400.jpg 600w, https:\/\/web.quotidianopiemontese.it\/cultura-arte-e-spettacolo-a-torino\/files\/2021\/09\/Peter-Lindbergh-_-Mariacarla-Boscono-Paris-2015-\u00a9-Peter-Lindbergh-courtesy-Peter-Lindbergh-Paris.jpg.jpg 1000w\" sizes=\"auto, (max-width: 300px) 85vw, 300px\" \/><\/a><figcaption id=\"caption-attachment-821\" class=\"wp-caption-text\"><em>Peter Lindbergh, Mariacarla Boscono, Paris, 2015 @Peter Lindbergh, courtesy Peter Lindbergh, Paris<\/em><\/figcaption><\/figure>\n<p>La mostra si chiude con la video-installazione <strong>Testament<\/strong> (2014): lo scambio silenzioso della durata di 35 minuti tra la telecamera di <strong>Peter Lindbergh<\/strong> ed Elmer Carroll, detenuto nel braccio della morte della Florida, il cui sguardo fisso nasconde anch\u2019esso la sua <em>untold story<\/em>.<\/p>\n<blockquote class=\"wp-embedded-content\" data-secret=\"85FiY6QvdN\"><p><a href=\"https:\/\/www.paratissima.it\/\">Paratissima | PRS Paratissima Produzioni &#038; Servizi<\/a><\/p><\/blockquote>\n<p><iframe loading=\"lazy\" class=\"wp-embedded-content\" sandbox=\"allow-scripts\" security=\"restricted\" style=\"position: absolute; clip: rect(1px, 1px, 1px, 1px);\" title=\"&#8220;Paratissima | PRS Paratissima Produzioni &#038; Servizi&#8221; &#8212; Paratissima\" src=\"https:\/\/www.paratissima.it\/embed\/#?secret=85FiY6QvdN\" data-secret=\"85FiY6QvdN\" width=\"600\" height=\"338\" frameborder=\"0\" marginwidth=\"0\" marginheight=\"0\" scrolling=\"no\"><\/iframe><\/p>\n<p><strong>Emanuele Rebuffini<\/strong><\/p>\n<figure id=\"attachment_822\" aria-describedby=\"caption-attachment-822\" style=\"width: 200px\" class=\"wp-caption alignnone\"><a href=\"http:\/\/web.quotidianopiemontese.it\/cultura-arte-e-spettacolo-a-torino\/files\/2021\/09\/Peter-Lindbergh-_-Querelle-Jansen-Paris-2012-\u00a9-Peter-Lindbergh-courtesy-of-Peter-Lindbergh-Foundation-Paris.jpg\"><img loading=\"lazy\" decoding=\"async\" class=\"size-medium wp-image-822\" src=\"http:\/\/web.quotidianopiemontese.it\/cultura-arte-e-spettacolo-a-torino\/files\/2021\/09\/Peter-Lindbergh-_-Querelle-Jansen-Paris-2012-\u00a9-Peter-Lindbergh-courtesy-of-Peter-Lindbergh-Foundation-Paris-200x300.jpg\" alt=\"\" width=\"200\" height=\"300\" srcset=\"https:\/\/web.quotidianopiemontese.it\/cultura-arte-e-spettacolo-a-torino\/files\/2021\/09\/Peter-Lindbergh-_-Querelle-Jansen-Paris-2012-\u00a9-Peter-Lindbergh-courtesy-of-Peter-Lindbergh-Foundation-Paris-200x300.jpg 200w, https:\/\/web.quotidianopiemontese.it\/cultura-arte-e-spettacolo-a-torino\/files\/2021\/09\/Peter-Lindbergh-_-Querelle-Jansen-Paris-2012-\u00a9-Peter-Lindbergh-courtesy-of-Peter-Lindbergh-Foundation-Paris.jpg 666w\" sizes=\"auto, (max-width: 200px) 85vw, 200px\" \/><\/a><figcaption id=\"caption-attachment-822\" class=\"wp-caption-text\"><em>Peter Lindbergh, Querelle Jansen, Paris, 2012 \u00a9 Peter Lindbergh (courtesy of Peter Lindbergh Foundation, Paris)<\/em><\/figcaption><\/figure>\n<p>&nbsp;<\/p>\n<p>&nbsp;<\/p>\n<p>&nbsp;<\/p>\n<p>&nbsp;<\/p>\n<p>&nbsp;<\/p>\n<p>&nbsp;<\/p>\n","protected":false},"excerpt":{"rendered":"<p>Gennaio 1990: sulla copertina di British Vogue un gruppo di giovani modelle sono ritratte per strada, poco trucco, vestite in jeans e maglietta. Sono Linda Evangelista, Naomi Campbell, Christy Turlington, Tatjana Patitz e Cindy Crawford.<\/p>\n","protected":false},"author":1361,"featured_media":816,"comment_status":"open","ping_status":"open","sticky":false,"template":"","format":"standard","meta":{"footnotes":""},"categories":[1],"tags":[188,187],"class_list":["post-815","post","type-post","status-publish","format-standard","has-post-thumbnail","hentry","category-cultura-arte-spettacolo","tag-paratissima","tag-peter-lindbergh"],"yoast_head":"<!-- This site is optimized with the Yoast SEO plugin v27.1.1 - https:\/\/yoast.com\/product\/yoast-seo-wordpress\/ -->\n<title>Jeans e maglietta. Le \u00abUntold Stories\u00bb di Peter Lindbergh - 6 Settembre 2021<\/title>\n<meta name=\"description\" content=\"Jeans e maglietta. Le \u00abUntold Stories\u00bb di Peter Lindbergh - Cultura, Arte e Spettacolo a Torino - Gennaio 1990: sulla copertina di British Vogue un gruppo di giovani modelle sono ritratte per strada, poco trucco, vestite in jeans e maglietta. Sono - Paratissima, Peter Lindbergh\" \/>\n<meta name=\"robots\" content=\"index, follow, max-snippet:-1, max-image-preview:large, max-video-preview:-1\" \/>\n<link rel=\"canonical\" href=\"http:\/\/web.quotidianopiemontese.it\/cultura-arte-e-spettacolo-a-torino\/jeans-maglietta-le-untold-stories-peter-lindbergh\/\" \/>\n<meta property=\"og:locale\" content=\"it_IT\" \/>\n<meta property=\"og:type\" content=\"article\" \/>\n<meta property=\"og:title\" content=\"Jeans e maglietta. Le \u00abUntold Stories\u00bb di Peter Lindbergh - 6 Settembre 2021\" \/>\n<meta property=\"og:description\" content=\"Jeans e maglietta. Le \u00abUntold Stories\u00bb di Peter Lindbergh - Cultura, Arte e Spettacolo a Torino - Gennaio 1990: sulla copertina di British Vogue un gruppo di giovani modelle sono ritratte per strada, poco trucco, vestite in jeans e maglietta. Sono - Paratissima, Peter Lindbergh\" \/>\n<meta property=\"og:url\" content=\"http:\/\/web.quotidianopiemontese.it\/cultura-arte-e-spettacolo-a-torino\/jeans-maglietta-le-untold-stories-peter-lindbergh\/\" \/>\n<meta property=\"og:site_name\" content=\"Cultura, Arte e Spettacolo a Torino\" \/>\n<meta property=\"article:publisher\" content=\"https:\/\/www.facebook.com\/quotidianopiemontese?fref=ts\" \/>\n<meta property=\"article:published_time\" content=\"2021-09-06T09:30:16+00:00\" \/>\n<meta property=\"og:image\" content=\"http:\/\/web.quotidianopiemontese.it\/cultura-arte-e-spettacolo-a-torino\/files\/2021\/09\/vogue2.jpg\" \/>\n\t<meta property=\"og:image:width\" content=\"1280\" \/>\n\t<meta property=\"og:image:height\" content=\"1280\" \/>\n\t<meta property=\"og:image:type\" content=\"image\/jpeg\" \/>\n<meta name=\"author\" content=\"Emanuele Rebuffini\" \/>\n<meta name=\"twitter:label1\" content=\"Scritto da\" \/>\n\t<meta name=\"twitter:data1\" content=\"Emanuele Rebuffini\" \/>\n\t<meta name=\"twitter:label2\" content=\"Tempo di lettura stimato\" \/>\n\t<meta name=\"twitter:data2\" content=\"3 minuti\" \/>\n<script type=\"application\/ld+json\" class=\"yoast-schema-graph\">{\"@context\":\"https:\/\/schema.org\",\"@graph\":[{\"@type\":\"Article\",\"@id\":\"http:\/\/web.quotidianopiemontese.it\/cultura-arte-e-spettacolo-a-torino\/jeans-maglietta-le-untold-stories-peter-lindbergh\/#article\",\"isPartOf\":{\"@id\":\"http:\/\/web.quotidianopiemontese.it\/cultura-arte-e-spettacolo-a-torino\/jeans-maglietta-le-untold-stories-peter-lindbergh\/\"},\"author\":{\"name\":\"Emanuele Rebuffini\",\"@id\":\"https:\/\/web.quotidianopiemontese.it\/cultura-arte-e-spettacolo-a-torino\/#\/schema\/person\/b035109a4cc7d3e93911b78d8cebf3a0\"},\"headline\":\"Jeans e maglietta. Le \u00abUntold Stories\u00bb di Peter Lindbergh\",\"datePublished\":\"2021-09-06T09:30:16+00:00\",\"mainEntityOfPage\":{\"@id\":\"http:\/\/web.quotidianopiemontese.it\/cultura-arte-e-spettacolo-a-torino\/jeans-maglietta-le-untold-stories-peter-lindbergh\/\"},\"wordCount\":545,\"commentCount\":0,\"image\":{\"@id\":\"http:\/\/web.quotidianopiemontese.it\/cultura-arte-e-spettacolo-a-torino\/jeans-maglietta-le-untold-stories-peter-lindbergh\/#primaryimage\"},\"thumbnailUrl\":\"https:\/\/web.quotidianopiemontese.it\/cultura-arte-e-spettacolo-a-torino\/files\/2021\/09\/vogue2.jpg\",\"keywords\":[\"Paratissima\",\"Peter Lindbergh\"],\"articleSection\":[\"Cultura, arte, spettacolo\"],\"inLanguage\":\"it-IT\",\"potentialAction\":[{\"@type\":\"CommentAction\",\"name\":\"Comment\",\"target\":[\"http:\/\/web.quotidianopiemontese.it\/cultura-arte-e-spettacolo-a-torino\/jeans-maglietta-le-untold-stories-peter-lindbergh\/#respond\"]}]},{\"@type\":\"WebPage\",\"@id\":\"http:\/\/web.quotidianopiemontese.it\/cultura-arte-e-spettacolo-a-torino\/jeans-maglietta-le-untold-stories-peter-lindbergh\/\",\"url\":\"http:\/\/web.quotidianopiemontese.it\/cultura-arte-e-spettacolo-a-torino\/jeans-maglietta-le-untold-stories-peter-lindbergh\/\",\"name\":\"Jeans e maglietta. Le \u00abUntold Stories\u00bb di Peter Lindbergh - 6 Settembre 2021\",\"isPartOf\":{\"@id\":\"https:\/\/web.quotidianopiemontese.it\/cultura-arte-e-spettacolo-a-torino\/#website\"},\"primaryImageOfPage\":{\"@id\":\"http:\/\/web.quotidianopiemontese.it\/cultura-arte-e-spettacolo-a-torino\/jeans-maglietta-le-untold-stories-peter-lindbergh\/#primaryimage\"},\"image\":{\"@id\":\"http:\/\/web.quotidianopiemontese.it\/cultura-arte-e-spettacolo-a-torino\/jeans-maglietta-le-untold-stories-peter-lindbergh\/#primaryimage\"},\"thumbnailUrl\":\"https:\/\/web.quotidianopiemontese.it\/cultura-arte-e-spettacolo-a-torino\/files\/2021\/09\/vogue2.jpg\",\"datePublished\":\"2021-09-06T09:30:16+00:00\",\"author\":{\"@id\":\"https:\/\/web.quotidianopiemontese.it\/cultura-arte-e-spettacolo-a-torino\/#\/schema\/person\/b035109a4cc7d3e93911b78d8cebf3a0\"},\"description\":\"Jeans e maglietta. Le \u00abUntold Stories\u00bb di Peter Lindbergh - Cultura, Arte e Spettacolo a Torino - Gennaio 1990: sulla copertina di British Vogue un gruppo di giovani modelle sono ritratte per strada, poco trucco, vestite in jeans e maglietta. Sono - Paratissima, Peter Lindbergh\",\"inLanguage\":\"it-IT\",\"potentialAction\":[{\"@type\":\"ReadAction\",\"target\":[\"http:\/\/web.quotidianopiemontese.it\/cultura-arte-e-spettacolo-a-torino\/jeans-maglietta-le-untold-stories-peter-lindbergh\/\"]}]},{\"@type\":\"ImageObject\",\"inLanguage\":\"it-IT\",\"@id\":\"http:\/\/web.quotidianopiemontese.it\/cultura-arte-e-spettacolo-a-torino\/jeans-maglietta-le-untold-stories-peter-lindbergh\/#primaryimage\",\"url\":\"https:\/\/web.quotidianopiemontese.it\/cultura-arte-e-spettacolo-a-torino\/files\/2021\/09\/vogue2.jpg\",\"contentUrl\":\"https:\/\/web.quotidianopiemontese.it\/cultura-arte-e-spettacolo-a-torino\/files\/2021\/09\/vogue2.jpg\",\"width\":1280,\"height\":1280},{\"@type\":\"WebSite\",\"@id\":\"https:\/\/web.quotidianopiemontese.it\/cultura-arte-e-spettacolo-a-torino\/#website\",\"url\":\"https:\/\/web.quotidianopiemontese.it\/cultura-arte-e-spettacolo-a-torino\/\",\"name\":\"Cultura, Arte e Spettacolo a Torino\",\"description\":\"Quotidiano Piemontese\",\"potentialAction\":[{\"@type\":\"SearchAction\",\"target\":{\"@type\":\"EntryPoint\",\"urlTemplate\":\"https:\/\/web.quotidianopiemontese.it\/cultura-arte-e-spettacolo-a-torino\/?s={search_term_string}\"},\"query-input\":{\"@type\":\"PropertyValueSpecification\",\"valueRequired\":true,\"valueName\":\"search_term_string\"}}],\"inLanguage\":\"it-IT\"},{\"@type\":\"Person\",\"@id\":\"https:\/\/web.quotidianopiemontese.it\/cultura-arte-e-spettacolo-a-torino\/#\/schema\/person\/b035109a4cc7d3e93911b78d8cebf3a0\",\"name\":\"Emanuele Rebuffini\",\"image\":{\"@type\":\"ImageObject\",\"inLanguage\":\"it-IT\",\"@id\":\"https:\/\/web.quotidianopiemontese.it\/cultura-arte-e-spettacolo-a-torino\/#\/schema\/person\/image\/\",\"url\":\"https:\/\/secure.gravatar.com\/avatar\/519a0a38be4cbbcf40fb5bc1b1173a85af291a3a8697df454a94ad7e05574628?s=96&d=mm&r=g\",\"contentUrl\":\"https:\/\/secure.gravatar.com\/avatar\/519a0a38be4cbbcf40fb5bc1b1173a85af291a3a8697df454a94ad7e05574628?s=96&d=mm&r=g\",\"caption\":\"Emanuele Rebuffini\"},\"sameAs\":[\"http:\/\/www.quotidianopiemontese.it\/cultura-arte-e-spettacolo-a-torino\/\"],\"url\":\"https:\/\/web.quotidianopiemontese.it\/cultura-arte-e-spettacolo-a-torino\/author\/emanuelerebuffini\/\"}]}<\/script>\n<!-- \/ Yoast SEO plugin. -->","yoast_head_json":{"title":"Jeans e maglietta. Le \u00abUntold Stories\u00bb di Peter Lindbergh - 6 Settembre 2021","description":"Jeans e maglietta. Le \u00abUntold Stories\u00bb di Peter Lindbergh - Cultura, Arte e Spettacolo a Torino - Gennaio 1990: sulla copertina di British Vogue un gruppo di giovani modelle sono ritratte per strada, poco trucco, vestite in jeans e maglietta. Sono - Paratissima, Peter Lindbergh","robots":{"index":"index","follow":"follow","max-snippet":"max-snippet:-1","max-image-preview":"max-image-preview:large","max-video-preview":"max-video-preview:-1"},"canonical":"http:\/\/web.quotidianopiemontese.it\/cultura-arte-e-spettacolo-a-torino\/jeans-maglietta-le-untold-stories-peter-lindbergh\/","og_locale":"it_IT","og_type":"article","og_title":"Jeans e maglietta. Le \u00abUntold Stories\u00bb di Peter Lindbergh - 6 Settembre 2021","og_description":"Jeans e maglietta. Le \u00abUntold Stories\u00bb di Peter Lindbergh - Cultura, Arte e Spettacolo a Torino - Gennaio 1990: sulla copertina di British Vogue un gruppo di giovani modelle sono ritratte per strada, poco trucco, vestite in jeans e maglietta. Sono - Paratissima, Peter Lindbergh","og_url":"http:\/\/web.quotidianopiemontese.it\/cultura-arte-e-spettacolo-a-torino\/jeans-maglietta-le-untold-stories-peter-lindbergh\/","og_site_name":"Cultura, Arte e Spettacolo a Torino","article_publisher":"https:\/\/www.facebook.com\/quotidianopiemontese?fref=ts","article_published_time":"2021-09-06T09:30:16+00:00","og_image":[{"width":1280,"height":1280,"url":"http:\/\/web.quotidianopiemontese.it\/cultura-arte-e-spettacolo-a-torino\/files\/2021\/09\/vogue2.jpg","type":"image\/jpeg"}],"author":"Emanuele Rebuffini","twitter_misc":{"Scritto da":"Emanuele Rebuffini","Tempo di lettura stimato":"3 minuti"},"schema":{"@context":"https:\/\/schema.org","@graph":[{"@type":"Article","@id":"http:\/\/web.quotidianopiemontese.it\/cultura-arte-e-spettacolo-a-torino\/jeans-maglietta-le-untold-stories-peter-lindbergh\/#article","isPartOf":{"@id":"http:\/\/web.quotidianopiemontese.it\/cultura-arte-e-spettacolo-a-torino\/jeans-maglietta-le-untold-stories-peter-lindbergh\/"},"author":{"name":"Emanuele Rebuffini","@id":"https:\/\/web.quotidianopiemontese.it\/cultura-arte-e-spettacolo-a-torino\/#\/schema\/person\/b035109a4cc7d3e93911b78d8cebf3a0"},"headline":"Jeans e maglietta. Le \u00abUntold Stories\u00bb di Peter Lindbergh","datePublished":"2021-09-06T09:30:16+00:00","mainEntityOfPage":{"@id":"http:\/\/web.quotidianopiemontese.it\/cultura-arte-e-spettacolo-a-torino\/jeans-maglietta-le-untold-stories-peter-lindbergh\/"},"wordCount":545,"commentCount":0,"image":{"@id":"http:\/\/web.quotidianopiemontese.it\/cultura-arte-e-spettacolo-a-torino\/jeans-maglietta-le-untold-stories-peter-lindbergh\/#primaryimage"},"thumbnailUrl":"https:\/\/web.quotidianopiemontese.it\/cultura-arte-e-spettacolo-a-torino\/files\/2021\/09\/vogue2.jpg","keywords":["Paratissima","Peter Lindbergh"],"articleSection":["Cultura, arte, spettacolo"],"inLanguage":"it-IT","potentialAction":[{"@type":"CommentAction","name":"Comment","target":["http:\/\/web.quotidianopiemontese.it\/cultura-arte-e-spettacolo-a-torino\/jeans-maglietta-le-untold-stories-peter-lindbergh\/#respond"]}]},{"@type":"WebPage","@id":"http:\/\/web.quotidianopiemontese.it\/cultura-arte-e-spettacolo-a-torino\/jeans-maglietta-le-untold-stories-peter-lindbergh\/","url":"http:\/\/web.quotidianopiemontese.it\/cultura-arte-e-spettacolo-a-torino\/jeans-maglietta-le-untold-stories-peter-lindbergh\/","name":"Jeans e maglietta. Le \u00abUntold Stories\u00bb di Peter Lindbergh - 6 Settembre 2021","isPartOf":{"@id":"https:\/\/web.quotidianopiemontese.it\/cultura-arte-e-spettacolo-a-torino\/#website"},"primaryImageOfPage":{"@id":"http:\/\/web.quotidianopiemontese.it\/cultura-arte-e-spettacolo-a-torino\/jeans-maglietta-le-untold-stories-peter-lindbergh\/#primaryimage"},"image":{"@id":"http:\/\/web.quotidianopiemontese.it\/cultura-arte-e-spettacolo-a-torino\/jeans-maglietta-le-untold-stories-peter-lindbergh\/#primaryimage"},"thumbnailUrl":"https:\/\/web.quotidianopiemontese.it\/cultura-arte-e-spettacolo-a-torino\/files\/2021\/09\/vogue2.jpg","datePublished":"2021-09-06T09:30:16+00:00","author":{"@id":"https:\/\/web.quotidianopiemontese.it\/cultura-arte-e-spettacolo-a-torino\/#\/schema\/person\/b035109a4cc7d3e93911b78d8cebf3a0"},"description":"Jeans e maglietta. Le \u00abUntold Stories\u00bb di Peter Lindbergh - Cultura, Arte e Spettacolo a Torino - Gennaio 1990: sulla copertina di British Vogue un gruppo di giovani modelle sono ritratte per strada, poco trucco, vestite in jeans e maglietta. Sono - Paratissima, Peter Lindbergh","inLanguage":"it-IT","potentialAction":[{"@type":"ReadAction","target":["http:\/\/web.quotidianopiemontese.it\/cultura-arte-e-spettacolo-a-torino\/jeans-maglietta-le-untold-stories-peter-lindbergh\/"]}]},{"@type":"ImageObject","inLanguage":"it-IT","@id":"http:\/\/web.quotidianopiemontese.it\/cultura-arte-e-spettacolo-a-torino\/jeans-maglietta-le-untold-stories-peter-lindbergh\/#primaryimage","url":"https:\/\/web.quotidianopiemontese.it\/cultura-arte-e-spettacolo-a-torino\/files\/2021\/09\/vogue2.jpg","contentUrl":"https:\/\/web.quotidianopiemontese.it\/cultura-arte-e-spettacolo-a-torino\/files\/2021\/09\/vogue2.jpg","width":1280,"height":1280},{"@type":"WebSite","@id":"https:\/\/web.quotidianopiemontese.it\/cultura-arte-e-spettacolo-a-torino\/#website","url":"https:\/\/web.quotidianopiemontese.it\/cultura-arte-e-spettacolo-a-torino\/","name":"Cultura, Arte e Spettacolo a Torino","description":"Quotidiano Piemontese","potentialAction":[{"@type":"SearchAction","target":{"@type":"EntryPoint","urlTemplate":"https:\/\/web.quotidianopiemontese.it\/cultura-arte-e-spettacolo-a-torino\/?s={search_term_string}"},"query-input":{"@type":"PropertyValueSpecification","valueRequired":true,"valueName":"search_term_string"}}],"inLanguage":"it-IT"},{"@type":"Person","@id":"https:\/\/web.quotidianopiemontese.it\/cultura-arte-e-spettacolo-a-torino\/#\/schema\/person\/b035109a4cc7d3e93911b78d8cebf3a0","name":"Emanuele Rebuffini","image":{"@type":"ImageObject","inLanguage":"it-IT","@id":"https:\/\/web.quotidianopiemontese.it\/cultura-arte-e-spettacolo-a-torino\/#\/schema\/person\/image\/","url":"https:\/\/secure.gravatar.com\/avatar\/519a0a38be4cbbcf40fb5bc1b1173a85af291a3a8697df454a94ad7e05574628?s=96&d=mm&r=g","contentUrl":"https:\/\/secure.gravatar.com\/avatar\/519a0a38be4cbbcf40fb5bc1b1173a85af291a3a8697df454a94ad7e05574628?s=96&d=mm&r=g","caption":"Emanuele Rebuffini"},"sameAs":["http:\/\/www.quotidianopiemontese.it\/cultura-arte-e-spettacolo-a-torino\/"],"url":"https:\/\/web.quotidianopiemontese.it\/cultura-arte-e-spettacolo-a-torino\/author\/emanuelerebuffini\/"}]}},"_links":{"self":[{"href":"https:\/\/web.quotidianopiemontese.it\/cultura-arte-e-spettacolo-a-torino\/wp-json\/wp\/v2\/posts\/815","targetHints":{"allow":["GET"]}}],"collection":[{"href":"https:\/\/web.quotidianopiemontese.it\/cultura-arte-e-spettacolo-a-torino\/wp-json\/wp\/v2\/posts"}],"about":[{"href":"https:\/\/web.quotidianopiemontese.it\/cultura-arte-e-spettacolo-a-torino\/wp-json\/wp\/v2\/types\/post"}],"author":[{"embeddable":true,"href":"https:\/\/web.quotidianopiemontese.it\/cultura-arte-e-spettacolo-a-torino\/wp-json\/wp\/v2\/users\/1361"}],"replies":[{"embeddable":true,"href":"https:\/\/web.quotidianopiemontese.it\/cultura-arte-e-spettacolo-a-torino\/wp-json\/wp\/v2\/comments?post=815"}],"version-history":[{"count":0,"href":"https:\/\/web.quotidianopiemontese.it\/cultura-arte-e-spettacolo-a-torino\/wp-json\/wp\/v2\/posts\/815\/revisions"}],"wp:featuredmedia":[{"embeddable":true,"href":"https:\/\/web.quotidianopiemontese.it\/cultura-arte-e-spettacolo-a-torino\/wp-json\/wp\/v2\/media\/816"}],"wp:attachment":[{"href":"https:\/\/web.quotidianopiemontese.it\/cultura-arte-e-spettacolo-a-torino\/wp-json\/wp\/v2\/media?parent=815"}],"wp:term":[{"taxonomy":"category","embeddable":true,"href":"https:\/\/web.quotidianopiemontese.it\/cultura-arte-e-spettacolo-a-torino\/wp-json\/wp\/v2\/categories?post=815"},{"taxonomy":"post_tag","embeddable":true,"href":"https:\/\/web.quotidianopiemontese.it\/cultura-arte-e-spettacolo-a-torino\/wp-json\/wp\/v2\/tags?post=815"}],"curies":[{"name":"wp","href":"https:\/\/api.w.org\/{rel}","templated":true}]}}