{"id":800,"date":"2021-07-30T09:41:49","date_gmt":"2021-07-30T07:41:49","guid":{"rendered":"http:\/\/web.quotidianopiemontese.it\/cultura-arte-e-spettacolo-a-torino\/?p=800"},"modified":"2021-07-30T09:41:49","modified_gmt":"2021-07-30T07:41:49","slug":"larte-spazio-possibilita-cinque-artisti-alla-gam","status":"publish","type":"post","link":"https:\/\/web.quotidianopiemontese.it\/cultura-arte-e-spettacolo-a-torino\/larte-spazio-possibilita-cinque-artisti-alla-gam\/","title":{"rendered":"L\u2019arte come spazio di possibilit\u00e0. Cinque artisti alla Gam"},"content":{"rendered":"<p><em>\u00abMi contraddico? Certo che mi contraddico! Sono vasto, contengo moltitudini\u00bb (Walt Whitman). <\/em>Cinque artisti accomunati non da un tema n\u00e9 da un linguaggio, ma dalla contraddizione, <!--more-->dall\u2019ambiguit\u00e0 espressiva, dalla capacit\u00e0 di sovrapporre nella loro produzione spinte ed elementi che vanno in direzioni opposte, producendo tensioni e vibrazioni, forza emotiva ed energia artistica.<\/p>\n<figure id=\"attachment_805\" aria-describedby=\"caption-attachment-805\" style=\"width: 300px\" class=\"wp-caption alignnone\"><a href=\"http:\/\/web.quotidianopiemontese.it\/cultura-arte-e-spettacolo-a-torino\/files\/2021\/07\/FTM-GAM-SulPrincipioDiContraddizione-Ph-Perottino-028.jpg\"><img loading=\"lazy\" decoding=\"async\" class=\"size-medium wp-image-805\" src=\"http:\/\/web.quotidianopiemontese.it\/cultura-arte-e-spettacolo-a-torino\/files\/2021\/07\/FTM-GAM-SulPrincipioDiContraddizione-Ph-Perottino-028-300x178.jpg\" alt=\"\" width=\"300\" height=\"178\" srcset=\"https:\/\/web.quotidianopiemontese.it\/cultura-arte-e-spettacolo-a-torino\/files\/2021\/07\/FTM-GAM-SulPrincipioDiContraddizione-Ph-Perottino-028-300x178.jpg 300w, https:\/\/web.quotidianopiemontese.it\/cultura-arte-e-spettacolo-a-torino\/files\/2021\/07\/FTM-GAM-SulPrincipioDiContraddizione-Ph-Perottino-028-768x456.jpg 768w, https:\/\/web.quotidianopiemontese.it\/cultura-arte-e-spettacolo-a-torino\/files\/2021\/07\/FTM-GAM-SulPrincipioDiContraddizione-Ph-Perottino-028-1024x608.jpg 1024w\" sizes=\"auto, (max-width: 300px) 85vw, 300px\" \/><\/a><figcaption id=\"caption-attachment-805\" class=\"wp-caption-text\"><em>Photo Giorgio Perottino<\/em><\/figcaption><\/figure>\n<p>Tradizione e modernit\u00e0, cupezza ed ironia, ridondanza e cancellazioni, elementi preziosi ed altri dozzinali, pubblicit\u00e0 e tragedie.<\/p>\n<p>Ad unire <strong>Francesco Barocco<\/strong> (Susa, 1972), <strong>Riccardo Baruzzi<\/strong> (Lugo, 1976), <strong>Luca Bertolo<\/strong> (Milano, 1968), <strong>Flavio Favelli<\/strong> (Firenze, 1967) e <strong>Diego Perrone<\/strong> (Asti, 1970), i cinque artisti selezionati dalla curatrice <strong>Elena Volpato<\/strong> per la mostra collettiva <strong>\u00abSul principio di contraddizione\u00bb<\/strong>, alla <strong>Gam<\/strong> <strong>Galleria Civica d\u2019Arte Moderna e Contemporanea<\/strong> di Torino fino al <strong>3 ottobre<\/strong>, \u00e8 \u00abla presenza di uno spazio di possibilit\u00e0 all\u2019interno delle loro opere, composte, quasi sempre, da almeno due elementi, da due o pi\u00f9 nature, da due o pi\u00f9 immagini non pienamente conciliabili tra loro e legate da un vincolo di ambiguit\u00e0 che talvolta diviene chiaro rapporto di contraddizione. Ci\u00f2 che unisce questi cinque artisti \u00e8 la capacit\u00e0 di tenere all\u2019interno delle loro opere lo spazio che separa e congiunge pi\u00f9 rappresentazioni e di riconoscere il loro sovrapporsi nel tempo, di accogliere nel corpo stesso dell\u2019opera il cono d\u2019ombra da cui provengono svelando l\u2019inesauribilit\u00e0 delle immagini, il loro emergere continuo e ripetuto<strong>\u00bb<\/strong>.<\/p>\n<figure id=\"attachment_808\" aria-describedby=\"caption-attachment-808\" style=\"width: 300px\" class=\"wp-caption alignnone\"><a href=\"http:\/\/web.quotidianopiemontese.it\/cultura-arte-e-spettacolo-a-torino\/files\/2021\/07\/FRANCESCO-BAROCCO-Ph-Perottino.jpg\"><img loading=\"lazy\" decoding=\"async\" class=\"size-medium wp-image-808\" src=\"http:\/\/web.quotidianopiemontese.it\/cultura-arte-e-spettacolo-a-torino\/files\/2021\/07\/FRANCESCO-BAROCCO-Ph-Perottino-300x200.jpg\" alt=\"\" width=\"300\" height=\"200\" srcset=\"https:\/\/web.quotidianopiemontese.it\/cultura-arte-e-spettacolo-a-torino\/files\/2021\/07\/FRANCESCO-BAROCCO-Ph-Perottino-300x200.jpg 300w, https:\/\/web.quotidianopiemontese.it\/cultura-arte-e-spettacolo-a-torino\/files\/2021\/07\/FRANCESCO-BAROCCO-Ph-Perottino-768x513.jpg 768w, https:\/\/web.quotidianopiemontese.it\/cultura-arte-e-spettacolo-a-torino\/files\/2021\/07\/FRANCESCO-BAROCCO-Ph-Perottino-1024x683.jpg 1024w, https:\/\/web.quotidianopiemontese.it\/cultura-arte-e-spettacolo-a-torino\/files\/2021\/07\/FRANCESCO-BAROCCO-Ph-Perottino-600x400.jpg 600w\" sizes=\"auto, (max-width: 300px) 85vw, 300px\" \/><\/a><figcaption id=\"caption-attachment-808\" class=\"wp-caption-text\"><em>Photo Giorgio Perottino<\/em><\/figcaption><\/figure>\n<p>Lavori che spaziano dalla pittura alla scultura, realizzati con le tecniche pi\u00f9 varie, dalle composizioni architettoniche fatte con mobili e cassettoni ai disegni tracciati in digitale. I retri di specchio di <strong>Flavio Favelli<\/strong> imprigionano le immagini invece di rifletterle, mentre dal fondo del tempo riemerge la tragicit\u00e0 di avvenimenti storici insieme all\u2019apparente leggerezza delle pubblicit\u00e0;<\/p>\n<figure id=\"attachment_809\" aria-describedby=\"caption-attachment-809\" style=\"width: 300px\" class=\"wp-caption alignnone\"><a href=\"http:\/\/web.quotidianopiemontese.it\/cultura-arte-e-spettacolo-a-torino\/files\/2021\/07\/FLAVIO-FAVELLI-Ph-Perottino-03.jpg\"><img loading=\"lazy\" decoding=\"async\" class=\"size-medium wp-image-809\" src=\"http:\/\/web.quotidianopiemontese.it\/cultura-arte-e-spettacolo-a-torino\/files\/2021\/07\/FLAVIO-FAVELLI-Ph-Perottino-03-300x200.jpg\" alt=\"\" width=\"300\" height=\"200\" srcset=\"https:\/\/web.quotidianopiemontese.it\/cultura-arte-e-spettacolo-a-torino\/files\/2021\/07\/FLAVIO-FAVELLI-Ph-Perottino-03-300x200.jpg 300w, https:\/\/web.quotidianopiemontese.it\/cultura-arte-e-spettacolo-a-torino\/files\/2021\/07\/FLAVIO-FAVELLI-Ph-Perottino-03-768x513.jpg 768w, https:\/\/web.quotidianopiemontese.it\/cultura-arte-e-spettacolo-a-torino\/files\/2021\/07\/FLAVIO-FAVELLI-Ph-Perottino-03-1024x683.jpg 1024w, https:\/\/web.quotidianopiemontese.it\/cultura-arte-e-spettacolo-a-torino\/files\/2021\/07\/FLAVIO-FAVELLI-Ph-Perottino-03-600x400.jpg 600w\" sizes=\"auto, (max-width: 300px) 85vw, 300px\" \/><\/a><figcaption id=\"caption-attachment-809\" class=\"wp-caption-text\"><em>Photo Giorgio Perottino<\/em><\/figcaption><\/figure>\n<p>le superfici pittoriche eclettiche e sfigurate di spray di <strong>Luca Bertolo<\/strong>; le sculture in vetro di <strong>Diego Perrone<\/strong>; le tele di <strong>Riccardo Baruzzi<\/strong>, fatte di figure abitate da altre figure, di contorni che si sovrappongono in uno spazio contraddittorio, di sfondi profondi e senza tempo da cui emergono immagini sempre sul punto di dissolversi nuovamente, \u00abil suo immaginario si nutre della conoscenza dell\u2019arte passata cos\u00ec come di forme di decorazione popolare e l\u2019apparente contrasto si scioglie nella leggerezza di una pratica che si muove libera tra la linea pittorica, il disegno digitale, il riverbero sonoro e l\u2019azione performativa<strong>\u00bb<\/strong>;<\/p>\n<figure id=\"attachment_810\" aria-describedby=\"caption-attachment-810\" style=\"width: 300px\" class=\"wp-caption alignnone\"><a href=\"http:\/\/web.quotidianopiemontese.it\/cultura-arte-e-spettacolo-a-torino\/files\/2021\/07\/DIEGO-PERRONE-Ph-Perottino-01.jpg\"><img loading=\"lazy\" decoding=\"async\" class=\"size-medium wp-image-810\" src=\"http:\/\/web.quotidianopiemontese.it\/cultura-arte-e-spettacolo-a-torino\/files\/2021\/07\/DIEGO-PERRONE-Ph-Perottino-01-300x200.jpg\" alt=\"\" width=\"300\" height=\"200\" srcset=\"https:\/\/web.quotidianopiemontese.it\/cultura-arte-e-spettacolo-a-torino\/files\/2021\/07\/DIEGO-PERRONE-Ph-Perottino-01-300x200.jpg 300w, https:\/\/web.quotidianopiemontese.it\/cultura-arte-e-spettacolo-a-torino\/files\/2021\/07\/DIEGO-PERRONE-Ph-Perottino-01-768x513.jpg 768w, https:\/\/web.quotidianopiemontese.it\/cultura-arte-e-spettacolo-a-torino\/files\/2021\/07\/DIEGO-PERRONE-Ph-Perottino-01-1024x683.jpg 1024w, https:\/\/web.quotidianopiemontese.it\/cultura-arte-e-spettacolo-a-torino\/files\/2021\/07\/DIEGO-PERRONE-Ph-Perottino-01-600x400.jpg 600w\" sizes=\"auto, (max-width: 300px) 85vw, 300px\" \/><\/a><figcaption id=\"caption-attachment-810\" class=\"wp-caption-text\"><em>Photo Giorgio Perottino<\/em><\/figcaption><\/figure>\n<p>mentre nelle sculture di <strong>Francesco Barocco <\/strong>non sai se i tratti di nera grafite siano disegni tracciati sul bianco, oppure ombre che affiorano dal fondo.<\/p>\n<p>Pratiche artistiche, che, fuggendo da qualsivoglia tentazione di assertivit\u00e0, aprono spazi di immaginazione.<\/p>\n<p>http:\/\/www.gamtorino.it<\/p>\n<p><strong>Emanuele Rebuffini<\/strong><\/p>\n<p><em>\u00a0<a href=\"http:\/\/web.quotidianopiemontese.it\/cultura-arte-e-spettacolo-a-torino\/files\/2021\/07\/RICCARDO-BARUZZI-Ph-Perottino-02.jpg\"><img loading=\"lazy\" decoding=\"async\" class=\"alignnone size-medium wp-image-811\" src=\"http:\/\/web.quotidianopiemontese.it\/cultura-arte-e-spettacolo-a-torino\/files\/2021\/07\/RICCARDO-BARUZZI-Ph-Perottino-02-300x204.jpg\" alt=\"\" width=\"300\" height=\"204\" srcset=\"https:\/\/web.quotidianopiemontese.it\/cultura-arte-e-spettacolo-a-torino\/files\/2021\/07\/RICCARDO-BARUZZI-Ph-Perottino-02-300x204.jpg 300w, https:\/\/web.quotidianopiemontese.it\/cultura-arte-e-spettacolo-a-torino\/files\/2021\/07\/RICCARDO-BARUZZI-Ph-Perottino-02-768x521.jpg 768w, https:\/\/web.quotidianopiemontese.it\/cultura-arte-e-spettacolo-a-torino\/files\/2021\/07\/RICCARDO-BARUZZI-Ph-Perottino-02-1024x695.jpg 1024w\" sizes=\"auto, (max-width: 300px) 85vw, 300px\" \/><\/a><\/em><\/p>\n<p><a href=\"http:\/\/web.quotidianopiemontese.it\/cultura-arte-e-spettacolo-a-torino\/files\/2021\/07\/LUCA-BERTOLO-Ph-Perottino.jpg\"><img loading=\"lazy\" decoding=\"async\" class=\"alignnone size-medium wp-image-812\" src=\"http:\/\/web.quotidianopiemontese.it\/cultura-arte-e-spettacolo-a-torino\/files\/2021\/07\/LUCA-BERTOLO-Ph-Perottino-300x200.jpg\" alt=\"\" width=\"300\" height=\"200\" srcset=\"https:\/\/web.quotidianopiemontese.it\/cultura-arte-e-spettacolo-a-torino\/files\/2021\/07\/LUCA-BERTOLO-Ph-Perottino-300x200.jpg 300w, https:\/\/web.quotidianopiemontese.it\/cultura-arte-e-spettacolo-a-torino\/files\/2021\/07\/LUCA-BERTOLO-Ph-Perottino-768x513.jpg 768w, https:\/\/web.quotidianopiemontese.it\/cultura-arte-e-spettacolo-a-torino\/files\/2021\/07\/LUCA-BERTOLO-Ph-Perottino-1024x683.jpg 1024w, https:\/\/web.quotidianopiemontese.it\/cultura-arte-e-spettacolo-a-torino\/files\/2021\/07\/LUCA-BERTOLO-Ph-Perottino-600x400.jpg 600w\" sizes=\"auto, (max-width: 300px) 85vw, 300px\" \/><\/a><\/p>\n<p><a href=\"http:\/\/web.quotidianopiemontese.it\/cultura-arte-e-spettacolo-a-torino\/files\/2021\/07\/FTM-GAM-SulPrincipioDiContraddizione-Ph-Perottino-024.jpg\"><img loading=\"lazy\" decoding=\"async\" class=\"alignnone size-medium wp-image-806\" src=\"http:\/\/web.quotidianopiemontese.it\/cultura-arte-e-spettacolo-a-torino\/files\/2021\/07\/FTM-GAM-SulPrincipioDiContraddizione-Ph-Perottino-024-300x200.jpg\" alt=\"\" width=\"300\" height=\"200\" srcset=\"https:\/\/web.quotidianopiemontese.it\/cultura-arte-e-spettacolo-a-torino\/files\/2021\/07\/FTM-GAM-SulPrincipioDiContraddizione-Ph-Perottino-024-300x200.jpg 300w, https:\/\/web.quotidianopiemontese.it\/cultura-arte-e-spettacolo-a-torino\/files\/2021\/07\/FTM-GAM-SulPrincipioDiContraddizione-Ph-Perottino-024-768x513.jpg 768w, https:\/\/web.quotidianopiemontese.it\/cultura-arte-e-spettacolo-a-torino\/files\/2021\/07\/FTM-GAM-SulPrincipioDiContraddizione-Ph-Perottino-024-1024x683.jpg 1024w, https:\/\/web.quotidianopiemontese.it\/cultura-arte-e-spettacolo-a-torino\/files\/2021\/07\/FTM-GAM-SulPrincipioDiContraddizione-Ph-Perottino-024-600x400.jpg 600w\" sizes=\"auto, (max-width: 300px) 85vw, 300px\" \/><\/a><\/p>\n<p><a href=\"http:\/\/web.quotidianopiemontese.it\/cultura-arte-e-spettacolo-a-torino\/files\/2021\/07\/FTM-GAM-SulPrincipioDiContraddizione-Ph-Perottino-031.jpg\"><img loading=\"lazy\" decoding=\"async\" class=\"alignnone size-medium wp-image-804\" src=\"http:\/\/web.quotidianopiemontese.it\/cultura-arte-e-spettacolo-a-torino\/files\/2021\/07\/FTM-GAM-SulPrincipioDiContraddizione-Ph-Perottino-031-300x177.jpg\" alt=\"\" width=\"300\" height=\"177\" srcset=\"https:\/\/web.quotidianopiemontese.it\/cultura-arte-e-spettacolo-a-torino\/files\/2021\/07\/FTM-GAM-SulPrincipioDiContraddizione-Ph-Perottino-031-300x177.jpg 300w, https:\/\/web.quotidianopiemontese.it\/cultura-arte-e-spettacolo-a-torino\/files\/2021\/07\/FTM-GAM-SulPrincipioDiContraddizione-Ph-Perottino-031-768x453.jpg 768w, https:\/\/web.quotidianopiemontese.it\/cultura-arte-e-spettacolo-a-torino\/files\/2021\/07\/FTM-GAM-SulPrincipioDiContraddizione-Ph-Perottino-031-1024x603.jpg 1024w\" sizes=\"auto, (max-width: 300px) 85vw, 300px\" \/><\/a><\/p>\n<p><a href=\"http:\/\/web.quotidianopiemontese.it\/cultura-arte-e-spettacolo-a-torino\/files\/2021\/07\/FTM-GAM-SulPrincipioDiContraddizione-Ph-Perottino-050.jpg\"><img loading=\"lazy\" decoding=\"async\" class=\"alignnone size-medium wp-image-803\" src=\"http:\/\/web.quotidianopiemontese.it\/cultura-arte-e-spettacolo-a-torino\/files\/2021\/07\/FTM-GAM-SulPrincipioDiContraddizione-Ph-Perottino-050-300x200.jpg\" alt=\"\" width=\"300\" height=\"200\" srcset=\"https:\/\/web.quotidianopiemontese.it\/cultura-arte-e-spettacolo-a-torino\/files\/2021\/07\/FTM-GAM-SulPrincipioDiContraddizione-Ph-Perottino-050-300x200.jpg 300w, https:\/\/web.quotidianopiemontese.it\/cultura-arte-e-spettacolo-a-torino\/files\/2021\/07\/FTM-GAM-SulPrincipioDiContraddizione-Ph-Perottino-050-768x513.jpg 768w, https:\/\/web.quotidianopiemontese.it\/cultura-arte-e-spettacolo-a-torino\/files\/2021\/07\/FTM-GAM-SulPrincipioDiContraddizione-Ph-Perottino-050-1024x683.jpg 1024w, https:\/\/web.quotidianopiemontese.it\/cultura-arte-e-spettacolo-a-torino\/files\/2021\/07\/FTM-GAM-SulPrincipioDiContraddizione-Ph-Perottino-050-600x400.jpg 600w\" sizes=\"auto, (max-width: 300px) 85vw, 300px\" \/><\/a><\/p>\n<p>&nbsp;<\/p>\n<p>&nbsp;<\/p>\n<p>&nbsp;<\/p>\n","protected":false},"excerpt":{"rendered":"<p>\u00abMi contraddico? Certo che mi contraddico! Sono vasto, contengo moltitudini\u00bb (Walt Whitman). Cinque artisti accomunati non da un tema n\u00e9 da un linguaggio, ma dalla contraddizione,<\/p>\n","protected":false},"author":1361,"featured_media":801,"comment_status":"open","ping_status":"open","sticky":false,"template":"","format":"standard","meta":{"footnotes":""},"categories":[1],"tags":[186,185,184,181,180,183,182],"class_list":["post-800","post","type-post","status-publish","format-standard","has-post-thumbnail","hentry","category-cultura-arte-spettacolo","tag-arte-contemporanea","tag-diego-perrone","tag-flavio-favelli","tag-francesco-barocco","tag-gam-torino","tag-luca-bertolo","tag-riccardo-baruzzi"],"yoast_head":"<!-- This site is optimized with the Yoast SEO plugin v27.1.1 - https:\/\/yoast.com\/product\/yoast-seo-wordpress\/ -->\n<title>L\u2019arte come spazio di possibilit\u00e0. Cinque artisti alla Gam - 30 Luglio 2021<\/title>\n<meta name=\"description\" content=\"L\u2019arte come spazio di possibilit\u00e0. Cinque artisti alla Gam - Cultura, Arte e Spettacolo a Torino - \u00abMi contraddico? Certo che mi contraddico! Sono vasto, contengo moltitudini\u00bb (Walt Whitman). Cinque artisti accomunati non da un tema n\u00e9 da un linguaggio, - arte contemporanea, Diego Perrone, Flavio Favelli, Francesco Barocco, Gam Torino, Luca Bertolo, Riccardo Baruzzi\" \/>\n<meta name=\"robots\" content=\"index, follow, max-snippet:-1, max-image-preview:large, max-video-preview:-1\" \/>\n<link rel=\"canonical\" href=\"https:\/\/web.quotidianopiemontese.it\/cultura-arte-e-spettacolo-a-torino\/larte-spazio-possibilita-cinque-artisti-alla-gam\/\" \/>\n<meta property=\"og:locale\" content=\"it_IT\" \/>\n<meta property=\"og:type\" content=\"article\" \/>\n<meta property=\"og:title\" content=\"L\u2019arte come spazio di possibilit\u00e0. Cinque artisti alla Gam - 30 Luglio 2021\" \/>\n<meta property=\"og:description\" content=\"L\u2019arte come spazio di possibilit\u00e0. Cinque artisti alla Gam - Cultura, Arte e Spettacolo a Torino - \u00abMi contraddico? Certo che mi contraddico! Sono vasto, contengo moltitudini\u00bb (Walt Whitman). Cinque artisti accomunati non da un tema n\u00e9 da un linguaggio, - arte contemporanea, Diego Perrone, Flavio Favelli, Francesco Barocco, Gam Torino, Luca Bertolo, Riccardo Baruzzi\" \/>\n<meta property=\"og:url\" content=\"https:\/\/web.quotidianopiemontese.it\/cultura-arte-e-spettacolo-a-torino\/larte-spazio-possibilita-cinque-artisti-alla-gam\/\" \/>\n<meta property=\"og:site_name\" content=\"Cultura, Arte e Spettacolo a Torino\" \/>\n<meta property=\"article:publisher\" content=\"https:\/\/www.facebook.com\/quotidianopiemontese?fref=ts\" \/>\n<meta property=\"article:published_time\" content=\"2021-07-30T07:41:49+00:00\" \/>\n<meta property=\"og:image\" content=\"https:\/\/web.quotidianopiemontese.it\/cultura-arte-e-spettacolo-a-torino\/files\/2021\/07\/FTM-GAM-SulPrincipioDiContraddizione-Ph-Perottino-023.jpg\" \/>\n\t<meta property=\"og:image:width\" content=\"5000\" \/>\n\t<meta property=\"og:image:height\" content=\"2905\" \/>\n\t<meta property=\"og:image:type\" content=\"image\/jpeg\" \/>\n<meta name=\"author\" content=\"Emanuele Rebuffini\" \/>\n<meta name=\"twitter:label1\" content=\"Scritto da\" \/>\n\t<meta name=\"twitter:data1\" content=\"Emanuele Rebuffini\" \/>\n\t<meta name=\"twitter:label2\" content=\"Tempo di lettura stimato\" \/>\n\t<meta name=\"twitter:data2\" content=\"2 minuti\" \/>\n<script type=\"application\/ld+json\" class=\"yoast-schema-graph\">{\"@context\":\"https:\/\/schema.org\",\"@graph\":[{\"@type\":\"Article\",\"@id\":\"https:\/\/web.quotidianopiemontese.it\/cultura-arte-e-spettacolo-a-torino\/larte-spazio-possibilita-cinque-artisti-alla-gam\/#article\",\"isPartOf\":{\"@id\":\"https:\/\/web.quotidianopiemontese.it\/cultura-arte-e-spettacolo-a-torino\/larte-spazio-possibilita-cinque-artisti-alla-gam\/\"},\"author\":{\"name\":\"Emanuele Rebuffini\",\"@id\":\"https:\/\/web.quotidianopiemontese.it\/cultura-arte-e-spettacolo-a-torino\/#\/schema\/person\/b035109a4cc7d3e93911b78d8cebf3a0\"},\"headline\":\"L\u2019arte come spazio di possibilit\u00e0. Cinque artisti alla Gam\",\"datePublished\":\"2021-07-30T07:41:49+00:00\",\"mainEntityOfPage\":{\"@id\":\"https:\/\/web.quotidianopiemontese.it\/cultura-arte-e-spettacolo-a-torino\/larte-spazio-possibilita-cinque-artisti-alla-gam\/\"},\"wordCount\":476,\"commentCount\":0,\"image\":{\"@id\":\"https:\/\/web.quotidianopiemontese.it\/cultura-arte-e-spettacolo-a-torino\/larte-spazio-possibilita-cinque-artisti-alla-gam\/#primaryimage\"},\"thumbnailUrl\":\"https:\/\/web.quotidianopiemontese.it\/cultura-arte-e-spettacolo-a-torino\/files\/2021\/07\/FTM-GAM-SulPrincipioDiContraddizione-Ph-Perottino-023.jpg\",\"keywords\":[\"arte contemporanea\",\"Diego Perrone\",\"Flavio Favelli\",\"Francesco Barocco\",\"Gam Torino\",\"Luca Bertolo\",\"Riccardo Baruzzi\"],\"articleSection\":[\"Cultura, arte, spettacolo\"],\"inLanguage\":\"it-IT\",\"potentialAction\":[{\"@type\":\"CommentAction\",\"name\":\"Comment\",\"target\":[\"https:\/\/web.quotidianopiemontese.it\/cultura-arte-e-spettacolo-a-torino\/larte-spazio-possibilita-cinque-artisti-alla-gam\/#respond\"]}]},{\"@type\":\"WebPage\",\"@id\":\"https:\/\/web.quotidianopiemontese.it\/cultura-arte-e-spettacolo-a-torino\/larte-spazio-possibilita-cinque-artisti-alla-gam\/\",\"url\":\"https:\/\/web.quotidianopiemontese.it\/cultura-arte-e-spettacolo-a-torino\/larte-spazio-possibilita-cinque-artisti-alla-gam\/\",\"name\":\"L\u2019arte come spazio di possibilit\u00e0. Cinque artisti alla Gam - 30 Luglio 2021\",\"isPartOf\":{\"@id\":\"https:\/\/web.quotidianopiemontese.it\/cultura-arte-e-spettacolo-a-torino\/#website\"},\"primaryImageOfPage\":{\"@id\":\"https:\/\/web.quotidianopiemontese.it\/cultura-arte-e-spettacolo-a-torino\/larte-spazio-possibilita-cinque-artisti-alla-gam\/#primaryimage\"},\"image\":{\"@id\":\"https:\/\/web.quotidianopiemontese.it\/cultura-arte-e-spettacolo-a-torino\/larte-spazio-possibilita-cinque-artisti-alla-gam\/#primaryimage\"},\"thumbnailUrl\":\"https:\/\/web.quotidianopiemontese.it\/cultura-arte-e-spettacolo-a-torino\/files\/2021\/07\/FTM-GAM-SulPrincipioDiContraddizione-Ph-Perottino-023.jpg\",\"datePublished\":\"2021-07-30T07:41:49+00:00\",\"author\":{\"@id\":\"https:\/\/web.quotidianopiemontese.it\/cultura-arte-e-spettacolo-a-torino\/#\/schema\/person\/b035109a4cc7d3e93911b78d8cebf3a0\"},\"description\":\"L\u2019arte come spazio di possibilit\u00e0. Cinque artisti alla Gam - Cultura, Arte e Spettacolo a Torino - \u00abMi contraddico? Certo che mi contraddico! Sono vasto, contengo moltitudini\u00bb (Walt Whitman). Cinque artisti accomunati non da un tema n\u00e9 da un linguaggio, - arte contemporanea, Diego Perrone, Flavio Favelli, Francesco Barocco, Gam Torino, Luca Bertolo, Riccardo Baruzzi\",\"inLanguage\":\"it-IT\",\"potentialAction\":[{\"@type\":\"ReadAction\",\"target\":[\"https:\/\/web.quotidianopiemontese.it\/cultura-arte-e-spettacolo-a-torino\/larte-spazio-possibilita-cinque-artisti-alla-gam\/\"]}]},{\"@type\":\"ImageObject\",\"inLanguage\":\"it-IT\",\"@id\":\"https:\/\/web.quotidianopiemontese.it\/cultura-arte-e-spettacolo-a-torino\/larte-spazio-possibilita-cinque-artisti-alla-gam\/#primaryimage\",\"url\":\"https:\/\/web.quotidianopiemontese.it\/cultura-arte-e-spettacolo-a-torino\/files\/2021\/07\/FTM-GAM-SulPrincipioDiContraddizione-Ph-Perottino-023.jpg\",\"contentUrl\":\"https:\/\/web.quotidianopiemontese.it\/cultura-arte-e-spettacolo-a-torino\/files\/2021\/07\/FTM-GAM-SulPrincipioDiContraddizione-Ph-Perottino-023.jpg\",\"width\":5000,\"height\":2905},{\"@type\":\"WebSite\",\"@id\":\"https:\/\/web.quotidianopiemontese.it\/cultura-arte-e-spettacolo-a-torino\/#website\",\"url\":\"https:\/\/web.quotidianopiemontese.it\/cultura-arte-e-spettacolo-a-torino\/\",\"name\":\"Cultura, Arte e Spettacolo a Torino\",\"description\":\"Quotidiano Piemontese\",\"potentialAction\":[{\"@type\":\"SearchAction\",\"target\":{\"@type\":\"EntryPoint\",\"urlTemplate\":\"https:\/\/web.quotidianopiemontese.it\/cultura-arte-e-spettacolo-a-torino\/?s={search_term_string}\"},\"query-input\":{\"@type\":\"PropertyValueSpecification\",\"valueRequired\":true,\"valueName\":\"search_term_string\"}}],\"inLanguage\":\"it-IT\"},{\"@type\":\"Person\",\"@id\":\"https:\/\/web.quotidianopiemontese.it\/cultura-arte-e-spettacolo-a-torino\/#\/schema\/person\/b035109a4cc7d3e93911b78d8cebf3a0\",\"name\":\"Emanuele Rebuffini\",\"image\":{\"@type\":\"ImageObject\",\"inLanguage\":\"it-IT\",\"@id\":\"https:\/\/web.quotidianopiemontese.it\/cultura-arte-e-spettacolo-a-torino\/#\/schema\/person\/image\/\",\"url\":\"https:\/\/secure.gravatar.com\/avatar\/519a0a38be4cbbcf40fb5bc1b1173a85af291a3a8697df454a94ad7e05574628?s=96&d=mm&r=g\",\"contentUrl\":\"https:\/\/secure.gravatar.com\/avatar\/519a0a38be4cbbcf40fb5bc1b1173a85af291a3a8697df454a94ad7e05574628?s=96&d=mm&r=g\",\"caption\":\"Emanuele Rebuffini\"},\"sameAs\":[\"http:\/\/www.quotidianopiemontese.it\/cultura-arte-e-spettacolo-a-torino\/\"],\"url\":\"https:\/\/web.quotidianopiemontese.it\/cultura-arte-e-spettacolo-a-torino\/author\/emanuelerebuffini\/\"}]}<\/script>\n<!-- \/ Yoast SEO plugin. -->","yoast_head_json":{"title":"L\u2019arte come spazio di possibilit\u00e0. Cinque artisti alla Gam - 30 Luglio 2021","description":"L\u2019arte come spazio di possibilit\u00e0. Cinque artisti alla Gam - Cultura, Arte e Spettacolo a Torino - \u00abMi contraddico? Certo che mi contraddico! Sono vasto, contengo moltitudini\u00bb (Walt Whitman). Cinque artisti accomunati non da un tema n\u00e9 da un linguaggio, - arte contemporanea, Diego Perrone, Flavio Favelli, Francesco Barocco, Gam Torino, Luca Bertolo, Riccardo Baruzzi","robots":{"index":"index","follow":"follow","max-snippet":"max-snippet:-1","max-image-preview":"max-image-preview:large","max-video-preview":"max-video-preview:-1"},"canonical":"https:\/\/web.quotidianopiemontese.it\/cultura-arte-e-spettacolo-a-torino\/larte-spazio-possibilita-cinque-artisti-alla-gam\/","og_locale":"it_IT","og_type":"article","og_title":"L\u2019arte come spazio di possibilit\u00e0. Cinque artisti alla Gam - 30 Luglio 2021","og_description":"L\u2019arte come spazio di possibilit\u00e0. Cinque artisti alla Gam - Cultura, Arte e Spettacolo a Torino - \u00abMi contraddico? Certo che mi contraddico! Sono vasto, contengo moltitudini\u00bb (Walt Whitman). Cinque artisti accomunati non da un tema n\u00e9 da un linguaggio, - arte contemporanea, Diego Perrone, Flavio Favelli, Francesco Barocco, Gam Torino, Luca Bertolo, Riccardo Baruzzi","og_url":"https:\/\/web.quotidianopiemontese.it\/cultura-arte-e-spettacolo-a-torino\/larte-spazio-possibilita-cinque-artisti-alla-gam\/","og_site_name":"Cultura, Arte e Spettacolo a Torino","article_publisher":"https:\/\/www.facebook.com\/quotidianopiemontese?fref=ts","article_published_time":"2021-07-30T07:41:49+00:00","og_image":[{"width":5000,"height":2905,"url":"https:\/\/web.quotidianopiemontese.it\/cultura-arte-e-spettacolo-a-torino\/files\/2021\/07\/FTM-GAM-SulPrincipioDiContraddizione-Ph-Perottino-023.jpg","type":"image\/jpeg"}],"author":"Emanuele Rebuffini","twitter_misc":{"Scritto da":"Emanuele Rebuffini","Tempo di lettura stimato":"2 minuti"},"schema":{"@context":"https:\/\/schema.org","@graph":[{"@type":"Article","@id":"https:\/\/web.quotidianopiemontese.it\/cultura-arte-e-spettacolo-a-torino\/larte-spazio-possibilita-cinque-artisti-alla-gam\/#article","isPartOf":{"@id":"https:\/\/web.quotidianopiemontese.it\/cultura-arte-e-spettacolo-a-torino\/larte-spazio-possibilita-cinque-artisti-alla-gam\/"},"author":{"name":"Emanuele Rebuffini","@id":"https:\/\/web.quotidianopiemontese.it\/cultura-arte-e-spettacolo-a-torino\/#\/schema\/person\/b035109a4cc7d3e93911b78d8cebf3a0"},"headline":"L\u2019arte come spazio di possibilit\u00e0. Cinque artisti alla Gam","datePublished":"2021-07-30T07:41:49+00:00","mainEntityOfPage":{"@id":"https:\/\/web.quotidianopiemontese.it\/cultura-arte-e-spettacolo-a-torino\/larte-spazio-possibilita-cinque-artisti-alla-gam\/"},"wordCount":476,"commentCount":0,"image":{"@id":"https:\/\/web.quotidianopiemontese.it\/cultura-arte-e-spettacolo-a-torino\/larte-spazio-possibilita-cinque-artisti-alla-gam\/#primaryimage"},"thumbnailUrl":"https:\/\/web.quotidianopiemontese.it\/cultura-arte-e-spettacolo-a-torino\/files\/2021\/07\/FTM-GAM-SulPrincipioDiContraddizione-Ph-Perottino-023.jpg","keywords":["arte contemporanea","Diego Perrone","Flavio Favelli","Francesco Barocco","Gam Torino","Luca Bertolo","Riccardo Baruzzi"],"articleSection":["Cultura, arte, spettacolo"],"inLanguage":"it-IT","potentialAction":[{"@type":"CommentAction","name":"Comment","target":["https:\/\/web.quotidianopiemontese.it\/cultura-arte-e-spettacolo-a-torino\/larte-spazio-possibilita-cinque-artisti-alla-gam\/#respond"]}]},{"@type":"WebPage","@id":"https:\/\/web.quotidianopiemontese.it\/cultura-arte-e-spettacolo-a-torino\/larte-spazio-possibilita-cinque-artisti-alla-gam\/","url":"https:\/\/web.quotidianopiemontese.it\/cultura-arte-e-spettacolo-a-torino\/larte-spazio-possibilita-cinque-artisti-alla-gam\/","name":"L\u2019arte come spazio di possibilit\u00e0. Cinque artisti alla Gam - 30 Luglio 2021","isPartOf":{"@id":"https:\/\/web.quotidianopiemontese.it\/cultura-arte-e-spettacolo-a-torino\/#website"},"primaryImageOfPage":{"@id":"https:\/\/web.quotidianopiemontese.it\/cultura-arte-e-spettacolo-a-torino\/larte-spazio-possibilita-cinque-artisti-alla-gam\/#primaryimage"},"image":{"@id":"https:\/\/web.quotidianopiemontese.it\/cultura-arte-e-spettacolo-a-torino\/larte-spazio-possibilita-cinque-artisti-alla-gam\/#primaryimage"},"thumbnailUrl":"https:\/\/web.quotidianopiemontese.it\/cultura-arte-e-spettacolo-a-torino\/files\/2021\/07\/FTM-GAM-SulPrincipioDiContraddizione-Ph-Perottino-023.jpg","datePublished":"2021-07-30T07:41:49+00:00","author":{"@id":"https:\/\/web.quotidianopiemontese.it\/cultura-arte-e-spettacolo-a-torino\/#\/schema\/person\/b035109a4cc7d3e93911b78d8cebf3a0"},"description":"L\u2019arte come spazio di possibilit\u00e0. Cinque artisti alla Gam - Cultura, Arte e Spettacolo a Torino - \u00abMi contraddico? Certo che mi contraddico! Sono vasto, contengo moltitudini\u00bb (Walt Whitman). Cinque artisti accomunati non da un tema n\u00e9 da un linguaggio, - arte contemporanea, Diego Perrone, Flavio Favelli, Francesco Barocco, Gam Torino, Luca Bertolo, Riccardo Baruzzi","inLanguage":"it-IT","potentialAction":[{"@type":"ReadAction","target":["https:\/\/web.quotidianopiemontese.it\/cultura-arte-e-spettacolo-a-torino\/larte-spazio-possibilita-cinque-artisti-alla-gam\/"]}]},{"@type":"ImageObject","inLanguage":"it-IT","@id":"https:\/\/web.quotidianopiemontese.it\/cultura-arte-e-spettacolo-a-torino\/larte-spazio-possibilita-cinque-artisti-alla-gam\/#primaryimage","url":"https:\/\/web.quotidianopiemontese.it\/cultura-arte-e-spettacolo-a-torino\/files\/2021\/07\/FTM-GAM-SulPrincipioDiContraddizione-Ph-Perottino-023.jpg","contentUrl":"https:\/\/web.quotidianopiemontese.it\/cultura-arte-e-spettacolo-a-torino\/files\/2021\/07\/FTM-GAM-SulPrincipioDiContraddizione-Ph-Perottino-023.jpg","width":5000,"height":2905},{"@type":"WebSite","@id":"https:\/\/web.quotidianopiemontese.it\/cultura-arte-e-spettacolo-a-torino\/#website","url":"https:\/\/web.quotidianopiemontese.it\/cultura-arte-e-spettacolo-a-torino\/","name":"Cultura, Arte e Spettacolo a Torino","description":"Quotidiano Piemontese","potentialAction":[{"@type":"SearchAction","target":{"@type":"EntryPoint","urlTemplate":"https:\/\/web.quotidianopiemontese.it\/cultura-arte-e-spettacolo-a-torino\/?s={search_term_string}"},"query-input":{"@type":"PropertyValueSpecification","valueRequired":true,"valueName":"search_term_string"}}],"inLanguage":"it-IT"},{"@type":"Person","@id":"https:\/\/web.quotidianopiemontese.it\/cultura-arte-e-spettacolo-a-torino\/#\/schema\/person\/b035109a4cc7d3e93911b78d8cebf3a0","name":"Emanuele Rebuffini","image":{"@type":"ImageObject","inLanguage":"it-IT","@id":"https:\/\/web.quotidianopiemontese.it\/cultura-arte-e-spettacolo-a-torino\/#\/schema\/person\/image\/","url":"https:\/\/secure.gravatar.com\/avatar\/519a0a38be4cbbcf40fb5bc1b1173a85af291a3a8697df454a94ad7e05574628?s=96&d=mm&r=g","contentUrl":"https:\/\/secure.gravatar.com\/avatar\/519a0a38be4cbbcf40fb5bc1b1173a85af291a3a8697df454a94ad7e05574628?s=96&d=mm&r=g","caption":"Emanuele Rebuffini"},"sameAs":["http:\/\/www.quotidianopiemontese.it\/cultura-arte-e-spettacolo-a-torino\/"],"url":"https:\/\/web.quotidianopiemontese.it\/cultura-arte-e-spettacolo-a-torino\/author\/emanuelerebuffini\/"}]}},"_links":{"self":[{"href":"https:\/\/web.quotidianopiemontese.it\/cultura-arte-e-spettacolo-a-torino\/wp-json\/wp\/v2\/posts\/800","targetHints":{"allow":["GET"]}}],"collection":[{"href":"https:\/\/web.quotidianopiemontese.it\/cultura-arte-e-spettacolo-a-torino\/wp-json\/wp\/v2\/posts"}],"about":[{"href":"https:\/\/web.quotidianopiemontese.it\/cultura-arte-e-spettacolo-a-torino\/wp-json\/wp\/v2\/types\/post"}],"author":[{"embeddable":true,"href":"https:\/\/web.quotidianopiemontese.it\/cultura-arte-e-spettacolo-a-torino\/wp-json\/wp\/v2\/users\/1361"}],"replies":[{"embeddable":true,"href":"https:\/\/web.quotidianopiemontese.it\/cultura-arte-e-spettacolo-a-torino\/wp-json\/wp\/v2\/comments?post=800"}],"version-history":[{"count":0,"href":"https:\/\/web.quotidianopiemontese.it\/cultura-arte-e-spettacolo-a-torino\/wp-json\/wp\/v2\/posts\/800\/revisions"}],"wp:featuredmedia":[{"embeddable":true,"href":"https:\/\/web.quotidianopiemontese.it\/cultura-arte-e-spettacolo-a-torino\/wp-json\/wp\/v2\/media\/801"}],"wp:attachment":[{"href":"https:\/\/web.quotidianopiemontese.it\/cultura-arte-e-spettacolo-a-torino\/wp-json\/wp\/v2\/media?parent=800"}],"wp:term":[{"taxonomy":"category","embeddable":true,"href":"https:\/\/web.quotidianopiemontese.it\/cultura-arte-e-spettacolo-a-torino\/wp-json\/wp\/v2\/categories?post=800"},{"taxonomy":"post_tag","embeddable":true,"href":"https:\/\/web.quotidianopiemontese.it\/cultura-arte-e-spettacolo-a-torino\/wp-json\/wp\/v2\/tags?post=800"}],"curies":[{"name":"wp","href":"https:\/\/api.w.org\/{rel}","templated":true}]}}