{"id":759,"date":"2021-06-28T14:40:42","date_gmt":"2021-06-28T12:40:42","guid":{"rendered":"http:\/\/web.quotidianopiemontese.it\/cultura-arte-e-spettacolo-a-torino\/?p=759"},"modified":"2021-06-28T14:40:42","modified_gmt":"2021-06-28T12:40:42","slug":"style-and-glamour-horst-p-horst-camera","status":"publish","type":"post","link":"https:\/\/web.quotidianopiemontese.it\/cultura-arte-e-spettacolo-a-torino\/style-and-glamour-horst-p-horst-camera\/","title":{"rendered":"Style and Glamour. Horst P. Horst a \u00abCamera\u00bb"},"content":{"rendered":"<p><em>\u201cLa moda \u00e8 espressione del proprio tempo, l\u2019eleganza \u00e8 un\u2019altra cosa\u201d. <\/em><strong>Horst P. Horst<\/strong>\u00a0non fu solo uno dei protagonisti indiscussi della fotografia di moda del XX secolo ed il creatore delle pi\u00f9 celebri copertine di \u201cVogue\u201d,<\/p>\n<p><!--more--> ma in sessant&#8217;anni di carriera artistica ha saputo anche indagare porzioni di societ\u00e0 del proprio tempo, dal milieu intellettuale della Parigi degli anni Trenta agli ovattati atelier dell\u2019alta moda al jet set internazionale.<\/p>\n<figure id=\"attachment_761\" aria-describedby=\"caption-attachment-761\" style=\"width: 229px\" class=\"wp-caption alignnone\"><a href=\"http:\/\/web.quotidianopiemontese.it\/cultura-arte-e-spettacolo-a-torino\/files\/2021\/06\/4_Horst-P.-Horst.-American-Vogue-15-May-1941.jpg\"><img loading=\"lazy\" decoding=\"async\" class=\"size-medium wp-image-761\" src=\"http:\/\/web.quotidianopiemontese.it\/cultura-arte-e-spettacolo-a-torino\/files\/2021\/06\/4_Horst-P.-Horst.-American-Vogue-15-May-1941-229x300.jpg\" alt=\"\" width=\"229\" height=\"300\" srcset=\"https:\/\/web.quotidianopiemontese.it\/cultura-arte-e-spettacolo-a-torino\/files\/2021\/06\/4_Horst-P.-Horst.-American-Vogue-15-May-1941-229x300.jpg 229w, https:\/\/web.quotidianopiemontese.it\/cultura-arte-e-spettacolo-a-torino\/files\/2021\/06\/4_Horst-P.-Horst.-American-Vogue-15-May-1941-768x1008.jpg 768w, https:\/\/web.quotidianopiemontese.it\/cultura-arte-e-spettacolo-a-torino\/files\/2021\/06\/4_Horst-P.-Horst.-American-Vogue-15-May-1941-780x1024.jpg 780w, https:\/\/web.quotidianopiemontese.it\/cultura-arte-e-spettacolo-a-torino\/files\/2021\/06\/4_Horst-P.-Horst.-American-Vogue-15-May-1941.jpg 1905w\" sizes=\"auto, (max-width: 229px) 85vw, 229px\" \/><\/a><figcaption id=\"caption-attachment-761\" class=\"wp-caption-text\"><em>Horst P. Horst. American Vogue, 15 May, 1941<\/em><br \/><em>Collezione Carn\u00e0, Milano.<\/em><br \/><em>Courtesy Paci contemporary gallery<\/em><br \/><em>\u00a9 Horst Estate\/ Cond\u00e9 Nast<\/em><\/figcaption><\/figure>\n<p>Le sue sensuali modelle rappresentano un\u2019eleganza senza tempo, dai richiami classici e dalla bellezza statuaria. Attraverso la manipolazione delle luci e degli oggetti sapeva generare atmosfere teatrali, venate di ombre dense e profonde, dando cos\u00ec vita a scatti iconici, in cui condensava rara eleganza visiva, sapienza compositiva e grande cura del dettaglio.<\/p>\n<figure id=\"attachment_762\" aria-describedby=\"caption-attachment-762\" style=\"width: 216px\" class=\"wp-caption alignnone\"><a href=\"http:\/\/web.quotidianopiemontese.it\/cultura-arte-e-spettacolo-a-torino\/files\/2021\/06\/14_Horst-P.-Horst.-Lisa-with-harp-1939.jpg\"><img loading=\"lazy\" decoding=\"async\" class=\"size-medium wp-image-762\" src=\"http:\/\/web.quotidianopiemontese.it\/cultura-arte-e-spettacolo-a-torino\/files\/2021\/06\/14_Horst-P.-Horst.-Lisa-with-harp-1939-216x300.jpg\" alt=\"\" width=\"216\" height=\"300\" srcset=\"https:\/\/web.quotidianopiemontese.it\/cultura-arte-e-spettacolo-a-torino\/files\/2021\/06\/14_Horst-P.-Horst.-Lisa-with-harp-1939-216x300.jpg 216w, https:\/\/web.quotidianopiemontese.it\/cultura-arte-e-spettacolo-a-torino\/files\/2021\/06\/14_Horst-P.-Horst.-Lisa-with-harp-1939-768x1068.jpg 768w, https:\/\/web.quotidianopiemontese.it\/cultura-arte-e-spettacolo-a-torino\/files\/2021\/06\/14_Horst-P.-Horst.-Lisa-with-harp-1939-736x1024.jpg 736w, https:\/\/web.quotidianopiemontese.it\/cultura-arte-e-spettacolo-a-torino\/files\/2021\/06\/14_Horst-P.-Horst.-Lisa-with-harp-1939.jpg 1798w\" sizes=\"auto, (max-width: 216px) 85vw, 216px\" \/><\/a><figcaption id=\"caption-attachment-762\" class=\"wp-caption-text\"><em>Horst P. Horst. Lisa with harp, 1939<\/em><br \/><em>Courtesy Horst Estate<\/em><br \/><em>\u00a9 Horst Estate\/ Cond\u00e9 Nast<\/em><\/figcaption><\/figure>\n<p>Fino al 18 luglio, <strong>CAMERA-Centro Italiano per la Fotografia <\/strong>ospita <strong>\u00abStyle and Glamour\u00bb, <\/strong>la personale curata da <strong>Giangavino Pazzola<\/strong> che attraverso una selezione di circa <strong>150 opere<\/strong> si sofferma sui principali periodi creativi del fotografo di origini tedesche <strong>Horst P. Horst<\/strong>, dai primi successi con \u201cFrance Vogue\u201d nell\u2019Europa tra le due guerre (1931-1939), passando per l\u2019affermazione negli States, dove ottiene la cittadinanza nel 1943 cambiando nome, fino alle ultime produzioni degli anni Ottanta, mettendo in evidenza il legame con l\u2019arte e la bellezza classica e l\u2019ossessione per l\u2019antichit\u00e0, senza escludere le influenze delle avanguardie, soprattutto il surrealismo.<\/p>\n<figure id=\"attachment_763\" aria-describedby=\"caption-attachment-763\" style=\"width: 229px\" class=\"wp-caption alignnone\"><a href=\"http:\/\/web.quotidianopiemontese.it\/cultura-arte-e-spettacolo-a-torino\/files\/2021\/06\/5_Horst-P.-Horst.-Muriel-Maxwell-Ensemble-by-Sally-Victor-Bag-by-Paul-Flato-Sunglasses-by-Lugene-American-Vogue-1-July-1939.jpg\"><img loading=\"lazy\" decoding=\"async\" class=\"size-medium wp-image-763\" src=\"http:\/\/web.quotidianopiemontese.it\/cultura-arte-e-spettacolo-a-torino\/files\/2021\/06\/5_Horst-P.-Horst.-Muriel-Maxwell-Ensemble-by-Sally-Victor-Bag-by-Paul-Flato-Sunglasses-by-Lugene-American-Vogue-1-July-1939-229x300.jpg\" alt=\"\" width=\"229\" height=\"300\" srcset=\"https:\/\/web.quotidianopiemontese.it\/cultura-arte-e-spettacolo-a-torino\/files\/2021\/06\/5_Horst-P.-Horst.-Muriel-Maxwell-Ensemble-by-Sally-Victor-Bag-by-Paul-Flato-Sunglasses-by-Lugene-American-Vogue-1-July-1939-229x300.jpg 229w, https:\/\/web.quotidianopiemontese.it\/cultura-arte-e-spettacolo-a-torino\/files\/2021\/06\/5_Horst-P.-Horst.-Muriel-Maxwell-Ensemble-by-Sally-Victor-Bag-by-Paul-Flato-Sunglasses-by-Lugene-American-Vogue-1-July-1939-768x1008.jpg 768w, https:\/\/web.quotidianopiemontese.it\/cultura-arte-e-spettacolo-a-torino\/files\/2021\/06\/5_Horst-P.-Horst.-Muriel-Maxwell-Ensemble-by-Sally-Victor-Bag-by-Paul-Flato-Sunglasses-by-Lugene-American-Vogue-1-July-1939-780x1024.jpg 780w, https:\/\/web.quotidianopiemontese.it\/cultura-arte-e-spettacolo-a-torino\/files\/2021\/06\/5_Horst-P.-Horst.-Muriel-Maxwell-Ensemble-by-Sally-Victor-Bag-by-Paul-Flato-Sunglasses-by-Lugene-American-Vogue-1-July-1939.jpg 1905w\" sizes=\"auto, (max-width: 229px) 85vw, 229px\" \/><\/a><figcaption id=\"caption-attachment-763\" class=\"wp-caption-text\"><em>Horst P. Horst. Muriel Maxwell &#8211; Ensemble by<\/em><br \/><em>Sally Victor, Bag by Paul Flato, Sunglasses by<\/em><br \/><em>Lugene, American Vogue, 1 July, 1939<\/em><br \/><em>Collezione Carn\u00e0, Milano.<\/em><br \/><em>Courtesy Paci contemporary gallery<\/em><br \/><em>\u00a9 Horst Estate\/ Cond\u00e9 Nast<\/em><\/figcaption><\/figure>\n<p><strong>Horst Paul Albert Bohrmann<\/strong> nasce in Germania, nel 1906, nella cittadina sassone di Wei\u00dfenfels. Cresciuto a contatto con gli artisti del Bauhaus, si trasferisce a Parigi e diventa per un breve periodo assistente di Le Corbusier, per poi essere assunto come fotografo per l\u2019edizione francese di \u201cVogue\u201d.<\/p>\n<figure id=\"attachment_764\" aria-describedby=\"caption-attachment-764\" style=\"width: 240px\" class=\"wp-caption alignnone\"><a href=\"http:\/\/web.quotidianopiemontese.it\/cultura-arte-e-spettacolo-a-torino\/files\/2021\/06\/31_Horst-P.-Horst.-Salvador-Dali\u0300-1943.jpg\"><img loading=\"lazy\" decoding=\"async\" class=\"size-medium wp-image-764\" src=\"http:\/\/web.quotidianopiemontese.it\/cultura-arte-e-spettacolo-a-torino\/files\/2021\/06\/31_Horst-P.-Horst.-Salvador-Dali\u0300-1943-240x300.jpg\" alt=\"\" width=\"240\" height=\"300\" srcset=\"https:\/\/web.quotidianopiemontese.it\/cultura-arte-e-spettacolo-a-torino\/files\/2021\/06\/31_Horst-P.-Horst.-Salvador-Dali\u0300-1943-240x300.jpg 240w, https:\/\/web.quotidianopiemontese.it\/cultura-arte-e-spettacolo-a-torino\/files\/2021\/06\/31_Horst-P.-Horst.-Salvador-Dali\u0300-1943-768x960.jpg 768w, https:\/\/web.quotidianopiemontese.it\/cultura-arte-e-spettacolo-a-torino\/files\/2021\/06\/31_Horst-P.-Horst.-Salvador-Dali\u0300-1943-819x1024.jpg 819w, https:\/\/web.quotidianopiemontese.it\/cultura-arte-e-spettacolo-a-torino\/files\/2021\/06\/31_Horst-P.-Horst.-Salvador-Dali\u0300-1943.jpg 1999w\" sizes=\"auto, (max-width: 240px) 85vw, 240px\" \/><\/a><figcaption id=\"caption-attachment-764\" class=\"wp-caption-text\"><em>Horst P. Horst. Salvador Dal\u00ec, 1943<\/em><br \/><em>Courtesy Horst Estate<\/em><br \/><em>\u00a9 Horst Estate\/ Cond\u00e9 Nas<\/em><\/figcaption><\/figure>\n<p>Frequenta intellettuali e artisti come Cocteau, B\u00e9rard e Dal\u00ed, con il quale collabora creando alcuni dei suoi scatti pi\u00f9 celebri, dalla forte impronta surrealista. Nel 1939, poco prima di lasciare la storica sede di \u201cVogue\u201d a causa dell\u2019invasione tedesca, con i bagagli gi\u00e0 pronti, <strong>Horst P. Horst <\/strong>realizza lo scatto \u201cperfetto\u201d: <strong>Mainbocher Corset, <\/strong>la modella bionda ripresa di spalle, con il corsetto slacciato disegnato da Detolle, un capolavoro assoluto che lo consacra come genio della fotografia e maestro di stile ed eleganza.<\/p>\n<figure id=\"attachment_760\" aria-describedby=\"caption-attachment-760\" style=\"width: 224px\" class=\"wp-caption alignnone\"><a href=\"http:\/\/web.quotidianopiemontese.it\/cultura-arte-e-spettacolo-a-torino\/files\/2021\/06\/6_Horst-P.-Horst.-Madame-Bernon-corset-by-Detolle-for-Mainbocher-Paris-1939.jpeg\"><img loading=\"lazy\" decoding=\"async\" class=\"size-medium wp-image-760\" src=\"http:\/\/web.quotidianopiemontese.it\/cultura-arte-e-spettacolo-a-torino\/files\/2021\/06\/6_Horst-P.-Horst.-Madame-Bernon-corset-by-Detolle-for-Mainbocher-Paris-1939-224x300.jpeg\" alt=\"\" width=\"224\" height=\"300\" srcset=\"https:\/\/web.quotidianopiemontese.it\/cultura-arte-e-spettacolo-a-torino\/files\/2021\/06\/6_Horst-P.-Horst.-Madame-Bernon-corset-by-Detolle-for-Mainbocher-Paris-1939-224x300.jpeg 224w, https:\/\/web.quotidianopiemontese.it\/cultura-arte-e-spettacolo-a-torino\/files\/2021\/06\/6_Horst-P.-Horst.-Madame-Bernon-corset-by-Detolle-for-Mainbocher-Paris-1939-768x1027.jpeg 768w, https:\/\/web.quotidianopiemontese.it\/cultura-arte-e-spettacolo-a-torino\/files\/2021\/06\/6_Horst-P.-Horst.-Madame-Bernon-corset-by-Detolle-for-Mainbocher-Paris-1939-766x1024.jpeg 766w\" sizes=\"auto, (max-width: 224px) 85vw, 224px\" \/><\/a><figcaption id=\"caption-attachment-760\" class=\"wp-caption-text\"><em>Horst P. Horst. Madame Bernon, corset by<\/em><br \/><em>Detolle for Mainbocher, Paris, 1939<\/em><br \/><em>Courtesy Paci contemporary gallery<\/em><br \/><em>\u00a9 Horst Estate\/ Cond\u00e9 Nast<\/em><\/figcaption><\/figure>\n<p>Fugge dalla vecchia Europa sull\u2019orlo del baratro, e poco dopo, nel 1943, con la nuova cittadinanza statunitense, abbandona anche il nome tedesco, adottando un pi\u00f9 internazionale <strong>Horst P. Horst.<\/strong> Pur restando indissolubilmente legato alla moda e a \u201cVogue\u201d, negli anni Settanta si dedica a ritrarre le lussuose case dell\u2019alta societ\u00e0 e delle celebrities, dall\u2019appartamento romano dell\u2019artista Cy Twombly alla tenuta di Villar Perosa di un\u2019elegantissima Marella Agnelli.<\/p>\n<figure id=\"attachment_766\" aria-describedby=\"caption-attachment-766\" style=\"width: 235px\" class=\"wp-caption alignnone\"><a href=\"http:\/\/web.quotidianopiemontese.it\/cultura-arte-e-spettacolo-a-torino\/files\/2021\/06\/13_Horst-P.-Horst.-Marlene-Dietrich-1942.jpg\"><img loading=\"lazy\" decoding=\"async\" class=\"size-medium wp-image-766\" src=\"http:\/\/web.quotidianopiemontese.it\/cultura-arte-e-spettacolo-a-torino\/files\/2021\/06\/13_Horst-P.-Horst.-Marlene-Dietrich-1942-235x300.jpg\" alt=\"\" width=\"235\" height=\"300\" srcset=\"https:\/\/web.quotidianopiemontese.it\/cultura-arte-e-spettacolo-a-torino\/files\/2021\/06\/13_Horst-P.-Horst.-Marlene-Dietrich-1942-235x300.jpg 235w, https:\/\/web.quotidianopiemontese.it\/cultura-arte-e-spettacolo-a-torino\/files\/2021\/06\/13_Horst-P.-Horst.-Marlene-Dietrich-1942-768x979.jpg 768w, https:\/\/web.quotidianopiemontese.it\/cultura-arte-e-spettacolo-a-torino\/files\/2021\/06\/13_Horst-P.-Horst.-Marlene-Dietrich-1942-804x1024.jpg 804w, https:\/\/web.quotidianopiemontese.it\/cultura-arte-e-spettacolo-a-torino\/files\/2021\/06\/13_Horst-P.-Horst.-Marlene-Dietrich-1942.jpg 1576w\" sizes=\"auto, (max-width: 235px) 85vw, 235px\" \/><\/a><figcaption id=\"caption-attachment-766\" class=\"wp-caption-text\"><em>Horst P. Horst. Marlene Dietrich, 1942<\/em><br \/><em>Courtesy Paci contemporary gallery<\/em><br \/><em>\u00a9 Horst Estate\/ Cond\u00e9 Nas<\/em><\/figcaption><\/figure>\n<p>In mostra troviamo i ritratti di Coco Chanel, Elsa Schiaparelli, Bette Davis, Greta Garbo, Marlene Dietrich, ed immagini dal raro potere evocativo e visionario e dalla raffinata estetica come <strong>Hand, Hands <\/strong>(1941), dove mani vere si sovrappongono a mani finte, <strong>Helen Bennett in<\/strong> <strong>Spider Dress<\/strong> (1939), la modella svedese Lisa Fonssagrives che indossa un turbante o ritratta accanto ad un\u2019arpa (1940), <strong>Odalisque<\/strong> (1943) e <strong>Classic Still Life<\/strong> (1937), un omaggio alla classicit\u00e0 assoluta.<\/p>\n<figure id=\"attachment_767\" aria-describedby=\"caption-attachment-767\" style=\"width: 234px\" class=\"wp-caption alignnone\"><a href=\"http:\/\/web.quotidianopiemontese.it\/cultura-arte-e-spettacolo-a-torino\/files\/2021\/06\/10_Horst-P.-Horst.-Helen-Bennett-in-Spider-Dress-1939.jpg\"><img loading=\"lazy\" decoding=\"async\" class=\"size-medium wp-image-767\" src=\"http:\/\/web.quotidianopiemontese.it\/cultura-arte-e-spettacolo-a-torino\/files\/2021\/06\/10_Horst-P.-Horst.-Helen-Bennett-in-Spider-Dress-1939-234x300.jpg\" alt=\"\" width=\"234\" height=\"300\" srcset=\"https:\/\/web.quotidianopiemontese.it\/cultura-arte-e-spettacolo-a-torino\/files\/2021\/06\/10_Horst-P.-Horst.-Helen-Bennett-in-Spider-Dress-1939-234x300.jpg 234w, https:\/\/web.quotidianopiemontese.it\/cultura-arte-e-spettacolo-a-torino\/files\/2021\/06\/10_Horst-P.-Horst.-Helen-Bennett-in-Spider-Dress-1939-768x985.jpg 768w, https:\/\/web.quotidianopiemontese.it\/cultura-arte-e-spettacolo-a-torino\/files\/2021\/06\/10_Horst-P.-Horst.-Helen-Bennett-in-Spider-Dress-1939-799x1024.jpg 799w, https:\/\/web.quotidianopiemontese.it\/cultura-arte-e-spettacolo-a-torino\/files\/2021\/06\/10_Horst-P.-Horst.-Helen-Bennett-in-Spider-Dress-1939.jpg 1404w\" sizes=\"auto, (max-width: 234px) 85vw, 234px\" \/><\/a><figcaption id=\"caption-attachment-767\" class=\"wp-caption-text\"><em>Horst P. Horst. Helen Bennett in Spider Dress,<\/em><br \/><em>1939<\/em><br \/><em>Collezione privata, Milano.<\/em><br \/><em>Courtesy Paci contemporary gallery<\/em><br \/><em>\u00a9 Horst Estate\/ Cond\u00e9 Nast<\/em><\/figcaption><\/figure>\n<p>A completare la mostra, che si muove sempre a cavallo tra le opere pi\u00f9 note dell\u2019autore e una serie di sorprendenti inediti, le immagini tratte dalla serie <strong>Round the clock<\/strong>, del 1987, vera sintesi di radicalit\u00e0 e talento visionario, con le gambe delle modelle ritratte in un giocoso chiaroscuro surrealista. <strong>Horst P. Horst <\/strong>si spegner\u00e0 a Palm Beach, due anni dopo.<\/p>\n<figure id=\"attachment_768\" aria-describedby=\"caption-attachment-768\" style=\"width: 240px\" class=\"wp-caption alignnone\"><a href=\"http:\/\/web.quotidianopiemontese.it\/cultura-arte-e-spettacolo-a-torino\/files\/2021\/06\/16_Horst-P.-Horst.-Round-the-clock-1987.jpg\"><img loading=\"lazy\" decoding=\"async\" class=\"size-medium wp-image-768\" src=\"http:\/\/web.quotidianopiemontese.it\/cultura-arte-e-spettacolo-a-torino\/files\/2021\/06\/16_Horst-P.-Horst.-Round-the-clock-1987-240x300.jpg\" alt=\"\" width=\"240\" height=\"300\" srcset=\"https:\/\/web.quotidianopiemontese.it\/cultura-arte-e-spettacolo-a-torino\/files\/2021\/06\/16_Horst-P.-Horst.-Round-the-clock-1987-240x300.jpg 240w, https:\/\/web.quotidianopiemontese.it\/cultura-arte-e-spettacolo-a-torino\/files\/2021\/06\/16_Horst-P.-Horst.-Round-the-clock-1987-768x960.jpg 768w, https:\/\/web.quotidianopiemontese.it\/cultura-arte-e-spettacolo-a-torino\/files\/2021\/06\/16_Horst-P.-Horst.-Round-the-clock-1987-819x1024.jpg 819w, https:\/\/web.quotidianopiemontese.it\/cultura-arte-e-spettacolo-a-torino\/files\/2021\/06\/16_Horst-P.-Horst.-Round-the-clock-1987.jpg 2000w\" sizes=\"auto, (max-width: 240px) 85vw, 240px\" \/><\/a><figcaption id=\"caption-attachment-768\" class=\"wp-caption-text\"><em>Horst P. Horst. Round the clock, 1987<\/em><br \/><em>Courtesy Paci contemporary gallery<\/em><br \/><em>\u00a9 Horst Estate\/ Cond\u00e9 Nast<\/em><\/figcaption><\/figure>\n<p><a href=\"http:\/\/www.camera.to\/\">www.camera.to<\/a><\/p>\n<p><strong>Emanuele Rebuffini<\/strong><\/p>\n<figure id=\"attachment_769\" aria-describedby=\"caption-attachment-769\" style=\"width: 212px\" class=\"wp-caption alignnone\"><a href=\"http:\/\/web.quotidianopiemontese.it\/cultura-arte-e-spettacolo-a-torino\/files\/2021\/06\/12_Horst-P.-Horst.-Hand-Hands-New-York-1941.jpeg\"><img loading=\"lazy\" decoding=\"async\" class=\"size-medium wp-image-769\" src=\"http:\/\/web.quotidianopiemontese.it\/cultura-arte-e-spettacolo-a-torino\/files\/2021\/06\/12_Horst-P.-Horst.-Hand-Hands-New-York-1941-212x300.jpeg\" alt=\"\" width=\"212\" height=\"300\" srcset=\"https:\/\/web.quotidianopiemontese.it\/cultura-arte-e-spettacolo-a-torino\/files\/2021\/06\/12_Horst-P.-Horst.-Hand-Hands-New-York-1941-212x300.jpeg 212w, https:\/\/web.quotidianopiemontese.it\/cultura-arte-e-spettacolo-a-torino\/files\/2021\/06\/12_Horst-P.-Horst.-Hand-Hands-New-York-1941-768x1086.jpeg 768w, https:\/\/web.quotidianopiemontese.it\/cultura-arte-e-spettacolo-a-torino\/files\/2021\/06\/12_Horst-P.-Horst.-Hand-Hands-New-York-1941-724x1024.jpeg 724w\" sizes=\"auto, (max-width: 212px) 85vw, 212px\" \/><\/a><figcaption id=\"caption-attachment-769\" class=\"wp-caption-text\"><em>Horst P. Horst. Hand, Hands, New York, 1941<\/em><br \/><em>Courtesy Horst Estate<\/em><br \/><em>\u00a9 Horst Estate\/ Cond\u00e9 Nast<\/em><\/figcaption><\/figure>\n","protected":false},"excerpt":{"rendered":"<p>\u201cLa moda \u00e8 espressione del proprio tempo, l\u2019eleganza \u00e8 un\u2019altra cosa\u201d. Horst P. Horst\u00a0non fu solo uno dei protagonisti indiscussi della fotografia di moda del XX secolo ed il creatore delle pi\u00f9 celebri copertine di \u201cVogue\u201d,<\/p>\n","protected":false},"author":1361,"featured_media":760,"comment_status":"open","ping_status":"open","sticky":false,"template":"","format":"standard","meta":{"footnotes":""},"categories":[1],"tags":[77,173,174],"class_list":["post-759","post","type-post","status-publish","format-standard","has-post-thumbnail","hentry","category-cultura-arte-spettacolo","tag-camera","tag-horst-b-horst","tag-vogue"],"yoast_head":"<!-- This site is optimized with the Yoast SEO plugin v27.1.1 - https:\/\/yoast.com\/product\/yoast-seo-wordpress\/ -->\n<title>Style and Glamour. Horst P. Horst a \u00abCamera\u00bb - 28 Giugno 2021<\/title>\n<meta name=\"description\" content=\"Style and Glamour. Horst P. Horst a \u00abCamera\u00bb - Cultura, Arte e Spettacolo a Torino - \u201cLa moda \u00e8 espressione del proprio tempo, l\u2019eleganza \u00e8 un\u2019altra cosa\u201d. Horst P. Horst\u00a0non fu solo uno dei protagonisti indiscussi della fotografia di moda - Camera, Horst B. Horst, Vogue\" \/>\n<meta name=\"robots\" content=\"index, follow, max-snippet:-1, max-image-preview:large, max-video-preview:-1\" \/>\n<link rel=\"canonical\" href=\"https:\/\/web.quotidianopiemontese.it\/cultura-arte-e-spettacolo-a-torino\/style-and-glamour-horst-p-horst-camera\/\" \/>\n<meta property=\"og:locale\" content=\"it_IT\" \/>\n<meta property=\"og:type\" content=\"article\" \/>\n<meta property=\"og:title\" content=\"Style and Glamour. Horst P. Horst a \u00abCamera\u00bb - 28 Giugno 2021\" \/>\n<meta property=\"og:description\" content=\"Style and Glamour. Horst P. Horst a \u00abCamera\u00bb - Cultura, Arte e Spettacolo a Torino - \u201cLa moda \u00e8 espressione del proprio tempo, l\u2019eleganza \u00e8 un\u2019altra cosa\u201d. Horst P. Horst\u00a0non fu solo uno dei protagonisti indiscussi della fotografia di moda - Camera, Horst B. Horst, Vogue\" \/>\n<meta property=\"og:url\" content=\"https:\/\/web.quotidianopiemontese.it\/cultura-arte-e-spettacolo-a-torino\/style-and-glamour-horst-p-horst-camera\/\" \/>\n<meta property=\"og:site_name\" content=\"Cultura, Arte e Spettacolo a Torino\" \/>\n<meta property=\"article:publisher\" content=\"https:\/\/www.facebook.com\/quotidianopiemontese?fref=ts\" \/>\n<meta property=\"article:published_time\" content=\"2021-06-28T12:40:42+00:00\" \/>\n<meta property=\"og:image\" content=\"https:\/\/web.quotidianopiemontese.it\/cultura-arte-e-spettacolo-a-torino\/files\/2021\/06\/6_Horst-P.-Horst.-Madame-Bernon-corset-by-Detolle-for-Mainbocher-Paris-1939.jpeg\" \/>\n\t<meta property=\"og:image:width\" content=\"3897\" \/>\n\t<meta property=\"og:image:height\" content=\"5210\" \/>\n\t<meta property=\"og:image:type\" content=\"image\/jpeg\" \/>\n<meta name=\"author\" content=\"Emanuele Rebuffini\" \/>\n<meta name=\"twitter:label1\" content=\"Scritto da\" \/>\n\t<meta name=\"twitter:data1\" content=\"Emanuele Rebuffini\" \/>\n\t<meta name=\"twitter:label2\" content=\"Tempo di lettura stimato\" \/>\n\t<meta name=\"twitter:data2\" content=\"4 minuti\" \/>\n<script type=\"application\/ld+json\" class=\"yoast-schema-graph\">{\"@context\":\"https:\/\/schema.org\",\"@graph\":[{\"@type\":\"Article\",\"@id\":\"https:\/\/web.quotidianopiemontese.it\/cultura-arte-e-spettacolo-a-torino\/style-and-glamour-horst-p-horst-camera\/#article\",\"isPartOf\":{\"@id\":\"https:\/\/web.quotidianopiemontese.it\/cultura-arte-e-spettacolo-a-torino\/style-and-glamour-horst-p-horst-camera\/\"},\"author\":{\"name\":\"Emanuele Rebuffini\",\"@id\":\"https:\/\/web.quotidianopiemontese.it\/cultura-arte-e-spettacolo-a-torino\/#\/schema\/person\/b035109a4cc7d3e93911b78d8cebf3a0\"},\"headline\":\"Style and Glamour. Horst P. Horst a \u00abCamera\u00bb\",\"datePublished\":\"2021-06-28T12:40:42+00:00\",\"mainEntityOfPage\":{\"@id\":\"https:\/\/web.quotidianopiemontese.it\/cultura-arte-e-spettacolo-a-torino\/style-and-glamour-horst-p-horst-camera\/\"},\"wordCount\":784,\"commentCount\":0,\"image\":{\"@id\":\"https:\/\/web.quotidianopiemontese.it\/cultura-arte-e-spettacolo-a-torino\/style-and-glamour-horst-p-horst-camera\/#primaryimage\"},\"thumbnailUrl\":\"https:\/\/web.quotidianopiemontese.it\/cultura-arte-e-spettacolo-a-torino\/files\/2021\/06\/6_Horst-P.-Horst.-Madame-Bernon-corset-by-Detolle-for-Mainbocher-Paris-1939.jpeg\",\"keywords\":[\"Camera\",\"Horst B. Horst\",\"Vogue\"],\"articleSection\":[\"Cultura, arte, spettacolo\"],\"inLanguage\":\"it-IT\",\"potentialAction\":[{\"@type\":\"CommentAction\",\"name\":\"Comment\",\"target\":[\"https:\/\/web.quotidianopiemontese.it\/cultura-arte-e-spettacolo-a-torino\/style-and-glamour-horst-p-horst-camera\/#respond\"]}]},{\"@type\":\"WebPage\",\"@id\":\"https:\/\/web.quotidianopiemontese.it\/cultura-arte-e-spettacolo-a-torino\/style-and-glamour-horst-p-horst-camera\/\",\"url\":\"https:\/\/web.quotidianopiemontese.it\/cultura-arte-e-spettacolo-a-torino\/style-and-glamour-horst-p-horst-camera\/\",\"name\":\"Style and Glamour. Horst P. Horst a \u00abCamera\u00bb - 28 Giugno 2021\",\"isPartOf\":{\"@id\":\"https:\/\/web.quotidianopiemontese.it\/cultura-arte-e-spettacolo-a-torino\/#website\"},\"primaryImageOfPage\":{\"@id\":\"https:\/\/web.quotidianopiemontese.it\/cultura-arte-e-spettacolo-a-torino\/style-and-glamour-horst-p-horst-camera\/#primaryimage\"},\"image\":{\"@id\":\"https:\/\/web.quotidianopiemontese.it\/cultura-arte-e-spettacolo-a-torino\/style-and-glamour-horst-p-horst-camera\/#primaryimage\"},\"thumbnailUrl\":\"https:\/\/web.quotidianopiemontese.it\/cultura-arte-e-spettacolo-a-torino\/files\/2021\/06\/6_Horst-P.-Horst.-Madame-Bernon-corset-by-Detolle-for-Mainbocher-Paris-1939.jpeg\",\"datePublished\":\"2021-06-28T12:40:42+00:00\",\"author\":{\"@id\":\"https:\/\/web.quotidianopiemontese.it\/cultura-arte-e-spettacolo-a-torino\/#\/schema\/person\/b035109a4cc7d3e93911b78d8cebf3a0\"},\"description\":\"Style and Glamour. Horst P. Horst a \u00abCamera\u00bb - Cultura, Arte e Spettacolo a Torino - \u201cLa moda \u00e8 espressione del proprio tempo, l\u2019eleganza \u00e8 un\u2019altra cosa\u201d. Horst P. Horst\u00a0non fu solo uno dei protagonisti indiscussi della fotografia di moda - Camera, Horst B. Horst, Vogue\",\"inLanguage\":\"it-IT\",\"potentialAction\":[{\"@type\":\"ReadAction\",\"target\":[\"https:\/\/web.quotidianopiemontese.it\/cultura-arte-e-spettacolo-a-torino\/style-and-glamour-horst-p-horst-camera\/\"]}]},{\"@type\":\"ImageObject\",\"inLanguage\":\"it-IT\",\"@id\":\"https:\/\/web.quotidianopiemontese.it\/cultura-arte-e-spettacolo-a-torino\/style-and-glamour-horst-p-horst-camera\/#primaryimage\",\"url\":\"https:\/\/web.quotidianopiemontese.it\/cultura-arte-e-spettacolo-a-torino\/files\/2021\/06\/6_Horst-P.-Horst.-Madame-Bernon-corset-by-Detolle-for-Mainbocher-Paris-1939.jpeg\",\"contentUrl\":\"https:\/\/web.quotidianopiemontese.it\/cultura-arte-e-spettacolo-a-torino\/files\/2021\/06\/6_Horst-P.-Horst.-Madame-Bernon-corset-by-Detolle-for-Mainbocher-Paris-1939.jpeg\",\"width\":3897,\"height\":5210,\"caption\":\"Horst P. Horst. Madame Bernon, corset by Detolle for Mainbocher, Paris, 1939 Courtesy Paci contemporary gallery \u00a9 Horst Estate\/ Cond\u00e9 Nast\"},{\"@type\":\"WebSite\",\"@id\":\"https:\/\/web.quotidianopiemontese.it\/cultura-arte-e-spettacolo-a-torino\/#website\",\"url\":\"https:\/\/web.quotidianopiemontese.it\/cultura-arte-e-spettacolo-a-torino\/\",\"name\":\"Cultura, Arte e Spettacolo a Torino\",\"description\":\"Quotidiano Piemontese\",\"potentialAction\":[{\"@type\":\"SearchAction\",\"target\":{\"@type\":\"EntryPoint\",\"urlTemplate\":\"https:\/\/web.quotidianopiemontese.it\/cultura-arte-e-spettacolo-a-torino\/?s={search_term_string}\"},\"query-input\":{\"@type\":\"PropertyValueSpecification\",\"valueRequired\":true,\"valueName\":\"search_term_string\"}}],\"inLanguage\":\"it-IT\"},{\"@type\":\"Person\",\"@id\":\"https:\/\/web.quotidianopiemontese.it\/cultura-arte-e-spettacolo-a-torino\/#\/schema\/person\/b035109a4cc7d3e93911b78d8cebf3a0\",\"name\":\"Emanuele Rebuffini\",\"image\":{\"@type\":\"ImageObject\",\"inLanguage\":\"it-IT\",\"@id\":\"https:\/\/web.quotidianopiemontese.it\/cultura-arte-e-spettacolo-a-torino\/#\/schema\/person\/image\/\",\"url\":\"https:\/\/secure.gravatar.com\/avatar\/519a0a38be4cbbcf40fb5bc1b1173a85af291a3a8697df454a94ad7e05574628?s=96&d=mm&r=g\",\"contentUrl\":\"https:\/\/secure.gravatar.com\/avatar\/519a0a38be4cbbcf40fb5bc1b1173a85af291a3a8697df454a94ad7e05574628?s=96&d=mm&r=g\",\"caption\":\"Emanuele Rebuffini\"},\"sameAs\":[\"http:\/\/www.quotidianopiemontese.it\/cultura-arte-e-spettacolo-a-torino\/\"],\"url\":\"https:\/\/web.quotidianopiemontese.it\/cultura-arte-e-spettacolo-a-torino\/author\/emanuelerebuffini\/\"}]}<\/script>\n<!-- \/ Yoast SEO plugin. -->","yoast_head_json":{"title":"Style and Glamour. Horst P. Horst a \u00abCamera\u00bb - 28 Giugno 2021","description":"Style and Glamour. Horst P. Horst a \u00abCamera\u00bb - Cultura, Arte e Spettacolo a Torino - \u201cLa moda \u00e8 espressione del proprio tempo, l\u2019eleganza \u00e8 un\u2019altra cosa\u201d. Horst P. Horst\u00a0non fu solo uno dei protagonisti indiscussi della fotografia di moda - Camera, Horst B. Horst, Vogue","robots":{"index":"index","follow":"follow","max-snippet":"max-snippet:-1","max-image-preview":"max-image-preview:large","max-video-preview":"max-video-preview:-1"},"canonical":"https:\/\/web.quotidianopiemontese.it\/cultura-arte-e-spettacolo-a-torino\/style-and-glamour-horst-p-horst-camera\/","og_locale":"it_IT","og_type":"article","og_title":"Style and Glamour. Horst P. Horst a \u00abCamera\u00bb - 28 Giugno 2021","og_description":"Style and Glamour. Horst P. Horst a \u00abCamera\u00bb - Cultura, Arte e Spettacolo a Torino - \u201cLa moda \u00e8 espressione del proprio tempo, l\u2019eleganza \u00e8 un\u2019altra cosa\u201d. Horst P. Horst\u00a0non fu solo uno dei protagonisti indiscussi della fotografia di moda - Camera, Horst B. Horst, Vogue","og_url":"https:\/\/web.quotidianopiemontese.it\/cultura-arte-e-spettacolo-a-torino\/style-and-glamour-horst-p-horst-camera\/","og_site_name":"Cultura, Arte e Spettacolo a Torino","article_publisher":"https:\/\/www.facebook.com\/quotidianopiemontese?fref=ts","article_published_time":"2021-06-28T12:40:42+00:00","og_image":[{"width":3897,"height":5210,"url":"https:\/\/web.quotidianopiemontese.it\/cultura-arte-e-spettacolo-a-torino\/files\/2021\/06\/6_Horst-P.-Horst.-Madame-Bernon-corset-by-Detolle-for-Mainbocher-Paris-1939.jpeg","type":"image\/jpeg"}],"author":"Emanuele Rebuffini","twitter_misc":{"Scritto da":"Emanuele Rebuffini","Tempo di lettura stimato":"4 minuti"},"schema":{"@context":"https:\/\/schema.org","@graph":[{"@type":"Article","@id":"https:\/\/web.quotidianopiemontese.it\/cultura-arte-e-spettacolo-a-torino\/style-and-glamour-horst-p-horst-camera\/#article","isPartOf":{"@id":"https:\/\/web.quotidianopiemontese.it\/cultura-arte-e-spettacolo-a-torino\/style-and-glamour-horst-p-horst-camera\/"},"author":{"name":"Emanuele Rebuffini","@id":"https:\/\/web.quotidianopiemontese.it\/cultura-arte-e-spettacolo-a-torino\/#\/schema\/person\/b035109a4cc7d3e93911b78d8cebf3a0"},"headline":"Style and Glamour. Horst P. Horst a \u00abCamera\u00bb","datePublished":"2021-06-28T12:40:42+00:00","mainEntityOfPage":{"@id":"https:\/\/web.quotidianopiemontese.it\/cultura-arte-e-spettacolo-a-torino\/style-and-glamour-horst-p-horst-camera\/"},"wordCount":784,"commentCount":0,"image":{"@id":"https:\/\/web.quotidianopiemontese.it\/cultura-arte-e-spettacolo-a-torino\/style-and-glamour-horst-p-horst-camera\/#primaryimage"},"thumbnailUrl":"https:\/\/web.quotidianopiemontese.it\/cultura-arte-e-spettacolo-a-torino\/files\/2021\/06\/6_Horst-P.-Horst.-Madame-Bernon-corset-by-Detolle-for-Mainbocher-Paris-1939.jpeg","keywords":["Camera","Horst B. Horst","Vogue"],"articleSection":["Cultura, arte, spettacolo"],"inLanguage":"it-IT","potentialAction":[{"@type":"CommentAction","name":"Comment","target":["https:\/\/web.quotidianopiemontese.it\/cultura-arte-e-spettacolo-a-torino\/style-and-glamour-horst-p-horst-camera\/#respond"]}]},{"@type":"WebPage","@id":"https:\/\/web.quotidianopiemontese.it\/cultura-arte-e-spettacolo-a-torino\/style-and-glamour-horst-p-horst-camera\/","url":"https:\/\/web.quotidianopiemontese.it\/cultura-arte-e-spettacolo-a-torino\/style-and-glamour-horst-p-horst-camera\/","name":"Style and Glamour. Horst P. Horst a \u00abCamera\u00bb - 28 Giugno 2021","isPartOf":{"@id":"https:\/\/web.quotidianopiemontese.it\/cultura-arte-e-spettacolo-a-torino\/#website"},"primaryImageOfPage":{"@id":"https:\/\/web.quotidianopiemontese.it\/cultura-arte-e-spettacolo-a-torino\/style-and-glamour-horst-p-horst-camera\/#primaryimage"},"image":{"@id":"https:\/\/web.quotidianopiemontese.it\/cultura-arte-e-spettacolo-a-torino\/style-and-glamour-horst-p-horst-camera\/#primaryimage"},"thumbnailUrl":"https:\/\/web.quotidianopiemontese.it\/cultura-arte-e-spettacolo-a-torino\/files\/2021\/06\/6_Horst-P.-Horst.-Madame-Bernon-corset-by-Detolle-for-Mainbocher-Paris-1939.jpeg","datePublished":"2021-06-28T12:40:42+00:00","author":{"@id":"https:\/\/web.quotidianopiemontese.it\/cultura-arte-e-spettacolo-a-torino\/#\/schema\/person\/b035109a4cc7d3e93911b78d8cebf3a0"},"description":"Style and Glamour. Horst P. Horst a \u00abCamera\u00bb - Cultura, Arte e Spettacolo a Torino - \u201cLa moda \u00e8 espressione del proprio tempo, l\u2019eleganza \u00e8 un\u2019altra cosa\u201d. Horst P. Horst\u00a0non fu solo uno dei protagonisti indiscussi della fotografia di moda - Camera, Horst B. Horst, Vogue","inLanguage":"it-IT","potentialAction":[{"@type":"ReadAction","target":["https:\/\/web.quotidianopiemontese.it\/cultura-arte-e-spettacolo-a-torino\/style-and-glamour-horst-p-horst-camera\/"]}]},{"@type":"ImageObject","inLanguage":"it-IT","@id":"https:\/\/web.quotidianopiemontese.it\/cultura-arte-e-spettacolo-a-torino\/style-and-glamour-horst-p-horst-camera\/#primaryimage","url":"https:\/\/web.quotidianopiemontese.it\/cultura-arte-e-spettacolo-a-torino\/files\/2021\/06\/6_Horst-P.-Horst.-Madame-Bernon-corset-by-Detolle-for-Mainbocher-Paris-1939.jpeg","contentUrl":"https:\/\/web.quotidianopiemontese.it\/cultura-arte-e-spettacolo-a-torino\/files\/2021\/06\/6_Horst-P.-Horst.-Madame-Bernon-corset-by-Detolle-for-Mainbocher-Paris-1939.jpeg","width":3897,"height":5210,"caption":"Horst P. Horst. Madame Bernon, corset by Detolle for Mainbocher, Paris, 1939 Courtesy Paci contemporary gallery \u00a9 Horst Estate\/ Cond\u00e9 Nast"},{"@type":"WebSite","@id":"https:\/\/web.quotidianopiemontese.it\/cultura-arte-e-spettacolo-a-torino\/#website","url":"https:\/\/web.quotidianopiemontese.it\/cultura-arte-e-spettacolo-a-torino\/","name":"Cultura, Arte e Spettacolo a Torino","description":"Quotidiano Piemontese","potentialAction":[{"@type":"SearchAction","target":{"@type":"EntryPoint","urlTemplate":"https:\/\/web.quotidianopiemontese.it\/cultura-arte-e-spettacolo-a-torino\/?s={search_term_string}"},"query-input":{"@type":"PropertyValueSpecification","valueRequired":true,"valueName":"search_term_string"}}],"inLanguage":"it-IT"},{"@type":"Person","@id":"https:\/\/web.quotidianopiemontese.it\/cultura-arte-e-spettacolo-a-torino\/#\/schema\/person\/b035109a4cc7d3e93911b78d8cebf3a0","name":"Emanuele Rebuffini","image":{"@type":"ImageObject","inLanguage":"it-IT","@id":"https:\/\/web.quotidianopiemontese.it\/cultura-arte-e-spettacolo-a-torino\/#\/schema\/person\/image\/","url":"https:\/\/secure.gravatar.com\/avatar\/519a0a38be4cbbcf40fb5bc1b1173a85af291a3a8697df454a94ad7e05574628?s=96&d=mm&r=g","contentUrl":"https:\/\/secure.gravatar.com\/avatar\/519a0a38be4cbbcf40fb5bc1b1173a85af291a3a8697df454a94ad7e05574628?s=96&d=mm&r=g","caption":"Emanuele Rebuffini"},"sameAs":["http:\/\/www.quotidianopiemontese.it\/cultura-arte-e-spettacolo-a-torino\/"],"url":"https:\/\/web.quotidianopiemontese.it\/cultura-arte-e-spettacolo-a-torino\/author\/emanuelerebuffini\/"}]}},"_links":{"self":[{"href":"https:\/\/web.quotidianopiemontese.it\/cultura-arte-e-spettacolo-a-torino\/wp-json\/wp\/v2\/posts\/759","targetHints":{"allow":["GET"]}}],"collection":[{"href":"https:\/\/web.quotidianopiemontese.it\/cultura-arte-e-spettacolo-a-torino\/wp-json\/wp\/v2\/posts"}],"about":[{"href":"https:\/\/web.quotidianopiemontese.it\/cultura-arte-e-spettacolo-a-torino\/wp-json\/wp\/v2\/types\/post"}],"author":[{"embeddable":true,"href":"https:\/\/web.quotidianopiemontese.it\/cultura-arte-e-spettacolo-a-torino\/wp-json\/wp\/v2\/users\/1361"}],"replies":[{"embeddable":true,"href":"https:\/\/web.quotidianopiemontese.it\/cultura-arte-e-spettacolo-a-torino\/wp-json\/wp\/v2\/comments?post=759"}],"version-history":[{"count":0,"href":"https:\/\/web.quotidianopiemontese.it\/cultura-arte-e-spettacolo-a-torino\/wp-json\/wp\/v2\/posts\/759\/revisions"}],"wp:featuredmedia":[{"embeddable":true,"href":"https:\/\/web.quotidianopiemontese.it\/cultura-arte-e-spettacolo-a-torino\/wp-json\/wp\/v2\/media\/760"}],"wp:attachment":[{"href":"https:\/\/web.quotidianopiemontese.it\/cultura-arte-e-spettacolo-a-torino\/wp-json\/wp\/v2\/media?parent=759"}],"wp:term":[{"taxonomy":"category","embeddable":true,"href":"https:\/\/web.quotidianopiemontese.it\/cultura-arte-e-spettacolo-a-torino\/wp-json\/wp\/v2\/categories?post=759"},{"taxonomy":"post_tag","embeddable":true,"href":"https:\/\/web.quotidianopiemontese.it\/cultura-arte-e-spettacolo-a-torino\/wp-json\/wp\/v2\/tags?post=759"}],"curies":[{"name":"wp","href":"https:\/\/api.w.org\/{rel}","templated":true}]}}