{"id":748,"date":"2021-06-18T11:04:54","date_gmt":"2021-06-18T09:04:54","guid":{"rendered":"http:\/\/web.quotidianopiemontese.it\/cultura-arte-e-spettacolo-a-torino\/?p=748"},"modified":"2021-06-18T11:04:54","modified_gmt":"2021-06-18T09:04:54","slug":"introduce-myself-viaggio-nella-fiber-art","status":"publish","type":"post","link":"https:\/\/web.quotidianopiemontese.it\/cultura-arte-e-spettacolo-a-torino\/introduce-myself-viaggio-nella-fiber-art\/","title":{"rendered":"\u00abI introduce myself\u00bb. Viaggio nella Fiber Art"},"content":{"rendered":"<p>Spettacolari abiti scultura, sculture tessili, sculture morbide, libri d\u2019artista, arazzi non convenzionali realizzati al telaio e <em>off loom<\/em>, quilt ovvero le \u201cgrandi trapunte\u201d, shibori, shared art, recycling art, lo stitch-illo, un nuovissimo fumetto ricamato da giovanissimi artisti, per arrivare alla performing art e video art. Fino al <strong>15 settembre<\/strong>, l\u2019<strong>Imbiancheria del Vajro<\/strong> di <strong>Chieri <\/strong>ospita la mostra \u00ab<strong>I introduce myself<\/strong>\u00bb, <!--more-->ottanta opere che raccontano la <strong>Fiber Art<\/strong>, dalle origini fino alle pi\u00f9 recenti sperimentazioni <em>mixed media<\/em>. Prima tappa del progetto \u00ab<strong>RestART!<\/strong>\u00bb<strong>, <\/strong>che nell\u2019arco di due anni, attraverso cinque mostre, consentiranno di meglio conoscere la preziosa <strong>Collezione Civica \u201cTrame d\u2019Autore\u201d <\/strong>del Comune di Chieri, pi\u00f9 di 300 opere realizzate da artisti di tutto il mondo, un patrimonio di valore e di rilevanza internazionale, che fino ad oggi non aveva un luogo che potesse ospitarle e valorizzarle in maniera continuativa.<\/p>\n<p><a href=\"http:\/\/web.quotidianopiemontese.it\/cultura-arte-e-spettacolo-a-torino\/files\/2021\/06\/Restart.jpg\"><img loading=\"lazy\" decoding=\"async\" class=\"alignnone size-medium wp-image-750\" src=\"http:\/\/web.quotidianopiemontese.it\/cultura-arte-e-spettacolo-a-torino\/files\/2021\/06\/Restart-300x225.jpg\" alt=\"\" width=\"300\" height=\"225\" srcset=\"https:\/\/web.quotidianopiemontese.it\/cultura-arte-e-spettacolo-a-torino\/files\/2021\/06\/Restart-300x225.jpg 300w, https:\/\/web.quotidianopiemontese.it\/cultura-arte-e-spettacolo-a-torino\/files\/2021\/06\/Restart-768x576.jpg 768w, https:\/\/web.quotidianopiemontese.it\/cultura-arte-e-spettacolo-a-torino\/files\/2021\/06\/Restart-1024x768.jpg 1024w, https:\/\/web.quotidianopiemontese.it\/cultura-arte-e-spettacolo-a-torino\/files\/2021\/06\/Restart-200x150.jpg 200w, https:\/\/web.quotidianopiemontese.it\/cultura-arte-e-spettacolo-a-torino\/files\/2021\/06\/Restart.jpg 2048w\" sizes=\"auto, (max-width: 300px) 85vw, 300px\" \/><\/a><\/p>\n<p>Ora questo luogo c\u2019\u00e8, ed \u00e8 l\u2019<strong>Imbiancheria del Vajro<\/strong>, uno dei pi\u00f9 antichi edifici industriali di Chieri, risalente al XVI secolo, quando qui si insediarono le prime lavorazioni tessili: recuperata grazie al contributo della <strong>Fondazione Compagnia di San Paolo, <\/strong>\u00e8 divenuta sede di un\u00a0 museo \u2018relazionale\u2019 incentrato sul patrimonio della <strong>Fiber Art, <\/strong>ospitando mostre temporanee ed eventi collaterali, attivit\u00e0 educative, nonch\u00e9 la rassegna \u201cTramanda\u201d e tutte le iniziative ad essa collegate.<\/p>\n<figure id=\"attachment_751\" aria-describedby=\"caption-attachment-751\" style=\"width: 300px\" class=\"wp-caption alignnone\"><a href=\"http:\/\/web.quotidianopiemontese.it\/cultura-arte-e-spettacolo-a-torino\/files\/2021\/06\/ImbiancheriadelVajro_CHIERICredits-Maria-Elena-Delia.jpg\"><img loading=\"lazy\" decoding=\"async\" class=\"size-medium wp-image-751\" src=\"http:\/\/web.quotidianopiemontese.it\/cultura-arte-e-spettacolo-a-torino\/files\/2021\/06\/ImbiancheriadelVajro_CHIERICredits-Maria-Elena-Delia-300x225.jpg\" alt=\"\" width=\"300\" height=\"225\" srcset=\"https:\/\/web.quotidianopiemontese.it\/cultura-arte-e-spettacolo-a-torino\/files\/2021\/06\/ImbiancheriadelVajro_CHIERICredits-Maria-Elena-Delia-300x225.jpg 300w, https:\/\/web.quotidianopiemontese.it\/cultura-arte-e-spettacolo-a-torino\/files\/2021\/06\/ImbiancheriadelVajro_CHIERICredits-Maria-Elena-Delia-768x576.jpg 768w, https:\/\/web.quotidianopiemontese.it\/cultura-arte-e-spettacolo-a-torino\/files\/2021\/06\/ImbiancheriadelVajro_CHIERICredits-Maria-Elena-Delia-1024x768.jpg 1024w, https:\/\/web.quotidianopiemontese.it\/cultura-arte-e-spettacolo-a-torino\/files\/2021\/06\/ImbiancheriadelVajro_CHIERICredits-Maria-Elena-Delia-200x150.jpg 200w, https:\/\/web.quotidianopiemontese.it\/cultura-arte-e-spettacolo-a-torino\/files\/2021\/06\/ImbiancheriadelVajro_CHIERICredits-Maria-Elena-Delia.jpg 1824w\" sizes=\"auto, (max-width: 300px) 85vw, 300px\" \/><\/a><figcaption id=\"caption-attachment-751\" class=\"wp-caption-text\"><em>Imbiancheria del Vajro (Credits Maria Elena Delia)<\/em><\/figcaption><\/figure>\n<p>\u00abRestART!\u00a0 mette a fuoco quello che \u00e8 un patrimonio molto speciale, una collezione internazionale di oltre 300 opere che hanno portato il mondo a Chieri e grazie alle quali Chieri \u00e8 divenuta protagonista nel mondo-spiega <strong>Silvana NOTA<\/strong>, critica d\u2019arte e direttrice artistica del progetto RestART!-Il tutto \u00e8 nato grazie ad un\u2019idea dell\u2019artista olandese <strong>Martha Nieuwenhuijs,<\/strong>\u00a0che aveva ideato proprio a Chieri la Biennale di <strong>Fiber Art<\/strong>, con lo scopo di far capire come attraverso un filo si possono aprire un\u2019infinit\u00e0 di percorsi, individuando in questo linguaggio dell\u2019arte contemporanea un testimonial internazionale per la secolare tradizione tessile chierese. La <strong>Fiber Art<\/strong>, non ancora adeguatamente conosciuta in Italia, <strong>\u00e8 un vero e proprio movimento artistico, seppur non teorizzato da un manifesto, che si \u00e8 venuto affermando a partire dagli anni Sessanta soprattutto nel Nord Europa e negli Usa, e che mette al centro il filo in tutte le sue declinazioni,<\/strong> purch\u00e9 intrecciato o comunque lavorato al telaio od <em>off-loom.<\/em> Una corrente artistica antiaccademica, relazionale, in costante metamorfosi. Il fiber artist non \u00e8 semplicemente un artista che utilizza il tessuto nel suo lavoro. A caratterizzare la <strong>Fiber Art<\/strong> sono <strong>tre elementi inscindibili<\/strong>. Il primo \u00e8 la <strong>\u201ctessitura\u201d,<\/strong> quel filo che unisce le origini dell\u2019umanit\u00e0 al nostro contemporaneo, un elemento flessibile ed intrecciabile, che viene continuamente rielaborato alla luce di nuove tecniche e capacit\u00e0. <strong>Il medium tessile scelto come strumento espressivo al pari della pittura e della scultura.<\/strong> Il secondo elemento \u00e8 l\u2019attenzione alle culture altre e diverse, la valorizzazione ed il rispetto delle diversit\u00e0. La <strong>Fiber Art<\/strong> \u00e8 un linguaggio che si esprime in un costante rimando di <strong>richiami e collegamenti interdisciplinari e interculturali,<\/strong> \u00e8 fortemente <strong>cosmopolita<\/strong>, basta vedere le traiettorie biografiche dei vari artisti, <strong>non ha confini n\u00e9 barriere<\/strong>, guarda a ci\u00f2 che di meglio i popoli hanno realizzato, \u00e8 un\u2019arte fortemente \u201cetica\u201d, che ci unisce al mondo, esattamente come fa il filo. Il terzo fattore caratterizzante \u00e8 la continua <strong>sperimentazione in progress<\/strong>, la costante evoluzione. Non \u00e8 un caso che nelle ultime generazioni di artisti si stia registrando un grande interesse verso la <strong>Fiber Art<\/strong>, e sia <strong>\u201cRestART!\u201d<\/strong> sia <strong>\u201cTramanda\u201d<\/strong> renderanno conto di tutti i flussi di tendenza in atto, che uniscono artisti molto diversi tra loro, sia coloro che si identificano con la <strong>Fiber Art<\/strong> sia artisti che utilizzano il filo in modo non casuale ma attribuendo un valore concettuale ed individuando in esso profondi giacimenti di significato e di ricerca\u00bb.<\/p>\n<figure id=\"attachment_752\" aria-describedby=\"caption-attachment-752\" style=\"width: 224px\" class=\"wp-caption alignnone\"><a href=\"http:\/\/web.quotidianopiemontese.it\/cultura-arte-e-spettacolo-a-torino\/files\/2021\/06\/Mirrow-Veronika-Alkmim-bassa.jpg\"><img loading=\"lazy\" decoding=\"async\" class=\"size-medium wp-image-752\" src=\"http:\/\/web.quotidianopiemontese.it\/cultura-arte-e-spettacolo-a-torino\/files\/2021\/06\/Mirrow-Veronika-Alkmim-bassa-224x300.jpg\" alt=\"\" width=\"224\" height=\"300\" srcset=\"https:\/\/web.quotidianopiemontese.it\/cultura-arte-e-spettacolo-a-torino\/files\/2021\/06\/Mirrow-Veronika-Alkmim-bassa-224x300.jpg 224w, https:\/\/web.quotidianopiemontese.it\/cultura-arte-e-spettacolo-a-torino\/files\/2021\/06\/Mirrow-Veronika-Alkmim-bassa.jpg 526w\" sizes=\"auto, (max-width: 224px) 85vw, 224px\" \/><\/a><figcaption id=\"caption-attachment-752\" class=\"wp-caption-text\"><em>Ver\u00f4nica Alkmim Fran\u00e7a,<\/em><br \/><em>Mirrow, 2000,<\/em><br \/><em>crediti fotografici<\/em><br \/><em>Oscar Zambello<\/em><\/figcaption><\/figure>\n<p>\u00abIl titolo scelto per la prima mostra, <strong>I introduce myself,<\/strong> intende suggerire uno sguardo ampio sulla collezione che in questa esposizione si presenta con le sue principali caratteristiche-commenta la curatrice <strong>Silvana NOTA<\/strong>-perch\u00e9 vogliamo offrire uno sguardo, il pi\u00f9 ampio possibile, su un\u2019arte libera, sofisticata, colta, di grande fascino estetico al di l\u00e0 dei canoni convenzionali e con continui rimandi e collegamenti interdisciplinari ed interculturali. Il messaggio della <strong>Fibert Art<\/strong> \u00e8 che bisogna capire prima di giudicare, lasciarsi attrarre da ci\u00f2 che ci racconta qualcosa, da ci\u00f2 che \u00e8 bello, da ci\u00f2 che ci migliora. Ogni opera non si circoscrive dunque alla poetica dell\u2019artista che l\u2019ha creata, ma travalica se stessa, \u00e8 duttile, e per questo non ci sono sezioni cristallizzate, ma aree tematiche dinamiche, aperte a letture trasversali, in modo tale che l\u2019arte sia fruibile su pi\u00f9 versanti, suggerendo al visitatore-osservatore strade da esplorare ed invitandolo a spingersi su percorsi di pensiero inaspettati. <strong>La mostra \u00e8 una sorta di enciclopedia dai molti rimandi, il cui fulcro sta nel totale sconfinamento dei limiti e delle barriere<\/strong>\u00bb.<\/p>\n<figure id=\"attachment_753\" aria-describedby=\"caption-attachment-753\" style=\"width: 300px\" class=\"wp-caption alignnone\"><a href=\"http:\/\/web.quotidianopiemontese.it\/cultura-arte-e-spettacolo-a-torino\/files\/2021\/06\/Sunrise-Lauren-Camp-bassa.jpg\"><img loading=\"lazy\" decoding=\"async\" class=\"size-medium wp-image-753\" src=\"http:\/\/web.quotidianopiemontese.it\/cultura-arte-e-spettacolo-a-torino\/files\/2021\/06\/Sunrise-Lauren-Camp-bassa-300x231.jpg\" alt=\"\" width=\"300\" height=\"231\" srcset=\"https:\/\/web.quotidianopiemontese.it\/cultura-arte-e-spettacolo-a-torino\/files\/2021\/06\/Sunrise-Lauren-Camp-bassa-300x231.jpg 300w, https:\/\/web.quotidianopiemontese.it\/cultura-arte-e-spettacolo-a-torino\/files\/2021\/06\/Sunrise-Lauren-Camp-bassa.jpg 700w\" sizes=\"auto, (max-width: 300px) 85vw, 300px\" \/><\/a><figcaption id=\"caption-attachment-753\" class=\"wp-caption-text\"><em>Lauren Camp,<\/em><br \/><em>Sunrise, 2000<\/em><br \/><em>crediti fotografici<\/em><br \/><em>Oscar Zambello<\/em><\/figcaption><\/figure>\n<p>Tra tanti artisti presenti in mostra: <strong>Valeria Scuteri<\/strong>, che utilizzando un telaio sperimentale da lei costruito ha realizzato un abito installativo con fili di ferro che interagiscono con la luce. Un\u2019installazione che affronta il tema della donna e del riscatto della bellezza come risposta al dolore, fisico e dell\u2019anima, rendendo omaggio alla vita in contrapposizione all\u2019abbrutimento della morte. Tutto il lavoro trova significato nelle tracce che i corpi lasciano negli abiti, che nella sua poetica travalicano la semplice superficie e si spingono nell\u2019interiorit\u00e0 della persona; \u00a0<strong>Silvia Heyden <\/strong>(Svizzera),\u00a0tra le pi\u00f9 importanti artiste storiche, \u00e8 stata violinista e fiber artist coniugando le corde del violino al telaio, inventando un\u2019innovativa tessitura da lei definita \u201cPiumata\u201d, che crea passaggi musicali e cromatici. Importantissimi i suoi studi alla School of Arts di Zurigo diretta da Johannes Itten; \u00a0<strong>Amayokasim Yamamoto <\/strong>(Giappone), la cui ricerca parte dal senso di riscoperta dell\u2019ascolto in risposta alla societ\u00e0 del rumore, utilizza e sperimenta nel contemporaneo il recupero dell\u2019antica tradizione della paglia. Nell\u2019opera utilizza l\u2019antica tessitura giapponese <em>Sakiori\u00a0<\/em> ottenuta con fili di vecchi indumenti tagliati come ricordi di storie e persone; \u00a0<strong>Lauren Camp (Usa),<\/strong> il suo quilt, realizzato con modalit\u00e0 sperimentali, esprime la volont\u00e0 di comunicare con ago e filo la musica Jazz, tra gli elementi fondanti della sua ricerca, i diritti umani e la condizione femminile, le sue opere sono manifesti delle sue battaglie sociali attraverso la bellezza e materiali di recupero; \u00a0<strong>Nikola Filipovich <\/strong>(Montenegro), diploma in arte e ambiente all\u2019Accademia di Belle Arti di Bologna, pratica lo <em>stitch illo<\/em>, il ricamo fumettoso con il quale racconta la \u00a0cultura e del suo Paese, vincitore del premio YFC (Montenegro); <strong>Laura Guilda Grote <\/strong>(Germania), la sua installazione presenta una seggiolina da bimbi con strisce ricamate e scritte dedicate a Kamala Lama, una bambina salvata dallo sfruttamento infantile, che denuncia con questa struggente opera; <strong>Robert Aleawobu<\/strong> (Ghana) ed <strong>Eva Basile<\/strong>, la loro opera di <em>shared art<\/em> con telaio a strascico \u00e8 stata realizzata a Klikor, in Ghana. La ricerca di antiche tessiture tradizionali africane \u00e8 coniugata a sperimentazioni contemporanee con cartoni e\u00a0fotografie.<\/p>\n<figure id=\"attachment_754\" aria-describedby=\"caption-attachment-754\" style=\"width: 216px\" class=\"wp-caption alignnone\"><a href=\"http:\/\/web.quotidianopiemontese.it\/cultura-arte-e-spettacolo-a-torino\/files\/2021\/06\/Restart6.jpg\"><img loading=\"lazy\" decoding=\"async\" class=\"size-medium wp-image-754\" src=\"http:\/\/web.quotidianopiemontese.it\/cultura-arte-e-spettacolo-a-torino\/files\/2021\/06\/Restart6-216x300.jpg\" alt=\"\" width=\"216\" height=\"300\" srcset=\"https:\/\/web.quotidianopiemontese.it\/cultura-arte-e-spettacolo-a-torino\/files\/2021\/06\/Restart6-216x300.jpg 216w, https:\/\/web.quotidianopiemontese.it\/cultura-arte-e-spettacolo-a-torino\/files\/2021\/06\/Restart6-768x1065.jpg 768w, https:\/\/web.quotidianopiemontese.it\/cultura-arte-e-spettacolo-a-torino\/files\/2021\/06\/Restart6-739x1024.jpg 739w, https:\/\/web.quotidianopiemontese.it\/cultura-arte-e-spettacolo-a-torino\/files\/2021\/06\/Restart6.jpg 1154w\" sizes=\"auto, (max-width: 216px) 85vw, 216px\" \/><\/a><figcaption id=\"caption-attachment-754\" class=\"wp-caption-text\"><em>Teresa Musolino<\/em><br \/><em>Imballaggio Artistico, 2015<\/em><\/figcaption><\/figure>\n<p>Quasi a fare da simbolico fulcro alla mostra, racchiudendo le caratteristiche della <strong>Fiber Art<\/strong> come arte libera, relazionale e moltiplicatrice di esperienze poetiche, <strong>\u00e8 l\u2019installazione aperta \u201cL\u2019arte moltiplica l\u2019arte\u201d, frutto dei lavori successivi di tre artiste, Cristina Mariani, Adele Oliva ed Elisa Oliva, a cui si aggiunge un\u2019opera di Elham M. Aghiili.<\/strong><\/p>\n<p><a href=\"http:\/\/web.quotidianopiemontese.it\/cultura-arte-e-spettacolo-a-torino\/files\/2021\/06\/Restart_8.jpg\"><img loading=\"lazy\" decoding=\"async\" class=\"alignnone size-medium wp-image-755\" src=\"http:\/\/web.quotidianopiemontese.it\/cultura-arte-e-spettacolo-a-torino\/files\/2021\/06\/Restart_8-225x300.jpg\" alt=\"\" width=\"225\" height=\"300\" srcset=\"https:\/\/web.quotidianopiemontese.it\/cultura-arte-e-spettacolo-a-torino\/files\/2021\/06\/Restart_8-225x300.jpg 225w, https:\/\/web.quotidianopiemontese.it\/cultura-arte-e-spettacolo-a-torino\/files\/2021\/06\/Restart_8-768x1024.jpg 768w, https:\/\/web.quotidianopiemontese.it\/cultura-arte-e-spettacolo-a-torino\/files\/2021\/06\/Restart_8.jpg 1536w\" sizes=\"auto, (max-width: 225px) 85vw, 225px\" \/><\/a><\/p>\n<p>La web designer<strong> Cristina Mariani<\/strong> in un arazzo non convenzionale ha raccontato il viaggio di un seme d\u2019acero portato dal vento,<strong> Adele Oliva<\/strong>, artista oltre che neuropsicologa, ha realizzato\u00a0 una <em>performance<\/em> di acrobazia aerea con tessuto,<strong> Elisa Oliva, <\/strong>videoartista ed artista di circo contemporaneo, ha riprodotto la performance in esterno tra le montagne valdostane in un\u2019opera di<em> video art. <\/em>Infine, <strong>Elham M. Aghili <\/strong>ha realizzato un\u2019installazione, che pur non espressamente nata in collegamento, si sintonizza perfettamente confermando lo spirito di empatia universale che unisce gli artisti della Fiber\u00a0Art. Ogni opera diventa cos\u00ec moltiplicatrice di altre opere, originando evoluzioni che richiamano il volteggiare del seme nell\u2019aria.<\/p>\n<p><a href=\"http:\/\/web.quotidianopiemontese.it\/cultura-arte-e-spettacolo-a-torino\/files\/2021\/06\/Restart11.jpg\"><img loading=\"lazy\" decoding=\"async\" class=\"alignnone size-medium wp-image-756\" src=\"http:\/\/web.quotidianopiemontese.it\/cultura-arte-e-spettacolo-a-torino\/files\/2021\/06\/Restart11-300x200.jpg\" alt=\"\" width=\"300\" height=\"200\" srcset=\"https:\/\/web.quotidianopiemontese.it\/cultura-arte-e-spettacolo-a-torino\/files\/2021\/06\/Restart11-300x200.jpg 300w, https:\/\/web.quotidianopiemontese.it\/cultura-arte-e-spettacolo-a-torino\/files\/2021\/06\/Restart11-768x512.jpg 768w, https:\/\/web.quotidianopiemontese.it\/cultura-arte-e-spettacolo-a-torino\/files\/2021\/06\/Restart11-1024x682.jpg 1024w, https:\/\/web.quotidianopiemontese.it\/cultura-arte-e-spettacolo-a-torino\/files\/2021\/06\/Restart11-600x400.jpg 600w, https:\/\/web.quotidianopiemontese.it\/cultura-arte-e-spettacolo-a-torino\/files\/2021\/06\/Restart11.jpg 1600w\" sizes=\"auto, (max-width: 300px) 85vw, 300px\" \/><\/a><\/p>\n<p>Il progetto \u00ab<strong><em>RestART!<\/em><\/strong>\u00bb proseguir\u00e0 dal 15 ottobre 2021 al 15 gennaio 2022, con la quarta edizione di <strong>\u00abTramanda\u00bb,<\/strong> quindi con \u00ab<strong>Fiber Art<\/strong>. <strong>Un grande abbraccio al mondo<\/strong><strong>\u00bb<\/strong>, dal 15 marzo al 15 maggio 2022, \u00ab<strong>La bellezza ritrovata<\/strong>\u00bb, dal 15 giugno al 15 settembre 2022, e, infine, \u00ab<strong>Shared Exhibition<\/strong>, <strong>i molti sguardi di una mostra condivisa<\/strong>\u00bb, dal 15 ottobre 2022 al 15 dicembre 2022.<\/p>\n<p><a href=\"http:\/\/www.comune.chieri.to.it\">http:\/\/www.comune.chieri.to.it<\/a><\/p>\n<h5>Emanuele Rebuffini<\/h5>\n<p><a href=\"http:\/\/web.quotidianopiemontese.it\/cultura-arte-e-spettacolo-a-torino\/files\/2021\/06\/Restart4.jpg\"><img loading=\"lazy\" decoding=\"async\" class=\"alignnone size-medium wp-image-757\" src=\"http:\/\/web.quotidianopiemontese.it\/cultura-arte-e-spettacolo-a-torino\/files\/2021\/06\/Restart4-300x200.jpg\" alt=\"\" width=\"300\" height=\"200\" srcset=\"https:\/\/web.quotidianopiemontese.it\/cultura-arte-e-spettacolo-a-torino\/files\/2021\/06\/Restart4-300x200.jpg 300w, https:\/\/web.quotidianopiemontese.it\/cultura-arte-e-spettacolo-a-torino\/files\/2021\/06\/Restart4-768x512.jpg 768w, https:\/\/web.quotidianopiemontese.it\/cultura-arte-e-spettacolo-a-torino\/files\/2021\/06\/Restart4-1024x682.jpg 1024w, https:\/\/web.quotidianopiemontese.it\/cultura-arte-e-spettacolo-a-torino\/files\/2021\/06\/Restart4-600x400.jpg 600w, https:\/\/web.quotidianopiemontese.it\/cultura-arte-e-spettacolo-a-torino\/files\/2021\/06\/Restart4.jpg 1600w\" sizes=\"auto, (max-width: 300px) 85vw, 300px\" \/><\/a><\/p>\n<p>&nbsp;<\/p>\n<p>&nbsp;<\/p>\n<p>&nbsp;<\/p>\n","protected":false},"excerpt":{"rendered":"<p>Spettacolari abiti scultura, sculture tessili, sculture morbide, libri d\u2019artista, arazzi non convenzionali realizzati al telaio e off loom, quilt ovvero le \u201cgrandi trapunte\u201d, shibori, shared art, recycling art, lo stitch-illo, un nuovissimo fumetto ricamato da giovanissimi artisti, per arrivare alla performing art e video art. Fino al 15 settembre, l\u2019Imbiancheria del Vajro di Chieri ospita &hellip; <a href=\"https:\/\/web.quotidianopiemontese.it\/cultura-arte-e-spettacolo-a-torino\/introduce-myself-viaggio-nella-fiber-art\/\" class=\"more-link\">Leggi tutto<span class=\"screen-reader-text\"> &#8220;\u00abI introduce myself\u00bb. Viaggio nella Fiber Art&#8221;<\/span><\/a><\/p>\n","protected":false},"author":1361,"featured_media":749,"comment_status":"open","ping_status":"open","sticky":false,"template":"","format":"standard","meta":{"footnotes":""},"categories":[1],"tags":[153,170,171,172],"class_list":["post-748","post","type-post","status-publish","format-standard","has-post-thumbnail","hentry","category-cultura-arte-spettacolo","tag-chieri","tag-fibert-art","tag-imbiancheria-del-vajro","tag-restart"],"yoast_head":"<!-- This site is optimized with the Yoast SEO plugin v27.1.1 - https:\/\/yoast.com\/product\/yoast-seo-wordpress\/ -->\n<title>\u00abI introduce myself\u00bb. Viaggio nella Fiber Art - 18 Giugno 2021<\/title>\n<meta name=\"description\" content=\"\u00abI introduce myself\u00bb. Viaggio nella Fiber Art - Cultura, Arte e Spettacolo a Torino - Spettacolari abiti scultura, sculture tessili, sculture morbide, libri d\u2019artista, arazzi non convenzionali realizzati al telaio e off loom, quilt ovvero - Chieri, Fibert art, Imbiancheria del Vajro, Restart\" \/>\n<meta name=\"robots\" content=\"index, follow, max-snippet:-1, max-image-preview:large, max-video-preview:-1\" \/>\n<link rel=\"canonical\" href=\"http:\/\/web.quotidianopiemontese.it\/cultura-arte-e-spettacolo-a-torino\/introduce-myself-viaggio-nella-fiber-art\/\" \/>\n<meta property=\"og:locale\" content=\"it_IT\" \/>\n<meta property=\"og:type\" content=\"article\" \/>\n<meta property=\"og:title\" content=\"\u00abI introduce myself\u00bb. Viaggio nella Fiber Art - 18 Giugno 2021\" \/>\n<meta property=\"og:description\" content=\"\u00abI introduce myself\u00bb. Viaggio nella Fiber Art - Cultura, Arte e Spettacolo a Torino - Spettacolari abiti scultura, sculture tessili, sculture morbide, libri d\u2019artista, arazzi non convenzionali realizzati al telaio e off loom, quilt ovvero - Chieri, Fibert art, Imbiancheria del Vajro, Restart\" \/>\n<meta property=\"og:url\" content=\"http:\/\/web.quotidianopiemontese.it\/cultura-arte-e-spettacolo-a-torino\/introduce-myself-viaggio-nella-fiber-art\/\" \/>\n<meta property=\"og:site_name\" content=\"Cultura, Arte e Spettacolo a Torino\" \/>\n<meta property=\"article:publisher\" content=\"https:\/\/www.facebook.com\/quotidianopiemontese?fref=ts\" \/>\n<meta property=\"article:published_time\" content=\"2021-06-18T09:04:54+00:00\" \/>\n<meta property=\"og:image\" content=\"http:\/\/web.quotidianopiemontese.it\/cultura-arte-e-spettacolo-a-torino\/files\/2021\/06\/Valeria_Scuteri_bassa.jpg\" \/>\n\t<meta property=\"og:image:width\" content=\"812\" \/>\n\t<meta property=\"og:image:height\" content=\"540\" \/>\n\t<meta property=\"og:image:type\" content=\"image\/jpeg\" \/>\n<meta name=\"author\" content=\"Emanuele Rebuffini\" \/>\n<meta name=\"twitter:label1\" content=\"Scritto da\" \/>\n\t<meta name=\"twitter:data1\" content=\"Emanuele Rebuffini\" \/>\n\t<meta name=\"twitter:label2\" content=\"Tempo di lettura stimato\" \/>\n\t<meta name=\"twitter:data2\" content=\"7 minuti\" \/>\n<script type=\"application\/ld+json\" class=\"yoast-schema-graph\">{\"@context\":\"https:\/\/schema.org\",\"@graph\":[{\"@type\":\"Article\",\"@id\":\"http:\/\/web.quotidianopiemontese.it\/cultura-arte-e-spettacolo-a-torino\/introduce-myself-viaggio-nella-fiber-art\/#article\",\"isPartOf\":{\"@id\":\"http:\/\/web.quotidianopiemontese.it\/cultura-arte-e-spettacolo-a-torino\/introduce-myself-viaggio-nella-fiber-art\/\"},\"author\":{\"name\":\"Emanuele Rebuffini\",\"@id\":\"https:\/\/web.quotidianopiemontese.it\/cultura-arte-e-spettacolo-a-torino\/#\/schema\/person\/b035109a4cc7d3e93911b78d8cebf3a0\"},\"headline\":\"\u00abI introduce myself\u00bb. Viaggio nella Fiber Art\",\"datePublished\":\"2021-06-18T09:04:54+00:00\",\"mainEntityOfPage\":{\"@id\":\"http:\/\/web.quotidianopiemontese.it\/cultura-arte-e-spettacolo-a-torino\/introduce-myself-viaggio-nella-fiber-art\/\"},\"wordCount\":1418,\"commentCount\":0,\"image\":{\"@id\":\"http:\/\/web.quotidianopiemontese.it\/cultura-arte-e-spettacolo-a-torino\/introduce-myself-viaggio-nella-fiber-art\/#primaryimage\"},\"thumbnailUrl\":\"https:\/\/web.quotidianopiemontese.it\/cultura-arte-e-spettacolo-a-torino\/files\/2021\/06\/Valeria_Scuteri_bassa.jpg\",\"keywords\":[\"Chieri\",\"Fibert art\",\"Imbiancheria del Vajro\",\"Restart\"],\"articleSection\":[\"Cultura, arte, spettacolo\"],\"inLanguage\":\"it-IT\",\"potentialAction\":[{\"@type\":\"CommentAction\",\"name\":\"Comment\",\"target\":[\"http:\/\/web.quotidianopiemontese.it\/cultura-arte-e-spettacolo-a-torino\/introduce-myself-viaggio-nella-fiber-art\/#respond\"]}]},{\"@type\":\"WebPage\",\"@id\":\"http:\/\/web.quotidianopiemontese.it\/cultura-arte-e-spettacolo-a-torino\/introduce-myself-viaggio-nella-fiber-art\/\",\"url\":\"http:\/\/web.quotidianopiemontese.it\/cultura-arte-e-spettacolo-a-torino\/introduce-myself-viaggio-nella-fiber-art\/\",\"name\":\"\u00abI introduce myself\u00bb. Viaggio nella Fiber Art - 18 Giugno 2021\",\"isPartOf\":{\"@id\":\"https:\/\/web.quotidianopiemontese.it\/cultura-arte-e-spettacolo-a-torino\/#website\"},\"primaryImageOfPage\":{\"@id\":\"http:\/\/web.quotidianopiemontese.it\/cultura-arte-e-spettacolo-a-torino\/introduce-myself-viaggio-nella-fiber-art\/#primaryimage\"},\"image\":{\"@id\":\"http:\/\/web.quotidianopiemontese.it\/cultura-arte-e-spettacolo-a-torino\/introduce-myself-viaggio-nella-fiber-art\/#primaryimage\"},\"thumbnailUrl\":\"https:\/\/web.quotidianopiemontese.it\/cultura-arte-e-spettacolo-a-torino\/files\/2021\/06\/Valeria_Scuteri_bassa.jpg\",\"datePublished\":\"2021-06-18T09:04:54+00:00\",\"author\":{\"@id\":\"https:\/\/web.quotidianopiemontese.it\/cultura-arte-e-spettacolo-a-torino\/#\/schema\/person\/b035109a4cc7d3e93911b78d8cebf3a0\"},\"description\":\"\u00abI introduce myself\u00bb. Viaggio nella Fiber Art - Cultura, Arte e Spettacolo a Torino - Spettacolari abiti scultura, sculture tessili, sculture morbide, libri d\u2019artista, arazzi non convenzionali realizzati al telaio e off loom, quilt ovvero - Chieri, Fibert art, Imbiancheria del Vajro, Restart\",\"inLanguage\":\"it-IT\",\"potentialAction\":[{\"@type\":\"ReadAction\",\"target\":[\"http:\/\/web.quotidianopiemontese.it\/cultura-arte-e-spettacolo-a-torino\/introduce-myself-viaggio-nella-fiber-art\/\"]}]},{\"@type\":\"ImageObject\",\"inLanguage\":\"it-IT\",\"@id\":\"http:\/\/web.quotidianopiemontese.it\/cultura-arte-e-spettacolo-a-torino\/introduce-myself-viaggio-nella-fiber-art\/#primaryimage\",\"url\":\"https:\/\/web.quotidianopiemontese.it\/cultura-arte-e-spettacolo-a-torino\/files\/2021\/06\/Valeria_Scuteri_bassa.jpg\",\"contentUrl\":\"https:\/\/web.quotidianopiemontese.it\/cultura-arte-e-spettacolo-a-torino\/files\/2021\/06\/Valeria_Scuteri_bassa.jpg\",\"width\":812,\"height\":540},{\"@type\":\"WebSite\",\"@id\":\"https:\/\/web.quotidianopiemontese.it\/cultura-arte-e-spettacolo-a-torino\/#website\",\"url\":\"https:\/\/web.quotidianopiemontese.it\/cultura-arte-e-spettacolo-a-torino\/\",\"name\":\"Cultura, Arte e Spettacolo a Torino\",\"description\":\"Quotidiano Piemontese\",\"potentialAction\":[{\"@type\":\"SearchAction\",\"target\":{\"@type\":\"EntryPoint\",\"urlTemplate\":\"https:\/\/web.quotidianopiemontese.it\/cultura-arte-e-spettacolo-a-torino\/?s={search_term_string}\"},\"query-input\":{\"@type\":\"PropertyValueSpecification\",\"valueRequired\":true,\"valueName\":\"search_term_string\"}}],\"inLanguage\":\"it-IT\"},{\"@type\":\"Person\",\"@id\":\"https:\/\/web.quotidianopiemontese.it\/cultura-arte-e-spettacolo-a-torino\/#\/schema\/person\/b035109a4cc7d3e93911b78d8cebf3a0\",\"name\":\"Emanuele Rebuffini\",\"image\":{\"@type\":\"ImageObject\",\"inLanguage\":\"it-IT\",\"@id\":\"https:\/\/web.quotidianopiemontese.it\/cultura-arte-e-spettacolo-a-torino\/#\/schema\/person\/image\/\",\"url\":\"https:\/\/secure.gravatar.com\/avatar\/519a0a38be4cbbcf40fb5bc1b1173a85af291a3a8697df454a94ad7e05574628?s=96&d=mm&r=g\",\"contentUrl\":\"https:\/\/secure.gravatar.com\/avatar\/519a0a38be4cbbcf40fb5bc1b1173a85af291a3a8697df454a94ad7e05574628?s=96&d=mm&r=g\",\"caption\":\"Emanuele Rebuffini\"},\"sameAs\":[\"http:\/\/www.quotidianopiemontese.it\/cultura-arte-e-spettacolo-a-torino\/\"],\"url\":\"https:\/\/web.quotidianopiemontese.it\/cultura-arte-e-spettacolo-a-torino\/author\/emanuelerebuffini\/\"}]}<\/script>\n<!-- \/ Yoast SEO plugin. -->","yoast_head_json":{"title":"\u00abI introduce myself\u00bb. Viaggio nella Fiber Art - 18 Giugno 2021","description":"\u00abI introduce myself\u00bb. Viaggio nella Fiber Art - Cultura, Arte e Spettacolo a Torino - Spettacolari abiti scultura, sculture tessili, sculture morbide, libri d\u2019artista, arazzi non convenzionali realizzati al telaio e off loom, quilt ovvero - Chieri, Fibert art, Imbiancheria del Vajro, Restart","robots":{"index":"index","follow":"follow","max-snippet":"max-snippet:-1","max-image-preview":"max-image-preview:large","max-video-preview":"max-video-preview:-1"},"canonical":"http:\/\/web.quotidianopiemontese.it\/cultura-arte-e-spettacolo-a-torino\/introduce-myself-viaggio-nella-fiber-art\/","og_locale":"it_IT","og_type":"article","og_title":"\u00abI introduce myself\u00bb. Viaggio nella Fiber Art - 18 Giugno 2021","og_description":"\u00abI introduce myself\u00bb. Viaggio nella Fiber Art - Cultura, Arte e Spettacolo a Torino - Spettacolari abiti scultura, sculture tessili, sculture morbide, libri d\u2019artista, arazzi non convenzionali realizzati al telaio e off loom, quilt ovvero - Chieri, Fibert art, Imbiancheria del Vajro, Restart","og_url":"http:\/\/web.quotidianopiemontese.it\/cultura-arte-e-spettacolo-a-torino\/introduce-myself-viaggio-nella-fiber-art\/","og_site_name":"Cultura, Arte e Spettacolo a Torino","article_publisher":"https:\/\/www.facebook.com\/quotidianopiemontese?fref=ts","article_published_time":"2021-06-18T09:04:54+00:00","og_image":[{"width":812,"height":540,"url":"http:\/\/web.quotidianopiemontese.it\/cultura-arte-e-spettacolo-a-torino\/files\/2021\/06\/Valeria_Scuteri_bassa.jpg","type":"image\/jpeg"}],"author":"Emanuele Rebuffini","twitter_misc":{"Scritto da":"Emanuele Rebuffini","Tempo di lettura stimato":"7 minuti"},"schema":{"@context":"https:\/\/schema.org","@graph":[{"@type":"Article","@id":"http:\/\/web.quotidianopiemontese.it\/cultura-arte-e-spettacolo-a-torino\/introduce-myself-viaggio-nella-fiber-art\/#article","isPartOf":{"@id":"http:\/\/web.quotidianopiemontese.it\/cultura-arte-e-spettacolo-a-torino\/introduce-myself-viaggio-nella-fiber-art\/"},"author":{"name":"Emanuele Rebuffini","@id":"https:\/\/web.quotidianopiemontese.it\/cultura-arte-e-spettacolo-a-torino\/#\/schema\/person\/b035109a4cc7d3e93911b78d8cebf3a0"},"headline":"\u00abI introduce myself\u00bb. Viaggio nella Fiber Art","datePublished":"2021-06-18T09:04:54+00:00","mainEntityOfPage":{"@id":"http:\/\/web.quotidianopiemontese.it\/cultura-arte-e-spettacolo-a-torino\/introduce-myself-viaggio-nella-fiber-art\/"},"wordCount":1418,"commentCount":0,"image":{"@id":"http:\/\/web.quotidianopiemontese.it\/cultura-arte-e-spettacolo-a-torino\/introduce-myself-viaggio-nella-fiber-art\/#primaryimage"},"thumbnailUrl":"https:\/\/web.quotidianopiemontese.it\/cultura-arte-e-spettacolo-a-torino\/files\/2021\/06\/Valeria_Scuteri_bassa.jpg","keywords":["Chieri","Fibert art","Imbiancheria del Vajro","Restart"],"articleSection":["Cultura, arte, spettacolo"],"inLanguage":"it-IT","potentialAction":[{"@type":"CommentAction","name":"Comment","target":["http:\/\/web.quotidianopiemontese.it\/cultura-arte-e-spettacolo-a-torino\/introduce-myself-viaggio-nella-fiber-art\/#respond"]}]},{"@type":"WebPage","@id":"http:\/\/web.quotidianopiemontese.it\/cultura-arte-e-spettacolo-a-torino\/introduce-myself-viaggio-nella-fiber-art\/","url":"http:\/\/web.quotidianopiemontese.it\/cultura-arte-e-spettacolo-a-torino\/introduce-myself-viaggio-nella-fiber-art\/","name":"\u00abI introduce myself\u00bb. Viaggio nella Fiber Art - 18 Giugno 2021","isPartOf":{"@id":"https:\/\/web.quotidianopiemontese.it\/cultura-arte-e-spettacolo-a-torino\/#website"},"primaryImageOfPage":{"@id":"http:\/\/web.quotidianopiemontese.it\/cultura-arte-e-spettacolo-a-torino\/introduce-myself-viaggio-nella-fiber-art\/#primaryimage"},"image":{"@id":"http:\/\/web.quotidianopiemontese.it\/cultura-arte-e-spettacolo-a-torino\/introduce-myself-viaggio-nella-fiber-art\/#primaryimage"},"thumbnailUrl":"https:\/\/web.quotidianopiemontese.it\/cultura-arte-e-spettacolo-a-torino\/files\/2021\/06\/Valeria_Scuteri_bassa.jpg","datePublished":"2021-06-18T09:04:54+00:00","author":{"@id":"https:\/\/web.quotidianopiemontese.it\/cultura-arte-e-spettacolo-a-torino\/#\/schema\/person\/b035109a4cc7d3e93911b78d8cebf3a0"},"description":"\u00abI introduce myself\u00bb. Viaggio nella Fiber Art - Cultura, Arte e Spettacolo a Torino - Spettacolari abiti scultura, sculture tessili, sculture morbide, libri d\u2019artista, arazzi non convenzionali realizzati al telaio e off loom, quilt ovvero - Chieri, Fibert art, Imbiancheria del Vajro, Restart","inLanguage":"it-IT","potentialAction":[{"@type":"ReadAction","target":["http:\/\/web.quotidianopiemontese.it\/cultura-arte-e-spettacolo-a-torino\/introduce-myself-viaggio-nella-fiber-art\/"]}]},{"@type":"ImageObject","inLanguage":"it-IT","@id":"http:\/\/web.quotidianopiemontese.it\/cultura-arte-e-spettacolo-a-torino\/introduce-myself-viaggio-nella-fiber-art\/#primaryimage","url":"https:\/\/web.quotidianopiemontese.it\/cultura-arte-e-spettacolo-a-torino\/files\/2021\/06\/Valeria_Scuteri_bassa.jpg","contentUrl":"https:\/\/web.quotidianopiemontese.it\/cultura-arte-e-spettacolo-a-torino\/files\/2021\/06\/Valeria_Scuteri_bassa.jpg","width":812,"height":540},{"@type":"WebSite","@id":"https:\/\/web.quotidianopiemontese.it\/cultura-arte-e-spettacolo-a-torino\/#website","url":"https:\/\/web.quotidianopiemontese.it\/cultura-arte-e-spettacolo-a-torino\/","name":"Cultura, Arte e Spettacolo a Torino","description":"Quotidiano Piemontese","potentialAction":[{"@type":"SearchAction","target":{"@type":"EntryPoint","urlTemplate":"https:\/\/web.quotidianopiemontese.it\/cultura-arte-e-spettacolo-a-torino\/?s={search_term_string}"},"query-input":{"@type":"PropertyValueSpecification","valueRequired":true,"valueName":"search_term_string"}}],"inLanguage":"it-IT"},{"@type":"Person","@id":"https:\/\/web.quotidianopiemontese.it\/cultura-arte-e-spettacolo-a-torino\/#\/schema\/person\/b035109a4cc7d3e93911b78d8cebf3a0","name":"Emanuele Rebuffini","image":{"@type":"ImageObject","inLanguage":"it-IT","@id":"https:\/\/web.quotidianopiemontese.it\/cultura-arte-e-spettacolo-a-torino\/#\/schema\/person\/image\/","url":"https:\/\/secure.gravatar.com\/avatar\/519a0a38be4cbbcf40fb5bc1b1173a85af291a3a8697df454a94ad7e05574628?s=96&d=mm&r=g","contentUrl":"https:\/\/secure.gravatar.com\/avatar\/519a0a38be4cbbcf40fb5bc1b1173a85af291a3a8697df454a94ad7e05574628?s=96&d=mm&r=g","caption":"Emanuele Rebuffini"},"sameAs":["http:\/\/www.quotidianopiemontese.it\/cultura-arte-e-spettacolo-a-torino\/"],"url":"https:\/\/web.quotidianopiemontese.it\/cultura-arte-e-spettacolo-a-torino\/author\/emanuelerebuffini\/"}]}},"_links":{"self":[{"href":"https:\/\/web.quotidianopiemontese.it\/cultura-arte-e-spettacolo-a-torino\/wp-json\/wp\/v2\/posts\/748","targetHints":{"allow":["GET"]}}],"collection":[{"href":"https:\/\/web.quotidianopiemontese.it\/cultura-arte-e-spettacolo-a-torino\/wp-json\/wp\/v2\/posts"}],"about":[{"href":"https:\/\/web.quotidianopiemontese.it\/cultura-arte-e-spettacolo-a-torino\/wp-json\/wp\/v2\/types\/post"}],"author":[{"embeddable":true,"href":"https:\/\/web.quotidianopiemontese.it\/cultura-arte-e-spettacolo-a-torino\/wp-json\/wp\/v2\/users\/1361"}],"replies":[{"embeddable":true,"href":"https:\/\/web.quotidianopiemontese.it\/cultura-arte-e-spettacolo-a-torino\/wp-json\/wp\/v2\/comments?post=748"}],"version-history":[{"count":0,"href":"https:\/\/web.quotidianopiemontese.it\/cultura-arte-e-spettacolo-a-torino\/wp-json\/wp\/v2\/posts\/748\/revisions"}],"wp:featuredmedia":[{"embeddable":true,"href":"https:\/\/web.quotidianopiemontese.it\/cultura-arte-e-spettacolo-a-torino\/wp-json\/wp\/v2\/media\/749"}],"wp:attachment":[{"href":"https:\/\/web.quotidianopiemontese.it\/cultura-arte-e-spettacolo-a-torino\/wp-json\/wp\/v2\/media?parent=748"}],"wp:term":[{"taxonomy":"category","embeddable":true,"href":"https:\/\/web.quotidianopiemontese.it\/cultura-arte-e-spettacolo-a-torino\/wp-json\/wp\/v2\/categories?post=748"},{"taxonomy":"post_tag","embeddable":true,"href":"https:\/\/web.quotidianopiemontese.it\/cultura-arte-e-spettacolo-a-torino\/wp-json\/wp\/v2\/tags?post=748"}],"curies":[{"name":"wp","href":"https:\/\/api.w.org\/{rel}","templated":true}]}}