{"id":72,"date":"2017-12-14T10:34:13","date_gmt":"2017-12-14T09:34:13","guid":{"rendered":"http:\/\/www.quotidianopiemontese.it\/cultura-arte-e-spettacolo-a-torino\/?p=72"},"modified":"2017-12-14T10:34:13","modified_gmt":"2017-12-14T09:34:13","slug":"artisti-ad-auschwitz-percorsi-interrotti-nora-levi-giorgio-tedeschi","status":"publish","type":"post","link":"https:\/\/web.quotidianopiemontese.it\/cultura-arte-e-spettacolo-a-torino\/artisti-ad-auschwitz-percorsi-interrotti-nora-levi-giorgio-tedeschi\/","title":{"rendered":"Artisti ad Auschwitz. I \u201cPercorsi interrotti\u201d di Nora Levi e Giorgio Tedeschi"},"content":{"rendered":"<p><strong>Una mostra doverosa, un atto di riconoscenza nei confronti di due talenti artistici cancellati dalla tragedia della Shoah. Si intitola \u201cPercorsi interrotti\u201d<\/strong><strong> la mostra ospitata<\/strong> fino al 27 dicembre<strong> dalla Biblioteca Nazionale Universitaria<\/strong><strong> di Torino <\/strong>(Piazza Carla Alberto 3). Curata da <strong>Giovanna Galante Garrone,<\/strong> si propone di far conoscere, attraverso circa 150 opere, l\u2019attivit\u00e0 artistica di <strong>Eleonora Levi <\/strong>e di suo figlio <strong>Giorgio Tedeschi<\/strong>, brutalmente interrotta dalla deportazione ad Auschwitz, dove entrambi morirono, la prima all\u2019arrivo, nell\u2019aprile 1944, il secondo durante l\u2019evacuazione del gennaio 1945, la tragica <em>Todesm\u00e4rsche. <\/em><!--more--><\/p>\n<figure id=\"attachment_74\" aria-describedby=\"caption-attachment-74\" style=\"width: 300px\" class=\"wp-caption alignnone\"><a href=\"http:\/\/www.quotidianopiemontese.it\/cultura-arte-e-spettacolo-a-torino\/files\/2017\/12\/Giuliana_Giorgio_Tedeschi-con-la-figlia-Rossella_1943.jpg\"><img loading=\"lazy\" decoding=\"async\" class=\"size-medium wp-image-74\" src=\"http:\/\/www.quotidianopiemontese.it\/cultura-arte-e-spettacolo-a-torino\/files\/2017\/12\/Giuliana_Giorgio_Tedeschi-con-la-figlia-Rossella_1943-300x252.jpg\" alt=\"\" width=\"300\" height=\"252\" srcset=\"https:\/\/web.quotidianopiemontese.it\/cultura-arte-e-spettacolo-a-torino\/files\/2017\/12\/Giuliana_Giorgio_Tedeschi-con-la-figlia-Rossella_1943-300x252.jpg 300w, https:\/\/web.quotidianopiemontese.it\/cultura-arte-e-spettacolo-a-torino\/files\/2017\/12\/Giuliana_Giorgio_Tedeschi-con-la-figlia-Rossella_1943-768x644.jpg 768w, https:\/\/web.quotidianopiemontese.it\/cultura-arte-e-spettacolo-a-torino\/files\/2017\/12\/Giuliana_Giorgio_Tedeschi-con-la-figlia-Rossella_1943-1024x859.jpg 1024w, https:\/\/web.quotidianopiemontese.it\/cultura-arte-e-spettacolo-a-torino\/files\/2017\/12\/Giuliana_Giorgio_Tedeschi-con-la-figlia-Rossella_1943.jpg 1722w\" sizes=\"auto, (max-width: 300px) 85vw, 300px\" \/><\/a><figcaption id=\"caption-attachment-74\" class=\"wp-caption-text\"><strong>Giorgio Tedeschi con la moglie Giuliana e la figlia Rossella, 1943<\/strong><\/figcaption><\/figure>\n<p><strong>Nora Levi<\/strong> fu allieva prediletta del pittore <strong>Carlo Follini<\/strong>, tra i pi\u00f9 importanti esponenti della pittura di paesaggio piemontese del secondo Ottocento. Di lei sono esposti per la prima volta al pubblico paesaggi marini, pinete, canali, acque, nuvole. Dipinti di notevole fattura ed originalit\u00e0, realizzati con vigore, poesia e una notevole capacit\u00e0 di rendere la luminosit\u00e0. \u00abSe il maestro pot\u00e9 insegnare a Eleonora le teorie del colore, una pittura veloce ma precisa <em>&#8211; <\/em>scrive <strong>Giovanna Galante Garrone<\/strong> nel testo critico nel catalogo pubblicato da Silvana Editoriale &#8211; l\u2019allieva si espresse nei suoi quadri con un tocco sensibile, uno spiccato gusto materico e una non comune energia. La vena poetica di Eleonora si pu\u00f2 cogliere nelle sponde di un fiume appena accennate, nella luce di un placido canale, nelle nubi dense, nel bianco di una casa lontana, nelle marine con capanni solitari, nella selvaggia resa di una spiaggia disseminata di cespugli, nei pini scossi dal vento, forse un ricordo delle \u2018libecciate\u2019 di Giovanni Fattori e delle vedute della Versilia di Follini.\u00bb<\/p>\n<figure id=\"attachment_76\" aria-describedby=\"caption-attachment-76\" style=\"width: 300px\" class=\"wp-caption alignnone\"><a href=\"http:\/\/www.quotidianopiemontese.it\/cultura-arte-e-spettacolo-a-torino\/files\/2017\/12\/Nora_Levi_Lacasabianca-1.jpg\"><img loading=\"lazy\" decoding=\"async\" class=\"size-medium wp-image-76\" src=\"http:\/\/www.quotidianopiemontese.it\/cultura-arte-e-spettacolo-a-torino\/files\/2017\/12\/Nora_Levi_Lacasabianca-1-300x224.jpg\" alt=\"\" width=\"300\" height=\"224\" srcset=\"https:\/\/web.quotidianopiemontese.it\/cultura-arte-e-spettacolo-a-torino\/files\/2017\/12\/Nora_Levi_Lacasabianca-1-300x224.jpg 300w, https:\/\/web.quotidianopiemontese.it\/cultura-arte-e-spettacolo-a-torino\/files\/2017\/12\/Nora_Levi_Lacasabianca-1-768x573.jpg 768w, https:\/\/web.quotidianopiemontese.it\/cultura-arte-e-spettacolo-a-torino\/files\/2017\/12\/Nora_Levi_Lacasabianca-1-1024x764.jpg 1024w, https:\/\/web.quotidianopiemontese.it\/cultura-arte-e-spettacolo-a-torino\/files\/2017\/12\/Nora_Levi_Lacasabianca-1-200x150.jpg 200w\" sizes=\"auto, (max-width: 300px) 85vw, 300px\" \/><\/a><figcaption id=\"caption-attachment-76\" class=\"wp-caption-text\"><strong>Nora Levi, &#8220;Pini marittimi&#8221;, olio su tela<\/strong><\/figcaption><\/figure>\n<p><strong>Dei disegni di Giorgio Tedeschi <\/strong><strong>solo una piccola parte<\/strong> venne esposta nel 1979 all\u2019Unione Culturale di Torino, per volont\u00e0 della moglie Giuliana Fiorentino Tedeschi, arrestata insieme al marito e alla suocera ma sopravvissuta alla deportazione ad Auschwitz ed autrice di testi fondamentali sulla sua esperienza del lager (come <em>Questo povero corpo<\/em>). A lei si deve l\u2019attenta e amorosa conservazione dei dipinti e dei disegni dei due artisti.<\/p>\n<p>Autoritratti, ritratti della madre e della moglie, disegni di vecchi, contadini, lavandaie, passanti, marinai, velieri e nudi femminili, realizzati in bianco e nero o con la sanguigna, ci fanno scoprire in <strong>Giorgio Tedeschi<\/strong> un disegnatore di eccezionale bravura. Architetto razionalista, dopo la laurea conseguita a Torino nel 1936 <strong>Giorgio Tedeschi<\/strong> lavor\u00f2 a Milano nello studio di Gio Ponti, progettando case e uffici per la Montecatini ma a causa delle leggi razziali non ebbe modo di firmare i suoi progetti. \u00abEssendo daltonico, non pot\u00e9 utilizzare i colori \u2013 racconta <strong>Giovanna Galante Garrone<\/strong> &#8211; Ma questo limite lo spinse a esplorare e ad approfondire le possibilit\u00e0 del bianco e nero (o della sanguigna) con la matita, dura o grassa, col carboncino, l\u2019inchiostro, i pigmenti a olio secco, i tocchi di biacca. Le sue corde erano molteplici; tra queste l\u2019umorismo, evidente in diverse caricature, nelle raffigurazioni di professori e compagni ai banchi di scuola, di amici e parenti sprofondati nel sonno in poltrona. La registrazione della vita all\u2019aperto (un suonatore di fisarmonica, persone affacciate a un parapetto sul Po, lavandaie, venditori al mercato, cavalli al tiro di carretti, lavoratori col piccone, riparatori di reti e barche nei porti, gruppi sulla spiaggia) avveniva con una velocit\u00e0 impressionante, spesso con schizzi su fogli di taccuini, quasi un sostituto compendiario di istantanee fotografiche. Dentro casa invece poteva scrutare la propria crescita con splendidi autoritratti, darci immagini di nudi femminili in genere morbide, delicate (a volte invece incise, quasi klimtiane). Tra i ritratti di famigliari, di grande rassomiglianza, spiccano per tenerezza quelli di Giuliana e delle figlie piccole. Nei paesaggi e nei rustici di campagna, in particolare nelle case appena accennate, si riconoscono l\u2019attenzione e la mano dell\u2019architetto.\u00bb<\/p>\n<figure id=\"attachment_77\" aria-describedby=\"caption-attachment-77\" style=\"width: 300px\" class=\"wp-caption alignnone\"><a href=\"http:\/\/www.quotidianopiemontese.it\/cultura-arte-e-spettacolo-a-torino\/files\/2017\/12\/Percorsi_MG_4620.jpg\"><img loading=\"lazy\" decoding=\"async\" class=\"size-medium wp-image-77\" src=\"http:\/\/www.quotidianopiemontese.it\/cultura-arte-e-spettacolo-a-torino\/files\/2017\/12\/Percorsi_MG_4620-300x200.jpg\" alt=\"\" width=\"300\" height=\"200\" srcset=\"https:\/\/web.quotidianopiemontese.it\/cultura-arte-e-spettacolo-a-torino\/files\/2017\/12\/Percorsi_MG_4620-300x200.jpg 300w, https:\/\/web.quotidianopiemontese.it\/cultura-arte-e-spettacolo-a-torino\/files\/2017\/12\/Percorsi_MG_4620-768x512.jpg 768w, https:\/\/web.quotidianopiemontese.it\/cultura-arte-e-spettacolo-a-torino\/files\/2017\/12\/Percorsi_MG_4620-600x400.jpg 600w, https:\/\/web.quotidianopiemontese.it\/cultura-arte-e-spettacolo-a-torino\/files\/2017\/12\/Percorsi_MG_4620.jpg 945w\" sizes=\"auto, (max-width: 300px) 85vw, 300px\" \/><\/a><figcaption id=\"caption-attachment-77\" class=\"wp-caption-text\"><strong>Giorgio Tedeschi, architetto razionalista, fu un disegnatore di eccezionale bravura<\/strong><\/figcaption><\/figure>\n<p>La mostra, realizzata in collaborazione con <strong>Rossella Tedeschi<\/strong> (figlia di Giorgio) e il marito <strong>Enrico Fubini,<\/strong> \u00e8 patrocinata dal <strong>Comitato Resistenza e Costituzione<\/strong> del Consiglio regionale del Piemonte. \u00abCon questa mostra \u2013 aggiunge <strong>Giovanna Galante Garrone<\/strong> \u2013 vogliamo far conoscere a un largo pubblico le doti umane ed artistiche, la resa sicura e la poesia delle figurazioni di Nora e Giorgio. Impossibile non pensare a quanto avrebbero potuto ancora dare se i loro percorsi non fossero stati brutalmente interrotti ad Auschwitz.\u00bb<\/p>\n<p><a href=\"http:\/\/www.quotidianopiemontese.it\/cultura-arte-e-spettacolo-a-torino\/files\/2017\/12\/locandina-definitiva1.jpg\"><img loading=\"lazy\" decoding=\"async\" class=\"size-medium wp-image-78\" src=\"http:\/\/www.quotidianopiemontese.it\/cultura-arte-e-spettacolo-a-torino\/files\/2017\/12\/locandina-definitiva1-295x300.jpg\" alt=\"\" width=\"295\" height=\"300\" srcset=\"https:\/\/web.quotidianopiemontese.it\/cultura-arte-e-spettacolo-a-torino\/files\/2017\/12\/locandina-definitiva1-295x300.jpg 295w, https:\/\/web.quotidianopiemontese.it\/cultura-arte-e-spettacolo-a-torino\/files\/2017\/12\/locandina-definitiva1-768x782.jpg 768w, https:\/\/web.quotidianopiemontese.it\/cultura-arte-e-spettacolo-a-torino\/files\/2017\/12\/locandina-definitiva1-1005x1024.jpg 1005w, https:\/\/web.quotidianopiemontese.it\/cultura-arte-e-spettacolo-a-torino\/files\/2017\/12\/locandina-definitiva1-80x80.jpg 80w, https:\/\/web.quotidianopiemontese.it\/cultura-arte-e-spettacolo-a-torino\/files\/2017\/12\/locandina-definitiva1.jpg 1684w\" sizes=\"auto, (max-width: 295px) 85vw, 295px\" \/><\/a><\/p>\n<p><strong>Emanuele Rebuffini<\/strong><\/p>\n","protected":false},"excerpt":{"rendered":"<p>Una mostra doverosa, un atto di riconoscenza nei confronti di due talenti artistici cancellati dalla tragedia della Shoah. Si intitola \u201cPercorsi interrotti\u201d la mostra ospitata fino al 27 dicembre dalla Biblioteca Nazionale Universitaria di Torino (Piazza Carla Alberto 3). Curata da Giovanna Galante Garrone, si propone di far conoscere, attraverso circa 150 opere, l\u2019attivit\u00e0 artistica &hellip; <a href=\"https:\/\/web.quotidianopiemontese.it\/cultura-arte-e-spettacolo-a-torino\/artisti-ad-auschwitz-percorsi-interrotti-nora-levi-giorgio-tedeschi\/\" class=\"more-link\">Leggi tutto<span class=\"screen-reader-text\"> &#8220;Artisti ad Auschwitz. I \u201cPercorsi interrotti\u201d di Nora Levi e Giorgio Tedeschi&#8221;<\/span><\/a><\/p>\n","protected":false},"author":1361,"featured_media":73,"comment_status":"open","ping_status":"open","sticky":false,"template":"","format":"standard","meta":{"footnotes":""},"categories":[1],"tags":[12,10,9,11,8],"class_list":["post-72","post","type-post","status-publish","format-standard","has-post-thumbnail","hentry","category-cultura-arte-spettacolo","tag-biblioteca-nazionale-univesitaria","tag-eleonora-levi","tag-giorgio-tedeschi","tag-giovanna-galante-garrone","tag-percorsi-interrotti"],"yoast_head":"<!-- This site is optimized with the Yoast SEO plugin v27.1.1 - https:\/\/yoast.com\/product\/yoast-seo-wordpress\/ -->\n<title>Artisti ad Auschwitz. I \u201cPercorsi interrotti\u201d di Nora Levi e Giorgio Tedeschi - 14 Dicembre 2017<\/title>\n<meta name=\"description\" content=\"Artisti ad Auschwitz. I \u201cPercorsi interrotti\u201d di Nora Levi e Giorgio Tedeschi - Cultura, Arte e Spettacolo a Torino - Una mostra doverosa, un atto di riconoscenza nei confronti di due talenti artistici cancellati dalla tragedia della Shoah. Si intitola \u201cPercorsi - Biblioteca Nazionale Univesitaria, Eleonora Levi, Giorgio Tedeschi, Giovanna Galante Garrone, Percorsi interrotti\" \/>\n<meta name=\"robots\" content=\"index, follow, max-snippet:-1, max-image-preview:large, max-video-preview:-1\" \/>\n<link rel=\"canonical\" href=\"https:\/\/web.quotidianopiemontese.it\/cultura-arte-e-spettacolo-a-torino\/artisti-ad-auschwitz-percorsi-interrotti-nora-levi-giorgio-tedeschi\/\" \/>\n<meta property=\"og:locale\" content=\"it_IT\" \/>\n<meta property=\"og:type\" content=\"article\" \/>\n<meta property=\"og:title\" content=\"Artisti ad Auschwitz. I \u201cPercorsi interrotti\u201d di Nora Levi e Giorgio Tedeschi - 14 Dicembre 2017\" \/>\n<meta property=\"og:description\" content=\"Artisti ad Auschwitz. I \u201cPercorsi interrotti\u201d di Nora Levi e Giorgio Tedeschi - Cultura, Arte e Spettacolo a Torino - Una mostra doverosa, un atto di riconoscenza nei confronti di due talenti artistici cancellati dalla tragedia della Shoah. Si intitola \u201cPercorsi - Biblioteca Nazionale Univesitaria, Eleonora Levi, Giorgio Tedeschi, Giovanna Galante Garrone, Percorsi interrotti\" \/>\n<meta property=\"og:url\" content=\"https:\/\/web.quotidianopiemontese.it\/cultura-arte-e-spettacolo-a-torino\/artisti-ad-auschwitz-percorsi-interrotti-nora-levi-giorgio-tedeschi\/\" \/>\n<meta property=\"og:site_name\" content=\"Cultura, Arte e Spettacolo a Torino\" \/>\n<meta property=\"article:publisher\" content=\"https:\/\/www.facebook.com\/quotidianopiemontese?fref=ts\" \/>\n<meta property=\"article:published_time\" content=\"2017-12-14T09:34:13+00:00\" \/>\n<meta property=\"og:image\" content=\"https:\/\/web.quotidianopiemontese.it\/cultura-arte-e-spettacolo-a-torino\/files\/2017\/12\/Percorsi_MG_4614.jpg\" \/>\n\t<meta property=\"og:image:width\" content=\"945\" \/>\n\t<meta property=\"og:image:height\" content=\"630\" \/>\n\t<meta property=\"og:image:type\" content=\"image\/jpeg\" \/>\n<meta name=\"author\" content=\"Emanuele Rebuffini\" \/>\n<meta name=\"twitter:label1\" content=\"Scritto da\" \/>\n\t<meta name=\"twitter:data1\" content=\"Emanuele Rebuffini\" \/>\n\t<meta name=\"twitter:label2\" content=\"Tempo di lettura stimato\" \/>\n\t<meta name=\"twitter:data2\" content=\"4 minuti\" \/>\n<script type=\"application\/ld+json\" class=\"yoast-schema-graph\">{\"@context\":\"https:\/\/schema.org\",\"@graph\":[{\"@type\":\"Article\",\"@id\":\"https:\/\/web.quotidianopiemontese.it\/cultura-arte-e-spettacolo-a-torino\/artisti-ad-auschwitz-percorsi-interrotti-nora-levi-giorgio-tedeschi\/#article\",\"isPartOf\":{\"@id\":\"https:\/\/web.quotidianopiemontese.it\/cultura-arte-e-spettacolo-a-torino\/artisti-ad-auschwitz-percorsi-interrotti-nora-levi-giorgio-tedeschi\/\"},\"author\":{\"name\":\"Emanuele Rebuffini\",\"@id\":\"https:\/\/web.quotidianopiemontese.it\/cultura-arte-e-spettacolo-a-torino\/#\/schema\/person\/b035109a4cc7d3e93911b78d8cebf3a0\"},\"headline\":\"Artisti ad Auschwitz. I \u201cPercorsi interrotti\u201d di Nora Levi e Giorgio Tedeschi\",\"datePublished\":\"2017-12-14T09:34:13+00:00\",\"mainEntityOfPage\":{\"@id\":\"https:\/\/web.quotidianopiemontese.it\/cultura-arte-e-spettacolo-a-torino\/artisti-ad-auschwitz-percorsi-interrotti-nora-levi-giorgio-tedeschi\/\"},\"wordCount\":751,\"commentCount\":0,\"image\":{\"@id\":\"https:\/\/web.quotidianopiemontese.it\/cultura-arte-e-spettacolo-a-torino\/artisti-ad-auschwitz-percorsi-interrotti-nora-levi-giorgio-tedeschi\/#primaryimage\"},\"thumbnailUrl\":\"https:\/\/web.quotidianopiemontese.it\/cultura-arte-e-spettacolo-a-torino\/files\/2017\/12\/Percorsi_MG_4614.jpg\",\"keywords\":[\"Biblioteca Nazionale Univesitaria\",\"Eleonora Levi\",\"Giorgio Tedeschi\",\"Giovanna Galante Garrone\",\"Percorsi interrotti\"],\"articleSection\":[\"Cultura, arte, spettacolo\"],\"inLanguage\":\"it-IT\",\"potentialAction\":[{\"@type\":\"CommentAction\",\"name\":\"Comment\",\"target\":[\"https:\/\/web.quotidianopiemontese.it\/cultura-arte-e-spettacolo-a-torino\/artisti-ad-auschwitz-percorsi-interrotti-nora-levi-giorgio-tedeschi\/#respond\"]}]},{\"@type\":\"WebPage\",\"@id\":\"https:\/\/web.quotidianopiemontese.it\/cultura-arte-e-spettacolo-a-torino\/artisti-ad-auschwitz-percorsi-interrotti-nora-levi-giorgio-tedeschi\/\",\"url\":\"https:\/\/web.quotidianopiemontese.it\/cultura-arte-e-spettacolo-a-torino\/artisti-ad-auschwitz-percorsi-interrotti-nora-levi-giorgio-tedeschi\/\",\"name\":\"Artisti ad Auschwitz. I \u201cPercorsi interrotti\u201d di Nora Levi e Giorgio Tedeschi - 14 Dicembre 2017\",\"isPartOf\":{\"@id\":\"https:\/\/web.quotidianopiemontese.it\/cultura-arte-e-spettacolo-a-torino\/#website\"},\"primaryImageOfPage\":{\"@id\":\"https:\/\/web.quotidianopiemontese.it\/cultura-arte-e-spettacolo-a-torino\/artisti-ad-auschwitz-percorsi-interrotti-nora-levi-giorgio-tedeschi\/#primaryimage\"},\"image\":{\"@id\":\"https:\/\/web.quotidianopiemontese.it\/cultura-arte-e-spettacolo-a-torino\/artisti-ad-auschwitz-percorsi-interrotti-nora-levi-giorgio-tedeschi\/#primaryimage\"},\"thumbnailUrl\":\"https:\/\/web.quotidianopiemontese.it\/cultura-arte-e-spettacolo-a-torino\/files\/2017\/12\/Percorsi_MG_4614.jpg\",\"datePublished\":\"2017-12-14T09:34:13+00:00\",\"author\":{\"@id\":\"https:\/\/web.quotidianopiemontese.it\/cultura-arte-e-spettacolo-a-torino\/#\/schema\/person\/b035109a4cc7d3e93911b78d8cebf3a0\"},\"description\":\"Artisti ad Auschwitz. I \u201cPercorsi interrotti\u201d di Nora Levi e Giorgio Tedeschi - Cultura, Arte e Spettacolo a Torino - Una mostra doverosa, un atto di riconoscenza nei confronti di due talenti artistici cancellati dalla tragedia della Shoah. Si intitola \u201cPercorsi - Biblioteca Nazionale Univesitaria, Eleonora Levi, Giorgio Tedeschi, Giovanna Galante Garrone, Percorsi interrotti\",\"inLanguage\":\"it-IT\",\"potentialAction\":[{\"@type\":\"ReadAction\",\"target\":[\"https:\/\/web.quotidianopiemontese.it\/cultura-arte-e-spettacolo-a-torino\/artisti-ad-auschwitz-percorsi-interrotti-nora-levi-giorgio-tedeschi\/\"]}]},{\"@type\":\"ImageObject\",\"inLanguage\":\"it-IT\",\"@id\":\"https:\/\/web.quotidianopiemontese.it\/cultura-arte-e-spettacolo-a-torino\/artisti-ad-auschwitz-percorsi-interrotti-nora-levi-giorgio-tedeschi\/#primaryimage\",\"url\":\"https:\/\/web.quotidianopiemontese.it\/cultura-arte-e-spettacolo-a-torino\/files\/2017\/12\/Percorsi_MG_4614.jpg\",\"contentUrl\":\"https:\/\/web.quotidianopiemontese.it\/cultura-arte-e-spettacolo-a-torino\/files\/2017\/12\/Percorsi_MG_4614.jpg\",\"width\":945,\"height\":630,\"caption\":\"\u201cPercorsi interrotti. Eleonora Levi e Giorgio Tedeschi\u201d: la mostra ospitata fino al 27 dicembre dalla Biblioteca Nazionale Universitaria\"},{\"@type\":\"WebSite\",\"@id\":\"https:\/\/web.quotidianopiemontese.it\/cultura-arte-e-spettacolo-a-torino\/#website\",\"url\":\"https:\/\/web.quotidianopiemontese.it\/cultura-arte-e-spettacolo-a-torino\/\",\"name\":\"Cultura, Arte e Spettacolo a Torino\",\"description\":\"Quotidiano Piemontese\",\"potentialAction\":[{\"@type\":\"SearchAction\",\"target\":{\"@type\":\"EntryPoint\",\"urlTemplate\":\"https:\/\/web.quotidianopiemontese.it\/cultura-arte-e-spettacolo-a-torino\/?s={search_term_string}\"},\"query-input\":{\"@type\":\"PropertyValueSpecification\",\"valueRequired\":true,\"valueName\":\"search_term_string\"}}],\"inLanguage\":\"it-IT\"},{\"@type\":\"Person\",\"@id\":\"https:\/\/web.quotidianopiemontese.it\/cultura-arte-e-spettacolo-a-torino\/#\/schema\/person\/b035109a4cc7d3e93911b78d8cebf3a0\",\"name\":\"Emanuele Rebuffini\",\"image\":{\"@type\":\"ImageObject\",\"inLanguage\":\"it-IT\",\"@id\":\"https:\/\/web.quotidianopiemontese.it\/cultura-arte-e-spettacolo-a-torino\/#\/schema\/person\/image\/\",\"url\":\"https:\/\/secure.gravatar.com\/avatar\/519a0a38be4cbbcf40fb5bc1b1173a85af291a3a8697df454a94ad7e05574628?s=96&d=mm&r=g\",\"contentUrl\":\"https:\/\/secure.gravatar.com\/avatar\/519a0a38be4cbbcf40fb5bc1b1173a85af291a3a8697df454a94ad7e05574628?s=96&d=mm&r=g\",\"caption\":\"Emanuele Rebuffini\"},\"sameAs\":[\"http:\/\/www.quotidianopiemontese.it\/cultura-arte-e-spettacolo-a-torino\/\"],\"url\":\"https:\/\/web.quotidianopiemontese.it\/cultura-arte-e-spettacolo-a-torino\/author\/emanuelerebuffini\/\"}]}<\/script>\n<!-- \/ Yoast SEO plugin. -->","yoast_head_json":{"title":"Artisti ad Auschwitz. I \u201cPercorsi interrotti\u201d di Nora Levi e Giorgio Tedeschi - 14 Dicembre 2017","description":"Artisti ad Auschwitz. I \u201cPercorsi interrotti\u201d di Nora Levi e Giorgio Tedeschi - Cultura, Arte e Spettacolo a Torino - Una mostra doverosa, un atto di riconoscenza nei confronti di due talenti artistici cancellati dalla tragedia della Shoah. Si intitola \u201cPercorsi - Biblioteca Nazionale Univesitaria, Eleonora Levi, Giorgio Tedeschi, Giovanna Galante Garrone, Percorsi interrotti","robots":{"index":"index","follow":"follow","max-snippet":"max-snippet:-1","max-image-preview":"max-image-preview:large","max-video-preview":"max-video-preview:-1"},"canonical":"https:\/\/web.quotidianopiemontese.it\/cultura-arte-e-spettacolo-a-torino\/artisti-ad-auschwitz-percorsi-interrotti-nora-levi-giorgio-tedeschi\/","og_locale":"it_IT","og_type":"article","og_title":"Artisti ad Auschwitz. I \u201cPercorsi interrotti\u201d di Nora Levi e Giorgio Tedeschi - 14 Dicembre 2017","og_description":"Artisti ad Auschwitz. I \u201cPercorsi interrotti\u201d di Nora Levi e Giorgio Tedeschi - Cultura, Arte e Spettacolo a Torino - Una mostra doverosa, un atto di riconoscenza nei confronti di due talenti artistici cancellati dalla tragedia della Shoah. Si intitola \u201cPercorsi - Biblioteca Nazionale Univesitaria, Eleonora Levi, Giorgio Tedeschi, Giovanna Galante Garrone, Percorsi interrotti","og_url":"https:\/\/web.quotidianopiemontese.it\/cultura-arte-e-spettacolo-a-torino\/artisti-ad-auschwitz-percorsi-interrotti-nora-levi-giorgio-tedeschi\/","og_site_name":"Cultura, Arte e Spettacolo a Torino","article_publisher":"https:\/\/www.facebook.com\/quotidianopiemontese?fref=ts","article_published_time":"2017-12-14T09:34:13+00:00","og_image":[{"width":945,"height":630,"url":"https:\/\/web.quotidianopiemontese.it\/cultura-arte-e-spettacolo-a-torino\/files\/2017\/12\/Percorsi_MG_4614.jpg","type":"image\/jpeg"}],"author":"Emanuele Rebuffini","twitter_misc":{"Scritto da":"Emanuele Rebuffini","Tempo di lettura stimato":"4 minuti"},"schema":{"@context":"https:\/\/schema.org","@graph":[{"@type":"Article","@id":"https:\/\/web.quotidianopiemontese.it\/cultura-arte-e-spettacolo-a-torino\/artisti-ad-auschwitz-percorsi-interrotti-nora-levi-giorgio-tedeschi\/#article","isPartOf":{"@id":"https:\/\/web.quotidianopiemontese.it\/cultura-arte-e-spettacolo-a-torino\/artisti-ad-auschwitz-percorsi-interrotti-nora-levi-giorgio-tedeschi\/"},"author":{"name":"Emanuele Rebuffini","@id":"https:\/\/web.quotidianopiemontese.it\/cultura-arte-e-spettacolo-a-torino\/#\/schema\/person\/b035109a4cc7d3e93911b78d8cebf3a0"},"headline":"Artisti ad Auschwitz. I \u201cPercorsi interrotti\u201d di Nora Levi e Giorgio Tedeschi","datePublished":"2017-12-14T09:34:13+00:00","mainEntityOfPage":{"@id":"https:\/\/web.quotidianopiemontese.it\/cultura-arte-e-spettacolo-a-torino\/artisti-ad-auschwitz-percorsi-interrotti-nora-levi-giorgio-tedeschi\/"},"wordCount":751,"commentCount":0,"image":{"@id":"https:\/\/web.quotidianopiemontese.it\/cultura-arte-e-spettacolo-a-torino\/artisti-ad-auschwitz-percorsi-interrotti-nora-levi-giorgio-tedeschi\/#primaryimage"},"thumbnailUrl":"https:\/\/web.quotidianopiemontese.it\/cultura-arte-e-spettacolo-a-torino\/files\/2017\/12\/Percorsi_MG_4614.jpg","keywords":["Biblioteca Nazionale Univesitaria","Eleonora Levi","Giorgio Tedeschi","Giovanna Galante Garrone","Percorsi interrotti"],"articleSection":["Cultura, arte, spettacolo"],"inLanguage":"it-IT","potentialAction":[{"@type":"CommentAction","name":"Comment","target":["https:\/\/web.quotidianopiemontese.it\/cultura-arte-e-spettacolo-a-torino\/artisti-ad-auschwitz-percorsi-interrotti-nora-levi-giorgio-tedeschi\/#respond"]}]},{"@type":"WebPage","@id":"https:\/\/web.quotidianopiemontese.it\/cultura-arte-e-spettacolo-a-torino\/artisti-ad-auschwitz-percorsi-interrotti-nora-levi-giorgio-tedeschi\/","url":"https:\/\/web.quotidianopiemontese.it\/cultura-arte-e-spettacolo-a-torino\/artisti-ad-auschwitz-percorsi-interrotti-nora-levi-giorgio-tedeschi\/","name":"Artisti ad Auschwitz. I \u201cPercorsi interrotti\u201d di Nora Levi e Giorgio Tedeschi - 14 Dicembre 2017","isPartOf":{"@id":"https:\/\/web.quotidianopiemontese.it\/cultura-arte-e-spettacolo-a-torino\/#website"},"primaryImageOfPage":{"@id":"https:\/\/web.quotidianopiemontese.it\/cultura-arte-e-spettacolo-a-torino\/artisti-ad-auschwitz-percorsi-interrotti-nora-levi-giorgio-tedeschi\/#primaryimage"},"image":{"@id":"https:\/\/web.quotidianopiemontese.it\/cultura-arte-e-spettacolo-a-torino\/artisti-ad-auschwitz-percorsi-interrotti-nora-levi-giorgio-tedeschi\/#primaryimage"},"thumbnailUrl":"https:\/\/web.quotidianopiemontese.it\/cultura-arte-e-spettacolo-a-torino\/files\/2017\/12\/Percorsi_MG_4614.jpg","datePublished":"2017-12-14T09:34:13+00:00","author":{"@id":"https:\/\/web.quotidianopiemontese.it\/cultura-arte-e-spettacolo-a-torino\/#\/schema\/person\/b035109a4cc7d3e93911b78d8cebf3a0"},"description":"Artisti ad Auschwitz. I \u201cPercorsi interrotti\u201d di Nora Levi e Giorgio Tedeschi - Cultura, Arte e Spettacolo a Torino - Una mostra doverosa, un atto di riconoscenza nei confronti di due talenti artistici cancellati dalla tragedia della Shoah. Si intitola \u201cPercorsi - Biblioteca Nazionale Univesitaria, Eleonora Levi, Giorgio Tedeschi, Giovanna Galante Garrone, Percorsi interrotti","inLanguage":"it-IT","potentialAction":[{"@type":"ReadAction","target":["https:\/\/web.quotidianopiemontese.it\/cultura-arte-e-spettacolo-a-torino\/artisti-ad-auschwitz-percorsi-interrotti-nora-levi-giorgio-tedeschi\/"]}]},{"@type":"ImageObject","inLanguage":"it-IT","@id":"https:\/\/web.quotidianopiemontese.it\/cultura-arte-e-spettacolo-a-torino\/artisti-ad-auschwitz-percorsi-interrotti-nora-levi-giorgio-tedeschi\/#primaryimage","url":"https:\/\/web.quotidianopiemontese.it\/cultura-arte-e-spettacolo-a-torino\/files\/2017\/12\/Percorsi_MG_4614.jpg","contentUrl":"https:\/\/web.quotidianopiemontese.it\/cultura-arte-e-spettacolo-a-torino\/files\/2017\/12\/Percorsi_MG_4614.jpg","width":945,"height":630,"caption":"\u201cPercorsi interrotti. Eleonora Levi e Giorgio Tedeschi\u201d: la mostra ospitata fino al 27 dicembre dalla Biblioteca Nazionale Universitaria"},{"@type":"WebSite","@id":"https:\/\/web.quotidianopiemontese.it\/cultura-arte-e-spettacolo-a-torino\/#website","url":"https:\/\/web.quotidianopiemontese.it\/cultura-arte-e-spettacolo-a-torino\/","name":"Cultura, Arte e Spettacolo a Torino","description":"Quotidiano Piemontese","potentialAction":[{"@type":"SearchAction","target":{"@type":"EntryPoint","urlTemplate":"https:\/\/web.quotidianopiemontese.it\/cultura-arte-e-spettacolo-a-torino\/?s={search_term_string}"},"query-input":{"@type":"PropertyValueSpecification","valueRequired":true,"valueName":"search_term_string"}}],"inLanguage":"it-IT"},{"@type":"Person","@id":"https:\/\/web.quotidianopiemontese.it\/cultura-arte-e-spettacolo-a-torino\/#\/schema\/person\/b035109a4cc7d3e93911b78d8cebf3a0","name":"Emanuele Rebuffini","image":{"@type":"ImageObject","inLanguage":"it-IT","@id":"https:\/\/web.quotidianopiemontese.it\/cultura-arte-e-spettacolo-a-torino\/#\/schema\/person\/image\/","url":"https:\/\/secure.gravatar.com\/avatar\/519a0a38be4cbbcf40fb5bc1b1173a85af291a3a8697df454a94ad7e05574628?s=96&d=mm&r=g","contentUrl":"https:\/\/secure.gravatar.com\/avatar\/519a0a38be4cbbcf40fb5bc1b1173a85af291a3a8697df454a94ad7e05574628?s=96&d=mm&r=g","caption":"Emanuele Rebuffini"},"sameAs":["http:\/\/www.quotidianopiemontese.it\/cultura-arte-e-spettacolo-a-torino\/"],"url":"https:\/\/web.quotidianopiemontese.it\/cultura-arte-e-spettacolo-a-torino\/author\/emanuelerebuffini\/"}]}},"_links":{"self":[{"href":"https:\/\/web.quotidianopiemontese.it\/cultura-arte-e-spettacolo-a-torino\/wp-json\/wp\/v2\/posts\/72","targetHints":{"allow":["GET"]}}],"collection":[{"href":"https:\/\/web.quotidianopiemontese.it\/cultura-arte-e-spettacolo-a-torino\/wp-json\/wp\/v2\/posts"}],"about":[{"href":"https:\/\/web.quotidianopiemontese.it\/cultura-arte-e-spettacolo-a-torino\/wp-json\/wp\/v2\/types\/post"}],"author":[{"embeddable":true,"href":"https:\/\/web.quotidianopiemontese.it\/cultura-arte-e-spettacolo-a-torino\/wp-json\/wp\/v2\/users\/1361"}],"replies":[{"embeddable":true,"href":"https:\/\/web.quotidianopiemontese.it\/cultura-arte-e-spettacolo-a-torino\/wp-json\/wp\/v2\/comments?post=72"}],"version-history":[{"count":0,"href":"https:\/\/web.quotidianopiemontese.it\/cultura-arte-e-spettacolo-a-torino\/wp-json\/wp\/v2\/posts\/72\/revisions"}],"wp:featuredmedia":[{"embeddable":true,"href":"https:\/\/web.quotidianopiemontese.it\/cultura-arte-e-spettacolo-a-torino\/wp-json\/wp\/v2\/media\/73"}],"wp:attachment":[{"href":"https:\/\/web.quotidianopiemontese.it\/cultura-arte-e-spettacolo-a-torino\/wp-json\/wp\/v2\/media?parent=72"}],"wp:term":[{"taxonomy":"category","embeddable":true,"href":"https:\/\/web.quotidianopiemontese.it\/cultura-arte-e-spettacolo-a-torino\/wp-json\/wp\/v2\/categories?post=72"},{"taxonomy":"post_tag","embeddable":true,"href":"https:\/\/web.quotidianopiemontese.it\/cultura-arte-e-spettacolo-a-torino\/wp-json\/wp\/v2\/tags?post=72"}],"curies":[{"name":"wp","href":"https:\/\/api.w.org\/{rel}","templated":true}]}}