{"id":690,"date":"2021-05-11T09:42:05","date_gmt":"2021-05-11T07:42:05","guid":{"rendered":"http:\/\/web.quotidianopiemontese.it\/cultura-arte-e-spettacolo-a-torino\/?p=690"},"modified":"2021-05-11T09:42:05","modified_gmt":"2021-05-11T07:42:05","slug":"felix-de-cavero-un-artista-della-resistenza","status":"publish","type":"post","link":"https:\/\/web.quotidianopiemontese.it\/cultura-arte-e-spettacolo-a-torino\/felix-de-cavero-un-artista-della-resistenza\/","title":{"rendered":"Felix de Cavero, un artista della Resistenza"},"content":{"rendered":"<p>\u00abStraordinaria testimonianza di un\u2019epoca tremenda, filtrata dalla piet\u00e0 e dalla macchina fotografica\u00bb (Pino Mantovani). Fino al <strong>16 maggio<\/strong> il <strong>Polo del \u2018900<\/strong> ospita la mostra \u00ab<strong>75 anni dopo. La liberazione di Torino nelle fotografie di Felix de Cavero<\/strong>\u00bb, un eccezionale corpus di oltre cento fotografie scattate nel corso della sua esperienza partigiana.\u00a0<!--more--><\/p>\n<p><a href=\"http:\/\/web.quotidianopiemontese.it\/cultura-arte-e-spettacolo-a-torino\/files\/2021\/05\/La-liberazione-di-Torino-nelle-fotografie-di-Felix-de-Cavero.png\"><img loading=\"lazy\" decoding=\"async\" class=\"alignnone size-medium wp-image-692\" src=\"http:\/\/web.quotidianopiemontese.it\/cultura-arte-e-spettacolo-a-torino\/files\/2021\/05\/La-liberazione-di-Torino-nelle-fotografie-di-Felix-de-Cavero-300x169.png\" alt=\"\" width=\"300\" height=\"169\" srcset=\"https:\/\/web.quotidianopiemontese.it\/cultura-arte-e-spettacolo-a-torino\/files\/2021\/05\/La-liberazione-di-Torino-nelle-fotografie-di-Felix-de-Cavero-300x169.png 300w, https:\/\/web.quotidianopiemontese.it\/cultura-arte-e-spettacolo-a-torino\/files\/2021\/05\/La-liberazione-di-Torino-nelle-fotografie-di-Felix-de-Cavero-768x432.png 768w, https:\/\/web.quotidianopiemontese.it\/cultura-arte-e-spettacolo-a-torino\/files\/2021\/05\/La-liberazione-di-Torino-nelle-fotografie-di-Felix-de-Cavero-1024x577.png 1024w, https:\/\/web.quotidianopiemontese.it\/cultura-arte-e-spettacolo-a-torino\/files\/2021\/05\/La-liberazione-di-Torino-nelle-fotografie-di-Felix-de-Cavero.png 1181w\" sizes=\"auto, (max-width: 300px) 85vw, 300px\" \/><\/a><\/p>\n<p>Partigiano, fotografo e pittore, discendente da una nobile famiglia spagnola e diplomatosi all\u2019Accademia Ligustica di Belle Arti, Felix de Cavero\u00a0(1908-1994) dopo l\u20198 settembre pass\u00f2 nelle file dei partigiani, partecipando alla Resistenza con la XIV divisione Garibaldi operativa nelle Langhe, comandata da Marco Fiorina \u201cKin\u201d. Fotoreporter e redattore del giornale clandestino \u201cStella Tricolore\u201d, con la sua Leica immortal\u00f2 volti, momenti e avvenimenti della vita partigiana nelle Langhe fino alla discesa su Torino nell\u2019aprile del 1945.<\/p>\n<p><a href=\"http:\/\/web.quotidianopiemontese.it\/cultura-arte-e-spettacolo-a-torino\/files\/2021\/05\/mostra-de-cavero.jpeg\"><img loading=\"lazy\" decoding=\"async\" class=\"alignnone size-medium wp-image-693\" src=\"http:\/\/web.quotidianopiemontese.it\/cultura-arte-e-spettacolo-a-torino\/files\/2021\/05\/mostra-de-cavero-300x191.jpeg\" alt=\"\" width=\"300\" height=\"191\" srcset=\"https:\/\/web.quotidianopiemontese.it\/cultura-arte-e-spettacolo-a-torino\/files\/2021\/05\/mostra-de-cavero-300x191.jpeg 300w, https:\/\/web.quotidianopiemontese.it\/cultura-arte-e-spettacolo-a-torino\/files\/2021\/05\/mostra-de-cavero-768x488.jpeg 768w, https:\/\/web.quotidianopiemontese.it\/cultura-arte-e-spettacolo-a-torino\/files\/2021\/05\/mostra-de-cavero-1024x651.jpeg 1024w, https:\/\/web.quotidianopiemontese.it\/cultura-arte-e-spettacolo-a-torino\/files\/2021\/05\/mostra-de-cavero.jpeg 1600w\" sizes=\"auto, (max-width: 300px) 85vw, 300px\" \/><\/a><\/p>\n<p>Le prime forze partigiane entrano in Torino nella giornata del 27 aprile. I reparti tedeschi e fascisti, concentrati intorno ai Giardini Reali, forzano i blocchi e abbandonano la citt\u00e0, che \u00e8 liberata il 28 aprile. L\u2019insurrezione \u00e8 cruenta, tra il 26 ed il 30 aprile si contano pi\u00f9 di 800 morti e mille feriti. La XIV divisione Garibaldi giunge a Torino il 28 aprile, e Felix de Cavero pu\u00f2 cos\u00ec partecipare agli ultimi combattimenti in citt\u00e0 ed in periferia.<\/p>\n<p><a href=\"http:\/\/web.quotidianopiemontese.it\/cultura-arte-e-spettacolo-a-torino\/files\/2021\/05\/Schermata-2021-01-04-alle-17.09.57.png\"><img loading=\"lazy\" decoding=\"async\" class=\"alignnone size-medium wp-image-694\" src=\"http:\/\/web.quotidianopiemontese.it\/cultura-arte-e-spettacolo-a-torino\/files\/2021\/05\/Schermata-2021-01-04-alle-17.09.57-300x150.png\" alt=\"\" width=\"300\" height=\"150\" srcset=\"https:\/\/web.quotidianopiemontese.it\/cultura-arte-e-spettacolo-a-torino\/files\/2021\/05\/Schermata-2021-01-04-alle-17.09.57-300x150.png 300w, https:\/\/web.quotidianopiemontese.it\/cultura-arte-e-spettacolo-a-torino\/files\/2021\/05\/Schermata-2021-01-04-alle-17.09.57-768x384.png 768w, https:\/\/web.quotidianopiemontese.it\/cultura-arte-e-spettacolo-a-torino\/files\/2021\/05\/Schermata-2021-01-04-alle-17.09.57.png 860w\" sizes=\"auto, (max-width: 300px) 85vw, 300px\" \/><\/a><\/p>\n<p>Gli scatti in mostra ripercorrono la discesa della brigata in citt\u00e0, il ritratto del partigiano francese Gimmy, Olivier Guinet, sul ponte Umberto I pochi giorni prima di venire ucciso, l\u2019unica e drammatica sequenza conosciuta dell\u2019esecuzione di un cecchino fascista, i solenni funerali dei caduti partigiani, la smobilitazione della divisione a Villa Lovera sulla collina torinese, ma soprattutto l\u2019imponente sfilata del 6 maggio con le formazioni partigiane che attraversano piazza Vittorio e corso Cairoli, dove de Cavero si sofferma sulla folla, sui volti, sugli alberi (che saranno tra gli elementi chiave della sua pittura), cogliendo un sentimento generale che oscilla tra la gioia per la guerra finita e la preoccupazione per una citt\u00e0 appena uscita dalla tragedia.<\/p>\n<p><a href=\"http:\/\/web.quotidianopiemontese.it\/cultura-arte-e-spettacolo-a-torino\/files\/2021\/05\/220519718-5ca1b419-3fcb-4597-aefa-a81a74b0b07f-1.jpg\"><img loading=\"lazy\" decoding=\"async\" class=\"alignnone size-medium wp-image-695\" src=\"http:\/\/web.quotidianopiemontese.it\/cultura-arte-e-spettacolo-a-torino\/files\/2021\/05\/220519718-5ca1b419-3fcb-4597-aefa-a81a74b0b07f-1-300x168.jpg\" alt=\"\" width=\"300\" height=\"168\" srcset=\"https:\/\/web.quotidianopiemontese.it\/cultura-arte-e-spettacolo-a-torino\/files\/2021\/05\/220519718-5ca1b419-3fcb-4597-aefa-a81a74b0b07f-1-300x168.jpg 300w, https:\/\/web.quotidianopiemontese.it\/cultura-arte-e-spettacolo-a-torino\/files\/2021\/05\/220519718-5ca1b419-3fcb-4597-aefa-a81a74b0b07f-1-768x431.jpg 768w, https:\/\/web.quotidianopiemontese.it\/cultura-arte-e-spettacolo-a-torino\/files\/2021\/05\/220519718-5ca1b419-3fcb-4597-aefa-a81a74b0b07f-1-1024x575.jpg 1024w, https:\/\/web.quotidianopiemontese.it\/cultura-arte-e-spettacolo-a-torino\/files\/2021\/05\/220519718-5ca1b419-3fcb-4597-aefa-a81a74b0b07f-1.jpg 1140w\" sizes=\"auto, (max-width: 300px) 85vw, 300px\" \/><\/a><\/p>\n<p>Nelle immagini \u00e8 percepibile quanto la formazione d\u2019artista abbia influito sulla sua visione dietro l\u2019obiettivo. L\u2019attenzione alla composizione del fotogramma, la capacit\u00e0 di cogliere, con senso squisitamente pittorico, volti, gruppi, folle, atmosfere che emergono spesso da un particolare che ha attirato la sua attenzione, la sensibilit\u00e0 al paesaggio che \u00e8 evidente soprattutto nella serie scattata nelle Langhe. Commenta <strong>Luciano Boccalatte<\/strong>, direttore dell\u2019Istoreto e co-curatore della mostra: \u00abL\u2019occhio con cui de Cavero osserva e fissa sulla pellicola gli avvenimenti di cui \u00e8 partecipe e testimone si pone, come nella sua pittura, tra l\u2019elemento tragico e un senso della vita inteso come serenit\u00e0 e fratellanza\u00bb, Dopo la guerra fu ideatore delle prime mostre sulla Resistenza su incarico del CLN e riprese la sua attivit\u00e0 di pittore, dando vita nel 1953 al gruppo d\u2019arte Decalage.<\/p>\n<p><a href=\"http:\/\/web.quotidianopiemontese.it\/cultura-arte-e-spettacolo-a-torino\/files\/2021\/05\/220519881-9c474c9a-9b07-493c-a56a-3c2b1a5a8e37.jpg\"><img loading=\"lazy\" decoding=\"async\" class=\"alignnone size-medium wp-image-697\" src=\"http:\/\/web.quotidianopiemontese.it\/cultura-arte-e-spettacolo-a-torino\/files\/2021\/05\/220519881-9c474c9a-9b07-493c-a56a-3c2b1a5a8e37-300x168.jpg\" alt=\"\" width=\"300\" height=\"168\" srcset=\"https:\/\/web.quotidianopiemontese.it\/cultura-arte-e-spettacolo-a-torino\/files\/2021\/05\/220519881-9c474c9a-9b07-493c-a56a-3c2b1a5a8e37-300x168.jpg 300w, https:\/\/web.quotidianopiemontese.it\/cultura-arte-e-spettacolo-a-torino\/files\/2021\/05\/220519881-9c474c9a-9b07-493c-a56a-3c2b1a5a8e37.jpg 495w\" sizes=\"auto, (max-width: 300px) 85vw, 300px\" \/><\/a><\/p>\n<p>La mostra \u00e8 curata da\u00a0<strong>Luciano Boccalatte<\/strong>\u00a0e\u00a0<strong>Paola Boccalatte,<\/strong>\u00a0con la collaborazione di\u00a0<strong>Paola de Cavero, <\/strong>figlia dell\u2019artista e docente emerita dell\u2019Accademia Albertina, dal cui archivio privato provengono le fotografie esposte. Un\u2019iniziativa di Polo del \u2018900, Istoreto, Museo diffuso della Resistenza, Archivio nazionale cinematografico della Resistenza, con il sostegno del Comitato Resistenza e Costituzione del Consiglio regionale del Piemonte.<\/p>\n<blockquote class=\"wp-embedded-content\" data-secret=\"lW6Ac95qDf\"><p><a href=\"https:\/\/polodel900.it\/\">Homepage<\/a><\/p><\/blockquote>\n<p><iframe loading=\"lazy\" class=\"wp-embedded-content\" sandbox=\"allow-scripts\" security=\"restricted\" style=\"position: absolute; clip: rect(1px, 1px, 1px, 1px);\" title=\"&#8220;Homepage&#8221; &#8212; Polo del 900\" src=\"https:\/\/polodel900.it\/embed\/#?secret=ObbK2lwHrE#?secret=lW6Ac95qDf\" data-secret=\"lW6Ac95qDf\" width=\"600\" height=\"338\" frameborder=\"0\" marginwidth=\"0\" marginheight=\"0\" scrolling=\"no\"><\/iframe><\/p>\n<h5>Emanuele Rebuffini<\/h5>\n<p><a href=\"http:\/\/web.quotidianopiemontese.it\/cultura-arte-e-spettacolo-a-torino\/files\/2021\/05\/foto-Polo-del-900-esterno-Palazzo-San-Daniele.jpg\"><img loading=\"lazy\" decoding=\"async\" class=\"alignnone size-medium wp-image-699\" src=\"http:\/\/web.quotidianopiemontese.it\/cultura-arte-e-spettacolo-a-torino\/files\/2021\/05\/foto-Polo-del-900-esterno-Palazzo-San-Daniele-300x200.jpg\" alt=\"\" width=\"300\" height=\"200\" srcset=\"https:\/\/web.quotidianopiemontese.it\/cultura-arte-e-spettacolo-a-torino\/files\/2021\/05\/foto-Polo-del-900-esterno-Palazzo-San-Daniele-300x200.jpg 300w, https:\/\/web.quotidianopiemontese.it\/cultura-arte-e-spettacolo-a-torino\/files\/2021\/05\/foto-Polo-del-900-esterno-Palazzo-San-Daniele-768x513.jpg 768w, https:\/\/web.quotidianopiemontese.it\/cultura-arte-e-spettacolo-a-torino\/files\/2021\/05\/foto-Polo-del-900-esterno-Palazzo-San-Daniele-1024x684.jpg 1024w, https:\/\/web.quotidianopiemontese.it\/cultura-arte-e-spettacolo-a-torino\/files\/2021\/05\/foto-Polo-del-900-esterno-Palazzo-San-Daniele-600x400.jpg 600w, https:\/\/web.quotidianopiemontese.it\/cultura-arte-e-spettacolo-a-torino\/files\/2021\/05\/foto-Polo-del-900-esterno-Palazzo-San-Daniele.jpg 2048w\" sizes=\"auto, (max-width: 300px) 85vw, 300px\" \/><\/a><\/p>\n<p>&nbsp;<\/p>\n<p>&nbsp;<\/p>\n<p>&nbsp;<\/p>\n<p>&nbsp;<\/p>\n<p>&nbsp;<\/p>\n<p>&nbsp;<\/p>\n","protected":false},"excerpt":{"rendered":"<p>\u00abStraordinaria testimonianza di un\u2019epoca tremenda, filtrata dalla piet\u00e0 e dalla macchina fotografica\u00bb (Pino Mantovani). Fino al 16 maggio il Polo del \u2018900 ospita la mostra \u00ab75 anni dopo. La liberazione di Torino nelle fotografie di Felix de Cavero\u00bb, un eccezionale corpus di oltre cento fotografie scattate nel corso della sua esperienza partigiana.\u00a0<\/p>\n","protected":false},"author":1361,"featured_media":696,"comment_status":"open","ping_status":"open","sticky":false,"template":"","format":"standard","meta":{"footnotes":""},"categories":[1],"tags":[105,158,159,160,121,161],"class_list":["post-690","post","type-post","status-publish","format-standard","has-post-thumbnail","hentry","category-cultura-arte-spettacolo","tag-comitato-resistenza-e-costituzione","tag-felix-de-cavero","tag-istoreto","tag-luciano-boccalatte","tag-polo-del-900","tag-resistenza"],"yoast_head":"<!-- This site is optimized with the Yoast SEO plugin v27.1.1 - https:\/\/yoast.com\/product\/yoast-seo-wordpress\/ -->\n<title>Felix de Cavero, un artista della Resistenza - 11 Maggio 2021<\/title>\n<meta name=\"description\" content=\"Felix de Cavero, un artista della Resistenza - Cultura, Arte e Spettacolo a Torino - \u00abStraordinaria testimonianza di un\u2019epoca tremenda, filtrata dalla piet\u00e0 e dalla macchina fotografica\u00bb (Pino Mantovani). Fino al 16 maggio il Polo del \u2018900 - Comitato Resistenza e Costituzione, Felix de Cavero, Istoreto, Luciano Boccalatte, Polo del &#039;900, Resistenza\" \/>\n<meta name=\"robots\" content=\"index, follow, max-snippet:-1, max-image-preview:large, max-video-preview:-1\" \/>\n<link rel=\"canonical\" href=\"https:\/\/web.quotidianopiemontese.it\/cultura-arte-e-spettacolo-a-torino\/felix-de-cavero-un-artista-della-resistenza\/\" \/>\n<meta property=\"og:locale\" content=\"it_IT\" \/>\n<meta property=\"og:type\" content=\"article\" \/>\n<meta property=\"og:title\" content=\"Felix de Cavero, un artista della Resistenza - 11 Maggio 2021\" \/>\n<meta property=\"og:description\" content=\"Felix de Cavero, un artista della Resistenza - Cultura, Arte e Spettacolo a Torino - \u00abStraordinaria testimonianza di un\u2019epoca tremenda, filtrata dalla piet\u00e0 e dalla macchina fotografica\u00bb (Pino Mantovani). Fino al 16 maggio il Polo del \u2018900 - Comitato Resistenza e Costituzione, Felix de Cavero, Istoreto, Luciano Boccalatte, Polo del &#039;900, Resistenza\" \/>\n<meta property=\"og:url\" content=\"https:\/\/web.quotidianopiemontese.it\/cultura-arte-e-spettacolo-a-torino\/felix-de-cavero-un-artista-della-resistenza\/\" \/>\n<meta property=\"og:site_name\" content=\"Cultura, Arte e Spettacolo a Torino\" \/>\n<meta property=\"article:publisher\" content=\"https:\/\/www.facebook.com\/quotidianopiemontese?fref=ts\" \/>\n<meta property=\"article:published_time\" content=\"2021-05-11T07:42:05+00:00\" \/>\n<meta property=\"og:image\" content=\"https:\/\/web.quotidianopiemontese.it\/cultura-arte-e-spettacolo-a-torino\/files\/2021\/05\/De-Cavero-1.jpg\" \/>\n\t<meta property=\"og:image:width\" content=\"898\" \/>\n\t<meta property=\"og:image:height\" content=\"674\" \/>\n\t<meta property=\"og:image:type\" content=\"image\/jpeg\" \/>\n<meta name=\"author\" content=\"Emanuele Rebuffini\" \/>\n<meta name=\"twitter:label1\" content=\"Scritto da\" \/>\n\t<meta name=\"twitter:data1\" content=\"Emanuele Rebuffini\" \/>\n\t<meta name=\"twitter:label2\" content=\"Tempo di lettura stimato\" \/>\n\t<meta name=\"twitter:data2\" content=\"3 minuti\" \/>\n<script type=\"application\/ld+json\" class=\"yoast-schema-graph\">{\"@context\":\"https:\/\/schema.org\",\"@graph\":[{\"@type\":\"Article\",\"@id\":\"https:\/\/web.quotidianopiemontese.it\/cultura-arte-e-spettacolo-a-torino\/felix-de-cavero-un-artista-della-resistenza\/#article\",\"isPartOf\":{\"@id\":\"https:\/\/web.quotidianopiemontese.it\/cultura-arte-e-spettacolo-a-torino\/felix-de-cavero-un-artista-della-resistenza\/\"},\"author\":{\"name\":\"Emanuele Rebuffini\",\"@id\":\"https:\/\/web.quotidianopiemontese.it\/cultura-arte-e-spettacolo-a-torino\/#\/schema\/person\/b035109a4cc7d3e93911b78d8cebf3a0\"},\"headline\":\"Felix de Cavero, un artista della Resistenza\",\"datePublished\":\"2021-05-11T07:42:05+00:00\",\"mainEntityOfPage\":{\"@id\":\"https:\/\/web.quotidianopiemontese.it\/cultura-arte-e-spettacolo-a-torino\/felix-de-cavero-un-artista-della-resistenza\/\"},\"wordCount\":531,\"commentCount\":0,\"image\":{\"@id\":\"https:\/\/web.quotidianopiemontese.it\/cultura-arte-e-spettacolo-a-torino\/felix-de-cavero-un-artista-della-resistenza\/#primaryimage\"},\"thumbnailUrl\":\"https:\/\/web.quotidianopiemontese.it\/cultura-arte-e-spettacolo-a-torino\/files\/2021\/05\/De-Cavero-1.jpg\",\"keywords\":[\"Comitato Resistenza e Costituzione\",\"Felix de Cavero\",\"Istoreto\",\"Luciano Boccalatte\",\"Polo del '900\",\"Resistenza\"],\"articleSection\":[\"Cultura, arte, spettacolo\"],\"inLanguage\":\"it-IT\",\"potentialAction\":[{\"@type\":\"CommentAction\",\"name\":\"Comment\",\"target\":[\"https:\/\/web.quotidianopiemontese.it\/cultura-arte-e-spettacolo-a-torino\/felix-de-cavero-un-artista-della-resistenza\/#respond\"]}]},{\"@type\":\"WebPage\",\"@id\":\"https:\/\/web.quotidianopiemontese.it\/cultura-arte-e-spettacolo-a-torino\/felix-de-cavero-un-artista-della-resistenza\/\",\"url\":\"https:\/\/web.quotidianopiemontese.it\/cultura-arte-e-spettacolo-a-torino\/felix-de-cavero-un-artista-della-resistenza\/\",\"name\":\"Felix de Cavero, un artista della Resistenza - 11 Maggio 2021\",\"isPartOf\":{\"@id\":\"https:\/\/web.quotidianopiemontese.it\/cultura-arte-e-spettacolo-a-torino\/#website\"},\"primaryImageOfPage\":{\"@id\":\"https:\/\/web.quotidianopiemontese.it\/cultura-arte-e-spettacolo-a-torino\/felix-de-cavero-un-artista-della-resistenza\/#primaryimage\"},\"image\":{\"@id\":\"https:\/\/web.quotidianopiemontese.it\/cultura-arte-e-spettacolo-a-torino\/felix-de-cavero-un-artista-della-resistenza\/#primaryimage\"},\"thumbnailUrl\":\"https:\/\/web.quotidianopiemontese.it\/cultura-arte-e-spettacolo-a-torino\/files\/2021\/05\/De-Cavero-1.jpg\",\"datePublished\":\"2021-05-11T07:42:05+00:00\",\"author\":{\"@id\":\"https:\/\/web.quotidianopiemontese.it\/cultura-arte-e-spettacolo-a-torino\/#\/schema\/person\/b035109a4cc7d3e93911b78d8cebf3a0\"},\"description\":\"Felix de Cavero, un artista della Resistenza - Cultura, Arte e Spettacolo a Torino - \u00abStraordinaria testimonianza di un\u2019epoca tremenda, filtrata dalla piet\u00e0 e dalla macchina fotografica\u00bb (Pino Mantovani). Fino al 16 maggio il Polo del \u2018900 - Comitato Resistenza e Costituzione, Felix de Cavero, Istoreto, Luciano Boccalatte, Polo del '900, Resistenza\",\"inLanguage\":\"it-IT\",\"potentialAction\":[{\"@type\":\"ReadAction\",\"target\":[\"https:\/\/web.quotidianopiemontese.it\/cultura-arte-e-spettacolo-a-torino\/felix-de-cavero-un-artista-della-resistenza\/\"]}]},{\"@type\":\"ImageObject\",\"inLanguage\":\"it-IT\",\"@id\":\"https:\/\/web.quotidianopiemontese.it\/cultura-arte-e-spettacolo-a-torino\/felix-de-cavero-un-artista-della-resistenza\/#primaryimage\",\"url\":\"https:\/\/web.quotidianopiemontese.it\/cultura-arte-e-spettacolo-a-torino\/files\/2021\/05\/De-Cavero-1.jpg\",\"contentUrl\":\"https:\/\/web.quotidianopiemontese.it\/cultura-arte-e-spettacolo-a-torino\/files\/2021\/05\/De-Cavero-1.jpg\",\"width\":898,\"height\":674},{\"@type\":\"WebSite\",\"@id\":\"https:\/\/web.quotidianopiemontese.it\/cultura-arte-e-spettacolo-a-torino\/#website\",\"url\":\"https:\/\/web.quotidianopiemontese.it\/cultura-arte-e-spettacolo-a-torino\/\",\"name\":\"Cultura, Arte e Spettacolo a Torino\",\"description\":\"Quotidiano Piemontese\",\"potentialAction\":[{\"@type\":\"SearchAction\",\"target\":{\"@type\":\"EntryPoint\",\"urlTemplate\":\"https:\/\/web.quotidianopiemontese.it\/cultura-arte-e-spettacolo-a-torino\/?s={search_term_string}\"},\"query-input\":{\"@type\":\"PropertyValueSpecification\",\"valueRequired\":true,\"valueName\":\"search_term_string\"}}],\"inLanguage\":\"it-IT\"},{\"@type\":\"Person\",\"@id\":\"https:\/\/web.quotidianopiemontese.it\/cultura-arte-e-spettacolo-a-torino\/#\/schema\/person\/b035109a4cc7d3e93911b78d8cebf3a0\",\"name\":\"Emanuele Rebuffini\",\"image\":{\"@type\":\"ImageObject\",\"inLanguage\":\"it-IT\",\"@id\":\"https:\/\/web.quotidianopiemontese.it\/cultura-arte-e-spettacolo-a-torino\/#\/schema\/person\/image\/\",\"url\":\"https:\/\/secure.gravatar.com\/avatar\/519a0a38be4cbbcf40fb5bc1b1173a85af291a3a8697df454a94ad7e05574628?s=96&d=mm&r=g\",\"contentUrl\":\"https:\/\/secure.gravatar.com\/avatar\/519a0a38be4cbbcf40fb5bc1b1173a85af291a3a8697df454a94ad7e05574628?s=96&d=mm&r=g\",\"caption\":\"Emanuele Rebuffini\"},\"sameAs\":[\"http:\/\/www.quotidianopiemontese.it\/cultura-arte-e-spettacolo-a-torino\/\"],\"url\":\"https:\/\/web.quotidianopiemontese.it\/cultura-arte-e-spettacolo-a-torino\/author\/emanuelerebuffini\/\"}]}<\/script>\n<!-- \/ Yoast SEO plugin. -->","yoast_head_json":{"title":"Felix de Cavero, un artista della Resistenza - 11 Maggio 2021","description":"Felix de Cavero, un artista della Resistenza - Cultura, Arte e Spettacolo a Torino - \u00abStraordinaria testimonianza di un\u2019epoca tremenda, filtrata dalla piet\u00e0 e dalla macchina fotografica\u00bb (Pino Mantovani). Fino al 16 maggio il Polo del \u2018900 - Comitato Resistenza e Costituzione, Felix de Cavero, Istoreto, Luciano Boccalatte, Polo del '900, Resistenza","robots":{"index":"index","follow":"follow","max-snippet":"max-snippet:-1","max-image-preview":"max-image-preview:large","max-video-preview":"max-video-preview:-1"},"canonical":"https:\/\/web.quotidianopiemontese.it\/cultura-arte-e-spettacolo-a-torino\/felix-de-cavero-un-artista-della-resistenza\/","og_locale":"it_IT","og_type":"article","og_title":"Felix de Cavero, un artista della Resistenza - 11 Maggio 2021","og_description":"Felix de Cavero, un artista della Resistenza - Cultura, Arte e Spettacolo a Torino - \u00abStraordinaria testimonianza di un\u2019epoca tremenda, filtrata dalla piet\u00e0 e dalla macchina fotografica\u00bb (Pino Mantovani). Fino al 16 maggio il Polo del \u2018900 - Comitato Resistenza e Costituzione, Felix de Cavero, Istoreto, Luciano Boccalatte, Polo del '900, Resistenza","og_url":"https:\/\/web.quotidianopiemontese.it\/cultura-arte-e-spettacolo-a-torino\/felix-de-cavero-un-artista-della-resistenza\/","og_site_name":"Cultura, Arte e Spettacolo a Torino","article_publisher":"https:\/\/www.facebook.com\/quotidianopiemontese?fref=ts","article_published_time":"2021-05-11T07:42:05+00:00","og_image":[{"width":898,"height":674,"url":"https:\/\/web.quotidianopiemontese.it\/cultura-arte-e-spettacolo-a-torino\/files\/2021\/05\/De-Cavero-1.jpg","type":"image\/jpeg"}],"author":"Emanuele Rebuffini","twitter_misc":{"Scritto da":"Emanuele Rebuffini","Tempo di lettura stimato":"3 minuti"},"schema":{"@context":"https:\/\/schema.org","@graph":[{"@type":"Article","@id":"https:\/\/web.quotidianopiemontese.it\/cultura-arte-e-spettacolo-a-torino\/felix-de-cavero-un-artista-della-resistenza\/#article","isPartOf":{"@id":"https:\/\/web.quotidianopiemontese.it\/cultura-arte-e-spettacolo-a-torino\/felix-de-cavero-un-artista-della-resistenza\/"},"author":{"name":"Emanuele Rebuffini","@id":"https:\/\/web.quotidianopiemontese.it\/cultura-arte-e-spettacolo-a-torino\/#\/schema\/person\/b035109a4cc7d3e93911b78d8cebf3a0"},"headline":"Felix de Cavero, un artista della Resistenza","datePublished":"2021-05-11T07:42:05+00:00","mainEntityOfPage":{"@id":"https:\/\/web.quotidianopiemontese.it\/cultura-arte-e-spettacolo-a-torino\/felix-de-cavero-un-artista-della-resistenza\/"},"wordCount":531,"commentCount":0,"image":{"@id":"https:\/\/web.quotidianopiemontese.it\/cultura-arte-e-spettacolo-a-torino\/felix-de-cavero-un-artista-della-resistenza\/#primaryimage"},"thumbnailUrl":"https:\/\/web.quotidianopiemontese.it\/cultura-arte-e-spettacolo-a-torino\/files\/2021\/05\/De-Cavero-1.jpg","keywords":["Comitato Resistenza e Costituzione","Felix de Cavero","Istoreto","Luciano Boccalatte","Polo del '900","Resistenza"],"articleSection":["Cultura, arte, spettacolo"],"inLanguage":"it-IT","potentialAction":[{"@type":"CommentAction","name":"Comment","target":["https:\/\/web.quotidianopiemontese.it\/cultura-arte-e-spettacolo-a-torino\/felix-de-cavero-un-artista-della-resistenza\/#respond"]}]},{"@type":"WebPage","@id":"https:\/\/web.quotidianopiemontese.it\/cultura-arte-e-spettacolo-a-torino\/felix-de-cavero-un-artista-della-resistenza\/","url":"https:\/\/web.quotidianopiemontese.it\/cultura-arte-e-spettacolo-a-torino\/felix-de-cavero-un-artista-della-resistenza\/","name":"Felix de Cavero, un artista della Resistenza - 11 Maggio 2021","isPartOf":{"@id":"https:\/\/web.quotidianopiemontese.it\/cultura-arte-e-spettacolo-a-torino\/#website"},"primaryImageOfPage":{"@id":"https:\/\/web.quotidianopiemontese.it\/cultura-arte-e-spettacolo-a-torino\/felix-de-cavero-un-artista-della-resistenza\/#primaryimage"},"image":{"@id":"https:\/\/web.quotidianopiemontese.it\/cultura-arte-e-spettacolo-a-torino\/felix-de-cavero-un-artista-della-resistenza\/#primaryimage"},"thumbnailUrl":"https:\/\/web.quotidianopiemontese.it\/cultura-arte-e-spettacolo-a-torino\/files\/2021\/05\/De-Cavero-1.jpg","datePublished":"2021-05-11T07:42:05+00:00","author":{"@id":"https:\/\/web.quotidianopiemontese.it\/cultura-arte-e-spettacolo-a-torino\/#\/schema\/person\/b035109a4cc7d3e93911b78d8cebf3a0"},"description":"Felix de Cavero, un artista della Resistenza - Cultura, Arte e Spettacolo a Torino - \u00abStraordinaria testimonianza di un\u2019epoca tremenda, filtrata dalla piet\u00e0 e dalla macchina fotografica\u00bb (Pino Mantovani). Fino al 16 maggio il Polo del \u2018900 - Comitato Resistenza e Costituzione, Felix de Cavero, Istoreto, Luciano Boccalatte, Polo del '900, Resistenza","inLanguage":"it-IT","potentialAction":[{"@type":"ReadAction","target":["https:\/\/web.quotidianopiemontese.it\/cultura-arte-e-spettacolo-a-torino\/felix-de-cavero-un-artista-della-resistenza\/"]}]},{"@type":"ImageObject","inLanguage":"it-IT","@id":"https:\/\/web.quotidianopiemontese.it\/cultura-arte-e-spettacolo-a-torino\/felix-de-cavero-un-artista-della-resistenza\/#primaryimage","url":"https:\/\/web.quotidianopiemontese.it\/cultura-arte-e-spettacolo-a-torino\/files\/2021\/05\/De-Cavero-1.jpg","contentUrl":"https:\/\/web.quotidianopiemontese.it\/cultura-arte-e-spettacolo-a-torino\/files\/2021\/05\/De-Cavero-1.jpg","width":898,"height":674},{"@type":"WebSite","@id":"https:\/\/web.quotidianopiemontese.it\/cultura-arte-e-spettacolo-a-torino\/#website","url":"https:\/\/web.quotidianopiemontese.it\/cultura-arte-e-spettacolo-a-torino\/","name":"Cultura, Arte e Spettacolo a Torino","description":"Quotidiano Piemontese","potentialAction":[{"@type":"SearchAction","target":{"@type":"EntryPoint","urlTemplate":"https:\/\/web.quotidianopiemontese.it\/cultura-arte-e-spettacolo-a-torino\/?s={search_term_string}"},"query-input":{"@type":"PropertyValueSpecification","valueRequired":true,"valueName":"search_term_string"}}],"inLanguage":"it-IT"},{"@type":"Person","@id":"https:\/\/web.quotidianopiemontese.it\/cultura-arte-e-spettacolo-a-torino\/#\/schema\/person\/b035109a4cc7d3e93911b78d8cebf3a0","name":"Emanuele Rebuffini","image":{"@type":"ImageObject","inLanguage":"it-IT","@id":"https:\/\/web.quotidianopiemontese.it\/cultura-arte-e-spettacolo-a-torino\/#\/schema\/person\/image\/","url":"https:\/\/secure.gravatar.com\/avatar\/519a0a38be4cbbcf40fb5bc1b1173a85af291a3a8697df454a94ad7e05574628?s=96&d=mm&r=g","contentUrl":"https:\/\/secure.gravatar.com\/avatar\/519a0a38be4cbbcf40fb5bc1b1173a85af291a3a8697df454a94ad7e05574628?s=96&d=mm&r=g","caption":"Emanuele Rebuffini"},"sameAs":["http:\/\/www.quotidianopiemontese.it\/cultura-arte-e-spettacolo-a-torino\/"],"url":"https:\/\/web.quotidianopiemontese.it\/cultura-arte-e-spettacolo-a-torino\/author\/emanuelerebuffini\/"}]}},"_links":{"self":[{"href":"https:\/\/web.quotidianopiemontese.it\/cultura-arte-e-spettacolo-a-torino\/wp-json\/wp\/v2\/posts\/690","targetHints":{"allow":["GET"]}}],"collection":[{"href":"https:\/\/web.quotidianopiemontese.it\/cultura-arte-e-spettacolo-a-torino\/wp-json\/wp\/v2\/posts"}],"about":[{"href":"https:\/\/web.quotidianopiemontese.it\/cultura-arte-e-spettacolo-a-torino\/wp-json\/wp\/v2\/types\/post"}],"author":[{"embeddable":true,"href":"https:\/\/web.quotidianopiemontese.it\/cultura-arte-e-spettacolo-a-torino\/wp-json\/wp\/v2\/users\/1361"}],"replies":[{"embeddable":true,"href":"https:\/\/web.quotidianopiemontese.it\/cultura-arte-e-spettacolo-a-torino\/wp-json\/wp\/v2\/comments?post=690"}],"version-history":[{"count":0,"href":"https:\/\/web.quotidianopiemontese.it\/cultura-arte-e-spettacolo-a-torino\/wp-json\/wp\/v2\/posts\/690\/revisions"}],"wp:featuredmedia":[{"embeddable":true,"href":"https:\/\/web.quotidianopiemontese.it\/cultura-arte-e-spettacolo-a-torino\/wp-json\/wp\/v2\/media\/696"}],"wp:attachment":[{"href":"https:\/\/web.quotidianopiemontese.it\/cultura-arte-e-spettacolo-a-torino\/wp-json\/wp\/v2\/media?parent=690"}],"wp:term":[{"taxonomy":"category","embeddable":true,"href":"https:\/\/web.quotidianopiemontese.it\/cultura-arte-e-spettacolo-a-torino\/wp-json\/wp\/v2\/categories?post=690"},{"taxonomy":"post_tag","embeddable":true,"href":"https:\/\/web.quotidianopiemontese.it\/cultura-arte-e-spettacolo-a-torino\/wp-json\/wp\/v2\/tags?post=690"}],"curies":[{"name":"wp","href":"https:\/\/api.w.org\/{rel}","templated":true}]}}