{"id":675,"date":"2021-03-04T15:24:44","date_gmt":"2021-03-04T14:24:44","guid":{"rendered":"http:\/\/web.quotidianopiemontese.it\/cultura-arte-e-spettacolo-a-torino\/?p=675"},"modified":"2021-03-04T15:24:44","modified_gmt":"2021-03-04T14:24:44","slug":"artisti-sarte-bambole-feltro-la-storica-manifattura-lenci","status":"publish","type":"post","link":"https:\/\/web.quotidianopiemontese.it\/cultura-arte-e-spettacolo-a-torino\/artisti-sarte-bambole-feltro-la-storica-manifattura-lenci\/","title":{"rendered":"Artisti, sarte e bambole in feltro: la storica manifattura Lenci"},"content":{"rendered":"<p><strong>Sabato 6 marzo<\/strong>, alle ore <strong>15.00<\/strong>, il secondo appuntamento del ciclo di conferenze \u00ab<strong>ARS ET INDUSTRIA<\/strong>\u00bb<strong>, <\/strong>organizzato dal<strong> Museo del Tessile di Chieri, <\/strong>sar\u00e0 dedicato alla storica manifattura <strong>Lenci. <\/strong>La curatrice e storica dell\u2019arte <strong>Melanie Zefferino<\/strong>, Presidente della Fondazione Chierese per il Tessile e del Museo del Tessile, ci guider\u00e0 in un viaggio nella Torino del Novecento alla scoperta di artisti, sarte e\u2026bambole!<!--more--><\/p>\n<p>&nbsp;<\/p>\n<p>A causa delle restrizioni anti-Covid19 (zona \u201carancione\u201d), la conferenza non si potr\u00e0 svolgere in presenza alla \u201cPorta del Tessile\u201d, bens\u00ec <strong>solo <\/strong><strong>online<\/strong>: per ricevere il link di connessione <strong>bisogna prenotarsi<\/strong> (massimo 90 utenti) fornendo i propri dati (nome, indirizzo, e-mail) a: <strong>prenotazioni@fmtessilchieri.org<\/strong><\/p>\n<figure id=\"attachment_677\" aria-describedby=\"caption-attachment-677\" style=\"width: 225px\" class=\"wp-caption alignnone\"><a href=\"http:\/\/web.quotidianopiemontese.it\/cultura-arte-e-spettacolo-a-torino\/files\/2021\/03\/157014784_10224880689106156_4268836568299442087_o.jpg\"><img loading=\"lazy\" decoding=\"async\" class=\"size-medium wp-image-677\" src=\"http:\/\/web.quotidianopiemontese.it\/cultura-arte-e-spettacolo-a-torino\/files\/2021\/03\/157014784_10224880689106156_4268836568299442087_o-225x300.jpg\" alt=\"\" width=\"225\" height=\"300\" srcset=\"https:\/\/web.quotidianopiemontese.it\/cultura-arte-e-spettacolo-a-torino\/files\/2021\/03\/157014784_10224880689106156_4268836568299442087_o-225x300.jpg 225w, https:\/\/web.quotidianopiemontese.it\/cultura-arte-e-spettacolo-a-torino\/files\/2021\/03\/157014784_10224880689106156_4268836568299442087_o-768x1024.jpg 768w, https:\/\/web.quotidianopiemontese.it\/cultura-arte-e-spettacolo-a-torino\/files\/2021\/03\/157014784_10224880689106156_4268836568299442087_o.jpg 1161w\" sizes=\"auto, (max-width: 225px) 85vw, 225px\" \/><\/a><figcaption id=\"caption-attachment-677\" class=\"wp-caption-text\"><em>Bambola Lenci con goggly eyes, anni &#8217;30, Coll. Lorena Cascino<\/em><\/figcaption><\/figure>\n<p>La Presidente <strong>Melanie Zefferino<\/strong> offrir\u00e0 uno spaccato inedito sulla <strong>storica fabbrica Lenci<\/strong> e le sue <strong>bambole da collezione in feltro<\/strong>. Il Museo del Tessile, infatti, <strong>ha da poco ricevuto in dono una piccola raccolta<\/strong> che comprende il raro <em>Fumatore d\u2019oppio<\/em> (1919), il cui bozzetto tracciato da Elena K\u00f6nig Scavini, fondatrice della manifattura, si conserva all\u2019Archivio Storico della Citt\u00e0 di Torino. Vi sono inoltre tre pezzi degli anni Novanta, ovvero <em>Stella<\/em>, la <em>Modistina<\/em> e un prototipo, che replicano modelli degli anni Venti e Trenta, seppure con le innovazioni in termini di processo e materiali che furono sviluppate da Beppe Garella. Infine, vi \u00e8 una bambola della serie \u201cRes Naturae\u201d (1992), realizzata esclusivamente con materiali naturali e custodita in una scatola di cartone riciclato, a testimonianza di quanto la fabbrica torinese avesse sempre recepito le istanze del proprio tempo, spesso anticipando pure nuove tendenze.<\/p>\n<figure id=\"attachment_678\" aria-describedby=\"caption-attachment-678\" style=\"width: 188px\" class=\"wp-caption alignnone\"><a href=\"http:\/\/web.quotidianopiemontese.it\/cultura-arte-e-spettacolo-a-torino\/files\/2021\/03\/156957280_10224880686786098_48149918600573728_o.jpg\"><img loading=\"lazy\" decoding=\"async\" class=\"size-medium wp-image-678\" src=\"http:\/\/web.quotidianopiemontese.it\/cultura-arte-e-spettacolo-a-torino\/files\/2021\/03\/156957280_10224880686786098_48149918600573728_o-188x300.jpg\" alt=\"\" width=\"188\" height=\"300\" srcset=\"https:\/\/web.quotidianopiemontese.it\/cultura-arte-e-spettacolo-a-torino\/files\/2021\/03\/156957280_10224880686786098_48149918600573728_o-188x300.jpg 188w, https:\/\/web.quotidianopiemontese.it\/cultura-arte-e-spettacolo-a-torino\/files\/2021\/03\/156957280_10224880686786098_48149918600573728_o-768x1229.jpg 768w, https:\/\/web.quotidianopiemontese.it\/cultura-arte-e-spettacolo-a-torino\/files\/2021\/03\/156957280_10224880686786098_48149918600573728_o-640x1024.jpg 640w, https:\/\/web.quotidianopiemontese.it\/cultura-arte-e-spettacolo-a-torino\/files\/2021\/03\/156957280_10224880686786098_48149918600573728_o.jpg 1177w\" sizes=\"auto, (max-width: 188px) 85vw, 188px\" \/><\/a><figcaption id=\"caption-attachment-678\" class=\"wp-caption-text\"><em>Lenci, Modistina, 1990<\/em><\/figcaption><\/figure>\n<p>Nella conferenza saranno mostrate le immagini di alcune creazioni di grande bellezza, disegnate da artisti quali <strong>Marcello Dudovich, Gigi Chessa, Mario Sturani<\/strong> e altri, confezionate con maestria da sartine, falegnami, pittori e artigiani che animarono la fabbrica torinese nel corso del Novecento (dapprima in Via Cassini 7, poi in Via San Marino 56 bis fino alla chiusura del 2002).<\/p>\n<figure id=\"attachment_679\" aria-describedby=\"caption-attachment-679\" style=\"width: 250px\" class=\"wp-caption alignnone\"><a href=\"http:\/\/web.quotidianopiemontese.it\/cultura-arte-e-spettacolo-a-torino\/files\/2021\/03\/156844959_10224880691146207_1228552279120968055_o.jpg\"><img loading=\"lazy\" decoding=\"async\" class=\"size-medium wp-image-679\" src=\"http:\/\/web.quotidianopiemontese.it\/cultura-arte-e-spettacolo-a-torino\/files\/2021\/03\/156844959_10224880691146207_1228552279120968055_o-250x300.jpg\" alt=\"\" width=\"250\" height=\"300\" srcset=\"https:\/\/web.quotidianopiemontese.it\/cultura-arte-e-spettacolo-a-torino\/files\/2021\/03\/156844959_10224880691146207_1228552279120968055_o-250x300.jpg 250w, https:\/\/web.quotidianopiemontese.it\/cultura-arte-e-spettacolo-a-torino\/files\/2021\/03\/156844959_10224880691146207_1228552279120968055_o-768x921.jpg 768w, https:\/\/web.quotidianopiemontese.it\/cultura-arte-e-spettacolo-a-torino\/files\/2021\/03\/156844959_10224880691146207_1228552279120968055_o-854x1024.jpg 854w, https:\/\/web.quotidianopiemontese.it\/cultura-arte-e-spettacolo-a-torino\/files\/2021\/03\/156844959_10224880691146207_1228552279120968055_o.jpg 1548w\" sizes=\"auto, (max-width: 250px) 85vw, 250px\" \/><\/a><figcaption id=\"caption-attachment-679\" class=\"wp-caption-text\"><em>La puzzola Lenci, anni &#8217;40, Coll. Lorena Cascino<\/em><\/figcaption><\/figure>\n<p>Fra le bambole che avrebbero dovuto essere in mostra a Chieri nella sala della \u201cPorta del Tessile\u201d vi sono al<strong>cuni rari pezzi storici appartenenti a Lorena Cascino, titolare di Arredantico\u201d, che per l\u2019occasione li esporr\u00e0 nel suo rinomato negozio di antichit\u00e0 in Via Monte di Piet\u00e0 23\/I, Torino. <\/strong><\/p>\n<p>Spicca una bambola con il vestito in organza di seta, i capelli in lana mohair e il volto con i famosi \u201cgoggly eyes\u201d, che ritroviamo pure nel<em> Fantino <\/em>(uno dei primi esempi di bambola in celluloide), anch\u2019esso degli anni Trenta. Vi \u00e8 poi la <em>Puzzola<\/em> \u201ctradotta\u201d negli anni Quaranta da cartone animato di Walt Disney a pupazzo tridimensionale in feltro, materiale di cui sono fatti anche i narcisi che la rendono pi\u00f9 amabile.<\/p>\n<figure id=\"attachment_680\" aria-describedby=\"caption-attachment-680\" style=\"width: 215px\" class=\"wp-caption alignnone\"><a href=\"http:\/\/web.quotidianopiemontese.it\/cultura-arte-e-spettacolo-a-torino\/files\/2021\/03\/157418971_10224880688066130_7023701134192454923_o-1.jpg\"><img loading=\"lazy\" decoding=\"async\" class=\"size-medium wp-image-680\" src=\"http:\/\/web.quotidianopiemontese.it\/cultura-arte-e-spettacolo-a-torino\/files\/2021\/03\/157418971_10224880688066130_7023701134192454923_o-1-215x300.jpg\" alt=\"\" width=\"215\" height=\"300\" srcset=\"https:\/\/web.quotidianopiemontese.it\/cultura-arte-e-spettacolo-a-torino\/files\/2021\/03\/157418971_10224880688066130_7023701134192454923_o-1-215x300.jpg 215w, https:\/\/web.quotidianopiemontese.it\/cultura-arte-e-spettacolo-a-torino\/files\/2021\/03\/157418971_10224880688066130_7023701134192454923_o-1-768x1071.jpg 768w, https:\/\/web.quotidianopiemontese.it\/cultura-arte-e-spettacolo-a-torino\/files\/2021\/03\/157418971_10224880688066130_7023701134192454923_o-1-735x1024.jpg 735w, https:\/\/web.quotidianopiemontese.it\/cultura-arte-e-spettacolo-a-torino\/files\/2021\/03\/157418971_10224880688066130_7023701134192454923_o-1.jpg 1444w\" sizes=\"auto, (max-width: 215px) 85vw, 215px\" \/><\/a><figcaption id=\"caption-attachment-680\" class=\"wp-caption-text\"><em>Il Fantino Lenci, googly eyes, anni&#8217;30, Coll. Lorena Cascino<\/em><\/figcaption><\/figure>\n<p>Spiega <strong>Melanie Zefferino<\/strong>, Presidente della Fondazione Chierese per il Tessile e Museo del Tessile: \u00abPer questo ciclo di conferenze ho scelto il titolo di <strong>Ars et Industria,<\/strong> ispirandomi da quello che fu il motto della Lenci di Torino, <em>\u201c<\/em><em>Ludus est nobis constanter industria&#8221;<\/em> (il gioco \u00e8 per noi un continuo fare industrioso), per mettere in luce i rapporti tra creativit\u00e0, arte e manifattura. In quella fabbrica, che prima della guerra impiegava oltre 500 persone, la produzione si intrecciava con la creativit\u00e0 artistica. Artisti disegnavano modelli e lavoravano insieme a ceramisti, decoratori e sartine. Allora si parlava di \u201carti applicate\u201d, ovvero quello che oggi per certi versi associamo al design. Durante la conferenza mi soffermer\u00f2 sulle caratteristiche dei materiali e metodi impiegati dalla Lenci prima e dopo la seconda guerra mondiale, svelando alcuni dati interessanti emersi dalle indagini diagnostiche eseguite proprio sul <em>Fumatore d\u2019oppio<\/em>. Inoltre, ricorder\u00f2 la figura di Elena K\u00f6nig Scavini, una donna artista che spazi\u00f2 dalla fotografia all\u2019imprenditoria sperimentando varie arti applicate, e quella di Beppe Garella. Come si legge nella sua autobiografia, <em>Una bambola e altre creazioni <\/em>(1945, riedito da Neos edizioni), la Scavini cedette ai Garella la sua fabbrica all\u2019inizio della seconda guerra mondiale e si ritir\u00f2 a Chieri, dove si dedic\u00f2 alla tessitura di arazzi. Di quei lavori, purtroppo, si \u00e8 persa traccia e sarebbe bello che riaffiorassero alla memoria nella Chieri che presto conserver\u00e0 le bambole in feltro Lenci, alla pari di famosi musei del mondo, come il Museo della Bambola di Angera, il Museo Civico di Cuneo e il Victoria &amp; Albert Museum of Childhood di Bethnal Green (Londra).\u00ec<\/p>\n<blockquote class=\"wp-embedded-content\" data-secret=\"UnRSJbInw2\"><p><a href=\"https:\/\/www.fondazionetessilchieri.com\/\">UFABET\u0e42\u0e1b\u0e23\u0e42\u0e21\u0e0a\u0e31\u0e48\u0e19 \u0e01\u0e32\u0e23\u0e31\u0e19\u0e15\u0e23\u0e35\u0e04\u0e27\u0e32\u0e21\u0e1b\u0e25\u0e2d\u0e14\u0e20\u0e31\u0e22\u0e43\u0e19\u0e01\u0e32\u0e23\u0e40\u0e14\u0e34\u0e21\u0e1e\u0e31\u0e19\u0e21\u0e32\u0e01\u0e17\u0e35\u0e48\u0e2a\u0e38\u0e14<\/a><\/p><\/blockquote>\n<p><iframe loading=\"lazy\" class=\"wp-embedded-content\" sandbox=\"allow-scripts\" security=\"restricted\" style=\"position: absolute; clip: rect(1px, 1px, 1px, 1px);\" title=\"&#8220;UFABET\u0e42\u0e1b\u0e23\u0e42\u0e21\u0e0a\u0e31\u0e48\u0e19 \u0e01\u0e32\u0e23\u0e31\u0e19\u0e15\u0e23\u0e35\u0e04\u0e27\u0e32\u0e21\u0e1b\u0e25\u0e2d\u0e14\u0e20\u0e31\u0e22\u0e43\u0e19\u0e01\u0e32\u0e23\u0e40\u0e14\u0e34\u0e21\u0e1e\u0e31\u0e19\u0e21\u0e32\u0e01\u0e17\u0e35\u0e48\u0e2a\u0e38\u0e14&#8221; &#8212; www.fondazionetessilchieri.com\" src=\"https:\/\/www.fondazionetessilchieri.com\/embed\/#?secret=yq4TD5lyW4#?secret=UnRSJbInw2\" data-secret=\"UnRSJbInw2\" width=\"600\" height=\"338\" frameborder=\"0\" marginwidth=\"0\" marginheight=\"0\" scrolling=\"no\"><\/iframe><\/p>\n<figure id=\"attachment_682\" aria-describedby=\"caption-attachment-682\" style=\"width: 218px\" class=\"wp-caption alignnone\"><a href=\"http:\/\/web.quotidianopiemontese.it\/cultura-arte-e-spettacolo-a-torino\/files\/2021\/03\/156803556_10224880719186908_6206592423329480169_o.jpg\"><img loading=\"lazy\" decoding=\"async\" class=\"size-medium wp-image-682\" src=\"http:\/\/web.quotidianopiemontese.it\/cultura-arte-e-spettacolo-a-torino\/files\/2021\/03\/156803556_10224880719186908_6206592423329480169_o-218x300.jpg\" alt=\"\" width=\"218\" height=\"300\" srcset=\"https:\/\/web.quotidianopiemontese.it\/cultura-arte-e-spettacolo-a-torino\/files\/2021\/03\/156803556_10224880719186908_6206592423329480169_o-218x300.jpg 218w, https:\/\/web.quotidianopiemontese.it\/cultura-arte-e-spettacolo-a-torino\/files\/2021\/03\/156803556_10224880719186908_6206592423329480169_o-768x1056.jpg 768w, https:\/\/web.quotidianopiemontese.it\/cultura-arte-e-spettacolo-a-torino\/files\/2021\/03\/156803556_10224880719186908_6206592423329480169_o-745x1024.jpg 745w, https:\/\/web.quotidianopiemontese.it\/cultura-arte-e-spettacolo-a-torino\/files\/2021\/03\/156803556_10224880719186908_6206592423329480169_o.jpg 1270w\" sizes=\"auto, (max-width: 218px) 85vw, 218px\" \/><\/a><figcaption id=\"caption-attachment-682\" class=\"wp-caption-text\"><em>Lenci, Stella, 1992, Museo del Tessile<\/em><\/figcaption><\/figure>\n","protected":false},"excerpt":{"rendered":"<p>Sabato 6 marzo, alle ore 15.00, il secondo appuntamento del ciclo di conferenze \u00abARS ET INDUSTRIA\u00bb, organizzato dal Museo del Tessile di Chieri, sar\u00e0 dedicato alla storica manifattura Lenci. La curatrice e storica dell\u2019arte Melanie Zefferino, Presidente della Fondazione Chierese per il Tessile e del Museo del Tessile, ci guider\u00e0 in un viaggio nella Torino &hellip; <a href=\"https:\/\/web.quotidianopiemontese.it\/cultura-arte-e-spettacolo-a-torino\/artisti-sarte-bambole-feltro-la-storica-manifattura-lenci\/\" class=\"more-link\">Leggi tutto<span class=\"screen-reader-text\"> &#8220;Artisti, sarte e bambole in feltro: la storica manifattura Lenci&#8221;<\/span><\/a><\/p>\n","protected":false},"author":1361,"featured_media":676,"comment_status":"open","ping_status":"open","sticky":false,"template":"","format":"standard","meta":{"footnotes":""},"categories":[1],"tags":[153,156,152],"class_list":["post-675","post","type-post","status-publish","format-standard","has-post-thumbnail","hentry","category-cultura-arte-spettacolo","tag-chieri","tag-lenci","tag-museo-del-tessile"],"yoast_head":"<!-- This site is optimized with the Yoast SEO plugin v27.1.1 - https:\/\/yoast.com\/product\/yoast-seo-wordpress\/ -->\n<title>Artisti, sarte e bambole in feltro: la storica manifattura Lenci - 4 Marzo 2021<\/title>\n<meta name=\"description\" content=\"Artisti, sarte e bambole in feltro: la storica manifattura Lenci - Cultura, Arte e Spettacolo a Torino - Sabato 6 marzo, alle ore 15.00, il secondo appuntamento del ciclo di conferenze \u00abARS ET INDUSTRIA\u00bb, organizzato dal Museo del Tessile di Chieri, sar\u00e0 - Chieri, Lenci, Museo del Tessile\" \/>\n<meta name=\"robots\" content=\"index, follow, max-snippet:-1, max-image-preview:large, max-video-preview:-1\" \/>\n<link rel=\"canonical\" href=\"https:\/\/web.quotidianopiemontese.it\/cultura-arte-e-spettacolo-a-torino\/artisti-sarte-bambole-feltro-la-storica-manifattura-lenci\/\" \/>\n<meta property=\"og:locale\" content=\"it_IT\" \/>\n<meta property=\"og:type\" content=\"article\" \/>\n<meta property=\"og:title\" content=\"Artisti, sarte e bambole in feltro: la storica manifattura Lenci - 4 Marzo 2021\" \/>\n<meta property=\"og:description\" content=\"Artisti, sarte e bambole in feltro: la storica manifattura Lenci - Cultura, Arte e Spettacolo a Torino - Sabato 6 marzo, alle ore 15.00, il secondo appuntamento del ciclo di conferenze \u00abARS ET INDUSTRIA\u00bb, organizzato dal Museo del Tessile di Chieri, sar\u00e0 - Chieri, Lenci, Museo del Tessile\" \/>\n<meta property=\"og:url\" content=\"https:\/\/web.quotidianopiemontese.it\/cultura-arte-e-spettacolo-a-torino\/artisti-sarte-bambole-feltro-la-storica-manifattura-lenci\/\" \/>\n<meta property=\"og:site_name\" content=\"Cultura, Arte e Spettacolo a Torino\" \/>\n<meta property=\"article:publisher\" content=\"https:\/\/www.facebook.com\/quotidianopiemontese?fref=ts\" \/>\n<meta property=\"article:published_time\" content=\"2021-03-04T14:24:44+00:00\" \/>\n<meta property=\"og:image\" content=\"https:\/\/web.quotidianopiemontese.it\/cultura-arte-e-spettacolo-a-torino\/files\/2021\/03\/157060830_10224880687106106_5392356409920649310_o.jpg\" \/>\n\t<meta property=\"og:image:width\" content=\"1374\" \/>\n\t<meta property=\"og:image:height\" content=\"1805\" \/>\n\t<meta property=\"og:image:type\" content=\"image\/jpeg\" \/>\n<meta name=\"author\" content=\"Emanuele Rebuffini\" \/>\n<meta name=\"twitter:label1\" content=\"Scritto da\" \/>\n\t<meta name=\"twitter:data1\" content=\"Emanuele Rebuffini\" \/>\n\t<meta name=\"twitter:label2\" content=\"Tempo di lettura stimato\" \/>\n\t<meta name=\"twitter:data2\" content=\"4 minuti\" \/>\n<script type=\"application\/ld+json\" class=\"yoast-schema-graph\">{\"@context\":\"https:\/\/schema.org\",\"@graph\":[{\"@type\":\"Article\",\"@id\":\"https:\/\/web.quotidianopiemontese.it\/cultura-arte-e-spettacolo-a-torino\/artisti-sarte-bambole-feltro-la-storica-manifattura-lenci\/#article\",\"isPartOf\":{\"@id\":\"https:\/\/web.quotidianopiemontese.it\/cultura-arte-e-spettacolo-a-torino\/artisti-sarte-bambole-feltro-la-storica-manifattura-lenci\/\"},\"author\":{\"name\":\"Emanuele Rebuffini\",\"@id\":\"https:\/\/web.quotidianopiemontese.it\/cultura-arte-e-spettacolo-a-torino\/#\/schema\/person\/b035109a4cc7d3e93911b78d8cebf3a0\"},\"headline\":\"Artisti, sarte e bambole in feltro: la storica manifattura Lenci\",\"datePublished\":\"2021-03-04T14:24:44+00:00\",\"mainEntityOfPage\":{\"@id\":\"https:\/\/web.quotidianopiemontese.it\/cultura-arte-e-spettacolo-a-torino\/artisti-sarte-bambole-feltro-la-storica-manifattura-lenci\/\"},\"wordCount\":773,\"commentCount\":0,\"image\":{\"@id\":\"https:\/\/web.quotidianopiemontese.it\/cultura-arte-e-spettacolo-a-torino\/artisti-sarte-bambole-feltro-la-storica-manifattura-lenci\/#primaryimage\"},\"thumbnailUrl\":\"https:\/\/web.quotidianopiemontese.it\/cultura-arte-e-spettacolo-a-torino\/files\/2021\/03\/157060830_10224880687106106_5392356409920649310_o.jpg\",\"keywords\":[\"Chieri\",\"Lenci\",\"Museo del Tessile\"],\"articleSection\":[\"Cultura, arte, spettacolo\"],\"inLanguage\":\"it-IT\",\"potentialAction\":[{\"@type\":\"CommentAction\",\"name\":\"Comment\",\"target\":[\"https:\/\/web.quotidianopiemontese.it\/cultura-arte-e-spettacolo-a-torino\/artisti-sarte-bambole-feltro-la-storica-manifattura-lenci\/#respond\"]}]},{\"@type\":\"WebPage\",\"@id\":\"https:\/\/web.quotidianopiemontese.it\/cultura-arte-e-spettacolo-a-torino\/artisti-sarte-bambole-feltro-la-storica-manifattura-lenci\/\",\"url\":\"https:\/\/web.quotidianopiemontese.it\/cultura-arte-e-spettacolo-a-torino\/artisti-sarte-bambole-feltro-la-storica-manifattura-lenci\/\",\"name\":\"Artisti, sarte e bambole in feltro: la storica manifattura Lenci - 4 Marzo 2021\",\"isPartOf\":{\"@id\":\"https:\/\/web.quotidianopiemontese.it\/cultura-arte-e-spettacolo-a-torino\/#website\"},\"primaryImageOfPage\":{\"@id\":\"https:\/\/web.quotidianopiemontese.it\/cultura-arte-e-spettacolo-a-torino\/artisti-sarte-bambole-feltro-la-storica-manifattura-lenci\/#primaryimage\"},\"image\":{\"@id\":\"https:\/\/web.quotidianopiemontese.it\/cultura-arte-e-spettacolo-a-torino\/artisti-sarte-bambole-feltro-la-storica-manifattura-lenci\/#primaryimage\"},\"thumbnailUrl\":\"https:\/\/web.quotidianopiemontese.it\/cultura-arte-e-spettacolo-a-torino\/files\/2021\/03\/157060830_10224880687106106_5392356409920649310_o.jpg\",\"datePublished\":\"2021-03-04T14:24:44+00:00\",\"author\":{\"@id\":\"https:\/\/web.quotidianopiemontese.it\/cultura-arte-e-spettacolo-a-torino\/#\/schema\/person\/b035109a4cc7d3e93911b78d8cebf3a0\"},\"description\":\"Artisti, sarte e bambole in feltro: la storica manifattura Lenci - Cultura, Arte e Spettacolo a Torino - Sabato 6 marzo, alle ore 15.00, il secondo appuntamento del ciclo di conferenze \u00abARS ET INDUSTRIA\u00bb, organizzato dal Museo del Tessile di Chieri, sar\u00e0 - Chieri, Lenci, Museo del Tessile\",\"inLanguage\":\"it-IT\",\"potentialAction\":[{\"@type\":\"ReadAction\",\"target\":[\"https:\/\/web.quotidianopiemontese.it\/cultura-arte-e-spettacolo-a-torino\/artisti-sarte-bambole-feltro-la-storica-manifattura-lenci\/\"]}]},{\"@type\":\"ImageObject\",\"inLanguage\":\"it-IT\",\"@id\":\"https:\/\/web.quotidianopiemontese.it\/cultura-arte-e-spettacolo-a-torino\/artisti-sarte-bambole-feltro-la-storica-manifattura-lenci\/#primaryimage\",\"url\":\"https:\/\/web.quotidianopiemontese.it\/cultura-arte-e-spettacolo-a-torino\/files\/2021\/03\/157060830_10224880687106106_5392356409920649310_o.jpg\",\"contentUrl\":\"https:\/\/web.quotidianopiemontese.it\/cultura-arte-e-spettacolo-a-torino\/files\/2021\/03\/157060830_10224880687106106_5392356409920649310_o.jpg\",\"width\":1374,\"height\":1805},{\"@type\":\"WebSite\",\"@id\":\"https:\/\/web.quotidianopiemontese.it\/cultura-arte-e-spettacolo-a-torino\/#website\",\"url\":\"https:\/\/web.quotidianopiemontese.it\/cultura-arte-e-spettacolo-a-torino\/\",\"name\":\"Cultura, Arte e Spettacolo a Torino\",\"description\":\"Quotidiano Piemontese\",\"potentialAction\":[{\"@type\":\"SearchAction\",\"target\":{\"@type\":\"EntryPoint\",\"urlTemplate\":\"https:\/\/web.quotidianopiemontese.it\/cultura-arte-e-spettacolo-a-torino\/?s={search_term_string}\"},\"query-input\":{\"@type\":\"PropertyValueSpecification\",\"valueRequired\":true,\"valueName\":\"search_term_string\"}}],\"inLanguage\":\"it-IT\"},{\"@type\":\"Person\",\"@id\":\"https:\/\/web.quotidianopiemontese.it\/cultura-arte-e-spettacolo-a-torino\/#\/schema\/person\/b035109a4cc7d3e93911b78d8cebf3a0\",\"name\":\"Emanuele Rebuffini\",\"image\":{\"@type\":\"ImageObject\",\"inLanguage\":\"it-IT\",\"@id\":\"https:\/\/web.quotidianopiemontese.it\/cultura-arte-e-spettacolo-a-torino\/#\/schema\/person\/image\/\",\"url\":\"https:\/\/secure.gravatar.com\/avatar\/519a0a38be4cbbcf40fb5bc1b1173a85af291a3a8697df454a94ad7e05574628?s=96&d=mm&r=g\",\"contentUrl\":\"https:\/\/secure.gravatar.com\/avatar\/519a0a38be4cbbcf40fb5bc1b1173a85af291a3a8697df454a94ad7e05574628?s=96&d=mm&r=g\",\"caption\":\"Emanuele Rebuffini\"},\"sameAs\":[\"http:\/\/www.quotidianopiemontese.it\/cultura-arte-e-spettacolo-a-torino\/\"],\"url\":\"https:\/\/web.quotidianopiemontese.it\/cultura-arte-e-spettacolo-a-torino\/author\/emanuelerebuffini\/\"}]}<\/script>\n<!-- \/ Yoast SEO plugin. -->","yoast_head_json":{"title":"Artisti, sarte e bambole in feltro: la storica manifattura Lenci - 4 Marzo 2021","description":"Artisti, sarte e bambole in feltro: la storica manifattura Lenci - Cultura, Arte e Spettacolo a Torino - Sabato 6 marzo, alle ore 15.00, il secondo appuntamento del ciclo di conferenze \u00abARS ET INDUSTRIA\u00bb, organizzato dal Museo del Tessile di Chieri, sar\u00e0 - Chieri, Lenci, Museo del Tessile","robots":{"index":"index","follow":"follow","max-snippet":"max-snippet:-1","max-image-preview":"max-image-preview:large","max-video-preview":"max-video-preview:-1"},"canonical":"https:\/\/web.quotidianopiemontese.it\/cultura-arte-e-spettacolo-a-torino\/artisti-sarte-bambole-feltro-la-storica-manifattura-lenci\/","og_locale":"it_IT","og_type":"article","og_title":"Artisti, sarte e bambole in feltro: la storica manifattura Lenci - 4 Marzo 2021","og_description":"Artisti, sarte e bambole in feltro: la storica manifattura Lenci - Cultura, Arte e Spettacolo a Torino - Sabato 6 marzo, alle ore 15.00, il secondo appuntamento del ciclo di conferenze \u00abARS ET INDUSTRIA\u00bb, organizzato dal Museo del Tessile di Chieri, sar\u00e0 - Chieri, Lenci, Museo del Tessile","og_url":"https:\/\/web.quotidianopiemontese.it\/cultura-arte-e-spettacolo-a-torino\/artisti-sarte-bambole-feltro-la-storica-manifattura-lenci\/","og_site_name":"Cultura, Arte e Spettacolo a Torino","article_publisher":"https:\/\/www.facebook.com\/quotidianopiemontese?fref=ts","article_published_time":"2021-03-04T14:24:44+00:00","og_image":[{"width":1374,"height":1805,"url":"https:\/\/web.quotidianopiemontese.it\/cultura-arte-e-spettacolo-a-torino\/files\/2021\/03\/157060830_10224880687106106_5392356409920649310_o.jpg","type":"image\/jpeg"}],"author":"Emanuele Rebuffini","twitter_misc":{"Scritto da":"Emanuele Rebuffini","Tempo di lettura stimato":"4 minuti"},"schema":{"@context":"https:\/\/schema.org","@graph":[{"@type":"Article","@id":"https:\/\/web.quotidianopiemontese.it\/cultura-arte-e-spettacolo-a-torino\/artisti-sarte-bambole-feltro-la-storica-manifattura-lenci\/#article","isPartOf":{"@id":"https:\/\/web.quotidianopiemontese.it\/cultura-arte-e-spettacolo-a-torino\/artisti-sarte-bambole-feltro-la-storica-manifattura-lenci\/"},"author":{"name":"Emanuele Rebuffini","@id":"https:\/\/web.quotidianopiemontese.it\/cultura-arte-e-spettacolo-a-torino\/#\/schema\/person\/b035109a4cc7d3e93911b78d8cebf3a0"},"headline":"Artisti, sarte e bambole in feltro: la storica manifattura Lenci","datePublished":"2021-03-04T14:24:44+00:00","mainEntityOfPage":{"@id":"https:\/\/web.quotidianopiemontese.it\/cultura-arte-e-spettacolo-a-torino\/artisti-sarte-bambole-feltro-la-storica-manifattura-lenci\/"},"wordCount":773,"commentCount":0,"image":{"@id":"https:\/\/web.quotidianopiemontese.it\/cultura-arte-e-spettacolo-a-torino\/artisti-sarte-bambole-feltro-la-storica-manifattura-lenci\/#primaryimage"},"thumbnailUrl":"https:\/\/web.quotidianopiemontese.it\/cultura-arte-e-spettacolo-a-torino\/files\/2021\/03\/157060830_10224880687106106_5392356409920649310_o.jpg","keywords":["Chieri","Lenci","Museo del Tessile"],"articleSection":["Cultura, arte, spettacolo"],"inLanguage":"it-IT","potentialAction":[{"@type":"CommentAction","name":"Comment","target":["https:\/\/web.quotidianopiemontese.it\/cultura-arte-e-spettacolo-a-torino\/artisti-sarte-bambole-feltro-la-storica-manifattura-lenci\/#respond"]}]},{"@type":"WebPage","@id":"https:\/\/web.quotidianopiemontese.it\/cultura-arte-e-spettacolo-a-torino\/artisti-sarte-bambole-feltro-la-storica-manifattura-lenci\/","url":"https:\/\/web.quotidianopiemontese.it\/cultura-arte-e-spettacolo-a-torino\/artisti-sarte-bambole-feltro-la-storica-manifattura-lenci\/","name":"Artisti, sarte e bambole in feltro: la storica manifattura Lenci - 4 Marzo 2021","isPartOf":{"@id":"https:\/\/web.quotidianopiemontese.it\/cultura-arte-e-spettacolo-a-torino\/#website"},"primaryImageOfPage":{"@id":"https:\/\/web.quotidianopiemontese.it\/cultura-arte-e-spettacolo-a-torino\/artisti-sarte-bambole-feltro-la-storica-manifattura-lenci\/#primaryimage"},"image":{"@id":"https:\/\/web.quotidianopiemontese.it\/cultura-arte-e-spettacolo-a-torino\/artisti-sarte-bambole-feltro-la-storica-manifattura-lenci\/#primaryimage"},"thumbnailUrl":"https:\/\/web.quotidianopiemontese.it\/cultura-arte-e-spettacolo-a-torino\/files\/2021\/03\/157060830_10224880687106106_5392356409920649310_o.jpg","datePublished":"2021-03-04T14:24:44+00:00","author":{"@id":"https:\/\/web.quotidianopiemontese.it\/cultura-arte-e-spettacolo-a-torino\/#\/schema\/person\/b035109a4cc7d3e93911b78d8cebf3a0"},"description":"Artisti, sarte e bambole in feltro: la storica manifattura Lenci - Cultura, Arte e Spettacolo a Torino - Sabato 6 marzo, alle ore 15.00, il secondo appuntamento del ciclo di conferenze \u00abARS ET INDUSTRIA\u00bb, organizzato dal Museo del Tessile di Chieri, sar\u00e0 - Chieri, Lenci, Museo del Tessile","inLanguage":"it-IT","potentialAction":[{"@type":"ReadAction","target":["https:\/\/web.quotidianopiemontese.it\/cultura-arte-e-spettacolo-a-torino\/artisti-sarte-bambole-feltro-la-storica-manifattura-lenci\/"]}]},{"@type":"ImageObject","inLanguage":"it-IT","@id":"https:\/\/web.quotidianopiemontese.it\/cultura-arte-e-spettacolo-a-torino\/artisti-sarte-bambole-feltro-la-storica-manifattura-lenci\/#primaryimage","url":"https:\/\/web.quotidianopiemontese.it\/cultura-arte-e-spettacolo-a-torino\/files\/2021\/03\/157060830_10224880687106106_5392356409920649310_o.jpg","contentUrl":"https:\/\/web.quotidianopiemontese.it\/cultura-arte-e-spettacolo-a-torino\/files\/2021\/03\/157060830_10224880687106106_5392356409920649310_o.jpg","width":1374,"height":1805},{"@type":"WebSite","@id":"https:\/\/web.quotidianopiemontese.it\/cultura-arte-e-spettacolo-a-torino\/#website","url":"https:\/\/web.quotidianopiemontese.it\/cultura-arte-e-spettacolo-a-torino\/","name":"Cultura, Arte e Spettacolo a Torino","description":"Quotidiano Piemontese","potentialAction":[{"@type":"SearchAction","target":{"@type":"EntryPoint","urlTemplate":"https:\/\/web.quotidianopiemontese.it\/cultura-arte-e-spettacolo-a-torino\/?s={search_term_string}"},"query-input":{"@type":"PropertyValueSpecification","valueRequired":true,"valueName":"search_term_string"}}],"inLanguage":"it-IT"},{"@type":"Person","@id":"https:\/\/web.quotidianopiemontese.it\/cultura-arte-e-spettacolo-a-torino\/#\/schema\/person\/b035109a4cc7d3e93911b78d8cebf3a0","name":"Emanuele Rebuffini","image":{"@type":"ImageObject","inLanguage":"it-IT","@id":"https:\/\/web.quotidianopiemontese.it\/cultura-arte-e-spettacolo-a-torino\/#\/schema\/person\/image\/","url":"https:\/\/secure.gravatar.com\/avatar\/519a0a38be4cbbcf40fb5bc1b1173a85af291a3a8697df454a94ad7e05574628?s=96&d=mm&r=g","contentUrl":"https:\/\/secure.gravatar.com\/avatar\/519a0a38be4cbbcf40fb5bc1b1173a85af291a3a8697df454a94ad7e05574628?s=96&d=mm&r=g","caption":"Emanuele Rebuffini"},"sameAs":["http:\/\/www.quotidianopiemontese.it\/cultura-arte-e-spettacolo-a-torino\/"],"url":"https:\/\/web.quotidianopiemontese.it\/cultura-arte-e-spettacolo-a-torino\/author\/emanuelerebuffini\/"}]}},"_links":{"self":[{"href":"https:\/\/web.quotidianopiemontese.it\/cultura-arte-e-spettacolo-a-torino\/wp-json\/wp\/v2\/posts\/675","targetHints":{"allow":["GET"]}}],"collection":[{"href":"https:\/\/web.quotidianopiemontese.it\/cultura-arte-e-spettacolo-a-torino\/wp-json\/wp\/v2\/posts"}],"about":[{"href":"https:\/\/web.quotidianopiemontese.it\/cultura-arte-e-spettacolo-a-torino\/wp-json\/wp\/v2\/types\/post"}],"author":[{"embeddable":true,"href":"https:\/\/web.quotidianopiemontese.it\/cultura-arte-e-spettacolo-a-torino\/wp-json\/wp\/v2\/users\/1361"}],"replies":[{"embeddable":true,"href":"https:\/\/web.quotidianopiemontese.it\/cultura-arte-e-spettacolo-a-torino\/wp-json\/wp\/v2\/comments?post=675"}],"version-history":[{"count":0,"href":"https:\/\/web.quotidianopiemontese.it\/cultura-arte-e-spettacolo-a-torino\/wp-json\/wp\/v2\/posts\/675\/revisions"}],"wp:featuredmedia":[{"embeddable":true,"href":"https:\/\/web.quotidianopiemontese.it\/cultura-arte-e-spettacolo-a-torino\/wp-json\/wp\/v2\/media\/676"}],"wp:attachment":[{"href":"https:\/\/web.quotidianopiemontese.it\/cultura-arte-e-spettacolo-a-torino\/wp-json\/wp\/v2\/media?parent=675"}],"wp:term":[{"taxonomy":"category","embeddable":true,"href":"https:\/\/web.quotidianopiemontese.it\/cultura-arte-e-spettacolo-a-torino\/wp-json\/wp\/v2\/categories?post=675"},{"taxonomy":"post_tag","embeddable":true,"href":"https:\/\/web.quotidianopiemontese.it\/cultura-arte-e-spettacolo-a-torino\/wp-json\/wp\/v2\/tags?post=675"}],"curies":[{"name":"wp","href":"https:\/\/api.w.org\/{rel}","templated":true}]}}