{"id":660,"date":"2021-02-19T10:14:48","date_gmt":"2021-02-19T09:14:48","guid":{"rendered":"http:\/\/web.quotidianopiemontese.it\/cultura-arte-e-spettacolo-a-torino\/?p=660"},"modified":"2021-03-04T15:25:16","modified_gmt":"2021-03-04T14:25:16","slug":"museo-del-tessile-riparte-ars-et-industria","status":"publish","type":"post","link":"https:\/\/web.quotidianopiemontese.it\/cultura-arte-e-spettacolo-a-torino\/museo-del-tessile-riparte-ars-et-industria\/","title":{"rendered":"Il Museo del Tessile riparte da \u201cArs et Industria\u201d"},"content":{"rendered":"<p>Il tessile e la creativit\u00e0 nel passato, nel presente e guardando al futuro. \u00a0Un ciclo di conferenze in cui la tradizione della manifattura tessile chierese si intreccia con l\u2019arte contemporanea. Il <strong>Museo del Tessile di Chieri<\/strong> organizza, a partire da <strong>sabato 20 febbraio<\/strong>, il ciclo di conferenze \u00ab<strong>ARS ET INDUSTRIA<\/strong>\u00bb<strong>,<\/strong> <strong>15 appuntamenti,<\/strong> tra incontri, eventi e mostre, con cui si inaugura il nuovo corso culturale del Museo, ed il parziale riallestimento delle collezioni (il Museo riaprir\u00e0 ai visitatori il 27 marzo).<\/p>\n<p><!--more--><\/p>\n<p>Si inizia <strong>sabato 20 febbraio<\/strong>, alle ore <strong>15<\/strong>, nella <strong>sala della Porta del Tessile<\/strong> in via Santa Chiara 5, a Chieri, con la presentazione del programma culturale ed espositivo del Museo da parte di <strong>Melanie Zefferino<\/strong>, Presidente della Fondazione Chierese per il Tessile e Museo del Tessile. Seguiranno la relazione di <strong>Vincenzo Tedesco<\/strong> (Responsabile dell\u2019archivio storico del Comune di Chieri) sul tema <strong>\u00ab<\/strong><strong>Le aziende tessili chieresi tra memoria e documentazione<\/strong><strong>\u00bb<\/strong><strong>,<\/strong> mentre <strong>Marinella Bianco<\/strong> (Archivista co-titolare di Acta Progetti snc di Torino) racconter\u00e0 come <strong>\u00ab<\/strong><strong>Scoprire l\u2019archivio d\u2019impresa e stimarne la <em>heritage<\/em><\/strong><strong>\u00bb<\/strong><strong>.<\/strong><\/p>\n<p><a href=\"http:\/\/web.quotidianopiemontese.it\/cultura-arte-e-spettacolo-a-torino\/files\/2021\/02\/152362302_10224781374503353_4767504426431112715_o.jpg\"><img loading=\"lazy\" decoding=\"async\" class=\"alignnone size-medium wp-image-662\" src=\"http:\/\/web.quotidianopiemontese.it\/cultura-arte-e-spettacolo-a-torino\/files\/2021\/02\/152362302_10224781374503353_4767504426431112715_o-300x150.jpg\" alt=\"\" width=\"300\" height=\"150\" srcset=\"https:\/\/web.quotidianopiemontese.it\/cultura-arte-e-spettacolo-a-torino\/files\/2021\/02\/152362302_10224781374503353_4767504426431112715_o-300x150.jpg 300w, https:\/\/web.quotidianopiemontese.it\/cultura-arte-e-spettacolo-a-torino\/files\/2021\/02\/152362302_10224781374503353_4767504426431112715_o-768x384.jpg 768w, https:\/\/web.quotidianopiemontese.it\/cultura-arte-e-spettacolo-a-torino\/files\/2021\/02\/152362302_10224781374503353_4767504426431112715_o-1024x512.jpg 1024w, https:\/\/web.quotidianopiemontese.it\/cultura-arte-e-spettacolo-a-torino\/files\/2021\/02\/152362302_10224781374503353_4767504426431112715_o.jpg 1080w\" sizes=\"auto, (max-width: 300px) 85vw, 300px\" \/><\/a><\/p>\n<p>Spiega <strong>Melanie Zefferino<\/strong>, Presidente della Fondazione Chierese per il Tessile e Museo del Tessile: \u00abPer questo ciclo di conferenze che vedr\u00e0 protagonisti <strong>specialisti dell\u2019arte e della manifattura tessile<\/strong>, insieme ad <strong>artisti affermati a livello internazionale o giovani emergenti<\/strong>, ho scelto il titolo di <strong>Ars et Industria,<\/strong> ispirandomi da quello che fu il motto della Lenci di Torino, <em>\u201c<\/em><em>Ludus est nobis constanter industria&#8221;<\/em> (il gioco \u00e8 per noi un continuo fare industrioso). Infatti, sabato 6 marzo dedicheremo una conferenza proprio alla <strong>storica manifattura Lenci, esponendo le bambole della collezione di Lorena Cascino,<\/strong> perch\u00e9 in quella fabbrica, che prima della guerra impiegava oltre 500 persone, la produzione si intrecciava con la creativit\u00e0 artistica. Artisti come Umberto Mastroianni, Marcello Dudovich, Gigi Chessa e altri disegnavano modelli e lavoravano insieme a ceramisti, decoratori e sartine. Allora si parlava di \u201carti applicate\u201d, ovvero quello che oggi per certi versi associamo al design. Nel nuovo millennio stiamo assistendo al ritorno della <strong>convivenza tra realt\u00e0 produttiva e realt\u00e0 artistica, tra il fare industrioso ed il talento artistico, tra la manifattura e la creativit\u00e0,<\/strong> infatti si parla di creative industries. E cosa c\u2019\u00e8 di pi\u00f9 <em>creative industry<\/em> del tessile?\u00bb.<\/p>\n<figure id=\"attachment_663\" aria-describedby=\"caption-attachment-663\" style=\"width: 300px\" class=\"wp-caption alignnone\"><a href=\"http:\/\/web.quotidianopiemontese.it\/cultura-arte-e-spettacolo-a-torino\/files\/2021\/02\/MZ_4Oct2020-1.jpg\"><img loading=\"lazy\" decoding=\"async\" class=\"size-medium wp-image-663\" src=\"http:\/\/web.quotidianopiemontese.it\/cultura-arte-e-spettacolo-a-torino\/files\/2021\/02\/MZ_4Oct2020-1-300x297.jpg\" alt=\"\" width=\"300\" height=\"297\" srcset=\"https:\/\/web.quotidianopiemontese.it\/cultura-arte-e-spettacolo-a-torino\/files\/2021\/02\/MZ_4Oct2020-1-300x297.jpg 300w, https:\/\/web.quotidianopiemontese.it\/cultura-arte-e-spettacolo-a-torino\/files\/2021\/02\/MZ_4Oct2020-1-150x150.jpg 150w, https:\/\/web.quotidianopiemontese.it\/cultura-arte-e-spettacolo-a-torino\/files\/2021\/02\/MZ_4Oct2020-1-100x100.jpg 100w, https:\/\/web.quotidianopiemontese.it\/cultura-arte-e-spettacolo-a-torino\/files\/2021\/02\/MZ_4Oct2020-1-80x80.jpg 80w, https:\/\/web.quotidianopiemontese.it\/cultura-arte-e-spettacolo-a-torino\/files\/2021\/02\/MZ_4Oct2020-1.jpg 663w\" sizes=\"auto, (max-width: 300px) 85vw, 300px\" \/><\/a><figcaption id=\"caption-attachment-663\" class=\"wp-caption-text\"><em>Melanie Zefferino, Presidente della Fondazione Chierese per il Tessile<\/em><\/figcaption><\/figure>\n<p>Protagonisti degli incontri saranno innanzitutto i <strong>materiali<\/strong> e i <strong>tessuti<\/strong>: gli abiti che venivano sfoggiati nelle <strong>feste dei Savoia tra Cinque e Seicento<\/strong>, quando Chieri era un\u2019importante citt\u00e0 regia (27 marzo), quindi il <strong>gualdo<\/strong> e il <strong>fustagno<\/strong> che a partire dal Medioevo hanno fatto la fortuna del tessile chierese (18 settembre) fino alla <strong>ginestra<\/strong>, fiore che viene utilizzato per la tintura e nel passato anche per la tessitura, ricavandone un filato oggi assai prezioso impiegato anche in opere d\u2019arte da autori quali Maria Lai (4 settembre, in mostra tessuti e manufatti tessili storici realizzati con la ginestra).<\/p>\n<p><a href=\"http:\/\/web.quotidianopiemontese.it\/cultura-arte-e-spettacolo-a-torino\/files\/2021\/02\/Museo_Tessile-3.png\"><img loading=\"lazy\" decoding=\"async\" class=\"alignnone size-medium wp-image-664\" src=\"http:\/\/web.quotidianopiemontese.it\/cultura-arte-e-spettacolo-a-torino\/files\/2021\/02\/Museo_Tessile-3-300x150.png\" alt=\"\" width=\"300\" height=\"150\" srcset=\"https:\/\/web.quotidianopiemontese.it\/cultura-arte-e-spettacolo-a-torino\/files\/2021\/02\/Museo_Tessile-3-300x150.png 300w, https:\/\/web.quotidianopiemontese.it\/cultura-arte-e-spettacolo-a-torino\/files\/2021\/02\/Museo_Tessile-3-768x384.png 768w, https:\/\/web.quotidianopiemontese.it\/cultura-arte-e-spettacolo-a-torino\/files\/2021\/02\/Museo_Tessile-3-1024x512.png 1024w\" sizes=\"auto, (max-width: 300px) 85vw, 300px\" \/><\/a><\/p>\n<p>Numerosi gli <strong>artisti ospiti<\/strong>, alcuni di fama internazionale, altri giovani emergenti, \u00abperch\u00e9 il tessile si presta pi\u00f9 di ogni altra arte ad includere generazioni diverse, nel segno del passaggio generazionale-commenta la Presidente <strong>Melanie Zefferino-<\/strong>non a caso le tre Parche, che rappresentavano il ciclo della vita, filavano, tessevano e tagliavano. Quello del tessile \u00e8 un tempo lungo, bisogna realizzare un disegno, poi metterlo in carta, quindi trovare i materiali, tingerli, ordirli, infine tesserli. Un processo fatto di tanti passaggi, ognuno fondamentale per la qualit\u00e0 del manufatto finale\u00bb.<\/p>\n<figure id=\"attachment_665\" aria-describedby=\"caption-attachment-665\" style=\"width: 225px\" class=\"wp-caption alignnone\"><a href=\"http:\/\/web.quotidianopiemontese.it\/cultura-arte-e-spettacolo-a-torino\/files\/2021\/02\/151666967_10224781395943889_3824420340006144675_o.jpg\"><img loading=\"lazy\" decoding=\"async\" class=\"size-medium wp-image-665\" src=\"http:\/\/web.quotidianopiemontese.it\/cultura-arte-e-spettacolo-a-torino\/files\/2021\/02\/151666967_10224781395943889_3824420340006144675_o-225x300.jpg\" alt=\"\" width=\"225\" height=\"300\" srcset=\"https:\/\/web.quotidianopiemontese.it\/cultura-arte-e-spettacolo-a-torino\/files\/2021\/02\/151666967_10224781395943889_3824420340006144675_o-225x300.jpg 225w, https:\/\/web.quotidianopiemontese.it\/cultura-arte-e-spettacolo-a-torino\/files\/2021\/02\/151666967_10224781395943889_3824420340006144675_o-768x1024.jpg 768w, https:\/\/web.quotidianopiemontese.it\/cultura-arte-e-spettacolo-a-torino\/files\/2021\/02\/151666967_10224781395943889_3824420340006144675_o.jpg 1500w\" sizes=\"auto, (max-width: 225px) 85vw, 225px\" \/><\/a><figcaption id=\"caption-attachment-665\" class=\"wp-caption-text\"><em>Lisa Fontana<\/em><\/figcaption><\/figure>\n<p>Sabato 8 maggio, <strong>Lisa Fontana<\/strong>, giovane artista originaria di Firenze ma chierese acquisita, ricever\u00e0 il <strong>Premio \u201cNavetta di rame\u201d,<\/strong> istituito quest\u2019anno per simboleggiare la trasmissione di energia che dal passato viene a dare luce al presente, infatti, l\u2019artista ha recuperato disegni tradizionali, reinterpretandoli in chiave contemporanea e utilizzando per le sue opere i telai storici conservati al Museo del Tessile.<\/p>\n<figure id=\"attachment_666\" aria-describedby=\"caption-attachment-666\" style=\"width: 300px\" class=\"wp-caption alignnone\"><a href=\"http:\/\/web.quotidianopiemontese.it\/cultura-arte-e-spettacolo-a-torino\/files\/2021\/02\/Takahashi_Maris.jpg\"><img loading=\"lazy\" decoding=\"async\" class=\"size-medium wp-image-666\" src=\"http:\/\/web.quotidianopiemontese.it\/cultura-arte-e-spettacolo-a-torino\/files\/2021\/02\/Takahashi_Maris-300x225.jpg\" alt=\"\" width=\"300\" height=\"225\" srcset=\"https:\/\/web.quotidianopiemontese.it\/cultura-arte-e-spettacolo-a-torino\/files\/2021\/02\/Takahashi_Maris-300x225.jpg 300w, https:\/\/web.quotidianopiemontese.it\/cultura-arte-e-spettacolo-a-torino\/files\/2021\/02\/Takahashi_Maris-768x575.jpg 768w, https:\/\/web.quotidianopiemontese.it\/cultura-arte-e-spettacolo-a-torino\/files\/2021\/02\/Takahashi_Maris-1024x767.jpg 1024w, https:\/\/web.quotidianopiemontese.it\/cultura-arte-e-spettacolo-a-torino\/files\/2021\/02\/Takahashi_Maris-200x150.jpg 200w, https:\/\/web.quotidianopiemontese.it\/cultura-arte-e-spettacolo-a-torino\/files\/2021\/02\/Takahashi_Maris.jpg 1188w\" sizes=\"auto, (max-width: 300px) 85vw, 300px\" \/><\/a><figcaption id=\"caption-attachment-666\" class=\"wp-caption-text\"><strong>Liku Maria Takahashi e il metodo Mars<\/strong><\/figcaption><\/figure>\n<p>Sabato 17 maggio, inaugurer\u00e0 la mostra di <strong>Liku Maria Takahashi<\/strong>, artista giapponese, teorica dell\u2019arte ed educatrice che ha ideato un metodo (Maris), che combina tatto, vista e olfatto, creando un ordine sensoriale integrato, una sorta di <em>braille<\/em> della pittura che permette anche a chi non vede di percepire non solo i disegni ma anche le sfumature (l\u2019artista condurr\u00e0 anche un workshop, traducendo alcuni disegni dell\u2019archivio del Museo del Tessile in pitture tattili e olfattive).<\/p>\n<figure id=\"attachment_669\" aria-describedby=\"caption-attachment-669\" style=\"width: 200px\" class=\"wp-caption alignnone\"><a href=\"http:\/\/web.quotidianopiemontese.it\/cultura-arte-e-spettacolo-a-torino\/files\/2021\/02\/152287900_10224781407104168_3949771921397780461_o.jpg\"><img loading=\"lazy\" decoding=\"async\" class=\"size-medium wp-image-669\" src=\"http:\/\/web.quotidianopiemontese.it\/cultura-arte-e-spettacolo-a-torino\/files\/2021\/02\/152287900_10224781407104168_3949771921397780461_o-200x300.jpg\" alt=\"\" width=\"200\" height=\"300\" srcset=\"https:\/\/web.quotidianopiemontese.it\/cultura-arte-e-spettacolo-a-torino\/files\/2021\/02\/152287900_10224781407104168_3949771921397780461_o-200x300.jpg 200w, https:\/\/web.quotidianopiemontese.it\/cultura-arte-e-spettacolo-a-torino\/files\/2021\/02\/152287900_10224781407104168_3949771921397780461_o-768x1152.jpg 768w, https:\/\/web.quotidianopiemontese.it\/cultura-arte-e-spettacolo-a-torino\/files\/2021\/02\/152287900_10224781407104168_3949771921397780461_o-683x1024.jpg 683w, https:\/\/web.quotidianopiemontese.it\/cultura-arte-e-spettacolo-a-torino\/files\/2021\/02\/152287900_10224781407104168_3949771921397780461_o.jpg 1296w\" sizes=\"auto, (max-width: 200px) 85vw, 200px\" \/><\/a><figcaption id=\"caption-attachment-669\" class=\"wp-caption-text\"><em>Adam StClair<\/em><\/figcaption><\/figure>\n<p>Sabato 16 ottobre, il Museo del Tessile ospiter\u00e0 la mostra fotografica di <strong>Adam StClair<\/strong>, con esposizione di manufatti d\u2019arte tessile provenienti dal Kashmir: l\u2019attore, fotografo ed educatore inglese Adam StClair ha condotto per conto dell\u2019Universit\u00e0 di Manchester un lavoro di ricerca nell\u2019India del Nord sulle tradizioni tessili locali, in particolare i lavori ad ago e i ricami con la seta.<\/p>\n<figure id=\"attachment_667\" aria-describedby=\"caption-attachment-667\" style=\"width: 300px\" class=\"wp-caption alignnone\"><a href=\"http:\/\/web.quotidianopiemontese.it\/cultura-arte-e-spettacolo-a-torino\/files\/2021\/02\/FrancaPisani.jpg\"><img loading=\"lazy\" decoding=\"async\" class=\"size-medium wp-image-667\" src=\"http:\/\/web.quotidianopiemontese.it\/cultura-arte-e-spettacolo-a-torino\/files\/2021\/02\/FrancaPisani-300x200.jpg\" alt=\"\" width=\"300\" height=\"200\" srcset=\"https:\/\/web.quotidianopiemontese.it\/cultura-arte-e-spettacolo-a-torino\/files\/2021\/02\/FrancaPisani-300x200.jpg 300w, https:\/\/web.quotidianopiemontese.it\/cultura-arte-e-spettacolo-a-torino\/files\/2021\/02\/FrancaPisani.jpg 583w\" sizes=\"auto, (max-width: 300px) 85vw, 300px\" \/><\/a><figcaption id=\"caption-attachment-667\" class=\"wp-caption-text\"><strong>Franca Pisani<\/strong><\/figcaption><\/figure>\n<p>Sabato 6 novembre, sar\u00e0 consegnato il <strong>Premio \u201cNavetta d\u2019oro\u201d<\/strong> a <strong>Franca Pisani<\/strong>, artista eclettica, stilista, pittrice, scultrice, designer e poetessa (\u00e8 stata protagonista della stagione della poesia visiva nella seconda met\u00e0 degli anni Settanta), che esporr\u00e0 le sue famose \u201cSete di Lione\u201d e i cappelli creati utilizzando i tessuti delle manifatture socie del Museo del Tessile.<\/p>\n<p><a href=\"http:\/\/web.quotidianopiemontese.it\/cultura-arte-e-spettacolo-a-torino\/files\/2021\/02\/Museo_Tessile_5.jpg\"><img loading=\"lazy\" decoding=\"async\" class=\"alignnone size-medium wp-image-668\" src=\"http:\/\/web.quotidianopiemontese.it\/cultura-arte-e-spettacolo-a-torino\/files\/2021\/02\/Museo_Tessile_5-300x199.jpg\" alt=\"\" width=\"300\" height=\"199\" srcset=\"https:\/\/web.quotidianopiemontese.it\/cultura-arte-e-spettacolo-a-torino\/files\/2021\/02\/Museo_Tessile_5-300x199.jpg 300w, https:\/\/web.quotidianopiemontese.it\/cultura-arte-e-spettacolo-a-torino\/files\/2021\/02\/Museo_Tessile_5-768x509.jpg 768w, https:\/\/web.quotidianopiemontese.it\/cultura-arte-e-spettacolo-a-torino\/files\/2021\/02\/Museo_Tessile_5-1024x679.jpg 1024w, https:\/\/web.quotidianopiemontese.it\/cultura-arte-e-spettacolo-a-torino\/files\/2021\/02\/Museo_Tessile_5-600x400.jpg 600w, https:\/\/web.quotidianopiemontese.it\/cultura-arte-e-spettacolo-a-torino\/files\/2021\/02\/Museo_Tessile_5.jpg 1159w\" sizes=\"auto, (max-width: 300px) 85vw, 300px\" \/><\/a><\/p>\n<p>Il Museo del Tessile di Chieri nasce nel 1997, ha sede nell\u2019edificio che un tempo ospitava il Convento di Santa Chiara, fondato nel 1494 e trasformato agli inizi dell\u2019Ottocento in opificio dall\u2019imprenditore David Levi. Il Museo ospita un\u2019importante c<strong>ollezione di oltre 3.000 pezzi che raccontano la storia del tessile dal Medioevo all\u2019Ottocento<\/strong>: <strong>telai perfettamente funzionanti<\/strong>, i pi\u00f9 antichi risalenti al XVI secolo (telai a mano, telai con navetta, telai a nastro fino ad un telaio Jacquard); <strong>strumenti di misurazione<\/strong>\u00a0 (aspino a mano, bilancia romana, torsiometro); <strong>attrezzature per filare <\/strong>(conocchia, arcolaio, perfino una matassiera composta da canne di bamb\u00f9); <strong>orditoi<\/strong> orizzontali e verticali; <strong>attrezzi utilizzati per la coltivazione<\/strong> del gualdo, per la tintura delle pezze, per la filatura, tessitura ed imbiancatura dei tessuti; <strong>passamanerie<\/strong> (nastri, fiocchi, cordoncini, frange e galloni per impreziosire abiti arredi e tendaggi); <strong>campionari di tessuti e filati<\/strong> (cotoni, sete, lane); <strong>disegni tessili<\/strong> e messe in carta di diverse epoche; una <strong>collezione di 200 figurini <\/strong>realizzati tra gli anni Trenta e i Cinquanta; un\u2019esposizione di <strong>piante tintoire<\/strong> e un <strong>Orto Botanico<\/strong> (Gualdo, Agarico, Campeggio, Cartamo, Curcuma, Legno brasiliano, Crespino, Rubia); <strong>documenti<\/strong> e materiali provenienti dagli archivi delle aziende chieresi; <strong>cartoline ed affiches pubblicitarie<\/strong>; una biblioteca che custodisce oltre <strong>600 testi<\/strong> sulla storia della moda e del tessuto.<\/p>\n<p><a href=\"http:\/\/web.quotidianopiemontese.it\/cultura-arte-e-spettacolo-a-torino\/files\/2021\/02\/152213688_10224781394183845_7537649509758568126_o.jpg\"><img loading=\"lazy\" decoding=\"async\" class=\"alignnone size-medium wp-image-671\" src=\"http:\/\/web.quotidianopiemontese.it\/cultura-arte-e-spettacolo-a-torino\/files\/2021\/02\/152213688_10224781394183845_7537649509758568126_o-300x225.jpg\" alt=\"\" width=\"300\" height=\"225\" srcset=\"https:\/\/web.quotidianopiemontese.it\/cultura-arte-e-spettacolo-a-torino\/files\/2021\/02\/152213688_10224781394183845_7537649509758568126_o-300x225.jpg 300w, https:\/\/web.quotidianopiemontese.it\/cultura-arte-e-spettacolo-a-torino\/files\/2021\/02\/152213688_10224781394183845_7537649509758568126_o-768x576.jpg 768w, https:\/\/web.quotidianopiemontese.it\/cultura-arte-e-spettacolo-a-torino\/files\/2021\/02\/152213688_10224781394183845_7537649509758568126_o-1024x768.jpg 1024w, https:\/\/web.quotidianopiemontese.it\/cultura-arte-e-spettacolo-a-torino\/files\/2021\/02\/152213688_10224781394183845_7537649509758568126_o-200x150.jpg 200w, https:\/\/web.quotidianopiemontese.it\/cultura-arte-e-spettacolo-a-torino\/files\/2021\/02\/152213688_10224781394183845_7537649509758568126_o.jpg 1548w\" sizes=\"auto, (max-width: 300px) 85vw, 300px\" \/><\/a><\/p>\n<p>\u00abIl 27 marzo inaugureremo anche il <strong>parziale riallestimento del Museo<\/strong>, che ha lo scopo di valorizzare la collezione storica e le nuove acquisizioni-aggiunge la Presidente <strong>Melanie Zefferino<\/strong>-l\u2019obiettivo \u00e8 quello di avere sempre pi\u00f9 giovani che frequentino, usufruiscano e collaborino con il Museo, cos\u00ec da renderlo pi\u00f9 vitale. Abbiamo voluto riorganizzare gli spazi, modificare il percorso espositivo cos\u00ec da renderlo accattivante anche per i pi\u00f9 piccoli e per le famiglie, migliorare la fruizione degli oggetti, introdurre una stratificazione dei contenuti implementando la narrazione video attraverso l\u2019uso di QR Code, prestare maggiore attenzione alla storia del Novecento. Nei mesi scorsi, i volontari si sono prestati alla realizzazione di brevi video, in cui raccontano e spiegano la storia o la funzione di alcuni oggetti esposti. La comunit\u00e0 dei volontari rappresenta una risorsa preziosa, \u00e8 grazie al loro impegno anche in questi mesi difficili se \u00e8 stato possibile smontare e rimontare alcuni telai, rendendoli perfettamente funzionanti, restaurare oggetti storici in deposito e attuare pratiche di riuso. Riprenderanno presto anche i workshop di tessitura mentre la sartoria sociale non ha mai cessato il proprio lavoro. Speriamo di poter avviare una collaborazione con un istituto di alta formazione italiano o straniero, in modo tale da attivare progetti di ricerca che consentano di valorizzare quella parte della collezione e dell\u2019archivio che, per ragioni di conservazione, non pu\u00f2 essere esposta con frequenza. Frattanto abbiamo acceso diversi partenariati internazionali, a partire da quelli con il Museo di Buzau (Romania), il Central Museum of Textiles di \u0141\u00f3d\u017a (Polonia) e la Fondazione Osten di Skopje (Macedonia del Nord).\u00a0<strong>Il nostro vuole essere un \u2018museo scrigno\u2019, in cui si conserva e preserva un tesoro materiale e immateriale, ma al contempo un\u2019occasione per trarre ispirazione per il futuro dell\u2019arte e della manifattura tessile<\/strong>\u00bb.<\/p>\n<p><a href=\"http:\/\/www.fmtessilchieri.org\">http:\/\/www.fmtessilchieri.org<\/a><\/p>\n<p><strong>\u00a0<a href=\"http:\/\/web.quotidianopiemontese.it\/cultura-arte-e-spettacolo-a-torino\/files\/2021\/02\/Museo_Tessile_2.jpg\"><img loading=\"lazy\" decoding=\"async\" class=\"alignnone size-medium wp-image-672\" src=\"http:\/\/web.quotidianopiemontese.it\/cultura-arte-e-spettacolo-a-torino\/files\/2021\/02\/Museo_Tessile_2-300x200.jpg\" alt=\"\" width=\"300\" height=\"200\" srcset=\"https:\/\/web.quotidianopiemontese.it\/cultura-arte-e-spettacolo-a-torino\/files\/2021\/02\/Museo_Tessile_2-300x200.jpg 300w, https:\/\/web.quotidianopiemontese.it\/cultura-arte-e-spettacolo-a-torino\/files\/2021\/02\/Museo_Tessile_2-768x512.jpg 768w, https:\/\/web.quotidianopiemontese.it\/cultura-arte-e-spettacolo-a-torino\/files\/2021\/02\/Museo_Tessile_2.jpg 1024w, https:\/\/web.quotidianopiemontese.it\/cultura-arte-e-spettacolo-a-torino\/files\/2021\/02\/Museo_Tessile_2-600x400.jpg 600w\" sizes=\"auto, (max-width: 300px) 85vw, 300px\" \/><\/a><\/strong><\/p>\n<p>&nbsp;<\/p>\n<p>&nbsp;<\/p>\n<p>&nbsp;<\/p>\n<p>&nbsp;<\/p>\n<p>&nbsp;<\/p>\n<p>&nbsp;<\/p>\n","protected":false},"excerpt":{"rendered":"<p>Il tessile e la creativit\u00e0 nel passato, nel presente e guardando al futuro. \u00a0Un ciclo di conferenze in cui la tradizione della manifattura tessile chierese si intreccia con l\u2019arte contemporanea. Il Museo del Tessile di Chieri organizza, a partire da sabato 20 febbraio, il ciclo di conferenze \u00abARS ET INDUSTRIA\u00bb, 15 appuntamenti, tra incontri, eventi &hellip; <a href=\"https:\/\/web.quotidianopiemontese.it\/cultura-arte-e-spettacolo-a-torino\/museo-del-tessile-riparte-ars-et-industria\/\" class=\"more-link\">Leggi tutto<span class=\"screen-reader-text\"> &#8220;Il Museo del Tessile riparte da \u201cArs et Industria\u201d&#8221;<\/span><\/a><\/p>\n","protected":false},"author":1361,"featured_media":661,"comment_status":"open","ping_status":"open","sticky":false,"template":"","format":"standard","meta":{"footnotes":""},"categories":[1],"tags":[155,153,154,152],"class_list":["post-660","post","type-post","status-publish","format-standard","has-post-thumbnail","hentry","category-cultura-arte-spettacolo","tag-ars-et-industria","tag-chieri","tag-melanie-zefferino","tag-museo-del-tessile"],"yoast_head":"<!-- This site is optimized with the Yoast SEO plugin v27.1.1 - https:\/\/yoast.com\/product\/yoast-seo-wordpress\/ -->\n<title>Il Museo del Tessile riparte da \u201cArs et Industria\u201d - 19 Febbraio 2021<\/title>\n<meta name=\"description\" content=\"Il Museo del Tessile riparte da \u201cArs et Industria\u201d - Cultura, Arte e Spettacolo a Torino - Il tessile e la creativit\u00e0 nel passato, nel presente e guardando al futuro. \u00a0Un ciclo di conferenze in cui la tradizione della manifattura tessile - Ars et Industria, Chieri, Melanie Zefferino, Museo del Tessile\" \/>\n<meta name=\"robots\" content=\"index, follow, max-snippet:-1, max-image-preview:large, max-video-preview:-1\" \/>\n<link rel=\"canonical\" href=\"http:\/\/web.quotidianopiemontese.it\/cultura-arte-e-spettacolo-a-torino\/museo-del-tessile-riparte-ars-et-industria\/\" \/>\n<meta property=\"og:locale\" content=\"it_IT\" \/>\n<meta property=\"og:type\" content=\"article\" \/>\n<meta property=\"og:title\" content=\"Il Museo del Tessile riparte da \u201cArs et Industria\u201d - 19 Febbraio 2021\" \/>\n<meta property=\"og:description\" content=\"Il Museo del Tessile riparte da \u201cArs et Industria\u201d - Cultura, Arte e Spettacolo a Torino - Il tessile e la creativit\u00e0 nel passato, nel presente e guardando al futuro. \u00a0Un ciclo di conferenze in cui la tradizione della manifattura tessile - Ars et Industria, Chieri, Melanie Zefferino, Museo del Tessile\" \/>\n<meta property=\"og:url\" content=\"http:\/\/web.quotidianopiemontese.it\/cultura-arte-e-spettacolo-a-torino\/museo-del-tessile-riparte-ars-et-industria\/\" \/>\n<meta property=\"og:site_name\" content=\"Cultura, Arte e Spettacolo a Torino\" \/>\n<meta property=\"article:publisher\" content=\"https:\/\/www.facebook.com\/quotidianopiemontese?fref=ts\" \/>\n<meta property=\"article:published_time\" content=\"2021-02-19T09:14:48+00:00\" \/>\n<meta property=\"article:modified_time\" content=\"2021-03-04T14:25:16+00:00\" \/>\n<meta property=\"og:image\" content=\"http:\/\/web.quotidianopiemontese.it\/cultura-arte-e-spettacolo-a-torino\/files\/2021\/02\/Museo_Tessile_4.png\" \/>\n\t<meta property=\"og:image:width\" content=\"806\" \/>\n\t<meta property=\"og:image:height\" content=\"507\" \/>\n\t<meta property=\"og:image:type\" content=\"image\/png\" \/>\n<meta name=\"author\" content=\"Emanuele Rebuffini\" \/>\n<meta name=\"twitter:label1\" content=\"Scritto da\" \/>\n\t<meta name=\"twitter:data1\" content=\"Emanuele Rebuffini\" \/>\n\t<meta name=\"twitter:label2\" content=\"Tempo di lettura stimato\" \/>\n\t<meta name=\"twitter:data2\" content=\"7 minuti\" \/>\n<script type=\"application\/ld+json\" class=\"yoast-schema-graph\">{\"@context\":\"https:\/\/schema.org\",\"@graph\":[{\"@type\":\"Article\",\"@id\":\"http:\/\/web.quotidianopiemontese.it\/cultura-arte-e-spettacolo-a-torino\/museo-del-tessile-riparte-ars-et-industria\/#article\",\"isPartOf\":{\"@id\":\"http:\/\/web.quotidianopiemontese.it\/cultura-arte-e-spettacolo-a-torino\/museo-del-tessile-riparte-ars-et-industria\/\"},\"author\":{\"name\":\"Emanuele Rebuffini\",\"@id\":\"https:\/\/web.quotidianopiemontese.it\/cultura-arte-e-spettacolo-a-torino\/#\/schema\/person\/b035109a4cc7d3e93911b78d8cebf3a0\"},\"headline\":\"Il Museo del Tessile riparte da \u201cArs et Industria\u201d\",\"datePublished\":\"2021-02-19T09:14:48+00:00\",\"dateModified\":\"2021-03-04T14:25:16+00:00\",\"mainEntityOfPage\":{\"@id\":\"http:\/\/web.quotidianopiemontese.it\/cultura-arte-e-spettacolo-a-torino\/museo-del-tessile-riparte-ars-et-industria\/\"},\"wordCount\":1371,\"commentCount\":0,\"image\":{\"@id\":\"http:\/\/web.quotidianopiemontese.it\/cultura-arte-e-spettacolo-a-torino\/museo-del-tessile-riparte-ars-et-industria\/#primaryimage\"},\"thumbnailUrl\":\"https:\/\/web.quotidianopiemontese.it\/cultura-arte-e-spettacolo-a-torino\/files\/2021\/02\/Museo_Tessile_4.png\",\"keywords\":[\"Ars et Industria\",\"Chieri\",\"Melanie Zefferino\",\"Museo del Tessile\"],\"articleSection\":[\"Cultura, arte, spettacolo\"],\"inLanguage\":\"it-IT\",\"potentialAction\":[{\"@type\":\"CommentAction\",\"name\":\"Comment\",\"target\":[\"http:\/\/web.quotidianopiemontese.it\/cultura-arte-e-spettacolo-a-torino\/museo-del-tessile-riparte-ars-et-industria\/#respond\"]}]},{\"@type\":\"WebPage\",\"@id\":\"http:\/\/web.quotidianopiemontese.it\/cultura-arte-e-spettacolo-a-torino\/museo-del-tessile-riparte-ars-et-industria\/\",\"url\":\"http:\/\/web.quotidianopiemontese.it\/cultura-arte-e-spettacolo-a-torino\/museo-del-tessile-riparte-ars-et-industria\/\",\"name\":\"Il Museo del Tessile riparte da \u201cArs et Industria\u201d - 19 Febbraio 2021\",\"isPartOf\":{\"@id\":\"https:\/\/web.quotidianopiemontese.it\/cultura-arte-e-spettacolo-a-torino\/#website\"},\"primaryImageOfPage\":{\"@id\":\"http:\/\/web.quotidianopiemontese.it\/cultura-arte-e-spettacolo-a-torino\/museo-del-tessile-riparte-ars-et-industria\/#primaryimage\"},\"image\":{\"@id\":\"http:\/\/web.quotidianopiemontese.it\/cultura-arte-e-spettacolo-a-torino\/museo-del-tessile-riparte-ars-et-industria\/#primaryimage\"},\"thumbnailUrl\":\"https:\/\/web.quotidianopiemontese.it\/cultura-arte-e-spettacolo-a-torino\/files\/2021\/02\/Museo_Tessile_4.png\",\"datePublished\":\"2021-02-19T09:14:48+00:00\",\"dateModified\":\"2021-03-04T14:25:16+00:00\",\"author\":{\"@id\":\"https:\/\/web.quotidianopiemontese.it\/cultura-arte-e-spettacolo-a-torino\/#\/schema\/person\/b035109a4cc7d3e93911b78d8cebf3a0\"},\"description\":\"Il Museo del Tessile riparte da \u201cArs et Industria\u201d - Cultura, Arte e Spettacolo a Torino - Il tessile e la creativit\u00e0 nel passato, nel presente e guardando al futuro. \u00a0Un ciclo di conferenze in cui la tradizione della manifattura tessile - Ars et Industria, Chieri, Melanie Zefferino, Museo del Tessile\",\"inLanguage\":\"it-IT\",\"potentialAction\":[{\"@type\":\"ReadAction\",\"target\":[\"http:\/\/web.quotidianopiemontese.it\/cultura-arte-e-spettacolo-a-torino\/museo-del-tessile-riparte-ars-et-industria\/\"]}]},{\"@type\":\"ImageObject\",\"inLanguage\":\"it-IT\",\"@id\":\"http:\/\/web.quotidianopiemontese.it\/cultura-arte-e-spettacolo-a-torino\/museo-del-tessile-riparte-ars-et-industria\/#primaryimage\",\"url\":\"https:\/\/web.quotidianopiemontese.it\/cultura-arte-e-spettacolo-a-torino\/files\/2021\/02\/Museo_Tessile_4.png\",\"contentUrl\":\"https:\/\/web.quotidianopiemontese.it\/cultura-arte-e-spettacolo-a-torino\/files\/2021\/02\/Museo_Tessile_4.png\",\"width\":806,\"height\":507},{\"@type\":\"WebSite\",\"@id\":\"https:\/\/web.quotidianopiemontese.it\/cultura-arte-e-spettacolo-a-torino\/#website\",\"url\":\"https:\/\/web.quotidianopiemontese.it\/cultura-arte-e-spettacolo-a-torino\/\",\"name\":\"Cultura, Arte e Spettacolo a Torino\",\"description\":\"Quotidiano Piemontese\",\"potentialAction\":[{\"@type\":\"SearchAction\",\"target\":{\"@type\":\"EntryPoint\",\"urlTemplate\":\"https:\/\/web.quotidianopiemontese.it\/cultura-arte-e-spettacolo-a-torino\/?s={search_term_string}\"},\"query-input\":{\"@type\":\"PropertyValueSpecification\",\"valueRequired\":true,\"valueName\":\"search_term_string\"}}],\"inLanguage\":\"it-IT\"},{\"@type\":\"Person\",\"@id\":\"https:\/\/web.quotidianopiemontese.it\/cultura-arte-e-spettacolo-a-torino\/#\/schema\/person\/b035109a4cc7d3e93911b78d8cebf3a0\",\"name\":\"Emanuele Rebuffini\",\"image\":{\"@type\":\"ImageObject\",\"inLanguage\":\"it-IT\",\"@id\":\"https:\/\/web.quotidianopiemontese.it\/cultura-arte-e-spettacolo-a-torino\/#\/schema\/person\/image\/\",\"url\":\"https:\/\/secure.gravatar.com\/avatar\/519a0a38be4cbbcf40fb5bc1b1173a85af291a3a8697df454a94ad7e05574628?s=96&d=mm&r=g\",\"contentUrl\":\"https:\/\/secure.gravatar.com\/avatar\/519a0a38be4cbbcf40fb5bc1b1173a85af291a3a8697df454a94ad7e05574628?s=96&d=mm&r=g\",\"caption\":\"Emanuele Rebuffini\"},\"sameAs\":[\"http:\/\/www.quotidianopiemontese.it\/cultura-arte-e-spettacolo-a-torino\/\"],\"url\":\"https:\/\/web.quotidianopiemontese.it\/cultura-arte-e-spettacolo-a-torino\/author\/emanuelerebuffini\/\"}]}<\/script>\n<!-- \/ Yoast SEO plugin. -->","yoast_head_json":{"title":"Il Museo del Tessile riparte da \u201cArs et Industria\u201d - 19 Febbraio 2021","description":"Il Museo del Tessile riparte da \u201cArs et Industria\u201d - Cultura, Arte e Spettacolo a Torino - Il tessile e la creativit\u00e0 nel passato, nel presente e guardando al futuro. \u00a0Un ciclo di conferenze in cui la tradizione della manifattura tessile - Ars et Industria, Chieri, Melanie Zefferino, Museo del Tessile","robots":{"index":"index","follow":"follow","max-snippet":"max-snippet:-1","max-image-preview":"max-image-preview:large","max-video-preview":"max-video-preview:-1"},"canonical":"http:\/\/web.quotidianopiemontese.it\/cultura-arte-e-spettacolo-a-torino\/museo-del-tessile-riparte-ars-et-industria\/","og_locale":"it_IT","og_type":"article","og_title":"Il Museo del Tessile riparte da \u201cArs et Industria\u201d - 19 Febbraio 2021","og_description":"Il Museo del Tessile riparte da \u201cArs et Industria\u201d - Cultura, Arte e Spettacolo a Torino - Il tessile e la creativit\u00e0 nel passato, nel presente e guardando al futuro. \u00a0Un ciclo di conferenze in cui la tradizione della manifattura tessile - Ars et Industria, Chieri, Melanie Zefferino, Museo del Tessile","og_url":"http:\/\/web.quotidianopiemontese.it\/cultura-arte-e-spettacolo-a-torino\/museo-del-tessile-riparte-ars-et-industria\/","og_site_name":"Cultura, Arte e Spettacolo a Torino","article_publisher":"https:\/\/www.facebook.com\/quotidianopiemontese?fref=ts","article_published_time":"2021-02-19T09:14:48+00:00","article_modified_time":"2021-03-04T14:25:16+00:00","og_image":[{"width":806,"height":507,"url":"http:\/\/web.quotidianopiemontese.it\/cultura-arte-e-spettacolo-a-torino\/files\/2021\/02\/Museo_Tessile_4.png","type":"image\/png"}],"author":"Emanuele Rebuffini","twitter_misc":{"Scritto da":"Emanuele Rebuffini","Tempo di lettura stimato":"7 minuti"},"schema":{"@context":"https:\/\/schema.org","@graph":[{"@type":"Article","@id":"http:\/\/web.quotidianopiemontese.it\/cultura-arte-e-spettacolo-a-torino\/museo-del-tessile-riparte-ars-et-industria\/#article","isPartOf":{"@id":"http:\/\/web.quotidianopiemontese.it\/cultura-arte-e-spettacolo-a-torino\/museo-del-tessile-riparte-ars-et-industria\/"},"author":{"name":"Emanuele Rebuffini","@id":"https:\/\/web.quotidianopiemontese.it\/cultura-arte-e-spettacolo-a-torino\/#\/schema\/person\/b035109a4cc7d3e93911b78d8cebf3a0"},"headline":"Il Museo del Tessile riparte da \u201cArs et Industria\u201d","datePublished":"2021-02-19T09:14:48+00:00","dateModified":"2021-03-04T14:25:16+00:00","mainEntityOfPage":{"@id":"http:\/\/web.quotidianopiemontese.it\/cultura-arte-e-spettacolo-a-torino\/museo-del-tessile-riparte-ars-et-industria\/"},"wordCount":1371,"commentCount":0,"image":{"@id":"http:\/\/web.quotidianopiemontese.it\/cultura-arte-e-spettacolo-a-torino\/museo-del-tessile-riparte-ars-et-industria\/#primaryimage"},"thumbnailUrl":"https:\/\/web.quotidianopiemontese.it\/cultura-arte-e-spettacolo-a-torino\/files\/2021\/02\/Museo_Tessile_4.png","keywords":["Ars et Industria","Chieri","Melanie Zefferino","Museo del Tessile"],"articleSection":["Cultura, arte, spettacolo"],"inLanguage":"it-IT","potentialAction":[{"@type":"CommentAction","name":"Comment","target":["http:\/\/web.quotidianopiemontese.it\/cultura-arte-e-spettacolo-a-torino\/museo-del-tessile-riparte-ars-et-industria\/#respond"]}]},{"@type":"WebPage","@id":"http:\/\/web.quotidianopiemontese.it\/cultura-arte-e-spettacolo-a-torino\/museo-del-tessile-riparte-ars-et-industria\/","url":"http:\/\/web.quotidianopiemontese.it\/cultura-arte-e-spettacolo-a-torino\/museo-del-tessile-riparte-ars-et-industria\/","name":"Il Museo del Tessile riparte da \u201cArs et Industria\u201d - 19 Febbraio 2021","isPartOf":{"@id":"https:\/\/web.quotidianopiemontese.it\/cultura-arte-e-spettacolo-a-torino\/#website"},"primaryImageOfPage":{"@id":"http:\/\/web.quotidianopiemontese.it\/cultura-arte-e-spettacolo-a-torino\/museo-del-tessile-riparte-ars-et-industria\/#primaryimage"},"image":{"@id":"http:\/\/web.quotidianopiemontese.it\/cultura-arte-e-spettacolo-a-torino\/museo-del-tessile-riparte-ars-et-industria\/#primaryimage"},"thumbnailUrl":"https:\/\/web.quotidianopiemontese.it\/cultura-arte-e-spettacolo-a-torino\/files\/2021\/02\/Museo_Tessile_4.png","datePublished":"2021-02-19T09:14:48+00:00","dateModified":"2021-03-04T14:25:16+00:00","author":{"@id":"https:\/\/web.quotidianopiemontese.it\/cultura-arte-e-spettacolo-a-torino\/#\/schema\/person\/b035109a4cc7d3e93911b78d8cebf3a0"},"description":"Il Museo del Tessile riparte da \u201cArs et Industria\u201d - Cultura, Arte e Spettacolo a Torino - Il tessile e la creativit\u00e0 nel passato, nel presente e guardando al futuro. \u00a0Un ciclo di conferenze in cui la tradizione della manifattura tessile - Ars et Industria, Chieri, Melanie Zefferino, Museo del Tessile","inLanguage":"it-IT","potentialAction":[{"@type":"ReadAction","target":["http:\/\/web.quotidianopiemontese.it\/cultura-arte-e-spettacolo-a-torino\/museo-del-tessile-riparte-ars-et-industria\/"]}]},{"@type":"ImageObject","inLanguage":"it-IT","@id":"http:\/\/web.quotidianopiemontese.it\/cultura-arte-e-spettacolo-a-torino\/museo-del-tessile-riparte-ars-et-industria\/#primaryimage","url":"https:\/\/web.quotidianopiemontese.it\/cultura-arte-e-spettacolo-a-torino\/files\/2021\/02\/Museo_Tessile_4.png","contentUrl":"https:\/\/web.quotidianopiemontese.it\/cultura-arte-e-spettacolo-a-torino\/files\/2021\/02\/Museo_Tessile_4.png","width":806,"height":507},{"@type":"WebSite","@id":"https:\/\/web.quotidianopiemontese.it\/cultura-arte-e-spettacolo-a-torino\/#website","url":"https:\/\/web.quotidianopiemontese.it\/cultura-arte-e-spettacolo-a-torino\/","name":"Cultura, Arte e Spettacolo a Torino","description":"Quotidiano Piemontese","potentialAction":[{"@type":"SearchAction","target":{"@type":"EntryPoint","urlTemplate":"https:\/\/web.quotidianopiemontese.it\/cultura-arte-e-spettacolo-a-torino\/?s={search_term_string}"},"query-input":{"@type":"PropertyValueSpecification","valueRequired":true,"valueName":"search_term_string"}}],"inLanguage":"it-IT"},{"@type":"Person","@id":"https:\/\/web.quotidianopiemontese.it\/cultura-arte-e-spettacolo-a-torino\/#\/schema\/person\/b035109a4cc7d3e93911b78d8cebf3a0","name":"Emanuele Rebuffini","image":{"@type":"ImageObject","inLanguage":"it-IT","@id":"https:\/\/web.quotidianopiemontese.it\/cultura-arte-e-spettacolo-a-torino\/#\/schema\/person\/image\/","url":"https:\/\/secure.gravatar.com\/avatar\/519a0a38be4cbbcf40fb5bc1b1173a85af291a3a8697df454a94ad7e05574628?s=96&d=mm&r=g","contentUrl":"https:\/\/secure.gravatar.com\/avatar\/519a0a38be4cbbcf40fb5bc1b1173a85af291a3a8697df454a94ad7e05574628?s=96&d=mm&r=g","caption":"Emanuele Rebuffini"},"sameAs":["http:\/\/www.quotidianopiemontese.it\/cultura-arte-e-spettacolo-a-torino\/"],"url":"https:\/\/web.quotidianopiemontese.it\/cultura-arte-e-spettacolo-a-torino\/author\/emanuelerebuffini\/"}]}},"_links":{"self":[{"href":"https:\/\/web.quotidianopiemontese.it\/cultura-arte-e-spettacolo-a-torino\/wp-json\/wp\/v2\/posts\/660","targetHints":{"allow":["GET"]}}],"collection":[{"href":"https:\/\/web.quotidianopiemontese.it\/cultura-arte-e-spettacolo-a-torino\/wp-json\/wp\/v2\/posts"}],"about":[{"href":"https:\/\/web.quotidianopiemontese.it\/cultura-arte-e-spettacolo-a-torino\/wp-json\/wp\/v2\/types\/post"}],"author":[{"embeddable":true,"href":"https:\/\/web.quotidianopiemontese.it\/cultura-arte-e-spettacolo-a-torino\/wp-json\/wp\/v2\/users\/1361"}],"replies":[{"embeddable":true,"href":"https:\/\/web.quotidianopiemontese.it\/cultura-arte-e-spettacolo-a-torino\/wp-json\/wp\/v2\/comments?post=660"}],"version-history":[{"count":0,"href":"https:\/\/web.quotidianopiemontese.it\/cultura-arte-e-spettacolo-a-torino\/wp-json\/wp\/v2\/posts\/660\/revisions"}],"wp:featuredmedia":[{"embeddable":true,"href":"https:\/\/web.quotidianopiemontese.it\/cultura-arte-e-spettacolo-a-torino\/wp-json\/wp\/v2\/media\/661"}],"wp:attachment":[{"href":"https:\/\/web.quotidianopiemontese.it\/cultura-arte-e-spettacolo-a-torino\/wp-json\/wp\/v2\/media?parent=660"}],"wp:term":[{"taxonomy":"category","embeddable":true,"href":"https:\/\/web.quotidianopiemontese.it\/cultura-arte-e-spettacolo-a-torino\/wp-json\/wp\/v2\/categories?post=660"},{"taxonomy":"post_tag","embeddable":true,"href":"https:\/\/web.quotidianopiemontese.it\/cultura-arte-e-spettacolo-a-torino\/wp-json\/wp\/v2\/tags?post=660"}],"curies":[{"name":"wp","href":"https:\/\/api.w.org\/{rel}","templated":true}]}}