{"id":6,"date":"2015-02-24T09:14:23","date_gmt":"2015-02-24T08:14:23","guid":{"rendered":"http:\/\/www.quotidianopiemontese.it\/cultura-arte-e-spettacolo-a-torino\/?p=6"},"modified":"2015-02-24T09:14:23","modified_gmt":"2015-02-24T08:14:23","slug":"al-carignano-in-scena-carmen-firmata-da-mario-martone","status":"publish","type":"post","link":"https:\/\/web.quotidianopiemontese.it\/cultura-arte-e-spettacolo-a-torino\/al-carignano-in-scena-carmen-firmata-da-mario-martone\/","title":{"rendered":"Al Carignano in scena Carmen firmata da Mario Martone"},"content":{"rendered":"<p>Mario Martone firma la regia della Carmen su musiche di Georges Bizet, protagonista da luned\u00ec 23 febbraio prossimo in anteprima delle prossime settimane teatrali al Carignano. Coprodotta dalla Fondazione del Teatro Stabile di Torino e dal Teatro di Roma, rappresenta la terza regia di Martone per lo Stabile di Torino, dopo i successi delle Operette morali e di Edipo a Colono. Curata nell&#8217;adattamento musicale da Mario Tosco, la Carmen, che vedr\u00e0 impegnata l&#8217;Orchestra di Piazza Vittorio, sar\u00e0 interpretata da due noti attori del teatro contemporaneo napoletano, Iaia Forte e Roberto De Francesco. Sar\u00e0 infatti una Carmen innovativa, su testo elaborato da Moscato, in sintonia con la tradizione mediterranea, proponendosi anche come omaggio a un grande esponente del teatro napoletano, Raffaele Viviani. Una Carmen napoletana perfettamente immersa in un&#8217;opera, in cui la tradizione partenopea si sposa perfettamente con la zarzuela. L&#8217;Orchestra di Piazza Vittorio ha gi\u00e0 al suo attivo un&#8217; esecuzione innovativa della Carmen, musicata da Bizet ispirandosi al testo del francese Merimee&#8217;.<\/p>\n<p>Orario: mart-giov 19.30<br \/>\nMerc-ven-sab 20.45<br \/>\nDom 15.30<\/p>\n","protected":false},"excerpt":{"rendered":"<p>Mario Martone firma la regia della Carmen su musiche di Georges Bizet, protagonista da luned\u00ec 23 febbraio prossimo in anteprima delle prossime settimane teatrali al Carignano. Coprodotta dalla Fondazione del Teatro Stabile di Torino e dal Teatro di Roma, rappresenta la terza regia di Martone per lo Stabile di Torino, dopo i successi delle Operette &hellip; <a href=\"https:\/\/web.quotidianopiemontese.it\/cultura-arte-e-spettacolo-a-torino\/al-carignano-in-scena-carmen-firmata-da-mario-martone\/\" class=\"more-link\">Leggi tutto<span class=\"screen-reader-text\"> &#8220;Al Carignano in scena Carmen firmata da Mario Martone&#8221;<\/span><\/a><\/p>\n","protected":false},"author":1,"featured_media":0,"comment_status":"open","ping_status":"open","sticky":false,"template":"","format":"standard","meta":{"footnotes":""},"categories":[1],"tags":[],"class_list":["post-6","post","type-post","status-publish","format-standard","hentry","category-cultura-arte-spettacolo"],"yoast_head":"<!-- This site is optimized with the Yoast SEO plugin v27.1.1 - https:\/\/yoast.com\/product\/yoast-seo-wordpress\/ -->\n<title>Al Carignano in scena Carmen firmata da Mario Martone - 24 Febbraio 2015<\/title>\n<meta name=\"description\" content=\"Al Carignano in scena Carmen firmata da Mario Martone - Cultura, Arte e Spettacolo a Torino - Mario Martone firma la regia della Carmen su musiche di Georges Bizet, protagonista da luned\u00ec 23 febbraio prossimo in anteprima delle prossime settimane -\" \/>\n<meta name=\"robots\" content=\"index, follow, max-snippet:-1, max-image-preview:large, max-video-preview:-1\" \/>\n<link rel=\"canonical\" href=\"http:\/\/web.quotidianopiemontese.it\/cultura-arte-e-spettacolo-a-torino\/al-carignano-in-scena-carmen-firmata-da-mario-martone\/\" \/>\n<meta property=\"og:locale\" content=\"it_IT\" \/>\n<meta property=\"og:type\" content=\"article\" \/>\n<meta property=\"og:title\" content=\"Al Carignano in scena Carmen firmata da Mario Martone - 24 Febbraio 2015\" \/>\n<meta property=\"og:description\" content=\"Al Carignano in scena Carmen firmata da Mario Martone - Cultura, Arte e Spettacolo a Torino - Mario Martone firma la regia della Carmen su musiche di Georges Bizet, protagonista da luned\u00ec 23 febbraio prossimo in anteprima delle prossime settimane -\" \/>\n<meta property=\"og:url\" content=\"http:\/\/web.quotidianopiemontese.it\/cultura-arte-e-spettacolo-a-torino\/al-carignano-in-scena-carmen-firmata-da-mario-martone\/\" \/>\n<meta property=\"og:site_name\" content=\"Cultura, Arte e Spettacolo a Torino\" \/>\n<meta property=\"article:publisher\" content=\"https:\/\/www.facebook.com\/quotidianopiemontese?fref=ts\" \/>\n<meta property=\"article:author\" content=\"https:\/\/www.facebook.com\/quotidianopiemontese\" \/>\n<meta property=\"article:published_time\" content=\"2015-02-24T08:14:23+00:00\" \/>\n<meta name=\"author\" content=\"Redazione\" \/>\n<meta name=\"twitter:label1\" content=\"Scritto da\" \/>\n\t<meta name=\"twitter:data1\" content=\"Redazione\" \/>\n\t<meta name=\"twitter:label2\" content=\"Tempo di lettura stimato\" \/>\n\t<meta name=\"twitter:data2\" content=\"1 minuto\" \/>\n<script type=\"application\/ld+json\" class=\"yoast-schema-graph\">{\"@context\":\"https:\/\/schema.org\",\"@graph\":[{\"@type\":\"Article\",\"@id\":\"http:\/\/web.quotidianopiemontese.it\/cultura-arte-e-spettacolo-a-torino\/al-carignano-in-scena-carmen-firmata-da-mario-martone\/#article\",\"isPartOf\":{\"@id\":\"http:\/\/web.quotidianopiemontese.it\/cultura-arte-e-spettacolo-a-torino\/al-carignano-in-scena-carmen-firmata-da-mario-martone\/\"},\"author\":{\"name\":\"Redazione\",\"@id\":\"https:\/\/web.quotidianopiemontese.it\/cultura-arte-e-spettacolo-a-torino\/#\/schema\/person\/92b86f27cfe3bd649bd878d4f9c88190\"},\"headline\":\"Al Carignano in scena Carmen firmata da Mario Martone\",\"datePublished\":\"2015-02-24T08:14:23+00:00\",\"mainEntityOfPage\":{\"@id\":\"http:\/\/web.quotidianopiemontese.it\/cultura-arte-e-spettacolo-a-torino\/al-carignano-in-scena-carmen-firmata-da-mario-martone\/\"},\"wordCount\":178,\"commentCount\":0,\"articleSection\":[\"Cultura, arte, spettacolo\"],\"inLanguage\":\"it-IT\",\"potentialAction\":[{\"@type\":\"CommentAction\",\"name\":\"Comment\",\"target\":[\"http:\/\/web.quotidianopiemontese.it\/cultura-arte-e-spettacolo-a-torino\/al-carignano-in-scena-carmen-firmata-da-mario-martone\/#respond\"]}]},{\"@type\":\"WebPage\",\"@id\":\"http:\/\/web.quotidianopiemontese.it\/cultura-arte-e-spettacolo-a-torino\/al-carignano-in-scena-carmen-firmata-da-mario-martone\/\",\"url\":\"http:\/\/web.quotidianopiemontese.it\/cultura-arte-e-spettacolo-a-torino\/al-carignano-in-scena-carmen-firmata-da-mario-martone\/\",\"name\":\"Al Carignano in scena Carmen firmata da Mario Martone - 24 Febbraio 2015\",\"isPartOf\":{\"@id\":\"https:\/\/web.quotidianopiemontese.it\/cultura-arte-e-spettacolo-a-torino\/#website\"},\"datePublished\":\"2015-02-24T08:14:23+00:00\",\"author\":{\"@id\":\"https:\/\/web.quotidianopiemontese.it\/cultura-arte-e-spettacolo-a-torino\/#\/schema\/person\/92b86f27cfe3bd649bd878d4f9c88190\"},\"description\":\"Al Carignano in scena Carmen firmata da Mario Martone - Cultura, Arte e Spettacolo a Torino - Mario Martone firma la regia della Carmen su musiche di Georges Bizet, protagonista da luned\u00ec 23 febbraio prossimo in anteprima delle prossime settimane -\",\"inLanguage\":\"it-IT\",\"potentialAction\":[{\"@type\":\"ReadAction\",\"target\":[\"http:\/\/web.quotidianopiemontese.it\/cultura-arte-e-spettacolo-a-torino\/al-carignano-in-scena-carmen-firmata-da-mario-martone\/\"]}]},{\"@type\":\"WebSite\",\"@id\":\"https:\/\/web.quotidianopiemontese.it\/cultura-arte-e-spettacolo-a-torino\/#website\",\"url\":\"https:\/\/web.quotidianopiemontese.it\/cultura-arte-e-spettacolo-a-torino\/\",\"name\":\"Cultura, Arte e Spettacolo a Torino\",\"description\":\"Quotidiano Piemontese\",\"potentialAction\":[{\"@type\":\"SearchAction\",\"target\":{\"@type\":\"EntryPoint\",\"urlTemplate\":\"https:\/\/web.quotidianopiemontese.it\/cultura-arte-e-spettacolo-a-torino\/?s={search_term_string}\"},\"query-input\":{\"@type\":\"PropertyValueSpecification\",\"valueRequired\":true,\"valueName\":\"search_term_string\"}}],\"inLanguage\":\"it-IT\"},{\"@type\":\"Person\",\"@id\":\"https:\/\/web.quotidianopiemontese.it\/cultura-arte-e-spettacolo-a-torino\/#\/schema\/person\/92b86f27cfe3bd649bd878d4f9c88190\",\"name\":\"Redazione\",\"image\":{\"@type\":\"ImageObject\",\"inLanguage\":\"it-IT\",\"@id\":\"https:\/\/web.quotidianopiemontese.it\/cultura-arte-e-spettacolo-a-torino\/#\/schema\/person\/image\/\",\"url\":\"https:\/\/secure.gravatar.com\/avatar\/fdce1b5a74767a43870aca54b0800bed88aab98b8098f69ac252d11aec8cdbe7?s=96&d=mm&r=g\",\"contentUrl\":\"https:\/\/secure.gravatar.com\/avatar\/fdce1b5a74767a43870aca54b0800bed88aab98b8098f69ac252d11aec8cdbe7?s=96&d=mm&r=g\",\"caption\":\"Redazione\"},\"description\":\"Quotidiano Piemontese: il sito di informazione pi\u00f9 letto del Piemonte : libero, tempestivo indipendente, social. L'hub sociale e informativo del Piemonte\",\"sameAs\":[\"http:\/\/www.quotidianopiemontese.it\/\",\"https:\/\/www.facebook.com\/quotidianopiemontese\",\"https:\/\/x.com\/quotidianopiem\"],\"url\":\"https:\/\/web.quotidianopiemontese.it\/cultura-arte-e-spettacolo-a-torino\/author\/administrator\/\"}]}<\/script>\n<!-- \/ Yoast SEO plugin. -->","yoast_head_json":{"title":"Al Carignano in scena Carmen firmata da Mario Martone - 24 Febbraio 2015","description":"Al Carignano in scena Carmen firmata da Mario Martone - Cultura, Arte e Spettacolo a Torino - Mario Martone firma la regia della Carmen su musiche di Georges Bizet, protagonista da luned\u00ec 23 febbraio prossimo in anteprima delle prossime settimane -","robots":{"index":"index","follow":"follow","max-snippet":"max-snippet:-1","max-image-preview":"max-image-preview:large","max-video-preview":"max-video-preview:-1"},"canonical":"http:\/\/web.quotidianopiemontese.it\/cultura-arte-e-spettacolo-a-torino\/al-carignano-in-scena-carmen-firmata-da-mario-martone\/","og_locale":"it_IT","og_type":"article","og_title":"Al Carignano in scena Carmen firmata da Mario Martone - 24 Febbraio 2015","og_description":"Al Carignano in scena Carmen firmata da Mario Martone - Cultura, Arte e Spettacolo a Torino - Mario Martone firma la regia della Carmen su musiche di Georges Bizet, protagonista da luned\u00ec 23 febbraio prossimo in anteprima delle prossime settimane -","og_url":"http:\/\/web.quotidianopiemontese.it\/cultura-arte-e-spettacolo-a-torino\/al-carignano-in-scena-carmen-firmata-da-mario-martone\/","og_site_name":"Cultura, Arte e Spettacolo a Torino","article_publisher":"https:\/\/www.facebook.com\/quotidianopiemontese?fref=ts","article_author":"https:\/\/www.facebook.com\/quotidianopiemontese","article_published_time":"2015-02-24T08:14:23+00:00","author":"Redazione","twitter_misc":{"Scritto da":"Redazione","Tempo di lettura stimato":"1 minuto"},"schema":{"@context":"https:\/\/schema.org","@graph":[{"@type":"Article","@id":"http:\/\/web.quotidianopiemontese.it\/cultura-arte-e-spettacolo-a-torino\/al-carignano-in-scena-carmen-firmata-da-mario-martone\/#article","isPartOf":{"@id":"http:\/\/web.quotidianopiemontese.it\/cultura-arte-e-spettacolo-a-torino\/al-carignano-in-scena-carmen-firmata-da-mario-martone\/"},"author":{"name":"Redazione","@id":"https:\/\/web.quotidianopiemontese.it\/cultura-arte-e-spettacolo-a-torino\/#\/schema\/person\/92b86f27cfe3bd649bd878d4f9c88190"},"headline":"Al Carignano in scena Carmen firmata da Mario Martone","datePublished":"2015-02-24T08:14:23+00:00","mainEntityOfPage":{"@id":"http:\/\/web.quotidianopiemontese.it\/cultura-arte-e-spettacolo-a-torino\/al-carignano-in-scena-carmen-firmata-da-mario-martone\/"},"wordCount":178,"commentCount":0,"articleSection":["Cultura, arte, spettacolo"],"inLanguage":"it-IT","potentialAction":[{"@type":"CommentAction","name":"Comment","target":["http:\/\/web.quotidianopiemontese.it\/cultura-arte-e-spettacolo-a-torino\/al-carignano-in-scena-carmen-firmata-da-mario-martone\/#respond"]}]},{"@type":"WebPage","@id":"http:\/\/web.quotidianopiemontese.it\/cultura-arte-e-spettacolo-a-torino\/al-carignano-in-scena-carmen-firmata-da-mario-martone\/","url":"http:\/\/web.quotidianopiemontese.it\/cultura-arte-e-spettacolo-a-torino\/al-carignano-in-scena-carmen-firmata-da-mario-martone\/","name":"Al Carignano in scena Carmen firmata da Mario Martone - 24 Febbraio 2015","isPartOf":{"@id":"https:\/\/web.quotidianopiemontese.it\/cultura-arte-e-spettacolo-a-torino\/#website"},"datePublished":"2015-02-24T08:14:23+00:00","author":{"@id":"https:\/\/web.quotidianopiemontese.it\/cultura-arte-e-spettacolo-a-torino\/#\/schema\/person\/92b86f27cfe3bd649bd878d4f9c88190"},"description":"Al Carignano in scena Carmen firmata da Mario Martone - Cultura, Arte e Spettacolo a Torino - Mario Martone firma la regia della Carmen su musiche di Georges Bizet, protagonista da luned\u00ec 23 febbraio prossimo in anteprima delle prossime settimane -","inLanguage":"it-IT","potentialAction":[{"@type":"ReadAction","target":["http:\/\/web.quotidianopiemontese.it\/cultura-arte-e-spettacolo-a-torino\/al-carignano-in-scena-carmen-firmata-da-mario-martone\/"]}]},{"@type":"WebSite","@id":"https:\/\/web.quotidianopiemontese.it\/cultura-arte-e-spettacolo-a-torino\/#website","url":"https:\/\/web.quotidianopiemontese.it\/cultura-arte-e-spettacolo-a-torino\/","name":"Cultura, Arte e Spettacolo a Torino","description":"Quotidiano Piemontese","potentialAction":[{"@type":"SearchAction","target":{"@type":"EntryPoint","urlTemplate":"https:\/\/web.quotidianopiemontese.it\/cultura-arte-e-spettacolo-a-torino\/?s={search_term_string}"},"query-input":{"@type":"PropertyValueSpecification","valueRequired":true,"valueName":"search_term_string"}}],"inLanguage":"it-IT"},{"@type":"Person","@id":"https:\/\/web.quotidianopiemontese.it\/cultura-arte-e-spettacolo-a-torino\/#\/schema\/person\/92b86f27cfe3bd649bd878d4f9c88190","name":"Redazione","image":{"@type":"ImageObject","inLanguage":"it-IT","@id":"https:\/\/web.quotidianopiemontese.it\/cultura-arte-e-spettacolo-a-torino\/#\/schema\/person\/image\/","url":"https:\/\/secure.gravatar.com\/avatar\/fdce1b5a74767a43870aca54b0800bed88aab98b8098f69ac252d11aec8cdbe7?s=96&d=mm&r=g","contentUrl":"https:\/\/secure.gravatar.com\/avatar\/fdce1b5a74767a43870aca54b0800bed88aab98b8098f69ac252d11aec8cdbe7?s=96&d=mm&r=g","caption":"Redazione"},"description":"Quotidiano Piemontese: il sito di informazione pi\u00f9 letto del Piemonte : libero, tempestivo indipendente, social. L'hub sociale e informativo del Piemonte","sameAs":["http:\/\/www.quotidianopiemontese.it\/","https:\/\/www.facebook.com\/quotidianopiemontese","https:\/\/x.com\/quotidianopiem"],"url":"https:\/\/web.quotidianopiemontese.it\/cultura-arte-e-spettacolo-a-torino\/author\/administrator\/"}]}},"_links":{"self":[{"href":"https:\/\/web.quotidianopiemontese.it\/cultura-arte-e-spettacolo-a-torino\/wp-json\/wp\/v2\/posts\/6","targetHints":{"allow":["GET"]}}],"collection":[{"href":"https:\/\/web.quotidianopiemontese.it\/cultura-arte-e-spettacolo-a-torino\/wp-json\/wp\/v2\/posts"}],"about":[{"href":"https:\/\/web.quotidianopiemontese.it\/cultura-arte-e-spettacolo-a-torino\/wp-json\/wp\/v2\/types\/post"}],"author":[{"embeddable":true,"href":"https:\/\/web.quotidianopiemontese.it\/cultura-arte-e-spettacolo-a-torino\/wp-json\/wp\/v2\/users\/1"}],"replies":[{"embeddable":true,"href":"https:\/\/web.quotidianopiemontese.it\/cultura-arte-e-spettacolo-a-torino\/wp-json\/wp\/v2\/comments?post=6"}],"version-history":[{"count":0,"href":"https:\/\/web.quotidianopiemontese.it\/cultura-arte-e-spettacolo-a-torino\/wp-json\/wp\/v2\/posts\/6\/revisions"}],"wp:attachment":[{"href":"https:\/\/web.quotidianopiemontese.it\/cultura-arte-e-spettacolo-a-torino\/wp-json\/wp\/v2\/media?parent=6"}],"wp:term":[{"taxonomy":"category","embeddable":true,"href":"https:\/\/web.quotidianopiemontese.it\/cultura-arte-e-spettacolo-a-torino\/wp-json\/wp\/v2\/categories?post=6"},{"taxonomy":"post_tag","embeddable":true,"href":"https:\/\/web.quotidianopiemontese.it\/cultura-arte-e-spettacolo-a-torino\/wp-json\/wp\/v2\/tags?post=6"}],"curies":[{"name":"wp","href":"https:\/\/api.w.org\/{rel}","templated":true}]}}