{"id":599,"date":"2020-09-21T11:55:11","date_gmt":"2020-09-21T09:55:11","guid":{"rendered":"http:\/\/web.quotidianopiemontese.it\/cultura-arte-e-spettacolo-a-torino\/?p=599"},"modified":"2020-09-21T11:55:11","modified_gmt":"2020-09-21T09:55:11","slug":"maestro-ad-allievo-transmissions-people-to-people-al-museo-del-risorgimento","status":"publish","type":"post","link":"https:\/\/web.quotidianopiemontese.it\/cultura-arte-e-spettacolo-a-torino\/maestro-ad-allievo-transmissions-people-to-people-al-museo-del-risorgimento\/","title":{"rendered":"Da maestro ad allievo. \u00abTransmissions people-to-people\u00bb al Museo del Risorgimento"},"content":{"rendered":"<p>Un bambino del Mali affascinato dall\u2019indaco diventato creatore di tessuti, un\u2019impiegata di banca giapponese diventata un\u2019artista di <em>washi<\/em> di fama mondiale, un apprendista calderaio, oggi maestro orafo nel gruppo Herm\u00e9s, <!--more-->una ragazza con la passione per l\u2019argilla diventata la prima donna tornitrice di porcellana alla manifattura di S\u00e8vres, un fabbro africano diventato professore di psico-pedagogia..: per oltre sette anni i fotografi<strong> Tiziana e Gianni Baldizzone<\/strong> hanno viaggiato in Asia, Africa ed Europa per documentare l\u2019universalit\u00e0 dell\u2019atto umano di \u2018trasmissione del sapere\u2019 e raccontare le storie di uomini e donne di mestiere che trasmettono tradizioni con spirito di innovazione, contribuendo cos\u00ec a preservare un patrimonio di diversit\u00e0 culturale.<\/p>\n<p><a href=\"http:\/\/web.quotidianopiemontese.it\/cultura-arte-e-spettacolo-a-torino\/files\/2020\/09\/Foto-5-\u00a9-Tiziana-e-Gianni-Baldizzone-Abubakar-Fofana-con-il-figlio-Omar-Cheik-Mali-2011.jpg\"><img loading=\"lazy\" decoding=\"async\" class=\"alignnone size-medium wp-image-601\" src=\"http:\/\/web.quotidianopiemontese.it\/cultura-arte-e-spettacolo-a-torino\/files\/2020\/09\/Foto-5-\u00a9-Tiziana-e-Gianni-Baldizzone-Abubakar-Fofana-con-il-figlio-Omar-Cheik-Mali-2011-300x200.jpg\" alt=\"\" width=\"300\" height=\"200\" srcset=\"https:\/\/web.quotidianopiemontese.it\/cultura-arte-e-spettacolo-a-torino\/files\/2020\/09\/Foto-5-\u00a9-Tiziana-e-Gianni-Baldizzone-Abubakar-Fofana-con-il-figlio-Omar-Cheik-Mali-2011-300x200.jpg 300w, https:\/\/web.quotidianopiemontese.it\/cultura-arte-e-spettacolo-a-torino\/files\/2020\/09\/Foto-5-\u00a9-Tiziana-e-Gianni-Baldizzone-Abubakar-Fofana-con-il-figlio-Omar-Cheik-Mali-2011-768x512.jpg 768w, https:\/\/web.quotidianopiemontese.it\/cultura-arte-e-spettacolo-a-torino\/files\/2020\/09\/Foto-5-\u00a9-Tiziana-e-Gianni-Baldizzone-Abubakar-Fofana-con-il-figlio-Omar-Cheik-Mali-2011-600x400.jpg 600w, https:\/\/web.quotidianopiemontese.it\/cultura-arte-e-spettacolo-a-torino\/files\/2020\/09\/Foto-5-\u00a9-Tiziana-e-Gianni-Baldizzone-Abubakar-Fofana-con-il-figlio-Omar-Cheik-Mali-2011.jpg 1000w\" sizes=\"auto, (max-width: 300px) 85vw, 300px\" \/><\/a><\/p>\n<p>Fino al <strong>6 gennaio<\/strong> il <strong>Museo Nazionale del Risorgimento Italiano<\/strong> di Torino (Palazzo Carignano), ospita la mostra <strong>\u00abT<\/strong><strong>ransmissions <\/strong><strong>people-to-people\u00bb<\/strong><strong>.<\/strong> Curata da <strong>Tiziana Bonomo<\/strong>, l\u2019esposizione presenta <strong>60 fotografie, <\/strong>a colori e in bianco e nero, che hanno come protagonista la trasmissione del sapere e la relazione maestro-allievo.<\/p>\n<p><a href=\"http:\/\/web.quotidianopiemontese.it\/cultura-arte-e-spettacolo-a-torino\/files\/2020\/09\/Foto-12-\u00a9-Tiziana-e-Gianni-Baldizzone-Estelle-Gu\u00e9n\u00e9go-responsabile-atelier-smaltatura-\u00e0-S\u00e8vres-Francia-2012.jpg\"><img loading=\"lazy\" decoding=\"async\" class=\"alignnone size-medium wp-image-602\" src=\"http:\/\/web.quotidianopiemontese.it\/cultura-arte-e-spettacolo-a-torino\/files\/2020\/09\/Foto-12-\u00a9-Tiziana-e-Gianni-Baldizzone-Estelle-Gu\u00e9n\u00e9go-responsabile-atelier-smaltatura-\u00e0-S\u00e8vres-Francia-2012-300x200.jpg\" alt=\"\" width=\"300\" height=\"200\" srcset=\"https:\/\/web.quotidianopiemontese.it\/cultura-arte-e-spettacolo-a-torino\/files\/2020\/09\/Foto-12-\u00a9-Tiziana-e-Gianni-Baldizzone-Estelle-Gu\u00e9n\u00e9go-responsabile-atelier-smaltatura-\u00e0-S\u00e8vres-Francia-2012-300x200.jpg 300w, https:\/\/web.quotidianopiemontese.it\/cultura-arte-e-spettacolo-a-torino\/files\/2020\/09\/Foto-12-\u00a9-Tiziana-e-Gianni-Baldizzone-Estelle-Gu\u00e9n\u00e9go-responsabile-atelier-smaltatura-\u00e0-S\u00e8vres-Francia-2012-768x512.jpg 768w, https:\/\/web.quotidianopiemontese.it\/cultura-arte-e-spettacolo-a-torino\/files\/2020\/09\/Foto-12-\u00a9-Tiziana-e-Gianni-Baldizzone-Estelle-Gu\u00e9n\u00e9go-responsabile-atelier-smaltatura-\u00e0-S\u00e8vres-Francia-2012-600x400.jpg 600w, https:\/\/web.quotidianopiemontese.it\/cultura-arte-e-spettacolo-a-torino\/files\/2020\/09\/Foto-12-\u00a9-Tiziana-e-Gianni-Baldizzone-Estelle-Gu\u00e9n\u00e9go-responsabile-atelier-smaltatura-\u00e0-S\u00e8vres-Francia-2012.jpg 1000w\" sizes=\"auto, (max-width: 300px) 85vw, 300px\" \/><\/a><\/p>\n<p>Tintori del Mali e ceramisti di S\u00e8vres, liutai italiani e orologiai svizzeri, doratori di Francia e battitori di foglia d\u2019oro birmani, attori di teatro e terapeuti. E ancora fabbri d\u2019arte, maestri d\u2019ascia veneziani, orafi, scultori, paesaggisti&#8230;Tra il 2010 e il 2018, i Baldizzone hanno cercato e fotografato <strong>pi\u00f9 di 150 maestri e allievi<\/strong>, formatori e apprendisti: <em>ma\u00eetres d\u2019art<\/em> francesi, <em>Tesori Umani Viventi<\/em> del Giappone, artisti, artigiani, creativi celebri o sconosciuti, depositari di oltre quaranta discipline, cogliendoli nel momento dell\u2019atto di passaggio di un sapere da una persona all\u2019altra.<\/p>\n<p><a href=\"http:\/\/web.quotidianopiemontese.it\/cultura-arte-e-spettacolo-a-torino\/files\/2020\/09\/Foto-3-\u00a9-Tiziana-e-Gianni-Baldizzone-Sherif-Khan-e-Monika-Peconek-India-2012.jpg\"><img loading=\"lazy\" decoding=\"async\" class=\"alignnone size-medium wp-image-603\" src=\"http:\/\/web.quotidianopiemontese.it\/cultura-arte-e-spettacolo-a-torino\/files\/2020\/09\/Foto-3-\u00a9-Tiziana-e-Gianni-Baldizzone-Sherif-Khan-e-Monika-Peconek-India-2012-300x200.jpg\" alt=\"\" width=\"300\" height=\"200\" srcset=\"https:\/\/web.quotidianopiemontese.it\/cultura-arte-e-spettacolo-a-torino\/files\/2020\/09\/Foto-3-\u00a9-Tiziana-e-Gianni-Baldizzone-Sherif-Khan-e-Monika-Peconek-India-2012-300x200.jpg 300w, https:\/\/web.quotidianopiemontese.it\/cultura-arte-e-spettacolo-a-torino\/files\/2020\/09\/Foto-3-\u00a9-Tiziana-e-Gianni-Baldizzone-Sherif-Khan-e-Monika-Peconek-India-2012-768x512.jpg 768w, https:\/\/web.quotidianopiemontese.it\/cultura-arte-e-spettacolo-a-torino\/files\/2020\/09\/Foto-3-\u00a9-Tiziana-e-Gianni-Baldizzone-Sherif-Khan-e-Monika-Peconek-India-2012-600x400.jpg 600w, https:\/\/web.quotidianopiemontese.it\/cultura-arte-e-spettacolo-a-torino\/files\/2020\/09\/Foto-3-\u00a9-Tiziana-e-Gianni-Baldizzone-Sherif-Khan-e-Monika-Peconek-India-2012.jpg 1000w\" sizes=\"auto, (max-width: 300px) 85vw, 300px\" \/><\/a><\/p>\n<p>Un <strong>reportage \u201cumanista\u201d<\/strong> focalizzato non (solo) sui saperi e sulle tecniche, ma soprattutto sulle persone che le trasmettono e quelle che le ricevono. \u00ab<em>Quello che ci interessa cogliere-<\/em>spiegano <strong>Tiziana e Gianni Baldizzone<\/strong><em>-\u00e8 il rapporto umano, il vivere insieme, il dialogo maestro-allievo per mostrare la condivisione e i legami generati dall\u2019atto di trasmissione: intergenerazionali, interculturali, interprofessionali<\/em>\u00bb.<\/p>\n<p><a href=\"http:\/\/web.quotidianopiemontese.it\/cultura-arte-e-spettacolo-a-torino\/files\/2020\/09\/Foto-4-\u00a9-Tiziana-e-Gianni-Baldizzone-Famiglia-di-raccoglitori-di-fibra-di-loto-Birmania-2011.jpg\"><img loading=\"lazy\" decoding=\"async\" class=\"alignnone size-medium wp-image-604\" src=\"http:\/\/web.quotidianopiemontese.it\/cultura-arte-e-spettacolo-a-torino\/files\/2020\/09\/Foto-4-\u00a9-Tiziana-e-Gianni-Baldizzone-Famiglia-di-raccoglitori-di-fibra-di-loto-Birmania-2011-300x200.jpg\" alt=\"\" width=\"300\" height=\"200\" srcset=\"https:\/\/web.quotidianopiemontese.it\/cultura-arte-e-spettacolo-a-torino\/files\/2020\/09\/Foto-4-\u00a9-Tiziana-e-Gianni-Baldizzone-Famiglia-di-raccoglitori-di-fibra-di-loto-Birmania-2011-300x200.jpg 300w, https:\/\/web.quotidianopiemontese.it\/cultura-arte-e-spettacolo-a-torino\/files\/2020\/09\/Foto-4-\u00a9-Tiziana-e-Gianni-Baldizzone-Famiglia-di-raccoglitori-di-fibra-di-loto-Birmania-2011-768x511.jpg 768w, https:\/\/web.quotidianopiemontese.it\/cultura-arte-e-spettacolo-a-torino\/files\/2020\/09\/Foto-4-\u00a9-Tiziana-e-Gianni-Baldizzone-Famiglia-di-raccoglitori-di-fibra-di-loto-Birmania-2011-600x400.jpg 600w, https:\/\/web.quotidianopiemontese.it\/cultura-arte-e-spettacolo-a-torino\/files\/2020\/09\/Foto-4-\u00a9-Tiziana-e-Gianni-Baldizzone-Famiglia-di-raccoglitori-di-fibra-di-loto-Birmania-2011.jpg 1000w\" sizes=\"auto, (max-width: 300px) 85vw, 300px\" \/><\/a><\/p>\n<p>Ogni mese sono previsti incontri con gli Autori e visite guidate alla mostra: domenica 27 settembre alle ore 11 e alle ore 15, domenica 25 ottobre alle ore 11 e domenica 29 novembre alle ore 11.<\/p>\n<p><strong><a href=\"http:\/\/www.museorisorgimentotorino.it\">www.museorisorgimentotorino.it<\/a><\/strong><\/p>\n<p><strong>Emanuele Rebuffini<\/strong><\/p>\n<p><a href=\"http:\/\/web.quotidianopiemontese.it\/cultura-arte-e-spettacolo-a-torino\/files\/2020\/09\/Foto-10-\u00a9-Tiziana-e-Gianni-Baldizzone-Vincent-Lallier-e-Camille-Bisson-tornitori-di-porcellana-a-S\u00e8vres-Francia-2014.jpg\"><img loading=\"lazy\" decoding=\"async\" class=\"alignnone size-medium wp-image-605\" src=\"http:\/\/web.quotidianopiemontese.it\/cultura-arte-e-spettacolo-a-torino\/files\/2020\/09\/Foto-10-\u00a9-Tiziana-e-Gianni-Baldizzone-Vincent-Lallier-e-Camille-Bisson-tornitori-di-porcellana-a-S\u00e8vres-Francia-2014-300x200.jpg\" alt=\"\" width=\"300\" height=\"200\" srcset=\"https:\/\/web.quotidianopiemontese.it\/cultura-arte-e-spettacolo-a-torino\/files\/2020\/09\/Foto-10-\u00a9-Tiziana-e-Gianni-Baldizzone-Vincent-Lallier-e-Camille-Bisson-tornitori-di-porcellana-a-S\u00e8vres-Francia-2014-300x200.jpg 300w, https:\/\/web.quotidianopiemontese.it\/cultura-arte-e-spettacolo-a-torino\/files\/2020\/09\/Foto-10-\u00a9-Tiziana-e-Gianni-Baldizzone-Vincent-Lallier-e-Camille-Bisson-tornitori-di-porcellana-a-S\u00e8vres-Francia-2014-768x511.jpg 768w, https:\/\/web.quotidianopiemontese.it\/cultura-arte-e-spettacolo-a-torino\/files\/2020\/09\/Foto-10-\u00a9-Tiziana-e-Gianni-Baldizzone-Vincent-Lallier-e-Camille-Bisson-tornitori-di-porcellana-a-S\u00e8vres-Francia-2014-600x400.jpg 600w, https:\/\/web.quotidianopiemontese.it\/cultura-arte-e-spettacolo-a-torino\/files\/2020\/09\/Foto-10-\u00a9-Tiziana-e-Gianni-Baldizzone-Vincent-Lallier-e-Camille-Bisson-tornitori-di-porcellana-a-S\u00e8vres-Francia-2014.jpg 1000w\" sizes=\"auto, (max-width: 300px) 85vw, 300px\" \/><\/a><\/p>\n<p>&nbsp;<\/p>\n<p><strong><em>\u00a0<\/em><\/strong><\/p>\n<p>&nbsp;<\/p>\n<p>&nbsp;<\/p>\n<p>&nbsp;<\/p>\n<p>&nbsp;<\/p>\n<p>&nbsp;<\/p>\n","protected":false},"excerpt":{"rendered":"<p>Un bambino del Mali affascinato dall\u2019indaco diventato creatore di tessuti, un\u2019impiegata di banca giapponese diventata un\u2019artista di washi di fama mondiale, un apprendista calderaio, oggi maestro orafo nel gruppo Herm\u00e9s,<\/p>\n","protected":false},"author":1361,"featured_media":600,"comment_status":"open","ping_status":"open","sticky":false,"template":"","format":"standard","meta":{"footnotes":""},"categories":[1],"tags":[145],"class_list":["post-599","post","type-post","status-publish","format-standard","has-post-thumbnail","hentry","category-cultura-arte-spettacolo","tag-museo-del-risorgimento"],"yoast_head":"<!-- This site is optimized with the Yoast SEO plugin v27.1.1 - https:\/\/yoast.com\/product\/yoast-seo-wordpress\/ -->\n<title>Da maestro ad allievo. \u00abTransmissions people-to-people\u00bb al Museo del Risorgimento - 21 Settembre 2020<\/title>\n<meta name=\"description\" content=\"Da maestro ad allievo. \u00abTransmissions people-to-people\u00bb al Museo del Risorgimento - Cultura, Arte e Spettacolo a Torino - Un bambino del Mali affascinato dall\u2019indaco diventato creatore di tessuti, un\u2019impiegata di banca giapponese diventata un\u2019artista di washi di fama - Museo del Risorgimento\" \/>\n<meta name=\"robots\" content=\"index, follow, max-snippet:-1, max-image-preview:large, max-video-preview:-1\" \/>\n<link rel=\"canonical\" href=\"https:\/\/web.quotidianopiemontese.it\/cultura-arte-e-spettacolo-a-torino\/maestro-ad-allievo-transmissions-people-to-people-al-museo-del-risorgimento\/\" \/>\n<meta property=\"og:locale\" content=\"it_IT\" \/>\n<meta property=\"og:type\" content=\"article\" \/>\n<meta property=\"og:title\" content=\"Da maestro ad allievo. \u00abTransmissions people-to-people\u00bb al Museo del Risorgimento - 21 Settembre 2020\" \/>\n<meta property=\"og:description\" content=\"Da maestro ad allievo. \u00abTransmissions people-to-people\u00bb al Museo del Risorgimento - Cultura, Arte e Spettacolo a Torino - Un bambino del Mali affascinato dall\u2019indaco diventato creatore di tessuti, un\u2019impiegata di banca giapponese diventata un\u2019artista di washi di fama - Museo del Risorgimento\" \/>\n<meta property=\"og:url\" content=\"https:\/\/web.quotidianopiemontese.it\/cultura-arte-e-spettacolo-a-torino\/maestro-ad-allievo-transmissions-people-to-people-al-museo-del-risorgimento\/\" \/>\n<meta property=\"og:site_name\" content=\"Cultura, Arte e Spettacolo a Torino\" \/>\n<meta property=\"article:publisher\" content=\"https:\/\/www.facebook.com\/quotidianopiemontese?fref=ts\" \/>\n<meta property=\"article:published_time\" content=\"2020-09-21T09:55:11+00:00\" \/>\n<meta property=\"og:image\" content=\"https:\/\/web.quotidianopiemontese.it\/cultura-arte-e-spettacolo-a-torino\/files\/2020\/09\/Foto-1-\u00a9-Tiziana-e-Gianni-Baldizzone-Aboubakar-Fofana-artista-maestro-dell\u2019indaco-Mali-2011.jpg\" \/>\n\t<meta property=\"og:image:width\" content=\"1000\" \/>\n\t<meta property=\"og:image:height\" content=\"667\" \/>\n\t<meta property=\"og:image:type\" content=\"image\/jpeg\" \/>\n<meta name=\"author\" content=\"Emanuele Rebuffini\" \/>\n<meta name=\"twitter:label1\" content=\"Scritto da\" \/>\n\t<meta name=\"twitter:data1\" content=\"Emanuele Rebuffini\" \/>\n\t<meta name=\"twitter:label2\" content=\"Tempo di lettura stimato\" \/>\n\t<meta name=\"twitter:data2\" content=\"2 minuti\" \/>\n<script type=\"application\/ld+json\" class=\"yoast-schema-graph\">{\"@context\":\"https:\/\/schema.org\",\"@graph\":[{\"@type\":\"Article\",\"@id\":\"https:\/\/web.quotidianopiemontese.it\/cultura-arte-e-spettacolo-a-torino\/maestro-ad-allievo-transmissions-people-to-people-al-museo-del-risorgimento\/#article\",\"isPartOf\":{\"@id\":\"https:\/\/web.quotidianopiemontese.it\/cultura-arte-e-spettacolo-a-torino\/maestro-ad-allievo-transmissions-people-to-people-al-museo-del-risorgimento\/\"},\"author\":{\"name\":\"Emanuele Rebuffini\",\"@id\":\"https:\/\/web.quotidianopiemontese.it\/cultura-arte-e-spettacolo-a-torino\/#\/schema\/person\/b035109a4cc7d3e93911b78d8cebf3a0\"},\"headline\":\"Da maestro ad allievo. \u00abTransmissions people-to-people\u00bb al Museo del Risorgimento\",\"datePublished\":\"2020-09-21T09:55:11+00:00\",\"mainEntityOfPage\":{\"@id\":\"https:\/\/web.quotidianopiemontese.it\/cultura-arte-e-spettacolo-a-torino\/maestro-ad-allievo-transmissions-people-to-people-al-museo-del-risorgimento\/\"},\"wordCount\":362,\"commentCount\":0,\"image\":{\"@id\":\"https:\/\/web.quotidianopiemontese.it\/cultura-arte-e-spettacolo-a-torino\/maestro-ad-allievo-transmissions-people-to-people-al-museo-del-risorgimento\/#primaryimage\"},\"thumbnailUrl\":\"https:\/\/web.quotidianopiemontese.it\/cultura-arte-e-spettacolo-a-torino\/files\/2020\/09\/Foto-1-\u00a9-Tiziana-e-Gianni-Baldizzone-Aboubakar-Fofana-artista-maestro-dell\u2019indaco-Mali-2011.jpg\",\"keywords\":[\"Museo del Risorgimento\"],\"articleSection\":[\"Cultura, arte, spettacolo\"],\"inLanguage\":\"it-IT\",\"potentialAction\":[{\"@type\":\"CommentAction\",\"name\":\"Comment\",\"target\":[\"https:\/\/web.quotidianopiemontese.it\/cultura-arte-e-spettacolo-a-torino\/maestro-ad-allievo-transmissions-people-to-people-al-museo-del-risorgimento\/#respond\"]}]},{\"@type\":\"WebPage\",\"@id\":\"https:\/\/web.quotidianopiemontese.it\/cultura-arte-e-spettacolo-a-torino\/maestro-ad-allievo-transmissions-people-to-people-al-museo-del-risorgimento\/\",\"url\":\"https:\/\/web.quotidianopiemontese.it\/cultura-arte-e-spettacolo-a-torino\/maestro-ad-allievo-transmissions-people-to-people-al-museo-del-risorgimento\/\",\"name\":\"Da maestro ad allievo. \u00abTransmissions people-to-people\u00bb al Museo del Risorgimento - 21 Settembre 2020\",\"isPartOf\":{\"@id\":\"https:\/\/web.quotidianopiemontese.it\/cultura-arte-e-spettacolo-a-torino\/#website\"},\"primaryImageOfPage\":{\"@id\":\"https:\/\/web.quotidianopiemontese.it\/cultura-arte-e-spettacolo-a-torino\/maestro-ad-allievo-transmissions-people-to-people-al-museo-del-risorgimento\/#primaryimage\"},\"image\":{\"@id\":\"https:\/\/web.quotidianopiemontese.it\/cultura-arte-e-spettacolo-a-torino\/maestro-ad-allievo-transmissions-people-to-people-al-museo-del-risorgimento\/#primaryimage\"},\"thumbnailUrl\":\"https:\/\/web.quotidianopiemontese.it\/cultura-arte-e-spettacolo-a-torino\/files\/2020\/09\/Foto-1-\u00a9-Tiziana-e-Gianni-Baldizzone-Aboubakar-Fofana-artista-maestro-dell\u2019indaco-Mali-2011.jpg\",\"datePublished\":\"2020-09-21T09:55:11+00:00\",\"author\":{\"@id\":\"https:\/\/web.quotidianopiemontese.it\/cultura-arte-e-spettacolo-a-torino\/#\/schema\/person\/b035109a4cc7d3e93911b78d8cebf3a0\"},\"description\":\"Da maestro ad allievo. \u00abTransmissions people-to-people\u00bb al Museo del Risorgimento - Cultura, Arte e Spettacolo a Torino - Un bambino del Mali affascinato dall\u2019indaco diventato creatore di tessuti, un\u2019impiegata di banca giapponese diventata un\u2019artista di washi di fama - Museo del Risorgimento\",\"inLanguage\":\"it-IT\",\"potentialAction\":[{\"@type\":\"ReadAction\",\"target\":[\"https:\/\/web.quotidianopiemontese.it\/cultura-arte-e-spettacolo-a-torino\/maestro-ad-allievo-transmissions-people-to-people-al-museo-del-risorgimento\/\"]}]},{\"@type\":\"ImageObject\",\"inLanguage\":\"it-IT\",\"@id\":\"https:\/\/web.quotidianopiemontese.it\/cultura-arte-e-spettacolo-a-torino\/maestro-ad-allievo-transmissions-people-to-people-al-museo-del-risorgimento\/#primaryimage\",\"url\":\"https:\/\/web.quotidianopiemontese.it\/cultura-arte-e-spettacolo-a-torino\/files\/2020\/09\/Foto-1-\u00a9-Tiziana-e-Gianni-Baldizzone-Aboubakar-Fofana-artista-maestro-dell\u2019indaco-Mali-2011.jpg\",\"contentUrl\":\"https:\/\/web.quotidianopiemontese.it\/cultura-arte-e-spettacolo-a-torino\/files\/2020\/09\/Foto-1-\u00a9-Tiziana-e-Gianni-Baldizzone-Aboubakar-Fofana-artista-maestro-dell\u2019indaco-Mali-2011.jpg\",\"width\":1000,\"height\":667},{\"@type\":\"WebSite\",\"@id\":\"https:\/\/web.quotidianopiemontese.it\/cultura-arte-e-spettacolo-a-torino\/#website\",\"url\":\"https:\/\/web.quotidianopiemontese.it\/cultura-arte-e-spettacolo-a-torino\/\",\"name\":\"Cultura, Arte e Spettacolo a Torino\",\"description\":\"Quotidiano Piemontese\",\"potentialAction\":[{\"@type\":\"SearchAction\",\"target\":{\"@type\":\"EntryPoint\",\"urlTemplate\":\"https:\/\/web.quotidianopiemontese.it\/cultura-arte-e-spettacolo-a-torino\/?s={search_term_string}\"},\"query-input\":{\"@type\":\"PropertyValueSpecification\",\"valueRequired\":true,\"valueName\":\"search_term_string\"}}],\"inLanguage\":\"it-IT\"},{\"@type\":\"Person\",\"@id\":\"https:\/\/web.quotidianopiemontese.it\/cultura-arte-e-spettacolo-a-torino\/#\/schema\/person\/b035109a4cc7d3e93911b78d8cebf3a0\",\"name\":\"Emanuele Rebuffini\",\"image\":{\"@type\":\"ImageObject\",\"inLanguage\":\"it-IT\",\"@id\":\"https:\/\/web.quotidianopiemontese.it\/cultura-arte-e-spettacolo-a-torino\/#\/schema\/person\/image\/\",\"url\":\"https:\/\/secure.gravatar.com\/avatar\/519a0a38be4cbbcf40fb5bc1b1173a85af291a3a8697df454a94ad7e05574628?s=96&d=mm&r=g\",\"contentUrl\":\"https:\/\/secure.gravatar.com\/avatar\/519a0a38be4cbbcf40fb5bc1b1173a85af291a3a8697df454a94ad7e05574628?s=96&d=mm&r=g\",\"caption\":\"Emanuele Rebuffini\"},\"sameAs\":[\"http:\/\/www.quotidianopiemontese.it\/cultura-arte-e-spettacolo-a-torino\/\"],\"url\":\"https:\/\/web.quotidianopiemontese.it\/cultura-arte-e-spettacolo-a-torino\/author\/emanuelerebuffini\/\"}]}<\/script>\n<!-- \/ Yoast SEO plugin. -->","yoast_head_json":{"title":"Da maestro ad allievo. \u00abTransmissions people-to-people\u00bb al Museo del Risorgimento - 21 Settembre 2020","description":"Da maestro ad allievo. \u00abTransmissions people-to-people\u00bb al Museo del Risorgimento - Cultura, Arte e Spettacolo a Torino - Un bambino del Mali affascinato dall\u2019indaco diventato creatore di tessuti, un\u2019impiegata di banca giapponese diventata un\u2019artista di washi di fama - Museo del Risorgimento","robots":{"index":"index","follow":"follow","max-snippet":"max-snippet:-1","max-image-preview":"max-image-preview:large","max-video-preview":"max-video-preview:-1"},"canonical":"https:\/\/web.quotidianopiemontese.it\/cultura-arte-e-spettacolo-a-torino\/maestro-ad-allievo-transmissions-people-to-people-al-museo-del-risorgimento\/","og_locale":"it_IT","og_type":"article","og_title":"Da maestro ad allievo. \u00abTransmissions people-to-people\u00bb al Museo del Risorgimento - 21 Settembre 2020","og_description":"Da maestro ad allievo. \u00abTransmissions people-to-people\u00bb al Museo del Risorgimento - Cultura, Arte e Spettacolo a Torino - Un bambino del Mali affascinato dall\u2019indaco diventato creatore di tessuti, un\u2019impiegata di banca giapponese diventata un\u2019artista di washi di fama - Museo del Risorgimento","og_url":"https:\/\/web.quotidianopiemontese.it\/cultura-arte-e-spettacolo-a-torino\/maestro-ad-allievo-transmissions-people-to-people-al-museo-del-risorgimento\/","og_site_name":"Cultura, Arte e Spettacolo a Torino","article_publisher":"https:\/\/www.facebook.com\/quotidianopiemontese?fref=ts","article_published_time":"2020-09-21T09:55:11+00:00","og_image":[{"width":1000,"height":667,"url":"https:\/\/web.quotidianopiemontese.it\/cultura-arte-e-spettacolo-a-torino\/files\/2020\/09\/Foto-1-\u00a9-Tiziana-e-Gianni-Baldizzone-Aboubakar-Fofana-artista-maestro-dell\u2019indaco-Mali-2011.jpg","type":"image\/jpeg"}],"author":"Emanuele Rebuffini","twitter_misc":{"Scritto da":"Emanuele Rebuffini","Tempo di lettura stimato":"2 minuti"},"schema":{"@context":"https:\/\/schema.org","@graph":[{"@type":"Article","@id":"https:\/\/web.quotidianopiemontese.it\/cultura-arte-e-spettacolo-a-torino\/maestro-ad-allievo-transmissions-people-to-people-al-museo-del-risorgimento\/#article","isPartOf":{"@id":"https:\/\/web.quotidianopiemontese.it\/cultura-arte-e-spettacolo-a-torino\/maestro-ad-allievo-transmissions-people-to-people-al-museo-del-risorgimento\/"},"author":{"name":"Emanuele Rebuffini","@id":"https:\/\/web.quotidianopiemontese.it\/cultura-arte-e-spettacolo-a-torino\/#\/schema\/person\/b035109a4cc7d3e93911b78d8cebf3a0"},"headline":"Da maestro ad allievo. \u00abTransmissions people-to-people\u00bb al Museo del Risorgimento","datePublished":"2020-09-21T09:55:11+00:00","mainEntityOfPage":{"@id":"https:\/\/web.quotidianopiemontese.it\/cultura-arte-e-spettacolo-a-torino\/maestro-ad-allievo-transmissions-people-to-people-al-museo-del-risorgimento\/"},"wordCount":362,"commentCount":0,"image":{"@id":"https:\/\/web.quotidianopiemontese.it\/cultura-arte-e-spettacolo-a-torino\/maestro-ad-allievo-transmissions-people-to-people-al-museo-del-risorgimento\/#primaryimage"},"thumbnailUrl":"https:\/\/web.quotidianopiemontese.it\/cultura-arte-e-spettacolo-a-torino\/files\/2020\/09\/Foto-1-\u00a9-Tiziana-e-Gianni-Baldizzone-Aboubakar-Fofana-artista-maestro-dell\u2019indaco-Mali-2011.jpg","keywords":["Museo del Risorgimento"],"articleSection":["Cultura, arte, spettacolo"],"inLanguage":"it-IT","potentialAction":[{"@type":"CommentAction","name":"Comment","target":["https:\/\/web.quotidianopiemontese.it\/cultura-arte-e-spettacolo-a-torino\/maestro-ad-allievo-transmissions-people-to-people-al-museo-del-risorgimento\/#respond"]}]},{"@type":"WebPage","@id":"https:\/\/web.quotidianopiemontese.it\/cultura-arte-e-spettacolo-a-torino\/maestro-ad-allievo-transmissions-people-to-people-al-museo-del-risorgimento\/","url":"https:\/\/web.quotidianopiemontese.it\/cultura-arte-e-spettacolo-a-torino\/maestro-ad-allievo-transmissions-people-to-people-al-museo-del-risorgimento\/","name":"Da maestro ad allievo. \u00abTransmissions people-to-people\u00bb al Museo del Risorgimento - 21 Settembre 2020","isPartOf":{"@id":"https:\/\/web.quotidianopiemontese.it\/cultura-arte-e-spettacolo-a-torino\/#website"},"primaryImageOfPage":{"@id":"https:\/\/web.quotidianopiemontese.it\/cultura-arte-e-spettacolo-a-torino\/maestro-ad-allievo-transmissions-people-to-people-al-museo-del-risorgimento\/#primaryimage"},"image":{"@id":"https:\/\/web.quotidianopiemontese.it\/cultura-arte-e-spettacolo-a-torino\/maestro-ad-allievo-transmissions-people-to-people-al-museo-del-risorgimento\/#primaryimage"},"thumbnailUrl":"https:\/\/web.quotidianopiemontese.it\/cultura-arte-e-spettacolo-a-torino\/files\/2020\/09\/Foto-1-\u00a9-Tiziana-e-Gianni-Baldizzone-Aboubakar-Fofana-artista-maestro-dell\u2019indaco-Mali-2011.jpg","datePublished":"2020-09-21T09:55:11+00:00","author":{"@id":"https:\/\/web.quotidianopiemontese.it\/cultura-arte-e-spettacolo-a-torino\/#\/schema\/person\/b035109a4cc7d3e93911b78d8cebf3a0"},"description":"Da maestro ad allievo. \u00abTransmissions people-to-people\u00bb al Museo del Risorgimento - Cultura, Arte e Spettacolo a Torino - Un bambino del Mali affascinato dall\u2019indaco diventato creatore di tessuti, un\u2019impiegata di banca giapponese diventata un\u2019artista di washi di fama - Museo del Risorgimento","inLanguage":"it-IT","potentialAction":[{"@type":"ReadAction","target":["https:\/\/web.quotidianopiemontese.it\/cultura-arte-e-spettacolo-a-torino\/maestro-ad-allievo-transmissions-people-to-people-al-museo-del-risorgimento\/"]}]},{"@type":"ImageObject","inLanguage":"it-IT","@id":"https:\/\/web.quotidianopiemontese.it\/cultura-arte-e-spettacolo-a-torino\/maestro-ad-allievo-transmissions-people-to-people-al-museo-del-risorgimento\/#primaryimage","url":"https:\/\/web.quotidianopiemontese.it\/cultura-arte-e-spettacolo-a-torino\/files\/2020\/09\/Foto-1-\u00a9-Tiziana-e-Gianni-Baldizzone-Aboubakar-Fofana-artista-maestro-dell\u2019indaco-Mali-2011.jpg","contentUrl":"https:\/\/web.quotidianopiemontese.it\/cultura-arte-e-spettacolo-a-torino\/files\/2020\/09\/Foto-1-\u00a9-Tiziana-e-Gianni-Baldizzone-Aboubakar-Fofana-artista-maestro-dell\u2019indaco-Mali-2011.jpg","width":1000,"height":667},{"@type":"WebSite","@id":"https:\/\/web.quotidianopiemontese.it\/cultura-arte-e-spettacolo-a-torino\/#website","url":"https:\/\/web.quotidianopiemontese.it\/cultura-arte-e-spettacolo-a-torino\/","name":"Cultura, Arte e Spettacolo a Torino","description":"Quotidiano Piemontese","potentialAction":[{"@type":"SearchAction","target":{"@type":"EntryPoint","urlTemplate":"https:\/\/web.quotidianopiemontese.it\/cultura-arte-e-spettacolo-a-torino\/?s={search_term_string}"},"query-input":{"@type":"PropertyValueSpecification","valueRequired":true,"valueName":"search_term_string"}}],"inLanguage":"it-IT"},{"@type":"Person","@id":"https:\/\/web.quotidianopiemontese.it\/cultura-arte-e-spettacolo-a-torino\/#\/schema\/person\/b035109a4cc7d3e93911b78d8cebf3a0","name":"Emanuele Rebuffini","image":{"@type":"ImageObject","inLanguage":"it-IT","@id":"https:\/\/web.quotidianopiemontese.it\/cultura-arte-e-spettacolo-a-torino\/#\/schema\/person\/image\/","url":"https:\/\/secure.gravatar.com\/avatar\/519a0a38be4cbbcf40fb5bc1b1173a85af291a3a8697df454a94ad7e05574628?s=96&d=mm&r=g","contentUrl":"https:\/\/secure.gravatar.com\/avatar\/519a0a38be4cbbcf40fb5bc1b1173a85af291a3a8697df454a94ad7e05574628?s=96&d=mm&r=g","caption":"Emanuele Rebuffini"},"sameAs":["http:\/\/www.quotidianopiemontese.it\/cultura-arte-e-spettacolo-a-torino\/"],"url":"https:\/\/web.quotidianopiemontese.it\/cultura-arte-e-spettacolo-a-torino\/author\/emanuelerebuffini\/"}]}},"_links":{"self":[{"href":"https:\/\/web.quotidianopiemontese.it\/cultura-arte-e-spettacolo-a-torino\/wp-json\/wp\/v2\/posts\/599","targetHints":{"allow":["GET"]}}],"collection":[{"href":"https:\/\/web.quotidianopiemontese.it\/cultura-arte-e-spettacolo-a-torino\/wp-json\/wp\/v2\/posts"}],"about":[{"href":"https:\/\/web.quotidianopiemontese.it\/cultura-arte-e-spettacolo-a-torino\/wp-json\/wp\/v2\/types\/post"}],"author":[{"embeddable":true,"href":"https:\/\/web.quotidianopiemontese.it\/cultura-arte-e-spettacolo-a-torino\/wp-json\/wp\/v2\/users\/1361"}],"replies":[{"embeddable":true,"href":"https:\/\/web.quotidianopiemontese.it\/cultura-arte-e-spettacolo-a-torino\/wp-json\/wp\/v2\/comments?post=599"}],"version-history":[{"count":0,"href":"https:\/\/web.quotidianopiemontese.it\/cultura-arte-e-spettacolo-a-torino\/wp-json\/wp\/v2\/posts\/599\/revisions"}],"wp:featuredmedia":[{"embeddable":true,"href":"https:\/\/web.quotidianopiemontese.it\/cultura-arte-e-spettacolo-a-torino\/wp-json\/wp\/v2\/media\/600"}],"wp:attachment":[{"href":"https:\/\/web.quotidianopiemontese.it\/cultura-arte-e-spettacolo-a-torino\/wp-json\/wp\/v2\/media?parent=599"}],"wp:term":[{"taxonomy":"category","embeddable":true,"href":"https:\/\/web.quotidianopiemontese.it\/cultura-arte-e-spettacolo-a-torino\/wp-json\/wp\/v2\/categories?post=599"},{"taxonomy":"post_tag","embeddable":true,"href":"https:\/\/web.quotidianopiemontese.it\/cultura-arte-e-spettacolo-a-torino\/wp-json\/wp\/v2\/tags?post=599"}],"curies":[{"name":"wp","href":"https:\/\/api.w.org\/{rel}","templated":true}]}}