{"id":586,"date":"2020-09-03T09:44:26","date_gmt":"2020-09-03T07:44:26","guid":{"rendered":"http:\/\/web.quotidianopiemontese.it\/cultura-arte-e-spettacolo-a-torino\/?p=586"},"modified":"2020-09-03T09:44:26","modified_gmt":"2020-09-03T07:44:26","slug":"viaggio-al-termine-della-forma-alla-gam-maestri-della-fotografia-non-oggettiva","status":"publish","type":"post","link":"https:\/\/web.quotidianopiemontese.it\/cultura-arte-e-spettacolo-a-torino\/viaggio-al-termine-della-forma-alla-gam-maestri-della-fotografia-non-oggettiva\/","title":{"rendered":"Viaggio al termine della forma. Alla GAM i Maestri della fotografia non oggettiva"},"content":{"rendered":"<p>Ossidazioni, idrogrammi, inversioni tonali, immagini solarizzate, sfere liquide, cerchi luminosi macchie biomorfe, vibrazioni visive, matasse filanti: <strong>50 immagini<\/strong> che raccontano la transizione dalla fotografia oggettiva al non figurativo tra la met\u00e0 degli anni Trenta e la fine dei Cinquanta, grazie a <strong>sette grandi fotografi italiani <\/strong>capaci di rivoluzionare il linguaggio fotografico attraverso la sperimentazione di nuove tecniche.<!--more--><\/p>\n<p><strong>\u00ab<\/strong><strong>Forma\/Informe\u00bb<\/strong><strong>, <\/strong>ospitata dalla<strong> GAM <\/strong>di Torino fino al<strong> 27 settembre, <\/strong>curata dalla storica e teorica della fotografia <strong>Antonella Russo<\/strong>, \u00e8 un <strong>viaggio <\/strong><strong>nella<\/strong> <strong>fotografia sperimentale e informale<\/strong>, ovvero quando la fotografia cessa di essere cronaca documentaria, non si sofferma pi\u00f9 sulle persone e sugli ambienti, non pretende di raccontare la realt\u00e0 bens\u00ec di descrivere l\u2019essenza delle cose. <strong>Una investigazione nel cuore della materia del mondo, questo vuole essere la fotografia \u2018non oggettiva\u2019 e \u2018non figurativa\u2019: foto che decompongono gli oggetti, fino a coglierne la segreta struttura interna.<\/strong><\/p>\n<figure id=\"attachment_588\" aria-describedby=\"caption-attachment-588\" style=\"width: 239px\" class=\"wp-caption alignnone\"><a href=\"http:\/\/web.quotidianopiemontese.it\/cultura-arte-e-spettacolo-a-torino\/files\/2020\/09\/06_CAVALLI-La-pallina-1949.jpg\"><img loading=\"lazy\" decoding=\"async\" class=\"size-medium wp-image-588\" src=\"http:\/\/web.quotidianopiemontese.it\/cultura-arte-e-spettacolo-a-torino\/files\/2020\/09\/06_CAVALLI-La-pallina-1949-239x300.jpg\" alt=\"\" width=\"239\" height=\"300\" srcset=\"https:\/\/web.quotidianopiemontese.it\/cultura-arte-e-spettacolo-a-torino\/files\/2020\/09\/06_CAVALLI-La-pallina-1949-239x300.jpg 239w, https:\/\/web.quotidianopiemontese.it\/cultura-arte-e-spettacolo-a-torino\/files\/2020\/09\/06_CAVALLI-La-pallina-1949-768x963.jpg 768w, https:\/\/web.quotidianopiemontese.it\/cultura-arte-e-spettacolo-a-torino\/files\/2020\/09\/06_CAVALLI-La-pallina-1949-817x1024.jpg 817w\" sizes=\"auto, (max-width: 239px) 85vw, 239px\" \/><\/a><figcaption id=\"caption-attachment-588\" class=\"wp-caption-text\"><em>Giuseppe Cavalli<\/em><br \/><em>La pallina, 1949<\/em><br \/><em>gelatina bromuro d\u2019argento<\/em><br \/><em>Collezione Massimo Prelz Oltramonti, Londra<\/em><\/figcaption><\/figure>\n<p>Si parte dalle indagini sul luminismo fotografico di <strong>Giuseppe Cavalli<\/strong> (1904-1961) e dalla sperimentazione di <strong>Luigi Veronesi<\/strong> (1908- 1998), per poi passare al grafismo ottico di <strong>Franco Grignani <\/strong>(1908-1999), le cosmografie cromatiche di <strong>Pasquale De Antonis<\/strong> (1908-2001), la pioneristica ricerca sul materico di <strong>Piergiorgio Branzi<\/strong> (1928), fino alle \u201cscomposizioni\u201d di <strong>Paolo Monti<\/strong> (1908-1982) e di <strong>Nino Migliori<\/strong> (1926), quest\u2019ultimo considerato uno dei grandi fotografi del neorealismo e al contempo un protagonista indiscusso dell\u2019informale fotografico del secondo dopoguerra.<\/p>\n<p><a href=\"http:\/\/web.quotidianopiemontese.it\/cultura-arte-e-spettacolo-a-torino\/files\/2020\/09\/FTM-GAM-FormaInforme-Ph-Perottino-032.jpg\"><img loading=\"lazy\" decoding=\"async\" class=\"alignnone size-medium wp-image-589\" src=\"http:\/\/web.quotidianopiemontese.it\/cultura-arte-e-spettacolo-a-torino\/files\/2020\/09\/FTM-GAM-FormaInforme-Ph-Perottino-032-300x168.jpg\" alt=\"\" width=\"300\" height=\"168\" srcset=\"https:\/\/web.quotidianopiemontese.it\/cultura-arte-e-spettacolo-a-torino\/files\/2020\/09\/FTM-GAM-FormaInforme-Ph-Perottino-032-300x168.jpg 300w, https:\/\/web.quotidianopiemontese.it\/cultura-arte-e-spettacolo-a-torino\/files\/2020\/09\/FTM-GAM-FormaInforme-Ph-Perottino-032-768x431.jpg 768w, https:\/\/web.quotidianopiemontese.it\/cultura-arte-e-spettacolo-a-torino\/files\/2020\/09\/FTM-GAM-FormaInforme-Ph-Perottino-032-1024x574.jpg 1024w\" sizes=\"auto, (max-width: 300px) 85vw, 300px\" \/><\/a><\/p>\n<p>Chiamato il \u2018maestro dei toni chiari\u2019, <strong>Giuseppe Cavalli<\/strong> per primo ha contribuito a sdoganare la fotografia come arte, rivendicandone una dignit\u00e0 e uno statuto proprio tra le arti visive. I suoi scatti paiono opere metafisiche volte a cogliere la valenza plastica delle cose e il \u201critmo palpitante\u201d negli oggetti, come la pallina appoggiata su un gradino (1949), un muretto vuoto (1950) o un capanno su un molo battuto dalle onde (<strong><em>Opera n.20<\/em><\/strong>).<\/p>\n<p><figure id=\"attachment_590\" aria-describedby=\"caption-attachment-590\" style=\"width: 300px\" class=\"wp-caption alignnone\"><a href=\"http:\/\/web.quotidianopiemontese.it\/cultura-arte-e-spettacolo-a-torino\/files\/2020\/09\/05_GRIGNANI-La-folla_Fenomeno-di-subpercezione-1954.jpg\"><img loading=\"lazy\" decoding=\"async\" class=\"size-medium wp-image-590\" src=\"http:\/\/web.quotidianopiemontese.it\/cultura-arte-e-spettacolo-a-torino\/files\/2020\/09\/05_GRIGNANI-La-folla_Fenomeno-di-subpercezione-1954-300x259.jpg\" alt=\"\" width=\"300\" height=\"259\" srcset=\"https:\/\/web.quotidianopiemontese.it\/cultura-arte-e-spettacolo-a-torino\/files\/2020\/09\/05_GRIGNANI-La-folla_Fenomeno-di-subpercezione-1954-300x259.jpg 300w, https:\/\/web.quotidianopiemontese.it\/cultura-arte-e-spettacolo-a-torino\/files\/2020\/09\/05_GRIGNANI-La-folla_Fenomeno-di-subpercezione-1954-768x663.jpg 768w, https:\/\/web.quotidianopiemontese.it\/cultura-arte-e-spettacolo-a-torino\/files\/2020\/09\/05_GRIGNANI-La-folla_Fenomeno-di-subpercezione-1954-1024x884.jpg 1024w, https:\/\/web.quotidianopiemontese.it\/cultura-arte-e-spettacolo-a-torino\/files\/2020\/09\/05_GRIGNANI-La-folla_Fenomeno-di-subpercezione-1954.jpg 1842w\" sizes=\"auto, (max-width: 300px) 85vw, 300px\" \/><\/a><figcaption id=\"caption-attachment-590\" class=\"wp-caption-text\"><em>Franco Grignani<\/em><br \/><em>La folla. Fenomeno di subpercezione [L\u2019immagine affiora dalle soffuse ombre], 1954<\/em><br \/><em>gelatina bromuro d\u2019argento<\/em><br \/><em>Collezione Daniela Grignani, Milano<\/em><\/figcaption><\/figure>Esponente del MAC Movimento Arte Concreta (insieme a Dorazio, Fontana, Munari e Sottsass), pittore, grafico, scenografo oltre che fotografo, <strong>Luigi Veronesi<\/strong> nella sua lunga carriera ha prodotto immagini di accoppiamenti di positivo-negativo, inversioni tonali, sovraimpressione e immagini solarizzate. Tra queste, <strong><em>Le stelle dalla mia finestra<\/em><\/strong> (1940), un cielo senza luna attraversato da scie luminose e puntini bianchi, reso con graffiature che alternano il bianco e nero e grigio e che danno movimento alla fotografia.<\/p>\n<figure id=\"attachment_591\" aria-describedby=\"caption-attachment-591\" style=\"width: 244px\" class=\"wp-caption alignnone\"><a href=\"http:\/\/web.quotidianopiemontese.it\/cultura-arte-e-spettacolo-a-torino\/files\/2020\/09\/17_MONTI_Le-astrazioni-involontarie.jpg\"><img loading=\"lazy\" decoding=\"async\" class=\"size-medium wp-image-591\" src=\"http:\/\/web.quotidianopiemontese.it\/cultura-arte-e-spettacolo-a-torino\/files\/2020\/09\/17_MONTI_Le-astrazioni-involontarie-244x300.jpg\" alt=\"\" width=\"244\" height=\"300\" srcset=\"https:\/\/web.quotidianopiemontese.it\/cultura-arte-e-spettacolo-a-torino\/files\/2020\/09\/17_MONTI_Le-astrazioni-involontarie-244x300.jpg 244w, https:\/\/web.quotidianopiemontese.it\/cultura-arte-e-spettacolo-a-torino\/files\/2020\/09\/17_MONTI_Le-astrazioni-involontarie-768x945.jpg 768w, https:\/\/web.quotidianopiemontese.it\/cultura-arte-e-spettacolo-a-torino\/files\/2020\/09\/17_MONTI_Le-astrazioni-involontarie-832x1024.jpg 832w\" sizes=\"auto, (max-width: 244px) 85vw, 244px\" \/><\/a><figcaption id=\"caption-attachment-591\" class=\"wp-caption-text\"><em>Paolo Monti<\/em><br \/><em>Le astrazioni involontarie, 1952<\/em><br \/><em>gelatino bromuro d\u2019argento \/ gelatin bromide silver print, 372 x 296 mm<\/em><br \/><em>Civico Archivio Fotografico \u2013 in deposito da Fondazione BEIC, Milano<\/em><\/figcaption><\/figure>\n<p><strong>Franco Grignani<\/strong>, pittore e fotografo autodidatta e graphic designer (nel 1972 vinse il Leone d\u2019argento alla Biennale di Venezia), ha messo la fotografia a servizio della grafica con esperimenti di esposizioni multiple e sovrapposizioni di diversi negativi. A fine anni Quaranta ha affinato la sua ricerca moltiplicando le sperimentazioni: cos\u00ec sono nate le \u201cdissonanze percettive\u201d, le \u201cvibrazioni visive\u201d, le \u201crotazioni formali\u201d e le \u201ctensioni visive\u201d(come <strong><em>La folla <\/em><\/strong>e la <strong><em>La luce spennellata<\/em><\/strong> realizzate nel 1954).<\/p>\n<p><figure id=\"attachment_592\" aria-describedby=\"caption-attachment-592\" style=\"width: 285px\" class=\"wp-caption alignnone\"><a href=\"http:\/\/web.quotidianopiemontese.it\/cultura-arte-e-spettacolo-a-torino\/files\/2020\/09\/02_GRIGNANI-Senza-titolo-quando-i-demolitori-confinano-con-i-costruttori-1928.jpg\"><img loading=\"lazy\" decoding=\"async\" class=\"size-medium wp-image-592\" src=\"http:\/\/web.quotidianopiemontese.it\/cultura-arte-e-spettacolo-a-torino\/files\/2020\/09\/02_GRIGNANI-Senza-titolo-quando-i-demolitori-confinano-con-i-costruttori-1928-285x300.jpg\" alt=\"\" width=\"285\" height=\"300\" srcset=\"https:\/\/web.quotidianopiemontese.it\/cultura-arte-e-spettacolo-a-torino\/files\/2020\/09\/02_GRIGNANI-Senza-titolo-quando-i-demolitori-confinano-con-i-costruttori-1928-285x300.jpg 285w, https:\/\/web.quotidianopiemontese.it\/cultura-arte-e-spettacolo-a-torino\/files\/2020\/09\/02_GRIGNANI-Senza-titolo-quando-i-demolitori-confinano-con-i-costruttori-1928-768x808.jpg 768w, https:\/\/web.quotidianopiemontese.it\/cultura-arte-e-spettacolo-a-torino\/files\/2020\/09\/02_GRIGNANI-Senza-titolo-quando-i-demolitori-confinano-con-i-costruttori-1928-973x1024.jpg 973w\" sizes=\"auto, (max-width: 285px) 85vw, 285px\" \/><\/a><figcaption id=\"caption-attachment-592\" class=\"wp-caption-text\"><strong>Franco Grignani<\/strong><br \/><strong>Senza titolo [quando i demolitori confinano con i costruttori], 1928<\/strong><br \/><strong>gelatina bromuro d\u2019argento (esposizione multipla)<\/strong><br \/><strong>Collezione Daniela Grignani, Milano<\/strong><\/figcaption><\/figure>Uno dei protagonisti pi\u00f9 autorevoli della fotografia italiana, il novarese <strong>Paolo Monti<\/strong>, \u2018maestro dei toni scuri\u2019, ha dedicato buona parte della sua ricerca alla fotografia \u201castratta\u201d intesa come produzione di forme primordiali (<strong><em>Le astrazioni involontarie<\/em><\/strong>\u00a0 del 1952 e <strong><em>Colori<\/em><\/strong> del 1958), mentre <strong>Pasquale De Antonis <\/strong>(fu fotografo di scena di Luchino Visconti, nonch\u00e9 autore di una delle prime indagini etnofotografiche condotte in Italia, nelle vallate d\u2019Abruzzo) ha realizzato foto senza la macchina fotografica, elaborando una personale e particolare tecnica basata sull\u2019utilizzo di pi\u00f9 fonti luminose filtrate da uno schermo cartaceo forato in pi\u00f9 punti, per poi arrivare a fissare direttamente sulla carta sensibile le mille forme che andavano assumendo gocce e liquidi oleosi o inchiostri densi versati su una lastra di vetro retroilluminata.<\/p>\n<figure id=\"attachment_593\" aria-describedby=\"caption-attachment-593\" style=\"width: 241px\" class=\"wp-caption alignnone\"><a href=\"http:\/\/web.quotidianopiemontese.it\/cultura-arte-e-spettacolo-a-torino\/files\/2020\/09\/08_DE-ANTONIS-Senza-titolo-D-1957.jpg\"><img loading=\"lazy\" decoding=\"async\" class=\"size-medium wp-image-593\" src=\"http:\/\/web.quotidianopiemontese.it\/cultura-arte-e-spettacolo-a-torino\/files\/2020\/09\/08_DE-ANTONIS-Senza-titolo-D-1957-241x300.jpg\" alt=\"\" width=\"241\" height=\"300\" srcset=\"https:\/\/web.quotidianopiemontese.it\/cultura-arte-e-spettacolo-a-torino\/files\/2020\/09\/08_DE-ANTONIS-Senza-titolo-D-1957-241x300.jpg 241w, https:\/\/web.quotidianopiemontese.it\/cultura-arte-e-spettacolo-a-torino\/files\/2020\/09\/08_DE-ANTONIS-Senza-titolo-D-1957-768x956.jpg 768w, https:\/\/web.quotidianopiemontese.it\/cultura-arte-e-spettacolo-a-torino\/files\/2020\/09\/08_DE-ANTONIS-Senza-titolo-D-1957-822x1024.jpg 822w\" sizes=\"auto, (max-width: 241px) 85vw, 241px\" \/><\/a><figcaption id=\"caption-attachment-593\" class=\"wp-caption-text\"><em>Pasquale De Antonis<\/em><br \/><em>Senza titolo D, 1957<\/em><br \/><em>stampa positivo diretto su carta Ansco Color Printon<\/em><br \/><em>Fondazione Sandretto Re Rebaudengo<\/em><\/figcaption><\/figure>\n<p>Come per Nino Migliori, anche quella di <strong>Piergiorgio Branzi <\/strong>\u00e8 stata una carriera prevalentemente neorealista. L\u2019artista e giornalista toscano ha esordito nel gruppo La Bussola, \u00e8 stato corrispondente per la Rai da Mosca e da Parigi, e ha fotografato per oltre cinquant\u2019anni ogni citt\u00e0 del Mediterraneo. Alla GAM troviamo esposti scatti inediti della serie <strong><em>Montmartre<\/em><\/strong> (1954), vedute urbane del quartiere parigino ancora ferito dalla guerra: facciate rigate di muffa, muri scrostati, tubature e infissi in precario equilibrio, pareti dissestate, un diario visivo che racconta sofferenza e degrado.<\/p>\n<figure id=\"attachment_594\" aria-describedby=\"caption-attachment-594\" style=\"width: 235px\" class=\"wp-caption alignnone\"><a href=\"http:\/\/web.quotidianopiemontese.it\/cultura-arte-e-spettacolo-a-torino\/files\/2020\/09\/14_BRANZI-Montmartre-1954.jpg\"><img loading=\"lazy\" decoding=\"async\" class=\"size-medium wp-image-594\" src=\"http:\/\/web.quotidianopiemontese.it\/cultura-arte-e-spettacolo-a-torino\/files\/2020\/09\/14_BRANZI-Montmartre-1954-235x300.jpg\" alt=\"\" width=\"235\" height=\"300\" srcset=\"https:\/\/web.quotidianopiemontese.it\/cultura-arte-e-spettacolo-a-torino\/files\/2020\/09\/14_BRANZI-Montmartre-1954-235x300.jpg 235w, https:\/\/web.quotidianopiemontese.it\/cultura-arte-e-spettacolo-a-torino\/files\/2020\/09\/14_BRANZI-Montmartre-1954-768x981.jpg 768w, https:\/\/web.quotidianopiemontese.it\/cultura-arte-e-spettacolo-a-torino\/files\/2020\/09\/14_BRANZI-Montmartre-1954-802x1024.jpg 802w, https:\/\/web.quotidianopiemontese.it\/cultura-arte-e-spettacolo-a-torino\/files\/2020\/09\/14_BRANZI-Montmartre-1954.jpg 1849w\" sizes=\"auto, (max-width: 235px) 85vw, 235px\" \/><\/a><figcaption id=\"caption-attachment-594\" class=\"wp-caption-text\"><em>Piergiorgio Branzi<\/em><br \/><em>Montmartre, 1954<\/em><br \/><em>gelatina bromuro d\u2019argento<\/em><br \/><em>Collezione Piergiorgio Branzi, Roma<\/em><\/figcaption><\/figure>\n<p>Infine,<strong> Nino Migliori<\/strong>, che ha iniziato a scrivere un nuovo vocabolario fotografico alla fine degli anni Quaranta, in una minuscola camera oscura allestita in un angolo della cucina di casa, usando acidi per lo sviluppo e fissaggio applicati su ritagli di carta, perch\u00e9 un foglio intero era troppo prezioso. La carta veniva cosparsa di liquido di sviluppo e poi esposta alla luce artificiale, o solare o di una fiamma. Cos\u00ec nascevano le <strong><em>Ossidazioni<\/em><\/strong>. Quindi, ecco i <strong><em>Pirogrammi<\/em><\/strong>, piccole bruciature inferte alla pellicola con una punta riscaldata o esposte a una fiamma, mentre gli <strong><em>Idrogrammi<\/em><\/strong> fissano tracce di gocce di acqua o liquidi schiumosi applicati sul lastrino dell\u2019ingranditore, cosicch\u00e9 l\u2019immagine pare un organismo vivente, una costellazione di cellule sospese come in un liquido amniotico.<\/p>\n<figure id=\"attachment_595\" aria-describedby=\"caption-attachment-595\" style=\"width: 300px\" class=\"wp-caption alignnone\"><a href=\"http:\/\/web.quotidianopiemontese.it\/cultura-arte-e-spettacolo-a-torino\/files\/2020\/09\/11_MIGLIORI-Astratto-n.3-1953-2020.jpg\"><img loading=\"lazy\" decoding=\"async\" class=\"size-medium wp-image-595\" src=\"http:\/\/web.quotidianopiemontese.it\/cultura-arte-e-spettacolo-a-torino\/files\/2020\/09\/11_MIGLIORI-Astratto-n.3-1953-2020-300x242.jpg\" alt=\"\" width=\"300\" height=\"242\" srcset=\"https:\/\/web.quotidianopiemontese.it\/cultura-arte-e-spettacolo-a-torino\/files\/2020\/09\/11_MIGLIORI-Astratto-n.3-1953-2020-300x242.jpg 300w, https:\/\/web.quotidianopiemontese.it\/cultura-arte-e-spettacolo-a-torino\/files\/2020\/09\/11_MIGLIORI-Astratto-n.3-1953-2020-768x620.jpg 768w, https:\/\/web.quotidianopiemontese.it\/cultura-arte-e-spettacolo-a-torino\/files\/2020\/09\/11_MIGLIORI-Astratto-n.3-1953-2020-1024x826.jpg 1024w\" sizes=\"auto, (max-width: 300px) 85vw, 300px\" \/><\/a><figcaption id=\"caption-attachment-595\" class=\"wp-caption-text\"><em>Nino Migliori<\/em><br \/><em>Astratto n. 3 (ossidazione), 1953-2020<\/em><br \/><em>stampa getto d\u2019inchiostro Fine Art su carta Hahnem\u00fchle Photo Rag\u00ae<\/em><br \/><em>courtesy Fondazione Nino Migliori, Bologna<\/em><\/figcaption><\/figure>\n<p>http:\/\/www.gamtorino.it<\/p>\n<p><strong>Emanuele Rebuffini<\/strong><\/p>\n<p><a href=\"http:\/\/web.quotidianopiemontese.it\/cultura-arte-e-spettacolo-a-torino\/files\/2020\/09\/FTM-GAM-FormaInforme-Ph-Perottino-011.jpg\"><img loading=\"lazy\" decoding=\"async\" class=\"alignnone size-medium wp-image-596\" src=\"http:\/\/web.quotidianopiemontese.it\/cultura-arte-e-spettacolo-a-torino\/files\/2020\/09\/FTM-GAM-FormaInforme-Ph-Perottino-011-300x200.jpg\" alt=\"\" width=\"300\" height=\"200\" srcset=\"https:\/\/web.quotidianopiemontese.it\/cultura-arte-e-spettacolo-a-torino\/files\/2020\/09\/FTM-GAM-FormaInforme-Ph-Perottino-011-300x200.jpg 300w, https:\/\/web.quotidianopiemontese.it\/cultura-arte-e-spettacolo-a-torino\/files\/2020\/09\/FTM-GAM-FormaInforme-Ph-Perottino-011-768x512.jpg 768w, https:\/\/web.quotidianopiemontese.it\/cultura-arte-e-spettacolo-a-torino\/files\/2020\/09\/FTM-GAM-FormaInforme-Ph-Perottino-011-1024x683.jpg 1024w, https:\/\/web.quotidianopiemontese.it\/cultura-arte-e-spettacolo-a-torino\/files\/2020\/09\/FTM-GAM-FormaInforme-Ph-Perottino-011-600x400.jpg 600w\" sizes=\"auto, (max-width: 300px) 85vw, 300px\" \/><\/a><\/p>\n<p>&nbsp;<\/p>\n<p>&nbsp;<\/p>\n<p>&nbsp;<\/p>\n<p>&nbsp;<\/p>\n<p>&nbsp;<\/p>\n<p>&nbsp;<\/p>\n<p>&nbsp;<\/p>\n<p>&nbsp;<\/p>\n","protected":false},"excerpt":{"rendered":"<p>Ossidazioni, idrogrammi, inversioni tonali, immagini solarizzate, sfere liquide, cerchi luminosi macchie biomorfe, vibrazioni visive, matasse filanti: 50 immagini che raccontano la transizione dalla fotografia oggettiva al non figurativo tra la met\u00e0 degli anni Trenta e la fine dei Cinquanta, grazie a sette grandi fotografi italiani capaci di rivoluzionare il linguaggio fotografico attraverso la sperimentazione di &hellip; <a href=\"https:\/\/web.quotidianopiemontese.it\/cultura-arte-e-spettacolo-a-torino\/viaggio-al-termine-della-forma-alla-gam-maestri-della-fotografia-non-oggettiva\/\" class=\"more-link\">Leggi tutto<span class=\"screen-reader-text\"> &#8220;Viaggio al termine della forma. Alla GAM i Maestri della fotografia non oggettiva&#8221;<\/span><\/a><\/p>\n","protected":false},"author":1361,"featured_media":587,"comment_status":"open","ping_status":"open","sticky":false,"template":"","format":"standard","meta":{"footnotes":""},"categories":[1],"tags":[144,2],"class_list":["post-586","post","type-post","status-publish","format-standard","has-post-thumbnail","hentry","category-cultura-arte-spettacolo","tag-fotografia","tag-gam"],"yoast_head":"<!-- This site is optimized with the Yoast SEO plugin v27.1.1 - https:\/\/yoast.com\/product\/yoast-seo-wordpress\/ -->\n<title>Viaggio al termine della forma. Alla GAM i Maestri della fotografia non oggettiva - 3 Settembre 2020<\/title>\n<meta name=\"description\" content=\"Viaggio al termine della forma. Alla GAM i Maestri della fotografia non oggettiva - Cultura, Arte e Spettacolo a Torino - Ossidazioni, idrogrammi, inversioni tonali, immagini solarizzate, sfere liquide, cerchi luminosi macchie biomorfe, vibrazioni visive, matasse filanti: 50 - fotografia, gam\" \/>\n<meta name=\"robots\" content=\"index, follow, max-snippet:-1, max-image-preview:large, max-video-preview:-1\" \/>\n<link rel=\"canonical\" href=\"https:\/\/web.quotidianopiemontese.it\/cultura-arte-e-spettacolo-a-torino\/viaggio-al-termine-della-forma-alla-gam-maestri-della-fotografia-non-oggettiva\/\" \/>\n<meta property=\"og:locale\" content=\"it_IT\" \/>\n<meta property=\"og:type\" content=\"article\" \/>\n<meta property=\"og:title\" content=\"Viaggio al termine della forma. Alla GAM i Maestri della fotografia non oggettiva - 3 Settembre 2020\" \/>\n<meta property=\"og:description\" content=\"Viaggio al termine della forma. Alla GAM i Maestri della fotografia non oggettiva - Cultura, Arte e Spettacolo a Torino - Ossidazioni, idrogrammi, inversioni tonali, immagini solarizzate, sfere liquide, cerchi luminosi macchie biomorfe, vibrazioni visive, matasse filanti: 50 - fotografia, gam\" \/>\n<meta property=\"og:url\" content=\"https:\/\/web.quotidianopiemontese.it\/cultura-arte-e-spettacolo-a-torino\/viaggio-al-termine-della-forma-alla-gam-maestri-della-fotografia-non-oggettiva\/\" \/>\n<meta property=\"og:site_name\" content=\"Cultura, Arte e Spettacolo a Torino\" \/>\n<meta property=\"article:publisher\" content=\"https:\/\/www.facebook.com\/quotidianopiemontese?fref=ts\" \/>\n<meta property=\"article:published_time\" content=\"2020-09-03T07:44:26+00:00\" \/>\n<meta property=\"og:image\" content=\"https:\/\/web.quotidianopiemontese.it\/cultura-arte-e-spettacolo-a-torino\/files\/2020\/09\/07_CAVALLI-Opera-n.-20-anni-50.jpg\" \/>\n\t<meta property=\"og:image:width\" content=\"3654\" \/>\n\t<meta property=\"og:image:height\" content=\"2688\" \/>\n\t<meta property=\"og:image:type\" content=\"image\/jpeg\" \/>\n<meta name=\"author\" content=\"Emanuele Rebuffini\" \/>\n<meta name=\"twitter:label1\" content=\"Scritto da\" \/>\n\t<meta name=\"twitter:data1\" content=\"Emanuele Rebuffini\" \/>\n\t<meta name=\"twitter:label2\" content=\"Tempo di lettura stimato\" \/>\n\t<meta name=\"twitter:data2\" content=\"5 minuti\" \/>\n<script type=\"application\/ld+json\" class=\"yoast-schema-graph\">{\"@context\":\"https:\/\/schema.org\",\"@graph\":[{\"@type\":\"Article\",\"@id\":\"https:\/\/web.quotidianopiemontese.it\/cultura-arte-e-spettacolo-a-torino\/viaggio-al-termine-della-forma-alla-gam-maestri-della-fotografia-non-oggettiva\/#article\",\"isPartOf\":{\"@id\":\"https:\/\/web.quotidianopiemontese.it\/cultura-arte-e-spettacolo-a-torino\/viaggio-al-termine-della-forma-alla-gam-maestri-della-fotografia-non-oggettiva\/\"},\"author\":{\"name\":\"Emanuele Rebuffini\",\"@id\":\"https:\/\/web.quotidianopiemontese.it\/cultura-arte-e-spettacolo-a-torino\/#\/schema\/person\/b035109a4cc7d3e93911b78d8cebf3a0\"},\"headline\":\"Viaggio al termine della forma. Alla GAM i Maestri della fotografia non oggettiva\",\"datePublished\":\"2020-09-03T07:44:26+00:00\",\"mainEntityOfPage\":{\"@id\":\"https:\/\/web.quotidianopiemontese.it\/cultura-arte-e-spettacolo-a-torino\/viaggio-al-termine-della-forma-alla-gam-maestri-della-fotografia-non-oggettiva\/\"},\"wordCount\":978,\"commentCount\":0,\"image\":{\"@id\":\"https:\/\/web.quotidianopiemontese.it\/cultura-arte-e-spettacolo-a-torino\/viaggio-al-termine-della-forma-alla-gam-maestri-della-fotografia-non-oggettiva\/#primaryimage\"},\"thumbnailUrl\":\"https:\/\/web.quotidianopiemontese.it\/cultura-arte-e-spettacolo-a-torino\/files\/2020\/09\/07_CAVALLI-Opera-n.-20-anni-50.jpg\",\"keywords\":[\"fotografia\",\"gam\"],\"articleSection\":[\"Cultura, arte, spettacolo\"],\"inLanguage\":\"it-IT\",\"potentialAction\":[{\"@type\":\"CommentAction\",\"name\":\"Comment\",\"target\":[\"https:\/\/web.quotidianopiemontese.it\/cultura-arte-e-spettacolo-a-torino\/viaggio-al-termine-della-forma-alla-gam-maestri-della-fotografia-non-oggettiva\/#respond\"]}]},{\"@type\":\"WebPage\",\"@id\":\"https:\/\/web.quotidianopiemontese.it\/cultura-arte-e-spettacolo-a-torino\/viaggio-al-termine-della-forma-alla-gam-maestri-della-fotografia-non-oggettiva\/\",\"url\":\"https:\/\/web.quotidianopiemontese.it\/cultura-arte-e-spettacolo-a-torino\/viaggio-al-termine-della-forma-alla-gam-maestri-della-fotografia-non-oggettiva\/\",\"name\":\"Viaggio al termine della forma. Alla GAM i Maestri della fotografia non oggettiva - 3 Settembre 2020\",\"isPartOf\":{\"@id\":\"https:\/\/web.quotidianopiemontese.it\/cultura-arte-e-spettacolo-a-torino\/#website\"},\"primaryImageOfPage\":{\"@id\":\"https:\/\/web.quotidianopiemontese.it\/cultura-arte-e-spettacolo-a-torino\/viaggio-al-termine-della-forma-alla-gam-maestri-della-fotografia-non-oggettiva\/#primaryimage\"},\"image\":{\"@id\":\"https:\/\/web.quotidianopiemontese.it\/cultura-arte-e-spettacolo-a-torino\/viaggio-al-termine-della-forma-alla-gam-maestri-della-fotografia-non-oggettiva\/#primaryimage\"},\"thumbnailUrl\":\"https:\/\/web.quotidianopiemontese.it\/cultura-arte-e-spettacolo-a-torino\/files\/2020\/09\/07_CAVALLI-Opera-n.-20-anni-50.jpg\",\"datePublished\":\"2020-09-03T07:44:26+00:00\",\"author\":{\"@id\":\"https:\/\/web.quotidianopiemontese.it\/cultura-arte-e-spettacolo-a-torino\/#\/schema\/person\/b035109a4cc7d3e93911b78d8cebf3a0\"},\"description\":\"Viaggio al termine della forma. Alla GAM i Maestri della fotografia non oggettiva - Cultura, Arte e Spettacolo a Torino - Ossidazioni, idrogrammi, inversioni tonali, immagini solarizzate, sfere liquide, cerchi luminosi macchie biomorfe, vibrazioni visive, matasse filanti: 50 - fotografia, gam\",\"inLanguage\":\"it-IT\",\"potentialAction\":[{\"@type\":\"ReadAction\",\"target\":[\"https:\/\/web.quotidianopiemontese.it\/cultura-arte-e-spettacolo-a-torino\/viaggio-al-termine-della-forma-alla-gam-maestri-della-fotografia-non-oggettiva\/\"]}]},{\"@type\":\"ImageObject\",\"inLanguage\":\"it-IT\",\"@id\":\"https:\/\/web.quotidianopiemontese.it\/cultura-arte-e-spettacolo-a-torino\/viaggio-al-termine-della-forma-alla-gam-maestri-della-fotografia-non-oggettiva\/#primaryimage\",\"url\":\"https:\/\/web.quotidianopiemontese.it\/cultura-arte-e-spettacolo-a-torino\/files\/2020\/09\/07_CAVALLI-Opera-n.-20-anni-50.jpg\",\"contentUrl\":\"https:\/\/web.quotidianopiemontese.it\/cultura-arte-e-spettacolo-a-torino\/files\/2020\/09\/07_CAVALLI-Opera-n.-20-anni-50.jpg\",\"width\":3654,\"height\":2688},{\"@type\":\"WebSite\",\"@id\":\"https:\/\/web.quotidianopiemontese.it\/cultura-arte-e-spettacolo-a-torino\/#website\",\"url\":\"https:\/\/web.quotidianopiemontese.it\/cultura-arte-e-spettacolo-a-torino\/\",\"name\":\"Cultura, Arte e Spettacolo a Torino\",\"description\":\"Quotidiano Piemontese\",\"potentialAction\":[{\"@type\":\"SearchAction\",\"target\":{\"@type\":\"EntryPoint\",\"urlTemplate\":\"https:\/\/web.quotidianopiemontese.it\/cultura-arte-e-spettacolo-a-torino\/?s={search_term_string}\"},\"query-input\":{\"@type\":\"PropertyValueSpecification\",\"valueRequired\":true,\"valueName\":\"search_term_string\"}}],\"inLanguage\":\"it-IT\"},{\"@type\":\"Person\",\"@id\":\"https:\/\/web.quotidianopiemontese.it\/cultura-arte-e-spettacolo-a-torino\/#\/schema\/person\/b035109a4cc7d3e93911b78d8cebf3a0\",\"name\":\"Emanuele Rebuffini\",\"image\":{\"@type\":\"ImageObject\",\"inLanguage\":\"it-IT\",\"@id\":\"https:\/\/web.quotidianopiemontese.it\/cultura-arte-e-spettacolo-a-torino\/#\/schema\/person\/image\/\",\"url\":\"https:\/\/secure.gravatar.com\/avatar\/519a0a38be4cbbcf40fb5bc1b1173a85af291a3a8697df454a94ad7e05574628?s=96&d=mm&r=g\",\"contentUrl\":\"https:\/\/secure.gravatar.com\/avatar\/519a0a38be4cbbcf40fb5bc1b1173a85af291a3a8697df454a94ad7e05574628?s=96&d=mm&r=g\",\"caption\":\"Emanuele Rebuffini\"},\"sameAs\":[\"http:\/\/www.quotidianopiemontese.it\/cultura-arte-e-spettacolo-a-torino\/\"],\"url\":\"https:\/\/web.quotidianopiemontese.it\/cultura-arte-e-spettacolo-a-torino\/author\/emanuelerebuffini\/\"}]}<\/script>\n<!-- \/ Yoast SEO plugin. -->","yoast_head_json":{"title":"Viaggio al termine della forma. Alla GAM i Maestri della fotografia non oggettiva - 3 Settembre 2020","description":"Viaggio al termine della forma. Alla GAM i Maestri della fotografia non oggettiva - Cultura, Arte e Spettacolo a Torino - Ossidazioni, idrogrammi, inversioni tonali, immagini solarizzate, sfere liquide, cerchi luminosi macchie biomorfe, vibrazioni visive, matasse filanti: 50 - fotografia, gam","robots":{"index":"index","follow":"follow","max-snippet":"max-snippet:-1","max-image-preview":"max-image-preview:large","max-video-preview":"max-video-preview:-1"},"canonical":"https:\/\/web.quotidianopiemontese.it\/cultura-arte-e-spettacolo-a-torino\/viaggio-al-termine-della-forma-alla-gam-maestri-della-fotografia-non-oggettiva\/","og_locale":"it_IT","og_type":"article","og_title":"Viaggio al termine della forma. Alla GAM i Maestri della fotografia non oggettiva - 3 Settembre 2020","og_description":"Viaggio al termine della forma. Alla GAM i Maestri della fotografia non oggettiva - Cultura, Arte e Spettacolo a Torino - Ossidazioni, idrogrammi, inversioni tonali, immagini solarizzate, sfere liquide, cerchi luminosi macchie biomorfe, vibrazioni visive, matasse filanti: 50 - fotografia, gam","og_url":"https:\/\/web.quotidianopiemontese.it\/cultura-arte-e-spettacolo-a-torino\/viaggio-al-termine-della-forma-alla-gam-maestri-della-fotografia-non-oggettiva\/","og_site_name":"Cultura, Arte e Spettacolo a Torino","article_publisher":"https:\/\/www.facebook.com\/quotidianopiemontese?fref=ts","article_published_time":"2020-09-03T07:44:26+00:00","og_image":[{"width":3654,"height":2688,"url":"https:\/\/web.quotidianopiemontese.it\/cultura-arte-e-spettacolo-a-torino\/files\/2020\/09\/07_CAVALLI-Opera-n.-20-anni-50.jpg","type":"image\/jpeg"}],"author":"Emanuele Rebuffini","twitter_misc":{"Scritto da":"Emanuele Rebuffini","Tempo di lettura stimato":"5 minuti"},"schema":{"@context":"https:\/\/schema.org","@graph":[{"@type":"Article","@id":"https:\/\/web.quotidianopiemontese.it\/cultura-arte-e-spettacolo-a-torino\/viaggio-al-termine-della-forma-alla-gam-maestri-della-fotografia-non-oggettiva\/#article","isPartOf":{"@id":"https:\/\/web.quotidianopiemontese.it\/cultura-arte-e-spettacolo-a-torino\/viaggio-al-termine-della-forma-alla-gam-maestri-della-fotografia-non-oggettiva\/"},"author":{"name":"Emanuele Rebuffini","@id":"https:\/\/web.quotidianopiemontese.it\/cultura-arte-e-spettacolo-a-torino\/#\/schema\/person\/b035109a4cc7d3e93911b78d8cebf3a0"},"headline":"Viaggio al termine della forma. Alla GAM i Maestri della fotografia non oggettiva","datePublished":"2020-09-03T07:44:26+00:00","mainEntityOfPage":{"@id":"https:\/\/web.quotidianopiemontese.it\/cultura-arte-e-spettacolo-a-torino\/viaggio-al-termine-della-forma-alla-gam-maestri-della-fotografia-non-oggettiva\/"},"wordCount":978,"commentCount":0,"image":{"@id":"https:\/\/web.quotidianopiemontese.it\/cultura-arte-e-spettacolo-a-torino\/viaggio-al-termine-della-forma-alla-gam-maestri-della-fotografia-non-oggettiva\/#primaryimage"},"thumbnailUrl":"https:\/\/web.quotidianopiemontese.it\/cultura-arte-e-spettacolo-a-torino\/files\/2020\/09\/07_CAVALLI-Opera-n.-20-anni-50.jpg","keywords":["fotografia","gam"],"articleSection":["Cultura, arte, spettacolo"],"inLanguage":"it-IT","potentialAction":[{"@type":"CommentAction","name":"Comment","target":["https:\/\/web.quotidianopiemontese.it\/cultura-arte-e-spettacolo-a-torino\/viaggio-al-termine-della-forma-alla-gam-maestri-della-fotografia-non-oggettiva\/#respond"]}]},{"@type":"WebPage","@id":"https:\/\/web.quotidianopiemontese.it\/cultura-arte-e-spettacolo-a-torino\/viaggio-al-termine-della-forma-alla-gam-maestri-della-fotografia-non-oggettiva\/","url":"https:\/\/web.quotidianopiemontese.it\/cultura-arte-e-spettacolo-a-torino\/viaggio-al-termine-della-forma-alla-gam-maestri-della-fotografia-non-oggettiva\/","name":"Viaggio al termine della forma. Alla GAM i Maestri della fotografia non oggettiva - 3 Settembre 2020","isPartOf":{"@id":"https:\/\/web.quotidianopiemontese.it\/cultura-arte-e-spettacolo-a-torino\/#website"},"primaryImageOfPage":{"@id":"https:\/\/web.quotidianopiemontese.it\/cultura-arte-e-spettacolo-a-torino\/viaggio-al-termine-della-forma-alla-gam-maestri-della-fotografia-non-oggettiva\/#primaryimage"},"image":{"@id":"https:\/\/web.quotidianopiemontese.it\/cultura-arte-e-spettacolo-a-torino\/viaggio-al-termine-della-forma-alla-gam-maestri-della-fotografia-non-oggettiva\/#primaryimage"},"thumbnailUrl":"https:\/\/web.quotidianopiemontese.it\/cultura-arte-e-spettacolo-a-torino\/files\/2020\/09\/07_CAVALLI-Opera-n.-20-anni-50.jpg","datePublished":"2020-09-03T07:44:26+00:00","author":{"@id":"https:\/\/web.quotidianopiemontese.it\/cultura-arte-e-spettacolo-a-torino\/#\/schema\/person\/b035109a4cc7d3e93911b78d8cebf3a0"},"description":"Viaggio al termine della forma. Alla GAM i Maestri della fotografia non oggettiva - Cultura, Arte e Spettacolo a Torino - Ossidazioni, idrogrammi, inversioni tonali, immagini solarizzate, sfere liquide, cerchi luminosi macchie biomorfe, vibrazioni visive, matasse filanti: 50 - fotografia, gam","inLanguage":"it-IT","potentialAction":[{"@type":"ReadAction","target":["https:\/\/web.quotidianopiemontese.it\/cultura-arte-e-spettacolo-a-torino\/viaggio-al-termine-della-forma-alla-gam-maestri-della-fotografia-non-oggettiva\/"]}]},{"@type":"ImageObject","inLanguage":"it-IT","@id":"https:\/\/web.quotidianopiemontese.it\/cultura-arte-e-spettacolo-a-torino\/viaggio-al-termine-della-forma-alla-gam-maestri-della-fotografia-non-oggettiva\/#primaryimage","url":"https:\/\/web.quotidianopiemontese.it\/cultura-arte-e-spettacolo-a-torino\/files\/2020\/09\/07_CAVALLI-Opera-n.-20-anni-50.jpg","contentUrl":"https:\/\/web.quotidianopiemontese.it\/cultura-arte-e-spettacolo-a-torino\/files\/2020\/09\/07_CAVALLI-Opera-n.-20-anni-50.jpg","width":3654,"height":2688},{"@type":"WebSite","@id":"https:\/\/web.quotidianopiemontese.it\/cultura-arte-e-spettacolo-a-torino\/#website","url":"https:\/\/web.quotidianopiemontese.it\/cultura-arte-e-spettacolo-a-torino\/","name":"Cultura, Arte e Spettacolo a Torino","description":"Quotidiano Piemontese","potentialAction":[{"@type":"SearchAction","target":{"@type":"EntryPoint","urlTemplate":"https:\/\/web.quotidianopiemontese.it\/cultura-arte-e-spettacolo-a-torino\/?s={search_term_string}"},"query-input":{"@type":"PropertyValueSpecification","valueRequired":true,"valueName":"search_term_string"}}],"inLanguage":"it-IT"},{"@type":"Person","@id":"https:\/\/web.quotidianopiemontese.it\/cultura-arte-e-spettacolo-a-torino\/#\/schema\/person\/b035109a4cc7d3e93911b78d8cebf3a0","name":"Emanuele Rebuffini","image":{"@type":"ImageObject","inLanguage":"it-IT","@id":"https:\/\/web.quotidianopiemontese.it\/cultura-arte-e-spettacolo-a-torino\/#\/schema\/person\/image\/","url":"https:\/\/secure.gravatar.com\/avatar\/519a0a38be4cbbcf40fb5bc1b1173a85af291a3a8697df454a94ad7e05574628?s=96&d=mm&r=g","contentUrl":"https:\/\/secure.gravatar.com\/avatar\/519a0a38be4cbbcf40fb5bc1b1173a85af291a3a8697df454a94ad7e05574628?s=96&d=mm&r=g","caption":"Emanuele Rebuffini"},"sameAs":["http:\/\/www.quotidianopiemontese.it\/cultura-arte-e-spettacolo-a-torino\/"],"url":"https:\/\/web.quotidianopiemontese.it\/cultura-arte-e-spettacolo-a-torino\/author\/emanuelerebuffini\/"}]}},"_links":{"self":[{"href":"https:\/\/web.quotidianopiemontese.it\/cultura-arte-e-spettacolo-a-torino\/wp-json\/wp\/v2\/posts\/586","targetHints":{"allow":["GET"]}}],"collection":[{"href":"https:\/\/web.quotidianopiemontese.it\/cultura-arte-e-spettacolo-a-torino\/wp-json\/wp\/v2\/posts"}],"about":[{"href":"https:\/\/web.quotidianopiemontese.it\/cultura-arte-e-spettacolo-a-torino\/wp-json\/wp\/v2\/types\/post"}],"author":[{"embeddable":true,"href":"https:\/\/web.quotidianopiemontese.it\/cultura-arte-e-spettacolo-a-torino\/wp-json\/wp\/v2\/users\/1361"}],"replies":[{"embeddable":true,"href":"https:\/\/web.quotidianopiemontese.it\/cultura-arte-e-spettacolo-a-torino\/wp-json\/wp\/v2\/comments?post=586"}],"version-history":[{"count":0,"href":"https:\/\/web.quotidianopiemontese.it\/cultura-arte-e-spettacolo-a-torino\/wp-json\/wp\/v2\/posts\/586\/revisions"}],"wp:featuredmedia":[{"embeddable":true,"href":"https:\/\/web.quotidianopiemontese.it\/cultura-arte-e-spettacolo-a-torino\/wp-json\/wp\/v2\/media\/587"}],"wp:attachment":[{"href":"https:\/\/web.quotidianopiemontese.it\/cultura-arte-e-spettacolo-a-torino\/wp-json\/wp\/v2\/media?parent=586"}],"wp:term":[{"taxonomy":"category","embeddable":true,"href":"https:\/\/web.quotidianopiemontese.it\/cultura-arte-e-spettacolo-a-torino\/wp-json\/wp\/v2\/categories?post=586"},{"taxonomy":"post_tag","embeddable":true,"href":"https:\/\/web.quotidianopiemontese.it\/cultura-arte-e-spettacolo-a-torino\/wp-json\/wp\/v2\/tags?post=586"}],"curies":[{"name":"wp","href":"https:\/\/api.w.org\/{rel}","templated":true}]}}