{"id":574,"date":"2020-06-29T09:21:11","date_gmt":"2020-06-29T07:21:11","guid":{"rendered":"http:\/\/web.quotidianopiemontese.it\/cultura-arte-e-spettacolo-a-torino\/?p=574"},"modified":"2020-06-29T09:21:11","modified_gmt":"2020-06-29T07:21:11","slug":"capa-ghirri-la-collezione-bertero-memoria-passione","status":"publish","type":"post","link":"https:\/\/web.quotidianopiemontese.it\/cultura-arte-e-spettacolo-a-torino\/capa-ghirri-la-collezione-bertero-memoria-passione\/","title":{"rendered":"Da Capa a Ghirri. La Collezione Bertero tra \u00abMemoria e Passione\u00bb"},"content":{"rendered":"<p>\u00abPer me il valore primario di una fotografia \u00e8 il suo valore di documento, di testimonianza di un certo evento, di un certo momento storico, \u00e8 la memoria delle persone, di ognuno di noi\u00bb. Nel 1998, in occasione di Artissima, <strong>Guido Bertero<\/strong>, appassionato collezionista di arte moderna e contemporanea, acquista per le figlie due fotografie dell\u2019artista americana Jan Groover.<!--more--><\/p>\n<p>Nasce cos\u00ec, in modo casuale, quella che a oggi \u00e8 per dimensioni, originalit\u00e0 e qualit\u00e0, una delle pi\u00f9 importanti raccolte fotografiche dedicate al <strong>Neorealismo<\/strong>, termine che definisce soprattutto uno stile cinematografico ma che \u00e8 stato applicato anche alla fotografia per indicare una tendenza incentrata sulla rappresentazione documentaristica del reale.<\/p>\n<figure id=\"attachment_576\" aria-describedby=\"caption-attachment-576\" style=\"width: 300px\" class=\"wp-caption alignnone\"><a href=\"http:\/\/web.quotidianopiemontese.it\/cultura-arte-e-spettacolo-a-torino\/files\/2020\/06\/82928178_10222684233756145_6016083234411879075_o.jpg\"><img loading=\"lazy\" decoding=\"async\" class=\"size-medium wp-image-576\" src=\"http:\/\/web.quotidianopiemontese.it\/cultura-arte-e-spettacolo-a-torino\/files\/2020\/06\/82928178_10222684233756145_6016083234411879075_o-300x227.jpg\" alt=\"\" width=\"300\" height=\"227\" srcset=\"https:\/\/web.quotidianopiemontese.it\/cultura-arte-e-spettacolo-a-torino\/files\/2020\/06\/82928178_10222684233756145_6016083234411879075_o-300x227.jpg 300w, https:\/\/web.quotidianopiemontese.it\/cultura-arte-e-spettacolo-a-torino\/files\/2020\/06\/82928178_10222684233756145_6016083234411879075_o-768x581.jpg 768w, https:\/\/web.quotidianopiemontese.it\/cultura-arte-e-spettacolo-a-torino\/files\/2020\/06\/82928178_10222684233756145_6016083234411879075_o-200x150.jpg 200w, https:\/\/web.quotidianopiemontese.it\/cultura-arte-e-spettacolo-a-torino\/files\/2020\/06\/82928178_10222684233756145_6016083234411879075_o.jpg 960w\" sizes=\"auto, (max-width: 300px) 85vw, 300px\" \/><\/a><figcaption id=\"caption-attachment-576\" class=\"wp-caption-text\"><em>William Klein, Koffee and attendants<\/em><br \/><em>1956 \u00a9 William Klein<\/em><\/figcaption><\/figure>\n<p>Il nucleo principale della <strong>Collezione Bertero<\/strong> \u00e8 dato dalle fotografie che raccontano l\u2019Italia del dopoguerra, opera sia di fotografi stranieri, spesso giovani reporter al seguito delle truppe americane che poi si fermarono in Italia (<strong>David Seymour, William Klein, Herbert List, Bruno Barbey<\/strong>), sia di autori italiani allora emergenti e divenuti in seguito tra i grandi maestri della fotografia italiana. Contadini, minatori, seminaristi, famiglie, nobildonne, commendatori, barbieri, baristi, militari, bambini, dongiovanni a met\u00e0 strada tra Sordi e Fabrizi: nelle fotografie collezionate da <strong>Guido Bertero<\/strong>, un intero Paese si mette in posa, e quello che scaturisce \u00e8 un vero ritratto antropologico degli usi e dei costumi italici.<\/p>\n<figure id=\"attachment_577\" aria-describedby=\"caption-attachment-577\" style=\"width: 300px\" class=\"wp-caption alignnone\"><a href=\"http:\/\/web.quotidianopiemontese.it\/cultura-arte-e-spettacolo-a-torino\/files\/2020\/06\/106730493_10222684234356160_1346649031346468016_o.jpg\"><img loading=\"lazy\" decoding=\"async\" class=\"size-medium wp-image-577\" src=\"http:\/\/web.quotidianopiemontese.it\/cultura-arte-e-spettacolo-a-torino\/files\/2020\/06\/106730493_10222684234356160_1346649031346468016_o-300x189.jpg\" alt=\"\" width=\"300\" height=\"189\" srcset=\"https:\/\/web.quotidianopiemontese.it\/cultura-arte-e-spettacolo-a-torino\/files\/2020\/06\/106730493_10222684234356160_1346649031346468016_o-300x189.jpg 300w, https:\/\/web.quotidianopiemontese.it\/cultura-arte-e-spettacolo-a-torino\/files\/2020\/06\/106730493_10222684234356160_1346649031346468016_o-768x484.jpg 768w, https:\/\/web.quotidianopiemontese.it\/cultura-arte-e-spettacolo-a-torino\/files\/2020\/06\/106730493_10222684234356160_1346649031346468016_o.jpg 960w\" sizes=\"auto, (max-width: 300px) 85vw, 300px\" \/><\/a><figcaption id=\"caption-attachment-577\" class=\"wp-caption-text\"><em>Robert Capa, Sicilia, nei pressi di Troina (provincia di Enna), agosto 1943.<\/em><br \/><em>Contadino siciliano indica a ufficiale statunitense la strada presa dai tedeschi.<\/em><br \/><em>1943 \u00a9 Robert Capa<\/em><br \/><em>Courtesy International Center of Photography\/Magnum Photos\/contrasto<\/em><\/figcaption><\/figure>\n<p>Fino al <strong>30 agosto<\/strong> <strong>CAMERA-Centro Italiano per la Fotografia <\/strong>ospita \u00ab<strong>Memoria e Passione. Da Capa a Ghirri. Capolavori dalla Collezione Bertero\u00bb.<\/strong> Tra le oltre duemila immagini che compongono la collezione, <strong>Walter Guadagnini, Barbara Bergaglio<\/strong> e <strong>Monica Poggi<\/strong> ne hanno scelte circa trecento, realizzate da cinquanta autori, partendo dalla scena italiana per allargarsi a quella americana e abbracciando dagli anni Trenta agli Ottanta del secolo scorso, e tra questi Gabriele Basilico, Gianni Berengo Gardin, Robert Capa, Lisetta Carmi, Henri Cartier-Bresson, Mario Cattaneo, Carla Cerati, Mario Cresci, Mario De Biasi, Mario Dondero, Alfred Eisenstaedt, Franco Fontana, Luigi Ghirri, Mario Giacomelli, Mimmo Jodice, Duane Michals, Ugo Mulas, Ruth Orkin, Federico Patellani, Ferdinando Scianna, Franco Vimercati e Michele Zaza.<\/p>\n<figure id=\"attachment_578\" aria-describedby=\"caption-attachment-578\" style=\"width: 300px\" class=\"wp-caption alignnone\"><a href=\"http:\/\/web.quotidianopiemontese.it\/cultura-arte-e-spettacolo-a-torino\/files\/2020\/06\/73324141_10222684236516214_6557878784588020597_o.jpg\"><img loading=\"lazy\" decoding=\"async\" class=\"size-medium wp-image-578\" src=\"http:\/\/web.quotidianopiemontese.it\/cultura-arte-e-spettacolo-a-torino\/files\/2020\/06\/73324141_10222684236516214_6557878784588020597_o-300x212.jpg\" alt=\"\" width=\"300\" height=\"212\" srcset=\"https:\/\/web.quotidianopiemontese.it\/cultura-arte-e-spettacolo-a-torino\/files\/2020\/06\/73324141_10222684236516214_6557878784588020597_o-300x212.jpg 300w, https:\/\/web.quotidianopiemontese.it\/cultura-arte-e-spettacolo-a-torino\/files\/2020\/06\/73324141_10222684236516214_6557878784588020597_o-768x542.jpg 768w, https:\/\/web.quotidianopiemontese.it\/cultura-arte-e-spettacolo-a-torino\/files\/2020\/06\/73324141_10222684236516214_6557878784588020597_o.jpg 960w\" sizes=\"auto, (max-width: 300px) 85vw, 300px\" \/><\/a><figcaption id=\"caption-attachment-578\" class=\"wp-caption-text\"><em>Jan Groover, Untitled<\/em><br \/><em>1981 \u00a9 eredi Jan Groover<\/em><br \/><em>Courtesy the artist and Galleria Raffaella Cortese, Milano<\/em><\/figcaption><\/figure>\n<p>Una mostra che \u00e8 la storia di un collezionista (non a caso si apre con uno dei quadri specchianti di Michelangelo Pistoletto), e al contempo un racconto dell\u2019Italia tra gli anni Quaranta e gli anni Sessanta attraverso scatti che hanno contribuito a creare l\u2019icona del Belpaese nell\u2019immaginario collettivo.<\/p>\n<figure id=\"attachment_579\" aria-describedby=\"caption-attachment-579\" style=\"width: 300px\" class=\"wp-caption alignnone\"><a href=\"http:\/\/web.quotidianopiemontese.it\/cultura-arte-e-spettacolo-a-torino\/files\/2020\/06\/106275806_10222684236836222_8053750464469437526_o.jpg\"><img loading=\"lazy\" decoding=\"async\" class=\"size-medium wp-image-579\" src=\"http:\/\/web.quotidianopiemontese.it\/cultura-arte-e-spettacolo-a-torino\/files\/2020\/06\/106275806_10222684236836222_8053750464469437526_o-300x202.jpg\" alt=\"\" width=\"300\" height=\"202\" srcset=\"https:\/\/web.quotidianopiemontese.it\/cultura-arte-e-spettacolo-a-torino\/files\/2020\/06\/106275806_10222684236836222_8053750464469437526_o-300x202.jpg 300w, https:\/\/web.quotidianopiemontese.it\/cultura-arte-e-spettacolo-a-torino\/files\/2020\/06\/106275806_10222684236836222_8053750464469437526_o-768x517.jpg 768w, https:\/\/web.quotidianopiemontese.it\/cultura-arte-e-spettacolo-a-torino\/files\/2020\/06\/106275806_10222684236836222_8053750464469437526_o.jpg 960w\" sizes=\"auto, (max-width: 300px) 85vw, 300px\" \/><\/a><figcaption id=\"caption-attachment-579\" class=\"wp-caption-text\"><em>Mario De Biasi, Gli italiani si voltano. Moira Orfei<\/em><br \/><em>1954 \u00a9 Archivio Mario De Biasi<\/em><br \/><em>distribuito da Mondadori Portfolio<\/em><\/figcaption><\/figure>\n<p>Fra le numerose opere in mostra ci sono alcuni dei capolavori che hanno fatto la storia della fotografia internazionale come \u00abLa strada per Palermo\u00bb, foto simbolo dello sbarco americano in Sicilia realizzata da <strong>Robert Capa<\/strong> nel 1943; \u00abAmerican girl in Italy, Firenze\u00bb di <strong>Ruth Orkin<\/strong> che nel 1951 ritrae una turista americana in vacanza a Firenze mentre si avvolge lo scialle; il reportage dedicato all\u2019Italia da <strong>Henri Cartier-Bresson<\/strong> nel 1952. Tante sono le opere che hanno segnato in maniera decisiva l\u2019evoluzione della fotografia italiana, come \u00abGli italiani si voltano\u00bb (1954) di <strong>Mario De Biasi<\/strong>, dove un gruppo di uomini ammira la bellezza di una giovane Moira Orfei che passeggia in abito bianco tra gli sguardi ammirati per le strade di Milano; i due amanti appartati fra le dune di un lido veneziano, scovati da <strong>Gianni Berengo Gardin<\/strong> nel 1958; gli scorci popolari di <strong>Enzo Sellerio<\/strong> che in \u00abPalermo, via S. Agostino\u00bb (1960) ritrae una coppia di bambini che trasportano due sedie sopra la testa; i pretini che giocano nella neve, ritratti da <strong>Mario Giacomelli<\/strong> nel 1961 in composizioni eteree e astratte; la vita mondana milanese tra vernissage e parties della serie \u00abMondo Cocktail\u00bb, realizzata da <strong>Carla Cerati<\/strong> all\u2019inizio degli anni Settanta durante le inaugurazioni di gallerie d\u2019arte e negozi della Milano bene, la comunit\u00e0 trans raccontata da <strong>Lisetta Carmi.<\/strong><\/p>\n<figure id=\"attachment_580\" aria-describedby=\"caption-attachment-580\" style=\"width: 300px\" class=\"wp-caption alignnone\"><a href=\"http:\/\/web.quotidianopiemontese.it\/cultura-arte-e-spettacolo-a-torino\/files\/2020\/06\/106277653_10222684234836172_8251712928282794247_o.jpg\"><img loading=\"lazy\" decoding=\"async\" class=\"size-medium wp-image-580\" src=\"http:\/\/web.quotidianopiemontese.it\/cultura-arte-e-spettacolo-a-torino\/files\/2020\/06\/106277653_10222684234836172_8251712928282794247_o-300x201.jpg\" alt=\"\" width=\"300\" height=\"201\" srcset=\"https:\/\/web.quotidianopiemontese.it\/cultura-arte-e-spettacolo-a-torino\/files\/2020\/06\/106277653_10222684234836172_8251712928282794247_o-300x201.jpg 300w, https:\/\/web.quotidianopiemontese.it\/cultura-arte-e-spettacolo-a-torino\/files\/2020\/06\/106277653_10222684234836172_8251712928282794247_o-768x514.jpg 768w, https:\/\/web.quotidianopiemontese.it\/cultura-arte-e-spettacolo-a-torino\/files\/2020\/06\/106277653_10222684234836172_8251712928282794247_o-600x400.jpg 600w, https:\/\/web.quotidianopiemontese.it\/cultura-arte-e-spettacolo-a-torino\/files\/2020\/06\/106277653_10222684234836172_8251712928282794247_o.jpg 960w\" sizes=\"auto, (max-width: 300px) 85vw, 300px\" \/><\/a><figcaption id=\"caption-attachment-580\" class=\"wp-caption-text\"><em>Gianni Berengo Gardin, Venezia. Il lido<\/em><br \/><em>1958 \u00a9 Gianni Berengo Gardin<\/em><br \/><em>Courtesy Fondazione Forma per la Fotografia<\/em><\/figcaption><\/figure>\n<p>E ancora, Federico Fellini sul set di 8\u00bd e lo spogliarello di A\u00efch\u00e9 Nan\u00e0 al Rugantino immortalati da <strong>Tazio Secchiaroli, <\/strong>i minatori di Carbonia di<strong> Federico Patellani <\/strong>(1950), la devozione religiosa raccontata da <strong>Ferdinando Scianna <\/strong>(\u00abPellegrinaggio a Santa Rosalia\u00bb del 1962 e \u00abFesta di sant\u2019Alfio, Cirino e Filadelfo\u00bb del 1964),<strong> Mario Cattaneo (<\/strong>\u00abVicoli di Napoli. Bambini sul tram\u00bb, 1951),<strong> Cecilia Mangini <\/strong>(\u00abIl pranzo in arrivo\u00bb, 1952),<strong> Fulvio Roiter\u00a0 <\/strong>(\u00abSulla strada Gela-Niscemi\u00bb 1953),<strong> Nino Migliori <\/strong>(\u00abIl garzone del barbiere\u00bb, 1956),<strong> Uliano Lucas <\/strong>(\u00abEmigrante in piazza Duca d\u2019Aosta\u00bb, 1968), <strong>Piergiorgio Branzi<\/strong> (\u00abRagazzo con orologio\u00bb, 1956).<\/p>\n<figure id=\"attachment_581\" aria-describedby=\"caption-attachment-581\" style=\"width: 290px\" class=\"wp-caption alignnone\"><a href=\"http:\/\/web.quotidianopiemontese.it\/cultura-arte-e-spettacolo-a-torino\/files\/2020\/06\/106187721_10222684232236107_5268057626165832361_o.jpg\"><img loading=\"lazy\" decoding=\"async\" class=\"size-medium wp-image-581\" src=\"http:\/\/web.quotidianopiemontese.it\/cultura-arte-e-spettacolo-a-torino\/files\/2020\/06\/106187721_10222684232236107_5268057626165832361_o-290x300.jpg\" alt=\"\" width=\"290\" height=\"300\" srcset=\"https:\/\/web.quotidianopiemontese.it\/cultura-arte-e-spettacolo-a-torino\/files\/2020\/06\/106187721_10222684232236107_5268057626165832361_o-290x300.jpg 290w, https:\/\/web.quotidianopiemontese.it\/cultura-arte-e-spettacolo-a-torino\/files\/2020\/06\/106187721_10222684232236107_5268057626165832361_o-768x794.jpg 768w, https:\/\/web.quotidianopiemontese.it\/cultura-arte-e-spettacolo-a-torino\/files\/2020\/06\/106187721_10222684232236107_5268057626165832361_o.jpg 929w\" sizes=\"auto, (max-width: 290px) 85vw, 290px\" \/><\/a><figcaption id=\"caption-attachment-581\" class=\"wp-caption-text\"><em>Federico Patellani, Carbonia, 1950. Minatori<\/em><br \/><em>\u00a9 eredi Federico Patellani<\/em><br \/><em>Courtesy Museo di Fotografia Contemporanea<\/em><br \/><em>di Cinisello Balsamo<\/em><\/figcaption><\/figure>\n<p>Una sezione della mostra \u00e8 dedicata alla leggendaria campagna fotografica che prese il nome di FSA <strong>(Farm Security Administration<\/strong>), ovvero la pi\u00f9 grande esperienza di committenza pubblica della storia della fotografia voluta a met\u00e0 degli anni Trenta dall\u2019amministrazione Roosvelt per documentare lo stato dell\u2019agricoltura dopo la Grande Depressione (oltre 77mila fotografie), e al lavoro della <strong>Photo League<\/strong> sulla nuova classe lavoratrice urbana e sull\u2019evoluzione del contesto urbano. Attraverso gli scatti di <strong>Ben Shahn, Joseph Kaplan, Russel Lee, Dorothea Lange<\/strong> si afferma il ruolo sociale del fotografo e una nuova concezione del fotoreportage.<\/p>\n<figure id=\"attachment_582\" aria-describedby=\"caption-attachment-582\" style=\"width: 300px\" class=\"wp-caption alignnone\"><a href=\"http:\/\/web.quotidianopiemontese.it\/cultura-arte-e-spettacolo-a-torino\/files\/2020\/06\/106452760_10222684232516114_5383968716187682329_o.jpg\"><img loading=\"lazy\" decoding=\"async\" class=\"size-medium wp-image-582\" src=\"http:\/\/web.quotidianopiemontese.it\/cultura-arte-e-spettacolo-a-torino\/files\/2020\/06\/106452760_10222684232516114_5383968716187682329_o-300x200.jpg\" alt=\"\" width=\"300\" height=\"200\" srcset=\"https:\/\/web.quotidianopiemontese.it\/cultura-arte-e-spettacolo-a-torino\/files\/2020\/06\/106452760_10222684232516114_5383968716187682329_o-300x200.jpg 300w, https:\/\/web.quotidianopiemontese.it\/cultura-arte-e-spettacolo-a-torino\/files\/2020\/06\/106452760_10222684232516114_5383968716187682329_o-768x512.jpg 768w, https:\/\/web.quotidianopiemontese.it\/cultura-arte-e-spettacolo-a-torino\/files\/2020\/06\/106452760_10222684232516114_5383968716187682329_o-600x400.jpg 600w, https:\/\/web.quotidianopiemontese.it\/cultura-arte-e-spettacolo-a-torino\/files\/2020\/06\/106452760_10222684232516114_5383968716187682329_o.jpg 960w\" sizes=\"auto, (max-width: 300px) 85vw, 300px\" \/><\/a><figcaption id=\"caption-attachment-582\" class=\"wp-caption-text\"><em>Franco Fontana, Basilicata<\/em><br \/><em>1975 \u00a9 Franco Fontana<\/em><\/figcaption><\/figure>\n<p>Nonostante che a <strong>Guido Bertero<\/strong> ci\u00f2 che interessa nella fotografia \u00e8 la capacit\u00e0 di essere memoria vivente dei fatti, dei luoghi, delle persone in un determinato momento storico, raccontando storie al contempo personali e collettive, la sua collezione, cresciuta negli anni sotto la guida di <strong>Enrica Vigan\u00f2,<\/strong> ha saputo andare oltre i confini dell\u2019estetica neorelista per approdare a quella concettuale, indagando le ricerche pi\u00f9 sperimentali e le composizioni di carattere astratto capaci di violare ogni convenzione fotografica. In mostra quindi troviamo anche le celebri \u00abVerifiche\u00bb (1969-72) di <strong>Ugo Mulas<\/strong>, attraverso cui il fotografo ha indagato e scardinato alcuni dogmi del linguaggio fotografico; i viaggi immaginari e le riscritture del paesaggio di <strong>Luigi Ghirri<\/strong> e <strong>Franco Fontana<\/strong>; le geometrie raffinate di <strong>Gabriele Basilico<\/strong> (\u00abRitratti di fabbriche\u00bb, 1978-80); la bellezza silenziosa della rilettura di <strong>Mimmo Jodice<\/strong> della cultura millenaria mediterranea. \u00abGli ultimi rappresentanti di un\u2019idea della fotografia nella quale mi riconosco, una generazione che ha saputo rinnovare il linguaggio continuando a raccontare la realt\u00e0 (\u2026). La macchina fotografica pu\u00f2 essere anche uno strumento come un pennello, con il quale tu realizzi delle immagini che non hanno bisogno del riferimento diretto alla realt\u00e0, immagini che portano con s\u00e9 un\u2019idea di bellezza e anche del tempo che le ha generate\u00bb. Cos\u00ec se la beccheria fotografata da <strong>Nino Migliori<\/strong> nel 1956 \u00e8 un \u00abdocumento esemplare di come si viveva in un certo luogo in un certo momento, riconosci ogni dettaglio della storia di quelle persone e di quel luogo\u00bb, guardando le sue Ossidazioni, \u00abmi sembra di vedere un quadro di Hartung\u00bb.<\/p>\n<figure id=\"attachment_583\" aria-describedby=\"caption-attachment-583\" style=\"width: 300px\" class=\"wp-caption alignnone\"><a href=\"http:\/\/web.quotidianopiemontese.it\/cultura-arte-e-spettacolo-a-torino\/files\/2020\/06\/106205467_10222684232156105_1618669357204112321_o.jpg\"><img loading=\"lazy\" decoding=\"async\" class=\"size-medium wp-image-583\" src=\"http:\/\/web.quotidianopiemontese.it\/cultura-arte-e-spettacolo-a-torino\/files\/2020\/06\/106205467_10222684232156105_1618669357204112321_o-300x201.jpg\" alt=\"\" width=\"300\" height=\"201\" srcset=\"https:\/\/web.quotidianopiemontese.it\/cultura-arte-e-spettacolo-a-torino\/files\/2020\/06\/106205467_10222684232156105_1618669357204112321_o-300x201.jpg 300w, https:\/\/web.quotidianopiemontese.it\/cultura-arte-e-spettacolo-a-torino\/files\/2020\/06\/106205467_10222684232156105_1618669357204112321_o-768x515.jpg 768w, https:\/\/web.quotidianopiemontese.it\/cultura-arte-e-spettacolo-a-torino\/files\/2020\/06\/106205467_10222684232156105_1618669357204112321_o-600x400.jpg 600w, https:\/\/web.quotidianopiemontese.it\/cultura-arte-e-spettacolo-a-torino\/files\/2020\/06\/106205467_10222684232156105_1618669357204112321_o.jpg 960w\" sizes=\"auto, (max-width: 300px) 85vw, 300px\" \/><\/a><figcaption id=\"caption-attachment-583\" class=\"wp-caption-text\"><em>Ferdinando Scianna, Trecastagni, provincia di Catania,<\/em><br \/><em>1963. Festa di Sant\u2019Alfio, Cirino e Filadelfo.<\/em><br \/><em>\u00a9 Ferdinando Scianna\/Magnum Photos\/contrasto<\/em><\/figcaption><\/figure>\n<p>La mostra \u00e8 accompagnata da un volume pubblicato da <strong>Umberto Allemandi<\/strong> introdotto da Walter Guadagnini. In copertina, l\u2019utimo acquisto di <strong>Guido Bertero<\/strong>: \u00abAlpe di Siusi\u00bb di <strong>Luigi Ghirri<\/strong>, del 1979. Una coppia che si avvia verso una montagna, chiss\u00e0 quanta strada hanno percorso, ma gliene resta ancora tanta per arrivare alla loro meta. Una foto al contempo serena e malinconica che suona come una dichiarazione di poetica. Perch\u00e9 \u00able immagini sono enigmi che si risolvono con il cuore\u00bb (Luigi Ghirri).<\/p>\n<p><a href=\"http:\/\/www.camera.to\/\">www.camera.to<\/a><\/p>\n<p><strong>Emanuele Rebuffini<\/strong><\/p>\n<p>&nbsp;<\/p>\n","protected":false},"excerpt":{"rendered":"<p>\u00abPer me il valore primario di una fotografia \u00e8 il suo valore di documento, di testimonianza di un certo evento, di un certo momento storico, \u00e8 la memoria delle persone, di ognuno di noi\u00bb. Nel 1998, in occasione di Artissima, Guido Bertero, appassionato collezionista di arte moderna e contemporanea, acquista per le figlie due fotografie &hellip; <a href=\"https:\/\/web.quotidianopiemontese.it\/cultura-arte-e-spettacolo-a-torino\/capa-ghirri-la-collezione-bertero-memoria-passione\/\" class=\"more-link\">Leggi tutto<span class=\"screen-reader-text\"> &#8220;Da Capa a Ghirri. La Collezione Bertero tra \u00abMemoria e Passione\u00bb&#8221;<\/span><\/a><\/p>\n","protected":false},"author":1361,"featured_media":575,"comment_status":"open","ping_status":"open","sticky":false,"template":"","format":"standard","meta":{"footnotes":""},"categories":[1],"tags":[77,142,143],"class_list":["post-574","post","type-post","status-publish","format-standard","has-post-thumbnail","hentry","category-cultura-arte-spettacolo","tag-camera","tag-guido-bertero","tag-neorealismo"],"yoast_head":"<!-- This site is optimized with the Yoast SEO plugin v27.1.1 - https:\/\/yoast.com\/product\/yoast-seo-wordpress\/ -->\n<title>Da Capa a Ghirri. La Collezione Bertero tra \u00abMemoria e Passione\u00bb - 29 Giugno 2020<\/title>\n<meta name=\"description\" content=\"Da Capa a Ghirri. La Collezione Bertero tra \u00abMemoria e Passione\u00bb - Cultura, Arte e Spettacolo a Torino - \u00abPer me il valore primario di una fotografia \u00e8 il suo valore di documento, di testimonianza di un certo evento, di un certo momento storico, \u00e8 la memoria - Camera, Guido Bertero, neorealismo\" \/>\n<meta name=\"robots\" content=\"index, follow, max-snippet:-1, max-image-preview:large, max-video-preview:-1\" \/>\n<link rel=\"canonical\" href=\"https:\/\/web.quotidianopiemontese.it\/cultura-arte-e-spettacolo-a-torino\/capa-ghirri-la-collezione-bertero-memoria-passione\/\" \/>\n<meta property=\"og:locale\" content=\"it_IT\" \/>\n<meta property=\"og:type\" content=\"article\" \/>\n<meta property=\"og:title\" content=\"Da Capa a Ghirri. La Collezione Bertero tra \u00abMemoria e Passione\u00bb - 29 Giugno 2020\" \/>\n<meta property=\"og:description\" content=\"Da Capa a Ghirri. La Collezione Bertero tra \u00abMemoria e Passione\u00bb - Cultura, Arte e Spettacolo a Torino - \u00abPer me il valore primario di una fotografia \u00e8 il suo valore di documento, di testimonianza di un certo evento, di un certo momento storico, \u00e8 la memoria - Camera, Guido Bertero, neorealismo\" \/>\n<meta property=\"og:url\" content=\"https:\/\/web.quotidianopiemontese.it\/cultura-arte-e-spettacolo-a-torino\/capa-ghirri-la-collezione-bertero-memoria-passione\/\" \/>\n<meta property=\"og:site_name\" content=\"Cultura, Arte e Spettacolo a Torino\" \/>\n<meta property=\"article:publisher\" content=\"https:\/\/www.facebook.com\/quotidianopiemontese?fref=ts\" \/>\n<meta property=\"article:published_time\" content=\"2020-06-29T07:21:11+00:00\" \/>\n<meta property=\"og:image\" content=\"https:\/\/web.quotidianopiemontese.it\/cultura-arte-e-spettacolo-a-torino\/files\/2020\/06\/106453570_10222684238116254_800203507107762414_o.jpg\" \/>\n\t<meta property=\"og:image:width\" content=\"960\" \/>\n\t<meta property=\"og:image:height\" content=\"473\" \/>\n\t<meta property=\"og:image:type\" content=\"image\/jpeg\" \/>\n<meta name=\"author\" content=\"Emanuele Rebuffini\" \/>\n<meta name=\"twitter:label1\" content=\"Scritto da\" \/>\n\t<meta name=\"twitter:data1\" content=\"Emanuele Rebuffini\" \/>\n\t<meta name=\"twitter:label2\" content=\"Tempo di lettura stimato\" \/>\n\t<meta name=\"twitter:data2\" content=\"6 minuti\" \/>\n<script type=\"application\/ld+json\" class=\"yoast-schema-graph\">{\"@context\":\"https:\/\/schema.org\",\"@graph\":[{\"@type\":\"Article\",\"@id\":\"https:\/\/web.quotidianopiemontese.it\/cultura-arte-e-spettacolo-a-torino\/capa-ghirri-la-collezione-bertero-memoria-passione\/#article\",\"isPartOf\":{\"@id\":\"https:\/\/web.quotidianopiemontese.it\/cultura-arte-e-spettacolo-a-torino\/capa-ghirri-la-collezione-bertero-memoria-passione\/\"},\"author\":{\"name\":\"Emanuele Rebuffini\",\"@id\":\"https:\/\/web.quotidianopiemontese.it\/cultura-arte-e-spettacolo-a-torino\/#\/schema\/person\/b035109a4cc7d3e93911b78d8cebf3a0\"},\"headline\":\"Da Capa a Ghirri. La Collezione Bertero tra \u00abMemoria e Passione\u00bb\",\"datePublished\":\"2020-06-29T07:21:11+00:00\",\"mainEntityOfPage\":{\"@id\":\"https:\/\/web.quotidianopiemontese.it\/cultura-arte-e-spettacolo-a-torino\/capa-ghirri-la-collezione-bertero-memoria-passione\/\"},\"wordCount\":1298,\"commentCount\":0,\"image\":{\"@id\":\"https:\/\/web.quotidianopiemontese.it\/cultura-arte-e-spettacolo-a-torino\/capa-ghirri-la-collezione-bertero-memoria-passione\/#primaryimage\"},\"thumbnailUrl\":\"https:\/\/web.quotidianopiemontese.it\/cultura-arte-e-spettacolo-a-torino\/files\/2020\/06\/106453570_10222684238116254_800203507107762414_o.jpg\",\"keywords\":[\"Camera\",\"Guido Bertero\",\"neorealismo\"],\"articleSection\":[\"Cultura, arte, spettacolo\"],\"inLanguage\":\"it-IT\",\"potentialAction\":[{\"@type\":\"CommentAction\",\"name\":\"Comment\",\"target\":[\"https:\/\/web.quotidianopiemontese.it\/cultura-arte-e-spettacolo-a-torino\/capa-ghirri-la-collezione-bertero-memoria-passione\/#respond\"]}]},{\"@type\":\"WebPage\",\"@id\":\"https:\/\/web.quotidianopiemontese.it\/cultura-arte-e-spettacolo-a-torino\/capa-ghirri-la-collezione-bertero-memoria-passione\/\",\"url\":\"https:\/\/web.quotidianopiemontese.it\/cultura-arte-e-spettacolo-a-torino\/capa-ghirri-la-collezione-bertero-memoria-passione\/\",\"name\":\"Da Capa a Ghirri. La Collezione Bertero tra \u00abMemoria e Passione\u00bb - 29 Giugno 2020\",\"isPartOf\":{\"@id\":\"https:\/\/web.quotidianopiemontese.it\/cultura-arte-e-spettacolo-a-torino\/#website\"},\"primaryImageOfPage\":{\"@id\":\"https:\/\/web.quotidianopiemontese.it\/cultura-arte-e-spettacolo-a-torino\/capa-ghirri-la-collezione-bertero-memoria-passione\/#primaryimage\"},\"image\":{\"@id\":\"https:\/\/web.quotidianopiemontese.it\/cultura-arte-e-spettacolo-a-torino\/capa-ghirri-la-collezione-bertero-memoria-passione\/#primaryimage\"},\"thumbnailUrl\":\"https:\/\/web.quotidianopiemontese.it\/cultura-arte-e-spettacolo-a-torino\/files\/2020\/06\/106453570_10222684238116254_800203507107762414_o.jpg\",\"datePublished\":\"2020-06-29T07:21:11+00:00\",\"author\":{\"@id\":\"https:\/\/web.quotidianopiemontese.it\/cultura-arte-e-spettacolo-a-torino\/#\/schema\/person\/b035109a4cc7d3e93911b78d8cebf3a0\"},\"description\":\"Da Capa a Ghirri. La Collezione Bertero tra \u00abMemoria e Passione\u00bb - Cultura, Arte e Spettacolo a Torino - \u00abPer me il valore primario di una fotografia \u00e8 il suo valore di documento, di testimonianza di un certo evento, di un certo momento storico, \u00e8 la memoria - Camera, Guido Bertero, neorealismo\",\"inLanguage\":\"it-IT\",\"potentialAction\":[{\"@type\":\"ReadAction\",\"target\":[\"https:\/\/web.quotidianopiemontese.it\/cultura-arte-e-spettacolo-a-torino\/capa-ghirri-la-collezione-bertero-memoria-passione\/\"]}]},{\"@type\":\"ImageObject\",\"inLanguage\":\"it-IT\",\"@id\":\"https:\/\/web.quotidianopiemontese.it\/cultura-arte-e-spettacolo-a-torino\/capa-ghirri-la-collezione-bertero-memoria-passione\/#primaryimage\",\"url\":\"https:\/\/web.quotidianopiemontese.it\/cultura-arte-e-spettacolo-a-torino\/files\/2020\/06\/106453570_10222684238116254_800203507107762414_o.jpg\",\"contentUrl\":\"https:\/\/web.quotidianopiemontese.it\/cultura-arte-e-spettacolo-a-torino\/files\/2020\/06\/106453570_10222684238116254_800203507107762414_o.jpg\",\"width\":960,\"height\":473},{\"@type\":\"WebSite\",\"@id\":\"https:\/\/web.quotidianopiemontese.it\/cultura-arte-e-spettacolo-a-torino\/#website\",\"url\":\"https:\/\/web.quotidianopiemontese.it\/cultura-arte-e-spettacolo-a-torino\/\",\"name\":\"Cultura, Arte e Spettacolo a Torino\",\"description\":\"Quotidiano Piemontese\",\"potentialAction\":[{\"@type\":\"SearchAction\",\"target\":{\"@type\":\"EntryPoint\",\"urlTemplate\":\"https:\/\/web.quotidianopiemontese.it\/cultura-arte-e-spettacolo-a-torino\/?s={search_term_string}\"},\"query-input\":{\"@type\":\"PropertyValueSpecification\",\"valueRequired\":true,\"valueName\":\"search_term_string\"}}],\"inLanguage\":\"it-IT\"},{\"@type\":\"Person\",\"@id\":\"https:\/\/web.quotidianopiemontese.it\/cultura-arte-e-spettacolo-a-torino\/#\/schema\/person\/b035109a4cc7d3e93911b78d8cebf3a0\",\"name\":\"Emanuele Rebuffini\",\"image\":{\"@type\":\"ImageObject\",\"inLanguage\":\"it-IT\",\"@id\":\"https:\/\/web.quotidianopiemontese.it\/cultura-arte-e-spettacolo-a-torino\/#\/schema\/person\/image\/\",\"url\":\"https:\/\/secure.gravatar.com\/avatar\/519a0a38be4cbbcf40fb5bc1b1173a85af291a3a8697df454a94ad7e05574628?s=96&d=mm&r=g\",\"contentUrl\":\"https:\/\/secure.gravatar.com\/avatar\/519a0a38be4cbbcf40fb5bc1b1173a85af291a3a8697df454a94ad7e05574628?s=96&d=mm&r=g\",\"caption\":\"Emanuele Rebuffini\"},\"sameAs\":[\"http:\/\/www.quotidianopiemontese.it\/cultura-arte-e-spettacolo-a-torino\/\"],\"url\":\"https:\/\/web.quotidianopiemontese.it\/cultura-arte-e-spettacolo-a-torino\/author\/emanuelerebuffini\/\"}]}<\/script>\n<!-- \/ Yoast SEO plugin. -->","yoast_head_json":{"title":"Da Capa a Ghirri. La Collezione Bertero tra \u00abMemoria e Passione\u00bb - 29 Giugno 2020","description":"Da Capa a Ghirri. La Collezione Bertero tra \u00abMemoria e Passione\u00bb - Cultura, Arte e Spettacolo a Torino - \u00abPer me il valore primario di una fotografia \u00e8 il suo valore di documento, di testimonianza di un certo evento, di un certo momento storico, \u00e8 la memoria - Camera, Guido Bertero, neorealismo","robots":{"index":"index","follow":"follow","max-snippet":"max-snippet:-1","max-image-preview":"max-image-preview:large","max-video-preview":"max-video-preview:-1"},"canonical":"https:\/\/web.quotidianopiemontese.it\/cultura-arte-e-spettacolo-a-torino\/capa-ghirri-la-collezione-bertero-memoria-passione\/","og_locale":"it_IT","og_type":"article","og_title":"Da Capa a Ghirri. La Collezione Bertero tra \u00abMemoria e Passione\u00bb - 29 Giugno 2020","og_description":"Da Capa a Ghirri. La Collezione Bertero tra \u00abMemoria e Passione\u00bb - Cultura, Arte e Spettacolo a Torino - \u00abPer me il valore primario di una fotografia \u00e8 il suo valore di documento, di testimonianza di un certo evento, di un certo momento storico, \u00e8 la memoria - Camera, Guido Bertero, neorealismo","og_url":"https:\/\/web.quotidianopiemontese.it\/cultura-arte-e-spettacolo-a-torino\/capa-ghirri-la-collezione-bertero-memoria-passione\/","og_site_name":"Cultura, Arte e Spettacolo a Torino","article_publisher":"https:\/\/www.facebook.com\/quotidianopiemontese?fref=ts","article_published_time":"2020-06-29T07:21:11+00:00","og_image":[{"width":960,"height":473,"url":"https:\/\/web.quotidianopiemontese.it\/cultura-arte-e-spettacolo-a-torino\/files\/2020\/06\/106453570_10222684238116254_800203507107762414_o.jpg","type":"image\/jpeg"}],"author":"Emanuele Rebuffini","twitter_misc":{"Scritto da":"Emanuele Rebuffini","Tempo di lettura stimato":"6 minuti"},"schema":{"@context":"https:\/\/schema.org","@graph":[{"@type":"Article","@id":"https:\/\/web.quotidianopiemontese.it\/cultura-arte-e-spettacolo-a-torino\/capa-ghirri-la-collezione-bertero-memoria-passione\/#article","isPartOf":{"@id":"https:\/\/web.quotidianopiemontese.it\/cultura-arte-e-spettacolo-a-torino\/capa-ghirri-la-collezione-bertero-memoria-passione\/"},"author":{"name":"Emanuele Rebuffini","@id":"https:\/\/web.quotidianopiemontese.it\/cultura-arte-e-spettacolo-a-torino\/#\/schema\/person\/b035109a4cc7d3e93911b78d8cebf3a0"},"headline":"Da Capa a Ghirri. La Collezione Bertero tra \u00abMemoria e Passione\u00bb","datePublished":"2020-06-29T07:21:11+00:00","mainEntityOfPage":{"@id":"https:\/\/web.quotidianopiemontese.it\/cultura-arte-e-spettacolo-a-torino\/capa-ghirri-la-collezione-bertero-memoria-passione\/"},"wordCount":1298,"commentCount":0,"image":{"@id":"https:\/\/web.quotidianopiemontese.it\/cultura-arte-e-spettacolo-a-torino\/capa-ghirri-la-collezione-bertero-memoria-passione\/#primaryimage"},"thumbnailUrl":"https:\/\/web.quotidianopiemontese.it\/cultura-arte-e-spettacolo-a-torino\/files\/2020\/06\/106453570_10222684238116254_800203507107762414_o.jpg","keywords":["Camera","Guido Bertero","neorealismo"],"articleSection":["Cultura, arte, spettacolo"],"inLanguage":"it-IT","potentialAction":[{"@type":"CommentAction","name":"Comment","target":["https:\/\/web.quotidianopiemontese.it\/cultura-arte-e-spettacolo-a-torino\/capa-ghirri-la-collezione-bertero-memoria-passione\/#respond"]}]},{"@type":"WebPage","@id":"https:\/\/web.quotidianopiemontese.it\/cultura-arte-e-spettacolo-a-torino\/capa-ghirri-la-collezione-bertero-memoria-passione\/","url":"https:\/\/web.quotidianopiemontese.it\/cultura-arte-e-spettacolo-a-torino\/capa-ghirri-la-collezione-bertero-memoria-passione\/","name":"Da Capa a Ghirri. La Collezione Bertero tra \u00abMemoria e Passione\u00bb - 29 Giugno 2020","isPartOf":{"@id":"https:\/\/web.quotidianopiemontese.it\/cultura-arte-e-spettacolo-a-torino\/#website"},"primaryImageOfPage":{"@id":"https:\/\/web.quotidianopiemontese.it\/cultura-arte-e-spettacolo-a-torino\/capa-ghirri-la-collezione-bertero-memoria-passione\/#primaryimage"},"image":{"@id":"https:\/\/web.quotidianopiemontese.it\/cultura-arte-e-spettacolo-a-torino\/capa-ghirri-la-collezione-bertero-memoria-passione\/#primaryimage"},"thumbnailUrl":"https:\/\/web.quotidianopiemontese.it\/cultura-arte-e-spettacolo-a-torino\/files\/2020\/06\/106453570_10222684238116254_800203507107762414_o.jpg","datePublished":"2020-06-29T07:21:11+00:00","author":{"@id":"https:\/\/web.quotidianopiemontese.it\/cultura-arte-e-spettacolo-a-torino\/#\/schema\/person\/b035109a4cc7d3e93911b78d8cebf3a0"},"description":"Da Capa a Ghirri. La Collezione Bertero tra \u00abMemoria e Passione\u00bb - Cultura, Arte e Spettacolo a Torino - \u00abPer me il valore primario di una fotografia \u00e8 il suo valore di documento, di testimonianza di un certo evento, di un certo momento storico, \u00e8 la memoria - Camera, Guido Bertero, neorealismo","inLanguage":"it-IT","potentialAction":[{"@type":"ReadAction","target":["https:\/\/web.quotidianopiemontese.it\/cultura-arte-e-spettacolo-a-torino\/capa-ghirri-la-collezione-bertero-memoria-passione\/"]}]},{"@type":"ImageObject","inLanguage":"it-IT","@id":"https:\/\/web.quotidianopiemontese.it\/cultura-arte-e-spettacolo-a-torino\/capa-ghirri-la-collezione-bertero-memoria-passione\/#primaryimage","url":"https:\/\/web.quotidianopiemontese.it\/cultura-arte-e-spettacolo-a-torino\/files\/2020\/06\/106453570_10222684238116254_800203507107762414_o.jpg","contentUrl":"https:\/\/web.quotidianopiemontese.it\/cultura-arte-e-spettacolo-a-torino\/files\/2020\/06\/106453570_10222684238116254_800203507107762414_o.jpg","width":960,"height":473},{"@type":"WebSite","@id":"https:\/\/web.quotidianopiemontese.it\/cultura-arte-e-spettacolo-a-torino\/#website","url":"https:\/\/web.quotidianopiemontese.it\/cultura-arte-e-spettacolo-a-torino\/","name":"Cultura, Arte e Spettacolo a Torino","description":"Quotidiano Piemontese","potentialAction":[{"@type":"SearchAction","target":{"@type":"EntryPoint","urlTemplate":"https:\/\/web.quotidianopiemontese.it\/cultura-arte-e-spettacolo-a-torino\/?s={search_term_string}"},"query-input":{"@type":"PropertyValueSpecification","valueRequired":true,"valueName":"search_term_string"}}],"inLanguage":"it-IT"},{"@type":"Person","@id":"https:\/\/web.quotidianopiemontese.it\/cultura-arte-e-spettacolo-a-torino\/#\/schema\/person\/b035109a4cc7d3e93911b78d8cebf3a0","name":"Emanuele Rebuffini","image":{"@type":"ImageObject","inLanguage":"it-IT","@id":"https:\/\/web.quotidianopiemontese.it\/cultura-arte-e-spettacolo-a-torino\/#\/schema\/person\/image\/","url":"https:\/\/secure.gravatar.com\/avatar\/519a0a38be4cbbcf40fb5bc1b1173a85af291a3a8697df454a94ad7e05574628?s=96&d=mm&r=g","contentUrl":"https:\/\/secure.gravatar.com\/avatar\/519a0a38be4cbbcf40fb5bc1b1173a85af291a3a8697df454a94ad7e05574628?s=96&d=mm&r=g","caption":"Emanuele Rebuffini"},"sameAs":["http:\/\/www.quotidianopiemontese.it\/cultura-arte-e-spettacolo-a-torino\/"],"url":"https:\/\/web.quotidianopiemontese.it\/cultura-arte-e-spettacolo-a-torino\/author\/emanuelerebuffini\/"}]}},"_links":{"self":[{"href":"https:\/\/web.quotidianopiemontese.it\/cultura-arte-e-spettacolo-a-torino\/wp-json\/wp\/v2\/posts\/574","targetHints":{"allow":["GET"]}}],"collection":[{"href":"https:\/\/web.quotidianopiemontese.it\/cultura-arte-e-spettacolo-a-torino\/wp-json\/wp\/v2\/posts"}],"about":[{"href":"https:\/\/web.quotidianopiemontese.it\/cultura-arte-e-spettacolo-a-torino\/wp-json\/wp\/v2\/types\/post"}],"author":[{"embeddable":true,"href":"https:\/\/web.quotidianopiemontese.it\/cultura-arte-e-spettacolo-a-torino\/wp-json\/wp\/v2\/users\/1361"}],"replies":[{"embeddable":true,"href":"https:\/\/web.quotidianopiemontese.it\/cultura-arte-e-spettacolo-a-torino\/wp-json\/wp\/v2\/comments?post=574"}],"version-history":[{"count":0,"href":"https:\/\/web.quotidianopiemontese.it\/cultura-arte-e-spettacolo-a-torino\/wp-json\/wp\/v2\/posts\/574\/revisions"}],"wp:featuredmedia":[{"embeddable":true,"href":"https:\/\/web.quotidianopiemontese.it\/cultura-arte-e-spettacolo-a-torino\/wp-json\/wp\/v2\/media\/575"}],"wp:attachment":[{"href":"https:\/\/web.quotidianopiemontese.it\/cultura-arte-e-spettacolo-a-torino\/wp-json\/wp\/v2\/media?parent=574"}],"wp:term":[{"taxonomy":"category","embeddable":true,"href":"https:\/\/web.quotidianopiemontese.it\/cultura-arte-e-spettacolo-a-torino\/wp-json\/wp\/v2\/categories?post=574"},{"taxonomy":"post_tag","embeddable":true,"href":"https:\/\/web.quotidianopiemontese.it\/cultura-arte-e-spettacolo-a-torino\/wp-json\/wp\/v2\/tags?post=574"}],"curies":[{"name":"wp","href":"https:\/\/api.w.org\/{rel}","templated":true}]}}