{"id":562,"date":"2020-06-12T10:56:25","date_gmt":"2020-06-12T08:56:25","guid":{"rendered":"http:\/\/web.quotidianopiemontese.it\/cultura-arte-e-spettacolo-a-torino\/?p=562"},"modified":"2020-06-12T11:06:15","modified_gmt":"2020-06-12T09:06:15","slug":"nudita-moda-helmut-newton-alla-gam","status":"publish","type":"post","link":"https:\/\/web.quotidianopiemontese.it\/cultura-arte-e-spettacolo-a-torino\/nudita-moda-helmut-newton-alla-gam\/","title":{"rendered":"Nudit\u00e0 e moda. Helmut Newton alla GAM"},"content":{"rendered":"<p><em>\u00abFotografo ci\u00f2 che mi attrae, le cose che trovo interessanti o belle. Il tipo di mondo che vorrei. Non \u00e8 il mondo in cui vivo\u00bb.<\/em> Fino al<strong> 20 settembre <\/strong>la <strong>GAM di Torino <\/strong>ospita\u00a0<strong>\u00ab<\/strong><strong>Works\u00bb,<\/strong> retrospettiva dedicata al fotografo di moda pi\u00f9 famoso del XX secolo, <strong>Helmut Newton<\/strong>, organizzata in collaborazione con la <strong>Helmut Newton Foundation di Berlino, <\/strong>in occasione del centenario della nascita dell\u2019artista (Berlino, 1920. Morir\u00e0 a Los Angeles nel 2004) . <!--more-->La mostra, curata da <strong>Matthias Harder<\/strong>, attraverso <strong>68 fotografie<\/strong> articolate in quattro sezioni, ricostruisce la carriera dell\u2019artista tedesco, spaziando dagli anni Settanta con le numerose copertine per Vogue, sino all\u2019opera pi\u00f9 tarda con il bellissimo ritratto della regista, attrice e fotografa <strong>Leni Riefenstahl <\/strong>(2000). Numerosi i ritratti a personaggi famosi del Novecento, tra i quali <strong>Andy Warhol<\/strong>, <strong>Gianni Agnelli<\/strong>, <strong>Paloma Picasso<\/strong>, <strong>Catherine Deneuve<\/strong>, <strong>Anita Ekberg<\/strong>, <strong>Claudia Schiffer<\/strong> e <strong>Gianfranco Ferr\u00e9<\/strong>. Quindi i servizi realizzati per <strong>Mario Valentino <\/strong>e per <strong>Thierry Mugler<\/strong>, oltre a una serie di importanti fotografie, ormai iconiche, per le pi\u00f9 importanti riviste di moda internazionali.<\/p>\n<figure id=\"attachment_564\" aria-describedby=\"caption-attachment-564\" style=\"width: 300px\" class=\"wp-caption alignnone\"><a href=\"http:\/\/web.quotidianopiemontese.it\/cultura-arte-e-spettacolo-a-torino\/files\/2020\/06\/04.jpg\"><img loading=\"lazy\" decoding=\"async\" class=\"size-medium wp-image-564\" src=\"http:\/\/web.quotidianopiemontese.it\/cultura-arte-e-spettacolo-a-torino\/files\/2020\/06\/04-300x300.jpg\" alt=\"\" width=\"300\" height=\"300\" srcset=\"https:\/\/web.quotidianopiemontese.it\/cultura-arte-e-spettacolo-a-torino\/files\/2020\/06\/04-300x300.jpg 300w, https:\/\/web.quotidianopiemontese.it\/cultura-arte-e-spettacolo-a-torino\/files\/2020\/06\/04-150x150.jpg 150w, https:\/\/web.quotidianopiemontese.it\/cultura-arte-e-spettacolo-a-torino\/files\/2020\/06\/04-200x200.jpg 200w, https:\/\/web.quotidianopiemontese.it\/cultura-arte-e-spettacolo-a-torino\/files\/2020\/06\/04-100x100.jpg 100w, https:\/\/web.quotidianopiemontese.it\/cultura-arte-e-spettacolo-a-torino\/files\/2020\/06\/04-80x80.jpg 80w, https:\/\/web.quotidianopiemontese.it\/cultura-arte-e-spettacolo-a-torino\/files\/2020\/06\/04-400x400.jpg 400w, https:\/\/web.quotidianopiemontese.it\/cultura-arte-e-spettacolo-a-torino\/files\/2020\/06\/04.jpg 640w\" sizes=\"auto, (max-width: 300px) 85vw, 300px\" \/><\/a><figcaption id=\"caption-attachment-564\" class=\"wp-caption-text\"><em><strong>Claudia Schiffer, Vanity Fair, 1992<\/strong><\/em><\/figcaption><\/figure>\n<p>\u00abHelmut Newton-afferma <strong>Matthias Harder<\/strong>-non ha mai smesso di stupire e far scalpore. La sua fotografia, che abbraccia pi\u00f9 di cinque decenni, sfugge a qualsiasi classificazione e trascende i generi, apportando eleganza, stile e voyeurismo nella fotografia di moda, esprimendo bellezza e glamour e realizzando un <em>corpus <\/em>fotografico che continua a essere inimitabile e ineguagliabile. Travalicando i tradizionali approcci narrativi, la fotografia di moda di Newton \u00e8 intrisa non solo di lussuosa eleganza e sottile seduzione, ma anche di riferimenti culturali e di un sorprendente senso dell&#8217;umorismo\u00bb.<\/p>\n<p><a href=\"http:\/\/web.quotidianopiemontese.it\/cultura-arte-e-spettacolo-a-torino\/files\/2020\/06\/FTM-GAM-NEWTON-Preview-PhPerottino-055.jpg\"><img loading=\"lazy\" decoding=\"async\" class=\"alignnone size-medium wp-image-565\" src=\"http:\/\/web.quotidianopiemontese.it\/cultura-arte-e-spettacolo-a-torino\/files\/2020\/06\/FTM-GAM-NEWTON-Preview-PhPerottino-055-300x200.jpg\" alt=\"\" width=\"300\" height=\"200\" srcset=\"https:\/\/web.quotidianopiemontese.it\/cultura-arte-e-spettacolo-a-torino\/files\/2020\/06\/FTM-GAM-NEWTON-Preview-PhPerottino-055-300x200.jpg 300w, https:\/\/web.quotidianopiemontese.it\/cultura-arte-e-spettacolo-a-torino\/files\/2020\/06\/FTM-GAM-NEWTON-Preview-PhPerottino-055-768x512.jpg 768w, https:\/\/web.quotidianopiemontese.it\/cultura-arte-e-spettacolo-a-torino\/files\/2020\/06\/FTM-GAM-NEWTON-Preview-PhPerottino-055-1024x683.jpg 1024w, https:\/\/web.quotidianopiemontese.it\/cultura-arte-e-spettacolo-a-torino\/files\/2020\/06\/FTM-GAM-NEWTON-Preview-PhPerottino-055-600x400.jpg 600w\" sizes=\"auto, (max-width: 300px) 85vw, 300px\" \/><\/a><\/p>\n<p><strong>Moda, ritrattistica, fotografia di nudi<\/strong>: <strong>Helmut Newton<\/strong> non fu solo un fotografo provocante, trasgressivo, talvolta inquietante, capace con i suoi concetti visivi di sfidare tab\u00f9 e giocare con le convenzioni, un manipolatore che amava la teatralit\u00e0 della fotografia. Con scatti potenti ed innovativi <strong>non solo ha descritto ma ridefinito lo spirito dei tempi<\/strong>, raccontato storie surreali, emozionanti e sorprendenti, intrise di ironia, trasformando luoghi banali in palcoscenici teatrali dai forti contrasti (uno dei set fotografici preferiti era il garage del suo condominio a Monaco).<\/p>\n<figure id=\"attachment_566\" aria-describedby=\"caption-attachment-566\" style=\"width: 300px\" class=\"wp-caption alignnone\"><a href=\"http:\/\/web.quotidianopiemontese.it\/cultura-arte-e-spettacolo-a-torino\/files\/2020\/06\/06.jpg\"><img loading=\"lazy\" decoding=\"async\" class=\"size-medium wp-image-566\" src=\"http:\/\/web.quotidianopiemontese.it\/cultura-arte-e-spettacolo-a-torino\/files\/2020\/06\/06-300x218.jpg\" alt=\"\" width=\"300\" height=\"218\" srcset=\"https:\/\/web.quotidianopiemontese.it\/cultura-arte-e-spettacolo-a-torino\/files\/2020\/06\/06-300x218.jpg 300w, https:\/\/web.quotidianopiemontese.it\/cultura-arte-e-spettacolo-a-torino\/files\/2020\/06\/06.jpg 640w\" sizes=\"auto, (max-width: 300px) 85vw, 300px\" \/><\/a><figcaption id=\"caption-attachment-566\" class=\"wp-caption-text\"><em><strong>Stern, 1997<\/strong><\/em><\/figcaption><\/figure>\n<p>\u00abNewton ha utilizzato ma allo stesso tempo messo in discussione i <em>clich\u00e9\u00a0<\/em>visivi, a volte tinti di autoironia o derisione, ma sempre pieni di empatia-aggiunge <strong>Matthias Harder<\/strong>-La sua caratteristica distintiva \u00e8 di spostare, trasgredire e abbattere i confini. <strong>In maniera sottile e con un senso di eleganza senza tempo,<\/strong> <strong>Newton combina nudit\u00e0 e moda<\/strong>. \u00c8 cos\u00ec che il suo lavoro diventa sia documentazione che commento del ruolo mutevole della donna nella societ\u00e0 occidentale\u00bb.<\/p>\n<p><a href=\"http:\/\/web.quotidianopiemontese.it\/cultura-arte-e-spettacolo-a-torino\/files\/2020\/06\/FTM-GAM-NEWTON-Preview-PhPerottino-002.jpg\"><img loading=\"lazy\" decoding=\"async\" class=\"alignnone size-medium wp-image-567\" src=\"http:\/\/web.quotidianopiemontese.it\/cultura-arte-e-spettacolo-a-torino\/files\/2020\/06\/FTM-GAM-NEWTON-Preview-PhPerottino-002-300x183.jpg\" alt=\"\" width=\"300\" height=\"183\" srcset=\"https:\/\/web.quotidianopiemontese.it\/cultura-arte-e-spettacolo-a-torino\/files\/2020\/06\/FTM-GAM-NEWTON-Preview-PhPerottino-002-300x183.jpg 300w, https:\/\/web.quotidianopiemontese.it\/cultura-arte-e-spettacolo-a-torino\/files\/2020\/06\/FTM-GAM-NEWTON-Preview-PhPerottino-002-768x469.jpg 768w, https:\/\/web.quotidianopiemontese.it\/cultura-arte-e-spettacolo-a-torino\/files\/2020\/06\/FTM-GAM-NEWTON-Preview-PhPerottino-002-1024x625.jpg 1024w\" sizes=\"auto, (max-width: 300px) 85vw, 300px\" \/><\/a><\/p>\n<p>Le informazioni sulle <strong>modalit\u00e0 di accesso<\/strong> alla GAM nel rispetto delle prescrizioni anti-Covid19 su:<\/p>\n<p>http:\/\/www.gamtorino.it<\/p>\n<p><strong>\u00a0<\/strong><strong>Emanuele Rebuffini<\/strong><\/p>\n<p><a href=\"http:\/\/web.quotidianopiemontese.it\/cultura-arte-e-spettacolo-a-torino\/files\/2020\/06\/FTM-GAM-NEWTON-Preview-PhPerottino-022.jpg\"><img loading=\"lazy\" decoding=\"async\" class=\"alignnone size-medium wp-image-569\" src=\"http:\/\/web.quotidianopiemontese.it\/cultura-arte-e-spettacolo-a-torino\/files\/2020\/06\/FTM-GAM-NEWTON-Preview-PhPerottino-022-300x185.jpg\" alt=\"\" width=\"300\" height=\"185\" srcset=\"https:\/\/web.quotidianopiemontese.it\/cultura-arte-e-spettacolo-a-torino\/files\/2020\/06\/FTM-GAM-NEWTON-Preview-PhPerottino-022-300x185.jpg 300w, https:\/\/web.quotidianopiemontese.it\/cultura-arte-e-spettacolo-a-torino\/files\/2020\/06\/FTM-GAM-NEWTON-Preview-PhPerottino-022-768x472.jpg 768w, https:\/\/web.quotidianopiemontese.it\/cultura-arte-e-spettacolo-a-torino\/files\/2020\/06\/FTM-GAM-NEWTON-Preview-PhPerottino-022-1024x630.jpg 1024w\" sizes=\"auto, (max-width: 300px) 85vw, 300px\" \/><\/a><\/p>\n<p>&nbsp;<\/p>\n<figure id=\"attachment_570\" aria-describedby=\"caption-attachment-570\" style=\"width: 201px\" class=\"wp-caption alignnone\"><a href=\"http:\/\/web.quotidianopiemontese.it\/cultura-arte-e-spettacolo-a-torino\/files\/2020\/06\/07.jpg\"><img loading=\"lazy\" decoding=\"async\" class=\"size-medium wp-image-570\" src=\"http:\/\/web.quotidianopiemontese.it\/cultura-arte-e-spettacolo-a-torino\/files\/2020\/06\/07-201x300.jpg\" alt=\"\" width=\"201\" height=\"300\" srcset=\"https:\/\/web.quotidianopiemontese.it\/cultura-arte-e-spettacolo-a-torino\/files\/2020\/06\/07-201x300.jpg 201w, https:\/\/web.quotidianopiemontese.it\/cultura-arte-e-spettacolo-a-torino\/files\/2020\/06\/07.jpg 640w\" sizes=\"auto, (max-width: 201px) 85vw, 201px\" \/><\/a><figcaption id=\"caption-attachment-570\" class=\"wp-caption-text\"><strong>Thierry Mugler, Monaco 1998<\/strong><\/figcaption><\/figure>\n<p><a href=\"http:\/\/web.quotidianopiemontese.it\/cultura-arte-e-spettacolo-a-torino\/files\/2020\/06\/FTM-GAM-NEWTON-Preview-PhPerottino-011.jpg\"><img loading=\"lazy\" decoding=\"async\" class=\"alignnone size-medium wp-image-571\" src=\"http:\/\/web.quotidianopiemontese.it\/cultura-arte-e-spettacolo-a-torino\/files\/2020\/06\/FTM-GAM-NEWTON-Preview-PhPerottino-011-300x200.jpg\" alt=\"\" width=\"300\" height=\"200\" srcset=\"https:\/\/web.quotidianopiemontese.it\/cultura-arte-e-spettacolo-a-torino\/files\/2020\/06\/FTM-GAM-NEWTON-Preview-PhPerottino-011-300x200.jpg 300w, https:\/\/web.quotidianopiemontese.it\/cultura-arte-e-spettacolo-a-torino\/files\/2020\/06\/FTM-GAM-NEWTON-Preview-PhPerottino-011-768x512.jpg 768w, https:\/\/web.quotidianopiemontese.it\/cultura-arte-e-spettacolo-a-torino\/files\/2020\/06\/FTM-GAM-NEWTON-Preview-PhPerottino-011-1024x683.jpg 1024w, https:\/\/web.quotidianopiemontese.it\/cultura-arte-e-spettacolo-a-torino\/files\/2020\/06\/FTM-GAM-NEWTON-Preview-PhPerottino-011-600x400.jpg 600w\" sizes=\"auto, (max-width: 300px) 85vw, 300px\" \/><\/a><\/p>\n<p>&nbsp;<\/p>\n<p>&nbsp;<\/p>\n<p>&nbsp;<\/p>\n<p>&nbsp;<\/p>\n<p>&nbsp;<\/p>\n","protected":false},"excerpt":{"rendered":"<p>\u00abFotografo ci\u00f2 che mi attrae, le cose che trovo interessanti o belle. Il tipo di mondo che vorrei. Non \u00e8 il mondo in cui vivo\u00bb. Fino al 20 settembre la GAM di Torino ospita\u00a0\u00abWorks\u00bb, retrospettiva dedicata al fotografo di moda pi\u00f9 famoso del XX secolo, Helmut Newton, organizzata in collaborazione con la Helmut Newton Foundation &hellip; <a href=\"https:\/\/web.quotidianopiemontese.it\/cultura-arte-e-spettacolo-a-torino\/nudita-moda-helmut-newton-alla-gam\/\" class=\"more-link\">Leggi tutto<span class=\"screen-reader-text\"> &#8220;Nudit\u00e0 e moda. Helmut Newton alla GAM&#8221;<\/span><\/a><\/p>\n","protected":false},"author":1361,"featured_media":563,"comment_status":"open","ping_status":"open","sticky":false,"template":"","format":"standard","meta":{"footnotes":""},"categories":[1],"tags":[2,141],"class_list":["post-562","post","type-post","status-publish","format-standard","has-post-thumbnail","hentry","category-cultura-arte-spettacolo","tag-gam","tag-helmut-newton"],"yoast_head":"<!-- This site is optimized with the Yoast SEO plugin v27.1.1 - https:\/\/yoast.com\/product\/yoast-seo-wordpress\/ -->\n<title>Nudit\u00e0 e moda. Helmut Newton alla GAM - 12 Giugno 2020<\/title>\n<meta name=\"description\" content=\"Nudit\u00e0 e moda. Helmut Newton alla GAM - Cultura, Arte e Spettacolo a Torino - \u00abFotografo ci\u00f2 che mi attrae, le cose che trovo interessanti o belle. Il tipo di mondo che vorrei. Non \u00e8 il mondo in cui vivo\u00bb. Fino al 20 settembre la - gam, Helmut Newton\" \/>\n<meta name=\"robots\" content=\"index, follow, max-snippet:-1, max-image-preview:large, max-video-preview:-1\" \/>\n<link rel=\"canonical\" href=\"http:\/\/web.quotidianopiemontese.it\/cultura-arte-e-spettacolo-a-torino\/nudita-moda-helmut-newton-alla-gam\/\" \/>\n<meta property=\"og:locale\" content=\"it_IT\" \/>\n<meta property=\"og:type\" content=\"article\" \/>\n<meta property=\"og:title\" content=\"Nudit\u00e0 e moda. Helmut Newton alla GAM - 12 Giugno 2020\" \/>\n<meta property=\"og:description\" content=\"Nudit\u00e0 e moda. Helmut Newton alla GAM - Cultura, Arte e Spettacolo a Torino - \u00abFotografo ci\u00f2 che mi attrae, le cose che trovo interessanti o belle. Il tipo di mondo che vorrei. Non \u00e8 il mondo in cui vivo\u00bb. Fino al 20 settembre la - gam, Helmut Newton\" \/>\n<meta property=\"og:url\" content=\"http:\/\/web.quotidianopiemontese.it\/cultura-arte-e-spettacolo-a-torino\/nudita-moda-helmut-newton-alla-gam\/\" \/>\n<meta property=\"og:site_name\" content=\"Cultura, Arte e Spettacolo a Torino\" \/>\n<meta property=\"article:publisher\" content=\"https:\/\/www.facebook.com\/quotidianopiemontese?fref=ts\" \/>\n<meta property=\"article:published_time\" content=\"2020-06-12T08:56:25+00:00\" \/>\n<meta property=\"article:modified_time\" content=\"2020-06-12T09:06:15+00:00\" \/>\n<meta property=\"og:image\" content=\"http:\/\/web.quotidianopiemontese.it\/cultura-arte-e-spettacolo-a-torino\/files\/2020\/06\/FTM-GAM-NEWTON-Preview-PhPerottino-051.jpg\" \/>\n\t<meta property=\"og:image:width\" content=\"5000\" \/>\n\t<meta property=\"og:image:height\" content=\"3071\" \/>\n\t<meta property=\"og:image:type\" content=\"image\/jpeg\" \/>\n<meta name=\"author\" content=\"Emanuele Rebuffini\" \/>\n<meta name=\"twitter:label1\" content=\"Scritto da\" \/>\n\t<meta name=\"twitter:data1\" content=\"Emanuele Rebuffini\" \/>\n\t<meta name=\"twitter:label2\" content=\"Tempo di lettura stimato\" \/>\n\t<meta name=\"twitter:data2\" content=\"2 minuti\" \/>\n<script type=\"application\/ld+json\" class=\"yoast-schema-graph\">{\"@context\":\"https:\/\/schema.org\",\"@graph\":[{\"@type\":\"Article\",\"@id\":\"http:\/\/web.quotidianopiemontese.it\/cultura-arte-e-spettacolo-a-torino\/nudita-moda-helmut-newton-alla-gam\/#article\",\"isPartOf\":{\"@id\":\"http:\/\/web.quotidianopiemontese.it\/cultura-arte-e-spettacolo-a-torino\/nudita-moda-helmut-newton-alla-gam\/\"},\"author\":{\"name\":\"Emanuele Rebuffini\",\"@id\":\"https:\/\/web.quotidianopiemontese.it\/cultura-arte-e-spettacolo-a-torino\/#\/schema\/person\/b035109a4cc7d3e93911b78d8cebf3a0\"},\"headline\":\"Nudit\u00e0 e moda. Helmut Newton alla GAM\",\"datePublished\":\"2020-06-12T08:56:25+00:00\",\"dateModified\":\"2020-06-12T09:06:15+00:00\",\"mainEntityOfPage\":{\"@id\":\"http:\/\/web.quotidianopiemontese.it\/cultura-arte-e-spettacolo-a-torino\/nudita-moda-helmut-newton-alla-gam\/\"},\"wordCount\":471,\"commentCount\":0,\"image\":{\"@id\":\"http:\/\/web.quotidianopiemontese.it\/cultura-arte-e-spettacolo-a-torino\/nudita-moda-helmut-newton-alla-gam\/#primaryimage\"},\"thumbnailUrl\":\"https:\/\/web.quotidianopiemontese.it\/cultura-arte-e-spettacolo-a-torino\/files\/2020\/06\/FTM-GAM-NEWTON-Preview-PhPerottino-051.jpg\",\"keywords\":[\"gam\",\"Helmut Newton\"],\"articleSection\":[\"Cultura, arte, spettacolo\"],\"inLanguage\":\"it-IT\",\"potentialAction\":[{\"@type\":\"CommentAction\",\"name\":\"Comment\",\"target\":[\"http:\/\/web.quotidianopiemontese.it\/cultura-arte-e-spettacolo-a-torino\/nudita-moda-helmut-newton-alla-gam\/#respond\"]}]},{\"@type\":\"WebPage\",\"@id\":\"http:\/\/web.quotidianopiemontese.it\/cultura-arte-e-spettacolo-a-torino\/nudita-moda-helmut-newton-alla-gam\/\",\"url\":\"http:\/\/web.quotidianopiemontese.it\/cultura-arte-e-spettacolo-a-torino\/nudita-moda-helmut-newton-alla-gam\/\",\"name\":\"Nudit\u00e0 e moda. Helmut Newton alla GAM - 12 Giugno 2020\",\"isPartOf\":{\"@id\":\"https:\/\/web.quotidianopiemontese.it\/cultura-arte-e-spettacolo-a-torino\/#website\"},\"primaryImageOfPage\":{\"@id\":\"http:\/\/web.quotidianopiemontese.it\/cultura-arte-e-spettacolo-a-torino\/nudita-moda-helmut-newton-alla-gam\/#primaryimage\"},\"image\":{\"@id\":\"http:\/\/web.quotidianopiemontese.it\/cultura-arte-e-spettacolo-a-torino\/nudita-moda-helmut-newton-alla-gam\/#primaryimage\"},\"thumbnailUrl\":\"https:\/\/web.quotidianopiemontese.it\/cultura-arte-e-spettacolo-a-torino\/files\/2020\/06\/FTM-GAM-NEWTON-Preview-PhPerottino-051.jpg\",\"datePublished\":\"2020-06-12T08:56:25+00:00\",\"dateModified\":\"2020-06-12T09:06:15+00:00\",\"author\":{\"@id\":\"https:\/\/web.quotidianopiemontese.it\/cultura-arte-e-spettacolo-a-torino\/#\/schema\/person\/b035109a4cc7d3e93911b78d8cebf3a0\"},\"description\":\"Nudit\u00e0 e moda. Helmut Newton alla GAM - Cultura, Arte e Spettacolo a Torino - \u00abFotografo ci\u00f2 che mi attrae, le cose che trovo interessanti o belle. Il tipo di mondo che vorrei. Non \u00e8 il mondo in cui vivo\u00bb. Fino al 20 settembre la - gam, Helmut Newton\",\"inLanguage\":\"it-IT\",\"potentialAction\":[{\"@type\":\"ReadAction\",\"target\":[\"http:\/\/web.quotidianopiemontese.it\/cultura-arte-e-spettacolo-a-torino\/nudita-moda-helmut-newton-alla-gam\/\"]}]},{\"@type\":\"ImageObject\",\"inLanguage\":\"it-IT\",\"@id\":\"http:\/\/web.quotidianopiemontese.it\/cultura-arte-e-spettacolo-a-torino\/nudita-moda-helmut-newton-alla-gam\/#primaryimage\",\"url\":\"https:\/\/web.quotidianopiemontese.it\/cultura-arte-e-spettacolo-a-torino\/files\/2020\/06\/FTM-GAM-NEWTON-Preview-PhPerottino-051.jpg\",\"contentUrl\":\"https:\/\/web.quotidianopiemontese.it\/cultura-arte-e-spettacolo-a-torino\/files\/2020\/06\/FTM-GAM-NEWTON-Preview-PhPerottino-051.jpg\",\"width\":5000,\"height\":3071},{\"@type\":\"WebSite\",\"@id\":\"https:\/\/web.quotidianopiemontese.it\/cultura-arte-e-spettacolo-a-torino\/#website\",\"url\":\"https:\/\/web.quotidianopiemontese.it\/cultura-arte-e-spettacolo-a-torino\/\",\"name\":\"Cultura, Arte e Spettacolo a Torino\",\"description\":\"Quotidiano Piemontese\",\"potentialAction\":[{\"@type\":\"SearchAction\",\"target\":{\"@type\":\"EntryPoint\",\"urlTemplate\":\"https:\/\/web.quotidianopiemontese.it\/cultura-arte-e-spettacolo-a-torino\/?s={search_term_string}\"},\"query-input\":{\"@type\":\"PropertyValueSpecification\",\"valueRequired\":true,\"valueName\":\"search_term_string\"}}],\"inLanguage\":\"it-IT\"},{\"@type\":\"Person\",\"@id\":\"https:\/\/web.quotidianopiemontese.it\/cultura-arte-e-spettacolo-a-torino\/#\/schema\/person\/b035109a4cc7d3e93911b78d8cebf3a0\",\"name\":\"Emanuele Rebuffini\",\"image\":{\"@type\":\"ImageObject\",\"inLanguage\":\"it-IT\",\"@id\":\"https:\/\/web.quotidianopiemontese.it\/cultura-arte-e-spettacolo-a-torino\/#\/schema\/person\/image\/\",\"url\":\"https:\/\/secure.gravatar.com\/avatar\/519a0a38be4cbbcf40fb5bc1b1173a85af291a3a8697df454a94ad7e05574628?s=96&d=mm&r=g\",\"contentUrl\":\"https:\/\/secure.gravatar.com\/avatar\/519a0a38be4cbbcf40fb5bc1b1173a85af291a3a8697df454a94ad7e05574628?s=96&d=mm&r=g\",\"caption\":\"Emanuele Rebuffini\"},\"sameAs\":[\"http:\/\/www.quotidianopiemontese.it\/cultura-arte-e-spettacolo-a-torino\/\"],\"url\":\"https:\/\/web.quotidianopiemontese.it\/cultura-arte-e-spettacolo-a-torino\/author\/emanuelerebuffini\/\"}]}<\/script>\n<!-- \/ Yoast SEO plugin. -->","yoast_head_json":{"title":"Nudit\u00e0 e moda. Helmut Newton alla GAM - 12 Giugno 2020","description":"Nudit\u00e0 e moda. Helmut Newton alla GAM - Cultura, Arte e Spettacolo a Torino - \u00abFotografo ci\u00f2 che mi attrae, le cose che trovo interessanti o belle. Il tipo di mondo che vorrei. Non \u00e8 il mondo in cui vivo\u00bb. Fino al 20 settembre la - gam, Helmut Newton","robots":{"index":"index","follow":"follow","max-snippet":"max-snippet:-1","max-image-preview":"max-image-preview:large","max-video-preview":"max-video-preview:-1"},"canonical":"http:\/\/web.quotidianopiemontese.it\/cultura-arte-e-spettacolo-a-torino\/nudita-moda-helmut-newton-alla-gam\/","og_locale":"it_IT","og_type":"article","og_title":"Nudit\u00e0 e moda. Helmut Newton alla GAM - 12 Giugno 2020","og_description":"Nudit\u00e0 e moda. Helmut Newton alla GAM - Cultura, Arte e Spettacolo a Torino - \u00abFotografo ci\u00f2 che mi attrae, le cose che trovo interessanti o belle. Il tipo di mondo che vorrei. Non \u00e8 il mondo in cui vivo\u00bb. Fino al 20 settembre la - gam, Helmut Newton","og_url":"http:\/\/web.quotidianopiemontese.it\/cultura-arte-e-spettacolo-a-torino\/nudita-moda-helmut-newton-alla-gam\/","og_site_name":"Cultura, Arte e Spettacolo a Torino","article_publisher":"https:\/\/www.facebook.com\/quotidianopiemontese?fref=ts","article_published_time":"2020-06-12T08:56:25+00:00","article_modified_time":"2020-06-12T09:06:15+00:00","og_image":[{"width":5000,"height":3071,"url":"http:\/\/web.quotidianopiemontese.it\/cultura-arte-e-spettacolo-a-torino\/files\/2020\/06\/FTM-GAM-NEWTON-Preview-PhPerottino-051.jpg","type":"image\/jpeg"}],"author":"Emanuele Rebuffini","twitter_misc":{"Scritto da":"Emanuele Rebuffini","Tempo di lettura stimato":"2 minuti"},"schema":{"@context":"https:\/\/schema.org","@graph":[{"@type":"Article","@id":"http:\/\/web.quotidianopiemontese.it\/cultura-arte-e-spettacolo-a-torino\/nudita-moda-helmut-newton-alla-gam\/#article","isPartOf":{"@id":"http:\/\/web.quotidianopiemontese.it\/cultura-arte-e-spettacolo-a-torino\/nudita-moda-helmut-newton-alla-gam\/"},"author":{"name":"Emanuele Rebuffini","@id":"https:\/\/web.quotidianopiemontese.it\/cultura-arte-e-spettacolo-a-torino\/#\/schema\/person\/b035109a4cc7d3e93911b78d8cebf3a0"},"headline":"Nudit\u00e0 e moda. Helmut Newton alla GAM","datePublished":"2020-06-12T08:56:25+00:00","dateModified":"2020-06-12T09:06:15+00:00","mainEntityOfPage":{"@id":"http:\/\/web.quotidianopiemontese.it\/cultura-arte-e-spettacolo-a-torino\/nudita-moda-helmut-newton-alla-gam\/"},"wordCount":471,"commentCount":0,"image":{"@id":"http:\/\/web.quotidianopiemontese.it\/cultura-arte-e-spettacolo-a-torino\/nudita-moda-helmut-newton-alla-gam\/#primaryimage"},"thumbnailUrl":"https:\/\/web.quotidianopiemontese.it\/cultura-arte-e-spettacolo-a-torino\/files\/2020\/06\/FTM-GAM-NEWTON-Preview-PhPerottino-051.jpg","keywords":["gam","Helmut Newton"],"articleSection":["Cultura, arte, spettacolo"],"inLanguage":"it-IT","potentialAction":[{"@type":"CommentAction","name":"Comment","target":["http:\/\/web.quotidianopiemontese.it\/cultura-arte-e-spettacolo-a-torino\/nudita-moda-helmut-newton-alla-gam\/#respond"]}]},{"@type":"WebPage","@id":"http:\/\/web.quotidianopiemontese.it\/cultura-arte-e-spettacolo-a-torino\/nudita-moda-helmut-newton-alla-gam\/","url":"http:\/\/web.quotidianopiemontese.it\/cultura-arte-e-spettacolo-a-torino\/nudita-moda-helmut-newton-alla-gam\/","name":"Nudit\u00e0 e moda. Helmut Newton alla GAM - 12 Giugno 2020","isPartOf":{"@id":"https:\/\/web.quotidianopiemontese.it\/cultura-arte-e-spettacolo-a-torino\/#website"},"primaryImageOfPage":{"@id":"http:\/\/web.quotidianopiemontese.it\/cultura-arte-e-spettacolo-a-torino\/nudita-moda-helmut-newton-alla-gam\/#primaryimage"},"image":{"@id":"http:\/\/web.quotidianopiemontese.it\/cultura-arte-e-spettacolo-a-torino\/nudita-moda-helmut-newton-alla-gam\/#primaryimage"},"thumbnailUrl":"https:\/\/web.quotidianopiemontese.it\/cultura-arte-e-spettacolo-a-torino\/files\/2020\/06\/FTM-GAM-NEWTON-Preview-PhPerottino-051.jpg","datePublished":"2020-06-12T08:56:25+00:00","dateModified":"2020-06-12T09:06:15+00:00","author":{"@id":"https:\/\/web.quotidianopiemontese.it\/cultura-arte-e-spettacolo-a-torino\/#\/schema\/person\/b035109a4cc7d3e93911b78d8cebf3a0"},"description":"Nudit\u00e0 e moda. Helmut Newton alla GAM - Cultura, Arte e Spettacolo a Torino - \u00abFotografo ci\u00f2 che mi attrae, le cose che trovo interessanti o belle. Il tipo di mondo che vorrei. Non \u00e8 il mondo in cui vivo\u00bb. Fino al 20 settembre la - gam, Helmut Newton","inLanguage":"it-IT","potentialAction":[{"@type":"ReadAction","target":["http:\/\/web.quotidianopiemontese.it\/cultura-arte-e-spettacolo-a-torino\/nudita-moda-helmut-newton-alla-gam\/"]}]},{"@type":"ImageObject","inLanguage":"it-IT","@id":"http:\/\/web.quotidianopiemontese.it\/cultura-arte-e-spettacolo-a-torino\/nudita-moda-helmut-newton-alla-gam\/#primaryimage","url":"https:\/\/web.quotidianopiemontese.it\/cultura-arte-e-spettacolo-a-torino\/files\/2020\/06\/FTM-GAM-NEWTON-Preview-PhPerottino-051.jpg","contentUrl":"https:\/\/web.quotidianopiemontese.it\/cultura-arte-e-spettacolo-a-torino\/files\/2020\/06\/FTM-GAM-NEWTON-Preview-PhPerottino-051.jpg","width":5000,"height":3071},{"@type":"WebSite","@id":"https:\/\/web.quotidianopiemontese.it\/cultura-arte-e-spettacolo-a-torino\/#website","url":"https:\/\/web.quotidianopiemontese.it\/cultura-arte-e-spettacolo-a-torino\/","name":"Cultura, Arte e Spettacolo a Torino","description":"Quotidiano Piemontese","potentialAction":[{"@type":"SearchAction","target":{"@type":"EntryPoint","urlTemplate":"https:\/\/web.quotidianopiemontese.it\/cultura-arte-e-spettacolo-a-torino\/?s={search_term_string}"},"query-input":{"@type":"PropertyValueSpecification","valueRequired":true,"valueName":"search_term_string"}}],"inLanguage":"it-IT"},{"@type":"Person","@id":"https:\/\/web.quotidianopiemontese.it\/cultura-arte-e-spettacolo-a-torino\/#\/schema\/person\/b035109a4cc7d3e93911b78d8cebf3a0","name":"Emanuele Rebuffini","image":{"@type":"ImageObject","inLanguage":"it-IT","@id":"https:\/\/web.quotidianopiemontese.it\/cultura-arte-e-spettacolo-a-torino\/#\/schema\/person\/image\/","url":"https:\/\/secure.gravatar.com\/avatar\/519a0a38be4cbbcf40fb5bc1b1173a85af291a3a8697df454a94ad7e05574628?s=96&d=mm&r=g","contentUrl":"https:\/\/secure.gravatar.com\/avatar\/519a0a38be4cbbcf40fb5bc1b1173a85af291a3a8697df454a94ad7e05574628?s=96&d=mm&r=g","caption":"Emanuele Rebuffini"},"sameAs":["http:\/\/www.quotidianopiemontese.it\/cultura-arte-e-spettacolo-a-torino\/"],"url":"https:\/\/web.quotidianopiemontese.it\/cultura-arte-e-spettacolo-a-torino\/author\/emanuelerebuffini\/"}]}},"_links":{"self":[{"href":"https:\/\/web.quotidianopiemontese.it\/cultura-arte-e-spettacolo-a-torino\/wp-json\/wp\/v2\/posts\/562","targetHints":{"allow":["GET"]}}],"collection":[{"href":"https:\/\/web.quotidianopiemontese.it\/cultura-arte-e-spettacolo-a-torino\/wp-json\/wp\/v2\/posts"}],"about":[{"href":"https:\/\/web.quotidianopiemontese.it\/cultura-arte-e-spettacolo-a-torino\/wp-json\/wp\/v2\/types\/post"}],"author":[{"embeddable":true,"href":"https:\/\/web.quotidianopiemontese.it\/cultura-arte-e-spettacolo-a-torino\/wp-json\/wp\/v2\/users\/1361"}],"replies":[{"embeddable":true,"href":"https:\/\/web.quotidianopiemontese.it\/cultura-arte-e-spettacolo-a-torino\/wp-json\/wp\/v2\/comments?post=562"}],"version-history":[{"count":0,"href":"https:\/\/web.quotidianopiemontese.it\/cultura-arte-e-spettacolo-a-torino\/wp-json\/wp\/v2\/posts\/562\/revisions"}],"wp:featuredmedia":[{"embeddable":true,"href":"https:\/\/web.quotidianopiemontese.it\/cultura-arte-e-spettacolo-a-torino\/wp-json\/wp\/v2\/media\/563"}],"wp:attachment":[{"href":"https:\/\/web.quotidianopiemontese.it\/cultura-arte-e-spettacolo-a-torino\/wp-json\/wp\/v2\/media?parent=562"}],"wp:term":[{"taxonomy":"category","embeddable":true,"href":"https:\/\/web.quotidianopiemontese.it\/cultura-arte-e-spettacolo-a-torino\/wp-json\/wp\/v2\/categories?post=562"},{"taxonomy":"post_tag","embeddable":true,"href":"https:\/\/web.quotidianopiemontese.it\/cultura-arte-e-spettacolo-a-torino\/wp-json\/wp\/v2\/tags?post=562"}],"curies":[{"name":"wp","href":"https:\/\/api.w.org\/{rel}","templated":true}]}}