{"id":552,"date":"2020-01-08T15:36:15","date_gmt":"2020-01-08T14:36:15","guid":{"rendered":"http:\/\/web.quotidianopiemontese.it\/cultura-arte-e-spettacolo-a-torino\/?p=552"},"modified":"2020-01-08T15:38:10","modified_gmt":"2020-01-08T14:38:10","slug":"aletheia-de-bruyckere-alla-fondazione-sandretto-re-rebaudengo","status":"publish","type":"post","link":"https:\/\/web.quotidianopiemontese.it\/cultura-arte-e-spettacolo-a-torino\/aletheia-de-bruyckere-alla-fondazione-sandretto-re-rebaudengo\/","title":{"rendered":"\u00abAletheia\u00bb. De Bruyckere alla Fondazione Sandretto Re Rebaudengo"},"content":{"rendered":"<p>Opere dal forte impatto emotivo, cariche di drammaticit\u00e0 e pervase di crudelt\u00e0, che indagano sulla condizione umana e su temi universali come il dolore, la violenza del mondo, il corpo, la memoria, la redenzione. Fino al <strong>15 marzo<\/strong> la <strong>Fondazione Sandretto Re Rebaudengo<\/strong> ospita <strong>\u00abAletheia\u00bb,<\/strong> mostra dell\u2019artista belga <strong>Berlinde De Bruyckere<\/strong> (Gand, 1964), curata da Irene Calderoni.<!--more--><\/p>\n<p>Sculture e installazioni che danno vita ad una narrazione organica, fortemente influenzata dalla realt\u00e0 quotidiana come dalla storia dell\u2019arte e dalla mitologia, e che traggono ispirazione da un luogo visitato dall\u2019artista: un laboratorio per la lavorazione delle pelli ad Anderlecht, in Belgio. Qui le pelli degli animali, appena scuoiate, vengono impilate su larghi pedane di legno e ricoperte di sale, per proteggerle e conservarle. Questo luogo estremo e l\u2019ammasso di morte che evoca tragedie passate e attuali, d\u00e0 forma a temi chiave nella ricerca dell\u2019artista, la relazione complessa tra vita e morte, Eros e Thanatos, bellezza e angoscia.<\/p>\n<p><a href=\"http:\/\/web.quotidianopiemontese.it\/cultura-arte-e-spettacolo-a-torino\/files\/2020\/01\/FSRR19-029.jpg\"><img loading=\"lazy\" decoding=\"async\" class=\"alignnone size-medium wp-image-555\" src=\"http:\/\/web.quotidianopiemontese.it\/cultura-arte-e-spettacolo-a-torino\/files\/2020\/01\/FSRR19-029-200x300.jpg\" alt=\"\" width=\"200\" height=\"300\" srcset=\"https:\/\/web.quotidianopiemontese.it\/cultura-arte-e-spettacolo-a-torino\/files\/2020\/01\/FSRR19-029-200x300.jpg 200w, https:\/\/web.quotidianopiemontese.it\/cultura-arte-e-spettacolo-a-torino\/files\/2020\/01\/FSRR19-029.jpg 640w\" sizes=\"auto, (max-width: 200px) 85vw, 200px\" \/><\/a><\/p>\n<p>Un luogo ripugnante, un carnaio inquietante ed angosciante, che evoca al contempo un\u2019idea di sacralit\u00e0 in relazione ai resti mortali del corpo, e come tale incarna la domanda al centro del lavoro di <strong>Berlinde De Bruyckere<\/strong>, come avvicinare l\u2019intollerabile, e come redimerlo.<\/p>\n<p>Le pelli animali giocano un ruolo chiave, sono sottoposte dall\u2019artista a una serie di differenti operazioni, calco e riproduzione in cera, piegatura, drappeggiatura, costrizione e deformazione. Scaturiscono cos\u00ec volumi scultorei di impronta minimalista, la cui solidit\u00e0 \u00e8 contraddetta dalla fragile materialit\u00e0 e dalle delicate cromie. Dalla superficie delle sculture emergono brandelli di pelo, resti di carne, granelli di sale. La pelle animale prende il posto della figura umana per veicolare il tema della sofferenza degli esseri viventi e il dramma delle tragedie che caratterizzano il nostro tempo. I cadaveri accatastati nei campi di sterminio, le fosse comuni, i migranti morti in mare, gli allevamenti intensivi\u2026<\/p>\n<p><a href=\"http:\/\/web.quotidianopiemontese.it\/cultura-arte-e-spettacolo-a-torino\/files\/2020\/01\/FSRR19-019.jpg\"><img loading=\"lazy\" decoding=\"async\" class=\"alignnone size-medium wp-image-556\" src=\"http:\/\/web.quotidianopiemontese.it\/cultura-arte-e-spettacolo-a-torino\/files\/2020\/01\/FSRR19-019-200x300.jpg\" alt=\"\" width=\"200\" height=\"300\" srcset=\"https:\/\/web.quotidianopiemontese.it\/cultura-arte-e-spettacolo-a-torino\/files\/2020\/01\/FSRR19-019-200x300.jpg 200w, https:\/\/web.quotidianopiemontese.it\/cultura-arte-e-spettacolo-a-torino\/files\/2020\/01\/FSRR19-019.jpg 640w\" sizes=\"auto, (max-width: 200px) 85vw, 200px\" \/><\/a><\/p>\n<p>\u00abIn questo momento storico-spiega <strong>Berlinde De Bruyckere<\/strong>-in cui proliferano estremismo e razzismo, in cui compassione e solidariet\u00e0 sono inariditi, in cui vediamo troppe somiglianze con l\u2019inquietudine degli anni Trenta che ha preceduto le mostruosit\u00e0 innominabili dell\u2019Olocausto e quella particolare diffamazione della civilt\u00e0 \u00e8 persino negata da persone con troppo potere politico, sento l\u2019esigenza di proporre immagini audaci, forti. Come una esperienza fisica, immersiva\u00bb.<\/p>\n<p>Il percorso espositivo si chiude con una serie di opere a muro che si ispirano agli <em>horti conclusi<\/em> diffusi nei Paesi Bassi nel Tardo Medioevo e realizzati dalle monache a fini devozionali. Piccoli tabernacoli riccamente decorati che l\u2019artista ha ripreso in forma monumentale, intrecciando il motivo floreale con la pelle animale, e dando vita a <em>memento mori<\/em> carichi di pathos, dove la sofferenza si trasforma in passione, il declino in desiderio, la morte in vita.<\/p>\n<blockquote class=\"wp-embedded-content\" data-secret=\"XNZ2q5CTOj\"><p><a href=\"https:\/\/fsrr.org\/mostre\/aletheia\/\">Aletheia<\/a><\/p><\/blockquote>\n<p><iframe loading=\"lazy\" class=\"wp-embedded-content\" sandbox=\"allow-scripts\" security=\"restricted\" style=\"position: absolute; clip: rect(1px, 1px, 1px, 1px);\" title=\"&#8220;Aletheia&#8221; &#8212; Fondazione Sandretto Re Rebaudengo\" src=\"https:\/\/fsrr.org\/mostre\/aletheia\/embed\/#?secret=XNZ2q5CTOj\" data-secret=\"XNZ2q5CTOj\" width=\"600\" height=\"338\" frameborder=\"0\" marginwidth=\"0\" marginheight=\"0\" scrolling=\"no\"><\/iframe><\/p>\n<p><em><strong>(foto di Paolo Formica)<\/strong><\/em><\/p>\n<p><strong>Emanuele Rebuffini<\/strong><\/p>\n<p><a href=\"http:\/\/web.quotidianopiemontese.it\/cultura-arte-e-spettacolo-a-torino\/files\/2020\/01\/FSRR19-004.jpg\"><img loading=\"lazy\" decoding=\"async\" class=\"alignnone size-medium wp-image-559\" src=\"http:\/\/web.quotidianopiemontese.it\/cultura-arte-e-spettacolo-a-torino\/files\/2020\/01\/FSRR19-004-300x200.jpg\" alt=\"\" width=\"300\" height=\"200\" srcset=\"https:\/\/web.quotidianopiemontese.it\/cultura-arte-e-spettacolo-a-torino\/files\/2020\/01\/FSRR19-004-300x200.jpg 300w, https:\/\/web.quotidianopiemontese.it\/cultura-arte-e-spettacolo-a-torino\/files\/2020\/01\/FSRR19-004-768x512.jpg 768w, https:\/\/web.quotidianopiemontese.it\/cultura-arte-e-spettacolo-a-torino\/files\/2020\/01\/FSRR19-004-600x400.jpg 600w, https:\/\/web.quotidianopiemontese.it\/cultura-arte-e-spettacolo-a-torino\/files\/2020\/01\/FSRR19-004.jpg 960w\" sizes=\"auto, (max-width: 300px) 85vw, 300px\" \/><\/a><\/p>\n<p>&nbsp;<\/p>\n<p>&nbsp;<\/p>\n<p>&nbsp;<\/p>\n","protected":false},"excerpt":{"rendered":"<p>Opere dal forte impatto emotivo, cariche di drammaticit\u00e0 e pervase di crudelt\u00e0, che indagano sulla condizione umana e su temi universali come il dolore, la violenza del mondo, il corpo, la memoria, la redenzione. Fino al 15 marzo la Fondazione Sandretto Re Rebaudengo ospita \u00abAletheia\u00bb, mostra dell\u2019artista belga Berlinde De Bruyckere (Gand, 1964), curata da &hellip; <a href=\"https:\/\/web.quotidianopiemontese.it\/cultura-arte-e-spettacolo-a-torino\/aletheia-de-bruyckere-alla-fondazione-sandretto-re-rebaudengo\/\" class=\"more-link\">Leggi tutto<span class=\"screen-reader-text\"> &#8220;\u00abAletheia\u00bb. De Bruyckere alla Fondazione Sandretto Re Rebaudengo&#8221;<\/span><\/a><\/p>\n","protected":false},"author":1361,"featured_media":553,"comment_status":"open","ping_status":"open","sticky":false,"template":"","format":"standard","meta":{"footnotes":""},"categories":[1],"tags":[139,140],"class_list":["post-552","post","type-post","status-publish","format-standard","has-post-thumbnail","hentry","category-cultura-arte-spettacolo","tag-berlinde-de-bruyckere","tag-fondazione-sandretto-re-rebaudengo"],"yoast_head":"<!-- This site is optimized with the Yoast SEO plugin v27.1.1 - https:\/\/yoast.com\/product\/yoast-seo-wordpress\/ -->\n<title>\u00abAletheia\u00bb. De Bruyckere alla Fondazione Sandretto Re Rebaudengo - 8 Gennaio 2020<\/title>\n<meta name=\"description\" content=\"\u00abAletheia\u00bb. De Bruyckere alla Fondazione Sandretto Re Rebaudengo - Cultura, Arte e Spettacolo a Torino - Opere dal forte impatto emotivo, cariche di drammaticit\u00e0 e pervase di crudelt\u00e0, che indagano sulla condizione umana e su temi universali come il dolore, - Berlinde De Bruyckere, Fondazione Sandretto Re Rebaudengo\" \/>\n<meta name=\"robots\" content=\"index, follow, max-snippet:-1, max-image-preview:large, max-video-preview:-1\" \/>\n<link rel=\"canonical\" href=\"https:\/\/web.quotidianopiemontese.it\/cultura-arte-e-spettacolo-a-torino\/aletheia-de-bruyckere-alla-fondazione-sandretto-re-rebaudengo\/\" \/>\n<meta property=\"og:locale\" content=\"it_IT\" \/>\n<meta property=\"og:type\" content=\"article\" \/>\n<meta property=\"og:title\" content=\"\u00abAletheia\u00bb. De Bruyckere alla Fondazione Sandretto Re Rebaudengo - 8 Gennaio 2020\" \/>\n<meta property=\"og:description\" content=\"\u00abAletheia\u00bb. De Bruyckere alla Fondazione Sandretto Re Rebaudengo - Cultura, Arte e Spettacolo a Torino - Opere dal forte impatto emotivo, cariche di drammaticit\u00e0 e pervase di crudelt\u00e0, che indagano sulla condizione umana e su temi universali come il dolore, - Berlinde De Bruyckere, Fondazione Sandretto Re Rebaudengo\" \/>\n<meta property=\"og:url\" content=\"https:\/\/web.quotidianopiemontese.it\/cultura-arte-e-spettacolo-a-torino\/aletheia-de-bruyckere-alla-fondazione-sandretto-re-rebaudengo\/\" \/>\n<meta property=\"og:site_name\" content=\"Cultura, Arte e Spettacolo a Torino\" \/>\n<meta property=\"article:publisher\" content=\"https:\/\/www.facebook.com\/quotidianopiemontese?fref=ts\" \/>\n<meta property=\"article:published_time\" content=\"2020-01-08T14:36:15+00:00\" \/>\n<meta property=\"article:modified_time\" content=\"2020-01-08T14:38:10+00:00\" \/>\n<meta property=\"og:image\" content=\"https:\/\/web.quotidianopiemontese.it\/cultura-arte-e-spettacolo-a-torino\/files\/2020\/01\/FSRR19-023.jpg\" \/>\n\t<meta property=\"og:image:width\" content=\"960\" \/>\n\t<meta property=\"og:image:height\" content=\"640\" \/>\n\t<meta property=\"og:image:type\" content=\"image\/jpeg\" \/>\n<meta name=\"author\" content=\"Emanuele Rebuffini\" \/>\n<meta name=\"twitter:label1\" content=\"Scritto da\" \/>\n\t<meta name=\"twitter:data1\" content=\"Emanuele Rebuffini\" \/>\n\t<meta name=\"twitter:label2\" content=\"Tempo di lettura stimato\" \/>\n\t<meta name=\"twitter:data2\" content=\"2 minuti\" \/>\n<script type=\"application\/ld+json\" class=\"yoast-schema-graph\">{\"@context\":\"https:\/\/schema.org\",\"@graph\":[{\"@type\":\"Article\",\"@id\":\"https:\/\/web.quotidianopiemontese.it\/cultura-arte-e-spettacolo-a-torino\/aletheia-de-bruyckere-alla-fondazione-sandretto-re-rebaudengo\/#article\",\"isPartOf\":{\"@id\":\"https:\/\/web.quotidianopiemontese.it\/cultura-arte-e-spettacolo-a-torino\/aletheia-de-bruyckere-alla-fondazione-sandretto-re-rebaudengo\/\"},\"author\":{\"name\":\"Emanuele Rebuffini\",\"@id\":\"https:\/\/web.quotidianopiemontese.it\/cultura-arte-e-spettacolo-a-torino\/#\/schema\/person\/b035109a4cc7d3e93911b78d8cebf3a0\"},\"headline\":\"\u00abAletheia\u00bb. De Bruyckere alla Fondazione Sandretto Re Rebaudengo\",\"datePublished\":\"2020-01-08T14:36:15+00:00\",\"dateModified\":\"2020-01-08T14:38:10+00:00\",\"mainEntityOfPage\":{\"@id\":\"https:\/\/web.quotidianopiemontese.it\/cultura-arte-e-spettacolo-a-torino\/aletheia-de-bruyckere-alla-fondazione-sandretto-re-rebaudengo\/\"},\"wordCount\":470,\"commentCount\":0,\"image\":{\"@id\":\"https:\/\/web.quotidianopiemontese.it\/cultura-arte-e-spettacolo-a-torino\/aletheia-de-bruyckere-alla-fondazione-sandretto-re-rebaudengo\/#primaryimage\"},\"thumbnailUrl\":\"https:\/\/web.quotidianopiemontese.it\/cultura-arte-e-spettacolo-a-torino\/files\/2020\/01\/FSRR19-023.jpg\",\"keywords\":[\"Berlinde De Bruyckere\",\"Fondazione Sandretto Re Rebaudengo\"],\"articleSection\":[\"Cultura, arte, spettacolo\"],\"inLanguage\":\"it-IT\",\"potentialAction\":[{\"@type\":\"CommentAction\",\"name\":\"Comment\",\"target\":[\"https:\/\/web.quotidianopiemontese.it\/cultura-arte-e-spettacolo-a-torino\/aletheia-de-bruyckere-alla-fondazione-sandretto-re-rebaudengo\/#respond\"]}]},{\"@type\":\"WebPage\",\"@id\":\"https:\/\/web.quotidianopiemontese.it\/cultura-arte-e-spettacolo-a-torino\/aletheia-de-bruyckere-alla-fondazione-sandretto-re-rebaudengo\/\",\"url\":\"https:\/\/web.quotidianopiemontese.it\/cultura-arte-e-spettacolo-a-torino\/aletheia-de-bruyckere-alla-fondazione-sandretto-re-rebaudengo\/\",\"name\":\"\u00abAletheia\u00bb. De Bruyckere alla Fondazione Sandretto Re Rebaudengo - 8 Gennaio 2020\",\"isPartOf\":{\"@id\":\"https:\/\/web.quotidianopiemontese.it\/cultura-arte-e-spettacolo-a-torino\/#website\"},\"primaryImageOfPage\":{\"@id\":\"https:\/\/web.quotidianopiemontese.it\/cultura-arte-e-spettacolo-a-torino\/aletheia-de-bruyckere-alla-fondazione-sandretto-re-rebaudengo\/#primaryimage\"},\"image\":{\"@id\":\"https:\/\/web.quotidianopiemontese.it\/cultura-arte-e-spettacolo-a-torino\/aletheia-de-bruyckere-alla-fondazione-sandretto-re-rebaudengo\/#primaryimage\"},\"thumbnailUrl\":\"https:\/\/web.quotidianopiemontese.it\/cultura-arte-e-spettacolo-a-torino\/files\/2020\/01\/FSRR19-023.jpg\",\"datePublished\":\"2020-01-08T14:36:15+00:00\",\"dateModified\":\"2020-01-08T14:38:10+00:00\",\"author\":{\"@id\":\"https:\/\/web.quotidianopiemontese.it\/cultura-arte-e-spettacolo-a-torino\/#\/schema\/person\/b035109a4cc7d3e93911b78d8cebf3a0\"},\"description\":\"\u00abAletheia\u00bb. De Bruyckere alla Fondazione Sandretto Re Rebaudengo - Cultura, Arte e Spettacolo a Torino - Opere dal forte impatto emotivo, cariche di drammaticit\u00e0 e pervase di crudelt\u00e0, che indagano sulla condizione umana e su temi universali come il dolore, - Berlinde De Bruyckere, Fondazione Sandretto Re Rebaudengo\",\"inLanguage\":\"it-IT\",\"potentialAction\":[{\"@type\":\"ReadAction\",\"target\":[\"https:\/\/web.quotidianopiemontese.it\/cultura-arte-e-spettacolo-a-torino\/aletheia-de-bruyckere-alla-fondazione-sandretto-re-rebaudengo\/\"]}]},{\"@type\":\"ImageObject\",\"inLanguage\":\"it-IT\",\"@id\":\"https:\/\/web.quotidianopiemontese.it\/cultura-arte-e-spettacolo-a-torino\/aletheia-de-bruyckere-alla-fondazione-sandretto-re-rebaudengo\/#primaryimage\",\"url\":\"https:\/\/web.quotidianopiemontese.it\/cultura-arte-e-spettacolo-a-torino\/files\/2020\/01\/FSRR19-023.jpg\",\"contentUrl\":\"https:\/\/web.quotidianopiemontese.it\/cultura-arte-e-spettacolo-a-torino\/files\/2020\/01\/FSRR19-023.jpg\",\"width\":960,\"height\":640},{\"@type\":\"WebSite\",\"@id\":\"https:\/\/web.quotidianopiemontese.it\/cultura-arte-e-spettacolo-a-torino\/#website\",\"url\":\"https:\/\/web.quotidianopiemontese.it\/cultura-arte-e-spettacolo-a-torino\/\",\"name\":\"Cultura, Arte e Spettacolo a Torino\",\"description\":\"Quotidiano Piemontese\",\"potentialAction\":[{\"@type\":\"SearchAction\",\"target\":{\"@type\":\"EntryPoint\",\"urlTemplate\":\"https:\/\/web.quotidianopiemontese.it\/cultura-arte-e-spettacolo-a-torino\/?s={search_term_string}\"},\"query-input\":{\"@type\":\"PropertyValueSpecification\",\"valueRequired\":true,\"valueName\":\"search_term_string\"}}],\"inLanguage\":\"it-IT\"},{\"@type\":\"Person\",\"@id\":\"https:\/\/web.quotidianopiemontese.it\/cultura-arte-e-spettacolo-a-torino\/#\/schema\/person\/b035109a4cc7d3e93911b78d8cebf3a0\",\"name\":\"Emanuele Rebuffini\",\"image\":{\"@type\":\"ImageObject\",\"inLanguage\":\"it-IT\",\"@id\":\"https:\/\/web.quotidianopiemontese.it\/cultura-arte-e-spettacolo-a-torino\/#\/schema\/person\/image\/\",\"url\":\"https:\/\/secure.gravatar.com\/avatar\/519a0a38be4cbbcf40fb5bc1b1173a85af291a3a8697df454a94ad7e05574628?s=96&d=mm&r=g\",\"contentUrl\":\"https:\/\/secure.gravatar.com\/avatar\/519a0a38be4cbbcf40fb5bc1b1173a85af291a3a8697df454a94ad7e05574628?s=96&d=mm&r=g\",\"caption\":\"Emanuele Rebuffini\"},\"sameAs\":[\"http:\/\/www.quotidianopiemontese.it\/cultura-arte-e-spettacolo-a-torino\/\"],\"url\":\"https:\/\/web.quotidianopiemontese.it\/cultura-arte-e-spettacolo-a-torino\/author\/emanuelerebuffini\/\"}]}<\/script>\n<!-- \/ Yoast SEO plugin. -->","yoast_head_json":{"title":"\u00abAletheia\u00bb. De Bruyckere alla Fondazione Sandretto Re Rebaudengo - 8 Gennaio 2020","description":"\u00abAletheia\u00bb. De Bruyckere alla Fondazione Sandretto Re Rebaudengo - Cultura, Arte e Spettacolo a Torino - Opere dal forte impatto emotivo, cariche di drammaticit\u00e0 e pervase di crudelt\u00e0, che indagano sulla condizione umana e su temi universali come il dolore, - Berlinde De Bruyckere, Fondazione Sandretto Re Rebaudengo","robots":{"index":"index","follow":"follow","max-snippet":"max-snippet:-1","max-image-preview":"max-image-preview:large","max-video-preview":"max-video-preview:-1"},"canonical":"https:\/\/web.quotidianopiemontese.it\/cultura-arte-e-spettacolo-a-torino\/aletheia-de-bruyckere-alla-fondazione-sandretto-re-rebaudengo\/","og_locale":"it_IT","og_type":"article","og_title":"\u00abAletheia\u00bb. De Bruyckere alla Fondazione Sandretto Re Rebaudengo - 8 Gennaio 2020","og_description":"\u00abAletheia\u00bb. De Bruyckere alla Fondazione Sandretto Re Rebaudengo - Cultura, Arte e Spettacolo a Torino - Opere dal forte impatto emotivo, cariche di drammaticit\u00e0 e pervase di crudelt\u00e0, che indagano sulla condizione umana e su temi universali come il dolore, - Berlinde De Bruyckere, Fondazione Sandretto Re Rebaudengo","og_url":"https:\/\/web.quotidianopiemontese.it\/cultura-arte-e-spettacolo-a-torino\/aletheia-de-bruyckere-alla-fondazione-sandretto-re-rebaudengo\/","og_site_name":"Cultura, Arte e Spettacolo a Torino","article_publisher":"https:\/\/www.facebook.com\/quotidianopiemontese?fref=ts","article_published_time":"2020-01-08T14:36:15+00:00","article_modified_time":"2020-01-08T14:38:10+00:00","og_image":[{"width":960,"height":640,"url":"https:\/\/web.quotidianopiemontese.it\/cultura-arte-e-spettacolo-a-torino\/files\/2020\/01\/FSRR19-023.jpg","type":"image\/jpeg"}],"author":"Emanuele Rebuffini","twitter_misc":{"Scritto da":"Emanuele Rebuffini","Tempo di lettura stimato":"2 minuti"},"schema":{"@context":"https:\/\/schema.org","@graph":[{"@type":"Article","@id":"https:\/\/web.quotidianopiemontese.it\/cultura-arte-e-spettacolo-a-torino\/aletheia-de-bruyckere-alla-fondazione-sandretto-re-rebaudengo\/#article","isPartOf":{"@id":"https:\/\/web.quotidianopiemontese.it\/cultura-arte-e-spettacolo-a-torino\/aletheia-de-bruyckere-alla-fondazione-sandretto-re-rebaudengo\/"},"author":{"name":"Emanuele Rebuffini","@id":"https:\/\/web.quotidianopiemontese.it\/cultura-arte-e-spettacolo-a-torino\/#\/schema\/person\/b035109a4cc7d3e93911b78d8cebf3a0"},"headline":"\u00abAletheia\u00bb. De Bruyckere alla Fondazione Sandretto Re Rebaudengo","datePublished":"2020-01-08T14:36:15+00:00","dateModified":"2020-01-08T14:38:10+00:00","mainEntityOfPage":{"@id":"https:\/\/web.quotidianopiemontese.it\/cultura-arte-e-spettacolo-a-torino\/aletheia-de-bruyckere-alla-fondazione-sandretto-re-rebaudengo\/"},"wordCount":470,"commentCount":0,"image":{"@id":"https:\/\/web.quotidianopiemontese.it\/cultura-arte-e-spettacolo-a-torino\/aletheia-de-bruyckere-alla-fondazione-sandretto-re-rebaudengo\/#primaryimage"},"thumbnailUrl":"https:\/\/web.quotidianopiemontese.it\/cultura-arte-e-spettacolo-a-torino\/files\/2020\/01\/FSRR19-023.jpg","keywords":["Berlinde De Bruyckere","Fondazione Sandretto Re Rebaudengo"],"articleSection":["Cultura, arte, spettacolo"],"inLanguage":"it-IT","potentialAction":[{"@type":"CommentAction","name":"Comment","target":["https:\/\/web.quotidianopiemontese.it\/cultura-arte-e-spettacolo-a-torino\/aletheia-de-bruyckere-alla-fondazione-sandretto-re-rebaudengo\/#respond"]}]},{"@type":"WebPage","@id":"https:\/\/web.quotidianopiemontese.it\/cultura-arte-e-spettacolo-a-torino\/aletheia-de-bruyckere-alla-fondazione-sandretto-re-rebaudengo\/","url":"https:\/\/web.quotidianopiemontese.it\/cultura-arte-e-spettacolo-a-torino\/aletheia-de-bruyckere-alla-fondazione-sandretto-re-rebaudengo\/","name":"\u00abAletheia\u00bb. De Bruyckere alla Fondazione Sandretto Re Rebaudengo - 8 Gennaio 2020","isPartOf":{"@id":"https:\/\/web.quotidianopiemontese.it\/cultura-arte-e-spettacolo-a-torino\/#website"},"primaryImageOfPage":{"@id":"https:\/\/web.quotidianopiemontese.it\/cultura-arte-e-spettacolo-a-torino\/aletheia-de-bruyckere-alla-fondazione-sandretto-re-rebaudengo\/#primaryimage"},"image":{"@id":"https:\/\/web.quotidianopiemontese.it\/cultura-arte-e-spettacolo-a-torino\/aletheia-de-bruyckere-alla-fondazione-sandretto-re-rebaudengo\/#primaryimage"},"thumbnailUrl":"https:\/\/web.quotidianopiemontese.it\/cultura-arte-e-spettacolo-a-torino\/files\/2020\/01\/FSRR19-023.jpg","datePublished":"2020-01-08T14:36:15+00:00","dateModified":"2020-01-08T14:38:10+00:00","author":{"@id":"https:\/\/web.quotidianopiemontese.it\/cultura-arte-e-spettacolo-a-torino\/#\/schema\/person\/b035109a4cc7d3e93911b78d8cebf3a0"},"description":"\u00abAletheia\u00bb. De Bruyckere alla Fondazione Sandretto Re Rebaudengo - Cultura, Arte e Spettacolo a Torino - Opere dal forte impatto emotivo, cariche di drammaticit\u00e0 e pervase di crudelt\u00e0, che indagano sulla condizione umana e su temi universali come il dolore, - Berlinde De Bruyckere, Fondazione Sandretto Re Rebaudengo","inLanguage":"it-IT","potentialAction":[{"@type":"ReadAction","target":["https:\/\/web.quotidianopiemontese.it\/cultura-arte-e-spettacolo-a-torino\/aletheia-de-bruyckere-alla-fondazione-sandretto-re-rebaudengo\/"]}]},{"@type":"ImageObject","inLanguage":"it-IT","@id":"https:\/\/web.quotidianopiemontese.it\/cultura-arte-e-spettacolo-a-torino\/aletheia-de-bruyckere-alla-fondazione-sandretto-re-rebaudengo\/#primaryimage","url":"https:\/\/web.quotidianopiemontese.it\/cultura-arte-e-spettacolo-a-torino\/files\/2020\/01\/FSRR19-023.jpg","contentUrl":"https:\/\/web.quotidianopiemontese.it\/cultura-arte-e-spettacolo-a-torino\/files\/2020\/01\/FSRR19-023.jpg","width":960,"height":640},{"@type":"WebSite","@id":"https:\/\/web.quotidianopiemontese.it\/cultura-arte-e-spettacolo-a-torino\/#website","url":"https:\/\/web.quotidianopiemontese.it\/cultura-arte-e-spettacolo-a-torino\/","name":"Cultura, Arte e Spettacolo a Torino","description":"Quotidiano Piemontese","potentialAction":[{"@type":"SearchAction","target":{"@type":"EntryPoint","urlTemplate":"https:\/\/web.quotidianopiemontese.it\/cultura-arte-e-spettacolo-a-torino\/?s={search_term_string}"},"query-input":{"@type":"PropertyValueSpecification","valueRequired":true,"valueName":"search_term_string"}}],"inLanguage":"it-IT"},{"@type":"Person","@id":"https:\/\/web.quotidianopiemontese.it\/cultura-arte-e-spettacolo-a-torino\/#\/schema\/person\/b035109a4cc7d3e93911b78d8cebf3a0","name":"Emanuele Rebuffini","image":{"@type":"ImageObject","inLanguage":"it-IT","@id":"https:\/\/web.quotidianopiemontese.it\/cultura-arte-e-spettacolo-a-torino\/#\/schema\/person\/image\/","url":"https:\/\/secure.gravatar.com\/avatar\/519a0a38be4cbbcf40fb5bc1b1173a85af291a3a8697df454a94ad7e05574628?s=96&d=mm&r=g","contentUrl":"https:\/\/secure.gravatar.com\/avatar\/519a0a38be4cbbcf40fb5bc1b1173a85af291a3a8697df454a94ad7e05574628?s=96&d=mm&r=g","caption":"Emanuele Rebuffini"},"sameAs":["http:\/\/www.quotidianopiemontese.it\/cultura-arte-e-spettacolo-a-torino\/"],"url":"https:\/\/web.quotidianopiemontese.it\/cultura-arte-e-spettacolo-a-torino\/author\/emanuelerebuffini\/"}]}},"_links":{"self":[{"href":"https:\/\/web.quotidianopiemontese.it\/cultura-arte-e-spettacolo-a-torino\/wp-json\/wp\/v2\/posts\/552","targetHints":{"allow":["GET"]}}],"collection":[{"href":"https:\/\/web.quotidianopiemontese.it\/cultura-arte-e-spettacolo-a-torino\/wp-json\/wp\/v2\/posts"}],"about":[{"href":"https:\/\/web.quotidianopiemontese.it\/cultura-arte-e-spettacolo-a-torino\/wp-json\/wp\/v2\/types\/post"}],"author":[{"embeddable":true,"href":"https:\/\/web.quotidianopiemontese.it\/cultura-arte-e-spettacolo-a-torino\/wp-json\/wp\/v2\/users\/1361"}],"replies":[{"embeddable":true,"href":"https:\/\/web.quotidianopiemontese.it\/cultura-arte-e-spettacolo-a-torino\/wp-json\/wp\/v2\/comments?post=552"}],"version-history":[{"count":0,"href":"https:\/\/web.quotidianopiemontese.it\/cultura-arte-e-spettacolo-a-torino\/wp-json\/wp\/v2\/posts\/552\/revisions"}],"wp:featuredmedia":[{"embeddable":true,"href":"https:\/\/web.quotidianopiemontese.it\/cultura-arte-e-spettacolo-a-torino\/wp-json\/wp\/v2\/media\/553"}],"wp:attachment":[{"href":"https:\/\/web.quotidianopiemontese.it\/cultura-arte-e-spettacolo-a-torino\/wp-json\/wp\/v2\/media?parent=552"}],"wp:term":[{"taxonomy":"category","embeddable":true,"href":"https:\/\/web.quotidianopiemontese.it\/cultura-arte-e-spettacolo-a-torino\/wp-json\/wp\/v2\/categories?post=552"},{"taxonomy":"post_tag","embeddable":true,"href":"https:\/\/web.quotidianopiemontese.it\/cultura-arte-e-spettacolo-a-torino\/wp-json\/wp\/v2\/tags?post=552"}],"curies":[{"name":"wp","href":"https:\/\/api.w.org\/{rel}","templated":true}]}}