{"id":55,"date":"2015-07-25T15:31:53","date_gmt":"2015-07-25T13:31:53","guid":{"rendered":"http:\/\/www.quotidianopiemontese.it\/cultura-arte-e-spettacolo-a-torino\/?p=55"},"modified":"2015-10-30T01:07:29","modified_gmt":"2015-10-30T00:07:29","slug":"i-ricami-nella-loro-storia-in-mostra-a-palazzo-madama-in-tutto-il-loro-sfarzo","status":"publish","type":"post","link":"https:\/\/web.quotidianopiemontese.it\/cultura-arte-e-spettacolo-a-torino\/i-ricami-nella-loro-storia-in-mostra-a-palazzo-madama-in-tutto-il-loro-sfarzo\/","title":{"rendered":"I ricami nella loro storia in mostra a Palazzo Madama in tutto il loro sfarzo"},"content":{"rendered":"<p>I merletti saranno i protagonisti del mostra che far\u00e0 rivivere dal 29 luglio al 16 novembre prossimi a Palazzo Madama i fasti del ricamo. Sar\u00e0 esposto un prestito eccezionale, un abito baiadera di <!--more-->Gianfranco Ferr\u00e8 totalmente ricamato in canottiglie e cristalli Swarovski. A poter essere ammirati nell&#8217;esposizione saranno oltre sessanta pezzi della collezione interna di Palazzo Madama, con una scelta che spazia dai ricami sacri medievali agli abiti danzanti degli anni Venti, vibranti di perline e conterie in vetro. Saranno anche presenti ricami in oro e seta, con un San Cosma in or nue&#8217;, ricami in lino bianco dei monasteri svizzero tedeschi e quelli in lana colorata per i tessuti di arredo, in particolare quelli provenienti dalla zona di Zurigo e Scaffusa del Cinque e \u00a0Seicento. Fiori e rocailles \u00a0decorano con leggerezza i tessuti e gli accessori di abbigliamento nel Settecento, quali pettorine \u00a0, borsette femminili, \u00a0corpetti a trapunte, \u00a0ma anche marsine, gilet e copricapo maschili.<\/p>\n<p>A illustrare l&#8217;antico uso di imparare l&#8217;arte del ricamo saranno presenti in mostra gli imparaticci, noti anche come &#8220;sempiers&#8221;, riquadri di tela lavorati nei secoli dalle ragazzine come esercizio e strumento di raccolta dei modelli per ricamo e rammendo. \u00a0Il pi\u00f9 antico risale al \u00a01617. In mostra figurano anche i campioni di ricamo di Pino Grosso proposti per la creazioni dei grandi stilisti italiani, \u00a0capaci di aprire una prospettiva sul futuro di un alto artigianato, che affonda le sue radici in una tradizione storica molto antica.<\/p>\n<p>Lino, lana, seta e oro. Otti secoli di ricami.<\/p>\n<p>Palazzo Madama, Lun 10-18, merc-sab 10-18, Dom 10-19, Mart chiuso<\/p>\n","protected":false},"excerpt":{"rendered":"<p>I merletti saranno i protagonisti del mostra che far\u00e0 rivivere dal 29 luglio al 16 novembre prossimi a Palazzo Madama i fasti del ricamo. Sar\u00e0 esposto un prestito eccezionale, un abito baiadera di<\/p>\n","protected":false},"author":1,"featured_media":57,"comment_status":"open","ping_status":"open","sticky":false,"template":"","format":"standard","meta":{"footnotes":""},"categories":[1],"tags":[],"class_list":["post-55","post","type-post","status-publish","format-standard","has-post-thumbnail","hentry","category-cultura-arte-spettacolo"],"yoast_head":"<!-- This site is optimized with the Yoast SEO plugin v27.1.1 - https:\/\/yoast.com\/product\/yoast-seo-wordpress\/ -->\n<title>I ricami nella loro storia in mostra a Palazzo Madama in tutto il loro sfarzo - 25 Luglio 2015<\/title>\n<meta name=\"description\" content=\"I ricami nella loro storia in mostra a Palazzo Madama in tutto il loro sfarzo - Cultura, Arte e Spettacolo a Torino - I merletti saranno i protagonisti del mostra che far\u00e0 rivivere dal 29 luglio al 16 novembre prossimi a Palazzo Madama i fasti del ricamo. Sar\u00e0 esposto un -\" \/>\n<meta name=\"robots\" content=\"index, follow, max-snippet:-1, max-image-preview:large, max-video-preview:-1\" \/>\n<link rel=\"canonical\" href=\"https:\/\/web.quotidianopiemontese.it\/cultura-arte-e-spettacolo-a-torino\/i-ricami-nella-loro-storia-in-mostra-a-palazzo-madama-in-tutto-il-loro-sfarzo\/\" \/>\n<meta property=\"og:locale\" content=\"it_IT\" \/>\n<meta property=\"og:type\" content=\"article\" \/>\n<meta property=\"og:title\" content=\"I ricami nella loro storia in mostra a Palazzo Madama in tutto il loro sfarzo - 25 Luglio 2015\" \/>\n<meta property=\"og:description\" content=\"I ricami nella loro storia in mostra a Palazzo Madama in tutto il loro sfarzo - Cultura, Arte e Spettacolo a Torino - I merletti saranno i protagonisti del mostra che far\u00e0 rivivere dal 29 luglio al 16 novembre prossimi a Palazzo Madama i fasti del ricamo. Sar\u00e0 esposto un -\" \/>\n<meta property=\"og:url\" content=\"https:\/\/web.quotidianopiemontese.it\/cultura-arte-e-spettacolo-a-torino\/i-ricami-nella-loro-storia-in-mostra-a-palazzo-madama-in-tutto-il-loro-sfarzo\/\" \/>\n<meta property=\"og:site_name\" content=\"Cultura, Arte e Spettacolo a Torino\" \/>\n<meta property=\"article:publisher\" content=\"https:\/\/www.facebook.com\/quotidianopiemontese?fref=ts\" \/>\n<meta property=\"article:author\" content=\"https:\/\/www.facebook.com\/quotidianopiemontese\" \/>\n<meta property=\"article:published_time\" content=\"2015-07-25T13:31:53+00:00\" \/>\n<meta property=\"article:modified_time\" content=\"2015-10-30T00:07:29+00:00\" \/>\n<meta property=\"og:image\" content=\"https:\/\/web.quotidianopiemontese.it\/cultura-arte-e-spettacolo-a-torino\/files\/2015\/07\/palazzo-madama-torino.jpg\" \/>\n\t<meta property=\"og:image:width\" content=\"1024\" \/>\n\t<meta property=\"og:image:height\" content=\"768\" \/>\n\t<meta property=\"og:image:type\" content=\"image\/jpeg\" \/>\n<meta name=\"author\" content=\"Redazione\" \/>\n<meta name=\"twitter:label1\" content=\"Scritto da\" \/>\n\t<meta name=\"twitter:data1\" content=\"Redazione\" \/>\n\t<meta name=\"twitter:label2\" content=\"Tempo di lettura stimato\" \/>\n\t<meta name=\"twitter:data2\" content=\"1 minuto\" \/>\n<script type=\"application\/ld+json\" class=\"yoast-schema-graph\">{\"@context\":\"https:\/\/schema.org\",\"@graph\":[{\"@type\":\"Article\",\"@id\":\"https:\/\/web.quotidianopiemontese.it\/cultura-arte-e-spettacolo-a-torino\/i-ricami-nella-loro-storia-in-mostra-a-palazzo-madama-in-tutto-il-loro-sfarzo\/#article\",\"isPartOf\":{\"@id\":\"https:\/\/web.quotidianopiemontese.it\/cultura-arte-e-spettacolo-a-torino\/i-ricami-nella-loro-storia-in-mostra-a-palazzo-madama-in-tutto-il-loro-sfarzo\/\"},\"author\":{\"name\":\"Redazione\",\"@id\":\"https:\/\/web.quotidianopiemontese.it\/cultura-arte-e-spettacolo-a-torino\/#\/schema\/person\/92b86f27cfe3bd649bd878d4f9c88190\"},\"headline\":\"I ricami nella loro storia in mostra a Palazzo Madama in tutto il loro sfarzo\",\"datePublished\":\"2015-07-25T13:31:53+00:00\",\"dateModified\":\"2015-10-30T00:07:29+00:00\",\"mainEntityOfPage\":{\"@id\":\"https:\/\/web.quotidianopiemontese.it\/cultura-arte-e-spettacolo-a-torino\/i-ricami-nella-loro-storia-in-mostra-a-palazzo-madama-in-tutto-il-loro-sfarzo\/\"},\"wordCount\":275,\"commentCount\":0,\"image\":{\"@id\":\"https:\/\/web.quotidianopiemontese.it\/cultura-arte-e-spettacolo-a-torino\/i-ricami-nella-loro-storia-in-mostra-a-palazzo-madama-in-tutto-il-loro-sfarzo\/#primaryimage\"},\"thumbnailUrl\":\"https:\/\/web.quotidianopiemontese.it\/cultura-arte-e-spettacolo-a-torino\/files\/2015\/07\/palazzo-madama-torino.jpg\",\"articleSection\":[\"Cultura, arte, spettacolo\"],\"inLanguage\":\"it-IT\",\"potentialAction\":[{\"@type\":\"CommentAction\",\"name\":\"Comment\",\"target\":[\"https:\/\/web.quotidianopiemontese.it\/cultura-arte-e-spettacolo-a-torino\/i-ricami-nella-loro-storia-in-mostra-a-palazzo-madama-in-tutto-il-loro-sfarzo\/#respond\"]}]},{\"@type\":\"WebPage\",\"@id\":\"https:\/\/web.quotidianopiemontese.it\/cultura-arte-e-spettacolo-a-torino\/i-ricami-nella-loro-storia-in-mostra-a-palazzo-madama-in-tutto-il-loro-sfarzo\/\",\"url\":\"https:\/\/web.quotidianopiemontese.it\/cultura-arte-e-spettacolo-a-torino\/i-ricami-nella-loro-storia-in-mostra-a-palazzo-madama-in-tutto-il-loro-sfarzo\/\",\"name\":\"I ricami nella loro storia in mostra a Palazzo Madama in tutto il loro sfarzo - 25 Luglio 2015\",\"isPartOf\":{\"@id\":\"https:\/\/web.quotidianopiemontese.it\/cultura-arte-e-spettacolo-a-torino\/#website\"},\"primaryImageOfPage\":{\"@id\":\"https:\/\/web.quotidianopiemontese.it\/cultura-arte-e-spettacolo-a-torino\/i-ricami-nella-loro-storia-in-mostra-a-palazzo-madama-in-tutto-il-loro-sfarzo\/#primaryimage\"},\"image\":{\"@id\":\"https:\/\/web.quotidianopiemontese.it\/cultura-arte-e-spettacolo-a-torino\/i-ricami-nella-loro-storia-in-mostra-a-palazzo-madama-in-tutto-il-loro-sfarzo\/#primaryimage\"},\"thumbnailUrl\":\"https:\/\/web.quotidianopiemontese.it\/cultura-arte-e-spettacolo-a-torino\/files\/2015\/07\/palazzo-madama-torino.jpg\",\"datePublished\":\"2015-07-25T13:31:53+00:00\",\"dateModified\":\"2015-10-30T00:07:29+00:00\",\"author\":{\"@id\":\"https:\/\/web.quotidianopiemontese.it\/cultura-arte-e-spettacolo-a-torino\/#\/schema\/person\/92b86f27cfe3bd649bd878d4f9c88190\"},\"description\":\"I ricami nella loro storia in mostra a Palazzo Madama in tutto il loro sfarzo - Cultura, Arte e Spettacolo a Torino - I merletti saranno i protagonisti del mostra che far\u00e0 rivivere dal 29 luglio al 16 novembre prossimi a Palazzo Madama i fasti del ricamo. Sar\u00e0 esposto un -\",\"inLanguage\":\"it-IT\",\"potentialAction\":[{\"@type\":\"ReadAction\",\"target\":[\"https:\/\/web.quotidianopiemontese.it\/cultura-arte-e-spettacolo-a-torino\/i-ricami-nella-loro-storia-in-mostra-a-palazzo-madama-in-tutto-il-loro-sfarzo\/\"]}]},{\"@type\":\"ImageObject\",\"inLanguage\":\"it-IT\",\"@id\":\"https:\/\/web.quotidianopiemontese.it\/cultura-arte-e-spettacolo-a-torino\/i-ricami-nella-loro-storia-in-mostra-a-palazzo-madama-in-tutto-il-loro-sfarzo\/#primaryimage\",\"url\":\"https:\/\/web.quotidianopiemontese.it\/cultura-arte-e-spettacolo-a-torino\/files\/2015\/07\/palazzo-madama-torino.jpg\",\"contentUrl\":\"https:\/\/web.quotidianopiemontese.it\/cultura-arte-e-spettacolo-a-torino\/files\/2015\/07\/palazzo-madama-torino.jpg\",\"width\":1024,\"height\":768,\"caption\":\"Torino (Italy), palazzo Madama, scalone dello Juvarra. Camera = Olympus e520. Fonte = opera propria (HDR on QTPFSGUI) Licenza = Pubblico dominio\"},{\"@type\":\"WebSite\",\"@id\":\"https:\/\/web.quotidianopiemontese.it\/cultura-arte-e-spettacolo-a-torino\/#website\",\"url\":\"https:\/\/web.quotidianopiemontese.it\/cultura-arte-e-spettacolo-a-torino\/\",\"name\":\"Cultura, Arte e Spettacolo a Torino\",\"description\":\"Quotidiano Piemontese\",\"potentialAction\":[{\"@type\":\"SearchAction\",\"target\":{\"@type\":\"EntryPoint\",\"urlTemplate\":\"https:\/\/web.quotidianopiemontese.it\/cultura-arte-e-spettacolo-a-torino\/?s={search_term_string}\"},\"query-input\":{\"@type\":\"PropertyValueSpecification\",\"valueRequired\":true,\"valueName\":\"search_term_string\"}}],\"inLanguage\":\"it-IT\"},{\"@type\":\"Person\",\"@id\":\"https:\/\/web.quotidianopiemontese.it\/cultura-arte-e-spettacolo-a-torino\/#\/schema\/person\/92b86f27cfe3bd649bd878d4f9c88190\",\"name\":\"Redazione\",\"image\":{\"@type\":\"ImageObject\",\"inLanguage\":\"it-IT\",\"@id\":\"https:\/\/web.quotidianopiemontese.it\/cultura-arte-e-spettacolo-a-torino\/#\/schema\/person\/image\/\",\"url\":\"https:\/\/secure.gravatar.com\/avatar\/fdce1b5a74767a43870aca54b0800bed88aab98b8098f69ac252d11aec8cdbe7?s=96&d=mm&r=g\",\"contentUrl\":\"https:\/\/secure.gravatar.com\/avatar\/fdce1b5a74767a43870aca54b0800bed88aab98b8098f69ac252d11aec8cdbe7?s=96&d=mm&r=g\",\"caption\":\"Redazione\"},\"description\":\"Quotidiano Piemontese: il sito di informazione pi\u00f9 letto del Piemonte : libero, tempestivo indipendente, social. L'hub sociale e informativo del Piemonte\",\"sameAs\":[\"http:\/\/www.quotidianopiemontese.it\/\",\"https:\/\/www.facebook.com\/quotidianopiemontese\",\"https:\/\/x.com\/quotidianopiem\"],\"url\":\"https:\/\/web.quotidianopiemontese.it\/cultura-arte-e-spettacolo-a-torino\/author\/administrator\/\"}]}<\/script>\n<!-- \/ Yoast SEO plugin. -->","yoast_head_json":{"title":"I ricami nella loro storia in mostra a Palazzo Madama in tutto il loro sfarzo - 25 Luglio 2015","description":"I ricami nella loro storia in mostra a Palazzo Madama in tutto il loro sfarzo - Cultura, Arte e Spettacolo a Torino - I merletti saranno i protagonisti del mostra che far\u00e0 rivivere dal 29 luglio al 16 novembre prossimi a Palazzo Madama i fasti del ricamo. Sar\u00e0 esposto un -","robots":{"index":"index","follow":"follow","max-snippet":"max-snippet:-1","max-image-preview":"max-image-preview:large","max-video-preview":"max-video-preview:-1"},"canonical":"https:\/\/web.quotidianopiemontese.it\/cultura-arte-e-spettacolo-a-torino\/i-ricami-nella-loro-storia-in-mostra-a-palazzo-madama-in-tutto-il-loro-sfarzo\/","og_locale":"it_IT","og_type":"article","og_title":"I ricami nella loro storia in mostra a Palazzo Madama in tutto il loro sfarzo - 25 Luglio 2015","og_description":"I ricami nella loro storia in mostra a Palazzo Madama in tutto il loro sfarzo - Cultura, Arte e Spettacolo a Torino - I merletti saranno i protagonisti del mostra che far\u00e0 rivivere dal 29 luglio al 16 novembre prossimi a Palazzo Madama i fasti del ricamo. Sar\u00e0 esposto un -","og_url":"https:\/\/web.quotidianopiemontese.it\/cultura-arte-e-spettacolo-a-torino\/i-ricami-nella-loro-storia-in-mostra-a-palazzo-madama-in-tutto-il-loro-sfarzo\/","og_site_name":"Cultura, Arte e Spettacolo a Torino","article_publisher":"https:\/\/www.facebook.com\/quotidianopiemontese?fref=ts","article_author":"https:\/\/www.facebook.com\/quotidianopiemontese","article_published_time":"2015-07-25T13:31:53+00:00","article_modified_time":"2015-10-30T00:07:29+00:00","og_image":[{"width":1024,"height":768,"url":"https:\/\/web.quotidianopiemontese.it\/cultura-arte-e-spettacolo-a-torino\/files\/2015\/07\/palazzo-madama-torino.jpg","type":"image\/jpeg"}],"author":"Redazione","twitter_misc":{"Scritto da":"Redazione","Tempo di lettura stimato":"1 minuto"},"schema":{"@context":"https:\/\/schema.org","@graph":[{"@type":"Article","@id":"https:\/\/web.quotidianopiemontese.it\/cultura-arte-e-spettacolo-a-torino\/i-ricami-nella-loro-storia-in-mostra-a-palazzo-madama-in-tutto-il-loro-sfarzo\/#article","isPartOf":{"@id":"https:\/\/web.quotidianopiemontese.it\/cultura-arte-e-spettacolo-a-torino\/i-ricami-nella-loro-storia-in-mostra-a-palazzo-madama-in-tutto-il-loro-sfarzo\/"},"author":{"name":"Redazione","@id":"https:\/\/web.quotidianopiemontese.it\/cultura-arte-e-spettacolo-a-torino\/#\/schema\/person\/92b86f27cfe3bd649bd878d4f9c88190"},"headline":"I ricami nella loro storia in mostra a Palazzo Madama in tutto il loro sfarzo","datePublished":"2015-07-25T13:31:53+00:00","dateModified":"2015-10-30T00:07:29+00:00","mainEntityOfPage":{"@id":"https:\/\/web.quotidianopiemontese.it\/cultura-arte-e-spettacolo-a-torino\/i-ricami-nella-loro-storia-in-mostra-a-palazzo-madama-in-tutto-il-loro-sfarzo\/"},"wordCount":275,"commentCount":0,"image":{"@id":"https:\/\/web.quotidianopiemontese.it\/cultura-arte-e-spettacolo-a-torino\/i-ricami-nella-loro-storia-in-mostra-a-palazzo-madama-in-tutto-il-loro-sfarzo\/#primaryimage"},"thumbnailUrl":"https:\/\/web.quotidianopiemontese.it\/cultura-arte-e-spettacolo-a-torino\/files\/2015\/07\/palazzo-madama-torino.jpg","articleSection":["Cultura, arte, spettacolo"],"inLanguage":"it-IT","potentialAction":[{"@type":"CommentAction","name":"Comment","target":["https:\/\/web.quotidianopiemontese.it\/cultura-arte-e-spettacolo-a-torino\/i-ricami-nella-loro-storia-in-mostra-a-palazzo-madama-in-tutto-il-loro-sfarzo\/#respond"]}]},{"@type":"WebPage","@id":"https:\/\/web.quotidianopiemontese.it\/cultura-arte-e-spettacolo-a-torino\/i-ricami-nella-loro-storia-in-mostra-a-palazzo-madama-in-tutto-il-loro-sfarzo\/","url":"https:\/\/web.quotidianopiemontese.it\/cultura-arte-e-spettacolo-a-torino\/i-ricami-nella-loro-storia-in-mostra-a-palazzo-madama-in-tutto-il-loro-sfarzo\/","name":"I ricami nella loro storia in mostra a Palazzo Madama in tutto il loro sfarzo - 25 Luglio 2015","isPartOf":{"@id":"https:\/\/web.quotidianopiemontese.it\/cultura-arte-e-spettacolo-a-torino\/#website"},"primaryImageOfPage":{"@id":"https:\/\/web.quotidianopiemontese.it\/cultura-arte-e-spettacolo-a-torino\/i-ricami-nella-loro-storia-in-mostra-a-palazzo-madama-in-tutto-il-loro-sfarzo\/#primaryimage"},"image":{"@id":"https:\/\/web.quotidianopiemontese.it\/cultura-arte-e-spettacolo-a-torino\/i-ricami-nella-loro-storia-in-mostra-a-palazzo-madama-in-tutto-il-loro-sfarzo\/#primaryimage"},"thumbnailUrl":"https:\/\/web.quotidianopiemontese.it\/cultura-arte-e-spettacolo-a-torino\/files\/2015\/07\/palazzo-madama-torino.jpg","datePublished":"2015-07-25T13:31:53+00:00","dateModified":"2015-10-30T00:07:29+00:00","author":{"@id":"https:\/\/web.quotidianopiemontese.it\/cultura-arte-e-spettacolo-a-torino\/#\/schema\/person\/92b86f27cfe3bd649bd878d4f9c88190"},"description":"I ricami nella loro storia in mostra a Palazzo Madama in tutto il loro sfarzo - Cultura, Arte e Spettacolo a Torino - I merletti saranno i protagonisti del mostra che far\u00e0 rivivere dal 29 luglio al 16 novembre prossimi a Palazzo Madama i fasti del ricamo. Sar\u00e0 esposto un -","inLanguage":"it-IT","potentialAction":[{"@type":"ReadAction","target":["https:\/\/web.quotidianopiemontese.it\/cultura-arte-e-spettacolo-a-torino\/i-ricami-nella-loro-storia-in-mostra-a-palazzo-madama-in-tutto-il-loro-sfarzo\/"]}]},{"@type":"ImageObject","inLanguage":"it-IT","@id":"https:\/\/web.quotidianopiemontese.it\/cultura-arte-e-spettacolo-a-torino\/i-ricami-nella-loro-storia-in-mostra-a-palazzo-madama-in-tutto-il-loro-sfarzo\/#primaryimage","url":"https:\/\/web.quotidianopiemontese.it\/cultura-arte-e-spettacolo-a-torino\/files\/2015\/07\/palazzo-madama-torino.jpg","contentUrl":"https:\/\/web.quotidianopiemontese.it\/cultura-arte-e-spettacolo-a-torino\/files\/2015\/07\/palazzo-madama-torino.jpg","width":1024,"height":768,"caption":"Torino (Italy), palazzo Madama, scalone dello Juvarra. Camera = Olympus e520. Fonte = opera propria (HDR on QTPFSGUI) Licenza = Pubblico dominio"},{"@type":"WebSite","@id":"https:\/\/web.quotidianopiemontese.it\/cultura-arte-e-spettacolo-a-torino\/#website","url":"https:\/\/web.quotidianopiemontese.it\/cultura-arte-e-spettacolo-a-torino\/","name":"Cultura, Arte e Spettacolo a Torino","description":"Quotidiano Piemontese","potentialAction":[{"@type":"SearchAction","target":{"@type":"EntryPoint","urlTemplate":"https:\/\/web.quotidianopiemontese.it\/cultura-arte-e-spettacolo-a-torino\/?s={search_term_string}"},"query-input":{"@type":"PropertyValueSpecification","valueRequired":true,"valueName":"search_term_string"}}],"inLanguage":"it-IT"},{"@type":"Person","@id":"https:\/\/web.quotidianopiemontese.it\/cultura-arte-e-spettacolo-a-torino\/#\/schema\/person\/92b86f27cfe3bd649bd878d4f9c88190","name":"Redazione","image":{"@type":"ImageObject","inLanguage":"it-IT","@id":"https:\/\/web.quotidianopiemontese.it\/cultura-arte-e-spettacolo-a-torino\/#\/schema\/person\/image\/","url":"https:\/\/secure.gravatar.com\/avatar\/fdce1b5a74767a43870aca54b0800bed88aab98b8098f69ac252d11aec8cdbe7?s=96&d=mm&r=g","contentUrl":"https:\/\/secure.gravatar.com\/avatar\/fdce1b5a74767a43870aca54b0800bed88aab98b8098f69ac252d11aec8cdbe7?s=96&d=mm&r=g","caption":"Redazione"},"description":"Quotidiano Piemontese: il sito di informazione pi\u00f9 letto del Piemonte : libero, tempestivo indipendente, social. L'hub sociale e informativo del Piemonte","sameAs":["http:\/\/www.quotidianopiemontese.it\/","https:\/\/www.facebook.com\/quotidianopiemontese","https:\/\/x.com\/quotidianopiem"],"url":"https:\/\/web.quotidianopiemontese.it\/cultura-arte-e-spettacolo-a-torino\/author\/administrator\/"}]}},"_links":{"self":[{"href":"https:\/\/web.quotidianopiemontese.it\/cultura-arte-e-spettacolo-a-torino\/wp-json\/wp\/v2\/posts\/55","targetHints":{"allow":["GET"]}}],"collection":[{"href":"https:\/\/web.quotidianopiemontese.it\/cultura-arte-e-spettacolo-a-torino\/wp-json\/wp\/v2\/posts"}],"about":[{"href":"https:\/\/web.quotidianopiemontese.it\/cultura-arte-e-spettacolo-a-torino\/wp-json\/wp\/v2\/types\/post"}],"author":[{"embeddable":true,"href":"https:\/\/web.quotidianopiemontese.it\/cultura-arte-e-spettacolo-a-torino\/wp-json\/wp\/v2\/users\/1"}],"replies":[{"embeddable":true,"href":"https:\/\/web.quotidianopiemontese.it\/cultura-arte-e-spettacolo-a-torino\/wp-json\/wp\/v2\/comments?post=55"}],"version-history":[{"count":0,"href":"https:\/\/web.quotidianopiemontese.it\/cultura-arte-e-spettacolo-a-torino\/wp-json\/wp\/v2\/posts\/55\/revisions"}],"wp:featuredmedia":[{"embeddable":true,"href":"https:\/\/web.quotidianopiemontese.it\/cultura-arte-e-spettacolo-a-torino\/wp-json\/wp\/v2\/media\/57"}],"wp:attachment":[{"href":"https:\/\/web.quotidianopiemontese.it\/cultura-arte-e-spettacolo-a-torino\/wp-json\/wp\/v2\/media?parent=55"}],"wp:term":[{"taxonomy":"category","embeddable":true,"href":"https:\/\/web.quotidianopiemontese.it\/cultura-arte-e-spettacolo-a-torino\/wp-json\/wp\/v2\/categories?post=55"},{"taxonomy":"post_tag","embeddable":true,"href":"https:\/\/web.quotidianopiemontese.it\/cultura-arte-e-spettacolo-a-torino\/wp-json\/wp\/v2\/tags?post=55"}],"curies":[{"name":"wp","href":"https:\/\/api.w.org\/{rel}","templated":true}]}}