{"id":527,"date":"2019-11-20T15:07:25","date_gmt":"2019-11-20T14:07:25","guid":{"rendered":"http:\/\/web.quotidianopiemontese.it\/cultura-arte-e-spettacolo-a-torino\/?p=527"},"modified":"2019-11-20T15:07:25","modified_gmt":"2019-11-20T14:07:25","slug":"sodalizio-di-titani-uri-caine-e-paolo-fresu-al-folkclub","status":"publish","type":"post","link":"https:\/\/web.quotidianopiemontese.it\/cultura-arte-e-spettacolo-a-torino\/sodalizio-di-titani-uri-caine-e-paolo-fresu-al-folkclub\/","title":{"rendered":"Sodalizio di titani: Uri Caine e Paolo Fresu al Folkclub"},"content":{"rendered":"<p>Due dei pi\u00f9 grandi musicisti jazz contemporanei si incontrano <strong>gioved\u00ec 21 novembre<\/strong> al <strong>Folkclub<\/strong> per uno dei concerti pi\u00f9 importanti della stagione. La tromba lirica e sognante di <strong>Paolo Fresu,<\/strong> con il suo timbro malinconico e onirico, si sposa a meraviglia con il pianismo di <strong>Uri Caine,<\/strong> fatto di mille citazioni, dalla canzone americana, al blues, dal jazz pi\u00f9 mainstream all\u2019avanguardia fino alla musica classica, genere che <strong>Uri Caine<\/strong> ha riveduto e corretto secondo i suoi parametri personali.<\/p>\n<p><a href=\"http:\/\/web.quotidianopiemontese.it\/cultura-arte-e-spettacolo-a-torino\/files\/2019\/11\/Paolo_Fresu__Uri_Caine_Roberto_Cifarelli05_ridotta.jpg\"><img loading=\"lazy\" decoding=\"async\" class=\"alignnone size-medium wp-image-529\" src=\"http:\/\/web.quotidianopiemontese.it\/cultura-arte-e-spettacolo-a-torino\/files\/2019\/11\/Paolo_Fresu__Uri_Caine_Roberto_Cifarelli05_ridotta-300x225.jpg\" alt=\"\" width=\"300\" height=\"225\" srcset=\"https:\/\/web.quotidianopiemontese.it\/cultura-arte-e-spettacolo-a-torino\/files\/2019\/11\/Paolo_Fresu__Uri_Caine_Roberto_Cifarelli05_ridotta-300x225.jpg 300w, https:\/\/web.quotidianopiemontese.it\/cultura-arte-e-spettacolo-a-torino\/files\/2019\/11\/Paolo_Fresu__Uri_Caine_Roberto_Cifarelli05_ridotta-768x576.jpg 768w, https:\/\/web.quotidianopiemontese.it\/cultura-arte-e-spettacolo-a-torino\/files\/2019\/11\/Paolo_Fresu__Uri_Caine_Roberto_Cifarelli05_ridotta-1024x768.jpg 1024w, https:\/\/web.quotidianopiemontese.it\/cultura-arte-e-spettacolo-a-torino\/files\/2019\/11\/Paolo_Fresu__Uri_Caine_Roberto_Cifarelli05_ridotta-200x150.jpg 200w, https:\/\/web.quotidianopiemontese.it\/cultura-arte-e-spettacolo-a-torino\/files\/2019\/11\/Paolo_Fresu__Uri_Caine_Roberto_Cifarelli05_ridotta.jpg 1772w\" sizes=\"auto, (max-width: 300px) 85vw, 300px\" \/><\/a><!--more--><\/p>\n<p>I due, conosciutisi nel 2002 a Berchidda al festival curato da <strong>Paolo Fresu<\/strong>, dopo una serie di concerti nell\u2019estate 2006 hanno pubblicato l\u2019album\u00a0<em>Things\u00a0<\/em>e successivamente\u00a0<em>Think<\/em>, dimostrando quanto sia possibile rinnovare alcune tra le pagine pi\u00f9 famose del jazz, tra ammalianti ballad e invenzioni ritmiche che rendono il loro incontro musicale un evento assolutamente da non perdere.<br \/>\n<strong>Uri Caine<\/strong>\u00a0\u00e8 uno degli architetti pi\u00f9 intelligenti e sensibili della musica d\u2019oggi, un geniale alchimista, che compone in modo originale ripartendo dal passato prossimo del grande jazz come da quello pi\u00f9 remoto della musica classica, capace di rileggere i repertori di ogni epoca con intelligenza, cultura e humour.<\/p>\n<p><a href=\"http:\/\/web.quotidianopiemontese.it\/cultura-arte-e-spettacolo-a-torino\/files\/2019\/11\/Paolo_Fresu__Uri_Caine_Roberto_Cifarelli04_ridotta.jpg\"><img loading=\"lazy\" decoding=\"async\" class=\"alignnone size-medium wp-image-530\" src=\"http:\/\/web.quotidianopiemontese.it\/cultura-arte-e-spettacolo-a-torino\/files\/2019\/11\/Paolo_Fresu__Uri_Caine_Roberto_Cifarelli04_ridotta-225x300.jpg\" alt=\"\" width=\"225\" height=\"300\" srcset=\"https:\/\/web.quotidianopiemontese.it\/cultura-arte-e-spettacolo-a-torino\/files\/2019\/11\/Paolo_Fresu__Uri_Caine_Roberto_Cifarelli04_ridotta-225x300.jpg 225w, https:\/\/web.quotidianopiemontese.it\/cultura-arte-e-spettacolo-a-torino\/files\/2019\/11\/Paolo_Fresu__Uri_Caine_Roberto_Cifarelli04_ridotta-768x1024.jpg 768w, https:\/\/web.quotidianopiemontese.it\/cultura-arte-e-spettacolo-a-torino\/files\/2019\/11\/Paolo_Fresu__Uri_Caine_Roberto_Cifarelli04_ridotta.jpg 1329w\" sizes=\"auto, (max-width: 225px) 85vw, 225px\" \/><\/a><\/p>\n<p>Nato a Philadelphia nel 1956 in una colta famiglia della borghesia ebraica, <strong>Uri Caine<\/strong> ha saputo portare alle estreme conseguenze l\u2019estetica meticcia del jazz, intrecciandolo con la musica <em>klezmer<\/em> e l\u2019elettronica ma soprattutto attraverso prodigiose riletture del repertorio classico. La commistione di jazz e classica non \u00e8 certo una novit\u00e0 ma l\u2019approccio di <strong>Uri Caine<\/strong> \u00e8 particolarmente originale: non soltanto la reinterpretazione della musica di grandi compositori del passato quali Mahler, Bach, Beethoven o Vivaldi, ma una vera e propria riscrittura, che attualizza quella musica e la adegua al contesto moderno in cui viene eseguita. Dal suo trasferimento a New York nel 1985, <strong>Uri Caine<\/strong> ha pubblicato pi\u00f9 di 30 album e collezionato innumerevoli e prestigiose collaborazioni con protagonisti del jazz e della musica classica internazionali, nonch\u00e9 una nomination ai <strong>Grammy<\/strong> nel 2009 con l\u2019album <em>Othello Syndrome<\/em>, un lavoro di variazioni liberamente tratte dalla partitura di Giuseppe Verdi. Nel 2003 ha diretto la sezione Musica della <strong>Biennale di Venezia<\/strong>. La sua discografia, ampia e ricca di opere importanti, alcune riconosciute come pietre miliari, viene indicata come snodo fondamentale della storia musicale contemporanea.\u00a0<em>Sonic Boom<\/em>, in duo con Han Bennink, e\u00a0<em>Rhapsody in Blue<\/em>, con il suo ensemble di New York, sono i titoli delle incisioni pi\u00f9 recenti.<\/p>\n<p><a href=\"http:\/\/web.quotidianopiemontese.it\/cultura-arte-e-spettacolo-a-torino\/files\/2019\/11\/Paolo-Fresu-Photo-credit-Lorenzo-di-Nozzi.jpg\"><img loading=\"lazy\" decoding=\"async\" class=\"alignnone size-medium wp-image-531\" src=\"http:\/\/web.quotidianopiemontese.it\/cultura-arte-e-spettacolo-a-torino\/files\/2019\/11\/Paolo-Fresu-Photo-credit-Lorenzo-di-Nozzi-300x300.jpg\" alt=\"\" width=\"300\" height=\"300\" srcset=\"https:\/\/web.quotidianopiemontese.it\/cultura-arte-e-spettacolo-a-torino\/files\/2019\/11\/Paolo-Fresu-Photo-credit-Lorenzo-di-Nozzi-300x300.jpg 300w, https:\/\/web.quotidianopiemontese.it\/cultura-arte-e-spettacolo-a-torino\/files\/2019\/11\/Paolo-Fresu-Photo-credit-Lorenzo-di-Nozzi-150x150.jpg 150w, https:\/\/web.quotidianopiemontese.it\/cultura-arte-e-spettacolo-a-torino\/files\/2019\/11\/Paolo-Fresu-Photo-credit-Lorenzo-di-Nozzi-768x768.jpg 768w, https:\/\/web.quotidianopiemontese.it\/cultura-arte-e-spettacolo-a-torino\/files\/2019\/11\/Paolo-Fresu-Photo-credit-Lorenzo-di-Nozzi-1024x1024.jpg 1024w, https:\/\/web.quotidianopiemontese.it\/cultura-arte-e-spettacolo-a-torino\/files\/2019\/11\/Paolo-Fresu-Photo-credit-Lorenzo-di-Nozzi-200x200.jpg 200w, https:\/\/web.quotidianopiemontese.it\/cultura-arte-e-spettacolo-a-torino\/files\/2019\/11\/Paolo-Fresu-Photo-credit-Lorenzo-di-Nozzi-100x100.jpg 100w, https:\/\/web.quotidianopiemontese.it\/cultura-arte-e-spettacolo-a-torino\/files\/2019\/11\/Paolo-Fresu-Photo-credit-Lorenzo-di-Nozzi-80x80.jpg 80w, https:\/\/web.quotidianopiemontese.it\/cultura-arte-e-spettacolo-a-torino\/files\/2019\/11\/Paolo-Fresu-Photo-credit-Lorenzo-di-Nozzi-400x400.jpg 400w\" sizes=\"auto, (max-width: 300px) 85vw, 300px\" \/><\/a><\/p>\n<p><strong>Paolo Fresu<\/strong>\u00a0si diploma in tromba nel 1984 presso il Conservatorio di Cagliari. Docente e responsabile di diverse importanti realt\u00e0 didattiche nazionali e internazionali, musicista pluripremiato, ha registrato oltre 300 dischi di cui oltre cinquanta a proprio nome e altri con collaborazioni internazionali, lavorando spesso in progetti \u2018misti\u2019 di jazz-musica e etnica, world music, musica contemporanea, musica leggera, musica antica, ecc. Vive tra Parigi, Bologna e la Sardegna e dirige l&#8217;Associazione Culturale Time In Jazz a Berchidda con la quale organizza dal 1988 l\u2019omonimo prestigioso Festival Internazionale. Il suo presente pi\u00f9 attuale lo vede attivo in trio con Richard Galliano e il pianista svedese Jan Lundgren <em>(Mare Nostrum)<\/em> e in diverse nuove avventure con nuovi importanti nomi dell\u2019entourage jazzistico contemporaneo quali Omar Sosa, Gianluca Petrella, Manu Katch\u00e9, Eivind Aarset, Dave Douglas. Dentro al suono del suo strumento c\u2019\u00e8 la linfa che ha dato lustro alla nouvelle <em>vague<\/em> del jazz europeo, la profondit\u00e0 di un pensiero non solo musicale, la generosit\u00e0 che lo vuole naturalmente nel posto giusto al momento giusto ma, soprattutto, l\u2019enorme e inesauribile passione che lo sorregge da sempre.<\/p>\n<p><a href=\"http:\/\/www.folkclub.it\">http:\/\/www.folkclub.it<\/a><\/p>\n<p><a href=\"http:\/\/www.paolofresu.it\">http:\/\/www.paolofresu.it<\/a><br \/>\n<a href=\"http:\/\/www.uricaine.com\">http:\/\/www.uricaine.com<\/a><\/p>\n<p><strong>Emanuele Rebuffini<\/strong><\/p>\n<p><strong><a href=\"http:\/\/web.quotidianopiemontese.it\/cultura-arte-e-spettacolo-a-torino\/files\/2019\/11\/Paolo_Fresu__Uri_Caine_Roberto_Cifarelli01_ridotta.jpg\"><img loading=\"lazy\" decoding=\"async\" class=\"alignnone size-medium wp-image-534\" src=\"http:\/\/web.quotidianopiemontese.it\/cultura-arte-e-spettacolo-a-torino\/files\/2019\/11\/Paolo_Fresu__Uri_Caine_Roberto_Cifarelli01_ridotta-300x225.jpg\" alt=\"\" width=\"300\" height=\"225\" srcset=\"https:\/\/web.quotidianopiemontese.it\/cultura-arte-e-spettacolo-a-torino\/files\/2019\/11\/Paolo_Fresu__Uri_Caine_Roberto_Cifarelli01_ridotta-300x225.jpg 300w, https:\/\/web.quotidianopiemontese.it\/cultura-arte-e-spettacolo-a-torino\/files\/2019\/11\/Paolo_Fresu__Uri_Caine_Roberto_Cifarelli01_ridotta-768x576.jpg 768w, https:\/\/web.quotidianopiemontese.it\/cultura-arte-e-spettacolo-a-torino\/files\/2019\/11\/Paolo_Fresu__Uri_Caine_Roberto_Cifarelli01_ridotta-1024x768.jpg 1024w, https:\/\/web.quotidianopiemontese.it\/cultura-arte-e-spettacolo-a-torino\/files\/2019\/11\/Paolo_Fresu__Uri_Caine_Roberto_Cifarelli01_ridotta-200x150.jpg 200w, https:\/\/web.quotidianopiemontese.it\/cultura-arte-e-spettacolo-a-torino\/files\/2019\/11\/Paolo_Fresu__Uri_Caine_Roberto_Cifarelli01_ridotta.jpg 1772w\" sizes=\"auto, (max-width: 300px) 85vw, 300px\" \/><\/a><\/strong><\/p>\n<p>&nbsp;<\/p>\n","protected":false},"excerpt":{"rendered":"<p>Due dei pi\u00f9 grandi musicisti jazz contemporanei si incontrano gioved\u00ec 21 novembre al Folkclub per uno dei concerti pi\u00f9 importanti della stagione. La tromba lirica e sognante di Paolo Fresu, con il suo timbro malinconico e onirico, si sposa a meraviglia con il pianismo di Uri Caine, fatto di mille citazioni, dalla canzone americana, al &hellip; <a href=\"https:\/\/web.quotidianopiemontese.it\/cultura-arte-e-spettacolo-a-torino\/sodalizio-di-titani-uri-caine-e-paolo-fresu-al-folkclub\/\" class=\"more-link\">Leggi tutto<span class=\"screen-reader-text\"> &#8220;Sodalizio di titani: Uri Caine e Paolo Fresu al Folkclub&#8221;<\/span><\/a><\/p>\n","protected":false},"author":1361,"featured_media":528,"comment_status":"open","ping_status":"open","sticky":false,"template":"","format":"standard","meta":{"footnotes":""},"categories":[1],"tags":[58,14,135,13],"class_list":["post-527","post","type-post","status-publish","format-standard","has-post-thumbnail","hentry","category-cultura-arte-spettacolo","tag-folkclub","tag-jazz","tag-paolo-fresu","tag-uri-caine"],"yoast_head":"<!-- This site is optimized with the Yoast SEO plugin v27.1.1 - https:\/\/yoast.com\/product\/yoast-seo-wordpress\/ -->\n<title>Sodalizio di titani: Uri Caine e Paolo Fresu al Folkclub - 20 Novembre 2019<\/title>\n<meta name=\"description\" content=\"Sodalizio di titani: Uri Caine e Paolo Fresu al Folkclub - Cultura, Arte e Spettacolo a Torino - Due dei pi\u00f9 grandi musicisti jazz contemporanei si incontrano gioved\u00ec 21 novembre al Folkclub per uno dei concerti pi\u00f9 importanti della stagione. La - Folkclub, jazz, Paolo Fresu, Uri Caine\" \/>\n<meta name=\"robots\" content=\"index, follow, max-snippet:-1, max-image-preview:large, max-video-preview:-1\" \/>\n<link rel=\"canonical\" href=\"https:\/\/web.quotidianopiemontese.it\/cultura-arte-e-spettacolo-a-torino\/sodalizio-di-titani-uri-caine-e-paolo-fresu-al-folkclub\/\" \/>\n<meta property=\"og:locale\" content=\"it_IT\" \/>\n<meta property=\"og:type\" content=\"article\" \/>\n<meta property=\"og:title\" content=\"Sodalizio di titani: Uri Caine e Paolo Fresu al Folkclub - 20 Novembre 2019\" \/>\n<meta property=\"og:description\" content=\"Sodalizio di titani: Uri Caine e Paolo Fresu al Folkclub - Cultura, Arte e Spettacolo a Torino - Due dei pi\u00f9 grandi musicisti jazz contemporanei si incontrano gioved\u00ec 21 novembre al Folkclub per uno dei concerti pi\u00f9 importanti della stagione. La - Folkclub, jazz, Paolo Fresu, Uri Caine\" \/>\n<meta property=\"og:url\" content=\"https:\/\/web.quotidianopiemontese.it\/cultura-arte-e-spettacolo-a-torino\/sodalizio-di-titani-uri-caine-e-paolo-fresu-al-folkclub\/\" \/>\n<meta property=\"og:site_name\" content=\"Cultura, Arte e Spettacolo a Torino\" \/>\n<meta property=\"article:publisher\" content=\"https:\/\/www.facebook.com\/quotidianopiemontese?fref=ts\" \/>\n<meta property=\"article:published_time\" content=\"2019-11-20T14:07:25+00:00\" \/>\n<meta property=\"og:image\" content=\"https:\/\/web.quotidianopiemontese.it\/cultura-arte-e-spettacolo-a-torino\/files\/2019\/11\/Paolo_Fresu__Uri_Caine_Roberto_Cifarelli02_ridotta.jpg\" \/>\n\t<meta property=\"og:image:width\" content=\"1772\" \/>\n\t<meta property=\"og:image:height\" content=\"1329\" \/>\n\t<meta property=\"og:image:type\" content=\"image\/jpeg\" \/>\n<meta name=\"author\" content=\"Emanuele Rebuffini\" \/>\n<meta name=\"twitter:label1\" content=\"Scritto da\" \/>\n\t<meta name=\"twitter:data1\" content=\"Emanuele Rebuffini\" \/>\n\t<meta name=\"twitter:label2\" content=\"Tempo di lettura stimato\" \/>\n\t<meta name=\"twitter:data2\" content=\"3 minuti\" \/>\n<script type=\"application\/ld+json\" class=\"yoast-schema-graph\">{\"@context\":\"https:\/\/schema.org\",\"@graph\":[{\"@type\":\"Article\",\"@id\":\"https:\/\/web.quotidianopiemontese.it\/cultura-arte-e-spettacolo-a-torino\/sodalizio-di-titani-uri-caine-e-paolo-fresu-al-folkclub\/#article\",\"isPartOf\":{\"@id\":\"https:\/\/web.quotidianopiemontese.it\/cultura-arte-e-spettacolo-a-torino\/sodalizio-di-titani-uri-caine-e-paolo-fresu-al-folkclub\/\"},\"author\":{\"name\":\"Emanuele Rebuffini\",\"@id\":\"https:\/\/web.quotidianopiemontese.it\/cultura-arte-e-spettacolo-a-torino\/#\/schema\/person\/b035109a4cc7d3e93911b78d8cebf3a0\"},\"headline\":\"Sodalizio di titani: Uri Caine e Paolo Fresu al Folkclub\",\"datePublished\":\"2019-11-20T14:07:25+00:00\",\"mainEntityOfPage\":{\"@id\":\"https:\/\/web.quotidianopiemontese.it\/cultura-arte-e-spettacolo-a-torino\/sodalizio-di-titani-uri-caine-e-paolo-fresu-al-folkclub\/\"},\"wordCount\":596,\"commentCount\":0,\"image\":{\"@id\":\"https:\/\/web.quotidianopiemontese.it\/cultura-arte-e-spettacolo-a-torino\/sodalizio-di-titani-uri-caine-e-paolo-fresu-al-folkclub\/#primaryimage\"},\"thumbnailUrl\":\"https:\/\/web.quotidianopiemontese.it\/cultura-arte-e-spettacolo-a-torino\/files\/2019\/11\/Paolo_Fresu__Uri_Caine_Roberto_Cifarelli02_ridotta.jpg\",\"keywords\":[\"Folkclub\",\"jazz\",\"Paolo Fresu\",\"Uri Caine\"],\"articleSection\":[\"Cultura, arte, spettacolo\"],\"inLanguage\":\"it-IT\",\"potentialAction\":[{\"@type\":\"CommentAction\",\"name\":\"Comment\",\"target\":[\"https:\/\/web.quotidianopiemontese.it\/cultura-arte-e-spettacolo-a-torino\/sodalizio-di-titani-uri-caine-e-paolo-fresu-al-folkclub\/#respond\"]}]},{\"@type\":\"WebPage\",\"@id\":\"https:\/\/web.quotidianopiemontese.it\/cultura-arte-e-spettacolo-a-torino\/sodalizio-di-titani-uri-caine-e-paolo-fresu-al-folkclub\/\",\"url\":\"https:\/\/web.quotidianopiemontese.it\/cultura-arte-e-spettacolo-a-torino\/sodalizio-di-titani-uri-caine-e-paolo-fresu-al-folkclub\/\",\"name\":\"Sodalizio di titani: Uri Caine e Paolo Fresu al Folkclub - 20 Novembre 2019\",\"isPartOf\":{\"@id\":\"https:\/\/web.quotidianopiemontese.it\/cultura-arte-e-spettacolo-a-torino\/#website\"},\"primaryImageOfPage\":{\"@id\":\"https:\/\/web.quotidianopiemontese.it\/cultura-arte-e-spettacolo-a-torino\/sodalizio-di-titani-uri-caine-e-paolo-fresu-al-folkclub\/#primaryimage\"},\"image\":{\"@id\":\"https:\/\/web.quotidianopiemontese.it\/cultura-arte-e-spettacolo-a-torino\/sodalizio-di-titani-uri-caine-e-paolo-fresu-al-folkclub\/#primaryimage\"},\"thumbnailUrl\":\"https:\/\/web.quotidianopiemontese.it\/cultura-arte-e-spettacolo-a-torino\/files\/2019\/11\/Paolo_Fresu__Uri_Caine_Roberto_Cifarelli02_ridotta.jpg\",\"datePublished\":\"2019-11-20T14:07:25+00:00\",\"author\":{\"@id\":\"https:\/\/web.quotidianopiemontese.it\/cultura-arte-e-spettacolo-a-torino\/#\/schema\/person\/b035109a4cc7d3e93911b78d8cebf3a0\"},\"description\":\"Sodalizio di titani: Uri Caine e Paolo Fresu al Folkclub - Cultura, Arte e Spettacolo a Torino - Due dei pi\u00f9 grandi musicisti jazz contemporanei si incontrano gioved\u00ec 21 novembre al Folkclub per uno dei concerti pi\u00f9 importanti della stagione. La - Folkclub, jazz, Paolo Fresu, Uri Caine\",\"inLanguage\":\"it-IT\",\"potentialAction\":[{\"@type\":\"ReadAction\",\"target\":[\"https:\/\/web.quotidianopiemontese.it\/cultura-arte-e-spettacolo-a-torino\/sodalizio-di-titani-uri-caine-e-paolo-fresu-al-folkclub\/\"]}]},{\"@type\":\"ImageObject\",\"inLanguage\":\"it-IT\",\"@id\":\"https:\/\/web.quotidianopiemontese.it\/cultura-arte-e-spettacolo-a-torino\/sodalizio-di-titani-uri-caine-e-paolo-fresu-al-folkclub\/#primaryimage\",\"url\":\"https:\/\/web.quotidianopiemontese.it\/cultura-arte-e-spettacolo-a-torino\/files\/2019\/11\/Paolo_Fresu__Uri_Caine_Roberto_Cifarelli02_ridotta.jpg\",\"contentUrl\":\"https:\/\/web.quotidianopiemontese.it\/cultura-arte-e-spettacolo-a-torino\/files\/2019\/11\/Paolo_Fresu__Uri_Caine_Roberto_Cifarelli02_ridotta.jpg\",\"width\":1772,\"height\":1329},{\"@type\":\"WebSite\",\"@id\":\"https:\/\/web.quotidianopiemontese.it\/cultura-arte-e-spettacolo-a-torino\/#website\",\"url\":\"https:\/\/web.quotidianopiemontese.it\/cultura-arte-e-spettacolo-a-torino\/\",\"name\":\"Cultura, Arte e Spettacolo a Torino\",\"description\":\"Quotidiano Piemontese\",\"potentialAction\":[{\"@type\":\"SearchAction\",\"target\":{\"@type\":\"EntryPoint\",\"urlTemplate\":\"https:\/\/web.quotidianopiemontese.it\/cultura-arte-e-spettacolo-a-torino\/?s={search_term_string}\"},\"query-input\":{\"@type\":\"PropertyValueSpecification\",\"valueRequired\":true,\"valueName\":\"search_term_string\"}}],\"inLanguage\":\"it-IT\"},{\"@type\":\"Person\",\"@id\":\"https:\/\/web.quotidianopiemontese.it\/cultura-arte-e-spettacolo-a-torino\/#\/schema\/person\/b035109a4cc7d3e93911b78d8cebf3a0\",\"name\":\"Emanuele Rebuffini\",\"image\":{\"@type\":\"ImageObject\",\"inLanguage\":\"it-IT\",\"@id\":\"https:\/\/web.quotidianopiemontese.it\/cultura-arte-e-spettacolo-a-torino\/#\/schema\/person\/image\/\",\"url\":\"https:\/\/secure.gravatar.com\/avatar\/519a0a38be4cbbcf40fb5bc1b1173a85af291a3a8697df454a94ad7e05574628?s=96&d=mm&r=g\",\"contentUrl\":\"https:\/\/secure.gravatar.com\/avatar\/519a0a38be4cbbcf40fb5bc1b1173a85af291a3a8697df454a94ad7e05574628?s=96&d=mm&r=g\",\"caption\":\"Emanuele Rebuffini\"},\"sameAs\":[\"http:\/\/www.quotidianopiemontese.it\/cultura-arte-e-spettacolo-a-torino\/\"],\"url\":\"https:\/\/web.quotidianopiemontese.it\/cultura-arte-e-spettacolo-a-torino\/author\/emanuelerebuffini\/\"}]}<\/script>\n<!-- \/ Yoast SEO plugin. -->","yoast_head_json":{"title":"Sodalizio di titani: Uri Caine e Paolo Fresu al Folkclub - 20 Novembre 2019","description":"Sodalizio di titani: Uri Caine e Paolo Fresu al Folkclub - Cultura, Arte e Spettacolo a Torino - Due dei pi\u00f9 grandi musicisti jazz contemporanei si incontrano gioved\u00ec 21 novembre al Folkclub per uno dei concerti pi\u00f9 importanti della stagione. La - Folkclub, jazz, Paolo Fresu, Uri Caine","robots":{"index":"index","follow":"follow","max-snippet":"max-snippet:-1","max-image-preview":"max-image-preview:large","max-video-preview":"max-video-preview:-1"},"canonical":"https:\/\/web.quotidianopiemontese.it\/cultura-arte-e-spettacolo-a-torino\/sodalizio-di-titani-uri-caine-e-paolo-fresu-al-folkclub\/","og_locale":"it_IT","og_type":"article","og_title":"Sodalizio di titani: Uri Caine e Paolo Fresu al Folkclub - 20 Novembre 2019","og_description":"Sodalizio di titani: Uri Caine e Paolo Fresu al Folkclub - Cultura, Arte e Spettacolo a Torino - Due dei pi\u00f9 grandi musicisti jazz contemporanei si incontrano gioved\u00ec 21 novembre al Folkclub per uno dei concerti pi\u00f9 importanti della stagione. La - Folkclub, jazz, Paolo Fresu, Uri Caine","og_url":"https:\/\/web.quotidianopiemontese.it\/cultura-arte-e-spettacolo-a-torino\/sodalizio-di-titani-uri-caine-e-paolo-fresu-al-folkclub\/","og_site_name":"Cultura, Arte e Spettacolo a Torino","article_publisher":"https:\/\/www.facebook.com\/quotidianopiemontese?fref=ts","article_published_time":"2019-11-20T14:07:25+00:00","og_image":[{"width":1772,"height":1329,"url":"https:\/\/web.quotidianopiemontese.it\/cultura-arte-e-spettacolo-a-torino\/files\/2019\/11\/Paolo_Fresu__Uri_Caine_Roberto_Cifarelli02_ridotta.jpg","type":"image\/jpeg"}],"author":"Emanuele Rebuffini","twitter_misc":{"Scritto da":"Emanuele Rebuffini","Tempo di lettura stimato":"3 minuti"},"schema":{"@context":"https:\/\/schema.org","@graph":[{"@type":"Article","@id":"https:\/\/web.quotidianopiemontese.it\/cultura-arte-e-spettacolo-a-torino\/sodalizio-di-titani-uri-caine-e-paolo-fresu-al-folkclub\/#article","isPartOf":{"@id":"https:\/\/web.quotidianopiemontese.it\/cultura-arte-e-spettacolo-a-torino\/sodalizio-di-titani-uri-caine-e-paolo-fresu-al-folkclub\/"},"author":{"name":"Emanuele Rebuffini","@id":"https:\/\/web.quotidianopiemontese.it\/cultura-arte-e-spettacolo-a-torino\/#\/schema\/person\/b035109a4cc7d3e93911b78d8cebf3a0"},"headline":"Sodalizio di titani: Uri Caine e Paolo Fresu al Folkclub","datePublished":"2019-11-20T14:07:25+00:00","mainEntityOfPage":{"@id":"https:\/\/web.quotidianopiemontese.it\/cultura-arte-e-spettacolo-a-torino\/sodalizio-di-titani-uri-caine-e-paolo-fresu-al-folkclub\/"},"wordCount":596,"commentCount":0,"image":{"@id":"https:\/\/web.quotidianopiemontese.it\/cultura-arte-e-spettacolo-a-torino\/sodalizio-di-titani-uri-caine-e-paolo-fresu-al-folkclub\/#primaryimage"},"thumbnailUrl":"https:\/\/web.quotidianopiemontese.it\/cultura-arte-e-spettacolo-a-torino\/files\/2019\/11\/Paolo_Fresu__Uri_Caine_Roberto_Cifarelli02_ridotta.jpg","keywords":["Folkclub","jazz","Paolo Fresu","Uri Caine"],"articleSection":["Cultura, arte, spettacolo"],"inLanguage":"it-IT","potentialAction":[{"@type":"CommentAction","name":"Comment","target":["https:\/\/web.quotidianopiemontese.it\/cultura-arte-e-spettacolo-a-torino\/sodalizio-di-titani-uri-caine-e-paolo-fresu-al-folkclub\/#respond"]}]},{"@type":"WebPage","@id":"https:\/\/web.quotidianopiemontese.it\/cultura-arte-e-spettacolo-a-torino\/sodalizio-di-titani-uri-caine-e-paolo-fresu-al-folkclub\/","url":"https:\/\/web.quotidianopiemontese.it\/cultura-arte-e-spettacolo-a-torino\/sodalizio-di-titani-uri-caine-e-paolo-fresu-al-folkclub\/","name":"Sodalizio di titani: Uri Caine e Paolo Fresu al Folkclub - 20 Novembre 2019","isPartOf":{"@id":"https:\/\/web.quotidianopiemontese.it\/cultura-arte-e-spettacolo-a-torino\/#website"},"primaryImageOfPage":{"@id":"https:\/\/web.quotidianopiemontese.it\/cultura-arte-e-spettacolo-a-torino\/sodalizio-di-titani-uri-caine-e-paolo-fresu-al-folkclub\/#primaryimage"},"image":{"@id":"https:\/\/web.quotidianopiemontese.it\/cultura-arte-e-spettacolo-a-torino\/sodalizio-di-titani-uri-caine-e-paolo-fresu-al-folkclub\/#primaryimage"},"thumbnailUrl":"https:\/\/web.quotidianopiemontese.it\/cultura-arte-e-spettacolo-a-torino\/files\/2019\/11\/Paolo_Fresu__Uri_Caine_Roberto_Cifarelli02_ridotta.jpg","datePublished":"2019-11-20T14:07:25+00:00","author":{"@id":"https:\/\/web.quotidianopiemontese.it\/cultura-arte-e-spettacolo-a-torino\/#\/schema\/person\/b035109a4cc7d3e93911b78d8cebf3a0"},"description":"Sodalizio di titani: Uri Caine e Paolo Fresu al Folkclub - Cultura, Arte e Spettacolo a Torino - Due dei pi\u00f9 grandi musicisti jazz contemporanei si incontrano gioved\u00ec 21 novembre al Folkclub per uno dei concerti pi\u00f9 importanti della stagione. La - Folkclub, jazz, Paolo Fresu, Uri Caine","inLanguage":"it-IT","potentialAction":[{"@type":"ReadAction","target":["https:\/\/web.quotidianopiemontese.it\/cultura-arte-e-spettacolo-a-torino\/sodalizio-di-titani-uri-caine-e-paolo-fresu-al-folkclub\/"]}]},{"@type":"ImageObject","inLanguage":"it-IT","@id":"https:\/\/web.quotidianopiemontese.it\/cultura-arte-e-spettacolo-a-torino\/sodalizio-di-titani-uri-caine-e-paolo-fresu-al-folkclub\/#primaryimage","url":"https:\/\/web.quotidianopiemontese.it\/cultura-arte-e-spettacolo-a-torino\/files\/2019\/11\/Paolo_Fresu__Uri_Caine_Roberto_Cifarelli02_ridotta.jpg","contentUrl":"https:\/\/web.quotidianopiemontese.it\/cultura-arte-e-spettacolo-a-torino\/files\/2019\/11\/Paolo_Fresu__Uri_Caine_Roberto_Cifarelli02_ridotta.jpg","width":1772,"height":1329},{"@type":"WebSite","@id":"https:\/\/web.quotidianopiemontese.it\/cultura-arte-e-spettacolo-a-torino\/#website","url":"https:\/\/web.quotidianopiemontese.it\/cultura-arte-e-spettacolo-a-torino\/","name":"Cultura, Arte e Spettacolo a Torino","description":"Quotidiano Piemontese","potentialAction":[{"@type":"SearchAction","target":{"@type":"EntryPoint","urlTemplate":"https:\/\/web.quotidianopiemontese.it\/cultura-arte-e-spettacolo-a-torino\/?s={search_term_string}"},"query-input":{"@type":"PropertyValueSpecification","valueRequired":true,"valueName":"search_term_string"}}],"inLanguage":"it-IT"},{"@type":"Person","@id":"https:\/\/web.quotidianopiemontese.it\/cultura-arte-e-spettacolo-a-torino\/#\/schema\/person\/b035109a4cc7d3e93911b78d8cebf3a0","name":"Emanuele Rebuffini","image":{"@type":"ImageObject","inLanguage":"it-IT","@id":"https:\/\/web.quotidianopiemontese.it\/cultura-arte-e-spettacolo-a-torino\/#\/schema\/person\/image\/","url":"https:\/\/secure.gravatar.com\/avatar\/519a0a38be4cbbcf40fb5bc1b1173a85af291a3a8697df454a94ad7e05574628?s=96&d=mm&r=g","contentUrl":"https:\/\/secure.gravatar.com\/avatar\/519a0a38be4cbbcf40fb5bc1b1173a85af291a3a8697df454a94ad7e05574628?s=96&d=mm&r=g","caption":"Emanuele Rebuffini"},"sameAs":["http:\/\/www.quotidianopiemontese.it\/cultura-arte-e-spettacolo-a-torino\/"],"url":"https:\/\/web.quotidianopiemontese.it\/cultura-arte-e-spettacolo-a-torino\/author\/emanuelerebuffini\/"}]}},"_links":{"self":[{"href":"https:\/\/web.quotidianopiemontese.it\/cultura-arte-e-spettacolo-a-torino\/wp-json\/wp\/v2\/posts\/527","targetHints":{"allow":["GET"]}}],"collection":[{"href":"https:\/\/web.quotidianopiemontese.it\/cultura-arte-e-spettacolo-a-torino\/wp-json\/wp\/v2\/posts"}],"about":[{"href":"https:\/\/web.quotidianopiemontese.it\/cultura-arte-e-spettacolo-a-torino\/wp-json\/wp\/v2\/types\/post"}],"author":[{"embeddable":true,"href":"https:\/\/web.quotidianopiemontese.it\/cultura-arte-e-spettacolo-a-torino\/wp-json\/wp\/v2\/users\/1361"}],"replies":[{"embeddable":true,"href":"https:\/\/web.quotidianopiemontese.it\/cultura-arte-e-spettacolo-a-torino\/wp-json\/wp\/v2\/comments?post=527"}],"version-history":[{"count":0,"href":"https:\/\/web.quotidianopiemontese.it\/cultura-arte-e-spettacolo-a-torino\/wp-json\/wp\/v2\/posts\/527\/revisions"}],"wp:featuredmedia":[{"embeddable":true,"href":"https:\/\/web.quotidianopiemontese.it\/cultura-arte-e-spettacolo-a-torino\/wp-json\/wp\/v2\/media\/528"}],"wp:attachment":[{"href":"https:\/\/web.quotidianopiemontese.it\/cultura-arte-e-spettacolo-a-torino\/wp-json\/wp\/v2\/media?parent=527"}],"wp:term":[{"taxonomy":"category","embeddable":true,"href":"https:\/\/web.quotidianopiemontese.it\/cultura-arte-e-spettacolo-a-torino\/wp-json\/wp\/v2\/categories?post=527"},{"taxonomy":"post_tag","embeddable":true,"href":"https:\/\/web.quotidianopiemontese.it\/cultura-arte-e-spettacolo-a-torino\/wp-json\/wp\/v2\/tags?post=527"}],"curies":[{"name":"wp","href":"https:\/\/api.w.org\/{rel}","templated":true}]}}