{"id":516,"date":"2019-11-11T17:01:05","date_gmt":"2019-11-11T16:01:05","guid":{"rendered":"http:\/\/web.quotidianopiemontese.it\/cultura-arte-e-spettacolo-a-torino\/?p=516"},"modified":"2019-11-11T17:06:58","modified_gmt":"2019-11-11T16:06:58","slug":"tutte-le-donne-di-man-ray","status":"publish","type":"post","link":"https:\/\/web.quotidianopiemontese.it\/cultura-arte-e-spettacolo-a-torino\/tutte-le-donne-di-man-ray\/","title":{"rendered":"Tutte le donne di Man Ray"},"content":{"rendered":"<p><strong>Man Ray,<\/strong> al secolo <strong>Emmanuel Radnitzky<\/strong> o l\u2019uomo <em>\u201cdalla testa di lanterna magica\u201d<\/em> come lo chiamava Andr\u00e9 Breton, nasceva il 27 agosto del 1890 in una famiglia di immigrati russi di origine ebraica di Philadelphia. Nel 1912 inizia a firmare le sue opere con lo<strong>\u00a0<\/strong><strong>pseudonimo di \u201cuomo raggio\u201d,<\/strong><strong> conosce Marcel Duchamps e nel 1920 lo segue a Parigi, dove <\/strong>diventa il ritrattista prediletto del mondo intellettuale e della moda. Protagonista assoluto del dadaismo e del surrealismo, torner\u00e0 a Parigi dopo la guerra e l\u00ec morir\u00e0 nel 1976.<\/p>\n<p><!--more--><\/p>\n<p>Fino al <strong>19 gennaio<\/strong> <strong>CAMERA-Centro Italiano per la Fotografia <\/strong>ospita \u00ab<strong>WO | MAN RAY. Le seduzioni della<\/strong> <strong>fotografia<\/strong>\u00bb. Attraverso <strong>duecento fotografie<\/strong>, realizzate per lo pi\u00f9 nella Parigi degli anni Venti e provenienti in gran parte dallo CSAC di Parma e dall\u2019Archivio Storico della <strong>Biennale di Venezia<\/strong> (dove espose nel 1975), la mostra curata da <strong>Walter Guadagnini<\/strong> e <strong>Giangavino Pazzola,<\/strong> vuole essere un omaggio ad uno dei pi\u00f9 grandi artisti del XX secolo, celebrandone da un lato la genialit\u00e0 e le ardite sperimentazioni &#8211; come la tecnica dei <strong>rayographs <\/strong>e della solarizzazione &#8211; con cui rivoluzion\u00f2 la fotografia, dall\u2019altro concentrando l\u2019attenzione sulle diverse declinazioni fotografiche della figura femminile, fonte di ispirazione primaria dell\u2019intera sua poetica.<\/p>\n<figure id=\"attachment_518\" aria-describedby=\"caption-attachment-518\" style=\"width: 230px\" class=\"wp-caption alignnone\"><a href=\"http:\/\/web.quotidianopiemontese.it\/cultura-arte-e-spettacolo-a-torino\/files\/2019\/11\/AVZ-5059.jpg\"><img loading=\"lazy\" decoding=\"async\" class=\"size-medium wp-image-518\" src=\"http:\/\/web.quotidianopiemontese.it\/cultura-arte-e-spettacolo-a-torino\/files\/2019\/11\/AVZ-5059-230x300.jpg\" alt=\"\" width=\"230\" height=\"300\" srcset=\"https:\/\/web.quotidianopiemontese.it\/cultura-arte-e-spettacolo-a-torino\/files\/2019\/11\/AVZ-5059-230x300.jpg 230w, https:\/\/web.quotidianopiemontese.it\/cultura-arte-e-spettacolo-a-torino\/files\/2019\/11\/AVZ-5059-768x1002.jpg 768w, https:\/\/web.quotidianopiemontese.it\/cultura-arte-e-spettacolo-a-torino\/files\/2019\/11\/AVZ-5059-785x1024.jpg 785w\" sizes=\"auto, (max-width: 230px) 85vw, 230px\" \/><\/a><figcaption id=\"caption-attachment-518\" class=\"wp-caption-text\"><strong>Man Ray. Le Violon d\u2019Ingres, 1924 &#8211; 1976<\/strong><\/figcaption><\/figure>\n<p>Attorno a <strong>Man Ray<\/strong>, infatti, gravit\u00f2 un universo femminile di modelle, artiste, assistenti, amiche e compagne come <strong>Lee Miller, Berenice Abbott, Dora Maar, Meret Oppenheim<\/strong>, <strong>Kiki de Montparnasse, Nusch \u00c9luard <\/strong>per arrivare a <strong>Juliet Browner<\/strong>, l\u2019ultima moglie, protagonista de <em>The Fifty Faces of Juliet. <\/em><\/p>\n<p>Le opere in mostra esaltano il potere seduttivo della femminilit\u00e0 e della fotografia, mescolando sensualit\u00e0, desiderio, eleganza e ambiguit\u00e0.<\/p>\n<figure id=\"attachment_519\" aria-describedby=\"caption-attachment-519\" style=\"width: 230px\" class=\"wp-caption alignnone\"><a href=\"http:\/\/web.quotidianopiemontese.it\/cultura-arte-e-spettacolo-a-torino\/files\/2019\/11\/AVZ-5057.jpg\"><img loading=\"lazy\" decoding=\"async\" class=\"size-medium wp-image-519\" src=\"http:\/\/web.quotidianopiemontese.it\/cultura-arte-e-spettacolo-a-torino\/files\/2019\/11\/AVZ-5057-230x300.jpg\" alt=\"\" width=\"230\" height=\"300\" srcset=\"https:\/\/web.quotidianopiemontese.it\/cultura-arte-e-spettacolo-a-torino\/files\/2019\/11\/AVZ-5057-230x300.jpg 230w, https:\/\/web.quotidianopiemontese.it\/cultura-arte-e-spettacolo-a-torino\/files\/2019\/11\/AVZ-5057-768x1002.jpg 768w, https:\/\/web.quotidianopiemontese.it\/cultura-arte-e-spettacolo-a-torino\/files\/2019\/11\/AVZ-5057-785x1024.jpg 785w\" sizes=\"auto, (max-width: 230px) 85vw, 230px\" \/><\/a><figcaption id=\"caption-attachment-519\" class=\"wp-caption-text\"><strong>Man Ray. La pri\u00e9re, 1930 &#8211; 1976<\/strong><\/figcaption><\/figure>\n<p>\u00abCome \u00e8 ormai prassi a <strong>CAMERA<\/strong> &#8211; osserva il <strong>Direttore Walter Guadagnini <\/strong>&#8211; abbiamo voluto raccontare un pezzo di storia dell\u2019arte e della fotografia da una prospettiva sorprendente: tutti conoscono <strong>Man Ray<\/strong>, i suoi nudi dall\u2019erotismo sensuale, provocatorio e giocoso, ma non altrettanto conosciuta \u00e8 la storia delle donne che con lui hanno collaborato, vissuto, litigato, che da lui hanno imparato e a lui hanno insegnato, e che si sono rivelate come altrettante protagoniste dell\u2019arte e della fotografia mondiale. In questa nuova prospettiva, ricreiamo un ambiente, raccontiamo una storia in parte inedita ed esponiamo dei capolavori.\u00bb<\/p>\n<figure id=\"attachment_520\" aria-describedby=\"caption-attachment-520\" style=\"width: 242px\" class=\"wp-caption alignnone\"><a href=\"http:\/\/web.quotidianopiemontese.it\/cultura-arte-e-spettacolo-a-torino\/files\/2019\/11\/AVZ-5054.jpg\"><img loading=\"lazy\" decoding=\"async\" class=\"size-medium wp-image-520\" src=\"http:\/\/web.quotidianopiemontese.it\/cultura-arte-e-spettacolo-a-torino\/files\/2019\/11\/AVZ-5054-242x300.jpg\" alt=\"\" width=\"242\" height=\"300\" srcset=\"https:\/\/web.quotidianopiemontese.it\/cultura-arte-e-spettacolo-a-torino\/files\/2019\/11\/AVZ-5054-242x300.jpg 242w, https:\/\/web.quotidianopiemontese.it\/cultura-arte-e-spettacolo-a-torino\/files\/2019\/11\/AVZ-5054-768x953.jpg 768w, https:\/\/web.quotidianopiemontese.it\/cultura-arte-e-spettacolo-a-torino\/files\/2019\/11\/AVZ-5054-825x1024.jpg 825w\" sizes=\"auto, (max-width: 242px) 85vw, 242px\" \/><\/a><figcaption id=\"caption-attachment-520\" class=\"wp-caption-text\"><strong>Man Ray. Retour a la raison, 1923 &#8211; 1976<\/strong><\/figcaption><\/figure>\n<p><strong>Man Ray<\/strong>, infatti, fu anche il mentore di due tra le maggiori fotografe del XX secolo, <strong>Berenice Abbott<\/strong> e <strong>Lee Miller<\/strong>, inizialmente sue assistenti ma che poi seppero affermare il loro autonomo linguaggio. Come disse Sylvia Beach, editrice e proprietaria della libreria \u201cShakespeare &amp; Co.\u201d di Parigi, <em>\u00abEssere fotografati da Man Ray o da Berenice Abbott significava essere qualcuno\u00bb,<\/em> e in mostra troviamo una serie di ritratti della fotografa americana &#8211; James Joyce e Jean Cocteau, Andr\u00e9 Gide ed Eug\u00e8ne Atget &#8211; che ricostruiscono la stagione culturale che animava la Parigi negli anni tra le due guerre.<\/p>\n<figure id=\"attachment_521\" aria-describedby=\"caption-attachment-521\" style=\"width: 204px\" class=\"wp-caption alignnone\"><a href=\"http:\/\/web.quotidianopiemontese.it\/cultura-arte-e-spettacolo-a-torino\/files\/2019\/11\/Erotique-voile\u2560\u00fce-Meret-Oppenheim-a\u2560\u00c7-la-presse-chez-Louis-Marcoussis.jpg\"><img loading=\"lazy\" decoding=\"async\" class=\"size-medium wp-image-521\" src=\"http:\/\/web.quotidianopiemontese.it\/cultura-arte-e-spettacolo-a-torino\/files\/2019\/11\/Erotique-voile\u2560\u00fce-Meret-Oppenheim-a\u2560\u00c7-la-presse-chez-Louis-Marcoussis-204x300.jpg\" alt=\"\" width=\"204\" height=\"300\" srcset=\"https:\/\/web.quotidianopiemontese.it\/cultura-arte-e-spettacolo-a-torino\/files\/2019\/11\/Erotique-voile\u2560\u00fce-Meret-Oppenheim-a\u2560\u00c7-la-presse-chez-Louis-Marcoussis-204x300.jpg 204w, https:\/\/web.quotidianopiemontese.it\/cultura-arte-e-spettacolo-a-torino\/files\/2019\/11\/Erotique-voile\u2560\u00fce-Meret-Oppenheim-a\u2560\u00c7-la-presse-chez-Louis-Marcoussis-768x1131.jpg 768w, https:\/\/web.quotidianopiemontese.it\/cultura-arte-e-spettacolo-a-torino\/files\/2019\/11\/Erotique-voile\u2560\u00fce-Meret-Oppenheim-a\u2560\u00c7-la-presse-chez-Louis-Marcoussis-695x1024.jpg 695w\" sizes=\"auto, (max-width: 204px) 85vw, 204px\" \/><\/a><figcaption id=\"caption-attachment-521\" class=\"wp-caption-text\"><strong>Man Ray. Erotique voil\u00e9e, Meret Oppenheim \u00e0 la presse chez Louis Marcoussis, 1933 &#8211; 1980<\/strong><\/figcaption><\/figure>\n<p><strong>Lee Miller<\/strong>, giunta anche lei dagli Stati Uniti con la fama di bellissima modella, lavor\u00f2 con <strong>Man Ray<\/strong> a partire dal 1929 ed \u00e8 considerata la coautrice del portfolio <em>\u00c9lectricit\u00e9 <\/em>(1931), uno dei capolavori assoluti della fotografia del periodo, per poi diventare a sua volta una protagonista della fotografia e del surrealismo. <strong>CAMERA<\/strong> espone per l\u2019occasione venti sue opere che spaziano dal reportage alla fotografia di moda.<\/p>\n<figure id=\"attachment_522\" aria-describedby=\"caption-attachment-522\" style=\"width: 221px\" class=\"wp-caption alignnone\"><a href=\"http:\/\/web.quotidianopiemontese.it\/cultura-arte-e-spettacolo-a-torino\/files\/2019\/11\/Man-Ray.-Electricite\u2560\u00fc_1.jpg\"><img loading=\"lazy\" decoding=\"async\" class=\"size-medium wp-image-522\" src=\"http:\/\/web.quotidianopiemontese.it\/cultura-arte-e-spettacolo-a-torino\/files\/2019\/11\/Man-Ray.-Electricite\u2560\u00fc_1-221x300.jpg\" alt=\"\" width=\"221\" height=\"300\" srcset=\"https:\/\/web.quotidianopiemontese.it\/cultura-arte-e-spettacolo-a-torino\/files\/2019\/11\/Man-Ray.-Electricite\u2560\u00fc_1-221x300.jpg 221w, https:\/\/web.quotidianopiemontese.it\/cultura-arte-e-spettacolo-a-torino\/files\/2019\/11\/Man-Ray.-Electricite\u2560\u00fc_1-768x1041.jpg 768w, https:\/\/web.quotidianopiemontese.it\/cultura-arte-e-spettacolo-a-torino\/files\/2019\/11\/Man-Ray.-Electricite\u2560\u00fc_1-756x1024.jpg 756w\" sizes=\"auto, (max-width: 221px) 85vw, 221px\" \/><\/a><figcaption id=\"caption-attachment-522\" class=\"wp-caption-text\"><strong>Man Ray. Electricit\u00e9, 1931<\/strong><\/figcaption><\/figure>\n<p>Nel 1934, la celebre artista surrealista\u00a0<strong>Meret Oppenheim<\/strong> prest\u00f2 il suo corpo per una delle serie pi\u00f9 iconiche di <strong>Man Ray<\/strong>, <em>\u00c9rotique-voil\u00e9e <\/em>(1933), che la ritraggono nuda in piedi vicino a un torchio da stampa. E poi <strong>Dora Maar<\/strong>, l\u2019infelice musa di Picasso, e <strong>Nusch \u00c9luard,<\/strong> compagna del poeta Paul e vera icona del gruppo surrealista, della quale viene esposto un raro collage (oltre che gli splendidi ritratti e nudi realizzati da <strong>Man Ray<\/strong>, tra i quali la sensuale silhouette del libro del 1935 <em>Facile,<\/em> capolavoro dell\u2019editoria del tempo). E, ovviamente, la famosa cantante e ballerina francese <strong>Kiki de Montparnasse <\/strong>(Alice Prin), protagonista di opere leggendarie come <em>Le Violon d\u2019Ingres<\/em> (1924), <em>Noire et blanche<\/em> (1926), <em>La Pri\u00e8re<\/em> (1930).<\/p>\n<figure id=\"attachment_523\" aria-describedby=\"caption-attachment-523\" style=\"width: 271px\" class=\"wp-caption alignnone\"><a href=\"http:\/\/web.quotidianopiemontese.it\/cultura-arte-e-spettacolo-a-torino\/files\/2019\/11\/01.jpg\"><img loading=\"lazy\" decoding=\"async\" class=\"size-medium wp-image-523\" src=\"http:\/\/web.quotidianopiemontese.it\/cultura-arte-e-spettacolo-a-torino\/files\/2019\/11\/01-271x300.jpg\" alt=\"\" width=\"271\" height=\"300\" srcset=\"https:\/\/web.quotidianopiemontese.it\/cultura-arte-e-spettacolo-a-torino\/files\/2019\/11\/01-271x300.jpg 271w, https:\/\/web.quotidianopiemontese.it\/cultura-arte-e-spettacolo-a-torino\/files\/2019\/11\/01-768x850.jpg 768w, https:\/\/web.quotidianopiemontese.it\/cultura-arte-e-spettacolo-a-torino\/files\/2019\/11\/01-925x1024.jpg 925w\" sizes=\"auto, (max-width: 271px) 85vw, 271px\" \/><\/a><figcaption id=\"caption-attachment-523\" class=\"wp-caption-text\"><strong>Man Ray. The Fifty Faces of Juliet, 1941-1954 (2009)<\/strong><\/figcaption><\/figure>\n<p>Un\u2019intera sala \u00e8 poi dedicata alla documentazione dei manichini dell\u2019Exposition International Surr\u00e9aliste del 1938, <em>Les mannequins. R\u00e9surrection des mannequins,<\/em> evento epocale nella storia dell\u2019arte del XX secolo.<\/p>\n<p><a href=\"http:\/\/www.camera.to\/\">www.camera.to<\/a><\/p>\n<p><strong>Emanuele Rebuffini<\/strong><\/p>\n<figure id=\"attachment_524\" aria-describedby=\"caption-attachment-524\" style=\"width: 227px\" class=\"wp-caption alignnone\"><a href=\"http:\/\/web.quotidianopiemontese.it\/cultura-arte-e-spettacolo-a-torino\/files\/2019\/11\/Man-Ray.-Resurrection-des-mannequins-.jpg\"><img loading=\"lazy\" decoding=\"async\" class=\"size-medium wp-image-524\" src=\"http:\/\/web.quotidianopiemontese.it\/cultura-arte-e-spettacolo-a-torino\/files\/2019\/11\/Man-Ray.-Resurrection-des-mannequins--227x300.jpg\" alt=\"\" width=\"227\" height=\"300\" srcset=\"https:\/\/web.quotidianopiemontese.it\/cultura-arte-e-spettacolo-a-torino\/files\/2019\/11\/Man-Ray.-Resurrection-des-mannequins--227x300.jpg 227w, https:\/\/web.quotidianopiemontese.it\/cultura-arte-e-spettacolo-a-torino\/files\/2019\/11\/Man-Ray.-Resurrection-des-mannequins--768x1016.jpg 768w, https:\/\/web.quotidianopiemontese.it\/cultura-arte-e-spettacolo-a-torino\/files\/2019\/11\/Man-Ray.-Resurrection-des-mannequins--774x1024.jpg 774w, https:\/\/web.quotidianopiemontese.it\/cultura-arte-e-spettacolo-a-torino\/files\/2019\/11\/Man-Ray.-Resurrection-des-mannequins-.jpg 1802w\" sizes=\"auto, (max-width: 227px) 85vw, 227px\" \/><\/a><figcaption id=\"caption-attachment-524\" class=\"wp-caption-text\"><strong>Man Ray. Resurrection des mannequins<\/strong><br \/><strong>(Mannequin di Andr\u00e9 Masson. Mannequin with<\/strong><br \/><strong>a bird cage over her head), 1938-1966<\/strong><\/figcaption><\/figure>\n","protected":false},"excerpt":{"rendered":"<p>Man Ray, al secolo Emmanuel Radnitzky o l\u2019uomo \u201cdalla testa di lanterna magica\u201d come lo chiamava Andr\u00e9 Breton, nasceva il 27 agosto del 1890 in una famiglia di immigrati russi di origine ebraica di Philadelphia. Nel 1912 inizia a firmare le sue opere con lo\u00a0pseudonimo di \u201cuomo raggio\u201d, conosce Marcel Duchamps e nel 1920 lo &hellip; <a href=\"https:\/\/web.quotidianopiemontese.it\/cultura-arte-e-spettacolo-a-torino\/tutte-le-donne-di-man-ray\/\" class=\"more-link\">Leggi tutto<span class=\"screen-reader-text\"> &#8220;Tutte le donne di Man Ray&#8221;<\/span><\/a><\/p>\n","protected":false},"author":1361,"featured_media":517,"comment_status":"open","ping_status":"open","sticky":false,"template":"","format":"standard","meta":{"footnotes":""},"categories":[1],"tags":[77,133,134],"class_list":["post-516","post","type-post","status-publish","format-standard","has-post-thumbnail","hentry","category-cultura-arte-spettacolo","tag-camera","tag-man-ray","tag-surrealismo"],"yoast_head":"<!-- This site is optimized with the Yoast SEO plugin v27.1.1 - https:\/\/yoast.com\/product\/yoast-seo-wordpress\/ -->\n<title>Tutte le donne di Man Ray - 11 Novembre 2019<\/title>\n<meta name=\"description\" content=\"Tutte le donne di Man Ray - Cultura, Arte e Spettacolo a Torino - Man Ray, al secolo Emmanuel Radnitzky o l\u2019uomo \u201cdalla testa di lanterna magica\u201d come lo chiamava Andr\u00e9 Breton, nasceva il 27 agosto del 1890 in una - Camera, Man Ray, surrealismo\" \/>\n<meta name=\"robots\" content=\"index, follow, max-snippet:-1, max-image-preview:large, max-video-preview:-1\" \/>\n<link rel=\"canonical\" href=\"https:\/\/web.quotidianopiemontese.it\/cultura-arte-e-spettacolo-a-torino\/tutte-le-donne-di-man-ray\/\" \/>\n<meta property=\"og:locale\" content=\"it_IT\" \/>\n<meta property=\"og:type\" content=\"article\" \/>\n<meta property=\"og:title\" content=\"Tutte le donne di Man Ray - 11 Novembre 2019\" \/>\n<meta property=\"og:description\" content=\"Tutte le donne di Man Ray - Cultura, Arte e Spettacolo a Torino - Man Ray, al secolo Emmanuel Radnitzky o l\u2019uomo \u201cdalla testa di lanterna magica\u201d come lo chiamava Andr\u00e9 Breton, nasceva il 27 agosto del 1890 in una - Camera, Man Ray, surrealismo\" \/>\n<meta property=\"og:url\" content=\"https:\/\/web.quotidianopiemontese.it\/cultura-arte-e-spettacolo-a-torino\/tutte-le-donne-di-man-ray\/\" \/>\n<meta property=\"og:site_name\" content=\"Cultura, Arte e Spettacolo a Torino\" \/>\n<meta property=\"article:publisher\" content=\"https:\/\/www.facebook.com\/quotidianopiemontese?fref=ts\" \/>\n<meta property=\"article:published_time\" content=\"2019-11-11T16:01:05+00:00\" \/>\n<meta property=\"article:modified_time\" content=\"2019-11-11T16:06:58+00:00\" \/>\n<meta property=\"og:image\" content=\"https:\/\/web.quotidianopiemontese.it\/cultura-arte-e-spettacolo-a-torino\/files\/2019\/11\/MAN-RAY-Glass-Tears-1976-Photo-by-Renato-Ghiazza.jpg\" \/>\n\t<meta property=\"og:image:width\" content=\"7087\" \/>\n\t<meta property=\"og:image:height\" content=\"5437\" \/>\n\t<meta property=\"og:image:type\" content=\"image\/jpeg\" \/>\n<meta name=\"author\" content=\"Emanuele Rebuffini\" \/>\n<meta name=\"twitter:label1\" content=\"Scritto da\" \/>\n\t<meta name=\"twitter:data1\" content=\"Emanuele Rebuffini\" \/>\n\t<meta name=\"twitter:label2\" content=\"Tempo di lettura stimato\" \/>\n\t<meta name=\"twitter:data2\" content=\"4 minuti\" \/>\n<script type=\"application\/ld+json\" class=\"yoast-schema-graph\">{\"@context\":\"https:\/\/schema.org\",\"@graph\":[{\"@type\":\"Article\",\"@id\":\"https:\/\/web.quotidianopiemontese.it\/cultura-arte-e-spettacolo-a-torino\/tutte-le-donne-di-man-ray\/#article\",\"isPartOf\":{\"@id\":\"https:\/\/web.quotidianopiemontese.it\/cultura-arte-e-spettacolo-a-torino\/tutte-le-donne-di-man-ray\/\"},\"author\":{\"name\":\"Emanuele Rebuffini\",\"@id\":\"https:\/\/web.quotidianopiemontese.it\/cultura-arte-e-spettacolo-a-torino\/#\/schema\/person\/b035109a4cc7d3e93911b78d8cebf3a0\"},\"headline\":\"Tutte le donne di Man Ray\",\"datePublished\":\"2019-11-11T16:01:05+00:00\",\"dateModified\":\"2019-11-11T16:06:58+00:00\",\"mainEntityOfPage\":{\"@id\":\"https:\/\/web.quotidianopiemontese.it\/cultura-arte-e-spettacolo-a-torino\/tutte-le-donne-di-man-ray\/\"},\"wordCount\":792,\"commentCount\":0,\"image\":{\"@id\":\"https:\/\/web.quotidianopiemontese.it\/cultura-arte-e-spettacolo-a-torino\/tutte-le-donne-di-man-ray\/#primaryimage\"},\"thumbnailUrl\":\"https:\/\/web.quotidianopiemontese.it\/cultura-arte-e-spettacolo-a-torino\/files\/2019\/11\/MAN-RAY-Glass-Tears-1976-Photo-by-Renato-Ghiazza.jpg\",\"keywords\":[\"Camera\",\"Man Ray\",\"surrealismo\"],\"articleSection\":[\"Cultura, arte, spettacolo\"],\"inLanguage\":\"it-IT\",\"potentialAction\":[{\"@type\":\"CommentAction\",\"name\":\"Comment\",\"target\":[\"https:\/\/web.quotidianopiemontese.it\/cultura-arte-e-spettacolo-a-torino\/tutte-le-donne-di-man-ray\/#respond\"]}]},{\"@type\":\"WebPage\",\"@id\":\"https:\/\/web.quotidianopiemontese.it\/cultura-arte-e-spettacolo-a-torino\/tutte-le-donne-di-man-ray\/\",\"url\":\"https:\/\/web.quotidianopiemontese.it\/cultura-arte-e-spettacolo-a-torino\/tutte-le-donne-di-man-ray\/\",\"name\":\"Tutte le donne di Man Ray - 11 Novembre 2019\",\"isPartOf\":{\"@id\":\"https:\/\/web.quotidianopiemontese.it\/cultura-arte-e-spettacolo-a-torino\/#website\"},\"primaryImageOfPage\":{\"@id\":\"https:\/\/web.quotidianopiemontese.it\/cultura-arte-e-spettacolo-a-torino\/tutte-le-donne-di-man-ray\/#primaryimage\"},\"image\":{\"@id\":\"https:\/\/web.quotidianopiemontese.it\/cultura-arte-e-spettacolo-a-torino\/tutte-le-donne-di-man-ray\/#primaryimage\"},\"thumbnailUrl\":\"https:\/\/web.quotidianopiemontese.it\/cultura-arte-e-spettacolo-a-torino\/files\/2019\/11\/MAN-RAY-Glass-Tears-1976-Photo-by-Renato-Ghiazza.jpg\",\"datePublished\":\"2019-11-11T16:01:05+00:00\",\"dateModified\":\"2019-11-11T16:06:58+00:00\",\"author\":{\"@id\":\"https:\/\/web.quotidianopiemontese.it\/cultura-arte-e-spettacolo-a-torino\/#\/schema\/person\/b035109a4cc7d3e93911b78d8cebf3a0\"},\"description\":\"Tutte le donne di Man Ray - Cultura, Arte e Spettacolo a Torino - Man Ray, al secolo Emmanuel Radnitzky o l\u2019uomo \u201cdalla testa di lanterna magica\u201d come lo chiamava Andr\u00e9 Breton, nasceva il 27 agosto del 1890 in una - Camera, Man Ray, surrealismo\",\"inLanguage\":\"it-IT\",\"potentialAction\":[{\"@type\":\"ReadAction\",\"target\":[\"https:\/\/web.quotidianopiemontese.it\/cultura-arte-e-spettacolo-a-torino\/tutte-le-donne-di-man-ray\/\"]}]},{\"@type\":\"ImageObject\",\"inLanguage\":\"it-IT\",\"@id\":\"https:\/\/web.quotidianopiemontese.it\/cultura-arte-e-spettacolo-a-torino\/tutte-le-donne-di-man-ray\/#primaryimage\",\"url\":\"https:\/\/web.quotidianopiemontese.it\/cultura-arte-e-spettacolo-a-torino\/files\/2019\/11\/MAN-RAY-Glass-Tears-1976-Photo-by-Renato-Ghiazza.jpg\",\"contentUrl\":\"https:\/\/web.quotidianopiemontese.it\/cultura-arte-e-spettacolo-a-torino\/files\/2019\/11\/MAN-RAY-Glass-Tears-1976-Photo-by-Renato-Ghiazza.jpg\",\"width\":7087,\"height\":5437},{\"@type\":\"WebSite\",\"@id\":\"https:\/\/web.quotidianopiemontese.it\/cultura-arte-e-spettacolo-a-torino\/#website\",\"url\":\"https:\/\/web.quotidianopiemontese.it\/cultura-arte-e-spettacolo-a-torino\/\",\"name\":\"Cultura, Arte e Spettacolo a Torino\",\"description\":\"Quotidiano Piemontese\",\"potentialAction\":[{\"@type\":\"SearchAction\",\"target\":{\"@type\":\"EntryPoint\",\"urlTemplate\":\"https:\/\/web.quotidianopiemontese.it\/cultura-arte-e-spettacolo-a-torino\/?s={search_term_string}\"},\"query-input\":{\"@type\":\"PropertyValueSpecification\",\"valueRequired\":true,\"valueName\":\"search_term_string\"}}],\"inLanguage\":\"it-IT\"},{\"@type\":\"Person\",\"@id\":\"https:\/\/web.quotidianopiemontese.it\/cultura-arte-e-spettacolo-a-torino\/#\/schema\/person\/b035109a4cc7d3e93911b78d8cebf3a0\",\"name\":\"Emanuele Rebuffini\",\"image\":{\"@type\":\"ImageObject\",\"inLanguage\":\"it-IT\",\"@id\":\"https:\/\/web.quotidianopiemontese.it\/cultura-arte-e-spettacolo-a-torino\/#\/schema\/person\/image\/\",\"url\":\"https:\/\/secure.gravatar.com\/avatar\/519a0a38be4cbbcf40fb5bc1b1173a85af291a3a8697df454a94ad7e05574628?s=96&d=mm&r=g\",\"contentUrl\":\"https:\/\/secure.gravatar.com\/avatar\/519a0a38be4cbbcf40fb5bc1b1173a85af291a3a8697df454a94ad7e05574628?s=96&d=mm&r=g\",\"caption\":\"Emanuele Rebuffini\"},\"sameAs\":[\"http:\/\/www.quotidianopiemontese.it\/cultura-arte-e-spettacolo-a-torino\/\"],\"url\":\"https:\/\/web.quotidianopiemontese.it\/cultura-arte-e-spettacolo-a-torino\/author\/emanuelerebuffini\/\"}]}<\/script>\n<!-- \/ Yoast SEO plugin. -->","yoast_head_json":{"title":"Tutte le donne di Man Ray - 11 Novembre 2019","description":"Tutte le donne di Man Ray - Cultura, Arte e Spettacolo a Torino - Man Ray, al secolo Emmanuel Radnitzky o l\u2019uomo \u201cdalla testa di lanterna magica\u201d come lo chiamava Andr\u00e9 Breton, nasceva il 27 agosto del 1890 in una - Camera, Man Ray, surrealismo","robots":{"index":"index","follow":"follow","max-snippet":"max-snippet:-1","max-image-preview":"max-image-preview:large","max-video-preview":"max-video-preview:-1"},"canonical":"https:\/\/web.quotidianopiemontese.it\/cultura-arte-e-spettacolo-a-torino\/tutte-le-donne-di-man-ray\/","og_locale":"it_IT","og_type":"article","og_title":"Tutte le donne di Man Ray - 11 Novembre 2019","og_description":"Tutte le donne di Man Ray - Cultura, Arte e Spettacolo a Torino - Man Ray, al secolo Emmanuel Radnitzky o l\u2019uomo \u201cdalla testa di lanterna magica\u201d come lo chiamava Andr\u00e9 Breton, nasceva il 27 agosto del 1890 in una - Camera, Man Ray, surrealismo","og_url":"https:\/\/web.quotidianopiemontese.it\/cultura-arte-e-spettacolo-a-torino\/tutte-le-donne-di-man-ray\/","og_site_name":"Cultura, Arte e Spettacolo a Torino","article_publisher":"https:\/\/www.facebook.com\/quotidianopiemontese?fref=ts","article_published_time":"2019-11-11T16:01:05+00:00","article_modified_time":"2019-11-11T16:06:58+00:00","og_image":[{"width":7087,"height":5437,"url":"https:\/\/web.quotidianopiemontese.it\/cultura-arte-e-spettacolo-a-torino\/files\/2019\/11\/MAN-RAY-Glass-Tears-1976-Photo-by-Renato-Ghiazza.jpg","type":"image\/jpeg"}],"author":"Emanuele Rebuffini","twitter_misc":{"Scritto da":"Emanuele Rebuffini","Tempo di lettura stimato":"4 minuti"},"schema":{"@context":"https:\/\/schema.org","@graph":[{"@type":"Article","@id":"https:\/\/web.quotidianopiemontese.it\/cultura-arte-e-spettacolo-a-torino\/tutte-le-donne-di-man-ray\/#article","isPartOf":{"@id":"https:\/\/web.quotidianopiemontese.it\/cultura-arte-e-spettacolo-a-torino\/tutte-le-donne-di-man-ray\/"},"author":{"name":"Emanuele Rebuffini","@id":"https:\/\/web.quotidianopiemontese.it\/cultura-arte-e-spettacolo-a-torino\/#\/schema\/person\/b035109a4cc7d3e93911b78d8cebf3a0"},"headline":"Tutte le donne di Man Ray","datePublished":"2019-11-11T16:01:05+00:00","dateModified":"2019-11-11T16:06:58+00:00","mainEntityOfPage":{"@id":"https:\/\/web.quotidianopiemontese.it\/cultura-arte-e-spettacolo-a-torino\/tutte-le-donne-di-man-ray\/"},"wordCount":792,"commentCount":0,"image":{"@id":"https:\/\/web.quotidianopiemontese.it\/cultura-arte-e-spettacolo-a-torino\/tutte-le-donne-di-man-ray\/#primaryimage"},"thumbnailUrl":"https:\/\/web.quotidianopiemontese.it\/cultura-arte-e-spettacolo-a-torino\/files\/2019\/11\/MAN-RAY-Glass-Tears-1976-Photo-by-Renato-Ghiazza.jpg","keywords":["Camera","Man Ray","surrealismo"],"articleSection":["Cultura, arte, spettacolo"],"inLanguage":"it-IT","potentialAction":[{"@type":"CommentAction","name":"Comment","target":["https:\/\/web.quotidianopiemontese.it\/cultura-arte-e-spettacolo-a-torino\/tutte-le-donne-di-man-ray\/#respond"]}]},{"@type":"WebPage","@id":"https:\/\/web.quotidianopiemontese.it\/cultura-arte-e-spettacolo-a-torino\/tutte-le-donne-di-man-ray\/","url":"https:\/\/web.quotidianopiemontese.it\/cultura-arte-e-spettacolo-a-torino\/tutte-le-donne-di-man-ray\/","name":"Tutte le donne di Man Ray - 11 Novembre 2019","isPartOf":{"@id":"https:\/\/web.quotidianopiemontese.it\/cultura-arte-e-spettacolo-a-torino\/#website"},"primaryImageOfPage":{"@id":"https:\/\/web.quotidianopiemontese.it\/cultura-arte-e-spettacolo-a-torino\/tutte-le-donne-di-man-ray\/#primaryimage"},"image":{"@id":"https:\/\/web.quotidianopiemontese.it\/cultura-arte-e-spettacolo-a-torino\/tutte-le-donne-di-man-ray\/#primaryimage"},"thumbnailUrl":"https:\/\/web.quotidianopiemontese.it\/cultura-arte-e-spettacolo-a-torino\/files\/2019\/11\/MAN-RAY-Glass-Tears-1976-Photo-by-Renato-Ghiazza.jpg","datePublished":"2019-11-11T16:01:05+00:00","dateModified":"2019-11-11T16:06:58+00:00","author":{"@id":"https:\/\/web.quotidianopiemontese.it\/cultura-arte-e-spettacolo-a-torino\/#\/schema\/person\/b035109a4cc7d3e93911b78d8cebf3a0"},"description":"Tutte le donne di Man Ray - Cultura, Arte e Spettacolo a Torino - Man Ray, al secolo Emmanuel Radnitzky o l\u2019uomo \u201cdalla testa di lanterna magica\u201d come lo chiamava Andr\u00e9 Breton, nasceva il 27 agosto del 1890 in una - Camera, Man Ray, surrealismo","inLanguage":"it-IT","potentialAction":[{"@type":"ReadAction","target":["https:\/\/web.quotidianopiemontese.it\/cultura-arte-e-spettacolo-a-torino\/tutte-le-donne-di-man-ray\/"]}]},{"@type":"ImageObject","inLanguage":"it-IT","@id":"https:\/\/web.quotidianopiemontese.it\/cultura-arte-e-spettacolo-a-torino\/tutte-le-donne-di-man-ray\/#primaryimage","url":"https:\/\/web.quotidianopiemontese.it\/cultura-arte-e-spettacolo-a-torino\/files\/2019\/11\/MAN-RAY-Glass-Tears-1976-Photo-by-Renato-Ghiazza.jpg","contentUrl":"https:\/\/web.quotidianopiemontese.it\/cultura-arte-e-spettacolo-a-torino\/files\/2019\/11\/MAN-RAY-Glass-Tears-1976-Photo-by-Renato-Ghiazza.jpg","width":7087,"height":5437},{"@type":"WebSite","@id":"https:\/\/web.quotidianopiemontese.it\/cultura-arte-e-spettacolo-a-torino\/#website","url":"https:\/\/web.quotidianopiemontese.it\/cultura-arte-e-spettacolo-a-torino\/","name":"Cultura, Arte e Spettacolo a Torino","description":"Quotidiano Piemontese","potentialAction":[{"@type":"SearchAction","target":{"@type":"EntryPoint","urlTemplate":"https:\/\/web.quotidianopiemontese.it\/cultura-arte-e-spettacolo-a-torino\/?s={search_term_string}"},"query-input":{"@type":"PropertyValueSpecification","valueRequired":true,"valueName":"search_term_string"}}],"inLanguage":"it-IT"},{"@type":"Person","@id":"https:\/\/web.quotidianopiemontese.it\/cultura-arte-e-spettacolo-a-torino\/#\/schema\/person\/b035109a4cc7d3e93911b78d8cebf3a0","name":"Emanuele Rebuffini","image":{"@type":"ImageObject","inLanguage":"it-IT","@id":"https:\/\/web.quotidianopiemontese.it\/cultura-arte-e-spettacolo-a-torino\/#\/schema\/person\/image\/","url":"https:\/\/secure.gravatar.com\/avatar\/519a0a38be4cbbcf40fb5bc1b1173a85af291a3a8697df454a94ad7e05574628?s=96&d=mm&r=g","contentUrl":"https:\/\/secure.gravatar.com\/avatar\/519a0a38be4cbbcf40fb5bc1b1173a85af291a3a8697df454a94ad7e05574628?s=96&d=mm&r=g","caption":"Emanuele Rebuffini"},"sameAs":["http:\/\/www.quotidianopiemontese.it\/cultura-arte-e-spettacolo-a-torino\/"],"url":"https:\/\/web.quotidianopiemontese.it\/cultura-arte-e-spettacolo-a-torino\/author\/emanuelerebuffini\/"}]}},"_links":{"self":[{"href":"https:\/\/web.quotidianopiemontese.it\/cultura-arte-e-spettacolo-a-torino\/wp-json\/wp\/v2\/posts\/516","targetHints":{"allow":["GET"]}}],"collection":[{"href":"https:\/\/web.quotidianopiemontese.it\/cultura-arte-e-spettacolo-a-torino\/wp-json\/wp\/v2\/posts"}],"about":[{"href":"https:\/\/web.quotidianopiemontese.it\/cultura-arte-e-spettacolo-a-torino\/wp-json\/wp\/v2\/types\/post"}],"author":[{"embeddable":true,"href":"https:\/\/web.quotidianopiemontese.it\/cultura-arte-e-spettacolo-a-torino\/wp-json\/wp\/v2\/users\/1361"}],"replies":[{"embeddable":true,"href":"https:\/\/web.quotidianopiemontese.it\/cultura-arte-e-spettacolo-a-torino\/wp-json\/wp\/v2\/comments?post=516"}],"version-history":[{"count":0,"href":"https:\/\/web.quotidianopiemontese.it\/cultura-arte-e-spettacolo-a-torino\/wp-json\/wp\/v2\/posts\/516\/revisions"}],"wp:featuredmedia":[{"embeddable":true,"href":"https:\/\/web.quotidianopiemontese.it\/cultura-arte-e-spettacolo-a-torino\/wp-json\/wp\/v2\/media\/517"}],"wp:attachment":[{"href":"https:\/\/web.quotidianopiemontese.it\/cultura-arte-e-spettacolo-a-torino\/wp-json\/wp\/v2\/media?parent=516"}],"wp:term":[{"taxonomy":"category","embeddable":true,"href":"https:\/\/web.quotidianopiemontese.it\/cultura-arte-e-spettacolo-a-torino\/wp-json\/wp\/v2\/categories?post=516"},{"taxonomy":"post_tag","embeddable":true,"href":"https:\/\/web.quotidianopiemontese.it\/cultura-arte-e-spettacolo-a-torino\/wp-json\/wp\/v2\/tags?post=516"}],"curies":[{"name":"wp","href":"https:\/\/api.w.org\/{rel}","templated":true}]}}