{"id":508,"date":"2019-11-04T16:06:51","date_gmt":"2019-11-04T15:06:51","guid":{"rendered":"http:\/\/web.quotidianopiemontese.it\/cultura-arte-e-spettacolo-a-torino\/?p=508"},"modified":"2019-11-04T16:06:51","modified_gmt":"2019-11-04T15:06:51","slug":"musica-bollani-valdes-guidi-bosso-roberto-vecchioni","status":"publish","type":"post","link":"https:\/\/web.quotidianopiemontese.it\/cultura-arte-e-spettacolo-a-torino\/musica-bollani-valdes-guidi-bosso-roberto-vecchioni\/","title":{"rendered":"Musica: Bollani &amp; Valdes, Guidi &amp; Bosso, Roberto Vecchioni"},"content":{"rendered":"<p>Nella settimana musicale torinese segnaliamo tre appuntamenti di grande spessore: marted\u00ec 5 novembre <strong>Stefano Bollani<\/strong>\u00a0ritorna a Torino per suonare insieme a\u00a0<strong>Chucho Vald\u00e9s<\/strong> all\u2019Auditorium Giovanni Agnelli del Lingotto; venerd\u00ec 8 novembre due astri del jazz contemporaneo come <strong>Giovanni Guidi<\/strong> e <strong>Fabrizio Bosso<\/strong> presentano al Folkclub il loro nuovo progetto musicale <em>The Revolutionary Brotherhood<\/em><em>;<\/em> sabato 9 novembre <strong>Roberto Vecchioni<\/strong>\u00a0\u00e8 al Teatro Colosseo con il suo <em>Infinito Tour.<\/em><!--more--><\/p>\n<p><a href=\"http:\/\/web.quotidianopiemontese.it\/cultura-arte-e-spettacolo-a-torino\/files\/2019\/11\/75402079_10220067768466148_7946615909160845312_n.jpg\"><img loading=\"lazy\" decoding=\"async\" class=\"alignnone size-medium wp-image-510\" src=\"http:\/\/web.quotidianopiemontese.it\/cultura-arte-e-spettacolo-a-torino\/files\/2019\/11\/75402079_10220067768466148_7946615909160845312_n-300x200.jpg\" alt=\"\" width=\"300\" height=\"200\" srcset=\"https:\/\/web.quotidianopiemontese.it\/cultura-arte-e-spettacolo-a-torino\/files\/2019\/11\/75402079_10220067768466148_7946615909160845312_n-300x200.jpg 300w, https:\/\/web.quotidianopiemontese.it\/cultura-arte-e-spettacolo-a-torino\/files\/2019\/11\/75402079_10220067768466148_7946615909160845312_n-768x511.jpg 768w, https:\/\/web.quotidianopiemontese.it\/cultura-arte-e-spettacolo-a-torino\/files\/2019\/11\/75402079_10220067768466148_7946615909160845312_n-600x400.jpg 600w, https:\/\/web.quotidianopiemontese.it\/cultura-arte-e-spettacolo-a-torino\/files\/2019\/11\/75402079_10220067768466148_7946615909160845312_n.jpg 960w\" sizes=\"auto, (max-width: 300px) 85vw, 300px\" \/><\/a><\/p>\n<p>L\u2019estro musicale e la fantasia versatile di <strong>Stefano Bollani<\/strong>\u00a0e\u00a0l\u2019energia afro-cubana e il ritmo latino di <strong>Chucho Vald\u00e9s<\/strong>\u00a0si mescolano insieme all\u2019Auditorium del Lingotto e creano uno spettacolo musicale di fortissimo impatto.<\/p>\n<p>Un\u2019occasione unica per ascoltare questo\u00a0<em>back to back<\/em>\u00a0tra due dei pi\u00f9 grandi pianisti e compositori della scena jazzistica contemporanea che si sono incontrati per la prima volta a\u00a0<em>L\u2019importante \u00e8 avere un piano<\/em>, la trasmissione televisiva ideata e condotta da <strong>Stefano Bollani,<\/strong> da sempre appassionato da ritmi e sonorit\u00e0 latine e afro-cubane.<\/p>\n<p>Sul palco due pianoforti, due storie, due linguaggi per uno spettacolo senza precedenti, che la critica musicale ha gi\u00e0 definito geniale.<\/p>\n<p>Un concerto \u201cpiano a piano\u201d che \u00e8 musica, amicizia e complicit\u00e0, jazz e improvvisazione, in un mix imperdibile di generi, geografie e culture, fra tradizione cubana e latina e i grandi classici del repertorio jazzistico universale che si presentano improvvise. Come se suonassero insieme da sempre, i due si divertono a giocare con le proprie composizioni e a improvvisare su grandi classici della musica reinventandoli.<\/p>\n<p><a href=\"http:\/\/stefanobollani.com\/it\">http:\/\/stefanobollani.com\/it<\/a><\/p>\n<p><a href=\"http:\/\/web.quotidianopiemontese.it\/cultura-arte-e-spettacolo-a-torino\/files\/2019\/11\/bosso_guidi_vt-222-Ph.-Paolo-Soriani-SMALL.jpg\"><img loading=\"lazy\" decoding=\"async\" class=\"alignnone size-medium wp-image-511\" src=\"http:\/\/web.quotidianopiemontese.it\/cultura-arte-e-spettacolo-a-torino\/files\/2019\/11\/bosso_guidi_vt-222-Ph.-Paolo-Soriani-SMALL-300x265.jpg\" alt=\"\" width=\"300\" height=\"265\" srcset=\"https:\/\/web.quotidianopiemontese.it\/cultura-arte-e-spettacolo-a-torino\/files\/2019\/11\/bosso_guidi_vt-222-Ph.-Paolo-Soriani-SMALL-300x265.jpg 300w, https:\/\/web.quotidianopiemontese.it\/cultura-arte-e-spettacolo-a-torino\/files\/2019\/11\/bosso_guidi_vt-222-Ph.-Paolo-Soriani-SMALL-768x679.jpg 768w, https:\/\/web.quotidianopiemontese.it\/cultura-arte-e-spettacolo-a-torino\/files\/2019\/11\/bosso_guidi_vt-222-Ph.-Paolo-Soriani-SMALL-1024x906.jpg 1024w, https:\/\/web.quotidianopiemontese.it\/cultura-arte-e-spettacolo-a-torino\/files\/2019\/11\/bosso_guidi_vt-222-Ph.-Paolo-Soriani-SMALL.jpg 1344w\" sizes=\"auto, (max-width: 300px) 85vw, 300px\" \/><\/a><\/p>\n<p><strong>Giovanni Guidi<\/strong> e <strong>Fabrizio Bosso<\/strong> sono due musicisti dai percorsi personali e predilezioni estetiche molto diverse: Guidi, da anni alla corte di Enrico Rava, \u00e8 approdato alla blasonata etichetta ECM, con cui ha gi\u00e0 registrato quattro album da leader; Bosso, giunto ai massimi vertici a livello mondiale del suo strumento, ha inciso da leader per Blue Note, Verve e ora Warner. Incontratisi durante l\u2019estate 2017 a Umbria Jazz, i due hanno pensato bene di unire le loro forze in un progetto, <em>The Revolutionary Brotherhood, <\/em>che li spingesse a oltrepassare i confini della loro personale ricerca musicale, dimostrando come nel jazz sia comunque sempre possibile trovare punti in comune sui quali costruire qualcosa di nuovo. Per far ci\u00f2 hanno voluto che il gruppo fosse completato da tre talenti indiscussi del calibro di\u00a0<strong>Francesco Bearzatti<\/strong>, prestigioso sax italiano,\u00a0<strong>Eric Wheeler<\/strong>, affidabilissimo e propulsivo contrabbassista newyorkese, e\u00a0<strong>Joe Dyson<\/strong>, tra i pi\u00f9 richiesti giovani batteristi oggi in circolazione.<\/p>\n<p><a href=\"http:\/\/www.folkclub.it\">www.folkclub.it<\/a><\/p>\n<p><a href=\"http:\/\/giovanniguidi.it\/\">http:\/\/giovanniguidi.it\/\u00a0<\/a><\/p>\n<p><a href=\"https:\/\/www.fabriziobosso.eu\/it\/home\/\">https:\/\/www.fabriziobosso.eu\/it\/home\/<\/a><\/p>\n<p><a href=\"http:\/\/web.quotidianopiemontese.it\/cultura-arte-e-spettacolo-a-torino\/files\/2019\/11\/02_Roberto-Vecchioni-Photo-Credit-Oliviero-Toscani.jpg\"><img loading=\"lazy\" decoding=\"async\" class=\"alignnone size-medium wp-image-512\" src=\"http:\/\/web.quotidianopiemontese.it\/cultura-arte-e-spettacolo-a-torino\/files\/2019\/11\/02_Roberto-Vecchioni-Photo-Credit-Oliviero-Toscani-200x300.jpg\" alt=\"\" width=\"200\" height=\"300\" srcset=\"https:\/\/web.quotidianopiemontese.it\/cultura-arte-e-spettacolo-a-torino\/files\/2019\/11\/02_Roberto-Vecchioni-Photo-Credit-Oliviero-Toscani-200x300.jpg 200w, https:\/\/web.quotidianopiemontese.it\/cultura-arte-e-spettacolo-a-torino\/files\/2019\/11\/02_Roberto-Vecchioni-Photo-Credit-Oliviero-Toscani-768x1152.jpg 768w, https:\/\/web.quotidianopiemontese.it\/cultura-arte-e-spettacolo-a-torino\/files\/2019\/11\/02_Roberto-Vecchioni-Photo-Credit-Oliviero-Toscani-683x1024.jpg 683w, https:\/\/web.quotidianopiemontese.it\/cultura-arte-e-spettacolo-a-torino\/files\/2019\/11\/02_Roberto-Vecchioni-Photo-Credit-Oliviero-Toscani.jpg 800w\" sizes=\"auto, (max-width: 200px) 85vw, 200px\" \/><\/a><\/p>\n<p><strong>Roberto Vecchioni<\/strong>\u00a0torna al Teatro Colosseo con uno speciale e intenso concerto\u00a0per condividere con il pubblico le tante storie contenute nei suoi pi\u00f9 grandi successi e nell&#8217;ultimo album\u00a0<em>L\u2019infinito.\u00a0<\/em>Premiato con il Disco d\u2019oro, l\u2019album contiene anche il brano\u00a0<em>Ti insegner\u00f2 a volare\u00a0<\/em>che vede Vecchioni duettare con Francesco Guccini. Accompagnato dalla \u201cband storica\u201d, costituita da Lucio Fabbri (pianoforte e violino), Massimo Germini (chitarra acustica), Antonio Petruzzelli (basso) e Roberto Gualdi (batteria),\u00a0<strong>Roberto Vecchioni<\/strong>\u00a0propone uno spettacolo fatto di canti, immagini e monologhi.<em> \u00abL\u2019Infinito \u00e8 un grande spettacolo di canti, immagini e<\/em><em> monologhi, che parte da un\u2019idea precisa: l\u2019infinito non \u00e8 al di fuori di noi, non \u00e8 introvabile, ma \u00e8 dentro di noi, nella nostra anima e nelle nostre emozioni. Tutta la prima parte dello spettacolo \u00e8 giocata sul nuovo disco e sui personaggi che hanno battuto il destino, hanno combattuto il male, hanno amato la vita, gli altri e se stessi. Emerge un mio concetto recente, nuovo, di grande amore per tutto ci\u00f2 che si fa e si vive. La seconda parte dello spettacolo, invece, \u00e8 una specie di ritorno, uno sguardo sul passato con le canzoni di prima, che mostrano come si \u00e8 arrivati a questo concetto di infinito attraverso pensieri particolari sull\u2019amore, sul sogno, sull\u2019esistenza, sul dolore, sulla gioia, sulla felicit\u00e0\u2026 e come poi tutte queste piccole cose si siano ricomposte in un&#8217;unica idea, che \u00e8 quella di amare la vita comunque sia, bella o brutta perch\u00e9 in realt\u00e0 \u00e8 sempre bella. Siamo noi che a volte la immaginiamo in un altro modo\u00bb.<\/em><\/p>\n<p><em>\u00a0<\/em><a href=\"http:\/\/www.vecchioni.org\/\">http:\/\/www.vecchioni.org\/<\/a><\/p>\n<p><a href=\"http:\/\/www.teatrocolosseo.it\">www.teatrocolosseo.it<\/a><\/p>\n<p>&nbsp;<\/p>\n<h4>Emanuele Rebuffini<\/h4>\n<p>&nbsp;<\/p>\n<p>&nbsp;<\/p>\n<p>&nbsp;<\/p>\n","protected":false},"excerpt":{"rendered":"<p>Nella settimana musicale torinese segnaliamo tre appuntamenti di grande spessore: marted\u00ec 5 novembre Stefano Bollani\u00a0ritorna a Torino per suonare insieme a\u00a0Chucho Vald\u00e9s all\u2019Auditorium Giovanni Agnelli del Lingotto; venerd\u00ec 8 novembre due astri del jazz contemporaneo come Giovanni Guidi e Fabrizio Bosso presentano al Folkclub il loro nuovo progetto musicale The Revolutionary Brotherhood; sabato 9 novembre &hellip; <a href=\"https:\/\/web.quotidianopiemontese.it\/cultura-arte-e-spettacolo-a-torino\/musica-bollani-valdes-guidi-bosso-roberto-vecchioni\/\" class=\"more-link\">Leggi tutto<span class=\"screen-reader-text\"> &#8220;Musica: Bollani &amp; Valdes, Guidi &amp; Bosso, Roberto Vecchioni&#8221;<\/span><\/a><\/p>\n","protected":false},"author":1361,"featured_media":509,"comment_status":"open","ping_status":"open","sticky":false,"template":"","format":"standard","meta":{"footnotes":""},"categories":[1],"tags":[58,132,131],"class_list":["post-508","post","type-post","status-publish","format-standard","has-post-thumbnail","hentry","category-cultura-arte-spettacolo","tag-folkclub","tag-roberto-vecchioni","tag-stefano-bollani"],"yoast_head":"<!-- This site is optimized with the Yoast SEO plugin v27.1.1 - https:\/\/yoast.com\/product\/yoast-seo-wordpress\/ -->\n<title>Musica: Bollani &amp; Valdes, Guidi &amp; Bosso, Roberto Vecchioni - 4 Novembre 2019<\/title>\n<meta name=\"description\" content=\"Musica: Bollani &amp; Valdes, Guidi &amp; Bosso, Roberto Vecchioni - Cultura, Arte e Spettacolo a Torino - Nella settimana musicale torinese segnaliamo tre appuntamenti di grande spessore: marted\u00ec 5 novembre Stefano Bollani\u00a0ritorna a Torino per suonare insieme - Folkclub, Roberto Vecchioni, Stefano Bollani\" \/>\n<meta name=\"robots\" content=\"index, follow, max-snippet:-1, max-image-preview:large, max-video-preview:-1\" \/>\n<link rel=\"canonical\" href=\"https:\/\/web.quotidianopiemontese.it\/cultura-arte-e-spettacolo-a-torino\/musica-bollani-valdes-guidi-bosso-roberto-vecchioni\/\" \/>\n<meta property=\"og:locale\" content=\"it_IT\" \/>\n<meta property=\"og:type\" content=\"article\" \/>\n<meta property=\"og:title\" content=\"Musica: Bollani &amp; Valdes, Guidi &amp; Bosso, Roberto Vecchioni - 4 Novembre 2019\" \/>\n<meta property=\"og:description\" content=\"Musica: Bollani &amp; Valdes, Guidi &amp; Bosso, Roberto Vecchioni - Cultura, Arte e Spettacolo a Torino - Nella settimana musicale torinese segnaliamo tre appuntamenti di grande spessore: marted\u00ec 5 novembre Stefano Bollani\u00a0ritorna a Torino per suonare insieme - Folkclub, Roberto Vecchioni, Stefano Bollani\" \/>\n<meta property=\"og:url\" content=\"https:\/\/web.quotidianopiemontese.it\/cultura-arte-e-spettacolo-a-torino\/musica-bollani-valdes-guidi-bosso-roberto-vecchioni\/\" \/>\n<meta property=\"og:site_name\" content=\"Cultura, Arte e Spettacolo a Torino\" \/>\n<meta property=\"article:publisher\" content=\"https:\/\/www.facebook.com\/quotidianopiemontese?fref=ts\" \/>\n<meta property=\"article:published_time\" content=\"2019-11-04T15:06:51+00:00\" \/>\n<meta property=\"og:image\" content=\"https:\/\/web.quotidianopiemontese.it\/cultura-arte-e-spettacolo-a-torino\/files\/2019\/11\/Roberto-Vecchioni.jpg\" \/>\n\t<meta property=\"og:image:width\" content=\"2000\" \/>\n\t<meta property=\"og:image:height\" content=\"2000\" \/>\n\t<meta property=\"og:image:type\" content=\"image\/jpeg\" \/>\n<meta name=\"author\" content=\"Emanuele Rebuffini\" \/>\n<meta name=\"twitter:label1\" content=\"Scritto da\" \/>\n\t<meta name=\"twitter:data1\" content=\"Emanuele Rebuffini\" \/>\n\t<meta name=\"twitter:label2\" content=\"Tempo di lettura stimato\" \/>\n\t<meta name=\"twitter:data2\" content=\"3 minuti\" \/>\n<script type=\"application\/ld+json\" class=\"yoast-schema-graph\">{\"@context\":\"https:\/\/schema.org\",\"@graph\":[{\"@type\":\"Article\",\"@id\":\"https:\/\/web.quotidianopiemontese.it\/cultura-arte-e-spettacolo-a-torino\/musica-bollani-valdes-guidi-bosso-roberto-vecchioni\/#article\",\"isPartOf\":{\"@id\":\"https:\/\/web.quotidianopiemontese.it\/cultura-arte-e-spettacolo-a-torino\/musica-bollani-valdes-guidi-bosso-roberto-vecchioni\/\"},\"author\":{\"name\":\"Emanuele Rebuffini\",\"@id\":\"https:\/\/web.quotidianopiemontese.it\/cultura-arte-e-spettacolo-a-torino\/#\/schema\/person\/b035109a4cc7d3e93911b78d8cebf3a0\"},\"headline\":\"Musica: Bollani &amp; Valdes, Guidi &amp; Bosso, Roberto Vecchioni\",\"datePublished\":\"2019-11-04T15:06:51+00:00\",\"mainEntityOfPage\":{\"@id\":\"https:\/\/web.quotidianopiemontese.it\/cultura-arte-e-spettacolo-a-torino\/musica-bollani-valdes-guidi-bosso-roberto-vecchioni\/\"},\"wordCount\":693,\"commentCount\":0,\"image\":{\"@id\":\"https:\/\/web.quotidianopiemontese.it\/cultura-arte-e-spettacolo-a-torino\/musica-bollani-valdes-guidi-bosso-roberto-vecchioni\/#primaryimage\"},\"thumbnailUrl\":\"https:\/\/web.quotidianopiemontese.it\/cultura-arte-e-spettacolo-a-torino\/files\/2019\/11\/Roberto-Vecchioni.jpg\",\"keywords\":[\"Folkclub\",\"Roberto Vecchioni\",\"Stefano Bollani\"],\"articleSection\":[\"Cultura, arte, spettacolo\"],\"inLanguage\":\"it-IT\",\"potentialAction\":[{\"@type\":\"CommentAction\",\"name\":\"Comment\",\"target\":[\"https:\/\/web.quotidianopiemontese.it\/cultura-arte-e-spettacolo-a-torino\/musica-bollani-valdes-guidi-bosso-roberto-vecchioni\/#respond\"]}]},{\"@type\":\"WebPage\",\"@id\":\"https:\/\/web.quotidianopiemontese.it\/cultura-arte-e-spettacolo-a-torino\/musica-bollani-valdes-guidi-bosso-roberto-vecchioni\/\",\"url\":\"https:\/\/web.quotidianopiemontese.it\/cultura-arte-e-spettacolo-a-torino\/musica-bollani-valdes-guidi-bosso-roberto-vecchioni\/\",\"name\":\"Musica: Bollani &amp; Valdes, Guidi &amp; Bosso, Roberto Vecchioni - 4 Novembre 2019\",\"isPartOf\":{\"@id\":\"https:\/\/web.quotidianopiemontese.it\/cultura-arte-e-spettacolo-a-torino\/#website\"},\"primaryImageOfPage\":{\"@id\":\"https:\/\/web.quotidianopiemontese.it\/cultura-arte-e-spettacolo-a-torino\/musica-bollani-valdes-guidi-bosso-roberto-vecchioni\/#primaryimage\"},\"image\":{\"@id\":\"https:\/\/web.quotidianopiemontese.it\/cultura-arte-e-spettacolo-a-torino\/musica-bollani-valdes-guidi-bosso-roberto-vecchioni\/#primaryimage\"},\"thumbnailUrl\":\"https:\/\/web.quotidianopiemontese.it\/cultura-arte-e-spettacolo-a-torino\/files\/2019\/11\/Roberto-Vecchioni.jpg\",\"datePublished\":\"2019-11-04T15:06:51+00:00\",\"author\":{\"@id\":\"https:\/\/web.quotidianopiemontese.it\/cultura-arte-e-spettacolo-a-torino\/#\/schema\/person\/b035109a4cc7d3e93911b78d8cebf3a0\"},\"description\":\"Musica: Bollani &amp; Valdes, Guidi &amp; Bosso, Roberto Vecchioni - Cultura, Arte e Spettacolo a Torino - Nella settimana musicale torinese segnaliamo tre appuntamenti di grande spessore: marted\u00ec 5 novembre Stefano Bollani\u00a0ritorna a Torino per suonare insieme - Folkclub, Roberto Vecchioni, Stefano Bollani\",\"inLanguage\":\"it-IT\",\"potentialAction\":[{\"@type\":\"ReadAction\",\"target\":[\"https:\/\/web.quotidianopiemontese.it\/cultura-arte-e-spettacolo-a-torino\/musica-bollani-valdes-guidi-bosso-roberto-vecchioni\/\"]}]},{\"@type\":\"ImageObject\",\"inLanguage\":\"it-IT\",\"@id\":\"https:\/\/web.quotidianopiemontese.it\/cultura-arte-e-spettacolo-a-torino\/musica-bollani-valdes-guidi-bosso-roberto-vecchioni\/#primaryimage\",\"url\":\"https:\/\/web.quotidianopiemontese.it\/cultura-arte-e-spettacolo-a-torino\/files\/2019\/11\/Roberto-Vecchioni.jpg\",\"contentUrl\":\"https:\/\/web.quotidianopiemontese.it\/cultura-arte-e-spettacolo-a-torino\/files\/2019\/11\/Roberto-Vecchioni.jpg\",\"width\":2000,\"height\":2000},{\"@type\":\"WebSite\",\"@id\":\"https:\/\/web.quotidianopiemontese.it\/cultura-arte-e-spettacolo-a-torino\/#website\",\"url\":\"https:\/\/web.quotidianopiemontese.it\/cultura-arte-e-spettacolo-a-torino\/\",\"name\":\"Cultura, Arte e Spettacolo a Torino\",\"description\":\"Quotidiano Piemontese\",\"potentialAction\":[{\"@type\":\"SearchAction\",\"target\":{\"@type\":\"EntryPoint\",\"urlTemplate\":\"https:\/\/web.quotidianopiemontese.it\/cultura-arte-e-spettacolo-a-torino\/?s={search_term_string}\"},\"query-input\":{\"@type\":\"PropertyValueSpecification\",\"valueRequired\":true,\"valueName\":\"search_term_string\"}}],\"inLanguage\":\"it-IT\"},{\"@type\":\"Person\",\"@id\":\"https:\/\/web.quotidianopiemontese.it\/cultura-arte-e-spettacolo-a-torino\/#\/schema\/person\/b035109a4cc7d3e93911b78d8cebf3a0\",\"name\":\"Emanuele Rebuffini\",\"image\":{\"@type\":\"ImageObject\",\"inLanguage\":\"it-IT\",\"@id\":\"https:\/\/web.quotidianopiemontese.it\/cultura-arte-e-spettacolo-a-torino\/#\/schema\/person\/image\/\",\"url\":\"https:\/\/secure.gravatar.com\/avatar\/519a0a38be4cbbcf40fb5bc1b1173a85af291a3a8697df454a94ad7e05574628?s=96&d=mm&r=g\",\"contentUrl\":\"https:\/\/secure.gravatar.com\/avatar\/519a0a38be4cbbcf40fb5bc1b1173a85af291a3a8697df454a94ad7e05574628?s=96&d=mm&r=g\",\"caption\":\"Emanuele Rebuffini\"},\"sameAs\":[\"http:\/\/www.quotidianopiemontese.it\/cultura-arte-e-spettacolo-a-torino\/\"],\"url\":\"https:\/\/web.quotidianopiemontese.it\/cultura-arte-e-spettacolo-a-torino\/author\/emanuelerebuffini\/\"}]}<\/script>\n<!-- \/ Yoast SEO plugin. -->","yoast_head_json":{"title":"Musica: Bollani &amp; Valdes, Guidi &amp; Bosso, Roberto Vecchioni - 4 Novembre 2019","description":"Musica: Bollani &amp; Valdes, Guidi &amp; Bosso, Roberto Vecchioni - Cultura, Arte e Spettacolo a Torino - Nella settimana musicale torinese segnaliamo tre appuntamenti di grande spessore: marted\u00ec 5 novembre Stefano Bollani\u00a0ritorna a Torino per suonare insieme - Folkclub, Roberto Vecchioni, Stefano Bollani","robots":{"index":"index","follow":"follow","max-snippet":"max-snippet:-1","max-image-preview":"max-image-preview:large","max-video-preview":"max-video-preview:-1"},"canonical":"https:\/\/web.quotidianopiemontese.it\/cultura-arte-e-spettacolo-a-torino\/musica-bollani-valdes-guidi-bosso-roberto-vecchioni\/","og_locale":"it_IT","og_type":"article","og_title":"Musica: Bollani &amp; Valdes, Guidi &amp; Bosso, Roberto Vecchioni - 4 Novembre 2019","og_description":"Musica: Bollani &amp; Valdes, Guidi &amp; Bosso, Roberto Vecchioni - Cultura, Arte e Spettacolo a Torino - Nella settimana musicale torinese segnaliamo tre appuntamenti di grande spessore: marted\u00ec 5 novembre Stefano Bollani\u00a0ritorna a Torino per suonare insieme - Folkclub, Roberto Vecchioni, Stefano Bollani","og_url":"https:\/\/web.quotidianopiemontese.it\/cultura-arte-e-spettacolo-a-torino\/musica-bollani-valdes-guidi-bosso-roberto-vecchioni\/","og_site_name":"Cultura, Arte e Spettacolo a Torino","article_publisher":"https:\/\/www.facebook.com\/quotidianopiemontese?fref=ts","article_published_time":"2019-11-04T15:06:51+00:00","og_image":[{"width":2000,"height":2000,"url":"https:\/\/web.quotidianopiemontese.it\/cultura-arte-e-spettacolo-a-torino\/files\/2019\/11\/Roberto-Vecchioni.jpg","type":"image\/jpeg"}],"author":"Emanuele Rebuffini","twitter_misc":{"Scritto da":"Emanuele Rebuffini","Tempo di lettura stimato":"3 minuti"},"schema":{"@context":"https:\/\/schema.org","@graph":[{"@type":"Article","@id":"https:\/\/web.quotidianopiemontese.it\/cultura-arte-e-spettacolo-a-torino\/musica-bollani-valdes-guidi-bosso-roberto-vecchioni\/#article","isPartOf":{"@id":"https:\/\/web.quotidianopiemontese.it\/cultura-arte-e-spettacolo-a-torino\/musica-bollani-valdes-guidi-bosso-roberto-vecchioni\/"},"author":{"name":"Emanuele Rebuffini","@id":"https:\/\/web.quotidianopiemontese.it\/cultura-arte-e-spettacolo-a-torino\/#\/schema\/person\/b035109a4cc7d3e93911b78d8cebf3a0"},"headline":"Musica: Bollani &amp; Valdes, Guidi &amp; Bosso, Roberto Vecchioni","datePublished":"2019-11-04T15:06:51+00:00","mainEntityOfPage":{"@id":"https:\/\/web.quotidianopiemontese.it\/cultura-arte-e-spettacolo-a-torino\/musica-bollani-valdes-guidi-bosso-roberto-vecchioni\/"},"wordCount":693,"commentCount":0,"image":{"@id":"https:\/\/web.quotidianopiemontese.it\/cultura-arte-e-spettacolo-a-torino\/musica-bollani-valdes-guidi-bosso-roberto-vecchioni\/#primaryimage"},"thumbnailUrl":"https:\/\/web.quotidianopiemontese.it\/cultura-arte-e-spettacolo-a-torino\/files\/2019\/11\/Roberto-Vecchioni.jpg","keywords":["Folkclub","Roberto Vecchioni","Stefano Bollani"],"articleSection":["Cultura, arte, spettacolo"],"inLanguage":"it-IT","potentialAction":[{"@type":"CommentAction","name":"Comment","target":["https:\/\/web.quotidianopiemontese.it\/cultura-arte-e-spettacolo-a-torino\/musica-bollani-valdes-guidi-bosso-roberto-vecchioni\/#respond"]}]},{"@type":"WebPage","@id":"https:\/\/web.quotidianopiemontese.it\/cultura-arte-e-spettacolo-a-torino\/musica-bollani-valdes-guidi-bosso-roberto-vecchioni\/","url":"https:\/\/web.quotidianopiemontese.it\/cultura-arte-e-spettacolo-a-torino\/musica-bollani-valdes-guidi-bosso-roberto-vecchioni\/","name":"Musica: Bollani &amp; Valdes, Guidi &amp; Bosso, Roberto Vecchioni - 4 Novembre 2019","isPartOf":{"@id":"https:\/\/web.quotidianopiemontese.it\/cultura-arte-e-spettacolo-a-torino\/#website"},"primaryImageOfPage":{"@id":"https:\/\/web.quotidianopiemontese.it\/cultura-arte-e-spettacolo-a-torino\/musica-bollani-valdes-guidi-bosso-roberto-vecchioni\/#primaryimage"},"image":{"@id":"https:\/\/web.quotidianopiemontese.it\/cultura-arte-e-spettacolo-a-torino\/musica-bollani-valdes-guidi-bosso-roberto-vecchioni\/#primaryimage"},"thumbnailUrl":"https:\/\/web.quotidianopiemontese.it\/cultura-arte-e-spettacolo-a-torino\/files\/2019\/11\/Roberto-Vecchioni.jpg","datePublished":"2019-11-04T15:06:51+00:00","author":{"@id":"https:\/\/web.quotidianopiemontese.it\/cultura-arte-e-spettacolo-a-torino\/#\/schema\/person\/b035109a4cc7d3e93911b78d8cebf3a0"},"description":"Musica: Bollani &amp; Valdes, Guidi &amp; Bosso, Roberto Vecchioni - Cultura, Arte e Spettacolo a Torino - Nella settimana musicale torinese segnaliamo tre appuntamenti di grande spessore: marted\u00ec 5 novembre Stefano Bollani\u00a0ritorna a Torino per suonare insieme - Folkclub, Roberto Vecchioni, Stefano Bollani","inLanguage":"it-IT","potentialAction":[{"@type":"ReadAction","target":["https:\/\/web.quotidianopiemontese.it\/cultura-arte-e-spettacolo-a-torino\/musica-bollani-valdes-guidi-bosso-roberto-vecchioni\/"]}]},{"@type":"ImageObject","inLanguage":"it-IT","@id":"https:\/\/web.quotidianopiemontese.it\/cultura-arte-e-spettacolo-a-torino\/musica-bollani-valdes-guidi-bosso-roberto-vecchioni\/#primaryimage","url":"https:\/\/web.quotidianopiemontese.it\/cultura-arte-e-spettacolo-a-torino\/files\/2019\/11\/Roberto-Vecchioni.jpg","contentUrl":"https:\/\/web.quotidianopiemontese.it\/cultura-arte-e-spettacolo-a-torino\/files\/2019\/11\/Roberto-Vecchioni.jpg","width":2000,"height":2000},{"@type":"WebSite","@id":"https:\/\/web.quotidianopiemontese.it\/cultura-arte-e-spettacolo-a-torino\/#website","url":"https:\/\/web.quotidianopiemontese.it\/cultura-arte-e-spettacolo-a-torino\/","name":"Cultura, Arte e Spettacolo a Torino","description":"Quotidiano Piemontese","potentialAction":[{"@type":"SearchAction","target":{"@type":"EntryPoint","urlTemplate":"https:\/\/web.quotidianopiemontese.it\/cultura-arte-e-spettacolo-a-torino\/?s={search_term_string}"},"query-input":{"@type":"PropertyValueSpecification","valueRequired":true,"valueName":"search_term_string"}}],"inLanguage":"it-IT"},{"@type":"Person","@id":"https:\/\/web.quotidianopiemontese.it\/cultura-arte-e-spettacolo-a-torino\/#\/schema\/person\/b035109a4cc7d3e93911b78d8cebf3a0","name":"Emanuele Rebuffini","image":{"@type":"ImageObject","inLanguage":"it-IT","@id":"https:\/\/web.quotidianopiemontese.it\/cultura-arte-e-spettacolo-a-torino\/#\/schema\/person\/image\/","url":"https:\/\/secure.gravatar.com\/avatar\/519a0a38be4cbbcf40fb5bc1b1173a85af291a3a8697df454a94ad7e05574628?s=96&d=mm&r=g","contentUrl":"https:\/\/secure.gravatar.com\/avatar\/519a0a38be4cbbcf40fb5bc1b1173a85af291a3a8697df454a94ad7e05574628?s=96&d=mm&r=g","caption":"Emanuele Rebuffini"},"sameAs":["http:\/\/www.quotidianopiemontese.it\/cultura-arte-e-spettacolo-a-torino\/"],"url":"https:\/\/web.quotidianopiemontese.it\/cultura-arte-e-spettacolo-a-torino\/author\/emanuelerebuffini\/"}]}},"_links":{"self":[{"href":"https:\/\/web.quotidianopiemontese.it\/cultura-arte-e-spettacolo-a-torino\/wp-json\/wp\/v2\/posts\/508","targetHints":{"allow":["GET"]}}],"collection":[{"href":"https:\/\/web.quotidianopiemontese.it\/cultura-arte-e-spettacolo-a-torino\/wp-json\/wp\/v2\/posts"}],"about":[{"href":"https:\/\/web.quotidianopiemontese.it\/cultura-arte-e-spettacolo-a-torino\/wp-json\/wp\/v2\/types\/post"}],"author":[{"embeddable":true,"href":"https:\/\/web.quotidianopiemontese.it\/cultura-arte-e-spettacolo-a-torino\/wp-json\/wp\/v2\/users\/1361"}],"replies":[{"embeddable":true,"href":"https:\/\/web.quotidianopiemontese.it\/cultura-arte-e-spettacolo-a-torino\/wp-json\/wp\/v2\/comments?post=508"}],"version-history":[{"count":0,"href":"https:\/\/web.quotidianopiemontese.it\/cultura-arte-e-spettacolo-a-torino\/wp-json\/wp\/v2\/posts\/508\/revisions"}],"wp:featuredmedia":[{"embeddable":true,"href":"https:\/\/web.quotidianopiemontese.it\/cultura-arte-e-spettacolo-a-torino\/wp-json\/wp\/v2\/media\/509"}],"wp:attachment":[{"href":"https:\/\/web.quotidianopiemontese.it\/cultura-arte-e-spettacolo-a-torino\/wp-json\/wp\/v2\/media?parent=508"}],"wp:term":[{"taxonomy":"category","embeddable":true,"href":"https:\/\/web.quotidianopiemontese.it\/cultura-arte-e-spettacolo-a-torino\/wp-json\/wp\/v2\/categories?post=508"},{"taxonomy":"post_tag","embeddable":true,"href":"https:\/\/web.quotidianopiemontese.it\/cultura-arte-e-spettacolo-a-torino\/wp-json\/wp\/v2\/tags?post=508"}],"curies":[{"name":"wp","href":"https:\/\/api.w.org\/{rel}","templated":true}]}}