{"id":498,"date":"2019-10-22T13:10:37","date_gmt":"2019-10-22T11:10:37","guid":{"rendered":"http:\/\/web.quotidianopiemontese.it\/cultura-arte-e-spettacolo-a-torino\/?p=498"},"modified":"2019-10-22T13:10:37","modified_gmt":"2019-10-22T11:10:37","slug":"capossela-al-teatro-colosseo-andersen-al-folkclub","status":"publish","type":"post","link":"https:\/\/web.quotidianopiemontese.it\/cultura-arte-e-spettacolo-a-torino\/capossela-al-teatro-colosseo-andersen-al-folkclub\/","title":{"rendered":"Capossela al Teatro Colosseo, Andersen al Folkclub"},"content":{"rendered":"<p>La settimana musicale torinese offre due imperdibili concerti: gioved\u00ec 24 ottobre il <strong>Teatro Colosseo<\/strong> torna ad ospitare lo smisurato talento del cantautore irpino <strong>Vinicio Capossela,<\/strong> che presenta l\u2019undicesimo disco della sua multiforme carriera, <strong>\u00abBallate per uomini e bestie\u00bb,<\/strong> che si \u00e8 aggiudicato la Targa Tenco; mentre venerd\u00ec 25 ottobre <strong>Eric Andersen<\/strong>, uno dei pi\u00f9 importanti cantautori americani, \u00e8 atteso sul palco del <strong>Folkclub<\/strong> accompagnato dalla mitica violinista <strong>Scarlet Rivera. \u00a0<\/strong><\/p>\n<p><!--more--><\/p>\n<p><strong>\u00abBallate per uomini e bestie\u00bb <\/strong>\u00e8 un\u2019opera di grande forza espressiva che guarda alle pestilenze del nostro balordo presente, travolto dalla corruzione del linguaggio, dal neoliberismo, dalla violenza e dal saccheggio della natura. Un affresco di uomini e animali, un bestiario di allegorie tra miti e riti ancestrali, fiabe e ballate contadine.<\/p>\n<p><strong>\u00ab<\/strong><em>Un viaggio nella terra in un momento in cui uomini e bestie non si distinguono nemmeno nel genere umano. Una cantata tra le creature che inizia dalle pitture rupestri e arriva all\u2019evo medio prossimo e venturo attraverso un bestiario di varia umanit\u00e0. Danze macabre al tempo della peste, nuove e antiche tentazioni, santi e inquisizioni nel rogo digitale<\/em><strong>\u00bb.<\/strong><\/p>\n<p><a href=\"http:\/\/web.quotidianopiemontese.it\/cultura-arte-e-spettacolo-a-torino\/files\/2019\/10\/Ballate-per-uomini-e-bestie-2019-di-Vinicio-Capossela-Recensione1-680x365-1.jpg\"><img loading=\"lazy\" decoding=\"async\" class=\"alignnone size-medium wp-image-501\" src=\"http:\/\/web.quotidianopiemontese.it\/cultura-arte-e-spettacolo-a-torino\/files\/2019\/10\/Ballate-per-uomini-e-bestie-2019-di-Vinicio-Capossela-Recensione1-680x365-1-300x161.jpg\" alt=\"\" width=\"300\" height=\"161\" srcset=\"https:\/\/web.quotidianopiemontese.it\/cultura-arte-e-spettacolo-a-torino\/files\/2019\/10\/Ballate-per-uomini-e-bestie-2019-di-Vinicio-Capossela-Recensione1-680x365-1-300x161.jpg 300w, https:\/\/web.quotidianopiemontese.it\/cultura-arte-e-spettacolo-a-torino\/files\/2019\/10\/Ballate-per-uomini-e-bestie-2019-di-Vinicio-Capossela-Recensione1-680x365-1.jpg 680w\" sizes=\"auto, (max-width: 300px) 85vw, 300px\" \/><\/a><\/p>\n<p><strong>Vinicio Capossela<\/strong> proporr\u00e0 dal vivo un canzoniere che, evocando un medioevo fantastico &#8211; fatto di bestie estinte, cavalieri erranti, sirene che diventano ballerine, Maraj\u00e0 corruttori di innocenti, storie di rose e di fate e di santi &#8211; mette in mostra le similitudini e il senso di attualita\u0300 che lo legano profondamente alle cronache dell\u2019oggi, ai poveri cristi della nostra umanit\u00e0. <strong><em>\u00ab<\/em><\/strong><em>Una mareggiata di poveri cristi che non rinunciano a essere uomini vivi. Ovunque protetti nella metamorfosi continua e incessante che \u00e8 la vita e che non lascia intatti uomini, bestie, natura e animali. Nemmeno in teatro<\/em><strong><em>\u00bb.<\/em><\/strong><\/p>\n<p>Alle creature che popolano l\u2019ultimo album del cantautore si uniranno come in una danza i personaggi e le storie di alcuni dei suoi grandi successi in un viaggio nel nostro presente, nelle fratture e nelle malattie del nostro mondo, alla ricerca di possibili cure.<\/p>\n<p><a href=\"http:\/\/web.quotidianopiemontese.it\/cultura-arte-e-spettacolo-a-torino\/files\/2019\/10\/Cap_2.jpg\"><img loading=\"lazy\" decoding=\"async\" class=\"alignnone size-medium wp-image-502\" src=\"http:\/\/web.quotidianopiemontese.it\/cultura-arte-e-spettacolo-a-torino\/files\/2019\/10\/Cap_2-300x225.jpg\" alt=\"\" width=\"300\" height=\"225\" srcset=\"https:\/\/web.quotidianopiemontese.it\/cultura-arte-e-spettacolo-a-torino\/files\/2019\/10\/Cap_2-300x225.jpg 300w, https:\/\/web.quotidianopiemontese.it\/cultura-arte-e-spettacolo-a-torino\/files\/2019\/10\/Cap_2-768x576.jpg 768w, https:\/\/web.quotidianopiemontese.it\/cultura-arte-e-spettacolo-a-torino\/files\/2019\/10\/Cap_2-1024x768.jpg 1024w, https:\/\/web.quotidianopiemontese.it\/cultura-arte-e-spettacolo-a-torino\/files\/2019\/10\/Cap_2-200x150.jpg 200w, https:\/\/web.quotidianopiemontese.it\/cultura-arte-e-spettacolo-a-torino\/files\/2019\/10\/Cap_2.jpg 2048w\" sizes=\"auto, (max-width: 300px) 85vw, 300px\" \/><\/a><\/p>\n<p>Ad accompagnare <strong>Vinicio Capossela<\/strong> sul palco ci saranno Alessandro Asso Stefana (chitarre), Niccol\u00f2 Fornabaio (batteria), Andrea Lamacchia (contrabbasso), Raffaele Tiseo (violino) e Giovannangelo De Gennaro (viella e aulofoni).<\/p>\n<p><a href=\"http:\/\/web.quotidianopiemontese.it\/cultura-arte-e-spettacolo-a-torino\/files\/2019\/10\/Cap_3.jpg\"><img loading=\"lazy\" decoding=\"async\" class=\"alignnone size-medium wp-image-503\" src=\"http:\/\/web.quotidianopiemontese.it\/cultura-arte-e-spettacolo-a-torino\/files\/2019\/10\/Cap_3-300x200.jpg\" alt=\"\" width=\"300\" height=\"200\" srcset=\"https:\/\/web.quotidianopiemontese.it\/cultura-arte-e-spettacolo-a-torino\/files\/2019\/10\/Cap_3-300x200.jpg 300w, https:\/\/web.quotidianopiemontese.it\/cultura-arte-e-spettacolo-a-torino\/files\/2019\/10\/Cap_3-768x512.jpg 768w, https:\/\/web.quotidianopiemontese.it\/cultura-arte-e-spettacolo-a-torino\/files\/2019\/10\/Cap_3-1024x683.jpg 1024w, https:\/\/web.quotidianopiemontese.it\/cultura-arte-e-spettacolo-a-torino\/files\/2019\/10\/Cap_3-600x400.jpg 600w, https:\/\/web.quotidianopiemontese.it\/cultura-arte-e-spettacolo-a-torino\/files\/2019\/10\/Cap_3.jpg 1852w\" sizes=\"auto, (max-width: 300px) 85vw, 300px\" \/><\/a><\/p>\n<p>Si preannuncia una serata da non perdere quella di venerd\u00ec 25 ottobre al <strong>FolkClub<\/strong>. Una grande occasione per ascoltare uno dei grandissimi del Greenwich Village, uno di coloro &#8211; per dirla con le parole del poeta Allen Ginsberg &#8211; che tentarono di mettere la grande arte in un juke-box. Insieme a una manciata di giganti come Joan Baez, Bob Dylan, Phil Ochs e Dave Van Ronk, <strong>Eric Andersen<\/strong> \u00e8 infatti uno dei veri fondatori della figura del <em>cantautore moderno<\/em>, uno di coloro che all\u2019inizio degli anni Sessanta si innamorarono delle canzoni popolari e tradizionali americane, riproponendole o componendone di nuove su quello stile, con argomenti spesso cos\u00ec legati all\u2019attualit\u00e0 da assumere in breve una valenza politica. Il primo album di questo <em>\u201cstraordinario autore di ballate\u201d<\/em> (Bob Dylan) \u00e8 del 1965,\u00a0<strong>\u00abToday is the highway\u00bb<\/strong> un vero capolavoro di cantautorato intimista, ma \u00e8 con il disco successivo\u00a0<strong>\u00abAbout Changes and things\u00bb <\/strong>del 1966, che Andersen entra nell\u2019Olimpo dei grandi: \u00e8 questo il disco che contiene\u00a0<strong>\u00abThirsty Boots\u00bb,<\/strong> brano-manifesto del cantautorato americano e uno degli inni del Movimento per i Diritti Civili americano, inciso negli anni a seguire da decine e decine di artisti. Da allora la produzione dell\u2019artista \u00e8 stata costante e sempre di alto livello qualitativo: da <strong>\u00abBlue River\u00bb <\/strong>(1973) a\u00a0<strong>\u00abYou can\u2019t relive the past\u00bb <\/strong>(1999), con la partecipazione di Lou Reed a <strong>\u00abBeat Avenue\u00bb <\/strong>(2001) fino a <strong>\u00abShadow and Light of Albert Camus\u00bb <\/strong>(2015), registrato insieme a Michele Gazich.<\/p>\n<p><a href=\"http:\/\/web.quotidianopiemontese.it\/cultura-arte-e-spettacolo-a-torino\/files\/2019\/10\/EricAndersen_7464_cPaoloBrillo.jpg\"><img loading=\"lazy\" decoding=\"async\" class=\"alignnone size-medium wp-image-504\" src=\"http:\/\/web.quotidianopiemontese.it\/cultura-arte-e-spettacolo-a-torino\/files\/2019\/10\/EricAndersen_7464_cPaoloBrillo-300x200.jpg\" alt=\"\" width=\"300\" height=\"200\" srcset=\"https:\/\/web.quotidianopiemontese.it\/cultura-arte-e-spettacolo-a-torino\/files\/2019\/10\/EricAndersen_7464_cPaoloBrillo-300x200.jpg 300w, https:\/\/web.quotidianopiemontese.it\/cultura-arte-e-spettacolo-a-torino\/files\/2019\/10\/EricAndersen_7464_cPaoloBrillo-768x512.jpg 768w, https:\/\/web.quotidianopiemontese.it\/cultura-arte-e-spettacolo-a-torino\/files\/2019\/10\/EricAndersen_7464_cPaoloBrillo-1024x683.jpg 1024w, https:\/\/web.quotidianopiemontese.it\/cultura-arte-e-spettacolo-a-torino\/files\/2019\/10\/EricAndersen_7464_cPaoloBrillo-600x400.jpg 600w\" sizes=\"auto, (max-width: 300px) 85vw, 300px\" \/><\/a><\/p>\n<p>Ad accompagnare <strong>Eric Andersen<\/strong> sul palco del <strong>FolkClub<\/strong> sar\u00e0 <strong>Scarlet Rivera<\/strong>, straordinaria violinista e compositrice statunitense che fra il 1975 e il 1976 ha partecipato alla tourn\u00e9e della <em>Rolling Thunder Revue<\/em> di Bob Dylan con il quale ha anche inciso l\u2019album <strong>\u00ab<\/strong><strong>Desire<\/strong><strong>\u00bb<\/strong><strong>,<\/strong> fortemente caratterizzato dal suono del suo violino gitano. Con loro, anche la voce della vocalist <strong>Inge Andersen<\/strong> e le eleganti percussioni della canadese <strong>Cheryl Prashker<\/strong>, per molti anni con la celtic band Runa.<\/p>\n<p><a href=\"http:\/\/web.quotidianopiemontese.it\/cultura-arte-e-spettacolo-a-torino\/files\/2019\/10\/Rivera-_-Dylan.jpg\"><img loading=\"lazy\" decoding=\"async\" class=\"alignnone size-medium wp-image-505\" src=\"http:\/\/web.quotidianopiemontese.it\/cultura-arte-e-spettacolo-a-torino\/files\/2019\/10\/Rivera-_-Dylan-300x224.jpg\" alt=\"\" width=\"300\" height=\"224\" srcset=\"https:\/\/web.quotidianopiemontese.it\/cultura-arte-e-spettacolo-a-torino\/files\/2019\/10\/Rivera-_-Dylan-300x224.jpg 300w, https:\/\/web.quotidianopiemontese.it\/cultura-arte-e-spettacolo-a-torino\/files\/2019\/10\/Rivera-_-Dylan-200x150.jpg 200w, https:\/\/web.quotidianopiemontese.it\/cultura-arte-e-spettacolo-a-torino\/files\/2019\/10\/Rivera-_-Dylan.jpg 399w\" sizes=\"auto, (max-width: 300px) 85vw, 300px\" \/><\/a><\/p>\n<p><a href=\"http:\/\/www.teatrocolosseo.it\">www.teatrocolosseo.it<\/a><\/p>\n<p><a href=\"http:\/\/www.viniciocapossela.it%0d\">www.viniciocapossela.it<\/a><\/p>\n<p><a href=\"http:\/\/www.folkclub.it\">http:\/\/www.folkclub.it<\/a><\/p>\n<p><a href=\"http:\/\/www.ericandersen.com\">http:\/\/www.ericandersen.com<\/a><\/p>\n<p><a href=\"http:\/\/www.scarletrivera.org\">http:\/\/www.scarletrivera.org<\/a><\/p>\n<h4>Emanuele Rebuffini<\/h4>\n<p><a href=\"http:\/\/web.quotidianopiemontese.it\/cultura-arte-e-spettacolo-a-torino\/files\/2019\/10\/0000.jpg\"><img loading=\"lazy\" decoding=\"async\" class=\"alignnone size-medium wp-image-506\" src=\"http:\/\/web.quotidianopiemontese.it\/cultura-arte-e-spettacolo-a-torino\/files\/2019\/10\/0000-300x300.jpg\" alt=\"\" width=\"300\" height=\"300\" srcset=\"https:\/\/web.quotidianopiemontese.it\/cultura-arte-e-spettacolo-a-torino\/files\/2019\/10\/0000-300x300.jpg 300w, https:\/\/web.quotidianopiemontese.it\/cultura-arte-e-spettacolo-a-torino\/files\/2019\/10\/0000-150x150.jpg 150w, https:\/\/web.quotidianopiemontese.it\/cultura-arte-e-spettacolo-a-torino\/files\/2019\/10\/0000-200x200.jpg 200w, https:\/\/web.quotidianopiemontese.it\/cultura-arte-e-spettacolo-a-torino\/files\/2019\/10\/0000-100x100.jpg 100w, https:\/\/web.quotidianopiemontese.it\/cultura-arte-e-spettacolo-a-torino\/files\/2019\/10\/0000-80x80.jpg 80w, https:\/\/web.quotidianopiemontese.it\/cultura-arte-e-spettacolo-a-torino\/files\/2019\/10\/0000-400x400.jpg 400w, https:\/\/web.quotidianopiemontese.it\/cultura-arte-e-spettacolo-a-torino\/files\/2019\/10\/0000.jpg 750w\" sizes=\"auto, (max-width: 300px) 85vw, 300px\" \/><\/a><\/p>\n<p>&nbsp;<\/p>\n<p>&nbsp;<\/p>\n","protected":false},"excerpt":{"rendered":"<p>La settimana musicale torinese offre due imperdibili concerti: gioved\u00ec 24 ottobre il Teatro Colosseo torna ad ospitare lo smisurato talento del cantautore irpino Vinicio Capossela, che presenta l\u2019undicesimo disco della sua multiforme carriera, \u00abBallate per uomini e bestie\u00bb, che si \u00e8 aggiudicato la Targa Tenco; mentre venerd\u00ec 25 ottobre Eric Andersen, uno dei pi\u00f9 importanti &hellip; <a href=\"https:\/\/web.quotidianopiemontese.it\/cultura-arte-e-spettacolo-a-torino\/capossela-al-teatro-colosseo-andersen-al-folkclub\/\" class=\"more-link\">Leggi tutto<span class=\"screen-reader-text\"> &#8220;Capossela al Teatro Colosseo, Andersen al Folkclub&#8221;<\/span><\/a><\/p>\n","protected":false},"author":1361,"featured_media":500,"comment_status":"open","ping_status":"open","sticky":false,"template":"","format":"standard","meta":{"footnotes":""},"categories":[1],"tags":[129,128,58,130],"class_list":["post-498","post","type-post","status-publish","format-standard","has-post-thumbnail","hentry","category-cultura-arte-spettacolo","tag-andersen","tag-capossela","tag-folkclub","tag-teatro-colosseo"],"yoast_head":"<!-- This site is optimized with the Yoast SEO plugin v27.1.1 - https:\/\/yoast.com\/product\/yoast-seo-wordpress\/ -->\n<title>Capossela al Teatro Colosseo, Andersen al Folkclub - 22 Ottobre 2019<\/title>\n<meta name=\"description\" content=\"Capossela al Teatro Colosseo, Andersen al Folkclub - Cultura, Arte e Spettacolo a Torino - La settimana musicale torinese offre due imperdibili concerti: gioved\u00ec 24 ottobre il Teatro Colosseo torna ad ospitare lo smisurato talento del cantautore - Andersen, Capossela, Folkclub, Teatro Colosseo\" \/>\n<meta name=\"robots\" content=\"index, follow, max-snippet:-1, max-image-preview:large, max-video-preview:-1\" \/>\n<link rel=\"canonical\" href=\"http:\/\/web.quotidianopiemontese.it\/cultura-arte-e-spettacolo-a-torino\/capossela-al-teatro-colosseo-andersen-al-folkclub\/\" \/>\n<meta property=\"og:locale\" content=\"it_IT\" \/>\n<meta property=\"og:type\" content=\"article\" \/>\n<meta property=\"og:title\" content=\"Capossela al Teatro Colosseo, Andersen al Folkclub - 22 Ottobre 2019\" \/>\n<meta property=\"og:description\" content=\"Capossela al Teatro Colosseo, Andersen al Folkclub - Cultura, Arte e Spettacolo a Torino - La settimana musicale torinese offre due imperdibili concerti: gioved\u00ec 24 ottobre il Teatro Colosseo torna ad ospitare lo smisurato talento del cantautore - Andersen, Capossela, Folkclub, Teatro Colosseo\" \/>\n<meta property=\"og:url\" content=\"http:\/\/web.quotidianopiemontese.it\/cultura-arte-e-spettacolo-a-torino\/capossela-al-teatro-colosseo-andersen-al-folkclub\/\" \/>\n<meta property=\"og:site_name\" content=\"Cultura, Arte e Spettacolo a Torino\" \/>\n<meta property=\"article:publisher\" content=\"https:\/\/www.facebook.com\/quotidianopiemontese?fref=ts\" \/>\n<meta property=\"article:published_time\" content=\"2019-10-22T11:10:37+00:00\" \/>\n<meta property=\"og:image\" content=\"http:\/\/web.quotidianopiemontese.it\/cultura-arte-e-spettacolo-a-torino\/files\/2019\/10\/Cap_1.jpg\" \/>\n\t<meta property=\"og:image:width\" content=\"2000\" \/>\n\t<meta property=\"og:image:height\" content=\"1500\" \/>\n\t<meta property=\"og:image:type\" content=\"image\/jpeg\" \/>\n<meta name=\"author\" content=\"Emanuele Rebuffini\" \/>\n<meta name=\"twitter:label1\" content=\"Scritto da\" \/>\n\t<meta name=\"twitter:data1\" content=\"Emanuele Rebuffini\" \/>\n\t<meta name=\"twitter:label2\" content=\"Tempo di lettura stimato\" \/>\n\t<meta name=\"twitter:data2\" content=\"3 minuti\" \/>\n<script type=\"application\/ld+json\" class=\"yoast-schema-graph\">{\"@context\":\"https:\/\/schema.org\",\"@graph\":[{\"@type\":\"Article\",\"@id\":\"http:\/\/web.quotidianopiemontese.it\/cultura-arte-e-spettacolo-a-torino\/capossela-al-teatro-colosseo-andersen-al-folkclub\/#article\",\"isPartOf\":{\"@id\":\"http:\/\/web.quotidianopiemontese.it\/cultura-arte-e-spettacolo-a-torino\/capossela-al-teatro-colosseo-andersen-al-folkclub\/\"},\"author\":{\"name\":\"Emanuele Rebuffini\",\"@id\":\"https:\/\/web.quotidianopiemontese.it\/cultura-arte-e-spettacolo-a-torino\/#\/schema\/person\/b035109a4cc7d3e93911b78d8cebf3a0\"},\"headline\":\"Capossela al Teatro Colosseo, Andersen al Folkclub\",\"datePublished\":\"2019-10-22T11:10:37+00:00\",\"mainEntityOfPage\":{\"@id\":\"http:\/\/web.quotidianopiemontese.it\/cultura-arte-e-spettacolo-a-torino\/capossela-al-teatro-colosseo-andersen-al-folkclub\/\"},\"wordCount\":684,\"commentCount\":0,\"image\":{\"@id\":\"http:\/\/web.quotidianopiemontese.it\/cultura-arte-e-spettacolo-a-torino\/capossela-al-teatro-colosseo-andersen-al-folkclub\/#primaryimage\"},\"thumbnailUrl\":\"https:\/\/web.quotidianopiemontese.it\/cultura-arte-e-spettacolo-a-torino\/files\/2019\/10\/Cap_1.jpg\",\"keywords\":[\"Andersen\",\"Capossela\",\"Folkclub\",\"Teatro Colosseo\"],\"articleSection\":[\"Cultura, arte, spettacolo\"],\"inLanguage\":\"it-IT\",\"potentialAction\":[{\"@type\":\"CommentAction\",\"name\":\"Comment\",\"target\":[\"http:\/\/web.quotidianopiemontese.it\/cultura-arte-e-spettacolo-a-torino\/capossela-al-teatro-colosseo-andersen-al-folkclub\/#respond\"]}]},{\"@type\":\"WebPage\",\"@id\":\"http:\/\/web.quotidianopiemontese.it\/cultura-arte-e-spettacolo-a-torino\/capossela-al-teatro-colosseo-andersen-al-folkclub\/\",\"url\":\"http:\/\/web.quotidianopiemontese.it\/cultura-arte-e-spettacolo-a-torino\/capossela-al-teatro-colosseo-andersen-al-folkclub\/\",\"name\":\"Capossela al Teatro Colosseo, Andersen al Folkclub - 22 Ottobre 2019\",\"isPartOf\":{\"@id\":\"https:\/\/web.quotidianopiemontese.it\/cultura-arte-e-spettacolo-a-torino\/#website\"},\"primaryImageOfPage\":{\"@id\":\"http:\/\/web.quotidianopiemontese.it\/cultura-arte-e-spettacolo-a-torino\/capossela-al-teatro-colosseo-andersen-al-folkclub\/#primaryimage\"},\"image\":{\"@id\":\"http:\/\/web.quotidianopiemontese.it\/cultura-arte-e-spettacolo-a-torino\/capossela-al-teatro-colosseo-andersen-al-folkclub\/#primaryimage\"},\"thumbnailUrl\":\"https:\/\/web.quotidianopiemontese.it\/cultura-arte-e-spettacolo-a-torino\/files\/2019\/10\/Cap_1.jpg\",\"datePublished\":\"2019-10-22T11:10:37+00:00\",\"author\":{\"@id\":\"https:\/\/web.quotidianopiemontese.it\/cultura-arte-e-spettacolo-a-torino\/#\/schema\/person\/b035109a4cc7d3e93911b78d8cebf3a0\"},\"description\":\"Capossela al Teatro Colosseo, Andersen al Folkclub - Cultura, Arte e Spettacolo a Torino - La settimana musicale torinese offre due imperdibili concerti: gioved\u00ec 24 ottobre il Teatro Colosseo torna ad ospitare lo smisurato talento del cantautore - Andersen, Capossela, Folkclub, Teatro Colosseo\",\"inLanguage\":\"it-IT\",\"potentialAction\":[{\"@type\":\"ReadAction\",\"target\":[\"http:\/\/web.quotidianopiemontese.it\/cultura-arte-e-spettacolo-a-torino\/capossela-al-teatro-colosseo-andersen-al-folkclub\/\"]}]},{\"@type\":\"ImageObject\",\"inLanguage\":\"it-IT\",\"@id\":\"http:\/\/web.quotidianopiemontese.it\/cultura-arte-e-spettacolo-a-torino\/capossela-al-teatro-colosseo-andersen-al-folkclub\/#primaryimage\",\"url\":\"https:\/\/web.quotidianopiemontese.it\/cultura-arte-e-spettacolo-a-torino\/files\/2019\/10\/Cap_1.jpg\",\"contentUrl\":\"https:\/\/web.quotidianopiemontese.it\/cultura-arte-e-spettacolo-a-torino\/files\/2019\/10\/Cap_1.jpg\",\"width\":2000,\"height\":1500},{\"@type\":\"WebSite\",\"@id\":\"https:\/\/web.quotidianopiemontese.it\/cultura-arte-e-spettacolo-a-torino\/#website\",\"url\":\"https:\/\/web.quotidianopiemontese.it\/cultura-arte-e-spettacolo-a-torino\/\",\"name\":\"Cultura, Arte e Spettacolo a Torino\",\"description\":\"Quotidiano Piemontese\",\"potentialAction\":[{\"@type\":\"SearchAction\",\"target\":{\"@type\":\"EntryPoint\",\"urlTemplate\":\"https:\/\/web.quotidianopiemontese.it\/cultura-arte-e-spettacolo-a-torino\/?s={search_term_string}\"},\"query-input\":{\"@type\":\"PropertyValueSpecification\",\"valueRequired\":true,\"valueName\":\"search_term_string\"}}],\"inLanguage\":\"it-IT\"},{\"@type\":\"Person\",\"@id\":\"https:\/\/web.quotidianopiemontese.it\/cultura-arte-e-spettacolo-a-torino\/#\/schema\/person\/b035109a4cc7d3e93911b78d8cebf3a0\",\"name\":\"Emanuele Rebuffini\",\"image\":{\"@type\":\"ImageObject\",\"inLanguage\":\"it-IT\",\"@id\":\"https:\/\/web.quotidianopiemontese.it\/cultura-arte-e-spettacolo-a-torino\/#\/schema\/person\/image\/\",\"url\":\"https:\/\/secure.gravatar.com\/avatar\/519a0a38be4cbbcf40fb5bc1b1173a85af291a3a8697df454a94ad7e05574628?s=96&d=mm&r=g\",\"contentUrl\":\"https:\/\/secure.gravatar.com\/avatar\/519a0a38be4cbbcf40fb5bc1b1173a85af291a3a8697df454a94ad7e05574628?s=96&d=mm&r=g\",\"caption\":\"Emanuele Rebuffini\"},\"sameAs\":[\"http:\/\/www.quotidianopiemontese.it\/cultura-arte-e-spettacolo-a-torino\/\"],\"url\":\"https:\/\/web.quotidianopiemontese.it\/cultura-arte-e-spettacolo-a-torino\/author\/emanuelerebuffini\/\"}]}<\/script>\n<!-- \/ Yoast SEO plugin. -->","yoast_head_json":{"title":"Capossela al Teatro Colosseo, Andersen al Folkclub - 22 Ottobre 2019","description":"Capossela al Teatro Colosseo, Andersen al Folkclub - Cultura, Arte e Spettacolo a Torino - La settimana musicale torinese offre due imperdibili concerti: gioved\u00ec 24 ottobre il Teatro Colosseo torna ad ospitare lo smisurato talento del cantautore - Andersen, Capossela, Folkclub, Teatro Colosseo","robots":{"index":"index","follow":"follow","max-snippet":"max-snippet:-1","max-image-preview":"max-image-preview:large","max-video-preview":"max-video-preview:-1"},"canonical":"http:\/\/web.quotidianopiemontese.it\/cultura-arte-e-spettacolo-a-torino\/capossela-al-teatro-colosseo-andersen-al-folkclub\/","og_locale":"it_IT","og_type":"article","og_title":"Capossela al Teatro Colosseo, Andersen al Folkclub - 22 Ottobre 2019","og_description":"Capossela al Teatro Colosseo, Andersen al Folkclub - Cultura, Arte e Spettacolo a Torino - La settimana musicale torinese offre due imperdibili concerti: gioved\u00ec 24 ottobre il Teatro Colosseo torna ad ospitare lo smisurato talento del cantautore - Andersen, Capossela, Folkclub, Teatro Colosseo","og_url":"http:\/\/web.quotidianopiemontese.it\/cultura-arte-e-spettacolo-a-torino\/capossela-al-teatro-colosseo-andersen-al-folkclub\/","og_site_name":"Cultura, Arte e Spettacolo a Torino","article_publisher":"https:\/\/www.facebook.com\/quotidianopiemontese?fref=ts","article_published_time":"2019-10-22T11:10:37+00:00","og_image":[{"width":2000,"height":1500,"url":"http:\/\/web.quotidianopiemontese.it\/cultura-arte-e-spettacolo-a-torino\/files\/2019\/10\/Cap_1.jpg","type":"image\/jpeg"}],"author":"Emanuele Rebuffini","twitter_misc":{"Scritto da":"Emanuele Rebuffini","Tempo di lettura stimato":"3 minuti"},"schema":{"@context":"https:\/\/schema.org","@graph":[{"@type":"Article","@id":"http:\/\/web.quotidianopiemontese.it\/cultura-arte-e-spettacolo-a-torino\/capossela-al-teatro-colosseo-andersen-al-folkclub\/#article","isPartOf":{"@id":"http:\/\/web.quotidianopiemontese.it\/cultura-arte-e-spettacolo-a-torino\/capossela-al-teatro-colosseo-andersen-al-folkclub\/"},"author":{"name":"Emanuele Rebuffini","@id":"https:\/\/web.quotidianopiemontese.it\/cultura-arte-e-spettacolo-a-torino\/#\/schema\/person\/b035109a4cc7d3e93911b78d8cebf3a0"},"headline":"Capossela al Teatro Colosseo, Andersen al Folkclub","datePublished":"2019-10-22T11:10:37+00:00","mainEntityOfPage":{"@id":"http:\/\/web.quotidianopiemontese.it\/cultura-arte-e-spettacolo-a-torino\/capossela-al-teatro-colosseo-andersen-al-folkclub\/"},"wordCount":684,"commentCount":0,"image":{"@id":"http:\/\/web.quotidianopiemontese.it\/cultura-arte-e-spettacolo-a-torino\/capossela-al-teatro-colosseo-andersen-al-folkclub\/#primaryimage"},"thumbnailUrl":"https:\/\/web.quotidianopiemontese.it\/cultura-arte-e-spettacolo-a-torino\/files\/2019\/10\/Cap_1.jpg","keywords":["Andersen","Capossela","Folkclub","Teatro Colosseo"],"articleSection":["Cultura, arte, spettacolo"],"inLanguage":"it-IT","potentialAction":[{"@type":"CommentAction","name":"Comment","target":["http:\/\/web.quotidianopiemontese.it\/cultura-arte-e-spettacolo-a-torino\/capossela-al-teatro-colosseo-andersen-al-folkclub\/#respond"]}]},{"@type":"WebPage","@id":"http:\/\/web.quotidianopiemontese.it\/cultura-arte-e-spettacolo-a-torino\/capossela-al-teatro-colosseo-andersen-al-folkclub\/","url":"http:\/\/web.quotidianopiemontese.it\/cultura-arte-e-spettacolo-a-torino\/capossela-al-teatro-colosseo-andersen-al-folkclub\/","name":"Capossela al Teatro Colosseo, Andersen al Folkclub - 22 Ottobre 2019","isPartOf":{"@id":"https:\/\/web.quotidianopiemontese.it\/cultura-arte-e-spettacolo-a-torino\/#website"},"primaryImageOfPage":{"@id":"http:\/\/web.quotidianopiemontese.it\/cultura-arte-e-spettacolo-a-torino\/capossela-al-teatro-colosseo-andersen-al-folkclub\/#primaryimage"},"image":{"@id":"http:\/\/web.quotidianopiemontese.it\/cultura-arte-e-spettacolo-a-torino\/capossela-al-teatro-colosseo-andersen-al-folkclub\/#primaryimage"},"thumbnailUrl":"https:\/\/web.quotidianopiemontese.it\/cultura-arte-e-spettacolo-a-torino\/files\/2019\/10\/Cap_1.jpg","datePublished":"2019-10-22T11:10:37+00:00","author":{"@id":"https:\/\/web.quotidianopiemontese.it\/cultura-arte-e-spettacolo-a-torino\/#\/schema\/person\/b035109a4cc7d3e93911b78d8cebf3a0"},"description":"Capossela al Teatro Colosseo, Andersen al Folkclub - Cultura, Arte e Spettacolo a Torino - La settimana musicale torinese offre due imperdibili concerti: gioved\u00ec 24 ottobre il Teatro Colosseo torna ad ospitare lo smisurato talento del cantautore - Andersen, Capossela, Folkclub, Teatro Colosseo","inLanguage":"it-IT","potentialAction":[{"@type":"ReadAction","target":["http:\/\/web.quotidianopiemontese.it\/cultura-arte-e-spettacolo-a-torino\/capossela-al-teatro-colosseo-andersen-al-folkclub\/"]}]},{"@type":"ImageObject","inLanguage":"it-IT","@id":"http:\/\/web.quotidianopiemontese.it\/cultura-arte-e-spettacolo-a-torino\/capossela-al-teatro-colosseo-andersen-al-folkclub\/#primaryimage","url":"https:\/\/web.quotidianopiemontese.it\/cultura-arte-e-spettacolo-a-torino\/files\/2019\/10\/Cap_1.jpg","contentUrl":"https:\/\/web.quotidianopiemontese.it\/cultura-arte-e-spettacolo-a-torino\/files\/2019\/10\/Cap_1.jpg","width":2000,"height":1500},{"@type":"WebSite","@id":"https:\/\/web.quotidianopiemontese.it\/cultura-arte-e-spettacolo-a-torino\/#website","url":"https:\/\/web.quotidianopiemontese.it\/cultura-arte-e-spettacolo-a-torino\/","name":"Cultura, Arte e Spettacolo a Torino","description":"Quotidiano Piemontese","potentialAction":[{"@type":"SearchAction","target":{"@type":"EntryPoint","urlTemplate":"https:\/\/web.quotidianopiemontese.it\/cultura-arte-e-spettacolo-a-torino\/?s={search_term_string}"},"query-input":{"@type":"PropertyValueSpecification","valueRequired":true,"valueName":"search_term_string"}}],"inLanguage":"it-IT"},{"@type":"Person","@id":"https:\/\/web.quotidianopiemontese.it\/cultura-arte-e-spettacolo-a-torino\/#\/schema\/person\/b035109a4cc7d3e93911b78d8cebf3a0","name":"Emanuele Rebuffini","image":{"@type":"ImageObject","inLanguage":"it-IT","@id":"https:\/\/web.quotidianopiemontese.it\/cultura-arte-e-spettacolo-a-torino\/#\/schema\/person\/image\/","url":"https:\/\/secure.gravatar.com\/avatar\/519a0a38be4cbbcf40fb5bc1b1173a85af291a3a8697df454a94ad7e05574628?s=96&d=mm&r=g","contentUrl":"https:\/\/secure.gravatar.com\/avatar\/519a0a38be4cbbcf40fb5bc1b1173a85af291a3a8697df454a94ad7e05574628?s=96&d=mm&r=g","caption":"Emanuele Rebuffini"},"sameAs":["http:\/\/www.quotidianopiemontese.it\/cultura-arte-e-spettacolo-a-torino\/"],"url":"https:\/\/web.quotidianopiemontese.it\/cultura-arte-e-spettacolo-a-torino\/author\/emanuelerebuffini\/"}]}},"_links":{"self":[{"href":"https:\/\/web.quotidianopiemontese.it\/cultura-arte-e-spettacolo-a-torino\/wp-json\/wp\/v2\/posts\/498","targetHints":{"allow":["GET"]}}],"collection":[{"href":"https:\/\/web.quotidianopiemontese.it\/cultura-arte-e-spettacolo-a-torino\/wp-json\/wp\/v2\/posts"}],"about":[{"href":"https:\/\/web.quotidianopiemontese.it\/cultura-arte-e-spettacolo-a-torino\/wp-json\/wp\/v2\/types\/post"}],"author":[{"embeddable":true,"href":"https:\/\/web.quotidianopiemontese.it\/cultura-arte-e-spettacolo-a-torino\/wp-json\/wp\/v2\/users\/1361"}],"replies":[{"embeddable":true,"href":"https:\/\/web.quotidianopiemontese.it\/cultura-arte-e-spettacolo-a-torino\/wp-json\/wp\/v2\/comments?post=498"}],"version-history":[{"count":0,"href":"https:\/\/web.quotidianopiemontese.it\/cultura-arte-e-spettacolo-a-torino\/wp-json\/wp\/v2\/posts\/498\/revisions"}],"wp:featuredmedia":[{"embeddable":true,"href":"https:\/\/web.quotidianopiemontese.it\/cultura-arte-e-spettacolo-a-torino\/wp-json\/wp\/v2\/media\/500"}],"wp:attachment":[{"href":"https:\/\/web.quotidianopiemontese.it\/cultura-arte-e-spettacolo-a-torino\/wp-json\/wp\/v2\/media?parent=498"}],"wp:term":[{"taxonomy":"category","embeddable":true,"href":"https:\/\/web.quotidianopiemontese.it\/cultura-arte-e-spettacolo-a-torino\/wp-json\/wp\/v2\/categories?post=498"},{"taxonomy":"post_tag","embeddable":true,"href":"https:\/\/web.quotidianopiemontese.it\/cultura-arte-e-spettacolo-a-torino\/wp-json\/wp\/v2\/tags?post=498"}],"curies":[{"name":"wp","href":"https:\/\/api.w.org\/{rel}","templated":true}]}}