{"id":485,"date":"2019-10-17T17:03:47","date_gmt":"2019-10-17T15:03:47","guid":{"rendered":"http:\/\/web.quotidianopiemontese.it\/cultura-arte-e-spettacolo-a-torino\/?p=485"},"modified":"2019-10-17T17:03:47","modified_gmt":"2019-10-17T15:03:47","slug":"rumori-fuori-scena-al-teatro-carignano-con-valerio-binasco-e-milvia-marigliano","status":"publish","type":"post","link":"https:\/\/web.quotidianopiemontese.it\/cultura-arte-e-spettacolo-a-torino\/rumori-fuori-scena-al-teatro-carignano-con-valerio-binasco-e-milvia-marigliano\/","title":{"rendered":"\u00abRumori fuori scena\u00bb. Al Teatro Carignano con Valerio Binasco e Milvia Marigliano"},"content":{"rendered":"<p><em>\u00abSto iniziando a capire come si \u00e8 sentito Dio quando si \u00e8 seduto nell\u2019oscurit\u00e0 a creare il mondo\u00bb<\/em> (Lloyd Dallas): fino al <strong>27 ottobre<\/strong> il <strong>Teatro Carignano<\/strong> ospita, in prima nazionale, <strong>\u00abRumori fuori scena\u00bb<\/strong> dello scrittore e drammaturgo inglese <strong>Michael Frayn<\/strong><strong>,<\/strong> per la regia di <strong>Valerio Binasco<\/strong>.<!--more--><\/p>\n<p>Vero cult del teatro contemporaneo, <strong>\u00abRumori fuori scena\u00bb <\/strong>racconta le goffe vicissitudini di una scalcagnata e stravagante compagnia teatrale alle prese con le prove di uno spettacolo. La pi\u00e8ce, che ha debuttato al Lyric Theatre di Londra nel 1982 (e che ha conosciuto anche un adattamento cinematografico diretto nel 1992 da\u00a0Peter Bogdanovich) \u00e8 un riuscito esempio di metateatro o teatro sul teatro, dove si ironizza sulle dinamiche tra gli attori e le difficolt\u00e0 che si nascondono dietro a uno spettacolo. In tre atti, allestimento, debutto e tourn\u00e9e, gli spettatori assistono alla prova generale, congegno perfetto ed esilarante di entrate e uscite. La quotidianit\u00e0 del teatro lascia spazio alla sua natura istrionica: una \u2018macchina di risate\u2019 che permette al pubblico di sbirciare dietro le quinte, tra equivoci, ripicche e rivalit\u00e0, interruzioni, errori, crisi di nervi, tensioni, amorazzi, litigi e riappacificazioni.<\/p>\n<p><a href=\"http:\/\/web.quotidianopiemontese.it\/cultura-arte-e-spettacolo-a-torino\/files\/2019\/10\/03_RumoriFuoriScena_P1474876col.jpg\"><img loading=\"lazy\" decoding=\"async\" class=\"alignnone size-medium wp-image-487\" src=\"http:\/\/web.quotidianopiemontese.it\/cultura-arte-e-spettacolo-a-torino\/files\/2019\/10\/03_RumoriFuoriScena_P1474876col-300x220.jpg\" alt=\"\" width=\"300\" height=\"220\" srcset=\"https:\/\/web.quotidianopiemontese.it\/cultura-arte-e-spettacolo-a-torino\/files\/2019\/10\/03_RumoriFuoriScena_P1474876col-300x220.jpg 300w, https:\/\/web.quotidianopiemontese.it\/cultura-arte-e-spettacolo-a-torino\/files\/2019\/10\/03_RumoriFuoriScena_P1474876col-768x564.jpg 768w, https:\/\/web.quotidianopiemontese.it\/cultura-arte-e-spettacolo-a-torino\/files\/2019\/10\/03_RumoriFuoriScena_P1474876col-1024x752.jpg 1024w\" sizes=\"auto, (max-width: 300px) 85vw, 300px\" \/><\/a><\/p>\n<p>&nbsp;<\/p>\n<p>Lo spettacolo, che inaugura la stagione dello Stabile, \u00e8 interpretato da <strong>Valerio Binasco<\/strong> (che oltre a curare la regia, recita nel ruolo di Lloyd Dallas), <strong>Milvia Marigliano<\/strong>, Francesca Agostini, Fabrizio Contri, Andrea Di Casa, Giordana Faggiano, Elena Gigliotti, Nicola Pannelli, Ivan Zerbinati. La traduzione \u00e8 di Filippo Ottoni, le scene di Margherita Palli, i costumi di Sandra Cardini e le luci di Pasquale Mari.<\/p>\n<p><a href=\"http:\/\/web.quotidianopiemontese.it\/cultura-arte-e-spettacolo-a-torino\/files\/2019\/10\/04_RumoriFuoriScena_P1475602col.jpg\"><img loading=\"lazy\" decoding=\"async\" class=\"alignnone size-medium wp-image-488\" src=\"http:\/\/web.quotidianopiemontese.it\/cultura-arte-e-spettacolo-a-torino\/files\/2019\/10\/04_RumoriFuoriScena_P1475602col-300x178.jpg\" alt=\"\" width=\"300\" height=\"178\" srcset=\"https:\/\/web.quotidianopiemontese.it\/cultura-arte-e-spettacolo-a-torino\/files\/2019\/10\/04_RumoriFuoriScena_P1475602col-300x178.jpg 300w, https:\/\/web.quotidianopiemontese.it\/cultura-arte-e-spettacolo-a-torino\/files\/2019\/10\/04_RumoriFuoriScena_P1475602col-768x456.jpg 768w, https:\/\/web.quotidianopiemontese.it\/cultura-arte-e-spettacolo-a-torino\/files\/2019\/10\/04_RumoriFuoriScena_P1475602col-1024x607.jpg 1024w\" sizes=\"auto, (max-width: 300px) 85vw, 300px\" \/><\/a><\/p>\n<p>&nbsp;<\/p>\n<p>Un\u2019edizione della \u201ccommediaccia\u201d di Frayn, quella firmata da <strong>Valerio Binasco<\/strong> (che \u00e8 anche Direttore artistico del Teatro Stabile di Torino), che si allontana dai toni della parodia assurda e grottesca, per addentrarsi in una lettura pi\u00f9 profonda e poetica della \u2018comicit\u00e0 borghese\u2019, liberatoria dei sensi di colpa e dei sensi di responsabilit\u00e0, di cui il teatro comico borghese \u00e8 piacevolmente assente.<\/p>\n<p><a href=\"http:\/\/web.quotidianopiemontese.it\/cultura-arte-e-spettacolo-a-torino\/files\/2019\/10\/06_RumoriFuoriScena_P1485826col.jpg\"><img loading=\"lazy\" decoding=\"async\" class=\"alignnone size-medium wp-image-489\" src=\"http:\/\/web.quotidianopiemontese.it\/cultura-arte-e-spettacolo-a-torino\/files\/2019\/10\/06_RumoriFuoriScena_P1485826col-300x154.jpg\" alt=\"\" width=\"300\" height=\"154\" srcset=\"https:\/\/web.quotidianopiemontese.it\/cultura-arte-e-spettacolo-a-torino\/files\/2019\/10\/06_RumoriFuoriScena_P1485826col-300x154.jpg 300w, https:\/\/web.quotidianopiemontese.it\/cultura-arte-e-spettacolo-a-torino\/files\/2019\/10\/06_RumoriFuoriScena_P1485826col-768x395.jpg 768w, https:\/\/web.quotidianopiemontese.it\/cultura-arte-e-spettacolo-a-torino\/files\/2019\/10\/06_RumoriFuoriScena_P1485826col-1024x527.jpg 1024w\" sizes=\"auto, (max-width: 300px) 85vw, 300px\" \/><\/a><\/p>\n<p>&nbsp;<\/p>\n<p>\u00abSembra che sia proprio questa la funzione \u201cpoetica\u201d del teatro comico borghese \u2013 scrive <strong>Valerio Binasco<\/strong> nelle note di regia \u2013 quella di dare vita a un mondo \u201cnormale\u201d del tutto simile al nostro, ma dove il male e il peccato non appartengono al diavolo, bens\u00ec agli uomini. Questi, essendo spiriti ingenui votati alla libert\u00e0, e infantili votati all\u2019indulgenza, possono comportarsi in modo ingenuo e libero, seguendo i loro impulsi pi\u00f9 \u201cnormali\u201d senza mai incorrere nel pericolo di incontrare la loro \u201ccoscienza\u201d, di soffrire per il giudizio altrui, o dover reggere il peso delle conseguenze dei propri atti. Atti che, va sottolineato, non hanno mai nulla di straordinario. La comicit\u00e0 borghese ricalca perfettamente il modello di mediocrit\u00e0 cui la borghesia si ispira e a cui aspira. In questa totale cancellazione di ogni profondit\u00e0, che ha per conseguenza l\u2019eliminazione del senso di colpa, e se si vuole perfino del peccato originale, io vedo una missione che ha qualcosa di pi\u00f9 dell\u2019intrattenimento e apre una strada insolita verso una specie di rivolta. Contro cosa? Contro la pesantezza comune del vivere\u00bb.<\/p>\n<p><a href=\"http:\/\/web.quotidianopiemontese.it\/cultura-arte-e-spettacolo-a-torino\/files\/2019\/10\/07_RumoriFuoriScena_P1496847col2.jpg\"><img loading=\"lazy\" decoding=\"async\" class=\"alignnone size-medium wp-image-490\" src=\"http:\/\/web.quotidianopiemontese.it\/cultura-arte-e-spettacolo-a-torino\/files\/2019\/10\/07_RumoriFuoriScena_P1496847col2-300x215.jpg\" alt=\"\" width=\"300\" height=\"215\" srcset=\"https:\/\/web.quotidianopiemontese.it\/cultura-arte-e-spettacolo-a-torino\/files\/2019\/10\/07_RumoriFuoriScena_P1496847col2-300x215.jpg 300w, https:\/\/web.quotidianopiemontese.it\/cultura-arte-e-spettacolo-a-torino\/files\/2019\/10\/07_RumoriFuoriScena_P1496847col2-768x552.jpg 768w, https:\/\/web.quotidianopiemontese.it\/cultura-arte-e-spettacolo-a-torino\/files\/2019\/10\/07_RumoriFuoriScena_P1496847col2-1024x735.jpg 1024w\" sizes=\"auto, (max-width: 300px) 85vw, 300px\" \/><\/a><\/p>\n<p>Quando nel 1982 <strong>\u00abRumori fuori scena\u00bb <\/strong>debuttava a Londra, <strong>Milvia Marigliano <\/strong>si diplomava all\u2019Accademia dei Filodrammatici di Milano, aggiudicandosi la medaglia d\u2019oro come migliore allieva. Attrice di grande esperienza e bravura, <strong>Milvia Marigliano<\/strong> \u00e8 <strong>Dotty Otley<\/strong>, amica di vecchia data di Lloyd\/Binasco.<\/p>\n<p><a href=\"http:\/\/web.quotidianopiemontese.it\/cultura-arte-e-spettacolo-a-torino\/files\/2019\/10\/milvia-marigliano-1.png\"><img loading=\"lazy\" decoding=\"async\" class=\"alignnone size-medium wp-image-491\" src=\"http:\/\/web.quotidianopiemontese.it\/cultura-arte-e-spettacolo-a-torino\/files\/2019\/10\/milvia-marigliano-1-300x220.png\" alt=\"\" width=\"300\" height=\"220\" srcset=\"https:\/\/web.quotidianopiemontese.it\/cultura-arte-e-spettacolo-a-torino\/files\/2019\/10\/milvia-marigliano-1-300x220.png 300w, https:\/\/web.quotidianopiemontese.it\/cultura-arte-e-spettacolo-a-torino\/files\/2019\/10\/milvia-marigliano-1-768x564.png 768w, https:\/\/web.quotidianopiemontese.it\/cultura-arte-e-spettacolo-a-torino\/files\/2019\/10\/milvia-marigliano-1.png 800w\" sizes=\"auto, (max-width: 300px) 85vw, 300px\" \/><\/a><\/p>\n<p><strong>Questa \u00e8 la seconda volta che si confronta con Michael Frayn. La prima fu nel 2002, con \u00abDue di noi\u00bb, insieme ad Antonio Catania per la regia di Massimo Navone. \u00a0Come \u00e8 stato affrontare un testo come <\/strong><strong>\u00abRumori fuori scena\u00bb, che appartiene al cento per cento al genere comico?<\/strong><\/p>\n<p>\u00abQuello di Michael Frayn \u00e8 un paradosso su questa strana comunit\u00e0 che si forma a teatro, una presa in giro molto furba e molto calcolata. Un meccanismo perfetto, minuzioso, davvero ad orologio. Inizialmente ero restia, \u00e8 un testo che \u00e8 stato fatto da molti, invece si \u00e8 rivelato un impegno molto corposo, un lavoro duro. Valerio Binasco ci ha avvertito del rischio che il meccanismo di Frayn sovrastasse tutto, quindi non ci siamo piegati al \u2018comichese\u2019 ma ci \u00e8 stato chiesto di portare in scena qualche cosa d\u2019altro, una freschezza, una verit\u00e0, una concretezza. Altrimenti non avrebbe avuto senso questa operazione fatta da un teatro nazionale e da un regista come Binasco. C\u2019\u00e8 un pensiero profondo oltre la macchina comica, la preparazione \u00e8 stata seria, le prove dure. Ma il teatro vivo \u00e8 sempre fatica. Il pubblico ride, certo, ma abbiamo evitato di farci prendere solo dal ritmo, dalla battuta. Binasco ha messo un pensiero, delle sfumature, trattando il testo di Frayn come un classico. Abbiamo messo nella costruzione dei personaggi, pure buffi e comici, delle verit\u00e0, abbiamo messo noi stessi.\u00bb<\/p>\n<p><a href=\"http:\/\/web.quotidianopiemontese.it\/cultura-arte-e-spettacolo-a-torino\/files\/2019\/10\/10_RumoriFuoriScena_P1497782col.jpg\"><img loading=\"lazy\" decoding=\"async\" class=\"alignnone size-medium wp-image-492\" src=\"http:\/\/web.quotidianopiemontese.it\/cultura-arte-e-spettacolo-a-torino\/files\/2019\/10\/10_RumoriFuoriScena_P1497782col-300x230.jpg\" alt=\"\" width=\"300\" height=\"230\" srcset=\"https:\/\/web.quotidianopiemontese.it\/cultura-arte-e-spettacolo-a-torino\/files\/2019\/10\/10_RumoriFuoriScena_P1497782col-300x230.jpg 300w, https:\/\/web.quotidianopiemontese.it\/cultura-arte-e-spettacolo-a-torino\/files\/2019\/10\/10_RumoriFuoriScena_P1497782col-768x589.jpg 768w, https:\/\/web.quotidianopiemontese.it\/cultura-arte-e-spettacolo-a-torino\/files\/2019\/10\/10_RumoriFuoriScena_P1497782col-1024x785.jpg 1024w\" sizes=\"auto, (max-width: 300px) 85vw, 300px\" \/><\/a><\/p>\n<p><strong>Binasco nelle note di regia parla della comicit\u00e0 borghese come una rivolta contro la pesantezza del vivere\u2026<\/strong><\/p>\n<p>\u00abI personaggi di Frayn vivono un dolore, una tragedia, in un istante e subito dopo superano il tutto. Soffrono per un attimo, e passano ad altro. Sono mutilati di responsabilit\u00e0, mutilati di malinconia. Personaggi superficiali, senza pesantezza, possono fare pena come tenerezza.\u00bb<\/p>\n<p><a href=\"http:\/\/web.quotidianopiemontese.it\/cultura-arte-e-spettacolo-a-torino\/files\/2019\/10\/02_RumoriFuoriScena_P1498084col.jpg\"><img loading=\"lazy\" decoding=\"async\" class=\"alignnone size-medium wp-image-493\" src=\"http:\/\/web.quotidianopiemontese.it\/cultura-arte-e-spettacolo-a-torino\/files\/2019\/10\/02_RumoriFuoriScena_P1498084col-300x187.jpg\" alt=\"\" width=\"300\" height=\"187\" srcset=\"https:\/\/web.quotidianopiemontese.it\/cultura-arte-e-spettacolo-a-torino\/files\/2019\/10\/02_RumoriFuoriScena_P1498084col-300x187.jpg 300w, https:\/\/web.quotidianopiemontese.it\/cultura-arte-e-spettacolo-a-torino\/files\/2019\/10\/02_RumoriFuoriScena_P1498084col-768x479.jpg 768w, https:\/\/web.quotidianopiemontese.it\/cultura-arte-e-spettacolo-a-torino\/files\/2019\/10\/02_RumoriFuoriScena_P1498084col-1024x639.jpg 1024w, https:\/\/web.quotidianopiemontese.it\/cultura-arte-e-spettacolo-a-torino\/files\/2019\/10\/02_RumoriFuoriScena_P1498084col.jpg 1890w\" sizes=\"auto, (max-width: 300px) 85vw, 300px\" \/><\/a><\/p>\n<p><strong>E il suo di personaggio, Dotty?<\/strong><\/p>\n<p>\u00ab\u00c8 la prima attrice e la produttrice dello spettacolo, con i suoi risparmi ha scritturato gli attori. \u00c8 un personaggio che si sviluppa, entra in un nodo ed esce in un altro, anche nell\u2019aspetto, all\u2019inizio si presenta con una pettinatura cotonata, poi si trasforma in una pazza furiosa, una Medea delle sardine. Ha un suo percorso drammaturgico, cosa che non sempre accade nelle commedie.\u00bb<\/p>\n<p><a href=\"http:\/\/web.quotidianopiemontese.it\/cultura-arte-e-spettacolo-a-torino\/files\/2019\/10\/05_RumoriFuoriScena_P1566562col.jpg\"><img loading=\"lazy\" decoding=\"async\" class=\"alignnone size-medium wp-image-494\" src=\"http:\/\/web.quotidianopiemontese.it\/cultura-arte-e-spettacolo-a-torino\/files\/2019\/10\/05_RumoriFuoriScena_P1566562col-300x215.jpg\" alt=\"\" width=\"300\" height=\"215\" srcset=\"https:\/\/web.quotidianopiemontese.it\/cultura-arte-e-spettacolo-a-torino\/files\/2019\/10\/05_RumoriFuoriScena_P1566562col-300x215.jpg 300w, https:\/\/web.quotidianopiemontese.it\/cultura-arte-e-spettacolo-a-torino\/files\/2019\/10\/05_RumoriFuoriScena_P1566562col-768x549.jpg 768w, https:\/\/web.quotidianopiemontese.it\/cultura-arte-e-spettacolo-a-torino\/files\/2019\/10\/05_RumoriFuoriScena_P1566562col-1024x732.jpg 1024w, https:\/\/web.quotidianopiemontese.it\/cultura-arte-e-spettacolo-a-torino\/files\/2019\/10\/05_RumoriFuoriScena_P1566562col.jpg 1772w\" sizes=\"auto, (max-width: 300px) 85vw, 300px\" \/><\/a><\/p>\n<p><strong>Questo \u00e8 il quarto lavoro che la vede impegnata con Valerio Binasco. Jon Fosse (E la notte canta), Shakespeare (Romeo e Giulietta, Il mercante di Venezia). Un sodalizio ben consolidato\u2026<\/strong><\/p>\n<p>\u00abMai quanto vorrei. Quello di Binasco \u00e8 un teatro dell\u2019accadere, nulla a che vedere con il teatro convenzionale dove non passa il sangue e la pancia dell\u2019attore. Ha una capacit\u00e0 straordinaria di non farti mai sedere, di tenere il processo creativo sempre aperto, ti fa sentire una corda sempre tesa. Nei suoi confronti provo come una soggezione \u2018artistica\u2019, mi piace fare lo spettacolo per lui per avere il suo consenso, perch\u00e9 sta molto attento a quello che fai e se lo fai bene.\u00bb<\/p>\n<p><a href=\"http:\/\/web.quotidianopiemontese.it\/cultura-arte-e-spettacolo-a-torino\/files\/2019\/10\/12_RumoriFuoriScena_P1565945col.jpg\"><img loading=\"lazy\" decoding=\"async\" class=\"alignnone size-medium wp-image-495\" src=\"http:\/\/web.quotidianopiemontese.it\/cultura-arte-e-spettacolo-a-torino\/files\/2019\/10\/12_RumoriFuoriScena_P1565945col-300x228.jpg\" alt=\"\" width=\"300\" height=\"228\" srcset=\"https:\/\/web.quotidianopiemontese.it\/cultura-arte-e-spettacolo-a-torino\/files\/2019\/10\/12_RumoriFuoriScena_P1565945col-300x228.jpg 300w, https:\/\/web.quotidianopiemontese.it\/cultura-arte-e-spettacolo-a-torino\/files\/2019\/10\/12_RumoriFuoriScena_P1565945col-768x583.jpg 768w, https:\/\/web.quotidianopiemontese.it\/cultura-arte-e-spettacolo-a-torino\/files\/2019\/10\/12_RumoriFuoriScena_P1565945col-1024x777.jpg 1024w, https:\/\/web.quotidianopiemontese.it\/cultura-arte-e-spettacolo-a-torino\/files\/2019\/10\/12_RumoriFuoriScena_P1565945col.jpg 1890w\" sizes=\"auto, (max-width: 300px) 85vw, 300px\" \/><\/a><\/p>\n<p><strong>Negli ultimi anni si \u00e8 confrontata con il cinema, lavorando con Paolo Sorrentino (Loro 2), interpretando la madre di Stefano Cucchi in \u00abSulla mia pelle\u00bb di Alessio Cremonini, recitando nella commedia malinconica \u00abL\u2019ospite\u00bb di Duccio Chiarini. <\/strong><\/p>\n<p>\u00abVorrei fare sempre pi\u00f9 cinema. In teatro sono sempre stata esuberante, adesso con la maturit\u00e0 mi piace togliere. Nel fare cinema devi togliere l\u2019esuberanza teatrale, non c\u2019\u00e8 la necessit\u00e0 di arrivare con la voce all\u2019ultima fila. Nel cinema puoi esprimere un sentimento con uno sguardo o un tocco, puoi mostrare il massimo con il minimo.\u00bb<\/p>\n<p><a href=\"http:\/\/www.teatrostabiletorino.it\/\">www.teatrostabiletorino.it<\/a><\/p>\n<p><strong>Emanuele Rebuffini<\/strong><\/p>\n<p><a href=\"http:\/\/web.quotidianopiemontese.it\/cultura-arte-e-spettacolo-a-torino\/files\/2019\/10\/15_RumoriFuoriScena_P1553989col.jpg\"><img loading=\"lazy\" decoding=\"async\" class=\"alignnone size-medium wp-image-496\" src=\"http:\/\/web.quotidianopiemontese.it\/cultura-arte-e-spettacolo-a-torino\/files\/2019\/10\/15_RumoriFuoriScena_P1553989col-300x217.jpg\" alt=\"\" width=\"300\" height=\"217\" srcset=\"https:\/\/web.quotidianopiemontese.it\/cultura-arte-e-spettacolo-a-torino\/files\/2019\/10\/15_RumoriFuoriScena_P1553989col-300x217.jpg 300w, https:\/\/web.quotidianopiemontese.it\/cultura-arte-e-spettacolo-a-torino\/files\/2019\/10\/15_RumoriFuoriScena_P1553989col-768x556.jpg 768w, https:\/\/web.quotidianopiemontese.it\/cultura-arte-e-spettacolo-a-torino\/files\/2019\/10\/15_RumoriFuoriScena_P1553989col-1024x741.jpg 1024w, https:\/\/web.quotidianopiemontese.it\/cultura-arte-e-spettacolo-a-torino\/files\/2019\/10\/15_RumoriFuoriScena_P1553989col.jpg 1890w\" sizes=\"auto, (max-width: 300px) 85vw, 300px\" \/><\/a><\/p>\n<p>&nbsp;<\/p>\n<p><strong>\u00a0<\/strong><\/p>\n<p><strong>\u00a0<\/strong><\/p>\n","protected":false},"excerpt":{"rendered":"<p>\u00abSto iniziando a capire come si \u00e8 sentito Dio quando si \u00e8 seduto nell\u2019oscurit\u00e0 a creare il mondo\u00bb (Lloyd Dallas): fino al 27 ottobre il Teatro Carignano ospita, in prima nazionale, \u00abRumori fuori scena\u00bb dello scrittore e drammaturgo inglese Michael Frayn, per la regia di Valerio Binasco.<\/p>\n","protected":false},"author":1361,"featured_media":486,"comment_status":"open","ping_status":"open","sticky":false,"template":"","format":"standard","meta":{"footnotes":""},"categories":[1],"tags":[125,124,126,44,123,127],"class_list":["post-485","post","type-post","status-publish","format-standard","has-post-thumbnail","hentry","category-cultura-arte-spettacolo","tag-michael-frayn","tag-milvia-marigliano","tag-rumori-fuori-scena","tag-teatro-carignano","tag-teatro-stabile","tag-valerio-binasco"],"yoast_head":"<!-- This site is optimized with the Yoast SEO plugin v27.1.1 - https:\/\/yoast.com\/product\/yoast-seo-wordpress\/ -->\n<title>\u00abRumori fuori scena\u00bb. Al Teatro Carignano con Valerio Binasco e Milvia Marigliano - 17 Ottobre 2019<\/title>\n<meta name=\"description\" content=\"\u00abRumori fuori scena\u00bb. Al Teatro Carignano con Valerio Binasco e Milvia Marigliano - Cultura, Arte e Spettacolo a Torino - \u00abSto iniziando a capire come si \u00e8 sentito Dio quando si \u00e8 seduto nell\u2019oscurit\u00e0 a creare il mondo\u00bb (Lloyd Dallas): fino al 27 ottobre il Teatro Carignano - Michael Frayn, Milvia Marigliano, Rumori fuori scena, Teatro Carignano, Teatro Stabile, Valerio Binasco\" \/>\n<meta name=\"robots\" content=\"index, follow, max-snippet:-1, max-image-preview:large, max-video-preview:-1\" \/>\n<link rel=\"canonical\" href=\"https:\/\/web.quotidianopiemontese.it\/cultura-arte-e-spettacolo-a-torino\/rumori-fuori-scena-al-teatro-carignano-con-valerio-binasco-e-milvia-marigliano\/\" \/>\n<meta property=\"og:locale\" content=\"it_IT\" \/>\n<meta property=\"og:type\" content=\"article\" \/>\n<meta property=\"og:title\" content=\"\u00abRumori fuori scena\u00bb. Al Teatro Carignano con Valerio Binasco e Milvia Marigliano - 17 Ottobre 2019\" \/>\n<meta property=\"og:description\" content=\"\u00abRumori fuori scena\u00bb. Al Teatro Carignano con Valerio Binasco e Milvia Marigliano - Cultura, Arte e Spettacolo a Torino - \u00abSto iniziando a capire come si \u00e8 sentito Dio quando si \u00e8 seduto nell\u2019oscurit\u00e0 a creare il mondo\u00bb (Lloyd Dallas): fino al 27 ottobre il Teatro Carignano - Michael Frayn, Milvia Marigliano, Rumori fuori scena, Teatro Carignano, Teatro Stabile, Valerio Binasco\" \/>\n<meta property=\"og:url\" content=\"https:\/\/web.quotidianopiemontese.it\/cultura-arte-e-spettacolo-a-torino\/rumori-fuori-scena-al-teatro-carignano-con-valerio-binasco-e-milvia-marigliano\/\" \/>\n<meta property=\"og:site_name\" content=\"Cultura, Arte e Spettacolo a Torino\" \/>\n<meta property=\"article:publisher\" content=\"https:\/\/www.facebook.com\/quotidianopiemontese?fref=ts\" \/>\n<meta property=\"article:published_time\" content=\"2019-10-17T15:03:47+00:00\" \/>\n<meta property=\"og:image\" content=\"https:\/\/web.quotidianopiemontese.it\/cultura-arte-e-spettacolo-a-torino\/files\/2019\/10\/16_RumoriFuoriScena_P1475537col.jpg\" \/>\n\t<meta property=\"og:image:width\" content=\"2126\" \/>\n\t<meta property=\"og:image:height\" content=\"1405\" \/>\n\t<meta property=\"og:image:type\" content=\"image\/jpeg\" \/>\n<meta name=\"author\" content=\"Emanuele Rebuffini\" \/>\n<meta name=\"twitter:label1\" content=\"Scritto da\" \/>\n\t<meta name=\"twitter:data1\" content=\"Emanuele Rebuffini\" \/>\n\t<meta name=\"twitter:label2\" content=\"Tempo di lettura stimato\" \/>\n\t<meta name=\"twitter:data2\" content=\"5 minuti\" \/>\n<script type=\"application\/ld+json\" class=\"yoast-schema-graph\">{\"@context\":\"https:\/\/schema.org\",\"@graph\":[{\"@type\":\"Article\",\"@id\":\"https:\/\/web.quotidianopiemontese.it\/cultura-arte-e-spettacolo-a-torino\/rumori-fuori-scena-al-teatro-carignano-con-valerio-binasco-e-milvia-marigliano\/#article\",\"isPartOf\":{\"@id\":\"https:\/\/web.quotidianopiemontese.it\/cultura-arte-e-spettacolo-a-torino\/rumori-fuori-scena-al-teatro-carignano-con-valerio-binasco-e-milvia-marigliano\/\"},\"author\":{\"name\":\"Emanuele Rebuffini\",\"@id\":\"https:\/\/web.quotidianopiemontese.it\/cultura-arte-e-spettacolo-a-torino\/#\/schema\/person\/b035109a4cc7d3e93911b78d8cebf3a0\"},\"headline\":\"\u00abRumori fuori scena\u00bb. Al Teatro Carignano con Valerio Binasco e Milvia Marigliano\",\"datePublished\":\"2019-10-17T15:03:47+00:00\",\"mainEntityOfPage\":{\"@id\":\"https:\/\/web.quotidianopiemontese.it\/cultura-arte-e-spettacolo-a-torino\/rumori-fuori-scena-al-teatro-carignano-con-valerio-binasco-e-milvia-marigliano\/\"},\"wordCount\":1104,\"commentCount\":0,\"image\":{\"@id\":\"https:\/\/web.quotidianopiemontese.it\/cultura-arte-e-spettacolo-a-torino\/rumori-fuori-scena-al-teatro-carignano-con-valerio-binasco-e-milvia-marigliano\/#primaryimage\"},\"thumbnailUrl\":\"https:\/\/web.quotidianopiemontese.it\/cultura-arte-e-spettacolo-a-torino\/files\/2019\/10\/16_RumoriFuoriScena_P1475537col.jpg\",\"keywords\":[\"Michael Frayn\",\"Milvia Marigliano\",\"Rumori fuori scena\",\"Teatro Carignano\",\"Teatro Stabile\",\"Valerio Binasco\"],\"articleSection\":[\"Cultura, arte, spettacolo\"],\"inLanguage\":\"it-IT\",\"potentialAction\":[{\"@type\":\"CommentAction\",\"name\":\"Comment\",\"target\":[\"https:\/\/web.quotidianopiemontese.it\/cultura-arte-e-spettacolo-a-torino\/rumori-fuori-scena-al-teatro-carignano-con-valerio-binasco-e-milvia-marigliano\/#respond\"]}]},{\"@type\":\"WebPage\",\"@id\":\"https:\/\/web.quotidianopiemontese.it\/cultura-arte-e-spettacolo-a-torino\/rumori-fuori-scena-al-teatro-carignano-con-valerio-binasco-e-milvia-marigliano\/\",\"url\":\"https:\/\/web.quotidianopiemontese.it\/cultura-arte-e-spettacolo-a-torino\/rumori-fuori-scena-al-teatro-carignano-con-valerio-binasco-e-milvia-marigliano\/\",\"name\":\"\u00abRumori fuori scena\u00bb. Al Teatro Carignano con Valerio Binasco e Milvia Marigliano - 17 Ottobre 2019\",\"isPartOf\":{\"@id\":\"https:\/\/web.quotidianopiemontese.it\/cultura-arte-e-spettacolo-a-torino\/#website\"},\"primaryImageOfPage\":{\"@id\":\"https:\/\/web.quotidianopiemontese.it\/cultura-arte-e-spettacolo-a-torino\/rumori-fuori-scena-al-teatro-carignano-con-valerio-binasco-e-milvia-marigliano\/#primaryimage\"},\"image\":{\"@id\":\"https:\/\/web.quotidianopiemontese.it\/cultura-arte-e-spettacolo-a-torino\/rumori-fuori-scena-al-teatro-carignano-con-valerio-binasco-e-milvia-marigliano\/#primaryimage\"},\"thumbnailUrl\":\"https:\/\/web.quotidianopiemontese.it\/cultura-arte-e-spettacolo-a-torino\/files\/2019\/10\/16_RumoriFuoriScena_P1475537col.jpg\",\"datePublished\":\"2019-10-17T15:03:47+00:00\",\"author\":{\"@id\":\"https:\/\/web.quotidianopiemontese.it\/cultura-arte-e-spettacolo-a-torino\/#\/schema\/person\/b035109a4cc7d3e93911b78d8cebf3a0\"},\"description\":\"\u00abRumori fuori scena\u00bb. Al Teatro Carignano con Valerio Binasco e Milvia Marigliano - Cultura, Arte e Spettacolo a Torino - \u00abSto iniziando a capire come si \u00e8 sentito Dio quando si \u00e8 seduto nell\u2019oscurit\u00e0 a creare il mondo\u00bb (Lloyd Dallas): fino al 27 ottobre il Teatro Carignano - Michael Frayn, Milvia Marigliano, Rumori fuori scena, Teatro Carignano, Teatro Stabile, Valerio Binasco\",\"inLanguage\":\"it-IT\",\"potentialAction\":[{\"@type\":\"ReadAction\",\"target\":[\"https:\/\/web.quotidianopiemontese.it\/cultura-arte-e-spettacolo-a-torino\/rumori-fuori-scena-al-teatro-carignano-con-valerio-binasco-e-milvia-marigliano\/\"]}]},{\"@type\":\"ImageObject\",\"inLanguage\":\"it-IT\",\"@id\":\"https:\/\/web.quotidianopiemontese.it\/cultura-arte-e-spettacolo-a-torino\/rumori-fuori-scena-al-teatro-carignano-con-valerio-binasco-e-milvia-marigliano\/#primaryimage\",\"url\":\"https:\/\/web.quotidianopiemontese.it\/cultura-arte-e-spettacolo-a-torino\/files\/2019\/10\/16_RumoriFuoriScena_P1475537col.jpg\",\"contentUrl\":\"https:\/\/web.quotidianopiemontese.it\/cultura-arte-e-spettacolo-a-torino\/files\/2019\/10\/16_RumoriFuoriScena_P1475537col.jpg\",\"width\":2126,\"height\":1405},{\"@type\":\"WebSite\",\"@id\":\"https:\/\/web.quotidianopiemontese.it\/cultura-arte-e-spettacolo-a-torino\/#website\",\"url\":\"https:\/\/web.quotidianopiemontese.it\/cultura-arte-e-spettacolo-a-torino\/\",\"name\":\"Cultura, Arte e Spettacolo a Torino\",\"description\":\"Quotidiano Piemontese\",\"potentialAction\":[{\"@type\":\"SearchAction\",\"target\":{\"@type\":\"EntryPoint\",\"urlTemplate\":\"https:\/\/web.quotidianopiemontese.it\/cultura-arte-e-spettacolo-a-torino\/?s={search_term_string}\"},\"query-input\":{\"@type\":\"PropertyValueSpecification\",\"valueRequired\":true,\"valueName\":\"search_term_string\"}}],\"inLanguage\":\"it-IT\"},{\"@type\":\"Person\",\"@id\":\"https:\/\/web.quotidianopiemontese.it\/cultura-arte-e-spettacolo-a-torino\/#\/schema\/person\/b035109a4cc7d3e93911b78d8cebf3a0\",\"name\":\"Emanuele Rebuffini\",\"image\":{\"@type\":\"ImageObject\",\"inLanguage\":\"it-IT\",\"@id\":\"https:\/\/web.quotidianopiemontese.it\/cultura-arte-e-spettacolo-a-torino\/#\/schema\/person\/image\/\",\"url\":\"https:\/\/secure.gravatar.com\/avatar\/519a0a38be4cbbcf40fb5bc1b1173a85af291a3a8697df454a94ad7e05574628?s=96&d=mm&r=g\",\"contentUrl\":\"https:\/\/secure.gravatar.com\/avatar\/519a0a38be4cbbcf40fb5bc1b1173a85af291a3a8697df454a94ad7e05574628?s=96&d=mm&r=g\",\"caption\":\"Emanuele Rebuffini\"},\"sameAs\":[\"http:\/\/www.quotidianopiemontese.it\/cultura-arte-e-spettacolo-a-torino\/\"],\"url\":\"https:\/\/web.quotidianopiemontese.it\/cultura-arte-e-spettacolo-a-torino\/author\/emanuelerebuffini\/\"}]}<\/script>\n<!-- \/ Yoast SEO plugin. -->","yoast_head_json":{"title":"\u00abRumori fuori scena\u00bb. Al Teatro Carignano con Valerio Binasco e Milvia Marigliano - 17 Ottobre 2019","description":"\u00abRumori fuori scena\u00bb. Al Teatro Carignano con Valerio Binasco e Milvia Marigliano - Cultura, Arte e Spettacolo a Torino - \u00abSto iniziando a capire come si \u00e8 sentito Dio quando si \u00e8 seduto nell\u2019oscurit\u00e0 a creare il mondo\u00bb (Lloyd Dallas): fino al 27 ottobre il Teatro Carignano - Michael Frayn, Milvia Marigliano, Rumori fuori scena, Teatro Carignano, Teatro Stabile, Valerio Binasco","robots":{"index":"index","follow":"follow","max-snippet":"max-snippet:-1","max-image-preview":"max-image-preview:large","max-video-preview":"max-video-preview:-1"},"canonical":"https:\/\/web.quotidianopiemontese.it\/cultura-arte-e-spettacolo-a-torino\/rumori-fuori-scena-al-teatro-carignano-con-valerio-binasco-e-milvia-marigliano\/","og_locale":"it_IT","og_type":"article","og_title":"\u00abRumori fuori scena\u00bb. Al Teatro Carignano con Valerio Binasco e Milvia Marigliano - 17 Ottobre 2019","og_description":"\u00abRumori fuori scena\u00bb. Al Teatro Carignano con Valerio Binasco e Milvia Marigliano - Cultura, Arte e Spettacolo a Torino - \u00abSto iniziando a capire come si \u00e8 sentito Dio quando si \u00e8 seduto nell\u2019oscurit\u00e0 a creare il mondo\u00bb (Lloyd Dallas): fino al 27 ottobre il Teatro Carignano - Michael Frayn, Milvia Marigliano, Rumori fuori scena, Teatro Carignano, Teatro Stabile, Valerio Binasco","og_url":"https:\/\/web.quotidianopiemontese.it\/cultura-arte-e-spettacolo-a-torino\/rumori-fuori-scena-al-teatro-carignano-con-valerio-binasco-e-milvia-marigliano\/","og_site_name":"Cultura, Arte e Spettacolo a Torino","article_publisher":"https:\/\/www.facebook.com\/quotidianopiemontese?fref=ts","article_published_time":"2019-10-17T15:03:47+00:00","og_image":[{"width":2126,"height":1405,"url":"https:\/\/web.quotidianopiemontese.it\/cultura-arte-e-spettacolo-a-torino\/files\/2019\/10\/16_RumoriFuoriScena_P1475537col.jpg","type":"image\/jpeg"}],"author":"Emanuele Rebuffini","twitter_misc":{"Scritto da":"Emanuele Rebuffini","Tempo di lettura stimato":"5 minuti"},"schema":{"@context":"https:\/\/schema.org","@graph":[{"@type":"Article","@id":"https:\/\/web.quotidianopiemontese.it\/cultura-arte-e-spettacolo-a-torino\/rumori-fuori-scena-al-teatro-carignano-con-valerio-binasco-e-milvia-marigliano\/#article","isPartOf":{"@id":"https:\/\/web.quotidianopiemontese.it\/cultura-arte-e-spettacolo-a-torino\/rumori-fuori-scena-al-teatro-carignano-con-valerio-binasco-e-milvia-marigliano\/"},"author":{"name":"Emanuele Rebuffini","@id":"https:\/\/web.quotidianopiemontese.it\/cultura-arte-e-spettacolo-a-torino\/#\/schema\/person\/b035109a4cc7d3e93911b78d8cebf3a0"},"headline":"\u00abRumori fuori scena\u00bb. Al Teatro Carignano con Valerio Binasco e Milvia Marigliano","datePublished":"2019-10-17T15:03:47+00:00","mainEntityOfPage":{"@id":"https:\/\/web.quotidianopiemontese.it\/cultura-arte-e-spettacolo-a-torino\/rumori-fuori-scena-al-teatro-carignano-con-valerio-binasco-e-milvia-marigliano\/"},"wordCount":1104,"commentCount":0,"image":{"@id":"https:\/\/web.quotidianopiemontese.it\/cultura-arte-e-spettacolo-a-torino\/rumori-fuori-scena-al-teatro-carignano-con-valerio-binasco-e-milvia-marigliano\/#primaryimage"},"thumbnailUrl":"https:\/\/web.quotidianopiemontese.it\/cultura-arte-e-spettacolo-a-torino\/files\/2019\/10\/16_RumoriFuoriScena_P1475537col.jpg","keywords":["Michael Frayn","Milvia Marigliano","Rumori fuori scena","Teatro Carignano","Teatro Stabile","Valerio Binasco"],"articleSection":["Cultura, arte, spettacolo"],"inLanguage":"it-IT","potentialAction":[{"@type":"CommentAction","name":"Comment","target":["https:\/\/web.quotidianopiemontese.it\/cultura-arte-e-spettacolo-a-torino\/rumori-fuori-scena-al-teatro-carignano-con-valerio-binasco-e-milvia-marigliano\/#respond"]}]},{"@type":"WebPage","@id":"https:\/\/web.quotidianopiemontese.it\/cultura-arte-e-spettacolo-a-torino\/rumori-fuori-scena-al-teatro-carignano-con-valerio-binasco-e-milvia-marigliano\/","url":"https:\/\/web.quotidianopiemontese.it\/cultura-arte-e-spettacolo-a-torino\/rumori-fuori-scena-al-teatro-carignano-con-valerio-binasco-e-milvia-marigliano\/","name":"\u00abRumori fuori scena\u00bb. Al Teatro Carignano con Valerio Binasco e Milvia Marigliano - 17 Ottobre 2019","isPartOf":{"@id":"https:\/\/web.quotidianopiemontese.it\/cultura-arte-e-spettacolo-a-torino\/#website"},"primaryImageOfPage":{"@id":"https:\/\/web.quotidianopiemontese.it\/cultura-arte-e-spettacolo-a-torino\/rumori-fuori-scena-al-teatro-carignano-con-valerio-binasco-e-milvia-marigliano\/#primaryimage"},"image":{"@id":"https:\/\/web.quotidianopiemontese.it\/cultura-arte-e-spettacolo-a-torino\/rumori-fuori-scena-al-teatro-carignano-con-valerio-binasco-e-milvia-marigliano\/#primaryimage"},"thumbnailUrl":"https:\/\/web.quotidianopiemontese.it\/cultura-arte-e-spettacolo-a-torino\/files\/2019\/10\/16_RumoriFuoriScena_P1475537col.jpg","datePublished":"2019-10-17T15:03:47+00:00","author":{"@id":"https:\/\/web.quotidianopiemontese.it\/cultura-arte-e-spettacolo-a-torino\/#\/schema\/person\/b035109a4cc7d3e93911b78d8cebf3a0"},"description":"\u00abRumori fuori scena\u00bb. Al Teatro Carignano con Valerio Binasco e Milvia Marigliano - Cultura, Arte e Spettacolo a Torino - \u00abSto iniziando a capire come si \u00e8 sentito Dio quando si \u00e8 seduto nell\u2019oscurit\u00e0 a creare il mondo\u00bb (Lloyd Dallas): fino al 27 ottobre il Teatro Carignano - Michael Frayn, Milvia Marigliano, Rumori fuori scena, Teatro Carignano, Teatro Stabile, Valerio Binasco","inLanguage":"it-IT","potentialAction":[{"@type":"ReadAction","target":["https:\/\/web.quotidianopiemontese.it\/cultura-arte-e-spettacolo-a-torino\/rumori-fuori-scena-al-teatro-carignano-con-valerio-binasco-e-milvia-marigliano\/"]}]},{"@type":"ImageObject","inLanguage":"it-IT","@id":"https:\/\/web.quotidianopiemontese.it\/cultura-arte-e-spettacolo-a-torino\/rumori-fuori-scena-al-teatro-carignano-con-valerio-binasco-e-milvia-marigliano\/#primaryimage","url":"https:\/\/web.quotidianopiemontese.it\/cultura-arte-e-spettacolo-a-torino\/files\/2019\/10\/16_RumoriFuoriScena_P1475537col.jpg","contentUrl":"https:\/\/web.quotidianopiemontese.it\/cultura-arte-e-spettacolo-a-torino\/files\/2019\/10\/16_RumoriFuoriScena_P1475537col.jpg","width":2126,"height":1405},{"@type":"WebSite","@id":"https:\/\/web.quotidianopiemontese.it\/cultura-arte-e-spettacolo-a-torino\/#website","url":"https:\/\/web.quotidianopiemontese.it\/cultura-arte-e-spettacolo-a-torino\/","name":"Cultura, Arte e Spettacolo a Torino","description":"Quotidiano Piemontese","potentialAction":[{"@type":"SearchAction","target":{"@type":"EntryPoint","urlTemplate":"https:\/\/web.quotidianopiemontese.it\/cultura-arte-e-spettacolo-a-torino\/?s={search_term_string}"},"query-input":{"@type":"PropertyValueSpecification","valueRequired":true,"valueName":"search_term_string"}}],"inLanguage":"it-IT"},{"@type":"Person","@id":"https:\/\/web.quotidianopiemontese.it\/cultura-arte-e-spettacolo-a-torino\/#\/schema\/person\/b035109a4cc7d3e93911b78d8cebf3a0","name":"Emanuele Rebuffini","image":{"@type":"ImageObject","inLanguage":"it-IT","@id":"https:\/\/web.quotidianopiemontese.it\/cultura-arte-e-spettacolo-a-torino\/#\/schema\/person\/image\/","url":"https:\/\/secure.gravatar.com\/avatar\/519a0a38be4cbbcf40fb5bc1b1173a85af291a3a8697df454a94ad7e05574628?s=96&d=mm&r=g","contentUrl":"https:\/\/secure.gravatar.com\/avatar\/519a0a38be4cbbcf40fb5bc1b1173a85af291a3a8697df454a94ad7e05574628?s=96&d=mm&r=g","caption":"Emanuele Rebuffini"},"sameAs":["http:\/\/www.quotidianopiemontese.it\/cultura-arte-e-spettacolo-a-torino\/"],"url":"https:\/\/web.quotidianopiemontese.it\/cultura-arte-e-spettacolo-a-torino\/author\/emanuelerebuffini\/"}]}},"_links":{"self":[{"href":"https:\/\/web.quotidianopiemontese.it\/cultura-arte-e-spettacolo-a-torino\/wp-json\/wp\/v2\/posts\/485","targetHints":{"allow":["GET"]}}],"collection":[{"href":"https:\/\/web.quotidianopiemontese.it\/cultura-arte-e-spettacolo-a-torino\/wp-json\/wp\/v2\/posts"}],"about":[{"href":"https:\/\/web.quotidianopiemontese.it\/cultura-arte-e-spettacolo-a-torino\/wp-json\/wp\/v2\/types\/post"}],"author":[{"embeddable":true,"href":"https:\/\/web.quotidianopiemontese.it\/cultura-arte-e-spettacolo-a-torino\/wp-json\/wp\/v2\/users\/1361"}],"replies":[{"embeddable":true,"href":"https:\/\/web.quotidianopiemontese.it\/cultura-arte-e-spettacolo-a-torino\/wp-json\/wp\/v2\/comments?post=485"}],"version-history":[{"count":0,"href":"https:\/\/web.quotidianopiemontese.it\/cultura-arte-e-spettacolo-a-torino\/wp-json\/wp\/v2\/posts\/485\/revisions"}],"wp:featuredmedia":[{"embeddable":true,"href":"https:\/\/web.quotidianopiemontese.it\/cultura-arte-e-spettacolo-a-torino\/wp-json\/wp\/v2\/media\/486"}],"wp:attachment":[{"href":"https:\/\/web.quotidianopiemontese.it\/cultura-arte-e-spettacolo-a-torino\/wp-json\/wp\/v2\/media?parent=485"}],"wp:term":[{"taxonomy":"category","embeddable":true,"href":"https:\/\/web.quotidianopiemontese.it\/cultura-arte-e-spettacolo-a-torino\/wp-json\/wp\/v2\/categories?post=485"},{"taxonomy":"post_tag","embeddable":true,"href":"https:\/\/web.quotidianopiemontese.it\/cultura-arte-e-spettacolo-a-torino\/wp-json\/wp\/v2\/tags?post=485"}],"curies":[{"name":"wp","href":"https:\/\/api.w.org\/{rel}","templated":true}]}}